{"id":10033,"date":"2025-06-18T07:58:42","date_gmt":"2025-06-18T05:58:42","guid":{"rendered":"https:\/\/pakuten.pl\/blog\/?p=10033"},"modified":"2025-06-18T07:58:45","modified_gmt":"2025-06-18T05:58:45","slug":"co-zalozyc-na-wesele-latem-2025-zobacz-propozycje-od-pakuten","status":"publish","type":"post","link":"https:\/\/pakuten.pl\/blog\/co-zalozyc-na-wesele-latem-2025-zobacz-propozycje-od-pakuten\/","title":{"rendered":"Co za\u0142o\u017cy\u0107 na wesele latem 2025? Zobacz propozycje od Pakuten"},"content":{"rendered":"\n<p class=\"p1\"><strong>Co za\u0142o\u017cy\u0107 na wesele latem 2025? To pytanie zadaje sobie wiele kobiet, planuj\u0105c stylizacj\u0119 na letnie uroczysto\u015bci. Wesele to wyj\u0105tkowa okazja, a odpowiedni str\u00f3j powinien \u0142\u0105czy\u0107 elegancj\u0119, wygod\u0119 i najnowsze trendy. Marka Pakuten przygotowa\u0142a kolekcj\u0119, kt\u00f3ra idealnie wpisuje si\u0119 w klimat letnich \u015blub\u00f3w. Sprawd\u017a, jakie sukienki, kolory i fasony kr\u00f3luj\u0105 w tym sezonie.<\/strong><\/p>\n<h2 class=\"p1\"><span style=\"color: #ff9900;\">Co za\u0142o\u017cy\u0107 na wesele latem 2025? Postaw na lekko\u015b\u0107 i kobieco\u015b\u0107<\/span><\/h2>\n<p class=\"p1\">Latem warto wybiera\u0107 materia\u0142y przewiewne i przyjazne sk\u00f3rze. Lekka tkanina nie tylko zapewnia komfort, lecz tak\u017ce wygl\u0105da stylowo. Dlatego \u015bwietnie sprawdz\u0105 si\u0119 sukienki z wiskozy, bawe\u0142ny lub cienkiego szyfonu. Pastelowe kolory, be\u017ce oraz kwiatowe wzory s\u0105 nie tylko modne, ale te\u017c ponadczasowe. Ich subtelno\u015b\u0107 doskonale wpisuje si\u0119 w romantyczny charakter uroczysto\u015bci weselnych.<\/p>\n<p class=\"p1\">Pakuten w swojej <span style=\"color: #ff9900;\"><a style=\"color: #ff9900;\" href=\"https:\/\/pakuten.pl\/131-sukienki-na-wesele\" target=\"_blank\" rel=\"noopener\">kolekcji<\/a><\/span> na lato 2025 proponuje wiele kobiecych fason\u00f3w. Znajdziesz tu zar\u00f3wno klasyczne sukienki maxi, jak i kr\u00f3tsze modele z rozkloszowanym do\u0142em. Co wa\u017cne, wszystkie kreacje \u0142\u0105cz\u0105 modny design z wygod\u0105 noszenia.<\/p>\n<div class=\"product-box-container\">\r\n<div class=\"one_third \" style=\"\">\r\n<div class=\"product-box\">\r\n<a href=\"https:\/\/pakuten.pl\/45628-93146-wzorzysty-kombinezon-jak-sukienka-z-przekladanym-dekoltem-bassa-e16-e16.html\" target=\"_blank\">\r\n <img src=\"https:\/\/media.pakuten.pl\/263429-large_default\/wzorzysty-kombinezon-jak-sukienka-z-przekladanym-dekoltem-bassa-e16.jpg\" alt=\"Wzorzysty kombinezon jak sukienka z przek\u0142adanym dekoltem Bassa - E16\"\/>\r\n<\/a>\r\n<p>\r\n<a href=\"https:\/\/pakuten.pl\/45628-93146-wzorzysty-kombinezon-jak-sukienka-z-przekladanym-dekoltem-bassa-e16-e16.html\" target=\"_blank\">\r\nWzorzysty kombinezon jak sukienka z przek\u0142adanym dekoltem Bassa - E16\r\n<\/a><\/p>\r\n  <p>Cena: 140,99\u00a0z\u0142<\/p>\r\n<a href=\"https:\/\/pakuten.pl\/45628-93146-wzorzysty-kombinezon-jak-sukienka-z-przekladanym-dekoltem-bassa-e16-e16.html\" target=\"_blank\" class=\"button\">\r\nZobacz w sklepie\r\n<\/a>\r\n<\/div>\r\n<\/div>\r\n<div class=\"one_third \" style=\"\">\r\n<div class=\"product-box\">\r\n<a href=\"https:\/\/pakuten.pl\/45629-93130-dopasowana-sukienka-mini-z-rozcieciem-letizia-brudny-roz-brudny-roz.html\" target=\"_blank\">\r\n  <img src=\"https:\/\/media.pakuten.pl\/263378-large_default\/dopasowana-sukienka-mini-z-rozcieciem-letizia-brudny-roz.jpg\" alt=\"Dopasowana sukienka mini z rozci\u0119ciem Letizia - brudny r\u00f3\u017c\"\/>\r\n<\/a>\r\n<p>\r\n<a href=\"https:\/\/pakuten.pl\/45629-93130-dopasowana-sukienka-mini-z-rozcieciem-letizia-brudny-roz-brudny-roz.html\" target=\"_blank\">\r\nDopasowana sukienka mini z rozci\u0119ciem Letizia - brudny r\u00f3\u017c\r\n<\/a><\/p>\r\n  <p>Cena: 117,99\u00a0z\u0142<\/p>\r\n<a href=\"https:\/\/pakuten.pl\/45629-93130-dopasowana-sukienka-mini-z-rozcieciem-letizia-brudny-roz-brudny-roz.html\" target=\"_blank\" class=\"button\">\r\nZobacz w sklepie\r\n<\/a>\r\n<\/div>\r\n<\/div>\r\n<div class=\"one_third last \" style=\"\">\r\n<div class=\"product-box\">\r\n<a href=\"https:\/\/pakuten.pl\/45773-93411-bezowa-dluga-sukienka-na-jedno-ramie-z-rozcieciem-ornella-bezowy.html\" target=\"_blank\">\r\n  <img src=\"https:\/\/media.pakuten.pl\/264154-large_default\/bezowa-dluga-sukienka-na-jedno-ramie-z-rozcieciem-ornella.jpg\" alt=\"Be\u017cowa d\u0142uga sukienka na jedno rami\u0119 z rozci\u0119ciem Ornella\"\/>\r\n<\/a>\r\n<p>\r\n<a href=\"https:\/\/pakuten.pl\/45773-93411-bezowa-dluga-sukienka-na-jedno-ramie-z-rozcieciem-ornella-bezowy.html\" target=\"_blank\">\r\nBe\u017cowa d\u0142uga sukienka na jedno rami\u0119 z rozci\u0119ciem Ornella\r\n<\/a><\/p>\r\n  <p>Cena: 128,99\u00a0z\u0142<\/p>\r\n<a href=\"https:\/\/pakuten.pl\/45773-93411-bezowa-dluga-sukienka-na-jedno-ramie-z-rozcieciem-ornella-bezowy.html\" target=\"_blank\" class=\"button\">\r\nZobacz w sklepie\r\n<\/a>\r\n<\/div>\r\n<\/div><br class=\"clear\"\/>\r\n<\/div>\n<h2 class=\"p1\"><span style=\"color: #ff9900;\">Co za\u0142o\u017cy\u0107 na wesele? Dobierz fason do figury i okazji<\/span><\/h2>\n<p class=\"p1\">Wybieraj\u0105c stylizacj\u0119, warto dopasowa\u0107 j\u0105 nie tylko do trend\u00f3w, ale te\u017c do w\u0142asnej sylwetki. Je\u015bli chcesz podkre\u015bli\u0107 tali\u0119, wybierz sukienk\u0119 z paskiem lub wi\u0105zaniem. Dla figury typu gruszka idealne b\u0119d\u0105 rozkloszowane modele, kt\u00f3re balansuj\u0105 proporcje. Kobiety o pe\u0142niejszym biu\u015bcie mog\u0105 postawi\u0107 na sukienki kopertowe lub dekolt w kszta\u0142cie litery V.<\/p>\n<p>\u00a0<\/p>\n<blockquote class=\"instagram-media\" style=\"background: #FFF; border: 0; border-radius: 3px; box-shadow: 0 0 1px 0 rgba(0,0,0,0.5),0 1px 10px 0 rgba(0,0,0,0.15); margin: 1px; max-width: 540px; min-width: 326px; padding: 0; width: calc(100% - 2px);\" data-instgrm-permalink=\"https:\/\/www.instagram.com\/reel\/DK_t6BCoQ8f\/?utm_source=ig_embed&amp;utm_campaign=loading\" data-instgrm-version=\"14\">\n<div style=\"padding: 16px;\">\n<div style=\"display: flex; flex-direction: row; align-items: center;\">\n<div style=\"background-color: #f4f4f4; border-radius: 50%; flex-grow: 0; height: 40px; margin-right: 14px; width: 40px;\">\u00a0<\/div>\n<div style=\"display: flex; flex-direction: column; flex-grow: 1; justify-content: center;\">\n<div style=\"background-color: #f4f4f4; border-radius: 4px; flex-grow: 0; height: 14px; margin-bottom: 6px; width: 100px;\">\u00a0<\/div>\n<div style=\"background-color: #f4f4f4; border-radius: 4px; flex-grow: 0; height: 14px; width: 60px;\">\u00a0<\/div>\n<\/div>\n<\/div>\n<div style=\"padding: 19% 0;\">\u00a0<\/div>\n<div style=\"display: block; height: 50px; margin: 0 auto 12px; width: 50px;\">\u00a0<\/div>\n<div style=\"padding-top: 8px;\">\n<div style=\"color: #3897f0; font-family: Arial,sans-serif; font-size: 14px; font-style: normal; font-weight: 550; line-height: 18px;\">Wy\u015bwietl ten post na Instagramie<\/div>\n<\/div>\n<div style=\"padding: 12.5% 0;\">\u00a0<\/div>\n<div style=\"display: flex; flex-direction: row; margin-bottom: 14px; align-items: center;\">\n<div>\n<div style=\"background-color: #f4f4f4; border-radius: 50%; height: 12.5px; width: 12.5px; transform: translateX(0px) translateY(7px);\">\u00a0<\/div>\n<div style=\"background-color: #f4f4f4; height: 12.5px; transform: rotate(-45deg) translateX(3px) translateY(1px); width: 12.5px; flex-grow: 0; margin-right: 14px; margin-left: 2px;\">\u00a0<\/div>\n<div style=\"background-color: #f4f4f4; border-radius: 50%; height: 12.5px; width: 12.5px; transform: translateX(9px) translateY(-18px);\">\u00a0<\/div>\n<\/div>\n<div style=\"margin-left: 8px;\">\n<div style=\"background-color: #f4f4f4; border-radius: 50%; flex-grow: 0; height: 20px; width: 20px;\">\u00a0<\/div>\n<div style=\"width: 0; height: 0; border-top: 2px solid transparent; border-left: 6px solid #f4f4f4; border-bottom: 2px solid transparent; transform: translateX(16px) translateY(-4px) rotate(30deg);\">\u00a0<\/div>\n<\/div>\n<div style=\"margin-left: auto;\">\n<div style=\"width: 0px; border-top: 8px solid #F4F4F4; border-right: 8px solid transparent; transform: translateY(16px);\">\u00a0<\/div>\n<div style=\"background-color: #f4f4f4; flex-grow: 0; height: 12px; width: 16px; transform: translateY(-4px);\">\u00a0<\/div>\n<div style=\"width: 0; height: 0; border-top: 8px solid #F4F4F4; border-left: 8px solid transparent; transform: translateY(-4px) translateX(8px);\">\u00a0<\/div>\n<\/div>\n<\/div>\n<div style=\"display: flex; flex-direction: column; flex-grow: 1; justify-content: center; margin-bottom: 24px;\">\n<div style=\"background-color: #f4f4f4; border-radius: 4px; flex-grow: 0; height: 14px; margin-bottom: 6px; width: 224px;\">\u00a0<\/div>\n<div style=\"background-color: #f4f4f4; border-radius: 4px; flex-grow: 0; height: 14px; width: 144px;\">\u00a0<\/div>\n<\/div>\n<p style=\"color: #c9c8cd; font-family: Arial,sans-serif; font-size: 14px; line-height: 17px; margin-bottom: 0; margin-top: 8px; overflow: hidden; padding: 8px 0 7px; text-align: center; text-overflow: ellipsis; white-space: nowrap;\"><a style=\"color: #c9c8cd; font-family: Arial,sans-serif; font-size: 14px; font-style: normal; font-weight: normal; line-height: 17px; text-decoration: none;\" href=\"https:\/\/www.instagram.com\/reel\/DK_t6BCoQ8f\/?utm_source=ig_embed&amp;utm_campaign=loading\" target=\"_blank\" rel=\"noopener\">Post udost\u0119pniony przez Pakuten.pl \u2022 Modna i tania odzie\u017c damska (@pakuten.official)<\/a><\/p>\n<\/div>\n<\/blockquote>\n<p><script async=\"\" src=\"\/\/www.instagram.com\/embed.js\"><\/script><\/p>\n<p class=\"p1\">Nie bez znaczenia jest te\u017c rodzaj wesela. Na plenerowe przyj\u0119cie \u015bwietnie sprawdzi si\u0119 zwiewna sukienka z lekkim printem. Z kolei wesele w eleganckiej sali to okazja, by za\u0142o\u017cy\u0107 co\u015b bardziej wyrafinowanego \u2013 na przyk\u0142ad sukienk\u0119 z koronkowym wyko\u0144czeniem lub b\u0142yszcz\u0105c\u0105 tkanin\u0105.<\/p>\n<p class=\"p1\">W Pakuten znajdziesz modele pasuj\u0105ce do r\u00f3\u017cnych typ\u00f3w uroczysto\u015bci \u2013 od kameralnych przyj\u0119\u0107 po huczne wesela z ta\u0144cami do rana.<\/p>\n<div class=\"product-box-container\">\r\n<div class=\"one_third \" style=\"\">\r\n<div class=\"product-box\">\r\n<a href=\"https:\/\/pakuten.pl\/45796-93449-szyfonowa-sukienka-mini-z-przekladanym-dekoltem-aspasia-mocha-mousse-mocha-mousse.html\" target=\"_blank\">\r\n <img src=\"https:\/\/media.pakuten.pl\/274145-large_default\/szyfonowa-sukienka-mini-z-przekladanym-dekoltem-aspasia-mocha-mousse.jpg\" alt=\"Szyfonowa sukienka mini z przek\u0142adanym dekoltem Aspasia - mocha mousse\"\/>\r\n<\/a>\r\n<p>\r\n<a href=\"https:\/\/pakuten.pl\/45796-93449-szyfonowa-sukienka-mini-z-przekladanym-dekoltem-aspasia-mocha-mousse-mocha-mousse.html\" target=\"_blank\">\r\nSzyfonowa sukienka mini z przek\u0142adanym dekoltem Aspasia - mocha mousse\r\n<\/a><\/p>\r\n  <p>Cena: 161,99\u00a0z\u0142<\/p>\r\n<a href=\"https:\/\/pakuten.pl\/45796-93449-szyfonowa-sukienka-mini-z-przekladanym-dekoltem-aspasia-mocha-mousse-mocha-mousse.html\" target=\"_blank\" class=\"button\">\r\nZobacz w sklepie\r\n<\/a>\r\n<\/div>\r\n<\/div>\r\n<div class=\"one_third \" style=\"\">\r\n<div class=\"product-box\">\r\n<a href=\"https:\/\/pakuten.pl\/45746-93350-sukienka-maxi-z-rozcieciem-bice-maselkowa-maselkowy.html\" target=\"_blank\">\r\n  <img src=\"https:\/\/media.pakuten.pl\/264030-large_default\/sukienka-maxi-z-rozcieciem-bice-maselkowa.jpg\" alt=\"Sukienka maxi z rozci\u0119ciem Bice - mase\u0142kowa\"\/>\r\n<\/a>\r\n<p>\r\n<a href=\"https:\/\/pakuten.pl\/45746-93350-sukienka-maxi-z-rozcieciem-bice-maselkowa-maselkowy.html\" target=\"_blank\">\r\nSukienka maxi z rozci\u0119ciem Bice - mase\u0142kowa\r\n<\/a><\/p>\r\n  <p>Cena: 114,09\u00a0z\u0142<\/p>\r\n<a href=\"https:\/\/pakuten.pl\/45746-93350-sukienka-maxi-z-rozcieciem-bice-maselkowa-maselkowy.html\" target=\"_blank\" class=\"button\">\r\nZobacz w sklepie\r\n<\/a>\r\n<\/div>\r\n<\/div>\r\n<div class=\"one_third last \" style=\"\">\r\n<div class=\"product-box\">\r\n<a href=\"https:\/\/pakuten.pl\/45765-93393-malinowa-sukienka-na-jedno-ramie-z-rozcieciem-severa-malinowy.html\" target=\"_blank\">\r\n  <img src=\"https:\/\/media.pakuten.pl\/264118-large_default\/malinowa-sukienka-na-jedno-ramie-z-rozcieciem-severa.jpg\" alt=\"Malinowa sukienka na jedno rami\u0119 z rozci\u0119ciem Severa\"\/>\r\n<\/a>\r\n<p>\r\n<a href=\"https:\/\/pakuten.pl\/45765-93393-malinowa-sukienka-na-jedno-ramie-z-rozcieciem-severa-malinowy.html\" target=\"_blank\">\r\nMalinowa sukienka na jedno rami\u0119 z rozci\u0119ciem Severa\r\n<\/a><\/p>\r\n  <p>Cena: 144,89\u00a0z\u0142<\/p>\r\n<a href=\"https:\/\/pakuten.pl\/45765-93393-malinowa-sukienka-na-jedno-ramie-z-rozcieciem-severa-malinowy.html\" target=\"_blank\" class=\"button\">\r\nZobacz w sklepie\r\n<\/a>\r\n<\/div>\r\n<\/div><br class=\"clear\"\/>\r\n<\/div>\n<h2 class=\"p1\"><span style=\"color: #ff9900;\">Co za\u0142o\u017cy\u0107 na wesele latem 2025? Trendy, kt\u00f3re warto zna\u0107<\/span><\/h2>\n<p class=\"p1\">Moda \u015blubna 2025 stawia na \u015bwie\u017co\u015b\u0107 i lekko\u015b\u0107. W\u015br\u00f3d najgor\u0119tszych trend\u00f3w pojawiaj\u0105 si\u0119:<\/p>\n<ul class=\"ul1\">\n<li class=\"li1\">Sukienki w odcieniach pistacjowej zieleni i brzoskwiniowego r\u00f3\u017cu<\/li>\n<li class=\"li1\">Styl boho \u2013 z falbanami, haftami i delikatnymi wi\u0105zaniami<\/li>\n<li class=\"li1\">Asymetryczne ci\u0119cia i odkryte ramiona<\/li>\n<li class=\"li1\">Tkaniny z subtelnym po\u0142yskiem \u2013 satyna i jedwab<\/li>\n<\/ul>\n<p class=\"p1\">Wszystkie te elementy znajdziesz w letniej kolekcji Pakuten. Warto tak\u017ce pami\u0119ta\u0107 o dodatkach. Ma\u0142a kopert\u00f3wka, sanda\u0142y na s\u0142upku i z\u0142ota bi\u017cuteria dope\u0142ni\u0105 ca\u0142o\u015bci. Stylizacja powinna by\u0107 sp\u00f3jna, ale nie przesadzona. Dzi\u0119ki temu b\u0119dziesz wygl\u0105da\u0107 modnie i z klas\u0105.<\/p>\n<div id=\"attachment_10037\" style=\"width: 590px\" class=\"wp-caption aligncenter\"><img aria-describedby=\"caption-attachment-10037\" loading=\"lazy\" class=\"size-full wp-image-10037\" src=\"https:\/\/pakuten.pl\/blog\/wp-content\/uploads\/2025\/06\/Projekt-bez-nazwy-58.png\" alt=\"Co za\u0142o\u017cy\u0107 na wesele \" width=\"580\" height=\"960\" \/><p id=\"caption-attachment-10037\" class=\"wp-caption-text\">Malinowa d\u0142uga sukienka z rozci\u0119ciem Noelia<\/p><\/div>\n<h2 class=\"p1\"><span style=\"color: #ff9900;\">Stylizacje z kolekcji Pakuten \u2013 nasze propozycje<\/span><\/h2>\n<p class=\"p1\">Zastanawiasz si\u0119, <b>co za\u0142o\u017cy\u0107 na wesele latem 2025<\/b>, by wygl\u0105da\u0107 zjawiskowo? Oto trzy gotowe zestawy stworzone z produkt\u00f3w Pakuten:<\/p>\n<p class=\"p2\"><b>1. Romantyczna klasyka<\/b><\/p>\n<ul class=\"ul1\">\n<li class=\"li1\">Sukienka maxi w kolorze pudrowego r\u00f3\u017cu<\/li>\n<li class=\"li1\">Delikatne sanda\u0142y z cienkimi paskami<\/li>\n<li class=\"li1\">Kopert\u00f3wka w odcieniu nude<\/li>\n<li class=\"li1\">Kolczyki w kszta\u0142cie pere\u0142<\/li>\n<\/ul>\n<p class=\"p1\">To idealny zestaw na wesele w ogrodzie lub przyj\u0119cie w rustykalnym stylu.<\/p>\n<div class=\"product-box-container\">\r\n<div class=\"one_third \" style=\"\">\r\n<div class=\"product-box\">\r\n<a href=\"https:\/\/pakuten.pl\/45740-93338-sukienka-z-rozcieciem-jasie-brudny-roz-brudny-roz.html\" target=\"_blank\">\r\n <img src=\"https:\/\/media.pakuten.pl\/263950-large_default\/sukienka-z-rozcieciem-jasie-brudny-roz.jpg\" alt=\"Sukienka z rozci\u0119ciem Jasie - brudny r\u00f3\u017c\"\/>\r\n<\/a>\r\n<p>\r\n<a href=\"https:\/\/pakuten.pl\/45740-93338-sukienka-z-rozcieciem-jasie-brudny-roz-brudny-roz.html\" target=\"_blank\">\r\nSukienka z rozci\u0119ciem Jasie - brudny r\u00f3\u017c\r\n<\/a><\/p>\r\n  <p>Cena: 85,39\u00a0z\u0142<\/p>\r\n<a href=\"https:\/\/pakuten.pl\/45740-93338-sukienka-z-rozcieciem-jasie-brudny-roz-brudny-roz.html\" target=\"_blank\" class=\"button\">\r\nZobacz w sklepie\r\n<\/a>\r\n<\/div>\r\n<\/div>\r\n<div class=\"one_third \" style=\"\">\r\n<div class=\"product-box\">\r\n<a href=\"https:\/\/pakuten.pl\/45561-93036-dluga-sukienka-typu-hiszpanka-z-falbanka-nayme-brudny-roz-brudny-roz.html\" target=\"_blank\">\r\n  <img src=\"https:\/\/media.pakuten.pl\/263046-large_default\/dluga-sukienka-typu-hiszpanka-z-falbanka-nayme-brudny-roz.jpg\" alt=\"D\u0142uga sukienka typu hiszpanka z falbank\u0105 Nayme - brudny r\u00f3\u017c\"\/>\r\n<\/a>\r\n<p>\r\n<a href=\"https:\/\/pakuten.pl\/45561-93036-dluga-sukienka-typu-hiszpanka-z-falbanka-nayme-brudny-roz-brudny-roz.html\" target=\"_blank\">\r\nD\u0142uga sukienka typu hiszpanka z falbank\u0105 Nayme - brudny r\u00f3\u017c\r\n<\/a><\/p>\r\n  <p>Cena: 141,99\u00a0z\u0142<\/p>\r\n<a href=\"https:\/\/pakuten.pl\/45561-93036-dluga-sukienka-typu-hiszpanka-z-falbanka-nayme-brudny-roz-brudny-roz.html\" target=\"_blank\" class=\"button\">\r\nZobacz w sklepie\r\n<\/a>\r\n<\/div>\r\n<\/div>\r\n<div class=\"one_third last \" style=\"\">\r\n<div class=\"product-box\">\r\n<a href=\"https:\/\/pakuten.pl\/44607-91714-dopasowana-sukienka-z-rozcieciem-carina-brudny-roz-brudny-roz.html\" target=\"_blank\">\r\n  <img src=\"https:\/\/media.pakuten.pl\/258248-large_default\/dopasowana-sukienka-z-rozcieciem-carina-brudny-roz.jpg\" alt=\"Dopasowana sukienka z rozci\u0119ciem Carina - brudny r\u00f3\u017c\"\/>\r\n<\/a>\r\n<p>\r\n<a href=\"https:\/\/pakuten.pl\/44607-91714-dopasowana-sukienka-z-rozcieciem-carina-brudny-roz-brudny-roz.html\" target=\"_blank\">\r\nDopasowana sukienka z rozci\u0119ciem Carina - brudny r\u00f3\u017c\r\n<\/a><\/p>\r\n  <p>Cena: 127,99\u00a0z\u0142<\/p>\r\n<a href=\"https:\/\/pakuten.pl\/44607-91714-dopasowana-sukienka-z-rozcieciem-carina-brudny-roz-brudny-roz.html\" target=\"_blank\" class=\"button\">\r\nZobacz w sklepie\r\n<\/a>\r\n<\/div>\r\n<\/div><br class=\"clear\"\/>\r\n<\/div>\n<p class=\"p2\"><b>2. Nowoczesna elegancja<\/b><\/p>\n<ul class=\"ul1\">\n<li class=\"li1\">Sukienka midi z dekoltem typu woda<\/li>\n<li class=\"li1\">Sanda\u0142ki na obcasie w kolorze z\u0142ota<\/li>\n<li class=\"li1\">Torebka z metalicznym po\u0142yskiem<\/li>\n<li class=\"li1\">G\u0142adkie w\u0142osy i makija\u017c z akcentem na usta<\/li>\n<\/ul>\n<p class=\"p1\">Ten look sprawdzi si\u0119 na wieczornym weselu w sali bankietowej.<\/p>\n<div class=\"product-box-container\">\r\n<div class=\"one_third \" style=\"\">\r\n<div class=\"product-box\">\r\n<a href=\"https:\/\/pakuten.pl\/44594-91691-satynowa-sukienka-wiazana-bez-plecow-amor-brudny-roz-brudny-roz.html\" target=\"_blank\">\r\n <img src=\"https:\/\/media.pakuten.pl\/258167-large_default\/satynowa-sukienka-wiazana-bez-plecow-amor-brudny-roz.jpg\" alt=\"Satynowa sukienka wi\u0105zana bez plec\u00f3w Amor - brudny r\u00f3\u017c\"\/>\r\n<\/a>\r\n<p>\r\n<a href=\"https:\/\/pakuten.pl\/44594-91691-satynowa-sukienka-wiazana-bez-plecow-amor-brudny-roz-brudny-roz.html\" target=\"_blank\">\r\nSatynowa sukienka wi\u0105zana bez plec\u00f3w Amor - brudny r\u00f3\u017c\r\n<\/a><\/p>\r\n  <p>Cena: 170,99\u00a0z\u0142<\/p>\r\n<a href=\"https:\/\/pakuten.pl\/44594-91691-satynowa-sukienka-wiazana-bez-plecow-amor-brudny-roz-brudny-roz.html\" target=\"_blank\" class=\"button\">\r\nZobacz w sklepie\r\n<\/a>\r\n<\/div>\r\n<\/div>\r\n<div class=\"one_third \" style=\"\">\r\n<div class=\"product-box\">\r\n<a href=\"https:\/\/pakuten.pl\/44789-92043-malinowa-satynowa-dluga-sukienka-na-ramiaczkach-mariely-malinowy.html\" target=\"_blank\">\r\n  <img src=\"https:\/\/media.pakuten.pl\/259286-large_default\/malinowa-satynowa-dluga-sukienka-na-ramiaczkach-mariely.jpg\" alt=\"Malinowa satynowa d\u0142uga sukienka na rami\u0105czkach Mariely\"\/>\r\n<\/a>\r\n<p>\r\n<a href=\"https:\/\/pakuten.pl\/44789-92043-malinowa-satynowa-dluga-sukienka-na-ramiaczkach-mariely-malinowy.html\" target=\"_blank\">\r\nMalinowa satynowa d\u0142uga sukienka na rami\u0105czkach Mariely\r\n<\/a><\/p>\r\n  <p>Cena: 132,99\u00a0z\u0142<\/p>\r\n<a href=\"https:\/\/pakuten.pl\/44789-92043-malinowa-satynowa-dluga-sukienka-na-ramiaczkach-mariely-malinowy.html\" target=\"_blank\" class=\"button\">\r\nZobacz w sklepie\r\n<\/a>\r\n<\/div>\r\n<\/div>\r\n<div class=\"one_third last \" style=\"\">\r\n<div class=\"product-box\">\r\n<a href=\"https:\/\/pakuten.pl\/34294-75823-blekitna-satynowa-dluga-sukienka-na-ramiaczkach-estela-blekitny.html\" target=\"_blank\">\r\n  <img src=\"https:\/\/media.pakuten.pl\/205253-large_default\/blekitna-satynowa-dluga-sukienka-na-ramiaczkach-estela.jpg\" alt=\"B\u0142\u0119kitna satynowa d\u0142uga sukienka na rami\u0105czkach Estela\"\/>\r\n<\/a>\r\n<p>\r\n<a href=\"https:\/\/pakuten.pl\/34294-75823-blekitna-satynowa-dluga-sukienka-na-ramiaczkach-estela-blekitny.html\" target=\"_blank\">\r\nB\u0142\u0119kitna satynowa d\u0142uga sukienka na rami\u0105czkach Estela\r\n<\/a><\/p>\r\n  <p>Cena: 132,99\u00a0z\u0142<\/p>\r\n<a href=\"https:\/\/pakuten.pl\/34294-75823-blekitna-satynowa-dluga-sukienka-na-ramiaczkach-estela-blekitny.html\" target=\"_blank\" class=\"button\">\r\nZobacz w sklepie\r\n<\/a>\r\n<\/div>\r\n<\/div><br class=\"clear\"\/>\r\n<\/div>\n<p class=\"p2\"><b>3. Boho glamour<\/b><\/p>\n<ul class=\"ul1\">\n<li class=\"li1\">Sukienka z falbanami i wi\u0105zaniem w talii<\/li>\n<li class=\"li1\">Sk\u00f3rzane sanda\u0142y na koturnie<\/li>\n<li class=\"li1\">Torebka z fr\u0119dzlami<\/li>\n<li class=\"li1\">Lu\u017ane fale i naturalny makija\u017c<\/li>\n<\/ul>\n<p class=\"p1\">To \u015bwietny wyb\u00f3r na wesele w stylu slow wedding.<\/p>\n<h2 class=\"p1\"><span style=\"color: #ff9900;\">Dodatki, kt\u00f3re robi\u0105 r\u00f3\u017cnic\u0119<\/span><\/h2>\n<p class=\"p2\">Stylizacja weselna to nie tylko sukienka. R\u00f3wnie wa\u017cne s\u0105 dodatki. Je\u015bli chcesz wygl\u0105da\u0107 wyj\u0105tkowo, postaw na detale. Delikatna opaska z kwiat\u00f3w, subtelny naszyjnik czy jedwabna chusta mog\u0105 ca\u0142kowicie odmieni\u0107 Tw\u00f3j look. Zadbaj te\u017c o wygodne buty \u2013 b\u0119dziesz w nich sp\u0119dza\u0107 wiele godzin.<\/p>\n<p class=\"p2\">Pami\u0119taj, \u017ce wesele to okazja do \u015bwi\u0119towania. Wybierz wi\u0119c co\u015b, co sprawi, \u017ce poczujesz si\u0119 pi\u0119knie i komfortowo. Marka Pakuten oferuje wiele propozycji, kt\u00f3re spe\u0142niaj\u0105 oba te warunki.<\/p>\n<p>\u00a0<\/p>\n<p>\u00a0<\/p>\n<p class=\"p1\">Je\u015bli wci\u0105\u017c zastanawiasz si\u0119, <b>co za\u0142o\u017cy\u0107 na wesele latem 2025<\/b>, si\u0119gnij po sprawdzone stylizacje z <span style=\"color: #ff9900;\"><a style=\"color: #ff9900;\" href=\"https:\/\/pakuten.pl\/\" target=\"_blank\" rel=\"noopener\">kolekcji Pakuten<\/a><\/span>. Znajdziesz w niej sukienki dopasowane do r\u00f3\u017cnych gust\u00f3w, typ\u00f3w sylwetki i okazji. Niezale\u017cnie od tego, czy wybierasz si\u0119 na wesele przy pla\u017cy, w ogrodzie czy w eleganckiej sali \u2013 odpowiednia stylizacja czeka na Ciebie.<\/p>\n<p class=\"p1\">Pami\u0119taj, \u017ce moda to nie tylko wygl\u0105d, ale te\u017c samopoczucie. Wybierz to, co podkre\u015bla Twoj\u0105 osobowo\u015b\u0107 i pozwala Ci czu\u0107 si\u0119 sob\u0105. Dzi\u0119ki Pakuten z \u0142atwo\u015bci\u0105 stworzysz stylizacj\u0119, kt\u00f3ra zachwyci nie tylko Ciebie, ale i wszystkich go\u015bci.<\/p>\n\n\n<div class=\"kk-star-ratings kksr-auto kksr-align-right kksr-valign-bottom\"\n    data-payload='{&quot;align&quot;:&quot;right&quot;,&quot;id&quot;:&quot;10033&quot;,&quot;slug&quot;:&quot;default&quot;,&quot;valign&quot;:&quot;bottom&quot;,&quot;ignore&quot;:&quot;&quot;,&quot;reference&quot;:&quot;auto&quot;,&quot;class&quot;:&quot;&quot;,&quot;count&quot;:&quot;3&quot;,&quot;legendonly&quot;:&quot;&quot;,&quot;readonly&quot;:&quot;&quot;,&quot;score&quot;:&quot;2.3&quot;,&quot;starsonly&quot;:&quot;&quot;,&quot;best&quot;:&quot;5&quot;,&quot;gap&quot;:&quot;5&quot;,&quot;greet&quot;:&quot;Rate this post&quot;,&quot;legend&quot;:&quot;2.3\\\/5 - (3 votes)&quot;,&quot;size&quot;:&quot;24&quot;,&quot;width&quot;:&quot;64.2&quot;,&quot;_legend&quot;:&quot;{score}\\\/{best} - ({count} {votes})&quot;,&quot;font_factor&quot;:&quot;1.25&quot;}'>\n            \n<div class=\"kksr-stars\">\n    \n<div class=\"kksr-stars-inactive\">\n            <div class=\"kksr-star\" data-star=\"1\" style=\"padding-right: 5px\">\n            \n\n<div class=\"kksr-icon\" style=\"width: 24px; height: 24px;\"><\/div>\n        <\/div>\n            <div class=\"kksr-star\" data-star=\"2\" style=\"padding-right: 5px\">\n            \n\n<div class=\"kksr-icon\" style=\"width: 24px; height: 24px;\"><\/div>\n        <\/div>\n            <div class=\"kksr-star\" data-star=\"3\" style=\"padding-right: 5px\">\n            \n\n<div class=\"kksr-icon\" style=\"width: 24px; height: 24px;\"><\/div>\n        <\/div>\n            <div class=\"kksr-star\" data-star=\"4\" style=\"padding-right: 5px\">\n            \n\n<div class=\"kksr-icon\" style=\"width: 24px; height: 24px;\"><\/div>\n        <\/div>\n            <div class=\"kksr-star\" data-star=\"5\" style=\"padding-right: 5px\">\n            \n\n<div class=\"kksr-icon\" style=\"width: 24px; height: 24px;\"><\/div>\n        <\/div>\n    <\/div>\n    \n<div class=\"kksr-stars-active\" style=\"width: 64.2px;\">\n            <div class=\"kksr-star\" style=\"padding-right: 5px\">\n            \n\n<div class=\"kksr-icon\" style=\"width: 24px; height: 24px;\"><\/div>\n        <\/div>\n            <div class=\"kksr-star\" style=\"padding-right: 5px\">\n            \n\n<div class=\"kksr-icon\" style=\"width: 24px; height: 24px;\"><\/div>\n        <\/div>\n            <div class=\"kksr-star\" style=\"padding-right: 5px\">\n            \n\n<div class=\"kksr-icon\" style=\"width: 24px; height: 24px;\"><\/div>\n        <\/div>\n            <div class=\"kksr-star\" style=\"padding-right: 5px\">\n            \n\n<div class=\"kksr-icon\" style=\"width: 24px; height: 24px;\"><\/div>\n        <\/div>\n            <div class=\"kksr-star\" style=\"padding-right: 5px\">\n            \n\n<div class=\"kksr-icon\" style=\"width: 24px; height: 24px;\"><\/div>\n        <\/div>\n    <\/div>\n<\/div>\n                \n\n<div class=\"kksr-legend\" style=\"font-size: 19.2px;\">\n            2.3\/5 - (3 votes)    <\/div>\n    <\/div>\n","protected":false},"excerpt":{"rendered":"<p>Co za\u0142o\u017cy\u0107 na wesele latem 2025? To pytanie zadaje sobie wiele kobiet, planuj\u0105c stylizacj\u0119 na letnie uroczysto\u015bci. Wesele to wyj\u0105tkowa okazja, a odpowiedni str\u00f3j powinien \u0142\u0105czy\u0107 elegancj\u0119, wygod\u0119 i najnowsze trendy. Marka Pakuten przygotowa\u0142a kolekcj\u0119, kt\u00f3ra idealnie wpisuje si\u0119 w klimat letnich \u015blub\u00f3w. Sprawd\u017a, jakie sukienki, kolory i fasony kr\u00f3luj\u0105 w tym sezonie.<\/p>\n","protected":false},"author":3,"featured_media":10040,"comment_status":"open","ping_status":"open","sticky":false,"template":"","format":"standard","meta":[],"categories":[4],"tags":[135,103],"yoast_head":"<!-- This site is optimized with the Yoast SEO plugin v18.4.1 - https:\/\/yoast.com\/wordpress\/plugins\/seo\/ -->\n<title>Co za\u0142o\u017cy\u0107 na wesele latem 2025? Zobacz propozycje od Pakuten - Pakuten blog<\/title>\n<meta name=\"description\" content=\"Co za\u0142o\u017cy\u0107 na wesele latem 2025? Sprawd\u017a stylizacje, trendy i sukienki od Pakuten \u2013 poradnik z inspiracjami!\" \/>\n<meta name=\"robots\" content=\"index, follow, max-snippet:-1, max-image-preview:large, max-video-preview:-1\" \/>\n<link rel=\"canonical\" href=\"https:\/\/pakuten.pl\/blog\/co-zalozyc-na-wesele-latem-2025-zobacz-propozycje-od-pakuten\/\" \/>\n<meta property=\"og:locale\" content=\"pl_PL\" \/>\n<meta property=\"og:type\" content=\"article\" \/>\n<meta property=\"og:title\" content=\"Co za\u0142o\u017cy\u0107 na wesele latem 2025? Zobacz propozycje od Pakuten - Pakuten blog\" \/>\n<meta property=\"og:description\" content=\"Co za\u0142o\u017cy\u0107 na wesele latem 2025? Sprawd\u017a stylizacje, trendy i sukienki od Pakuten \u2013 poradnik z inspiracjami!\" \/>\n<meta property=\"og:url\" content=\"https:\/\/pakuten.pl\/blog\/co-zalozyc-na-wesele-latem-2025-zobacz-propozycje-od-pakuten\/\" \/>\n<meta property=\"og:site_name\" content=\"Pakuten blog\" \/>\n<meta property=\"article:published_time\" content=\"2025-06-18T05:58:42+00:00\" \/>\n<meta property=\"article:modified_time\" content=\"2025-06-18T05:58:45+00:00\" \/>\n<meta property=\"og:image\" content=\"https:\/\/pakuten.pl\/blog\/wp-content\/uploads\/2025\/06\/Co-zaloz\u0307yc\u0301-na-wesele-latem-2025-Zobacz-propozycje-od-Pakuten.png\" \/>\n\t<meta property=\"og:image:width\" content=\"1280\" \/>\n\t<meta property=\"og:image:height\" content=\"853\" \/>\n\t<meta property=\"og:image:type\" content=\"image\/png\" \/>\n<meta name=\"twitter:card\" content=\"summary_large_image\" \/>\n<meta name=\"twitter:label1\" content=\"Napisane przez\" \/>\n\t<meta name=\"twitter:data1\" content=\"Pakuten Girl\" \/>\n\t<meta name=\"twitter:label2\" content=\"Szacowany czas czytania\" \/>\n\t<meta name=\"twitter:data2\" content=\"5 minut\" \/>\n<script type=\"application\/ld+json\" class=\"yoast-schema-graph\">{\"@context\":\"https:\/\/schema.org\",\"@graph\":[{\"@type\":\"Organization\",\"@id\":\"https:\/\/pakuten.pl\/blog\/#organization\",\"name\":\"Pakuten\",\"url\":\"https:\/\/pakuten.pl\/blog\/\",\"sameAs\":[],\"logo\":{\"@type\":\"ImageObject\",\"@id\":\"https:\/\/pakuten.pl\/blog\/#logo\",\"inLanguage\":\"pl-PL\",\"url\":\"http:\/\/pakuten.pl\/blog\/wp-content\/uploads\/2018\/01\/pakuten_logo.png\",\"contentUrl\":\"http:\/\/pakuten.pl\/blog\/wp-content\/uploads\/2018\/01\/pakuten_logo.png\",\"width\":300,\"height\":120,\"caption\":\"Pakuten\"},\"image\":{\"@id\":\"https:\/\/pakuten.pl\/blog\/#logo\"}},{\"@type\":\"WebSite\",\"@id\":\"https:\/\/pakuten.pl\/blog\/#website\",\"url\":\"https:\/\/pakuten.pl\/blog\/\",\"name\":\"Pakuten blog\",\"description\":\"Blog sklepu internetowego pakuten.pl\",\"publisher\":{\"@id\":\"https:\/\/pakuten.pl\/blog\/#organization\"},\"potentialAction\":[{\"@type\":\"SearchAction\",\"target\":{\"@type\":\"EntryPoint\",\"urlTemplate\":\"https:\/\/pakuten.pl\/blog\/?s={search_term_string}\"},\"query-input\":\"required name=search_term_string\"}],\"inLanguage\":\"pl-PL\"},{\"@type\":\"ImageObject\",\"@id\":\"https:\/\/pakuten.pl\/blog\/co-zalozyc-na-wesele-latem-2025-zobacz-propozycje-od-pakuten\/#primaryimage\",\"inLanguage\":\"pl-PL\",\"url\":\"https:\/\/pakuten.pl\/blog\/wp-content\/uploads\/2025\/06\/Co-zaloz\u0307yc\u0301-na-wesele-latem-2025-Zobacz-propozycje-od-Pakuten.png\",\"contentUrl\":\"https:\/\/pakuten.pl\/blog\/wp-content\/uploads\/2025\/06\/Co-zaloz\u0307yc\u0301-na-wesele-latem-2025-Zobacz-propozycje-od-Pakuten.png\",\"width\":1280,\"height\":853},{\"@type\":\"WebPage\",\"@id\":\"https:\/\/pakuten.pl\/blog\/co-zalozyc-na-wesele-latem-2025-zobacz-propozycje-od-pakuten\/#webpage\",\"url\":\"https:\/\/pakuten.pl\/blog\/co-zalozyc-na-wesele-latem-2025-zobacz-propozycje-od-pakuten\/\",\"name\":\"Co za\u0142o\u017cy\u0107 na wesele latem 2025? Zobacz propozycje od Pakuten - Pakuten blog\",\"isPartOf\":{\"@id\":\"https:\/\/pakuten.pl\/blog\/#website\"},\"primaryImageOfPage\":{\"@id\":\"https:\/\/pakuten.pl\/blog\/co-zalozyc-na-wesele-latem-2025-zobacz-propozycje-od-pakuten\/#primaryimage\"},\"datePublished\":\"2025-06-18T05:58:42+00:00\",\"dateModified\":\"2025-06-18T05:58:45+00:00\",\"description\":\"Co za\u0142o\u017cy\u0107 na wesele latem 2025? Sprawd\u017a stylizacje, trendy i sukienki od Pakuten \u2013 poradnik z inspiracjami!\",\"breadcrumb\":{\"@id\":\"https:\/\/pakuten.pl\/blog\/co-zalozyc-na-wesele-latem-2025-zobacz-propozycje-od-pakuten\/#breadcrumb\"},\"inLanguage\":\"pl-PL\",\"potentialAction\":[{\"@type\":\"ReadAction\",\"target\":[\"https:\/\/pakuten.pl\/blog\/co-zalozyc-na-wesele-latem-2025-zobacz-propozycje-od-pakuten\/\"]}]},{\"@type\":\"BreadcrumbList\",\"@id\":\"https:\/\/pakuten.pl\/blog\/co-zalozyc-na-wesele-latem-2025-zobacz-propozycje-od-pakuten\/#breadcrumb\",\"itemListElement\":[{\"@type\":\"ListItem\",\"position\":1,\"name\":\"Strona g\u0142\u00f3wna\",\"item\":\"https:\/\/pakuten.pl\/blog\/\"},{\"@type\":\"ListItem\",\"position\":2,\"name\":\"Co za\u0142o\u017cy\u0107 na wesele latem 2025? Zobacz propozycje od Pakuten\"}]},{\"@type\":\"Article\",\"@id\":\"https:\/\/pakuten.pl\/blog\/co-zalozyc-na-wesele-latem-2025-zobacz-propozycje-od-pakuten\/#article\",\"isPartOf\":{\"@id\":\"https:\/\/pakuten.pl\/blog\/co-zalozyc-na-wesele-latem-2025-zobacz-propozycje-od-pakuten\/#webpage\"},\"author\":{\"@id\":\"https:\/\/pakuten.pl\/blog\/#\/schema\/person\/d7133af30211381a4e4536d088384556\"},\"headline\":\"Co za\u0142o\u017cy\u0107 na wesele latem 2025? Zobacz propozycje od Pakuten\",\"datePublished\":\"2025-06-18T05:58:42+00:00\",\"dateModified\":\"2025-06-18T05:58:45+00:00\",\"mainEntityOfPage\":{\"@id\":\"https:\/\/pakuten.pl\/blog\/co-zalozyc-na-wesele-latem-2025-zobacz-propozycje-od-pakuten\/#webpage\"},\"wordCount\":855,\"commentCount\":0,\"publisher\":{\"@id\":\"https:\/\/pakuten.pl\/blog\/#organization\"},\"image\":{\"@id\":\"https:\/\/pakuten.pl\/blog\/co-zalozyc-na-wesele-latem-2025-zobacz-propozycje-od-pakuten\/#primaryimage\"},\"thumbnailUrl\":\"https:\/\/pakuten.pl\/blog\/wp-content\/uploads\/2025\/06\/Co-zaloz\u0307yc\u0301-na-wesele-latem-2025-Zobacz-propozycje-od-Pakuten.png\",\"keywords\":[\"co za\u0142o\u017cy\u0107 na wesele\",\"sukienki na wesele\"],\"articleSection\":[\"Tips&amp;Tricks\"],\"inLanguage\":\"pl-PL\",\"potentialAction\":[{\"@type\":\"CommentAction\",\"name\":\"Comment\",\"target\":[\"https:\/\/pakuten.pl\/blog\/co-zalozyc-na-wesele-latem-2025-zobacz-propozycje-od-pakuten\/#respond\"]}]},{\"@type\":\"Person\",\"@id\":\"https:\/\/pakuten.pl\/blog\/#\/schema\/person\/d7133af30211381a4e4536d088384556\",\"name\":\"Pakuten Girl\",\"image\":{\"@type\":\"ImageObject\",\"@id\":\"https:\/\/pakuten.pl\/blog\/#personlogo\",\"inLanguage\":\"pl-PL\",\"url\":\"https:\/\/secure.gravatar.com\/avatar\/d3df41de2caf92e6cfded9430c2ff352?s=96&d=mm&r=g\",\"contentUrl\":\"https:\/\/secure.gravatar.com\/avatar\/d3df41de2caf92e6cfded9430c2ff352?s=96&d=mm&r=g\",\"caption\":\"Pakuten Girl\"},\"description\":\"Cze\u015b\u0107, nazywam si\u0119 Ola. Kocham Netflixa, sals\u0119, nowo\u015bci kosmetyczne i najnowsze trendy w modzie.\",\"url\":\"https:\/\/pakuten.pl\/blog\/author\/pakuten-girl\/\"}]}<\/script>\n<!-- \/ Yoast SEO plugin. -->","yoast_head_json":{"title":"Co za\u0142o\u017cy\u0107 na wesele latem 2025? Zobacz propozycje od Pakuten - Pakuten blog","description":"Co za\u0142o\u017cy\u0107 na wesele latem 2025? Sprawd\u017a stylizacje, trendy i sukienki od Pakuten \u2013 poradnik z inspiracjami!","robots":{"index":"index","follow":"follow","max-snippet":"max-snippet:-1","max-image-preview":"max-image-preview:large","max-video-preview":"max-video-preview:-1"},"canonical":"https:\/\/pakuten.pl\/blog\/co-zalozyc-na-wesele-latem-2025-zobacz-propozycje-od-pakuten\/","og_locale":"pl_PL","og_type":"article","og_title":"Co za\u0142o\u017cy\u0107 na wesele latem 2025? Zobacz propozycje od Pakuten - Pakuten blog","og_description":"Co za\u0142o\u017cy\u0107 na wesele latem 2025? Sprawd\u017a stylizacje, trendy i sukienki od Pakuten \u2013 poradnik z inspiracjami!","og_url":"https:\/\/pakuten.pl\/blog\/co-zalozyc-na-wesele-latem-2025-zobacz-propozycje-od-pakuten\/","og_site_name":"Pakuten blog","article_published_time":"2025-06-18T05:58:42+00:00","article_modified_time":"2025-06-18T05:58:45+00:00","og_image":[{"width":1280,"height":853,"url":"https:\/\/pakuten.pl\/blog\/wp-content\/uploads\/2025\/06\/Co-zaloz\u0307yc\u0301-na-wesele-latem-2025-Zobacz-propozycje-od-Pakuten.png","type":"image\/png"}],"twitter_card":"summary_large_image","twitter_misc":{"Napisane przez":"Pakuten Girl","Szacowany czas czytania":"5 minut"},"schema":{"@context":"https:\/\/schema.org","@graph":[{"@type":"Organization","@id":"https:\/\/pakuten.pl\/blog\/#organization","name":"Pakuten","url":"https:\/\/pakuten.pl\/blog\/","sameAs":[],"logo":{"@type":"ImageObject","@id":"https:\/\/pakuten.pl\/blog\/#logo","inLanguage":"pl-PL","url":"http:\/\/pakuten.pl\/blog\/wp-content\/uploads\/2018\/01\/pakuten_logo.png","contentUrl":"http:\/\/pakuten.pl\/blog\/wp-content\/uploads\/2018\/01\/pakuten_logo.png","width":300,"height":120,"caption":"Pakuten"},"image":{"@id":"https:\/\/pakuten.pl\/blog\/#logo"}},{"@type":"WebSite","@id":"https:\/\/pakuten.pl\/blog\/#website","url":"https:\/\/pakuten.pl\/blog\/","name":"Pakuten blog","description":"Blog sklepu internetowego pakuten.pl","publisher":{"@id":"https:\/\/pakuten.pl\/blog\/#organization"},"potentialAction":[{"@type":"SearchAction","target":{"@type":"EntryPoint","urlTemplate":"https:\/\/pakuten.pl\/blog\/?s={search_term_string}"},"query-input":"required name=search_term_string"}],"inLanguage":"pl-PL"},{"@type":"ImageObject","@id":"https:\/\/pakuten.pl\/blog\/co-zalozyc-na-wesele-latem-2025-zobacz-propozycje-od-pakuten\/#primaryimage","inLanguage":"pl-PL","url":"https:\/\/pakuten.pl\/blog\/wp-content\/uploads\/2025\/06\/Co-zaloz\u0307yc\u0301-na-wesele-latem-2025-Zobacz-propozycje-od-Pakuten.png","contentUrl":"https:\/\/pakuten.pl\/blog\/wp-content\/uploads\/2025\/06\/Co-zaloz\u0307yc\u0301-na-wesele-latem-2025-Zobacz-propozycje-od-Pakuten.png","width":1280,"height":853},{"@type":"WebPage","@id":"https:\/\/pakuten.pl\/blog\/co-zalozyc-na-wesele-latem-2025-zobacz-propozycje-od-pakuten\/#webpage","url":"https:\/\/pakuten.pl\/blog\/co-zalozyc-na-wesele-latem-2025-zobacz-propozycje-od-pakuten\/","name":"Co za\u0142o\u017cy\u0107 na wesele latem 2025? Zobacz propozycje od Pakuten - Pakuten blog","isPartOf":{"@id":"https:\/\/pakuten.pl\/blog\/#website"},"primaryImageOfPage":{"@id":"https:\/\/pakuten.pl\/blog\/co-zalozyc-na-wesele-latem-2025-zobacz-propozycje-od-pakuten\/#primaryimage"},"datePublished":"2025-06-18T05:58:42+00:00","dateModified":"2025-06-18T05:58:45+00:00","description":"Co za\u0142o\u017cy\u0107 na wesele latem 2025? Sprawd\u017a stylizacje, trendy i sukienki od Pakuten \u2013 poradnik z inspiracjami!","breadcrumb":{"@id":"https:\/\/pakuten.pl\/blog\/co-zalozyc-na-wesele-latem-2025-zobacz-propozycje-od-pakuten\/#breadcrumb"},"inLanguage":"pl-PL","potentialAction":[{"@type":"ReadAction","target":["https:\/\/pakuten.pl\/blog\/co-zalozyc-na-wesele-latem-2025-zobacz-propozycje-od-pakuten\/"]}]},{"@type":"BreadcrumbList","@id":"https:\/\/pakuten.pl\/blog\/co-zalozyc-na-wesele-latem-2025-zobacz-propozycje-od-pakuten\/#breadcrumb","itemListElement":[{"@type":"ListItem","position":1,"name":"Strona g\u0142\u00f3wna","item":"https:\/\/pakuten.pl\/blog\/"},{"@type":"ListItem","position":2,"name":"Co za\u0142o\u017cy\u0107 na wesele latem 2025? Zobacz propozycje od Pakuten"}]},{"@type":"Article","@id":"https:\/\/pakuten.pl\/blog\/co-zalozyc-na-wesele-latem-2025-zobacz-propozycje-od-pakuten\/#article","isPartOf":{"@id":"https:\/\/pakuten.pl\/blog\/co-zalozyc-na-wesele-latem-2025-zobacz-propozycje-od-pakuten\/#webpage"},"author":{"@id":"https:\/\/pakuten.pl\/blog\/#\/schema\/person\/d7133af30211381a4e4536d088384556"},"headline":"Co za\u0142o\u017cy\u0107 na wesele latem 2025? Zobacz propozycje od Pakuten","datePublished":"2025-06-18T05:58:42+00:00","dateModified":"2025-06-18T05:58:45+00:00","mainEntityOfPage":{"@id":"https:\/\/pakuten.pl\/blog\/co-zalozyc-na-wesele-latem-2025-zobacz-propozycje-od-pakuten\/#webpage"},"wordCount":855,"commentCount":0,"publisher":{"@id":"https:\/\/pakuten.pl\/blog\/#organization"},"image":{"@id":"https:\/\/pakuten.pl\/blog\/co-zalozyc-na-wesele-latem-2025-zobacz-propozycje-od-pakuten\/#primaryimage"},"thumbnailUrl":"https:\/\/pakuten.pl\/blog\/wp-content\/uploads\/2025\/06\/Co-zaloz\u0307yc\u0301-na-wesele-latem-2025-Zobacz-propozycje-od-Pakuten.png","keywords":["co za\u0142o\u017cy\u0107 na wesele","sukienki na wesele"],"articleSection":["Tips&amp;Tricks"],"inLanguage":"pl-PL","potentialAction":[{"@type":"CommentAction","name":"Comment","target":["https:\/\/pakuten.pl\/blog\/co-zalozyc-na-wesele-latem-2025-zobacz-propozycje-od-pakuten\/#respond"]}]},{"@type":"Person","@id":"https:\/\/pakuten.pl\/blog\/#\/schema\/person\/d7133af30211381a4e4536d088384556","name":"Pakuten Girl","image":{"@type":"ImageObject","@id":"https:\/\/pakuten.pl\/blog\/#personlogo","inLanguage":"pl-PL","url":"https:\/\/secure.gravatar.com\/avatar\/d3df41de2caf92e6cfded9430c2ff352?s=96&d=mm&r=g","contentUrl":"https:\/\/secure.gravatar.com\/avatar\/d3df41de2caf92e6cfded9430c2ff352?s=96&d=mm&r=g","caption":"Pakuten Girl"},"description":"Cze\u015b\u0107, nazywam si\u0119 Ola. Kocham Netflixa, sals\u0119, nowo\u015bci kosmetyczne i najnowsze trendy w modzie.","url":"https:\/\/pakuten.pl\/blog\/author\/pakuten-girl\/"}]}},"_links":{"self":[{"href":"https:\/\/pakuten.pl\/blog\/wp-json\/wp\/v2\/posts\/10033"}],"collection":[{"href":"https:\/\/pakuten.pl\/blog\/wp-json\/wp\/v2\/posts"}],"about":[{"href":"https:\/\/pakuten.pl\/blog\/wp-json\/wp\/v2\/types\/post"}],"author":[{"embeddable":true,"href":"https:\/\/pakuten.pl\/blog\/wp-json\/wp\/v2\/users\/3"}],"replies":[{"embeddable":true,"href":"https:\/\/pakuten.pl\/blog\/wp-json\/wp\/v2\/comments?post=10033"}],"version-history":[{"count":5,"href":"https:\/\/pakuten.pl\/blog\/wp-json\/wp\/v2\/posts\/10033\/revisions"}],"predecessor-version":[{"id":10041,"href":"https:\/\/pakuten.pl\/blog\/wp-json\/wp\/v2\/posts\/10033\/revisions\/10041"}],"wp:featuredmedia":[{"embeddable":true,"href":"https:\/\/pakuten.pl\/blog\/wp-json\/wp\/v2\/media\/10040"}],"wp:attachment":[{"href":"https:\/\/pakuten.pl\/blog\/wp-json\/wp\/v2\/media?parent=10033"}],"wp:term":[{"taxonomy":"category","embeddable":true,"href":"https:\/\/pakuten.pl\/blog\/wp-json\/wp\/v2\/categories?post=10033"},{"taxonomy":"post_tag","embeddable":true,"href":"https:\/\/pakuten.pl\/blog\/wp-json\/wp\/v2\/tags?post=10033"}],"curies":[{"name":"wp","href":"https:\/\/api.w.org\/{rel}","templated":true}]}}