{"id":10042,"date":"2025-06-23T14:41:09","date_gmt":"2025-06-23T12:41:09","guid":{"rendered":"https:\/\/pakuten.pl\/blog\/?p=10042"},"modified":"2025-06-23T14:41:10","modified_gmt":"2025-06-23T12:41:10","slug":"letnie-stylizacje-2025-co-nosic-zeby-wygladac-modnie-i-czuc-sie-lekko","status":"publish","type":"post","link":"https:\/\/pakuten.pl\/blog\/letnie-stylizacje-2025-co-nosic-zeby-wygladac-modnie-i-czuc-sie-lekko\/","title":{"rendered":"Letnie stylizacje 2025 \u2013 co nosi\u0107, \u017ceby wygl\u0105da\u0107 modnie i czu\u0107 si\u0119 lekko?"},"content":{"rendered":"\n<p class=\"p1\"><strong>Letnie stylizacje 2025 to co\u015b wi\u0119cej ni\u017c tylko ubrania. To po\u0142\u0105czenie wygody, trend\u00f3w i lekko\u015bci, kt\u00f3re sprawi\u0105, \u017ce czujemy si\u0119 swobodnie i stylowo. Lato to czas wyjazd\u00f3w, spotka\u0144 i spontanicznych chwil. Dlatego warto zadba\u0107 o garderob\u0119, kt\u00f3ra nad\u0105\u017cy za Twoim tempem. W tym sezonie modne s\u0105 nie tylko kolory, ale te\u017c funkcjonalno\u015b\u0107. Sprawd\u017a, co nosi\u0107, \u017ceby wygl\u0105da\u0107 \u015bwietnie i czu\u0107 si\u0119 komfortowo.<\/strong><\/p>\n<h2 class=\"p1\"><span style=\"background-color: #ffffff; color: #ff9900;\">Letnie stylizacje 2025 \u2013 kolory, kt\u00f3re od\u015bwie\u017c\u0105 Tw\u00f3j look<\/span><\/h2>\n<p class=\"p2\">Lato 2025 nale\u017cy do pasteli i intensywnych odcieni. Dominuje b\u0142\u0119kit, limonka i delikatna lawenda. Te kolory nie tylko o\u017cywiaj\u0105 stylizacj\u0119, ale te\u017c dodaj\u0105 \u015bwie\u017co\u015bci.<\/p>\n<p class=\"p2\">Dobrze jest je \u0142\u0105czy\u0107 z neutraln\u0105 baz\u0105 \u2013 be\u017cem, biel\u0105 lub klasycznym jeansem. Dzi\u0119ki temu uzyskasz r\u00f3wnowag\u0119 i unikniesz przesady. Cho\u0107 intensywne kolory s\u0105 w trendzie, warto zachowa\u0107 umiar. Zbyt du\u017co mo\u017ce przyt\u0142oczy\u0107, dlatego balans to klucz.<\/p>\n<p class=\"p2\">Sp\u00f3jne po\u0142\u0105czenia kolor\u00f3w wp\u0142ywaj\u0105 pozytywnie na odbi\u00f3r ca\u0142ej stylizacji. Dlatego warto eksperymentowa\u0107, ale z g\u0142ow\u0105. Sukienka w odcieniu mi\u0119ty zestawiona z bia\u0142ymi dodatkami? Strza\u0142 w dziesi\u0105tk\u0119!<\/p>\n<div class=\"product-box-container\">\r\n<div class=\"one_third \" style=\"\">\r\n<div class=\"product-box\">\r\n<a href=\"https:\/\/pakuten.pl\/45753-93377-blekitna-atlasowa-sukienka-z-paskiem-cettina-blekitny.html\" target=\"_blank\">\r\n <img src=\"https:\/\/media.pakuten.pl\/264078-large_default\/blekitna-atlasowa-sukienka-z-paskiem-cettina.jpg\" alt=\"B\u0142\u0119kitna at\u0142asowa sukienka z paskiem Cettina\"\/>\r\n<\/a>\r\n<p>\r\n<a href=\"https:\/\/pakuten.pl\/45753-93377-blekitna-atlasowa-sukienka-z-paskiem-cettina-blekitny.html\" target=\"_blank\">\r\nB\u0142\u0119kitna at\u0142asowa sukienka z paskiem Cettina\r\n<\/a><\/p>\r\n  <p>Cena: 49,99\u00a0z\u0142<\/p>\r\n<a href=\"https:\/\/pakuten.pl\/45753-93377-blekitna-atlasowa-sukienka-z-paskiem-cettina-blekitny.html\" target=\"_blank\" class=\"button\">\r\nZobacz w sklepie\r\n<\/a>\r\n<\/div>\r\n<\/div>\r\n<div class=\"one_third \" style=\"\">\r\n<div class=\"product-box\">\r\n<a href=\"https:\/\/pakuten.pl\/45675-93224-malinowy-komplet-bluzka-i-spodnie-serenaa-malinowy.html\" target=\"_blank\">\r\n  <img src=\"https:\/\/media.pakuten.pl\/263650-large_default\/malinowy-komplet-bluzka-i-spodnie-serenaa.jpg\" alt=\"Malinowy komplet bluzka i spodnie Serenaa\"\/>\r\n<\/a>\r\n<p>\r\n<a href=\"https:\/\/pakuten.pl\/45675-93224-malinowy-komplet-bluzka-i-spodnie-serenaa-malinowy.html\" target=\"_blank\">\r\nMalinowy komplet bluzka i spodnie Serenaa\r\n<\/a><\/p>\r\n  <p>Cena: 74,99\u00a0z\u0142<\/p>\r\n<a href=\"https:\/\/pakuten.pl\/45675-93224-malinowy-komplet-bluzka-i-spodnie-serenaa-malinowy.html\" target=\"_blank\" class=\"button\">\r\nZobacz w sklepie\r\n<\/a>\r\n<\/div>\r\n<\/div>\r\n<div class=\"one_third last \" style=\"\">\r\n<div class=\"product-box\">\r\n<a href=\"https:\/\/pakuten.pl\/45635-93140-sukienka-mini-wiazana-w-talii-elimena-maselkowa-maselkowy.html\" target=\"_blank\">\r\n  <img src=\"https:\/\/media.pakuten.pl\/263573-large_default\/sukienka-mini-wiazana-w-talii-elimena-maselkowa.jpg\" alt=\"Sukienka mini wi\u0105zana w talii Elimena - mase\u0142kowa\"\/>\r\n<\/a>\r\n<p>\r\n<a href=\"https:\/\/pakuten.pl\/45635-93140-sukienka-mini-wiazana-w-talii-elimena-maselkowa-maselkowy.html\" target=\"_blank\">\r\nSukienka mini wi\u0105zana w talii Elimena - mase\u0142kowa\r\n<\/a><\/p>\r\n  <p>Cena: 136,99\u00a0z\u0142<\/p>\r\n<a href=\"https:\/\/pakuten.pl\/45635-93140-sukienka-mini-wiazana-w-talii-elimena-maselkowa-maselkowy.html\" target=\"_blank\" class=\"button\">\r\nZobacz w sklepie\r\n<\/a>\r\n<\/div>\r\n<\/div><br class=\"clear\"\/>\r\n<\/div>\n<h2 class=\"p1\"><span style=\"color: #ff9900;\">Letnie stylizacje 2025 \u2013 jakie materia\u0142y wybiera\u0107?<\/span><\/h2>\n<p class=\"p2\">Letnie stylizacje to tak\u017ce tkaniny. W tym roku kr\u00f3luje len, wiskoza i bawe\u0142na organiczna. Te materia\u0142y zapewniaj\u0105 przewiewno\u015b\u0107, a przy tym s\u0105 przyjazne dla sk\u00f3ry.<\/p>\n<p class=\"p2\">Lekkie sukienki, szerokie spodnie czy oversize\u2019owe koszule z naturalnych tkanin to must-have sezonu. Unikaj syntetyk\u00f3w \u2013 sprawiaj\u0105, \u017ce sk\u00f3ra si\u0119 poci, a komfort spada. Latem mniej znaczy wi\u0119cej.<\/p>\n<p class=\"p2\">Warto zwr\u00f3ci\u0107 uwag\u0119 na kroje. Obszerne fasony nie tylko uk\u0142adaj\u0105 si\u0119 swobodnie, ale te\u017c maskuj\u0105 drobne niedoskona\u0142o\u015bci. Kr\u00f3tkie topy w po\u0142\u0105czeniu z szerokimi spodniami typu palazzo daj\u0105 efekt lekko\u015bci i nowoczesno\u015bci.<\/p>\n<div class=\"product-box-container\">\r\n<div class=\"one_third \" style=\"\">\r\n<div class=\"product-box\">\r\n<a href=\"https:\/\/pakuten.pl\/45667-93202-komplet-prazkowany-bluzka-i-szerokie-spodenki-ludovicca-mocha-mousse-mocha-mousse.html\" target=\"_blank\">\r\n <img src=\"https:\/\/media.pakuten.pl\/263632-large_default\/komplet-prazkowany-bluzka-i-szerokie-spodenki-ludovicca-mocha-mousse.jpg\" alt=\"Komplet pr\u0105\u017ckowany bluzka i szerokie spodenki Ludovicca - mocha mousse\"\/>\r\n<\/a>\r\n<p>\r\n<a href=\"https:\/\/pakuten.pl\/45667-93202-komplet-prazkowany-bluzka-i-szerokie-spodenki-ludovicca-mocha-mousse-mocha-mousse.html\" target=\"_blank\">\r\nKomplet pr\u0105\u017ckowany bluzka i szerokie spodenki Ludovicca - mocha mousse\r\n<\/a><\/p>\r\n  <p>Cena: 69,99\u00a0z\u0142<\/p>\r\n<a href=\"https:\/\/pakuten.pl\/45667-93202-komplet-prazkowany-bluzka-i-szerokie-spodenki-ludovicca-mocha-mousse-mocha-mousse.html\" target=\"_blank\" class=\"button\">\r\nZobacz w sklepie\r\n<\/a>\r\n<\/div>\r\n<\/div>\r\n<div class=\"one_third \" style=\"\">\r\n<div class=\"product-box\">\r\n<a href=\"https:\/\/pakuten.pl\/45638-93151-sukienka-hiszpanka-dopasowana-w-talii-giacinta-r17-r17.html\" target=\"_blank\">\r\n  <img src=\"https:\/\/media.pakuten.pl\/263385-large_default\/sukienka-hiszpanka-dopasowana-w-talii-giacinta-r17.jpg\" alt=\"Sukienka hiszpanka dopasowana w talii Giacinta - R17\"\/>\r\n<\/a>\r\n<p>\r\n<a href=\"https:\/\/pakuten.pl\/45638-93151-sukienka-hiszpanka-dopasowana-w-talii-giacinta-r17-r17.html\" target=\"_blank\">\r\nSukienka hiszpanka dopasowana w talii Giacinta - R17\r\n<\/a><\/p>\r\n  <p>Cena: 129,49\u00a0z\u0142<\/p>\r\n<a href=\"https:\/\/pakuten.pl\/45638-93151-sukienka-hiszpanka-dopasowana-w-talii-giacinta-r17-r17.html\" target=\"_blank\" class=\"button\">\r\nZobacz w sklepie\r\n<\/a>\r\n<\/div>\r\n<\/div>\r\n<div class=\"one_third last \" style=\"\">\r\n<div class=\"product-box\">\r\n<a href=\"https:\/\/pakuten.pl\/45682-93235-sukienka-midi-typu-hiszpanka-bambina-maselkowa-maselkowy.html\" target=\"_blank\">\r\n  <img src=\"https:\/\/media.pakuten.pl\/263677-large_default\/sukienka-midi-typu-hiszpanka-bambina-maselkowa.jpg\" alt=\"Sukienka midi typu hiszpanka Bambina - mase\u0142kowa\"\/>\r\n<\/a>\r\n<p>\r\n<a href=\"https:\/\/pakuten.pl\/45682-93235-sukienka-midi-typu-hiszpanka-bambina-maselkowa-maselkowy.html\" target=\"_blank\">\r\nSukienka midi typu hiszpanka Bambina - mase\u0142kowa\r\n<\/a><\/p>\r\n  <p>Cena: 104,99\u00a0z\u0142<\/p>\r\n<a href=\"https:\/\/pakuten.pl\/45682-93235-sukienka-midi-typu-hiszpanka-bambina-maselkowa-maselkowy.html\" target=\"_blank\" class=\"button\">\r\nZobacz w sklepie\r\n<\/a>\r\n<\/div>\r\n<\/div><br class=\"clear\"\/>\r\n<\/div>\n<h2 class=\"p1\"><span style=\"color: #ff9900;\">Letnie stylizacje 2025 \u2013 jak \u0142\u0105czy\u0107 styl z wygod\u0105?<\/span><\/h2>\n<p class=\"p2\"><span style=\"color: #ff9900;\"><a style=\"color: #ff9900;\" href=\"https:\/\/pakuten.pl\/348-kolekcja-positano\" target=\"_blank\" rel=\"noopener\">Stylizacja<\/a><\/span> ma by\u0107 praktyczna. Ubrania, kt\u00f3re dobrze wygl\u0105daj\u0105, ale kr\u0119puj\u0105 ruchy, nie zdaj\u0105 egzaminu. Dlatego najlepiej wybiera\u0107 rzeczy uniwersalne. Jedna sukienka, kt\u00f3ra sprawdzi si\u0119 i na pla\u017cy, i na kolacji? To mo\u017cliwe.<\/p>\n<p class=\"p2\">Postaw na rzeczy \u0142atwe do stylizacji \u2013 sukienki midi, kt\u00f3re mo\u017cesz przewi\u0105za\u0107 paskiem. Albo zestawy: crop top i sp\u00f3dnica z tej samej tkaniny. \u0141atwe do noszenia, ale zawsze efektowne.<\/p>\n<div id=\"attachment_10044\" style=\"width: 590px\" class=\"wp-caption aligncenter\"><img aria-describedby=\"caption-attachment-10044\" loading=\"lazy\" class=\"size-full wp-image-10044\" src=\"https:\/\/pakuten.pl\/blog\/wp-content\/uploads\/2025\/06\/Komplet-top-i-szorty-Fosca-mocha-mousse.jpg\" alt=\"Letnie stylizacje 2025\" width=\"580\" height=\"960\" \/><p id=\"caption-attachment-10044\" class=\"wp-caption-text\">Komplet top i szorty Fosca &#8211; mocha mousse<\/p><\/div>\n<p class=\"p2\">Nie zapominaj o dodatkach. Ma\u0142a torebka na rami\u0119, okulary przeciws\u0142oneczne z kolorowymi szk\u0142ami, bi\u017cuteria w stylu boho \u2013 te detale dope\u0142niaj\u0105 ca\u0142o\u015b\u0107. Pami\u0119taj te\u017c, \u017ce wygodne sanda\u0142y czy klapki mog\u0105 by\u0107 modne. W tym sezonie kr\u00f3luj\u0105 platformy i plecionki.<\/p>\n<h2 class=\"p1\"><span style=\"color: #ff9900;\">Letnie stylizacje 2025 \u2013 stylizacje na ka\u017cd\u0105 okazj\u0119<\/span><\/h2>\n<p class=\"p2\">Nie musisz mie\u0107 pe\u0142nej szafy, by wygl\u0105da\u0107 dobrze. Wystarczy kilka przemy\u015blanych zestaw\u00f3w. Na spacer \u015bwietnie sprawdzi si\u0119 zwiewna sukienka w kwiaty. Spotkanie z przyjaci\u00f3\u0142k\u0105 ?Postaw na jeansowe szorty i lnian\u0105 koszul\u0119.<\/p>\n<p class=\"p2\">Na wiecz\u00f3r wybierz elegancki kombinezon z przewiewnej tkaniny. Dodaj sanda\u0142y na s\u0142upku i gotowe. Nawet je\u015bli planujesz dzie\u0144 w domu \u2013 postaw na stylowy komplet dresowy z cienkiej bawe\u0142ny.<\/p>\n<p class=\"p2\">Moda nie zna granic, ale potrzebuje funkcjonalno\u015bci. Zadbaj o to, by Twoje stylizacje by\u0142y przemy\u015blane. Dobierz je do planu dnia, ale te\u017c do pogody i nastroju.<\/p>\n<p>\u00a0<\/p>\n<p>\u00a0<\/p>\n<blockquote class=\"instagram-media\" style=\"background: #FFF; border: 0; border-radius: 3px; box-shadow: 0 0 1px 0 rgba(0,0,0,0.5),0 1px 10px 0 rgba(0,0,0,0.15); margin: 1px; max-width: 540px; min-width: 326px; padding: 0; width: calc(100% - 2px);\" data-instgrm-permalink=\"https:\/\/www.instagram.com\/reel\/DLNDRK5NYrk\/?utm_source=ig_embed&amp;utm_campaign=loading\" data-instgrm-version=\"14\">\n<div style=\"padding: 16px;\">\n<div style=\"display: flex; flex-direction: row; align-items: center;\">\n<div style=\"background-color: #f4f4f4; border-radius: 50%; flex-grow: 0; height: 40px; margin-right: 14px; width: 40px;\">\u00a0<\/div>\n<div style=\"display: flex; flex-direction: column; flex-grow: 1; justify-content: center;\">\n<div style=\"background-color: #f4f4f4; border-radius: 4px; flex-grow: 0; height: 14px; margin-bottom: 6px; width: 100px;\">\u00a0<\/div>\n<div style=\"background-color: #f4f4f4; border-radius: 4px; flex-grow: 0; height: 14px; width: 60px;\">\u00a0<\/div>\n<\/div>\n<\/div>\n<div style=\"padding: 19% 0;\">\u00a0<\/div>\n<div style=\"display: block; height: 50px; margin: 0 auto 12px; width: 50px;\">\u00a0<\/div>\n<div style=\"padding-top: 8px;\">\n<div style=\"color: #3897f0; font-family: Arial,sans-serif; font-size: 14px; font-style: normal; font-weight: 550; line-height: 18px;\">Wy\u015bwietl ten post na Instagramie<\/div>\n<\/div>\n<div style=\"padding: 12.5% 0;\">\u00a0<\/div>\n<div style=\"display: flex; flex-direction: row; margin-bottom: 14px; align-items: center;\">\n<div>\n<div style=\"background-color: #f4f4f4; border-radius: 50%; height: 12.5px; width: 12.5px; transform: translateX(0px) translateY(7px);\">\u00a0<\/div>\n<div style=\"background-color: #f4f4f4; height: 12.5px; transform: rotate(-45deg) translateX(3px) translateY(1px); width: 12.5px; flex-grow: 0; margin-right: 14px; margin-left: 2px;\">\u00a0<\/div>\n<div style=\"background-color: #f4f4f4; border-radius: 50%; height: 12.5px; width: 12.5px; transform: translateX(9px) translateY(-18px);\">\u00a0<\/div>\n<\/div>\n<div style=\"margin-left: 8px;\">\n<div style=\"background-color: #f4f4f4; border-radius: 50%; flex-grow: 0; height: 20px; width: 20px;\">\u00a0<\/div>\n<div style=\"width: 0; height: 0; border-top: 2px solid transparent; border-left: 6px solid #f4f4f4; border-bottom: 2px solid transparent; transform: translateX(16px) translateY(-4px) rotate(30deg);\">\u00a0<\/div>\n<\/div>\n<div style=\"margin-left: auto;\">\n<div style=\"width: 0px; border-top: 8px solid #F4F4F4; border-right: 8px solid transparent; transform: translateY(16px);\">\u00a0<\/div>\n<div style=\"background-color: #f4f4f4; flex-grow: 0; height: 12px; width: 16px; transform: translateY(-4px);\">\u00a0<\/div>\n<div style=\"width: 0; height: 0; border-top: 8px solid #F4F4F4; border-left: 8px solid transparent; transform: translateY(-4px) translateX(8px);\">\u00a0<\/div>\n<\/div>\n<\/div>\n<div style=\"display: flex; flex-direction: column; flex-grow: 1; justify-content: center; margin-bottom: 24px;\">\n<div style=\"background-color: #f4f4f4; border-radius: 4px; flex-grow: 0; height: 14px; margin-bottom: 6px; width: 224px;\">\u00a0<\/div>\n<div style=\"background-color: #f4f4f4; border-radius: 4px; flex-grow: 0; height: 14px; width: 144px;\">\u00a0<\/div>\n<\/div>\n<p style=\"color: #c9c8cd; font-family: Arial,sans-serif; font-size: 14px; line-height: 17px; margin-bottom: 0; margin-top: 8px; overflow: hidden; padding: 8px 0 7px; text-align: center; text-overflow: ellipsis; white-space: nowrap;\"><a style=\"color: #c9c8cd; font-family: Arial,sans-serif; font-size: 14px; font-style: normal; font-weight: normal; line-height: 17px; text-decoration: none;\" href=\"https:\/\/www.instagram.com\/reel\/DLNDRK5NYrk\/?utm_source=ig_embed&amp;utm_campaign=loading\" target=\"_blank\" rel=\"noopener\">Post udost\u0119pniony przez Renata Sz. (@renata40plus)<\/a><\/p>\n<\/div>\n<\/blockquote>\n<p><script async src=\"\/\/www.instagram.com\/embed.js\"><\/script><\/p>\n<h2 class=\"p1\"><span style=\"color: #ff9900;\">Letnie stylizacje 2025 \u2013 trend, kt\u00f3ry kocha cia\u0142o<\/span><\/h2>\n<p class=\"p2\">W sezonie lato 2025 moda wspiera r\u00f3\u017cnorodno\u015b\u0107 sylwetek. Coraz cz\u0119\u015bciej projektanci stawiaj\u0105 na uniwersalne kroje. Dzi\u0119ki temu ka\u017cda kobieta mo\u017ce znale\u017a\u0107 co\u015b dla siebie.<\/p>\n<p class=\"p2\">Nie musisz by\u0107 modelk\u0105, by wygl\u0105da\u0107 stylowo. Wystarczy, \u017ce wybierzesz ubrania, kt\u00f3re podkre\u015blaj\u0105 Twoje atuty. Kr\u00f3tkie topy nie s\u0105 tylko dla szczup\u0142ych \u2013 zestawione z wysokim stanem tworz\u0105 pi\u0119kne proporcje.<\/p>\n<p class=\"p2\">Wybieraj to, w czym czujesz si\u0119 sob\u0105. Styl to nie tylko ubranie \u2013 to spos\u00f3b, w jaki je nosisz. Dlatego kluczem jest pewno\u015b\u0107 siebie. A nic nie dodaje jej tak, jak dobrze dobrana stylizacja.<\/p>\n<p>\u00a0<\/p>\n<blockquote class=\"instagram-media\" style=\"background: #FFF; border: 0; border-radius: 3px; box-shadow: 0 0 1px 0 rgba(0,0,0,0.5),0 1px 10px 0 rgba(0,0,0,0.15); margin: 1px; max-width: 540px; min-width: 326px; padding: 0; width: calc(100% - 2px);\" data-instgrm-permalink=\"https:\/\/www.instagram.com\/reel\/DKXg0Zhs4yS\/?utm_source=ig_embed&amp;utm_campaign=loading\" data-instgrm-version=\"14\">\n<div style=\"padding: 16px;\">\n<div style=\"display: flex; flex-direction: row; align-items: center;\">\n<div style=\"background-color: #f4f4f4; border-radius: 50%; flex-grow: 0; height: 40px; margin-right: 14px; width: 40px;\">\u00a0<\/div>\n<div style=\"display: flex; flex-direction: column; flex-grow: 1; justify-content: center;\">\n<div style=\"background-color: #f4f4f4; border-radius: 4px; flex-grow: 0; height: 14px; margin-bottom: 6px; width: 100px;\">\u00a0<\/div>\n<div style=\"background-color: #f4f4f4; border-radius: 4px; flex-grow: 0; height: 14px; width: 60px;\">\u00a0<\/div>\n<\/div>\n<\/div>\n<div style=\"padding: 19% 0;\">\u00a0<\/div>\n<div style=\"display: block; height: 50px; margin: 0 auto 12px; width: 50px;\">\u00a0<\/div>\n<div style=\"padding-top: 8px;\">\n<div style=\"color: #3897f0; font-family: Arial,sans-serif; font-size: 14px; font-style: normal; font-weight: 550; line-height: 18px;\">Wy\u015bwietl ten post na Instagramie<\/div>\n<\/div>\n<div style=\"padding: 12.5% 0;\">\u00a0<\/div>\n<div style=\"display: flex; flex-direction: row; margin-bottom: 14px; align-items: center;\">\n<div>\n<div style=\"background-color: #f4f4f4; border-radius: 50%; height: 12.5px; width: 12.5px; transform: translateX(0px) translateY(7px);\">\u00a0<\/div>\n<div style=\"background-color: #f4f4f4; height: 12.5px; transform: rotate(-45deg) translateX(3px) translateY(1px); width: 12.5px; flex-grow: 0; margin-right: 14px; margin-left: 2px;\">\u00a0<\/div>\n<div style=\"background-color: #f4f4f4; border-radius: 50%; height: 12.5px; width: 12.5px; transform: translateX(9px) translateY(-18px);\">\u00a0<\/div>\n<\/div>\n<div style=\"margin-left: 8px;\">\n<div style=\"background-color: #f4f4f4; border-radius: 50%; flex-grow: 0; height: 20px; width: 20px;\">\u00a0<\/div>\n<div style=\"width: 0; height: 0; border-top: 2px solid transparent; border-left: 6px solid #f4f4f4; border-bottom: 2px solid transparent; transform: translateX(16px) translateY(-4px) rotate(30deg);\">\u00a0<\/div>\n<\/div>\n<div style=\"margin-left: auto;\">\n<div style=\"width: 0px; border-top: 8px solid #F4F4F4; border-right: 8px solid transparent; transform: translateY(16px);\">\u00a0<\/div>\n<div style=\"background-color: #f4f4f4; flex-grow: 0; height: 12px; width: 16px; transform: translateY(-4px);\">\u00a0<\/div>\n<div style=\"width: 0; height: 0; border-top: 8px solid #F4F4F4; border-left: 8px solid transparent; transform: translateY(-4px) translateX(8px);\">\u00a0<\/div>\n<\/div>\n<\/div>\n<div style=\"display: flex; flex-direction: column; flex-grow: 1; justify-content: center; margin-bottom: 24px;\">\n<div style=\"background-color: #f4f4f4; border-radius: 4px; flex-grow: 0; height: 14px; margin-bottom: 6px; width: 224px;\">\u00a0<\/div>\n<div style=\"background-color: #f4f4f4; border-radius: 4px; flex-grow: 0; height: 14px; width: 144px;\">\u00a0<\/div>\n<\/div>\n<p style=\"color: #c9c8cd; font-family: Arial,sans-serif; font-size: 14px; line-height: 17px; margin-bottom: 0; margin-top: 8px; overflow: hidden; padding: 8px 0 7px; text-align: center; text-overflow: ellipsis; white-space: nowrap;\"><a style=\"color: #c9c8cd; font-family: Arial,sans-serif; font-size: 14px; font-style: normal; font-weight: normal; line-height: 17px; text-decoration: none;\" href=\"https:\/\/www.instagram.com\/reel\/DKXg0Zhs4yS\/?utm_source=ig_embed&amp;utm_campaign=loading\" target=\"_blank\" rel=\"noopener\">Post udost\u0119pniony przez \ud835\udc0c\ud835\udc28\ud835\udc27\ud835\udc22\ud835\udc24\ud835\udc1a \ud835\udc11\ud835\udc1a\ud835\udc1f\ud835\udc1a \u2022 \ud835\udc46\ud835\udc61\ud835\udc66\ud835\udc59\ud835\udc56\ud835\udc60\ud835\udc61\ud835\udc58\ud835\udc4e \u2022 \ud835\udc56\ud835\udc5b\ud835\udc60\ud835\udc5d\ud835\udc56\ud835\udc5f\ud835\udc4e\ud835\udc50\ud835\udc57\ud835\udc52 \ud835\udc40\ud835\udc56\ud835\udc51\ud835\udc60\ud835\udc56\ud835\udc67\ud835\udc52 \u2022 \ud835\udc5a\ud835\udc5c\ud835\udc51\ud835\udc4e \u2022 \ud835\udc48\ud835\udc3a\ud835\udc36 \u2022 (@mrafova)<\/a><\/p>\n<\/div>\n<\/blockquote>\n<p><script async src=\"\/\/www.instagram.com\/embed.js\"><\/script><\/p>\n<p>\u00a0<\/p>\n<p class=\"p1\">Letnie stylizacje 2025 stawiaj\u0105 na wygod\u0119, kolory i naturalno\u015b\u0107. Nie chodzi o ilo\u015b\u0107, ale o jako\u015b\u0107. Kilka dobrze dobranych element\u00f3w wystarczy, by stworzy\u0107 wiele look\u00f3w.<\/p>\n<p class=\"p1\">\u0141\u0105cz modne fasony z klasyk\u0105, baw si\u0119 form\u0105 i kolorem. Pami\u0119taj, \u017ce nawet najprostsza stylizacja mo\u017ce wygl\u0105da\u0107 zjawiskowo, je\u015bli dodasz do niej pasj\u0119 i autentyczno\u015b\u0107.<\/p>\n<p class=\"p1\">Nie b\u00f3j si\u0119 eksperymentowa\u0107. Lato to najlepszy moment, by wyrazi\u0107 siebie przez mod\u0119.<\/p>\n\n\n<div class=\"kk-star-ratings kksr-auto kksr-align-right kksr-valign-bottom\"\n    data-payload='{&quot;align&quot;:&quot;right&quot;,&quot;id&quot;:&quot;10042&quot;,&quot;slug&quot;:&quot;default&quot;,&quot;valign&quot;:&quot;bottom&quot;,&quot;ignore&quot;:&quot;&quot;,&quot;reference&quot;:&quot;auto&quot;,&quot;class&quot;:&quot;&quot;,&quot;count&quot;:&quot;3&quot;,&quot;legendonly&quot;:&quot;&quot;,&quot;readonly&quot;:&quot;&quot;,&quot;score&quot;:&quot;2.3&quot;,&quot;starsonly&quot;:&quot;&quot;,&quot;best&quot;:&quot;5&quot;,&quot;gap&quot;:&quot;5&quot;,&quot;greet&quot;:&quot;Rate this post&quot;,&quot;legend&quot;:&quot;2.3\\\/5 - (3 votes)&quot;,&quot;size&quot;:&quot;24&quot;,&quot;width&quot;:&quot;64.2&quot;,&quot;_legend&quot;:&quot;{score}\\\/{best} - ({count} {votes})&quot;,&quot;font_factor&quot;:&quot;1.25&quot;}'>\n            \n<div class=\"kksr-stars\">\n    \n<div class=\"kksr-stars-inactive\">\n            <div class=\"kksr-star\" data-star=\"1\" style=\"padding-right: 5px\">\n            \n\n<div class=\"kksr-icon\" style=\"width: 24px; height: 24px;\"><\/div>\n        <\/div>\n            <div class=\"kksr-star\" data-star=\"2\" style=\"padding-right: 5px\">\n            \n\n<div class=\"kksr-icon\" style=\"width: 24px; height: 24px;\"><\/div>\n        <\/div>\n            <div class=\"kksr-star\" data-star=\"3\" style=\"padding-right: 5px\">\n            \n\n<div class=\"kksr-icon\" style=\"width: 24px; height: 24px;\"><\/div>\n        <\/div>\n            <div class=\"kksr-star\" data-star=\"4\" style=\"padding-right: 5px\">\n            \n\n<div class=\"kksr-icon\" style=\"width: 24px; height: 24px;\"><\/div>\n        <\/div>\n            <div class=\"kksr-star\" data-star=\"5\" style=\"padding-right: 5px\">\n            \n\n<div class=\"kksr-icon\" style=\"width: 24px; height: 24px;\"><\/div>\n        <\/div>\n    <\/div>\n    \n<div class=\"kksr-stars-active\" style=\"width: 64.2px;\">\n            <div class=\"kksr-star\" style=\"padding-right: 5px\">\n            \n\n<div class=\"kksr-icon\" style=\"width: 24px; height: 24px;\"><\/div>\n        <\/div>\n            <div class=\"kksr-star\" style=\"padding-right: 5px\">\n            \n\n<div class=\"kksr-icon\" style=\"width: 24px; height: 24px;\"><\/div>\n        <\/div>\n            <div class=\"kksr-star\" style=\"padding-right: 5px\">\n            \n\n<div class=\"kksr-icon\" style=\"width: 24px; height: 24px;\"><\/div>\n        <\/div>\n            <div class=\"kksr-star\" style=\"padding-right: 5px\">\n            \n\n<div class=\"kksr-icon\" style=\"width: 24px; height: 24px;\"><\/div>\n        <\/div>\n            <div class=\"kksr-star\" style=\"padding-right: 5px\">\n            \n\n<div class=\"kksr-icon\" style=\"width: 24px; height: 24px;\"><\/div>\n        <\/div>\n    <\/div>\n<\/div>\n                \n\n<div class=\"kksr-legend\" style=\"font-size: 19.2px;\">\n            2.3\/5 - (3 votes)    <\/div>\n    <\/div>\n","protected":false},"excerpt":{"rendered":"<p>Letnie stylizacje 2025 to co\u015b wi\u0119cej ni\u017c tylko ubrania. To po\u0142\u0105czenie wygody, trend\u00f3w i lekko\u015bci, kt\u00f3re sprawia, \u017ce czujemy si\u0119 swobodnie i stylowo. Lato to czas wyjazd\u00f3w, spotka\u0144 i spontanicznych chwil. Dlatego warto zadba\u0107 o garderob\u0119, kt\u00f3ra nad\u0105\u017cy za Twoim tempem. W tym sezonie modne s\u0105 nie tylko kolory, ale te\u017c funkcjonalno\u015b\u0107. Sprawd\u017a, co nosi\u0107, \u017ceby wygl\u0105da\u0107 \u015bwietnie i czu\u0107 si\u0119 komfortowo.<\/p>\n","protected":false},"author":3,"featured_media":10045,"comment_status":"open","ping_status":"open","sticky":false,"template":"","format":"standard","meta":[],"categories":[5],"tags":[],"yoast_head":"<!-- This site is optimized with the Yoast SEO plugin v18.4.1 - https:\/\/yoast.com\/wordpress\/plugins\/seo\/ -->\n<title>Letnie stylizacje 2025 \u2013 co nosi\u0107, \u017ceby wygl\u0105da\u0107 modnie i czu\u0107 si\u0119 lekko? - Pakuten blog<\/title>\n<meta name=\"description\" content=\"Letnie stylizacje 2025 \u2013 zobacz, co nosi\u0107, by wygl\u0105da\u0107 modnie i czu\u0107 si\u0119 lekko przez ca\u0142e lato. Sprawd\u017a letnie nowo\u015bci od Pakuten!\" \/>\n<meta name=\"robots\" content=\"index, follow, max-snippet:-1, max-image-preview:large, max-video-preview:-1\" \/>\n<link rel=\"canonical\" href=\"https:\/\/pakuten.pl\/blog\/letnie-stylizacje-2025-co-nosic-zeby-wygladac-modnie-i-czuc-sie-lekko\/\" \/>\n<meta property=\"og:locale\" content=\"pl_PL\" \/>\n<meta property=\"og:type\" content=\"article\" \/>\n<meta property=\"og:title\" content=\"Letnie stylizacje 2025 \u2013 co nosi\u0107, \u017ceby wygl\u0105da\u0107 modnie i czu\u0107 si\u0119 lekko? - Pakuten blog\" \/>\n<meta property=\"og:description\" content=\"Letnie stylizacje 2025 \u2013 zobacz, co nosi\u0107, by wygl\u0105da\u0107 modnie i czu\u0107 si\u0119 lekko przez ca\u0142e lato. Sprawd\u017a letnie nowo\u015bci od Pakuten!\" \/>\n<meta property=\"og:url\" content=\"https:\/\/pakuten.pl\/blog\/letnie-stylizacje-2025-co-nosic-zeby-wygladac-modnie-i-czuc-sie-lekko\/\" \/>\n<meta property=\"og:site_name\" content=\"Pakuten blog\" \/>\n<meta property=\"article:published_time\" content=\"2025-06-23T12:41:09+00:00\" \/>\n<meta property=\"article:modified_time\" content=\"2025-06-23T12:41:10+00:00\" \/>\n<meta property=\"og:image\" content=\"https:\/\/pakuten.pl\/blog\/wp-content\/uploads\/2025\/06\/Letnie-stylizacje-2025-\u2013-co-nosic\u0301-z\u0307eby-wygla\u0328dac\u0301-modnie-i-czuc\u0301-sie\u0328-lekko.png\" \/>\n\t<meta property=\"og:image:width\" content=\"1280\" \/>\n\t<meta property=\"og:image:height\" content=\"853\" \/>\n\t<meta property=\"og:image:type\" content=\"image\/png\" \/>\n<meta name=\"twitter:card\" content=\"summary_large_image\" \/>\n<meta name=\"twitter:label1\" content=\"Napisane przez\" \/>\n\t<meta name=\"twitter:data1\" content=\"Pakuten Girl\" \/>\n\t<meta name=\"twitter:label2\" content=\"Szacowany czas czytania\" \/>\n\t<meta name=\"twitter:data2\" content=\"5 minut\" \/>\n<script type=\"application\/ld+json\" class=\"yoast-schema-graph\">{\"@context\":\"https:\/\/schema.org\",\"@graph\":[{\"@type\":\"Organization\",\"@id\":\"https:\/\/pakuten.pl\/blog\/#organization\",\"name\":\"Pakuten\",\"url\":\"https:\/\/pakuten.pl\/blog\/\",\"sameAs\":[],\"logo\":{\"@type\":\"ImageObject\",\"@id\":\"https:\/\/pakuten.pl\/blog\/#logo\",\"inLanguage\":\"pl-PL\",\"url\":\"http:\/\/pakuten.pl\/blog\/wp-content\/uploads\/2018\/01\/pakuten_logo.png\",\"contentUrl\":\"http:\/\/pakuten.pl\/blog\/wp-content\/uploads\/2018\/01\/pakuten_logo.png\",\"width\":300,\"height\":120,\"caption\":\"Pakuten\"},\"image\":{\"@id\":\"https:\/\/pakuten.pl\/blog\/#logo\"}},{\"@type\":\"WebSite\",\"@id\":\"https:\/\/pakuten.pl\/blog\/#website\",\"url\":\"https:\/\/pakuten.pl\/blog\/\",\"name\":\"Pakuten blog\",\"description\":\"Blog sklepu internetowego pakuten.pl\",\"publisher\":{\"@id\":\"https:\/\/pakuten.pl\/blog\/#organization\"},\"potentialAction\":[{\"@type\":\"SearchAction\",\"target\":{\"@type\":\"EntryPoint\",\"urlTemplate\":\"https:\/\/pakuten.pl\/blog\/?s={search_term_string}\"},\"query-input\":\"required name=search_term_string\"}],\"inLanguage\":\"pl-PL\"},{\"@type\":\"ImageObject\",\"@id\":\"https:\/\/pakuten.pl\/blog\/letnie-stylizacje-2025-co-nosic-zeby-wygladac-modnie-i-czuc-sie-lekko\/#primaryimage\",\"inLanguage\":\"pl-PL\",\"url\":\"https:\/\/pakuten.pl\/blog\/wp-content\/uploads\/2025\/06\/Letnie-stylizacje-2025-\u2013-co-nosic\u0301-z\u0307eby-wygla\u0328dac\u0301-modnie-i-czuc\u0301-sie\u0328-lekko.png\",\"contentUrl\":\"https:\/\/pakuten.pl\/blog\/wp-content\/uploads\/2025\/06\/Letnie-stylizacje-2025-\u2013-co-nosic\u0301-z\u0307eby-wygla\u0328dac\u0301-modnie-i-czuc\u0301-sie\u0328-lekko.png\",\"width\":1280,\"height\":853},{\"@type\":\"WebPage\",\"@id\":\"https:\/\/pakuten.pl\/blog\/letnie-stylizacje-2025-co-nosic-zeby-wygladac-modnie-i-czuc-sie-lekko\/#webpage\",\"url\":\"https:\/\/pakuten.pl\/blog\/letnie-stylizacje-2025-co-nosic-zeby-wygladac-modnie-i-czuc-sie-lekko\/\",\"name\":\"Letnie stylizacje 2025 \u2013 co nosi\u0107, \u017ceby wygl\u0105da\u0107 modnie i czu\u0107 si\u0119 lekko? - Pakuten blog\",\"isPartOf\":{\"@id\":\"https:\/\/pakuten.pl\/blog\/#website\"},\"primaryImageOfPage\":{\"@id\":\"https:\/\/pakuten.pl\/blog\/letnie-stylizacje-2025-co-nosic-zeby-wygladac-modnie-i-czuc-sie-lekko\/#primaryimage\"},\"datePublished\":\"2025-06-23T12:41:09+00:00\",\"dateModified\":\"2025-06-23T12:41:10+00:00\",\"description\":\"Letnie stylizacje 2025 \u2013 zobacz, co nosi\u0107, by wygl\u0105da\u0107 modnie i czu\u0107 si\u0119 lekko przez ca\u0142e lato. Sprawd\u017a letnie nowo\u015bci od Pakuten!\",\"breadcrumb\":{\"@id\":\"https:\/\/pakuten.pl\/blog\/letnie-stylizacje-2025-co-nosic-zeby-wygladac-modnie-i-czuc-sie-lekko\/#breadcrumb\"},\"inLanguage\":\"pl-PL\",\"potentialAction\":[{\"@type\":\"ReadAction\",\"target\":[\"https:\/\/pakuten.pl\/blog\/letnie-stylizacje-2025-co-nosic-zeby-wygladac-modnie-i-czuc-sie-lekko\/\"]}]},{\"@type\":\"BreadcrumbList\",\"@id\":\"https:\/\/pakuten.pl\/blog\/letnie-stylizacje-2025-co-nosic-zeby-wygladac-modnie-i-czuc-sie-lekko\/#breadcrumb\",\"itemListElement\":[{\"@type\":\"ListItem\",\"position\":1,\"name\":\"Strona g\u0142\u00f3wna\",\"item\":\"https:\/\/pakuten.pl\/blog\/\"},{\"@type\":\"ListItem\",\"position\":2,\"name\":\"Letnie stylizacje 2025 \u2013 co nosi\u0107, \u017ceby wygl\u0105da\u0107 modnie i czu\u0107 si\u0119 lekko?\"}]},{\"@type\":\"Article\",\"@id\":\"https:\/\/pakuten.pl\/blog\/letnie-stylizacje-2025-co-nosic-zeby-wygladac-modnie-i-czuc-sie-lekko\/#article\",\"isPartOf\":{\"@id\":\"https:\/\/pakuten.pl\/blog\/letnie-stylizacje-2025-co-nosic-zeby-wygladac-modnie-i-czuc-sie-lekko\/#webpage\"},\"author\":{\"@id\":\"https:\/\/pakuten.pl\/blog\/#\/schema\/person\/d7133af30211381a4e4536d088384556\"},\"headline\":\"Letnie stylizacje 2025 \u2013 co nosi\u0107, \u017ceby wygl\u0105da\u0107 modnie i czu\u0107 si\u0119 lekko?\",\"datePublished\":\"2025-06-23T12:41:09+00:00\",\"dateModified\":\"2025-06-23T12:41:10+00:00\",\"mainEntityOfPage\":{\"@id\":\"https:\/\/pakuten.pl\/blog\/letnie-stylizacje-2025-co-nosic-zeby-wygladac-modnie-i-czuc-sie-lekko\/#webpage\"},\"wordCount\":769,\"commentCount\":0,\"publisher\":{\"@id\":\"https:\/\/pakuten.pl\/blog\/#organization\"},\"image\":{\"@id\":\"https:\/\/pakuten.pl\/blog\/letnie-stylizacje-2025-co-nosic-zeby-wygladac-modnie-i-czuc-sie-lekko\/#primaryimage\"},\"thumbnailUrl\":\"https:\/\/pakuten.pl\/blog\/wp-content\/uploads\/2025\/06\/Letnie-stylizacje-2025-\u2013-co-nosic\u0301-z\u0307eby-wygla\u0328dac\u0301-modnie-i-czuc\u0301-sie\u0328-lekko.png\",\"articleSection\":[\"Inspirations\"],\"inLanguage\":\"pl-PL\",\"potentialAction\":[{\"@type\":\"CommentAction\",\"name\":\"Comment\",\"target\":[\"https:\/\/pakuten.pl\/blog\/letnie-stylizacje-2025-co-nosic-zeby-wygladac-modnie-i-czuc-sie-lekko\/#respond\"]}]},{\"@type\":\"Person\",\"@id\":\"https:\/\/pakuten.pl\/blog\/#\/schema\/person\/d7133af30211381a4e4536d088384556\",\"name\":\"Pakuten Girl\",\"image\":{\"@type\":\"ImageObject\",\"@id\":\"https:\/\/pakuten.pl\/blog\/#personlogo\",\"inLanguage\":\"pl-PL\",\"url\":\"https:\/\/secure.gravatar.com\/avatar\/d3df41de2caf92e6cfded9430c2ff352?s=96&d=mm&r=g\",\"contentUrl\":\"https:\/\/secure.gravatar.com\/avatar\/d3df41de2caf92e6cfded9430c2ff352?s=96&d=mm&r=g\",\"caption\":\"Pakuten Girl\"},\"description\":\"Cze\u015b\u0107, nazywam si\u0119 Ola. Kocham Netflixa, sals\u0119, nowo\u015bci kosmetyczne i najnowsze trendy w modzie.\",\"url\":\"https:\/\/pakuten.pl\/blog\/author\/pakuten-girl\/\"}]}<\/script>\n<!-- \/ Yoast SEO plugin. -->","yoast_head_json":{"title":"Letnie stylizacje 2025 \u2013 co nosi\u0107, \u017ceby wygl\u0105da\u0107 modnie i czu\u0107 si\u0119 lekko? - Pakuten blog","description":"Letnie stylizacje 2025 \u2013 zobacz, co nosi\u0107, by wygl\u0105da\u0107 modnie i czu\u0107 si\u0119 lekko przez ca\u0142e lato. Sprawd\u017a letnie nowo\u015bci od Pakuten!","robots":{"index":"index","follow":"follow","max-snippet":"max-snippet:-1","max-image-preview":"max-image-preview:large","max-video-preview":"max-video-preview:-1"},"canonical":"https:\/\/pakuten.pl\/blog\/letnie-stylizacje-2025-co-nosic-zeby-wygladac-modnie-i-czuc-sie-lekko\/","og_locale":"pl_PL","og_type":"article","og_title":"Letnie stylizacje 2025 \u2013 co nosi\u0107, \u017ceby wygl\u0105da\u0107 modnie i czu\u0107 si\u0119 lekko? - Pakuten blog","og_description":"Letnie stylizacje 2025 \u2013 zobacz, co nosi\u0107, by wygl\u0105da\u0107 modnie i czu\u0107 si\u0119 lekko przez ca\u0142e lato. Sprawd\u017a letnie nowo\u015bci od Pakuten!","og_url":"https:\/\/pakuten.pl\/blog\/letnie-stylizacje-2025-co-nosic-zeby-wygladac-modnie-i-czuc-sie-lekko\/","og_site_name":"Pakuten blog","article_published_time":"2025-06-23T12:41:09+00:00","article_modified_time":"2025-06-23T12:41:10+00:00","og_image":[{"width":1280,"height":853,"url":"https:\/\/pakuten.pl\/blog\/wp-content\/uploads\/2025\/06\/Letnie-stylizacje-2025-\u2013-co-nosic\u0301-z\u0307eby-wygla\u0328dac\u0301-modnie-i-czuc\u0301-sie\u0328-lekko.png","type":"image\/png"}],"twitter_card":"summary_large_image","twitter_misc":{"Napisane przez":"Pakuten Girl","Szacowany czas czytania":"5 minut"},"schema":{"@context":"https:\/\/schema.org","@graph":[{"@type":"Organization","@id":"https:\/\/pakuten.pl\/blog\/#organization","name":"Pakuten","url":"https:\/\/pakuten.pl\/blog\/","sameAs":[],"logo":{"@type":"ImageObject","@id":"https:\/\/pakuten.pl\/blog\/#logo","inLanguage":"pl-PL","url":"http:\/\/pakuten.pl\/blog\/wp-content\/uploads\/2018\/01\/pakuten_logo.png","contentUrl":"http:\/\/pakuten.pl\/blog\/wp-content\/uploads\/2018\/01\/pakuten_logo.png","width":300,"height":120,"caption":"Pakuten"},"image":{"@id":"https:\/\/pakuten.pl\/blog\/#logo"}},{"@type":"WebSite","@id":"https:\/\/pakuten.pl\/blog\/#website","url":"https:\/\/pakuten.pl\/blog\/","name":"Pakuten blog","description":"Blog sklepu internetowego pakuten.pl","publisher":{"@id":"https:\/\/pakuten.pl\/blog\/#organization"},"potentialAction":[{"@type":"SearchAction","target":{"@type":"EntryPoint","urlTemplate":"https:\/\/pakuten.pl\/blog\/?s={search_term_string}"},"query-input":"required name=search_term_string"}],"inLanguage":"pl-PL"},{"@type":"ImageObject","@id":"https:\/\/pakuten.pl\/blog\/letnie-stylizacje-2025-co-nosic-zeby-wygladac-modnie-i-czuc-sie-lekko\/#primaryimage","inLanguage":"pl-PL","url":"https:\/\/pakuten.pl\/blog\/wp-content\/uploads\/2025\/06\/Letnie-stylizacje-2025-\u2013-co-nosic\u0301-z\u0307eby-wygla\u0328dac\u0301-modnie-i-czuc\u0301-sie\u0328-lekko.png","contentUrl":"https:\/\/pakuten.pl\/blog\/wp-content\/uploads\/2025\/06\/Letnie-stylizacje-2025-\u2013-co-nosic\u0301-z\u0307eby-wygla\u0328dac\u0301-modnie-i-czuc\u0301-sie\u0328-lekko.png","width":1280,"height":853},{"@type":"WebPage","@id":"https:\/\/pakuten.pl\/blog\/letnie-stylizacje-2025-co-nosic-zeby-wygladac-modnie-i-czuc-sie-lekko\/#webpage","url":"https:\/\/pakuten.pl\/blog\/letnie-stylizacje-2025-co-nosic-zeby-wygladac-modnie-i-czuc-sie-lekko\/","name":"Letnie stylizacje 2025 \u2013 co nosi\u0107, \u017ceby wygl\u0105da\u0107 modnie i czu\u0107 si\u0119 lekko? - Pakuten blog","isPartOf":{"@id":"https:\/\/pakuten.pl\/blog\/#website"},"primaryImageOfPage":{"@id":"https:\/\/pakuten.pl\/blog\/letnie-stylizacje-2025-co-nosic-zeby-wygladac-modnie-i-czuc-sie-lekko\/#primaryimage"},"datePublished":"2025-06-23T12:41:09+00:00","dateModified":"2025-06-23T12:41:10+00:00","description":"Letnie stylizacje 2025 \u2013 zobacz, co nosi\u0107, by wygl\u0105da\u0107 modnie i czu\u0107 si\u0119 lekko przez ca\u0142e lato. Sprawd\u017a letnie nowo\u015bci od Pakuten!","breadcrumb":{"@id":"https:\/\/pakuten.pl\/blog\/letnie-stylizacje-2025-co-nosic-zeby-wygladac-modnie-i-czuc-sie-lekko\/#breadcrumb"},"inLanguage":"pl-PL","potentialAction":[{"@type":"ReadAction","target":["https:\/\/pakuten.pl\/blog\/letnie-stylizacje-2025-co-nosic-zeby-wygladac-modnie-i-czuc-sie-lekko\/"]}]},{"@type":"BreadcrumbList","@id":"https:\/\/pakuten.pl\/blog\/letnie-stylizacje-2025-co-nosic-zeby-wygladac-modnie-i-czuc-sie-lekko\/#breadcrumb","itemListElement":[{"@type":"ListItem","position":1,"name":"Strona g\u0142\u00f3wna","item":"https:\/\/pakuten.pl\/blog\/"},{"@type":"ListItem","position":2,"name":"Letnie stylizacje 2025 \u2013 co nosi\u0107, \u017ceby wygl\u0105da\u0107 modnie i czu\u0107 si\u0119 lekko?"}]},{"@type":"Article","@id":"https:\/\/pakuten.pl\/blog\/letnie-stylizacje-2025-co-nosic-zeby-wygladac-modnie-i-czuc-sie-lekko\/#article","isPartOf":{"@id":"https:\/\/pakuten.pl\/blog\/letnie-stylizacje-2025-co-nosic-zeby-wygladac-modnie-i-czuc-sie-lekko\/#webpage"},"author":{"@id":"https:\/\/pakuten.pl\/blog\/#\/schema\/person\/d7133af30211381a4e4536d088384556"},"headline":"Letnie stylizacje 2025 \u2013 co nosi\u0107, \u017ceby wygl\u0105da\u0107 modnie i czu\u0107 si\u0119 lekko?","datePublished":"2025-06-23T12:41:09+00:00","dateModified":"2025-06-23T12:41:10+00:00","mainEntityOfPage":{"@id":"https:\/\/pakuten.pl\/blog\/letnie-stylizacje-2025-co-nosic-zeby-wygladac-modnie-i-czuc-sie-lekko\/#webpage"},"wordCount":769,"commentCount":0,"publisher":{"@id":"https:\/\/pakuten.pl\/blog\/#organization"},"image":{"@id":"https:\/\/pakuten.pl\/blog\/letnie-stylizacje-2025-co-nosic-zeby-wygladac-modnie-i-czuc-sie-lekko\/#primaryimage"},"thumbnailUrl":"https:\/\/pakuten.pl\/blog\/wp-content\/uploads\/2025\/06\/Letnie-stylizacje-2025-\u2013-co-nosic\u0301-z\u0307eby-wygla\u0328dac\u0301-modnie-i-czuc\u0301-sie\u0328-lekko.png","articleSection":["Inspirations"],"inLanguage":"pl-PL","potentialAction":[{"@type":"CommentAction","name":"Comment","target":["https:\/\/pakuten.pl\/blog\/letnie-stylizacje-2025-co-nosic-zeby-wygladac-modnie-i-czuc-sie-lekko\/#respond"]}]},{"@type":"Person","@id":"https:\/\/pakuten.pl\/blog\/#\/schema\/person\/d7133af30211381a4e4536d088384556","name":"Pakuten Girl","image":{"@type":"ImageObject","@id":"https:\/\/pakuten.pl\/blog\/#personlogo","inLanguage":"pl-PL","url":"https:\/\/secure.gravatar.com\/avatar\/d3df41de2caf92e6cfded9430c2ff352?s=96&d=mm&r=g","contentUrl":"https:\/\/secure.gravatar.com\/avatar\/d3df41de2caf92e6cfded9430c2ff352?s=96&d=mm&r=g","caption":"Pakuten Girl"},"description":"Cze\u015b\u0107, nazywam si\u0119 Ola. Kocham Netflixa, sals\u0119, nowo\u015bci kosmetyczne i najnowsze trendy w modzie.","url":"https:\/\/pakuten.pl\/blog\/author\/pakuten-girl\/"}]}},"_links":{"self":[{"href":"https:\/\/pakuten.pl\/blog\/wp-json\/wp\/v2\/posts\/10042"}],"collection":[{"href":"https:\/\/pakuten.pl\/blog\/wp-json\/wp\/v2\/posts"}],"about":[{"href":"https:\/\/pakuten.pl\/blog\/wp-json\/wp\/v2\/types\/post"}],"author":[{"embeddable":true,"href":"https:\/\/pakuten.pl\/blog\/wp-json\/wp\/v2\/users\/3"}],"replies":[{"embeddable":true,"href":"https:\/\/pakuten.pl\/blog\/wp-json\/wp\/v2\/comments?post=10042"}],"version-history":[{"count":3,"href":"https:\/\/pakuten.pl\/blog\/wp-json\/wp\/v2\/posts\/10042\/revisions"}],"predecessor-version":[{"id":10048,"href":"https:\/\/pakuten.pl\/blog\/wp-json\/wp\/v2\/posts\/10042\/revisions\/10048"}],"wp:featuredmedia":[{"embeddable":true,"href":"https:\/\/pakuten.pl\/blog\/wp-json\/wp\/v2\/media\/10045"}],"wp:attachment":[{"href":"https:\/\/pakuten.pl\/blog\/wp-json\/wp\/v2\/media?parent=10042"}],"wp:term":[{"taxonomy":"category","embeddable":true,"href":"https:\/\/pakuten.pl\/blog\/wp-json\/wp\/v2\/categories?post=10042"},{"taxonomy":"post_tag","embeddable":true,"href":"https:\/\/pakuten.pl\/blog\/wp-json\/wp\/v2\/tags?post=10042"}],"curies":[{"name":"wp","href":"https:\/\/api.w.org\/{rel}","templated":true}]}}