{"id":10082,"date":"2025-07-04T14:51:00","date_gmt":"2025-07-04T12:51:00","guid":{"rendered":"https:\/\/pakuten.pl\/blog\/?p=10082"},"modified":"2025-06-25T14:56:55","modified_gmt":"2025-06-25T12:56:55","slug":"letnie-sukienki-2025-trendy-fasony-i-kolory-ktore-pokochasz","status":"publish","type":"post","link":"https:\/\/pakuten.pl\/blog\/letnie-sukienki-2025-trendy-fasony-i-kolory-ktore-pokochasz\/","title":{"rendered":"Letnie sukienki 2025 \u2013 trendy, fasony i kolory, kt\u00f3re pokochasz"},"content":{"rendered":"\n<p class=\"p1\"><strong>Letnie sukienki 2025 to nieod\u0142\u0105czny element kobiecej garderoby, szczeg\u00f3lnie w sezonie wakacyjnym. Nosimy je na co dzie\u0144, do pracy i na wyj\u0105tkowe okazje. Dlatego warto wiedzie\u0107, co b\u0119dzie modne w 2025 roku. W tym sezonie kr\u00f3luje lekko\u015b\u0107, kobieco\u015b\u0107 i odwaga w doborze kolor\u00f3w.<\/strong><\/p>\n<p class=\"p1\"><strong>Warto stawia\u0107 na sukienki, kt\u00f3re nie tylko dobrze wygl\u0105daj\u0105, ale r\u00f3wnie\u017c zapewniaj\u0105 komfort. W ko\u0144cu lato to czas relaksu i swobody, a ubrania powinny pod\u0105\u017ca\u0107 za tym stylem \u017cycia. Zobacz, kt\u00f3re fasony i kolory zdominuj\u0105 letnie ulice w 2025 roku.<\/strong><\/p>\n<h2 class=\"p1\"><span style=\"color: #ff9900;\">Letnie sukienki 2025 \u2013 jakie fasony b\u0119d\u0105 najmodniejsze?<\/span><\/h2>\n<p class=\"p2\">W tym sezonie kr\u00f3luje r\u00f3\u017cnorodno\u015b\u0107. Projektanci stawiaj\u0105 na zr\u00f3\u017cnicowane sylwetki, dlatego modne b\u0119d\u0105 zar\u00f3wno sukienki dopasowane, jak i lu\u017ane.<\/p>\n<p class=\"p2\"><b>Sukienki maxi<\/b> wracaj\u0105 do \u0142ask, szczeg\u00f3lnie w wersji z falbanami i cienkimi rami\u0105czkami. To idealna opcja na upalne dni \u2013 przewiewna, kobieca i efektowna.<\/p>\n<p class=\"p2\"><b>Kr\u00f3j kopertowy<\/b> nadal cieszy si\u0119 popularno\u015bci\u0105. Pi\u0119knie podkre\u015bla tali\u0119, a przy tym pasuje do wi\u0119kszo\u015bci sylwetek. \u015awietnie sprawdzi si\u0119 zar\u00f3wno do pracy, jak i na wieczorne wyj\u015bcie.<\/p>\n<p class=\"p2\">Nie mo\u017cna zapomnie\u0107 o <b>mini-sukienkach<\/b> z lat 90. Powracaj\u0105 w wielkim stylu \u2013 z bufkami, wyci\u0119ciami i ciekawymi fakturami. To propozycja dla odwa\u017cnych kobiet, kt\u00f3re lubi\u0105 bawi\u0107 si\u0119 mod\u0105.<\/p>\n<blockquote class=\"instagram-media\" style=\"background: #FFF; border: 0; border-radius: 3px; box-shadow: 0 0 1px 0 rgba(0,0,0,0.5),0 1px 10px 0 rgba(0,0,0,0.15); margin: 1px; max-width: 540px; min-width: 326px; padding: 0; width: calc(100% - 2px);\" data-instgrm-permalink=\"https:\/\/www.instagram.com\/reel\/DLULTgbICf6\/?utm_source=ig_embed&amp;utm_campaign=loading\" data-instgrm-version=\"14\">\n<div style=\"padding: 16px;\">\n<div style=\"display: flex; flex-direction: row; align-items: center;\">\n<div style=\"background-color: #f4f4f4; border-radius: 50%; flex-grow: 0; height: 40px; margin-right: 14px; width: 40px;\">\u00a0<\/div>\n<div style=\"display: flex; flex-direction: column; flex-grow: 1; justify-content: center;\">\n<div style=\"background-color: #f4f4f4; border-radius: 4px; flex-grow: 0; height: 14px; margin-bottom: 6px; width: 100px;\">\u00a0<\/div>\n<div style=\"background-color: #f4f4f4; border-radius: 4px; flex-grow: 0; height: 14px; width: 60px;\">\u00a0<\/div>\n<\/div>\n<\/div>\n<div style=\"padding: 19% 0;\">\u00a0<\/div>\n<div style=\"display: block; height: 50px; margin: 0 auto 12px; width: 50px;\">\u00a0<\/div>\n<div style=\"padding-top: 8px;\">\n<div style=\"color: #3897f0; font-family: Arial,sans-serif; font-size: 14px; font-style: normal; font-weight: 550; line-height: 18px;\">Wy\u015bwietl ten post na Instagramie<\/div>\n<\/div>\n<div style=\"padding: 12.5% 0;\">\u00a0<\/div>\n<div style=\"display: flex; flex-direction: row; margin-bottom: 14px; align-items: center;\">\n<div>\n<div style=\"background-color: #f4f4f4; border-radius: 50%; height: 12.5px; width: 12.5px; transform: translateX(0px) translateY(7px);\">\u00a0<\/div>\n<div style=\"background-color: #f4f4f4; height: 12.5px; transform: rotate(-45deg) translateX(3px) translateY(1px); width: 12.5px; flex-grow: 0; margin-right: 14px; margin-left: 2px;\">\u00a0<\/div>\n<div style=\"background-color: #f4f4f4; border-radius: 50%; height: 12.5px; width: 12.5px; transform: translateX(9px) translateY(-18px);\">\u00a0<\/div>\n<\/div>\n<div style=\"margin-left: 8px;\">\n<div style=\"background-color: #f4f4f4; border-radius: 50%; flex-grow: 0; height: 20px; width: 20px;\">\u00a0<\/div>\n<div style=\"width: 0; height: 0; border-top: 2px solid transparent; border-left: 6px solid #f4f4f4; border-bottom: 2px solid transparent; transform: translateX(16px) translateY(-4px) rotate(30deg);\">\u00a0<\/div>\n<\/div>\n<div style=\"margin-left: auto;\">\n<div style=\"width: 0px; border-top: 8px solid #F4F4F4; border-right: 8px solid transparent; transform: translateY(16px);\">\u00a0<\/div>\n<div style=\"background-color: #f4f4f4; flex-grow: 0; height: 12px; width: 16px; transform: translateY(-4px);\">\u00a0<\/div>\n<div style=\"width: 0; height: 0; border-top: 8px solid #F4F4F4; border-left: 8px solid transparent; transform: translateY(-4px) translateX(8px);\">\u00a0<\/div>\n<\/div>\n<\/div>\n<div style=\"display: flex; flex-direction: column; flex-grow: 1; justify-content: center; margin-bottom: 24px;\">\n<div style=\"background-color: #f4f4f4; border-radius: 4px; flex-grow: 0; height: 14px; margin-bottom: 6px; width: 224px;\">\u00a0<\/div>\n<div style=\"background-color: #f4f4f4; border-radius: 4px; flex-grow: 0; height: 14px; width: 144px;\">\u00a0<\/div>\n<\/div>\n<p style=\"color: #c9c8cd; font-family: Arial,sans-serif; font-size: 14px; line-height: 17px; margin-bottom: 0; margin-top: 8px; overflow: hidden; padding: 8px 0 7px; text-align: center; text-overflow: ellipsis; white-space: nowrap;\"><a style=\"color: #c9c8cd; font-family: Arial,sans-serif; font-size: 14px; font-style: normal; font-weight: normal; line-height: 17px; text-decoration: none;\" href=\"https:\/\/www.instagram.com\/reel\/DLULTgbICf6\/?utm_source=ig_embed&amp;utm_campaign=loading\" target=\"_blank\" rel=\"noopener\">Post udost\u0119pniony przez Pakuten.pl \u2022 Modna i tania odzie\u017c damska (@pakuten.official)<\/a><\/p>\n<\/div>\n<\/blockquote>\n<p><script async=\"\" src=\"\/\/www.instagram.com\/embed.js\"><\/script><\/p>\n<p class=\"p2\">W 2025 roku modne b\u0119d\u0105 tak\u017ce <b>sukienki koszulowe<\/b>. Ich uniwersalno\u015b\u0107 sprawia, \u017ce z \u0142atwo\u015bci\u0105 mo\u017cna je stylizowa\u0107 na sportowo lub elegancko. \u015awietnie sprawdzaj\u0105 si\u0119 te\u017c w podr\u00f3\u017cy.<\/p>\n<div class=\"product-box-container\">\r\n<div class=\"one_third \" style=\"\">\r\n<div class=\"product-box\">\r\n<a href=\"https:\/\/pakuten.pl\/45722-93310-bezowa-muslinowa-sukienka-z-przekladanym-dekoltem-celeste-bezowy.html\" target=\"_blank\">\r\n <img src=\"https:\/\/media.pakuten.pl\/263913-large_default\/bezowa-muslinowa-sukienka-z-przekladanym-dekoltem-celeste.jpg\" alt=\"Be\u017cowa mu\u015blinowa sukienka z przek\u0142adanym dekoltem Celeste\"\/>\r\n<\/a>\r\n<p>\r\n<a href=\"https:\/\/pakuten.pl\/45722-93310-bezowa-muslinowa-sukienka-z-przekladanym-dekoltem-celeste-bezowy.html\" target=\"_blank\">\r\nBe\u017cowa mu\u015blinowa sukienka z przek\u0142adanym dekoltem Celeste\r\n<\/a><\/p>\r\n  <p>Cena: 54,99\u00a0z\u0142<\/p>\r\n<a href=\"https:\/\/pakuten.pl\/45722-93310-bezowa-muslinowa-sukienka-z-przekladanym-dekoltem-celeste-bezowy.html\" target=\"_blank\" class=\"button\">\r\nZobacz w sklepie\r\n<\/a>\r\n<\/div>\r\n<\/div>\r\n<div class=\"one_third \" style=\"\">\r\n<div class=\"product-box\">\r\n<a href=\"https:\/\/pakuten.pl\/45682-93235-sukienka-midi-typu-hiszpanka-bambina-maselkowa-maselkowy.html\" target=\"_blank\">\r\n  <img src=\"https:\/\/media.pakuten.pl\/263677-large_default\/sukienka-midi-typu-hiszpanka-bambina-maselkowa.jpg\" alt=\"Sukienka midi typu hiszpanka Bambina - mase\u0142kowa\"\/>\r\n<\/a>\r\n<p>\r\n<a href=\"https:\/\/pakuten.pl\/45682-93235-sukienka-midi-typu-hiszpanka-bambina-maselkowa-maselkowy.html\" target=\"_blank\">\r\nSukienka midi typu hiszpanka Bambina - mase\u0142kowa\r\n<\/a><\/p>\r\n  <p>Cena: 104,99\u00a0z\u0142<\/p>\r\n<a href=\"https:\/\/pakuten.pl\/45682-93235-sukienka-midi-typu-hiszpanka-bambina-maselkowa-maselkowy.html\" target=\"_blank\" class=\"button\">\r\nZobacz w sklepie\r\n<\/a>\r\n<\/div>\r\n<\/div>\r\n<div class=\"one_third last \" style=\"\">\r\n<div class=\"product-box\">\r\n<a href=\"https:\/\/pakuten.pl\/45664-93200-wzorzysty-kombinezon-jak-sukienka-z-przekladanym-dekoltem-bassa-r22-r22.html\" target=\"_blank\">\r\n  <img src=\"https:\/\/media.pakuten.pl\/263580-large_default\/wzorzysty-kombinezon-jak-sukienka-z-przekladanym-dekoltem-bassa-r22.jpg\" alt=\"Wzorzysty kombinezon jak sukienka z przek\u0142adanym dekoltem Bassa - R22\"\/>\r\n<\/a>\r\n<p>\r\n<a href=\"https:\/\/pakuten.pl\/45664-93200-wzorzysty-kombinezon-jak-sukienka-z-przekladanym-dekoltem-bassa-r22-r22.html\" target=\"_blank\">\r\nWzorzysty kombinezon jak sukienka z przek\u0142adanym dekoltem Bassa - R22\r\n<\/a><\/p>\r\n  <p>Cena: 140,99\u00a0z\u0142<\/p>\r\n<a href=\"https:\/\/pakuten.pl\/45664-93200-wzorzysty-kombinezon-jak-sukienka-z-przekladanym-dekoltem-bassa-r22-r22.html\" target=\"_blank\" class=\"button\">\r\nZobacz w sklepie\r\n<\/a>\r\n<\/div>\r\n<\/div><br class=\"clear\"\/>\r\n<\/div>\n<h2 class=\"p1\"><span style=\"color: #ff9900;\">Kolory letnich sukienek, kt\u00f3re zrobi\u0105 wra\u017cenie<\/span><\/h2>\n<p class=\"p2\">Kolory w modzie letniej s\u0105 niezwykle wa\u017cne. To one nadaj\u0105 charakter ca\u0142ej stylizacji i podkre\u015blaj\u0105 opalenizn\u0119. W 2025 roku kr\u00f3luje <b>lawenda, ma\u015blany \u017c\u00f3\u0142ty, mi\u0119towa ziele\u0144 oraz mango<\/b>. Te odcienie dodaj\u0105 \u015bwie\u017co\u015bci i \u015bwietnie wygl\u0105daj\u0105 w \u015bwietle s\u0142o\u0144ca.<\/p>\n<p class=\"p2\">Nie brakuje r\u00f3wnie\u017c klasyk\u00f3w. <b>Biel i be\u017c<\/b> to ponadczasowe kolory, kt\u00f3re wci\u0105\u017c dominuj\u0105 na wybiegach. Idealne do lekkich, lnianych sukienek \u2013 pasuj\u0105 na ka\u017cd\u0105 okazj\u0119.<\/p>\n<p class=\"p2\">Dla kobiet ceni\u0105cych klasyk\u0119 z nutk\u0105 nowoczesno\u015bci polecane s\u0105 te\u017c <b>sukienki w odcieniu baby blue<\/b>. Ten delikatny kolor \u015bwietnie komponuje si\u0119 z dodatkami w kolorze srebra lub nude.<\/p>\n<p class=\"p2\">Je\u015bli lubisz si\u0119 wyr\u00f3\u017cnia\u0107, postaw na <b>sukienki w kolorze kobaltowym lub fuksji<\/b>. To mocne akcenty, kt\u00f3re przyci\u0105gaj\u0105 wzrok, a przy tym \u015bwietnie sprawdzaj\u0105 si\u0119 w letnich stylizacjach wieczorowych.<\/p>\n<div class=\"product-box-container\">\r\n<div class=\"one_third \" style=\"\">\r\n<div class=\"product-box\">\r\n<a href=\"https:\/\/pakuten.pl\/45746-93350-sukienka-maxi-z-rozcieciem-bice-maselkowa-maselkowy.html\" target=\"_blank\">\r\n <img src=\"https:\/\/media.pakuten.pl\/264030-large_default\/sukienka-maxi-z-rozcieciem-bice-maselkowa.jpg\" alt=\"Sukienka maxi z rozci\u0119ciem Bice - mase\u0142kowa\"\/>\r\n<\/a>\r\n<p>\r\n<a href=\"https:\/\/pakuten.pl\/45746-93350-sukienka-maxi-z-rozcieciem-bice-maselkowa-maselkowy.html\" target=\"_blank\">\r\nSukienka maxi z rozci\u0119ciem Bice - mase\u0142kowa\r\n<\/a><\/p>\r\n  <p>Cena: 114,09\u00a0z\u0142<\/p>\r\n<a href=\"https:\/\/pakuten.pl\/45746-93350-sukienka-maxi-z-rozcieciem-bice-maselkowa-maselkowy.html\" target=\"_blank\" class=\"button\">\r\nZobacz w sklepie\r\n<\/a>\r\n<\/div>\r\n<\/div>\r\n<div class=\"one_third \" style=\"\">\r\n<div class=\"product-box\">\r\n<a href=\"https:\/\/pakuten.pl\/45633-93136-blekitna-sukienka-mini-wiazana-w-talii-elimena-blekitny.html\" target=\"_blank\">\r\n  <img src=\"https:\/\/media.pakuten.pl\/263564-large_default\/blekitna-sukienka-mini-wiazana-w-talii-elimena.jpg\" alt=\"B\u0142\u0119kitna sukienka mini wi\u0105zana w talii Elimena\"\/>\r\n<\/a>\r\n<p>\r\n<a href=\"https:\/\/pakuten.pl\/45633-93136-blekitna-sukienka-mini-wiazana-w-talii-elimena-blekitny.html\" target=\"_blank\">\r\nB\u0142\u0119kitna sukienka mini wi\u0105zana w talii Elimena\r\n<\/a><\/p>\r\n  <p>Cena: 136,99\u00a0z\u0142<\/p>\r\n<a href=\"https:\/\/pakuten.pl\/45633-93136-blekitna-sukienka-mini-wiazana-w-talii-elimena-blekitny.html\" target=\"_blank\" class=\"button\">\r\nZobacz w sklepie\r\n<\/a>\r\n<\/div>\r\n<\/div>\r\n<div class=\"one_third last \" style=\"\">\r\n<div class=\"product-box\">\r\n<a href=\"https:\/\/pakuten.pl\/37283-80651-liliowa-sukienka-z-wiazaniem-w-talii-felisa-liliowy.html\" target=\"_blank\">\r\n  <img src=\"https:\/\/media.pakuten.pl\/219851-large_default\/liliowa-sukienka-z-wiazaniem-w-talii-felisa.jpg\" alt=\"Liliowa sukienka z wi\u0105zaniem w talii Felisa\"\/>\r\n<\/a>\r\n<p>\r\n<a href=\"https:\/\/pakuten.pl\/37283-80651-liliowa-sukienka-z-wiazaniem-w-talii-felisa-liliowy.html\" target=\"_blank\">\r\nLiliowa sukienka z wi\u0105zaniem w talii Felisa\r\n<\/a><\/p>\r\n  <p>Cena: 89,99\u00a0z\u0142<\/p>\r\n<a href=\"https:\/\/pakuten.pl\/37283-80651-liliowa-sukienka-z-wiazaniem-w-talii-felisa-liliowy.html\" target=\"_blank\" class=\"button\">\r\nZobacz w sklepie\r\n<\/a>\r\n<\/div>\r\n<\/div><br class=\"clear\"\/>\r\n<\/div>\n<h2 class=\"p1\"><span style=\"color: #ff9900;\">Letnie sukienki 2025 \u2013 wzory, kt\u00f3re b\u0119d\u0105 rz\u0105dzi\u0107 latem<\/span><\/h2>\n<p class=\"p2\">Wzory w letnich sukienkach to klasyka. Ale w 2025 roku pojawiaj\u0105 si\u0119 w nowym wydaniu. <span style=\"color: #ff9900;\"><a style=\"color: #ff9900;\" href=\"https:\/\/pakuten.pl\/207-sukienki-w-kwiaty\" target=\"_blank\" rel=\"noopener\">Kwiaty<\/a><\/span> nadal s\u0105 obecne, jednak dominuj\u0105 te wi\u0119ksze, bardziej graficzne. To uk\u0142on w stron\u0119 stylu retro, kt\u00f3ry wraca w od\u015bwie\u017conej wersji.<\/p>\n<p class=\"p2\">W trendach pojawiaj\u0105 si\u0119 te\u017c <b>pasy i geometryczne printy<\/b>. Sprawdzaj\u0105 si\u0119 w sukienkach o prostym kroju, dodaj\u0105c im charakteru. Pasuj\u0105 zar\u00f3wno na co dzie\u0144, jak i do pracy.<\/p>\n<div class=\"product-box-container\">\r\n<div class=\"one_third \" style=\"\">\r\n<div class=\"product-box\">\r\n<a href=\"https:\/\/pakuten.pl\/45918-93620-muslinowa-sukienka-mini-oversize-raeann-wzor-8-wzor-8.html\" target=\"_blank\">\r\n <img src=\"https:\/\/media.pakuten.pl\/264824-large_default\/muslinowa-sukienka-mini-oversize-raeann-wzor-8.jpg\" alt=\"Mu\u015blinowa sukienka mini oversize Raeann - wz\u00f3r 8\"\/>\r\n<\/a>\r\n<p>\r\n<a href=\"https:\/\/pakuten.pl\/45918-93620-muslinowa-sukienka-mini-oversize-raeann-wzor-8-wzor-8.html\" target=\"_blank\">\r\nMu\u015blinowa sukienka mini oversize Raeann - wz\u00f3r 8\r\n<\/a><\/p>\r\n  <p>Cena: 49,99\u00a0z\u0142<\/p>\r\n<a href=\"https:\/\/pakuten.pl\/45918-93620-muslinowa-sukienka-mini-oversize-raeann-wzor-8-wzor-8.html\" target=\"_blank\" class=\"button\">\r\nZobacz w sklepie\r\n<\/a>\r\n<\/div>\r\n<\/div>\r\n<div class=\"one_third \" style=\"\">\r\n<div class=\"product-box\">\r\n<a href=\"https:\/\/pakuten.pl\/44783-92039-kombinezon-jak-sukienka-z-przekladanym-dekoltem-chanel-mocha-mousse-mocha-mousse.html\" target=\"_blank\">\r\n  <img src=\"https:\/\/media.pakuten.pl\/259256-large_default\/kombinezon-jak-sukienka-z-przekladanym-dekoltem-chanel-mocha-mousse.jpg\" alt=\"Kombinezon jak sukienka z przek\u0142adanym dekoltem Chanel - mocha mousse\"\/>\r\n<\/a>\r\n<p>\r\n<a href=\"https:\/\/pakuten.pl\/44783-92039-kombinezon-jak-sukienka-z-przekladanym-dekoltem-chanel-mocha-mousse-mocha-mousse.html\" target=\"_blank\">\r\nKombinezon jak sukienka z przek\u0142adanym dekoltem Chanel - mocha mousse\r\n<\/a><\/p>\r\n  <p>Cena: 106,99\u00a0z\u0142<\/p>\r\n<a href=\"https:\/\/pakuten.pl\/44783-92039-kombinezon-jak-sukienka-z-przekladanym-dekoltem-chanel-mocha-mousse-mocha-mousse.html\" target=\"_blank\" class=\"button\">\r\nZobacz w sklepie\r\n<\/a>\r\n<\/div>\r\n<\/div>\r\n<div class=\"one_third last \" style=\"\">\r\n<div class=\"product-box\">\r\n<a href=\"https:\/\/pakuten.pl\/45926-93632-muslinowa-sukienka-z-przekladanym-dekoltem-laverna-wzor-6-wzor-6.html\" target=\"_blank\">\r\n  <img src=\"https:\/\/media.pakuten.pl\/264856-large_default\/muslinowa-sukienka-z-przekladanym-dekoltem-laverna-wzor-6.jpg\" alt=\"Mu\u015blinowa sukienka z przek\u0142adanym dekoltem Laverna - wz\u00f3r 6\"\/>\r\n<\/a>\r\n<p>\r\n<a href=\"https:\/\/pakuten.pl\/45926-93632-muslinowa-sukienka-z-przekladanym-dekoltem-laverna-wzor-6-wzor-6.html\" target=\"_blank\">\r\nMu\u015blinowa sukienka z przek\u0142adanym dekoltem Laverna - wz\u00f3r 6\r\n<\/a><\/p>\r\n  <p>Cena: 49,99\u00a0z\u0142<\/p>\r\n<a href=\"https:\/\/pakuten.pl\/45926-93632-muslinowa-sukienka-z-przekladanym-dekoltem-laverna-wzor-6-wzor-6.html\" target=\"_blank\" class=\"button\">\r\nZobacz w sklepie\r\n<\/a>\r\n<\/div>\r\n<\/div><br class=\"clear\"\/>\r\n<\/div>\n<p class=\"p2\">Warto r\u00f3wnie\u017c zwr\u00f3ci\u0107 uwag\u0119 na <b>delikatne printy akwarelowe<\/b> \u2013 przypominaj\u0105 rozmyte kolory i wprowadzaj\u0105 lekko\u015b\u0107 do ka\u017cdej stylizacji. Doskonale wygl\u0105daj\u0105 na cienkich tkaninach, kt\u00f3re uk\u0142adaj\u0105 si\u0119 mi\u0119kko na ciele.<\/p>\n<div id=\"attachment_10086\" style=\"width: 810px\" class=\"wp-caption aligncenter\"><img aria-describedby=\"caption-attachment-10086\" loading=\"lazy\" class=\"size-full wp-image-10086\" src=\"https:\/\/pakuten.pl\/blog\/wp-content\/uploads\/2025\/06\/Projekt-bez-nazwy-5.jpg\" alt=\"Letnie sukienki\" width=\"800\" height=\"583\" \/><p id=\"caption-attachment-10086\" class=\"wp-caption-text\">Sukienka na rami\u0105czkach z marszczeniem na dekolcie Azzurra<br \/>Sukienka hiszpanka dopasowana w talii Giacinta<\/p><\/div>\n<p class=\"p2\">Nie zabraknie tak\u017ce motyw\u00f3w etnicznych i boho. Idealne na festiwale, wakacje i spacery po nadmorskich deptakach. \u0141\u0105cz\u0105 luz z kobieco\u015bci\u0105.<\/p>\n<h2 class=\"p1\"><span style=\"color: #ff9900;\">Jakie materia\u0142y warto wybiera\u0107?<\/span><\/h2>\n<p class=\"p2\">Wysokie temperatury wymagaj\u0105 odpowiednich tkanin. W tym sezonie stawiamy na <b>len, bawe\u0142n\u0119, mu\u015blin i wiskoz\u0119<\/b>. To materia\u0142y przewiewne, lekkie i przyjazne dla sk\u00f3ry.<\/p>\n<p class=\"p2\">Sukienki z naturalnych tkanin s\u0105 nie tylko komfortowe, ale tak\u017ce modne. Coraz wi\u0119cej marek, w tym Pakuten, stawia na jako\u015b\u0107 i zr\u00f3wnowa\u017con\u0105 produkcj\u0119.<\/p>\n<p class=\"p2\">Mi\u0119kkie dzianiny r\u00f3wnie\u017c pojawiaj\u0105 si\u0119 w kolekcjach letnich. \u015awietnie sprawdzaj\u0105 si\u0119 na wieczorne wyj\u015bcia i ch\u0142odniejsze dni. Podkre\u015blaj\u0105 sylwetk\u0119, ale nie kr\u0119puj\u0105 ruch\u00f3w.<\/p>\n<p class=\"p2\">Tkaniny z faktur\u0105, jak plisowania, pr\u0105\u017cki czy delikatne hafty, dodaj\u0105 stylizacjom g\u0142\u0119bi. To prosty spos\u00f3b, by wyr\u00f3\u017cni\u0107 si\u0119 bez przesady.<\/p>\n<h2 class=\"p1\"><span style=\"color: #ff9900;\">Letnie sukienki 2025 \u2013 jak je stylizowa\u0107?<\/span><\/h2>\n<p class=\"p2\">Stylizacja to nie tylko <span style=\"color: #ff9900;\"><a style=\"color: #ff9900;\" href=\"https:\/\/pakuten.pl\/27-sukienki\">sukienka<\/a><\/span>. R\u00f3wnie wa\u017cne s\u0105 dodatki. W 2025 roku modne b\u0119d\u0105 plecione torebki, minimalistyczna bi\u017cuteria i okulary z kolorowymi szk\u0142ami.<\/p>\n<p class=\"p2\">Do sukienek maxi \u015bwietnie pasuj\u0105 sanda\u0142y na platformie, a do mini \u2013 klasyczne sneakersy lub klapki. Stylizacj\u0119 dope\u0142ni kapelusz z szerokim rondem lub modna opaska.<\/p>\n<p class=\"p2\">Zim\u0105 chowamy warstwy, latem dodajemy je \u015bwiadomie. Letnia sukienka + lekka koszula + pasek = gotowy outfit na dzie\u0144 pe\u0142en wra\u017ce\u0144.<\/p>\n<p class=\"p2\">\u0141\u0105czenie eleganckich sukienek z casualowymi dodatkami to hit sezonu. Klasyczna ma\u0142a czarna z plecion\u0105 torb\u0105? Dlaczego nie! Moda w 2025 roku stawia na kreatywno\u015b\u0107 i komfort.<\/p>\n<p>\u00a0<\/p>\n<p class=\"p1\">Letnie sukienki w 2025 roku zachwycaj\u0105 form\u0105, kolorem i r\u00f3\u017cnorodno\u015bci\u0105. To sezon, w kt\u00f3rym ka\u017cda kobieta znajdzie co\u015b dla siebie \u2013 bez wzgl\u0119du na styl, sylwetk\u0119 czy okazj\u0119.<\/p>\n<p class=\"p1\">Warto postawi\u0107 na naturalne materia\u0142y, przemy\u015blane kroje i kolory, kt\u00f3re dodaj\u0105 energii. Moda letnia to lekko\u015b\u0107, swoboda i rado\u015b\u0107 \u2013 dok\u0142adnie to, czego potrzebujemy w najcieplejsze miesi\u0105ce roku.<\/p>\n<p class=\"p1\">Zamiast pod\u0105\u017ca\u0107 \u015blepo za trendami, wybieraj sukienki, w kt\u00f3rych czujesz si\u0119 sob\u0105. W\u0142a\u015bnie taka moda ma sens i zostaje z nami na d\u0142u\u017cej.<\/p>\n\n\n<div class=\"kk-star-ratings kksr-auto kksr-align-right kksr-valign-bottom\"\n    data-payload='{&quot;align&quot;:&quot;right&quot;,&quot;id&quot;:&quot;10082&quot;,&quot;slug&quot;:&quot;default&quot;,&quot;valign&quot;:&quot;bottom&quot;,&quot;ignore&quot;:&quot;&quot;,&quot;reference&quot;:&quot;auto&quot;,&quot;class&quot;:&quot;&quot;,&quot;count&quot;:&quot;7&quot;,&quot;legendonly&quot;:&quot;&quot;,&quot;readonly&quot;:&quot;&quot;,&quot;score&quot;:&quot;4.3&quot;,&quot;starsonly&quot;:&quot;&quot;,&quot;best&quot;:&quot;5&quot;,&quot;gap&quot;:&quot;5&quot;,&quot;greet&quot;:&quot;Rate this post&quot;,&quot;legend&quot;:&quot;4.3\\\/5 - (7 votes)&quot;,&quot;size&quot;:&quot;24&quot;,&quot;width&quot;:&quot;122.2&quot;,&quot;_legend&quot;:&quot;{score}\\\/{best} - ({count} {votes})&quot;,&quot;font_factor&quot;:&quot;1.25&quot;}'>\n            \n<div class=\"kksr-stars\">\n    \n<div class=\"kksr-stars-inactive\">\n            <div class=\"kksr-star\" data-star=\"1\" style=\"padding-right: 5px\">\n            \n\n<div class=\"kksr-icon\" style=\"width: 24px; height: 24px;\"><\/div>\n        <\/div>\n            <div class=\"kksr-star\" data-star=\"2\" style=\"padding-right: 5px\">\n            \n\n<div class=\"kksr-icon\" style=\"width: 24px; height: 24px;\"><\/div>\n        <\/div>\n            <div class=\"kksr-star\" data-star=\"3\" style=\"padding-right: 5px\">\n            \n\n<div class=\"kksr-icon\" style=\"width: 24px; height: 24px;\"><\/div>\n        <\/div>\n            <div class=\"kksr-star\" data-star=\"4\" style=\"padding-right: 5px\">\n            \n\n<div class=\"kksr-icon\" style=\"width: 24px; height: 24px;\"><\/div>\n        <\/div>\n            <div class=\"kksr-star\" data-star=\"5\" style=\"padding-right: 5px\">\n            \n\n<div class=\"kksr-icon\" style=\"width: 24px; height: 24px;\"><\/div>\n        <\/div>\n    <\/div>\n    \n<div class=\"kksr-stars-active\" style=\"width: 122.2px;\">\n            <div class=\"kksr-star\" style=\"padding-right: 5px\">\n            \n\n<div class=\"kksr-icon\" style=\"width: 24px; height: 24px;\"><\/div>\n        <\/div>\n            <div class=\"kksr-star\" style=\"padding-right: 5px\">\n            \n\n<div class=\"kksr-icon\" style=\"width: 24px; height: 24px;\"><\/div>\n        <\/div>\n            <div class=\"kksr-star\" style=\"padding-right: 5px\">\n            \n\n<div class=\"kksr-icon\" style=\"width: 24px; height: 24px;\"><\/div>\n        <\/div>\n            <div class=\"kksr-star\" style=\"padding-right: 5px\">\n            \n\n<div class=\"kksr-icon\" style=\"width: 24px; height: 24px;\"><\/div>\n        <\/div>\n            <div class=\"kksr-star\" style=\"padding-right: 5px\">\n            \n\n<div class=\"kksr-icon\" style=\"width: 24px; height: 24px;\"><\/div>\n        <\/div>\n    <\/div>\n<\/div>\n                \n\n<div class=\"kksr-legend\" style=\"font-size: 19.2px;\">\n            4.3\/5 - (7 votes)    <\/div>\n    <\/div>\n","protected":false},"excerpt":{"rendered":"<p class=\"p1\">Letnie sukienki to nieod\u0142\u0105czny element kobiecej garderoby, szczeg\u00f3lnie w sezonie wakacyjnym. Nosimy je na co dzie\u0144, do pracy i na wyj\u0105tkowe okazje. Dlatego warto wiedzie\u0107, co b\u0119dzie modne w 2025 roku. W tym sezonie kr\u00f3luje lekko\u015b\u0107, kobieco\u015b\u0107 i odwaga w doborze kolor\u00f3w.<\/p>\n<p>&nbsp;<\/p>\n<p class=\"p1\">Warto stawia\u0107 na sukienki, kt\u00f3re nie tylko dobrze wygl\u0105daj\u0105, ale r\u00f3wnie\u017c zapewniaj\u0105 komfort. W ko\u0144cu lato to czas relaksu i swobody, a ubrania powinny pod\u0105\u017ca\u0107 za tym stylem \u017cycia. Zobacz, kt\u00f3re fasony i kolory zdominuj\u0105 letnie ulice w 2025 roku.<\/p>\n","protected":false},"author":3,"featured_media":10089,"comment_status":"open","ping_status":"open","sticky":false,"template":"","format":"standard","meta":[],"categories":[5],"tags":[],"yoast_head":"<!-- This site is optimized with the Yoast SEO plugin v18.4.1 - https:\/\/yoast.com\/wordpress\/plugins\/seo\/ -->\n<title>Letnie sukienki 2025 \u2013 trendy, fasony i kolory, kt\u00f3re pokochasz - Pakuten blog<\/title>\n<meta name=\"description\" content=\"Letnie sukienki 2025 \u2013 poznaj modne kroje, kolory i tkaniny, kt\u00f3re b\u0119d\u0105 rz\u0105dzi\u0107 tego lata. Sprawd\u017a, co warto mie\u0107!\" \/>\n<meta name=\"robots\" content=\"index, follow, max-snippet:-1, max-image-preview:large, max-video-preview:-1\" \/>\n<link rel=\"canonical\" href=\"https:\/\/pakuten.pl\/blog\/letnie-sukienki-2025-trendy-fasony-i-kolory-ktore-pokochasz\/\" \/>\n<meta property=\"og:locale\" content=\"pl_PL\" \/>\n<meta property=\"og:type\" content=\"article\" \/>\n<meta property=\"og:title\" content=\"Letnie sukienki 2025 \u2013 trendy, fasony i kolory, kt\u00f3re pokochasz - Pakuten blog\" \/>\n<meta property=\"og:description\" content=\"Letnie sukienki 2025 \u2013 poznaj modne kroje, kolory i tkaniny, kt\u00f3re b\u0119d\u0105 rz\u0105dzi\u0107 tego lata. Sprawd\u017a, co warto mie\u0107!\" \/>\n<meta property=\"og:url\" content=\"https:\/\/pakuten.pl\/blog\/letnie-sukienki-2025-trendy-fasony-i-kolory-ktore-pokochasz\/\" \/>\n<meta property=\"og:site_name\" content=\"Pakuten blog\" \/>\n<meta property=\"article:published_time\" content=\"2025-07-04T12:51:00+00:00\" \/>\n<meta property=\"article:modified_time\" content=\"2025-06-25T12:56:55+00:00\" \/>\n<meta property=\"og:image\" content=\"https:\/\/pakuten.pl\/blog\/wp-content\/uploads\/2025\/06\/Stylizacje-na-co-dzien\u0301-\u2013-jak-wygla\u0328dac\u0301-stylowo-w-zwykly-dzien\u0301-1.png\" \/>\n\t<meta property=\"og:image:width\" content=\"1280\" \/>\n\t<meta property=\"og:image:height\" content=\"853\" \/>\n\t<meta property=\"og:image:type\" content=\"image\/png\" \/>\n<meta name=\"twitter:card\" content=\"summary_large_image\" \/>\n<meta name=\"twitter:label1\" content=\"Napisane przez\" \/>\n\t<meta name=\"twitter:data1\" content=\"Pakuten Girl\" \/>\n\t<meta name=\"twitter:label2\" content=\"Szacowany czas czytania\" \/>\n\t<meta name=\"twitter:data2\" content=\"5 minut\" \/>\n<script type=\"application\/ld+json\" class=\"yoast-schema-graph\">{\"@context\":\"https:\/\/schema.org\",\"@graph\":[{\"@type\":\"Organization\",\"@id\":\"https:\/\/pakuten.pl\/blog\/#organization\",\"name\":\"Pakuten\",\"url\":\"https:\/\/pakuten.pl\/blog\/\",\"sameAs\":[],\"logo\":{\"@type\":\"ImageObject\",\"@id\":\"https:\/\/pakuten.pl\/blog\/#logo\",\"inLanguage\":\"pl-PL\",\"url\":\"http:\/\/pakuten.pl\/blog\/wp-content\/uploads\/2018\/01\/pakuten_logo.png\",\"contentUrl\":\"http:\/\/pakuten.pl\/blog\/wp-content\/uploads\/2018\/01\/pakuten_logo.png\",\"width\":300,\"height\":120,\"caption\":\"Pakuten\"},\"image\":{\"@id\":\"https:\/\/pakuten.pl\/blog\/#logo\"}},{\"@type\":\"WebSite\",\"@id\":\"https:\/\/pakuten.pl\/blog\/#website\",\"url\":\"https:\/\/pakuten.pl\/blog\/\",\"name\":\"Pakuten blog\",\"description\":\"Blog sklepu internetowego pakuten.pl\",\"publisher\":{\"@id\":\"https:\/\/pakuten.pl\/blog\/#organization\"},\"potentialAction\":[{\"@type\":\"SearchAction\",\"target\":{\"@type\":\"EntryPoint\",\"urlTemplate\":\"https:\/\/pakuten.pl\/blog\/?s={search_term_string}\"},\"query-input\":\"required name=search_term_string\"}],\"inLanguage\":\"pl-PL\"},{\"@type\":\"ImageObject\",\"@id\":\"https:\/\/pakuten.pl\/blog\/letnie-sukienki-2025-trendy-fasony-i-kolory-ktore-pokochasz\/#primaryimage\",\"inLanguage\":\"pl-PL\",\"url\":\"https:\/\/pakuten.pl\/blog\/wp-content\/uploads\/2025\/06\/Stylizacje-na-co-dzien\u0301-\u2013-jak-wygla\u0328dac\u0301-stylowo-w-zwykly-dzien\u0301-1.png\",\"contentUrl\":\"https:\/\/pakuten.pl\/blog\/wp-content\/uploads\/2025\/06\/Stylizacje-na-co-dzien\u0301-\u2013-jak-wygla\u0328dac\u0301-stylowo-w-zwykly-dzien\u0301-1.png\",\"width\":1280,\"height\":853},{\"@type\":\"WebPage\",\"@id\":\"https:\/\/pakuten.pl\/blog\/letnie-sukienki-2025-trendy-fasony-i-kolory-ktore-pokochasz\/#webpage\",\"url\":\"https:\/\/pakuten.pl\/blog\/letnie-sukienki-2025-trendy-fasony-i-kolory-ktore-pokochasz\/\",\"name\":\"Letnie sukienki 2025 \u2013 trendy, fasony i kolory, kt\u00f3re pokochasz - Pakuten blog\",\"isPartOf\":{\"@id\":\"https:\/\/pakuten.pl\/blog\/#website\"},\"primaryImageOfPage\":{\"@id\":\"https:\/\/pakuten.pl\/blog\/letnie-sukienki-2025-trendy-fasony-i-kolory-ktore-pokochasz\/#primaryimage\"},\"datePublished\":\"2025-07-04T12:51:00+00:00\",\"dateModified\":\"2025-06-25T12:56:55+00:00\",\"description\":\"Letnie sukienki 2025 \u2013 poznaj modne kroje, kolory i tkaniny, kt\u00f3re b\u0119d\u0105 rz\u0105dzi\u0107 tego lata. Sprawd\u017a, co warto mie\u0107!\",\"breadcrumb\":{\"@id\":\"https:\/\/pakuten.pl\/blog\/letnie-sukienki-2025-trendy-fasony-i-kolory-ktore-pokochasz\/#breadcrumb\"},\"inLanguage\":\"pl-PL\",\"potentialAction\":[{\"@type\":\"ReadAction\",\"target\":[\"https:\/\/pakuten.pl\/blog\/letnie-sukienki-2025-trendy-fasony-i-kolory-ktore-pokochasz\/\"]}]},{\"@type\":\"BreadcrumbList\",\"@id\":\"https:\/\/pakuten.pl\/blog\/letnie-sukienki-2025-trendy-fasony-i-kolory-ktore-pokochasz\/#breadcrumb\",\"itemListElement\":[{\"@type\":\"ListItem\",\"position\":1,\"name\":\"Strona g\u0142\u00f3wna\",\"item\":\"https:\/\/pakuten.pl\/blog\/\"},{\"@type\":\"ListItem\",\"position\":2,\"name\":\"Letnie sukienki 2025 \u2013 trendy, fasony i kolory, kt\u00f3re pokochasz\"}]},{\"@type\":\"Article\",\"@id\":\"https:\/\/pakuten.pl\/blog\/letnie-sukienki-2025-trendy-fasony-i-kolory-ktore-pokochasz\/#article\",\"isPartOf\":{\"@id\":\"https:\/\/pakuten.pl\/blog\/letnie-sukienki-2025-trendy-fasony-i-kolory-ktore-pokochasz\/#webpage\"},\"author\":{\"@id\":\"https:\/\/pakuten.pl\/blog\/#\/schema\/person\/d7133af30211381a4e4536d088384556\"},\"headline\":\"Letnie sukienki 2025 \u2013 trendy, fasony i kolory, kt\u00f3re pokochasz\",\"datePublished\":\"2025-07-04T12:51:00+00:00\",\"dateModified\":\"2025-06-25T12:56:55+00:00\",\"mainEntityOfPage\":{\"@id\":\"https:\/\/pakuten.pl\/blog\/letnie-sukienki-2025-trendy-fasony-i-kolory-ktore-pokochasz\/#webpage\"},\"wordCount\":920,\"commentCount\":0,\"publisher\":{\"@id\":\"https:\/\/pakuten.pl\/blog\/#organization\"},\"image\":{\"@id\":\"https:\/\/pakuten.pl\/blog\/letnie-sukienki-2025-trendy-fasony-i-kolory-ktore-pokochasz\/#primaryimage\"},\"thumbnailUrl\":\"https:\/\/pakuten.pl\/blog\/wp-content\/uploads\/2025\/06\/Stylizacje-na-co-dzien\u0301-\u2013-jak-wygla\u0328dac\u0301-stylowo-w-zwykly-dzien\u0301-1.png\",\"articleSection\":[\"Inspirations\"],\"inLanguage\":\"pl-PL\",\"potentialAction\":[{\"@type\":\"CommentAction\",\"name\":\"Comment\",\"target\":[\"https:\/\/pakuten.pl\/blog\/letnie-sukienki-2025-trendy-fasony-i-kolory-ktore-pokochasz\/#respond\"]}]},{\"@type\":\"Person\",\"@id\":\"https:\/\/pakuten.pl\/blog\/#\/schema\/person\/d7133af30211381a4e4536d088384556\",\"name\":\"Pakuten Girl\",\"image\":{\"@type\":\"ImageObject\",\"@id\":\"https:\/\/pakuten.pl\/blog\/#personlogo\",\"inLanguage\":\"pl-PL\",\"url\":\"https:\/\/secure.gravatar.com\/avatar\/d3df41de2caf92e6cfded9430c2ff352?s=96&d=mm&r=g\",\"contentUrl\":\"https:\/\/secure.gravatar.com\/avatar\/d3df41de2caf92e6cfded9430c2ff352?s=96&d=mm&r=g\",\"caption\":\"Pakuten Girl\"},\"description\":\"Cze\u015b\u0107, nazywam si\u0119 Ola. Kocham Netflixa, sals\u0119, nowo\u015bci kosmetyczne i najnowsze trendy w modzie.\",\"url\":\"https:\/\/pakuten.pl\/blog\/author\/pakuten-girl\/\"}]}<\/script>\n<!-- \/ Yoast SEO plugin. -->","yoast_head_json":{"title":"Letnie sukienki 2025 \u2013 trendy, fasony i kolory, kt\u00f3re pokochasz - Pakuten blog","description":"Letnie sukienki 2025 \u2013 poznaj modne kroje, kolory i tkaniny, kt\u00f3re b\u0119d\u0105 rz\u0105dzi\u0107 tego lata. Sprawd\u017a, co warto mie\u0107!","robots":{"index":"index","follow":"follow","max-snippet":"max-snippet:-1","max-image-preview":"max-image-preview:large","max-video-preview":"max-video-preview:-1"},"canonical":"https:\/\/pakuten.pl\/blog\/letnie-sukienki-2025-trendy-fasony-i-kolory-ktore-pokochasz\/","og_locale":"pl_PL","og_type":"article","og_title":"Letnie sukienki 2025 \u2013 trendy, fasony i kolory, kt\u00f3re pokochasz - Pakuten blog","og_description":"Letnie sukienki 2025 \u2013 poznaj modne kroje, kolory i tkaniny, kt\u00f3re b\u0119d\u0105 rz\u0105dzi\u0107 tego lata. Sprawd\u017a, co warto mie\u0107!","og_url":"https:\/\/pakuten.pl\/blog\/letnie-sukienki-2025-trendy-fasony-i-kolory-ktore-pokochasz\/","og_site_name":"Pakuten blog","article_published_time":"2025-07-04T12:51:00+00:00","article_modified_time":"2025-06-25T12:56:55+00:00","og_image":[{"width":1280,"height":853,"url":"https:\/\/pakuten.pl\/blog\/wp-content\/uploads\/2025\/06\/Stylizacje-na-co-dzien\u0301-\u2013-jak-wygla\u0328dac\u0301-stylowo-w-zwykly-dzien\u0301-1.png","type":"image\/png"}],"twitter_card":"summary_large_image","twitter_misc":{"Napisane przez":"Pakuten Girl","Szacowany czas czytania":"5 minut"},"schema":{"@context":"https:\/\/schema.org","@graph":[{"@type":"Organization","@id":"https:\/\/pakuten.pl\/blog\/#organization","name":"Pakuten","url":"https:\/\/pakuten.pl\/blog\/","sameAs":[],"logo":{"@type":"ImageObject","@id":"https:\/\/pakuten.pl\/blog\/#logo","inLanguage":"pl-PL","url":"http:\/\/pakuten.pl\/blog\/wp-content\/uploads\/2018\/01\/pakuten_logo.png","contentUrl":"http:\/\/pakuten.pl\/blog\/wp-content\/uploads\/2018\/01\/pakuten_logo.png","width":300,"height":120,"caption":"Pakuten"},"image":{"@id":"https:\/\/pakuten.pl\/blog\/#logo"}},{"@type":"WebSite","@id":"https:\/\/pakuten.pl\/blog\/#website","url":"https:\/\/pakuten.pl\/blog\/","name":"Pakuten blog","description":"Blog sklepu internetowego pakuten.pl","publisher":{"@id":"https:\/\/pakuten.pl\/blog\/#organization"},"potentialAction":[{"@type":"SearchAction","target":{"@type":"EntryPoint","urlTemplate":"https:\/\/pakuten.pl\/blog\/?s={search_term_string}"},"query-input":"required name=search_term_string"}],"inLanguage":"pl-PL"},{"@type":"ImageObject","@id":"https:\/\/pakuten.pl\/blog\/letnie-sukienki-2025-trendy-fasony-i-kolory-ktore-pokochasz\/#primaryimage","inLanguage":"pl-PL","url":"https:\/\/pakuten.pl\/blog\/wp-content\/uploads\/2025\/06\/Stylizacje-na-co-dzien\u0301-\u2013-jak-wygla\u0328dac\u0301-stylowo-w-zwykly-dzien\u0301-1.png","contentUrl":"https:\/\/pakuten.pl\/blog\/wp-content\/uploads\/2025\/06\/Stylizacje-na-co-dzien\u0301-\u2013-jak-wygla\u0328dac\u0301-stylowo-w-zwykly-dzien\u0301-1.png","width":1280,"height":853},{"@type":"WebPage","@id":"https:\/\/pakuten.pl\/blog\/letnie-sukienki-2025-trendy-fasony-i-kolory-ktore-pokochasz\/#webpage","url":"https:\/\/pakuten.pl\/blog\/letnie-sukienki-2025-trendy-fasony-i-kolory-ktore-pokochasz\/","name":"Letnie sukienki 2025 \u2013 trendy, fasony i kolory, kt\u00f3re pokochasz - Pakuten blog","isPartOf":{"@id":"https:\/\/pakuten.pl\/blog\/#website"},"primaryImageOfPage":{"@id":"https:\/\/pakuten.pl\/blog\/letnie-sukienki-2025-trendy-fasony-i-kolory-ktore-pokochasz\/#primaryimage"},"datePublished":"2025-07-04T12:51:00+00:00","dateModified":"2025-06-25T12:56:55+00:00","description":"Letnie sukienki 2025 \u2013 poznaj modne kroje, kolory i tkaniny, kt\u00f3re b\u0119d\u0105 rz\u0105dzi\u0107 tego lata. Sprawd\u017a, co warto mie\u0107!","breadcrumb":{"@id":"https:\/\/pakuten.pl\/blog\/letnie-sukienki-2025-trendy-fasony-i-kolory-ktore-pokochasz\/#breadcrumb"},"inLanguage":"pl-PL","potentialAction":[{"@type":"ReadAction","target":["https:\/\/pakuten.pl\/blog\/letnie-sukienki-2025-trendy-fasony-i-kolory-ktore-pokochasz\/"]}]},{"@type":"BreadcrumbList","@id":"https:\/\/pakuten.pl\/blog\/letnie-sukienki-2025-trendy-fasony-i-kolory-ktore-pokochasz\/#breadcrumb","itemListElement":[{"@type":"ListItem","position":1,"name":"Strona g\u0142\u00f3wna","item":"https:\/\/pakuten.pl\/blog\/"},{"@type":"ListItem","position":2,"name":"Letnie sukienki 2025 \u2013 trendy, fasony i kolory, kt\u00f3re pokochasz"}]},{"@type":"Article","@id":"https:\/\/pakuten.pl\/blog\/letnie-sukienki-2025-trendy-fasony-i-kolory-ktore-pokochasz\/#article","isPartOf":{"@id":"https:\/\/pakuten.pl\/blog\/letnie-sukienki-2025-trendy-fasony-i-kolory-ktore-pokochasz\/#webpage"},"author":{"@id":"https:\/\/pakuten.pl\/blog\/#\/schema\/person\/d7133af30211381a4e4536d088384556"},"headline":"Letnie sukienki 2025 \u2013 trendy, fasony i kolory, kt\u00f3re pokochasz","datePublished":"2025-07-04T12:51:00+00:00","dateModified":"2025-06-25T12:56:55+00:00","mainEntityOfPage":{"@id":"https:\/\/pakuten.pl\/blog\/letnie-sukienki-2025-trendy-fasony-i-kolory-ktore-pokochasz\/#webpage"},"wordCount":920,"commentCount":0,"publisher":{"@id":"https:\/\/pakuten.pl\/blog\/#organization"},"image":{"@id":"https:\/\/pakuten.pl\/blog\/letnie-sukienki-2025-trendy-fasony-i-kolory-ktore-pokochasz\/#primaryimage"},"thumbnailUrl":"https:\/\/pakuten.pl\/blog\/wp-content\/uploads\/2025\/06\/Stylizacje-na-co-dzien\u0301-\u2013-jak-wygla\u0328dac\u0301-stylowo-w-zwykly-dzien\u0301-1.png","articleSection":["Inspirations"],"inLanguage":"pl-PL","potentialAction":[{"@type":"CommentAction","name":"Comment","target":["https:\/\/pakuten.pl\/blog\/letnie-sukienki-2025-trendy-fasony-i-kolory-ktore-pokochasz\/#respond"]}]},{"@type":"Person","@id":"https:\/\/pakuten.pl\/blog\/#\/schema\/person\/d7133af30211381a4e4536d088384556","name":"Pakuten Girl","image":{"@type":"ImageObject","@id":"https:\/\/pakuten.pl\/blog\/#personlogo","inLanguage":"pl-PL","url":"https:\/\/secure.gravatar.com\/avatar\/d3df41de2caf92e6cfded9430c2ff352?s=96&d=mm&r=g","contentUrl":"https:\/\/secure.gravatar.com\/avatar\/d3df41de2caf92e6cfded9430c2ff352?s=96&d=mm&r=g","caption":"Pakuten Girl"},"description":"Cze\u015b\u0107, nazywam si\u0119 Ola. Kocham Netflixa, sals\u0119, nowo\u015bci kosmetyczne i najnowsze trendy w modzie.","url":"https:\/\/pakuten.pl\/blog\/author\/pakuten-girl\/"}]}},"_links":{"self":[{"href":"https:\/\/pakuten.pl\/blog\/wp-json\/wp\/v2\/posts\/10082"}],"collection":[{"href":"https:\/\/pakuten.pl\/blog\/wp-json\/wp\/v2\/posts"}],"about":[{"href":"https:\/\/pakuten.pl\/blog\/wp-json\/wp\/v2\/types\/post"}],"author":[{"embeddable":true,"href":"https:\/\/pakuten.pl\/blog\/wp-json\/wp\/v2\/users\/3"}],"replies":[{"embeddable":true,"href":"https:\/\/pakuten.pl\/blog\/wp-json\/wp\/v2\/comments?post=10082"}],"version-history":[{"count":8,"href":"https:\/\/pakuten.pl\/blog\/wp-json\/wp\/v2\/posts\/10082\/revisions"}],"predecessor-version":[{"id":10093,"href":"https:\/\/pakuten.pl\/blog\/wp-json\/wp\/v2\/posts\/10082\/revisions\/10093"}],"wp:featuredmedia":[{"embeddable":true,"href":"https:\/\/pakuten.pl\/blog\/wp-json\/wp\/v2\/media\/10089"}],"wp:attachment":[{"href":"https:\/\/pakuten.pl\/blog\/wp-json\/wp\/v2\/media?parent=10082"}],"wp:term":[{"taxonomy":"category","embeddable":true,"href":"https:\/\/pakuten.pl\/blog\/wp-json\/wp\/v2\/categories?post=10082"},{"taxonomy":"post_tag","embeddable":true,"href":"https:\/\/pakuten.pl\/blog\/wp-json\/wp\/v2\/tags?post=10082"}],"curies":[{"name":"wp","href":"https:\/\/api.w.org\/{rel}","templated":true}]}}