{"id":10095,"date":"2025-07-11T13:53:00","date_gmt":"2025-07-11T11:53:00","guid":{"rendered":"https:\/\/pakuten.pl\/blog\/?p=10095"},"modified":"2025-06-26T14:39:57","modified_gmt":"2025-06-26T12:39:57","slug":"pastelowe-barwy-jak-je-nosic-latem-2025-by-wygladac-modnie-i-swiezo","status":"publish","type":"post","link":"https:\/\/pakuten.pl\/blog\/pastelowe-barwy-jak-je-nosic-latem-2025-by-wygladac-modnie-i-swiezo\/","title":{"rendered":"Pastelowe barwy \u2013 jak je nosi\u0107 latem 2025, by wygl\u0105da\u0107 modnie i \u015bwie\u017co?"},"content":{"rendered":"\n<p class=\"p1\"><strong>Pastelowe barwy to klasyk, kt\u00f3ry co roku wraca do \u0142ask, ale w nowej ods\u0142onie. Lato 2025 nie jest wyj\u0105tkiem. Delikatne kolory, takie jak mi\u0119ta, baby blue czy r\u00f3\u017c pudrowy, zdominowa\u0142y kolekcje najwi\u0119kszych marek. Na szcz\u0119\u015bcie pastele to trend, kt\u00f3ry jest zar\u00f3wno stylowy, jak i uniwersalny.<\/strong><\/p>\n<p class=\"p1\"><strong>Nie musisz zmienia\u0107 ca\u0142ej szafy, by wprowadzi\u0107 je do codziennego stylu. Wystarczy kilka dobrze dobranych element\u00f3w i podstawowa wiedza, jak je \u0142\u0105czy\u0107. Sprawd\u017a, jak nosi\u0107 pastelowe barwy, by wygl\u0105da\u0107 \u015bwie\u017co, kobieco i zgodnie z trendami Pakuten na lato 2025.<\/strong><\/p>\n<h2 class=\"p1\"><span style=\"background-color: #ffffff; color: #ff9900;\">Pastelowe barwy \u2013 dlaczego warto je nosi\u0107 latem?<\/span><\/h2>\n<p class=\"p1\">Lato to czas lekko\u015bci, \u015bwie\u017co\u015bci i zabawy <span style=\"color: #ff9900;\"><a style=\"color: #ff9900;\" href=\"https:\/\/pakuten.pl\/\" target=\"_blank\" rel=\"noopener\">mod\u0105<\/a><\/span>. <b>Pastelowe barwy<\/b> idealnie wpisuj\u0105 si\u0119 w ten klimat. S\u0105 delikatne, ale potrafi\u0105 przyci\u0105gn\u0105\u0107 uwag\u0119. Co wi\u0119cej, odbijaj\u0105 \u015bwiat\u0142o i \u015bwietnie prezentuj\u0105 si\u0119 na opalonej sk\u00f3rze.<\/p>\n<p class=\"p1\">W przeciwie\u0144stwie do neon\u00f3w, pastele s\u0105 subtelne i eleganckie. Mo\u017cna je \u0142atwo \u0142\u0105czy\u0107 z neutralnymi kolorami, takimi jak biel, be\u017c czy szaro\u015b\u0107. Dzi\u0119ki temu tworz\u0105 baz\u0119 stylizacji, kt\u00f3ra wygl\u0105da nowocze\u015bnie, ale nie przesadnie.<\/p>\n<div class=\"product-box-container\">\r\n<div class=\"one_third \" style=\"\">\r\n<div class=\"product-box\">\r\n<a href=\"https:\/\/pakuten.pl\/45682-93235-sukienka-midi-typu-hiszpanka-bambina-maselkowa-maselkowy.html\" target=\"_blank\">\r\n <img src=\"https:\/\/media.pakuten.pl\/263677-large_default\/sukienka-midi-typu-hiszpanka-bambina-maselkowa.jpg\" alt=\"Sukienka midi typu hiszpanka Bambina - mase\u0142kowa\"\/>\r\n<\/a>\r\n<p>\r\n<a href=\"https:\/\/pakuten.pl\/45682-93235-sukienka-midi-typu-hiszpanka-bambina-maselkowa-maselkowy.html\" target=\"_blank\">\r\nSukienka midi typu hiszpanka Bambina - mase\u0142kowa\r\n<\/a><\/p>\r\n  <p>Cena: 104,99\u00a0z\u0142<\/p>\r\n<a href=\"https:\/\/pakuten.pl\/45682-93235-sukienka-midi-typu-hiszpanka-bambina-maselkowa-maselkowy.html\" target=\"_blank\" class=\"button\">\r\nZobacz w sklepie\r\n<\/a>\r\n<\/div>\r\n<\/div>\r\n<div class=\"one_third \" style=\"\">\r\n<div class=\"product-box\">\r\n<a href=\"https:\/\/pakuten.pl\/45633-93136-blekitna-sukienka-mini-wiazana-w-talii-elimena-blekitny.html\" target=\"_blank\">\r\n  <img src=\"https:\/\/media.pakuten.pl\/263564-large_default\/blekitna-sukienka-mini-wiazana-w-talii-elimena.jpg\" alt=\"B\u0142\u0119kitna sukienka mini wi\u0105zana w talii Elimena\"\/>\r\n<\/a>\r\n<p>\r\n<a href=\"https:\/\/pakuten.pl\/45633-93136-blekitna-sukienka-mini-wiazana-w-talii-elimena-blekitny.html\" target=\"_blank\">\r\nB\u0142\u0119kitna sukienka mini wi\u0105zana w talii Elimena\r\n<\/a><\/p>\r\n  <p>Cena: 136,99\u00a0z\u0142<\/p>\r\n<a href=\"https:\/\/pakuten.pl\/45633-93136-blekitna-sukienka-mini-wiazana-w-talii-elimena-blekitny.html\" target=\"_blank\" class=\"button\">\r\nZobacz w sklepie\r\n<\/a>\r\n<\/div>\r\n<\/div>\r\n<div class=\"one_third last \" style=\"\">\r\n<div class=\"product-box\">\r\n<a href=\"https:\/\/pakuten.pl\/45731-93320-sukienka-z-wiazaniem-w-talii-lucillaa-brudny-roz-brudny-roz.html\" target=\"_blank\">\r\n  <img src=\"https:\/\/media.pakuten.pl\/263981-large_default\/sukienka-z-wiazaniem-w-talii-lucillaa-brudny-roz.jpg\" alt=\"Sukienka z wi\u0105zaniem w talii Lucillaa - brudny r\u00f3\u017c\"\/>\r\n<\/a>\r\n<p>\r\n<a href=\"https:\/\/pakuten.pl\/45731-93320-sukienka-z-wiazaniem-w-talii-lucillaa-brudny-roz-brudny-roz.html\" target=\"_blank\">\r\nSukienka z wi\u0105zaniem w talii Lucillaa - brudny r\u00f3\u017c\r\n<\/a><\/p>\r\n  <p>Cena: 89,99\u00a0z\u0142<\/p>\r\n<a href=\"https:\/\/pakuten.pl\/45731-93320-sukienka-z-wiazaniem-w-talii-lucillaa-brudny-roz-brudny-roz.html\" target=\"_blank\" class=\"button\">\r\nZobacz w sklepie\r\n<\/a>\r\n<\/div>\r\n<\/div><br class=\"clear\"\/>\r\n<\/div>\n<p class=\"p1\">W dodatku pastele pasuj\u0105 do ka\u017cdej sylwetki i karnacji. Wystarczy dobra\u0107 odpowiedni odcie\u0144 \u2013 np. ch\u0142odny r\u00f3\u017c dla jasnej cery albo morelowy dla sk\u00f3ry oliwkowej. Dzi\u0119ki temu ka\u017cda kobieta mo\u017ce wygl\u0105da\u0107 \u015bwie\u017co i naturalnie.<\/p>\n<h2 class=\"p1\"><span style=\"color: #ff9900;\">Pastelowe barwy \u2013 jak \u0142\u0105czy\u0107 je w stylizacjach?<\/span><\/h2>\n<p class=\"p2\">\u0141\u0105czenie pasteli to czysta przyjemno\u015b\u0107, ale warto trzyma\u0107 si\u0119 kilku zasad. Pierwsza: nie b\u00f3j si\u0119 kontrast\u00f3w. Cho\u0107 pastele s\u0105 spokojne, dobrze komponuj\u0105 si\u0119 z mocniejszymi akcentami. R\u00f3\u017cowy total look? Tak, ale z torebk\u0105 w kolorze karmelu lub butami w odcieniu khaki.<\/p>\n<p><img loading=\"lazy\" class=\"aligncenter size-full wp-image-10098\" src=\"https:\/\/pakuten.pl\/blog\/wp-content\/uploads\/2025\/06\/Projekt-bez-nazwy-13.jpg\" alt=\"Pastelowe barwy \u2013 jak \u0142\u0105czy\u0107 je w stylizacjach\" width=\"580\" height=\"960\" \/><\/p>\n<p class=\"p2\">Druga zasada to monochromatyczno\u015b\u0107. Stylizacje w jednym kolorze, np. ca\u0142y zestaw w b\u0142\u0119kicie, wygl\u0105daj\u0105 \u015bwie\u017co i bardzo modnie. Wystarczy prze\u0142ama\u0107 je faktur\u0105 \u2013 np. po\u0142\u0105czy\u0107 g\u0142adk\u0105 sp\u00f3dnic\u0119 z pr\u0105\u017ckowanym topem.<\/p>\n<p class=\"p2\">Trzecia rada: pastelowe barwy dobrze wygl\u0105daj\u0105 z denimem. Jeansowa kurtka, szorty czy klasyczne spodnie \u015bwietnie \u0142\u0105cz\u0105 si\u0119 z pastelowymi bluzkami i topami. To idealne rozwi\u0105zanie na co dzie\u0144.<\/p>\n<h2 class=\"p1\"><span style=\"color: #ff9900;\">Modne kolory lata 2025<\/span><\/h2>\n<p class=\"p1\">Latem 2025 absolutnym hitem s\u0105 pastelowe barwy, ale jeden odcie\u0144 wybija si\u0119 szczeg\u00f3lnie. Mowa o <strong>mase\u0142kowym \u017c\u00f3\u0142tym<\/strong> \u2013 ciep\u0142ym, subtelnym i kobiecym kolorze, kt\u00f3ry podbi\u0142 wybiegi i serca influencerek. Ten delikatny odcie\u0144 \u017c\u00f3\u0142ci idealnie wygl\u0105da w letnim \u015bwietle, a do tego pasuje niemal ka\u017cdej karnacji.<\/p>\n<p>\u00a0<\/p>\n<blockquote class=\"instagram-media\" style=\"background: #FFF; border: 0; border-radius: 3px; box-shadow: 0 0 1px 0 rgba(0,0,0,0.5),0 1px 10px 0 rgba(0,0,0,0.15); margin: 1px; max-width: 540px; min-width: 326px; padding: 0; width: calc(100% - 2px);\" data-instgrm-permalink=\"https:\/\/www.instagram.com\/reel\/DLFSDfwIVSN\/?utm_source=ig_embed&amp;utm_campaign=loading\" data-instgrm-version=\"14\">\n<div style=\"padding: 16px;\">\n<div style=\"display: flex; flex-direction: row; align-items: center;\">\n<div style=\"background-color: #f4f4f4; border-radius: 50%; flex-grow: 0; height: 40px; margin-right: 14px; width: 40px;\">\u00a0<\/div>\n<div style=\"display: flex; flex-direction: column; flex-grow: 1; justify-content: center;\">\n<div style=\"background-color: #f4f4f4; border-radius: 4px; flex-grow: 0; height: 14px; margin-bottom: 6px; width: 100px;\">\u00a0<\/div>\n<div style=\"background-color: #f4f4f4; border-radius: 4px; flex-grow: 0; height: 14px; width: 60px;\">\u00a0<\/div>\n<\/div>\n<\/div>\n<div style=\"padding: 19% 0;\">\u00a0<\/div>\n<div style=\"display: block; height: 50px; margin: 0 auto 12px; width: 50px;\">\u00a0<\/div>\n<div style=\"padding-top: 8px;\">\n<div style=\"color: #3897f0; font-family: Arial,sans-serif; font-size: 14px; font-style: normal; font-weight: 550; line-height: 18px;\">Wy\u015bwietl ten post na Instagramie<\/div>\n<\/div>\n<div style=\"padding: 12.5% 0;\">\u00a0<\/div>\n<div style=\"display: flex; flex-direction: row; margin-bottom: 14px; align-items: center;\">\n<div>\n<div style=\"background-color: #f4f4f4; border-radius: 50%; height: 12.5px; width: 12.5px; transform: translateX(0px) translateY(7px);\">\u00a0<\/div>\n<div style=\"background-color: #f4f4f4; height: 12.5px; transform: rotate(-45deg) translateX(3px) translateY(1px); width: 12.5px; flex-grow: 0; margin-right: 14px; margin-left: 2px;\">\u00a0<\/div>\n<div style=\"background-color: #f4f4f4; border-radius: 50%; height: 12.5px; width: 12.5px; transform: translateX(9px) translateY(-18px);\">\u00a0<\/div>\n<\/div>\n<div style=\"margin-left: 8px;\">\n<div style=\"background-color: #f4f4f4; border-radius: 50%; flex-grow: 0; height: 20px; width: 20px;\">\u00a0<\/div>\n<div style=\"width: 0; height: 0; border-top: 2px solid transparent; border-left: 6px solid #f4f4f4; border-bottom: 2px solid transparent; transform: translateX(16px) translateY(-4px) rotate(30deg);\">\u00a0<\/div>\n<\/div>\n<div style=\"margin-left: auto;\">\n<div style=\"width: 0px; border-top: 8px solid #F4F4F4; border-right: 8px solid transparent; transform: translateY(16px);\">\u00a0<\/div>\n<div style=\"background-color: #f4f4f4; flex-grow: 0; height: 12px; width: 16px; transform: translateY(-4px);\">\u00a0<\/div>\n<div style=\"width: 0; height: 0; border-top: 8px solid #F4F4F4; border-left: 8px solid transparent; transform: translateY(-4px) translateX(8px);\">\u00a0<\/div>\n<\/div>\n<\/div>\n<div style=\"display: flex; flex-direction: column; flex-grow: 1; justify-content: center; margin-bottom: 24px;\">\n<div style=\"background-color: #f4f4f4; border-radius: 4px; flex-grow: 0; height: 14px; margin-bottom: 6px; width: 224px;\">\u00a0<\/div>\n<div style=\"background-color: #f4f4f4; border-radius: 4px; flex-grow: 0; height: 14px; width: 144px;\">\u00a0<\/div>\n<\/div>\n<p style=\"color: #c9c8cd; font-family: Arial,sans-serif; font-size: 14px; line-height: 17px; margin-bottom: 0; margin-top: 8px; overflow: hidden; padding: 8px 0 7px; text-align: center; text-overflow: ellipsis; white-space: nowrap;\"><a style=\"color: #c9c8cd; font-family: Arial,sans-serif; font-size: 14px; font-style: normal; font-weight: normal; line-height: 17px; text-decoration: none;\" href=\"https:\/\/www.instagram.com\/reel\/DLFSDfwIVSN\/?utm_source=ig_embed&amp;utm_campaign=loading\" target=\"_blank\" rel=\"noopener\">Post udost\u0119pniony przez Pakuten.pl \u2022 Modna i tania odzie\u017c damska (@pakuten.official)<\/a><\/p>\n<\/div>\n<\/blockquote>\n<p><script async src=\"\/\/www.instagram.com\/embed.js\"><\/script><\/p>\n<p class=\"p1\">Najlepiej prezentuje si\u0119 na sukienkach z cienkimi rami\u0105czkami, szczeg\u00f3lnie w wersji midi lub maxi. \u015awietnie podkre\u015bla delikatno\u015b\u0107 tkaniny i nadaje stylizacji mi\u0119kko\u015bci. Mase\u0142kowy \u017c\u00f3\u0142ty mo\u017cesz te\u017c nosi\u0107 w postaci eleganckiej koszulowej sukienki albo oversize\u2019owej marynarki zestawionej z bia\u0142ym topem i szortami.<\/p>\n<div class=\"product-box-container\">\r\n<div class=\"one_third \" style=\"\">\r\n<div class=\"product-box\">\r\n<a href=\"https:\/\/pakuten.pl\/45789-93436-muslinowy-kombinezon-jak-sukienka-gratin-maselkowy-maselkowy.html\" target=\"_blank\">\r\n <img src=\"https:\/\/media.pakuten.pl\/264217-large_default\/muslinowy-kombinezon-jak-sukienka-gratin-maselkowy.jpg\" alt=\"Mu\u015blinowy kombinezon jak sukienka Gratin - mase\u0142kowy\"\/>\r\n<\/a>\r\n<p>\r\n<a href=\"https:\/\/pakuten.pl\/45789-93436-muslinowy-kombinezon-jak-sukienka-gratin-maselkowy-maselkowy.html\" target=\"_blank\">\r\nMu\u015blinowy kombinezon jak sukienka Gratin - mase\u0142kowy\r\n<\/a><\/p>\r\n  <p>Cena: 153,29\u00a0z\u0142<\/p>\r\n<a href=\"https:\/\/pakuten.pl\/45789-93436-muslinowy-kombinezon-jak-sukienka-gratin-maselkowy-maselkowy.html\" target=\"_blank\" class=\"button\">\r\nZobacz w sklepie\r\n<\/a>\r\n<\/div>\r\n<\/div>\r\n<div class=\"one_third \" style=\"\">\r\n<div class=\"product-box\">\r\n<a href=\"https:\/\/pakuten.pl\/45635-93140-sukienka-mini-wiazana-w-talii-elimena-maselkowa-maselkowy.html\" target=\"_blank\">\r\n  <img src=\"https:\/\/media.pakuten.pl\/263573-large_default\/sukienka-mini-wiazana-w-talii-elimena-maselkowa.jpg\" alt=\"Sukienka mini wi\u0105zana w talii Elimena - mase\u0142kowa\"\/>\r\n<\/a>\r\n<p>\r\n<a href=\"https:\/\/pakuten.pl\/45635-93140-sukienka-mini-wiazana-w-talii-elimena-maselkowa-maselkowy.html\" target=\"_blank\">\r\nSukienka mini wi\u0105zana w talii Elimena - mase\u0142kowa\r\n<\/a><\/p>\r\n  <p>Cena: 136,99\u00a0z\u0142<\/p>\r\n<a href=\"https:\/\/pakuten.pl\/45635-93140-sukienka-mini-wiazana-w-talii-elimena-maselkowa-maselkowy.html\" target=\"_blank\" class=\"button\">\r\nZobacz w sklepie\r\n<\/a>\r\n<\/div>\r\n<\/div>\r\n<div class=\"one_third last \" style=\"\">\r\n<div class=\"product-box\">\r\n<a href=\"https:\/\/pakuten.pl\/45737-93334-sukienka-z-wiazaniem-w-talii-lucillaa-maselkowa-maselkowy.html\" target=\"_blank\">\r\n  <img src=\"https:\/\/media.pakuten.pl\/264011-large_default\/sukienka-z-wiazaniem-w-talii-lucillaa-maselkowa.jpg\" alt=\"Sukienka z wi\u0105zaniem w talii Lucillaa - mase\u0142kowa\"\/>\r\n<\/a>\r\n<p>\r\n<a href=\"https:\/\/pakuten.pl\/45737-93334-sukienka-z-wiazaniem-w-talii-lucillaa-maselkowa-maselkowy.html\" target=\"_blank\">\r\nSukienka z wi\u0105zaniem w talii Lucillaa - mase\u0142kowa\r\n<\/a><\/p>\r\n  <p>Cena: 89,99\u00a0z\u0142<\/p>\r\n<a href=\"https:\/\/pakuten.pl\/45737-93334-sukienka-z-wiazaniem-w-talii-lucillaa-maselkowa-maselkowy.html\" target=\"_blank\" class=\"button\">\r\nZobacz w sklepie\r\n<\/a>\r\n<\/div>\r\n<\/div><br class=\"clear\"\/>\r\n<\/div>\n<p class=\"p1\">Kolejnym modnym kolorem w\u015br\u00f3d pastelowych barw jest r\u00f3\u017c w odcieniu pudrowym. Bardziej stonowany ni\u017c klasyczny r\u00f3\u017c, ale nadal bardzo kobiecy. Najlepiej wygl\u0105da na kopertowych sukienkach, kompletach z kr\u00f3tkim r\u0119kawem oraz plisowanych sp\u00f3dnicach. Doskonale komponuje si\u0119 z biel\u0105, jasnym jeansem i dodatkami w kolorze nude.<\/p>\n<div id=\"attachment_10099\" style=\"width: 590px\" class=\"wp-caption aligncenter\"><img aria-describedby=\"caption-attachment-10099\" loading=\"lazy\" class=\"size-full wp-image-10099\" src=\"https:\/\/pakuten.pl\/blog\/wp-content\/uploads\/2025\/06\/Projekt-bez-nazwy-59.png\" alt=\"Pastelowe barwy\" width=\"580\" height=\"960\" \/><p id=\"caption-attachment-10099\" class=\"wp-caption-text\">Sukienka z przek\u0142adanym dekoltem Cleliaa<\/p><\/div>\n<p class=\"p1\">Nie mo\u017cna te\u017c zapomina\u0107 o baby blue, kt\u00f3ry jest r\u00f3wnie modny co poprzednie sezony, ale w 2025 roku przybiera bardziej wyrafinowan\u0105 form\u0119. \u015awietnie prezentuje si\u0119 na garniturach z lekkich tkanin, topach z bufkami czy d\u0142ugich, eleganckich koszulach, kt\u00f3re mo\u017cna nosi\u0107 solo lub jako narzutk\u0119.<\/p>\n<div class=\"product-box-container\">\r\n<div class=\"one_third \" style=\"\">\r\n<div class=\"product-box\">\r\n<a href=\"https:\/\/pakuten.pl\/45688-93247-blekitny-kombinezon-jak-sukienka-z-przekladanym-dekoltem-chanel-blekitny.html\" target=\"_blank\">\r\n <img src=\"https:\/\/media.pakuten.pl\/263716-large_default\/blekitny-kombinezon-jak-sukienka-z-przekladanym-dekoltem-chanel.jpg\" alt=\"B\u0142\u0119kitny kombinezon jak sukienka z przek\u0142adanym dekoltem Chanel\"\/>\r\n<\/a>\r\n<p>\r\n<a href=\"https:\/\/pakuten.pl\/45688-93247-blekitny-kombinezon-jak-sukienka-z-przekladanym-dekoltem-chanel-blekitny.html\" target=\"_blank\">\r\nB\u0142\u0119kitny kombinezon jak sukienka z przek\u0142adanym dekoltem Chanel\r\n<\/a><\/p>\r\n  <p>Cena: 106,99\u00a0z\u0142<\/p>\r\n<a href=\"https:\/\/pakuten.pl\/45688-93247-blekitny-kombinezon-jak-sukienka-z-przekladanym-dekoltem-chanel-blekitny.html\" target=\"_blank\" class=\"button\">\r\nZobacz w sklepie\r\n<\/a>\r\n<\/div>\r\n<\/div>\r\n<div class=\"one_third \" style=\"\">\r\n<div class=\"product-box\">\r\n<a href=\"https:\/\/pakuten.pl\/32029-71784-blekitna-sukienka-midi-z-wycieciem-na-brzuchu-vaira-blekitny.html\" target=\"_blank\">\r\n  <img src=\"https:\/\/media.pakuten.pl\/194914-large_default\/blekitna-sukienka-midi-z-wycieciem-na-brzuchu-vaira.jpg\" alt=\"B\u0142\u0119kitna sukienka midi z wyci\u0119ciem na brzuchu Vaira\"\/>\r\n<\/a>\r\n<p>\r\n<a href=\"https:\/\/pakuten.pl\/32029-71784-blekitna-sukienka-midi-z-wycieciem-na-brzuchu-vaira-blekitny.html\" target=\"_blank\">\r\nB\u0142\u0119kitna sukienka midi z wyci\u0119ciem na brzuchu Vaira\r\n<\/a><\/p>\r\n  <p>Cena: 99,39\u00a0z\u0142<\/p>\r\n<a href=\"https:\/\/pakuten.pl\/32029-71784-blekitna-sukienka-midi-z-wycieciem-na-brzuchu-vaira-blekitny.html\" target=\"_blank\" class=\"button\">\r\nZobacz w sklepie\r\n<\/a>\r\n<\/div>\r\n<\/div>\r\n<div class=\"one_third last \" style=\"\">\r\n<div class=\"product-box\">\r\n<a href=\"https:\/\/pakuten.pl\/45738-93332-blekitna-sukienka-z-wiazaniem-w-talii-lucillaa-blekitny.html\" target=\"_blank\">\r\n  <img src=\"https:\/\/media.pakuten.pl\/264018-large_default\/blekitna-sukienka-z-wiazaniem-w-talii-lucillaa.jpg\" alt=\"B\u0142\u0119kitna sukienka z wi\u0105zaniem w talii Lucillaa\"\/>\r\n<\/a>\r\n<p>\r\n<a href=\"https:\/\/pakuten.pl\/45738-93332-blekitna-sukienka-z-wiazaniem-w-talii-lucillaa-blekitny.html\" target=\"_blank\">\r\nB\u0142\u0119kitna sukienka z wi\u0105zaniem w talii Lucillaa\r\n<\/a><\/p>\r\n  <p>Cena: 89,99\u00a0z\u0142<\/p>\r\n<a href=\"https:\/\/pakuten.pl\/45738-93332-blekitna-sukienka-z-wiazaniem-w-talii-lucillaa-blekitny.html\" target=\"_blank\" class=\"button\">\r\nZobacz w sklepie\r\n<\/a>\r\n<\/div>\r\n<\/div><br class=\"clear\"\/>\r\n<\/div>\n<p class=\"p1\">Zadbaj o to, by tkanina by\u0142a mi\u0119kka i naturalna \u2013 dzi\u0119ki temu pastelowe odcienie jeszcze lepiej oddadz\u0105 letni, \u015bwie\u017cy klimat stylizacji.<\/p>\n<h2 class=\"p1\"><span style=\"color: #ff9900;\">Pastelowe barwy \u2013 jak je stylizowa\u0107 z dodatkami?<\/span><\/h2>\n<p class=\"p2\">Dodatki maj\u0105 moc. W stylizacjach z pastelami najlepiej sprawdz\u0105 si\u0119 akcesoria w kolorze nude, z\u0142ota lub srebra. Dodaj\u0105 elegancji, ale nie odci\u0105gaj\u0105 uwagi od g\u0142\u00f3wnego koloru.<\/p>\n<p class=\"p2\">Do pastelowej sukienki warto doda\u0107 delikatne sanda\u0142y i minimalistyczn\u0105 torebk\u0119. Mo\u017cna te\u017c prze\u0142ama\u0107 stylizacj\u0119 mocniejszym akcentem \u2013 np. okularami przeciws\u0142onecznymi w czarnej oprawie.<\/p>\n<p class=\"p2\">Bi\u017cuteria? Im bardziej subtelna, tym lepiej. Z\u0142ote \u0142a\u0144cuszki, per\u0142y lub kolczyki w kszta\u0142cie k\u00f3\u0142 b\u0119d\u0105 idealne. Pasuj\u0105 zar\u00f3wno do stylizacji codziennej, jak i tej bardziej wyj\u015bciowej.<\/p>\n<p class=\"p2\">Nie zapomnij o nakryciach g\u0142owy. Pastelowy kapelusz albo opaska to modny i praktyczny dodatek na lato.<\/p>\n<p><img loading=\"lazy\" class=\"aligncenter size-full wp-image-10100\" src=\"https:\/\/pakuten.pl\/blog\/wp-content\/uploads\/2025\/06\/Projekt-bez-nazwy-14.jpg\" alt=\"Pastelowe barwy \u2013 jak je stylizowa\u0107 z dodatkami?\" width=\"580\" height=\"960\" \/><\/p>\n<p>\u00a0<\/p>\n<p class=\"p1\">Pastelowe barwy to idealny wyb\u00f3r na lato 2025. S\u0105 modne, \u015bwie\u017ce i kobiece. Pasuj\u0105 ka\u017cdej z nas \u2013 niezale\u017cnie od wieku, stylu czy sylwetki. Dzi\u0119ki nim mo\u017cesz stworzy\u0107 stylizacje, kt\u00f3re s\u0105 zar\u00f3wno efektowne, jak i wygodne.<\/p>\n<p class=\"p1\">Warto postawi\u0107 na kilka element\u00f3w w pastelach i \u0142\u0105czy\u0107 je z tym, co ju\u017c masz w szafie. Nie musisz zmienia\u0107 ca\u0142ej garderoby \u2013 wystarczy kilka przemy\u015blanych dodatk\u00f3w i odrobina odwagi.<\/p>\n<p class=\"p1\">Pakuten oferuje wiele modeli ubra\u0144 w pastelowych kolorach \u2013 od sukienek, przez komplety, a\u017c po marynarki. To doskona\u0142y moment, by uzupe\u0142ni\u0107 letni\u0105 szaf\u0119 i poczu\u0107 si\u0119 wyj\u0105tkowo.<\/p>\n\n\n<div class=\"kk-star-ratings kksr-auto kksr-align-right kksr-valign-bottom\"\n    data-payload='{&quot;align&quot;:&quot;right&quot;,&quot;id&quot;:&quot;10095&quot;,&quot;slug&quot;:&quot;default&quot;,&quot;valign&quot;:&quot;bottom&quot;,&quot;ignore&quot;:&quot;&quot;,&quot;reference&quot;:&quot;auto&quot;,&quot;class&quot;:&quot;&quot;,&quot;count&quot;:&quot;0&quot;,&quot;legendonly&quot;:&quot;&quot;,&quot;readonly&quot;:&quot;&quot;,&quot;score&quot;:&quot;0&quot;,&quot;starsonly&quot;:&quot;&quot;,&quot;best&quot;:&quot;5&quot;,&quot;gap&quot;:&quot;5&quot;,&quot;greet&quot;:&quot;Rate this post&quot;,&quot;legend&quot;:&quot;0\\\/5 - (0 votes)&quot;,&quot;size&quot;:&quot;24&quot;,&quot;width&quot;:&quot;0&quot;,&quot;_legend&quot;:&quot;{score}\\\/{best} - ({count} {votes})&quot;,&quot;font_factor&quot;:&quot;1.25&quot;}'>\n            \n<div class=\"kksr-stars\">\n    \n<div class=\"kksr-stars-inactive\">\n            <div class=\"kksr-star\" data-star=\"1\" style=\"padding-right: 5px\">\n            \n\n<div class=\"kksr-icon\" style=\"width: 24px; height: 24px;\"><\/div>\n        <\/div>\n            <div class=\"kksr-star\" data-star=\"2\" style=\"padding-right: 5px\">\n            \n\n<div class=\"kksr-icon\" style=\"width: 24px; height: 24px;\"><\/div>\n        <\/div>\n            <div class=\"kksr-star\" data-star=\"3\" style=\"padding-right: 5px\">\n            \n\n<div class=\"kksr-icon\" style=\"width: 24px; height: 24px;\"><\/div>\n        <\/div>\n            <div class=\"kksr-star\" data-star=\"4\" style=\"padding-right: 5px\">\n            \n\n<div class=\"kksr-icon\" style=\"width: 24px; height: 24px;\"><\/div>\n        <\/div>\n            <div class=\"kksr-star\" data-star=\"5\" style=\"padding-right: 5px\">\n            \n\n<div class=\"kksr-icon\" style=\"width: 24px; height: 24px;\"><\/div>\n        <\/div>\n    <\/div>\n    \n<div class=\"kksr-stars-active\" style=\"width: 0px;\">\n            <div class=\"kksr-star\" style=\"padding-right: 5px\">\n            \n\n<div class=\"kksr-icon\" style=\"width: 24px; height: 24px;\"><\/div>\n        <\/div>\n            <div class=\"kksr-star\" style=\"padding-right: 5px\">\n            \n\n<div class=\"kksr-icon\" style=\"width: 24px; height: 24px;\"><\/div>\n        <\/div>\n            <div class=\"kksr-star\" style=\"padding-right: 5px\">\n            \n\n<div class=\"kksr-icon\" style=\"width: 24px; height: 24px;\"><\/div>\n        <\/div>\n            <div class=\"kksr-star\" style=\"padding-right: 5px\">\n            \n\n<div class=\"kksr-icon\" style=\"width: 24px; height: 24px;\"><\/div>\n        <\/div>\n            <div class=\"kksr-star\" style=\"padding-right: 5px\">\n            \n\n<div class=\"kksr-icon\" style=\"width: 24px; height: 24px;\"><\/div>\n        <\/div>\n    <\/div>\n<\/div>\n                \n\n<div class=\"kksr-legend\" style=\"font-size: 19.2px;\">\n            <span class=\"kksr-muted\">Rate this post<\/span>\n    <\/div>\n    <\/div>\n","protected":false},"excerpt":{"rendered":"<p class=\"p1\">Pastelowe barwy to klasyk, kt\u00f3ry co roku wraca do \u0142ask, ale w nowej ods\u0142onie. Lato 2025 nie jest wyj\u0105tkiem. Delikatne kolory, takie jak mi\u0119ta, baby blue czy r\u00f3\u017c pudrowy, zdominowa\u0142y kolekcje najwi\u0119kszych marek. Na szcz\u0119\u015bcie pastele to trend, kt\u00f3ry jest zar\u00f3wno stylowy, jak i uniwersalny.<\/p>\n<p>&nbsp;<\/p>\n<p class=\"p1\">Nie musisz zmienia\u0107 ca\u0142ej szafy, by wprowadzi\u0107 je do codziennego stylu. Wystarczy kilka dobrze dobranych element\u00f3w i podstawowa wiedza, jak je \u0142\u0105czy\u0107. Sprawd\u017a, jak nosi\u0107 pastelowe barwy, by wygl\u0105da\u0107 \u015bwie\u017co, kobieco i zgodnie z trendami Pakuten na lato 2025.<\/p>\n","protected":false},"author":3,"featured_media":10097,"comment_status":"open","ping_status":"open","sticky":false,"template":"","format":"standard","meta":[],"categories":[4],"tags":[],"yoast_head":"<!-- This site is optimized with the Yoast SEO plugin v18.4.1 - https:\/\/yoast.com\/wordpress\/plugins\/seo\/ -->\n<title>Pastelowe barwy \u2013 jak je nosi\u0107 latem 2025, by wygl\u0105da\u0107 modnie i \u015bwie\u017co? - Pakuten blog<\/title>\n<meta name=\"description\" content=\"Pastelowe barwy 2025 \u2013 zobacz, jak nosi\u0107 pastele latem i tworzy\u0107 lekkie, kobiece stylizacje na ka\u017cd\u0105 okazj\u0119.\" \/>\n<meta name=\"robots\" content=\"index, follow, max-snippet:-1, max-image-preview:large, max-video-preview:-1\" \/>\n<link rel=\"canonical\" href=\"https:\/\/pakuten.pl\/blog\/pastelowe-barwy-jak-je-nosic-latem-2025-by-wygladac-modnie-i-swiezo\/\" \/>\n<meta property=\"og:locale\" content=\"pl_PL\" \/>\n<meta property=\"og:type\" content=\"article\" \/>\n<meta property=\"og:title\" content=\"Pastelowe barwy \u2013 jak je nosi\u0107 latem 2025, by wygl\u0105da\u0107 modnie i \u015bwie\u017co? - Pakuten blog\" \/>\n<meta property=\"og:description\" content=\"Pastelowe barwy 2025 \u2013 zobacz, jak nosi\u0107 pastele latem i tworzy\u0107 lekkie, kobiece stylizacje na ka\u017cd\u0105 okazj\u0119.\" \/>\n<meta property=\"og:url\" content=\"https:\/\/pakuten.pl\/blog\/pastelowe-barwy-jak-je-nosic-latem-2025-by-wygladac-modnie-i-swiezo\/\" \/>\n<meta property=\"og:site_name\" content=\"Pakuten blog\" \/>\n<meta property=\"article:published_time\" content=\"2025-07-11T11:53:00+00:00\" \/>\n<meta property=\"article:modified_time\" content=\"2025-06-26T12:39:57+00:00\" \/>\n<meta property=\"og:image\" content=\"https:\/\/pakuten.pl\/blog\/wp-content\/uploads\/2025\/06\/Pastelowe-barwy-\u2013-jak-je-nosic\u0301-latem-2025-by-wygla\u0328dac\u0301-modnie-i-s\u0301wiez\u0307o-1024x682.png\" \/>\n\t<meta property=\"og:image:width\" content=\"1024\" \/>\n\t<meta property=\"og:image:height\" content=\"682\" \/>\n\t<meta property=\"og:image:type\" content=\"image\/png\" \/>\n<meta name=\"twitter:card\" content=\"summary_large_image\" \/>\n<meta name=\"twitter:label1\" content=\"Napisane przez\" \/>\n\t<meta name=\"twitter:data1\" content=\"Pakuten Girl\" \/>\n\t<meta name=\"twitter:label2\" content=\"Szacowany czas czytania\" \/>\n\t<meta name=\"twitter:data2\" content=\"5 minut\" \/>\n<script type=\"application\/ld+json\" class=\"yoast-schema-graph\">{\"@context\":\"https:\/\/schema.org\",\"@graph\":[{\"@type\":\"Organization\",\"@id\":\"https:\/\/pakuten.pl\/blog\/#organization\",\"name\":\"Pakuten\",\"url\":\"https:\/\/pakuten.pl\/blog\/\",\"sameAs\":[],\"logo\":{\"@type\":\"ImageObject\",\"@id\":\"https:\/\/pakuten.pl\/blog\/#logo\",\"inLanguage\":\"pl-PL\",\"url\":\"http:\/\/pakuten.pl\/blog\/wp-content\/uploads\/2018\/01\/pakuten_logo.png\",\"contentUrl\":\"http:\/\/pakuten.pl\/blog\/wp-content\/uploads\/2018\/01\/pakuten_logo.png\",\"width\":300,\"height\":120,\"caption\":\"Pakuten\"},\"image\":{\"@id\":\"https:\/\/pakuten.pl\/blog\/#logo\"}},{\"@type\":\"WebSite\",\"@id\":\"https:\/\/pakuten.pl\/blog\/#website\",\"url\":\"https:\/\/pakuten.pl\/blog\/\",\"name\":\"Pakuten blog\",\"description\":\"Blog sklepu internetowego pakuten.pl\",\"publisher\":{\"@id\":\"https:\/\/pakuten.pl\/blog\/#organization\"},\"potentialAction\":[{\"@type\":\"SearchAction\",\"target\":{\"@type\":\"EntryPoint\",\"urlTemplate\":\"https:\/\/pakuten.pl\/blog\/?s={search_term_string}\"},\"query-input\":\"required name=search_term_string\"}],\"inLanguage\":\"pl-PL\"},{\"@type\":\"ImageObject\",\"@id\":\"https:\/\/pakuten.pl\/blog\/pastelowe-barwy-jak-je-nosic-latem-2025-by-wygladac-modnie-i-swiezo\/#primaryimage\",\"inLanguage\":\"pl-PL\",\"url\":\"https:\/\/pakuten.pl\/blog\/wp-content\/uploads\/2025\/06\/Pastelowe-barwy-\u2013-jak-je-nosic\u0301-latem-2025-by-wygla\u0328dac\u0301-modnie-i-s\u0301wiez\u0307o.png\",\"contentUrl\":\"https:\/\/pakuten.pl\/blog\/wp-content\/uploads\/2025\/06\/Pastelowe-barwy-\u2013-jak-je-nosic\u0301-latem-2025-by-wygla\u0328dac\u0301-modnie-i-s\u0301wiez\u0307o.png\",\"width\":1280,\"height\":853,\"caption\":\"Pastelowe barwy \u2013 jak je nosi\u0107 latem 2025, by wygl\u0105da\u0107 modnie i \u015bwie\u017co?\"},{\"@type\":\"WebPage\",\"@id\":\"https:\/\/pakuten.pl\/blog\/pastelowe-barwy-jak-je-nosic-latem-2025-by-wygladac-modnie-i-swiezo\/#webpage\",\"url\":\"https:\/\/pakuten.pl\/blog\/pastelowe-barwy-jak-je-nosic-latem-2025-by-wygladac-modnie-i-swiezo\/\",\"name\":\"Pastelowe barwy \u2013 jak je nosi\u0107 latem 2025, by wygl\u0105da\u0107 modnie i \u015bwie\u017co? - Pakuten blog\",\"isPartOf\":{\"@id\":\"https:\/\/pakuten.pl\/blog\/#website\"},\"primaryImageOfPage\":{\"@id\":\"https:\/\/pakuten.pl\/blog\/pastelowe-barwy-jak-je-nosic-latem-2025-by-wygladac-modnie-i-swiezo\/#primaryimage\"},\"datePublished\":\"2025-07-11T11:53:00+00:00\",\"dateModified\":\"2025-06-26T12:39:57+00:00\",\"description\":\"Pastelowe barwy 2025 \u2013 zobacz, jak nosi\u0107 pastele latem i tworzy\u0107 lekkie, kobiece stylizacje na ka\u017cd\u0105 okazj\u0119.\",\"breadcrumb\":{\"@id\":\"https:\/\/pakuten.pl\/blog\/pastelowe-barwy-jak-je-nosic-latem-2025-by-wygladac-modnie-i-swiezo\/#breadcrumb\"},\"inLanguage\":\"pl-PL\",\"potentialAction\":[{\"@type\":\"ReadAction\",\"target\":[\"https:\/\/pakuten.pl\/blog\/pastelowe-barwy-jak-je-nosic-latem-2025-by-wygladac-modnie-i-swiezo\/\"]}]},{\"@type\":\"BreadcrumbList\",\"@id\":\"https:\/\/pakuten.pl\/blog\/pastelowe-barwy-jak-je-nosic-latem-2025-by-wygladac-modnie-i-swiezo\/#breadcrumb\",\"itemListElement\":[{\"@type\":\"ListItem\",\"position\":1,\"name\":\"Strona g\u0142\u00f3wna\",\"item\":\"https:\/\/pakuten.pl\/blog\/\"},{\"@type\":\"ListItem\",\"position\":2,\"name\":\"Pastelowe barwy \u2013 jak je nosi\u0107 latem 2025, by wygl\u0105da\u0107 modnie i \u015bwie\u017co?\"}]},{\"@type\":\"Article\",\"@id\":\"https:\/\/pakuten.pl\/blog\/pastelowe-barwy-jak-je-nosic-latem-2025-by-wygladac-modnie-i-swiezo\/#article\",\"isPartOf\":{\"@id\":\"https:\/\/pakuten.pl\/blog\/pastelowe-barwy-jak-je-nosic-latem-2025-by-wygladac-modnie-i-swiezo\/#webpage\"},\"author\":{\"@id\":\"https:\/\/pakuten.pl\/blog\/#\/schema\/person\/d7133af30211381a4e4536d088384556\"},\"headline\":\"Pastelowe barwy \u2013 jak je nosi\u0107 latem 2025, by wygl\u0105da\u0107 modnie i \u015bwie\u017co?\",\"datePublished\":\"2025-07-11T11:53:00+00:00\",\"dateModified\":\"2025-06-26T12:39:57+00:00\",\"mainEntityOfPage\":{\"@id\":\"https:\/\/pakuten.pl\/blog\/pastelowe-barwy-jak-je-nosic-latem-2025-by-wygladac-modnie-i-swiezo\/#webpage\"},\"wordCount\":862,\"commentCount\":0,\"publisher\":{\"@id\":\"https:\/\/pakuten.pl\/blog\/#organization\"},\"image\":{\"@id\":\"https:\/\/pakuten.pl\/blog\/pastelowe-barwy-jak-je-nosic-latem-2025-by-wygladac-modnie-i-swiezo\/#primaryimage\"},\"thumbnailUrl\":\"https:\/\/pakuten.pl\/blog\/wp-content\/uploads\/2025\/06\/Pastelowe-barwy-\u2013-jak-je-nosic\u0301-latem-2025-by-wygla\u0328dac\u0301-modnie-i-s\u0301wiez\u0307o.png\",\"articleSection\":[\"Tips&amp;Tricks\"],\"inLanguage\":\"pl-PL\",\"potentialAction\":[{\"@type\":\"CommentAction\",\"name\":\"Comment\",\"target\":[\"https:\/\/pakuten.pl\/blog\/pastelowe-barwy-jak-je-nosic-latem-2025-by-wygladac-modnie-i-swiezo\/#respond\"]}]},{\"@type\":\"Person\",\"@id\":\"https:\/\/pakuten.pl\/blog\/#\/schema\/person\/d7133af30211381a4e4536d088384556\",\"name\":\"Pakuten Girl\",\"image\":{\"@type\":\"ImageObject\",\"@id\":\"https:\/\/pakuten.pl\/blog\/#personlogo\",\"inLanguage\":\"pl-PL\",\"url\":\"https:\/\/secure.gravatar.com\/avatar\/d3df41de2caf92e6cfded9430c2ff352?s=96&d=mm&r=g\",\"contentUrl\":\"https:\/\/secure.gravatar.com\/avatar\/d3df41de2caf92e6cfded9430c2ff352?s=96&d=mm&r=g\",\"caption\":\"Pakuten Girl\"},\"description\":\"Cze\u015b\u0107, nazywam si\u0119 Ola. Kocham Netflixa, sals\u0119, nowo\u015bci kosmetyczne i najnowsze trendy w modzie.\",\"url\":\"https:\/\/pakuten.pl\/blog\/author\/pakuten-girl\/\"}]}<\/script>\n<!-- \/ Yoast SEO plugin. -->","yoast_head_json":{"title":"Pastelowe barwy \u2013 jak je nosi\u0107 latem 2025, by wygl\u0105da\u0107 modnie i \u015bwie\u017co? - Pakuten blog","description":"Pastelowe barwy 2025 \u2013 zobacz, jak nosi\u0107 pastele latem i tworzy\u0107 lekkie, kobiece stylizacje na ka\u017cd\u0105 okazj\u0119.","robots":{"index":"index","follow":"follow","max-snippet":"max-snippet:-1","max-image-preview":"max-image-preview:large","max-video-preview":"max-video-preview:-1"},"canonical":"https:\/\/pakuten.pl\/blog\/pastelowe-barwy-jak-je-nosic-latem-2025-by-wygladac-modnie-i-swiezo\/","og_locale":"pl_PL","og_type":"article","og_title":"Pastelowe barwy \u2013 jak je nosi\u0107 latem 2025, by wygl\u0105da\u0107 modnie i \u015bwie\u017co? - Pakuten blog","og_description":"Pastelowe barwy 2025 \u2013 zobacz, jak nosi\u0107 pastele latem i tworzy\u0107 lekkie, kobiece stylizacje na ka\u017cd\u0105 okazj\u0119.","og_url":"https:\/\/pakuten.pl\/blog\/pastelowe-barwy-jak-je-nosic-latem-2025-by-wygladac-modnie-i-swiezo\/","og_site_name":"Pakuten blog","article_published_time":"2025-07-11T11:53:00+00:00","article_modified_time":"2025-06-26T12:39:57+00:00","og_image":[{"width":1024,"height":682,"url":"https:\/\/pakuten.pl\/blog\/wp-content\/uploads\/2025\/06\/Pastelowe-barwy-\u2013-jak-je-nosic\u0301-latem-2025-by-wygla\u0328dac\u0301-modnie-i-s\u0301wiez\u0307o-1024x682.png","type":"image\/png"}],"twitter_card":"summary_large_image","twitter_misc":{"Napisane przez":"Pakuten Girl","Szacowany czas czytania":"5 minut"},"schema":{"@context":"https:\/\/schema.org","@graph":[{"@type":"Organization","@id":"https:\/\/pakuten.pl\/blog\/#organization","name":"Pakuten","url":"https:\/\/pakuten.pl\/blog\/","sameAs":[],"logo":{"@type":"ImageObject","@id":"https:\/\/pakuten.pl\/blog\/#logo","inLanguage":"pl-PL","url":"http:\/\/pakuten.pl\/blog\/wp-content\/uploads\/2018\/01\/pakuten_logo.png","contentUrl":"http:\/\/pakuten.pl\/blog\/wp-content\/uploads\/2018\/01\/pakuten_logo.png","width":300,"height":120,"caption":"Pakuten"},"image":{"@id":"https:\/\/pakuten.pl\/blog\/#logo"}},{"@type":"WebSite","@id":"https:\/\/pakuten.pl\/blog\/#website","url":"https:\/\/pakuten.pl\/blog\/","name":"Pakuten blog","description":"Blog sklepu internetowego pakuten.pl","publisher":{"@id":"https:\/\/pakuten.pl\/blog\/#organization"},"potentialAction":[{"@type":"SearchAction","target":{"@type":"EntryPoint","urlTemplate":"https:\/\/pakuten.pl\/blog\/?s={search_term_string}"},"query-input":"required name=search_term_string"}],"inLanguage":"pl-PL"},{"@type":"ImageObject","@id":"https:\/\/pakuten.pl\/blog\/pastelowe-barwy-jak-je-nosic-latem-2025-by-wygladac-modnie-i-swiezo\/#primaryimage","inLanguage":"pl-PL","url":"https:\/\/pakuten.pl\/blog\/wp-content\/uploads\/2025\/06\/Pastelowe-barwy-\u2013-jak-je-nosic\u0301-latem-2025-by-wygla\u0328dac\u0301-modnie-i-s\u0301wiez\u0307o.png","contentUrl":"https:\/\/pakuten.pl\/blog\/wp-content\/uploads\/2025\/06\/Pastelowe-barwy-\u2013-jak-je-nosic\u0301-latem-2025-by-wygla\u0328dac\u0301-modnie-i-s\u0301wiez\u0307o.png","width":1280,"height":853,"caption":"Pastelowe barwy \u2013 jak je nosi\u0107 latem 2025, by wygl\u0105da\u0107 modnie i \u015bwie\u017co?"},{"@type":"WebPage","@id":"https:\/\/pakuten.pl\/blog\/pastelowe-barwy-jak-je-nosic-latem-2025-by-wygladac-modnie-i-swiezo\/#webpage","url":"https:\/\/pakuten.pl\/blog\/pastelowe-barwy-jak-je-nosic-latem-2025-by-wygladac-modnie-i-swiezo\/","name":"Pastelowe barwy \u2013 jak je nosi\u0107 latem 2025, by wygl\u0105da\u0107 modnie i \u015bwie\u017co? - Pakuten blog","isPartOf":{"@id":"https:\/\/pakuten.pl\/blog\/#website"},"primaryImageOfPage":{"@id":"https:\/\/pakuten.pl\/blog\/pastelowe-barwy-jak-je-nosic-latem-2025-by-wygladac-modnie-i-swiezo\/#primaryimage"},"datePublished":"2025-07-11T11:53:00+00:00","dateModified":"2025-06-26T12:39:57+00:00","description":"Pastelowe barwy 2025 \u2013 zobacz, jak nosi\u0107 pastele latem i tworzy\u0107 lekkie, kobiece stylizacje na ka\u017cd\u0105 okazj\u0119.","breadcrumb":{"@id":"https:\/\/pakuten.pl\/blog\/pastelowe-barwy-jak-je-nosic-latem-2025-by-wygladac-modnie-i-swiezo\/#breadcrumb"},"inLanguage":"pl-PL","potentialAction":[{"@type":"ReadAction","target":["https:\/\/pakuten.pl\/blog\/pastelowe-barwy-jak-je-nosic-latem-2025-by-wygladac-modnie-i-swiezo\/"]}]},{"@type":"BreadcrumbList","@id":"https:\/\/pakuten.pl\/blog\/pastelowe-barwy-jak-je-nosic-latem-2025-by-wygladac-modnie-i-swiezo\/#breadcrumb","itemListElement":[{"@type":"ListItem","position":1,"name":"Strona g\u0142\u00f3wna","item":"https:\/\/pakuten.pl\/blog\/"},{"@type":"ListItem","position":2,"name":"Pastelowe barwy \u2013 jak je nosi\u0107 latem 2025, by wygl\u0105da\u0107 modnie i \u015bwie\u017co?"}]},{"@type":"Article","@id":"https:\/\/pakuten.pl\/blog\/pastelowe-barwy-jak-je-nosic-latem-2025-by-wygladac-modnie-i-swiezo\/#article","isPartOf":{"@id":"https:\/\/pakuten.pl\/blog\/pastelowe-barwy-jak-je-nosic-latem-2025-by-wygladac-modnie-i-swiezo\/#webpage"},"author":{"@id":"https:\/\/pakuten.pl\/blog\/#\/schema\/person\/d7133af30211381a4e4536d088384556"},"headline":"Pastelowe barwy \u2013 jak je nosi\u0107 latem 2025, by wygl\u0105da\u0107 modnie i \u015bwie\u017co?","datePublished":"2025-07-11T11:53:00+00:00","dateModified":"2025-06-26T12:39:57+00:00","mainEntityOfPage":{"@id":"https:\/\/pakuten.pl\/blog\/pastelowe-barwy-jak-je-nosic-latem-2025-by-wygladac-modnie-i-swiezo\/#webpage"},"wordCount":862,"commentCount":0,"publisher":{"@id":"https:\/\/pakuten.pl\/blog\/#organization"},"image":{"@id":"https:\/\/pakuten.pl\/blog\/pastelowe-barwy-jak-je-nosic-latem-2025-by-wygladac-modnie-i-swiezo\/#primaryimage"},"thumbnailUrl":"https:\/\/pakuten.pl\/blog\/wp-content\/uploads\/2025\/06\/Pastelowe-barwy-\u2013-jak-je-nosic\u0301-latem-2025-by-wygla\u0328dac\u0301-modnie-i-s\u0301wiez\u0307o.png","articleSection":["Tips&amp;Tricks"],"inLanguage":"pl-PL","potentialAction":[{"@type":"CommentAction","name":"Comment","target":["https:\/\/pakuten.pl\/blog\/pastelowe-barwy-jak-je-nosic-latem-2025-by-wygladac-modnie-i-swiezo\/#respond"]}]},{"@type":"Person","@id":"https:\/\/pakuten.pl\/blog\/#\/schema\/person\/d7133af30211381a4e4536d088384556","name":"Pakuten Girl","image":{"@type":"ImageObject","@id":"https:\/\/pakuten.pl\/blog\/#personlogo","inLanguage":"pl-PL","url":"https:\/\/secure.gravatar.com\/avatar\/d3df41de2caf92e6cfded9430c2ff352?s=96&d=mm&r=g","contentUrl":"https:\/\/secure.gravatar.com\/avatar\/d3df41de2caf92e6cfded9430c2ff352?s=96&d=mm&r=g","caption":"Pakuten Girl"},"description":"Cze\u015b\u0107, nazywam si\u0119 Ola. Kocham Netflixa, sals\u0119, nowo\u015bci kosmetyczne i najnowsze trendy w modzie.","url":"https:\/\/pakuten.pl\/blog\/author\/pakuten-girl\/"}]}},"_links":{"self":[{"href":"https:\/\/pakuten.pl\/blog\/wp-json\/wp\/v2\/posts\/10095"}],"collection":[{"href":"https:\/\/pakuten.pl\/blog\/wp-json\/wp\/v2\/posts"}],"about":[{"href":"https:\/\/pakuten.pl\/blog\/wp-json\/wp\/v2\/types\/post"}],"author":[{"embeddable":true,"href":"https:\/\/pakuten.pl\/blog\/wp-json\/wp\/v2\/users\/3"}],"replies":[{"embeddable":true,"href":"https:\/\/pakuten.pl\/blog\/wp-json\/wp\/v2\/comments?post=10095"}],"version-history":[{"count":2,"href":"https:\/\/pakuten.pl\/blog\/wp-json\/wp\/v2\/posts\/10095\/revisions"}],"predecessor-version":[{"id":10102,"href":"https:\/\/pakuten.pl\/blog\/wp-json\/wp\/v2\/posts\/10095\/revisions\/10102"}],"wp:featuredmedia":[{"embeddable":true,"href":"https:\/\/pakuten.pl\/blog\/wp-json\/wp\/v2\/media\/10097"}],"wp:attachment":[{"href":"https:\/\/pakuten.pl\/blog\/wp-json\/wp\/v2\/media?parent=10095"}],"wp:term":[{"taxonomy":"category","embeddable":true,"href":"https:\/\/pakuten.pl\/blog\/wp-json\/wp\/v2\/categories?post=10095"},{"taxonomy":"post_tag","embeddable":true,"href":"https:\/\/pakuten.pl\/blog\/wp-json\/wp\/v2\/tags?post=10095"}],"curies":[{"name":"wp","href":"https:\/\/api.w.org\/{rel}","templated":true}]}}