{"id":10109,"date":"2025-07-15T15:00:08","date_gmt":"2025-07-15T13:00:08","guid":{"rendered":"https:\/\/pakuten.pl\/blog\/?p=10109"},"modified":"2025-07-15T15:00:08","modified_gmt":"2025-07-15T13:00:08","slug":"maselkowy-hit-lata-2025-jak-nosic-butter-yellow-w-stylizacjach-pakuten","status":"publish","type":"post","link":"https:\/\/pakuten.pl\/blog\/maselkowy-hit-lata-2025-jak-nosic-butter-yellow-w-stylizacjach-pakuten\/","title":{"rendered":"Mase\u0142kowy hit lata 2025 \u2013 jak nosi\u0107 butter yellow w stylizacjach Pakuten?"},"content":{"rendered":"\n<p class=\"p1\"><strong>Mase\u0142kowy to bezsprzeczny hit lata 2025. Delikatny, kremowy, pastelowy odcie\u0144 \u017c\u00f3\u0142ci podbi\u0142 wybiegi i profile influencerek. Cho\u0107 subtelny, potrafi przyci\u0105ga\u0107 uwag\u0119. Sprawdza si\u0119 zar\u00f3wno w stylizacjach codziennych, jak i eleganckich. W kolekcjach Pakuten znajdziesz wiele ubra\u0144 w tym modnym odcieniu. Podpowiadamy, jak nosi\u0107 mase\u0142kowy kolor z klas\u0105 i jak \u0142\u0105czy\u0107 go z innymi elementami garderoby.<\/strong><\/p>\n<h2 class=\"p1\"><span style=\"color: #ff9900;\">Dlaczego mase\u0142kowy kr\u00f3luje w modzie w 2025 roku?<\/span><\/h2>\n<p class=\"p2\">Trend na <b>mase\u0142kowy<\/b> kolor nie wzi\u0105\u0142 si\u0119 znik\u0105d. Na pokazach mody wiosna-lato 2025 pojawi\u0142 si\u0119 niemal u ka\u017cdego topowego projektanta. Chanel, Chlo\u00e9 czy Toteme pokaza\u0142y, \u017ce butter yellow to nowa baza dla kobiet ceni\u0105cych klas\u0119, ale i lekko\u015b\u0107. Ten kolor wygl\u0105da \u015bwie\u017co, dodaje blasku cerze i pasuje do wielu typ\u00f3w urody.<\/p>\n<p class=\"p2\">Co wi\u0119cej, mase\u0142kowy to idealny kompromis mi\u0119dzy klasyczn\u0105 biel\u0105 a pastelami. Z jednej strony jest elegancki, z drugiej \u2013 dziewcz\u0119cy i ciep\u0142y. W modzie letniej to po\u0142\u0105czenie jest wr\u0119cz bezcenne. Dlatego warto mie\u0107 przynajmniej jeden element w tym odcieniu w swojej szafie.<\/p>\n<div class=\"product-box-container\">\r\n<div class=\"one_third \" style=\"\">\r\n<div class=\"product-box\">\r\n<a href=\"https:\/\/pakuten.pl\/46329-94210-komplet-bluzka-i-spodenki-tarisana-maselkowy-maselkowy.html\" target=\"_blank\">\r\n <img src=\"https:\/\/media.pakuten.pl\/266626-large_default\/komplet-bluzka-i-spodenki-tarisana-maselkowy.jpg\" alt=\"Komplet bluzka i spodenki Tarisana - mase\u0142kowy\"\/>\r\n<\/a>\r\n<p>\r\n<a href=\"https:\/\/pakuten.pl\/46329-94210-komplet-bluzka-i-spodenki-tarisana-maselkowy-maselkowy.html\" target=\"_blank\">\r\nKomplet bluzka i spodenki Tarisana - mase\u0142kowy\r\n<\/a><\/p>\r\n  <p>Cena: 54,99\u00a0z\u0142<\/p>\r\n<a href=\"https:\/\/pakuten.pl\/46329-94210-komplet-bluzka-i-spodenki-tarisana-maselkowy-maselkowy.html\" target=\"_blank\" class=\"button\">\r\nZobacz w sklepie\r\n<\/a>\r\n<\/div>\r\n<\/div>\r\n<div class=\"one_third \" style=\"\">\r\n<div class=\"product-box\">\r\n<a href=\"https:\/\/pakuten.pl\/46293-94158-muslinowy-komplet-szorty-i-top-inesta-maselkowy-maselkowy.html\" target=\"_blank\">\r\n  <img src=\"https:\/\/media.pakuten.pl\/266465-large_default\/muslinowy-komplet-szorty-i-top-inesta-maselkowy.jpg\" alt=\"Mu\u015blinowy komplet szorty i top Inesta - mase\u0142kowy\"\/>\r\n<\/a>\r\n<p>\r\n<a href=\"https:\/\/pakuten.pl\/46293-94158-muslinowy-komplet-szorty-i-top-inesta-maselkowy-maselkowy.html\" target=\"_blank\">\r\nMu\u015blinowy komplet szorty i top Inesta - mase\u0142kowy\r\n<\/a><\/p>\r\n  <p>Cena: 69,99\u00a0z\u0142<\/p>\r\n<a href=\"https:\/\/pakuten.pl\/46293-94158-muslinowy-komplet-szorty-i-top-inesta-maselkowy-maselkowy.html\" target=\"_blank\" class=\"button\">\r\nZobacz w sklepie\r\n<\/a>\r\n<\/div>\r\n<\/div>\r\n<div class=\"one_third last \" style=\"\">\r\n<div class=\"product-box\">\r\n<a href=\"https:\/\/pakuten.pl\/46249-94078-muslinowa-asymetryczna-sukienka-z-wiazaniem-trasea-maselkowa-maselkowy.html\" target=\"_blank\">\r\n  <img src=\"https:\/\/media.pakuten.pl\/266212-large_default\/muslinowa-asymetryczna-sukienka-z-wiazaniem-trasea-maselkowa.jpg\" alt=\"Mu\u015blinowa asymetryczna sukienka z wi\u0105zaniem Trasea - mase\u0142kowa\"\/>\r\n<\/a>\r\n<p>\r\n<a href=\"https:\/\/pakuten.pl\/46249-94078-muslinowa-asymetryczna-sukienka-z-wiazaniem-trasea-maselkowa-maselkowy.html\" target=\"_blank\">\r\nMu\u015blinowa asymetryczna sukienka z wi\u0105zaniem Trasea - mase\u0142kowa\r\n<\/a><\/p>\r\n  <p>Cena: 110,59\u00a0z\u0142<\/p>\r\n<a href=\"https:\/\/pakuten.pl\/46249-94078-muslinowa-asymetryczna-sukienka-z-wiazaniem-trasea-maselkowa-maselkowy.html\" target=\"_blank\" class=\"button\">\r\nZobacz w sklepie\r\n<\/a>\r\n<\/div>\r\n<\/div><br class=\"clear\"\/>\r\n<\/div>\n<h2 class=\"p1\"><span style=\"color: #ff9900;\"> Stylizacje z mase\u0142kowym kolorem \u2013 jak nosi\u0107 butter yellow?<\/span><\/h2>\n<p class=\"p2\">Mase\u0142kowy to odcie\u0144, kt\u00f3ry pasuje na wiele okazji. Dzi\u0119ki temu \u0142atwo dopasowa\u0107 go do w\u0142asnego stylu. Oto kilka propozycji stylizacji z mase\u0142kowym kolorem od Pakuten:<\/p>\n<h5 class=\"p2\"><span style=\"color: #ff9900;\"><b>1. Total look na lekko<\/b><\/span><\/h5>\n<p class=\"p2\">Sukienka w kolorze mase\u0142kowym to strza\u0142 w dziesi\u0105tk\u0119. Lekka, zwiewna i kobieca \u2013 idealna na lato. Mo\u017cesz dobra\u0107 do niej sanda\u0142ki w kolorze be\u017cu lub z\u0142ota. Dodaj\u0105c bi\u017cuteri\u0119 i torebk\u0119 w ciep\u0142ych tonach, stworzysz ca\u0142o\u015bciowy, sp\u00f3jny look. Taki zestaw idealnie sprawdzi si\u0119 na wakacje, spacer czy spotkanie z przyjaci\u00f3\u0142k\u0105.<\/p>\n<div id=\"attachment_10114\" style=\"width: 510px\" class=\"wp-caption aligncenter\"><img aria-describedby=\"caption-attachment-10114\" loading=\"lazy\" class=\"size-full wp-image-10114\" src=\"https:\/\/pakuten.pl\/blog\/wp-content\/uploads\/2025\/07\/Projekt-bez-nazwy-61.png\" alt=\"MASE\u0141KOWY\" width=\"500\" height=\"700\" \/><p id=\"caption-attachment-10114\" class=\"wp-caption-text\">Rozkloszowana sukienka na rami\u0105czkach Cimella<\/p><\/div>\n<h5 class=\"p2\"><span style=\"color: #ff9900;\"><b>2. Zestaw na co dzie\u0144<\/b><\/span><\/h5>\n<p class=\"p2\">Bluzka lub top w mase\u0142kowym kolorze \u015bwietnie komponuje si\u0119 z d\u017cinsami z wysokim stanem. Je\u015bli wybierzesz model typu mom jeans, ca\u0142o\u015b\u0107 zyska m\u0142odzie\u017cowy charakter. Dodaj bia\u0142e trampki i plecion\u0105 torb\u0119, a otrzymasz stylizacj\u0119 wygodn\u0105, ale i bardzo trendy.<\/p>\n<h5 class=\"p2\"><strong><span style=\"color: #ff9900;\">3. Biuro w wersji light<\/span><\/strong><\/h5>\n<p class=\"p2\">Garnitur w odcieniu butter yellow to alternatywa dla klasycznego be\u017cu. W kolekcji Pakuten znajdziesz marynarki i spodnie w zbli\u017conym tonie. W po\u0142\u0105czeniu z bia\u0142ym topem i loafersami tworzysz elegancki, ale nieprzesadzony zestaw. Taki look nada si\u0119 do pracy, ale i na biznesowy lunch.<\/p>\n<h5 class=\"p2\"><span style=\"color: #ff9900;\"><b>4. Romantyczny wiecz\u00f3r<\/b><\/span><\/h5>\n<p class=\"p2\">Satynowa sp\u00f3dnica w mase\u0142kowym kolorze to baza stylizacji na randk\u0119. Wystarczy dobra\u0107 dopasowany crop top w odcieniu ecru, delikatne szpilki i ma\u0142\u0105 torebk\u0119. Stylizacja nabiera klasy, a jednocze\u015bnie nie wygl\u0105da na zbyt \u201eprzemy\u015blan\u0105\u201d. Naturalna elegancja w pe\u0142nej krasie.<\/p>\n<h5 class=\"p2\"><span style=\"color: #ff9900;\"><b>5. Dodatki, kt\u00f3re robi\u0105 robot\u0119<\/b><\/span><\/h5>\n<p class=\"p2\">Nie musisz od razu inwestowa\u0107 w sukienk\u0119. Torebka, apaszka czy opaska w mase\u0142kowym kolorze te\u017c zrobi\u0105 wra\u017cenie. To dobry spos\u00f3b, by przemyci\u0107 trend do szafy bez wi\u0119kszych wydatk\u00f3w. Wystarczy jeden akcent, by od\u015bwie\u017cy\u0107 ca\u0142\u0105 stylizacj\u0119.<\/p>\n<div class=\"product-box-container\">\r\n<div class=\"one_third \" style=\"\">\r\n<div class=\"product-box\">\r\n<a href=\"https:\/\/pakuten.pl\/45712-93290-sukienka-z-przekladanym-dekoltem-cleliaa-maselkowa-maselkowy.html\" target=\"_blank\">\r\n <img src=\"https:\/\/media.pakuten.pl\/263849-large_default\/sukienka-z-przekladanym-dekoltem-cleliaa-maselkowa.jpg\" alt=\"Sukienka z przek\u0142adanym dekoltem Cleliaa - mase\u0142kowa\"\/>\r\n<\/a>\r\n<p>\r\n<a href=\"https:\/\/pakuten.pl\/45712-93290-sukienka-z-przekladanym-dekoltem-cleliaa-maselkowa-maselkowy.html\" target=\"_blank\">\r\nSukienka z przek\u0142adanym dekoltem Cleliaa - mase\u0142kowa\r\n<\/a><\/p>\r\n  <p>Cena: 95,19\u00a0z\u0142<\/p>\r\n<a href=\"https:\/\/pakuten.pl\/45712-93290-sukienka-z-przekladanym-dekoltem-cleliaa-maselkowa-maselkowy.html\" target=\"_blank\" class=\"button\">\r\nZobacz w sklepie\r\n<\/a>\r\n<\/div>\r\n<\/div>\r\n<div class=\"one_third \" style=\"\">\r\n<div class=\"product-box\">\r\n<a href=\"https:\/\/pakuten.pl\/46348-94240-sukienka-rozkloszowana-z-wycieciem-gardenia-maselkowa-maselkowy.html\" target=\"_blank\">\r\n  <img src=\"https:\/\/media.pakuten.pl\/266724-large_default\/sukienka-rozkloszowana-z-wycieciem-gardenia-maselkowa.jpg\" alt=\"Sukienka rozkloszowana z wyci\u0119ciem Gardenia - mase\u0142kowa\"\/>\r\n<\/a>\r\n<p>\r\n<a href=\"https:\/\/pakuten.pl\/46348-94240-sukienka-rozkloszowana-z-wycieciem-gardenia-maselkowa-maselkowy.html\" target=\"_blank\">\r\nSukienka rozkloszowana z wyci\u0119ciem Gardenia - mase\u0142kowa\r\n<\/a><\/p>\r\n  <p>Cena: 146,99\u00a0z\u0142<\/p>\r\n<a href=\"https:\/\/pakuten.pl\/46348-94240-sukienka-rozkloszowana-z-wycieciem-gardenia-maselkowa-maselkowy.html\" target=\"_blank\" class=\"button\">\r\nZobacz w sklepie\r\n<\/a>\r\n<\/div>\r\n<\/div>\r\n<div class=\"one_third last \" style=\"\">\r\n<div class=\"product-box\">\r\n<a href=\"https:\/\/pakuten.pl\/46232-94038-sukienka-midi-typu-hiszpanka-melindaa-maselkowa-maselkowy.html\" target=\"_blank\">\r\n  <img src=\"https:\/\/media.pakuten.pl\/266133-large_default\/sukienka-midi-typu-hiszpanka-melindaa-maselkowa.jpg\" alt=\"Sukienka midi typu hiszpanka Melindaa - mase\u0142kowa\"\/>\r\n<\/a>\r\n<p>\r\n<a href=\"https:\/\/pakuten.pl\/46232-94038-sukienka-midi-typu-hiszpanka-melindaa-maselkowa-maselkowy.html\" target=\"_blank\">\r\nSukienka midi typu hiszpanka Melindaa - mase\u0142kowa\r\n<\/a><\/p>\r\n  <p>Cena: 119,69\u00a0z\u0142<\/p>\r\n<a href=\"https:\/\/pakuten.pl\/46232-94038-sukienka-midi-typu-hiszpanka-melindaa-maselkowa-maselkowy.html\" target=\"_blank\" class=\"button\">\r\nZobacz w sklepie\r\n<\/a>\r\n<\/div>\r\n<\/div><br class=\"clear\"\/>\r\n<\/div>\n<h2 class=\"p1\"><span style=\"color: #ff9900;\">Do czego pasuje mase\u0142kowy? Kolor, kt\u00f3ry si\u0119 nie nudzi<\/span><\/h2>\n<p class=\"p2\"><b>Mase\u0142kowy<\/b> wygl\u0105da \u015bwietnie z klasyczn\u0105 biel\u0105, pastelowym r\u00f3\u017cem, mi\u0119t\u0105 czy b\u0142\u0119kitem. Mo\u017cesz \u0142\u0105czy\u0107 go te\u017c z mocniejszymi tonami \u2013 granatem, br\u0105zem, a nawet czerni\u0105. Taka uniwersalno\u015b\u0107 czyni go bardzo wdzi\u0119cznym kolorem do stylizacji.<\/p>\n<p class=\"p2\">Chcesz wygl\u0105da\u0107 \u015bwie\u017co i stylowo? Wystarczy po\u0142\u0105czy\u0107 mase\u0142kowy z tkaninami o r\u00f3\u017cnej fakturze \u2013 np. z lnem, satyn\u0105 lub dzianin\u0105. To prosty spos\u00f3b na nadanie g\u0142\u0119bi nawet bardzo minimalistycznym stylizacjom.<\/p>\n<p><img loading=\"lazy\" class=\"aligncenter size-full wp-image-10119\" src=\"https:\/\/pakuten.pl\/blog\/wp-content\/uploads\/2025\/07\/Projekt-bez-nazwy-62.png\" alt=\"\" width=\"500\" height=\"700\" \/><\/p>\n<h2 class=\"p1\"><span style=\"color: #ff9900;\">Mase\u0142kowy i typ urody \u2013 kto wygl\u0105da w nim najlepiej?<\/span><\/h2>\n<p class=\"p2\">Ten odcie\u0144 jest wyj\u0105tkowo \u201e\u0142askawy\u201d. Pasuje zar\u00f3wno blondynkom, jak i brunetkom. Ciep\u0142e karnacje zyskuj\u0105 przy nim blask, a ch\u0142odne staj\u0105 si\u0119 bardziej wyraziste. Je\u015bli nie jeste\u015b pewna, czy pasuje do Ciebie, wybierz mase\u0142kowy w dodatkach. To bezpieczny test koloru.<\/p>\n<h2 class=\"p1\"><span style=\"color: #ff9900;\">Stylizacje Pakuten w mase\u0142kowym \u2013 co warto mie\u0107?<\/span><\/h2>\n<p class=\"p2\">W <span style=\"color: #ff9900;\"><a style=\"color: #ff9900;\" href=\"https:\/\/pakuten.pl\/53-nowosci\" target=\"_blank\" rel=\"noopener\">aktualnej ofercie<\/a><\/span> Pakuten znajdziesz wiele modnych ubra\u0144 w tym odcieniu. W\u015br\u00f3d hit\u00f3w sezonu s\u0105:<\/p>\n<ul class=\"ul1\">\n<li class=\"li2\">Sukienki dzianinowe i satynowe<\/li>\n<li class=\"li2\">Kr\u00f3tkie marynarki i lu\u017ane garnitury<\/li>\n<li class=\"li2\">Top z pr\u0105\u017ckowanej dzianiny<\/li>\n<li class=\"li2\">Sp\u00f3dnice midi w stylu slip skirt<\/li>\n<li class=\"li2\">Akcesoria: torebki, apaszki, paski<\/li>\n<\/ul>\n<p class=\"p2\">Mo\u017cesz stworzy\u0107 zar\u00f3wno codzienn\u0105 stylizacj\u0119, jak i zestaw na wi\u0119ksze wyj\u015bcie. Wyb\u00f3r nale\u017cy do Ciebie, ale mase\u0142kowy to kolor, kt\u00f3rego nie warto pomija\u0107 w szafie.<\/p>\n<p>\u00a0<\/p>\n<p class=\"p1\"><b>Mase\u0142kowy<\/b> nie bez powodu zosta\u0142 okrzykni\u0119ty kolorem lata 2025. Jest \u015bwie\u017cy, modny i bardzo kobiecy. \u0141atwo go stylizowa\u0107, pasuje do wielu typ\u00f3w urody, a przy tym sprawdza si\u0119 na r\u00f3\u017cne okazje. W kolekcji Pakuten bez trudu znajdziesz ubrania, kt\u00f3re pozwol\u0105 Ci wprowadzi\u0107 ten trend do swojej garderoby. Nie czekaj \u2013 mase\u0142kowy czas ju\u017c trwa!<\/p>\n\n\n<div class=\"kk-star-ratings kksr-auto kksr-align-right kksr-valign-bottom\"\n    data-payload='{&quot;align&quot;:&quot;right&quot;,&quot;id&quot;:&quot;10109&quot;,&quot;slug&quot;:&quot;default&quot;,&quot;valign&quot;:&quot;bottom&quot;,&quot;ignore&quot;:&quot;&quot;,&quot;reference&quot;:&quot;auto&quot;,&quot;class&quot;:&quot;&quot;,&quot;count&quot;:&quot;0&quot;,&quot;legendonly&quot;:&quot;&quot;,&quot;readonly&quot;:&quot;&quot;,&quot;score&quot;:&quot;0&quot;,&quot;starsonly&quot;:&quot;&quot;,&quot;best&quot;:&quot;5&quot;,&quot;gap&quot;:&quot;5&quot;,&quot;greet&quot;:&quot;Rate this post&quot;,&quot;legend&quot;:&quot;0\\\/5 - (0 votes)&quot;,&quot;size&quot;:&quot;24&quot;,&quot;width&quot;:&quot;0&quot;,&quot;_legend&quot;:&quot;{score}\\\/{best} - ({count} {votes})&quot;,&quot;font_factor&quot;:&quot;1.25&quot;}'>\n            \n<div class=\"kksr-stars\">\n    \n<div class=\"kksr-stars-inactive\">\n            <div class=\"kksr-star\" data-star=\"1\" style=\"padding-right: 5px\">\n            \n\n<div class=\"kksr-icon\" style=\"width: 24px; height: 24px;\"><\/div>\n        <\/div>\n            <div class=\"kksr-star\" data-star=\"2\" style=\"padding-right: 5px\">\n            \n\n<div class=\"kksr-icon\" style=\"width: 24px; height: 24px;\"><\/div>\n        <\/div>\n            <div class=\"kksr-star\" data-star=\"3\" style=\"padding-right: 5px\">\n            \n\n<div class=\"kksr-icon\" style=\"width: 24px; height: 24px;\"><\/div>\n        <\/div>\n            <div class=\"kksr-star\" data-star=\"4\" style=\"padding-right: 5px\">\n            \n\n<div class=\"kksr-icon\" style=\"width: 24px; height: 24px;\"><\/div>\n        <\/div>\n            <div class=\"kksr-star\" data-star=\"5\" style=\"padding-right: 5px\">\n            \n\n<div class=\"kksr-icon\" style=\"width: 24px; height: 24px;\"><\/div>\n        <\/div>\n    <\/div>\n    \n<div class=\"kksr-stars-active\" style=\"width: 0px;\">\n            <div class=\"kksr-star\" style=\"padding-right: 5px\">\n            \n\n<div class=\"kksr-icon\" style=\"width: 24px; height: 24px;\"><\/div>\n        <\/div>\n            <div class=\"kksr-star\" style=\"padding-right: 5px\">\n            \n\n<div class=\"kksr-icon\" style=\"width: 24px; height: 24px;\"><\/div>\n        <\/div>\n            <div class=\"kksr-star\" style=\"padding-right: 5px\">\n            \n\n<div class=\"kksr-icon\" style=\"width: 24px; height: 24px;\"><\/div>\n        <\/div>\n            <div class=\"kksr-star\" style=\"padding-right: 5px\">\n            \n\n<div class=\"kksr-icon\" style=\"width: 24px; height: 24px;\"><\/div>\n        <\/div>\n            <div class=\"kksr-star\" style=\"padding-right: 5px\">\n            \n\n<div class=\"kksr-icon\" style=\"width: 24px; height: 24px;\"><\/div>\n        <\/div>\n    <\/div>\n<\/div>\n                \n\n<div class=\"kksr-legend\" style=\"font-size: 19.2px;\">\n            <span class=\"kksr-muted\">Rate this post<\/span>\n    <\/div>\n    <\/div>\n","protected":false},"excerpt":{"rendered":"<p>Mase\u0142kowy to bezsprzeczny hit lata 2025. Delikatny, kremowy, pastelowy odcie\u0144 \u017c\u00f3\u0142ci podbi\u0142 wybiegi i profile influencerek. Cho\u0107 subtelny, potrafi przyci\u0105ga\u0107 uwag\u0119. Sprawdza si\u0119 zar\u00f3wno w stylizacjach codziennych, jak i eleganckich. W kolekcjach Pakuten znajdziesz wiele ubra\u0144 w tym modnym odcieniu. Podpowiadamy, jak nosi\u0107 mase\u0142kowy kolor z klas\u0105 i jak \u0142\u0105czy\u0107 go z innymi elementami garderoby.<\/p>\n","protected":false},"author":3,"featured_media":10122,"comment_status":"open","ping_status":"open","sticky":false,"template":"","format":"standard","meta":[],"categories":[3],"tags":[],"yoast_head":"<!-- This site is optimized with the Yoast SEO plugin v18.4.1 - https:\/\/yoast.com\/wordpress\/plugins\/seo\/ -->\n<title>Mase\u0142kowy hit lata 2025 \u2013 jak nosi\u0107 butter yellow w stylizacjach Pakuten? - Pakuten blog<\/title>\n<meta name=\"description\" content=\"Mase\u0142kowy to kolor lata 2025! Sprawd\u017a, jak nosi\u0107 butter yellow w stylizacjach Pakuten i wygl\u0105da\u0107 \u015bwie\u017co, modnie i kobieco.\" \/>\n<meta name=\"robots\" content=\"index, follow, max-snippet:-1, max-image-preview:large, max-video-preview:-1\" \/>\n<link rel=\"canonical\" href=\"https:\/\/pakuten.pl\/blog\/maselkowy-hit-lata-2025-jak-nosic-butter-yellow-w-stylizacjach-pakuten\/\" \/>\n<meta property=\"og:locale\" content=\"pl_PL\" \/>\n<meta property=\"og:type\" content=\"article\" \/>\n<meta property=\"og:title\" content=\"Mase\u0142kowy hit lata 2025 \u2013 jak nosi\u0107 butter yellow w stylizacjach Pakuten? - Pakuten blog\" \/>\n<meta property=\"og:description\" content=\"Mase\u0142kowy to kolor lata 2025! Sprawd\u017a, jak nosi\u0107 butter yellow w stylizacjach Pakuten i wygl\u0105da\u0107 \u015bwie\u017co, modnie i kobieco.\" \/>\n<meta property=\"og:url\" content=\"https:\/\/pakuten.pl\/blog\/maselkowy-hit-lata-2025-jak-nosic-butter-yellow-w-stylizacjach-pakuten\/\" \/>\n<meta property=\"og:site_name\" content=\"Pakuten blog\" \/>\n<meta property=\"article:published_time\" content=\"2025-07-15T13:00:08+00:00\" \/>\n<meta property=\"og:image\" content=\"https:\/\/pakuten.pl\/blog\/wp-content\/uploads\/2025\/07\/Maselkowy-hit.png\" \/>\n\t<meta property=\"og:image:width\" content=\"1280\" \/>\n\t<meta property=\"og:image:height\" content=\"853\" \/>\n\t<meta property=\"og:image:type\" content=\"image\/png\" \/>\n<meta name=\"twitter:card\" content=\"summary_large_image\" \/>\n<meta name=\"twitter:label1\" content=\"Napisane przez\" \/>\n\t<meta name=\"twitter:data1\" content=\"Pakuten Girl\" \/>\n\t<meta name=\"twitter:label2\" content=\"Szacowany czas czytania\" \/>\n\t<meta name=\"twitter:data2\" content=\"5 minut\" \/>\n<script type=\"application\/ld+json\" class=\"yoast-schema-graph\">{\"@context\":\"https:\/\/schema.org\",\"@graph\":[{\"@type\":\"Organization\",\"@id\":\"https:\/\/pakuten.pl\/blog\/#organization\",\"name\":\"Pakuten\",\"url\":\"https:\/\/pakuten.pl\/blog\/\",\"sameAs\":[],\"logo\":{\"@type\":\"ImageObject\",\"@id\":\"https:\/\/pakuten.pl\/blog\/#logo\",\"inLanguage\":\"pl-PL\",\"url\":\"http:\/\/pakuten.pl\/blog\/wp-content\/uploads\/2018\/01\/pakuten_logo.png\",\"contentUrl\":\"http:\/\/pakuten.pl\/blog\/wp-content\/uploads\/2018\/01\/pakuten_logo.png\",\"width\":300,\"height\":120,\"caption\":\"Pakuten\"},\"image\":{\"@id\":\"https:\/\/pakuten.pl\/blog\/#logo\"}},{\"@type\":\"WebSite\",\"@id\":\"https:\/\/pakuten.pl\/blog\/#website\",\"url\":\"https:\/\/pakuten.pl\/blog\/\",\"name\":\"Pakuten blog\",\"description\":\"Blog sklepu internetowego pakuten.pl\",\"publisher\":{\"@id\":\"https:\/\/pakuten.pl\/blog\/#organization\"},\"potentialAction\":[{\"@type\":\"SearchAction\",\"target\":{\"@type\":\"EntryPoint\",\"urlTemplate\":\"https:\/\/pakuten.pl\/blog\/?s={search_term_string}\"},\"query-input\":\"required name=search_term_string\"}],\"inLanguage\":\"pl-PL\"},{\"@type\":\"ImageObject\",\"@id\":\"https:\/\/pakuten.pl\/blog\/maselkowy-hit-lata-2025-jak-nosic-butter-yellow-w-stylizacjach-pakuten\/#primaryimage\",\"inLanguage\":\"pl-PL\",\"url\":\"https:\/\/pakuten.pl\/blog\/wp-content\/uploads\/2025\/07\/Maselkowy-hit.png\",\"contentUrl\":\"https:\/\/pakuten.pl\/blog\/wp-content\/uploads\/2025\/07\/Maselkowy-hit.png\",\"width\":1280,\"height\":853},{\"@type\":\"WebPage\",\"@id\":\"https:\/\/pakuten.pl\/blog\/maselkowy-hit-lata-2025-jak-nosic-butter-yellow-w-stylizacjach-pakuten\/#webpage\",\"url\":\"https:\/\/pakuten.pl\/blog\/maselkowy-hit-lata-2025-jak-nosic-butter-yellow-w-stylizacjach-pakuten\/\",\"name\":\"Mase\u0142kowy hit lata 2025 \u2013 jak nosi\u0107 butter yellow w stylizacjach Pakuten? - Pakuten blog\",\"isPartOf\":{\"@id\":\"https:\/\/pakuten.pl\/blog\/#website\"},\"primaryImageOfPage\":{\"@id\":\"https:\/\/pakuten.pl\/blog\/maselkowy-hit-lata-2025-jak-nosic-butter-yellow-w-stylizacjach-pakuten\/#primaryimage\"},\"datePublished\":\"2025-07-15T13:00:08+00:00\",\"dateModified\":\"2025-07-15T13:00:08+00:00\",\"description\":\"Mase\u0142kowy to kolor lata 2025! Sprawd\u017a, jak nosi\u0107 butter yellow w stylizacjach Pakuten i wygl\u0105da\u0107 \u015bwie\u017co, modnie i kobieco.\",\"breadcrumb\":{\"@id\":\"https:\/\/pakuten.pl\/blog\/maselkowy-hit-lata-2025-jak-nosic-butter-yellow-w-stylizacjach-pakuten\/#breadcrumb\"},\"inLanguage\":\"pl-PL\",\"potentialAction\":[{\"@type\":\"ReadAction\",\"target\":[\"https:\/\/pakuten.pl\/blog\/maselkowy-hit-lata-2025-jak-nosic-butter-yellow-w-stylizacjach-pakuten\/\"]}]},{\"@type\":\"BreadcrumbList\",\"@id\":\"https:\/\/pakuten.pl\/blog\/maselkowy-hit-lata-2025-jak-nosic-butter-yellow-w-stylizacjach-pakuten\/#breadcrumb\",\"itemListElement\":[{\"@type\":\"ListItem\",\"position\":1,\"name\":\"Strona g\u0142\u00f3wna\",\"item\":\"https:\/\/pakuten.pl\/blog\/\"},{\"@type\":\"ListItem\",\"position\":2,\"name\":\"Mase\u0142kowy hit lata 2025 \u2013 jak nosi\u0107 butter yellow w stylizacjach Pakuten?\"}]},{\"@type\":\"Article\",\"@id\":\"https:\/\/pakuten.pl\/blog\/maselkowy-hit-lata-2025-jak-nosic-butter-yellow-w-stylizacjach-pakuten\/#article\",\"isPartOf\":{\"@id\":\"https:\/\/pakuten.pl\/blog\/maselkowy-hit-lata-2025-jak-nosic-butter-yellow-w-stylizacjach-pakuten\/#webpage\"},\"author\":{\"@id\":\"https:\/\/pakuten.pl\/blog\/#\/schema\/person\/d7133af30211381a4e4536d088384556\"},\"headline\":\"Mase\u0142kowy hit lata 2025 \u2013 jak nosi\u0107 butter yellow w stylizacjach Pakuten?\",\"datePublished\":\"2025-07-15T13:00:08+00:00\",\"dateModified\":\"2025-07-15T13:00:08+00:00\",\"mainEntityOfPage\":{\"@id\":\"https:\/\/pakuten.pl\/blog\/maselkowy-hit-lata-2025-jak-nosic-butter-yellow-w-stylizacjach-pakuten\/#webpage\"},\"wordCount\":805,\"commentCount\":0,\"publisher\":{\"@id\":\"https:\/\/pakuten.pl\/blog\/#organization\"},\"image\":{\"@id\":\"https:\/\/pakuten.pl\/blog\/maselkowy-hit-lata-2025-jak-nosic-butter-yellow-w-stylizacjach-pakuten\/#primaryimage\"},\"thumbnailUrl\":\"https:\/\/pakuten.pl\/blog\/wp-content\/uploads\/2025\/07\/Maselkowy-hit.png\",\"articleSection\":[\"Top Trends\"],\"inLanguage\":\"pl-PL\",\"potentialAction\":[{\"@type\":\"CommentAction\",\"name\":\"Comment\",\"target\":[\"https:\/\/pakuten.pl\/blog\/maselkowy-hit-lata-2025-jak-nosic-butter-yellow-w-stylizacjach-pakuten\/#respond\"]}]},{\"@type\":\"Person\",\"@id\":\"https:\/\/pakuten.pl\/blog\/#\/schema\/person\/d7133af30211381a4e4536d088384556\",\"name\":\"Pakuten Girl\",\"image\":{\"@type\":\"ImageObject\",\"@id\":\"https:\/\/pakuten.pl\/blog\/#personlogo\",\"inLanguage\":\"pl-PL\",\"url\":\"https:\/\/secure.gravatar.com\/avatar\/d3df41de2caf92e6cfded9430c2ff352?s=96&d=mm&r=g\",\"contentUrl\":\"https:\/\/secure.gravatar.com\/avatar\/d3df41de2caf92e6cfded9430c2ff352?s=96&d=mm&r=g\",\"caption\":\"Pakuten Girl\"},\"description\":\"Cze\u015b\u0107, nazywam si\u0119 Ola. Kocham Netflixa, sals\u0119, nowo\u015bci kosmetyczne i najnowsze trendy w modzie.\",\"url\":\"https:\/\/pakuten.pl\/blog\/author\/pakuten-girl\/\"}]}<\/script>\n<!-- \/ Yoast SEO plugin. -->","yoast_head_json":{"title":"Mase\u0142kowy hit lata 2025 \u2013 jak nosi\u0107 butter yellow w stylizacjach Pakuten? - Pakuten blog","description":"Mase\u0142kowy to kolor lata 2025! Sprawd\u017a, jak nosi\u0107 butter yellow w stylizacjach Pakuten i wygl\u0105da\u0107 \u015bwie\u017co, modnie i kobieco.","robots":{"index":"index","follow":"follow","max-snippet":"max-snippet:-1","max-image-preview":"max-image-preview:large","max-video-preview":"max-video-preview:-1"},"canonical":"https:\/\/pakuten.pl\/blog\/maselkowy-hit-lata-2025-jak-nosic-butter-yellow-w-stylizacjach-pakuten\/","og_locale":"pl_PL","og_type":"article","og_title":"Mase\u0142kowy hit lata 2025 \u2013 jak nosi\u0107 butter yellow w stylizacjach Pakuten? - Pakuten blog","og_description":"Mase\u0142kowy to kolor lata 2025! Sprawd\u017a, jak nosi\u0107 butter yellow w stylizacjach Pakuten i wygl\u0105da\u0107 \u015bwie\u017co, modnie i kobieco.","og_url":"https:\/\/pakuten.pl\/blog\/maselkowy-hit-lata-2025-jak-nosic-butter-yellow-w-stylizacjach-pakuten\/","og_site_name":"Pakuten blog","article_published_time":"2025-07-15T13:00:08+00:00","og_image":[{"width":1280,"height":853,"url":"https:\/\/pakuten.pl\/blog\/wp-content\/uploads\/2025\/07\/Maselkowy-hit.png","type":"image\/png"}],"twitter_card":"summary_large_image","twitter_misc":{"Napisane przez":"Pakuten Girl","Szacowany czas czytania":"5 minut"},"schema":{"@context":"https:\/\/schema.org","@graph":[{"@type":"Organization","@id":"https:\/\/pakuten.pl\/blog\/#organization","name":"Pakuten","url":"https:\/\/pakuten.pl\/blog\/","sameAs":[],"logo":{"@type":"ImageObject","@id":"https:\/\/pakuten.pl\/blog\/#logo","inLanguage":"pl-PL","url":"http:\/\/pakuten.pl\/blog\/wp-content\/uploads\/2018\/01\/pakuten_logo.png","contentUrl":"http:\/\/pakuten.pl\/blog\/wp-content\/uploads\/2018\/01\/pakuten_logo.png","width":300,"height":120,"caption":"Pakuten"},"image":{"@id":"https:\/\/pakuten.pl\/blog\/#logo"}},{"@type":"WebSite","@id":"https:\/\/pakuten.pl\/blog\/#website","url":"https:\/\/pakuten.pl\/blog\/","name":"Pakuten blog","description":"Blog sklepu internetowego pakuten.pl","publisher":{"@id":"https:\/\/pakuten.pl\/blog\/#organization"},"potentialAction":[{"@type":"SearchAction","target":{"@type":"EntryPoint","urlTemplate":"https:\/\/pakuten.pl\/blog\/?s={search_term_string}"},"query-input":"required name=search_term_string"}],"inLanguage":"pl-PL"},{"@type":"ImageObject","@id":"https:\/\/pakuten.pl\/blog\/maselkowy-hit-lata-2025-jak-nosic-butter-yellow-w-stylizacjach-pakuten\/#primaryimage","inLanguage":"pl-PL","url":"https:\/\/pakuten.pl\/blog\/wp-content\/uploads\/2025\/07\/Maselkowy-hit.png","contentUrl":"https:\/\/pakuten.pl\/blog\/wp-content\/uploads\/2025\/07\/Maselkowy-hit.png","width":1280,"height":853},{"@type":"WebPage","@id":"https:\/\/pakuten.pl\/blog\/maselkowy-hit-lata-2025-jak-nosic-butter-yellow-w-stylizacjach-pakuten\/#webpage","url":"https:\/\/pakuten.pl\/blog\/maselkowy-hit-lata-2025-jak-nosic-butter-yellow-w-stylizacjach-pakuten\/","name":"Mase\u0142kowy hit lata 2025 \u2013 jak nosi\u0107 butter yellow w stylizacjach Pakuten? - Pakuten blog","isPartOf":{"@id":"https:\/\/pakuten.pl\/blog\/#website"},"primaryImageOfPage":{"@id":"https:\/\/pakuten.pl\/blog\/maselkowy-hit-lata-2025-jak-nosic-butter-yellow-w-stylizacjach-pakuten\/#primaryimage"},"datePublished":"2025-07-15T13:00:08+00:00","dateModified":"2025-07-15T13:00:08+00:00","description":"Mase\u0142kowy to kolor lata 2025! Sprawd\u017a, jak nosi\u0107 butter yellow w stylizacjach Pakuten i wygl\u0105da\u0107 \u015bwie\u017co, modnie i kobieco.","breadcrumb":{"@id":"https:\/\/pakuten.pl\/blog\/maselkowy-hit-lata-2025-jak-nosic-butter-yellow-w-stylizacjach-pakuten\/#breadcrumb"},"inLanguage":"pl-PL","potentialAction":[{"@type":"ReadAction","target":["https:\/\/pakuten.pl\/blog\/maselkowy-hit-lata-2025-jak-nosic-butter-yellow-w-stylizacjach-pakuten\/"]}]},{"@type":"BreadcrumbList","@id":"https:\/\/pakuten.pl\/blog\/maselkowy-hit-lata-2025-jak-nosic-butter-yellow-w-stylizacjach-pakuten\/#breadcrumb","itemListElement":[{"@type":"ListItem","position":1,"name":"Strona g\u0142\u00f3wna","item":"https:\/\/pakuten.pl\/blog\/"},{"@type":"ListItem","position":2,"name":"Mase\u0142kowy hit lata 2025 \u2013 jak nosi\u0107 butter yellow w stylizacjach Pakuten?"}]},{"@type":"Article","@id":"https:\/\/pakuten.pl\/blog\/maselkowy-hit-lata-2025-jak-nosic-butter-yellow-w-stylizacjach-pakuten\/#article","isPartOf":{"@id":"https:\/\/pakuten.pl\/blog\/maselkowy-hit-lata-2025-jak-nosic-butter-yellow-w-stylizacjach-pakuten\/#webpage"},"author":{"@id":"https:\/\/pakuten.pl\/blog\/#\/schema\/person\/d7133af30211381a4e4536d088384556"},"headline":"Mase\u0142kowy hit lata 2025 \u2013 jak nosi\u0107 butter yellow w stylizacjach Pakuten?","datePublished":"2025-07-15T13:00:08+00:00","dateModified":"2025-07-15T13:00:08+00:00","mainEntityOfPage":{"@id":"https:\/\/pakuten.pl\/blog\/maselkowy-hit-lata-2025-jak-nosic-butter-yellow-w-stylizacjach-pakuten\/#webpage"},"wordCount":805,"commentCount":0,"publisher":{"@id":"https:\/\/pakuten.pl\/blog\/#organization"},"image":{"@id":"https:\/\/pakuten.pl\/blog\/maselkowy-hit-lata-2025-jak-nosic-butter-yellow-w-stylizacjach-pakuten\/#primaryimage"},"thumbnailUrl":"https:\/\/pakuten.pl\/blog\/wp-content\/uploads\/2025\/07\/Maselkowy-hit.png","articleSection":["Top Trends"],"inLanguage":"pl-PL","potentialAction":[{"@type":"CommentAction","name":"Comment","target":["https:\/\/pakuten.pl\/blog\/maselkowy-hit-lata-2025-jak-nosic-butter-yellow-w-stylizacjach-pakuten\/#respond"]}]},{"@type":"Person","@id":"https:\/\/pakuten.pl\/blog\/#\/schema\/person\/d7133af30211381a4e4536d088384556","name":"Pakuten Girl","image":{"@type":"ImageObject","@id":"https:\/\/pakuten.pl\/blog\/#personlogo","inLanguage":"pl-PL","url":"https:\/\/secure.gravatar.com\/avatar\/d3df41de2caf92e6cfded9430c2ff352?s=96&d=mm&r=g","contentUrl":"https:\/\/secure.gravatar.com\/avatar\/d3df41de2caf92e6cfded9430c2ff352?s=96&d=mm&r=g","caption":"Pakuten Girl"},"description":"Cze\u015b\u0107, nazywam si\u0119 Ola. Kocham Netflixa, sals\u0119, nowo\u015bci kosmetyczne i najnowsze trendy w modzie.","url":"https:\/\/pakuten.pl\/blog\/author\/pakuten-girl\/"}]}},"_links":{"self":[{"href":"https:\/\/pakuten.pl\/blog\/wp-json\/wp\/v2\/posts\/10109"}],"collection":[{"href":"https:\/\/pakuten.pl\/blog\/wp-json\/wp\/v2\/posts"}],"about":[{"href":"https:\/\/pakuten.pl\/blog\/wp-json\/wp\/v2\/types\/post"}],"author":[{"embeddable":true,"href":"https:\/\/pakuten.pl\/blog\/wp-json\/wp\/v2\/users\/3"}],"replies":[{"embeddable":true,"href":"https:\/\/pakuten.pl\/blog\/wp-json\/wp\/v2\/comments?post=10109"}],"version-history":[{"count":10,"href":"https:\/\/pakuten.pl\/blog\/wp-json\/wp\/v2\/posts\/10109\/revisions"}],"predecessor-version":[{"id":10124,"href":"https:\/\/pakuten.pl\/blog\/wp-json\/wp\/v2\/posts\/10109\/revisions\/10124"}],"wp:featuredmedia":[{"embeddable":true,"href":"https:\/\/pakuten.pl\/blog\/wp-json\/wp\/v2\/media\/10122"}],"wp:attachment":[{"href":"https:\/\/pakuten.pl\/blog\/wp-json\/wp\/v2\/media?parent=10109"}],"wp:term":[{"taxonomy":"category","embeddable":true,"href":"https:\/\/pakuten.pl\/blog\/wp-json\/wp\/v2\/categories?post=10109"},{"taxonomy":"post_tag","embeddable":true,"href":"https:\/\/pakuten.pl\/blog\/wp-json\/wp\/v2\/tags?post=10109"}],"curies":[{"name":"wp","href":"https:\/\/api.w.org\/{rel}","templated":true}]}}