{"id":10136,"date":"2025-07-25T14:11:00","date_gmt":"2025-07-25T12:11:00","guid":{"rendered":"https:\/\/pakuten.pl\/blog\/?p=10136"},"modified":"2025-07-24T14:50:07","modified_gmt":"2025-07-24T12:50:07","slug":"jak-sie-ubrac-na-plaze-w-2025-roku-zobacz-co-nosza-influencerki","status":"publish","type":"post","link":"https:\/\/pakuten.pl\/blog\/jak-sie-ubrac-na-plaze-w-2025-roku-zobacz-co-nosza-influencerki\/","title":{"rendered":"Jak si\u0119 ubra\u0107 na pla\u017c\u0119 w 2025 roku? Zobacz, co nosz\u0105 influencerki"},"content":{"rendered":"\n<p class=\"p1\"><strong>Jak si\u0119 ubra\u0107 na pla\u017c\u0119 w 2025 roku, by wygl\u0105da\u0107 modnie, czu\u0107 si\u0119 wygodnie i przyci\u0105ga\u0107 spojrzenia? Influencerki ju\u017c wyznaczaj\u0105 trendy! Lato to idealny moment, aby wyrazi\u0107 sw\u00f3j styl \u2013 lekko, kobieco i z klas\u0105. W tym sezonie kr\u00f3luj\u0105 nie tylko odwa\u017cne kolory i przezroczysto\u015bci, ale r\u00f3wnie\u017c subtelny minimalizm i eko akcenty.<\/strong><\/p>\n<p class=\"p1\"><strong>Moda pla\u017cowa zmienia si\u0119 z roku na rok, dlatego warto wiedzie\u0107, co jest na czasie. Sprawd\u017a, jakie stylizacje dominuj\u0105 na Instagramie i TikToku. Poznaj wskaz\u00f3wki, kt\u00f3re pomog\u0105 ci stworzy\u0107 idealny look na pla\u017c\u0119 \u2013 bez stresu i nadmiaru rzeczy w walizce.<\/strong><\/p>\n<h2 class=\"p1\"><span style=\"color: #ff9900;\">Jak si\u0119 ubra\u0107 na pla\u017c\u0119 w 2025 roku? Postaw na stylow\u0105 wygod\u0119<\/span><\/h2>\n<p class=\"p1\">Pla\u017cowa stylizacja powinna by\u0107 przede wszystkim komfortowa. Jednak to nie znaczy, \u017ce musi by\u0107 nudna. <b>Jak si\u0119 ubra\u0107 na pla\u017c\u0119<\/b>, by nie rezygnowa\u0107 z wygody, ale wygl\u0105da\u0107 zjawiskowo?<\/p>\n<p class=\"p1\">Influencerki wybieraj\u0105 lekkie materia\u0142y: len, bawe\u0142n\u0119 i bambus. Tkaniny te zapewniaj\u0105 przewiewno\u015b\u0107 i dobrze sprawdzaj\u0105 si\u0119 w upalne dni. Kr\u00f3tkie kimona, oversize&#8217;owe tuniki i zwiewne sukienki maxi z rozci\u0119ciem to must-have ka\u017cdego letniego wyjazdu.<\/p>\n<p class=\"p1\">Zestaw je z kostiumem w \u017cywych kolorach albo stonowanych be\u017cach. W 2025 roku modne s\u0105 te\u017c printy inspirowane natur\u0105 \u2013 muszle, li\u015bcie, niebo i s\u0142o\u0144ce.<\/p>\n<div class=\"product-box-container\">\r\n<div class=\"one_third \" style=\"\">\r\n<div class=\"product-box\">\r\n<a href=\"https:\/\/pakuten.pl\/46475-94470-wzorzysty-komplet-narzutka-spodenki-euralia-r24-r24.html\" target=\"_blank\">\r\n <img src=\"https:\/\/media.pakuten.pl\/267309-large_default\/wzorzysty-komplet-narzutka-spodenki-euralia-r24.jpg\" alt=\"Wzorzysty komplet narzutka + spodenki Euralia - R24\"\/>\r\n<\/a>\r\n<p>\r\n<a href=\"https:\/\/pakuten.pl\/46475-94470-wzorzysty-komplet-narzutka-spodenki-euralia-r24-r24.html\" target=\"_blank\">\r\nWzorzysty komplet narzutka + spodenki Euralia - R24\r\n<\/a><\/p>\r\n  <p>Cena: 139,29\u00a0z\u0142<\/p>\r\n<a href=\"https:\/\/pakuten.pl\/46475-94470-wzorzysty-komplet-narzutka-spodenki-euralia-r24-r24.html\" target=\"_blank\" class=\"button\">\r\nZobacz w sklepie\r\n<\/a>\r\n<\/div>\r\n<\/div>\r\n<div class=\"one_third \" style=\"\">\r\n<div class=\"product-box\">\r\n<a href=\"https:\/\/pakuten.pl\/46492-94525-muslinowy-kombinezon-z-gumka-w-talii-yarelis-mocha-mousse-mocha-mousse.html\" target=\"_blank\">\r\n  <img src=\"https:\/\/media.pakuten.pl\/267429-large_default\/muslinowy-kombinezon-z-gumka-w-talii-yarelis-mocha-mousse.jpg\" alt=\"Mu\u015blinowy kombinezon z gumk\u0105 w talii Yarelis - mocha mousse\"\/>\r\n<\/a>\r\n<p>\r\n<a href=\"https:\/\/pakuten.pl\/46492-94525-muslinowy-kombinezon-z-gumka-w-talii-yarelis-mocha-mousse-mocha-mousse.html\" target=\"_blank\">\r\nMu\u015blinowy kombinezon z gumk\u0105 w talii Yarelis - mocha mousse\r\n<\/a><\/p>\r\n  <p>Cena: 69,99\u00a0z\u0142<\/p>\r\n<a href=\"https:\/\/pakuten.pl\/46492-94525-muslinowy-kombinezon-z-gumka-w-talii-yarelis-mocha-mousse-mocha-mousse.html\" target=\"_blank\" class=\"button\">\r\nZobacz w sklepie\r\n<\/a>\r\n<\/div>\r\n<\/div>\r\n<div class=\"one_third last \" style=\"\">\r\n<div class=\"product-box\">\r\n<a href=\"https:\/\/pakuten.pl\/46240-94052-komplet-bluzka-i-spodenki-kammilma-maselkowy-maselkowy.html\" target=\"_blank\">\r\n  <img src=\"https:\/\/media.pakuten.pl\/266181-large_default\/komplet-bluzka-i-spodenki-kammilma-maselkowy.jpg\" alt=\"Komplet bluzka i spodenki Kammilma - mase\u0142kowy\"\/>\r\n<\/a>\r\n<p>\r\n<a href=\"https:\/\/pakuten.pl\/46240-94052-komplet-bluzka-i-spodenki-kammilma-maselkowy-maselkowy.html\" target=\"_blank\">\r\nKomplet bluzka i spodenki Kammilma - mase\u0142kowy\r\n<\/a><\/p>\r\n  <p>Cena: 54,99\u00a0z\u0142<\/p>\r\n<a href=\"https:\/\/pakuten.pl\/46240-94052-komplet-bluzka-i-spodenki-kammilma-maselkowy-maselkowy.html\" target=\"_blank\" class=\"button\">\r\nZobacz w sklepie\r\n<\/a>\r\n<\/div>\r\n<\/div><br class=\"clear\"\/>\r\n<\/div>\n<h2 class=\"p1\"><span style=\"color: #ff9900;\">Jak si\u0119 ubra\u0107 na pla\u017c\u0119 w 2025 roku? Zainspiruj si\u0119 stylizacjami influencerek<\/span><\/h2>\n<p class=\"p1\">Na Instagramie rz\u0105dz\u0105 aktualnie trzy typy stylizacji:<\/p>\n<ol class=\"ol1\">\n<li class=\"li1\"><b>&#8222;Coastal Cowgirl&#8221;<\/b> \u2013 po\u0142\u0105czenie boho z estetyk\u0105 country. Kapelusz, d\u017cinsowe szorty i bia\u0142a koszula oversize? Hit!<\/li>\n<li class=\"li1\"><b>&#8222;Quiet luxury&#8221;<\/b> \u2013 subtelne kolory, jedwabne narzutki i minimalistyczne dodatki. Mniej znaczy wi\u0119cej.<\/li>\n<li class=\"li1\"><b>&#8222;Hot mesh&#8221;<\/b> \u2013 siateczkowe sukienki i tuniki noszone na str\u00f3j k\u0105pielowy. Ods\u0142aniaj\u0105 cia\u0142o, ale w elegancki spos\u00f3b.<\/li>\n<\/ol>\n<p class=\"p1\">Pami\u0119taj, \u017ce dodatki te\u017c robi\u0105 robot\u0119. Du\u017ce okulary, minimalistyczna bi\u017cuteria i stylowy kosz z rafii dope\u0142ni\u0105 ka\u017cd\u0105 stylizacj\u0119.<\/p>\n<p>\u00a0<\/p>\n<p>\u00a0<\/p>\n<blockquote class=\"instagram-media\" style=\"background: #FFF; border: 0; border-radius: 3px; box-shadow: 0 0 1px 0 rgba(0,0,0,0.5),0 1px 10px 0 rgba(0,0,0,0.15); margin: 1px; max-width: 540px; min-width: 326px; padding: 0; width: calc(100% - 2px);\" data-instgrm-permalink=\"https:\/\/www.instagram.com\/reel\/DLxqdsQotN1\/?utm_source=ig_embed&amp;utm_campaign=loading\" data-instgrm-version=\"14\">\n<div style=\"padding: 16px;\">\n<div style=\"display: flex; flex-direction: row; align-items: center;\">\n<div style=\"background-color: #f4f4f4; border-radius: 50%; flex-grow: 0; height: 40px; margin-right: 14px; width: 40px;\">\u00a0<\/div>\n<div style=\"display: flex; flex-direction: column; flex-grow: 1; justify-content: center;\">\n<div style=\"background-color: #f4f4f4; border-radius: 4px; flex-grow: 0; height: 14px; margin-bottom: 6px; width: 100px;\">\u00a0<\/div>\n<div style=\"background-color: #f4f4f4; border-radius: 4px; flex-grow: 0; height: 14px; width: 60px;\">\u00a0<\/div>\n<\/div>\n<\/div>\n<div style=\"padding: 19% 0;\">\u00a0<\/div>\n<div style=\"display: block; height: 50px; margin: 0 auto 12px; width: 50px;\">\u00a0<\/div>\n<div style=\"padding-top: 8px;\">\n<div style=\"color: #3897f0; font-family: Arial,sans-serif; font-size: 14px; font-style: normal; font-weight: 550; line-height: 18px;\">Wy\u015bwietl ten post na Instagramie<\/div>\n<\/div>\n<div style=\"padding: 12.5% 0;\">\u00a0<\/div>\n<div style=\"display: flex; flex-direction: row; margin-bottom: 14px; align-items: center;\">\n<div>\n<div style=\"background-color: #f4f4f4; border-radius: 50%; height: 12.5px; width: 12.5px; transform: translateX(0px) translateY(7px);\">\u00a0<\/div>\n<div style=\"background-color: #f4f4f4; height: 12.5px; transform: rotate(-45deg) translateX(3px) translateY(1px); width: 12.5px; flex-grow: 0; margin-right: 14px; margin-left: 2px;\">\u00a0<\/div>\n<div style=\"background-color: #f4f4f4; border-radius: 50%; height: 12.5px; width: 12.5px; transform: translateX(9px) translateY(-18px);\">\u00a0<\/div>\n<\/div>\n<div style=\"margin-left: 8px;\">\n<div style=\"background-color: #f4f4f4; border-radius: 50%; flex-grow: 0; height: 20px; width: 20px;\">\u00a0<\/div>\n<div style=\"width: 0; height: 0; border-top: 2px solid transparent; border-left: 6px solid #f4f4f4; border-bottom: 2px solid transparent; transform: translateX(16px) translateY(-4px) rotate(30deg);\">\u00a0<\/div>\n<\/div>\n<div style=\"margin-left: auto;\">\n<div style=\"width: 0px; border-top: 8px solid #F4F4F4; border-right: 8px solid transparent; transform: translateY(16px);\">\u00a0<\/div>\n<div style=\"background-color: #f4f4f4; flex-grow: 0; height: 12px; width: 16px; transform: translateY(-4px);\">\u00a0<\/div>\n<div style=\"width: 0; height: 0; border-top: 8px solid #F4F4F4; border-left: 8px solid transparent; transform: translateY(-4px) translateX(8px);\">\u00a0<\/div>\n<\/div>\n<\/div>\n<div style=\"display: flex; flex-direction: column; flex-grow: 1; justify-content: center; margin-bottom: 24px;\">\n<div style=\"background-color: #f4f4f4; border-radius: 4px; flex-grow: 0; height: 14px; margin-bottom: 6px; width: 224px;\">\u00a0<\/div>\n<div style=\"background-color: #f4f4f4; border-radius: 4px; flex-grow: 0; height: 14px; width: 144px;\">\u00a0<\/div>\n<\/div>\n<p style=\"color: #c9c8cd; font-family: Arial,sans-serif; font-size: 14px; line-height: 17px; margin-bottom: 0; margin-top: 8px; overflow: hidden; padding: 8px 0 7px; text-align: center; text-overflow: ellipsis; white-space: nowrap;\"><a style=\"color: #c9c8cd; font-family: Arial,sans-serif; font-size: 14px; font-style: normal; font-weight: normal; line-height: 17px; text-decoration: none;\" href=\"https:\/\/www.instagram.com\/reel\/DLxqdsQotN1\/?utm_source=ig_embed&amp;utm_campaign=loading\" target=\"_blank\" rel=\"noopener\">Post udost\u0119pniony przez \ud835\udc71\ud835\udc86\ud835\udc94\ud835\udc8a\ud835\udc8c\ud835\udc82 \ud835\udc69\ud835\udc8a\ud835\udc86\ud835\udc85\ud835\udc96\ud835\udc8f\ud835\udc8c\ud835\udc8a\ud835\udc86\ud835\udc98\ud835\udc8a\ud835\udc84\ud835\udc9b (@jessi_jess_)<\/a><\/p>\n<\/div>\n<\/blockquote>\n<p><script async src=\"\/\/www.instagram.com\/embed.js\"><\/script><\/p>\n<h2 class=\"p1\"><span style=\"color: #ff9900;\">Jak si\u0119 ubra\u0107 na pla\u017c\u0119? Trendy 2025: kolory, fasony i detale<\/span><\/h2>\n<p class=\"p1\">Latem 2025 roku na pla\u017cach kr\u00f3luje <b>mase\u0142kowy \u017c\u00f3\u0142ty<\/b> \u2013 delikatny, pastelowy odcie\u0144, kt\u00f3ry \u015bwietnie podkre\u015bla opalenizn\u0119 i pasuje niemal do ka\u017cdego typu urody. To kolor, kt\u00f3ry ju\u017c zdominowa\u0142 Instagram i kampanie modowe. Obok niego widzimy r\u00f3wnie\u017c <b>waniliow\u0105 biel<\/b>, <b>kakaowy br\u0105z<\/b> i <b>wyblak\u0142y r\u00f3\u017c<\/b>, kt\u00f3re wpisuj\u0105 si\u0119 w klimat \u201equiet luxury\u201d.<\/p>\n<div class=\"product-box-container\">\r\n<div class=\"one_third \" style=\"\">\r\n<div class=\"product-box\">\r\n<a href=\"https:\/\/pakuten.pl\/46241-94054-komplet-bluzka-i-spodenki-kammilma-mocha-mousse-mocha-mousse.html\" target=\"_blank\">\r\n <img src=\"https:\/\/media.pakuten.pl\/266167-large_default\/komplet-bluzka-i-spodenki-kammilma-mocha-mousse.jpg\" alt=\"Komplet bluzka i spodenki Kammilma - mocha mousse\"\/>\r\n<\/a>\r\n<p>\r\n<a href=\"https:\/\/pakuten.pl\/46241-94054-komplet-bluzka-i-spodenki-kammilma-mocha-mousse-mocha-mousse.html\" target=\"_blank\">\r\nKomplet bluzka i spodenki Kammilma - mocha mousse\r\n<\/a><\/p>\r\n  <p>Cena: 54,99\u00a0z\u0142<\/p>\r\n<a href=\"https:\/\/pakuten.pl\/46241-94054-komplet-bluzka-i-spodenki-kammilma-mocha-mousse-mocha-mousse.html\" target=\"_blank\" class=\"button\">\r\nZobacz w sklepie\r\n<\/a>\r\n<\/div>\r\n<\/div>\r\n<div class=\"one_third \" style=\"\">\r\n<div class=\"product-box\">\r\n<a href=\"https:\/\/pakuten.pl\/46244-94060-rozkloszowana-sukienka-na-ramiaczkach-cimella-maselkowa-maselkowy.html\" target=\"_blank\">\r\n  <img src=\"https:\/\/media.pakuten.pl\/266219-large_default\/rozkloszowana-sukienka-na-ramiaczkach-cimella-maselkowa.jpg\" alt=\"Rozkloszowana sukienka na rami\u0105czkach Cimella - mase\u0142kowa\"\/>\r\n<\/a>\r\n<p>\r\n<a href=\"https:\/\/pakuten.pl\/46244-94060-rozkloszowana-sukienka-na-ramiaczkach-cimella-maselkowa-maselkowy.html\" target=\"_blank\">\r\nRozkloszowana sukienka na rami\u0105czkach Cimella - mase\u0142kowa\r\n<\/a><\/p>\r\n  <p>Cena: 54,99\u00a0z\u0142<\/p>\r\n<a href=\"https:\/\/pakuten.pl\/46244-94060-rozkloszowana-sukienka-na-ramiaczkach-cimella-maselkowa-maselkowy.html\" target=\"_blank\" class=\"button\">\r\nZobacz w sklepie\r\n<\/a>\r\n<\/div>\r\n<\/div>\r\n<div class=\"one_third last \" style=\"\">\r\n<div class=\"product-box\">\r\n<a href=\"https:\/\/pakuten.pl\/46394-94310-rozkloszowana-sukienka-na-ramiaczkach-yelian-maselkowa-maselkowy.html\" target=\"_blank\">\r\n  <img src=\"https:\/\/media.pakuten.pl\/266904-large_default\/rozkloszowana-sukienka-na-ramiaczkach-yelian-maselkowa.jpg\" alt=\"Rozkloszowana sukienka na rami\u0105czkach Yelian - mase\u0142kowa\"\/>\r\n<\/a>\r\n<p>\r\n<a href=\"https:\/\/pakuten.pl\/46394-94310-rozkloszowana-sukienka-na-ramiaczkach-yelian-maselkowa-maselkowy.html\" target=\"_blank\">\r\nRozkloszowana sukienka na rami\u0105czkach Yelian - mase\u0142kowa\r\n<\/a><\/p>\r\n  <p>Cena: 107,99\u00a0z\u0142<\/p>\r\n<a href=\"https:\/\/pakuten.pl\/46394-94310-rozkloszowana-sukienka-na-ramiaczkach-yelian-maselkowa-maselkowy.html\" target=\"_blank\" class=\"button\">\r\nZobacz w sklepie\r\n<\/a>\r\n<\/div>\r\n<\/div><br class=\"clear\"\/>\r\n<\/div>\n<p class=\"p1\">W\u015br\u00f3d tkanin dominuje <b>mu\u015blin<\/b> \u2013 lekki, przewiewny i przyjemny w dotyku. \u015awietnie sprawdza si\u0119 zar\u00f3wno w formie pla\u017cowych sukienek, jak i narzutek na kostium. Stylizacje z mu\u015blinu nie tylko wygl\u0105daj\u0105 romantycznie, ale te\u017c zapewniaj\u0105 maksymalny komfort w upale.<\/p>\n<p><img loading=\"lazy\" class=\"aligncenter size-large wp-image-10142\" src=\"https:\/\/pakuten.pl\/blog\/wp-content\/uploads\/2025\/07\/Jak-sie\u0328-ubrac\u0301-na-plaz\u0307e\u0328--576x1024.png\" alt=\"Jak si\u0119 ubra\u0107 na pla\u017c\u0119? \" width=\"576\" height=\"1024\" \/><\/p>\n<p class=\"p1\">Kolejnym hitem sezonu s\u0105 <b>letnie <span style=\"color: #ff9900;\"><a style=\"color: #ff9900;\" href=\"https:\/\/pakuten.pl\/126-komplety\" target=\"_blank\" rel=\"noopener\">komplety<\/a><\/span><\/b> \u2013 najcz\u0119\u015bciej sk\u0142adaj\u0105ce si\u0119 z kr\u00f3tkiego topu i spodenek lub koszuli i szort\u00f3w z tego samego materia\u0142u. Wzory s\u0105 r\u00f3\u017cne \u2013 od delikatnych pask\u00f3w po mikroprinty w stylu retro. Komplety \u015bwietnie nadaj\u0105 si\u0119 na pla\u017c\u0119, bo nie wymagaj\u0105 kombinowania \u2013 wygl\u0105daj\u0105 sp\u00f3jnie i modnie od razu po za\u0142o\u017ceniu.<\/p>\n<div class=\"product-box-container\">\r\n<div class=\"one_third \" style=\"\">\r\n<div class=\"product-box\">\r\n<a href=\"https:\/\/pakuten.pl\/46430-94405-komplet-narzutka-z-wiazaniem-i-spodenki-elisabetta-maselkowy-maselkowy.html\" target=\"_blank\">\r\n <img src=\"https:\/\/media.pakuten.pl\/267086-large_default\/komplet-narzutka-z-wiazaniem-i-spodenki-elisabetta-maselkowy.jpg\" alt=\"Komplet narzutka z wi\u0105zaniem i spodenki Elisabetta - mase\u0142kowy\"\/>\r\n<\/a>\r\n<p>\r\n<a href=\"https:\/\/pakuten.pl\/46430-94405-komplet-narzutka-z-wiazaniem-i-spodenki-elisabetta-maselkowy-maselkowy.html\" target=\"_blank\">\r\nKomplet narzutka z wi\u0105zaniem i spodenki Elisabetta - mase\u0142kowy\r\n<\/a><\/p>\r\n  <p>Cena: 155,99\u00a0z\u0142<\/p>\r\n<a href=\"https:\/\/pakuten.pl\/46430-94405-komplet-narzutka-z-wiazaniem-i-spodenki-elisabetta-maselkowy-maselkowy.html\" target=\"_blank\" class=\"button\">\r\nZobacz w sklepie\r\n<\/a>\r\n<\/div>\r\n<\/div>\r\n<div class=\"one_third \" style=\"\">\r\n<div class=\"product-box\">\r\n<a href=\"https:\/\/pakuten.pl\/46409-94339-bezowy-komplet-top-z-bufiastymi-rekawami-i-szerokie-spodnie-lexille-bezowy.html\" target=\"_blank\">\r\n  <img src=\"https:\/\/media.pakuten.pl\/266974-large_default\/bezowy-komplet-top-z-bufiastymi-rekawami-i-szerokie-spodnie-lexille.jpg\" alt=\"Be\u017cowy komplet top z bufiastymi r\u0119kawami i szerokie spodnie Lexille\"\/>\r\n<\/a>\r\n<p>\r\n<a href=\"https:\/\/pakuten.pl\/46409-94339-bezowy-komplet-top-z-bufiastymi-rekawami-i-szerokie-spodnie-lexille-bezowy.html\" target=\"_blank\">\r\nBe\u017cowy komplet top z bufiastymi r\u0119kawami i szerokie spodnie Lexille\r\n<\/a><\/p>\r\n  <p>Cena: 89,99\u00a0z\u0142<\/p>\r\n<a href=\"https:\/\/pakuten.pl\/46409-94339-bezowy-komplet-top-z-bufiastymi-rekawami-i-szerokie-spodnie-lexille-bezowy.html\" target=\"_blank\" class=\"button\">\r\nZobacz w sklepie\r\n<\/a>\r\n<\/div>\r\n<\/div>\r\n<div class=\"one_third last \" style=\"\">\r\n<div class=\"product-box\">\r\n<a href=\"https:\/\/pakuten.pl\/46387-94292-komplet-prazkowany-bluzka-i-spodenki-jak-spodnica-nivia-mocha-mousse-mocha-mousse.html\" target=\"_blank\">\r\n  <img src=\"https:\/\/media.pakuten.pl\/266868-large_default\/komplet-prazkowany-bluzka-i-spodenki-jak-spodnica-nivia-mocha-mousse.jpg\" alt=\"Komplet pr\u0105\u017ckowany bluzka i spodenki jak sp\u00f3dnica Nivia - mocha mousse\"\/>\r\n<\/a>\r\n<p>\r\n<a href=\"https:\/\/pakuten.pl\/46387-94292-komplet-prazkowany-bluzka-i-spodenki-jak-spodnica-nivia-mocha-mousse-mocha-mousse.html\" target=\"_blank\">\r\nKomplet pr\u0105\u017ckowany bluzka i spodenki jak sp\u00f3dnica Nivia - mocha mousse\r\n<\/a><\/p>\r\n  <p>Cena: 69,99\u00a0z\u0142<\/p>\r\n<a href=\"https:\/\/pakuten.pl\/46387-94292-komplet-prazkowany-bluzka-i-spodenki-jak-spodnica-nivia-mocha-mousse-mocha-mousse.html\" target=\"_blank\" class=\"button\">\r\nZobacz w sklepie\r\n<\/a>\r\n<\/div>\r\n<\/div><br class=\"clear\"\/>\r\n<\/div>\n<p class=\"p1\">Na szczeg\u00f3ln\u0105 uwag\u0119 zas\u0142uguj\u0105 te\u017c asymetryczne kostiumy k\u0105pielowe, sp\u00f3dnice sarong oraz narzutki z fr\u0119dzlami. Dope\u0142nieniem pla\u017cowego looku s\u0105 okulary o geometrycznych oprawkach i du\u017ce torby z siatki lub lnu.<\/p>\n<p class=\"p1\">Styl na lato 2025 to po\u0142\u0105czenie luzu, prostoty i odrobiny luksusu. Wszystko z naciskiem na jako\u015b\u0107 i kobiecy wdzi\u0119k \u2013 bez przesady, ale z charakterem.<\/p>\n<h2 class=\"p1\"><span style=\"color: #ff9900;\">Influencerki podpowiadaj\u0105: mniej znaczy wi\u0119cej<\/span><\/h2>\n<p class=\"p1\">Oto nowa wersja akapitu <b>\u201eInfluencerki podpowiadaj\u0105: mniej znaczy wi\u0119cej\u201d<\/b>, inspirowana stylem Pakuten z ich Insta:<\/p>\n<p class=\"p3\"><b>Influencerki podpowiadaj\u0105: mniej znaczy wi\u0119cej<\/b><\/p>\n<p class=\"p1\">Pakuten (i influencerki nim zainspirowane) pokazuj\u0105, \u017ce letnia lekko\u015b\u0107 zaczyna si\u0119 od przemy\u015blanych wybor\u00f3w. W stylizacjach najcz\u0119\u015bciej pojawiaj\u0105 si\u0119 <b>komplety z mi\u0119kkiego mu\u015blinu<\/b> lub delikatnych tkanin \u2013 jedna para spodenek i top, albo sukienka midi. Brak przesytu sprawia, \u017ce outfit od razu nabiera elegancji.<\/p>\n<p class=\"p1\">Minimalistyczne kolory \u2013 jak <b>mase\u0142kowy \u017c\u00f3\u0142ty<\/b>, ciep\u0142e be\u017ce i piaskowe br\u0105zy \u2013 s\u0105 kluczem. Nie rzucaj\u0105 si\u0119 w oczy, ale pi\u0119knie si\u0119 uzupe\u0142niaj\u0105 i pasuj\u0105 do wi\u0119kszo\u015bci typ\u00f3w urody. Influencerki cz\u0119sto pokazuj\u0105 looki, gdzie kostium, sarong i add-ons \u2013 jak okulary przeciws\u0142oneczne czy torba z rafii \u2013 tworz\u0105 sp\u00f3jn\u0105 ca\u0142o\u015b\u0107, bez zb\u0119dnych dodatk\u00f3w.<\/p>\n<p class=\"p1\">Lekki mu\u015blin, subtelne falbany lub delikatne wi\u0105zania przy dekolcie i talii daj\u0105 wra\u017cenie luksusu \u201equiet luxury\u201d, ale bez krzykliwych logotyp\u00f3w. Influencerki pokazuj\u0105, \u017ce dzi\u0119ki temu wygl\u0105dasz \u015bwie\u017co, naturalnie i elegancko \u2013 idealnie na pla\u017c\u0119.<\/p>\n<p>\u00a0<\/p>\n<blockquote class=\"instagram-media\" style=\"background: #FFF; border: 0; border-radius: 3px; box-shadow: 0 0 1px 0 rgba(0,0,0,0.5),0 1px 10px 0 rgba(0,0,0,0.15); margin: 1px; max-width: 540px; min-width: 326px; padding: 0; width: calc(100% - 2px);\" data-instgrm-permalink=\"https:\/\/www.instagram.com\/reel\/DMc6uucsytp\/?utm_source=ig_embed&amp;utm_campaign=loading\" data-instgrm-version=\"14\">\n<div style=\"padding: 16px;\">\n<div style=\"display: flex; flex-direction: row; align-items: center;\">\n<div style=\"background-color: #f4f4f4; border-radius: 50%; flex-grow: 0; height: 40px; margin-right: 14px; width: 40px;\">\u00a0<\/div>\n<div style=\"display: flex; flex-direction: column; flex-grow: 1; justify-content: center;\">\n<div style=\"background-color: #f4f4f4; border-radius: 4px; flex-grow: 0; height: 14px; margin-bottom: 6px; width: 100px;\">\u00a0<\/div>\n<div style=\"background-color: #f4f4f4; border-radius: 4px; flex-grow: 0; height: 14px; width: 60px;\">\u00a0<\/div>\n<\/div>\n<\/div>\n<div style=\"padding: 19% 0;\">\u00a0<\/div>\n<div style=\"display: block; height: 50px; margin: 0 auto 12px; width: 50px;\">\u00a0<\/div>\n<div style=\"padding-top: 8px;\">\n<div style=\"color: #3897f0; font-family: Arial,sans-serif; font-size: 14px; font-style: normal; font-weight: 550; line-height: 18px;\">Wy\u015bwietl ten post na Instagramie<\/div>\n<\/div>\n<div style=\"padding: 12.5% 0;\">\u00a0<\/div>\n<div style=\"display: flex; flex-direction: row; margin-bottom: 14px; align-items: center;\">\n<div>\n<div style=\"background-color: #f4f4f4; border-radius: 50%; height: 12.5px; width: 12.5px; transform: translateX(0px) translateY(7px);\">\u00a0<\/div>\n<div style=\"background-color: #f4f4f4; height: 12.5px; transform: rotate(-45deg) translateX(3px) translateY(1px); width: 12.5px; flex-grow: 0; margin-right: 14px; margin-left: 2px;\">\u00a0<\/div>\n<div style=\"background-color: #f4f4f4; border-radius: 50%; height: 12.5px; width: 12.5px; transform: translateX(9px) translateY(-18px);\">\u00a0<\/div>\n<\/div>\n<div style=\"margin-left: 8px;\">\n<div style=\"background-color: #f4f4f4; border-radius: 50%; flex-grow: 0; height: 20px; width: 20px;\">\u00a0<\/div>\n<div style=\"width: 0; height: 0; border-top: 2px solid transparent; border-left: 6px solid #f4f4f4; border-bottom: 2px solid transparent; transform: translateX(16px) translateY(-4px) rotate(30deg);\">\u00a0<\/div>\n<\/div>\n<div style=\"margin-left: auto;\">\n<div style=\"width: 0px; border-top: 8px solid #F4F4F4; border-right: 8px solid transparent; transform: translateY(16px);\">\u00a0<\/div>\n<div style=\"background-color: #f4f4f4; flex-grow: 0; height: 12px; width: 16px; transform: translateY(-4px);\">\u00a0<\/div>\n<div style=\"width: 0; height: 0; border-top: 8px solid #F4F4F4; border-left: 8px solid transparent; transform: translateY(-4px) translateX(8px);\">\u00a0<\/div>\n<\/div>\n<\/div>\n<div style=\"display: flex; flex-direction: column; flex-grow: 1; justify-content: center; margin-bottom: 24px;\">\n<div style=\"background-color: #f4f4f4; border-radius: 4px; flex-grow: 0; height: 14px; margin-bottom: 6px; width: 224px;\">\u00a0<\/div>\n<div style=\"background-color: #f4f4f4; border-radius: 4px; flex-grow: 0; height: 14px; width: 144px;\">\u00a0<\/div>\n<\/div>\n<p style=\"color: #c9c8cd; font-family: Arial,sans-serif; font-size: 14px; line-height: 17px; margin-bottom: 0; margin-top: 8px; overflow: hidden; padding: 8px 0 7px; text-align: center; text-overflow: ellipsis; white-space: nowrap;\"><a style=\"color: #c9c8cd; font-family: Arial,sans-serif; font-size: 14px; font-style: normal; font-weight: normal; line-height: 17px; text-decoration: none;\" href=\"https:\/\/www.instagram.com\/reel\/DMc6uucsytp\/?utm_source=ig_embed&amp;utm_campaign=loading\" target=\"_blank\" rel=\"noopener\">Post udost\u0119pniony przez Anna Szafra\u0144ska (@anya_szafranska)<\/a><\/p>\n<\/div>\n<\/blockquote>\n<p><script async src=\"\/\/www.instagram.com\/embed.js\"><\/script><\/p>\n<p>\u00a0<\/p>\n<p>Moda pla\u017cowa 2025 to po\u0142\u0105czenie wygody, kobiecego minimalizmu i subtelnych trend\u00f3w. Influencerki i styl Pakuten pokazuj\u0105, \u017ce mniej naprawd\u0119 znaczy wi\u0119cej \u2013 liczy si\u0119 jako\u015b\u0107 tkanin, kolory ziemi i przemy\u015blane detale. Mu\u015blinowe komplety, mase\u0142kowy \u017c\u00f3\u0142ty i lekkie fasony to must-have tego lata. Wystarczy kilka element\u00f3w, by wygl\u0105da\u0107 stylowo i czu\u0107 si\u0119 swobodnie na ka\u017cdej pla\u017cy.<\/p>\n\n\n<div class=\"kk-star-ratings kksr-auto kksr-align-right kksr-valign-bottom\"\n    data-payload='{&quot;align&quot;:&quot;right&quot;,&quot;id&quot;:&quot;10136&quot;,&quot;slug&quot;:&quot;default&quot;,&quot;valign&quot;:&quot;bottom&quot;,&quot;ignore&quot;:&quot;&quot;,&quot;reference&quot;:&quot;auto&quot;,&quot;class&quot;:&quot;&quot;,&quot;count&quot;:&quot;22&quot;,&quot;legendonly&quot;:&quot;&quot;,&quot;readonly&quot;:&quot;&quot;,&quot;score&quot;:&quot;2.6&quot;,&quot;starsonly&quot;:&quot;&quot;,&quot;best&quot;:&quot;5&quot;,&quot;gap&quot;:&quot;5&quot;,&quot;greet&quot;:&quot;Rate this post&quot;,&quot;legend&quot;:&quot;2.6\\\/5 - (22 votes)&quot;,&quot;size&quot;:&quot;24&quot;,&quot;width&quot;:&quot;72.9&quot;,&quot;_legend&quot;:&quot;{score}\\\/{best} - ({count} {votes})&quot;,&quot;font_factor&quot;:&quot;1.25&quot;}'>\n            \n<div class=\"kksr-stars\">\n    \n<div class=\"kksr-stars-inactive\">\n            <div class=\"kksr-star\" data-star=\"1\" style=\"padding-right: 5px\">\n            \n\n<div class=\"kksr-icon\" style=\"width: 24px; height: 24px;\"><\/div>\n        <\/div>\n            <div class=\"kksr-star\" data-star=\"2\" style=\"padding-right: 5px\">\n            \n\n<div class=\"kksr-icon\" style=\"width: 24px; height: 24px;\"><\/div>\n        <\/div>\n            <div class=\"kksr-star\" data-star=\"3\" style=\"padding-right: 5px\">\n            \n\n<div class=\"kksr-icon\" style=\"width: 24px; height: 24px;\"><\/div>\n        <\/div>\n            <div class=\"kksr-star\" data-star=\"4\" style=\"padding-right: 5px\">\n            \n\n<div class=\"kksr-icon\" style=\"width: 24px; height: 24px;\"><\/div>\n        <\/div>\n            <div class=\"kksr-star\" data-star=\"5\" style=\"padding-right: 5px\">\n            \n\n<div class=\"kksr-icon\" style=\"width: 24px; height: 24px;\"><\/div>\n        <\/div>\n    <\/div>\n    \n<div class=\"kksr-stars-active\" style=\"width: 72.9px;\">\n            <div class=\"kksr-star\" style=\"padding-right: 5px\">\n            \n\n<div class=\"kksr-icon\" style=\"width: 24px; height: 24px;\"><\/div>\n        <\/div>\n            <div class=\"kksr-star\" style=\"padding-right: 5px\">\n            \n\n<div class=\"kksr-icon\" style=\"width: 24px; height: 24px;\"><\/div>\n        <\/div>\n            <div class=\"kksr-star\" style=\"padding-right: 5px\">\n            \n\n<div class=\"kksr-icon\" style=\"width: 24px; height: 24px;\"><\/div>\n        <\/div>\n            <div class=\"kksr-star\" style=\"padding-right: 5px\">\n            \n\n<div class=\"kksr-icon\" style=\"width: 24px; height: 24px;\"><\/div>\n        <\/div>\n            <div class=\"kksr-star\" style=\"padding-right: 5px\">\n            \n\n<div class=\"kksr-icon\" style=\"width: 24px; height: 24px;\"><\/div>\n        <\/div>\n    <\/div>\n<\/div>\n                \n\n<div class=\"kksr-legend\" style=\"font-size: 19.2px;\">\n            2.6\/5 - (22 votes)    <\/div>\n    <\/div>\n","protected":false},"excerpt":{"rendered":"<p class=\"p1\">Jak si\u0119 ubra\u0107 na pla\u017c\u0119 w 2025 roku, by wygl\u0105da\u0107 modnie, czu\u0107 si\u0119 wygodnie i przyci\u0105ga\u0107 spojrzenia? Influencerki ju\u017c wyznaczaj\u0105 trendy! Lato to idealny moment, aby wyrazi\u0107 sw\u00f3j styl \u2013 lekko, kobieco i z klas\u0105. W tym sezonie kr\u00f3luj\u0105 nie tylko odwa\u017cne kolory i przezroczysto\u015bci, ale r\u00f3wnie\u017c subtelny minimalizm i eko akcenty.<\/p>\n<p>&nbsp;<\/p>\n<p class=\"p1\">Moda pla\u017cowa zmienia si\u0119 z roku na rok, dlatego warto wiedzie\u0107, co jest na czasie. Sprawd\u017a, jakie stylizacje dominuj\u0105 na Instagramie i TikToku. Poznaj wskaz\u00f3wki, kt\u00f3re pomog\u0105 ci stworzy\u0107 idealny look na pla\u017c\u0119 \u2013 bez stresu i nadmiaru rzeczy w walizce.<\/p>\n","protected":false},"author":3,"featured_media":10138,"comment_status":"open","ping_status":"open","sticky":false,"template":"","format":"standard","meta":[],"categories":[5],"tags":[],"yoast_head":"<!-- This site is optimized with the Yoast SEO plugin v18.4.1 - https:\/\/yoast.com\/wordpress\/plugins\/seo\/ -->\n<title>Jak si\u0119 ubra\u0107 na pla\u017c\u0119 w 2025 roku? Zobacz, co nosz\u0105 influencerki - Pakuten blog<\/title>\n<meta name=\"description\" content=\"Jak si\u0119 ubra\u0107 na pla\u017c\u0119 w 2025 roku? Sprawd\u017a stylizacje influencerek, modne komplety, mu\u015blin i kolory, kt\u00f3re kr\u00f3luj\u0105 latem.\" \/>\n<meta name=\"robots\" content=\"index, follow, max-snippet:-1, max-image-preview:large, max-video-preview:-1\" \/>\n<link rel=\"canonical\" href=\"https:\/\/pakuten.pl\/blog\/jak-sie-ubrac-na-plaze-w-2025-roku-zobacz-co-nosza-influencerki\/\" \/>\n<meta property=\"og:locale\" content=\"pl_PL\" \/>\n<meta property=\"og:type\" content=\"article\" \/>\n<meta property=\"og:title\" content=\"Jak si\u0119 ubra\u0107 na pla\u017c\u0119 w 2025 roku? Zobacz, co nosz\u0105 influencerki - Pakuten blog\" \/>\n<meta property=\"og:description\" content=\"Jak si\u0119 ubra\u0107 na pla\u017c\u0119 w 2025 roku? Sprawd\u017a stylizacje influencerek, modne komplety, mu\u015blin i kolory, kt\u00f3re kr\u00f3luj\u0105 latem.\" \/>\n<meta property=\"og:url\" content=\"https:\/\/pakuten.pl\/blog\/jak-sie-ubrac-na-plaze-w-2025-roku-zobacz-co-nosza-influencerki\/\" \/>\n<meta property=\"og:site_name\" content=\"Pakuten blog\" \/>\n<meta property=\"article:published_time\" content=\"2025-07-25T12:11:00+00:00\" \/>\n<meta property=\"article:modified_time\" content=\"2025-07-24T12:50:07+00:00\" \/>\n<meta property=\"og:image\" content=\"https:\/\/pakuten.pl\/blog\/wp-content\/uploads\/2025\/07\/Jak-sie\u0328-ubrac\u0301-na-plaz\u0307e\u0328-w-2025-roku-Zobacz-co-nosza\u0328-influencerki.png\" \/>\n\t<meta property=\"og:image:width\" content=\"1280\" \/>\n\t<meta property=\"og:image:height\" content=\"853\" \/>\n\t<meta property=\"og:image:type\" content=\"image\/png\" \/>\n<meta name=\"twitter:card\" content=\"summary_large_image\" \/>\n<meta name=\"twitter:label1\" content=\"Napisane przez\" \/>\n\t<meta name=\"twitter:data1\" content=\"Pakuten Girl\" \/>\n\t<meta name=\"twitter:label2\" content=\"Szacowany czas czytania\" \/>\n\t<meta name=\"twitter:data2\" content=\"5 minut\" \/>\n<script type=\"application\/ld+json\" class=\"yoast-schema-graph\">{\"@context\":\"https:\/\/schema.org\",\"@graph\":[{\"@type\":\"Organization\",\"@id\":\"https:\/\/pakuten.pl\/blog\/#organization\",\"name\":\"Pakuten\",\"url\":\"https:\/\/pakuten.pl\/blog\/\",\"sameAs\":[],\"logo\":{\"@type\":\"ImageObject\",\"@id\":\"https:\/\/pakuten.pl\/blog\/#logo\",\"inLanguage\":\"pl-PL\",\"url\":\"http:\/\/pakuten.pl\/blog\/wp-content\/uploads\/2018\/01\/pakuten_logo.png\",\"contentUrl\":\"http:\/\/pakuten.pl\/blog\/wp-content\/uploads\/2018\/01\/pakuten_logo.png\",\"width\":300,\"height\":120,\"caption\":\"Pakuten\"},\"image\":{\"@id\":\"https:\/\/pakuten.pl\/blog\/#logo\"}},{\"@type\":\"WebSite\",\"@id\":\"https:\/\/pakuten.pl\/blog\/#website\",\"url\":\"https:\/\/pakuten.pl\/blog\/\",\"name\":\"Pakuten blog\",\"description\":\"Blog sklepu internetowego pakuten.pl\",\"publisher\":{\"@id\":\"https:\/\/pakuten.pl\/blog\/#organization\"},\"potentialAction\":[{\"@type\":\"SearchAction\",\"target\":{\"@type\":\"EntryPoint\",\"urlTemplate\":\"https:\/\/pakuten.pl\/blog\/?s={search_term_string}\"},\"query-input\":\"required name=search_term_string\"}],\"inLanguage\":\"pl-PL\"},{\"@type\":\"ImageObject\",\"@id\":\"https:\/\/pakuten.pl\/blog\/jak-sie-ubrac-na-plaze-w-2025-roku-zobacz-co-nosza-influencerki\/#primaryimage\",\"inLanguage\":\"pl-PL\",\"url\":\"https:\/\/pakuten.pl\/blog\/wp-content\/uploads\/2025\/07\/Jak-sie\u0328-ubrac\u0301-na-plaz\u0307e\u0328-w-2025-roku-Zobacz-co-nosza\u0328-influencerki.png\",\"contentUrl\":\"https:\/\/pakuten.pl\/blog\/wp-content\/uploads\/2025\/07\/Jak-sie\u0328-ubrac\u0301-na-plaz\u0307e\u0328-w-2025-roku-Zobacz-co-nosza\u0328-influencerki.png\",\"width\":1280,\"height\":853},{\"@type\":\"WebPage\",\"@id\":\"https:\/\/pakuten.pl\/blog\/jak-sie-ubrac-na-plaze-w-2025-roku-zobacz-co-nosza-influencerki\/#webpage\",\"url\":\"https:\/\/pakuten.pl\/blog\/jak-sie-ubrac-na-plaze-w-2025-roku-zobacz-co-nosza-influencerki\/\",\"name\":\"Jak si\u0119 ubra\u0107 na pla\u017c\u0119 w 2025 roku? Zobacz, co nosz\u0105 influencerki - Pakuten blog\",\"isPartOf\":{\"@id\":\"https:\/\/pakuten.pl\/blog\/#website\"},\"primaryImageOfPage\":{\"@id\":\"https:\/\/pakuten.pl\/blog\/jak-sie-ubrac-na-plaze-w-2025-roku-zobacz-co-nosza-influencerki\/#primaryimage\"},\"datePublished\":\"2025-07-25T12:11:00+00:00\",\"dateModified\":\"2025-07-24T12:50:07+00:00\",\"description\":\"Jak si\u0119 ubra\u0107 na pla\u017c\u0119 w 2025 roku? Sprawd\u017a stylizacje influencerek, modne komplety, mu\u015blin i kolory, kt\u00f3re kr\u00f3luj\u0105 latem.\",\"breadcrumb\":{\"@id\":\"https:\/\/pakuten.pl\/blog\/jak-sie-ubrac-na-plaze-w-2025-roku-zobacz-co-nosza-influencerki\/#breadcrumb\"},\"inLanguage\":\"pl-PL\",\"potentialAction\":[{\"@type\":\"ReadAction\",\"target\":[\"https:\/\/pakuten.pl\/blog\/jak-sie-ubrac-na-plaze-w-2025-roku-zobacz-co-nosza-influencerki\/\"]}]},{\"@type\":\"BreadcrumbList\",\"@id\":\"https:\/\/pakuten.pl\/blog\/jak-sie-ubrac-na-plaze-w-2025-roku-zobacz-co-nosza-influencerki\/#breadcrumb\",\"itemListElement\":[{\"@type\":\"ListItem\",\"position\":1,\"name\":\"Strona g\u0142\u00f3wna\",\"item\":\"https:\/\/pakuten.pl\/blog\/\"},{\"@type\":\"ListItem\",\"position\":2,\"name\":\"Jak si\u0119 ubra\u0107 na pla\u017c\u0119 w 2025 roku? Zobacz, co nosz\u0105 influencerki\"}]},{\"@type\":\"Article\",\"@id\":\"https:\/\/pakuten.pl\/blog\/jak-sie-ubrac-na-plaze-w-2025-roku-zobacz-co-nosza-influencerki\/#article\",\"isPartOf\":{\"@id\":\"https:\/\/pakuten.pl\/blog\/jak-sie-ubrac-na-plaze-w-2025-roku-zobacz-co-nosza-influencerki\/#webpage\"},\"author\":{\"@id\":\"https:\/\/pakuten.pl\/blog\/#\/schema\/person\/d7133af30211381a4e4536d088384556\"},\"headline\":\"Jak si\u0119 ubra\u0107 na pla\u017c\u0119 w 2025 roku? Zobacz, co nosz\u0105 influencerki\",\"datePublished\":\"2025-07-25T12:11:00+00:00\",\"dateModified\":\"2025-07-24T12:50:07+00:00\",\"mainEntityOfPage\":{\"@id\":\"https:\/\/pakuten.pl\/blog\/jak-sie-ubrac-na-plaze-w-2025-roku-zobacz-co-nosza-influencerki\/#webpage\"},\"wordCount\":854,\"commentCount\":0,\"publisher\":{\"@id\":\"https:\/\/pakuten.pl\/blog\/#organization\"},\"image\":{\"@id\":\"https:\/\/pakuten.pl\/blog\/jak-sie-ubrac-na-plaze-w-2025-roku-zobacz-co-nosza-influencerki\/#primaryimage\"},\"thumbnailUrl\":\"https:\/\/pakuten.pl\/blog\/wp-content\/uploads\/2025\/07\/Jak-sie\u0328-ubrac\u0301-na-plaz\u0307e\u0328-w-2025-roku-Zobacz-co-nosza\u0328-influencerki.png\",\"articleSection\":[\"Inspirations\"],\"inLanguage\":\"pl-PL\",\"potentialAction\":[{\"@type\":\"CommentAction\",\"name\":\"Comment\",\"target\":[\"https:\/\/pakuten.pl\/blog\/jak-sie-ubrac-na-plaze-w-2025-roku-zobacz-co-nosza-influencerki\/#respond\"]}]},{\"@type\":\"Person\",\"@id\":\"https:\/\/pakuten.pl\/blog\/#\/schema\/person\/d7133af30211381a4e4536d088384556\",\"name\":\"Pakuten Girl\",\"image\":{\"@type\":\"ImageObject\",\"@id\":\"https:\/\/pakuten.pl\/blog\/#personlogo\",\"inLanguage\":\"pl-PL\",\"url\":\"https:\/\/secure.gravatar.com\/avatar\/d3df41de2caf92e6cfded9430c2ff352?s=96&d=mm&r=g\",\"contentUrl\":\"https:\/\/secure.gravatar.com\/avatar\/d3df41de2caf92e6cfded9430c2ff352?s=96&d=mm&r=g\",\"caption\":\"Pakuten Girl\"},\"description\":\"Cze\u015b\u0107, nazywam si\u0119 Ola. Kocham Netflixa, sals\u0119, nowo\u015bci kosmetyczne i najnowsze trendy w modzie.\",\"url\":\"https:\/\/pakuten.pl\/blog\/author\/pakuten-girl\/\"}]}<\/script>\n<!-- \/ Yoast SEO plugin. -->","yoast_head_json":{"title":"Jak si\u0119 ubra\u0107 na pla\u017c\u0119 w 2025 roku? Zobacz, co nosz\u0105 influencerki - Pakuten blog","description":"Jak si\u0119 ubra\u0107 na pla\u017c\u0119 w 2025 roku? Sprawd\u017a stylizacje influencerek, modne komplety, mu\u015blin i kolory, kt\u00f3re kr\u00f3luj\u0105 latem.","robots":{"index":"index","follow":"follow","max-snippet":"max-snippet:-1","max-image-preview":"max-image-preview:large","max-video-preview":"max-video-preview:-1"},"canonical":"https:\/\/pakuten.pl\/blog\/jak-sie-ubrac-na-plaze-w-2025-roku-zobacz-co-nosza-influencerki\/","og_locale":"pl_PL","og_type":"article","og_title":"Jak si\u0119 ubra\u0107 na pla\u017c\u0119 w 2025 roku? Zobacz, co nosz\u0105 influencerki - Pakuten blog","og_description":"Jak si\u0119 ubra\u0107 na pla\u017c\u0119 w 2025 roku? Sprawd\u017a stylizacje influencerek, modne komplety, mu\u015blin i kolory, kt\u00f3re kr\u00f3luj\u0105 latem.","og_url":"https:\/\/pakuten.pl\/blog\/jak-sie-ubrac-na-plaze-w-2025-roku-zobacz-co-nosza-influencerki\/","og_site_name":"Pakuten blog","article_published_time":"2025-07-25T12:11:00+00:00","article_modified_time":"2025-07-24T12:50:07+00:00","og_image":[{"width":1280,"height":853,"url":"https:\/\/pakuten.pl\/blog\/wp-content\/uploads\/2025\/07\/Jak-sie\u0328-ubrac\u0301-na-plaz\u0307e\u0328-w-2025-roku-Zobacz-co-nosza\u0328-influencerki.png","type":"image\/png"}],"twitter_card":"summary_large_image","twitter_misc":{"Napisane przez":"Pakuten Girl","Szacowany czas czytania":"5 minut"},"schema":{"@context":"https:\/\/schema.org","@graph":[{"@type":"Organization","@id":"https:\/\/pakuten.pl\/blog\/#organization","name":"Pakuten","url":"https:\/\/pakuten.pl\/blog\/","sameAs":[],"logo":{"@type":"ImageObject","@id":"https:\/\/pakuten.pl\/blog\/#logo","inLanguage":"pl-PL","url":"http:\/\/pakuten.pl\/blog\/wp-content\/uploads\/2018\/01\/pakuten_logo.png","contentUrl":"http:\/\/pakuten.pl\/blog\/wp-content\/uploads\/2018\/01\/pakuten_logo.png","width":300,"height":120,"caption":"Pakuten"},"image":{"@id":"https:\/\/pakuten.pl\/blog\/#logo"}},{"@type":"WebSite","@id":"https:\/\/pakuten.pl\/blog\/#website","url":"https:\/\/pakuten.pl\/blog\/","name":"Pakuten blog","description":"Blog sklepu internetowego pakuten.pl","publisher":{"@id":"https:\/\/pakuten.pl\/blog\/#organization"},"potentialAction":[{"@type":"SearchAction","target":{"@type":"EntryPoint","urlTemplate":"https:\/\/pakuten.pl\/blog\/?s={search_term_string}"},"query-input":"required name=search_term_string"}],"inLanguage":"pl-PL"},{"@type":"ImageObject","@id":"https:\/\/pakuten.pl\/blog\/jak-sie-ubrac-na-plaze-w-2025-roku-zobacz-co-nosza-influencerki\/#primaryimage","inLanguage":"pl-PL","url":"https:\/\/pakuten.pl\/blog\/wp-content\/uploads\/2025\/07\/Jak-sie\u0328-ubrac\u0301-na-plaz\u0307e\u0328-w-2025-roku-Zobacz-co-nosza\u0328-influencerki.png","contentUrl":"https:\/\/pakuten.pl\/blog\/wp-content\/uploads\/2025\/07\/Jak-sie\u0328-ubrac\u0301-na-plaz\u0307e\u0328-w-2025-roku-Zobacz-co-nosza\u0328-influencerki.png","width":1280,"height":853},{"@type":"WebPage","@id":"https:\/\/pakuten.pl\/blog\/jak-sie-ubrac-na-plaze-w-2025-roku-zobacz-co-nosza-influencerki\/#webpage","url":"https:\/\/pakuten.pl\/blog\/jak-sie-ubrac-na-plaze-w-2025-roku-zobacz-co-nosza-influencerki\/","name":"Jak si\u0119 ubra\u0107 na pla\u017c\u0119 w 2025 roku? Zobacz, co nosz\u0105 influencerki - Pakuten blog","isPartOf":{"@id":"https:\/\/pakuten.pl\/blog\/#website"},"primaryImageOfPage":{"@id":"https:\/\/pakuten.pl\/blog\/jak-sie-ubrac-na-plaze-w-2025-roku-zobacz-co-nosza-influencerki\/#primaryimage"},"datePublished":"2025-07-25T12:11:00+00:00","dateModified":"2025-07-24T12:50:07+00:00","description":"Jak si\u0119 ubra\u0107 na pla\u017c\u0119 w 2025 roku? Sprawd\u017a stylizacje influencerek, modne komplety, mu\u015blin i kolory, kt\u00f3re kr\u00f3luj\u0105 latem.","breadcrumb":{"@id":"https:\/\/pakuten.pl\/blog\/jak-sie-ubrac-na-plaze-w-2025-roku-zobacz-co-nosza-influencerki\/#breadcrumb"},"inLanguage":"pl-PL","potentialAction":[{"@type":"ReadAction","target":["https:\/\/pakuten.pl\/blog\/jak-sie-ubrac-na-plaze-w-2025-roku-zobacz-co-nosza-influencerki\/"]}]},{"@type":"BreadcrumbList","@id":"https:\/\/pakuten.pl\/blog\/jak-sie-ubrac-na-plaze-w-2025-roku-zobacz-co-nosza-influencerki\/#breadcrumb","itemListElement":[{"@type":"ListItem","position":1,"name":"Strona g\u0142\u00f3wna","item":"https:\/\/pakuten.pl\/blog\/"},{"@type":"ListItem","position":2,"name":"Jak si\u0119 ubra\u0107 na pla\u017c\u0119 w 2025 roku? Zobacz, co nosz\u0105 influencerki"}]},{"@type":"Article","@id":"https:\/\/pakuten.pl\/blog\/jak-sie-ubrac-na-plaze-w-2025-roku-zobacz-co-nosza-influencerki\/#article","isPartOf":{"@id":"https:\/\/pakuten.pl\/blog\/jak-sie-ubrac-na-plaze-w-2025-roku-zobacz-co-nosza-influencerki\/#webpage"},"author":{"@id":"https:\/\/pakuten.pl\/blog\/#\/schema\/person\/d7133af30211381a4e4536d088384556"},"headline":"Jak si\u0119 ubra\u0107 na pla\u017c\u0119 w 2025 roku? Zobacz, co nosz\u0105 influencerki","datePublished":"2025-07-25T12:11:00+00:00","dateModified":"2025-07-24T12:50:07+00:00","mainEntityOfPage":{"@id":"https:\/\/pakuten.pl\/blog\/jak-sie-ubrac-na-plaze-w-2025-roku-zobacz-co-nosza-influencerki\/#webpage"},"wordCount":854,"commentCount":0,"publisher":{"@id":"https:\/\/pakuten.pl\/blog\/#organization"},"image":{"@id":"https:\/\/pakuten.pl\/blog\/jak-sie-ubrac-na-plaze-w-2025-roku-zobacz-co-nosza-influencerki\/#primaryimage"},"thumbnailUrl":"https:\/\/pakuten.pl\/blog\/wp-content\/uploads\/2025\/07\/Jak-sie\u0328-ubrac\u0301-na-plaz\u0307e\u0328-w-2025-roku-Zobacz-co-nosza\u0328-influencerki.png","articleSection":["Inspirations"],"inLanguage":"pl-PL","potentialAction":[{"@type":"CommentAction","name":"Comment","target":["https:\/\/pakuten.pl\/blog\/jak-sie-ubrac-na-plaze-w-2025-roku-zobacz-co-nosza-influencerki\/#respond"]}]},{"@type":"Person","@id":"https:\/\/pakuten.pl\/blog\/#\/schema\/person\/d7133af30211381a4e4536d088384556","name":"Pakuten Girl","image":{"@type":"ImageObject","@id":"https:\/\/pakuten.pl\/blog\/#personlogo","inLanguage":"pl-PL","url":"https:\/\/secure.gravatar.com\/avatar\/d3df41de2caf92e6cfded9430c2ff352?s=96&d=mm&r=g","contentUrl":"https:\/\/secure.gravatar.com\/avatar\/d3df41de2caf92e6cfded9430c2ff352?s=96&d=mm&r=g","caption":"Pakuten Girl"},"description":"Cze\u015b\u0107, nazywam si\u0119 Ola. Kocham Netflixa, sals\u0119, nowo\u015bci kosmetyczne i najnowsze trendy w modzie.","url":"https:\/\/pakuten.pl\/blog\/author\/pakuten-girl\/"}]}},"_links":{"self":[{"href":"https:\/\/pakuten.pl\/blog\/wp-json\/wp\/v2\/posts\/10136"}],"collection":[{"href":"https:\/\/pakuten.pl\/blog\/wp-json\/wp\/v2\/posts"}],"about":[{"href":"https:\/\/pakuten.pl\/blog\/wp-json\/wp\/v2\/types\/post"}],"author":[{"embeddable":true,"href":"https:\/\/pakuten.pl\/blog\/wp-json\/wp\/v2\/users\/3"}],"replies":[{"embeddable":true,"href":"https:\/\/pakuten.pl\/blog\/wp-json\/wp\/v2\/comments?post=10136"}],"version-history":[{"count":3,"href":"https:\/\/pakuten.pl\/blog\/wp-json\/wp\/v2\/posts\/10136\/revisions"}],"predecessor-version":[{"id":10143,"href":"https:\/\/pakuten.pl\/blog\/wp-json\/wp\/v2\/posts\/10136\/revisions\/10143"}],"wp:featuredmedia":[{"embeddable":true,"href":"https:\/\/pakuten.pl\/blog\/wp-json\/wp\/v2\/media\/10138"}],"wp:attachment":[{"href":"https:\/\/pakuten.pl\/blog\/wp-json\/wp\/v2\/media?parent=10136"}],"wp:term":[{"taxonomy":"category","embeddable":true,"href":"https:\/\/pakuten.pl\/blog\/wp-json\/wp\/v2\/categories?post=10136"},{"taxonomy":"post_tag","embeddable":true,"href":"https:\/\/pakuten.pl\/blog\/wp-json\/wp\/v2\/tags?post=10136"}],"curies":[{"name":"wp","href":"https:\/\/api.w.org\/{rel}","templated":true}]}}