{"id":10144,"date":"2025-07-29T13:44:31","date_gmt":"2025-07-29T11:44:31","guid":{"rendered":"https:\/\/pakuten.pl\/blog\/?p=10144"},"modified":"2025-07-29T13:44:34","modified_gmt":"2025-07-29T11:44:34","slug":"najmodniejsze-kolory-sezonu-jesien-zima-2025-przewodnik-po-trendach-z-wybiegow","status":"publish","type":"post","link":"https:\/\/pakuten.pl\/blog\/najmodniejsze-kolory-sezonu-jesien-zima-2025-przewodnik-po-trendach-z-wybiegow\/","title":{"rendered":"Najmodniejsze kolory sezonu jesie\u0144\/zima 2025 \u2013 przewodnik po trendach z wybieg\u00f3w"},"content":{"rendered":"\n<p class=\"p1\"><strong>Najmodniejsze kolory sezonu jesie\u0144\/zima 2025 zaskakuj\u0105 r\u00f3\u017cnorodno\u015bci\u0105 i g\u0142\u0119bi\u0105. Projektanci postawili na kontrasty \u2013 obok ciep\u0142ych, nostalgicznych ton\u00f3w pojawiaj\u0105 si\u0119 ch\u0142odne, energetyczne akcenty. Na wybiegach dominowa\u0142y barwy natury, ale te\u017c nowoczesne odcienie futurystyczne. Co wa\u017cne, modne kolory \u0142\u0105cz\u0105 elegancj\u0119 z wyrazisto\u015bci\u0105. Dzi\u0119ki temu ka\u017cda kobieta znajdzie co\u015b dla siebie \u2013 zar\u00f3wno fanka minimalizmu, jak i mi\u0142o\u015bniczka wyrazistych stylizacji.<\/strong><\/p>\n<h2 class=\"p1\"><span style=\"color: #ff9900;\">Najmodniejsze kolory jesie\u0144\/zima 2025 \u2013 br\u0105zy i karmel jako baza garderoby<\/span><\/h2>\n<p class=\"p1\">W\u015br\u00f3d najmodniejszych kolor\u00f3w tej jesieni kr\u00f3luj\u0105 odcienie ziemi. Ciep\u0142e br\u0105zy, orzechy i karmel to odpowied\u017a na potrzeb\u0119 komfortu i naturalno\u015bci. Na pokazach Max Mary i Chlo\u00e9 pojawi\u0142y si\u0119 eleganckie p\u0142aszcze w kolorze czekolady oraz spodnie z wysokim stanem w barwie kawy z mlekiem.<\/p>\n<p class=\"p1\">Kolory te dobrze komponuj\u0105 si\u0119 z biel\u0105, be\u017cem i oliwkow\u0105 zieleni\u0105. Dodatkowo s\u0105 niezwykle praktyczne. \u015awietnie wygl\u0105daj\u0105 w monochromatycznych <span style=\"color: #ff9900;\"><a style=\"color: #ff9900;\" href=\"https:\/\/pakuten.pl\/\" target=\"_blank\" rel=\"noopener\">stylizacjach<\/a><\/span>, ale tak\u017ce jako baza dla bardziej wyrazistych dodatk\u00f3w. Warto \u0142\u0105czy\u0107 je z tkaninami o r\u00f3\u017cnej fakturze \u2013 np. zamszem, we\u0142n\u0105 lub ekosk\u00f3r\u0105.<\/p>\n<div class=\"product-box-container\">\r\n<div class=\"one_third \" style=\"\">\r\n<div class=\"product-box\">\r\n<a href=\"https:\/\/pakuten.pl\/46412-94345-komplet-top-z-bufiastymi-rekawami-i-szerokie-spodnie-lexille-mocha-mousse-mocha-mousse.html\" target=\"_blank\">\r\n <img src=\"https:\/\/media.pakuten.pl\/266992-large_default\/komplet-top-z-bufiastymi-rekawami-i-szerokie-spodnie-lexille-mocha-mousse.jpg\" alt=\"Komplet top z bufiastymi r\u0119kawami i szerokie spodnie Lexille - mocha mousse\"\/>\r\n<\/a>\r\n<p>\r\n<a href=\"https:\/\/pakuten.pl\/46412-94345-komplet-top-z-bufiastymi-rekawami-i-szerokie-spodnie-lexille-mocha-mousse-mocha-mousse.html\" target=\"_blank\">\r\nKomplet top z bufiastymi r\u0119kawami i szerokie spodnie Lexille - mocha mousse\r\n<\/a><\/p>\r\n  <p>Cena: 89,99\u00a0z\u0142<\/p>\r\n<a href=\"https:\/\/pakuten.pl\/46412-94345-komplet-top-z-bufiastymi-rekawami-i-szerokie-spodnie-lexille-mocha-mousse-mocha-mousse.html\" target=\"_blank\" class=\"button\">\r\nZobacz w sklepie\r\n<\/a>\r\n<\/div>\r\n<\/div>\r\n<div class=\"one_third \" style=\"\">\r\n<div class=\"product-box\">\r\n<a href=\"https:\/\/pakuten.pl\/46399-94321-czarny-komplet-bluzka-z-krotkim-rekawem-i-szerokie-spodnie-annastasia-czarny.html\" target=\"_blank\">\r\n  <img src=\"https:\/\/media.pakuten.pl\/266929-large_default\/czarny-komplet-bluzka-z-krotkim-rekawem-i-szerokie-spodnie-annastasia.jpg\" alt=\"Czarny komplet bluzka z kr\u00f3tkim r\u0119kawem i szerokie spodnie Annastasia\"\/>\r\n<\/a>\r\n<p>\r\n<a href=\"https:\/\/pakuten.pl\/46399-94321-czarny-komplet-bluzka-z-krotkim-rekawem-i-szerokie-spodnie-annastasia-czarny.html\" target=\"_blank\">\r\nCzarny komplet bluzka z kr\u00f3tkim r\u0119kawem i szerokie spodnie Annastasia\r\n<\/a><\/p>\r\n  <p>Cena: 74,99\u00a0z\u0142<\/p>\r\n<a href=\"https:\/\/pakuten.pl\/46399-94321-czarny-komplet-bluzka-z-krotkim-rekawem-i-szerokie-spodnie-annastasia-czarny.html\" target=\"_blank\" class=\"button\">\r\nZobacz w sklepie\r\n<\/a>\r\n<\/div>\r\n<\/div>\r\n<div class=\"one_third last \" style=\"\">\r\n<div class=\"product-box\">\r\n<a href=\"https:\/\/pakuten.pl\/46397-94317-bordowy-komplet-bluzka-z-krotkim-rekawem-i-szerokie-spodnie-annastasia-bordowy.html\" target=\"_blank\">\r\n  <img src=\"https:\/\/media.pakuten.pl\/266920-large_default\/bordowy-komplet-bluzka-z-krotkim-rekawem-i-szerokie-spodnie-annastasia.jpg\" alt=\"Bordowy komplet bluzka z kr\u00f3tkim r\u0119kawem i szerokie spodnie Annastasia\"\/>\r\n<\/a>\r\n<p>\r\n<a href=\"https:\/\/pakuten.pl\/46397-94317-bordowy-komplet-bluzka-z-krotkim-rekawem-i-szerokie-spodnie-annastasia-bordowy.html\" target=\"_blank\">\r\nBordowy komplet bluzka z kr\u00f3tkim r\u0119kawem i szerokie spodnie Annastasia\r\n<\/a><\/p>\r\n  <p>Cena: 74,99\u00a0z\u0142<\/p>\r\n<a href=\"https:\/\/pakuten.pl\/46397-94317-bordowy-komplet-bluzka-z-krotkim-rekawem-i-szerokie-spodnie-annastasia-bordowy.html\" target=\"_blank\" class=\"button\">\r\nZobacz w sklepie\r\n<\/a>\r\n<\/div>\r\n<\/div><br class=\"clear\"\/>\r\n<\/div>\n<h2 class=\"p1\"><span style=\"color: #ff9900;\">Najmodniejsze kolory w odcieniach czerwieni \u2013 bordo, burgund i wi\u015bnia<\/span><\/h2>\n<p class=\"p1\">Jesieni\u0105 i zim\u0105 2025 na nowo odkrywamy czerwie\u0144. Jednak tym razem nie chodzi o klasyczn\u0105, ognist\u0105 wersj\u0119. Zamiast niej dominuj\u0105 g\u0142\u0119bokie, szlachetne tony: bordo, burgund oraz ciemna wi\u015bnia. Te kolory podkre\u015blaj\u0105 elegancj\u0119 i pasuj\u0105 zar\u00f3wno na co dzie\u0144, jak i na wi\u0119ksze wyj\u015bcia.<\/p>\n<p class=\"p1\">Na wybiegach Valentino i Elie Saab czerwie\u0144 wyst\u0119powa\u0142a w wersji total look. Sukienki, peleryny, p\u0142aszcze \u2013 wszystko utrzymane w jednym odcieniu. Dobrze zestawi\u0107 je ze z\u0142otem, czerni\u0105 lub kontrastow\u0105 biel\u0105. To po\u0142\u0105czenie klasyki z nowoczesno\u015bci\u0105.<\/p>\n<div class=\"product-box-container\">\r\n<div class=\"one_third \" style=\"\">\r\n<div class=\"product-box\">\r\n<a href=\"https:\/\/pakuten.pl\/46463-94453-bordowa-dluga-dopasowana-sukienka-z-rozcieciem-ermione-bordowy.html\" target=\"_blank\">\r\n <img src=\"https:\/\/media.pakuten.pl\/267238-large_default\/bordowa-dluga-dopasowana-sukienka-z-rozcieciem-ermione.jpg\" alt=\"Bordowa d\u0142uga dopasowana sukienka z rozci\u0119ciem Ermione\"\/>\r\n<\/a>\r\n<p>\r\n<a href=\"https:\/\/pakuten.pl\/46463-94453-bordowa-dluga-dopasowana-sukienka-z-rozcieciem-ermione-bordowy.html\" target=\"_blank\">\r\nBordowa d\u0142uga dopasowana sukienka z rozci\u0119ciem Ermione\r\n<\/a><\/p>\r\n  <p>Cena: 127,99\u00a0z\u0142<\/p>\r\n<a href=\"https:\/\/pakuten.pl\/46463-94453-bordowa-dluga-dopasowana-sukienka-z-rozcieciem-ermione-bordowy.html\" target=\"_blank\" class=\"button\">\r\nZobacz w sklepie\r\n<\/a>\r\n<\/div>\r\n<\/div>\r\n<div class=\"one_third \" style=\"\">\r\n<div class=\"product-box\">\r\n<a href=\"https:\/\/pakuten.pl\/40156-85109-bordowy-komplet-bluzka-i-spodnie-belesse-bordowy.html\" target=\"_blank\">\r\n  <img src=\"https:\/\/media.pakuten.pl\/234990-large_default\/bordowy-komplet-bluzka-i-spodnie-belesse.jpg\" alt=\"Bordowy komplet bluzka i spodnie Belesse\"\/>\r\n<\/a>\r\n<p>\r\n<a href=\"https:\/\/pakuten.pl\/40156-85109-bordowy-komplet-bluzka-i-spodnie-belesse-bordowy.html\" target=\"_blank\">\r\nBordowy komplet bluzka i spodnie Belesse\r\n<\/a><\/p>\r\n  <p>Cena: 64,99\u00a0z\u0142<\/p>\r\n<a href=\"https:\/\/pakuten.pl\/40156-85109-bordowy-komplet-bluzka-i-spodnie-belesse-bordowy.html\" target=\"_blank\" class=\"button\">\r\nZobacz w sklepie\r\n<\/a>\r\n<\/div>\r\n<\/div>\r\n<div class=\"one_third last \" style=\"\">\r\n<div class=\"product-box\">\r\n<a href=\"https:\/\/pakuten.pl\/41154-86411-bordowa-prazkowana-bluzka-z-polgolfem-arelikaa-bordowy.html\" target=\"_blank\">\r\n  <img src=\"https:\/\/media.pakuten.pl\/239934-large_default\/bordowa-prazkowana-bluzka-z-polgolfem-arelikaa.jpg\" alt=\"Bordowa pr\u0105\u017ckowana bluzka z p\u00f3\u0142golfem Arelikaa\"\/>\r\n<\/a>\r\n<p>\r\n<a href=\"https:\/\/pakuten.pl\/41154-86411-bordowa-prazkowana-bluzka-z-polgolfem-arelikaa-bordowy.html\" target=\"_blank\">\r\nBordowa pr\u0105\u017ckowana bluzka z p\u00f3\u0142golfem Arelikaa\r\n<\/a><\/p>\r\n  <p>Cena: 45,99\u00a0z\u0142<\/p>\r\n<a href=\"https:\/\/pakuten.pl\/41154-86411-bordowa-prazkowana-bluzka-z-polgolfem-arelikaa-bordowy.html\" target=\"_blank\" class=\"button\">\r\nZobacz w sklepie\r\n<\/a>\r\n<\/div>\r\n<\/div><br class=\"clear\"\/>\r\n<\/div>\n<h2 class=\"p1\"><span style=\"color: #ff9900;\">Najmodniejsze kolory z ch\u0142odnej palety \u2013 szaro\u015b\u0107 i b\u0142\u0119kit lodu<\/span><\/h2>\n<p class=\"p1\">W kontrze do ciep\u0142ych barw sezonu projektanci pokazali tak\u017ce ch\u0142odniejsze odcienie. L\u015bni\u0105cy b\u0142\u0119kit lodu i stalowa szaro\u015b\u0107 to kolory, kt\u00f3re idealnie pasuj\u0105 do minimalistycznych fason\u00f3w. \u015awietnie prezentuj\u0105 si\u0119 na garniturach, p\u0142aszczach i oversize\u2019owych swetrach.<\/p>\n<p class=\"p1\">Dzi\u0119ki swojej neutralno\u015bci s\u0105 \u0142atwe do stylizacji. Mo\u017cna je zestawia\u0107 z ka\u017cdym innym kolorem \u2013 od ciep\u0142ych be\u017cy po intensywne fiolety. Dobrze wypadaj\u0105 r\u00f3wnie\u017c w po\u0142\u0105czeniu z metalicznymi dodatkami, co wpisuje si\u0119 w trend \u201efuture glam\u201d.<\/p>\n<p><img loading=\"lazy\" class=\"aligncenter size-full wp-image-10146\" src=\"https:\/\/pakuten.pl\/blog\/wp-content\/uploads\/2025\/07\/Najmodniejsze-kolory-z-chlodnej-palety-\u2013-szaros\u0301c\u0301-.png\" alt=\"Najmodniejsze kolory\" width=\"800\" height=\"583\" \/><\/p>\n<h2 class=\"p1\"><span style=\"color: #ff9900;\">Ziele\u0144 w wersji forest green i butelkowej \u2013 powr\u00f3t do natury<\/span><\/h2>\n<p class=\"p1\">Ziele\u0144 to kolejny kolor, kt\u00f3ry mocno zaznaczy\u0142 swoj\u0105 obecno\u015b\u0107 w kolekcjach na jesie\u0144\/zima 2025. Forest green oraz klasyczna butelkowa ziele\u0144 nawi\u0105zuj\u0105 do motyw\u00f3w natury i lasu. S\u0105 jednocze\u015bnie eleganckie i bardzo stylowe.<\/p>\n<p class=\"p1\">Na wybiegach pojawi\u0142y si\u0119 w wersji welurowych sukienek, we\u0142nianych p\u0142aszczy i dodatk\u00f3w. Idealnie pasuj\u0105 do z\u0142ota, be\u017cu oraz odcieni \u015bliwki. Ten kolor daje poczucie harmonii i \u015bwietnie sprawdzi si\u0119 w garderobie kapsu\u0142owej.<\/p>\n<div class=\"product-box-container\">\r\n<div class=\"one_third \" style=\"\">\r\n<div class=\"product-box\">\r\n<a href=\"https:\/\/pakuten.pl\/34880-76592-sukienka-z-przekladanym-dekoltem-z-paskiem-monetta-butelkowa-zielen-butelkowa-zielen.html\" target=\"_blank\">\r\n <img src=\"https:\/\/media.pakuten.pl\/207836-large_default\/sukienka-z-przekladanym-dekoltem-z-paskiem-monetta-butelkowa-zielen.jpg\" alt=\"Sukienka z przek\u0142adanym dekoltem z paskiem Monetta - butelkowa ziele\u0144\"\/>\r\n<\/a>\r\n<p>\r\n<a href=\"https:\/\/pakuten.pl\/34880-76592-sukienka-z-przekladanym-dekoltem-z-paskiem-monetta-butelkowa-zielen-butelkowa-zielen.html\" target=\"_blank\">\r\nSukienka z przek\u0142adanym dekoltem z paskiem Monetta - butelkowa ziele\u0144\r\n<\/a><\/p>\r\n  <p>Cena: 124,99\u00a0z\u0142<\/p>\r\n<a href=\"https:\/\/pakuten.pl\/34880-76592-sukienka-z-przekladanym-dekoltem-z-paskiem-monetta-butelkowa-zielen-butelkowa-zielen.html\" target=\"_blank\" class=\"button\">\r\nZobacz w sklepie\r\n<\/a>\r\n<\/div>\r\n<\/div>\r\n<div class=\"one_third \" style=\"\">\r\n<div class=\"product-box\">\r\n<a href=\"https:\/\/pakuten.pl\/34446-76010-dopasowana-sukienka-z-marszczeniem-w-talii-rory-butelkowa-zielen--butelkowa-zielen.html\" target=\"_blank\">\r\n  <img src=\"https:\/\/media.pakuten.pl\/205926-large_default\/dopasowana-sukienka-z-marszczeniem-w-talii-rory-butelkowa-zielen-.jpg\" alt=\"Dopasowana sukienka z marszczeniem w talii Rory - butelkowa ziele\u0144\"\/>\r\n<\/a>\r\n<p>\r\n<a href=\"https:\/\/pakuten.pl\/34446-76010-dopasowana-sukienka-z-marszczeniem-w-talii-rory-butelkowa-zielen--butelkowa-zielen.html\" target=\"_blank\">\r\nDopasowana sukienka z marszczeniem w talii Rory - butelkowa ziele\u0144\r\n<\/a><\/p>\r\n  <p>Cena: 105,99\u00a0z\u0142<\/p>\r\n<a href=\"https:\/\/pakuten.pl\/34446-76010-dopasowana-sukienka-z-marszczeniem-w-talii-rory-butelkowa-zielen--butelkowa-zielen.html\" target=\"_blank\" class=\"button\">\r\nZobacz w sklepie\r\n<\/a>\r\n<\/div>\r\n<\/div>\r\n<div class=\"one_third last \" style=\"\">\r\n<div class=\"product-box\">\r\n<a href=\"https:\/\/pakuten.pl\/34250-75760-sukienka-z-dekoltem-w-serce-i-marszczeniem-z-boku-sylwie-butelkowa-zielen-butelkowa-zielen.html\" target=\"_blank\">\r\n  <img src=\"https:\/\/media.pakuten.pl\/205064-large_default\/sukienka-z-dekoltem-w-serce-i-marszczeniem-z-boku-sylwie-butelkowa-zielen.jpg\" alt=\"Sukienka z dekoltem w serce i marszczeniem z boku Sylwie - butelkowa ziele\u0144\"\/>\r\n<\/a>\r\n<p>\r\n<a href=\"https:\/\/pakuten.pl\/34250-75760-sukienka-z-dekoltem-w-serce-i-marszczeniem-z-boku-sylwie-butelkowa-zielen-butelkowa-zielen.html\" target=\"_blank\">\r\nSukienka z dekoltem w serce i marszczeniem z boku Sylwie - butelkowa ziele\u0144\r\n<\/a><\/p>\r\n  <p>Cena: 105,99\u00a0z\u0142<\/p>\r\n<a href=\"https:\/\/pakuten.pl\/34250-75760-sukienka-z-dekoltem-w-serce-i-marszczeniem-z-boku-sylwie-butelkowa-zielen-butelkowa-zielen.html\" target=\"_blank\" class=\"button\">\r\nZobacz w sklepie\r\n<\/a>\r\n<\/div>\r\n<\/div><br class=\"clear\"\/>\r\n<\/div>\n<h2 class=\"p1\"><span style=\"color: #ff9900;\">Energetyczny akcent \u2013 mandarynkowy pomara\u0144cz i \u017cywa fuksja<\/span><\/h2>\n<p class=\"p1\">Cho\u0107 jesie\u0144 kojarzy si\u0119 z przygaszonymi barwami, sezon 2025 przynosi wyj\u0105tek. Mocne kolory r\u00f3wnie\u017c maj\u0105 swoje miejsce. Pomara\u0144cz w odcieniu mandarynki oraz intensywna fuksja to propozycje dla odwa\u017cnych.<\/p>\n<p class=\"p1\">Te kolory pojawi\u0142y si\u0119 w kolekcjach Moschino, Versace i Stella McCartney. Projektanci proponuj\u0105 nosi\u0107 je w duecie z neutralnymi barwami \u2013 na przyk\u0142ad z grafitem, be\u017cem czy czerni\u0105. Mo\u017cna tak\u017ce p\u00f3j\u015b\u0107 w stron\u0119 \u201ecolor block\u201d i zestawi\u0107 dwa mocne kolory razem.<\/p>\n<p><img loading=\"lazy\" class=\"aligncenter size-full wp-image-10149\" src=\"https:\/\/pakuten.pl\/blog\/wp-content\/uploads\/2025\/07\/Energetyczny-akcent-\u2013-mandarynkowy-pomaran\u0301cz-i-z\u0307ywa-fuksja.png\" alt=\"\" width=\"400\" height=\"700\" \/><\/p>\n<h2 class=\"p1\"><span style=\"color: #ff9900;\">Najmodniejsze kolory w detalach \u2013 jak wprowadzi\u0107 trendy do codziennego stylu?<\/span><\/h2>\n<p class=\"p1\">Nie musisz od razu wymienia\u0107 ca\u0142ej szafy. Wystarczy doda\u0107 kilka akcent\u00f3w w najmodniejszych kolorach, by odmieni\u0107 look. Mo\u017ce to by\u0107 torebka w kolorze bordowym, szal w zieleni forest green lub buty w karmelowym odcieniu.<\/p>\n<p class=\"p1\">Warto te\u017c zwr\u00f3ci\u0107 uwag\u0119 na makija\u017c i manicure. Cienie w kolorze burgundu, pomadki w odcieniach fuksji czy paznokcie w odcieniu g\u0142\u0119bokiego b\u0142\u0119kitu \u2013 wszystko to subtelne sposoby na pod\u0105\u017canie za trendami.<\/p>\n<blockquote class=\"instagram-media\" style=\"background: #FFF; border: 0; border-radius: 3px; box-shadow: 0 0 1px 0 rgba(0,0,0,0.5),0 1px 10px 0 rgba(0,0,0,0.15); margin: 1px; max-width: 540px; min-width: 326px; padding: 0; width: calc(100% - 2px);\" data-instgrm-permalink=\"https:\/\/www.instagram.com\/reel\/DMryz9Qoe9h\/?utm_source=ig_embed&amp;utm_campaign=loading\" data-instgrm-version=\"14\">\n<div style=\"padding: 16px;\">\n<div style=\"display: flex; flex-direction: row; align-items: center;\">\n<div style=\"background-color: #f4f4f4; border-radius: 50%; flex-grow: 0; height: 40px; margin-right: 14px; width: 40px;\">\u00a0<\/div>\n<div style=\"display: flex; flex-direction: column; flex-grow: 1; justify-content: center;\">\n<div style=\"background-color: #f4f4f4; border-radius: 4px; flex-grow: 0; height: 14px; margin-bottom: 6px; width: 100px;\">\u00a0<\/div>\n<div style=\"background-color: #f4f4f4; border-radius: 4px; flex-grow: 0; height: 14px; width: 60px;\">\u00a0<\/div>\n<\/div>\n<\/div>\n<div style=\"padding: 19% 0;\">\u00a0<\/div>\n<div style=\"display: block; height: 50px; margin: 0 auto 12px; width: 50px;\">\u00a0<\/div>\n<div style=\"padding-top: 8px;\">\n<div style=\"color: #3897f0; font-family: Arial,sans-serif; font-size: 14px; font-style: normal; font-weight: 550; line-height: 18px;\">Wy\u015bwietl ten post na Instagramie<\/div>\n<\/div>\n<div style=\"padding: 12.5% 0;\">\u00a0<\/div>\n<div style=\"display: flex; flex-direction: row; margin-bottom: 14px; align-items: center;\">\n<div>\n<div style=\"background-color: #f4f4f4; border-radius: 50%; height: 12.5px; width: 12.5px; transform: translateX(0px) translateY(7px);\">\u00a0<\/div>\n<div style=\"background-color: #f4f4f4; height: 12.5px; transform: rotate(-45deg) translateX(3px) translateY(1px); width: 12.5px; flex-grow: 0; margin-right: 14px; margin-left: 2px;\">\u00a0<\/div>\n<div style=\"background-color: #f4f4f4; border-radius: 50%; height: 12.5px; width: 12.5px; transform: translateX(9px) translateY(-18px);\">\u00a0<\/div>\n<\/div>\n<div style=\"margin-left: 8px;\">\n<div style=\"background-color: #f4f4f4; border-radius: 50%; flex-grow: 0; height: 20px; width: 20px;\">\u00a0<\/div>\n<div style=\"width: 0; height: 0; border-top: 2px solid transparent; border-left: 6px solid #f4f4f4; border-bottom: 2px solid transparent; transform: translateX(16px) translateY(-4px) rotate(30deg);\">\u00a0<\/div>\n<\/div>\n<div style=\"margin-left: auto;\">\n<div style=\"width: 0px; border-top: 8px solid #F4F4F4; border-right: 8px solid transparent; transform: translateY(16px);\">\u00a0<\/div>\n<div style=\"background-color: #f4f4f4; flex-grow: 0; height: 12px; width: 16px; transform: translateY(-4px);\">\u00a0<\/div>\n<div style=\"width: 0; height: 0; border-top: 8px solid #F4F4F4; border-left: 8px solid transparent; transform: translateY(-4px) translateX(8px);\">\u00a0<\/div>\n<\/div>\n<\/div>\n<div style=\"display: flex; flex-direction: column; flex-grow: 1; justify-content: center; margin-bottom: 24px;\">\n<div style=\"background-color: #f4f4f4; border-radius: 4px; flex-grow: 0; height: 14px; margin-bottom: 6px; width: 224px;\">\u00a0<\/div>\n<div style=\"background-color: #f4f4f4; border-radius: 4px; flex-grow: 0; height: 14px; width: 144px;\">\u00a0<\/div>\n<\/div>\n<p style=\"color: #c9c8cd; font-family: Arial,sans-serif; font-size: 14px; line-height: 17px; margin-bottom: 0; margin-top: 8px; overflow: hidden; padding: 8px 0 7px; text-align: center; text-overflow: ellipsis; white-space: nowrap;\"><a style=\"color: #c9c8cd; font-family: Arial,sans-serif; font-size: 14px; font-style: normal; font-weight: normal; line-height: 17px; text-decoration: none;\" href=\"https:\/\/www.instagram.com\/reel\/DMryz9Qoe9h\/?utm_source=ig_embed&amp;utm_campaign=loading\" target=\"_blank\" rel=\"noopener\">Post udost\u0119pniony przez Pakuten.pl \u2022 Modna i tania odzie\u017c damska (@pakuten.official)<\/a><\/p>\n<\/div>\n<\/blockquote>\n<p><script async src=\"\/\/www.instagram.com\/embed.js\"><\/script><\/p>\n<p class=\"p1\">Podsumowuj\u0105c, <b>najmodniejsze kolory<\/b> sezonu jesie\u0144\/zima 2025 to mieszanka ciep\u0142a i ch\u0142odu. Wyr\u00f3\u017cniaj\u0105 si\u0119 szlachetno\u015bci\u0105, g\u0142\u0119bi\u0105 oraz uniwersalno\u015bci\u0105. Projektanci inspiruj\u0105 si\u0119 natur\u0105, ale te\u017c przysz\u0142o\u015bci\u0105. Warto je wprowadzi\u0107 do garderoby \u2013 nawet w najmniejszym detalu.<\/p>\n<p class=\"p1\">Pami\u0119taj: kolor potrafi odmieni\u0107 ca\u0142\u0105 stylizacj\u0119. To najprostszy spos\u00f3b, by wygl\u0105da\u0107 \u015bwie\u017co i nowocze\u015bnie \u2013 niezale\u017cnie od pory roku. Jesie\u0144 i zima 2025 zdecydowanie nale\u017c\u0105 do kobiet, kt\u00f3re nie boj\u0105 si\u0119 koloru.<\/p>\n<p>\u00a0<\/p>\n\n\n<div class=\"kk-star-ratings kksr-auto kksr-align-right kksr-valign-bottom\"\n    data-payload='{&quot;align&quot;:&quot;right&quot;,&quot;id&quot;:&quot;10144&quot;,&quot;slug&quot;:&quot;default&quot;,&quot;valign&quot;:&quot;bottom&quot;,&quot;ignore&quot;:&quot;&quot;,&quot;reference&quot;:&quot;auto&quot;,&quot;class&quot;:&quot;&quot;,&quot;count&quot;:&quot;25&quot;,&quot;legendonly&quot;:&quot;&quot;,&quot;readonly&quot;:&quot;&quot;,&quot;score&quot;:&quot;2.6&quot;,&quot;starsonly&quot;:&quot;&quot;,&quot;best&quot;:&quot;5&quot;,&quot;gap&quot;:&quot;5&quot;,&quot;greet&quot;:&quot;Rate this post&quot;,&quot;legend&quot;:&quot;2.6\\\/5 - (25 votes)&quot;,&quot;size&quot;:&quot;24&quot;,&quot;width&quot;:&quot;72.9&quot;,&quot;_legend&quot;:&quot;{score}\\\/{best} - ({count} {votes})&quot;,&quot;font_factor&quot;:&quot;1.25&quot;}'>\n            \n<div class=\"kksr-stars\">\n    \n<div class=\"kksr-stars-inactive\">\n            <div class=\"kksr-star\" data-star=\"1\" style=\"padding-right: 5px\">\n            \n\n<div class=\"kksr-icon\" style=\"width: 24px; height: 24px;\"><\/div>\n        <\/div>\n            <div class=\"kksr-star\" data-star=\"2\" style=\"padding-right: 5px\">\n            \n\n<div class=\"kksr-icon\" style=\"width: 24px; height: 24px;\"><\/div>\n        <\/div>\n            <div class=\"kksr-star\" data-star=\"3\" style=\"padding-right: 5px\">\n            \n\n<div class=\"kksr-icon\" style=\"width: 24px; height: 24px;\"><\/div>\n        <\/div>\n            <div class=\"kksr-star\" data-star=\"4\" style=\"padding-right: 5px\">\n            \n\n<div class=\"kksr-icon\" style=\"width: 24px; height: 24px;\"><\/div>\n        <\/div>\n            <div class=\"kksr-star\" data-star=\"5\" style=\"padding-right: 5px\">\n            \n\n<div class=\"kksr-icon\" style=\"width: 24px; height: 24px;\"><\/div>\n        <\/div>\n    <\/div>\n    \n<div class=\"kksr-stars-active\" style=\"width: 72.9px;\">\n            <div class=\"kksr-star\" style=\"padding-right: 5px\">\n            \n\n<div class=\"kksr-icon\" style=\"width: 24px; height: 24px;\"><\/div>\n        <\/div>\n            <div class=\"kksr-star\" style=\"padding-right: 5px\">\n            \n\n<div class=\"kksr-icon\" style=\"width: 24px; height: 24px;\"><\/div>\n        <\/div>\n            <div class=\"kksr-star\" style=\"padding-right: 5px\">\n            \n\n<div class=\"kksr-icon\" style=\"width: 24px; height: 24px;\"><\/div>\n        <\/div>\n            <div class=\"kksr-star\" style=\"padding-right: 5px\">\n            \n\n<div class=\"kksr-icon\" style=\"width: 24px; height: 24px;\"><\/div>\n        <\/div>\n            <div class=\"kksr-star\" style=\"padding-right: 5px\">\n            \n\n<div class=\"kksr-icon\" style=\"width: 24px; height: 24px;\"><\/div>\n        <\/div>\n    <\/div>\n<\/div>\n                \n\n<div class=\"kksr-legend\" style=\"font-size: 19.2px;\">\n            2.6\/5 - (25 votes)    <\/div>\n    <\/div>\n","protected":false},"excerpt":{"rendered":"<p>Najmodniejsze kolory sezonu jesie\u0144\/zima 2025 zaskakuj\u0105 r\u00f3\u017cnorodno\u015bci\u0105 i g\u0142\u0119bi\u0105. Projektanci postawili na kontrasty \u2013 obok ciep\u0142ych, nostalgicznych ton\u00f3w pojawiaj\u0105 si\u0119 ch\u0142odne, energetyczne akcenty. Na wybiegach dominowa\u0142y barwy natury, ale te\u017c nowoczesne odcienie futurystyczne. Co wa\u017cne, modne kolory \u0142\u0105cz\u0105 elegancj\u0119 z wyrazisto\u015bci\u0105. Dzi\u0119ki temu ka\u017cda kobieta znajdzie co\u015b dla siebie \u2013 zar\u00f3wno fanka minimalizmu, jak i mi\u0142o\u015bniczka wyrazistych stylizacji.<\/p>\n","protected":false},"author":3,"featured_media":10152,"comment_status":"open","ping_status":"open","sticky":false,"template":"","format":"standard","meta":[],"categories":[5],"tags":[],"yoast_head":"<!-- This site is optimized with the Yoast SEO plugin v18.4.1 - https:\/\/yoast.com\/wordpress\/plugins\/seo\/ -->\n<title>Najmodniejsze kolory sezonu jesie\u0144\/zima 2025 \u2013 przewodnik po trendach z wybieg\u00f3w - Pakuten blog<\/title>\n<meta name=\"description\" content=\"Najmodniejsze kolory sezonu jesie\u0144\/zima 2025. Sprawd\u017a trendy prosto z wybieg\u00f3w i zainspiruj si\u0119 stylizacjami!\" \/>\n<meta name=\"robots\" content=\"index, follow, max-snippet:-1, max-image-preview:large, max-video-preview:-1\" \/>\n<link rel=\"canonical\" href=\"https:\/\/pakuten.pl\/blog\/najmodniejsze-kolory-sezonu-jesien-zima-2025-przewodnik-po-trendach-z-wybiegow\/\" \/>\n<meta property=\"og:locale\" content=\"pl_PL\" \/>\n<meta property=\"og:type\" content=\"article\" \/>\n<meta property=\"og:title\" content=\"Najmodniejsze kolory sezonu jesie\u0144\/zima 2025 \u2013 przewodnik po trendach z wybieg\u00f3w - Pakuten blog\" \/>\n<meta property=\"og:description\" content=\"Najmodniejsze kolory sezonu jesie\u0144\/zima 2025. Sprawd\u017a trendy prosto z wybieg\u00f3w i zainspiruj si\u0119 stylizacjami!\" \/>\n<meta property=\"og:url\" content=\"https:\/\/pakuten.pl\/blog\/najmodniejsze-kolory-sezonu-jesien-zima-2025-przewodnik-po-trendach-z-wybiegow\/\" \/>\n<meta property=\"og:site_name\" content=\"Pakuten blog\" \/>\n<meta property=\"article:published_time\" content=\"2025-07-29T11:44:31+00:00\" \/>\n<meta property=\"article:modified_time\" content=\"2025-07-29T11:44:34+00:00\" \/>\n<meta property=\"og:image\" content=\"https:\/\/pakuten.pl\/blog\/wp-content\/uploads\/2025\/07\/Najmodniejsze-kolory-sezonu-jesien\u0301zima-2025.png\" \/>\n\t<meta property=\"og:image:width\" content=\"1280\" \/>\n\t<meta property=\"og:image:height\" content=\"853\" \/>\n\t<meta property=\"og:image:type\" content=\"image\/png\" \/>\n<meta name=\"twitter:card\" content=\"summary_large_image\" \/>\n<meta name=\"twitter:label1\" content=\"Napisane przez\" \/>\n\t<meta name=\"twitter:data1\" content=\"Pakuten Girl\" \/>\n\t<meta name=\"twitter:label2\" content=\"Szacowany czas czytania\" \/>\n\t<meta name=\"twitter:data2\" content=\"5 minut\" \/>\n<script type=\"application\/ld+json\" class=\"yoast-schema-graph\">{\"@context\":\"https:\/\/schema.org\",\"@graph\":[{\"@type\":\"Organization\",\"@id\":\"https:\/\/pakuten.pl\/blog\/#organization\",\"name\":\"Pakuten\",\"url\":\"https:\/\/pakuten.pl\/blog\/\",\"sameAs\":[],\"logo\":{\"@type\":\"ImageObject\",\"@id\":\"https:\/\/pakuten.pl\/blog\/#logo\",\"inLanguage\":\"pl-PL\",\"url\":\"http:\/\/pakuten.pl\/blog\/wp-content\/uploads\/2018\/01\/pakuten_logo.png\",\"contentUrl\":\"http:\/\/pakuten.pl\/blog\/wp-content\/uploads\/2018\/01\/pakuten_logo.png\",\"width\":300,\"height\":120,\"caption\":\"Pakuten\"},\"image\":{\"@id\":\"https:\/\/pakuten.pl\/blog\/#logo\"}},{\"@type\":\"WebSite\",\"@id\":\"https:\/\/pakuten.pl\/blog\/#website\",\"url\":\"https:\/\/pakuten.pl\/blog\/\",\"name\":\"Pakuten blog\",\"description\":\"Blog sklepu internetowego pakuten.pl\",\"publisher\":{\"@id\":\"https:\/\/pakuten.pl\/blog\/#organization\"},\"potentialAction\":[{\"@type\":\"SearchAction\",\"target\":{\"@type\":\"EntryPoint\",\"urlTemplate\":\"https:\/\/pakuten.pl\/blog\/?s={search_term_string}\"},\"query-input\":\"required name=search_term_string\"}],\"inLanguage\":\"pl-PL\"},{\"@type\":\"ImageObject\",\"@id\":\"https:\/\/pakuten.pl\/blog\/najmodniejsze-kolory-sezonu-jesien-zima-2025-przewodnik-po-trendach-z-wybiegow\/#primaryimage\",\"inLanguage\":\"pl-PL\",\"url\":\"https:\/\/pakuten.pl\/blog\/wp-content\/uploads\/2025\/07\/Najmodniejsze-kolory-sezonu-jesien\u0301zima-2025.png\",\"contentUrl\":\"https:\/\/pakuten.pl\/blog\/wp-content\/uploads\/2025\/07\/Najmodniejsze-kolory-sezonu-jesien\u0301zima-2025.png\",\"width\":1280,\"height\":853},{\"@type\":\"WebPage\",\"@id\":\"https:\/\/pakuten.pl\/blog\/najmodniejsze-kolory-sezonu-jesien-zima-2025-przewodnik-po-trendach-z-wybiegow\/#webpage\",\"url\":\"https:\/\/pakuten.pl\/blog\/najmodniejsze-kolory-sezonu-jesien-zima-2025-przewodnik-po-trendach-z-wybiegow\/\",\"name\":\"Najmodniejsze kolory sezonu jesie\u0144\/zima 2025 \u2013 przewodnik po trendach z wybieg\u00f3w - Pakuten blog\",\"isPartOf\":{\"@id\":\"https:\/\/pakuten.pl\/blog\/#website\"},\"primaryImageOfPage\":{\"@id\":\"https:\/\/pakuten.pl\/blog\/najmodniejsze-kolory-sezonu-jesien-zima-2025-przewodnik-po-trendach-z-wybiegow\/#primaryimage\"},\"datePublished\":\"2025-07-29T11:44:31+00:00\",\"dateModified\":\"2025-07-29T11:44:34+00:00\",\"description\":\"Najmodniejsze kolory sezonu jesie\u0144\/zima 2025. Sprawd\u017a trendy prosto z wybieg\u00f3w i zainspiruj si\u0119 stylizacjami!\",\"breadcrumb\":{\"@id\":\"https:\/\/pakuten.pl\/blog\/najmodniejsze-kolory-sezonu-jesien-zima-2025-przewodnik-po-trendach-z-wybiegow\/#breadcrumb\"},\"inLanguage\":\"pl-PL\",\"potentialAction\":[{\"@type\":\"ReadAction\",\"target\":[\"https:\/\/pakuten.pl\/blog\/najmodniejsze-kolory-sezonu-jesien-zima-2025-przewodnik-po-trendach-z-wybiegow\/\"]}]},{\"@type\":\"BreadcrumbList\",\"@id\":\"https:\/\/pakuten.pl\/blog\/najmodniejsze-kolory-sezonu-jesien-zima-2025-przewodnik-po-trendach-z-wybiegow\/#breadcrumb\",\"itemListElement\":[{\"@type\":\"ListItem\",\"position\":1,\"name\":\"Strona g\u0142\u00f3wna\",\"item\":\"https:\/\/pakuten.pl\/blog\/\"},{\"@type\":\"ListItem\",\"position\":2,\"name\":\"Najmodniejsze kolory sezonu jesie\u0144\/zima 2025 \u2013 przewodnik po trendach z wybieg\u00f3w\"}]},{\"@type\":\"Article\",\"@id\":\"https:\/\/pakuten.pl\/blog\/najmodniejsze-kolory-sezonu-jesien-zima-2025-przewodnik-po-trendach-z-wybiegow\/#article\",\"isPartOf\":{\"@id\":\"https:\/\/pakuten.pl\/blog\/najmodniejsze-kolory-sezonu-jesien-zima-2025-przewodnik-po-trendach-z-wybiegow\/#webpage\"},\"author\":{\"@id\":\"https:\/\/pakuten.pl\/blog\/#\/schema\/person\/d7133af30211381a4e4536d088384556\"},\"headline\":\"Najmodniejsze kolory sezonu jesie\u0144\/zima 2025 \u2013 przewodnik po trendach z wybieg\u00f3w\",\"datePublished\":\"2025-07-29T11:44:31+00:00\",\"dateModified\":\"2025-07-29T11:44:34+00:00\",\"mainEntityOfPage\":{\"@id\":\"https:\/\/pakuten.pl\/blog\/najmodniejsze-kolory-sezonu-jesien-zima-2025-przewodnik-po-trendach-z-wybiegow\/#webpage\"},\"wordCount\":771,\"commentCount\":0,\"publisher\":{\"@id\":\"https:\/\/pakuten.pl\/blog\/#organization\"},\"image\":{\"@id\":\"https:\/\/pakuten.pl\/blog\/najmodniejsze-kolory-sezonu-jesien-zima-2025-przewodnik-po-trendach-z-wybiegow\/#primaryimage\"},\"thumbnailUrl\":\"https:\/\/pakuten.pl\/blog\/wp-content\/uploads\/2025\/07\/Najmodniejsze-kolory-sezonu-jesien\u0301zima-2025.png\",\"articleSection\":[\"Inspirations\"],\"inLanguage\":\"pl-PL\",\"potentialAction\":[{\"@type\":\"CommentAction\",\"name\":\"Comment\",\"target\":[\"https:\/\/pakuten.pl\/blog\/najmodniejsze-kolory-sezonu-jesien-zima-2025-przewodnik-po-trendach-z-wybiegow\/#respond\"]}]},{\"@type\":\"Person\",\"@id\":\"https:\/\/pakuten.pl\/blog\/#\/schema\/person\/d7133af30211381a4e4536d088384556\",\"name\":\"Pakuten Girl\",\"image\":{\"@type\":\"ImageObject\",\"@id\":\"https:\/\/pakuten.pl\/blog\/#personlogo\",\"inLanguage\":\"pl-PL\",\"url\":\"https:\/\/secure.gravatar.com\/avatar\/d3df41de2caf92e6cfded9430c2ff352?s=96&d=mm&r=g\",\"contentUrl\":\"https:\/\/secure.gravatar.com\/avatar\/d3df41de2caf92e6cfded9430c2ff352?s=96&d=mm&r=g\",\"caption\":\"Pakuten Girl\"},\"description\":\"Cze\u015b\u0107, nazywam si\u0119 Ola. Kocham Netflixa, sals\u0119, nowo\u015bci kosmetyczne i najnowsze trendy w modzie.\",\"url\":\"https:\/\/pakuten.pl\/blog\/author\/pakuten-girl\/\"}]}<\/script>\n<!-- \/ Yoast SEO plugin. -->","yoast_head_json":{"title":"Najmodniejsze kolory sezonu jesie\u0144\/zima 2025 \u2013 przewodnik po trendach z wybieg\u00f3w - Pakuten blog","description":"Najmodniejsze kolory sezonu jesie\u0144\/zima 2025. Sprawd\u017a trendy prosto z wybieg\u00f3w i zainspiruj si\u0119 stylizacjami!","robots":{"index":"index","follow":"follow","max-snippet":"max-snippet:-1","max-image-preview":"max-image-preview:large","max-video-preview":"max-video-preview:-1"},"canonical":"https:\/\/pakuten.pl\/blog\/najmodniejsze-kolory-sezonu-jesien-zima-2025-przewodnik-po-trendach-z-wybiegow\/","og_locale":"pl_PL","og_type":"article","og_title":"Najmodniejsze kolory sezonu jesie\u0144\/zima 2025 \u2013 przewodnik po trendach z wybieg\u00f3w - Pakuten blog","og_description":"Najmodniejsze kolory sezonu jesie\u0144\/zima 2025. Sprawd\u017a trendy prosto z wybieg\u00f3w i zainspiruj si\u0119 stylizacjami!","og_url":"https:\/\/pakuten.pl\/blog\/najmodniejsze-kolory-sezonu-jesien-zima-2025-przewodnik-po-trendach-z-wybiegow\/","og_site_name":"Pakuten blog","article_published_time":"2025-07-29T11:44:31+00:00","article_modified_time":"2025-07-29T11:44:34+00:00","og_image":[{"width":1280,"height":853,"url":"https:\/\/pakuten.pl\/blog\/wp-content\/uploads\/2025\/07\/Najmodniejsze-kolory-sezonu-jesien\u0301zima-2025.png","type":"image\/png"}],"twitter_card":"summary_large_image","twitter_misc":{"Napisane przez":"Pakuten Girl","Szacowany czas czytania":"5 minut"},"schema":{"@context":"https:\/\/schema.org","@graph":[{"@type":"Organization","@id":"https:\/\/pakuten.pl\/blog\/#organization","name":"Pakuten","url":"https:\/\/pakuten.pl\/blog\/","sameAs":[],"logo":{"@type":"ImageObject","@id":"https:\/\/pakuten.pl\/blog\/#logo","inLanguage":"pl-PL","url":"http:\/\/pakuten.pl\/blog\/wp-content\/uploads\/2018\/01\/pakuten_logo.png","contentUrl":"http:\/\/pakuten.pl\/blog\/wp-content\/uploads\/2018\/01\/pakuten_logo.png","width":300,"height":120,"caption":"Pakuten"},"image":{"@id":"https:\/\/pakuten.pl\/blog\/#logo"}},{"@type":"WebSite","@id":"https:\/\/pakuten.pl\/blog\/#website","url":"https:\/\/pakuten.pl\/blog\/","name":"Pakuten blog","description":"Blog sklepu internetowego pakuten.pl","publisher":{"@id":"https:\/\/pakuten.pl\/blog\/#organization"},"potentialAction":[{"@type":"SearchAction","target":{"@type":"EntryPoint","urlTemplate":"https:\/\/pakuten.pl\/blog\/?s={search_term_string}"},"query-input":"required name=search_term_string"}],"inLanguage":"pl-PL"},{"@type":"ImageObject","@id":"https:\/\/pakuten.pl\/blog\/najmodniejsze-kolory-sezonu-jesien-zima-2025-przewodnik-po-trendach-z-wybiegow\/#primaryimage","inLanguage":"pl-PL","url":"https:\/\/pakuten.pl\/blog\/wp-content\/uploads\/2025\/07\/Najmodniejsze-kolory-sezonu-jesien\u0301zima-2025.png","contentUrl":"https:\/\/pakuten.pl\/blog\/wp-content\/uploads\/2025\/07\/Najmodniejsze-kolory-sezonu-jesien\u0301zima-2025.png","width":1280,"height":853},{"@type":"WebPage","@id":"https:\/\/pakuten.pl\/blog\/najmodniejsze-kolory-sezonu-jesien-zima-2025-przewodnik-po-trendach-z-wybiegow\/#webpage","url":"https:\/\/pakuten.pl\/blog\/najmodniejsze-kolory-sezonu-jesien-zima-2025-przewodnik-po-trendach-z-wybiegow\/","name":"Najmodniejsze kolory sezonu jesie\u0144\/zima 2025 \u2013 przewodnik po trendach z wybieg\u00f3w - Pakuten blog","isPartOf":{"@id":"https:\/\/pakuten.pl\/blog\/#website"},"primaryImageOfPage":{"@id":"https:\/\/pakuten.pl\/blog\/najmodniejsze-kolory-sezonu-jesien-zima-2025-przewodnik-po-trendach-z-wybiegow\/#primaryimage"},"datePublished":"2025-07-29T11:44:31+00:00","dateModified":"2025-07-29T11:44:34+00:00","description":"Najmodniejsze kolory sezonu jesie\u0144\/zima 2025. Sprawd\u017a trendy prosto z wybieg\u00f3w i zainspiruj si\u0119 stylizacjami!","breadcrumb":{"@id":"https:\/\/pakuten.pl\/blog\/najmodniejsze-kolory-sezonu-jesien-zima-2025-przewodnik-po-trendach-z-wybiegow\/#breadcrumb"},"inLanguage":"pl-PL","potentialAction":[{"@type":"ReadAction","target":["https:\/\/pakuten.pl\/blog\/najmodniejsze-kolory-sezonu-jesien-zima-2025-przewodnik-po-trendach-z-wybiegow\/"]}]},{"@type":"BreadcrumbList","@id":"https:\/\/pakuten.pl\/blog\/najmodniejsze-kolory-sezonu-jesien-zima-2025-przewodnik-po-trendach-z-wybiegow\/#breadcrumb","itemListElement":[{"@type":"ListItem","position":1,"name":"Strona g\u0142\u00f3wna","item":"https:\/\/pakuten.pl\/blog\/"},{"@type":"ListItem","position":2,"name":"Najmodniejsze kolory sezonu jesie\u0144\/zima 2025 \u2013 przewodnik po trendach z wybieg\u00f3w"}]},{"@type":"Article","@id":"https:\/\/pakuten.pl\/blog\/najmodniejsze-kolory-sezonu-jesien-zima-2025-przewodnik-po-trendach-z-wybiegow\/#article","isPartOf":{"@id":"https:\/\/pakuten.pl\/blog\/najmodniejsze-kolory-sezonu-jesien-zima-2025-przewodnik-po-trendach-z-wybiegow\/#webpage"},"author":{"@id":"https:\/\/pakuten.pl\/blog\/#\/schema\/person\/d7133af30211381a4e4536d088384556"},"headline":"Najmodniejsze kolory sezonu jesie\u0144\/zima 2025 \u2013 przewodnik po trendach z wybieg\u00f3w","datePublished":"2025-07-29T11:44:31+00:00","dateModified":"2025-07-29T11:44:34+00:00","mainEntityOfPage":{"@id":"https:\/\/pakuten.pl\/blog\/najmodniejsze-kolory-sezonu-jesien-zima-2025-przewodnik-po-trendach-z-wybiegow\/#webpage"},"wordCount":771,"commentCount":0,"publisher":{"@id":"https:\/\/pakuten.pl\/blog\/#organization"},"image":{"@id":"https:\/\/pakuten.pl\/blog\/najmodniejsze-kolory-sezonu-jesien-zima-2025-przewodnik-po-trendach-z-wybiegow\/#primaryimage"},"thumbnailUrl":"https:\/\/pakuten.pl\/blog\/wp-content\/uploads\/2025\/07\/Najmodniejsze-kolory-sezonu-jesien\u0301zima-2025.png","articleSection":["Inspirations"],"inLanguage":"pl-PL","potentialAction":[{"@type":"CommentAction","name":"Comment","target":["https:\/\/pakuten.pl\/blog\/najmodniejsze-kolory-sezonu-jesien-zima-2025-przewodnik-po-trendach-z-wybiegow\/#respond"]}]},{"@type":"Person","@id":"https:\/\/pakuten.pl\/blog\/#\/schema\/person\/d7133af30211381a4e4536d088384556","name":"Pakuten Girl","image":{"@type":"ImageObject","@id":"https:\/\/pakuten.pl\/blog\/#personlogo","inLanguage":"pl-PL","url":"https:\/\/secure.gravatar.com\/avatar\/d3df41de2caf92e6cfded9430c2ff352?s=96&d=mm&r=g","contentUrl":"https:\/\/secure.gravatar.com\/avatar\/d3df41de2caf92e6cfded9430c2ff352?s=96&d=mm&r=g","caption":"Pakuten Girl"},"description":"Cze\u015b\u0107, nazywam si\u0119 Ola. Kocham Netflixa, sals\u0119, nowo\u015bci kosmetyczne i najnowsze trendy w modzie.","url":"https:\/\/pakuten.pl\/blog\/author\/pakuten-girl\/"}]}},"_links":{"self":[{"href":"https:\/\/pakuten.pl\/blog\/wp-json\/wp\/v2\/posts\/10144"}],"collection":[{"href":"https:\/\/pakuten.pl\/blog\/wp-json\/wp\/v2\/posts"}],"about":[{"href":"https:\/\/pakuten.pl\/blog\/wp-json\/wp\/v2\/types\/post"}],"author":[{"embeddable":true,"href":"https:\/\/pakuten.pl\/blog\/wp-json\/wp\/v2\/users\/3"}],"replies":[{"embeddable":true,"href":"https:\/\/pakuten.pl\/blog\/wp-json\/wp\/v2\/comments?post=10144"}],"version-history":[{"count":4,"href":"https:\/\/pakuten.pl\/blog\/wp-json\/wp\/v2\/posts\/10144\/revisions"}],"predecessor-version":[{"id":10151,"href":"https:\/\/pakuten.pl\/blog\/wp-json\/wp\/v2\/posts\/10144\/revisions\/10151"}],"wp:featuredmedia":[{"embeddable":true,"href":"https:\/\/pakuten.pl\/blog\/wp-json\/wp\/v2\/media\/10152"}],"wp:attachment":[{"href":"https:\/\/pakuten.pl\/blog\/wp-json\/wp\/v2\/media?parent=10144"}],"wp:term":[{"taxonomy":"category","embeddable":true,"href":"https:\/\/pakuten.pl\/blog\/wp-json\/wp\/v2\/categories?post=10144"},{"taxonomy":"post_tag","embeddable":true,"href":"https:\/\/pakuten.pl\/blog\/wp-json\/wp\/v2\/tags?post=10144"}],"curies":[{"name":"wp","href":"https:\/\/api.w.org\/{rel}","templated":true}]}}