{"id":10181,"date":"2025-08-11T12:00:08","date_gmt":"2025-08-11T10:00:08","guid":{"rendered":"https:\/\/pakuten.pl\/blog\/?p=10181"},"modified":"2025-08-11T12:00:08","modified_gmt":"2025-08-11T10:00:08","slug":"jesienne-swetry-ktore-pokochasz-w-tym-sezonie","status":"publish","type":"post","link":"https:\/\/pakuten.pl\/blog\/jesienne-swetry-ktore-pokochasz-w-tym-sezonie\/","title":{"rendered":"Jesienne swetry, kt\u00f3re pokochasz w tym sezonie"},"content":{"rendered":"\n<p class=\"p1\"><strong>Jesienne swetry to must have w szafie ka\u017cdej kobiety. Ch\u0142odniejsze dni wymagaj\u0105 ciep\u0142a, ale nie oznacza to rezygnacji ze stylu. W tym sezonie projektanci \u0142\u0105cz\u0105 wygod\u0119 z mod\u0105, tworz\u0105c modele, kt\u00f3re podkre\u015blaj\u0105 sylwetk\u0119 i dodaj\u0105 charakteru stylizacji. Warto sprawdzi\u0107, co jest teraz na topie, aby wygl\u0105da\u0107 modnie ka\u017cdego dnia.<\/strong><\/p>\n<h2 class=\"p1\"><span style=\"color: #ff9900;\">Jesienne swetry w modnych fasonach<\/span><\/h2>\n<p class=\"p1\">Jesienne <span style=\"color: #ff9900;\"><a style=\"color: #ff9900;\" href=\"https:\/\/pakuten.pl\/28-swetry\" target=\"_blank\" rel=\"noopener\">swetry<\/a><\/span> w tym roku zachwycaj\u0105 r\u00f3\u017cnorodno\u015bci\u0105 kroj\u00f3w. Oversize wci\u0105\u017c kr\u00f3luje, poniewa\u017c zapewnia swobod\u0119 ruch\u00f3w i komfort noszenia. Jednak coraz cz\u0119\u015bciej pojawiaj\u0105 si\u0119 kr\u00f3tsze modele, kt\u00f3re \u015bwietnie pasuj\u0105 do sp\u00f3dnic z wysokim stanem. Kardigany z paskiem podkre\u015blaj\u0105 tali\u0119 i dodaj\u0105 elegancji. Golfy wracaj\u0105 w nowej ods\u0142onie \u2013 z ciekawymi splotami i fakturami.<\/p>\n<p class=\"p1\">Warto te\u017c zwr\u00f3ci\u0107 uwag\u0119 na swetry z dekoltem w serek. Delikatnie wyd\u0142u\u017caj\u0105 szyj\u0119, dlatego dobrze wygl\u0105daj\u0105 zar\u00f3wno w codziennych, jak i bardziej oficjalnych stylizacjach. Bufiaste r\u0119kawy dodaj\u0105 lekko\u015bci, a modele z ozdobnymi guzikami nadaj\u0105 si\u0119 do pracy i na spotkania. Dzi\u0119ki temu jeden sweter mo\u017ce pasowa\u0107 na wiele okazji.<\/p>\n<div class=\"product-box-container\">\r\n<div class=\"one_third \" style=\"\">\r\n<div class=\"product-box\">\r\n<a href=\"https:\/\/pakuten.pl\/46896-95194-bezowy-sweter-oversize-z-dlugimi-rekawami-lavella-bezowy.html\" target=\"_blank\">\r\n <img src=\"https:\/\/media.pakuten.pl\/269287-large_default\/bezowy-sweter-oversize-z-dlugimi-rekawami-lavella.jpg\" alt=\"Be\u017cowy sweter oversize z d\u0142ugimi r\u0119kawami Lavella\"\/>\r\n<\/a>\r\n<p>\r\n<a href=\"https:\/\/pakuten.pl\/46896-95194-bezowy-sweter-oversize-z-dlugimi-rekawami-lavella-bezowy.html\" target=\"_blank\">\r\nBe\u017cowy sweter oversize z d\u0142ugimi r\u0119kawami Lavella\r\n<\/a><\/p>\r\n  <p>Cena: 38,49\u00a0z\u0142<\/p>\r\n<a href=\"https:\/\/pakuten.pl\/46896-95194-bezowy-sweter-oversize-z-dlugimi-rekawami-lavella-bezowy.html\" target=\"_blank\" class=\"button\">\r\nZobacz w sklepie\r\n<\/a>\r\n<\/div>\r\n<\/div>\r\n<div class=\"one_third \" style=\"\">\r\n<div class=\"product-box\">\r\n<a href=\"https:\/\/pakuten.pl\/46875-95155-bezowy-sweter-z-polgolfem-i-dlugimi-rekawami-zenaidee-bezowy.html\" target=\"_blank\">\r\n  <img src=\"https:\/\/media.pakuten.pl\/269177-large_default\/bezowy-sweter-z-polgolfem-i-dlugimi-rekawami-zenaidee.jpg\" alt=\"Be\u017cowy sweter z p\u00f3\u0142golfem i d\u0142ugimi r\u0119kawami Zenaidee\"\/>\r\n<\/a>\r\n<p>\r\n<a href=\"https:\/\/pakuten.pl\/46875-95155-bezowy-sweter-z-polgolfem-i-dlugimi-rekawami-zenaidee-bezowy.html\" target=\"_blank\">\r\nBe\u017cowy sweter z p\u00f3\u0142golfem i d\u0142ugimi r\u0119kawami Zenaidee\r\n<\/a><\/p>\r\n  <p>Cena: 38,49\u00a0z\u0142<\/p>\r\n<a href=\"https:\/\/pakuten.pl\/46875-95155-bezowy-sweter-z-polgolfem-i-dlugimi-rekawami-zenaidee-bezowy.html\" target=\"_blank\" class=\"button\">\r\nZobacz w sklepie\r\n<\/a>\r\n<\/div>\r\n<\/div>\r\n<div class=\"one_third last \" style=\"\">\r\n<div class=\"product-box\">\r\n<a href=\"https:\/\/pakuten.pl\/46797-94994-sweter-z-warkoczowymi-splotami-yeanne-ecru-ecru.html\" target=\"_blank\">\r\n  <img src=\"https:\/\/media.pakuten.pl\/268794-large_default\/sweter-z-warkoczowymi-splotami-yeanne-ecru.jpg\" alt=\"Sweter z warkoczowymi splotami Yeanne - ecru\"\/>\r\n<\/a>\r\n<p>\r\n<a href=\"https:\/\/pakuten.pl\/46797-94994-sweter-z-warkoczowymi-splotami-yeanne-ecru-ecru.html\" target=\"_blank\">\r\nSweter z warkoczowymi splotami Yeanne - ecru\r\n<\/a><\/p>\r\n  <p>Cena: 69,99\u00a0z\u0142<\/p>\r\n<a href=\"https:\/\/pakuten.pl\/46797-94994-sweter-z-warkoczowymi-splotami-yeanne-ecru-ecru.html\" target=\"_blank\" class=\"button\">\r\nZobacz w sklepie\r\n<\/a>\r\n<\/div>\r\n<\/div><br class=\"clear\"\/>\r\n<\/div>\n<h2 class=\"p1\"><span style=\"color: #ff9900;\">Jak nosi\u0107 jesienne swetry, aby wygl\u0105da\u0107 stylowo<\/span><\/h2>\n<p class=\"p2\">Dob\u00f3r odpowiednich dodatk\u00f3w potrafi ca\u0142kowicie odmieni\u0107 wygl\u0105d swetra. D\u0142u\u017cszy kardigan \u015bwietnie komponuje si\u0119 z dopasowanymi jeansami i botkami. Kr\u00f3tszy model oversize warto zestawi\u0107 z plisowan\u0105 sp\u00f3dnic\u0105, aby uzyska\u0107 modny kontrast. Golf w neutralnym kolorze idealnie wygl\u0105da pod marynark\u0105, co sprawdzi si\u0119 w biurze.<\/p>\n<p class=\"p2\">Nie zapominaj o bi\u017cuterii. D\u0142ugi naszyjnik lub masywne kolczyki mog\u0105 doda\u0107 zwyk\u0142emu swetrowi eleganckiego charakteru. Dzi\u0119ki temu mo\u017cesz stworzy\u0107 stylizacj\u0119, kt\u00f3ra b\u0119dzie odpowiednia zar\u00f3wno na co dzie\u0144, jak i na wiecz\u00f3r.<\/p>\n<p><img loading=\"lazy\" class=\"aligncenter size-full wp-image-10184\" src=\"https:\/\/pakuten.pl\/blog\/wp-content\/uploads\/2025\/08\/Projekt-bez-nazwy-63.png\" alt=\"Jesienne swetry\" width=\"500\" height=\"700\" \/><\/p>\n<h2 class=\"p1\"><span style=\"color: #ff9900;\">Kolory i wzory jesiennych swetr\u00f3w<\/span><\/h2>\n<p class=\"p2\">Jesienne swetry w tym sezonie zaskakuj\u0105 palet\u0105 barw. Opr\u00f3cz klasycznych be\u017cy i szaro\u015bci, modne s\u0105 tak\u017ce intensywne odcienie \u2013 bordo, butelkowa ziele\u0144, musztardowy \u017c\u00f3\u0142ty. Te kolory wprowadzaj\u0105 ciep\u0142o do jesiennych stylizacji i podkre\u015blaj\u0105 urod\u0119.<\/p>\n<p class=\"p2\">Wzory r\u00f3wnie\u017c odgrywaj\u0105 wa\u017cn\u0105 rol\u0119. Swetry w warkoczowe sploty czy z geometrycznymi motywami nadaj\u0105 stylizacji charakteru. Modele w paski lub drobne printy \u015bwietnie o\u017cywi\u0105 stonowan\u0105 garderob\u0119. Dzi\u0119ki temu nawet prosty outfit mo\u017ce wygl\u0105da\u0107 ciekawie.<\/p>\n<div class=\"product-box-container\">\r\n<div class=\"one_third \" style=\"\">\r\n<div class=\"product-box\">\r\n<a href=\"https:\/\/pakuten.pl\/46897-95196-sweter-oversize-z-dlugimi-rekawami-lavella-rozowy-neon-rozowy-neon.html\" target=\"_blank\">\r\n <img src=\"https:\/\/media.pakuten.pl\/269292-large_default\/sweter-oversize-z-dlugimi-rekawami-lavella-rozowy-neon.jpg\" alt=\"Sweter oversize z d\u0142ugimi r\u0119kawami Lavella - r\u00f3\u017cowy neon\"\/>\r\n<\/a>\r\n<p>\r\n<a href=\"https:\/\/pakuten.pl\/46897-95196-sweter-oversize-z-dlugimi-rekawami-lavella-rozowy-neon-rozowy-neon.html\" target=\"_blank\">\r\nSweter oversize z d\u0142ugimi r\u0119kawami Lavella - r\u00f3\u017cowy neon\r\n<\/a><\/p>\r\n  <p>Cena: 38,49\u00a0z\u0142<\/p>\r\n<a href=\"https:\/\/pakuten.pl\/46897-95196-sweter-oversize-z-dlugimi-rekawami-lavella-rozowy-neon-rozowy-neon.html\" target=\"_blank\" class=\"button\">\r\nZobacz w sklepie\r\n<\/a>\r\n<\/div>\r\n<\/div>\r\n<div class=\"one_third \" style=\"\">\r\n<div class=\"product-box\">\r\n<a href=\"https:\/\/pakuten.pl\/46873-95151-pudrowy-sweter-z-ozdobnym-dekoltem-w-serek-cithali-pudrowy.html\" target=\"_blank\">\r\n  <img src=\"https:\/\/media.pakuten.pl\/269171-large_default\/pudrowy-sweter-z-ozdobnym-dekoltem-w-serek-cithali.jpg\" alt=\"Pudrowy sweter z ozdobnym dekoltem w serek Cithali\"\/>\r\n<\/a>\r\n<p>\r\n<a href=\"https:\/\/pakuten.pl\/46873-95151-pudrowy-sweter-z-ozdobnym-dekoltem-w-serek-cithali-pudrowy.html\" target=\"_blank\">\r\nPudrowy sweter z ozdobnym dekoltem w serek Cithali\r\n<\/a><\/p>\r\n  <p>Cena: 39,46\u00a0z\u0142<\/p>\r\n<a href=\"https:\/\/pakuten.pl\/46873-95151-pudrowy-sweter-z-ozdobnym-dekoltem-w-serek-cithali-pudrowy.html\" target=\"_blank\" class=\"button\">\r\nZobacz w sklepie\r\n<\/a>\r\n<\/div>\r\n<\/div>\r\n<div class=\"one_third last \" style=\"\">\r\n<div class=\"product-box\">\r\n<a href=\"https:\/\/pakuten.pl\/46806-95013-blekitny-sweter-z-wiazaniem-na-plecach-maenrie-blekitny.html\" target=\"_blank\">\r\n  <img src=\"https:\/\/media.pakuten.pl\/268839-large_default\/blekitny-sweter-z-wiazaniem-na-plecach-maenrie.jpg\" alt=\"B\u0142\u0119kitny sweter z wi\u0105zaniem na plecach Maenrie\"\/>\r\n<\/a>\r\n<p>\r\n<a href=\"https:\/\/pakuten.pl\/46806-95013-blekitny-sweter-z-wiazaniem-na-plecach-maenrie-blekitny.html\" target=\"_blank\">\r\nB\u0142\u0119kitny sweter z wi\u0105zaniem na plecach Maenrie\r\n<\/a><\/p>\r\n  <p>Cena: 39,00\u00a0z\u0142<\/p>\r\n<a href=\"https:\/\/pakuten.pl\/46806-95013-blekitny-sweter-z-wiazaniem-na-plecach-maenrie-blekitny.html\" target=\"_blank\" class=\"button\">\r\nZobacz w sklepie\r\n<\/a>\r\n<\/div>\r\n<\/div><br class=\"clear\"\/>\r\n<\/div>\n<h2 class=\"p1\"><span style=\"color: #ff9900;\">Dlaczego jesienne swetry to inwestycja na lata<\/span><\/h2>\n<p class=\"p1\">Dobrej jako\u015bci sweter potrafi s\u0142u\u017cy\u0107 przez wiele sezon\u00f3w. Warto wybiera\u0107 materia\u0142y naturalne, takie jak we\u0142na, bawe\u0142na czy kaszmir. Dzi\u0119ki nim sweter jest nie tylko ciep\u0142y, ale tak\u017ce oddychaj\u0105cy. Unikaj zbyt du\u017cej ilo\u015bci sztucznych w\u0142\u00f3kien, poniewa\u017c mog\u0105 powodowa\u0107 dyskomfort i szybciej si\u0119 mechaci\u0107.<\/p>\n<p class=\"p1\">Jesienne swetry s\u0105 te\u017c uniwersalne. Mo\u017cna je nosi\u0107 na sportowo, elegancko lub casualowo. Wystarczy zmieni\u0107 dodatki, aby uzyska\u0107 zupe\u0142nie inny efekt. To sprawia, \u017ce s\u0105 jednymi z najbardziej wszechstronnych element\u00f3w garderoby.<\/p>\n<p>\u00a0<\/p>\n<p>\u00a0<\/p>\n<p class=\"p1\">Jesienne swetry to nieod\u0142\u0105czny element jesiennej mody. Dzi\u0119ki r\u00f3\u017cnorodnym fasonom, kolorom i mo\u017cliwo\u015bciom stylizacji ka\u017cda kobieta znajdzie co\u015b dla siebie. W tym sezonie stawiamy na wygod\u0119 po\u0142\u0105czon\u0105 z elegancj\u0105, co pozwala wygl\u0105da\u0107 modnie nawet w ch\u0142odniejsze dni. Wybieraj\u0105c odpowiednie materia\u0142y i kolory, mo\u017cesz cieszy\u0107 si\u0119 swoim ulubionym swetrem przez wiele lat.<\/p>\n\n\n<div class=\"kk-star-ratings kksr-auto kksr-align-right kksr-valign-bottom\"\n    data-payload='{&quot;align&quot;:&quot;right&quot;,&quot;id&quot;:&quot;10181&quot;,&quot;slug&quot;:&quot;default&quot;,&quot;valign&quot;:&quot;bottom&quot;,&quot;ignore&quot;:&quot;&quot;,&quot;reference&quot;:&quot;auto&quot;,&quot;class&quot;:&quot;&quot;,&quot;count&quot;:&quot;0&quot;,&quot;legendonly&quot;:&quot;&quot;,&quot;readonly&quot;:&quot;&quot;,&quot;score&quot;:&quot;0&quot;,&quot;starsonly&quot;:&quot;&quot;,&quot;best&quot;:&quot;5&quot;,&quot;gap&quot;:&quot;5&quot;,&quot;greet&quot;:&quot;Rate this post&quot;,&quot;legend&quot;:&quot;0\\\/5 - (0 votes)&quot;,&quot;size&quot;:&quot;24&quot;,&quot;width&quot;:&quot;0&quot;,&quot;_legend&quot;:&quot;{score}\\\/{best} - ({count} {votes})&quot;,&quot;font_factor&quot;:&quot;1.25&quot;}'>\n            \n<div class=\"kksr-stars\">\n    \n<div class=\"kksr-stars-inactive\">\n            <div class=\"kksr-star\" data-star=\"1\" style=\"padding-right: 5px\">\n            \n\n<div class=\"kksr-icon\" style=\"width: 24px; height: 24px;\"><\/div>\n        <\/div>\n            <div class=\"kksr-star\" data-star=\"2\" style=\"padding-right: 5px\">\n            \n\n<div class=\"kksr-icon\" style=\"width: 24px; height: 24px;\"><\/div>\n        <\/div>\n            <div class=\"kksr-star\" data-star=\"3\" style=\"padding-right: 5px\">\n            \n\n<div class=\"kksr-icon\" style=\"width: 24px; height: 24px;\"><\/div>\n        <\/div>\n            <div class=\"kksr-star\" data-star=\"4\" style=\"padding-right: 5px\">\n            \n\n<div class=\"kksr-icon\" style=\"width: 24px; height: 24px;\"><\/div>\n        <\/div>\n            <div class=\"kksr-star\" data-star=\"5\" style=\"padding-right: 5px\">\n            \n\n<div class=\"kksr-icon\" style=\"width: 24px; height: 24px;\"><\/div>\n        <\/div>\n    <\/div>\n    \n<div class=\"kksr-stars-active\" style=\"width: 0px;\">\n            <div class=\"kksr-star\" style=\"padding-right: 5px\">\n            \n\n<div class=\"kksr-icon\" style=\"width: 24px; height: 24px;\"><\/div>\n        <\/div>\n            <div class=\"kksr-star\" style=\"padding-right: 5px\">\n            \n\n<div class=\"kksr-icon\" style=\"width: 24px; height: 24px;\"><\/div>\n        <\/div>\n            <div class=\"kksr-star\" style=\"padding-right: 5px\">\n            \n\n<div class=\"kksr-icon\" style=\"width: 24px; height: 24px;\"><\/div>\n        <\/div>\n            <div class=\"kksr-star\" style=\"padding-right: 5px\">\n            \n\n<div class=\"kksr-icon\" style=\"width: 24px; height: 24px;\"><\/div>\n        <\/div>\n            <div class=\"kksr-star\" style=\"padding-right: 5px\">\n            \n\n<div class=\"kksr-icon\" style=\"width: 24px; height: 24px;\"><\/div>\n        <\/div>\n    <\/div>\n<\/div>\n                \n\n<div class=\"kksr-legend\" style=\"font-size: 19.2px;\">\n            <span class=\"kksr-muted\">Rate this post<\/span>\n    <\/div>\n    <\/div>\n","protected":false},"excerpt":{"rendered":"<p class=\"p1\" style=\"margin: 0px; font-variant-numeric: normal; font-variant-east-asian: normal; font-variant-alternates: normal; font-size-adjust: none; font-kerning: auto; font-optical-sizing: auto; font-feature-settings: normal; font-variation-settings: normal; font-variant-position: normal; font-stretch: normal; font-size: 12px; line-height: normal; font-family: 'Helvetica Neue'; color: #000000;\">Jesienne swetry to must have w szafie ka\u017cdej kobiety. Ch\u0142odniejsze dni wymagaj\u0105 ciep\u0142a, ale nie oznacza to rezygnacji ze stylu. W tym sezonie projektanci \u0142\u0105cz\u0105 wygod\u0119 z mod\u0105, tworz\u0105c modele, kt\u00f3re podkre\u015blaj\u0105 sylwetk\u0119 i dodaj\u0105 charakteru stylizacji. Warto sprawdzi\u0107, co jest teraz na topie, aby wygl\u0105da\u0107 modnie ka\u017cdego dnia.<\/p>\n","protected":false},"author":3,"featured_media":10183,"comment_status":"open","ping_status":"open","sticky":false,"template":"","format":"standard","meta":[],"categories":[3],"tags":[],"yoast_head":"<!-- This site is optimized with the Yoast SEO plugin v18.4.1 - https:\/\/yoast.com\/wordpress\/plugins\/seo\/ -->\n<title>Jesienne swetry, kt\u00f3re pokochasz w tym sezonie - Pakuten blog<\/title>\n<meta name=\"description\" content=\"Jesienne swetry, kt\u00f3re pokochasz w tym sezonie jesiennym. Poznaj najmodniejsze fasony, kolory i sposoby noszenia.\" \/>\n<meta name=\"robots\" content=\"index, follow, max-snippet:-1, max-image-preview:large, max-video-preview:-1\" \/>\n<link rel=\"canonical\" href=\"https:\/\/pakuten.pl\/blog\/jesienne-swetry-ktore-pokochasz-w-tym-sezonie\/\" \/>\n<meta property=\"og:locale\" content=\"pl_PL\" \/>\n<meta property=\"og:type\" content=\"article\" \/>\n<meta property=\"og:title\" content=\"Jesienne swetry, kt\u00f3re pokochasz w tym sezonie - Pakuten blog\" \/>\n<meta property=\"og:description\" content=\"Jesienne swetry, kt\u00f3re pokochasz w tym sezonie jesiennym. Poznaj najmodniejsze fasony, kolory i sposoby noszenia.\" \/>\n<meta property=\"og:url\" content=\"https:\/\/pakuten.pl\/blog\/jesienne-swetry-ktore-pokochasz-w-tym-sezonie\/\" \/>\n<meta property=\"og:site_name\" content=\"Pakuten blog\" \/>\n<meta property=\"article:published_time\" content=\"2025-08-11T10:00:08+00:00\" \/>\n<meta property=\"og:image\" content=\"https:\/\/pakuten.pl\/blog\/wp-content\/uploads\/2025\/08\/Jesienne-swetry-kto\u0301re-pokochasz-w-tym-sezonie.png\" \/>\n\t<meta property=\"og:image:width\" content=\"1280\" \/>\n\t<meta property=\"og:image:height\" content=\"853\" \/>\n\t<meta property=\"og:image:type\" content=\"image\/png\" \/>\n<meta name=\"twitter:card\" content=\"summary_large_image\" \/>\n<meta name=\"twitter:label1\" content=\"Napisane przez\" \/>\n\t<meta name=\"twitter:data1\" content=\"Pakuten Girl\" \/>\n\t<meta name=\"twitter:label2\" content=\"Szacowany czas czytania\" \/>\n\t<meta name=\"twitter:data2\" content=\"3 minuty\" \/>\n<script type=\"application\/ld+json\" class=\"yoast-schema-graph\">{\"@context\":\"https:\/\/schema.org\",\"@graph\":[{\"@type\":\"Organization\",\"@id\":\"https:\/\/pakuten.pl\/blog\/#organization\",\"name\":\"Pakuten\",\"url\":\"https:\/\/pakuten.pl\/blog\/\",\"sameAs\":[],\"logo\":{\"@type\":\"ImageObject\",\"@id\":\"https:\/\/pakuten.pl\/blog\/#logo\",\"inLanguage\":\"pl-PL\",\"url\":\"http:\/\/pakuten.pl\/blog\/wp-content\/uploads\/2018\/01\/pakuten_logo.png\",\"contentUrl\":\"http:\/\/pakuten.pl\/blog\/wp-content\/uploads\/2018\/01\/pakuten_logo.png\",\"width\":300,\"height\":120,\"caption\":\"Pakuten\"},\"image\":{\"@id\":\"https:\/\/pakuten.pl\/blog\/#logo\"}},{\"@type\":\"WebSite\",\"@id\":\"https:\/\/pakuten.pl\/blog\/#website\",\"url\":\"https:\/\/pakuten.pl\/blog\/\",\"name\":\"Pakuten blog\",\"description\":\"Blog sklepu internetowego pakuten.pl\",\"publisher\":{\"@id\":\"https:\/\/pakuten.pl\/blog\/#organization\"},\"potentialAction\":[{\"@type\":\"SearchAction\",\"target\":{\"@type\":\"EntryPoint\",\"urlTemplate\":\"https:\/\/pakuten.pl\/blog\/?s={search_term_string}\"},\"query-input\":\"required name=search_term_string\"}],\"inLanguage\":\"pl-PL\"},{\"@type\":\"ImageObject\",\"@id\":\"https:\/\/pakuten.pl\/blog\/jesienne-swetry-ktore-pokochasz-w-tym-sezonie\/#primaryimage\",\"inLanguage\":\"pl-PL\",\"url\":\"https:\/\/pakuten.pl\/blog\/wp-content\/uploads\/2025\/08\/Jesienne-swetry-kto\u0301re-pokochasz-w-tym-sezonie.png\",\"contentUrl\":\"https:\/\/pakuten.pl\/blog\/wp-content\/uploads\/2025\/08\/Jesienne-swetry-kto\u0301re-pokochasz-w-tym-sezonie.png\",\"width\":1280,\"height\":853},{\"@type\":\"WebPage\",\"@id\":\"https:\/\/pakuten.pl\/blog\/jesienne-swetry-ktore-pokochasz-w-tym-sezonie\/#webpage\",\"url\":\"https:\/\/pakuten.pl\/blog\/jesienne-swetry-ktore-pokochasz-w-tym-sezonie\/\",\"name\":\"Jesienne swetry, kt\u00f3re pokochasz w tym sezonie - Pakuten blog\",\"isPartOf\":{\"@id\":\"https:\/\/pakuten.pl\/blog\/#website\"},\"primaryImageOfPage\":{\"@id\":\"https:\/\/pakuten.pl\/blog\/jesienne-swetry-ktore-pokochasz-w-tym-sezonie\/#primaryimage\"},\"datePublished\":\"2025-08-11T10:00:08+00:00\",\"dateModified\":\"2025-08-11T10:00:08+00:00\",\"description\":\"Jesienne swetry, kt\u00f3re pokochasz w tym sezonie jesiennym. Poznaj najmodniejsze fasony, kolory i sposoby noszenia.\",\"breadcrumb\":{\"@id\":\"https:\/\/pakuten.pl\/blog\/jesienne-swetry-ktore-pokochasz-w-tym-sezonie\/#breadcrumb\"},\"inLanguage\":\"pl-PL\",\"potentialAction\":[{\"@type\":\"ReadAction\",\"target\":[\"https:\/\/pakuten.pl\/blog\/jesienne-swetry-ktore-pokochasz-w-tym-sezonie\/\"]}]},{\"@type\":\"BreadcrumbList\",\"@id\":\"https:\/\/pakuten.pl\/blog\/jesienne-swetry-ktore-pokochasz-w-tym-sezonie\/#breadcrumb\",\"itemListElement\":[{\"@type\":\"ListItem\",\"position\":1,\"name\":\"Strona g\u0142\u00f3wna\",\"item\":\"https:\/\/pakuten.pl\/blog\/\"},{\"@type\":\"ListItem\",\"position\":2,\"name\":\"Jesienne swetry, kt\u00f3re pokochasz w tym sezonie\"}]},{\"@type\":\"Article\",\"@id\":\"https:\/\/pakuten.pl\/blog\/jesienne-swetry-ktore-pokochasz-w-tym-sezonie\/#article\",\"isPartOf\":{\"@id\":\"https:\/\/pakuten.pl\/blog\/jesienne-swetry-ktore-pokochasz-w-tym-sezonie\/#webpage\"},\"author\":{\"@id\":\"https:\/\/pakuten.pl\/blog\/#\/schema\/person\/d7133af30211381a4e4536d088384556\"},\"headline\":\"Jesienne swetry, kt\u00f3re pokochasz w tym sezonie\",\"datePublished\":\"2025-08-11T10:00:08+00:00\",\"dateModified\":\"2025-08-11T10:00:08+00:00\",\"mainEntityOfPage\":{\"@id\":\"https:\/\/pakuten.pl\/blog\/jesienne-swetry-ktore-pokochasz-w-tym-sezonie\/#webpage\"},\"wordCount\":557,\"commentCount\":0,\"publisher\":{\"@id\":\"https:\/\/pakuten.pl\/blog\/#organization\"},\"image\":{\"@id\":\"https:\/\/pakuten.pl\/blog\/jesienne-swetry-ktore-pokochasz-w-tym-sezonie\/#primaryimage\"},\"thumbnailUrl\":\"https:\/\/pakuten.pl\/blog\/wp-content\/uploads\/2025\/08\/Jesienne-swetry-kto\u0301re-pokochasz-w-tym-sezonie.png\",\"articleSection\":[\"Top Trends\"],\"inLanguage\":\"pl-PL\",\"potentialAction\":[{\"@type\":\"CommentAction\",\"name\":\"Comment\",\"target\":[\"https:\/\/pakuten.pl\/blog\/jesienne-swetry-ktore-pokochasz-w-tym-sezonie\/#respond\"]}]},{\"@type\":\"Person\",\"@id\":\"https:\/\/pakuten.pl\/blog\/#\/schema\/person\/d7133af30211381a4e4536d088384556\",\"name\":\"Pakuten Girl\",\"image\":{\"@type\":\"ImageObject\",\"@id\":\"https:\/\/pakuten.pl\/blog\/#personlogo\",\"inLanguage\":\"pl-PL\",\"url\":\"https:\/\/secure.gravatar.com\/avatar\/d3df41de2caf92e6cfded9430c2ff352?s=96&d=mm&r=g\",\"contentUrl\":\"https:\/\/secure.gravatar.com\/avatar\/d3df41de2caf92e6cfded9430c2ff352?s=96&d=mm&r=g\",\"caption\":\"Pakuten Girl\"},\"description\":\"Cze\u015b\u0107, nazywam si\u0119 Ola. Kocham Netflixa, sals\u0119, nowo\u015bci kosmetyczne i najnowsze trendy w modzie.\",\"url\":\"https:\/\/pakuten.pl\/blog\/author\/pakuten-girl\/\"}]}<\/script>\n<!-- \/ Yoast SEO plugin. -->","yoast_head_json":{"title":"Jesienne swetry, kt\u00f3re pokochasz w tym sezonie - Pakuten blog","description":"Jesienne swetry, kt\u00f3re pokochasz w tym sezonie jesiennym. Poznaj najmodniejsze fasony, kolory i sposoby noszenia.","robots":{"index":"index","follow":"follow","max-snippet":"max-snippet:-1","max-image-preview":"max-image-preview:large","max-video-preview":"max-video-preview:-1"},"canonical":"https:\/\/pakuten.pl\/blog\/jesienne-swetry-ktore-pokochasz-w-tym-sezonie\/","og_locale":"pl_PL","og_type":"article","og_title":"Jesienne swetry, kt\u00f3re pokochasz w tym sezonie - Pakuten blog","og_description":"Jesienne swetry, kt\u00f3re pokochasz w tym sezonie jesiennym. Poznaj najmodniejsze fasony, kolory i sposoby noszenia.","og_url":"https:\/\/pakuten.pl\/blog\/jesienne-swetry-ktore-pokochasz-w-tym-sezonie\/","og_site_name":"Pakuten blog","article_published_time":"2025-08-11T10:00:08+00:00","og_image":[{"width":1280,"height":853,"url":"https:\/\/pakuten.pl\/blog\/wp-content\/uploads\/2025\/08\/Jesienne-swetry-kto\u0301re-pokochasz-w-tym-sezonie.png","type":"image\/png"}],"twitter_card":"summary_large_image","twitter_misc":{"Napisane przez":"Pakuten Girl","Szacowany czas czytania":"3 minuty"},"schema":{"@context":"https:\/\/schema.org","@graph":[{"@type":"Organization","@id":"https:\/\/pakuten.pl\/blog\/#organization","name":"Pakuten","url":"https:\/\/pakuten.pl\/blog\/","sameAs":[],"logo":{"@type":"ImageObject","@id":"https:\/\/pakuten.pl\/blog\/#logo","inLanguage":"pl-PL","url":"http:\/\/pakuten.pl\/blog\/wp-content\/uploads\/2018\/01\/pakuten_logo.png","contentUrl":"http:\/\/pakuten.pl\/blog\/wp-content\/uploads\/2018\/01\/pakuten_logo.png","width":300,"height":120,"caption":"Pakuten"},"image":{"@id":"https:\/\/pakuten.pl\/blog\/#logo"}},{"@type":"WebSite","@id":"https:\/\/pakuten.pl\/blog\/#website","url":"https:\/\/pakuten.pl\/blog\/","name":"Pakuten blog","description":"Blog sklepu internetowego pakuten.pl","publisher":{"@id":"https:\/\/pakuten.pl\/blog\/#organization"},"potentialAction":[{"@type":"SearchAction","target":{"@type":"EntryPoint","urlTemplate":"https:\/\/pakuten.pl\/blog\/?s={search_term_string}"},"query-input":"required name=search_term_string"}],"inLanguage":"pl-PL"},{"@type":"ImageObject","@id":"https:\/\/pakuten.pl\/blog\/jesienne-swetry-ktore-pokochasz-w-tym-sezonie\/#primaryimage","inLanguage":"pl-PL","url":"https:\/\/pakuten.pl\/blog\/wp-content\/uploads\/2025\/08\/Jesienne-swetry-kto\u0301re-pokochasz-w-tym-sezonie.png","contentUrl":"https:\/\/pakuten.pl\/blog\/wp-content\/uploads\/2025\/08\/Jesienne-swetry-kto\u0301re-pokochasz-w-tym-sezonie.png","width":1280,"height":853},{"@type":"WebPage","@id":"https:\/\/pakuten.pl\/blog\/jesienne-swetry-ktore-pokochasz-w-tym-sezonie\/#webpage","url":"https:\/\/pakuten.pl\/blog\/jesienne-swetry-ktore-pokochasz-w-tym-sezonie\/","name":"Jesienne swetry, kt\u00f3re pokochasz w tym sezonie - Pakuten blog","isPartOf":{"@id":"https:\/\/pakuten.pl\/blog\/#website"},"primaryImageOfPage":{"@id":"https:\/\/pakuten.pl\/blog\/jesienne-swetry-ktore-pokochasz-w-tym-sezonie\/#primaryimage"},"datePublished":"2025-08-11T10:00:08+00:00","dateModified":"2025-08-11T10:00:08+00:00","description":"Jesienne swetry, kt\u00f3re pokochasz w tym sezonie jesiennym. Poznaj najmodniejsze fasony, kolory i sposoby noszenia.","breadcrumb":{"@id":"https:\/\/pakuten.pl\/blog\/jesienne-swetry-ktore-pokochasz-w-tym-sezonie\/#breadcrumb"},"inLanguage":"pl-PL","potentialAction":[{"@type":"ReadAction","target":["https:\/\/pakuten.pl\/blog\/jesienne-swetry-ktore-pokochasz-w-tym-sezonie\/"]}]},{"@type":"BreadcrumbList","@id":"https:\/\/pakuten.pl\/blog\/jesienne-swetry-ktore-pokochasz-w-tym-sezonie\/#breadcrumb","itemListElement":[{"@type":"ListItem","position":1,"name":"Strona g\u0142\u00f3wna","item":"https:\/\/pakuten.pl\/blog\/"},{"@type":"ListItem","position":2,"name":"Jesienne swetry, kt\u00f3re pokochasz w tym sezonie"}]},{"@type":"Article","@id":"https:\/\/pakuten.pl\/blog\/jesienne-swetry-ktore-pokochasz-w-tym-sezonie\/#article","isPartOf":{"@id":"https:\/\/pakuten.pl\/blog\/jesienne-swetry-ktore-pokochasz-w-tym-sezonie\/#webpage"},"author":{"@id":"https:\/\/pakuten.pl\/blog\/#\/schema\/person\/d7133af30211381a4e4536d088384556"},"headline":"Jesienne swetry, kt\u00f3re pokochasz w tym sezonie","datePublished":"2025-08-11T10:00:08+00:00","dateModified":"2025-08-11T10:00:08+00:00","mainEntityOfPage":{"@id":"https:\/\/pakuten.pl\/blog\/jesienne-swetry-ktore-pokochasz-w-tym-sezonie\/#webpage"},"wordCount":557,"commentCount":0,"publisher":{"@id":"https:\/\/pakuten.pl\/blog\/#organization"},"image":{"@id":"https:\/\/pakuten.pl\/blog\/jesienne-swetry-ktore-pokochasz-w-tym-sezonie\/#primaryimage"},"thumbnailUrl":"https:\/\/pakuten.pl\/blog\/wp-content\/uploads\/2025\/08\/Jesienne-swetry-kto\u0301re-pokochasz-w-tym-sezonie.png","articleSection":["Top Trends"],"inLanguage":"pl-PL","potentialAction":[{"@type":"CommentAction","name":"Comment","target":["https:\/\/pakuten.pl\/blog\/jesienne-swetry-ktore-pokochasz-w-tym-sezonie\/#respond"]}]},{"@type":"Person","@id":"https:\/\/pakuten.pl\/blog\/#\/schema\/person\/d7133af30211381a4e4536d088384556","name":"Pakuten Girl","image":{"@type":"ImageObject","@id":"https:\/\/pakuten.pl\/blog\/#personlogo","inLanguage":"pl-PL","url":"https:\/\/secure.gravatar.com\/avatar\/d3df41de2caf92e6cfded9430c2ff352?s=96&d=mm&r=g","contentUrl":"https:\/\/secure.gravatar.com\/avatar\/d3df41de2caf92e6cfded9430c2ff352?s=96&d=mm&r=g","caption":"Pakuten Girl"},"description":"Cze\u015b\u0107, nazywam si\u0119 Ola. Kocham Netflixa, sals\u0119, nowo\u015bci kosmetyczne i najnowsze trendy w modzie.","url":"https:\/\/pakuten.pl\/blog\/author\/pakuten-girl\/"}]}},"_links":{"self":[{"href":"https:\/\/pakuten.pl\/blog\/wp-json\/wp\/v2\/posts\/10181"}],"collection":[{"href":"https:\/\/pakuten.pl\/blog\/wp-json\/wp\/v2\/posts"}],"about":[{"href":"https:\/\/pakuten.pl\/blog\/wp-json\/wp\/v2\/types\/post"}],"author":[{"embeddable":true,"href":"https:\/\/pakuten.pl\/blog\/wp-json\/wp\/v2\/users\/3"}],"replies":[{"embeddable":true,"href":"https:\/\/pakuten.pl\/blog\/wp-json\/wp\/v2\/comments?post=10181"}],"version-history":[{"count":2,"href":"https:\/\/pakuten.pl\/blog\/wp-json\/wp\/v2\/posts\/10181\/revisions"}],"predecessor-version":[{"id":10186,"href":"https:\/\/pakuten.pl\/blog\/wp-json\/wp\/v2\/posts\/10181\/revisions\/10186"}],"wp:featuredmedia":[{"embeddable":true,"href":"https:\/\/pakuten.pl\/blog\/wp-json\/wp\/v2\/media\/10183"}],"wp:attachment":[{"href":"https:\/\/pakuten.pl\/blog\/wp-json\/wp\/v2\/media?parent=10181"}],"wp:term":[{"taxonomy":"category","embeddable":true,"href":"https:\/\/pakuten.pl\/blog\/wp-json\/wp\/v2\/categories?post=10181"},{"taxonomy":"post_tag","embeddable":true,"href":"https:\/\/pakuten.pl\/blog\/wp-json\/wp\/v2\/tags?post=10181"}],"curies":[{"name":"wp","href":"https:\/\/api.w.org\/{rel}","templated":true}]}}