{"id":10200,"date":"2025-08-15T14:16:00","date_gmt":"2025-08-15T12:16:00","guid":{"rendered":"https:\/\/pakuten.pl\/blog\/?p=10200"},"modified":"2025-08-12T14:41:19","modified_gmt":"2025-08-12T12:41:19","slug":"jak-ubrac-sie-na-andrzejki-elegancko-i-z-charakterem","status":"publish","type":"post","link":"https:\/\/pakuten.pl\/blog\/jak-ubrac-sie-na-andrzejki-elegancko-i-z-charakterem\/","title":{"rendered":"Jak ubra\u0107 si\u0119 na Andrzejki \u2013 elegancko i z charakterem"},"content":{"rendered":"\n<p class=\"p1\"><strong>Jak ubra\u0107 si\u0119 na Andrzejki, aby czu\u0107 si\u0119 wyj\u0105tkowo, a jednocze\u015bnie swobodnie? To pytanie zadaje sobie wiele kobiet, kt\u00f3re chc\u0105 wygl\u0105da\u0107 modnie podczas tej wyj\u0105tkowej nocy. Andrzejki to impreza pe\u0142na zabawy, magii i dobrego nastroju. Stylizacja powinna wi\u0119c podkre\u015bla\u0107 Tw\u00f3j charakter, ale tak\u017ce pasowa\u0107 do klimatu wieczoru. Warto pozna\u0107 najnowsze trendy i praktyczne wskaz\u00f3wki, kt\u00f3re pomog\u0105 stworzy\u0107 idealny zestaw.<\/strong><\/p>\n<h2 class=\"p1\"><span style=\"color: #ff9900;\">Jak ubra\u0107 si\u0119 na Andrzejki \u2013 wyb\u00f3r sukienki<\/span><\/h2>\n<p class=\"p2\">Jak ubra\u0107 si\u0119 na Andrzejki, by wygl\u0105da\u0107 elegancko? Najcz\u0119\u015bciej wybieran\u0105 opcj\u0105 jest <span style=\"color: #ff9900;\"><a style=\"color: #ff9900;\" href=\"https:\/\/pakuten.pl\/27-sukienki\" target=\"_blank\" rel=\"noopener\">sukienka<\/a><\/span>. W tym sezonie modne s\u0105 dopasowane fasony midi oraz rozkloszowane kroje, kt\u00f3re pi\u0119knie podkre\u015blaj\u0105 tali\u0119. Materia\u0142y z po\u0142yskiem, takie jak satyna czy welur, dodaj\u0105 stylizacji luksusowego charakteru. Je\u015bli wolisz co\u015b bardziej stonowanego, postaw na sukienk\u0119 w klasycznej czerni, kt\u00f3r\u0105 o\u017cywisz efektownymi dodatkami.<\/p>\n<p class=\"p2\">Dzi\u0119ki odpowiednim akcentom, nawet prosta sukienka zyska wieczorowy charakter. Pasek z ozdobn\u0105 klamr\u0105 czy bi\u017cuteria w odcieniach z\u0142ota potrafi\u0105 ca\u0142kowicie odmieni\u0107 stylizacj\u0119. Pami\u0119taj jednak, aby zachowa\u0107 r\u00f3wnowag\u0119 \u2013 je\u015bli sukienka ma bogate zdobienia, dodatki powinny by\u0107 subtelniejsze.<\/p>\n<div class=\"product-box-container\">\r\n<div class=\"one_third \" style=\"\">\r\n<div class=\"product-box\">\r\n<a href=\"https:\/\/pakuten.pl\/42945-89296-czarna-dopasowana-sukienka-z-rozcieciem-adellina-czarny.html\" target=\"_blank\">\r\n <img src=\"https:\/\/media.pakuten.pl\/249615-large_default\/czarna-dopasowana-sukienka-z-rozcieciem-adellina.jpg\" alt=\"Czarna dopasowana sukienka z rozci\u0119ciem Adellina\"\/>\r\n<\/a>\r\n<p>\r\n<a href=\"https:\/\/pakuten.pl\/42945-89296-czarna-dopasowana-sukienka-z-rozcieciem-adellina-czarny.html\" target=\"_blank\">\r\nCzarna dopasowana sukienka z rozci\u0119ciem Adellina\r\n<\/a><\/p>\r\n  <p>Cena: 127,99\u00a0z\u0142<\/p>\r\n<a href=\"https:\/\/pakuten.pl\/42945-89296-czarna-dopasowana-sukienka-z-rozcieciem-adellina-czarny.html\" target=\"_blank\" class=\"button\">\r\nZobacz w sklepie\r\n<\/a>\r\n<\/div>\r\n<\/div>\r\n<div class=\"one_third \" style=\"\">\r\n<div class=\"product-box\">\r\n<a href=\"https:\/\/pakuten.pl\/42540-88635-czarna-prazkowana-sukienka-z-tiulowymi-rekawami-caitlin-czarny.html\" target=\"_blank\">\r\n  <img src=\"https:\/\/media.pakuten.pl\/247522-large_default\/czarna-prazkowana-sukienka-z-tiulowymi-rekawami-caitlin.jpg\" alt=\"Czarna pr\u0105\u017ckowana sukienka z tiulowymi r\u0119kawami Caitlin\"\/>\r\n<\/a>\r\n<p>\r\n<a href=\"https:\/\/pakuten.pl\/42540-88635-czarna-prazkowana-sukienka-z-tiulowymi-rekawami-caitlin-czarny.html\" target=\"_blank\">\r\nCzarna pr\u0105\u017ckowana sukienka z tiulowymi r\u0119kawami Caitlin\r\n<\/a><\/p>\r\n  <p>Cena: 99,98\u00a0z\u0142<\/p>\r\n<a href=\"https:\/\/pakuten.pl\/42540-88635-czarna-prazkowana-sukienka-z-tiulowymi-rekawami-caitlin-czarny.html\" target=\"_blank\" class=\"button\">\r\nZobacz w sklepie\r\n<\/a>\r\n<\/div>\r\n<\/div>\r\n<div class=\"one_third last \" style=\"\">\r\n<div class=\"product-box\">\r\n<a href=\"https:\/\/pakuten.pl\/35517-77671-czarna-blyszczaca-przekladana-sukienka-sonce-czarny.html\" target=\"_blank\">\r\n  <img src=\"https:\/\/media.pakuten.pl\/211067-large_default\/czarna-blyszczaca-przekladana-sukienka-sonce.jpg\" alt=\"Czarna b\u0142yszcz\u0105ca przek\u0142adana sukienka Sonce\"\/>\r\n<\/a>\r\n<p>\r\n<a href=\"https:\/\/pakuten.pl\/35517-77671-czarna-blyszczaca-przekladana-sukienka-sonce-czarny.html\" target=\"_blank\">\r\nCzarna b\u0142yszcz\u0105ca przek\u0142adana sukienka Sonce\r\n<\/a><\/p>\r\n  <p>Cena: 59,99\u00a0z\u0142<\/p>\r\n<a href=\"https:\/\/pakuten.pl\/35517-77671-czarna-blyszczaca-przekladana-sukienka-sonce-czarny.html\" target=\"_blank\" class=\"button\">\r\nZobacz w sklepie\r\n<\/a>\r\n<\/div>\r\n<\/div><br class=\"clear\"\/>\r\n<\/div>\n<h2 class=\"p1\"><span style=\"color: #ff9900;\">Jak ubra\u0107 si\u0119 na Andrzejki \u2013 modne spodnie i kombinezony<\/span><\/h2>\n<p class=\"p2\">Nie ka\u017cda kobieta czuje si\u0119 dobrze w sukience. Na szcz\u0119\u015bcie, elegancka stylizacja na Andrzejki mo\u017ce bazowa\u0107 na spodniach lub kombinezonie. Szerokie spodnie z wysokim stanem po\u0142\u0105czone z jedwabist\u0105 bluzk\u0105 stworz\u0105 efektowny, a zarazem wygodny zestaw. Kombinezon w ciemnym, nasyconym kolorze b\u0119dzie \u015bwietn\u0105 alternatyw\u0105 dla sukienki, szczeg\u00f3lnie je\u015bli wybierzesz model z g\u0142\u0119bokim dekoltem lub odkrytymi plecami.<\/p>\n<p class=\"p2\">Dodaj\u0105c do takiego stroju szpilki i wyrazist\u0105 torebk\u0119, uzyskasz look, kt\u00f3ry przyci\u0105gnie spojrzenia. Warto pami\u0119ta\u0107, \u017ce kombinezon to propozycja, kt\u00f3ra pozwala wyr\u00f3\u017cni\u0107 si\u0119 w t\u0142umie i podkre\u015bli\u0107 indywidualny styl.<\/p>\n<div class=\"product-box-container\">\r\n<div class=\"one_third \" style=\"\">\r\n<div class=\"product-box\">\r\n<a href=\"https:\/\/pakuten.pl\/46382-94282-czarny-kombinezon-z-dlugimi-nogawkami-i-ozdobnym-paskiem-erazma-czarny.html\" target=\"_blank\">\r\n <img src=\"https:\/\/media.pakuten.pl\/266844-large_default\/czarny-kombinezon-z-dlugimi-nogawkami-i-ozdobnym-paskiem-erazma.jpg\" alt=\"Czarny kombinezon z d\u0142ugimi nogawkami i ozdobnym paskiem Erazma\"\/>\r\n<\/a>\r\n<p>\r\n<a href=\"https:\/\/pakuten.pl\/46382-94282-czarny-kombinezon-z-dlugimi-nogawkami-i-ozdobnym-paskiem-erazma-czarny.html\" target=\"_blank\">\r\nCzarny kombinezon z d\u0142ugimi nogawkami i ozdobnym paskiem Erazma\r\n<\/a><\/p>\r\n  <p>Cena: 136,49\u00a0z\u0142<\/p>\r\n<a href=\"https:\/\/pakuten.pl\/46382-94282-czarny-kombinezon-z-dlugimi-nogawkami-i-ozdobnym-paskiem-erazma-czarny.html\" target=\"_blank\" class=\"button\">\r\nZobacz w sklepie\r\n<\/a>\r\n<\/div>\r\n<\/div>\r\n<div class=\"one_third \" style=\"\">\r\n<div class=\"product-box\">\r\n<a href=\"https:\/\/pakuten.pl\/45692-93255-kombinezon-jak-sukienka-wiazany-w-talii-felicitaa-mocha-mousse-mocha-mousse.html\" target=\"_blank\">\r\n  <img src=\"https:\/\/media.pakuten.pl\/263747-large_default\/kombinezon-jak-sukienka-wiazany-w-talii-felicitaa-mocha-mousse.jpg\" alt=\"Kombinezon jak sukienka wi\u0105zany w talii Felicitaa - mocha mousse\"\/>\r\n<\/a>\r\n<p>\r\n<a href=\"https:\/\/pakuten.pl\/45692-93255-kombinezon-jak-sukienka-wiazany-w-talii-felicitaa-mocha-mousse-mocha-mousse.html\" target=\"_blank\">\r\nKombinezon jak sukienka wi\u0105zany w talii Felicitaa - mocha mousse\r\n<\/a><\/p>\r\n  <p>Cena: 142,09\u00a0z\u0142<\/p>\r\n<a href=\"https:\/\/pakuten.pl\/45692-93255-kombinezon-jak-sukienka-wiazany-w-talii-felicitaa-mocha-mousse-mocha-mousse.html\" target=\"_blank\" class=\"button\">\r\nZobacz w sklepie\r\n<\/a>\r\n<\/div>\r\n<\/div>\r\n<div class=\"one_third last \" style=\"\">\r\n<div class=\"product-box\">\r\n<a href=\"https:\/\/pakuten.pl\/44576-91665-czarny-kombinezon-jak-sukienka-wiazany-w-talii-rosalia-czarny.html\" target=\"_blank\">\r\n  <img src=\"https:\/\/media.pakuten.pl\/258089-large_default\/czarny-kombinezon-jak-sukienka-wiazany-w-talii-rosalia.jpg\" alt=\"Czarny kombinezon jak sukienka wi\u0105zany w talii Rosalia\"\/>\r\n<\/a>\r\n<p>\r\n<a href=\"https:\/\/pakuten.pl\/44576-91665-czarny-kombinezon-jak-sukienka-wiazany-w-talii-rosalia-czarny.html\" target=\"_blank\">\r\nCzarny kombinezon jak sukienka wi\u0105zany w talii Rosalia\r\n<\/a><\/p>\r\n  <p>Cena: 173,99\u00a0z\u0142<\/p>\r\n<a href=\"https:\/\/pakuten.pl\/44576-91665-czarny-kombinezon-jak-sukienka-wiazany-w-talii-rosalia-czarny.html\" target=\"_blank\" class=\"button\">\r\nZobacz w sklepie\r\n<\/a>\r\n<\/div>\r\n<\/div><br class=\"clear\"\/>\r\n<\/div>\n<h2 class=\"p1\"><span style=\"color: #ff9900;\">Kolory i materia\u0142y idealne na Andrzejki<\/span><\/h2>\n<p class=\"p2\">Stylizacje na Andrzejki cz\u0119sto inspirowane s\u0105 nocnym klimatem. Dlatego tak dobrze sprawdzaj\u0105 si\u0119 ciemne, g\u0142\u0119bokie barwy \u2013 granat, butelkowa ziele\u0144, burgund czy czer\u0144. Te kolory s\u0105 eleganckie i dodaj\u0105 tajemniczo\u015bci. Mo\u017cna je o\u017cywi\u0107 akcentami w z\u0142ocie, srebrze lub intensywnej czerwieni.<\/p>\n<p class=\"p2\">Materia\u0142y odgrywaj\u0105 tu r\u00f3wnie wa\u017cn\u0105 rol\u0119. Welur, aksamit, satyna czy tkaniny z delikatnym po\u0142yskiem sprawiaj\u0105, \u017ce ca\u0142o\u015b\u0107 wygl\u0105da wieczorowo. Dzi\u0119ki nim nawet prosty kr\u00f3j nabiera wyj\u0105tkowego charakteru.<\/p>\n<blockquote class=\"instagram-media\" style=\"background: #FFF; border: 0; border-radius: 3px; box-shadow: 0 0 1px 0 rgba(0,0,0,0.5),0 1px 10px 0 rgba(0,0,0,0.15); margin: 1px; max-width: 540px; min-width: 326px; padding: 0; width: calc(100% - 2px);\" data-instgrm-permalink=\"https:\/\/www.instagram.com\/reel\/DCWdXHAICzw\/?utm_source=ig_embed&amp;utm_campaign=loading\" data-instgrm-version=\"14\">\n<div style=\"padding: 16px;\">\n<div style=\"display: flex; flex-direction: row; align-items: center;\">\n<div style=\"background-color: #f4f4f4; border-radius: 50%; flex-grow: 0; height: 40px; margin-right: 14px; width: 40px;\">\u00a0<\/div>\n<div style=\"display: flex; flex-direction: column; flex-grow: 1; justify-content: center;\">\n<div style=\"background-color: #f4f4f4; border-radius: 4px; flex-grow: 0; height: 14px; margin-bottom: 6px; width: 100px;\">\u00a0<\/div>\n<div style=\"background-color: #f4f4f4; border-radius: 4px; flex-grow: 0; height: 14px; width: 60px;\">\u00a0<\/div>\n<\/div>\n<\/div>\n<div style=\"padding: 19% 0;\">\u00a0<\/div>\n<div style=\"display: block; height: 50px; margin: 0 auto 12px; width: 50px;\">\u00a0<\/div>\n<div style=\"padding-top: 8px;\">\n<div style=\"color: #3897f0; font-family: Arial,sans-serif; font-size: 14px; font-style: normal; font-weight: 550; line-height: 18px;\">Wy\u015bwietl ten post na Instagramie<\/div>\n<\/div>\n<div style=\"padding: 12.5% 0;\">\u00a0<\/div>\n<div style=\"display: flex; flex-direction: row; margin-bottom: 14px; align-items: center;\">\n<div>\n<div style=\"background-color: #f4f4f4; border-radius: 50%; height: 12.5px; width: 12.5px; transform: translateX(0px) translateY(7px);\">\u00a0<\/div>\n<div style=\"background-color: #f4f4f4; height: 12.5px; transform: rotate(-45deg) translateX(3px) translateY(1px); width: 12.5px; flex-grow: 0; margin-right: 14px; margin-left: 2px;\">\u00a0<\/div>\n<div style=\"background-color: #f4f4f4; border-radius: 50%; height: 12.5px; width: 12.5px; transform: translateX(9px) translateY(-18px);\">\u00a0<\/div>\n<\/div>\n<div style=\"margin-left: 8px;\">\n<div style=\"background-color: #f4f4f4; border-radius: 50%; flex-grow: 0; height: 20px; width: 20px;\">\u00a0<\/div>\n<div style=\"width: 0; height: 0; border-top: 2px solid transparent; border-left: 6px solid #f4f4f4; border-bottom: 2px solid transparent; transform: translateX(16px) translateY(-4px) rotate(30deg);\">\u00a0<\/div>\n<\/div>\n<div style=\"margin-left: auto;\">\n<div style=\"width: 0px; border-top: 8px solid #F4F4F4; border-right: 8px solid transparent; transform: translateY(16px);\">\u00a0<\/div>\n<div style=\"background-color: #f4f4f4; flex-grow: 0; height: 12px; width: 16px; transform: translateY(-4px);\">\u00a0<\/div>\n<div style=\"width: 0; height: 0; border-top: 8px solid #F4F4F4; border-left: 8px solid transparent; transform: translateY(-4px) translateX(8px);\">\u00a0<\/div>\n<\/div>\n<\/div>\n<div style=\"display: flex; flex-direction: column; flex-grow: 1; justify-content: center; margin-bottom: 24px;\">\n<div style=\"background-color: #f4f4f4; border-radius: 4px; flex-grow: 0; height: 14px; margin-bottom: 6px; width: 224px;\">\u00a0<\/div>\n<div style=\"background-color: #f4f4f4; border-radius: 4px; flex-grow: 0; height: 14px; width: 144px;\">\u00a0<\/div>\n<\/div>\n<p style=\"color: #c9c8cd; font-family: Arial,sans-serif; font-size: 14px; line-height: 17px; margin-bottom: 0; margin-top: 8px; overflow: hidden; padding: 8px 0 7px; text-align: center; text-overflow: ellipsis; white-space: nowrap;\"><a style=\"color: #c9c8cd; font-family: Arial,sans-serif; font-size: 14px; font-style: normal; font-weight: normal; line-height: 17px; text-decoration: none;\" href=\"https:\/\/www.instagram.com\/reel\/DCWdXHAICzw\/?utm_source=ig_embed&amp;utm_campaign=loading\" target=\"_blank\" rel=\"noopener\">Post udost\u0119pniony przez Pakuten.pl \u2022 Modna i tania odzie\u017c damska (@pakuten.official)<\/a><\/p>\n<\/div>\n<\/blockquote>\n<p><script async src=\"\/\/www.instagram.com\/embed.js\"><\/script><\/p>\n<h2 class=\"p1\"><span style=\"color: #ff9900;\">Dodatki i obuwie, kt\u00f3re dope\u0142ni\u0105 look<\/span><\/h2>\n<p class=\"p2\">Nawet najlepiej dobrana sukienka czy kombinezon nie b\u0119d\u0105 wygl\u0105da\u0142y perfekcyjnie bez odpowiednich dodatk\u00f3w. Torebka kopert\u00f3wka, efektowne kolczyki czy naszyjnik mog\u0105 nada\u0107 stylizacji wyrazisto\u015bci. Je\u015bli chcesz doda\u0107 blasku, postaw na bi\u017cuteri\u0119 w srebrnym lub z\u0142otym odcieniu.<\/p>\n<p class=\"p2\">Buty powinny by\u0107 eleganckie, ale te\u017c wygodne. Szpilki to klasyka, jednak je\u015bli planujesz ta\u0144czy\u0107 przez ca\u0142\u0105 noc, rozwa\u017c cz\u00f3\u0142enka na stabilnym obcasie lub eleganckie botki. Dzi\u0119ki temu zachowasz komfort i b\u0119dziesz mog\u0142a bawi\u0107 si\u0119 do bia\u0142ego rana.<\/p>\n<h2 class=\"p1\"><span style=\"color: #ff9900;\">Makija\u017c i fryzura na Andrzejki<\/span><\/h2>\n<p class=\"p2\">Stylizacja na Andrzejki to nie tylko ubrania i dodatki. Wa\u017cny jest te\u017c makija\u017c i fryzura. Na t\u0119 noc \u015bwietnie sprawdz\u0105 si\u0119 mocniej podkre\u015blone oczy, delikatny roz\u015bwietlacz i pomadka w wyrazistym kolorze. W\u0142osy mo\u017cesz upi\u0105\u0107 w elegancki kok, fale lub pozostawi\u0107 rozpuszczone, dodaj\u0105c im obj\u0119to\u015bci.<\/p>\n<p class=\"p2\">Makija\u017c i fryzura powinny wsp\u00f3\u0142gra\u0107 z ca\u0142ym lookiem. Dzi\u0119ki temu stworzysz sp\u00f3jn\u0105 i dopracowan\u0105 stylizacj\u0119, kt\u00f3ra podkre\u015bli Tw\u00f3j charakter.<\/p>\n<p>\u00a0<\/p>\n<p class=\"p1\">Jak ubra\u0107 si\u0119 na Andrzejki, aby po\u0142\u0105czy\u0107 elegancj\u0119 z wygod\u0105? Postaw na fasony i materia\u0142y, kt\u00f3re pasuj\u0105 do klimatu wieczoru, ale jednocze\u015bnie pozwalaj\u0105 Ci czu\u0107 si\u0119 swobodnie. Sukienka, kombinezon czy efektowny zestaw ze spodniami \u2013 ka\u017cda opcja mo\u017ce by\u0107 strza\u0142em w dziesi\u0105tk\u0119, je\u015bli dodasz do niej odpowiednie akcenty. Pami\u0119taj o dodatkach, kt\u00f3re nadadz\u0105 ca\u0142o\u015bci wyj\u0105tkowego charakteru. W ten spos\u00f3b stworzysz stylizacj\u0119, w kt\u00f3rej b\u0119dziesz wygl\u0105da\u0107 i czu\u0107 si\u0119 doskonale.<\/p>\n\n\n<div class=\"kk-star-ratings kksr-auto kksr-align-right kksr-valign-bottom\"\n    data-payload='{&quot;align&quot;:&quot;right&quot;,&quot;id&quot;:&quot;10200&quot;,&quot;slug&quot;:&quot;default&quot;,&quot;valign&quot;:&quot;bottom&quot;,&quot;ignore&quot;:&quot;&quot;,&quot;reference&quot;:&quot;auto&quot;,&quot;class&quot;:&quot;&quot;,&quot;count&quot;:&quot;0&quot;,&quot;legendonly&quot;:&quot;&quot;,&quot;readonly&quot;:&quot;&quot;,&quot;score&quot;:&quot;0&quot;,&quot;starsonly&quot;:&quot;&quot;,&quot;best&quot;:&quot;5&quot;,&quot;gap&quot;:&quot;5&quot;,&quot;greet&quot;:&quot;Rate this post&quot;,&quot;legend&quot;:&quot;0\\\/5 - (0 votes)&quot;,&quot;size&quot;:&quot;24&quot;,&quot;width&quot;:&quot;0&quot;,&quot;_legend&quot;:&quot;{score}\\\/{best} - ({count} {votes})&quot;,&quot;font_factor&quot;:&quot;1.25&quot;}'>\n            \n<div class=\"kksr-stars\">\n    \n<div class=\"kksr-stars-inactive\">\n            <div class=\"kksr-star\" data-star=\"1\" style=\"padding-right: 5px\">\n            \n\n<div class=\"kksr-icon\" style=\"width: 24px; height: 24px;\"><\/div>\n        <\/div>\n            <div class=\"kksr-star\" data-star=\"2\" style=\"padding-right: 5px\">\n            \n\n<div class=\"kksr-icon\" style=\"width: 24px; height: 24px;\"><\/div>\n        <\/div>\n            <div class=\"kksr-star\" data-star=\"3\" style=\"padding-right: 5px\">\n            \n\n<div class=\"kksr-icon\" style=\"width: 24px; height: 24px;\"><\/div>\n        <\/div>\n            <div class=\"kksr-star\" data-star=\"4\" style=\"padding-right: 5px\">\n            \n\n<div class=\"kksr-icon\" style=\"width: 24px; height: 24px;\"><\/div>\n        <\/div>\n            <div class=\"kksr-star\" data-star=\"5\" style=\"padding-right: 5px\">\n            \n\n<div class=\"kksr-icon\" style=\"width: 24px; height: 24px;\"><\/div>\n        <\/div>\n    <\/div>\n    \n<div class=\"kksr-stars-active\" style=\"width: 0px;\">\n            <div class=\"kksr-star\" style=\"padding-right: 5px\">\n            \n\n<div class=\"kksr-icon\" style=\"width: 24px; height: 24px;\"><\/div>\n        <\/div>\n            <div class=\"kksr-star\" style=\"padding-right: 5px\">\n            \n\n<div class=\"kksr-icon\" style=\"width: 24px; height: 24px;\"><\/div>\n        <\/div>\n            <div class=\"kksr-star\" style=\"padding-right: 5px\">\n            \n\n<div class=\"kksr-icon\" style=\"width: 24px; height: 24px;\"><\/div>\n        <\/div>\n            <div class=\"kksr-star\" style=\"padding-right: 5px\">\n            \n\n<div class=\"kksr-icon\" style=\"width: 24px; height: 24px;\"><\/div>\n        <\/div>\n            <div class=\"kksr-star\" style=\"padding-right: 5px\">\n            \n\n<div class=\"kksr-icon\" style=\"width: 24px; height: 24px;\"><\/div>\n        <\/div>\n    <\/div>\n<\/div>\n                \n\n<div class=\"kksr-legend\" style=\"font-size: 19.2px;\">\n            <span class=\"kksr-muted\">Rate this post<\/span>\n    <\/div>\n    <\/div>\n","protected":false},"excerpt":{"rendered":"<p class=\"p1\" style=\"margin: 0px; font-variant-numeric: normal; font-variant-east-asian: normal; font-variant-alternates: normal; font-size-adjust: none; font-kerning: auto; font-optical-sizing: auto; font-feature-settings: normal; font-variation-settings: normal; font-variant-position: normal; font-stretch: normal; font-size: 12px; line-height: normal; font-family: 'Helvetica Neue'; color: #000000;\">Jak ubra\u0107 si\u0119 na Andrzejki, aby czu\u0107 si\u0119 wyj\u0105tkowo, a jednocze\u015bnie swobodnie? To pytanie zadaje sobie wiele kobiet, kt\u00f3re chc\u0105 wygl\u0105da\u0107 modnie podczas tej wyj\u0105tkowej nocy. Andrzejki to impreza pe\u0142na zabawy, magii i dobrego nastroju. Stylizacja powinna wi\u0119c podkre\u015bla\u0107 Tw\u00f3j charakter, ale tak\u017ce pasowa\u0107 do klimatu wieczoru. Warto pozna\u0107 najnowsze trendy i praktyczne wskaz\u00f3wki, kt\u00f3re pomog\u0105 stworzy\u0107 idealny zestaw.<\/p>\n","protected":false},"author":3,"featured_media":10206,"comment_status":"open","ping_status":"open","sticky":false,"template":"","format":"standard","meta":[],"categories":[5],"tags":[],"yoast_head":"<!-- This site is optimized with the Yoast SEO plugin v18.4.1 - https:\/\/yoast.com\/wordpress\/plugins\/seo\/ -->\n<title>Jak ubra\u0107 si\u0119 na Andrzejki \u2013 elegancko i z charakterem - Pakuten blog<\/title>\n<meta name=\"description\" content=\"Jak ubra\u0107 si\u0119 na Andrzejki, aby wygl\u0105da\u0107 elegancko i z charakterem? Odkryj modne stylizacje i praktyczne porady.\" \/>\n<meta name=\"robots\" content=\"index, follow, max-snippet:-1, max-image-preview:large, max-video-preview:-1\" \/>\n<link rel=\"canonical\" href=\"https:\/\/pakuten.pl\/blog\/jak-ubrac-sie-na-andrzejki-elegancko-i-z-charakterem\/\" \/>\n<meta property=\"og:locale\" content=\"pl_PL\" \/>\n<meta property=\"og:type\" content=\"article\" \/>\n<meta property=\"og:title\" content=\"Jak ubra\u0107 si\u0119 na Andrzejki \u2013 elegancko i z charakterem - Pakuten blog\" \/>\n<meta property=\"og:description\" content=\"Jak ubra\u0107 si\u0119 na Andrzejki, aby wygl\u0105da\u0107 elegancko i z charakterem? Odkryj modne stylizacje i praktyczne porady.\" \/>\n<meta property=\"og:url\" content=\"https:\/\/pakuten.pl\/blog\/jak-ubrac-sie-na-andrzejki-elegancko-i-z-charakterem\/\" \/>\n<meta property=\"og:site_name\" content=\"Pakuten blog\" \/>\n<meta property=\"article:published_time\" content=\"2025-08-15T12:16:00+00:00\" \/>\n<meta property=\"article:modified_time\" content=\"2025-08-12T12:41:19+00:00\" \/>\n<meta property=\"og:image\" content=\"https:\/\/pakuten.pl\/blog\/wp-content\/uploads\/2025\/08\/Jak-ubrac\u0301-sie\u0328-na-Andrzejki-\u2013-elegancko-i-z-charakterem-1024x682.png\" \/>\n\t<meta property=\"og:image:width\" content=\"1024\" \/>\n\t<meta property=\"og:image:height\" content=\"682\" \/>\n\t<meta property=\"og:image:type\" content=\"image\/png\" \/>\n<meta name=\"twitter:card\" content=\"summary_large_image\" \/>\n<meta name=\"twitter:label1\" content=\"Napisane przez\" \/>\n\t<meta name=\"twitter:data1\" content=\"Pakuten Girl\" \/>\n\t<meta name=\"twitter:label2\" content=\"Szacowany czas czytania\" \/>\n\t<meta name=\"twitter:data2\" content=\"4 minuty\" \/>\n<script type=\"application\/ld+json\" class=\"yoast-schema-graph\">{\"@context\":\"https:\/\/schema.org\",\"@graph\":[{\"@type\":\"Organization\",\"@id\":\"https:\/\/pakuten.pl\/blog\/#organization\",\"name\":\"Pakuten\",\"url\":\"https:\/\/pakuten.pl\/blog\/\",\"sameAs\":[],\"logo\":{\"@type\":\"ImageObject\",\"@id\":\"https:\/\/pakuten.pl\/blog\/#logo\",\"inLanguage\":\"pl-PL\",\"url\":\"http:\/\/pakuten.pl\/blog\/wp-content\/uploads\/2018\/01\/pakuten_logo.png\",\"contentUrl\":\"http:\/\/pakuten.pl\/blog\/wp-content\/uploads\/2018\/01\/pakuten_logo.png\",\"width\":300,\"height\":120,\"caption\":\"Pakuten\"},\"image\":{\"@id\":\"https:\/\/pakuten.pl\/blog\/#logo\"}},{\"@type\":\"WebSite\",\"@id\":\"https:\/\/pakuten.pl\/blog\/#website\",\"url\":\"https:\/\/pakuten.pl\/blog\/\",\"name\":\"Pakuten blog\",\"description\":\"Blog sklepu internetowego pakuten.pl\",\"publisher\":{\"@id\":\"https:\/\/pakuten.pl\/blog\/#organization\"},\"potentialAction\":[{\"@type\":\"SearchAction\",\"target\":{\"@type\":\"EntryPoint\",\"urlTemplate\":\"https:\/\/pakuten.pl\/blog\/?s={search_term_string}\"},\"query-input\":\"required name=search_term_string\"}],\"inLanguage\":\"pl-PL\"},{\"@type\":\"ImageObject\",\"@id\":\"https:\/\/pakuten.pl\/blog\/jak-ubrac-sie-na-andrzejki-elegancko-i-z-charakterem\/#primaryimage\",\"inLanguage\":\"pl-PL\",\"url\":\"https:\/\/pakuten.pl\/blog\/wp-content\/uploads\/2025\/08\/Jak-ubrac\u0301-sie\u0328-na-Andrzejki-\u2013-elegancko-i-z-charakterem.png\",\"contentUrl\":\"https:\/\/pakuten.pl\/blog\/wp-content\/uploads\/2025\/08\/Jak-ubrac\u0301-sie\u0328-na-Andrzejki-\u2013-elegancko-i-z-charakterem.png\",\"width\":1280,\"height\":853,\"caption\":\"Jak ubra\u0107 si\u0119 na Andrzejki \u2013 elegancko i z charakterem\"},{\"@type\":\"WebPage\",\"@id\":\"https:\/\/pakuten.pl\/blog\/jak-ubrac-sie-na-andrzejki-elegancko-i-z-charakterem\/#webpage\",\"url\":\"https:\/\/pakuten.pl\/blog\/jak-ubrac-sie-na-andrzejki-elegancko-i-z-charakterem\/\",\"name\":\"Jak ubra\u0107 si\u0119 na Andrzejki \u2013 elegancko i z charakterem - Pakuten blog\",\"isPartOf\":{\"@id\":\"https:\/\/pakuten.pl\/blog\/#website\"},\"primaryImageOfPage\":{\"@id\":\"https:\/\/pakuten.pl\/blog\/jak-ubrac-sie-na-andrzejki-elegancko-i-z-charakterem\/#primaryimage\"},\"datePublished\":\"2025-08-15T12:16:00+00:00\",\"dateModified\":\"2025-08-12T12:41:19+00:00\",\"description\":\"Jak ubra\u0107 si\u0119 na Andrzejki, aby wygl\u0105da\u0107 elegancko i z charakterem? Odkryj modne stylizacje i praktyczne porady.\",\"breadcrumb\":{\"@id\":\"https:\/\/pakuten.pl\/blog\/jak-ubrac-sie-na-andrzejki-elegancko-i-z-charakterem\/#breadcrumb\"},\"inLanguage\":\"pl-PL\",\"potentialAction\":[{\"@type\":\"ReadAction\",\"target\":[\"https:\/\/pakuten.pl\/blog\/jak-ubrac-sie-na-andrzejki-elegancko-i-z-charakterem\/\"]}]},{\"@type\":\"BreadcrumbList\",\"@id\":\"https:\/\/pakuten.pl\/blog\/jak-ubrac-sie-na-andrzejki-elegancko-i-z-charakterem\/#breadcrumb\",\"itemListElement\":[{\"@type\":\"ListItem\",\"position\":1,\"name\":\"Strona g\u0142\u00f3wna\",\"item\":\"https:\/\/pakuten.pl\/blog\/\"},{\"@type\":\"ListItem\",\"position\":2,\"name\":\"Jak ubra\u0107 si\u0119 na Andrzejki \u2013 elegancko i z charakterem\"}]},{\"@type\":\"Article\",\"@id\":\"https:\/\/pakuten.pl\/blog\/jak-ubrac-sie-na-andrzejki-elegancko-i-z-charakterem\/#article\",\"isPartOf\":{\"@id\":\"https:\/\/pakuten.pl\/blog\/jak-ubrac-sie-na-andrzejki-elegancko-i-z-charakterem\/#webpage\"},\"author\":{\"@id\":\"https:\/\/pakuten.pl\/blog\/#\/schema\/person\/d7133af30211381a4e4536d088384556\"},\"headline\":\"Jak ubra\u0107 si\u0119 na Andrzejki \u2013 elegancko i z charakterem\",\"datePublished\":\"2025-08-15T12:16:00+00:00\",\"dateModified\":\"2025-08-12T12:41:19+00:00\",\"mainEntityOfPage\":{\"@id\":\"https:\/\/pakuten.pl\/blog\/jak-ubrac-sie-na-andrzejki-elegancko-i-z-charakterem\/#webpage\"},\"wordCount\":699,\"commentCount\":0,\"publisher\":{\"@id\":\"https:\/\/pakuten.pl\/blog\/#organization\"},\"image\":{\"@id\":\"https:\/\/pakuten.pl\/blog\/jak-ubrac-sie-na-andrzejki-elegancko-i-z-charakterem\/#primaryimage\"},\"thumbnailUrl\":\"https:\/\/pakuten.pl\/blog\/wp-content\/uploads\/2025\/08\/Jak-ubrac\u0301-sie\u0328-na-Andrzejki-\u2013-elegancko-i-z-charakterem.png\",\"articleSection\":[\"Inspirations\"],\"inLanguage\":\"pl-PL\",\"potentialAction\":[{\"@type\":\"CommentAction\",\"name\":\"Comment\",\"target\":[\"https:\/\/pakuten.pl\/blog\/jak-ubrac-sie-na-andrzejki-elegancko-i-z-charakterem\/#respond\"]}]},{\"@type\":\"Person\",\"@id\":\"https:\/\/pakuten.pl\/blog\/#\/schema\/person\/d7133af30211381a4e4536d088384556\",\"name\":\"Pakuten Girl\",\"image\":{\"@type\":\"ImageObject\",\"@id\":\"https:\/\/pakuten.pl\/blog\/#personlogo\",\"inLanguage\":\"pl-PL\",\"url\":\"https:\/\/secure.gravatar.com\/avatar\/d3df41de2caf92e6cfded9430c2ff352?s=96&d=mm&r=g\",\"contentUrl\":\"https:\/\/secure.gravatar.com\/avatar\/d3df41de2caf92e6cfded9430c2ff352?s=96&d=mm&r=g\",\"caption\":\"Pakuten Girl\"},\"description\":\"Cze\u015b\u0107, nazywam si\u0119 Ola. Kocham Netflixa, sals\u0119, nowo\u015bci kosmetyczne i najnowsze trendy w modzie.\",\"url\":\"https:\/\/pakuten.pl\/blog\/author\/pakuten-girl\/\"}]}<\/script>\n<!-- \/ Yoast SEO plugin. -->","yoast_head_json":{"title":"Jak ubra\u0107 si\u0119 na Andrzejki \u2013 elegancko i z charakterem - Pakuten blog","description":"Jak ubra\u0107 si\u0119 na Andrzejki, aby wygl\u0105da\u0107 elegancko i z charakterem? Odkryj modne stylizacje i praktyczne porady.","robots":{"index":"index","follow":"follow","max-snippet":"max-snippet:-1","max-image-preview":"max-image-preview:large","max-video-preview":"max-video-preview:-1"},"canonical":"https:\/\/pakuten.pl\/blog\/jak-ubrac-sie-na-andrzejki-elegancko-i-z-charakterem\/","og_locale":"pl_PL","og_type":"article","og_title":"Jak ubra\u0107 si\u0119 na Andrzejki \u2013 elegancko i z charakterem - Pakuten blog","og_description":"Jak ubra\u0107 si\u0119 na Andrzejki, aby wygl\u0105da\u0107 elegancko i z charakterem? Odkryj modne stylizacje i praktyczne porady.","og_url":"https:\/\/pakuten.pl\/blog\/jak-ubrac-sie-na-andrzejki-elegancko-i-z-charakterem\/","og_site_name":"Pakuten blog","article_published_time":"2025-08-15T12:16:00+00:00","article_modified_time":"2025-08-12T12:41:19+00:00","og_image":[{"width":1024,"height":682,"url":"https:\/\/pakuten.pl\/blog\/wp-content\/uploads\/2025\/08\/Jak-ubrac\u0301-sie\u0328-na-Andrzejki-\u2013-elegancko-i-z-charakterem-1024x682.png","type":"image\/png"}],"twitter_card":"summary_large_image","twitter_misc":{"Napisane przez":"Pakuten Girl","Szacowany czas czytania":"4 minuty"},"schema":{"@context":"https:\/\/schema.org","@graph":[{"@type":"Organization","@id":"https:\/\/pakuten.pl\/blog\/#organization","name":"Pakuten","url":"https:\/\/pakuten.pl\/blog\/","sameAs":[],"logo":{"@type":"ImageObject","@id":"https:\/\/pakuten.pl\/blog\/#logo","inLanguage":"pl-PL","url":"http:\/\/pakuten.pl\/blog\/wp-content\/uploads\/2018\/01\/pakuten_logo.png","contentUrl":"http:\/\/pakuten.pl\/blog\/wp-content\/uploads\/2018\/01\/pakuten_logo.png","width":300,"height":120,"caption":"Pakuten"},"image":{"@id":"https:\/\/pakuten.pl\/blog\/#logo"}},{"@type":"WebSite","@id":"https:\/\/pakuten.pl\/blog\/#website","url":"https:\/\/pakuten.pl\/blog\/","name":"Pakuten blog","description":"Blog sklepu internetowego pakuten.pl","publisher":{"@id":"https:\/\/pakuten.pl\/blog\/#organization"},"potentialAction":[{"@type":"SearchAction","target":{"@type":"EntryPoint","urlTemplate":"https:\/\/pakuten.pl\/blog\/?s={search_term_string}"},"query-input":"required name=search_term_string"}],"inLanguage":"pl-PL"},{"@type":"ImageObject","@id":"https:\/\/pakuten.pl\/blog\/jak-ubrac-sie-na-andrzejki-elegancko-i-z-charakterem\/#primaryimage","inLanguage":"pl-PL","url":"https:\/\/pakuten.pl\/blog\/wp-content\/uploads\/2025\/08\/Jak-ubrac\u0301-sie\u0328-na-Andrzejki-\u2013-elegancko-i-z-charakterem.png","contentUrl":"https:\/\/pakuten.pl\/blog\/wp-content\/uploads\/2025\/08\/Jak-ubrac\u0301-sie\u0328-na-Andrzejki-\u2013-elegancko-i-z-charakterem.png","width":1280,"height":853,"caption":"Jak ubra\u0107 si\u0119 na Andrzejki \u2013 elegancko i z charakterem"},{"@type":"WebPage","@id":"https:\/\/pakuten.pl\/blog\/jak-ubrac-sie-na-andrzejki-elegancko-i-z-charakterem\/#webpage","url":"https:\/\/pakuten.pl\/blog\/jak-ubrac-sie-na-andrzejki-elegancko-i-z-charakterem\/","name":"Jak ubra\u0107 si\u0119 na Andrzejki \u2013 elegancko i z charakterem - Pakuten blog","isPartOf":{"@id":"https:\/\/pakuten.pl\/blog\/#website"},"primaryImageOfPage":{"@id":"https:\/\/pakuten.pl\/blog\/jak-ubrac-sie-na-andrzejki-elegancko-i-z-charakterem\/#primaryimage"},"datePublished":"2025-08-15T12:16:00+00:00","dateModified":"2025-08-12T12:41:19+00:00","description":"Jak ubra\u0107 si\u0119 na Andrzejki, aby wygl\u0105da\u0107 elegancko i z charakterem? Odkryj modne stylizacje i praktyczne porady.","breadcrumb":{"@id":"https:\/\/pakuten.pl\/blog\/jak-ubrac-sie-na-andrzejki-elegancko-i-z-charakterem\/#breadcrumb"},"inLanguage":"pl-PL","potentialAction":[{"@type":"ReadAction","target":["https:\/\/pakuten.pl\/blog\/jak-ubrac-sie-na-andrzejki-elegancko-i-z-charakterem\/"]}]},{"@type":"BreadcrumbList","@id":"https:\/\/pakuten.pl\/blog\/jak-ubrac-sie-na-andrzejki-elegancko-i-z-charakterem\/#breadcrumb","itemListElement":[{"@type":"ListItem","position":1,"name":"Strona g\u0142\u00f3wna","item":"https:\/\/pakuten.pl\/blog\/"},{"@type":"ListItem","position":2,"name":"Jak ubra\u0107 si\u0119 na Andrzejki \u2013 elegancko i z charakterem"}]},{"@type":"Article","@id":"https:\/\/pakuten.pl\/blog\/jak-ubrac-sie-na-andrzejki-elegancko-i-z-charakterem\/#article","isPartOf":{"@id":"https:\/\/pakuten.pl\/blog\/jak-ubrac-sie-na-andrzejki-elegancko-i-z-charakterem\/#webpage"},"author":{"@id":"https:\/\/pakuten.pl\/blog\/#\/schema\/person\/d7133af30211381a4e4536d088384556"},"headline":"Jak ubra\u0107 si\u0119 na Andrzejki \u2013 elegancko i z charakterem","datePublished":"2025-08-15T12:16:00+00:00","dateModified":"2025-08-12T12:41:19+00:00","mainEntityOfPage":{"@id":"https:\/\/pakuten.pl\/blog\/jak-ubrac-sie-na-andrzejki-elegancko-i-z-charakterem\/#webpage"},"wordCount":699,"commentCount":0,"publisher":{"@id":"https:\/\/pakuten.pl\/blog\/#organization"},"image":{"@id":"https:\/\/pakuten.pl\/blog\/jak-ubrac-sie-na-andrzejki-elegancko-i-z-charakterem\/#primaryimage"},"thumbnailUrl":"https:\/\/pakuten.pl\/blog\/wp-content\/uploads\/2025\/08\/Jak-ubrac\u0301-sie\u0328-na-Andrzejki-\u2013-elegancko-i-z-charakterem.png","articleSection":["Inspirations"],"inLanguage":"pl-PL","potentialAction":[{"@type":"CommentAction","name":"Comment","target":["https:\/\/pakuten.pl\/blog\/jak-ubrac-sie-na-andrzejki-elegancko-i-z-charakterem\/#respond"]}]},{"@type":"Person","@id":"https:\/\/pakuten.pl\/blog\/#\/schema\/person\/d7133af30211381a4e4536d088384556","name":"Pakuten Girl","image":{"@type":"ImageObject","@id":"https:\/\/pakuten.pl\/blog\/#personlogo","inLanguage":"pl-PL","url":"https:\/\/secure.gravatar.com\/avatar\/d3df41de2caf92e6cfded9430c2ff352?s=96&d=mm&r=g","contentUrl":"https:\/\/secure.gravatar.com\/avatar\/d3df41de2caf92e6cfded9430c2ff352?s=96&d=mm&r=g","caption":"Pakuten Girl"},"description":"Cze\u015b\u0107, nazywam si\u0119 Ola. Kocham Netflixa, sals\u0119, nowo\u015bci kosmetyczne i najnowsze trendy w modzie.","url":"https:\/\/pakuten.pl\/blog\/author\/pakuten-girl\/"}]}},"_links":{"self":[{"href":"https:\/\/pakuten.pl\/blog\/wp-json\/wp\/v2\/posts\/10200"}],"collection":[{"href":"https:\/\/pakuten.pl\/blog\/wp-json\/wp\/v2\/posts"}],"about":[{"href":"https:\/\/pakuten.pl\/blog\/wp-json\/wp\/v2\/types\/post"}],"author":[{"embeddable":true,"href":"https:\/\/pakuten.pl\/blog\/wp-json\/wp\/v2\/users\/3"}],"replies":[{"embeddable":true,"href":"https:\/\/pakuten.pl\/blog\/wp-json\/wp\/v2\/comments?post=10200"}],"version-history":[{"count":3,"href":"https:\/\/pakuten.pl\/blog\/wp-json\/wp\/v2\/posts\/10200\/revisions"}],"predecessor-version":[{"id":10205,"href":"https:\/\/pakuten.pl\/blog\/wp-json\/wp\/v2\/posts\/10200\/revisions\/10205"}],"wp:featuredmedia":[{"embeddable":true,"href":"https:\/\/pakuten.pl\/blog\/wp-json\/wp\/v2\/media\/10206"}],"wp:attachment":[{"href":"https:\/\/pakuten.pl\/blog\/wp-json\/wp\/v2\/media?parent=10200"}],"wp:term":[{"taxonomy":"category","embeddable":true,"href":"https:\/\/pakuten.pl\/blog\/wp-json\/wp\/v2\/categories?post=10200"},{"taxonomy":"post_tag","embeddable":true,"href":"https:\/\/pakuten.pl\/blog\/wp-json\/wp\/v2\/tags?post=10200"}],"curies":[{"name":"wp","href":"https:\/\/api.w.org\/{rel}","templated":true}]}}