{"id":10285,"date":"2025-09-23T14:34:12","date_gmt":"2025-09-23T12:34:12","guid":{"rendered":"https:\/\/pakuten.pl\/blog\/?p=10285"},"modified":"2025-09-23T14:34:14","modified_gmt":"2025-09-23T12:34:14","slug":"stylizacje-na-andrzejki-i-jesienne-imprezy-co-zalozyc-by-wygladac-zjawiskowo","status":"publish","type":"post","link":"https:\/\/pakuten.pl\/blog\/stylizacje-na-andrzejki-i-jesienne-imprezy-co-zalozyc-by-wygladac-zjawiskowo\/","title":{"rendered":"Stylizacje na Andrzejki i jesienne imprezy \u2013 co za\u0142o\u017cy\u0107, by wygl\u0105da\u0107 zjawiskowo?"},"content":{"rendered":"\n<p class=\"p1\"><strong>Stylizacje na Andrzejki od lat s\u0105 tematem, kt\u00f3ry budzi emocje i inspiruje do modowych eksperyment\u00f3w. Andrzejki to wyj\u0105tkowa noc \u2013 pe\u0142na magii, wr\u00f3\u017cb i spotka\u0144 z przyjaci\u00f3\u0142mi. Jesie\u0144, z kolei, sprzyja tworzeniu klimatycznych zestaw\u00f3w, w kt\u00f3rych mo\u017cna poczu\u0107 si\u0119 kobieco, elegancko, a jednocze\u015bnie komfortowo. Dlatego wybieraj\u0105c stylizacj\u0119, warto pami\u0119ta\u0107 o r\u00f3wnowadze mi\u0119dzy wygod\u0105 i szykiem. W tym artykule poka\u017cemy, jak stworzy\u0107 look, kt\u00f3ry wyr\u00f3\u017cni Ci\u0119 w t\u0142umie, a jednocze\u015bnie b\u0119dzie praktyczny w ch\u0142odne wieczory.<\/strong><\/p>\n<h2 class=\"p1\"><span style=\"color: #ff9900;\">Stylizacje na Andrzejki \u2013 sukienka jako baza wieczornego looku<\/span><\/h2>\n<p class=\"p1\">Nie da si\u0119 ukry\u0107, \u017ce <span style=\"color: #ff9900;\"><a style=\"color: #ff9900;\" href=\"https:\/\/pakuten.pl\/27-sukienki\" target=\"_blank\" rel=\"noopener\">sukienka<\/a><\/span> to najcz\u0119stszy wyb\u00f3r na wieczorne spotkania. Jest kobieca, efektowna i pasuje do wielu okazji. Sukienki swetrowe \u015bwietnie sprawdz\u0105 si\u0119 w ch\u0142odniejsze dni, poniewa\u017c \u0142\u0105cz\u0105 elegancj\u0119 z ciep\u0142em. Wystarczy dobra\u0107 do nich wysokie kozaki lub botki na obcasie i stylizacja nabiera wyj\u0105tkowego charakteru.<\/p>\n<p class=\"p1\">Dla kobiet, kt\u00f3re lubi\u0105 podkre\u015bla\u0107 figur\u0119, idealne b\u0119d\u0105 dopasowane sukienki z marszczeniami lub wyci\u0119ciami. W po\u0142\u0105czeniu z minimalistycznymi dodatkami tworz\u0105 efekt wow. Je\u015bli natomiast wolisz luz, postaw na oversize, kt\u00f3ry mo\u017cna przewi\u0105za\u0107 paskiem. Dzi\u0119ki temu stylizacja nabierze proporcji i lekko\u015bci.<\/p>\n<div class=\"product-box-container\">\r\n<div class=\"one_third \" style=\"\">\r\n<div class=\"product-box\">\r\n<a href=\"https:\/\/pakuten.pl\/47598-96158-czarna-sukienka-z-marszczeniem-na-dekolcie-qiannah-czarny.html\" target=\"_blank\">\r\n <img src=\"https:\/\/media.pakuten.pl\/272510-large_default\/czarna-sukienka-z-marszczeniem-na-dekolcie-qiannah.jpg\" alt=\"Czarna sukienka z marszczeniem na dekolcie Qiannah\"\/>\r\n<\/a>\r\n<p>\r\n<a href=\"https:\/\/pakuten.pl\/47598-96158-czarna-sukienka-z-marszczeniem-na-dekolcie-qiannah-czarny.html\" target=\"_blank\">\r\nCzarna sukienka z marszczeniem na dekolcie Qiannah\r\n<\/a><\/p>\r\n  <p>Cena: 132,99\u00a0z\u0142<\/p>\r\n<a href=\"https:\/\/pakuten.pl\/47598-96158-czarna-sukienka-z-marszczeniem-na-dekolcie-qiannah-czarny.html\" target=\"_blank\" class=\"button\">\r\nZobacz w sklepie\r\n<\/a>\r\n<\/div>\r\n<\/div>\r\n<div class=\"one_third \" style=\"\">\r\n<div class=\"product-box\">\r\n<a href=\"https:\/\/pakuten.pl\/19653-56827-czarna-rozkloszowana-sukienka-z-tiulem-vinesca-czarny.html\" target=\"_blank\">\r\n  <img src=\"https:\/\/media.pakuten.pl\/132804-large_default\/czarna-rozkloszowana-sukienka-z-tiulem-vinesca.jpg\" alt=\"Czarna rozkloszowana sukienka z tiulem Vinesca\"\/>\r\n<\/a>\r\n<p>\r\n<a href=\"https:\/\/pakuten.pl\/19653-56827-czarna-rozkloszowana-sukienka-z-tiulem-vinesca-czarny.html\" target=\"_blank\">\r\nCzarna rozkloszowana sukienka z tiulem Vinesca\r\n<\/a><\/p>\r\n  <p>Cena: 151,99\u00a0z\u0142<\/p>\r\n<a href=\"https:\/\/pakuten.pl\/19653-56827-czarna-rozkloszowana-sukienka-z-tiulem-vinesca-czarny.html\" target=\"_blank\" class=\"button\">\r\nZobacz w sklepie\r\n<\/a>\r\n<\/div>\r\n<\/div>\r\n<div class=\"one_third last \" style=\"\">\r\n<div class=\"product-box\">\r\n<a href=\"https:\/\/pakuten.pl\/47221-95659-kombinezon-jak-sukienka-z-bufiastymi-rekawami-dilettia-mocha-mousse-mocha-mousse.html\" target=\"_blank\">\r\n  <img src=\"https:\/\/media.pakuten.pl\/270735-large_default\/kombinezon-jak-sukienka-z-bufiastymi-rekawami-dilettia-mocha-mousse.jpg\" alt=\"Kombinezon jak sukienka z bufiastymi r\u0119kawami Dilettia - mocha mousse\"\/>\r\n<\/a>\r\n<p>\r\n<a href=\"https:\/\/pakuten.pl\/47221-95659-kombinezon-jak-sukienka-z-bufiastymi-rekawami-dilettia-mocha-mousse-mocha-mousse.html\" target=\"_blank\">\r\nKombinezon jak sukienka z bufiastymi r\u0119kawami Dilettia - mocha mousse\r\n<\/a><\/p>\r\n  <p>Cena: 139,99\u00a0z\u0142<\/p>\r\n<a href=\"https:\/\/pakuten.pl\/47221-95659-kombinezon-jak-sukienka-z-bufiastymi-rekawami-dilettia-mocha-mousse-mocha-mousse.html\" target=\"_blank\" class=\"button\">\r\nZobacz w sklepie\r\n<\/a>\r\n<\/div>\r\n<\/div><br class=\"clear\"\/>\r\n<\/div>\n<h2 class=\"p1\"><span style=\"color: #ff9900;\">Stylizacje na Andrzejki \u2013 b\u0142ysk i elegancja w jesiennych zestawach<\/span><\/h2>\n<p class=\"p1\">Wieczorne imprezy to doskona\u0142a okazja, by pozwoli\u0107 sobie na odrobin\u0119 blasku. Jesieni\u0105, gdy dni staj\u0105 si\u0119 kr\u00f3tkie, warto roz\u015bwietli\u0107 look cekinami, satyn\u0105 lub jedwabiem. Top w stylu slip zestawiony z eleganck\u0105 sp\u00f3dnic\u0105 midi to klasyk, kt\u00f3ry nigdy nie wychodzi z mody.<\/p>\n<p class=\"p1\">Nie zapominajmy o marynarkach oversize, kt\u00f3re nadaj\u0105 ca\u0142o\u015bci nowoczesnego sznytu. W po\u0142\u0105czeniu z dopasowan\u0105 sukienk\u0105 lub spodniami cygaretkami tworz\u0105 wywa\u017cony i efektowny zestaw. Co wi\u0119cej, marynarka ogrzewa, co w listopadzie bywa bardzo praktyczne.<\/p>\n<div id=\"attachment_10287\" style=\"width: 510px\" class=\"wp-caption aligncenter\"><img aria-describedby=\"caption-attachment-10287\" loading=\"lazy\" class=\"size-full wp-image-10287\" src=\"https:\/\/pakuten.pl\/blog\/wp-content\/uploads\/2025\/09\/Projekt-bez-nazwy-16.jpg\" alt=\"Stylizacje na Andrzejki \" width=\"500\" height=\"700\" \/><p id=\"caption-attachment-10287\" class=\"wp-caption-text\">Cekinowa sukienka na rami\u0105czkach Merrigay<\/p><\/div>\n<h2 class=\"p1\"><span style=\"color: #ff9900;\">Stylizacje na Andrzejki \u2013 dodatki, kt\u00f3re robi\u0105 r\u00f3\u017cnic\u0119<\/span><\/h2>\n<p class=\"p1\">Nawet najpi\u0119kniejsza stylizacja potrzebuje odpowiednich akcent\u00f3w. To w\u0142a\u015bnie dodatki potrafi\u0105 podnie\u015b\u0107 look na wy\u017cszy poziom. Torebka kopertowa, <span style=\"color: #ff9900;\">kolczyki<\/span> z kryszta\u0142kami czy masywne naszyjniki \u015bwietnie wpisuj\u0105 si\u0119 w klimat andrzejkowych imprez.<\/p>\n<p class=\"p1\">Jesie\u0144 sprzyja te\u017c warstwom, wi\u0119c \u015bmia\u0142o mo\u017cna doda\u0107 szal w intensywnym kolorze. Po\u0142\u0105czenie be\u017cu, bordo czy butelkowej zieleni z klasyczn\u0105 czerni\u0105 daje elegancki efekt. Takie barwy idealnie oddaj\u0105 klimat jesieni i pi\u0119knie komponuj\u0105 si\u0119 z mod\u0105 wieczorow\u0105.<\/p>\n<p>\u00a0<\/p>\n<blockquote class=\"instagram-media\" style=\"background: #FFF; border: 0; border-radius: 3px; box-shadow: 0 0 1px 0 rgba(0,0,0,0.5),0 1px 10px 0 rgba(0,0,0,0.15); margin: 1px; max-width: 540px; min-width: 326px; padding: 0; width: calc(100% - 2px);\" data-instgrm-permalink=\"https:\/\/www.instagram.com\/reel\/DOxqE82iPpV\/?utm_source=ig_embed&amp;utm_campaign=loading\" data-instgrm-version=\"14\">\n<div style=\"padding: 16px;\">\n<div style=\"display: flex; flex-direction: row; align-items: center;\">\n<div style=\"background-color: #f4f4f4; border-radius: 50%; flex-grow: 0; height: 40px; margin-right: 14px; width: 40px;\">\u00a0<\/div>\n<div style=\"display: flex; flex-direction: column; flex-grow: 1; justify-content: center;\">\n<div style=\"background-color: #f4f4f4; border-radius: 4px; flex-grow: 0; height: 14px; margin-bottom: 6px; width: 100px;\">\u00a0<\/div>\n<div style=\"background-color: #f4f4f4; border-radius: 4px; flex-grow: 0; height: 14px; width: 60px;\">\u00a0<\/div>\n<\/div>\n<\/div>\n<div style=\"padding: 19% 0;\">\u00a0<\/div>\n<div style=\"display: block; height: 50px; margin: 0 auto 12px; width: 50px;\">\u00a0<\/div>\n<div style=\"padding-top: 8px;\">\n<div style=\"color: #3897f0; font-family: Arial,sans-serif; font-size: 14px; font-style: normal; font-weight: 550; line-height: 18px;\">Wy\u015bwietl ten post na Instagramie<\/div>\n<\/div>\n<div style=\"padding: 12.5% 0;\">\u00a0<\/div>\n<div style=\"display: flex; flex-direction: row; margin-bottom: 14px; align-items: center;\">\n<div>\n<div style=\"background-color: #f4f4f4; border-radius: 50%; height: 12.5px; width: 12.5px; transform: translateX(0px) translateY(7px);\">\u00a0<\/div>\n<div style=\"background-color: #f4f4f4; height: 12.5px; transform: rotate(-45deg) translateX(3px) translateY(1px); width: 12.5px; flex-grow: 0; margin-right: 14px; margin-left: 2px;\">\u00a0<\/div>\n<div style=\"background-color: #f4f4f4; border-radius: 50%; height: 12.5px; width: 12.5px; transform: translateX(9px) translateY(-18px);\">\u00a0<\/div>\n<\/div>\n<div style=\"margin-left: 8px;\">\n<div style=\"background-color: #f4f4f4; border-radius: 50%; flex-grow: 0; height: 20px; width: 20px;\">\u00a0<\/div>\n<div style=\"width: 0; height: 0; border-top: 2px solid transparent; border-left: 6px solid #f4f4f4; border-bottom: 2px solid transparent; transform: translateX(16px) translateY(-4px) rotate(30deg);\">\u00a0<\/div>\n<\/div>\n<div style=\"margin-left: auto;\">\n<div style=\"width: 0px; border-top: 8px solid #F4F4F4; border-right: 8px solid transparent; transform: translateY(16px);\">\u00a0<\/div>\n<div style=\"background-color: #f4f4f4; flex-grow: 0; height: 12px; width: 16px; transform: translateY(-4px);\">\u00a0<\/div>\n<div style=\"width: 0; height: 0; border-top: 8px solid #F4F4F4; border-left: 8px solid transparent; transform: translateY(-4px) translateX(8px);\">\u00a0<\/div>\n<\/div>\n<\/div>\n<div style=\"display: flex; flex-direction: column; flex-grow: 1; justify-content: center; margin-bottom: 24px;\">\n<div style=\"background-color: #f4f4f4; border-radius: 4px; flex-grow: 0; height: 14px; margin-bottom: 6px; width: 224px;\">\u00a0<\/div>\n<div style=\"background-color: #f4f4f4; border-radius: 4px; flex-grow: 0; height: 14px; width: 144px;\">\u00a0<\/div>\n<\/div>\n<p style=\"color: #c9c8cd; font-family: Arial,sans-serif; font-size: 14px; line-height: 17px; margin-bottom: 0; margin-top: 8px; overflow: hidden; padding: 8px 0 7px; text-align: center; text-overflow: ellipsis; white-space: nowrap;\"><a style=\"color: #c9c8cd; font-family: Arial,sans-serif; font-size: 14px; font-style: normal; font-weight: normal; line-height: 17px; text-decoration: none;\" href=\"https:\/\/www.instagram.com\/reel\/DOxqE82iPpV\/?utm_source=ig_embed&amp;utm_campaign=loading\" target=\"_blank\" rel=\"noopener\">Post udost\u0119pniony przez Martyna S\u0142owi\u0144ska (@marty_nnnka)<\/a><\/p>\n<\/div>\n<\/blockquote>\n<p><script async src=\"\/\/www.instagram.com\/embed.js\"><\/script><\/p>\n<h2 class=\"p1\"><span style=\"color: #ff9900;\">Makija\u017c i fryzura do jesiennych stylizacji<\/span><\/h2>\n<p class=\"p1\">Cho\u0107 ubrania graj\u0105 pierwsze skrzypce, nie mo\u017cna zapomina\u0107 o urodzie. Jesienne makija\u017ce uwielbiaj\u0105 mocne usta i roz\u015bwietlon\u0105 cer\u0119. Czerwone lub bordowe pomadki dodaj\u0105 charakteru i \u015bwietnie uzupe\u0142niaj\u0105 klasyczne stylizacje. Je\u015bli wolisz subtelny look, postaw na smokey eye i neutralne usta.<\/p>\n<p class=\"p1\">Fryzura powinna by\u0107 dopasowana do ca\u0142o\u015bci. Rozpuszczone fale pasuj\u0105 niemal zawsze, ale r\u00f3wnie dobrze sprawdzi si\u0119 elegancki kok czy niskie upi\u0119cie. Co wa\u017cne, takie uczesania utrzymuj\u0105 si\u0119 przez ca\u0142\u0105 noc, nawet podczas ta\u0144c\u00f3w.<\/p>\n<div class=\"product-box-container\">\r\n<div class=\"one_third \" style=\"\">\r\n<div class=\"product-box\">\r\n<a href=\"https:\/\/pakuten.pl\/47574-96164-czekoladowa-dluga-sukienka-z-rozcieciem-i-ozdobnymi-marszczeniami-clementine-czekoladowy.html\" target=\"_blank\">\r\n <img src=\"https:\/\/media.pakuten.pl\/272536-large_default\/czekoladowa-dluga-sukienka-z-rozcieciem-i-ozdobnymi-marszczeniami-clementine.jpg\" alt=\"Czekoladowa d\u0142uga sukienka z rozci\u0119ciem i ozdobnymi marszczeniami Clementine\"\/>\r\n<\/a>\r\n<p>\r\n<a href=\"https:\/\/pakuten.pl\/47574-96164-czekoladowa-dluga-sukienka-z-rozcieciem-i-ozdobnymi-marszczeniami-clementine-czekoladowy.html\" target=\"_blank\">\r\nCzekoladowa d\u0142uga sukienka z rozci\u0119ciem i ozdobnymi marszczeniami Clementine\r\n<\/a><\/p>\r\n  <p>Cena: 111,99\u00a0z\u0142<\/p>\r\n<a href=\"https:\/\/pakuten.pl\/47574-96164-czekoladowa-dluga-sukienka-z-rozcieciem-i-ozdobnymi-marszczeniami-clementine-czekoladowy.html\" target=\"_blank\" class=\"button\">\r\nZobacz w sklepie\r\n<\/a>\r\n<\/div>\r\n<\/div>\r\n<div class=\"one_third \" style=\"\">\r\n<div class=\"product-box\">\r\n<a href=\"https:\/\/pakuten.pl\/34397-75941-czarna-sukienka-z-ozdobnymi-tiulowymi-rekawami-chana-czarny.html\" target=\"_blank\">\r\n  <img src=\"https:\/\/media.pakuten.pl\/205687-large_default\/czarna-sukienka-z-ozdobnymi-tiulowymi-rekawami-chana.jpg\" alt=\"Czarna sukienka z ozdobnymi tiulowymi r\u0119kawami Chana\"\/>\r\n<\/a>\r\n<p>\r\n<a href=\"https:\/\/pakuten.pl\/34397-75941-czarna-sukienka-z-ozdobnymi-tiulowymi-rekawami-chana-czarny.html\" target=\"_blank\">\r\nCzarna sukienka z ozdobnymi tiulowymi r\u0119kawami Chana\r\n<\/a><\/p>\r\n  <p>Cena: 119,99\u00a0z\u0142<\/p>\r\n<a href=\"https:\/\/pakuten.pl\/34397-75941-czarna-sukienka-z-ozdobnymi-tiulowymi-rekawami-chana-czarny.html\" target=\"_blank\" class=\"button\">\r\nZobacz w sklepie\r\n<\/a>\r\n<\/div>\r\n<\/div>\r\n<div class=\"one_third last \" style=\"\">\r\n<div class=\"product-box\">\r\n<a href=\"https:\/\/pakuten.pl\/30098-68425-malinowa-satynowa-sukienka-ze-sciagaczami-po-bokach-derekiaa-malinowy.html\" target=\"_blank\">\r\n  <img src=\"https:\/\/media.pakuten.pl\/185338-large_default\/malinowa-satynowa-sukienka-ze-sciagaczami-po-bokach-derekiaa.jpg\" alt=\"Malinowa satynowa sukienka ze \u015bci\u0105gaczami po bokach Derekiaa\"\/>\r\n<\/a>\r\n<p>\r\n<a href=\"https:\/\/pakuten.pl\/30098-68425-malinowa-satynowa-sukienka-ze-sciagaczami-po-bokach-derekiaa-malinowy.html\" target=\"_blank\">\r\nMalinowa satynowa sukienka ze \u015bci\u0105gaczami po bokach Derekiaa\r\n<\/a><\/p>\r\n  <p>Cena: 129,99\u00a0z\u0142<\/p>\r\n<a href=\"https:\/\/pakuten.pl\/30098-68425-malinowa-satynowa-sukienka-ze-sciagaczami-po-bokach-derekiaa-malinowy.html\" target=\"_blank\" class=\"button\">\r\nZobacz w sklepie\r\n<\/a>\r\n<\/div>\r\n<\/div><br class=\"clear\"\/>\r\n<\/div>\n<h2 class=\"p1\"><span style=\"color: #ff9900;\">Stylizacje na Andrzejki \u2013 ciep\u0142o i wygoda te\u017c si\u0119 licz\u0105<\/span><\/h2>\n<p class=\"p1\">Jesienne imprezy bywaj\u0105 ch\u0142odne, dlatego warto zadba\u0107 o komfort. Grubsze rajstopy, p\u0142aszcz oversize czy we\u0142niane narzutki mog\u0105 by\u0107 stylowym dope\u0142nieniem. Dzi\u0119ki nim zyskasz nie tylko ciep\u0142o, ale tak\u017ce ciekawy element ca\u0142ego zestawu.<\/p>\n<p class=\"p1\">Nie zapominaj o wygodnych butach. Nawet najpi\u0119kniejsze szpilki nie sprawdz\u0105 si\u0119, je\u015bli nie b\u0119dziesz mog\u0142a ta\u0144czy\u0107 czy swobodnie chodzi\u0107. Alternatyw\u0105 s\u0105 botki na stabilnym obcasie albo kozaki do kolan, kt\u00f3re s\u0105 modne i praktyczne.<\/p>\n<div class=\"product-box-container\">\r\n<div class=\"one_third \" style=\"\">\r\n<div class=\"product-box\">\r\n<a href=\"https:\/\/pakuten.pl\/35682-78033-czarne-gladkie-rajstopy-locci-czarny.html\" target=\"_blank\">\r\n <img src=\"https:\/\/media.pakuten.pl\/211912-large_default\/czarne-gladkie-rajstopy-locci.jpg\" alt=\"Czarne g\u0142adkie rajstopy Locci\"\/>\r\n<\/a>\r\n<p>\r\n<a href=\"https:\/\/pakuten.pl\/35682-78033-czarne-gladkie-rajstopy-locci-czarny.html\" target=\"_blank\">\r\nCzarne g\u0142adkie rajstopy Locci\r\n<\/a><\/p>\r\n  <p>Cena: 10,50\u00a0z\u0142<\/p>\r\n<a href=\"https:\/\/pakuten.pl\/35682-78033-czarne-gladkie-rajstopy-locci-czarny.html\" target=\"_blank\" class=\"button\">\r\nZobacz w sklepie\r\n<\/a>\r\n<\/div>\r\n<\/div>\r\n<div class=\"one_third \" style=\"\">\r\n<div class=\"product-box\">\r\n<a href=\"https:\/\/pakuten.pl\/36379-79184-czarne-blyszczace-mieniace-rajstopy-damskie-nuele-czarny.html\" target=\"_blank\">\r\n  <img src=\"https:\/\/media.pakuten.pl\/215076-large_default\/czarne-blyszczace-mieniace-rajstopy-damskie-nuele.jpg\" alt=\"Czarne b\u0142yszcz\u0105ce mieni\u0105ce rajstopy damskie Nuele\"\/>\r\n<\/a>\r\n<p>\r\n<a href=\"https:\/\/pakuten.pl\/36379-79184-czarne-blyszczace-mieniace-rajstopy-damskie-nuele-czarny.html\" target=\"_blank\">\r\nCzarne b\u0142yszcz\u0105ce mieni\u0105ce rajstopy damskie Nuele\r\n<\/a><\/p>\r\n  <p>Cena: 15,00\u00a0z\u0142<\/p>\r\n<a href=\"https:\/\/pakuten.pl\/36379-79184-czarne-blyszczace-mieniace-rajstopy-damskie-nuele-czarny.html\" target=\"_blank\" class=\"button\">\r\nZobacz w sklepie\r\n<\/a>\r\n<\/div>\r\n<\/div>\r\n<div class=\"one_third last \" style=\"\">\r\n<div class=\"product-box\">\r\n<a href=\"https:\/\/pakuten.pl\/47007-95340-kurtka-zapinana-na-zamek-taralyn-mocha-mousse-mocha-mousse.html\" target=\"_blank\">\r\n  <img src=\"https:\/\/media.pakuten.pl\/269836-large_default\/kurtka-zapinana-na-zamek-taralyn-mocha-mousse.jpg\" alt=\"Kurtka zapinana na zamek Taralyn - mocha mousse\"\/>\r\n<\/a>\r\n<p>\r\n<a href=\"https:\/\/pakuten.pl\/47007-95340-kurtka-zapinana-na-zamek-taralyn-mocha-mousse-mocha-mousse.html\" target=\"_blank\">\r\nKurtka zapinana na zamek Taralyn - mocha mousse\r\n<\/a><\/p>\r\n  <p>Cena: 59,99\u00a0z\u0142<\/p>\r\n<a href=\"https:\/\/pakuten.pl\/47007-95340-kurtka-zapinana-na-zamek-taralyn-mocha-mousse-mocha-mousse.html\" target=\"_blank\" class=\"button\">\r\nZobacz w sklepie\r\n<\/a>\r\n<\/div>\r\n<\/div><br class=\"clear\"\/>\r\n<\/div>\n<p>\u00a0<\/p>\n<p class=\"p1\"><b>Stylizacje na Andrzejki<\/b> to \u015bwietna okazja, aby po\u0142\u0105czy\u0107 mod\u0119 z zabaw\u0105 i stworzy\u0107 niezapomniany look. Jesienne imprezy wymagaj\u0105 od nas pomys\u0142owo\u015bci, ale tak\u017ce praktycznych rozwi\u0105za\u0144. Sukienki swetrowe, b\u0142yszcz\u0105ce topy, oversize\u2019owe marynarki i dobrze dobrane dodatki tworz\u0105 zestawy, kt\u00f3re sprawdzaj\u0105 si\u0119 zar\u00f3wno podczas ta\u0144ca, jak i podczas spotka\u0144 w kameralnym gronie.<\/p>\n<p class=\"p1\">Pami\u0119taj, \u017ce kluczem jest r\u00f3wnowaga \u2013 mi\u0119dzy elegancj\u0105 a wygod\u0105, klasyk\u0105 a odrobin\u0105 szale\u0144stwa. Dzi\u0119ki temu Twoja stylizacja nie tylko zachwyci innych, ale przede wszystkim sprawi, \u017ce b\u0119dziesz si\u0119 w niej czu\u0142a wyj\u0105tkowo.<\/p>\n\n\n<div class=\"kk-star-ratings kksr-auto kksr-align-right kksr-valign-bottom\"\n    data-payload='{&quot;align&quot;:&quot;right&quot;,&quot;id&quot;:&quot;10285&quot;,&quot;slug&quot;:&quot;default&quot;,&quot;valign&quot;:&quot;bottom&quot;,&quot;ignore&quot;:&quot;&quot;,&quot;reference&quot;:&quot;auto&quot;,&quot;class&quot;:&quot;&quot;,&quot;count&quot;:&quot;0&quot;,&quot;legendonly&quot;:&quot;&quot;,&quot;readonly&quot;:&quot;&quot;,&quot;score&quot;:&quot;0&quot;,&quot;starsonly&quot;:&quot;&quot;,&quot;best&quot;:&quot;5&quot;,&quot;gap&quot;:&quot;5&quot;,&quot;greet&quot;:&quot;Rate this post&quot;,&quot;legend&quot;:&quot;0\\\/5 - (0 votes)&quot;,&quot;size&quot;:&quot;24&quot;,&quot;width&quot;:&quot;0&quot;,&quot;_legend&quot;:&quot;{score}\\\/{best} - ({count} {votes})&quot;,&quot;font_factor&quot;:&quot;1.25&quot;}'>\n            \n<div class=\"kksr-stars\">\n    \n<div class=\"kksr-stars-inactive\">\n            <div class=\"kksr-star\" data-star=\"1\" style=\"padding-right: 5px\">\n            \n\n<div class=\"kksr-icon\" style=\"width: 24px; height: 24px;\"><\/div>\n        <\/div>\n            <div class=\"kksr-star\" data-star=\"2\" style=\"padding-right: 5px\">\n            \n\n<div class=\"kksr-icon\" style=\"width: 24px; height: 24px;\"><\/div>\n        <\/div>\n            <div class=\"kksr-star\" data-star=\"3\" style=\"padding-right: 5px\">\n            \n\n<div class=\"kksr-icon\" style=\"width: 24px; height: 24px;\"><\/div>\n        <\/div>\n            <div class=\"kksr-star\" data-star=\"4\" style=\"padding-right: 5px\">\n            \n\n<div class=\"kksr-icon\" style=\"width: 24px; height: 24px;\"><\/div>\n        <\/div>\n            <div class=\"kksr-star\" data-star=\"5\" style=\"padding-right: 5px\">\n            \n\n<div class=\"kksr-icon\" style=\"width: 24px; height: 24px;\"><\/div>\n        <\/div>\n    <\/div>\n    \n<div class=\"kksr-stars-active\" style=\"width: 0px;\">\n            <div class=\"kksr-star\" style=\"padding-right: 5px\">\n            \n\n<div class=\"kksr-icon\" style=\"width: 24px; height: 24px;\"><\/div>\n        <\/div>\n            <div class=\"kksr-star\" style=\"padding-right: 5px\">\n            \n\n<div class=\"kksr-icon\" style=\"width: 24px; height: 24px;\"><\/div>\n        <\/div>\n            <div class=\"kksr-star\" style=\"padding-right: 5px\">\n            \n\n<div class=\"kksr-icon\" style=\"width: 24px; height: 24px;\"><\/div>\n        <\/div>\n            <div class=\"kksr-star\" style=\"padding-right: 5px\">\n            \n\n<div class=\"kksr-icon\" style=\"width: 24px; height: 24px;\"><\/div>\n        <\/div>\n            <div class=\"kksr-star\" style=\"padding-right: 5px\">\n            \n\n<div class=\"kksr-icon\" style=\"width: 24px; height: 24px;\"><\/div>\n        <\/div>\n    <\/div>\n<\/div>\n                \n\n<div class=\"kksr-legend\" style=\"font-size: 19.2px;\">\n            <span class=\"kksr-muted\">Rate this post<\/span>\n    <\/div>\n    <\/div>\n","protected":false},"excerpt":{"rendered":"<p>Stylizacje na Andrzejki od lat s\u0105 tematem, kt\u00f3ry budzi emocje i inspiruje do modowych eksperyment\u00f3w. Andrzejki to wyj\u0105tkowa noc \u2013 pe\u0142na magii, wr\u00f3\u017cb i spotka\u0144 z przyjaci\u00f3\u0142mi. Jesie\u0144, z kolei, sprzyja tworzeniu klimatycznych zestaw\u00f3w, w kt\u00f3rych mo\u017cna poczu\u0107 si\u0119 kobieco, elegancko, a jednocze\u015bnie komfortowo. Dlatego wybieraj\u0105c stylizacj\u0119, warto pami\u0119ta\u0107 o r\u00f3wnowadze mi\u0119dzy wygod\u0105 i szykiem. W tym artykule poka\u017cemy, jak stworzy\u0107 look, kt\u00f3ry wyr\u00f3\u017cni Ci\u0119 w t\u0142umie, a jednocze\u015bnie b\u0119dzie praktyczny w ch\u0142odne wieczory.<\/p>\n","protected":false},"author":3,"featured_media":10294,"comment_status":"open","ping_status":"open","sticky":false,"template":"","format":"standard","meta":[],"categories":[5],"tags":[],"yoast_head":"<!-- This site is optimized with the Yoast SEO plugin v18.4.1 - https:\/\/yoast.com\/wordpress\/plugins\/seo\/ -->\n<title>Stylizacje na Andrzejki i jesienne imprezy \u2013 co za\u0142o\u017cy\u0107, by wygl\u0105da\u0107 zjawiskowo? - Pakuten blog<\/title>\n<meta name=\"description\" content=\"Stylizacje na Andrzejki 2025: modne sukienki, b\u0142ysk i dodatki. Zainspiruj si\u0119 naszymi propozycjami na jesienne imprezy.\" \/>\n<meta name=\"robots\" content=\"index, follow, max-snippet:-1, max-image-preview:large, max-video-preview:-1\" \/>\n<link rel=\"canonical\" href=\"https:\/\/pakuten.pl\/blog\/stylizacje-na-andrzejki-i-jesienne-imprezy-co-zalozyc-by-wygladac-zjawiskowo\/\" \/>\n<meta property=\"og:locale\" content=\"pl_PL\" \/>\n<meta property=\"og:type\" content=\"article\" \/>\n<meta property=\"og:title\" content=\"Stylizacje na Andrzejki i jesienne imprezy \u2013 co za\u0142o\u017cy\u0107, by wygl\u0105da\u0107 zjawiskowo? - Pakuten blog\" \/>\n<meta property=\"og:description\" content=\"Stylizacje na Andrzejki 2025: modne sukienki, b\u0142ysk i dodatki. Zainspiruj si\u0119 naszymi propozycjami na jesienne imprezy.\" \/>\n<meta property=\"og:url\" content=\"https:\/\/pakuten.pl\/blog\/stylizacje-na-andrzejki-i-jesienne-imprezy-co-zalozyc-by-wygladac-zjawiskowo\/\" \/>\n<meta property=\"og:site_name\" content=\"Pakuten blog\" \/>\n<meta property=\"article:published_time\" content=\"2025-09-23T12:34:12+00:00\" \/>\n<meta property=\"article:modified_time\" content=\"2025-09-23T12:34:14+00:00\" \/>\n<meta property=\"og:image\" content=\"https:\/\/pakuten.pl\/blog\/wp-content\/uploads\/2025\/09\/stylizacje-na.png\" \/>\n\t<meta property=\"og:image:width\" content=\"1280\" \/>\n\t<meta property=\"og:image:height\" content=\"853\" \/>\n\t<meta property=\"og:image:type\" content=\"image\/png\" \/>\n<meta name=\"twitter:card\" content=\"summary_large_image\" \/>\n<meta name=\"twitter:label1\" content=\"Napisane przez\" \/>\n\t<meta name=\"twitter:data1\" content=\"Pakuten Girl\" \/>\n\t<meta name=\"twitter:label2\" content=\"Szacowany czas czytania\" \/>\n\t<meta name=\"twitter:data2\" content=\"4 minuty\" \/>\n<script type=\"application\/ld+json\" class=\"yoast-schema-graph\">{\"@context\":\"https:\/\/schema.org\",\"@graph\":[{\"@type\":\"Organization\",\"@id\":\"https:\/\/pakuten.pl\/blog\/#organization\",\"name\":\"Pakuten\",\"url\":\"https:\/\/pakuten.pl\/blog\/\",\"sameAs\":[],\"logo\":{\"@type\":\"ImageObject\",\"@id\":\"https:\/\/pakuten.pl\/blog\/#logo\",\"inLanguage\":\"pl-PL\",\"url\":\"http:\/\/pakuten.pl\/blog\/wp-content\/uploads\/2018\/01\/pakuten_logo.png\",\"contentUrl\":\"http:\/\/pakuten.pl\/blog\/wp-content\/uploads\/2018\/01\/pakuten_logo.png\",\"width\":300,\"height\":120,\"caption\":\"Pakuten\"},\"image\":{\"@id\":\"https:\/\/pakuten.pl\/blog\/#logo\"}},{\"@type\":\"WebSite\",\"@id\":\"https:\/\/pakuten.pl\/blog\/#website\",\"url\":\"https:\/\/pakuten.pl\/blog\/\",\"name\":\"Pakuten blog\",\"description\":\"Blog sklepu internetowego pakuten.pl\",\"publisher\":{\"@id\":\"https:\/\/pakuten.pl\/blog\/#organization\"},\"potentialAction\":[{\"@type\":\"SearchAction\",\"target\":{\"@type\":\"EntryPoint\",\"urlTemplate\":\"https:\/\/pakuten.pl\/blog\/?s={search_term_string}\"},\"query-input\":\"required name=search_term_string\"}],\"inLanguage\":\"pl-PL\"},{\"@type\":\"ImageObject\",\"@id\":\"https:\/\/pakuten.pl\/blog\/stylizacje-na-andrzejki-i-jesienne-imprezy-co-zalozyc-by-wygladac-zjawiskowo\/#primaryimage\",\"inLanguage\":\"pl-PL\",\"url\":\"https:\/\/pakuten.pl\/blog\/wp-content\/uploads\/2025\/09\/stylizacje-na.png\",\"contentUrl\":\"https:\/\/pakuten.pl\/blog\/wp-content\/uploads\/2025\/09\/stylizacje-na.png\",\"width\":1280,\"height\":853},{\"@type\":\"WebPage\",\"@id\":\"https:\/\/pakuten.pl\/blog\/stylizacje-na-andrzejki-i-jesienne-imprezy-co-zalozyc-by-wygladac-zjawiskowo\/#webpage\",\"url\":\"https:\/\/pakuten.pl\/blog\/stylizacje-na-andrzejki-i-jesienne-imprezy-co-zalozyc-by-wygladac-zjawiskowo\/\",\"name\":\"Stylizacje na Andrzejki i jesienne imprezy \u2013 co za\u0142o\u017cy\u0107, by wygl\u0105da\u0107 zjawiskowo? - Pakuten blog\",\"isPartOf\":{\"@id\":\"https:\/\/pakuten.pl\/blog\/#website\"},\"primaryImageOfPage\":{\"@id\":\"https:\/\/pakuten.pl\/blog\/stylizacje-na-andrzejki-i-jesienne-imprezy-co-zalozyc-by-wygladac-zjawiskowo\/#primaryimage\"},\"datePublished\":\"2025-09-23T12:34:12+00:00\",\"dateModified\":\"2025-09-23T12:34:14+00:00\",\"description\":\"Stylizacje na Andrzejki 2025: modne sukienki, b\u0142ysk i dodatki. Zainspiruj si\u0119 naszymi propozycjami na jesienne imprezy.\",\"breadcrumb\":{\"@id\":\"https:\/\/pakuten.pl\/blog\/stylizacje-na-andrzejki-i-jesienne-imprezy-co-zalozyc-by-wygladac-zjawiskowo\/#breadcrumb\"},\"inLanguage\":\"pl-PL\",\"potentialAction\":[{\"@type\":\"ReadAction\",\"target\":[\"https:\/\/pakuten.pl\/blog\/stylizacje-na-andrzejki-i-jesienne-imprezy-co-zalozyc-by-wygladac-zjawiskowo\/\"]}]},{\"@type\":\"BreadcrumbList\",\"@id\":\"https:\/\/pakuten.pl\/blog\/stylizacje-na-andrzejki-i-jesienne-imprezy-co-zalozyc-by-wygladac-zjawiskowo\/#breadcrumb\",\"itemListElement\":[{\"@type\":\"ListItem\",\"position\":1,\"name\":\"Strona g\u0142\u00f3wna\",\"item\":\"https:\/\/pakuten.pl\/blog\/\"},{\"@type\":\"ListItem\",\"position\":2,\"name\":\"Stylizacje na Andrzejki i jesienne imprezy \u2013 co za\u0142o\u017cy\u0107, by wygl\u0105da\u0107 zjawiskowo?\"}]},{\"@type\":\"Article\",\"@id\":\"https:\/\/pakuten.pl\/blog\/stylizacje-na-andrzejki-i-jesienne-imprezy-co-zalozyc-by-wygladac-zjawiskowo\/#article\",\"isPartOf\":{\"@id\":\"https:\/\/pakuten.pl\/blog\/stylizacje-na-andrzejki-i-jesienne-imprezy-co-zalozyc-by-wygladac-zjawiskowo\/#webpage\"},\"author\":{\"@id\":\"https:\/\/pakuten.pl\/blog\/#\/schema\/person\/d7133af30211381a4e4536d088384556\"},\"headline\":\"Stylizacje na Andrzejki i jesienne imprezy \u2013 co za\u0142o\u017cy\u0107, by wygl\u0105da\u0107 zjawiskowo?\",\"datePublished\":\"2025-09-23T12:34:12+00:00\",\"dateModified\":\"2025-09-23T12:34:14+00:00\",\"mainEntityOfPage\":{\"@id\":\"https:\/\/pakuten.pl\/blog\/stylizacje-na-andrzejki-i-jesienne-imprezy-co-zalozyc-by-wygladac-zjawiskowo\/#webpage\"},\"wordCount\":747,\"commentCount\":0,\"publisher\":{\"@id\":\"https:\/\/pakuten.pl\/blog\/#organization\"},\"image\":{\"@id\":\"https:\/\/pakuten.pl\/blog\/stylizacje-na-andrzejki-i-jesienne-imprezy-co-zalozyc-by-wygladac-zjawiskowo\/#primaryimage\"},\"thumbnailUrl\":\"https:\/\/pakuten.pl\/blog\/wp-content\/uploads\/2025\/09\/stylizacje-na.png\",\"articleSection\":[\"Inspirations\"],\"inLanguage\":\"pl-PL\",\"potentialAction\":[{\"@type\":\"CommentAction\",\"name\":\"Comment\",\"target\":[\"https:\/\/pakuten.pl\/blog\/stylizacje-na-andrzejki-i-jesienne-imprezy-co-zalozyc-by-wygladac-zjawiskowo\/#respond\"]}]},{\"@type\":\"Person\",\"@id\":\"https:\/\/pakuten.pl\/blog\/#\/schema\/person\/d7133af30211381a4e4536d088384556\",\"name\":\"Pakuten Girl\",\"image\":{\"@type\":\"ImageObject\",\"@id\":\"https:\/\/pakuten.pl\/blog\/#personlogo\",\"inLanguage\":\"pl-PL\",\"url\":\"https:\/\/secure.gravatar.com\/avatar\/d3df41de2caf92e6cfded9430c2ff352?s=96&d=mm&r=g\",\"contentUrl\":\"https:\/\/secure.gravatar.com\/avatar\/d3df41de2caf92e6cfded9430c2ff352?s=96&d=mm&r=g\",\"caption\":\"Pakuten Girl\"},\"description\":\"Cze\u015b\u0107, nazywam si\u0119 Ola. Kocham Netflixa, sals\u0119, nowo\u015bci kosmetyczne i najnowsze trendy w modzie.\",\"url\":\"https:\/\/pakuten.pl\/blog\/author\/pakuten-girl\/\"}]}<\/script>\n<!-- \/ Yoast SEO plugin. -->","yoast_head_json":{"title":"Stylizacje na Andrzejki i jesienne imprezy \u2013 co za\u0142o\u017cy\u0107, by wygl\u0105da\u0107 zjawiskowo? - Pakuten blog","description":"Stylizacje na Andrzejki 2025: modne sukienki, b\u0142ysk i dodatki. Zainspiruj si\u0119 naszymi propozycjami na jesienne imprezy.","robots":{"index":"index","follow":"follow","max-snippet":"max-snippet:-1","max-image-preview":"max-image-preview:large","max-video-preview":"max-video-preview:-1"},"canonical":"https:\/\/pakuten.pl\/blog\/stylizacje-na-andrzejki-i-jesienne-imprezy-co-zalozyc-by-wygladac-zjawiskowo\/","og_locale":"pl_PL","og_type":"article","og_title":"Stylizacje na Andrzejki i jesienne imprezy \u2013 co za\u0142o\u017cy\u0107, by wygl\u0105da\u0107 zjawiskowo? - Pakuten blog","og_description":"Stylizacje na Andrzejki 2025: modne sukienki, b\u0142ysk i dodatki. Zainspiruj si\u0119 naszymi propozycjami na jesienne imprezy.","og_url":"https:\/\/pakuten.pl\/blog\/stylizacje-na-andrzejki-i-jesienne-imprezy-co-zalozyc-by-wygladac-zjawiskowo\/","og_site_name":"Pakuten blog","article_published_time":"2025-09-23T12:34:12+00:00","article_modified_time":"2025-09-23T12:34:14+00:00","og_image":[{"width":1280,"height":853,"url":"https:\/\/pakuten.pl\/blog\/wp-content\/uploads\/2025\/09\/stylizacje-na.png","type":"image\/png"}],"twitter_card":"summary_large_image","twitter_misc":{"Napisane przez":"Pakuten Girl","Szacowany czas czytania":"4 minuty"},"schema":{"@context":"https:\/\/schema.org","@graph":[{"@type":"Organization","@id":"https:\/\/pakuten.pl\/blog\/#organization","name":"Pakuten","url":"https:\/\/pakuten.pl\/blog\/","sameAs":[],"logo":{"@type":"ImageObject","@id":"https:\/\/pakuten.pl\/blog\/#logo","inLanguage":"pl-PL","url":"http:\/\/pakuten.pl\/blog\/wp-content\/uploads\/2018\/01\/pakuten_logo.png","contentUrl":"http:\/\/pakuten.pl\/blog\/wp-content\/uploads\/2018\/01\/pakuten_logo.png","width":300,"height":120,"caption":"Pakuten"},"image":{"@id":"https:\/\/pakuten.pl\/blog\/#logo"}},{"@type":"WebSite","@id":"https:\/\/pakuten.pl\/blog\/#website","url":"https:\/\/pakuten.pl\/blog\/","name":"Pakuten blog","description":"Blog sklepu internetowego pakuten.pl","publisher":{"@id":"https:\/\/pakuten.pl\/blog\/#organization"},"potentialAction":[{"@type":"SearchAction","target":{"@type":"EntryPoint","urlTemplate":"https:\/\/pakuten.pl\/blog\/?s={search_term_string}"},"query-input":"required name=search_term_string"}],"inLanguage":"pl-PL"},{"@type":"ImageObject","@id":"https:\/\/pakuten.pl\/blog\/stylizacje-na-andrzejki-i-jesienne-imprezy-co-zalozyc-by-wygladac-zjawiskowo\/#primaryimage","inLanguage":"pl-PL","url":"https:\/\/pakuten.pl\/blog\/wp-content\/uploads\/2025\/09\/stylizacje-na.png","contentUrl":"https:\/\/pakuten.pl\/blog\/wp-content\/uploads\/2025\/09\/stylizacje-na.png","width":1280,"height":853},{"@type":"WebPage","@id":"https:\/\/pakuten.pl\/blog\/stylizacje-na-andrzejki-i-jesienne-imprezy-co-zalozyc-by-wygladac-zjawiskowo\/#webpage","url":"https:\/\/pakuten.pl\/blog\/stylizacje-na-andrzejki-i-jesienne-imprezy-co-zalozyc-by-wygladac-zjawiskowo\/","name":"Stylizacje na Andrzejki i jesienne imprezy \u2013 co za\u0142o\u017cy\u0107, by wygl\u0105da\u0107 zjawiskowo? - Pakuten blog","isPartOf":{"@id":"https:\/\/pakuten.pl\/blog\/#website"},"primaryImageOfPage":{"@id":"https:\/\/pakuten.pl\/blog\/stylizacje-na-andrzejki-i-jesienne-imprezy-co-zalozyc-by-wygladac-zjawiskowo\/#primaryimage"},"datePublished":"2025-09-23T12:34:12+00:00","dateModified":"2025-09-23T12:34:14+00:00","description":"Stylizacje na Andrzejki 2025: modne sukienki, b\u0142ysk i dodatki. Zainspiruj si\u0119 naszymi propozycjami na jesienne imprezy.","breadcrumb":{"@id":"https:\/\/pakuten.pl\/blog\/stylizacje-na-andrzejki-i-jesienne-imprezy-co-zalozyc-by-wygladac-zjawiskowo\/#breadcrumb"},"inLanguage":"pl-PL","potentialAction":[{"@type":"ReadAction","target":["https:\/\/pakuten.pl\/blog\/stylizacje-na-andrzejki-i-jesienne-imprezy-co-zalozyc-by-wygladac-zjawiskowo\/"]}]},{"@type":"BreadcrumbList","@id":"https:\/\/pakuten.pl\/blog\/stylizacje-na-andrzejki-i-jesienne-imprezy-co-zalozyc-by-wygladac-zjawiskowo\/#breadcrumb","itemListElement":[{"@type":"ListItem","position":1,"name":"Strona g\u0142\u00f3wna","item":"https:\/\/pakuten.pl\/blog\/"},{"@type":"ListItem","position":2,"name":"Stylizacje na Andrzejki i jesienne imprezy \u2013 co za\u0142o\u017cy\u0107, by wygl\u0105da\u0107 zjawiskowo?"}]},{"@type":"Article","@id":"https:\/\/pakuten.pl\/blog\/stylizacje-na-andrzejki-i-jesienne-imprezy-co-zalozyc-by-wygladac-zjawiskowo\/#article","isPartOf":{"@id":"https:\/\/pakuten.pl\/blog\/stylizacje-na-andrzejki-i-jesienne-imprezy-co-zalozyc-by-wygladac-zjawiskowo\/#webpage"},"author":{"@id":"https:\/\/pakuten.pl\/blog\/#\/schema\/person\/d7133af30211381a4e4536d088384556"},"headline":"Stylizacje na Andrzejki i jesienne imprezy \u2013 co za\u0142o\u017cy\u0107, by wygl\u0105da\u0107 zjawiskowo?","datePublished":"2025-09-23T12:34:12+00:00","dateModified":"2025-09-23T12:34:14+00:00","mainEntityOfPage":{"@id":"https:\/\/pakuten.pl\/blog\/stylizacje-na-andrzejki-i-jesienne-imprezy-co-zalozyc-by-wygladac-zjawiskowo\/#webpage"},"wordCount":747,"commentCount":0,"publisher":{"@id":"https:\/\/pakuten.pl\/blog\/#organization"},"image":{"@id":"https:\/\/pakuten.pl\/blog\/stylizacje-na-andrzejki-i-jesienne-imprezy-co-zalozyc-by-wygladac-zjawiskowo\/#primaryimage"},"thumbnailUrl":"https:\/\/pakuten.pl\/blog\/wp-content\/uploads\/2025\/09\/stylizacje-na.png","articleSection":["Inspirations"],"inLanguage":"pl-PL","potentialAction":[{"@type":"CommentAction","name":"Comment","target":["https:\/\/pakuten.pl\/blog\/stylizacje-na-andrzejki-i-jesienne-imprezy-co-zalozyc-by-wygladac-zjawiskowo\/#respond"]}]},{"@type":"Person","@id":"https:\/\/pakuten.pl\/blog\/#\/schema\/person\/d7133af30211381a4e4536d088384556","name":"Pakuten Girl","image":{"@type":"ImageObject","@id":"https:\/\/pakuten.pl\/blog\/#personlogo","inLanguage":"pl-PL","url":"https:\/\/secure.gravatar.com\/avatar\/d3df41de2caf92e6cfded9430c2ff352?s=96&d=mm&r=g","contentUrl":"https:\/\/secure.gravatar.com\/avatar\/d3df41de2caf92e6cfded9430c2ff352?s=96&d=mm&r=g","caption":"Pakuten Girl"},"description":"Cze\u015b\u0107, nazywam si\u0119 Ola. Kocham Netflixa, sals\u0119, nowo\u015bci kosmetyczne i najnowsze trendy w modzie.","url":"https:\/\/pakuten.pl\/blog\/author\/pakuten-girl\/"}]}},"_links":{"self":[{"href":"https:\/\/pakuten.pl\/blog\/wp-json\/wp\/v2\/posts\/10285"}],"collection":[{"href":"https:\/\/pakuten.pl\/blog\/wp-json\/wp\/v2\/posts"}],"about":[{"href":"https:\/\/pakuten.pl\/blog\/wp-json\/wp\/v2\/types\/post"}],"author":[{"embeddable":true,"href":"https:\/\/pakuten.pl\/blog\/wp-json\/wp\/v2\/users\/3"}],"replies":[{"embeddable":true,"href":"https:\/\/pakuten.pl\/blog\/wp-json\/wp\/v2\/comments?post=10285"}],"version-history":[{"count":8,"href":"https:\/\/pakuten.pl\/blog\/wp-json\/wp\/v2\/posts\/10285\/revisions"}],"predecessor-version":[{"id":10296,"href":"https:\/\/pakuten.pl\/blog\/wp-json\/wp\/v2\/posts\/10285\/revisions\/10296"}],"wp:featuredmedia":[{"embeddable":true,"href":"https:\/\/pakuten.pl\/blog\/wp-json\/wp\/v2\/media\/10294"}],"wp:attachment":[{"href":"https:\/\/pakuten.pl\/blog\/wp-json\/wp\/v2\/media?parent=10285"}],"wp:term":[{"taxonomy":"category","embeddable":true,"href":"https:\/\/pakuten.pl\/blog\/wp-json\/wp\/v2\/categories?post=10285"},{"taxonomy":"post_tag","embeddable":true,"href":"https:\/\/pakuten.pl\/blog\/wp-json\/wp\/v2\/tags?post=10285"}],"curies":[{"name":"wp","href":"https:\/\/api.w.org\/{rel}","templated":true}]}}