{"id":10379,"date":"2025-10-24T11:58:57","date_gmt":"2025-10-24T09:58:57","guid":{"rendered":"https:\/\/pakuten.pl\/blog\/?p=10379"},"modified":"2025-10-24T11:58:58","modified_gmt":"2025-10-24T09:58:58","slug":"kardigan-na-jesien-2025-jak-nosic-go-na-rozne-okazje","status":"publish","type":"post","link":"https:\/\/pakuten.pl\/blog\/kardigan-na-jesien-2025-jak-nosic-go-na-rozne-okazje\/","title":{"rendered":"Kardigan na jesie\u0144 2025: jak nosi\u0107 go na r\u00f3\u017cne okazje?"},"content":{"rendered":"\n<p class=\"p1\"><strong>Kardigan na jesie\u0144 to absolutny must have sezonu 2025. Modny, wygodny i niezwykle uniwersalny. Gdy dni staj\u0105 si\u0119 ch\u0142odniejsze, to w\u0142a\u015bnie on ratuje ka\u017cd\u0105 stylizacj\u0119. Warto wiedzie\u0107, jak dopasowa\u0107 go do r\u00f3\u017cnych okazji, by wygl\u0105da\u0107 stylowo, a jednocze\u015bnie czu\u0107 si\u0119 swobodnie. Dzi\u0119ki kilku prostym zasadom mo\u017cesz tworzy\u0107 zestawy idealne do pracy, na spacer, czy romantyczny wiecz\u00f3r.<\/strong><\/p>\n<h2 class=\"p1\"><span style=\"color: #ff9900;\">Kardigan na jesie\u0144 do pracy \u2013 elegancja i komfort w jednym<\/span><\/h2>\n<p class=\"p1\">Stylizacja biurowa nie musi by\u0107 nudna. Wr\u0119cz przeciwnie! <span style=\"color: #000000;\">Kardigan na jesie\u0144 doskonale zast\u0119puje marynark\u0119. Mo\u017cna go zestawi\u0107 z eleg<\/span>anck\u0105 koszul\u0105 i cygaretkami, tworz\u0105c modny, ale profesjonalny look. Warto postawi\u0107 na stonowane kolory: be\u017c, szaro\u015b\u0107, granat lub czer\u0144. Te barwy \u015bwietnie wsp\u00f3\u0142graj\u0105 z klasycznymi dodatkami \u2013 zegarkiem, minimalistyczn\u0105 bi\u017cuteri\u0105 czy sk\u00f3rzan\u0105 torebk\u0105.<\/p>\n<p class=\"p1\">Dzi\u0119ki mi\u0119kkiej dzianinie, kardigan zapewnia wygod\u0119 nawet przez ca\u0142y dzie\u0144. W biurze sprawdzi si\u0119 model o prostym kroju, najlepiej zapinany na guziki. Je\u015bli zale\u017cy Ci na bardziej kobiecym efekcie, wybierz fason z paskiem podkre\u015blaj\u0105cym tali\u0119. W ten spos\u00f3b zachowasz elegancj\u0119, ale nie po\u015bwi\u0119cisz komfortu.<\/p>\n<div class=\"product-box-container\">\r\n<div class=\"one_third \" style=\"\">\r\n<div class=\"product-box\">\r\n<a href=\"https:\/\/pakuten.pl\/48129-97072-pudrowy-sweter-zapinany-na-guziki-courtenay-pudrowy.html\" target=\"_blank\">\r\n <img src=\"https:\/\/media.pakuten.pl\/275288-large_default\/pudrowy-sweter-zapinany-na-guziki-courtenay.jpg\" alt=\"Pudrowy sweter zapinany na guziki Courtenay\"\/>\r\n<\/a>\r\n<p>\r\n<a href=\"https:\/\/pakuten.pl\/48129-97072-pudrowy-sweter-zapinany-na-guziki-courtenay-pudrowy.html\" target=\"_blank\">\r\nPudrowy sweter zapinany na guziki Courtenay\r\n<\/a><\/p>\r\n  <p>Cena: 39,95\u00a0z\u0142<\/p>\r\n<a href=\"https:\/\/pakuten.pl\/48129-97072-pudrowy-sweter-zapinany-na-guziki-courtenay-pudrowy.html\" target=\"_blank\" class=\"button\">\r\nZobacz w sklepie\r\n<\/a>\r\n<\/div>\r\n<\/div>\r\n<div class=\"one_third \" style=\"\">\r\n<div class=\"product-box\">\r\n<a href=\"https:\/\/pakuten.pl\/48006-96848-bezowy-sweter-z-ozdobna-koronka-zapinany-na-guziki-chantilly-bezowy.html\" target=\"_blank\">\r\n  <img src=\"https:\/\/media.pakuten.pl\/274597-large_default\/bezowy-sweter-z-ozdobna-koronka-zapinany-na-guziki-chantilly.jpg\" alt=\"Be\u017cowy sweter z ozdobn\u0105 koronk\u0105 zapinany na guziki Chantilly\"\/>\r\n<\/a>\r\n<p>\r\n<a href=\"https:\/\/pakuten.pl\/48006-96848-bezowy-sweter-z-ozdobna-koronka-zapinany-na-guziki-chantilly-bezowy.html\" target=\"_blank\">\r\nBe\u017cowy sweter z ozdobn\u0105 koronk\u0105 zapinany na guziki Chantilly\r\n<\/a><\/p>\r\n  <p>Cena: 49,82\u00a0z\u0142<\/p>\r\n<a href=\"https:\/\/pakuten.pl\/48006-96848-bezowy-sweter-z-ozdobna-koronka-zapinany-na-guziki-chantilly-bezowy.html\" target=\"_blank\" class=\"button\">\r\nZobacz w sklepie\r\n<\/a>\r\n<\/div>\r\n<\/div>\r\n<div class=\"one_third last \" style=\"\">\r\n<div class=\"product-box\">\r\n<a href=\"https:\/\/pakuten.pl\/47742-96378-kardigan-joscelyne-mocha-mousse-mocha-mousse.html\" target=\"_blank\">\r\n  <img src=\"https:\/\/media.pakuten.pl\/273134-large_default\/kardigan-joscelyne-mocha-mousse.jpg\" alt=\"Kardigan Joscelyne - mocha mousse\"\/>\r\n<\/a>\r\n<p>\r\n<a href=\"https:\/\/pakuten.pl\/47742-96378-kardigan-joscelyne-mocha-mousse-mocha-mousse.html\" target=\"_blank\">\r\nKardigan Joscelyne - mocha mousse\r\n<\/a><\/p>\r\n  <p>Cena: 39,26\u00a0z\u0142<\/p>\r\n<a href=\"https:\/\/pakuten.pl\/47742-96378-kardigan-joscelyne-mocha-mousse-mocha-mousse.html\" target=\"_blank\" class=\"button\">\r\nZobacz w sklepie\r\n<\/a>\r\n<\/div>\r\n<\/div><br class=\"clear\"\/>\r\n<\/div>\n<h2 class=\"p1\"><span style=\"color: #ff9900;\">Kardigan na jesie\u0144 w wersji casual \u2013 na co dzie\u0144 i w podr\u00f3\u017cy<\/span><\/h2>\n<p class=\"p1\">Casualowe stylizacje to idealne t\u0142o dla modnych kardigan\u00f3w. Wystarczy po\u0142\u0105czy\u0107 je z jeansami i basicowym topem, by wygl\u0105da\u0107 lekko i nowocze\u015bnie. Tutaj sprawdz\u0105 si\u0119 oversize\u2019owe fasony, kt\u00f3re dodaj\u0105 stylizacji luzu. Je\u015bli lubisz eksperymentowa\u0107, wybierz <span style=\"color: #ff9900;\"><a style=\"color: #ff9900;\" href=\"https:\/\/pakuten.pl\/159-swetry-rozpinane\" target=\"_blank\" rel=\"noopener\">kardigan<\/a> <\/span>w intensywnym kolorze \u2013 np. butelkowej zieleni, karmelu lub musztardy.<\/p>\n<p><img loading=\"lazy\" class=\"aligncenter size-large wp-image-10381\" src=\"https:\/\/pakuten.pl\/blog\/wp-content\/uploads\/2025\/10\/Kardigan-na-jesien\u0301-2025-jak-nosic\u0301-go-na-ro\u0301z\u0307ne-okazje-1024x682.jpg\" alt=\"kardigan na jesie\u0144\" width=\"1024\" height=\"682\" \/><\/p>\n<p class=\"p1\">Warto pami\u0119ta\u0107, \u017ce <b>kardigan na jesie\u0144<\/b> \u015bwietnie wsp\u00f3\u0142gra z warstwowym stylem. Mo\u017cesz go zarzuci\u0107 na koszul\u0119 i doda\u0107 szalik lub kapelusz, by ca\u0142o\u015b\u0107 nabra\u0142a charakteru. Taki look sprawdzi si\u0119 zar\u00f3wno w mie\u015bcie, jak i podczas jesiennego weekendu za miastem. Co wi\u0119cej, kardigan \u0142atwo zwin\u0105\u0107 i spakowa\u0107 do torby, wi\u0119c to idealny wyb\u00f3r w podr\u00f3\u017c.<\/p>\n<h2 class=\"p1\"><span style=\"color: #ff9900;\">Wieczorowe stylizacje z kardiganem \u2013 ciep\u0142o i szyk<\/span><\/h2>\n<p class=\"p1\">Jesienne wieczory bywaj\u0105 ch\u0142odne, dlatego warto zadba\u0107 o warstw\u0119, kt\u00f3ra doda stylizacji elegancji, ale te\u017c ogrzeje. D\u0142ugi kardigan z mi\u0119kkiej prz\u0119dzy doskonale wygl\u0105da w po\u0142\u0105czeniu z satynow\u0105 sukienk\u0105. Dodaj do tego delikatne szpilki i minimalistyczn\u0105 bi\u017cuteri\u0119 \u2013 efekt gwarantowany!<\/p>\n<p class=\"p1\">Je\u015bli zale\u017cy Ci na nowoczesnym wygl\u0105dzie, wybierz model z po\u0142yskuj\u0105c\u0105 nitk\u0105 lub subtelnym wzorem. Taki kardigan stanie si\u0119 centralnym punktem stylizacji. To idealny spos\u00f3b, by czu\u0107 si\u0119 elegancko, ale bez sztywno\u015bci typowej dla \u017cakiet\u00f3w.<\/p>\n<p>\u00a0<\/p>\n<blockquote class=\"instagram-media\" style=\"background: #FFF; border: 0; border-radius: 3px; box-shadow: 0 0 1px 0 rgba(0,0,0,0.5),0 1px 10px 0 rgba(0,0,0,0.15); margin: 1px; max-width: 540px; min-width: 326px; padding: 0; width: calc(100% - 2px);\" data-instgrm-permalink=\"https:\/\/www.instagram.com\/reel\/DPtymlhCNdE\/?utm_source=ig_embed&amp;utm_campaign=loading\" data-instgrm-version=\"14\">\n<div style=\"padding: 16px;\">\n<div style=\"display: flex; flex-direction: row; align-items: center;\">\n<div style=\"background-color: #f4f4f4; border-radius: 50%; flex-grow: 0; height: 40px; margin-right: 14px; width: 40px;\">\u00a0<\/div>\n<div style=\"display: flex; flex-direction: column; flex-grow: 1; justify-content: center;\">\n<div style=\"background-color: #f4f4f4; border-radius: 4px; flex-grow: 0; height: 14px; margin-bottom: 6px; width: 100px;\">\u00a0<\/div>\n<div style=\"background-color: #f4f4f4; border-radius: 4px; flex-grow: 0; height: 14px; width: 60px;\">\u00a0<\/div>\n<\/div>\n<\/div>\n<div style=\"padding: 19% 0;\">\u00a0<\/div>\n<div style=\"display: block; height: 50px; margin: 0 auto 12px; width: 50px;\">\u00a0<\/div>\n<div style=\"padding-top: 8px;\">\n<div style=\"color: #3897f0; font-family: Arial,sans-serif; font-size: 14px; font-style: normal; font-weight: 550; line-height: 18px;\">Wy\u015bwietl ten post na Instagramie<\/div>\n<\/div>\n<div style=\"padding: 12.5% 0;\">\u00a0<\/div>\n<div style=\"display: flex; flex-direction: row; margin-bottom: 14px; align-items: center;\">\n<div>\n<div style=\"background-color: #f4f4f4; border-radius: 50%; height: 12.5px; width: 12.5px; transform: translateX(0px) translateY(7px);\">\u00a0<\/div>\n<div style=\"background-color: #f4f4f4; height: 12.5px; transform: rotate(-45deg) translateX(3px) translateY(1px); width: 12.5px; flex-grow: 0; margin-right: 14px; margin-left: 2px;\">\u00a0<\/div>\n<div style=\"background-color: #f4f4f4; border-radius: 50%; height: 12.5px; width: 12.5px; transform: translateX(9px) translateY(-18px);\">\u00a0<\/div>\n<\/div>\n<div style=\"margin-left: 8px;\">\n<div style=\"background-color: #f4f4f4; border-radius: 50%; flex-grow: 0; height: 20px; width: 20px;\">\u00a0<\/div>\n<div style=\"width: 0; height: 0; border-top: 2px solid transparent; border-left: 6px solid #f4f4f4; border-bottom: 2px solid transparent; transform: translateX(16px) translateY(-4px) rotate(30deg);\">\u00a0<\/div>\n<\/div>\n<div style=\"margin-left: auto;\">\n<div style=\"width: 0px; border-top: 8px solid #F4F4F4; border-right: 8px solid transparent; transform: translateY(16px);\">\u00a0<\/div>\n<div style=\"background-color: #f4f4f4; flex-grow: 0; height: 12px; width: 16px; transform: translateY(-4px);\">\u00a0<\/div>\n<div style=\"width: 0; height: 0; border-top: 8px solid #F4F4F4; border-left: 8px solid transparent; transform: translateY(-4px) translateX(8px);\">\u00a0<\/div>\n<\/div>\n<\/div>\n<div style=\"display: flex; flex-direction: column; flex-grow: 1; justify-content: center; margin-bottom: 24px;\">\n<div style=\"background-color: #f4f4f4; border-radius: 4px; flex-grow: 0; height: 14px; margin-bottom: 6px; width: 224px;\">\u00a0<\/div>\n<div style=\"background-color: #f4f4f4; border-radius: 4px; flex-grow: 0; height: 14px; width: 144px;\">\u00a0<\/div>\n<\/div>\n<p style=\"color: #c9c8cd; font-family: Arial,sans-serif; font-size: 14px; line-height: 17px; margin-bottom: 0; margin-top: 8px; overflow: hidden; padding: 8px 0 7px; text-align: center; text-overflow: ellipsis; white-space: nowrap;\"><a style=\"color: #c9c8cd; font-family: Arial,sans-serif; font-size: 14px; font-style: normal; font-weight: normal; line-height: 17px; text-decoration: none;\" href=\"https:\/\/www.instagram.com\/reel\/DPtymlhCNdE\/?utm_source=ig_embed&amp;utm_campaign=loading\" target=\"_blank\" rel=\"noopener\">Post udost\u0119pniony przez Natalia \ud83c\udf38 (@szalona_99)<\/a><\/p>\n<\/div>\n<\/blockquote>\n<p><script async src=\"\/\/www.instagram.com\/embed.js\"><\/script><\/p>\n<h2 class=\"p1\"><span style=\"color: #ff9900;\">Jak dba\u0107 o kardigan, by s\u0142u\u017cy\u0142 ca\u0142\u0105 jesie\u0144<\/span><\/h2>\n<p class=\"p1\">Aby Tw\u00f3j ulubiony kardigan zachowa\u0142 form\u0119, pierz go zgodnie z zaleceniami producenta. Najlepiej w niskiej temperaturze, z dodatkiem delikatnego detergentu. Po praniu susz go na p\u0142asko \u2013 dzi\u0119ki temu unikniesz rozci\u0105gni\u0119cia materia\u0142u. Je\u015bli przechowujesz kardigan na wieszaku, u\u017cyj mi\u0119kkich ramionek, by nie odkszta\u0142ci\u0107 dzianiny.<\/p>\n<p class=\"p1\">Regularne od\u015bwie\u017canie ubra\u0144 par\u0105 pomo\u017ce zachowa\u0107 ich mi\u0119kko\u015b\u0107 i \u015bwie\u017cy wygl\u0105d. Dzi\u0119ki odpowiedniej piel\u0119gnacji Tw\u00f3j <b>kardigan na jesie\u0144<\/b> pos\u0142u\u017cy przez wiele sezon\u00f3w, nie trac\u0105c fasonu ani koloru.<\/p>\n<div class=\"product-box-container\">\r\n<div class=\"one_third \" style=\"\">\r\n<div class=\"product-box\">\r\n<a href=\"https:\/\/pakuten.pl\/48128-97070-swetrowa-sukienka-z-guzikami-fenneke-mocha-mousse-mocha-mousse.html\" target=\"_blank\">\r\n <img src=\"https:\/\/media.pakuten.pl\/275282-large_default\/swetrowa-sukienka-z-guzikami-fenneke-mocha-mousse.jpg\" alt=\"Swetrowa sukienka z guzikami Fenneke - mocha mousse\"\/>\r\n<\/a>\r\n<p>\r\n<a href=\"https:\/\/pakuten.pl\/48128-97070-swetrowa-sukienka-z-guzikami-fenneke-mocha-mousse-mocha-mousse.html\" target=\"_blank\">\r\nSwetrowa sukienka z guzikami Fenneke - mocha mousse\r\n<\/a><\/p>\r\n  <p>Cena: 105,99\u00a0z\u0142<\/p>\r\n<a href=\"https:\/\/pakuten.pl\/48128-97070-swetrowa-sukienka-z-guzikami-fenneke-mocha-mousse-mocha-mousse.html\" target=\"_blank\" class=\"button\">\r\nZobacz w sklepie\r\n<\/a>\r\n<\/div>\r\n<\/div>\r\n<div class=\"one_third \" style=\"\">\r\n<div class=\"product-box\">\r\n<a href=\"https:\/\/pakuten.pl\/48116-97039-sweter-w-serduszka-neffe-mocha-mousse-mocha-mousse.html\" target=\"_blank\">\r\n  <img src=\"https:\/\/media.pakuten.pl\/275224-large_default\/sweter-w-serduszka-neffe-mocha-mousse.jpg\" alt=\"Sweter w serduszka Neffe - mocha mousse\"\/>\r\n<\/a>\r\n<p>\r\n<a href=\"https:\/\/pakuten.pl\/48116-97039-sweter-w-serduszka-neffe-mocha-mousse-mocha-mousse.html\" target=\"_blank\">\r\nSweter w serduszka Neffe - mocha mousse\r\n<\/a><\/p>\r\n  <p>Cena: 77,99\u00a0z\u0142<\/p>\r\n<a href=\"https:\/\/pakuten.pl\/48116-97039-sweter-w-serduszka-neffe-mocha-mousse-mocha-mousse.html\" target=\"_blank\" class=\"button\">\r\nZobacz w sklepie\r\n<\/a>\r\n<\/div>\r\n<\/div>\r\n<div class=\"one_third last \" style=\"\">\r\n<div class=\"product-box\">\r\n<a href=\"https:\/\/pakuten.pl\/48110-97037-bezowy-sweter-oversize-z-golfem-marjolein-bezowy.html\" target=\"_blank\">\r\n  <img src=\"https:\/\/media.pakuten.pl\/275191-large_default\/bezowy-sweter-oversize-z-golfem-marjolein.jpg\" alt=\"Be\u017cowy sweter oversize z golfem Marjolein\"\/>\r\n<\/a>\r\n<p>\r\n<a href=\"https:\/\/pakuten.pl\/48110-97037-bezowy-sweter-oversize-z-golfem-marjolein-bezowy.html\" target=\"_blank\">\r\nBe\u017cowy sweter oversize z golfem Marjolein\r\n<\/a><\/p>\r\n  <p>Cena: 59,99\u00a0z\u0142<\/p>\r\n<a href=\"https:\/\/pakuten.pl\/48110-97037-bezowy-sweter-oversize-z-golfem-marjolein-bezowy.html\" target=\"_blank\" class=\"button\">\r\nZobacz w sklepie\r\n<\/a>\r\n<\/div>\r\n<\/div><br class=\"clear\"\/>\r\n<\/div>\n<p>\u00a0<\/p>\n<p class=\"p1\">Kardigan to nie tylko praktyczny element garderoby, ale i spos\u00f3b na wyra\u017cenie siebie. Mo\u017cna go stylizowa\u0107 na dziesi\u0105tki sposob\u00f3w, \u0142\u0105cz\u0105c z r\u00f3\u017cnymi tkaninami, kolorami i dodatkami. Jest lekki, ciep\u0142y i niezwykle uniwersalny. Idealny zar\u00f3wno do pracy, jak i na lu\u017ane spotkania.<\/p>\n<p class=\"p1\">Jesie\u0144 2025 to czas, w kt\u00f3rym wygoda i styl id\u0105 w parze. Dlatego kardigan staje si\u0119 niezb\u0119dnym elementem ka\u017cdej szafy. Niezale\u017cnie od tego, czy wybierzesz model d\u0142ugi, kr\u00f3tki, czy oversize \u2013 jedno jest pewne: <b>kardigan na jesie\u0144<\/b> nigdy nie wychodzi z mody.<\/p>\n\n\n<div class=\"kk-star-ratings kksr-auto kksr-align-right kksr-valign-bottom\"\n    data-payload='{&quot;align&quot;:&quot;right&quot;,&quot;id&quot;:&quot;10379&quot;,&quot;slug&quot;:&quot;default&quot;,&quot;valign&quot;:&quot;bottom&quot;,&quot;ignore&quot;:&quot;&quot;,&quot;reference&quot;:&quot;auto&quot;,&quot;class&quot;:&quot;&quot;,&quot;count&quot;:&quot;0&quot;,&quot;legendonly&quot;:&quot;&quot;,&quot;readonly&quot;:&quot;&quot;,&quot;score&quot;:&quot;0&quot;,&quot;starsonly&quot;:&quot;&quot;,&quot;best&quot;:&quot;5&quot;,&quot;gap&quot;:&quot;5&quot;,&quot;greet&quot;:&quot;Rate this post&quot;,&quot;legend&quot;:&quot;0\\\/5 - (0 votes)&quot;,&quot;size&quot;:&quot;24&quot;,&quot;width&quot;:&quot;0&quot;,&quot;_legend&quot;:&quot;{score}\\\/{best} - ({count} {votes})&quot;,&quot;font_factor&quot;:&quot;1.25&quot;}'>\n            \n<div class=\"kksr-stars\">\n    \n<div class=\"kksr-stars-inactive\">\n            <div class=\"kksr-star\" data-star=\"1\" style=\"padding-right: 5px\">\n            \n\n<div class=\"kksr-icon\" style=\"width: 24px; height: 24px;\"><\/div>\n        <\/div>\n            <div class=\"kksr-star\" data-star=\"2\" style=\"padding-right: 5px\">\n            \n\n<div class=\"kksr-icon\" style=\"width: 24px; height: 24px;\"><\/div>\n        <\/div>\n            <div class=\"kksr-star\" data-star=\"3\" style=\"padding-right: 5px\">\n            \n\n<div class=\"kksr-icon\" style=\"width: 24px; height: 24px;\"><\/div>\n        <\/div>\n            <div class=\"kksr-star\" data-star=\"4\" style=\"padding-right: 5px\">\n            \n\n<div class=\"kksr-icon\" style=\"width: 24px; height: 24px;\"><\/div>\n        <\/div>\n            <div class=\"kksr-star\" data-star=\"5\" style=\"padding-right: 5px\">\n            \n\n<div class=\"kksr-icon\" style=\"width: 24px; height: 24px;\"><\/div>\n        <\/div>\n    <\/div>\n    \n<div class=\"kksr-stars-active\" style=\"width: 0px;\">\n            <div class=\"kksr-star\" style=\"padding-right: 5px\">\n            \n\n<div class=\"kksr-icon\" style=\"width: 24px; height: 24px;\"><\/div>\n        <\/div>\n            <div class=\"kksr-star\" style=\"padding-right: 5px\">\n            \n\n<div class=\"kksr-icon\" style=\"width: 24px; height: 24px;\"><\/div>\n        <\/div>\n            <div class=\"kksr-star\" style=\"padding-right: 5px\">\n            \n\n<div class=\"kksr-icon\" style=\"width: 24px; height: 24px;\"><\/div>\n        <\/div>\n            <div class=\"kksr-star\" style=\"padding-right: 5px\">\n            \n\n<div class=\"kksr-icon\" style=\"width: 24px; height: 24px;\"><\/div>\n        <\/div>\n            <div class=\"kksr-star\" style=\"padding-right: 5px\">\n            \n\n<div class=\"kksr-icon\" style=\"width: 24px; height: 24px;\"><\/div>\n        <\/div>\n    <\/div>\n<\/div>\n                \n\n<div class=\"kksr-legend\" style=\"font-size: 19.2px;\">\n            <span class=\"kksr-muted\">Rate this post<\/span>\n    <\/div>\n    <\/div>\n","protected":false},"excerpt":{"rendered":"<p>Kardigan na jesie\u0144 to absolutny must have sezonu 2025. Modny, wygodny i niezwykle uniwersalny. Gdy dni staj\u0105 si\u0119 ch\u0142odniejsze, to w\u0142a\u015bnie on ratuje ka\u017cd\u0105 stylizacj\u0119. Warto wiedzie\u0107, jak dopasowa\u0107 go do r\u00f3\u017cnych okazji, by wygl\u0105da\u0107 stylowo, a jednocze\u015bnie czu\u0107 si\u0119 swobodnie. Dzi\u0119ki kilku prostym zasadom mo\u017cesz tworzy\u0107 zestawy idealne do pracy, na spacer, czy romantyczny wiecz\u00f3r.<\/p>\n","protected":false},"author":3,"featured_media":10384,"comment_status":"open","ping_status":"open","sticky":false,"template":"","format":"standard","meta":[],"categories":[3],"tags":[140,139,141],"yoast_head":"<!-- This site is optimized with the Yoast SEO plugin v18.4.1 - https:\/\/yoast.com\/wordpress\/plugins\/seo\/ -->\n<title>Kardigan na jesie\u0144 2025: jak nosi\u0107 go na r\u00f3\u017cne okazje? - Pakuten blog<\/title>\n<meta name=\"description\" content=\"Kardigan na jesie\u0144 2025 \u2013 zobacz, jak nosi\u0107 go na r\u00f3\u017cne okazje. Stylowe, wygodne i modne propozycje na ka\u017cdy dzie\u0144.\" \/>\n<meta name=\"robots\" content=\"index, follow, max-snippet:-1, max-image-preview:large, max-video-preview:-1\" \/>\n<link rel=\"canonical\" href=\"https:\/\/pakuten.pl\/blog\/kardigan-na-jesien-2025-jak-nosic-go-na-rozne-okazje\/\" \/>\n<meta property=\"og:locale\" content=\"pl_PL\" \/>\n<meta property=\"og:type\" content=\"article\" \/>\n<meta property=\"og:title\" content=\"Kardigan na jesie\u0144 2025: jak nosi\u0107 go na r\u00f3\u017cne okazje? - Pakuten blog\" \/>\n<meta property=\"og:description\" content=\"Kardigan na jesie\u0144 2025 \u2013 zobacz, jak nosi\u0107 go na r\u00f3\u017cne okazje. Stylowe, wygodne i modne propozycje na ka\u017cdy dzie\u0144.\" \/>\n<meta property=\"og:url\" content=\"https:\/\/pakuten.pl\/blog\/kardigan-na-jesien-2025-jak-nosic-go-na-rozne-okazje\/\" \/>\n<meta property=\"og:site_name\" content=\"Pakuten blog\" \/>\n<meta property=\"article:published_time\" content=\"2025-10-24T09:58:57+00:00\" \/>\n<meta property=\"article:modified_time\" content=\"2025-10-24T09:58:58+00:00\" \/>\n<meta property=\"og:image\" content=\"https:\/\/pakuten.pl\/blog\/wp-content\/uploads\/2025\/10\/Kardigan-na-jesien\u0301-2025-jak-nosic\u0301-go-na-ro\u0301z\u0307ne-okazje.png\" \/>\n\t<meta property=\"og:image:width\" content=\"1280\" \/>\n\t<meta property=\"og:image:height\" content=\"853\" \/>\n\t<meta property=\"og:image:type\" content=\"image\/png\" \/>\n<meta name=\"twitter:card\" content=\"summary_large_image\" \/>\n<meta name=\"twitter:label1\" content=\"Napisane przez\" \/>\n\t<meta name=\"twitter:data1\" content=\"Pakuten Girl\" \/>\n\t<meta name=\"twitter:label2\" content=\"Szacowany czas czytania\" \/>\n\t<meta name=\"twitter:data2\" content=\"4 minuty\" \/>\n<script type=\"application\/ld+json\" class=\"yoast-schema-graph\">{\"@context\":\"https:\/\/schema.org\",\"@graph\":[{\"@type\":\"Organization\",\"@id\":\"https:\/\/pakuten.pl\/blog\/#organization\",\"name\":\"Pakuten\",\"url\":\"https:\/\/pakuten.pl\/blog\/\",\"sameAs\":[],\"logo\":{\"@type\":\"ImageObject\",\"@id\":\"https:\/\/pakuten.pl\/blog\/#logo\",\"inLanguage\":\"pl-PL\",\"url\":\"http:\/\/pakuten.pl\/blog\/wp-content\/uploads\/2018\/01\/pakuten_logo.png\",\"contentUrl\":\"http:\/\/pakuten.pl\/blog\/wp-content\/uploads\/2018\/01\/pakuten_logo.png\",\"width\":300,\"height\":120,\"caption\":\"Pakuten\"},\"image\":{\"@id\":\"https:\/\/pakuten.pl\/blog\/#logo\"}},{\"@type\":\"WebSite\",\"@id\":\"https:\/\/pakuten.pl\/blog\/#website\",\"url\":\"https:\/\/pakuten.pl\/blog\/\",\"name\":\"Pakuten blog\",\"description\":\"Blog sklepu internetowego pakuten.pl\",\"publisher\":{\"@id\":\"https:\/\/pakuten.pl\/blog\/#organization\"},\"potentialAction\":[{\"@type\":\"SearchAction\",\"target\":{\"@type\":\"EntryPoint\",\"urlTemplate\":\"https:\/\/pakuten.pl\/blog\/?s={search_term_string}\"},\"query-input\":\"required name=search_term_string\"}],\"inLanguage\":\"pl-PL\"},{\"@type\":\"ImageObject\",\"@id\":\"https:\/\/pakuten.pl\/blog\/kardigan-na-jesien-2025-jak-nosic-go-na-rozne-okazje\/#primaryimage\",\"inLanguage\":\"pl-PL\",\"url\":\"https:\/\/pakuten.pl\/blog\/wp-content\/uploads\/2025\/10\/Kardigan-na-jesien\u0301-2025-jak-nosic\u0301-go-na-ro\u0301z\u0307ne-okazje.png\",\"contentUrl\":\"https:\/\/pakuten.pl\/blog\/wp-content\/uploads\/2025\/10\/Kardigan-na-jesien\u0301-2025-jak-nosic\u0301-go-na-ro\u0301z\u0307ne-okazje.png\",\"width\":1280,\"height\":853},{\"@type\":\"WebPage\",\"@id\":\"https:\/\/pakuten.pl\/blog\/kardigan-na-jesien-2025-jak-nosic-go-na-rozne-okazje\/#webpage\",\"url\":\"https:\/\/pakuten.pl\/blog\/kardigan-na-jesien-2025-jak-nosic-go-na-rozne-okazje\/\",\"name\":\"Kardigan na jesie\u0144 2025: jak nosi\u0107 go na r\u00f3\u017cne okazje? - Pakuten blog\",\"isPartOf\":{\"@id\":\"https:\/\/pakuten.pl\/blog\/#website\"},\"primaryImageOfPage\":{\"@id\":\"https:\/\/pakuten.pl\/blog\/kardigan-na-jesien-2025-jak-nosic-go-na-rozne-okazje\/#primaryimage\"},\"datePublished\":\"2025-10-24T09:58:57+00:00\",\"dateModified\":\"2025-10-24T09:58:58+00:00\",\"description\":\"Kardigan na jesie\u0144 2025 \u2013 zobacz, jak nosi\u0107 go na r\u00f3\u017cne okazje. Stylowe, wygodne i modne propozycje na ka\u017cdy dzie\u0144.\",\"breadcrumb\":{\"@id\":\"https:\/\/pakuten.pl\/blog\/kardigan-na-jesien-2025-jak-nosic-go-na-rozne-okazje\/#breadcrumb\"},\"inLanguage\":\"pl-PL\",\"potentialAction\":[{\"@type\":\"ReadAction\",\"target\":[\"https:\/\/pakuten.pl\/blog\/kardigan-na-jesien-2025-jak-nosic-go-na-rozne-okazje\/\"]}]},{\"@type\":\"BreadcrumbList\",\"@id\":\"https:\/\/pakuten.pl\/blog\/kardigan-na-jesien-2025-jak-nosic-go-na-rozne-okazje\/#breadcrumb\",\"itemListElement\":[{\"@type\":\"ListItem\",\"position\":1,\"name\":\"Strona g\u0142\u00f3wna\",\"item\":\"https:\/\/pakuten.pl\/blog\/\"},{\"@type\":\"ListItem\",\"position\":2,\"name\":\"Kardigan na jesie\u0144 2025: jak nosi\u0107 go na r\u00f3\u017cne okazje?\"}]},{\"@type\":\"Article\",\"@id\":\"https:\/\/pakuten.pl\/blog\/kardigan-na-jesien-2025-jak-nosic-go-na-rozne-okazje\/#article\",\"isPartOf\":{\"@id\":\"https:\/\/pakuten.pl\/blog\/kardigan-na-jesien-2025-jak-nosic-go-na-rozne-okazje\/#webpage\"},\"author\":{\"@id\":\"https:\/\/pakuten.pl\/blog\/#\/schema\/person\/d7133af30211381a4e4536d088384556\"},\"headline\":\"Kardigan na jesie\u0144 2025: jak nosi\u0107 go na r\u00f3\u017cne okazje?\",\"datePublished\":\"2025-10-24T09:58:57+00:00\",\"dateModified\":\"2025-10-24T09:58:58+00:00\",\"mainEntityOfPage\":{\"@id\":\"https:\/\/pakuten.pl\/blog\/kardigan-na-jesien-2025-jak-nosic-go-na-rozne-okazje\/#webpage\"},\"wordCount\":655,\"commentCount\":0,\"publisher\":{\"@id\":\"https:\/\/pakuten.pl\/blog\/#organization\"},\"image\":{\"@id\":\"https:\/\/pakuten.pl\/blog\/kardigan-na-jesien-2025-jak-nosic-go-na-rozne-okazje\/#primaryimage\"},\"thumbnailUrl\":\"https:\/\/pakuten.pl\/blog\/wp-content\/uploads\/2025\/10\/Kardigan-na-jesien\u0301-2025-jak-nosic\u0301-go-na-ro\u0301z\u0307ne-okazje.png\",\"keywords\":[\"kardigan na jesie\u0144 2025\",\"kardigany na jesie\u0144\",\"swetry\"],\"articleSection\":[\"Top Trends\"],\"inLanguage\":\"pl-PL\",\"potentialAction\":[{\"@type\":\"CommentAction\",\"name\":\"Comment\",\"target\":[\"https:\/\/pakuten.pl\/blog\/kardigan-na-jesien-2025-jak-nosic-go-na-rozne-okazje\/#respond\"]}]},{\"@type\":\"Person\",\"@id\":\"https:\/\/pakuten.pl\/blog\/#\/schema\/person\/d7133af30211381a4e4536d088384556\",\"name\":\"Pakuten Girl\",\"image\":{\"@type\":\"ImageObject\",\"@id\":\"https:\/\/pakuten.pl\/blog\/#personlogo\",\"inLanguage\":\"pl-PL\",\"url\":\"https:\/\/secure.gravatar.com\/avatar\/d3df41de2caf92e6cfded9430c2ff352?s=96&d=mm&r=g\",\"contentUrl\":\"https:\/\/secure.gravatar.com\/avatar\/d3df41de2caf92e6cfded9430c2ff352?s=96&d=mm&r=g\",\"caption\":\"Pakuten Girl\"},\"description\":\"Cze\u015b\u0107, nazywam si\u0119 Ola. Kocham Netflixa, sals\u0119, nowo\u015bci kosmetyczne i najnowsze trendy w modzie.\",\"url\":\"https:\/\/pakuten.pl\/blog\/author\/pakuten-girl\/\"}]}<\/script>\n<!-- \/ Yoast SEO plugin. -->","yoast_head_json":{"title":"Kardigan na jesie\u0144 2025: jak nosi\u0107 go na r\u00f3\u017cne okazje? - Pakuten blog","description":"Kardigan na jesie\u0144 2025 \u2013 zobacz, jak nosi\u0107 go na r\u00f3\u017cne okazje. Stylowe, wygodne i modne propozycje na ka\u017cdy dzie\u0144.","robots":{"index":"index","follow":"follow","max-snippet":"max-snippet:-1","max-image-preview":"max-image-preview:large","max-video-preview":"max-video-preview:-1"},"canonical":"https:\/\/pakuten.pl\/blog\/kardigan-na-jesien-2025-jak-nosic-go-na-rozne-okazje\/","og_locale":"pl_PL","og_type":"article","og_title":"Kardigan na jesie\u0144 2025: jak nosi\u0107 go na r\u00f3\u017cne okazje? - Pakuten blog","og_description":"Kardigan na jesie\u0144 2025 \u2013 zobacz, jak nosi\u0107 go na r\u00f3\u017cne okazje. Stylowe, wygodne i modne propozycje na ka\u017cdy dzie\u0144.","og_url":"https:\/\/pakuten.pl\/blog\/kardigan-na-jesien-2025-jak-nosic-go-na-rozne-okazje\/","og_site_name":"Pakuten blog","article_published_time":"2025-10-24T09:58:57+00:00","article_modified_time":"2025-10-24T09:58:58+00:00","og_image":[{"width":1280,"height":853,"url":"https:\/\/pakuten.pl\/blog\/wp-content\/uploads\/2025\/10\/Kardigan-na-jesien\u0301-2025-jak-nosic\u0301-go-na-ro\u0301z\u0307ne-okazje.png","type":"image\/png"}],"twitter_card":"summary_large_image","twitter_misc":{"Napisane przez":"Pakuten Girl","Szacowany czas czytania":"4 minuty"},"schema":{"@context":"https:\/\/schema.org","@graph":[{"@type":"Organization","@id":"https:\/\/pakuten.pl\/blog\/#organization","name":"Pakuten","url":"https:\/\/pakuten.pl\/blog\/","sameAs":[],"logo":{"@type":"ImageObject","@id":"https:\/\/pakuten.pl\/blog\/#logo","inLanguage":"pl-PL","url":"http:\/\/pakuten.pl\/blog\/wp-content\/uploads\/2018\/01\/pakuten_logo.png","contentUrl":"http:\/\/pakuten.pl\/blog\/wp-content\/uploads\/2018\/01\/pakuten_logo.png","width":300,"height":120,"caption":"Pakuten"},"image":{"@id":"https:\/\/pakuten.pl\/blog\/#logo"}},{"@type":"WebSite","@id":"https:\/\/pakuten.pl\/blog\/#website","url":"https:\/\/pakuten.pl\/blog\/","name":"Pakuten blog","description":"Blog sklepu internetowego pakuten.pl","publisher":{"@id":"https:\/\/pakuten.pl\/blog\/#organization"},"potentialAction":[{"@type":"SearchAction","target":{"@type":"EntryPoint","urlTemplate":"https:\/\/pakuten.pl\/blog\/?s={search_term_string}"},"query-input":"required name=search_term_string"}],"inLanguage":"pl-PL"},{"@type":"ImageObject","@id":"https:\/\/pakuten.pl\/blog\/kardigan-na-jesien-2025-jak-nosic-go-na-rozne-okazje\/#primaryimage","inLanguage":"pl-PL","url":"https:\/\/pakuten.pl\/blog\/wp-content\/uploads\/2025\/10\/Kardigan-na-jesien\u0301-2025-jak-nosic\u0301-go-na-ro\u0301z\u0307ne-okazje.png","contentUrl":"https:\/\/pakuten.pl\/blog\/wp-content\/uploads\/2025\/10\/Kardigan-na-jesien\u0301-2025-jak-nosic\u0301-go-na-ro\u0301z\u0307ne-okazje.png","width":1280,"height":853},{"@type":"WebPage","@id":"https:\/\/pakuten.pl\/blog\/kardigan-na-jesien-2025-jak-nosic-go-na-rozne-okazje\/#webpage","url":"https:\/\/pakuten.pl\/blog\/kardigan-na-jesien-2025-jak-nosic-go-na-rozne-okazje\/","name":"Kardigan na jesie\u0144 2025: jak nosi\u0107 go na r\u00f3\u017cne okazje? - Pakuten blog","isPartOf":{"@id":"https:\/\/pakuten.pl\/blog\/#website"},"primaryImageOfPage":{"@id":"https:\/\/pakuten.pl\/blog\/kardigan-na-jesien-2025-jak-nosic-go-na-rozne-okazje\/#primaryimage"},"datePublished":"2025-10-24T09:58:57+00:00","dateModified":"2025-10-24T09:58:58+00:00","description":"Kardigan na jesie\u0144 2025 \u2013 zobacz, jak nosi\u0107 go na r\u00f3\u017cne okazje. Stylowe, wygodne i modne propozycje na ka\u017cdy dzie\u0144.","breadcrumb":{"@id":"https:\/\/pakuten.pl\/blog\/kardigan-na-jesien-2025-jak-nosic-go-na-rozne-okazje\/#breadcrumb"},"inLanguage":"pl-PL","potentialAction":[{"@type":"ReadAction","target":["https:\/\/pakuten.pl\/blog\/kardigan-na-jesien-2025-jak-nosic-go-na-rozne-okazje\/"]}]},{"@type":"BreadcrumbList","@id":"https:\/\/pakuten.pl\/blog\/kardigan-na-jesien-2025-jak-nosic-go-na-rozne-okazje\/#breadcrumb","itemListElement":[{"@type":"ListItem","position":1,"name":"Strona g\u0142\u00f3wna","item":"https:\/\/pakuten.pl\/blog\/"},{"@type":"ListItem","position":2,"name":"Kardigan na jesie\u0144 2025: jak nosi\u0107 go na r\u00f3\u017cne okazje?"}]},{"@type":"Article","@id":"https:\/\/pakuten.pl\/blog\/kardigan-na-jesien-2025-jak-nosic-go-na-rozne-okazje\/#article","isPartOf":{"@id":"https:\/\/pakuten.pl\/blog\/kardigan-na-jesien-2025-jak-nosic-go-na-rozne-okazje\/#webpage"},"author":{"@id":"https:\/\/pakuten.pl\/blog\/#\/schema\/person\/d7133af30211381a4e4536d088384556"},"headline":"Kardigan na jesie\u0144 2025: jak nosi\u0107 go na r\u00f3\u017cne okazje?","datePublished":"2025-10-24T09:58:57+00:00","dateModified":"2025-10-24T09:58:58+00:00","mainEntityOfPage":{"@id":"https:\/\/pakuten.pl\/blog\/kardigan-na-jesien-2025-jak-nosic-go-na-rozne-okazje\/#webpage"},"wordCount":655,"commentCount":0,"publisher":{"@id":"https:\/\/pakuten.pl\/blog\/#organization"},"image":{"@id":"https:\/\/pakuten.pl\/blog\/kardigan-na-jesien-2025-jak-nosic-go-na-rozne-okazje\/#primaryimage"},"thumbnailUrl":"https:\/\/pakuten.pl\/blog\/wp-content\/uploads\/2025\/10\/Kardigan-na-jesien\u0301-2025-jak-nosic\u0301-go-na-ro\u0301z\u0307ne-okazje.png","keywords":["kardigan na jesie\u0144 2025","kardigany na jesie\u0144","swetry"],"articleSection":["Top Trends"],"inLanguage":"pl-PL","potentialAction":[{"@type":"CommentAction","name":"Comment","target":["https:\/\/pakuten.pl\/blog\/kardigan-na-jesien-2025-jak-nosic-go-na-rozne-okazje\/#respond"]}]},{"@type":"Person","@id":"https:\/\/pakuten.pl\/blog\/#\/schema\/person\/d7133af30211381a4e4536d088384556","name":"Pakuten Girl","image":{"@type":"ImageObject","@id":"https:\/\/pakuten.pl\/blog\/#personlogo","inLanguage":"pl-PL","url":"https:\/\/secure.gravatar.com\/avatar\/d3df41de2caf92e6cfded9430c2ff352?s=96&d=mm&r=g","contentUrl":"https:\/\/secure.gravatar.com\/avatar\/d3df41de2caf92e6cfded9430c2ff352?s=96&d=mm&r=g","caption":"Pakuten Girl"},"description":"Cze\u015b\u0107, nazywam si\u0119 Ola. Kocham Netflixa, sals\u0119, nowo\u015bci kosmetyczne i najnowsze trendy w modzie.","url":"https:\/\/pakuten.pl\/blog\/author\/pakuten-girl\/"}]}},"_links":{"self":[{"href":"https:\/\/pakuten.pl\/blog\/wp-json\/wp\/v2\/posts\/10379"}],"collection":[{"href":"https:\/\/pakuten.pl\/blog\/wp-json\/wp\/v2\/posts"}],"about":[{"href":"https:\/\/pakuten.pl\/blog\/wp-json\/wp\/v2\/types\/post"}],"author":[{"embeddable":true,"href":"https:\/\/pakuten.pl\/blog\/wp-json\/wp\/v2\/users\/3"}],"replies":[{"embeddable":true,"href":"https:\/\/pakuten.pl\/blog\/wp-json\/wp\/v2\/comments?post=10379"}],"version-history":[{"count":6,"href":"https:\/\/pakuten.pl\/blog\/wp-json\/wp\/v2\/posts\/10379\/revisions"}],"predecessor-version":[{"id":10390,"href":"https:\/\/pakuten.pl\/blog\/wp-json\/wp\/v2\/posts\/10379\/revisions\/10390"}],"wp:featuredmedia":[{"embeddable":true,"href":"https:\/\/pakuten.pl\/blog\/wp-json\/wp\/v2\/media\/10384"}],"wp:attachment":[{"href":"https:\/\/pakuten.pl\/blog\/wp-json\/wp\/v2\/media?parent=10379"}],"wp:term":[{"taxonomy":"category","embeddable":true,"href":"https:\/\/pakuten.pl\/blog\/wp-json\/wp\/v2\/categories?post=10379"},{"taxonomy":"post_tag","embeddable":true,"href":"https:\/\/pakuten.pl\/blog\/wp-json\/wp\/v2\/tags?post=10379"}],"curies":[{"name":"wp","href":"https:\/\/api.w.org\/{rel}","templated":true}]}}