{"id":10664,"date":"2026-01-02T14:48:00","date_gmt":"2026-01-02T13:48:00","guid":{"rendered":"https:\/\/pakuten.pl\/blog\/?p=10664"},"modified":"2025-12-16T14:55:23","modified_gmt":"2025-12-16T13:55:23","slug":"mala-czarna-w-nowej-odslonie-trendy-na-sezon-2026","status":"publish","type":"post","link":"https:\/\/pakuten.pl\/blog\/mala-czarna-w-nowej-odslonie-trendy-na-sezon-2026\/","title":{"rendered":"Ma\u0142a czarna w nowej ods\u0142onie \u2013 trendy na sezon 2026"},"content":{"rendered":"\n<p><strong>Ma\u0142a czarna to ponadczasowa ikona stylu, kt\u00f3ra co sezon zyskuje nowe oblicze. W 2026 roku klasyka zostaje od\u015bwie\u017cona, ale nie traci swojej elegancji. Zmieniaj\u0105 si\u0119 detale, fasony oraz spos\u00f3b stylizowania. Dlatego warto wiedzie\u0107, jak nosi\u0107 j\u0105 nowocze\u015bnie, ale wci\u0105\u017c z klas\u0105.<\/strong><\/p>\n<p class=\"p1\"><strong>Sezon 2026 redefiniuje klasyk\u0119. Projektanci odchodz\u0105 od oczywistych rozwi\u0105za\u0144, jednak nie rezygnuj\u0105 z prostoty. Ma\u0142a czarna zyskuje nowe proporcje, a tak\u017ce ciekawe wyko\u0144czenia. Pojawiaj\u0105 si\u0119 asymetrie, nietypowe r\u0119kawy oraz subtelne wyci\u0119cia.<\/strong><\/p>\n<h2 class=\"p1\"><span style=\"color: #ff9900;\">Ma\u0142a czarna w nowej ods\u0142onie \u2013 trendy na sezon 2026<\/span><\/h2>\n<p class=\"p1\">Sezon 2026 redefiniuje klasyk\u0119. Projektanci odchodz\u0105 od oczywistych rozwi\u0105za\u0144, jednak nie rezygnuj\u0105 z prostoty. <b>Ma\u0142a czarna<\/b> zyskuje nowe proporcje, a tak\u017ce ciekawe wyko\u0144czenia. Pojawiaj\u0105 si\u0119 asymetrie, nietypowe r\u0119kawy oraz subtelne wyci\u0119cia.<\/p>\n<p class=\"p1\">Bardzo modne s\u0105 modele z lekkim po\u0142yskiem. Satyna, jedwab i tkaniny z delikatn\u0105 struktur\u0105 dominuj\u0105 w kolekcjach. Co wi\u0119cej, coraz cz\u0119\u015bciej spotyka si\u0119 minimalistyczne zdobienia, kt\u00f3re nadaj\u0105 sukience charakteru. Dzi\u0119ki temu klasyka staje si\u0119 bardziej wyrazista.<\/p>\n<p class=\"p1\">Kolor pozostaje czarny, jednak jego odcie\u0144 bywa r\u00f3\u017cny. Czer\u0144 g\u0142\u0119boka, grafitowa lub lekko przydymiona daje nowe mo\u017cliwo\u015bci stylizacyjne. Dlatego wyb\u00f3r odpowiedniego modelu ma kluczowe znaczenie.<\/p>\n<div class=\"product-box-container\">\r\n<div class=\"one_third \" style=\"\">\r\n<div class=\"product-box\">\r\n<a href=\"https:\/\/pakuten.pl\/47848-96577-czarna-sukienka-na-jedno-ramie-z-rozcieciem-nunize-czarny.html\" target=\"_blank\">\r\n <img src=\"https:\/\/media.pakuten.pl\/273695-large_default\/czarna-sukienka-na-jedno-ramie-z-rozcieciem-nunize.jpg\" alt=\"Czarna sukienka na jedno rami\u0119 z rozci\u0119ciem Nunize\"\/>\r\n<\/a>\r\n<p>\r\n<a href=\"https:\/\/pakuten.pl\/47848-96577-czarna-sukienka-na-jedno-ramie-z-rozcieciem-nunize-czarny.html\" target=\"_blank\">\r\nCzarna sukienka na jedno rami\u0119 z rozci\u0119ciem Nunize\r\n<\/a><\/p>\r\n  <p>Cena: 147,99\u00a0z\u0142<\/p>\r\n<a href=\"https:\/\/pakuten.pl\/47848-96577-czarna-sukienka-na-jedno-ramie-z-rozcieciem-nunize-czarny.html\" target=\"_blank\" class=\"button\">\r\nZobacz w sklepie\r\n<\/a>\r\n<\/div>\r\n<\/div>\r\n<div class=\"one_third \" style=\"\">\r\n<div class=\"product-box\">\r\n<a href=\"https:\/\/pakuten.pl\/48877-98350-czarna-cekinowa-sukienka-mini-eimear-czarny.html\" target=\"_blank\">\r\n  <img src=\"https:\/\/media.pakuten.pl\/279085-large_default\/czarna-cekinowa-sukienka-mini-eimear.jpg\" alt=\"Czarna cekinowa sukienka mini Eimear\"\/>\r\n<\/a>\r\n<p>\r\n<a href=\"https:\/\/pakuten.pl\/48877-98350-czarna-cekinowa-sukienka-mini-eimear-czarny.html\" target=\"_blank\">\r\nCzarna cekinowa sukienka mini Eimear\r\n<\/a><\/p>\r\n  <p>Cena: 158,99\u00a0z\u0142<\/p>\r\n<a href=\"https:\/\/pakuten.pl\/48877-98350-czarna-cekinowa-sukienka-mini-eimear-czarny.html\" target=\"_blank\" class=\"button\">\r\nZobacz w sklepie\r\n<\/a>\r\n<\/div>\r\n<\/div>\r\n<div class=\"one_third last \" style=\"\">\r\n<div class=\"product-box\">\r\n<a href=\"https:\/\/pakuten.pl\/48896-98383-czarna-dopasowana-sukienka-z-tiulowymi-rekawami-glennalee-czarny.html\" target=\"_blank\">\r\n  <img src=\"https:\/\/media.pakuten.pl\/279195-large_default\/czarna-dopasowana-sukienka-z-tiulowymi-rekawami-glennalee.jpg\" alt=\"Czarna dopasowana sukienka z tiulowymi r\u0119kawami Glennalee\"\/>\r\n<\/a>\r\n<p>\r\n<a href=\"https:\/\/pakuten.pl\/48896-98383-czarna-dopasowana-sukienka-z-tiulowymi-rekawami-glennalee-czarny.html\" target=\"_blank\">\r\nCzarna dopasowana sukienka z tiulowymi r\u0119kawami Glennalee\r\n<\/a><\/p>\r\n  <p>Cena: 92,99\u00a0z\u0142<\/p>\r\n<a href=\"https:\/\/pakuten.pl\/48896-98383-czarna-dopasowana-sukienka-z-tiulowymi-rekawami-glennalee-czarny.html\" target=\"_blank\" class=\"button\">\r\nZobacz w sklepie\r\n<\/a>\r\n<\/div>\r\n<\/div><br class=\"clear\"\/>\r\n<\/div>\n<h2 class=\"p1\"><span style=\"color: #ff9900;\">Ma\u0142a czarna w nowej ods\u0142onie \u2013 modne fasony i d\u0142ugo\u015bci<\/span><\/h2>\n<p class=\"p1\">W 2026 roku fason gra pierwsze skrzypce. Proste kroje nadal s\u0105 modne, ale pojawiaj\u0105 si\u0119 w nowoczesnym wydaniu. <b>Ma\u0142a czarna<\/b> o d\u0142ugo\u015bci midi staje si\u0119 absolutnym must have. Jest elegancka, ale te\u017c bardzo uniwersalna.<\/p>\n<p><img loading=\"lazy\" class=\"aligncenter size-full wp-image-10668\" src=\"https:\/\/pakuten.pl\/blog\/wp-content\/uploads\/2025\/12\/Projekt-bez-nazwy-21.jpg\" alt=\"ma\u0142a czarna\" width=\"600\" height=\"900\" \/><\/p>\n<p class=\"p1\">Mini powraca, jednak w bardziej zabudowanej wersji. Cz\u0119sto ma d\u0142ugi r\u0119kaw lub wysoki dekolt. Dzi\u0119ki temu zachowuje balans mi\u0119dzy klasyk\u0105 a nowoczesno\u015bci\u0105. Maxi natomiast zyskuje lekkie rozci\u0119cia, kt\u00f3re dodaj\u0105 lekko\u015bci sylwetce.<\/p>\n<p class=\"p1\">Popularne s\u0105 r\u00f3wnie\u017c fasony kopertowe oraz modele z marszczeniem w talii. Takie rozwi\u0105zania podkre\u015blaj\u0105 figur\u0119, ale nie s\u0105 nachalne. Co istotne, komfort noszenia staje si\u0119 r\u00f3wnie wa\u017cny jak wygl\u0105d.<\/p>\n<div class=\"product-box-container\">\r\n<div class=\"one_third \" style=\"\">\r\n<div class=\"product-box\">\r\n<a href=\"https:\/\/pakuten.pl\/48805-98262--czarna-sukienka-mini-z-odkrytym-ramieniem-eluned-czarny.html\" target=\"_blank\">\r\n <img src=\"https:\/\/media.pakuten.pl\/278767-large_default\/-czarna-sukienka-mini-z-odkrytym-ramieniem-eluned.jpg\" alt=\"Czarna sukienka mini z odkrytym ramieniem Eluned\"\/>\r\n<\/a>\r\n<p>\r\n<a href=\"https:\/\/pakuten.pl\/48805-98262--czarna-sukienka-mini-z-odkrytym-ramieniem-eluned-czarny.html\" target=\"_blank\">\r\nCzarna sukienka mini z odkrytym ramieniem Eluned\r\n<\/a><\/p>\r\n  <p>Cena: 89,99\u00a0z\u0142<\/p>\r\n<a href=\"https:\/\/pakuten.pl\/48805-98262--czarna-sukienka-mini-z-odkrytym-ramieniem-eluned-czarny.html\" target=\"_blank\" class=\"button\">\r\nZobacz w sklepie\r\n<\/a>\r\n<\/div>\r\n<\/div>\r\n<div class=\"one_third \" style=\"\">\r\n<div class=\"product-box\">\r\n<a href=\"https:\/\/pakuten.pl\/48741-98129-czarna-sukienka-na-jedno-ramie-hansa-czarny.html\" target=\"_blank\">\r\n  <img src=\"https:\/\/media.pakuten.pl\/278460-large_default\/czarna-sukienka-na-jedno-ramie-hansa.jpg\" alt=\"Czarna \u015bwi\u0105teczna sukienka na jedno ramie Hansa\"\/>\r\n<\/a>\r\n<p>\r\n<a href=\"https:\/\/pakuten.pl\/48741-98129-czarna-sukienka-na-jedno-ramie-hansa-czarny.html\" target=\"_blank\">\r\nCzarna \u015bwi\u0105teczna sukienka na jedno ramie Hansa\r\n<\/a><\/p>\r\n  <p>Cena: 96,99\u00a0z\u0142<\/p>\r\n<a href=\"https:\/\/pakuten.pl\/48741-98129-czarna-sukienka-na-jedno-ramie-hansa-czarny.html\" target=\"_blank\" class=\"button\">\r\nZobacz w sklepie\r\n<\/a>\r\n<\/div>\r\n<\/div>\r\n<div class=\"one_third last \" style=\"\">\r\n<div class=\"product-box\">\r\n<a href=\"https:\/\/pakuten.pl\/48634-97956-czarna-dopasowana-sukienka-z-rozcieciem-marileine-czarny.html\" target=\"_blank\">\r\n  <img src=\"https:\/\/media.pakuten.pl\/277871-large_default\/czarna-dopasowana-sukienka-z-rozcieciem-marileine.jpg\" alt=\"Czarna dopasowana sukienka na \u015bwi\u0119ta z rozci\u0119ciem Marileine\"\/>\r\n<\/a>\r\n<p>\r\n<a href=\"https:\/\/pakuten.pl\/48634-97956-czarna-dopasowana-sukienka-z-rozcieciem-marileine-czarny.html\" target=\"_blank\">\r\nCzarna dopasowana sukienka na \u015bwi\u0119ta z rozci\u0119ciem Marileine\r\n<\/a><\/p>\r\n  <p>Cena: 107,99\u00a0z\u0142<\/p>\r\n<a href=\"https:\/\/pakuten.pl\/48634-97956-czarna-dopasowana-sukienka-z-rozcieciem-marileine-czarny.html\" target=\"_blank\" class=\"button\">\r\nZobacz w sklepie\r\n<\/a>\r\n<\/div>\r\n<\/div><br class=\"clear\"\/>\r\n<\/div>\n<h2 class=\"p1\"><span style=\"color: #ff9900;\">Ma\u0142a czarna w nowej ods\u0142onie \u2013 jak stylizowa\u0107 j\u0105 w 2026 roku?<\/span><\/h2>\n<p class=\"p1\">Stylizacja klasycznej <span style=\"color: #ff9900;\"><a style=\"color: #ff9900;\" href=\"https:\/\/pakuten.pl\/178-sukienki-czarne\" target=\"_blank\" rel=\"noopener\">sukienki<\/a><\/span> w 2026 roku opiera si\u0119 na kontra\u015bcie. Z jednej strony minimalizm, z drugiej \u2013 wyrazisty detal. <b>Ma\u0142a czarna<\/b> \u015bwietnie wygl\u0105da w po\u0142\u0105czeniu z mocnymi dodatkami. Bi\u017cuteria o geometrycznych formach dodaje jej nowoczesno\u015bci.<\/p>\n<p class=\"p1\">Buty r\u00f3wnie\u017c odgrywaj\u0105 du\u017c\u0105 rol\u0119. Klasyczne szpilki s\u0105 zawsze dobrym wyborem, jednak coraz cz\u0119\u015bciej zast\u0119puj\u0105 je sanda\u0142y na masywnym obcasie. Ponadto modne s\u0105 botki na cienkiej szpilce, kt\u00f3re nadaj\u0105 stylizacji charakteru.<\/p>\n<p class=\"p1\">Torebki powinny by\u0107 niewielkie, ale wyraziste. Lakierowane powierzchnie lub metaliczne akcenty \u015bwietnie kontrastuj\u0105 z czerni\u0105. Co wi\u0119cej, stylizacja zyskuje \u015bwie\u017co\u015b\u0107 dzi\u0119ki dodatkom w kolorze z\u0142ota lub srebra.<\/p>\n<p>\u00a0<\/p>\n<blockquote class=\"instagram-media\" style=\"background: #FFF; border: 0; border-radius: 3px; box-shadow: 0 0 1px 0 rgba(0,0,0,0.5),0 1px 10px 0 rgba(0,0,0,0.15); margin: 1px; max-width: 540px; min-width: 326px; padding: 0; width: calc(100% - 2px);\" data-instgrm-permalink=\"https:\/\/www.instagram.com\/reel\/DRfHuAjjS5N\/?utm_source=ig_embed&amp;utm_campaign=loading\" data-instgrm-version=\"14\">\n<div style=\"padding: 16px;\">\n<div style=\"display: flex; flex-direction: row; align-items: center;\">\n<div style=\"background-color: #f4f4f4; border-radius: 50%; flex-grow: 0; height: 40px; margin-right: 14px; width: 40px;\">\u00a0<\/div>\n<div style=\"display: flex; flex-direction: column; flex-grow: 1; justify-content: center;\">\n<div style=\"background-color: #f4f4f4; border-radius: 4px; flex-grow: 0; height: 14px; margin-bottom: 6px; width: 100px;\">\u00a0<\/div>\n<div style=\"background-color: #f4f4f4; border-radius: 4px; flex-grow: 0; height: 14px; width: 60px;\">\u00a0<\/div>\n<\/div>\n<\/div>\n<div style=\"padding: 19% 0;\">\u00a0<\/div>\n<div style=\"display: block; height: 50px; margin: 0 auto 12px; width: 50px;\">\u00a0<\/div>\n<div style=\"padding-top: 8px;\">\n<div style=\"color: #3897f0; font-family: Arial,sans-serif; font-size: 14px; font-style: normal; font-weight: 550; line-height: 18px;\">Wy\u015bwietl ten post na Instagramie<\/div>\n<\/div>\n<div style=\"padding: 12.5% 0;\">\u00a0<\/div>\n<div style=\"display: flex; flex-direction: row; margin-bottom: 14px; align-items: center;\">\n<div>\n<div style=\"background-color: #f4f4f4; border-radius: 50%; height: 12.5px; width: 12.5px; transform: translateX(0px) translateY(7px);\">\u00a0<\/div>\n<div style=\"background-color: #f4f4f4; height: 12.5px; transform: rotate(-45deg) translateX(3px) translateY(1px); width: 12.5px; flex-grow: 0; margin-right: 14px; margin-left: 2px;\">\u00a0<\/div>\n<div style=\"background-color: #f4f4f4; border-radius: 50%; height: 12.5px; width: 12.5px; transform: translateX(9px) translateY(-18px);\">\u00a0<\/div>\n<\/div>\n<div style=\"margin-left: 8px;\">\n<div style=\"background-color: #f4f4f4; border-radius: 50%; flex-grow: 0; height: 20px; width: 20px;\">\u00a0<\/div>\n<div style=\"width: 0; height: 0; border-top: 2px solid transparent; border-left: 6px solid #f4f4f4; border-bottom: 2px solid transparent; transform: translateX(16px) translateY(-4px) rotate(30deg);\">\u00a0<\/div>\n<\/div>\n<div style=\"margin-left: auto;\">\n<div style=\"width: 0px; border-top: 8px solid #F4F4F4; border-right: 8px solid transparent; transform: translateY(16px);\">\u00a0<\/div>\n<div style=\"background-color: #f4f4f4; flex-grow: 0; height: 12px; width: 16px; transform: translateY(-4px);\">\u00a0<\/div>\n<div style=\"width: 0; height: 0; border-top: 8px solid #F4F4F4; border-left: 8px solid transparent; transform: translateY(-4px) translateX(8px);\">\u00a0<\/div>\n<\/div>\n<\/div>\n<div style=\"display: flex; flex-direction: column; flex-grow: 1; justify-content: center; margin-bottom: 24px;\">\n<div style=\"background-color: #f4f4f4; border-radius: 4px; flex-grow: 0; height: 14px; margin-bottom: 6px; width: 224px;\">\u00a0<\/div>\n<div style=\"background-color: #f4f4f4; border-radius: 4px; flex-grow: 0; height: 14px; width: 144px;\">\u00a0<\/div>\n<\/div>\n<p style=\"color: #c9c8cd; font-family: Arial,sans-serif; font-size: 14px; line-height: 17px; margin-bottom: 0; margin-top: 8px; overflow: hidden; padding: 8px 0 7px; text-align: center; text-overflow: ellipsis; white-space: nowrap;\"><a style=\"color: #c9c8cd; font-family: Arial,sans-serif; font-size: 14px; font-style: normal; font-weight: normal; line-height: 17px; text-decoration: none;\" href=\"https:\/\/www.instagram.com\/reel\/DRfHuAjjS5N\/?utm_source=ig_embed&amp;utm_campaign=loading\" target=\"_blank\" rel=\"noopener\">Post udost\u0119pniony przez \ud835\udc77\ud835\udc82\ud835\udc96\ud835\udc8d\ud835\udc82 \u2022 \ud835\udc94\ud835\udc95\ud835\udc9a\ud835\udc8d\ud835\udc8a\ud835\udc9b\ud835\udc82\ud835\udc84\ud835\udc8b\ud835\udc86 \u2022 \ud835\udc8a\ud835\udc8f\ud835\udc94\ud835\udc91\ud835\udc8a\ud835\udc93\ud835\udc82\ud835\udc84\ud835\udc8b\ud835\udc86 \u2022 \ud835\udc6d\ud835\udc68\ud835\udc7a\ud835\udc6f\ud835\udc70\ud835\udc76\ud835\udc75 \ud835\udc79\ud835\udc6c\ud835\udc6c\ud835\udc73\ud835\udc7a \u2022 (@parka.paulina)<\/a><\/p>\n<\/div>\n<\/blockquote>\n<p><script async src=\"\/\/www.instagram.com\/embed.js\"><\/script><\/p>\n<h2 class=\"p1\"><span style=\"color: #ff9900;\">Ma\u0142a czarna na r\u00f3\u017cne okazje \u2013 jedna sukienka, wiele mo\u017cliwo\u015bci<\/span><\/h2>\n<p class=\"p1\">Uniwersalno\u015b\u0107 to najwi\u0119ksza zaleta klasycznej czerni. Dlatego <b>ma\u0142a czarna<\/b> sprawdza si\u0119 w wielu sytuacjach. Na co dzie\u0144 mo\u017cna zestawi\u0107 j\u0105 z marynark\u0105 i loafersami. Dzi\u0119ki temu stylizacja nabiera miejskiego charakteru.<\/p>\n<p class=\"p1\">Na wiecz\u00f3r wystarczy zmieni\u0107 dodatki. Szpilki, bi\u017cuteria i elegancki makija\u017c tworz\u0105 zupe\u0142nie nowy efekt. Co wa\u017cne, w 2026 roku moda pozwala na wi\u0119ksz\u0105 swobod\u0119. Klasyka nie musi by\u0107 sztywna ani przewidywalna.<\/p>\n<p class=\"p1\">Na specjalne okazje warto postawi\u0107 na modele z ciekaw\u0105 faktur\u0105. Aksamit lub satyna dodaj\u0105 luksusu, ale nie przyt\u0142aczaj\u0105. Dzi\u0119ki temu sukienka pozostaje elegancka, lecz nowoczesna.<\/p>\n<h2 class=\"p1\"><span style=\"color: #ff9900;\">Dlaczego ma\u0142a czarna wci\u0105\u017c jest modna w 2026 roku?<\/span><\/h2>\n<p class=\"p1\">Trendy si\u0119 zmieniaj\u0105, jednak pewne elementy garderoby pozostaj\u0105 niezmienne. <b>Ma\u0142a czarna<\/b> jest symbolem ponadczasowego stylu. W 2026 roku jej si\u0142a tkwi w prostocie, ale te\u017c w mo\u017cliwo\u015bci personalizacji.<\/p>\n<p class=\"p1\">Ka\u017cda kobieta mo\u017ce nada\u0107 jej w\u0142asny charakter. Dodatki, fryzura oraz makija\u017c decyduj\u0105 o finalnym efekcie. Co wi\u0119cej, dobrze dobrana sukienka pos\u0142u\u017cy przez wiele sezon\u00f3w. Dlatego jest to inwestycja, kt\u00f3ra zawsze si\u0119 op\u0142aca.<\/p>\n<p>\u00a0<\/p>\n<p>\u00a0<\/p>\n<p class=\"p1\">Podsumowuj\u0105c, klasyka w nowej ods\u0142onie to odpowied\u017a na potrzeby wsp\u00f3\u0142czesnej mody. Styl, wygoda i uniwersalno\u015b\u0107 id\u0105 w parze. A ma\u0142a czarna w 2026 roku udowadnia, \u017ce wci\u0105\u017c potrafi zaskakiwa\u0107.<\/p>\n<p>\u00a0<\/p>\n\n\n<div class=\"kk-star-ratings kksr-auto kksr-align-right kksr-valign-bottom\"\n    data-payload='{&quot;align&quot;:&quot;right&quot;,&quot;id&quot;:&quot;10664&quot;,&quot;slug&quot;:&quot;default&quot;,&quot;valign&quot;:&quot;bottom&quot;,&quot;ignore&quot;:&quot;&quot;,&quot;reference&quot;:&quot;auto&quot;,&quot;class&quot;:&quot;&quot;,&quot;count&quot;:&quot;0&quot;,&quot;legendonly&quot;:&quot;&quot;,&quot;readonly&quot;:&quot;&quot;,&quot;score&quot;:&quot;0&quot;,&quot;starsonly&quot;:&quot;&quot;,&quot;best&quot;:&quot;5&quot;,&quot;gap&quot;:&quot;5&quot;,&quot;greet&quot;:&quot;Rate this post&quot;,&quot;legend&quot;:&quot;0\\\/5 - (0 votes)&quot;,&quot;size&quot;:&quot;24&quot;,&quot;width&quot;:&quot;0&quot;,&quot;_legend&quot;:&quot;{score}\\\/{best} - ({count} {votes})&quot;,&quot;font_factor&quot;:&quot;1.25&quot;}'>\n            \n<div class=\"kksr-stars\">\n    \n<div class=\"kksr-stars-inactive\">\n            <div class=\"kksr-star\" data-star=\"1\" style=\"padding-right: 5px\">\n            \n\n<div class=\"kksr-icon\" style=\"width: 24px; height: 24px;\"><\/div>\n        <\/div>\n            <div class=\"kksr-star\" data-star=\"2\" style=\"padding-right: 5px\">\n            \n\n<div class=\"kksr-icon\" style=\"width: 24px; height: 24px;\"><\/div>\n        <\/div>\n            <div class=\"kksr-star\" data-star=\"3\" style=\"padding-right: 5px\">\n            \n\n<div class=\"kksr-icon\" style=\"width: 24px; height: 24px;\"><\/div>\n        <\/div>\n            <div class=\"kksr-star\" data-star=\"4\" style=\"padding-right: 5px\">\n            \n\n<div class=\"kksr-icon\" style=\"width: 24px; height: 24px;\"><\/div>\n        <\/div>\n            <div class=\"kksr-star\" data-star=\"5\" style=\"padding-right: 5px\">\n            \n\n<div class=\"kksr-icon\" style=\"width: 24px; height: 24px;\"><\/div>\n        <\/div>\n    <\/div>\n    \n<div class=\"kksr-stars-active\" style=\"width: 0px;\">\n            <div class=\"kksr-star\" style=\"padding-right: 5px\">\n            \n\n<div class=\"kksr-icon\" style=\"width: 24px; height: 24px;\"><\/div>\n        <\/div>\n            <div class=\"kksr-star\" style=\"padding-right: 5px\">\n            \n\n<div class=\"kksr-icon\" style=\"width: 24px; height: 24px;\"><\/div>\n        <\/div>\n            <div class=\"kksr-star\" style=\"padding-right: 5px\">\n            \n\n<div class=\"kksr-icon\" style=\"width: 24px; height: 24px;\"><\/div>\n        <\/div>\n            <div class=\"kksr-star\" style=\"padding-right: 5px\">\n            \n\n<div class=\"kksr-icon\" style=\"width: 24px; height: 24px;\"><\/div>\n        <\/div>\n            <div class=\"kksr-star\" style=\"padding-right: 5px\">\n            \n\n<div class=\"kksr-icon\" style=\"width: 24px; height: 24px;\"><\/div>\n        <\/div>\n    <\/div>\n<\/div>\n                \n\n<div class=\"kksr-legend\" style=\"font-size: 19.2px;\">\n            <span class=\"kksr-muted\">Rate this post<\/span>\n    <\/div>\n    <\/div>\n","protected":false},"excerpt":{"rendered":"<p class=\"p1\" style=\"margin: 0px; font-variant-numeric: normal; font-variant-east-asian: normal; font-variant-alternates: normal; font-size-adjust: none; font-kerning: auto; font-optical-sizing: auto; font-feature-settings: normal; font-variation-settings: normal; font-variant-position: normal; font-stretch: normal; font-size: 12px; line-height: normal; font-family: 'Helvetica Neue'; color: #000000;\">Ma\u0142a czarna to ponadczasowa ikona stylu, kt\u00f3ra co sezon zyskuje nowe oblicze. W 2026 roku klasyka zostaje od\u015bwie\u017cona, ale nie traci swojej elegancji. Zmieniaj\u0105 si\u0119 detale, fasony oraz spos\u00f3b stylizowania. Dlatego warto wiedzie\u0107, jak nosi\u0107 j\u0105 nowocze\u015bnie, ale wci\u0105\u017c z klas\u0105.<\/p>\n","protected":false},"author":3,"featured_media":10671,"comment_status":"open","ping_status":"open","sticky":false,"template":"","format":"standard","meta":[],"categories":[4],"tags":[],"yoast_head":"<!-- This site is optimized with the Yoast SEO plugin v18.4.1 - https:\/\/yoast.com\/wordpress\/plugins\/seo\/ -->\n<title>Ma\u0142a czarna w nowej ods\u0142onie \u2013 trendy na sezon 2026 - Pakuten blog<\/title>\n<meta name=\"description\" content=\"Ma\u0142a czarna w sezonie 2026 \u2013 sprawd\u017a, jak nosi\u0107 klasyk\u0119 w nowoczesnym wydaniu i tworzy\u0107 stylowe zestawy na ka\u017cd\u0105 okazj\u0119.\" \/>\n<meta name=\"robots\" content=\"index, follow, max-snippet:-1, max-image-preview:large, max-video-preview:-1\" \/>\n<link rel=\"canonical\" href=\"https:\/\/pakuten.pl\/blog\/mala-czarna-w-nowej-odslonie-trendy-na-sezon-2026\/\" \/>\n<meta property=\"og:locale\" content=\"pl_PL\" \/>\n<meta property=\"og:type\" content=\"article\" \/>\n<meta property=\"og:title\" content=\"Ma\u0142a czarna w nowej ods\u0142onie \u2013 trendy na sezon 2026 - Pakuten blog\" \/>\n<meta property=\"og:description\" content=\"Ma\u0142a czarna w sezonie 2026 \u2013 sprawd\u017a, jak nosi\u0107 klasyk\u0119 w nowoczesnym wydaniu i tworzy\u0107 stylowe zestawy na ka\u017cd\u0105 okazj\u0119.\" \/>\n<meta property=\"og:url\" content=\"https:\/\/pakuten.pl\/blog\/mala-czarna-w-nowej-odslonie-trendy-na-sezon-2026\/\" \/>\n<meta property=\"og:site_name\" content=\"Pakuten blog\" \/>\n<meta property=\"article:published_time\" content=\"2026-01-02T13:48:00+00:00\" \/>\n<meta property=\"article:modified_time\" content=\"2025-12-16T13:55:23+00:00\" \/>\n<meta property=\"og:image\" content=\"https:\/\/pakuten.pl\/blog\/wp-content\/uploads\/2025\/12\/Mala-czarna-w-nowej-odslonie-\u2013-trendy-na-sezon-2026.jpg\" \/>\n\t<meta property=\"og:image:width\" content=\"1280\" \/>\n\t<meta property=\"og:image:height\" content=\"853\" \/>\n\t<meta property=\"og:image:type\" content=\"image\/jpeg\" \/>\n<meta name=\"twitter:card\" content=\"summary_large_image\" \/>\n<meta name=\"twitter:label1\" content=\"Napisane przez\" \/>\n\t<meta name=\"twitter:data1\" content=\"Pakuten Girl\" \/>\n\t<meta name=\"twitter:label2\" content=\"Szacowany czas czytania\" \/>\n\t<meta name=\"twitter:data2\" content=\"4 minuty\" \/>\n<script type=\"application\/ld+json\" class=\"yoast-schema-graph\">{\"@context\":\"https:\/\/schema.org\",\"@graph\":[{\"@type\":\"Organization\",\"@id\":\"https:\/\/pakuten.pl\/blog\/#organization\",\"name\":\"Pakuten\",\"url\":\"https:\/\/pakuten.pl\/blog\/\",\"sameAs\":[],\"logo\":{\"@type\":\"ImageObject\",\"@id\":\"https:\/\/pakuten.pl\/blog\/#logo\",\"inLanguage\":\"pl-PL\",\"url\":\"http:\/\/pakuten.pl\/blog\/wp-content\/uploads\/2018\/01\/pakuten_logo.png\",\"contentUrl\":\"http:\/\/pakuten.pl\/blog\/wp-content\/uploads\/2018\/01\/pakuten_logo.png\",\"width\":300,\"height\":120,\"caption\":\"Pakuten\"},\"image\":{\"@id\":\"https:\/\/pakuten.pl\/blog\/#logo\"}},{\"@type\":\"WebSite\",\"@id\":\"https:\/\/pakuten.pl\/blog\/#website\",\"url\":\"https:\/\/pakuten.pl\/blog\/\",\"name\":\"Pakuten blog\",\"description\":\"Blog sklepu internetowego pakuten.pl\",\"publisher\":{\"@id\":\"https:\/\/pakuten.pl\/blog\/#organization\"},\"potentialAction\":[{\"@type\":\"SearchAction\",\"target\":{\"@type\":\"EntryPoint\",\"urlTemplate\":\"https:\/\/pakuten.pl\/blog\/?s={search_term_string}\"},\"query-input\":\"required name=search_term_string\"}],\"inLanguage\":\"pl-PL\"},{\"@type\":\"ImageObject\",\"@id\":\"https:\/\/pakuten.pl\/blog\/mala-czarna-w-nowej-odslonie-trendy-na-sezon-2026\/#primaryimage\",\"inLanguage\":\"pl-PL\",\"url\":\"https:\/\/pakuten.pl\/blog\/wp-content\/uploads\/2025\/12\/Mala-czarna-w-nowej-odslonie-\u2013-trendy-na-sezon-2026.jpg\",\"contentUrl\":\"https:\/\/pakuten.pl\/blog\/wp-content\/uploads\/2025\/12\/Mala-czarna-w-nowej-odslonie-\u2013-trendy-na-sezon-2026.jpg\",\"width\":1280,\"height\":853},{\"@type\":\"WebPage\",\"@id\":\"https:\/\/pakuten.pl\/blog\/mala-czarna-w-nowej-odslonie-trendy-na-sezon-2026\/#webpage\",\"url\":\"https:\/\/pakuten.pl\/blog\/mala-czarna-w-nowej-odslonie-trendy-na-sezon-2026\/\",\"name\":\"Ma\u0142a czarna w nowej ods\u0142onie \u2013 trendy na sezon 2026 - Pakuten blog\",\"isPartOf\":{\"@id\":\"https:\/\/pakuten.pl\/blog\/#website\"},\"primaryImageOfPage\":{\"@id\":\"https:\/\/pakuten.pl\/blog\/mala-czarna-w-nowej-odslonie-trendy-na-sezon-2026\/#primaryimage\"},\"datePublished\":\"2026-01-02T13:48:00+00:00\",\"dateModified\":\"2025-12-16T13:55:23+00:00\",\"description\":\"Ma\u0142a czarna w sezonie 2026 \u2013 sprawd\u017a, jak nosi\u0107 klasyk\u0119 w nowoczesnym wydaniu i tworzy\u0107 stylowe zestawy na ka\u017cd\u0105 okazj\u0119.\",\"breadcrumb\":{\"@id\":\"https:\/\/pakuten.pl\/blog\/mala-czarna-w-nowej-odslonie-trendy-na-sezon-2026\/#breadcrumb\"},\"inLanguage\":\"pl-PL\",\"potentialAction\":[{\"@type\":\"ReadAction\",\"target\":[\"https:\/\/pakuten.pl\/blog\/mala-czarna-w-nowej-odslonie-trendy-na-sezon-2026\/\"]}]},{\"@type\":\"BreadcrumbList\",\"@id\":\"https:\/\/pakuten.pl\/blog\/mala-czarna-w-nowej-odslonie-trendy-na-sezon-2026\/#breadcrumb\",\"itemListElement\":[{\"@type\":\"ListItem\",\"position\":1,\"name\":\"Strona g\u0142\u00f3wna\",\"item\":\"https:\/\/pakuten.pl\/blog\/\"},{\"@type\":\"ListItem\",\"position\":2,\"name\":\"Ma\u0142a czarna w nowej ods\u0142onie \u2013 trendy na sezon 2026\"}]},{\"@type\":\"Article\",\"@id\":\"https:\/\/pakuten.pl\/blog\/mala-czarna-w-nowej-odslonie-trendy-na-sezon-2026\/#article\",\"isPartOf\":{\"@id\":\"https:\/\/pakuten.pl\/blog\/mala-czarna-w-nowej-odslonie-trendy-na-sezon-2026\/#webpage\"},\"author\":{\"@id\":\"https:\/\/pakuten.pl\/blog\/#\/schema\/person\/d7133af30211381a4e4536d088384556\"},\"headline\":\"Ma\u0142a czarna w nowej ods\u0142onie \u2013 trendy na sezon 2026\",\"datePublished\":\"2026-01-02T13:48:00+00:00\",\"dateModified\":\"2025-12-16T13:55:23+00:00\",\"mainEntityOfPage\":{\"@id\":\"https:\/\/pakuten.pl\/blog\/mala-czarna-w-nowej-odslonie-trendy-na-sezon-2026\/#webpage\"},\"wordCount\":707,\"commentCount\":0,\"publisher\":{\"@id\":\"https:\/\/pakuten.pl\/blog\/#organization\"},\"image\":{\"@id\":\"https:\/\/pakuten.pl\/blog\/mala-czarna-w-nowej-odslonie-trendy-na-sezon-2026\/#primaryimage\"},\"thumbnailUrl\":\"https:\/\/pakuten.pl\/blog\/wp-content\/uploads\/2025\/12\/Mala-czarna-w-nowej-odslonie-\u2013-trendy-na-sezon-2026.jpg\",\"articleSection\":[\"Tips&amp;Tricks\"],\"inLanguage\":\"pl-PL\",\"potentialAction\":[{\"@type\":\"CommentAction\",\"name\":\"Comment\",\"target\":[\"https:\/\/pakuten.pl\/blog\/mala-czarna-w-nowej-odslonie-trendy-na-sezon-2026\/#respond\"]}]},{\"@type\":\"Person\",\"@id\":\"https:\/\/pakuten.pl\/blog\/#\/schema\/person\/d7133af30211381a4e4536d088384556\",\"name\":\"Pakuten Girl\",\"image\":{\"@type\":\"ImageObject\",\"@id\":\"https:\/\/pakuten.pl\/blog\/#personlogo\",\"inLanguage\":\"pl-PL\",\"url\":\"https:\/\/secure.gravatar.com\/avatar\/d3df41de2caf92e6cfded9430c2ff352?s=96&d=mm&r=g\",\"contentUrl\":\"https:\/\/secure.gravatar.com\/avatar\/d3df41de2caf92e6cfded9430c2ff352?s=96&d=mm&r=g\",\"caption\":\"Pakuten Girl\"},\"description\":\"Cze\u015b\u0107, nazywam si\u0119 Ola. Kocham Netflixa, sals\u0119, nowo\u015bci kosmetyczne i najnowsze trendy w modzie.\",\"url\":\"https:\/\/pakuten.pl\/blog\/author\/pakuten-girl\/\"}]}<\/script>\n<!-- \/ Yoast SEO plugin. -->","yoast_head_json":{"title":"Ma\u0142a czarna w nowej ods\u0142onie \u2013 trendy na sezon 2026 - Pakuten blog","description":"Ma\u0142a czarna w sezonie 2026 \u2013 sprawd\u017a, jak nosi\u0107 klasyk\u0119 w nowoczesnym wydaniu i tworzy\u0107 stylowe zestawy na ka\u017cd\u0105 okazj\u0119.","robots":{"index":"index","follow":"follow","max-snippet":"max-snippet:-1","max-image-preview":"max-image-preview:large","max-video-preview":"max-video-preview:-1"},"canonical":"https:\/\/pakuten.pl\/blog\/mala-czarna-w-nowej-odslonie-trendy-na-sezon-2026\/","og_locale":"pl_PL","og_type":"article","og_title":"Ma\u0142a czarna w nowej ods\u0142onie \u2013 trendy na sezon 2026 - Pakuten blog","og_description":"Ma\u0142a czarna w sezonie 2026 \u2013 sprawd\u017a, jak nosi\u0107 klasyk\u0119 w nowoczesnym wydaniu i tworzy\u0107 stylowe zestawy na ka\u017cd\u0105 okazj\u0119.","og_url":"https:\/\/pakuten.pl\/blog\/mala-czarna-w-nowej-odslonie-trendy-na-sezon-2026\/","og_site_name":"Pakuten blog","article_published_time":"2026-01-02T13:48:00+00:00","article_modified_time":"2025-12-16T13:55:23+00:00","og_image":[{"width":1280,"height":853,"url":"https:\/\/pakuten.pl\/blog\/wp-content\/uploads\/2025\/12\/Mala-czarna-w-nowej-odslonie-\u2013-trendy-na-sezon-2026.jpg","type":"image\/jpeg"}],"twitter_card":"summary_large_image","twitter_misc":{"Napisane przez":"Pakuten Girl","Szacowany czas czytania":"4 minuty"},"schema":{"@context":"https:\/\/schema.org","@graph":[{"@type":"Organization","@id":"https:\/\/pakuten.pl\/blog\/#organization","name":"Pakuten","url":"https:\/\/pakuten.pl\/blog\/","sameAs":[],"logo":{"@type":"ImageObject","@id":"https:\/\/pakuten.pl\/blog\/#logo","inLanguage":"pl-PL","url":"http:\/\/pakuten.pl\/blog\/wp-content\/uploads\/2018\/01\/pakuten_logo.png","contentUrl":"http:\/\/pakuten.pl\/blog\/wp-content\/uploads\/2018\/01\/pakuten_logo.png","width":300,"height":120,"caption":"Pakuten"},"image":{"@id":"https:\/\/pakuten.pl\/blog\/#logo"}},{"@type":"WebSite","@id":"https:\/\/pakuten.pl\/blog\/#website","url":"https:\/\/pakuten.pl\/blog\/","name":"Pakuten blog","description":"Blog sklepu internetowego pakuten.pl","publisher":{"@id":"https:\/\/pakuten.pl\/blog\/#organization"},"potentialAction":[{"@type":"SearchAction","target":{"@type":"EntryPoint","urlTemplate":"https:\/\/pakuten.pl\/blog\/?s={search_term_string}"},"query-input":"required name=search_term_string"}],"inLanguage":"pl-PL"},{"@type":"ImageObject","@id":"https:\/\/pakuten.pl\/blog\/mala-czarna-w-nowej-odslonie-trendy-na-sezon-2026\/#primaryimage","inLanguage":"pl-PL","url":"https:\/\/pakuten.pl\/blog\/wp-content\/uploads\/2025\/12\/Mala-czarna-w-nowej-odslonie-\u2013-trendy-na-sezon-2026.jpg","contentUrl":"https:\/\/pakuten.pl\/blog\/wp-content\/uploads\/2025\/12\/Mala-czarna-w-nowej-odslonie-\u2013-trendy-na-sezon-2026.jpg","width":1280,"height":853},{"@type":"WebPage","@id":"https:\/\/pakuten.pl\/blog\/mala-czarna-w-nowej-odslonie-trendy-na-sezon-2026\/#webpage","url":"https:\/\/pakuten.pl\/blog\/mala-czarna-w-nowej-odslonie-trendy-na-sezon-2026\/","name":"Ma\u0142a czarna w nowej ods\u0142onie \u2013 trendy na sezon 2026 - Pakuten blog","isPartOf":{"@id":"https:\/\/pakuten.pl\/blog\/#website"},"primaryImageOfPage":{"@id":"https:\/\/pakuten.pl\/blog\/mala-czarna-w-nowej-odslonie-trendy-na-sezon-2026\/#primaryimage"},"datePublished":"2026-01-02T13:48:00+00:00","dateModified":"2025-12-16T13:55:23+00:00","description":"Ma\u0142a czarna w sezonie 2026 \u2013 sprawd\u017a, jak nosi\u0107 klasyk\u0119 w nowoczesnym wydaniu i tworzy\u0107 stylowe zestawy na ka\u017cd\u0105 okazj\u0119.","breadcrumb":{"@id":"https:\/\/pakuten.pl\/blog\/mala-czarna-w-nowej-odslonie-trendy-na-sezon-2026\/#breadcrumb"},"inLanguage":"pl-PL","potentialAction":[{"@type":"ReadAction","target":["https:\/\/pakuten.pl\/blog\/mala-czarna-w-nowej-odslonie-trendy-na-sezon-2026\/"]}]},{"@type":"BreadcrumbList","@id":"https:\/\/pakuten.pl\/blog\/mala-czarna-w-nowej-odslonie-trendy-na-sezon-2026\/#breadcrumb","itemListElement":[{"@type":"ListItem","position":1,"name":"Strona g\u0142\u00f3wna","item":"https:\/\/pakuten.pl\/blog\/"},{"@type":"ListItem","position":2,"name":"Ma\u0142a czarna w nowej ods\u0142onie \u2013 trendy na sezon 2026"}]},{"@type":"Article","@id":"https:\/\/pakuten.pl\/blog\/mala-czarna-w-nowej-odslonie-trendy-na-sezon-2026\/#article","isPartOf":{"@id":"https:\/\/pakuten.pl\/blog\/mala-czarna-w-nowej-odslonie-trendy-na-sezon-2026\/#webpage"},"author":{"@id":"https:\/\/pakuten.pl\/blog\/#\/schema\/person\/d7133af30211381a4e4536d088384556"},"headline":"Ma\u0142a czarna w nowej ods\u0142onie \u2013 trendy na sezon 2026","datePublished":"2026-01-02T13:48:00+00:00","dateModified":"2025-12-16T13:55:23+00:00","mainEntityOfPage":{"@id":"https:\/\/pakuten.pl\/blog\/mala-czarna-w-nowej-odslonie-trendy-na-sezon-2026\/#webpage"},"wordCount":707,"commentCount":0,"publisher":{"@id":"https:\/\/pakuten.pl\/blog\/#organization"},"image":{"@id":"https:\/\/pakuten.pl\/blog\/mala-czarna-w-nowej-odslonie-trendy-na-sezon-2026\/#primaryimage"},"thumbnailUrl":"https:\/\/pakuten.pl\/blog\/wp-content\/uploads\/2025\/12\/Mala-czarna-w-nowej-odslonie-\u2013-trendy-na-sezon-2026.jpg","articleSection":["Tips&amp;Tricks"],"inLanguage":"pl-PL","potentialAction":[{"@type":"CommentAction","name":"Comment","target":["https:\/\/pakuten.pl\/blog\/mala-czarna-w-nowej-odslonie-trendy-na-sezon-2026\/#respond"]}]},{"@type":"Person","@id":"https:\/\/pakuten.pl\/blog\/#\/schema\/person\/d7133af30211381a4e4536d088384556","name":"Pakuten Girl","image":{"@type":"ImageObject","@id":"https:\/\/pakuten.pl\/blog\/#personlogo","inLanguage":"pl-PL","url":"https:\/\/secure.gravatar.com\/avatar\/d3df41de2caf92e6cfded9430c2ff352?s=96&d=mm&r=g","contentUrl":"https:\/\/secure.gravatar.com\/avatar\/d3df41de2caf92e6cfded9430c2ff352?s=96&d=mm&r=g","caption":"Pakuten Girl"},"description":"Cze\u015b\u0107, nazywam si\u0119 Ola. Kocham Netflixa, sals\u0119, nowo\u015bci kosmetyczne i najnowsze trendy w modzie.","url":"https:\/\/pakuten.pl\/blog\/author\/pakuten-girl\/"}]}},"_links":{"self":[{"href":"https:\/\/pakuten.pl\/blog\/wp-json\/wp\/v2\/posts\/10664"}],"collection":[{"href":"https:\/\/pakuten.pl\/blog\/wp-json\/wp\/v2\/posts"}],"about":[{"href":"https:\/\/pakuten.pl\/blog\/wp-json\/wp\/v2\/types\/post"}],"author":[{"embeddable":true,"href":"https:\/\/pakuten.pl\/blog\/wp-json\/wp\/v2\/users\/3"}],"replies":[{"embeddable":true,"href":"https:\/\/pakuten.pl\/blog\/wp-json\/wp\/v2\/comments?post=10664"}],"version-history":[{"count":6,"href":"https:\/\/pakuten.pl\/blog\/wp-json\/wp\/v2\/posts\/10664\/revisions"}],"predecessor-version":[{"id":10673,"href":"https:\/\/pakuten.pl\/blog\/wp-json\/wp\/v2\/posts\/10664\/revisions\/10673"}],"wp:featuredmedia":[{"embeddable":true,"href":"https:\/\/pakuten.pl\/blog\/wp-json\/wp\/v2\/media\/10671"}],"wp:attachment":[{"href":"https:\/\/pakuten.pl\/blog\/wp-json\/wp\/v2\/media?parent=10664"}],"wp:term":[{"taxonomy":"category","embeddable":true,"href":"https:\/\/pakuten.pl\/blog\/wp-json\/wp\/v2\/categories?post=10664"},{"taxonomy":"post_tag","embeddable":true,"href":"https:\/\/pakuten.pl\/blog\/wp-json\/wp\/v2\/tags?post=10664"}],"curies":[{"name":"wp","href":"https:\/\/api.w.org\/{rel}","templated":true}]}}