{"id":10788,"date":"2026-02-13T14:55:54","date_gmt":"2026-02-13T13:55:54","guid":{"rendered":"https:\/\/pakuten.pl\/blog\/?p=10788"},"modified":"2026-02-13T14:55:56","modified_gmt":"2026-02-13T13:55:56","slug":"jak-laczyc-kolory-w-stylizacjach-wiosennych-zeby-wygladac-spojnie","status":"publish","type":"post","link":"https:\/\/pakuten.pl\/blog\/jak-laczyc-kolory-w-stylizacjach-wiosennych-zeby-wygladac-spojnie\/","title":{"rendered":"Jak \u0142\u0105czy\u0107 kolory w stylizacjach wiosennych, \u017ceby wygl\u0105da\u0107 sp\u00f3jnie?"},"content":{"rendered":"\n<p class=\"p1\"><strong>Jak \u0142\u0105czy\u0107 kolory w stylizacjach wiosennych, aby wygl\u0105da\u0107 sp\u00f3jnie i \u015bwie\u017co? To pytanie wraca co sezon. Wiosna przynosi \u015bwiat\u0142o, ale te\u017c wi\u0119cej barw. Dlatego \u0142atwo przesadzi\u0107. Jednak dobra wiadomo\u015b\u0107 jest prosta. Sp\u00f3jno\u015b\u0107 da si\u0119 zbudowa\u0107 kilkoma zasadami. Co wi\u0119cej, nie trzeba by\u0107 stylistk\u0105. Wystarczy plan. I wystarczy kilka sprawdzonych po\u0142\u0105cze\u0144.<\/strong><\/p>\n<p class=\"p1\"><strong>W 2026 roku wiosna stawia na lekko\u015b\u0107. Ale stawia te\u017c na harmoni\u0119. Dlatego kolory maj\u0105 si\u0119 uzupe\u0142nia\u0107. A nie ze sob\u0105 walczy\u0107. Je\u015bli zrozumiesz te regu\u0142y, codzienne wybory stan\u0105 si\u0119 \u0142atwiejsze. I szybsze. A Twoje stylizacje b\u0119d\u0105 wygl\u0105da\u0107 \u201ejak z jednej historii\u201d.<\/strong><\/p>\n<h2 class=\"p1\"><span style=\"color: #ff9900;\">Jak \u0142\u0105czy\u0107 kolory, gdy budujesz wiosenn\u0105 baz\u0119?<\/span><\/h2>\n<p data-start=\"438\" data-end=\"691\">Zacznij od bazy. To zawsze dobry krok, poniewa\u017c baza uspokaja stylizacj\u0119 i daje punkt wyj\u015bcia. Wiosn\u0105 najlepiej sprawdzaj\u0105 si\u0119 kolory neutralne, takie jak mleczna biel, be\u017c, jasna szaro\u015b\u0107 czy czekolada. S\u0105 spokojne, a przy tym pasuj\u0105 do wielu odcieni.<\/p>\n<p data-start=\"693\" data-end=\"956\">Na pocz\u0105tek warto wybra\u0107 jeden kolor bazowy. Potem dobrze jest doda\u0107 drugi, podobny w temperaturze. Gdy baza jest ciep\u0142a, trzymaj si\u0119 ciep\u0142ych ton\u00f3w. Je\u015bli natomiast jest ch\u0142odna, si\u0119gnij po ch\u0142odniejsze barwy. Dzi\u0119ki temu ca\u0142o\u015b\u0107 wygl\u0105da sp\u00f3jnie i przemy\u015blanie.<\/p>\n<p data-start=\"958\" data-end=\"1115\">Na ko\u0144cu dodaj akcent. Mo\u017ce to by\u0107 pastel, delikatny b\u0142\u0119kit albo subtelny r\u00f3\u017c. Pami\u0119taj jednak o proporcjach, poniewa\u017c akcent ma podkre\u015bla\u0107, a nie dominowa\u0107.<\/p>\n<div class=\"product-box-container\">\r\n<div class=\"one_third \" style=\"\">\r\n<div class=\"product-box\">\r\n<a href=\"https:\/\/pakuten.pl\/49434-100021-czekoladowy-komplet-bluzka-i-spodnie-emerette-czekoladowy.html\" target=\"_blank\">\r\n <img src=\"https:\/\/media.pakuten.pl\/281514-large_default\/czekoladowy-komplet-bluzka-i-spodnie-emerette.jpg\" alt=\"Czekoladowy komplet bluzka i spodnie Emerette\"\/>\r\n<\/a>\r\n<p>\r\n<a href=\"https:\/\/pakuten.pl\/49434-100021-czekoladowy-komplet-bluzka-i-spodnie-emerette-czekoladowy.html\" target=\"_blank\">\r\nCzekoladowy komplet bluzka i spodnie Emerette\r\n<\/a><\/p>\r\n  <p>Cena: 89,99\u00a0z\u0142<\/p>\r\n<a href=\"https:\/\/pakuten.pl\/49434-100021-czekoladowy-komplet-bluzka-i-spodnie-emerette-czekoladowy.html\" target=\"_blank\" class=\"button\">\r\nZobacz w sklepie\r\n<\/a>\r\n<\/div>\r\n<\/div>\r\n<div class=\"one_third \" style=\"\">\r\n<div class=\"product-box\">\r\n<a href=\"https:\/\/pakuten.pl\/49366-99916-prazkowany-komplet-dopasowana-bluzka-i-spodnie-amirallia-mleczna-biel-mleczna-biel.html\" target=\"_blank\">\r\n  <img src=\"https:\/\/media.pakuten.pl\/281198-large_default\/prazkowany-komplet-dopasowana-bluzka-i-spodnie-amirallia-mleczna-biel.jpg\" alt=\"Pr\u0105\u017ckowany komplet dopasowana bluzka i spodnie Amirallia - mleczna biel\"\/>\r\n<\/a>\r\n<p>\r\n<a href=\"https:\/\/pakuten.pl\/49366-99916-prazkowany-komplet-dopasowana-bluzka-i-spodnie-amirallia-mleczna-biel-mleczna-biel.html\" target=\"_blank\">\r\nPr\u0105\u017ckowany komplet dopasowana bluzka i spodnie Amirallia - mleczna biel\r\n<\/a><\/p>\r\n  <p>Cena: 69,99\u00a0z\u0142<\/p>\r\n<a href=\"https:\/\/pakuten.pl\/49366-99916-prazkowany-komplet-dopasowana-bluzka-i-spodnie-amirallia-mleczna-biel-mleczna-biel.html\" target=\"_blank\" class=\"button\">\r\nZobacz w sklepie\r\n<\/a>\r\n<\/div>\r\n<\/div>\r\n<div class=\"one_third last \" style=\"\">\r\n<div class=\"product-box\">\r\n<a href=\"https:\/\/pakuten.pl\/49436-100030-czekoladowa-dopasowana-bluzka-hanako-czekoladowy.html\" target=\"_blank\">\r\n  <img src=\"https:\/\/media.pakuten.pl\/281507-large_default\/czekoladowa-dopasowana-bluzka-hanako.jpg\" alt=\"Czekoladowa dopasowana bluzka Hanako\"\/>\r\n<\/a>\r\n<p>\r\n<a href=\"https:\/\/pakuten.pl\/49436-100030-czekoladowa-dopasowana-bluzka-hanako-czekoladowy.html\" target=\"_blank\">\r\nCzekoladowa dopasowana bluzka Hanako\r\n<\/a><\/p>\r\n  <p>Cena: 49,99\u00a0z\u0142<\/p>\r\n<a href=\"https:\/\/pakuten.pl\/49436-100030-czekoladowa-dopasowana-bluzka-hanako-czekoladowy.html\" target=\"_blank\" class=\"button\">\r\nZobacz w sklepie\r\n<\/a>\r\n<\/div>\r\n<\/div><br class=\"clear\"\/>\r\n<\/div>\n<h2 class=\"p1\"><span style=\"color: #ff9900;\">Jak \u0142\u0105czy\u0107 kolory, aby nie skr\u00f3ci\u0107 sylwetki?<\/span><\/h2>\n<p class=\"p2\">Kolor ma wp\u0142yw na proporcje. I to bardzo du\u017cy. Dlatego warto u\u017cywa\u0107 go \u015bwiadomie. Je\u015bli chcesz wyd\u0142u\u017cy\u0107 sylwetk\u0119, trzymaj si\u0119 jednej tonacji. Na przyk\u0142ad jasny be\u017c u g\u00f3ry i ja\u015bniejszy be\u017c na dole. To dzia\u0142a, poniewa\u017c oko nie widzi \u201eci\u0119cia\u201d.<\/p>\n<p class=\"p2\">Z kolei kontrast warto zostawi\u0107 na dodatki. Pasek, torebka albo buty mog\u0105 by\u0107 ciemniejsze. Dzi\u0119ki temu stylizacja zyskuje charakter. Ale nie traci lekko\u015bci.<\/p>\n<p class=\"p2\">Je\u015bli jednak lubisz kontrasty, te\u017c mo\u017cesz je nosi\u0107. Trzeba tylko zachowa\u0107 r\u00f3wnowag\u0119. G\u00f3ra jasna i d\u00f3\u0142 ciemny to klasyka. Ale wtedy zadbaj o spokojny fason. I o prost\u0105 form\u0119. Wtedy kolor nie przyt\u0142acza.<\/p>\n<div id=\"attachment_10792\" style=\"width: 610px\" class=\"wp-caption aligncenter\"><img aria-describedby=\"caption-attachment-10792\" loading=\"lazy\" class=\"size-full wp-image-10792\" src=\"https:\/\/pakuten.pl\/blog\/wp-content\/uploads\/2026\/02\/Projekt-bez-nazwy-74.png\" alt=\"Jak \u0142\u0105czy\u0107 kolory, aby nie skr\u00f3ci\u0107 sylwetki?\" width=\"600\" height=\"900\" \/><p id=\"caption-attachment-10792\" class=\"wp-caption-text\">Czarne spodnie typu dzwony z koronk\u0105 Mrecia<\/p><\/div>\n<h2 class=\"p1\"><span style=\"color: #ff9900;\">Jak \u0142\u0105czy\u0107 kolory w stylizacjach wiosennych krok po kroku?<\/span><\/h2>\n<p class=\"p1\">Najpro\u015bciej jest my\u015ble\u0107 w zestawach po trzy kolory. To bezpieczna liczba. I to sprawdzona zasada. Pierwszy kolor to baza. Drugi to uzupe\u0142nienie. Trzeci to akcent. Dzi\u0119ki temu stylizacja nie jest nudna. Ale te\u017c nie jest chaotyczna.<\/p>\n<p class=\"p1\">Na przyk\u0142ad: ecru + jasny br\u0105z + pastelowy b\u0142\u0119kit. Albo: mleczna biel + szaro\u015b\u0107 + pudrowy r\u00f3\u017c. Takie zestawy zawsze wygl\u0105daj\u0105 \u015bwie\u017co. A przy tym s\u0105 bardzo wiosenne.<\/p>\n<p><img loading=\"lazy\" class=\"aligncenter size-full wp-image-10793\" src=\"https:\/\/pakuten.pl\/blog\/wp-content\/uploads\/2026\/02\/Jak-la\u0328czyc\u0301-kolory-w-stylizacjach-wiosennych-krok-po-kroku.png\" alt=\"Jak \u0142\u0105czy\u0107 kolory w stylizacjach wiosennych krok po kroku?\" width=\"600\" height=\"900\" \/><\/p>\n<p class=\"p1\">Warto te\u017c pami\u0119ta\u0107 o fakturach. Poniewa\u017c kolor na dzianinie wygl\u0105da inaczej ni\u017c na g\u0142adkiej tkaninie. Dlatego nawet podobne odcienie mog\u0105 si\u0119 r\u00f3\u017cni\u0107. I to jest zaleta. To daje g\u0142\u0119bi\u0119. A jednocze\u015bnie zachowuje sp\u00f3jno\u015b\u0107.<\/p>\n<h2 class=\"p1\"><span style=\"color: #ff9900;\">Kolory modne wiosn\u0105 2026 i jak je ze sob\u0105 zestawia\u0107<\/span><\/h2>\n<p data-start=\"1190\" data-end=\"1371\">W 2026 roku kr\u00f3luj\u0105 spokojne barwy, jednak nie s\u0105 one nudne. W palecie pojawia si\u0119 mleczna biel, ciep\u0142y be\u017c oraz czekolada. Obok nich wida\u0107 te\u017c pastele, ale w wersji przygaszonej.<\/p>\n<p data-start=\"1373\" data-end=\"1589\">Te kolory \u015bwietnie si\u0119 \u0142\u0105cz\u0105, poniewa\u017c maj\u0105 podobn\u0105 mi\u0119kko\u015b\u0107. Bez problemu zestawisz be\u017c z b\u0142\u0119kitem, ale r\u00f3wnie dobrze po\u0142\u0105czysz czekolad\u0119 z ecru. Oba warianty b\u0119d\u0105 wygl\u0105da\u0107 elegancko, a jednocze\u015bnie bardzo \u015bwie\u017co.<\/p>\n<p data-start=\"1591\" data-end=\"1772\">Je\u015bli chcesz doda\u0107 energii, zr\u00f3b to jednym elementem. Mo\u017ce to by\u0107 bluzka albo torebka, natomiast reszta stylizacji powinna pozosta\u0107 spokojna. Dzi\u0119ki temu ca\u0142o\u015b\u0107 nie straci harmonii.<\/p>\n<p>\u00a0<\/p>\n<blockquote class=\"instagram-media\" style=\"background: #FFF; border: 0; border-radius: 3px; box-shadow: 0 0 1px 0 rgba(0,0,0,0.5),0 1px 10px 0 rgba(0,0,0,0.15); margin: 1px; max-width: 540px; min-width: 326px; padding: 0; width: calc(100% - 2px);\" data-instgrm-permalink=\"https:\/\/www.instagram.com\/reel\/DTqOb0UiJfQ\/?utm_source=ig_embed&amp;utm_campaign=loading\" data-instgrm-version=\"14\">\n<div style=\"padding: 16px;\">\n<div style=\"display: flex; flex-direction: row; align-items: center;\">\n<div style=\"background-color: #f4f4f4; border-radius: 50%; flex-grow: 0; height: 40px; margin-right: 14px; width: 40px;\">\u00a0<\/div>\n<div style=\"display: flex; flex-direction: column; flex-grow: 1; justify-content: center;\">\n<div style=\"background-color: #f4f4f4; border-radius: 4px; flex-grow: 0; height: 14px; margin-bottom: 6px; width: 100px;\">\u00a0<\/div>\n<div style=\"background-color: #f4f4f4; border-radius: 4px; flex-grow: 0; height: 14px; width: 60px;\">\u00a0<\/div>\n<\/div>\n<\/div>\n<div style=\"padding: 19% 0;\">\u00a0<\/div>\n<div style=\"display: block; height: 50px; margin: 0 auto 12px; width: 50px;\">\u00a0<\/div>\n<div style=\"padding-top: 8px;\">\n<div style=\"color: #3897f0; font-family: Arial,sans-serif; font-size: 14px; font-style: normal; font-weight: 550; line-height: 18px;\">Wy\u015bwietl ten post na Instagramie<\/div>\n<\/div>\n<div style=\"padding: 12.5% 0;\">\u00a0<\/div>\n<div style=\"display: flex; flex-direction: row; margin-bottom: 14px; align-items: center;\">\n<div>\n<div style=\"background-color: #f4f4f4; border-radius: 50%; height: 12.5px; width: 12.5px; transform: translateX(0px) translateY(7px);\">\u00a0<\/div>\n<div style=\"background-color: #f4f4f4; height: 12.5px; transform: rotate(-45deg) translateX(3px) translateY(1px); width: 12.5px; flex-grow: 0; margin-right: 14px; margin-left: 2px;\">\u00a0<\/div>\n<div style=\"background-color: #f4f4f4; border-radius: 50%; height: 12.5px; width: 12.5px; transform: translateX(9px) translateY(-18px);\">\u00a0<\/div>\n<\/div>\n<div style=\"margin-left: 8px;\">\n<div style=\"background-color: #f4f4f4; border-radius: 50%; flex-grow: 0; height: 20px; width: 20px;\">\u00a0<\/div>\n<div style=\"width: 0; height: 0; border-top: 2px solid transparent; border-left: 6px solid #f4f4f4; border-bottom: 2px solid transparent; transform: translateX(16px) translateY(-4px) rotate(30deg);\">\u00a0<\/div>\n<\/div>\n<div style=\"margin-left: auto;\">\n<div style=\"width: 0px; border-top: 8px solid #F4F4F4; border-right: 8px solid transparent; transform: translateY(16px);\">\u00a0<\/div>\n<div style=\"background-color: #f4f4f4; flex-grow: 0; height: 12px; width: 16px; transform: translateY(-4px);\">\u00a0<\/div>\n<div style=\"width: 0; height: 0; border-top: 8px solid #F4F4F4; border-left: 8px solid transparent; transform: translateY(-4px) translateX(8px);\">\u00a0<\/div>\n<\/div>\n<\/div>\n<div style=\"display: flex; flex-direction: column; flex-grow: 1; justify-content: center; margin-bottom: 24px;\">\n<div style=\"background-color: #f4f4f4; border-radius: 4px; flex-grow: 0; height: 14px; margin-bottom: 6px; width: 224px;\">\u00a0<\/div>\n<div style=\"background-color: #f4f4f4; border-radius: 4px; flex-grow: 0; height: 14px; width: 144px;\">\u00a0<\/div>\n<\/div>\n<p style=\"color: #c9c8cd; font-family: Arial,sans-serif; font-size: 14px; line-height: 17px; margin-bottom: 0; margin-top: 8px; overflow: hidden; padding: 8px 0 7px; text-align: center; text-overflow: ellipsis; white-space: nowrap;\"><a style=\"color: #c9c8cd; font-family: Arial,sans-serif; font-size: 14px; font-style: normal; font-weight: normal; line-height: 17px; text-decoration: none;\" href=\"https:\/\/www.instagram.com\/reel\/DTqOb0UiJfQ\/?utm_source=ig_embed&amp;utm_campaign=loading\" target=\"_blank\" rel=\"noopener\">Post udost\u0119pniony przez Natalia \ud83c\udf38 (@szalona_99)<\/a><\/p>\n<\/div>\n<\/blockquote>\n<p><script async src=\"\/\/www.instagram.com\/embed.js\"><\/script><\/p>\n<h2 class=\"p1\"><span style=\"color: #ff9900;\">Najcz\u0119stsze b\u0142\u0119dy w \u0142\u0105czeniu kolor\u00f3w<\/span><\/h2>\n<p class=\"p1\">Pierwszy b\u0142\u0105d to zbyt wiele mocnych barw naraz. Wiosna kusi kolorami. Ale przesyt psuje efekt. Dlatego lepiej wybra\u0107 jeden mocniejszy akcent. Reszt\u0119 zostawi\u0107 neutraln\u0105.<\/p>\n<p class=\"p1\">Drugi b\u0142\u0105d to mieszanie ciep\u0142ych i zimnych ton\u00f3w bez planu. Oczywi\u015bcie mo\u017cna to robi\u0107. Ale trzeba to robi\u0107 \u015bwiadomie. Je\u015bli tego nie dopilnujesz, stylizacja mo\u017ce wygl\u0105da\u0107 przypadkowo.<\/p>\n<p class=\"p1\">Trzeci b\u0142\u0105d to brak powt\u00f3rze\u0144 koloru. Je\u015bli jaki\u015b odcie\u0144 pojawia si\u0119 tylko raz, wygl\u0105da obco. Dlatego dobrze jest go powt\u00f3rzy\u0107. Cho\u0107by w dodatku, czy detalu.<\/p>\n<p>\u00a0<\/p>\n<p>\u00a0<\/p>\n<p class=\"p1\">Je\u015bli zastanawiasz si\u0119, jak \u0142\u0105czy\u0107 kolory, pami\u0119taj o trzech zasadach. Najpierw oprzyj stylizacj\u0119 na bazie. Nast\u0119pnie dodaj akcent z umiarem. Na koniec zadbaj o sp\u00f3jno\u015b\u0107 ton\u00f3w. W efekcie ka\u017cda wiosenna stylizacja b\u0119dzie wygl\u0105da\u0107 lekko i przemy\u015blanie.<\/p>\n<p class=\"p1\">A to w\u0142a\u015bnie daje efekt \u201edobrego stylu\u201d. Bez wysi\u0142ku. I bez chaosu.<\/p>\n\n\n<div class=\"kk-star-ratings kksr-auto kksr-align-right kksr-valign-bottom\"\n    data-payload='{&quot;align&quot;:&quot;right&quot;,&quot;id&quot;:&quot;10788&quot;,&quot;slug&quot;:&quot;default&quot;,&quot;valign&quot;:&quot;bottom&quot;,&quot;ignore&quot;:&quot;&quot;,&quot;reference&quot;:&quot;auto&quot;,&quot;class&quot;:&quot;&quot;,&quot;count&quot;:&quot;0&quot;,&quot;legendonly&quot;:&quot;&quot;,&quot;readonly&quot;:&quot;&quot;,&quot;score&quot;:&quot;0&quot;,&quot;starsonly&quot;:&quot;&quot;,&quot;best&quot;:&quot;5&quot;,&quot;gap&quot;:&quot;5&quot;,&quot;greet&quot;:&quot;Rate this post&quot;,&quot;legend&quot;:&quot;0\\\/5 - (0 votes)&quot;,&quot;size&quot;:&quot;24&quot;,&quot;width&quot;:&quot;0&quot;,&quot;_legend&quot;:&quot;{score}\\\/{best} - ({count} {votes})&quot;,&quot;font_factor&quot;:&quot;1.25&quot;}'>\n            \n<div class=\"kksr-stars\">\n    \n<div class=\"kksr-stars-inactive\">\n            <div class=\"kksr-star\" data-star=\"1\" style=\"padding-right: 5px\">\n            \n\n<div class=\"kksr-icon\" style=\"width: 24px; height: 24px;\"><\/div>\n        <\/div>\n            <div class=\"kksr-star\" data-star=\"2\" style=\"padding-right: 5px\">\n            \n\n<div class=\"kksr-icon\" style=\"width: 24px; height: 24px;\"><\/div>\n        <\/div>\n            <div class=\"kksr-star\" data-star=\"3\" style=\"padding-right: 5px\">\n            \n\n<div class=\"kksr-icon\" style=\"width: 24px; height: 24px;\"><\/div>\n        <\/div>\n            <div class=\"kksr-star\" data-star=\"4\" style=\"padding-right: 5px\">\n            \n\n<div class=\"kksr-icon\" style=\"width: 24px; height: 24px;\"><\/div>\n        <\/div>\n            <div class=\"kksr-star\" data-star=\"5\" style=\"padding-right: 5px\">\n            \n\n<div class=\"kksr-icon\" style=\"width: 24px; height: 24px;\"><\/div>\n        <\/div>\n    <\/div>\n    \n<div class=\"kksr-stars-active\" style=\"width: 0px;\">\n            <div class=\"kksr-star\" style=\"padding-right: 5px\">\n            \n\n<div class=\"kksr-icon\" style=\"width: 24px; height: 24px;\"><\/div>\n        <\/div>\n            <div class=\"kksr-star\" style=\"padding-right: 5px\">\n            \n\n<div class=\"kksr-icon\" style=\"width: 24px; height: 24px;\"><\/div>\n        <\/div>\n            <div class=\"kksr-star\" style=\"padding-right: 5px\">\n            \n\n<div class=\"kksr-icon\" style=\"width: 24px; height: 24px;\"><\/div>\n        <\/div>\n            <div class=\"kksr-star\" style=\"padding-right: 5px\">\n            \n\n<div class=\"kksr-icon\" style=\"width: 24px; height: 24px;\"><\/div>\n        <\/div>\n            <div class=\"kksr-star\" style=\"padding-right: 5px\">\n            \n\n<div class=\"kksr-icon\" style=\"width: 24px; height: 24px;\"><\/div>\n        <\/div>\n    <\/div>\n<\/div>\n                \n\n<div class=\"kksr-legend\" style=\"font-size: 19.2px;\">\n            <span class=\"kksr-muted\">Rate this post<\/span>\n    <\/div>\n    <\/div>\n","protected":false},"excerpt":{"rendered":"<p class=\"p1\">Jak \u0142\u0105czy\u0107 kolory w stylizacjach wiosennych, aby wygl\u0105da\u0107 sp\u00f3jnie i \u015bwie\u017co? To pytanie wraca co sezon. Wiosna przynosi \u015bwiat\u0142o, ale te\u017c wi\u0119cej barw. Dlatego \u0142atwo przesadzi\u0107. Jednak dobra wiadomo\u015b\u0107 jest prosta. Sp\u00f3jno\u015b\u0107 da si\u0119 zbudowa\u0107 kilkoma zasadami. Co wi\u0119cej, nie trzeba by\u0107 stylistk\u0105. Wystarczy plan. I wystarczy kilka sprawdzonych po\u0142\u0105cze\u0144.<\/p>\n<p>&nbsp;<\/p>\n<p class=\"p1\">W 2026 roku wiosna stawia na lekko\u015b\u0107. Ale stawia te\u017c na harmoni\u0119. Dlatego kolory maj\u0105 si\u0119 uzupe\u0142nia\u0107. A nie ze sob\u0105 walczy\u0107. Je\u015bli zrozumiesz te regu\u0142y, codzienne wybory stan\u0105 si\u0119 \u0142atwiejsze. I szybsze. A Twoje stylizacje b\u0119d\u0105 wygl\u0105da\u0107 \u201ejak z jednej historii\u201d.<\/p>\n","protected":false},"author":3,"featured_media":10799,"comment_status":"open","ping_status":"open","sticky":false,"template":"","format":"standard","meta":[],"categories":[4],"tags":[],"yoast_head":"<!-- This site is optimized with the Yoast SEO plugin v18.4.1 - https:\/\/yoast.com\/wordpress\/plugins\/seo\/ -->\n<title>Jak \u0142\u0105czy\u0107 kolory w stylizacjach wiosennych, \u017ceby wygl\u0105da\u0107 sp\u00f3jnie? - Pakuten blog<\/title>\n<meta name=\"description\" content=\"Jak \u0142\u0105czy\u0107 kolory w stylizacjach wiosennych? Poznaj proste zasady, modne zestawienia i sposoby na sp\u00f3jny, lekki look.\" \/>\n<meta name=\"robots\" content=\"index, follow, max-snippet:-1, max-image-preview:large, max-video-preview:-1\" \/>\n<link rel=\"canonical\" href=\"https:\/\/pakuten.pl\/blog\/jak-laczyc-kolory-w-stylizacjach-wiosennych-zeby-wygladac-spojnie\/\" \/>\n<meta property=\"og:locale\" content=\"pl_PL\" \/>\n<meta property=\"og:type\" content=\"article\" \/>\n<meta property=\"og:title\" content=\"Jak \u0142\u0105czy\u0107 kolory w stylizacjach wiosennych, \u017ceby wygl\u0105da\u0107 sp\u00f3jnie? - Pakuten blog\" \/>\n<meta property=\"og:description\" content=\"Jak \u0142\u0105czy\u0107 kolory w stylizacjach wiosennych? Poznaj proste zasady, modne zestawienia i sposoby na sp\u00f3jny, lekki look.\" \/>\n<meta property=\"og:url\" content=\"https:\/\/pakuten.pl\/blog\/jak-laczyc-kolory-w-stylizacjach-wiosennych-zeby-wygladac-spojnie\/\" \/>\n<meta property=\"og:site_name\" content=\"Pakuten blog\" \/>\n<meta property=\"article:published_time\" content=\"2026-02-13T13:55:54+00:00\" \/>\n<meta property=\"article:modified_time\" content=\"2026-02-13T13:55:56+00:00\" \/>\n<meta property=\"og:image\" content=\"https:\/\/pakuten.pl\/blog\/wp-content\/uploads\/2026\/02\/Jak-la\u0328czyc\u0301-kolory-w-stylizacjach.png\" \/>\n\t<meta property=\"og:image:width\" content=\"1280\" \/>\n\t<meta property=\"og:image:height\" content=\"853\" \/>\n\t<meta property=\"og:image:type\" content=\"image\/png\" \/>\n<meta name=\"twitter:card\" content=\"summary_large_image\" \/>\n<meta name=\"twitter:label1\" content=\"Napisane przez\" \/>\n\t<meta name=\"twitter:data1\" content=\"Pakuten Girl\" \/>\n\t<meta name=\"twitter:label2\" content=\"Szacowany czas czytania\" \/>\n\t<meta name=\"twitter:data2\" content=\"5 minut\" \/>\n<script type=\"application\/ld+json\" class=\"yoast-schema-graph\">{\"@context\":\"https:\/\/schema.org\",\"@graph\":[{\"@type\":\"Organization\",\"@id\":\"https:\/\/pakuten.pl\/blog\/#organization\",\"name\":\"Pakuten\",\"url\":\"https:\/\/pakuten.pl\/blog\/\",\"sameAs\":[],\"logo\":{\"@type\":\"ImageObject\",\"@id\":\"https:\/\/pakuten.pl\/blog\/#logo\",\"inLanguage\":\"pl-PL\",\"url\":\"http:\/\/pakuten.pl\/blog\/wp-content\/uploads\/2018\/01\/pakuten_logo.png\",\"contentUrl\":\"http:\/\/pakuten.pl\/blog\/wp-content\/uploads\/2018\/01\/pakuten_logo.png\",\"width\":300,\"height\":120,\"caption\":\"Pakuten\"},\"image\":{\"@id\":\"https:\/\/pakuten.pl\/blog\/#logo\"}},{\"@type\":\"WebSite\",\"@id\":\"https:\/\/pakuten.pl\/blog\/#website\",\"url\":\"https:\/\/pakuten.pl\/blog\/\",\"name\":\"Pakuten blog\",\"description\":\"Blog sklepu internetowego pakuten.pl\",\"publisher\":{\"@id\":\"https:\/\/pakuten.pl\/blog\/#organization\"},\"potentialAction\":[{\"@type\":\"SearchAction\",\"target\":{\"@type\":\"EntryPoint\",\"urlTemplate\":\"https:\/\/pakuten.pl\/blog\/?s={search_term_string}\"},\"query-input\":\"required name=search_term_string\"}],\"inLanguage\":\"pl-PL\"},{\"@type\":\"ImageObject\",\"@id\":\"https:\/\/pakuten.pl\/blog\/jak-laczyc-kolory-w-stylizacjach-wiosennych-zeby-wygladac-spojnie\/#primaryimage\",\"inLanguage\":\"pl-PL\",\"url\":\"https:\/\/pakuten.pl\/blog\/wp-content\/uploads\/2026\/02\/Jak-la\u0328czyc\u0301-kolory-w-stylizacjach.png\",\"contentUrl\":\"https:\/\/pakuten.pl\/blog\/wp-content\/uploads\/2026\/02\/Jak-la\u0328czyc\u0301-kolory-w-stylizacjach.png\",\"width\":1280,\"height\":853,\"caption\":\"Jak \u0142\u0105czy\u0107 kolory w stylizacjach wiosennych, \u017ceby wygl\u0105da\u0107 sp\u00f3jnie?\"},{\"@type\":\"WebPage\",\"@id\":\"https:\/\/pakuten.pl\/blog\/jak-laczyc-kolory-w-stylizacjach-wiosennych-zeby-wygladac-spojnie\/#webpage\",\"url\":\"https:\/\/pakuten.pl\/blog\/jak-laczyc-kolory-w-stylizacjach-wiosennych-zeby-wygladac-spojnie\/\",\"name\":\"Jak \u0142\u0105czy\u0107 kolory w stylizacjach wiosennych, \u017ceby wygl\u0105da\u0107 sp\u00f3jnie? - Pakuten blog\",\"isPartOf\":{\"@id\":\"https:\/\/pakuten.pl\/blog\/#website\"},\"primaryImageOfPage\":{\"@id\":\"https:\/\/pakuten.pl\/blog\/jak-laczyc-kolory-w-stylizacjach-wiosennych-zeby-wygladac-spojnie\/#primaryimage\"},\"datePublished\":\"2026-02-13T13:55:54+00:00\",\"dateModified\":\"2026-02-13T13:55:56+00:00\",\"description\":\"Jak \u0142\u0105czy\u0107 kolory w stylizacjach wiosennych? Poznaj proste zasady, modne zestawienia i sposoby na sp\u00f3jny, lekki look.\",\"breadcrumb\":{\"@id\":\"https:\/\/pakuten.pl\/blog\/jak-laczyc-kolory-w-stylizacjach-wiosennych-zeby-wygladac-spojnie\/#breadcrumb\"},\"inLanguage\":\"pl-PL\",\"potentialAction\":[{\"@type\":\"ReadAction\",\"target\":[\"https:\/\/pakuten.pl\/blog\/jak-laczyc-kolory-w-stylizacjach-wiosennych-zeby-wygladac-spojnie\/\"]}]},{\"@type\":\"BreadcrumbList\",\"@id\":\"https:\/\/pakuten.pl\/blog\/jak-laczyc-kolory-w-stylizacjach-wiosennych-zeby-wygladac-spojnie\/#breadcrumb\",\"itemListElement\":[{\"@type\":\"ListItem\",\"position\":1,\"name\":\"Strona g\u0142\u00f3wna\",\"item\":\"https:\/\/pakuten.pl\/blog\/\"},{\"@type\":\"ListItem\",\"position\":2,\"name\":\"Jak \u0142\u0105czy\u0107 kolory w stylizacjach wiosennych, \u017ceby wygl\u0105da\u0107 sp\u00f3jnie?\"}]},{\"@type\":\"Article\",\"@id\":\"https:\/\/pakuten.pl\/blog\/jak-laczyc-kolory-w-stylizacjach-wiosennych-zeby-wygladac-spojnie\/#article\",\"isPartOf\":{\"@id\":\"https:\/\/pakuten.pl\/blog\/jak-laczyc-kolory-w-stylizacjach-wiosennych-zeby-wygladac-spojnie\/#webpage\"},\"author\":{\"@id\":\"https:\/\/pakuten.pl\/blog\/#\/schema\/person\/d7133af30211381a4e4536d088384556\"},\"headline\":\"Jak \u0142\u0105czy\u0107 kolory w stylizacjach wiosennych, \u017ceby wygl\u0105da\u0107 sp\u00f3jnie?\",\"datePublished\":\"2026-02-13T13:55:54+00:00\",\"dateModified\":\"2026-02-13T13:55:56+00:00\",\"mainEntityOfPage\":{\"@id\":\"https:\/\/pakuten.pl\/blog\/jak-laczyc-kolory-w-stylizacjach-wiosennych-zeby-wygladac-spojnie\/#webpage\"},\"wordCount\":788,\"commentCount\":0,\"publisher\":{\"@id\":\"https:\/\/pakuten.pl\/blog\/#organization\"},\"image\":{\"@id\":\"https:\/\/pakuten.pl\/blog\/jak-laczyc-kolory-w-stylizacjach-wiosennych-zeby-wygladac-spojnie\/#primaryimage\"},\"thumbnailUrl\":\"https:\/\/pakuten.pl\/blog\/wp-content\/uploads\/2026\/02\/Jak-la\u0328czyc\u0301-kolory-w-stylizacjach.png\",\"articleSection\":[\"Tips&amp;Tricks\"],\"inLanguage\":\"pl-PL\",\"potentialAction\":[{\"@type\":\"CommentAction\",\"name\":\"Comment\",\"target\":[\"https:\/\/pakuten.pl\/blog\/jak-laczyc-kolory-w-stylizacjach-wiosennych-zeby-wygladac-spojnie\/#respond\"]}]},{\"@type\":\"Person\",\"@id\":\"https:\/\/pakuten.pl\/blog\/#\/schema\/person\/d7133af30211381a4e4536d088384556\",\"name\":\"Pakuten Girl\",\"image\":{\"@type\":\"ImageObject\",\"@id\":\"https:\/\/pakuten.pl\/blog\/#personlogo\",\"inLanguage\":\"pl-PL\",\"url\":\"https:\/\/secure.gravatar.com\/avatar\/d3df41de2caf92e6cfded9430c2ff352?s=96&d=mm&r=g\",\"contentUrl\":\"https:\/\/secure.gravatar.com\/avatar\/d3df41de2caf92e6cfded9430c2ff352?s=96&d=mm&r=g\",\"caption\":\"Pakuten Girl\"},\"description\":\"Cze\u015b\u0107, nazywam si\u0119 Ola. Kocham Netflixa, sals\u0119, nowo\u015bci kosmetyczne i najnowsze trendy w modzie.\",\"url\":\"https:\/\/pakuten.pl\/blog\/author\/pakuten-girl\/\"}]}<\/script>\n<!-- \/ Yoast SEO plugin. -->","yoast_head_json":{"title":"Jak \u0142\u0105czy\u0107 kolory w stylizacjach wiosennych, \u017ceby wygl\u0105da\u0107 sp\u00f3jnie? - Pakuten blog","description":"Jak \u0142\u0105czy\u0107 kolory w stylizacjach wiosennych? Poznaj proste zasady, modne zestawienia i sposoby na sp\u00f3jny, lekki look.","robots":{"index":"index","follow":"follow","max-snippet":"max-snippet:-1","max-image-preview":"max-image-preview:large","max-video-preview":"max-video-preview:-1"},"canonical":"https:\/\/pakuten.pl\/blog\/jak-laczyc-kolory-w-stylizacjach-wiosennych-zeby-wygladac-spojnie\/","og_locale":"pl_PL","og_type":"article","og_title":"Jak \u0142\u0105czy\u0107 kolory w stylizacjach wiosennych, \u017ceby wygl\u0105da\u0107 sp\u00f3jnie? - Pakuten blog","og_description":"Jak \u0142\u0105czy\u0107 kolory w stylizacjach wiosennych? Poznaj proste zasady, modne zestawienia i sposoby na sp\u00f3jny, lekki look.","og_url":"https:\/\/pakuten.pl\/blog\/jak-laczyc-kolory-w-stylizacjach-wiosennych-zeby-wygladac-spojnie\/","og_site_name":"Pakuten blog","article_published_time":"2026-02-13T13:55:54+00:00","article_modified_time":"2026-02-13T13:55:56+00:00","og_image":[{"width":1280,"height":853,"url":"https:\/\/pakuten.pl\/blog\/wp-content\/uploads\/2026\/02\/Jak-la\u0328czyc\u0301-kolory-w-stylizacjach.png","type":"image\/png"}],"twitter_card":"summary_large_image","twitter_misc":{"Napisane przez":"Pakuten Girl","Szacowany czas czytania":"5 minut"},"schema":{"@context":"https:\/\/schema.org","@graph":[{"@type":"Organization","@id":"https:\/\/pakuten.pl\/blog\/#organization","name":"Pakuten","url":"https:\/\/pakuten.pl\/blog\/","sameAs":[],"logo":{"@type":"ImageObject","@id":"https:\/\/pakuten.pl\/blog\/#logo","inLanguage":"pl-PL","url":"http:\/\/pakuten.pl\/blog\/wp-content\/uploads\/2018\/01\/pakuten_logo.png","contentUrl":"http:\/\/pakuten.pl\/blog\/wp-content\/uploads\/2018\/01\/pakuten_logo.png","width":300,"height":120,"caption":"Pakuten"},"image":{"@id":"https:\/\/pakuten.pl\/blog\/#logo"}},{"@type":"WebSite","@id":"https:\/\/pakuten.pl\/blog\/#website","url":"https:\/\/pakuten.pl\/blog\/","name":"Pakuten blog","description":"Blog sklepu internetowego pakuten.pl","publisher":{"@id":"https:\/\/pakuten.pl\/blog\/#organization"},"potentialAction":[{"@type":"SearchAction","target":{"@type":"EntryPoint","urlTemplate":"https:\/\/pakuten.pl\/blog\/?s={search_term_string}"},"query-input":"required name=search_term_string"}],"inLanguage":"pl-PL"},{"@type":"ImageObject","@id":"https:\/\/pakuten.pl\/blog\/jak-laczyc-kolory-w-stylizacjach-wiosennych-zeby-wygladac-spojnie\/#primaryimage","inLanguage":"pl-PL","url":"https:\/\/pakuten.pl\/blog\/wp-content\/uploads\/2026\/02\/Jak-la\u0328czyc\u0301-kolory-w-stylizacjach.png","contentUrl":"https:\/\/pakuten.pl\/blog\/wp-content\/uploads\/2026\/02\/Jak-la\u0328czyc\u0301-kolory-w-stylizacjach.png","width":1280,"height":853,"caption":"Jak \u0142\u0105czy\u0107 kolory w stylizacjach wiosennych, \u017ceby wygl\u0105da\u0107 sp\u00f3jnie?"},{"@type":"WebPage","@id":"https:\/\/pakuten.pl\/blog\/jak-laczyc-kolory-w-stylizacjach-wiosennych-zeby-wygladac-spojnie\/#webpage","url":"https:\/\/pakuten.pl\/blog\/jak-laczyc-kolory-w-stylizacjach-wiosennych-zeby-wygladac-spojnie\/","name":"Jak \u0142\u0105czy\u0107 kolory w stylizacjach wiosennych, \u017ceby wygl\u0105da\u0107 sp\u00f3jnie? - Pakuten blog","isPartOf":{"@id":"https:\/\/pakuten.pl\/blog\/#website"},"primaryImageOfPage":{"@id":"https:\/\/pakuten.pl\/blog\/jak-laczyc-kolory-w-stylizacjach-wiosennych-zeby-wygladac-spojnie\/#primaryimage"},"datePublished":"2026-02-13T13:55:54+00:00","dateModified":"2026-02-13T13:55:56+00:00","description":"Jak \u0142\u0105czy\u0107 kolory w stylizacjach wiosennych? Poznaj proste zasady, modne zestawienia i sposoby na sp\u00f3jny, lekki look.","breadcrumb":{"@id":"https:\/\/pakuten.pl\/blog\/jak-laczyc-kolory-w-stylizacjach-wiosennych-zeby-wygladac-spojnie\/#breadcrumb"},"inLanguage":"pl-PL","potentialAction":[{"@type":"ReadAction","target":["https:\/\/pakuten.pl\/blog\/jak-laczyc-kolory-w-stylizacjach-wiosennych-zeby-wygladac-spojnie\/"]}]},{"@type":"BreadcrumbList","@id":"https:\/\/pakuten.pl\/blog\/jak-laczyc-kolory-w-stylizacjach-wiosennych-zeby-wygladac-spojnie\/#breadcrumb","itemListElement":[{"@type":"ListItem","position":1,"name":"Strona g\u0142\u00f3wna","item":"https:\/\/pakuten.pl\/blog\/"},{"@type":"ListItem","position":2,"name":"Jak \u0142\u0105czy\u0107 kolory w stylizacjach wiosennych, \u017ceby wygl\u0105da\u0107 sp\u00f3jnie?"}]},{"@type":"Article","@id":"https:\/\/pakuten.pl\/blog\/jak-laczyc-kolory-w-stylizacjach-wiosennych-zeby-wygladac-spojnie\/#article","isPartOf":{"@id":"https:\/\/pakuten.pl\/blog\/jak-laczyc-kolory-w-stylizacjach-wiosennych-zeby-wygladac-spojnie\/#webpage"},"author":{"@id":"https:\/\/pakuten.pl\/blog\/#\/schema\/person\/d7133af30211381a4e4536d088384556"},"headline":"Jak \u0142\u0105czy\u0107 kolory w stylizacjach wiosennych, \u017ceby wygl\u0105da\u0107 sp\u00f3jnie?","datePublished":"2026-02-13T13:55:54+00:00","dateModified":"2026-02-13T13:55:56+00:00","mainEntityOfPage":{"@id":"https:\/\/pakuten.pl\/blog\/jak-laczyc-kolory-w-stylizacjach-wiosennych-zeby-wygladac-spojnie\/#webpage"},"wordCount":788,"commentCount":0,"publisher":{"@id":"https:\/\/pakuten.pl\/blog\/#organization"},"image":{"@id":"https:\/\/pakuten.pl\/blog\/jak-laczyc-kolory-w-stylizacjach-wiosennych-zeby-wygladac-spojnie\/#primaryimage"},"thumbnailUrl":"https:\/\/pakuten.pl\/blog\/wp-content\/uploads\/2026\/02\/Jak-la\u0328czyc\u0301-kolory-w-stylizacjach.png","articleSection":["Tips&amp;Tricks"],"inLanguage":"pl-PL","potentialAction":[{"@type":"CommentAction","name":"Comment","target":["https:\/\/pakuten.pl\/blog\/jak-laczyc-kolory-w-stylizacjach-wiosennych-zeby-wygladac-spojnie\/#respond"]}]},{"@type":"Person","@id":"https:\/\/pakuten.pl\/blog\/#\/schema\/person\/d7133af30211381a4e4536d088384556","name":"Pakuten Girl","image":{"@type":"ImageObject","@id":"https:\/\/pakuten.pl\/blog\/#personlogo","inLanguage":"pl-PL","url":"https:\/\/secure.gravatar.com\/avatar\/d3df41de2caf92e6cfded9430c2ff352?s=96&d=mm&r=g","contentUrl":"https:\/\/secure.gravatar.com\/avatar\/d3df41de2caf92e6cfded9430c2ff352?s=96&d=mm&r=g","caption":"Pakuten Girl"},"description":"Cze\u015b\u0107, nazywam si\u0119 Ola. Kocham Netflixa, sals\u0119, nowo\u015bci kosmetyczne i najnowsze trendy w modzie.","url":"https:\/\/pakuten.pl\/blog\/author\/pakuten-girl\/"}]}},"_links":{"self":[{"href":"https:\/\/pakuten.pl\/blog\/wp-json\/wp\/v2\/posts\/10788"}],"collection":[{"href":"https:\/\/pakuten.pl\/blog\/wp-json\/wp\/v2\/posts"}],"about":[{"href":"https:\/\/pakuten.pl\/blog\/wp-json\/wp\/v2\/types\/post"}],"author":[{"embeddable":true,"href":"https:\/\/pakuten.pl\/blog\/wp-json\/wp\/v2\/users\/3"}],"replies":[{"embeddable":true,"href":"https:\/\/pakuten.pl\/blog\/wp-json\/wp\/v2\/comments?post=10788"}],"version-history":[{"count":8,"href":"https:\/\/pakuten.pl\/blog\/wp-json\/wp\/v2\/posts\/10788\/revisions"}],"predecessor-version":[{"id":10801,"href":"https:\/\/pakuten.pl\/blog\/wp-json\/wp\/v2\/posts\/10788\/revisions\/10801"}],"wp:featuredmedia":[{"embeddable":true,"href":"https:\/\/pakuten.pl\/blog\/wp-json\/wp\/v2\/media\/10799"}],"wp:attachment":[{"href":"https:\/\/pakuten.pl\/blog\/wp-json\/wp\/v2\/media?parent=10788"}],"wp:term":[{"taxonomy":"category","embeddable":true,"href":"https:\/\/pakuten.pl\/blog\/wp-json\/wp\/v2\/categories?post=10788"},{"taxonomy":"post_tag","embeddable":true,"href":"https:\/\/pakuten.pl\/blog\/wp-json\/wp\/v2\/tags?post=10788"}],"curies":[{"name":"wp","href":"https:\/\/api.w.org\/{rel}","templated":true}]}}