{"id":11047,"date":"2026-04-30T12:30:00","date_gmt":"2026-04-30T10:30:00","guid":{"rendered":"https:\/\/pakuten.pl\/blog\/?p=11047"},"modified":"2026-04-30T12:32:42","modified_gmt":"2026-04-30T10:32:42","slug":"garderoba-kapsulowa-na-sezon-prosty-przewodnik","status":"publish","type":"post","link":"https:\/\/pakuten.pl\/blog\/garderoba-kapsulowa-na-sezon-prosty-przewodnik\/","title":{"rendered":"Garderoba kapsu\u0142owa na sezon &#8211; prosty przewodnik"},"content":{"rendered":"\n<p><strong>Garderoba kapsu\u0142owa na sezon to spos\u00f3b na uporz\u0105dkowanie szafy i u\u0142atwienie codziennych wybor\u00f3w. Polega na stworzeniu zestawu ubra\u0144, kt\u00f3re do siebie pasuj\u0105. Dzi\u0119ki temu ka\u017cd\u0105 rzecz mo\u017cna \u0142atwo po\u0142\u0105czy\u0107 z inn\u0105. Co wi\u0119cej, taka garderoba pozwala oszcz\u0119dzi\u0107 czas, poniewa\u017c stylizacje powstaj\u0105 szybciej. Jednocze\u015bnie pomaga unikn\u0105\u0107 chaosu i nadmiaru ubra\u0144. Dlatego coraz wi\u0119cej kobiet wybiera w\u0142a\u015bnie to rozwi\u0105zanie.<\/strong><\/p>\n<p><strong>W praktyce kapsu\u0142owa szafa opiera si\u0119 na prostych zasadach. Najwa\u017cniejsze jest dopasowanie ubra\u0144 do stylu \u017cycia. Dzi\u0119ki temu garderoba jest nie tylko modna, ale tak\u017ce funkcjonalna. Co wi\u0119cej, ograniczona liczba rzeczy sprawia, \u017ce \u0142atwiej utrzyma\u0107 porz\u0105dek. W\u0142a\u015bnie dlatego to rozwi\u0105zanie jest tak popularne.<\/strong><\/p>\n<h2><span style=\"color: #ff9900;\"><b>Garderoba kapsu\u0142owa na sezon &#8211; prosty przewodnik krok po kroku<\/b><\/span><\/h2>\n<p>Tworzenie kapsu\u0142owej garderoby warto zacz\u0105\u0107 od analizy szafy. Najpierw nale\u017cy wybra\u0107 ubrania, kt\u00f3re faktycznie nosisz. Dzi\u0119ki temu unikniesz zb\u0119dnych rzeczy. Nast\u0119pnie warto okre\u015bli\u0107 styl, kt\u00f3ry najlepiej pasuje do Twojego \u017cycia.<\/p>\n<p>Kolejnym krokiem jest wyb\u00f3r kolor\u00f3w bazowych. Neutralne odcienie, takie jak be\u017c, kremowy czy czekoladowy, s\u0105 najbardziej uniwersalne. Dzi\u0119ki temu \u0142atwo je ze sob\u0105 \u0142\u0105czy\u0107. Co wi\u0119cej, takie kolory pasuj\u0105 do wielu dodatk\u00f3w.<\/p>\n<p>Nast\u0119pnie dobierz kilka element\u00f3w, kt\u00f3re b\u0119d\u0105 podstaw\u0105 stylizacji. Mog\u0105 to by\u0107 <span style=\"color: #ff9900;\"><a style=\"color: #ff9900;\" href=\"https:\/\/pakuten.pl\/25-spodnie\" target=\"_blank\" rel=\"noopener\">spodnie<\/a><\/span>, <span style=\"color: #ff9900;\"><a style=\"color: #ff9900;\" href=\"https:\/\/pakuten.pl\/27-sukienki\" target=\"_blank\" rel=\"noopener\">sukienki<\/a><\/span> lub <span style=\"color: #ff9900;\"><a style=\"color: #ff9900;\" href=\"https:\/\/pakuten.pl\/126-komplety\" target=\"_blank\" rel=\"noopener\">komplety<\/a><\/span>. Dzi\u0119ki temu ka\u017cda stylizacja powstaje szybciej. Jednocze\u015bnie warto doda\u0107 kilka bardziej wyrazistych element\u00f3w. Dzi\u0119ki nim stylizacja nabiera charakteru.<\/p>\n<div class=\"product-box-container\">\r\n<div class=\"one_third \" style=\"\">\r\n<div class=\"product-box\">\r\n<a href=\"https:\/\/pakuten.pl\/50298-101900-bezowa-sukienka-mini-wiazana-w-talii-candelon-bezowy.html\" target=\"_blank\">\r\n <img src=\"https:\/\/media.pakuten.pl\/285934-large_default\/bezowa-sukienka-mini-wiazana-w-talii-candelon.jpg\" alt=\"Be\u017cowa sukienka mini wi\u0105zana w talii Candelon\"\/>\r\n<\/a>\r\n<p>\r\n<a href=\"https:\/\/pakuten.pl\/50298-101900-bezowa-sukienka-mini-wiazana-w-talii-candelon-bezowy.html\" target=\"_blank\">\r\nBe\u017cowa sukienka mini wi\u0105zana w talii Candelon\r\n<\/a><\/p>\r\n  <p>Cena: 136,99\u00a0z\u0142<\/p>\r\n<a href=\"https:\/\/pakuten.pl\/50298-101900-bezowa-sukienka-mini-wiazana-w-talii-candelon-bezowy.html\" target=\"_blank\" class=\"button\">\r\nZobacz w sklepie\r\n<\/a>\r\n<\/div>\r\n<\/div>\r\n<div class=\"one_third \" style=\"\">\r\n<div class=\"product-box\">\r\n<a href=\"https:\/\/pakuten.pl\/50325-101971-czekoladowe-spodnie-z-kieszeniami-i-szerokimi-nogawkami-joeleene-czekoladowy.html\" target=\"_blank\">\r\n  <img src=\"https:\/\/media.pakuten.pl\/286083-large_default\/czekoladowe-spodnie-z-kieszeniami-i-szerokimi-nogawkami-joeleene.jpg\" alt=\"Czekoladowe spodnie z kieszeniami i szerokimi nogawkami Joeleene\"\/>\r\n<\/a>\r\n<p>\r\n<a href=\"https:\/\/pakuten.pl\/50325-101971-czekoladowe-spodnie-z-kieszeniami-i-szerokimi-nogawkami-joeleene-czekoladowy.html\" target=\"_blank\">\r\nCzekoladowe spodnie z kieszeniami i szerokimi nogawkami Joeleene\r\n<\/a><\/p>\r\n  <p>Cena: 49,99\u00a0z\u0142<\/p>\r\n<a href=\"https:\/\/pakuten.pl\/50325-101971-czekoladowe-spodnie-z-kieszeniami-i-szerokimi-nogawkami-joeleene-czekoladowy.html\" target=\"_blank\" class=\"button\">\r\nZobacz w sklepie\r\n<\/a>\r\n<\/div>\r\n<\/div>\r\n<div class=\"one_third last \" style=\"\">\r\n<div class=\"product-box\">\r\n<a href=\"https:\/\/pakuten.pl\/50360-102040-bezowy-komplet-bluzka-i-spodnie-madelka-bezowy.html\" target=\"_blank\">\r\n  <img src=\"https:\/\/media.pakuten.pl\/286281-large_default\/bezowy-komplet-bluzka-i-spodnie-madelka.jpg\" alt=\"Be\u017cowy komplet bluzka i spodnie Madelka\"\/>\r\n<\/a>\r\n<p>\r\n<a href=\"https:\/\/pakuten.pl\/50360-102040-bezowy-komplet-bluzka-i-spodnie-madelka-bezowy.html\" target=\"_blank\">\r\nBe\u017cowy komplet bluzka i spodnie Madelka\r\n<\/a><\/p>\r\n  <p>Cena: 69,99\u00a0z\u0142<\/p>\r\n<a href=\"https:\/\/pakuten.pl\/50360-102040-bezowy-komplet-bluzka-i-spodnie-madelka-bezowy.html\" target=\"_blank\" class=\"button\">\r\nZobacz w sklepie\r\n<\/a>\r\n<\/div>\r\n<\/div><br class=\"clear\"\/>\r\n<\/div>\n<h2><span style=\"color: #ff9900;\">Najwa\u017cniejsze elementy garderoby kapsu\u0142owej na sezon<\/span><\/h2>\n<p>Powinna opiera\u0107 si\u0119 na kilku kluczowych elementach. Dzi\u0119ki temu tworzenie stylizacji staje si\u0119 prostsze i bardziej intuicyjne.<\/p>\n<p>Warto mie\u0107 w szafie jedn\u0105 lub dwie sukienki. S\u0105 wygodne, a jednocze\u015bnie bardzo uniwersalne. Co wi\u0119cej, mo\u017cna je nosi\u0107 zar\u00f3wno na co dzie\u0144, jak i na wyj\u015bcie. Kolejnym elementem s\u0105 spodnie, najlepiej w neutralnym kolorze. Dzi\u0119ki temu pasuj\u0105 do wi\u0119kszo\u015bci ubra\u0144.<\/p>\n<p>Dobrym wyborem s\u0105 tak\u017ce komplety. Tworz\u0105 gotowy look, kt\u00f3ry nie wymaga wielu dodatk\u00f3w. Co wi\u0119cej, ich elementy mo\u017cna stylizowa\u0107 osobno. Dzi\u0119ki temu jeden zestaw daje wiele mo\u017cliwo\u015bci.<\/p>\n<p>Nie mo\u017cna zapomnie\u0107 o g\u00f3rnych cz\u0119\u015bciach garderoby. Proste bluzki oraz koszule to podstawa ka\u017cdej stylizacji. Dzi\u0119ki nim \u0142atwo stworzy\u0107 sp\u00f3jny look. Warto tak\u017ce mie\u0107 lekk\u0105 kurtk\u0119 lub narzutk\u0119. Dzi\u0119ki temu stylizacja b\u0119dzie dopasowana do pogody.<\/p>\n<div id=\"attachment_11054\" style=\"width: 610px\" class=\"wp-caption aligncenter\"><img aria-describedby=\"caption-attachment-11054\" loading=\"lazy\" class=\"size-full wp-image-11054\" src=\"https:\/\/pakuten.pl\/blog\/wp-content\/uploads\/2026\/04\/Garderoba-kapsulowa-na-sezon-2.png\" alt=\"\" width=\"600\" height=\"900\" \/><p id=\"caption-attachment-11054\" class=\"wp-caption-text\">Sukienka mini z falbankami Sherrie<br \/>Sukienka rozkloszowana z wyci\u0119ciem Avellora<br \/>Bluzka z bufiastymi r\u0119kawami Firtha<br \/>Pr\u0105\u017ckowana bluzka z rozszerzanym r\u0119kawem Thealeen<\/p><\/div>\n<h2><span style=\"color: #ff9900;\"><b>Garderoba kapsu\u0142owa na sezon &#8211; prosty przewodnik i jak \u0142\u0105czy\u0107 ubrania<\/b><\/span><\/h2>\n<p>\u0141\u0105czenie ubra\u0144 w kapsu\u0142owej garderobie jest bardzo proste. Wystarczy trzyma\u0107 si\u0119 kilku zasad. Dzi\u0119ki temu stylizacje zawsze wygl\u0105daj\u0105 dobrze.<\/p>\n<p>Przede wszystkim warto \u0142\u0105czy\u0107 neutralne kolory z jednym mocniejszym akcentem. Dzi\u0119ki temu stylizacja nie jest nudna. Jednocze\u015bnie pozostaje sp\u00f3jna. Co wi\u0119cej, mo\u017cna tworzy\u0107 zestawy na r\u00f3\u017cne okazje.<\/p>\n<p>Wa\u017cne jest tak\u017ce dopasowanie fason\u00f3w. Lu\u017ane elementy warto \u0142\u0105czy\u0107 z bardziej dopasowanymi. Dzi\u0119ki temu sylwetka wygl\u0105da proporcjonalnie. Jednocze\u015bnie stylizacja nabiera lekko\u015bci.<\/p>\n<p>Dodatki r\u00f3wnie\u017c odgrywaj\u0105 du\u017c\u0105 rol\u0119. Prosta torebka, wygodne buty oraz delikatna bi\u017cuteria mog\u0105 ca\u0142kowicie zmieni\u0107 look. Dzi\u0119ki temu nawet prosty zestaw wygl\u0105da bardziej stylowo.<\/p>\n<div class=\"product-box-container\">\r\n<div class=\"one_half \" style=\"\">\r\n<div class=\"product-box\">\r\n<div class=\"product-box-image\">\r\n<a href=\"https:\/\/pakuten.pl\/50259-101775-bezowy-komplet-bluzka-i-spodnie-typu-dzwony-kristenaa-bezowy.html\" target=\"_blank\">\r\n<img src=\"https:\/\/media.pakuten.pl\/285699-large_default\/bezowy-komplet-bluzka-i-spodnie-typu-dzwony-kristenaa.jpg\" alt=\"Be\u017cowy komplet bluzka i spodnie typu dzwony Kristenaa\"\/>\r\n<\/a>\r\n<\/div>\r\n<p>\r\n<a href=\"https:\/\/pakuten.pl\/50259-101775-bezowy-komplet-bluzka-i-spodnie-typu-dzwony-kristenaa-bezowy.html\" target=\"_blank\">\r\nBe\u017cowy komplet bluzka i spodnie typu dzwony Kristenaa\r\n<\/a><\/p>\r\n  <p>Cena: 129,99\u00a0z\u0142<\/p>\r\n<a href=\"https:\/\/pakuten.pl\/50259-101775-bezowy-komplet-bluzka-i-spodnie-typu-dzwony-kristenaa-bezowy.html\" target=\"_blank\" class=\"button\">\r\nZobacz w sklepie\r\n<\/a>\r\n<\/div>\r\n<\/div>\r\n<div class=\"one_half last \" style=\"\">\r\n<div class=\"product-box\">\r\n<div class=\"product-box-image\">\r\n<a href=\"https:\/\/pakuten.pl\/50306-101915-bluzka-z-bufiastymi-rekawami-firtha-maselkowa-maselkowy.html\" target=\"_blank\">\r\n<img src=\"https:\/\/media.pakuten.pl\/285978-large_default\/bluzka-z-bufiastymi-rekawami-firtha-maselkowa.jpg\"  alt=\"Bluzka z bufiastymi r\u0119kawami Firtha - mase\u0142kowa\"\/>\r\n<\/a>\r\n<\/div>\r\n<a href=\"https:\/\/pakuten.pl\/50306-101915-bluzka-z-bufiastymi-rekawami-firtha-maselkowa-maselkowy.html\" target=\"_blank\">\r\nBluzka z bufiastymi r\u0119kawami Firtha - mase\u0142kowa\r\n<\/a>\r\n  <p>Cena: 69,99\u00a0z\u0142<\/p>\r\n<a href=\"https:\/\/pakuten.pl\/50306-101915-bluzka-z-bufiastymi-rekawami-firtha-maselkowa-maselkowy.html\" target=\"_blank\" class=\"button\">\r\nZobacz w sklepie\r\n<\/a>\r\n<\/div>\r\n<\/div><br class=\"clear\"\/>\r\n<\/div>\n<h2><span style=\"color: #ff9900;\"><b>Garderoba kapsu\u0142owa na sezon &#8211; dlaczego warto j\u0105 stworzy\u0107<\/b><\/span><\/h2>\n<p>To rozwi\u0105zanie, kt\u00f3re u\u0142atwia codzienne \u017cycie. Przede wszystkim pozwala szybciej wybiera\u0107 stylizacje. Dzi\u0119ki temu poranki staj\u0105 si\u0119 mniej stresuj\u0105ce.<\/p>\n<p>Co wi\u0119cej, taka garderoba pomaga ograniczy\u0107 liczb\u0119 ubra\u0144. Dzi\u0119ki temu \u0142atwiej utrzyma\u0107 porz\u0105dek. Jednocze\u015bnie ka\u017cda rzecz ma swoje zastosowanie. To sprawia, \u017ce zakupy staj\u0105 si\u0119 bardziej przemy\u015blane.<\/p>\n<p>Warto tak\u017ce zwr\u00f3ci\u0107 uwag\u0119 na oszcz\u0119dno\u015b\u0107 czasu i pieni\u0119dzy. Kupuj\u0105c mniej, ale lepsze rzeczy, tworzysz sp\u00f3jn\u0105 garderob\u0119. Dzi\u0119ki temu ka\u017cda stylizacja wygl\u0105da dobrze.<\/p>\n<p>\u00a0<\/p>\n<blockquote class=\"instagram-media\" style=\"background: #FFF; border: 0; border-radius: 3px; box-shadow: 0 0 1px 0 rgba(0,0,0,0.5),0 1px 10px 0 rgba(0,0,0,0.15); margin: 1px; max-width: 540px; min-width: 326px; padding: 0; width: calc(100% - 2px);\" data-instgrm-permalink=\"https:\/\/www.instagram.com\/reel\/DXoh9kzgkuS\/?utm_source=ig_embed&amp;utm_campaign=loading\" data-instgrm-version=\"14\">\n<div style=\"padding: 16px;\">\n<div style=\"display: flex; flex-direction: row; align-items: center;\">\n<div style=\"background-color: #f4f4f4; border-radius: 50%; flex-grow: 0; height: 40px; margin-right: 14px; width: 40px;\">\u00a0<\/div>\n<div style=\"display: flex; flex-direction: column; flex-grow: 1; justify-content: center;\">\n<div style=\"background-color: #f4f4f4; border-radius: 4px; flex-grow: 0; height: 14px; margin-bottom: 6px; width: 100px;\">\u00a0<\/div>\n<div style=\"background-color: #f4f4f4; border-radius: 4px; flex-grow: 0; height: 14px; width: 60px;\">\u00a0<\/div>\n<\/div>\n<\/div>\n<div style=\"padding: 19% 0;\">\u00a0<\/div>\n<div style=\"display: block; height: 50px; margin: 0 auto 12px; width: 50px;\">\u00a0<\/div>\n<div style=\"padding-top: 8px;\">\n<div style=\"color: #3897f0; font-family: Arial,sans-serif; font-size: 14px; font-style: normal; font-weight: 550; line-height: 18px;\">Wy\u015bwietl ten post na Instagramie<\/div>\n<\/div>\n<div style=\"padding: 12.5% 0;\">\u00a0<\/div>\n<div style=\"display: flex; flex-direction: row; margin-bottom: 14px; align-items: center;\">\n<div>\n<div style=\"background-color: #f4f4f4; border-radius: 50%; height: 12.5px; width: 12.5px; transform: translateX(0px) translateY(7px);\">\u00a0<\/div>\n<div style=\"background-color: #f4f4f4; height: 12.5px; transform: rotate(-45deg) translateX(3px) translateY(1px); width: 12.5px; flex-grow: 0; margin-right: 14px; margin-left: 2px;\">\u00a0<\/div>\n<div style=\"background-color: #f4f4f4; border-radius: 50%; height: 12.5px; width: 12.5px; transform: translateX(9px) translateY(-18px);\">\u00a0<\/div>\n<\/div>\n<div style=\"margin-left: 8px;\">\n<div style=\"background-color: #f4f4f4; border-radius: 50%; flex-grow: 0; height: 20px; width: 20px;\">\u00a0<\/div>\n<div style=\"width: 0; height: 0; border-top: 2px solid transparent; border-left: 6px solid #f4f4f4; border-bottom: 2px solid transparent; transform: translateX(16px) translateY(-4px) rotate(30deg);\">\u00a0<\/div>\n<\/div>\n<div style=\"margin-left: auto;\">\n<div style=\"width: 0px; border-top: 8px solid #F4F4F4; border-right: 8px solid transparent; transform: translateY(16px);\">\u00a0<\/div>\n<div style=\"background-color: #f4f4f4; flex-grow: 0; height: 12px; width: 16px; transform: translateY(-4px);\">\u00a0<\/div>\n<div style=\"width: 0; height: 0; border-top: 8px solid #F4F4F4; border-left: 8px solid transparent; transform: translateY(-4px) translateX(8px);\">\u00a0<\/div>\n<\/div>\n<\/div>\n<div style=\"display: flex; flex-direction: column; flex-grow: 1; justify-content: center; margin-bottom: 24px;\">\n<div style=\"background-color: #f4f4f4; border-radius: 4px; flex-grow: 0; height: 14px; margin-bottom: 6px; width: 224px;\">\u00a0<\/div>\n<div style=\"background-color: #f4f4f4; border-radius: 4px; flex-grow: 0; height: 14px; width: 144px;\">\u00a0<\/div>\n<\/div>\n<p style=\"color: #c9c8cd; font-family: Arial,sans-serif; font-size: 14px; line-height: 17px; margin-bottom: 0; margin-top: 8px; overflow: hidden; padding: 8px 0 7px; text-align: center; text-overflow: ellipsis; white-space: nowrap;\"><a style=\"color: #c9c8cd; font-family: Arial,sans-serif; font-size: 14px; font-style: normal; font-weight: normal; line-height: 17px; text-decoration: none;\" href=\"https:\/\/www.instagram.com\/reel\/DXoh9kzgkuS\/?utm_source=ig_embed&amp;utm_campaign=loading\" target=\"_blank\" rel=\"noopener\">Post udost\u0119pniony przez Pakuten.pl | Moda damska (@pakuten.official)<\/a><\/p>\n<\/div>\n<\/blockquote>\n<p><script async=\"\" src=\"\/\/www.instagram.com\/embed.js\"><\/script><\/p>\n<p>Podsumowuj\u0105c, kapsu\u0142owa szafa to praktyczne rozwi\u0105zanie dla ka\u017cdej kobiety. \u0141\u0105czy wygod\u0119, styl oraz funkcjonalno\u015b\u0107. Dzi\u0119ki temu codzienne ubieranie staje si\u0119 prostsze i przyjemniejsze.<\/p>\n\n\n<div class=\"kk-star-ratings kksr-auto kksr-align-right kksr-valign-bottom\"\n    data-payload='{&quot;align&quot;:&quot;right&quot;,&quot;id&quot;:&quot;11047&quot;,&quot;slug&quot;:&quot;default&quot;,&quot;valign&quot;:&quot;bottom&quot;,&quot;ignore&quot;:&quot;&quot;,&quot;reference&quot;:&quot;auto&quot;,&quot;class&quot;:&quot;&quot;,&quot;count&quot;:&quot;0&quot;,&quot;legendonly&quot;:&quot;&quot;,&quot;readonly&quot;:&quot;&quot;,&quot;score&quot;:&quot;0&quot;,&quot;starsonly&quot;:&quot;&quot;,&quot;best&quot;:&quot;5&quot;,&quot;gap&quot;:&quot;5&quot;,&quot;greet&quot;:&quot;Rate this post&quot;,&quot;legend&quot;:&quot;0\\\/5 - (0 votes)&quot;,&quot;size&quot;:&quot;24&quot;,&quot;width&quot;:&quot;0&quot;,&quot;_legend&quot;:&quot;{score}\\\/{best} - ({count} {votes})&quot;,&quot;font_factor&quot;:&quot;1.25&quot;}'>\n            \n<div class=\"kksr-stars\">\n    \n<div class=\"kksr-stars-inactive\">\n            <div class=\"kksr-star\" data-star=\"1\" style=\"padding-right: 5px\">\n            \n\n<div class=\"kksr-icon\" style=\"width: 24px; height: 24px;\"><\/div>\n        <\/div>\n            <div class=\"kksr-star\" data-star=\"2\" style=\"padding-right: 5px\">\n            \n\n<div class=\"kksr-icon\" style=\"width: 24px; height: 24px;\"><\/div>\n        <\/div>\n            <div class=\"kksr-star\" data-star=\"3\" style=\"padding-right: 5px\">\n            \n\n<div class=\"kksr-icon\" style=\"width: 24px; height: 24px;\"><\/div>\n        <\/div>\n            <div class=\"kksr-star\" data-star=\"4\" style=\"padding-right: 5px\">\n            \n\n<div class=\"kksr-icon\" style=\"width: 24px; height: 24px;\"><\/div>\n        <\/div>\n            <div class=\"kksr-star\" data-star=\"5\" style=\"padding-right: 5px\">\n            \n\n<div class=\"kksr-icon\" style=\"width: 24px; height: 24px;\"><\/div>\n        <\/div>\n    <\/div>\n    \n<div class=\"kksr-stars-active\" style=\"width: 0px;\">\n            <div class=\"kksr-star\" style=\"padding-right: 5px\">\n            \n\n<div class=\"kksr-icon\" style=\"width: 24px; height: 24px;\"><\/div>\n        <\/div>\n            <div class=\"kksr-star\" style=\"padding-right: 5px\">\n            \n\n<div class=\"kksr-icon\" style=\"width: 24px; height: 24px;\"><\/div>\n        <\/div>\n            <div class=\"kksr-star\" style=\"padding-right: 5px\">\n            \n\n<div class=\"kksr-icon\" style=\"width: 24px; height: 24px;\"><\/div>\n        <\/div>\n            <div class=\"kksr-star\" style=\"padding-right: 5px\">\n            \n\n<div class=\"kksr-icon\" style=\"width: 24px; height: 24px;\"><\/div>\n        <\/div>\n            <div class=\"kksr-star\" style=\"padding-right: 5px\">\n            \n\n<div class=\"kksr-icon\" style=\"width: 24px; height: 24px;\"><\/div>\n        <\/div>\n    <\/div>\n<\/div>\n                \n\n<div class=\"kksr-legend\" style=\"font-size: 19.2px;\">\n            <span class=\"kksr-muted\">Rate this post<\/span>\n    <\/div>\n    <\/div>\n","protected":false},"excerpt":{"rendered":"<p style=\"margin: 0px; font-style: normal; font-variant-caps: normal; font-stretch: normal; font-size: 13px; line-height: normal; font-family: 'Helvetica Neue'; font-size-adjust: none; font-kerning: auto; font-variant-alternates: normal; font-variant-ligatures: normal; font-variant-numeric: normal; font-variant-east-asian: normal; font-variant-position: normal; font-variant-emoji: normal; font-feature-settings: normal; font-optical-sizing: auto; font-variation-settings: normal;\">Garderoba kapsu\u0142owa na sezon to spos\u00f3b na uporz\u0105dkowanie szafy i u\u0142atwienie codziennych wybor\u00f3w. Polega na stworzeniu zestawu ubra\u0144, kt\u00f3re do siebie pasuj\u0105. Dzi\u0119ki temu ka\u017cd\u0105 rzecz mo\u017cna \u0142atwo po\u0142\u0105czy\u0107 z inn\u0105. Co wi\u0119cej, taka garderoba pozwala oszcz\u0119dzi\u0107 czas, poniewa\u017c stylizacje powstaj\u0105 szybciej. Jednocze\u015bnie pomaga unikn\u0105\u0107 chaosu i nadmiaru ubra\u0144. Dlatego coraz wi\u0119cej kobiet wybiera w\u0142a\u015bnie to rozwi\u0105zanie.<\/p>\n<p style=\"margin: 0px; font-style: normal; font-variant-caps: normal; font-stretch: normal; font-size: 13px; line-height: normal; font-family: 'Helvetica Neue'; font-size-adjust: none; font-kerning: auto; font-variant-alternates: normal; font-variant-ligatures: normal; font-variant-numeric: normal; font-variant-east-asian: normal; font-variant-position: normal; font-variant-emoji: normal; font-feature-settings: normal; font-optical-sizing: auto; font-variation-settings: normal;\">W praktyce kapsu\u0142owa szafa opiera si\u0119 na prostych zasadach. Najwa\u017cniejsze jest dopasowanie ubra\u0144 do stylu \u017cycia. Dzi\u0119ki temu garderoba jest nie tylko modna, ale tak\u017ce funkcjonalna. Co wi\u0119cej, ograniczona liczba rzeczy sprawia, \u017ce \u0142atwiej utrzyma\u0107 porz\u0105dek. W\u0142a\u015bnie dlatego to rozwi\u0105zanie jest tak popularne.<\/p>\n","protected":false},"author":3,"featured_media":11058,"comment_status":"open","ping_status":"open","sticky":false,"template":"","format":"standard","meta":[],"categories":[3],"tags":[],"yoast_head":"<!-- This site is optimized with the Yoast SEO plugin v18.4.1 - https:\/\/yoast.com\/wordpress\/plugins\/seo\/ -->\n<title>Garderoba kapsu\u0142owa na sezon - prosty przewodnik - Pakuten blog<\/title>\n<meta name=\"description\" content=\"Garderoba kapsu\u0142owa na sezon \u2013 prosty przewodnik. Sprawd\u017a, jak stworzy\u0107 sp\u00f3jn\u0105 szaf\u0119 i szybko tworzy\u0107 stylizacje na co dzie\u0144.\" \/>\n<meta name=\"robots\" content=\"index, follow, max-snippet:-1, max-image-preview:large, max-video-preview:-1\" \/>\n<link rel=\"canonical\" href=\"https:\/\/pakuten.pl\/blog\/garderoba-kapsulowa-na-sezon-prosty-przewodnik\/\" \/>\n<meta property=\"og:locale\" content=\"pl_PL\" \/>\n<meta property=\"og:type\" content=\"article\" \/>\n<meta property=\"og:title\" content=\"Garderoba kapsu\u0142owa na sezon - prosty przewodnik - Pakuten blog\" \/>\n<meta property=\"og:description\" content=\"Garderoba kapsu\u0142owa na sezon \u2013 prosty przewodnik. Sprawd\u017a, jak stworzy\u0107 sp\u00f3jn\u0105 szaf\u0119 i szybko tworzy\u0107 stylizacje na co dzie\u0144.\" \/>\n<meta property=\"og:url\" content=\"https:\/\/pakuten.pl\/blog\/garderoba-kapsulowa-na-sezon-prosty-przewodnik\/\" \/>\n<meta property=\"og:site_name\" content=\"Pakuten blog\" \/>\n<meta property=\"article:published_time\" content=\"2026-04-30T10:30:00+00:00\" \/>\n<meta property=\"article:modified_time\" content=\"2026-04-30T10:32:42+00:00\" \/>\n<meta property=\"og:image\" content=\"https:\/\/pakuten.pl\/blog\/wp-content\/uploads\/2026\/04\/Garderoba-kapsulowa-na-sezon.png\" \/>\n\t<meta property=\"og:image:width\" content=\"1280\" \/>\n\t<meta property=\"og:image:height\" content=\"853\" \/>\n\t<meta property=\"og:image:type\" content=\"image\/png\" \/>\n<meta name=\"twitter:card\" content=\"summary_large_image\" \/>\n<meta name=\"twitter:label1\" content=\"Napisane przez\" \/>\n\t<meta name=\"twitter:data1\" content=\"Pakuten Girl\" \/>\n\t<meta name=\"twitter:label2\" content=\"Szacowany czas czytania\" \/>\n\t<meta name=\"twitter:data2\" content=\"4 minuty\" \/>\n<script type=\"application\/ld+json\" class=\"yoast-schema-graph\">{\"@context\":\"https:\/\/schema.org\",\"@graph\":[{\"@type\":\"Organization\",\"@id\":\"https:\/\/pakuten.pl\/blog\/#organization\",\"name\":\"Pakuten\",\"url\":\"https:\/\/pakuten.pl\/blog\/\",\"sameAs\":[],\"logo\":{\"@type\":\"ImageObject\",\"@id\":\"https:\/\/pakuten.pl\/blog\/#logo\",\"inLanguage\":\"pl-PL\",\"url\":\"http:\/\/pakuten.pl\/blog\/wp-content\/uploads\/2018\/01\/pakuten_logo.png\",\"contentUrl\":\"http:\/\/pakuten.pl\/blog\/wp-content\/uploads\/2018\/01\/pakuten_logo.png\",\"width\":300,\"height\":120,\"caption\":\"Pakuten\"},\"image\":{\"@id\":\"https:\/\/pakuten.pl\/blog\/#logo\"}},{\"@type\":\"WebSite\",\"@id\":\"https:\/\/pakuten.pl\/blog\/#website\",\"url\":\"https:\/\/pakuten.pl\/blog\/\",\"name\":\"Pakuten blog\",\"description\":\"Blog sklepu internetowego pakuten.pl\",\"publisher\":{\"@id\":\"https:\/\/pakuten.pl\/blog\/#organization\"},\"potentialAction\":[{\"@type\":\"SearchAction\",\"target\":{\"@type\":\"EntryPoint\",\"urlTemplate\":\"https:\/\/pakuten.pl\/blog\/?s={search_term_string}\"},\"query-input\":\"required name=search_term_string\"}],\"inLanguage\":\"pl-PL\"},{\"@type\":\"ImageObject\",\"@id\":\"https:\/\/pakuten.pl\/blog\/garderoba-kapsulowa-na-sezon-prosty-przewodnik\/#primaryimage\",\"inLanguage\":\"pl-PL\",\"url\":\"https:\/\/pakuten.pl\/blog\/wp-content\/uploads\/2026\/04\/Garderoba-kapsulowa-na-sezon.png\",\"contentUrl\":\"https:\/\/pakuten.pl\/blog\/wp-content\/uploads\/2026\/04\/Garderoba-kapsulowa-na-sezon.png\",\"width\":1280,\"height\":853},{\"@type\":\"WebPage\",\"@id\":\"https:\/\/pakuten.pl\/blog\/garderoba-kapsulowa-na-sezon-prosty-przewodnik\/#webpage\",\"url\":\"https:\/\/pakuten.pl\/blog\/garderoba-kapsulowa-na-sezon-prosty-przewodnik\/\",\"name\":\"Garderoba kapsu\u0142owa na sezon - prosty przewodnik - Pakuten blog\",\"isPartOf\":{\"@id\":\"https:\/\/pakuten.pl\/blog\/#website\"},\"primaryImageOfPage\":{\"@id\":\"https:\/\/pakuten.pl\/blog\/garderoba-kapsulowa-na-sezon-prosty-przewodnik\/#primaryimage\"},\"datePublished\":\"2026-04-30T10:30:00+00:00\",\"dateModified\":\"2026-04-30T10:32:42+00:00\",\"description\":\"Garderoba kapsu\u0142owa na sezon \u2013 prosty przewodnik. Sprawd\u017a, jak stworzy\u0107 sp\u00f3jn\u0105 szaf\u0119 i szybko tworzy\u0107 stylizacje na co dzie\u0144.\",\"breadcrumb\":{\"@id\":\"https:\/\/pakuten.pl\/blog\/garderoba-kapsulowa-na-sezon-prosty-przewodnik\/#breadcrumb\"},\"inLanguage\":\"pl-PL\",\"potentialAction\":[{\"@type\":\"ReadAction\",\"target\":[\"https:\/\/pakuten.pl\/blog\/garderoba-kapsulowa-na-sezon-prosty-przewodnik\/\"]}]},{\"@type\":\"BreadcrumbList\",\"@id\":\"https:\/\/pakuten.pl\/blog\/garderoba-kapsulowa-na-sezon-prosty-przewodnik\/#breadcrumb\",\"itemListElement\":[{\"@type\":\"ListItem\",\"position\":1,\"name\":\"Strona g\u0142\u00f3wna\",\"item\":\"https:\/\/pakuten.pl\/blog\/\"},{\"@type\":\"ListItem\",\"position\":2,\"name\":\"Garderoba kapsu\u0142owa na sezon &#8211; prosty przewodnik\"}]},{\"@type\":\"Article\",\"@id\":\"https:\/\/pakuten.pl\/blog\/garderoba-kapsulowa-na-sezon-prosty-przewodnik\/#article\",\"isPartOf\":{\"@id\":\"https:\/\/pakuten.pl\/blog\/garderoba-kapsulowa-na-sezon-prosty-przewodnik\/#webpage\"},\"author\":{\"@id\":\"https:\/\/pakuten.pl\/blog\/#\/schema\/person\/d7133af30211381a4e4536d088384556\"},\"headline\":\"Garderoba kapsu\u0142owa na sezon &#8211; prosty przewodnik\",\"datePublished\":\"2026-04-30T10:30:00+00:00\",\"dateModified\":\"2026-04-30T10:32:42+00:00\",\"mainEntityOfPage\":{\"@id\":\"https:\/\/pakuten.pl\/blog\/garderoba-kapsulowa-na-sezon-prosty-przewodnik\/#webpage\"},\"wordCount\":733,\"commentCount\":0,\"publisher\":{\"@id\":\"https:\/\/pakuten.pl\/blog\/#organization\"},\"image\":{\"@id\":\"https:\/\/pakuten.pl\/blog\/garderoba-kapsulowa-na-sezon-prosty-przewodnik\/#primaryimage\"},\"thumbnailUrl\":\"https:\/\/pakuten.pl\/blog\/wp-content\/uploads\/2026\/04\/Garderoba-kapsulowa-na-sezon.png\",\"articleSection\":[\"Top Trends\"],\"inLanguage\":\"pl-PL\",\"potentialAction\":[{\"@type\":\"CommentAction\",\"name\":\"Comment\",\"target\":[\"https:\/\/pakuten.pl\/blog\/garderoba-kapsulowa-na-sezon-prosty-przewodnik\/#respond\"]}]},{\"@type\":\"Person\",\"@id\":\"https:\/\/pakuten.pl\/blog\/#\/schema\/person\/d7133af30211381a4e4536d088384556\",\"name\":\"Pakuten Girl\",\"image\":{\"@type\":\"ImageObject\",\"@id\":\"https:\/\/pakuten.pl\/blog\/#personlogo\",\"inLanguage\":\"pl-PL\",\"url\":\"https:\/\/secure.gravatar.com\/avatar\/d3df41de2caf92e6cfded9430c2ff352?s=96&d=mm&r=g\",\"contentUrl\":\"https:\/\/secure.gravatar.com\/avatar\/d3df41de2caf92e6cfded9430c2ff352?s=96&d=mm&r=g\",\"caption\":\"Pakuten Girl\"},\"description\":\"Cze\u015b\u0107, nazywam si\u0119 Ola. Kocham Netflixa, sals\u0119, nowo\u015bci kosmetyczne i najnowsze trendy w modzie.\",\"url\":\"https:\/\/pakuten.pl\/blog\/author\/pakuten-girl\/\"}]}<\/script>\n<!-- \/ Yoast SEO plugin. -->","yoast_head_json":{"title":"Garderoba kapsu\u0142owa na sezon - prosty przewodnik - Pakuten blog","description":"Garderoba kapsu\u0142owa na sezon \u2013 prosty przewodnik. Sprawd\u017a, jak stworzy\u0107 sp\u00f3jn\u0105 szaf\u0119 i szybko tworzy\u0107 stylizacje na co dzie\u0144.","robots":{"index":"index","follow":"follow","max-snippet":"max-snippet:-1","max-image-preview":"max-image-preview:large","max-video-preview":"max-video-preview:-1"},"canonical":"https:\/\/pakuten.pl\/blog\/garderoba-kapsulowa-na-sezon-prosty-przewodnik\/","og_locale":"pl_PL","og_type":"article","og_title":"Garderoba kapsu\u0142owa na sezon - prosty przewodnik - Pakuten blog","og_description":"Garderoba kapsu\u0142owa na sezon \u2013 prosty przewodnik. Sprawd\u017a, jak stworzy\u0107 sp\u00f3jn\u0105 szaf\u0119 i szybko tworzy\u0107 stylizacje na co dzie\u0144.","og_url":"https:\/\/pakuten.pl\/blog\/garderoba-kapsulowa-na-sezon-prosty-przewodnik\/","og_site_name":"Pakuten blog","article_published_time":"2026-04-30T10:30:00+00:00","article_modified_time":"2026-04-30T10:32:42+00:00","og_image":[{"width":1280,"height":853,"url":"https:\/\/pakuten.pl\/blog\/wp-content\/uploads\/2026\/04\/Garderoba-kapsulowa-na-sezon.png","type":"image\/png"}],"twitter_card":"summary_large_image","twitter_misc":{"Napisane przez":"Pakuten Girl","Szacowany czas czytania":"4 minuty"},"schema":{"@context":"https:\/\/schema.org","@graph":[{"@type":"Organization","@id":"https:\/\/pakuten.pl\/blog\/#organization","name":"Pakuten","url":"https:\/\/pakuten.pl\/blog\/","sameAs":[],"logo":{"@type":"ImageObject","@id":"https:\/\/pakuten.pl\/blog\/#logo","inLanguage":"pl-PL","url":"http:\/\/pakuten.pl\/blog\/wp-content\/uploads\/2018\/01\/pakuten_logo.png","contentUrl":"http:\/\/pakuten.pl\/blog\/wp-content\/uploads\/2018\/01\/pakuten_logo.png","width":300,"height":120,"caption":"Pakuten"},"image":{"@id":"https:\/\/pakuten.pl\/blog\/#logo"}},{"@type":"WebSite","@id":"https:\/\/pakuten.pl\/blog\/#website","url":"https:\/\/pakuten.pl\/blog\/","name":"Pakuten blog","description":"Blog sklepu internetowego pakuten.pl","publisher":{"@id":"https:\/\/pakuten.pl\/blog\/#organization"},"potentialAction":[{"@type":"SearchAction","target":{"@type":"EntryPoint","urlTemplate":"https:\/\/pakuten.pl\/blog\/?s={search_term_string}"},"query-input":"required name=search_term_string"}],"inLanguage":"pl-PL"},{"@type":"ImageObject","@id":"https:\/\/pakuten.pl\/blog\/garderoba-kapsulowa-na-sezon-prosty-przewodnik\/#primaryimage","inLanguage":"pl-PL","url":"https:\/\/pakuten.pl\/blog\/wp-content\/uploads\/2026\/04\/Garderoba-kapsulowa-na-sezon.png","contentUrl":"https:\/\/pakuten.pl\/blog\/wp-content\/uploads\/2026\/04\/Garderoba-kapsulowa-na-sezon.png","width":1280,"height":853},{"@type":"WebPage","@id":"https:\/\/pakuten.pl\/blog\/garderoba-kapsulowa-na-sezon-prosty-przewodnik\/#webpage","url":"https:\/\/pakuten.pl\/blog\/garderoba-kapsulowa-na-sezon-prosty-przewodnik\/","name":"Garderoba kapsu\u0142owa na sezon - prosty przewodnik - Pakuten blog","isPartOf":{"@id":"https:\/\/pakuten.pl\/blog\/#website"},"primaryImageOfPage":{"@id":"https:\/\/pakuten.pl\/blog\/garderoba-kapsulowa-na-sezon-prosty-przewodnik\/#primaryimage"},"datePublished":"2026-04-30T10:30:00+00:00","dateModified":"2026-04-30T10:32:42+00:00","description":"Garderoba kapsu\u0142owa na sezon \u2013 prosty przewodnik. Sprawd\u017a, jak stworzy\u0107 sp\u00f3jn\u0105 szaf\u0119 i szybko tworzy\u0107 stylizacje na co dzie\u0144.","breadcrumb":{"@id":"https:\/\/pakuten.pl\/blog\/garderoba-kapsulowa-na-sezon-prosty-przewodnik\/#breadcrumb"},"inLanguage":"pl-PL","potentialAction":[{"@type":"ReadAction","target":["https:\/\/pakuten.pl\/blog\/garderoba-kapsulowa-na-sezon-prosty-przewodnik\/"]}]},{"@type":"BreadcrumbList","@id":"https:\/\/pakuten.pl\/blog\/garderoba-kapsulowa-na-sezon-prosty-przewodnik\/#breadcrumb","itemListElement":[{"@type":"ListItem","position":1,"name":"Strona g\u0142\u00f3wna","item":"https:\/\/pakuten.pl\/blog\/"},{"@type":"ListItem","position":2,"name":"Garderoba kapsu\u0142owa na sezon &#8211; prosty przewodnik"}]},{"@type":"Article","@id":"https:\/\/pakuten.pl\/blog\/garderoba-kapsulowa-na-sezon-prosty-przewodnik\/#article","isPartOf":{"@id":"https:\/\/pakuten.pl\/blog\/garderoba-kapsulowa-na-sezon-prosty-przewodnik\/#webpage"},"author":{"@id":"https:\/\/pakuten.pl\/blog\/#\/schema\/person\/d7133af30211381a4e4536d088384556"},"headline":"Garderoba kapsu\u0142owa na sezon &#8211; prosty przewodnik","datePublished":"2026-04-30T10:30:00+00:00","dateModified":"2026-04-30T10:32:42+00:00","mainEntityOfPage":{"@id":"https:\/\/pakuten.pl\/blog\/garderoba-kapsulowa-na-sezon-prosty-przewodnik\/#webpage"},"wordCount":733,"commentCount":0,"publisher":{"@id":"https:\/\/pakuten.pl\/blog\/#organization"},"image":{"@id":"https:\/\/pakuten.pl\/blog\/garderoba-kapsulowa-na-sezon-prosty-przewodnik\/#primaryimage"},"thumbnailUrl":"https:\/\/pakuten.pl\/blog\/wp-content\/uploads\/2026\/04\/Garderoba-kapsulowa-na-sezon.png","articleSection":["Top Trends"],"inLanguage":"pl-PL","potentialAction":[{"@type":"CommentAction","name":"Comment","target":["https:\/\/pakuten.pl\/blog\/garderoba-kapsulowa-na-sezon-prosty-przewodnik\/#respond"]}]},{"@type":"Person","@id":"https:\/\/pakuten.pl\/blog\/#\/schema\/person\/d7133af30211381a4e4536d088384556","name":"Pakuten Girl","image":{"@type":"ImageObject","@id":"https:\/\/pakuten.pl\/blog\/#personlogo","inLanguage":"pl-PL","url":"https:\/\/secure.gravatar.com\/avatar\/d3df41de2caf92e6cfded9430c2ff352?s=96&d=mm&r=g","contentUrl":"https:\/\/secure.gravatar.com\/avatar\/d3df41de2caf92e6cfded9430c2ff352?s=96&d=mm&r=g","caption":"Pakuten Girl"},"description":"Cze\u015b\u0107, nazywam si\u0119 Ola. Kocham Netflixa, sals\u0119, nowo\u015bci kosmetyczne i najnowsze trendy w modzie.","url":"https:\/\/pakuten.pl\/blog\/author\/pakuten-girl\/"}]}},"_links":{"self":[{"href":"https:\/\/pakuten.pl\/blog\/wp-json\/wp\/v2\/posts\/11047"}],"collection":[{"href":"https:\/\/pakuten.pl\/blog\/wp-json\/wp\/v2\/posts"}],"about":[{"href":"https:\/\/pakuten.pl\/blog\/wp-json\/wp\/v2\/types\/post"}],"author":[{"embeddable":true,"href":"https:\/\/pakuten.pl\/blog\/wp-json\/wp\/v2\/users\/3"}],"replies":[{"embeddable":true,"href":"https:\/\/pakuten.pl\/blog\/wp-json\/wp\/v2\/comments?post=11047"}],"version-history":[{"count":7,"href":"https:\/\/pakuten.pl\/blog\/wp-json\/wp\/v2\/posts\/11047\/revisions"}],"predecessor-version":[{"id":11061,"href":"https:\/\/pakuten.pl\/blog\/wp-json\/wp\/v2\/posts\/11047\/revisions\/11061"}],"wp:featuredmedia":[{"embeddable":true,"href":"https:\/\/pakuten.pl\/blog\/wp-json\/wp\/v2\/media\/11058"}],"wp:attachment":[{"href":"https:\/\/pakuten.pl\/blog\/wp-json\/wp\/v2\/media?parent=11047"}],"wp:term":[{"taxonomy":"category","embeddable":true,"href":"https:\/\/pakuten.pl\/blog\/wp-json\/wp\/v2\/categories?post=11047"},{"taxonomy":"post_tag","embeddable":true,"href":"https:\/\/pakuten.pl\/blog\/wp-json\/wp\/v2\/tags?post=11047"}],"curies":[{"name":"wp","href":"https:\/\/api.w.org\/{rel}","templated":true}]}}