{"id":1628,"date":"2019-04-15T08:49:28","date_gmt":"2019-04-15T06:49:28","guid":{"rendered":"http:\/\/pakuten.pl\/blog\/?p=1628"},"modified":"2021-08-30T09:46:23","modified_gmt":"2021-08-30T07:46:23","slug":"minimalizm-w-szafie-jak-segregowac-ubrania","status":"publish","type":"post","link":"https:\/\/pakuten.pl\/blog\/minimalizm-w-szafie-jak-segregowac-ubrania\/","title":{"rendered":"Minimalizm w szafie: jak segregowa\u0107 ubrania?"},"content":{"rendered":"<p><strong>Trend na minimalizm w szafie nie jest tylko przej\u015bciow\u0105 mod\u0105. Coraz wi\u0119cej m\u00f3wi si\u0119 o odpowiedzialnym kupowaniu i ograniczaniu ilo\u015bci ubra\u0144 w szafie. Na czym to polega? Na kupowaniu mniejszej ilo\u015bci ubra\u0144, ale takich, kt\u00f3re b\u0119dziesz mog\u0142a nosi\u0107 jak najcz\u0119\u015bciej i jak najd\u0142u\u017cej. Jak wiadomo, w tej kwestii najlepiej sprawdza si\u0119 klasyka, dlatego podpowiadamy, jak powinna wygl\u0105da\u0107 dobrze skomponowana minimalistyczna szafa!<\/strong><\/p>\n<h2><strong>Ubieraj si\u0119 klasycznie &#8211;\u00a0czyli jakie kolory powinny znale\u017a\u0107 si\u0119 w Twojej szafie?<\/strong><\/h2>\n<p>&#8222;Ubieraj si\u0119 klasycznie&#8221; &#8211;\u00a0czyli jak? Czy klasyka to wy\u0142\u0105cznie czarna baza ubra\u0144, w\u015br\u00f3d kt\u00f3rych honorowe miejsce zajmuje ponadczasowa ma\u0142a czarna?<strong> Prawda le\u017cy po\u015brodku! Rzeczywi\u015bcie czer\u0144 jest jednym z najbardziej uniwersalnych kolor\u00f3w i zdecydowanie przydaje si\u0119 w ka\u017cdej kobiecej szafie.<\/strong> Dlaczego? Dlatego, \u017ce \u0142atwo j\u0105 po\u0142\u0105czy\u0107 z innymi elementami stroju, zw\u0142aszcza je\u015bli r\u00f3wnie\u017c s\u0105 w ciemnej lub czarnej kolorystyce.<\/p>\n<p>Minimalizm w szafie to jednak nie tylko czer\u0144. To r\u00f3wnie\u017c inne neutralne kolory, kt\u00f3re sprawdz\u0105 si\u0119 zar\u00f3wno do pracy, jak i na wiele codziennych okazji. Biel, paleta be\u017c\u00f3w, odcienie nude, delikatne br\u0105zy oraz granaty i szaro\u015bci \u2014 oto kolory, na kt\u00f3rych zbudujesz uporz\u0105dkowan\u0105 garderob\u0119.<\/p>\n<p><strong>Organizacja szafy to pierwszy krok do szybszego ubierania si\u0119, bez marnowania czasu na poirytowanie i wpadanie w ma\u0142\u0105 depresj\u0119.<\/strong> Zdanie \u201enie mam si\u0119 w co ubra\u0107\u201d dotyczy tylko tych, kt\u00f3rzy maj\u0105 du\u017co niepotrzebnych ubra\u0144 lub fason\u00f3w, kt\u00f3rym daleko do klasycznych kroj\u00f3w.<\/p>\n<h2><strong>Minimalistyczna szafa, czyli ubrania, kt\u00f3rych nie mo\u017ce w niej zabrakn\u0105\u0107<\/strong><\/h2>\n<p>Minimalistyczna szafa to r\u00f3wnie\u017c taka, w kt\u00f3rej nie brakuje kilku podstawowych ubra\u0144. Jakie to ubrania? Zacznijmy od wspomnianej ju\u017c ma\u0142ej czarnej lub \u201ema\u0142ej granatowej\u201d, kt\u00f3ra jest dobr\u0105 alternatyw\u0105, je\u015bli totalnie nie przepadasz za czarnym kolorem. To sukienka, kt\u00f3r\u0105 za\u0142o\u017cysz i na rozmow\u0119 o prac\u0119 i na rodzinny obiad, a przy odpowiedniej <span style=\"color: #ff9900;\"><strong><a style=\"color: #ff9900;\" href=\"https:\/\/pakuten.pl\/15-bizuteria\" target=\"_blank\" rel=\"noopener\">bi\u017cuterii<\/a> <\/strong><\/span>i makija\u017cu, r\u00f3wnie\u017c na romantyczne spotkanie we dwoje.<\/p>\n<p>Po drugie, kilka klasycznych bluzek w bia\u0142ym, czarnym lub innym neutralnym kolorze.<span style=\"color: #ff9900;\"><strong><a style=\"color: #ff9900;\" href=\"https:\/\/pakuten.pl\/17-bluzki\"> Bluzka z dekoltem<\/a><\/strong><\/span>, klasyczny golf, <span style=\"color: #ff9900;\"><strong><a style=\"color: #ff9900;\" href=\"https:\/\/pakuten.pl\/59-koszule\">elegancka koszula<\/a><\/strong><\/span> oraz kilka podkoszulk\u00f3w to gotowa baza do komponowania jesiennych i wiosennych <span style=\"color: #ff9900;\"><strong><a style=\"color: #ff9900;\" href=\"https:\/\/pakuten.pl\/25-spodnie\">stylizacji ze spodniami<\/a><\/strong><\/span> oraz <span style=\"color: #ff9900;\"><strong><a style=\"color: #ff9900;\" href=\"https:\/\/pakuten.pl\/26-spodnice\" target=\"_blank\" rel=\"noopener\">sp\u00f3dnicami<\/a><\/strong><\/span>. Je\u015bli lubisz kolorowe stroje, wybieraj neutralne odcienie bluzek i \u0142\u0105cz je z soczystymi sp\u00f3dnicami. Bluzki to podstawa, dlatego dobrze, aby by\u0142y w bardziej uniwersalnych i praktycznych kolorach.<\/p>\n<p>Kiedy robisz wiosenne porz\u0105dki w szafie, zwr\u00f3\u0107 uwag\u0119, czy nie brakuje w niej klasycznej marynarki. T\u0119 o dobrze dobranym kroju zestawisz zar\u00f3wno ze spodniami, jak i sp\u00f3dnicami, a nawet z eleganck\u0105 sukienk\u0105. <strong>Znajd\u017a fason, w kt\u00f3rym wygl\u0105dasz doskonale i skre\u015bl ze swojej listy problem znalezienia idealnej narzutki do pracy i na spotkanie z przyjaci\u00f3\u0142mi<\/strong>. Marynarka z pewno\u015bci\u0105 spe\u0142ni Twoje oczekiwania i odpowie na Twoje potrzeby!<\/p>\n<div class=\"product-box-container\">\r\n<div class=\"one_third \" style=\"\">\r\n<div class=\"product-box\">\r\n<a href=\"\" target=\"_blank\">\r\n <img src=\"\" alt=\"\"\/>\r\n<\/a>\r\n<p>\r\n<a href=\"\" target=\"_blank\">\r\n\r\n<\/a><\/p>\r\n  <p>Cena: <\/p>\r\n<a href=\"\" target=\"_blank\" class=\"button\">\r\nZobacz w sklepie\r\n<\/a>\r\n<\/div>\r\n<\/div>\r\n<div class=\"one_third \" style=\"\">\r\n<div class=\"product-box\">\r\n<a href=\"https:\/\/pakuten.pl\/6247-20760-bezowe-szpilki-z-kokardkami-jocelyn-jasnobezowy.html\" target=\"_blank\">\r\n  <img src=\"https:\/\/media.pakuten.pl\/37730-large_default\/bezowe-szpilki-z-kokardkami-jocelyn.jpg\" alt=\"BE\u017bOWE SZPILKI Z KOKARDKAMI JOCELYN\"\/>\r\n<\/a>\r\n<p>\r\n<a href=\"https:\/\/pakuten.pl\/6247-20760-bezowe-szpilki-z-kokardkami-jocelyn-jasnobezowy.html\" target=\"_blank\">\r\nBE\u017bOWE SZPILKI Z KOKARDKAMI JOCELYN\r\n<\/a><\/p>\r\n  <p>Cena: 38,97\u00a0z\u0142<\/p>\r\n<a href=\"https:\/\/pakuten.pl\/6247-20760-bezowe-szpilki-z-kokardkami-jocelyn-jasnobezowy.html\" target=\"_blank\" class=\"button\">\r\nZobacz w sklepie\r\n<\/a>\r\n<\/div>\r\n<\/div>\r\n<div class=\"one_third last \" style=\"\">\r\n<div class=\"product-box\">\r\n<a href=\"https:\/\/pakuten.pl\/6599-22003-malinowy-elegancki-komplet-wizytowy-cherlene-malinowy.html\" target=\"_blank\">\r\n  <img src=\"https:\/\/media.pakuten.pl\/40105-large_default\/malinowy-elegancki-komplet-wizytowy-cherlene.jpg\" alt=\"MALINOWY ELEGANCKI KOMPLET WIZYTOWY CHELENE\"\/>\r\n<\/a>\r\n<p>\r\n<a href=\"https:\/\/pakuten.pl\/6599-22003-malinowy-elegancki-komplet-wizytowy-cherlene-malinowy.html\" target=\"_blank\">\r\nMALINOWY ELEGANCKI KOMPLET WIZYTOWY CHELENE\r\n<\/a><\/p>\r\n  <p>Cena: 111,99\u00a0z\u0142<\/p>\r\n<a href=\"https:\/\/pakuten.pl\/6599-22003-malinowy-elegancki-komplet-wizytowy-cherlene-malinowy.html\" target=\"_blank\" class=\"button\">\r\nZobacz w sklepie\r\n<\/a>\r\n<\/div>\r\n<\/div><br class=\"clear\"\/>\r\n<\/div>\n<h2><strong>Buty i dodatki, czyli jak sk\u0142ada\u0107 ubrania w minimalistyczn\u0105, ale ciekaw\u0105 ca\u0142o\u015b\u0107?<\/strong><\/h2>\n<p>Ostatnim wa\u017cnym elementem s\u0105 oczywi\u015bcie <strong><a href=\"https:\/\/pakuten.pl\/87-buty\"><span style=\"color: #ff9900;\">buty<\/span><\/a><\/strong>. Z pewno\u015bci\u0105 przydadz\u0105 si\u0119 te sportowe, na p\u0142askiej podeszwie, ale tak\u017ce kobiece szpilki, kt\u00f3re w mgnieniu oka potrafi\u0105 zmieni\u0107 Twoj\u0105 stylizacj\u0119 i sylwetk\u0119. Jakie szpilki s\u0105 najbardziej uniwersalne? Oczywi\u015bcie te w kolorze czarnym i be\u017cowym, kt\u00f3re mo\u017cesz zamiennie nosi\u0107 do jasnych i ciemniejszych stylizacji.<\/p>\n<p><strong>Organizacja szafy oznacza tak\u017ce utrzymanie wzgl\u0119dnego porz\u0105dku w ubraniach.<\/strong> Jak sk\u0142ada\u0107 ubrania? Pouk\u0142adaj je kolorami, tak \u017ceby\u015b wiedzia\u0142a co z czym skomponowa\u0107. Taki spos\u00f3b to r\u00f3wnie\u017c \u015bwietny pomys\u0142 na ciekawe wn\u0119trze szafy i szybsze odnalezienie konkretnej rzeczy. Przy okazji przekonasz si\u0119, kt\u00f3rego koloru zdecydowanie brakuje w Twojej garderobie!<\/p>\n<p>Ubieraj si\u0119 klasycznie, ale pozw\u00f3l sobie na odrobin\u0119 szale\u0144stwa. Porz\u0105dki w szafie wcale nie musz\u0105 zaowocowa\u0107 nudn\u0105 i przewidywaln\u0105 garderob\u0105. Baw si\u0119 dodatkami i dobieraj do stylizacji fantazyjne kolczyki, apaszki, czy ciekawe <strong><span style=\"color: #ff9900;\"><a style=\"color: #ff9900;\" href=\"https:\/\/pakuten.pl\/58-okulary\" target=\"_blank\" rel=\"noopener\">okulary przeciws\u0142oneczne<\/a><\/span><\/strong>. Dobra organizacja szafy polega na posiadaniu konkretnej bazy ubra\u0144 oraz kilku dodatk\u00f3w, dzi\u0119ki kt\u00f3rym wyrazisz sw\u00f3j indywidualny styl. W ten spos\u00f3b ubieranie nie b\u0119dzie konieczno\u015bci\u0105, a stanie si\u0119 codzienn\u0105 przyjemno\u015bci\u0105!<\/p>\n<div class=\"product-box-container\">\r\n<div class=\"one_third \" style=\"\">\r\n<div class=\"product-box\">\r\n<a href=\"\" target=\"_blank\">\r\n <img src=\"\" alt=\"\"\/>\r\n<\/a>\r\n<p>\r\n<a href=\"\" target=\"_blank\">\r\n\r\n<\/a><\/p>\r\n  <p>Cena: <\/p>\r\n<a href=\"\" target=\"_blank\" class=\"button\">\r\nZobacz w sklepie\r\n<\/a>\r\n<\/div>\r\n<\/div>\r\n<div class=\"one_third \" style=\"\">\r\n<div class=\"product-box\">\r\n<a href=\"https:\/\/pakuten.pl\/6475-22924-czarna-bluzka-z-dekoltem-nube-czarny.html\" target=\"_blank\">\r\n  <img src=\"https:\/\/media.pakuten.pl\/38494-large_default\/czarna-bluzka-z-dekoltem-nube.jpg\" alt=\"CZARNA BLUZKA Z DEKOLTEM NUBE\"\/>\r\n<\/a>\r\n<p>\r\n<a href=\"https:\/\/pakuten.pl\/6475-22924-czarna-bluzka-z-dekoltem-nube-czarny.html\" target=\"_blank\">\r\nCZARNA BLUZKA Z DEKOLTEM NUBE\r\n<\/a><\/p>\r\n  <p>Cena: 34,99\u00a0z\u0142<\/p>\r\n<a href=\"https:\/\/pakuten.pl\/6475-22924-czarna-bluzka-z-dekoltem-nube-czarny.html\" target=\"_blank\" class=\"button\">\r\nZobacz w sklepie\r\n<\/a>\r\n<\/div>\r\n<\/div>\r\n<div class=\"one_third last \" style=\"\">\r\n<div class=\"product-box\">\r\n<a href=\"https:\/\/pakuten.pl\/5961-20075-czarna-koszulka-lorraine-bialy.html\" target=\"_blank\">\r\n  <img src=\"https:\/\/media.pakuten.pl\/37572-large_default\/czarna-koszulka-lorraine.jpg\" alt=\"CZARNA KOSZULKA LORRAINE\"\/>\r\n<\/a>\r\n<p>\r\n<a href=\"https:\/\/pakuten.pl\/5961-20075-czarna-koszulka-lorraine-bialy.html\" target=\"_blank\">\r\nCZARNA KOSZULKA LORRAINE\r\n<\/a><\/p>\r\n  <p>Cena: 27,99\u00a0z\u0142<\/p>\r\n<a href=\"https:\/\/pakuten.pl\/5961-20075-czarna-koszulka-lorraine-bialy.html\" target=\"_blank\" class=\"button\">\r\nZobacz w sklepie\r\n<\/a>\r\n<\/div>\r\n<\/div><br class=\"clear\"\/>\r\n<\/div>\n\n\n<div class=\"kk-star-ratings kksr-auto kksr-align-right kksr-valign-bottom\"\n    data-payload='{&quot;align&quot;:&quot;right&quot;,&quot;id&quot;:&quot;1628&quot;,&quot;slug&quot;:&quot;default&quot;,&quot;valign&quot;:&quot;bottom&quot;,&quot;ignore&quot;:&quot;&quot;,&quot;reference&quot;:&quot;auto&quot;,&quot;class&quot;:&quot;&quot;,&quot;count&quot;:&quot;1&quot;,&quot;legendonly&quot;:&quot;&quot;,&quot;readonly&quot;:&quot;&quot;,&quot;score&quot;:&quot;5&quot;,&quot;starsonly&quot;:&quot;&quot;,&quot;best&quot;:&quot;5&quot;,&quot;gap&quot;:&quot;5&quot;,&quot;greet&quot;:&quot;Rate this post&quot;,&quot;legend&quot;:&quot;5\\\/5 - (1 vote)&quot;,&quot;size&quot;:&quot;24&quot;,&quot;width&quot;:&quot;142.5&quot;,&quot;_legend&quot;:&quot;{score}\\\/{best} - ({count} {votes})&quot;,&quot;font_factor&quot;:&quot;1.25&quot;}'>\n            \n<div class=\"kksr-stars\">\n    \n<div class=\"kksr-stars-inactive\">\n            <div class=\"kksr-star\" data-star=\"1\" style=\"padding-right: 5px\">\n            \n\n<div class=\"kksr-icon\" style=\"width: 24px; height: 24px;\"><\/div>\n        <\/div>\n            <div class=\"kksr-star\" data-star=\"2\" style=\"padding-right: 5px\">\n            \n\n<div class=\"kksr-icon\" style=\"width: 24px; height: 24px;\"><\/div>\n        <\/div>\n            <div class=\"kksr-star\" data-star=\"3\" style=\"padding-right: 5px\">\n            \n\n<div class=\"kksr-icon\" style=\"width: 24px; height: 24px;\"><\/div>\n        <\/div>\n            <div class=\"kksr-star\" data-star=\"4\" style=\"padding-right: 5px\">\n            \n\n<div class=\"kksr-icon\" style=\"width: 24px; height: 24px;\"><\/div>\n        <\/div>\n            <div class=\"kksr-star\" data-star=\"5\" style=\"padding-right: 5px\">\n            \n\n<div class=\"kksr-icon\" style=\"width: 24px; height: 24px;\"><\/div>\n        <\/div>\n    <\/div>\n    \n<div class=\"kksr-stars-active\" style=\"width: 142.5px;\">\n            <div class=\"kksr-star\" style=\"padding-right: 5px\">\n            \n\n<div class=\"kksr-icon\" style=\"width: 24px; height: 24px;\"><\/div>\n        <\/div>\n            <div class=\"kksr-star\" style=\"padding-right: 5px\">\n            \n\n<div class=\"kksr-icon\" style=\"width: 24px; height: 24px;\"><\/div>\n        <\/div>\n            <div class=\"kksr-star\" style=\"padding-right: 5px\">\n            \n\n<div class=\"kksr-icon\" style=\"width: 24px; height: 24px;\"><\/div>\n        <\/div>\n            <div class=\"kksr-star\" style=\"padding-right: 5px\">\n            \n\n<div class=\"kksr-icon\" style=\"width: 24px; height: 24px;\"><\/div>\n        <\/div>\n            <div class=\"kksr-star\" style=\"padding-right: 5px\">\n            \n\n<div class=\"kksr-icon\" style=\"width: 24px; height: 24px;\"><\/div>\n        <\/div>\n    <\/div>\n<\/div>\n                \n\n<div class=\"kksr-legend\" style=\"font-size: 19.2px;\">\n            5\/5 - (1 vote)    <\/div>\n    <\/div>\n","protected":false},"excerpt":{"rendered":"<p>Trend na minimalizm w szafie nie jest tylko przej\u015bciow\u0105 mod\u0105. Coraz wi\u0119cej m\u00f3wi si\u0119 o odpowiedzialnym kupowaniu i ograniczaniu ilo\u015bci ubra\u0144 w szafie. Na czym to polega? Na kupowaniu mniejszej ilo\u015bci ubra\u0144, ale takich, kt\u00f3re b\u0119dziesz mog\u0142a nosi\u0107 jak najcz\u0119\u015bciej i jak najd\u0142u\u017cej. Jak wiadomo, w tej kwestii najlepiej sprawdza si\u0119 klasyka, dlatego podpowiadamy, jak powinna wygl\u0105da\u0107 dobrze skomponowana minimalistyczna szafa!<\/p>\n","protected":false},"author":2,"featured_media":1630,"comment_status":"open","ping_status":"open","sticky":false,"template":"","format":"standard","meta":[],"categories":[4],"tags":[],"yoast_head":"<!-- This site is optimized with the Yoast SEO plugin v18.4.1 - https:\/\/yoast.com\/wordpress\/plugins\/seo\/ -->\n<title>Minimalizm w szafie: jak segregowa\u0107 ubrania? - Pakuten blog<\/title>\n<meta name=\"robots\" content=\"index, follow, max-snippet:-1, max-image-preview:large, max-video-preview:-1\" \/>\n<link rel=\"canonical\" href=\"https:\/\/pakuten.pl\/blog\/minimalizm-w-szafie-jak-segregowac-ubrania\/\" \/>\n<meta property=\"og:locale\" content=\"pl_PL\" \/>\n<meta property=\"og:type\" content=\"article\" \/>\n<meta property=\"og:title\" content=\"Minimalizm w szafie: jak segregowa\u0107 ubrania? - Pakuten blog\" \/>\n<meta property=\"og:description\" content=\"Trend na minimalizm w szafie nie jest tylko przej\u015bciow\u0105 mod\u0105. Coraz wi\u0119cej m\u00f3wi si\u0119 o odpowiedzialnym kupowaniu i ograniczaniu ilo\u015bci ubra\u0144 w szafie. Na czym to polega? Na kupowaniu mniejszej ilo\u015bci ubra\u0144, ale takich, kt\u00f3re b\u0119dziesz mog\u0142a nosi\u0107 jak najcz\u0119\u015bciej i jak najd\u0142u\u017cej. Jak wiadomo, w tej kwestii najlepiej sprawdza si\u0119 klasyka, dlatego podpowiadamy, jak powinna wygl\u0105da\u0107 dobrze skomponowana minimalistyczna szafa!\" \/>\n<meta property=\"og:url\" content=\"https:\/\/pakuten.pl\/blog\/minimalizm-w-szafie-jak-segregowac-ubrania\/\" \/>\n<meta property=\"og:site_name\" content=\"Pakuten blog\" \/>\n<meta property=\"article:published_time\" content=\"2019-04-15T06:49:28+00:00\" \/>\n<meta property=\"article:modified_time\" content=\"2021-08-30T07:46:23+00:00\" \/>\n<meta property=\"og:image\" content=\"https:\/\/pakuten.pl\/blog\/wp-content\/uploads\/2019\/04\/minimalizm-w-szafie.jpeg\" \/>\n\t<meta property=\"og:image:width\" content=\"1280\" \/>\n\t<meta property=\"og:image:height\" content=\"853\" \/>\n\t<meta property=\"og:image:type\" content=\"image\/jpeg\" \/>\n<meta name=\"twitter:card\" content=\"summary_large_image\" \/>\n<meta name=\"twitter:label1\" content=\"Napisane przez\" \/>\n\t<meta name=\"twitter:data1\" content=\"Malwina\" \/>\n\t<meta name=\"twitter:label2\" content=\"Szacowany czas czytania\" \/>\n\t<meta name=\"twitter:data2\" content=\"3 minuty\" \/>\n<script type=\"application\/ld+json\" class=\"yoast-schema-graph\">{\"@context\":\"https:\/\/schema.org\",\"@graph\":[{\"@type\":\"Organization\",\"@id\":\"https:\/\/pakuten.pl\/blog\/#organization\",\"name\":\"Pakuten\",\"url\":\"https:\/\/pakuten.pl\/blog\/\",\"sameAs\":[],\"logo\":{\"@type\":\"ImageObject\",\"@id\":\"https:\/\/pakuten.pl\/blog\/#logo\",\"inLanguage\":\"pl-PL\",\"url\":\"http:\/\/pakuten.pl\/blog\/wp-content\/uploads\/2018\/01\/pakuten_logo.png\",\"contentUrl\":\"http:\/\/pakuten.pl\/blog\/wp-content\/uploads\/2018\/01\/pakuten_logo.png\",\"width\":300,\"height\":120,\"caption\":\"Pakuten\"},\"image\":{\"@id\":\"https:\/\/pakuten.pl\/blog\/#logo\"}},{\"@type\":\"WebSite\",\"@id\":\"https:\/\/pakuten.pl\/blog\/#website\",\"url\":\"https:\/\/pakuten.pl\/blog\/\",\"name\":\"Pakuten blog\",\"description\":\"Blog sklepu internetowego pakuten.pl\",\"publisher\":{\"@id\":\"https:\/\/pakuten.pl\/blog\/#organization\"},\"potentialAction\":[{\"@type\":\"SearchAction\",\"target\":{\"@type\":\"EntryPoint\",\"urlTemplate\":\"https:\/\/pakuten.pl\/blog\/?s={search_term_string}\"},\"query-input\":\"required name=search_term_string\"}],\"inLanguage\":\"pl-PL\"},{\"@type\":\"ImageObject\",\"@id\":\"https:\/\/pakuten.pl\/blog\/minimalizm-w-szafie-jak-segregowac-ubrania\/#primaryimage\",\"inLanguage\":\"pl-PL\",\"url\":\"https:\/\/pakuten.pl\/blog\/wp-content\/uploads\/2019\/04\/minimalizm-w-szafie.jpeg\",\"contentUrl\":\"https:\/\/pakuten.pl\/blog\/wp-content\/uploads\/2019\/04\/minimalizm-w-szafie.jpeg\",\"width\":1280,\"height\":853,\"caption\":\"Minimalizm w szafie: jak segregowa\u0107 ubrania?\"},{\"@type\":\"WebPage\",\"@id\":\"https:\/\/pakuten.pl\/blog\/minimalizm-w-szafie-jak-segregowac-ubrania\/#webpage\",\"url\":\"https:\/\/pakuten.pl\/blog\/minimalizm-w-szafie-jak-segregowac-ubrania\/\",\"name\":\"Minimalizm w szafie: jak segregowa\u0107 ubrania? - Pakuten blog\",\"isPartOf\":{\"@id\":\"https:\/\/pakuten.pl\/blog\/#website\"},\"primaryImageOfPage\":{\"@id\":\"https:\/\/pakuten.pl\/blog\/minimalizm-w-szafie-jak-segregowac-ubrania\/#primaryimage\"},\"datePublished\":\"2019-04-15T06:49:28+00:00\",\"dateModified\":\"2021-08-30T07:46:23+00:00\",\"breadcrumb\":{\"@id\":\"https:\/\/pakuten.pl\/blog\/minimalizm-w-szafie-jak-segregowac-ubrania\/#breadcrumb\"},\"inLanguage\":\"pl-PL\",\"potentialAction\":[{\"@type\":\"ReadAction\",\"target\":[\"https:\/\/pakuten.pl\/blog\/minimalizm-w-szafie-jak-segregowac-ubrania\/\"]}]},{\"@type\":\"BreadcrumbList\",\"@id\":\"https:\/\/pakuten.pl\/blog\/minimalizm-w-szafie-jak-segregowac-ubrania\/#breadcrumb\",\"itemListElement\":[{\"@type\":\"ListItem\",\"position\":1,\"name\":\"Strona g\u0142\u00f3wna\",\"item\":\"https:\/\/pakuten.pl\/blog\/\"},{\"@type\":\"ListItem\",\"position\":2,\"name\":\"Minimalizm w szafie: jak segregowa\u0107 ubrania?\"}]},{\"@type\":\"Article\",\"@id\":\"https:\/\/pakuten.pl\/blog\/minimalizm-w-szafie-jak-segregowac-ubrania\/#article\",\"isPartOf\":{\"@id\":\"https:\/\/pakuten.pl\/blog\/minimalizm-w-szafie-jak-segregowac-ubrania\/#webpage\"},\"author\":{\"@id\":\"https:\/\/pakuten.pl\/blog\/#\/schema\/person\/8d03059f8e6f83bab2553d9ff4517702\"},\"headline\":\"Minimalizm w szafie: jak segregowa\u0107 ubrania?\",\"datePublished\":\"2019-04-15T06:49:28+00:00\",\"dateModified\":\"2021-08-30T07:46:23+00:00\",\"mainEntityOfPage\":{\"@id\":\"https:\/\/pakuten.pl\/blog\/minimalizm-w-szafie-jak-segregowac-ubrania\/#webpage\"},\"wordCount\":712,\"commentCount\":0,\"publisher\":{\"@id\":\"https:\/\/pakuten.pl\/blog\/#organization\"},\"image\":{\"@id\":\"https:\/\/pakuten.pl\/blog\/minimalizm-w-szafie-jak-segregowac-ubrania\/#primaryimage\"},\"thumbnailUrl\":\"https:\/\/pakuten.pl\/blog\/wp-content\/uploads\/2019\/04\/minimalizm-w-szafie.jpeg\",\"articleSection\":[\"Tips&amp;Tricks\"],\"inLanguage\":\"pl-PL\",\"potentialAction\":[{\"@type\":\"CommentAction\",\"name\":\"Comment\",\"target\":[\"https:\/\/pakuten.pl\/blog\/minimalizm-w-szafie-jak-segregowac-ubrania\/#respond\"]}]},{\"@type\":\"Person\",\"@id\":\"https:\/\/pakuten.pl\/blog\/#\/schema\/person\/8d03059f8e6f83bab2553d9ff4517702\",\"name\":\"Malwina\",\"image\":{\"@type\":\"ImageObject\",\"@id\":\"https:\/\/pakuten.pl\/blog\/#personlogo\",\"inLanguage\":\"pl-PL\",\"url\":\"https:\/\/secure.gravatar.com\/avatar\/b46f1be65c5d79f6186fe8f30ac2bf6f?s=96&d=mm&r=g\",\"contentUrl\":\"https:\/\/secure.gravatar.com\/avatar\/b46f1be65c5d79f6186fe8f30ac2bf6f?s=96&d=mm&r=g\",\"caption\":\"Malwina\"},\"url\":\"https:\/\/pakuten.pl\/blog\/author\/semahead\/\"}]}<\/script>\n<!-- \/ Yoast SEO plugin. -->","yoast_head_json":{"title":"Minimalizm w szafie: jak segregowa\u0107 ubrania? - Pakuten blog","robots":{"index":"index","follow":"follow","max-snippet":"max-snippet:-1","max-image-preview":"max-image-preview:large","max-video-preview":"max-video-preview:-1"},"canonical":"https:\/\/pakuten.pl\/blog\/minimalizm-w-szafie-jak-segregowac-ubrania\/","og_locale":"pl_PL","og_type":"article","og_title":"Minimalizm w szafie: jak segregowa\u0107 ubrania? - Pakuten blog","og_description":"Trend na minimalizm w szafie nie jest tylko przej\u015bciow\u0105 mod\u0105. Coraz wi\u0119cej m\u00f3wi si\u0119 o odpowiedzialnym kupowaniu i ograniczaniu ilo\u015bci ubra\u0144 w szafie. Na czym to polega? Na kupowaniu mniejszej ilo\u015bci ubra\u0144, ale takich, kt\u00f3re b\u0119dziesz mog\u0142a nosi\u0107 jak najcz\u0119\u015bciej i jak najd\u0142u\u017cej. Jak wiadomo, w tej kwestii najlepiej sprawdza si\u0119 klasyka, dlatego podpowiadamy, jak powinna wygl\u0105da\u0107 dobrze skomponowana minimalistyczna szafa!","og_url":"https:\/\/pakuten.pl\/blog\/minimalizm-w-szafie-jak-segregowac-ubrania\/","og_site_name":"Pakuten blog","article_published_time":"2019-04-15T06:49:28+00:00","article_modified_time":"2021-08-30T07:46:23+00:00","og_image":[{"width":1280,"height":853,"url":"https:\/\/pakuten.pl\/blog\/wp-content\/uploads\/2019\/04\/minimalizm-w-szafie.jpeg","type":"image\/jpeg"}],"twitter_card":"summary_large_image","twitter_misc":{"Napisane przez":"Malwina","Szacowany czas czytania":"3 minuty"},"schema":{"@context":"https:\/\/schema.org","@graph":[{"@type":"Organization","@id":"https:\/\/pakuten.pl\/blog\/#organization","name":"Pakuten","url":"https:\/\/pakuten.pl\/blog\/","sameAs":[],"logo":{"@type":"ImageObject","@id":"https:\/\/pakuten.pl\/blog\/#logo","inLanguage":"pl-PL","url":"http:\/\/pakuten.pl\/blog\/wp-content\/uploads\/2018\/01\/pakuten_logo.png","contentUrl":"http:\/\/pakuten.pl\/blog\/wp-content\/uploads\/2018\/01\/pakuten_logo.png","width":300,"height":120,"caption":"Pakuten"},"image":{"@id":"https:\/\/pakuten.pl\/blog\/#logo"}},{"@type":"WebSite","@id":"https:\/\/pakuten.pl\/blog\/#website","url":"https:\/\/pakuten.pl\/blog\/","name":"Pakuten blog","description":"Blog sklepu internetowego pakuten.pl","publisher":{"@id":"https:\/\/pakuten.pl\/blog\/#organization"},"potentialAction":[{"@type":"SearchAction","target":{"@type":"EntryPoint","urlTemplate":"https:\/\/pakuten.pl\/blog\/?s={search_term_string}"},"query-input":"required name=search_term_string"}],"inLanguage":"pl-PL"},{"@type":"ImageObject","@id":"https:\/\/pakuten.pl\/blog\/minimalizm-w-szafie-jak-segregowac-ubrania\/#primaryimage","inLanguage":"pl-PL","url":"https:\/\/pakuten.pl\/blog\/wp-content\/uploads\/2019\/04\/minimalizm-w-szafie.jpeg","contentUrl":"https:\/\/pakuten.pl\/blog\/wp-content\/uploads\/2019\/04\/minimalizm-w-szafie.jpeg","width":1280,"height":853,"caption":"Minimalizm w szafie: jak segregowa\u0107 ubrania?"},{"@type":"WebPage","@id":"https:\/\/pakuten.pl\/blog\/minimalizm-w-szafie-jak-segregowac-ubrania\/#webpage","url":"https:\/\/pakuten.pl\/blog\/minimalizm-w-szafie-jak-segregowac-ubrania\/","name":"Minimalizm w szafie: jak segregowa\u0107 ubrania? - Pakuten blog","isPartOf":{"@id":"https:\/\/pakuten.pl\/blog\/#website"},"primaryImageOfPage":{"@id":"https:\/\/pakuten.pl\/blog\/minimalizm-w-szafie-jak-segregowac-ubrania\/#primaryimage"},"datePublished":"2019-04-15T06:49:28+00:00","dateModified":"2021-08-30T07:46:23+00:00","breadcrumb":{"@id":"https:\/\/pakuten.pl\/blog\/minimalizm-w-szafie-jak-segregowac-ubrania\/#breadcrumb"},"inLanguage":"pl-PL","potentialAction":[{"@type":"ReadAction","target":["https:\/\/pakuten.pl\/blog\/minimalizm-w-szafie-jak-segregowac-ubrania\/"]}]},{"@type":"BreadcrumbList","@id":"https:\/\/pakuten.pl\/blog\/minimalizm-w-szafie-jak-segregowac-ubrania\/#breadcrumb","itemListElement":[{"@type":"ListItem","position":1,"name":"Strona g\u0142\u00f3wna","item":"https:\/\/pakuten.pl\/blog\/"},{"@type":"ListItem","position":2,"name":"Minimalizm w szafie: jak segregowa\u0107 ubrania?"}]},{"@type":"Article","@id":"https:\/\/pakuten.pl\/blog\/minimalizm-w-szafie-jak-segregowac-ubrania\/#article","isPartOf":{"@id":"https:\/\/pakuten.pl\/blog\/minimalizm-w-szafie-jak-segregowac-ubrania\/#webpage"},"author":{"@id":"https:\/\/pakuten.pl\/blog\/#\/schema\/person\/8d03059f8e6f83bab2553d9ff4517702"},"headline":"Minimalizm w szafie: jak segregowa\u0107 ubrania?","datePublished":"2019-04-15T06:49:28+00:00","dateModified":"2021-08-30T07:46:23+00:00","mainEntityOfPage":{"@id":"https:\/\/pakuten.pl\/blog\/minimalizm-w-szafie-jak-segregowac-ubrania\/#webpage"},"wordCount":712,"commentCount":0,"publisher":{"@id":"https:\/\/pakuten.pl\/blog\/#organization"},"image":{"@id":"https:\/\/pakuten.pl\/blog\/minimalizm-w-szafie-jak-segregowac-ubrania\/#primaryimage"},"thumbnailUrl":"https:\/\/pakuten.pl\/blog\/wp-content\/uploads\/2019\/04\/minimalizm-w-szafie.jpeg","articleSection":["Tips&amp;Tricks"],"inLanguage":"pl-PL","potentialAction":[{"@type":"CommentAction","name":"Comment","target":["https:\/\/pakuten.pl\/blog\/minimalizm-w-szafie-jak-segregowac-ubrania\/#respond"]}]},{"@type":"Person","@id":"https:\/\/pakuten.pl\/blog\/#\/schema\/person\/8d03059f8e6f83bab2553d9ff4517702","name":"Malwina","image":{"@type":"ImageObject","@id":"https:\/\/pakuten.pl\/blog\/#personlogo","inLanguage":"pl-PL","url":"https:\/\/secure.gravatar.com\/avatar\/b46f1be65c5d79f6186fe8f30ac2bf6f?s=96&d=mm&r=g","contentUrl":"https:\/\/secure.gravatar.com\/avatar\/b46f1be65c5d79f6186fe8f30ac2bf6f?s=96&d=mm&r=g","caption":"Malwina"},"url":"https:\/\/pakuten.pl\/blog\/author\/semahead\/"}]}},"_links":{"self":[{"href":"https:\/\/pakuten.pl\/blog\/wp-json\/wp\/v2\/posts\/1628"}],"collection":[{"href":"https:\/\/pakuten.pl\/blog\/wp-json\/wp\/v2\/posts"}],"about":[{"href":"https:\/\/pakuten.pl\/blog\/wp-json\/wp\/v2\/types\/post"}],"author":[{"embeddable":true,"href":"https:\/\/pakuten.pl\/blog\/wp-json\/wp\/v2\/users\/2"}],"replies":[{"embeddable":true,"href":"https:\/\/pakuten.pl\/blog\/wp-json\/wp\/v2\/comments?post=1628"}],"version-history":[{"count":3,"href":"https:\/\/pakuten.pl\/blog\/wp-json\/wp\/v2\/posts\/1628\/revisions"}],"predecessor-version":[{"id":5230,"href":"https:\/\/pakuten.pl\/blog\/wp-json\/wp\/v2\/posts\/1628\/revisions\/5230"}],"wp:featuredmedia":[{"embeddable":true,"href":"https:\/\/pakuten.pl\/blog\/wp-json\/wp\/v2\/media\/1630"}],"wp:attachment":[{"href":"https:\/\/pakuten.pl\/blog\/wp-json\/wp\/v2\/media?parent=1628"}],"wp:term":[{"taxonomy":"category","embeddable":true,"href":"https:\/\/pakuten.pl\/blog\/wp-json\/wp\/v2\/categories?post=1628"},{"taxonomy":"post_tag","embeddable":true,"href":"https:\/\/pakuten.pl\/blog\/wp-json\/wp\/v2\/tags?post=1628"}],"curies":[{"name":"wp","href":"https:\/\/api.w.org\/{rel}","templated":true}]}}