{"id":1648,"date":"2019-04-27T08:56:49","date_gmt":"2019-04-27T06:56:49","guid":{"rendered":"http:\/\/pakuten.pl\/blog\/?p=1648"},"modified":"2021-09-09T09:05:46","modified_gmt":"2021-09-09T07:05:46","slug":"jak-dobrac-okulary-sloneczne-do-ksztaltu-twarzy-porady-stylistki","status":"publish","type":"post","link":"https:\/\/pakuten.pl\/blog\/jak-dobrac-okulary-sloneczne-do-ksztaltu-twarzy-porady-stylistki\/","title":{"rendered":"Jak dobra\u0107 okulary s\u0142oneczne do kszta\u0142tu twarzy? Porady stylistki"},"content":{"rendered":"<p><strong>Okulary s\u0142oneczne<\/strong><strong> to nieod\u0142\u0105czny dodatek w wiosenno-letnich miesi\u0105cach. Bez nich nie wybierasz si\u0119 ani na wakacje, ani nawet do pracy, zw\u0142aszcza je\u015bli od rana w Twoje okno uderzaj\u0105 intensywne promienie s\u0142oneczne. Dob\u00f3r odpowiednich okular\u00f3w jest jednak tak samo istotny, jak dob\u00f3r wygodnego i modnego stroju. Jak dobra\u0107 okulary przeciws\u0142oneczne do kszta\u0142tu twarzy? Oto kilka pomocnych porad, kt\u00f3re pomog\u0105 Ci rozwi\u0105za\u0107 ten problem.<\/strong><\/p>\n<p>Jak znale\u017a\u0107 idealne okulary przeciws\u0142oneczne? Sklepy oferuj\u0105 szeroki wyb\u00f3r oprawek, kszta\u0142t\u00f3w i kolor\u00f3w \u2013 co wcale nie u\u0142atwia racjonalnego wyboru! Cz\u0119sto zachwycamy si\u0119 oprawkami, kt\u00f3re akurat s\u0105 w modzie i nie patrzymy na to, czy nie robi\u0105 krzywdy naszej twarzy.<\/p>\n<p><strong>Kszta\u0142t okular\u00f3w ma bardzo du\u017ce znaczenie, bo wszystko, co nosisz na twarzy, definiuje to, jak ona wygl\u0105da i jak jest odbierana przez innych.<\/strong> Okulary mog\u0105 zamaskowa\u0107 to, za czym by\u0107 mo\u017ce nie przepadasz, ale mog\u0105 r\u00f3wnie\u017c \u201eniechc\u0105cy\u201d to uwypukli\u0107 \u2013 zw\u0142aszcza je\u015bli nie s\u0105 odpowiednio dopasowane. Jakie okulary s\u0142oneczne powinna\u015b wi\u0119c wybra\u0107, aby prezentowa\u0107 si\u0119 w nich doskonale?<\/p>\n<div class=\"product-box-container\">\r\n<div class=\"one_third \" style=\"\">\r\n<div class=\"product-box\">\r\n<a href=\"\" target=\"_blank\">\r\n <img src=\"\" alt=\"\"\/>\r\n<\/a>\r\n<p>\r\n<a href=\"\" target=\"_blank\">\r\n\r\n<\/a><\/p>\r\n  <p>Cena: <\/p>\r\n<a href=\"\" target=\"_blank\" class=\"button\">\r\nZobacz w sklepie\r\n<\/a>\r\n<\/div>\r\n<\/div>\r\n<div class=\"one_third \" style=\"\">\r\n<div class=\"product-box\">\r\n<a href=\"\" target=\"_blank\">\r\n  <img src=\"\" alt=\"\"\/>\r\n<\/a>\r\n<p>\r\n<a href=\"\" target=\"_blank\">\r\n\r\n<\/a><\/p>\r\n  <p>Cena: <\/p>\r\n<a href=\"\" target=\"_blank\" class=\"button\">\r\nZobacz w sklepie\r\n<\/a>\r\n<\/div>\r\n<\/div>\r\n<div class=\"one_third last \" style=\"\">\r\n<div class=\"product-box\">\r\n<a href=\"\" target=\"_blank\">\r\n  <img src=\"\" alt=\"\"\/>\r\n<\/a>\r\n<p>\r\n<a href=\"\" target=\"_blank\">\r\n\r\n<\/a><\/p>\r\n  <p>Cena: <\/p>\r\n<a href=\"\" target=\"_blank\" class=\"button\">\r\nZobacz w sklepie\r\n<\/a>\r\n<\/div>\r\n<\/div><br class=\"clear\"\/>\r\n<\/div>\n<h2><strong>Jak dobra\u0107 okulary przeciws\u0142oneczne<\/strong> <strong>do twarzy okr\u0105g\u0142ej?<\/strong><\/h2>\n<p>Jak dobra\u0107 <span style=\"color: #ff9900;\"><strong><a style=\"color: #ff9900;\" href=\"https:\/\/pakuten.pl\/58-okulary\">okulary przeciws\u0142oneczne do okr\u0105g\u0142ej twarzy<\/a><\/strong><\/span>? W doborze okular\u00f3w tak samo, jak w stylizacji, panuje jedna naczelna zasada: nie nale\u017cy powiela\u0107 kszta\u0142t\u00f3w twarzy w dodatkach, kt\u00f3re znajduj\u0105 si\u0119 blisko niej. Oznacza to, \u017ce dla okr\u0105g\u0142ej twarzy najlepiej sprawdz\u0105 si\u0119 okulary o geometrycznych kszta\u0142tach, w sporych rozmiarach, kt\u00f3re b\u0119d\u0105 przykrywa\u0107 cz\u0119\u015b\u0107 policzk\u00f3w i skronie. W ten spos\u00f3b Twoja twarz b\u0119dzie wygl\u0105da\u0142a szczuplej i zachowa odpowiednie proporcje. Czego powinna\u015b unika\u0107?<\/p>\n<p><strong>Okular\u00f3w lenonek, zw\u0142aszcza tych w wersji mini, oraz wszystkich innych kr\u0105g\u0142ych kszta\u0142t\u00f3w w okularowych oprawkach.<\/strong> To one sprawiaj\u0105, \u017ce twarz wydaje si\u0119 jeszcze bardziej okr\u0105g\u0142a. Za ma\u0142e okulary\u00a0 s\u0142oneczne z kolei spot\u0119guj\u0105 efekt du\u017cej twarzy i b\u0119d\u0105 wygl\u0105da\u0142y bardzo niekorzystnie.<\/p>\n<div class=\"product-box-container\">\r\n<div class=\"one_third \" style=\"\">\r\n<div class=\"product-box\">\r\n<a href=\"\" target=\"_blank\">\r\n <img src=\"\" alt=\"\"\/>\r\n<\/a>\r\n<p>\r\n<a href=\"\" target=\"_blank\">\r\n\r\n<\/a><\/p>\r\n  <p>Cena: <\/p>\r\n<a href=\"\" target=\"_blank\" class=\"button\">\r\nZobacz w sklepie\r\n<\/a>\r\n<\/div>\r\n<\/div>\r\n<div class=\"one_third \" style=\"\">\r\n<div class=\"product-box\">\r\n<a href=\"\" target=\"_blank\">\r\n  <img src=\"\" alt=\"\"\/>\r\n<\/a>\r\n<p>\r\n<a href=\"\" target=\"_blank\">\r\n\r\n<\/a><\/p>\r\n  <p>Cena: <\/p>\r\n<a href=\"\" target=\"_blank\" class=\"button\">\r\nZobacz w sklepie\r\n<\/a>\r\n<\/div>\r\n<\/div>\r\n<div class=\"one_third last \" style=\"\">\r\n<div class=\"product-box\">\r\n<a href=\"https:\/\/pakuten.pl\/6847-22678-designerskie-okulary-przeciwsloneczne-mina-czarny.html\" target=\"_blank\">\r\n  <img src=\"https:\/\/media.pakuten.pl\/41890-large_default\/designerskie-okulary-przeciwsloneczne-mina.jpg\" alt=\"DESIGNERSKIE OKULARY PRZECIWS\u0141ONECZNE MINA\"\/>\r\n<\/a>\r\n<p>\r\n<a href=\"https:\/\/pakuten.pl\/6847-22678-designerskie-okulary-przeciwsloneczne-mina-czarny.html\" target=\"_blank\">\r\nDESIGNERSKIE OKULARY PRZECIWS\u0141ONECZNE MINA\r\n<\/a><\/p>\r\n  <p>Cena: 44,99\u00a0z\u0142<\/p>\r\n<a href=\"https:\/\/pakuten.pl\/6847-22678-designerskie-okulary-przeciwsloneczne-mina-czarny.html\" target=\"_blank\" class=\"button\">\r\nZobacz w sklepie\r\n<\/a>\r\n<\/div>\r\n<\/div><br class=\"clear\"\/>\r\n<\/div><div class=\"product-box-container\">\r\n<div class=\"one_third \" style=\"\">\r\n<div class=\"product-box\">\r\n<a href=\"\" target=\"_blank\">\r\n <img src=\"\" alt=\"\"\/>\r\n<\/a>\r\n<p>\r\n<a href=\"\" target=\"_blank\">\r\n\r\n<\/a><\/p>\r\n  <p>Cena: <\/p>\r\n<a href=\"\" target=\"_blank\" class=\"button\">\r\nZobacz w sklepie\r\n<\/a>\r\n<\/div>\r\n<\/div>\r\n<div class=\"one_third \" style=\"\">\r\n<div class=\"product-box\">\r\n<a href=\"\" target=\"_blank\">\r\n  <img src=\"\" alt=\"\"\/>\r\n<\/a>\r\n<p>\r\n<a href=\"\" target=\"_blank\">\r\n\r\n<\/a><\/p>\r\n  <p>Cena: <\/p>\r\n<a href=\"\" target=\"_blank\" class=\"button\">\r\nZobacz w sklepie\r\n<\/a>\r\n<\/div>\r\n<\/div>\r\n<div class=\"one_third last \" style=\"\">\r\n<div class=\"product-box\">\r\n<a href=\"https:\/\/pakuten.pl\/6847-22678-designerskie-okulary-przeciwsloneczne-mina-czarny.html\" target=\"_blank\">\r\n  <img src=\"https:\/\/media.pakuten.pl\/41890-large_default\/designerskie-okulary-przeciwsloneczne-mina.jpg\" alt=\"DESIGNERSKIE OKULARY PRZECIWS\u0141ONECZNE MINA\"\/>\r\n<\/a>\r\n<p>\r\n<a href=\"https:\/\/pakuten.pl\/6847-22678-designerskie-okulary-przeciwsloneczne-mina-czarny.html\" target=\"_blank\">\r\nDESIGNERSKIE OKULARY PRZECIWS\u0141ONECZNE MINA\r\n<\/a><\/p>\r\n  <p>Cena: 44,99\u00a0z\u0142<\/p>\r\n<a href=\"https:\/\/pakuten.pl\/6847-22678-designerskie-okulary-przeciwsloneczne-mina-czarny.html\" target=\"_blank\" class=\"button\">\r\nZobacz w sklepie\r\n<\/a>\r\n<\/div>\r\n<\/div><br class=\"clear\"\/>\r\n<\/div>\n<h2><strong>Dla jakiego kszta\u0142tu twarzy retro okulary?<\/strong><\/h2>\n<p>Podobna zasada obowi\u0105zuje w przypadku twarzy kwadratowej lub o bardzo kanciastych rysach. Tym razem najlepiej pasowa\u0107 b\u0119d\u0105 okulary o zaokr\u0105glonym kszta\u0142cie, a nie te, kt\u00f3re jeszcze bardziej podkre\u015bl\u0105 geometryczne rysy twarzy. Kwadratowe lub prostok\u0105tne okulary zamie\u0144 na <span style=\"color: #ff9900;\"><strong><a style=\"color: #ff9900;\" href=\"https:\/\/pakuten.pl\/58-okulary\">retro okulary<\/a><\/strong><\/span> w stylu lat 70. lub te z dekady lat 50. o lekko podniesionych kra\u0144cach. Retro okulary nadal dominuj\u0105 na \u015bwiatowych wybiegach, jest to wi\u0119c najlepszy moment na to, aby sprawdzi\u0107, kt\u00f3re z nich pasuj\u0105 Ci najbardziej.<\/p>\n<h2><strong>Owalna twarz i okulary \u2013 sklep Pakuten oferuje szeroki wyb\u00f3r najmodniejszych fason\u00f3w<\/strong><\/h2>\n<p><strong>Podobnych zasad powinna trzyma\u0107 si\u0119 osoba o twarzy w kszta\u0142cie tr\u00f3jk\u0105ta. Lepiej sprawdz\u0105 si\u0119 zaokr\u0105glone oprawki, ni\u017c te, kt\u00f3re maj\u0105 geometryczny, ostry kszta\u0142t.<\/strong> Uwa\u017caj na zbyt du\u017ce okulary, kt\u00f3re sprawi\u0105, \u017ce dolna cz\u0119\u015b\u0107 Twojej twarzy b\u0119dzie wydawa\u0142a si\u0119 jeszcze mniejsza od g\u00f3rnej. A co z owaln\u0105 twarz\u0105? Czy ona te\u017c powinna uwa\u017ca\u0107 na to, jakie wybiera okulary? Sklep pe\u0142en jest r\u00f3\u017cnorodnych fason\u00f3w, a owalna twarz mo\u017ce w nich wybiera\u0107 do woli. To jedyny kszta\u0142t twarzy, kt\u00f3ry mo\u017ce ubra\u0107 prawie ka\u017cde okulary, a i tak b\u0119dzie wygl\u0105da\u0107 w nich korzystnie.<\/p>\n<p>Je\u015bli jednak nie masz owalnej twarzy, nie zniech\u0119caj si\u0119, z pewno\u015bci\u0105 r\u00f3wnie\u017c znajdziesz <span style=\"color: #ff9900;\"><strong><a style=\"color: #ff9900;\" href=\"https:\/\/pakuten.pl\/58-okulary\">idealne okulary przeciws\u0142oneczne<\/a><\/strong><\/span>! Sklep Pakuten oferuje fasony, kt\u00f3re b\u0119dziesz nosi\u0142a z przyjemno\u015bci\u0105!<\/p>\n<div class=\"product-box-container\">\r\n<div class=\"one_third \" style=\"\">\r\n<div class=\"product-box\">\r\n<a href=\"\" target=\"_blank\">\r\n <img src=\"\" alt=\"\"\/>\r\n<\/a>\r\n<p>\r\n<a href=\"\" target=\"_blank\">\r\n\r\n<\/a><\/p>\r\n  <p>Cena: <\/p>\r\n<a href=\"\" target=\"_blank\" class=\"button\">\r\nZobacz w sklepie\r\n<\/a>\r\n<\/div>\r\n<\/div>\r\n<div class=\"one_third \" style=\"\">\r\n<div class=\"product-box\">\r\n<a href=\"https:\/\/pakuten.pl\/6794-22499-okulary-przeciwsloneczne-hoola-odcienie-brazu.html\" target=\"_blank\">\r\n  <img src=\"https:\/\/media.pakuten.pl\/41610-large_default\/okulary-przeciwsloneczne-hoola.jpg\" alt=\"OKULARY PRZECIWS\u0141ONECZNE HOOLA\"\/>\r\n<\/a>\r\n<p>\r\n<a href=\"https:\/\/pakuten.pl\/6794-22499-okulary-przeciwsloneczne-hoola-odcienie-brazu.html\" target=\"_blank\">\r\nOKULARY PRZECIWS\u0141ONECZNE HOOLA\r\n<\/a><\/p>\r\n  <p>Cena: 44,99\u00a0z\u0142<\/p>\r\n<a href=\"https:\/\/pakuten.pl\/6794-22499-okulary-przeciwsloneczne-hoola-odcienie-brazu.html\" target=\"_blank\" class=\"button\">\r\nZobacz w sklepie\r\n<\/a>\r\n<\/div>\r\n<\/div>\r\n<div class=\"one_third last \" style=\"\">\r\n<div class=\"product-box\">\r\n<a href=\"\" target=\"_blank\">\r\n  <img src=\"\" alt=\"\"\/>\r\n<\/a>\r\n<p>\r\n<a href=\"\" target=\"_blank\">\r\n\r\n<\/a><\/p>\r\n  <p>Cena: <\/p>\r\n<a href=\"\" target=\"_blank\" class=\"button\">\r\nZobacz w sklepie\r\n<\/a>\r\n<\/div>\r\n<\/div><br class=\"clear\"\/>\r\n<\/div>\n\n\n<div class=\"kk-star-ratings kksr-auto kksr-align-right kksr-valign-bottom\"\n    data-payload='{&quot;align&quot;:&quot;right&quot;,&quot;id&quot;:&quot;1648&quot;,&quot;slug&quot;:&quot;default&quot;,&quot;valign&quot;:&quot;bottom&quot;,&quot;ignore&quot;:&quot;&quot;,&quot;reference&quot;:&quot;auto&quot;,&quot;class&quot;:&quot;&quot;,&quot;count&quot;:&quot;0&quot;,&quot;legendonly&quot;:&quot;&quot;,&quot;readonly&quot;:&quot;&quot;,&quot;score&quot;:&quot;0&quot;,&quot;starsonly&quot;:&quot;&quot;,&quot;best&quot;:&quot;5&quot;,&quot;gap&quot;:&quot;5&quot;,&quot;greet&quot;:&quot;Rate this post&quot;,&quot;legend&quot;:&quot;0\\\/5 - (0 votes)&quot;,&quot;size&quot;:&quot;24&quot;,&quot;width&quot;:&quot;0&quot;,&quot;_legend&quot;:&quot;{score}\\\/{best} - ({count} {votes})&quot;,&quot;font_factor&quot;:&quot;1.25&quot;}'>\n            \n<div class=\"kksr-stars\">\n    \n<div class=\"kksr-stars-inactive\">\n            <div class=\"kksr-star\" data-star=\"1\" style=\"padding-right: 5px\">\n            \n\n<div class=\"kksr-icon\" style=\"width: 24px; height: 24px;\"><\/div>\n        <\/div>\n            <div class=\"kksr-star\" data-star=\"2\" style=\"padding-right: 5px\">\n            \n\n<div class=\"kksr-icon\" style=\"width: 24px; height: 24px;\"><\/div>\n        <\/div>\n            <div class=\"kksr-star\" data-star=\"3\" style=\"padding-right: 5px\">\n            \n\n<div class=\"kksr-icon\" style=\"width: 24px; height: 24px;\"><\/div>\n        <\/div>\n            <div class=\"kksr-star\" data-star=\"4\" style=\"padding-right: 5px\">\n            \n\n<div class=\"kksr-icon\" style=\"width: 24px; height: 24px;\"><\/div>\n        <\/div>\n            <div class=\"kksr-star\" data-star=\"5\" style=\"padding-right: 5px\">\n            \n\n<div class=\"kksr-icon\" style=\"width: 24px; height: 24px;\"><\/div>\n        <\/div>\n    <\/div>\n    \n<div class=\"kksr-stars-active\" style=\"width: 0px;\">\n            <div class=\"kksr-star\" style=\"padding-right: 5px\">\n            \n\n<div class=\"kksr-icon\" style=\"width: 24px; height: 24px;\"><\/div>\n        <\/div>\n            <div class=\"kksr-star\" style=\"padding-right: 5px\">\n            \n\n<div class=\"kksr-icon\" style=\"width: 24px; height: 24px;\"><\/div>\n        <\/div>\n            <div class=\"kksr-star\" style=\"padding-right: 5px\">\n            \n\n<div class=\"kksr-icon\" style=\"width: 24px; height: 24px;\"><\/div>\n        <\/div>\n            <div class=\"kksr-star\" style=\"padding-right: 5px\">\n            \n\n<div class=\"kksr-icon\" style=\"width: 24px; height: 24px;\"><\/div>\n        <\/div>\n            <div class=\"kksr-star\" style=\"padding-right: 5px\">\n            \n\n<div class=\"kksr-icon\" style=\"width: 24px; height: 24px;\"><\/div>\n        <\/div>\n    <\/div>\n<\/div>\n                \n\n<div class=\"kksr-legend\" style=\"font-size: 19.2px;\">\n            <span class=\"kksr-muted\">Rate this post<\/span>\n    <\/div>\n    <\/div>\n","protected":false},"excerpt":{"rendered":"<p>Okulary s\u0142oneczne to nieod\u0142\u0105czny dodatek w wiosenno-letnich miesi\u0105cach. Bez nich nie wybierasz si\u0119 ani na wakacje, ani nawet do pracy, zw\u0142aszcza je\u015bli od rana w Twoje okno uderzaj\u0105 intensywne promienie s\u0142oneczne. Dob\u00f3r odpowiednich okular\u00f3w jest jednak tak samo istotny, jak [&hellip;]<\/p>\n","protected":false},"author":2,"featured_media":1651,"comment_status":"open","ping_status":"open","sticky":false,"template":"","format":"standard","meta":[],"categories":[4],"tags":[],"yoast_head":"<!-- This site is optimized with the Yoast SEO plugin v18.4.1 - https:\/\/yoast.com\/wordpress\/plugins\/seo\/ -->\n<title>Jak dobra\u0107 okulary s\u0142oneczne do kszta\u0142tu twarzy? Porady stylistki - Pakuten blog<\/title>\n<meta name=\"robots\" content=\"index, follow, max-snippet:-1, max-image-preview:large, max-video-preview:-1\" \/>\n<link rel=\"canonical\" href=\"https:\/\/pakuten.pl\/blog\/jak-dobrac-okulary-sloneczne-do-ksztaltu-twarzy-porady-stylistki\/\" \/>\n<meta property=\"og:locale\" content=\"pl_PL\" \/>\n<meta property=\"og:type\" content=\"article\" \/>\n<meta property=\"og:title\" content=\"Jak dobra\u0107 okulary s\u0142oneczne do kszta\u0142tu twarzy? Porady stylistki - Pakuten blog\" \/>\n<meta property=\"og:description\" content=\"Okulary s\u0142oneczne to nieod\u0142\u0105czny dodatek w wiosenno-letnich miesi\u0105cach. Bez nich nie wybierasz si\u0119 ani na wakacje, ani nawet do pracy, zw\u0142aszcza je\u015bli od rana w Twoje okno uderzaj\u0105 intensywne promienie s\u0142oneczne. Dob\u00f3r odpowiednich okular\u00f3w jest jednak tak samo istotny, jak [&hellip;]\" \/>\n<meta property=\"og:url\" content=\"https:\/\/pakuten.pl\/blog\/jak-dobrac-okulary-sloneczne-do-ksztaltu-twarzy-porady-stylistki\/\" \/>\n<meta property=\"og:site_name\" content=\"Pakuten blog\" \/>\n<meta property=\"article:published_time\" content=\"2019-04-27T06:56:49+00:00\" \/>\n<meta property=\"article:modified_time\" content=\"2021-09-09T07:05:46+00:00\" \/>\n<meta property=\"og:image\" content=\"https:\/\/pakuten.pl\/blog\/wp-content\/uploads\/2019\/04\/okulary-przeciws\u0142oneczne-pakuten.jpeg\" \/>\n\t<meta property=\"og:image:width\" content=\"1280\" \/>\n\t<meta property=\"og:image:height\" content=\"853\" \/>\n\t<meta property=\"og:image:type\" content=\"image\/jpeg\" \/>\n<meta name=\"twitter:card\" content=\"summary_large_image\" \/>\n<meta name=\"twitter:label1\" content=\"Napisane przez\" \/>\n\t<meta name=\"twitter:data1\" content=\"Malwina\" \/>\n\t<meta name=\"twitter:label2\" content=\"Szacowany czas czytania\" \/>\n\t<meta name=\"twitter:data2\" content=\"3 minuty\" \/>\n<script type=\"application\/ld+json\" class=\"yoast-schema-graph\">{\"@context\":\"https:\/\/schema.org\",\"@graph\":[{\"@type\":\"Organization\",\"@id\":\"https:\/\/pakuten.pl\/blog\/#organization\",\"name\":\"Pakuten\",\"url\":\"https:\/\/pakuten.pl\/blog\/\",\"sameAs\":[],\"logo\":{\"@type\":\"ImageObject\",\"@id\":\"https:\/\/pakuten.pl\/blog\/#logo\",\"inLanguage\":\"pl-PL\",\"url\":\"http:\/\/pakuten.pl\/blog\/wp-content\/uploads\/2018\/01\/pakuten_logo.png\",\"contentUrl\":\"http:\/\/pakuten.pl\/blog\/wp-content\/uploads\/2018\/01\/pakuten_logo.png\",\"width\":300,\"height\":120,\"caption\":\"Pakuten\"},\"image\":{\"@id\":\"https:\/\/pakuten.pl\/blog\/#logo\"}},{\"@type\":\"WebSite\",\"@id\":\"https:\/\/pakuten.pl\/blog\/#website\",\"url\":\"https:\/\/pakuten.pl\/blog\/\",\"name\":\"Pakuten blog\",\"description\":\"Blog sklepu internetowego pakuten.pl\",\"publisher\":{\"@id\":\"https:\/\/pakuten.pl\/blog\/#organization\"},\"potentialAction\":[{\"@type\":\"SearchAction\",\"target\":{\"@type\":\"EntryPoint\",\"urlTemplate\":\"https:\/\/pakuten.pl\/blog\/?s={search_term_string}\"},\"query-input\":\"required name=search_term_string\"}],\"inLanguage\":\"pl-PL\"},{\"@type\":\"ImageObject\",\"@id\":\"https:\/\/pakuten.pl\/blog\/jak-dobrac-okulary-sloneczne-do-ksztaltu-twarzy-porady-stylistki\/#primaryimage\",\"inLanguage\":\"pl-PL\",\"url\":\"https:\/\/pakuten.pl\/blog\/wp-content\/uploads\/2019\/04\/okulary-przeciws\u0142oneczne-pakuten.jpeg\",\"contentUrl\":\"https:\/\/pakuten.pl\/blog\/wp-content\/uploads\/2019\/04\/okulary-przeciws\u0142oneczne-pakuten.jpeg\",\"width\":1280,\"height\":853,\"caption\":\"Jak dobra\u0107 okulary s\u0142oneczne do kszta\u0142tu twarzy? Porady stylistki\"},{\"@type\":\"WebPage\",\"@id\":\"https:\/\/pakuten.pl\/blog\/jak-dobrac-okulary-sloneczne-do-ksztaltu-twarzy-porady-stylistki\/#webpage\",\"url\":\"https:\/\/pakuten.pl\/blog\/jak-dobrac-okulary-sloneczne-do-ksztaltu-twarzy-porady-stylistki\/\",\"name\":\"Jak dobra\u0107 okulary s\u0142oneczne do kszta\u0142tu twarzy? Porady stylistki - Pakuten blog\",\"isPartOf\":{\"@id\":\"https:\/\/pakuten.pl\/blog\/#website\"},\"primaryImageOfPage\":{\"@id\":\"https:\/\/pakuten.pl\/blog\/jak-dobrac-okulary-sloneczne-do-ksztaltu-twarzy-porady-stylistki\/#primaryimage\"},\"datePublished\":\"2019-04-27T06:56:49+00:00\",\"dateModified\":\"2021-09-09T07:05:46+00:00\",\"breadcrumb\":{\"@id\":\"https:\/\/pakuten.pl\/blog\/jak-dobrac-okulary-sloneczne-do-ksztaltu-twarzy-porady-stylistki\/#breadcrumb\"},\"inLanguage\":\"pl-PL\",\"potentialAction\":[{\"@type\":\"ReadAction\",\"target\":[\"https:\/\/pakuten.pl\/blog\/jak-dobrac-okulary-sloneczne-do-ksztaltu-twarzy-porady-stylistki\/\"]}]},{\"@type\":\"BreadcrumbList\",\"@id\":\"https:\/\/pakuten.pl\/blog\/jak-dobrac-okulary-sloneczne-do-ksztaltu-twarzy-porady-stylistki\/#breadcrumb\",\"itemListElement\":[{\"@type\":\"ListItem\",\"position\":1,\"name\":\"Strona g\u0142\u00f3wna\",\"item\":\"https:\/\/pakuten.pl\/blog\/\"},{\"@type\":\"ListItem\",\"position\":2,\"name\":\"Jak dobra\u0107 okulary s\u0142oneczne do kszta\u0142tu twarzy? Porady stylistki\"}]},{\"@type\":\"Article\",\"@id\":\"https:\/\/pakuten.pl\/blog\/jak-dobrac-okulary-sloneczne-do-ksztaltu-twarzy-porady-stylistki\/#article\",\"isPartOf\":{\"@id\":\"https:\/\/pakuten.pl\/blog\/jak-dobrac-okulary-sloneczne-do-ksztaltu-twarzy-porady-stylistki\/#webpage\"},\"author\":{\"@id\":\"https:\/\/pakuten.pl\/blog\/#\/schema\/person\/8d03059f8e6f83bab2553d9ff4517702\"},\"headline\":\"Jak dobra\u0107 okulary s\u0142oneczne do kszta\u0142tu twarzy? Porady stylistki\",\"datePublished\":\"2019-04-27T06:56:49+00:00\",\"dateModified\":\"2021-09-09T07:05:46+00:00\",\"mainEntityOfPage\":{\"@id\":\"https:\/\/pakuten.pl\/blog\/jak-dobrac-okulary-sloneczne-do-ksztaltu-twarzy-porady-stylistki\/#webpage\"},\"wordCount\":634,\"commentCount\":0,\"publisher\":{\"@id\":\"https:\/\/pakuten.pl\/blog\/#organization\"},\"image\":{\"@id\":\"https:\/\/pakuten.pl\/blog\/jak-dobrac-okulary-sloneczne-do-ksztaltu-twarzy-porady-stylistki\/#primaryimage\"},\"thumbnailUrl\":\"https:\/\/pakuten.pl\/blog\/wp-content\/uploads\/2019\/04\/okulary-przeciws\u0142oneczne-pakuten.jpeg\",\"articleSection\":[\"Tips&amp;Tricks\"],\"inLanguage\":\"pl-PL\",\"potentialAction\":[{\"@type\":\"CommentAction\",\"name\":\"Comment\",\"target\":[\"https:\/\/pakuten.pl\/blog\/jak-dobrac-okulary-sloneczne-do-ksztaltu-twarzy-porady-stylistki\/#respond\"]}]},{\"@type\":\"Person\",\"@id\":\"https:\/\/pakuten.pl\/blog\/#\/schema\/person\/8d03059f8e6f83bab2553d9ff4517702\",\"name\":\"Malwina\",\"image\":{\"@type\":\"ImageObject\",\"@id\":\"https:\/\/pakuten.pl\/blog\/#personlogo\",\"inLanguage\":\"pl-PL\",\"url\":\"https:\/\/secure.gravatar.com\/avatar\/b46f1be65c5d79f6186fe8f30ac2bf6f?s=96&d=mm&r=g\",\"contentUrl\":\"https:\/\/secure.gravatar.com\/avatar\/b46f1be65c5d79f6186fe8f30ac2bf6f?s=96&d=mm&r=g\",\"caption\":\"Malwina\"},\"url\":\"https:\/\/pakuten.pl\/blog\/author\/semahead\/\"}]}<\/script>\n<!-- \/ Yoast SEO plugin. -->","yoast_head_json":{"title":"Jak dobra\u0107 okulary s\u0142oneczne do kszta\u0142tu twarzy? Porady stylistki - Pakuten blog","robots":{"index":"index","follow":"follow","max-snippet":"max-snippet:-1","max-image-preview":"max-image-preview:large","max-video-preview":"max-video-preview:-1"},"canonical":"https:\/\/pakuten.pl\/blog\/jak-dobrac-okulary-sloneczne-do-ksztaltu-twarzy-porady-stylistki\/","og_locale":"pl_PL","og_type":"article","og_title":"Jak dobra\u0107 okulary s\u0142oneczne do kszta\u0142tu twarzy? Porady stylistki - Pakuten blog","og_description":"Okulary s\u0142oneczne to nieod\u0142\u0105czny dodatek w wiosenno-letnich miesi\u0105cach. Bez nich nie wybierasz si\u0119 ani na wakacje, ani nawet do pracy, zw\u0142aszcza je\u015bli od rana w Twoje okno uderzaj\u0105 intensywne promienie s\u0142oneczne. Dob\u00f3r odpowiednich okular\u00f3w jest jednak tak samo istotny, jak [&hellip;]","og_url":"https:\/\/pakuten.pl\/blog\/jak-dobrac-okulary-sloneczne-do-ksztaltu-twarzy-porady-stylistki\/","og_site_name":"Pakuten blog","article_published_time":"2019-04-27T06:56:49+00:00","article_modified_time":"2021-09-09T07:05:46+00:00","og_image":[{"width":1280,"height":853,"url":"https:\/\/pakuten.pl\/blog\/wp-content\/uploads\/2019\/04\/okulary-przeciws\u0142oneczne-pakuten.jpeg","type":"image\/jpeg"}],"twitter_card":"summary_large_image","twitter_misc":{"Napisane przez":"Malwina","Szacowany czas czytania":"3 minuty"},"schema":{"@context":"https:\/\/schema.org","@graph":[{"@type":"Organization","@id":"https:\/\/pakuten.pl\/blog\/#organization","name":"Pakuten","url":"https:\/\/pakuten.pl\/blog\/","sameAs":[],"logo":{"@type":"ImageObject","@id":"https:\/\/pakuten.pl\/blog\/#logo","inLanguage":"pl-PL","url":"http:\/\/pakuten.pl\/blog\/wp-content\/uploads\/2018\/01\/pakuten_logo.png","contentUrl":"http:\/\/pakuten.pl\/blog\/wp-content\/uploads\/2018\/01\/pakuten_logo.png","width":300,"height":120,"caption":"Pakuten"},"image":{"@id":"https:\/\/pakuten.pl\/blog\/#logo"}},{"@type":"WebSite","@id":"https:\/\/pakuten.pl\/blog\/#website","url":"https:\/\/pakuten.pl\/blog\/","name":"Pakuten blog","description":"Blog sklepu internetowego pakuten.pl","publisher":{"@id":"https:\/\/pakuten.pl\/blog\/#organization"},"potentialAction":[{"@type":"SearchAction","target":{"@type":"EntryPoint","urlTemplate":"https:\/\/pakuten.pl\/blog\/?s={search_term_string}"},"query-input":"required name=search_term_string"}],"inLanguage":"pl-PL"},{"@type":"ImageObject","@id":"https:\/\/pakuten.pl\/blog\/jak-dobrac-okulary-sloneczne-do-ksztaltu-twarzy-porady-stylistki\/#primaryimage","inLanguage":"pl-PL","url":"https:\/\/pakuten.pl\/blog\/wp-content\/uploads\/2019\/04\/okulary-przeciws\u0142oneczne-pakuten.jpeg","contentUrl":"https:\/\/pakuten.pl\/blog\/wp-content\/uploads\/2019\/04\/okulary-przeciws\u0142oneczne-pakuten.jpeg","width":1280,"height":853,"caption":"Jak dobra\u0107 okulary s\u0142oneczne do kszta\u0142tu twarzy? Porady stylistki"},{"@type":"WebPage","@id":"https:\/\/pakuten.pl\/blog\/jak-dobrac-okulary-sloneczne-do-ksztaltu-twarzy-porady-stylistki\/#webpage","url":"https:\/\/pakuten.pl\/blog\/jak-dobrac-okulary-sloneczne-do-ksztaltu-twarzy-porady-stylistki\/","name":"Jak dobra\u0107 okulary s\u0142oneczne do kszta\u0142tu twarzy? Porady stylistki - Pakuten blog","isPartOf":{"@id":"https:\/\/pakuten.pl\/blog\/#website"},"primaryImageOfPage":{"@id":"https:\/\/pakuten.pl\/blog\/jak-dobrac-okulary-sloneczne-do-ksztaltu-twarzy-porady-stylistki\/#primaryimage"},"datePublished":"2019-04-27T06:56:49+00:00","dateModified":"2021-09-09T07:05:46+00:00","breadcrumb":{"@id":"https:\/\/pakuten.pl\/blog\/jak-dobrac-okulary-sloneczne-do-ksztaltu-twarzy-porady-stylistki\/#breadcrumb"},"inLanguage":"pl-PL","potentialAction":[{"@type":"ReadAction","target":["https:\/\/pakuten.pl\/blog\/jak-dobrac-okulary-sloneczne-do-ksztaltu-twarzy-porady-stylistki\/"]}]},{"@type":"BreadcrumbList","@id":"https:\/\/pakuten.pl\/blog\/jak-dobrac-okulary-sloneczne-do-ksztaltu-twarzy-porady-stylistki\/#breadcrumb","itemListElement":[{"@type":"ListItem","position":1,"name":"Strona g\u0142\u00f3wna","item":"https:\/\/pakuten.pl\/blog\/"},{"@type":"ListItem","position":2,"name":"Jak dobra\u0107 okulary s\u0142oneczne do kszta\u0142tu twarzy? Porady stylistki"}]},{"@type":"Article","@id":"https:\/\/pakuten.pl\/blog\/jak-dobrac-okulary-sloneczne-do-ksztaltu-twarzy-porady-stylistki\/#article","isPartOf":{"@id":"https:\/\/pakuten.pl\/blog\/jak-dobrac-okulary-sloneczne-do-ksztaltu-twarzy-porady-stylistki\/#webpage"},"author":{"@id":"https:\/\/pakuten.pl\/blog\/#\/schema\/person\/8d03059f8e6f83bab2553d9ff4517702"},"headline":"Jak dobra\u0107 okulary s\u0142oneczne do kszta\u0142tu twarzy? Porady stylistki","datePublished":"2019-04-27T06:56:49+00:00","dateModified":"2021-09-09T07:05:46+00:00","mainEntityOfPage":{"@id":"https:\/\/pakuten.pl\/blog\/jak-dobrac-okulary-sloneczne-do-ksztaltu-twarzy-porady-stylistki\/#webpage"},"wordCount":634,"commentCount":0,"publisher":{"@id":"https:\/\/pakuten.pl\/blog\/#organization"},"image":{"@id":"https:\/\/pakuten.pl\/blog\/jak-dobrac-okulary-sloneczne-do-ksztaltu-twarzy-porady-stylistki\/#primaryimage"},"thumbnailUrl":"https:\/\/pakuten.pl\/blog\/wp-content\/uploads\/2019\/04\/okulary-przeciws\u0142oneczne-pakuten.jpeg","articleSection":["Tips&amp;Tricks"],"inLanguage":"pl-PL","potentialAction":[{"@type":"CommentAction","name":"Comment","target":["https:\/\/pakuten.pl\/blog\/jak-dobrac-okulary-sloneczne-do-ksztaltu-twarzy-porady-stylistki\/#respond"]}]},{"@type":"Person","@id":"https:\/\/pakuten.pl\/blog\/#\/schema\/person\/8d03059f8e6f83bab2553d9ff4517702","name":"Malwina","image":{"@type":"ImageObject","@id":"https:\/\/pakuten.pl\/blog\/#personlogo","inLanguage":"pl-PL","url":"https:\/\/secure.gravatar.com\/avatar\/b46f1be65c5d79f6186fe8f30ac2bf6f?s=96&d=mm&r=g","contentUrl":"https:\/\/secure.gravatar.com\/avatar\/b46f1be65c5d79f6186fe8f30ac2bf6f?s=96&d=mm&r=g","caption":"Malwina"},"url":"https:\/\/pakuten.pl\/blog\/author\/semahead\/"}]}},"_links":{"self":[{"href":"https:\/\/pakuten.pl\/blog\/wp-json\/wp\/v2\/posts\/1648"}],"collection":[{"href":"https:\/\/pakuten.pl\/blog\/wp-json\/wp\/v2\/posts"}],"about":[{"href":"https:\/\/pakuten.pl\/blog\/wp-json\/wp\/v2\/types\/post"}],"author":[{"embeddable":true,"href":"https:\/\/pakuten.pl\/blog\/wp-json\/wp\/v2\/users\/2"}],"replies":[{"embeddable":true,"href":"https:\/\/pakuten.pl\/blog\/wp-json\/wp\/v2\/comments?post=1648"}],"version-history":[{"count":4,"href":"https:\/\/pakuten.pl\/blog\/wp-json\/wp\/v2\/posts\/1648\/revisions"}],"predecessor-version":[{"id":5475,"href":"https:\/\/pakuten.pl\/blog\/wp-json\/wp\/v2\/posts\/1648\/revisions\/5475"}],"wp:featuredmedia":[{"embeddable":true,"href":"https:\/\/pakuten.pl\/blog\/wp-json\/wp\/v2\/media\/1651"}],"wp:attachment":[{"href":"https:\/\/pakuten.pl\/blog\/wp-json\/wp\/v2\/media?parent=1648"}],"wp:term":[{"taxonomy":"category","embeddable":true,"href":"https:\/\/pakuten.pl\/blog\/wp-json\/wp\/v2\/categories?post=1648"},{"taxonomy":"post_tag","embeddable":true,"href":"https:\/\/pakuten.pl\/blog\/wp-json\/wp\/v2\/tags?post=1648"}],"curies":[{"name":"wp","href":"https:\/\/api.w.org\/{rel}","templated":true}]}}