{"id":1664,"date":"2019-05-07T15:42:30","date_gmt":"2019-05-07T13:42:30","guid":{"rendered":"http:\/\/pakuten.pl\/blog\/?p=1664"},"modified":"2021-08-20T12:59:07","modified_gmt":"2021-08-20T10:59:07","slug":"stylowe-letnie-akcesoria-co-kupic-na-nowy-sezon","status":"publish","type":"post","link":"https:\/\/pakuten.pl\/blog\/stylowe-letnie-akcesoria-co-kupic-na-nowy-sezon\/","title":{"rendered":"Stylowe letnie akcesoria \u2013 co kupi\u0107 na nowy sezon?"},"content":{"rendered":"<p><strong>Nowy sezon to czas na przegl\u0105d najnowszych trend\u00f3w w modzie. Lato to pora roku, w kt\u00f3rej g\u0142\u00f3wn\u0105 rol\u0119 graj\u0105 sukienki, ale tak\u017ce r\u00f3\u017cnorodne dodatki, kt\u00f3re nadaj\u0105 ostateczny charakter ka\u017cdej stylizacji. Torebka damska, kapelusz letni, paski i apaszki to zdecydowanie te akcesoria, bez kt\u00f3rych trudno wybra\u0107 si\u0119 i na pla\u017c\u0119 i na wakacje sp\u0119dzone w mie\u015bcie. Co w tym sezonie jest zdecydowanym strza\u0142em w dziesi\u0105tk\u0119 i co koniecznie musi si\u0119 znale\u017a\u0107 w Twojej szafie? <\/strong><\/p>\n<p>Letnia stylizacja powinna przyci\u0105ga\u0107 uwag\u0119 ciekawym wyko\u0144czeniem i pomys\u0142owymi dodatkami. To w\u0142a\u015bnie dzi\u0119ki nim zwyk\u0142a <span style=\"color: #ff9900;\"><strong><a style=\"color: #ff9900;\" href=\"https:\/\/pakuten.pl\/67-sukienki-letnie\">zwiewna sukienka<\/a><\/strong><\/span> staje si\u0119 najmodniejszym elementem ubioru, kt\u00f3rego nie powstydziliby si\u0119 topowi projektanci mody. Jak wystylizowa\u0107 ten element stroju na pla\u017c\u0119, a jak na wieczornego drinka w ciep\u0142y letni dzie\u0144? Przydadz\u0105 si\u0119 nowe akcesoria, np. letnia torebka damska czy stylowy kapelusz.<\/p>\n<h2><strong>Torba damska \u2013 na pla\u017c\u0119 i na wakacje w mie\u015bcie<\/strong><\/h2>\n<p>Dodatki nale\u017cy dobiera\u0107 do w\u0142asnego stylu i gustu, jednak niekt\u00f3re z nich sprawdzaj\u0105 si\u0119 w ka\u017cdej sytuacji bez wzgl\u0119du na kolor, fason, czy charakter. Torba damska to akcesorium, kt\u00f3re latem przydaje si\u0119 jeszcze bardziej, ni\u017c w inne pory roku. Butelka wody, okulary przeciws\u0142oneczne, czy parasol na wypadek przelotnego letniego deszczu \u2013 to wszystko powinna pomie\u015bci\u0107 praktyczna letnia torba. Jaka torba damska jest w tym sezonie najmodniejsza?<\/p>\n<p>Jak ka\u017cdego lata, rekordy popularno\u015bci w\u015br\u00f3d wielbicielek mody bije torba wiklinowa. Dobra wiadomo\u015b\u0107 jest taka, \u017ce mo\u017cesz wybra\u0107 t\u0119, kt\u00f3ra najbardziej przypad\u0142a Ci do gustu, niezale\u017cnie od rozmiaru. Modna jest zar\u00f3wno wielka torba damska, kt\u00f3ra pomie\u015bci nawet pla\u017cowy r\u0119cznik, jak i stylowe ma\u0142e torebki w okr\u0105g\u0142ym lub prostok\u0105tnym kszta\u0142cie.<\/p>\n<h2><strong>Kapelusz letni<\/strong> <strong>nie tylko w stylu boho<\/strong><\/h2>\n<p>Do takiej torby z pewno\u015bci\u0105 przyda si\u0119 r\u00f3wnie stylowy kapelusz letni. Jego fason dopasuj do Twojego stylu oraz danej stylizacji. Na wakacje \u015bwietnie sprawdzi si\u0119 kapelusz letni s\u0142omkowy z du\u017cym lub niewielkim rondem. Pierwszy z nich sprawi, \u017ce b\u0119dziesz wygl\u0105da\u0107 jak prawdziwa gwiazda, drugi nada lekko\u015bci i finezji ka\u017cdej sukience.<\/p>\n<p>Dobrze sprawdzi si\u0119 r\u00f3wnie\u017c w po\u0142\u0105czeniu z klasycznymi jeansowymi szortami oraz zwiewn\u0105 bluzeczk\u0105 w stylu boho, kt\u00f3ry nadal nie wychodzi z mody w letnim sezonie. Pami\u0119taj, \u017ce kapelusz nie musi mie\u0107 s\u0142omkowego koloru, mo\u017cesz tak\u017ce znale\u017a\u0107 ten w odcieniu czerni lub ka\u017cdego innego koloru, kt\u00f3ry b\u0119dzie pasowa\u0142 do Twojej garderoby.<\/p>\n<h2><strong>Akcesorium sezonu, czyli wzorzysta apaszka<\/strong><\/h2>\n<p>Kolorowa wzorzysta apaszka to kolejny dodatek, kt\u00f3ry w tym sezonie koniecznie musi znale\u017a\u0107 si\u0119 w Twojej szafie. To niepozorne akcesorium pozwala Ci na szybk\u0105 zmian\u0119 stylizacji, poniewa\u017c apaszk\u0119 mo\u017cesz nosi\u0107 na wiele r\u00f3\u017cnych sposob\u00f3w: na szyi, zawi\u0105zan\u0105 na torebce jako intryguj\u0105ca ozdoba, a nawet we w\u0142osach, jak wst\u0105\u017ck\u0119, kt\u00f3ra przykrywa gumk\u0119 do w\u0142os\u00f3w.<\/p>\n<p>Oczywi\u015bcie nadal najbardziej stylowym sposobem na noszenie apaszki jest ten w stylu Grace Kelly i innych gwiazd Hollywood, czyli chustka zawi\u0105zana na g\u0142owie pod szyj\u0105, tak jak niegdy\u015b nosi\u0142y nasze babcie. To marka Gucci odpowiedzialna jest za powr\u00f3t tej wersji apaszki. Niezale\u017cnie od okazji ten dodatek najlepiej prezentuje si\u0119 w duecie ze stylowymi okularami przeciws\u0142onecznymi.<\/p>\n<h2><strong>Sanda\u0142y damskie \u2013 buty, w kt\u00f3rych przechodzisz ca\u0142y sezon<\/strong><\/h2>\n<p>Ostatnim, aczkolwiek r\u00f3wnie wa\u017cnym letnim dodatkiem s\u0105 oczywi\u015bcie sanda\u0142y damskie. W tym sezonie liczy si\u0119 wysoko\u015b\u0107, dlatego sanda\u0142y na koturnie, czy sanda\u0142y na s\u0142upku to buty, kt\u00f3re zamieni\u0105 Twoj\u0105 stylizacj\u0119 w projekt prosto z wybiegu. <strong><span style=\"color: #ff9900;\"><a style=\"color: #ff9900;\" href=\"https:\/\/pakuten.pl\/87-buty\">Sanda\u0142y damskie<\/a><\/span><\/strong> nosimy po mie\u015bcie, na pla\u017c\u0119, do sukienek, do sp\u00f3dnic i do spodni. Np. sanda\u0142y na koturnie lub na wysokiej szpilce mo\u017cesz r\u00f3wnie\u017c za\u0142o\u017cy\u0107 na uroczyst\u0105 letni\u0105 okazj\u0119 jak wesele, czy inna rodzinna uroczysto\u015b\u0107. Z kolei sanda\u0142y na s\u0142upku z kolei \u015bwietnie nadadz\u0105 si\u0119 na kolacj\u0119 we dwoje w ciep\u0142y letni wiecz\u00f3r.<\/p>\n<div class=\"product-box-container\">\r\n<div class=\"one_third \" style=\"\">\r\n<div class=\"product-box\">\r\n<a href=\"https:\/\/pakuten.pl\/7056-23359-plazowa-torba-w-malinowe-paski-kotwica-malinowy.html\" target=\"_blank\">\r\n <img src=\"https:\/\/media.pakuten.pl\/42904-large_default\/plazowa-torba-w-malinowe-paski-kotwica.jpg\" alt=\"PLA\u017bOWA TORBA W MALINOWE PASKI - KOTWICA\"\/>\r\n<\/a>\r\n<p>\r\n<a href=\"https:\/\/pakuten.pl\/7056-23359-plazowa-torba-w-malinowe-paski-kotwica-malinowy.html\" target=\"_blank\">\r\nPLA\u017bOWA TORBA W MALINOWE PASKI - KOTWICA\r\n<\/a><\/p>\r\n  <p>Cena: 35,99\u00a0z\u0142<\/p>\r\n<a href=\"https:\/\/pakuten.pl\/7056-23359-plazowa-torba-w-malinowe-paski-kotwica-malinowy.html\" target=\"_blank\" class=\"button\">\r\nZobacz w sklepie\r\n<\/a>\r\n<\/div>\r\n<\/div>\r\n<div class=\"one_third \" style=\"\">\r\n<div class=\"product-box\">\r\n<a href=\"https:\/\/pakuten.pl\/7054-23357-grafitowa-plazowa-torba-kotwica-grafitowy.html\" target=\"_blank\">\r\n  <img src=\"https:\/\/media.pakuten.pl\/42897-large_default\/grafitowa-plazowa-torba-kotwica.jpg\" alt=\"GRAFITOWA PLA\u017bOWA TORBA - KOTWICA\"\/>\r\n<\/a>\r\n<p>\r\n<a href=\"https:\/\/pakuten.pl\/7054-23357-grafitowa-plazowa-torba-kotwica-grafitowy.html\" target=\"_blank\">\r\nGRAFITOWA PLA\u017bOWA TORBA - KOTWICA\r\n<\/a><\/p>\r\n  <p>Cena: 35,99\u00a0z\u0142<\/p>\r\n<a href=\"https:\/\/pakuten.pl\/7054-23357-grafitowa-plazowa-torba-kotwica-grafitowy.html\" target=\"_blank\" class=\"button\">\r\nZobacz w sklepie\r\n<\/a>\r\n<\/div>\r\n<\/div>\r\n<div class=\"one_third last \" style=\"\">\r\n<div class=\"product-box\">\r\n<a href=\"\" target=\"_blank\">\r\n  <img src=\"\" alt=\"\"\/>\r\n<\/a>\r\n<p>\r\n<a href=\"\" target=\"_blank\">\r\n\r\n<\/a><\/p>\r\n  <p>Cena: <\/p>\r\n<a href=\"\" target=\"_blank\" class=\"button\">\r\nZobacz w sklepie\r\n<\/a>\r\n<\/div>\r\n<\/div><br class=\"clear\"\/>\r\n<\/div>\n\n\n<div class=\"kk-star-ratings kksr-auto kksr-align-right kksr-valign-bottom\"\n    data-payload='{&quot;align&quot;:&quot;right&quot;,&quot;id&quot;:&quot;1664&quot;,&quot;slug&quot;:&quot;default&quot;,&quot;valign&quot;:&quot;bottom&quot;,&quot;ignore&quot;:&quot;&quot;,&quot;reference&quot;:&quot;auto&quot;,&quot;class&quot;:&quot;&quot;,&quot;count&quot;:&quot;0&quot;,&quot;legendonly&quot;:&quot;&quot;,&quot;readonly&quot;:&quot;&quot;,&quot;score&quot;:&quot;0&quot;,&quot;starsonly&quot;:&quot;&quot;,&quot;best&quot;:&quot;5&quot;,&quot;gap&quot;:&quot;5&quot;,&quot;greet&quot;:&quot;Rate this post&quot;,&quot;legend&quot;:&quot;0\\\/5 - (0 votes)&quot;,&quot;size&quot;:&quot;24&quot;,&quot;width&quot;:&quot;0&quot;,&quot;_legend&quot;:&quot;{score}\\\/{best} - ({count} {votes})&quot;,&quot;font_factor&quot;:&quot;1.25&quot;}'>\n            \n<div class=\"kksr-stars\">\n    \n<div class=\"kksr-stars-inactive\">\n            <div class=\"kksr-star\" data-star=\"1\" style=\"padding-right: 5px\">\n            \n\n<div class=\"kksr-icon\" style=\"width: 24px; height: 24px;\"><\/div>\n        <\/div>\n            <div class=\"kksr-star\" data-star=\"2\" style=\"padding-right: 5px\">\n            \n\n<div class=\"kksr-icon\" style=\"width: 24px; height: 24px;\"><\/div>\n        <\/div>\n            <div class=\"kksr-star\" data-star=\"3\" style=\"padding-right: 5px\">\n            \n\n<div class=\"kksr-icon\" style=\"width: 24px; height: 24px;\"><\/div>\n        <\/div>\n            <div class=\"kksr-star\" data-star=\"4\" style=\"padding-right: 5px\">\n            \n\n<div class=\"kksr-icon\" style=\"width: 24px; height: 24px;\"><\/div>\n        <\/div>\n            <div class=\"kksr-star\" data-star=\"5\" style=\"padding-right: 5px\">\n            \n\n<div class=\"kksr-icon\" style=\"width: 24px; height: 24px;\"><\/div>\n        <\/div>\n    <\/div>\n    \n<div class=\"kksr-stars-active\" style=\"width: 0px;\">\n            <div class=\"kksr-star\" style=\"padding-right: 5px\">\n            \n\n<div class=\"kksr-icon\" style=\"width: 24px; height: 24px;\"><\/div>\n        <\/div>\n            <div class=\"kksr-star\" style=\"padding-right: 5px\">\n            \n\n<div class=\"kksr-icon\" style=\"width: 24px; height: 24px;\"><\/div>\n        <\/div>\n            <div class=\"kksr-star\" style=\"padding-right: 5px\">\n            \n\n<div class=\"kksr-icon\" style=\"width: 24px; height: 24px;\"><\/div>\n        <\/div>\n            <div class=\"kksr-star\" style=\"padding-right: 5px\">\n            \n\n<div class=\"kksr-icon\" style=\"width: 24px; height: 24px;\"><\/div>\n        <\/div>\n            <div class=\"kksr-star\" style=\"padding-right: 5px\">\n            \n\n<div class=\"kksr-icon\" style=\"width: 24px; height: 24px;\"><\/div>\n        <\/div>\n    <\/div>\n<\/div>\n                \n\n<div class=\"kksr-legend\" style=\"font-size: 19.2px;\">\n            <span class=\"kksr-muted\">Rate this post<\/span>\n    <\/div>\n    <\/div>\n","protected":false},"excerpt":{"rendered":"<p>Nowy sezon to czas na przegl\u0105d najnowszych trend\u00f3w w modzie. Lato to pora roku, w kt\u00f3rej g\u0142\u00f3wn\u0105 rol\u0119 graj\u0105 sukienki, ale tak\u017ce r\u00f3\u017cnorodne dodatki, kt\u00f3re nadaj\u0105 ostateczny charakter ka\u017cdej stylizacji. Torebka damska, kapelusz letni, paski i apaszki to zdecydowanie te [&hellip;]<\/p>\n","protected":false},"author":2,"featured_media":1666,"comment_status":"open","ping_status":"open","sticky":false,"template":"","format":"standard","meta":[],"categories":[4],"tags":[],"yoast_head":"<!-- This site is optimized with the Yoast SEO plugin v18.4.1 - https:\/\/yoast.com\/wordpress\/plugins\/seo\/ -->\n<title>Stylowe letnie akcesoria \u2013 co kupi\u0107 na nowy sezon? - Pakuten blog<\/title>\n<meta name=\"robots\" content=\"index, follow, max-snippet:-1, max-image-preview:large, max-video-preview:-1\" \/>\n<link rel=\"canonical\" href=\"https:\/\/pakuten.pl\/blog\/stylowe-letnie-akcesoria-co-kupic-na-nowy-sezon\/\" \/>\n<meta property=\"og:locale\" content=\"pl_PL\" \/>\n<meta property=\"og:type\" content=\"article\" \/>\n<meta property=\"og:title\" content=\"Stylowe letnie akcesoria \u2013 co kupi\u0107 na nowy sezon? - Pakuten blog\" \/>\n<meta property=\"og:description\" content=\"Nowy sezon to czas na przegl\u0105d najnowszych trend\u00f3w w modzie. Lato to pora roku, w kt\u00f3rej g\u0142\u00f3wn\u0105 rol\u0119 graj\u0105 sukienki, ale tak\u017ce r\u00f3\u017cnorodne dodatki, kt\u00f3re nadaj\u0105 ostateczny charakter ka\u017cdej stylizacji. Torebka damska, kapelusz letni, paski i apaszki to zdecydowanie te [&hellip;]\" \/>\n<meta property=\"og:url\" content=\"https:\/\/pakuten.pl\/blog\/stylowe-letnie-akcesoria-co-kupic-na-nowy-sezon\/\" \/>\n<meta property=\"og:site_name\" content=\"Pakuten blog\" \/>\n<meta property=\"article:published_time\" content=\"2019-05-07T13:42:30+00:00\" \/>\n<meta property=\"article:modified_time\" content=\"2021-08-20T10:59:07+00:00\" \/>\n<meta property=\"og:image\" content=\"https:\/\/pakuten.pl\/blog\/wp-content\/uploads\/2019\/05\/modne-dodatki-na-lato.jpeg\" \/>\n\t<meta property=\"og:image:width\" content=\"1280\" \/>\n\t<meta property=\"og:image:height\" content=\"854\" \/>\n\t<meta property=\"og:image:type\" content=\"image\/jpeg\" \/>\n<meta name=\"twitter:card\" content=\"summary_large_image\" \/>\n<meta name=\"twitter:label1\" content=\"Napisane przez\" \/>\n\t<meta name=\"twitter:data1\" content=\"Malwina\" \/>\n\t<meta name=\"twitter:label2\" content=\"Szacowany czas czytania\" \/>\n\t<meta name=\"twitter:data2\" content=\"3 minuty\" \/>\n<script type=\"application\/ld+json\" class=\"yoast-schema-graph\">{\"@context\":\"https:\/\/schema.org\",\"@graph\":[{\"@type\":\"Organization\",\"@id\":\"https:\/\/pakuten.pl\/blog\/#organization\",\"name\":\"Pakuten\",\"url\":\"https:\/\/pakuten.pl\/blog\/\",\"sameAs\":[],\"logo\":{\"@type\":\"ImageObject\",\"@id\":\"https:\/\/pakuten.pl\/blog\/#logo\",\"inLanguage\":\"pl-PL\",\"url\":\"http:\/\/pakuten.pl\/blog\/wp-content\/uploads\/2018\/01\/pakuten_logo.png\",\"contentUrl\":\"http:\/\/pakuten.pl\/blog\/wp-content\/uploads\/2018\/01\/pakuten_logo.png\",\"width\":300,\"height\":120,\"caption\":\"Pakuten\"},\"image\":{\"@id\":\"https:\/\/pakuten.pl\/blog\/#logo\"}},{\"@type\":\"WebSite\",\"@id\":\"https:\/\/pakuten.pl\/blog\/#website\",\"url\":\"https:\/\/pakuten.pl\/blog\/\",\"name\":\"Pakuten blog\",\"description\":\"Blog sklepu internetowego pakuten.pl\",\"publisher\":{\"@id\":\"https:\/\/pakuten.pl\/blog\/#organization\"},\"potentialAction\":[{\"@type\":\"SearchAction\",\"target\":{\"@type\":\"EntryPoint\",\"urlTemplate\":\"https:\/\/pakuten.pl\/blog\/?s={search_term_string}\"},\"query-input\":\"required name=search_term_string\"}],\"inLanguage\":\"pl-PL\"},{\"@type\":\"ImageObject\",\"@id\":\"https:\/\/pakuten.pl\/blog\/stylowe-letnie-akcesoria-co-kupic-na-nowy-sezon\/#primaryimage\",\"inLanguage\":\"pl-PL\",\"url\":\"https:\/\/pakuten.pl\/blog\/wp-content\/uploads\/2019\/05\/modne-dodatki-na-lato.jpeg\",\"contentUrl\":\"https:\/\/pakuten.pl\/blog\/wp-content\/uploads\/2019\/05\/modne-dodatki-na-lato.jpeg\",\"width\":1280,\"height\":854,\"caption\":\"Stylowe letnie akcesoria \u2013 co kupi\u0107 na nowy sezon?\"},{\"@type\":\"WebPage\",\"@id\":\"https:\/\/pakuten.pl\/blog\/stylowe-letnie-akcesoria-co-kupic-na-nowy-sezon\/#webpage\",\"url\":\"https:\/\/pakuten.pl\/blog\/stylowe-letnie-akcesoria-co-kupic-na-nowy-sezon\/\",\"name\":\"Stylowe letnie akcesoria \u2013 co kupi\u0107 na nowy sezon? - Pakuten blog\",\"isPartOf\":{\"@id\":\"https:\/\/pakuten.pl\/blog\/#website\"},\"primaryImageOfPage\":{\"@id\":\"https:\/\/pakuten.pl\/blog\/stylowe-letnie-akcesoria-co-kupic-na-nowy-sezon\/#primaryimage\"},\"datePublished\":\"2019-05-07T13:42:30+00:00\",\"dateModified\":\"2021-08-20T10:59:07+00:00\",\"breadcrumb\":{\"@id\":\"https:\/\/pakuten.pl\/blog\/stylowe-letnie-akcesoria-co-kupic-na-nowy-sezon\/#breadcrumb\"},\"inLanguage\":\"pl-PL\",\"potentialAction\":[{\"@type\":\"ReadAction\",\"target\":[\"https:\/\/pakuten.pl\/blog\/stylowe-letnie-akcesoria-co-kupic-na-nowy-sezon\/\"]}]},{\"@type\":\"BreadcrumbList\",\"@id\":\"https:\/\/pakuten.pl\/blog\/stylowe-letnie-akcesoria-co-kupic-na-nowy-sezon\/#breadcrumb\",\"itemListElement\":[{\"@type\":\"ListItem\",\"position\":1,\"name\":\"Strona g\u0142\u00f3wna\",\"item\":\"https:\/\/pakuten.pl\/blog\/\"},{\"@type\":\"ListItem\",\"position\":2,\"name\":\"Stylowe letnie akcesoria \u2013 co kupi\u0107 na nowy sezon?\"}]},{\"@type\":\"Article\",\"@id\":\"https:\/\/pakuten.pl\/blog\/stylowe-letnie-akcesoria-co-kupic-na-nowy-sezon\/#article\",\"isPartOf\":{\"@id\":\"https:\/\/pakuten.pl\/blog\/stylowe-letnie-akcesoria-co-kupic-na-nowy-sezon\/#webpage\"},\"author\":{\"@id\":\"https:\/\/pakuten.pl\/blog\/#\/schema\/person\/8d03059f8e6f83bab2553d9ff4517702\"},\"headline\":\"Stylowe letnie akcesoria \u2013 co kupi\u0107 na nowy sezon?\",\"datePublished\":\"2019-05-07T13:42:30+00:00\",\"dateModified\":\"2021-08-20T10:59:07+00:00\",\"mainEntityOfPage\":{\"@id\":\"https:\/\/pakuten.pl\/blog\/stylowe-letnie-akcesoria-co-kupic-na-nowy-sezon\/#webpage\"},\"wordCount\":692,\"commentCount\":0,\"publisher\":{\"@id\":\"https:\/\/pakuten.pl\/blog\/#organization\"},\"image\":{\"@id\":\"https:\/\/pakuten.pl\/blog\/stylowe-letnie-akcesoria-co-kupic-na-nowy-sezon\/#primaryimage\"},\"thumbnailUrl\":\"https:\/\/pakuten.pl\/blog\/wp-content\/uploads\/2019\/05\/modne-dodatki-na-lato.jpeg\",\"articleSection\":[\"Tips&amp;Tricks\"],\"inLanguage\":\"pl-PL\",\"potentialAction\":[{\"@type\":\"CommentAction\",\"name\":\"Comment\",\"target\":[\"https:\/\/pakuten.pl\/blog\/stylowe-letnie-akcesoria-co-kupic-na-nowy-sezon\/#respond\"]}]},{\"@type\":\"Person\",\"@id\":\"https:\/\/pakuten.pl\/blog\/#\/schema\/person\/8d03059f8e6f83bab2553d9ff4517702\",\"name\":\"Malwina\",\"image\":{\"@type\":\"ImageObject\",\"@id\":\"https:\/\/pakuten.pl\/blog\/#personlogo\",\"inLanguage\":\"pl-PL\",\"url\":\"https:\/\/secure.gravatar.com\/avatar\/b46f1be65c5d79f6186fe8f30ac2bf6f?s=96&d=mm&r=g\",\"contentUrl\":\"https:\/\/secure.gravatar.com\/avatar\/b46f1be65c5d79f6186fe8f30ac2bf6f?s=96&d=mm&r=g\",\"caption\":\"Malwina\"},\"url\":\"https:\/\/pakuten.pl\/blog\/author\/semahead\/\"}]}<\/script>\n<!-- \/ Yoast SEO plugin. -->","yoast_head_json":{"title":"Stylowe letnie akcesoria \u2013 co kupi\u0107 na nowy sezon? - Pakuten blog","robots":{"index":"index","follow":"follow","max-snippet":"max-snippet:-1","max-image-preview":"max-image-preview:large","max-video-preview":"max-video-preview:-1"},"canonical":"https:\/\/pakuten.pl\/blog\/stylowe-letnie-akcesoria-co-kupic-na-nowy-sezon\/","og_locale":"pl_PL","og_type":"article","og_title":"Stylowe letnie akcesoria \u2013 co kupi\u0107 na nowy sezon? - Pakuten blog","og_description":"Nowy sezon to czas na przegl\u0105d najnowszych trend\u00f3w w modzie. Lato to pora roku, w kt\u00f3rej g\u0142\u00f3wn\u0105 rol\u0119 graj\u0105 sukienki, ale tak\u017ce r\u00f3\u017cnorodne dodatki, kt\u00f3re nadaj\u0105 ostateczny charakter ka\u017cdej stylizacji. Torebka damska, kapelusz letni, paski i apaszki to zdecydowanie te [&hellip;]","og_url":"https:\/\/pakuten.pl\/blog\/stylowe-letnie-akcesoria-co-kupic-na-nowy-sezon\/","og_site_name":"Pakuten blog","article_published_time":"2019-05-07T13:42:30+00:00","article_modified_time":"2021-08-20T10:59:07+00:00","og_image":[{"width":1280,"height":854,"url":"https:\/\/pakuten.pl\/blog\/wp-content\/uploads\/2019\/05\/modne-dodatki-na-lato.jpeg","type":"image\/jpeg"}],"twitter_card":"summary_large_image","twitter_misc":{"Napisane przez":"Malwina","Szacowany czas czytania":"3 minuty"},"schema":{"@context":"https:\/\/schema.org","@graph":[{"@type":"Organization","@id":"https:\/\/pakuten.pl\/blog\/#organization","name":"Pakuten","url":"https:\/\/pakuten.pl\/blog\/","sameAs":[],"logo":{"@type":"ImageObject","@id":"https:\/\/pakuten.pl\/blog\/#logo","inLanguage":"pl-PL","url":"http:\/\/pakuten.pl\/blog\/wp-content\/uploads\/2018\/01\/pakuten_logo.png","contentUrl":"http:\/\/pakuten.pl\/blog\/wp-content\/uploads\/2018\/01\/pakuten_logo.png","width":300,"height":120,"caption":"Pakuten"},"image":{"@id":"https:\/\/pakuten.pl\/blog\/#logo"}},{"@type":"WebSite","@id":"https:\/\/pakuten.pl\/blog\/#website","url":"https:\/\/pakuten.pl\/blog\/","name":"Pakuten blog","description":"Blog sklepu internetowego pakuten.pl","publisher":{"@id":"https:\/\/pakuten.pl\/blog\/#organization"},"potentialAction":[{"@type":"SearchAction","target":{"@type":"EntryPoint","urlTemplate":"https:\/\/pakuten.pl\/blog\/?s={search_term_string}"},"query-input":"required name=search_term_string"}],"inLanguage":"pl-PL"},{"@type":"ImageObject","@id":"https:\/\/pakuten.pl\/blog\/stylowe-letnie-akcesoria-co-kupic-na-nowy-sezon\/#primaryimage","inLanguage":"pl-PL","url":"https:\/\/pakuten.pl\/blog\/wp-content\/uploads\/2019\/05\/modne-dodatki-na-lato.jpeg","contentUrl":"https:\/\/pakuten.pl\/blog\/wp-content\/uploads\/2019\/05\/modne-dodatki-na-lato.jpeg","width":1280,"height":854,"caption":"Stylowe letnie akcesoria \u2013 co kupi\u0107 na nowy sezon?"},{"@type":"WebPage","@id":"https:\/\/pakuten.pl\/blog\/stylowe-letnie-akcesoria-co-kupic-na-nowy-sezon\/#webpage","url":"https:\/\/pakuten.pl\/blog\/stylowe-letnie-akcesoria-co-kupic-na-nowy-sezon\/","name":"Stylowe letnie akcesoria \u2013 co kupi\u0107 na nowy sezon? - Pakuten blog","isPartOf":{"@id":"https:\/\/pakuten.pl\/blog\/#website"},"primaryImageOfPage":{"@id":"https:\/\/pakuten.pl\/blog\/stylowe-letnie-akcesoria-co-kupic-na-nowy-sezon\/#primaryimage"},"datePublished":"2019-05-07T13:42:30+00:00","dateModified":"2021-08-20T10:59:07+00:00","breadcrumb":{"@id":"https:\/\/pakuten.pl\/blog\/stylowe-letnie-akcesoria-co-kupic-na-nowy-sezon\/#breadcrumb"},"inLanguage":"pl-PL","potentialAction":[{"@type":"ReadAction","target":["https:\/\/pakuten.pl\/blog\/stylowe-letnie-akcesoria-co-kupic-na-nowy-sezon\/"]}]},{"@type":"BreadcrumbList","@id":"https:\/\/pakuten.pl\/blog\/stylowe-letnie-akcesoria-co-kupic-na-nowy-sezon\/#breadcrumb","itemListElement":[{"@type":"ListItem","position":1,"name":"Strona g\u0142\u00f3wna","item":"https:\/\/pakuten.pl\/blog\/"},{"@type":"ListItem","position":2,"name":"Stylowe letnie akcesoria \u2013 co kupi\u0107 na nowy sezon?"}]},{"@type":"Article","@id":"https:\/\/pakuten.pl\/blog\/stylowe-letnie-akcesoria-co-kupic-na-nowy-sezon\/#article","isPartOf":{"@id":"https:\/\/pakuten.pl\/blog\/stylowe-letnie-akcesoria-co-kupic-na-nowy-sezon\/#webpage"},"author":{"@id":"https:\/\/pakuten.pl\/blog\/#\/schema\/person\/8d03059f8e6f83bab2553d9ff4517702"},"headline":"Stylowe letnie akcesoria \u2013 co kupi\u0107 na nowy sezon?","datePublished":"2019-05-07T13:42:30+00:00","dateModified":"2021-08-20T10:59:07+00:00","mainEntityOfPage":{"@id":"https:\/\/pakuten.pl\/blog\/stylowe-letnie-akcesoria-co-kupic-na-nowy-sezon\/#webpage"},"wordCount":692,"commentCount":0,"publisher":{"@id":"https:\/\/pakuten.pl\/blog\/#organization"},"image":{"@id":"https:\/\/pakuten.pl\/blog\/stylowe-letnie-akcesoria-co-kupic-na-nowy-sezon\/#primaryimage"},"thumbnailUrl":"https:\/\/pakuten.pl\/blog\/wp-content\/uploads\/2019\/05\/modne-dodatki-na-lato.jpeg","articleSection":["Tips&amp;Tricks"],"inLanguage":"pl-PL","potentialAction":[{"@type":"CommentAction","name":"Comment","target":["https:\/\/pakuten.pl\/blog\/stylowe-letnie-akcesoria-co-kupic-na-nowy-sezon\/#respond"]}]},{"@type":"Person","@id":"https:\/\/pakuten.pl\/blog\/#\/schema\/person\/8d03059f8e6f83bab2553d9ff4517702","name":"Malwina","image":{"@type":"ImageObject","@id":"https:\/\/pakuten.pl\/blog\/#personlogo","inLanguage":"pl-PL","url":"https:\/\/secure.gravatar.com\/avatar\/b46f1be65c5d79f6186fe8f30ac2bf6f?s=96&d=mm&r=g","contentUrl":"https:\/\/secure.gravatar.com\/avatar\/b46f1be65c5d79f6186fe8f30ac2bf6f?s=96&d=mm&r=g","caption":"Malwina"},"url":"https:\/\/pakuten.pl\/blog\/author\/semahead\/"}]}},"_links":{"self":[{"href":"https:\/\/pakuten.pl\/blog\/wp-json\/wp\/v2\/posts\/1664"}],"collection":[{"href":"https:\/\/pakuten.pl\/blog\/wp-json\/wp\/v2\/posts"}],"about":[{"href":"https:\/\/pakuten.pl\/blog\/wp-json\/wp\/v2\/types\/post"}],"author":[{"embeddable":true,"href":"https:\/\/pakuten.pl\/blog\/wp-json\/wp\/v2\/users\/2"}],"replies":[{"embeddable":true,"href":"https:\/\/pakuten.pl\/blog\/wp-json\/wp\/v2\/comments?post=1664"}],"version-history":[{"count":2,"href":"https:\/\/pakuten.pl\/blog\/wp-json\/wp\/v2\/posts\/1664\/revisions"}],"predecessor-version":[{"id":4998,"href":"https:\/\/pakuten.pl\/blog\/wp-json\/wp\/v2\/posts\/1664\/revisions\/4998"}],"wp:featuredmedia":[{"embeddable":true,"href":"https:\/\/pakuten.pl\/blog\/wp-json\/wp\/v2\/media\/1666"}],"wp:attachment":[{"href":"https:\/\/pakuten.pl\/blog\/wp-json\/wp\/v2\/media?parent=1664"}],"wp:term":[{"taxonomy":"category","embeddable":true,"href":"https:\/\/pakuten.pl\/blog\/wp-json\/wp\/v2\/categories?post=1664"},{"taxonomy":"post_tag","embeddable":true,"href":"https:\/\/pakuten.pl\/blog\/wp-json\/wp\/v2\/tags?post=1664"}],"curies":[{"name":"wp","href":"https:\/\/api.w.org\/{rel}","templated":true}]}}