{"id":1778,"date":"2019-06-21T14:18:19","date_gmt":"2019-06-21T12:18:19","guid":{"rendered":"http:\/\/pakuten.pl\/blog\/?p=1778"},"modified":"2019-06-19T14:21:39","modified_gmt":"2019-06-19T12:21:39","slug":"co-spakowac-na-wakacje-lista-rzeczy-na-wyjazd","status":"publish","type":"post","link":"https:\/\/pakuten.pl\/blog\/co-spakowac-na-wakacje-lista-rzeczy-na-wyjazd\/","title":{"rendered":"Co spakowa\u0107 na wakacje? Lista rzeczy na wyjazd"},"content":{"rendered":"<p><strong>Przed nami wakacje \u2013 pora spakowa\u0107 si\u0119 na wyjazd! Co spakowa\u0107 na wakacje, by nie zabiera\u0107 ze sob\u0105 g\u00f3ry ubra\u0144, a jednocze\u015bnie w ka\u017cdej sytuacji wygl\u0105da\u0107 stylowo? Wsp\u00f3lnie z nasz\u0105 stylistk\u0105 pomo\u017cemy Ci u\u0142o\u017cy\u0107 list\u0119 trendy rzeczy do spakowania. Radzimy, co warto zabra\u0107 nad morze, w g\u00f3ry, do miasta czy na letni festiwal.<\/strong><\/p>\n<p>&nbsp;<\/p>\n<h2>Co spakowa\u0107 na wakacje? Nie przesadzaj z ilo\u015bci\u0105 rzeczy!<\/h2>\n<p>Wakacyjny wyjazd to zas\u0142u\u017cony odpoczynek i wielka frajda dla ka\u017cdej z nas. Czy Ty r\u00f3wnie\u017c przed ka\u017cdym wyjazdem ju\u017c kilka dni wcze\u015bniej zastanawiasz si\u0119, co spakowa\u0107 na wakacje? Odwieczny dylemat wi\u0119kszo\u015bci kobiet warto potraktowa\u0107 zdroworozs\u0105dkowo . Sprawdzi si\u0119 zasada: im mniej, tym lepiej! Szczeg\u00f3lnie, je\u015bli podr\u00f3\u017cujesz poci\u0105giem czy autobusem. W\u00f3wczas noszenie ci\u0119\u017ckiego i wypchanego po brzegi baga\u017cu mo\u017ce si\u0119 okaza\u0107 bardzo uci\u0105\u017cliwe. Pr\u00f3cz zdrowego rozs\u0105dku, warto wcze\u015bniej przygotowa\u0107 sobie list\u0119 rzeczy do spakowania na wyjazd, kt\u00f3ra u\u0142atwi Ci przygotowania.<\/p>\n<p><strong><span style=\"color: #ff9900;\">Rada:<\/span><\/strong> na wakacje zabieraj ze sob\u0105 rzeczy wygodne i uniwersalne, kt\u00f3re dobrze komponuj\u0105 si\u0119 w wielu zestawach oraz w kt\u00f3rych przede wszystkim dobrze si\u0119 czujesz. Koniecznie zabierz wi\u0119cej rzeczy typu \u201ebasic\u201d oraz 2-3 modowe \u201epere\u0142ki\u201d (w ko\u0144cu wakacje s\u0105 r\u00f3wnie\u017c po to, aby \u015bwietnie wygl\u0105da\u0107! ).<\/p>\n<h2>Lista rzeczy do spakowania na wakacje nad morzem<\/h2>\n<p>Je\u015bli planujesz urlop nad morzem, Twoja lista rzeczy do spakowania na wakacje powinna uwzgl\u0119dnia\u0107 przede wszystkim akcesoria pla\u017cowe oraz ubrania, w kt\u00f3rych b\u0119dziesz \u015bwietne wygl\u0105da\u0107 na pla\u017cy, w kurorcie czy tawernie. Jak si\u0119 spakowa\u0107? Pr\u00f3cz podstawowych rzeczy osobistych i ubra\u0144 \u201ebasic\u201d, zabierz ze sob\u0105:<\/p>\n<ul>\n<li>1-2 wygodne <a href=\"https:\/\/pakuten.pl\/27-sukienki\" target=\"_blank\" rel=\"noopener\"><strong><span style=\"color: #ff9900;\">letnie sukienki<\/span><\/strong><\/a>,<\/li>\n<li>1-2 przewiewne <a href=\"https:\/\/pakuten.pl\/17-bluzki\" target=\"_blank\" rel=\"noopener\"><strong><span style=\"color: #ff9900;\">bluzki<\/span><\/strong><\/a>,<\/li>\n<li><a href=\"https:\/\/pakuten.pl\/87-buty\" target=\"_blank\" rel=\"noopener\"><strong><span style=\"color: #ff9900;\">klapki japonki oraz sanda\u0142y<\/span><\/strong><\/a>,<\/li>\n<li>kostium k\u0105pielowy,<\/li>\n<li><a href=\"https:\/\/pakuten.pl\/58-okulary\" target=\"_blank\" rel=\"noopener\"><strong><span style=\"color: #ff9900;\">okulary s\u0142oneczne<\/span><\/strong><\/a>,<\/li>\n<li>r\u0119cznik pla\u017cowy, pareo,<\/li>\n<li><a href=\"https:\/\/pakuten.pl\/36-torebki\" target=\"_blank\" rel=\"noopener\"><span style=\"color: #ff9900;\"><strong>torb\u0119 pla\u017cow\u0105<\/strong><\/span><\/a>,<\/li>\n<li>kapelusz od s\u0142o\u0144ca lub inne nakrycie g\u0142owy.<\/li>\n<\/ul>\n<p>Pami\u0119taj, \u017ce liczy si\u0119 nie tylko moda, ale i ochrona przed s\u0142o\u0144cem. Do baga\u017cu nie zapomnij wrzuci\u0107 kosmetyk\u00f3w do opalania (i po opalaniu), podk\u0142adu z filtrem oraz produkt\u00f3w, kt\u00f3re chroni\u0105 w\u0142osy przed dzia\u0142aniem promieni s\u0142onecznych i morskiej wody.<\/p>\n<p>&nbsp;<\/p>\n<div class=\"product-box-container\">\r\n<div class=\"one_third \" style=\"\">\r\n<div class=\"product-box\">\r\n<a href=\"https:\/\/pakuten.pl\/7313-23685-biala-sukienka-z-guzikami-vincia-bialy.html\" target=\"_blank\">\r\n <img src=\"https:\/\/media.pakuten.pl\/43675-large_default\/biala-sukienka-z-guzikami-vincia.jpg\" alt=\"BIA\u0141A SUKIENKA Z GUZIKAMI VINCIA\"\/>\r\n<\/a>\r\n<p>\r\n<a href=\"https:\/\/pakuten.pl\/7313-23685-biala-sukienka-z-guzikami-vincia-bialy.html\" target=\"_blank\">\r\nBIA\u0141A SUKIENKA Z GUZIKAMI VINCIA\r\n<\/a><\/p>\r\n  <p>Cena: 60,89\u00a0z\u0142<\/p>\r\n<a href=\"https:\/\/pakuten.pl\/7313-23685-biala-sukienka-z-guzikami-vincia-bialy.html\" target=\"_blank\" class=\"button\">\r\nZobacz w sklepie\r\n<\/a>\r\n<\/div>\r\n<\/div>\r\n<div class=\"one_third \" style=\"\">\r\n<div class=\"product-box\">\r\n<a href=\"\" target=\"_blank\">\r\n  <img src=\"\" alt=\"\"\/>\r\n<\/a>\r\n<p>\r\n<a href=\"\" target=\"_blank\">\r\n\r\n<\/a><\/p>\r\n  <p>Cena: <\/p>\r\n<a href=\"\" target=\"_blank\" class=\"button\">\r\nZobacz w sklepie\r\n<\/a>\r\n<\/div>\r\n<\/div>\r\n<div class=\"one_third last \" style=\"\">\r\n<div class=\"product-box\">\r\n<a href=\"\" target=\"_blank\">\r\n  <img src=\"\" alt=\"\"\/>\r\n<\/a>\r\n<p>\r\n<a href=\"\" target=\"_blank\">\r\n\r\n<\/a><\/p>\r\n  <p>Cena: <\/p>\r\n<a href=\"\" target=\"_blank\" class=\"button\">\r\nZobacz w sklepie\r\n<\/a>\r\n<\/div>\r\n<\/div><br class=\"clear\"\/>\r\n<\/div>\n<h2>Lista rzeczy na wyjazd w g\u00f3ry<\/h2>\n<p>W g\u00f3rach \u2013 zw\u0142aszcza, je\u015bli planujesz g\u00f3rskie w\u0119dr\u00f3wki \u2013 liczy si\u0119 wygoda, a tak\u017ce ochrona przed zmieniaj\u0105cymi si\u0119 warunkami pogodowymi. Warto by\u0107 przygotowan\u0105 na ka\u017cd\u0105 sytuacj\u0119. Dlatego do plecaka koniecznie wrzu\u0107:<\/p>\n<ul>\n<li><a href=\"https:\/\/pakuten.pl\/87-buty\" target=\"_blank\" rel=\"noopener\"><strong><span style=\"color: #ff9900;\">wygodne buty<\/span><\/strong><\/a>,<\/li>\n<li><a href=\"https:\/\/pakuten.pl\/23-okrycia-wierzchnie\" target=\"_blank\" rel=\"noopener\"><strong><span style=\"color: #ff9900;\">kurtk\u0119 lub peleryn\u0119 przeciwdeszczow\u0105<\/span><\/strong><\/a>,<\/li>\n<li>cieplejszy <a href=\"https:\/\/pakuten.pl\/28-swetry\" target=\"_blank\" rel=\"noopener\"><strong><span style=\"color: #ff9900;\">sweter<\/span><\/strong><\/a>,<\/li>\n<li><a href=\"https:\/\/pakuten.pl\/14-bielizna\" target=\"_blank\" rel=\"noopener\"><strong><span style=\"color: #ff9900;\">wygodn\u0105 bielizn\u0119<\/span><\/strong><\/a>.<\/li>\n<\/ul>\n<p><span style=\"color: #ff9900;\"><strong>Rada:<\/strong><\/span> pakowanie na wakacje warto zacz\u0105\u0107 ju\u017c ok 2 tygodnie przed wyjazdem. Przejrzyj w tym czasie zawarto\u015b\u0107 swojej szafy i zdecyduj, czy masz wszystkie potrzebne rzeczy. Je\u015bli czego\u015b Ci brakuje, b\u0119dziesz mie\u0107 jeszcze czas, aby na spokojnie dokupi\u0107 ubrania na wyjazd.<\/p>\n<h2>Jak si\u0119 spakowa\u0107 do miasta lub na letni festiwal?<\/h2>\n<p>Wakacje sp\u0119dzone w mie\u015bcie (np. na zwiedzaniu) czy te\u017c wypady na letni festiwal \u2013 to wyjazdy, kt\u00f3re nie s\u0105 tak \u201ewymagaj\u0105ce\u201d jak g\u00f3ry czy morze. Ogromnym plusem tych wyjazd\u00f3w jest jednak to, \u017ce podczas ich trwania mo\u017cesz \u015bmia\u0142o pozwala\u0107 sobie na wakacyjne modowe szale\u0144stwo. To najlepszy czas, aby przetestowa\u0107 trendy! Tego lata koniecznie si\u0119gnij po:<\/p>\n<ul>\n<li>zwiewne, a\u017curowe sukienki w stylu boho,<\/li>\n<li><a href=\"https:\/\/pakuten.pl\/27-sukienki\" target=\"_blank\" rel=\"noopener\"><span style=\"color: #ff9900;\"><strong>d\u0142ugie sukienki w kwieciste wzory<\/strong><\/span><\/a>,<\/li>\n<li>ma\u0142\u0105 bia\u0142\u0105 sukienk\u0119 (hit sezonu!),<\/li>\n<li><a href=\"https:\/\/pakuten.pl\/25-spodnie\" target=\"_blank\" rel=\"noopener\"><strong><span style=\"color: #ff9900;\">modne letnie spodnie<\/span><\/strong><\/a> (np. kuloty).<\/li>\n<\/ul>\n<p>&nbsp;<\/p>\n<div class=\"product-box-container\">\r\n<div class=\"one_third \" style=\"\">\r\n<div class=\"product-box\">\r\n<a href=\"\" target=\"_blank\">\r\n <img src=\"\" alt=\"\"\/>\r\n<\/a>\r\n<p>\r\n<a href=\"\" target=\"_blank\">\r\n\r\n<\/a><\/p>\r\n  <p>Cena: <\/p>\r\n<a href=\"\" target=\"_blank\" class=\"button\">\r\nZobacz w sklepie\r\n<\/a>\r\n<\/div>\r\n<\/div>\r\n<div class=\"one_third \" style=\"\">\r\n<div class=\"product-box\">\r\n<a href=\"https:\/\/pakuten.pl\/7859-24741-niebieskie-buty-slip-on-yetta-monaco-blue.html\" target=\"_blank\">\r\n  <img src=\"https:\/\/media.pakuten.pl\/45688-large_default\/niebieskie-buty-slip-on-yetta.jpg\" alt=\"NIEBIESKIE BUTY SLIP ON YETTA\"\/>\r\n<\/a>\r\n<p>\r\n<a href=\"https:\/\/pakuten.pl\/7859-24741-niebieskie-buty-slip-on-yetta-monaco-blue.html\" target=\"_blank\">\r\nNIEBIESKIE BUTY SLIP ON YETTA\r\n<\/a><\/p>\r\n  <p>Cena: 9,99\u00a0z\u0142<\/p>\r\n<a href=\"https:\/\/pakuten.pl\/7859-24741-niebieskie-buty-slip-on-yetta-monaco-blue.html\" target=\"_blank\" class=\"button\">\r\nZobacz w sklepie\r\n<\/a>\r\n<\/div>\r\n<\/div>\r\n<div class=\"one_third last \" style=\"\">\r\n<div class=\"product-box\">\r\n<a href=\"https:\/\/pakuten.pl\/7865-24753-biale-sandaly-z-koralikami-danni-bialy.html\" target=\"_blank\">\r\n  <img src=\"https:\/\/media.pakuten.pl\/45728-large_default\/biale-sandaly-z-koralikami-danni.jpg\" alt=\"BIA\u0141E SANDA\u0141Y Z KORALIKAMI DANNI\"\/>\r\n<\/a>\r\n<p>\r\n<a href=\"https:\/\/pakuten.pl\/7865-24753-biale-sandaly-z-koralikami-danni-bialy.html\" target=\"_blank\">\r\nBIA\u0141E SANDA\u0141Y Z KORALIKAMI DANNI\r\n<\/a><\/p>\r\n  <p>Cena: 31,49\u00a0z\u0142<\/p>\r\n<a href=\"https:\/\/pakuten.pl\/7865-24753-biale-sandaly-z-koralikami-danni-bialy.html\" target=\"_blank\" class=\"button\">\r\nZobacz w sklepie\r\n<\/a>\r\n<\/div>\r\n<\/div><br class=\"clear\"\/>\r\n<\/div>\n<h2>Pakowanie na wakacje: jak sk\u0142ada\u0107 ubrania?<\/h2>\n<p>Wa\u017cne jest nie tylko to co, ale i JAK pakujesz. Chodzi o to, aby w baga\u017cu nic si\u0119 nie pogniot\u0142o oraz by\u015b mog\u0142a bez problemu sprawnie odnale\u017a\u0107 ka\u017cd\u0105 potrzebn\u0105 rzecz. A wi\u0119c jak si\u0119 spakowa\u0107?<\/p>\n<p><strong><span style=\"color: #ff9900;\">Po pierwsze:<\/span><\/strong> roluj ubrania zamiast je sk\u0142ada\u0107! Dzi\u0119ki temu trickowi wyjmiesz je z walizki w o wiele lepszym stanie, bez konieczno\u015bci prasowania. Prawdopodobnie b\u0119dziesz je mog\u0142a tak\u017ce \u201eskompresowa\u0107\u201d tak, aby zaj\u0119\u0142y jak najmniej miejsca.<br \/>\n<strong><span style=\"color: #ff9900;\">Po drugie:<\/span><\/strong> pami\u0119taj o tym, \u017ceby te najci\u0119\u017csze rzeczy umieszcza\u0107 na spodzie walizki. Delikatniejsze (oraz te, kt\u00f3re bardziej si\u0119 gniot\u0105) umie\u015b\u0107 na wierzchu.<\/p>\n<div class=\"product-box-container\">\r\n<div class=\"one_third \" style=\"\">\r\n<div class=\"product-box\">\r\n<a href=\"https:\/\/pakuten.pl\/7857-24727-sandaly-na-koturnie-mancini-pomaranczowy.html\" target=\"_blank\">\r\n <img src=\"https:\/\/media.pakuten.pl\/45679-large_default\/sandaly-na-koturnie-mancini.jpg\" alt=\"SANDA\u0141Y NA KOTURNIE MANCINI\"\/>\r\n<\/a>\r\n<p>\r\n<a href=\"https:\/\/pakuten.pl\/7857-24727-sandaly-na-koturnie-mancini-pomaranczowy.html\" target=\"_blank\">\r\nSANDA\u0141Y NA KOTURNIE MANCINI\r\n<\/a><\/p>\r\n  <p>Cena: 9,99\u00a0z\u0142<\/p>\r\n<a href=\"https:\/\/pakuten.pl\/7857-24727-sandaly-na-koturnie-mancini-pomaranczowy.html\" target=\"_blank\" class=\"button\">\r\nZobacz w sklepie\r\n<\/a>\r\n<\/div>\r\n<\/div>\r\n<div class=\"one_third \" style=\"\">\r\n<div class=\"product-box\">\r\n<a href=\"https:\/\/pakuten.pl\/7845-24707-komiksowe-spodnie-z-troczkiem-lorea-wzor-1.html\" target=\"_blank\">\r\n  <img src=\"https:\/\/media.pakuten.pl\/45621-large_default\/komiksowe-spodnie-z-troczkiem-lorea.jpg\" alt=\"KOMIKSOWE SPODNIE Z TROCZKIEM LOREA\"\/>\r\n<\/a>\r\n<p>\r\n<a href=\"https:\/\/pakuten.pl\/7845-24707-komiksowe-spodnie-z-troczkiem-lorea-wzor-1.html\" target=\"_blank\">\r\nKOMIKSOWE SPODNIE Z TROCZKIEM LOREA\r\n<\/a><\/p>\r\n  <p>Cena: 53,19\u00a0z\u0142<\/p>\r\n<a href=\"https:\/\/pakuten.pl\/7845-24707-komiksowe-spodnie-z-troczkiem-lorea-wzor-1.html\" target=\"_blank\" class=\"button\">\r\nZobacz w sklepie\r\n<\/a>\r\n<\/div>\r\n<\/div>\r\n<div class=\"one_third last \" style=\"\">\r\n<div class=\"product-box\">\r\n<a href=\"\" target=\"_blank\">\r\n  <img src=\"\" alt=\"\"\/>\r\n<\/a>\r\n<p>\r\n<a href=\"\" target=\"_blank\">\r\n\r\n<\/a><\/p>\r\n  <p>Cena: <\/p>\r\n<a href=\"\" target=\"_blank\" class=\"button\">\r\nZobacz w sklepie\r\n<\/a>\r\n<\/div>\r\n<\/div><br class=\"clear\"\/>\r\n<\/div>\n\n\n<div class=\"kk-star-ratings kksr-auto kksr-align-right kksr-valign-bottom\"\n    data-payload='{&quot;align&quot;:&quot;right&quot;,&quot;id&quot;:&quot;1778&quot;,&quot;slug&quot;:&quot;default&quot;,&quot;valign&quot;:&quot;bottom&quot;,&quot;ignore&quot;:&quot;&quot;,&quot;reference&quot;:&quot;auto&quot;,&quot;class&quot;:&quot;&quot;,&quot;count&quot;:&quot;0&quot;,&quot;legendonly&quot;:&quot;&quot;,&quot;readonly&quot;:&quot;&quot;,&quot;score&quot;:&quot;0&quot;,&quot;starsonly&quot;:&quot;&quot;,&quot;best&quot;:&quot;5&quot;,&quot;gap&quot;:&quot;5&quot;,&quot;greet&quot;:&quot;Rate this post&quot;,&quot;legend&quot;:&quot;0\\\/5 - (0 votes)&quot;,&quot;size&quot;:&quot;24&quot;,&quot;width&quot;:&quot;0&quot;,&quot;_legend&quot;:&quot;{score}\\\/{best} - ({count} {votes})&quot;,&quot;font_factor&quot;:&quot;1.25&quot;}'>\n            \n<div class=\"kksr-stars\">\n    \n<div class=\"kksr-stars-inactive\">\n            <div class=\"kksr-star\" data-star=\"1\" style=\"padding-right: 5px\">\n            \n\n<div class=\"kksr-icon\" style=\"width: 24px; height: 24px;\"><\/div>\n        <\/div>\n            <div class=\"kksr-star\" data-star=\"2\" style=\"padding-right: 5px\">\n            \n\n<div class=\"kksr-icon\" style=\"width: 24px; height: 24px;\"><\/div>\n        <\/div>\n            <div class=\"kksr-star\" data-star=\"3\" style=\"padding-right: 5px\">\n            \n\n<div class=\"kksr-icon\" style=\"width: 24px; height: 24px;\"><\/div>\n        <\/div>\n            <div class=\"kksr-star\" data-star=\"4\" style=\"padding-right: 5px\">\n            \n\n<div class=\"kksr-icon\" style=\"width: 24px; height: 24px;\"><\/div>\n        <\/div>\n            <div class=\"kksr-star\" data-star=\"5\" style=\"padding-right: 5px\">\n            \n\n<div class=\"kksr-icon\" style=\"width: 24px; height: 24px;\"><\/div>\n        <\/div>\n    <\/div>\n    \n<div class=\"kksr-stars-active\" style=\"width: 0px;\">\n            <div class=\"kksr-star\" style=\"padding-right: 5px\">\n            \n\n<div class=\"kksr-icon\" style=\"width: 24px; height: 24px;\"><\/div>\n        <\/div>\n            <div class=\"kksr-star\" style=\"padding-right: 5px\">\n            \n\n<div class=\"kksr-icon\" style=\"width: 24px; height: 24px;\"><\/div>\n        <\/div>\n            <div class=\"kksr-star\" style=\"padding-right: 5px\">\n            \n\n<div class=\"kksr-icon\" style=\"width: 24px; height: 24px;\"><\/div>\n        <\/div>\n            <div class=\"kksr-star\" style=\"padding-right: 5px\">\n            \n\n<div class=\"kksr-icon\" style=\"width: 24px; height: 24px;\"><\/div>\n        <\/div>\n            <div class=\"kksr-star\" style=\"padding-right: 5px\">\n            \n\n<div class=\"kksr-icon\" style=\"width: 24px; height: 24px;\"><\/div>\n        <\/div>\n    <\/div>\n<\/div>\n                \n\n<div class=\"kksr-legend\" style=\"font-size: 19.2px;\">\n            <span class=\"kksr-muted\">Rate this post<\/span>\n    <\/div>\n    <\/div>\n","protected":false},"excerpt":{"rendered":"<p>Przed nami wakacje \u2013 pora spakowa\u0107 si\u0119 na wyjazd! Co spakowa\u0107 na wakacje, by nie zabiera\u0107 ze sob\u0105 g\u00f3ry ubra\u0144, a jednocze\u015bnie w ka\u017cdej sytuacji wygl\u0105da\u0107 stylowo? Wsp\u00f3lnie z nasz\u0105 stylistk\u0105 pomo\u017cemy Ci u\u0142o\u017cy\u0107 list\u0119 trendy rzeczy do spakowania. Radzimy, co warto zabra\u0107 nad morze, w g\u00f3ry, do miasta czy na letni festiwal.<\/p>\n","protected":false},"author":2,"featured_media":1788,"comment_status":"open","ping_status":"open","sticky":false,"template":"","format":"standard","meta":[],"categories":[4],"tags":[],"yoast_head":"<!-- This site is optimized with the Yoast SEO plugin v18.4.1 - https:\/\/yoast.com\/wordpress\/plugins\/seo\/ -->\n<title>Co spakowa\u0107 na wakacje? Lista rzeczy na wyjazd - Pakuten blog<\/title>\n<meta name=\"robots\" content=\"index, follow, max-snippet:-1, max-image-preview:large, max-video-preview:-1\" \/>\n<link rel=\"canonical\" href=\"https:\/\/pakuten.pl\/blog\/co-spakowac-na-wakacje-lista-rzeczy-na-wyjazd\/\" \/>\n<meta property=\"og:locale\" content=\"pl_PL\" \/>\n<meta property=\"og:type\" content=\"article\" \/>\n<meta property=\"og:title\" content=\"Co spakowa\u0107 na wakacje? Lista rzeczy na wyjazd - Pakuten blog\" \/>\n<meta property=\"og:description\" content=\"Przed nami wakacje \u2013 pora spakowa\u0107 si\u0119 na wyjazd! Co spakowa\u0107 na wakacje, by nie zabiera\u0107 ze sob\u0105 g\u00f3ry ubra\u0144, a jednocze\u015bnie w ka\u017cdej sytuacji wygl\u0105da\u0107 stylowo? Wsp\u00f3lnie z nasz\u0105 stylistk\u0105 pomo\u017cemy Ci u\u0142o\u017cy\u0107 list\u0119 trendy rzeczy do spakowania. Radzimy, co warto zabra\u0107 nad morze, w g\u00f3ry, do miasta czy na letni festiwal.\" \/>\n<meta property=\"og:url\" content=\"https:\/\/pakuten.pl\/blog\/co-spakowac-na-wakacje-lista-rzeczy-na-wyjazd\/\" \/>\n<meta property=\"og:site_name\" content=\"Pakuten blog\" \/>\n<meta property=\"article:published_time\" content=\"2019-06-21T12:18:19+00:00\" \/>\n<meta property=\"article:modified_time\" content=\"2019-06-19T12:21:39+00:00\" \/>\n<meta property=\"og:image\" content=\"https:\/\/pakuten.pl\/blog\/wp-content\/uploads\/2019\/06\/pobrane-1-1.jpg\" \/>\n\t<meta property=\"og:image:width\" content=\"1280\" \/>\n\t<meta property=\"og:image:height\" content=\"853\" \/>\n\t<meta property=\"og:image:type\" content=\"image\/jpeg\" \/>\n<meta name=\"twitter:card\" content=\"summary_large_image\" \/>\n<meta name=\"twitter:label1\" content=\"Napisane przez\" \/>\n\t<meta name=\"twitter:data1\" content=\"Malwina\" \/>\n\t<meta name=\"twitter:label2\" content=\"Szacowany czas czytania\" \/>\n\t<meta name=\"twitter:data2\" content=\"4 minuty\" \/>\n<script type=\"application\/ld+json\" class=\"yoast-schema-graph\">{\"@context\":\"https:\/\/schema.org\",\"@graph\":[{\"@type\":\"Organization\",\"@id\":\"https:\/\/pakuten.pl\/blog\/#organization\",\"name\":\"Pakuten\",\"url\":\"https:\/\/pakuten.pl\/blog\/\",\"sameAs\":[],\"logo\":{\"@type\":\"ImageObject\",\"@id\":\"https:\/\/pakuten.pl\/blog\/#logo\",\"inLanguage\":\"pl-PL\",\"url\":\"http:\/\/pakuten.pl\/blog\/wp-content\/uploads\/2018\/01\/pakuten_logo.png\",\"contentUrl\":\"http:\/\/pakuten.pl\/blog\/wp-content\/uploads\/2018\/01\/pakuten_logo.png\",\"width\":300,\"height\":120,\"caption\":\"Pakuten\"},\"image\":{\"@id\":\"https:\/\/pakuten.pl\/blog\/#logo\"}},{\"@type\":\"WebSite\",\"@id\":\"https:\/\/pakuten.pl\/blog\/#website\",\"url\":\"https:\/\/pakuten.pl\/blog\/\",\"name\":\"Pakuten blog\",\"description\":\"Blog sklepu internetowego pakuten.pl\",\"publisher\":{\"@id\":\"https:\/\/pakuten.pl\/blog\/#organization\"},\"potentialAction\":[{\"@type\":\"SearchAction\",\"target\":{\"@type\":\"EntryPoint\",\"urlTemplate\":\"https:\/\/pakuten.pl\/blog\/?s={search_term_string}\"},\"query-input\":\"required name=search_term_string\"}],\"inLanguage\":\"pl-PL\"},{\"@type\":\"ImageObject\",\"@id\":\"https:\/\/pakuten.pl\/blog\/co-spakowac-na-wakacje-lista-rzeczy-na-wyjazd\/#primaryimage\",\"inLanguage\":\"pl-PL\",\"url\":\"https:\/\/pakuten.pl\/blog\/wp-content\/uploads\/2019\/06\/pobrane-1-1.jpg\",\"contentUrl\":\"https:\/\/pakuten.pl\/blog\/wp-content\/uploads\/2019\/06\/pobrane-1-1.jpg\",\"width\":1280,\"height\":853,\"caption\":\"Co spakowa\u0107 na wakacje? Lista rzeczy na wyjazd\"},{\"@type\":\"WebPage\",\"@id\":\"https:\/\/pakuten.pl\/blog\/co-spakowac-na-wakacje-lista-rzeczy-na-wyjazd\/#webpage\",\"url\":\"https:\/\/pakuten.pl\/blog\/co-spakowac-na-wakacje-lista-rzeczy-na-wyjazd\/\",\"name\":\"Co spakowa\u0107 na wakacje? Lista rzeczy na wyjazd - Pakuten blog\",\"isPartOf\":{\"@id\":\"https:\/\/pakuten.pl\/blog\/#website\"},\"primaryImageOfPage\":{\"@id\":\"https:\/\/pakuten.pl\/blog\/co-spakowac-na-wakacje-lista-rzeczy-na-wyjazd\/#primaryimage\"},\"datePublished\":\"2019-06-21T12:18:19+00:00\",\"dateModified\":\"2019-06-19T12:21:39+00:00\",\"breadcrumb\":{\"@id\":\"https:\/\/pakuten.pl\/blog\/co-spakowac-na-wakacje-lista-rzeczy-na-wyjazd\/#breadcrumb\"},\"inLanguage\":\"pl-PL\",\"potentialAction\":[{\"@type\":\"ReadAction\",\"target\":[\"https:\/\/pakuten.pl\/blog\/co-spakowac-na-wakacje-lista-rzeczy-na-wyjazd\/\"]}]},{\"@type\":\"BreadcrumbList\",\"@id\":\"https:\/\/pakuten.pl\/blog\/co-spakowac-na-wakacje-lista-rzeczy-na-wyjazd\/#breadcrumb\",\"itemListElement\":[{\"@type\":\"ListItem\",\"position\":1,\"name\":\"Strona g\u0142\u00f3wna\",\"item\":\"https:\/\/pakuten.pl\/blog\/\"},{\"@type\":\"ListItem\",\"position\":2,\"name\":\"Co spakowa\u0107 na wakacje? Lista rzeczy na wyjazd\"}]},{\"@type\":\"Article\",\"@id\":\"https:\/\/pakuten.pl\/blog\/co-spakowac-na-wakacje-lista-rzeczy-na-wyjazd\/#article\",\"isPartOf\":{\"@id\":\"https:\/\/pakuten.pl\/blog\/co-spakowac-na-wakacje-lista-rzeczy-na-wyjazd\/#webpage\"},\"author\":{\"@id\":\"https:\/\/pakuten.pl\/blog\/#\/schema\/person\/8d03059f8e6f83bab2553d9ff4517702\"},\"headline\":\"Co spakowa\u0107 na wakacje? Lista rzeczy na wyjazd\",\"datePublished\":\"2019-06-21T12:18:19+00:00\",\"dateModified\":\"2019-06-19T12:21:39+00:00\",\"mainEntityOfPage\":{\"@id\":\"https:\/\/pakuten.pl\/blog\/co-spakowac-na-wakacje-lista-rzeczy-na-wyjazd\/#webpage\"},\"wordCount\":712,\"commentCount\":0,\"publisher\":{\"@id\":\"https:\/\/pakuten.pl\/blog\/#organization\"},\"image\":{\"@id\":\"https:\/\/pakuten.pl\/blog\/co-spakowac-na-wakacje-lista-rzeczy-na-wyjazd\/#primaryimage\"},\"thumbnailUrl\":\"https:\/\/pakuten.pl\/blog\/wp-content\/uploads\/2019\/06\/pobrane-1-1.jpg\",\"articleSection\":[\"Tips&amp;Tricks\"],\"inLanguage\":\"pl-PL\",\"potentialAction\":[{\"@type\":\"CommentAction\",\"name\":\"Comment\",\"target\":[\"https:\/\/pakuten.pl\/blog\/co-spakowac-na-wakacje-lista-rzeczy-na-wyjazd\/#respond\"]}]},{\"@type\":\"Person\",\"@id\":\"https:\/\/pakuten.pl\/blog\/#\/schema\/person\/8d03059f8e6f83bab2553d9ff4517702\",\"name\":\"Malwina\",\"image\":{\"@type\":\"ImageObject\",\"@id\":\"https:\/\/pakuten.pl\/blog\/#personlogo\",\"inLanguage\":\"pl-PL\",\"url\":\"https:\/\/secure.gravatar.com\/avatar\/b46f1be65c5d79f6186fe8f30ac2bf6f?s=96&d=mm&r=g\",\"contentUrl\":\"https:\/\/secure.gravatar.com\/avatar\/b46f1be65c5d79f6186fe8f30ac2bf6f?s=96&d=mm&r=g\",\"caption\":\"Malwina\"},\"url\":\"https:\/\/pakuten.pl\/blog\/author\/semahead\/\"}]}<\/script>\n<!-- \/ Yoast SEO plugin. -->","yoast_head_json":{"title":"Co spakowa\u0107 na wakacje? Lista rzeczy na wyjazd - Pakuten blog","robots":{"index":"index","follow":"follow","max-snippet":"max-snippet:-1","max-image-preview":"max-image-preview:large","max-video-preview":"max-video-preview:-1"},"canonical":"https:\/\/pakuten.pl\/blog\/co-spakowac-na-wakacje-lista-rzeczy-na-wyjazd\/","og_locale":"pl_PL","og_type":"article","og_title":"Co spakowa\u0107 na wakacje? Lista rzeczy na wyjazd - Pakuten blog","og_description":"Przed nami wakacje \u2013 pora spakowa\u0107 si\u0119 na wyjazd! Co spakowa\u0107 na wakacje, by nie zabiera\u0107 ze sob\u0105 g\u00f3ry ubra\u0144, a jednocze\u015bnie w ka\u017cdej sytuacji wygl\u0105da\u0107 stylowo? Wsp\u00f3lnie z nasz\u0105 stylistk\u0105 pomo\u017cemy Ci u\u0142o\u017cy\u0107 list\u0119 trendy rzeczy do spakowania. Radzimy, co warto zabra\u0107 nad morze, w g\u00f3ry, do miasta czy na letni festiwal.","og_url":"https:\/\/pakuten.pl\/blog\/co-spakowac-na-wakacje-lista-rzeczy-na-wyjazd\/","og_site_name":"Pakuten blog","article_published_time":"2019-06-21T12:18:19+00:00","article_modified_time":"2019-06-19T12:21:39+00:00","og_image":[{"width":1280,"height":853,"url":"https:\/\/pakuten.pl\/blog\/wp-content\/uploads\/2019\/06\/pobrane-1-1.jpg","type":"image\/jpeg"}],"twitter_card":"summary_large_image","twitter_misc":{"Napisane przez":"Malwina","Szacowany czas czytania":"4 minuty"},"schema":{"@context":"https:\/\/schema.org","@graph":[{"@type":"Organization","@id":"https:\/\/pakuten.pl\/blog\/#organization","name":"Pakuten","url":"https:\/\/pakuten.pl\/blog\/","sameAs":[],"logo":{"@type":"ImageObject","@id":"https:\/\/pakuten.pl\/blog\/#logo","inLanguage":"pl-PL","url":"http:\/\/pakuten.pl\/blog\/wp-content\/uploads\/2018\/01\/pakuten_logo.png","contentUrl":"http:\/\/pakuten.pl\/blog\/wp-content\/uploads\/2018\/01\/pakuten_logo.png","width":300,"height":120,"caption":"Pakuten"},"image":{"@id":"https:\/\/pakuten.pl\/blog\/#logo"}},{"@type":"WebSite","@id":"https:\/\/pakuten.pl\/blog\/#website","url":"https:\/\/pakuten.pl\/blog\/","name":"Pakuten blog","description":"Blog sklepu internetowego pakuten.pl","publisher":{"@id":"https:\/\/pakuten.pl\/blog\/#organization"},"potentialAction":[{"@type":"SearchAction","target":{"@type":"EntryPoint","urlTemplate":"https:\/\/pakuten.pl\/blog\/?s={search_term_string}"},"query-input":"required name=search_term_string"}],"inLanguage":"pl-PL"},{"@type":"ImageObject","@id":"https:\/\/pakuten.pl\/blog\/co-spakowac-na-wakacje-lista-rzeczy-na-wyjazd\/#primaryimage","inLanguage":"pl-PL","url":"https:\/\/pakuten.pl\/blog\/wp-content\/uploads\/2019\/06\/pobrane-1-1.jpg","contentUrl":"https:\/\/pakuten.pl\/blog\/wp-content\/uploads\/2019\/06\/pobrane-1-1.jpg","width":1280,"height":853,"caption":"Co spakowa\u0107 na wakacje? Lista rzeczy na wyjazd"},{"@type":"WebPage","@id":"https:\/\/pakuten.pl\/blog\/co-spakowac-na-wakacje-lista-rzeczy-na-wyjazd\/#webpage","url":"https:\/\/pakuten.pl\/blog\/co-spakowac-na-wakacje-lista-rzeczy-na-wyjazd\/","name":"Co spakowa\u0107 na wakacje? Lista rzeczy na wyjazd - Pakuten blog","isPartOf":{"@id":"https:\/\/pakuten.pl\/blog\/#website"},"primaryImageOfPage":{"@id":"https:\/\/pakuten.pl\/blog\/co-spakowac-na-wakacje-lista-rzeczy-na-wyjazd\/#primaryimage"},"datePublished":"2019-06-21T12:18:19+00:00","dateModified":"2019-06-19T12:21:39+00:00","breadcrumb":{"@id":"https:\/\/pakuten.pl\/blog\/co-spakowac-na-wakacje-lista-rzeczy-na-wyjazd\/#breadcrumb"},"inLanguage":"pl-PL","potentialAction":[{"@type":"ReadAction","target":["https:\/\/pakuten.pl\/blog\/co-spakowac-na-wakacje-lista-rzeczy-na-wyjazd\/"]}]},{"@type":"BreadcrumbList","@id":"https:\/\/pakuten.pl\/blog\/co-spakowac-na-wakacje-lista-rzeczy-na-wyjazd\/#breadcrumb","itemListElement":[{"@type":"ListItem","position":1,"name":"Strona g\u0142\u00f3wna","item":"https:\/\/pakuten.pl\/blog\/"},{"@type":"ListItem","position":2,"name":"Co spakowa\u0107 na wakacje? Lista rzeczy na wyjazd"}]},{"@type":"Article","@id":"https:\/\/pakuten.pl\/blog\/co-spakowac-na-wakacje-lista-rzeczy-na-wyjazd\/#article","isPartOf":{"@id":"https:\/\/pakuten.pl\/blog\/co-spakowac-na-wakacje-lista-rzeczy-na-wyjazd\/#webpage"},"author":{"@id":"https:\/\/pakuten.pl\/blog\/#\/schema\/person\/8d03059f8e6f83bab2553d9ff4517702"},"headline":"Co spakowa\u0107 na wakacje? Lista rzeczy na wyjazd","datePublished":"2019-06-21T12:18:19+00:00","dateModified":"2019-06-19T12:21:39+00:00","mainEntityOfPage":{"@id":"https:\/\/pakuten.pl\/blog\/co-spakowac-na-wakacje-lista-rzeczy-na-wyjazd\/#webpage"},"wordCount":712,"commentCount":0,"publisher":{"@id":"https:\/\/pakuten.pl\/blog\/#organization"},"image":{"@id":"https:\/\/pakuten.pl\/blog\/co-spakowac-na-wakacje-lista-rzeczy-na-wyjazd\/#primaryimage"},"thumbnailUrl":"https:\/\/pakuten.pl\/blog\/wp-content\/uploads\/2019\/06\/pobrane-1-1.jpg","articleSection":["Tips&amp;Tricks"],"inLanguage":"pl-PL","potentialAction":[{"@type":"CommentAction","name":"Comment","target":["https:\/\/pakuten.pl\/blog\/co-spakowac-na-wakacje-lista-rzeczy-na-wyjazd\/#respond"]}]},{"@type":"Person","@id":"https:\/\/pakuten.pl\/blog\/#\/schema\/person\/8d03059f8e6f83bab2553d9ff4517702","name":"Malwina","image":{"@type":"ImageObject","@id":"https:\/\/pakuten.pl\/blog\/#personlogo","inLanguage":"pl-PL","url":"https:\/\/secure.gravatar.com\/avatar\/b46f1be65c5d79f6186fe8f30ac2bf6f?s=96&d=mm&r=g","contentUrl":"https:\/\/secure.gravatar.com\/avatar\/b46f1be65c5d79f6186fe8f30ac2bf6f?s=96&d=mm&r=g","caption":"Malwina"},"url":"https:\/\/pakuten.pl\/blog\/author\/semahead\/"}]}},"_links":{"self":[{"href":"https:\/\/pakuten.pl\/blog\/wp-json\/wp\/v2\/posts\/1778"}],"collection":[{"href":"https:\/\/pakuten.pl\/blog\/wp-json\/wp\/v2\/posts"}],"about":[{"href":"https:\/\/pakuten.pl\/blog\/wp-json\/wp\/v2\/types\/post"}],"author":[{"embeddable":true,"href":"https:\/\/pakuten.pl\/blog\/wp-json\/wp\/v2\/users\/2"}],"replies":[{"embeddable":true,"href":"https:\/\/pakuten.pl\/blog\/wp-json\/wp\/v2\/comments?post=1778"}],"version-history":[{"count":3,"href":"https:\/\/pakuten.pl\/blog\/wp-json\/wp\/v2\/posts\/1778\/revisions"}],"predecessor-version":[{"id":1793,"href":"https:\/\/pakuten.pl\/blog\/wp-json\/wp\/v2\/posts\/1778\/revisions\/1793"}],"wp:featuredmedia":[{"embeddable":true,"href":"https:\/\/pakuten.pl\/blog\/wp-json\/wp\/v2\/media\/1788"}],"wp:attachment":[{"href":"https:\/\/pakuten.pl\/blog\/wp-json\/wp\/v2\/media?parent=1778"}],"wp:term":[{"taxonomy":"category","embeddable":true,"href":"https:\/\/pakuten.pl\/blog\/wp-json\/wp\/v2\/categories?post=1778"},{"taxonomy":"post_tag","embeddable":true,"href":"https:\/\/pakuten.pl\/blog\/wp-json\/wp\/v2\/tags?post=1778"}],"curies":[{"name":"wp","href":"https:\/\/api.w.org\/{rel}","templated":true}]}}