{"id":1827,"date":"2019-07-05T10:03:26","date_gmt":"2019-07-05T08:03:26","guid":{"rendered":"http:\/\/pakuten.pl\/blog\/?p=1827"},"modified":"2021-09-02T12:50:12","modified_gmt":"2021-09-02T10:50:12","slug":"letnie-dodatki-do-wlosow-5-modnych-fryzur-na-lato","status":"publish","type":"post","link":"https:\/\/pakuten.pl\/blog\/letnie-dodatki-do-wlosow-5-modnych-fryzur-na-lato\/","title":{"rendered":"Letnie dodatki do w\u0142os\u00f3w \u2013 5 modnych fryzur na lato"},"content":{"rendered":"<p><strong>Upa\u0142 nie jest najwi\u0119kszym sprzymierze\u0144cem naszych w\u0142os\u00f3w; pozbawia je obj\u0119to\u015bci i sprawia, \u017ce wygl\u0105daj\u0105 na zniszczone. W\u0142a\u015bnie dlatego wiedza dotycz\u0105ca stylizacji w\u0142os\u00f3w w gor\u0105ce dni jest wr\u0119cz nie do ocenienia. Jakie s\u0105 najmodniejsze, a zarazem praktyczne fryzury na lato? W artykule przedstawiamy 5 sposob\u00f3w topowe letnie fryzury z wykorzystaniem najmodniejszych akcesori\u00f3w.<\/strong><\/p>\n<h2><strong>TOP fryzury na lato: jakie powinny by\u0107?<\/strong><\/h2>\n<p>Najlepsze fryzury na lato to takie, dzi\u0119ki kt\u00f3rym jest nam po prostu wygodnie! Podczas wakacji d\u0142ugie w\u0142osy mog\u0105 przeszkadza\u0107 w wielu r\u00f3\u017cnych aktywno\u015bciach. Warto wi\u0119c upi\u0105\u0107 je w pomys\u0142owy spos\u00f3b. Latem lubimy te\u017c testowa\u0107 nowe letnie fryzury i fajne upi\u0119cia w\u0142os\u00f3w. Bo w ko\u0144cu kiedy, jak nie teraz? Wakacyjne wyjazdy, letnie festiwale, imprezy czy spotkania w gronie znajomych s\u0105 do tego najlepsz\u0105 okazj\u0105. Poza tym letnia pogoda nie jest tym, co w\u0142osy lubi\u0105 najbardziej. Pal\u0105ce s\u0142o\u0144ce oraz nadmorski wiatr \u00ad\u2013 cho\u0107 przyjemne \u2013 mog\u0105 znacznie os\u0142abi\u0107 kondycj\u0119 w\u0142os\u00f3w. Dlatego latem, zw\u0142aszcza w najwi\u0119ksze upa\u0142y, warto nosi\u0107 nakrycie g\u0142owy, np. modny kapelusz.<\/p>\n<p><strong>Je\u015bli chodzi o fryzury na lato \u2013 najlepiej wrzu\u0107 na luz! Nie \u015bciskaj w\u0142os\u00f3w w ciasnych upi\u0119ciach (np. kokach, \u201ecebulach\u201d czy mocno splecionych warkoczach) \u2013 cz\u0119ste ciasne sploty i mocne wi\u0105zanie w\u0142os\u00f3w dodatkowo je os\u0142abia.<\/strong> Zamiast klasycznych gumek, warto si\u0119gn\u0105\u0107 po modne ozdoby i akcesoria, kt\u00f3re dodadz\u0105 lekko\u015bci letnim fryzurom.<\/p>\n<div class=\"product-box-container\">\r\n<div class=\"one_third \" style=\"\">\r\n<div class=\"product-box\">\r\n<a href=\"https:\/\/pakuten.pl\/20704-57870-zlota-sukienka-z-rozporkiem-kamille-zloty.html\" target=\"_blank\">\r\n <img src=\"https:\/\/media.pakuten.pl\/137252-large_default\/zlota-sukienka-z-rozporkiem-kamille.jpg\" alt=\"Z\u0142ota sukienka z rozporkiem Kamille\"\/>\r\n<\/a>\r\n<p>\r\n<a href=\"https:\/\/pakuten.pl\/20704-57870-zlota-sukienka-z-rozporkiem-kamille-zloty.html\" target=\"_blank\">\r\nZ\u0142ota sukienka z rozporkiem Kamille\r\n<\/a><\/p>\r\n  <p>Cena: 111,99\u00a0z\u0142<\/p>\r\n<a href=\"https:\/\/pakuten.pl\/20704-57870-zlota-sukienka-z-rozporkiem-kamille-zloty.html\" target=\"_blank\" class=\"button\">\r\nZobacz w sklepie\r\n<\/a>\r\n<\/div>\r\n<\/div>\r\n<div class=\"one_third \" style=\"\">\r\n<div class=\"product-box\">\r\n<a href=\"https:\/\/pakuten.pl\/20291-57548-biala-logowana-koszulka-marvel-bialy.html\" target=\"_blank\">\r\n  <img src=\"https:\/\/media.pakuten.pl\/135462-large_default\/biala-logowana-koszulka-marvel.jpg\" alt=\"Bia\u0142a logowana koszulka Marvel\"\/>\r\n<\/a>\r\n<p>\r\n<a href=\"https:\/\/pakuten.pl\/20291-57548-biala-logowana-koszulka-marvel-bialy.html\" target=\"_blank\">\r\nBia\u0142a logowana koszulka Marvel\r\n<\/a><\/p>\r\n  <p>Cena: 34,99\u00a0z\u0142<\/p>\r\n<a href=\"https:\/\/pakuten.pl\/20291-57548-biala-logowana-koszulka-marvel-bialy.html\" target=\"_blank\" class=\"button\">\r\nZobacz w sklepie\r\n<\/a>\r\n<\/div>\r\n<\/div>\r\n<div class=\"one_third last \" style=\"\">\r\n<div class=\"product-box\">\r\n<a href=\"https:\/\/pakuten.pl\/17805-54711--bialy-azurkowy-sweterek-na-guziki-elloni-bialy.html\" target=\"_blank\">\r\n  <img src=\"https:\/\/media.pakuten.pl\/123095-large_default\/-bialy-azurkowy-sweterek-na-guziki-elloni.jpg\" alt=\"BIA\u0141Y A\u017bURKOWY SWETEREK NA GUZIKI ELLONI\"\/>\r\n<\/a>\r\n<p>\r\n<a href=\"https:\/\/pakuten.pl\/17805-54711--bialy-azurkowy-sweterek-na-guziki-elloni-bialy.html\" target=\"_blank\">\r\nBIA\u0141Y A\u017bURKOWY SWETEREK NA GUZIKI ELLONI\r\n<\/a><\/p>\r\n  <p>Cena: 122,48\u00a0z\u0142<\/p>\r\n<a href=\"https:\/\/pakuten.pl\/17805-54711--bialy-azurkowy-sweterek-na-guziki-elloni-bialy.html\" target=\"_blank\" class=\"button\">\r\nZobacz w sklepie\r\n<\/a>\r\n<\/div>\r\n<\/div><br class=\"clear\"\/>\r\n<\/div>\n<p>Zanim dowiesz si\u0119, jak przygotowa\u0107 najmodniejsze fryzury krok po kroku, zadbaj te\u017c o prawid\u0142ow\u0105 piel\u0119gnacj\u0119. Poniewa\u017c latem w\u0142osy i tak s\u0105 przesuszone od s\u0142o\u0144ca, zrezygnuj z nadmiernie cz\u0119stego ich suszenia i prostowania. U\u017cywaj te\u017c regularnie <span style=\"color: #ff9900;\"><strong><a style=\"color: #ff9900;\" href=\"https:\/\/pakuten.pl\/56-kosmetyki\">od\u017cywek do w\u0142os\u00f3w<\/a><\/strong><\/span>. A je\u015bli w planach masz pla\u017cowanie, warto si\u0119gn\u0105\u0107 po spraye termoochronne<\/p>\n<h2><strong>Letnie fryzury \u2013 co nosimy w wakacje 2022?<\/strong><\/h2>\n<p>W tym sezonie fryzury na lato tworzymy nie w drogim salonie fryzjerskim, ale samodzielnie \u2013 przy pomocy supermodnych akcesori\u00f3w! Dlaczego? <strong>Poniewa\u017c liczy si\u0119, aby efekt nie by\u0142 przesadnie dopracowany. Modna letnia fryzura ma wygl\u0105da\u0107 lekko, naturalnie, a przy tym swobodnie.<\/strong> Tego lata koniecznie wypr\u00f3buj przede wszystkim:<\/p>\n<ul>\n<li>opaski z delikatnymi listkami (absolutny hit na Instagramie!),<\/li>\n<li>kolorowe chustki, opaski i apaszki wi\u0105zane w supe\u0142 lub wplatane w warkocze,<\/li>\n<li>gumki z kokard\u0105<\/li>\n<li>tasiemki, przepaski i inne ozdoby w stylu boho.<\/li>\n<\/ul>\n<p>Lato to tak\u017ce czas eksperyment\u00f3w! Dlatego koniecznie wypr\u00f3buj kt\u00f3re\u015b z powy\u017cszych ozd\u00f3b. To prosty spos\u00f3b, \u017ceby ca\u0142kowicie odmieni\u0107 fryzur\u0119 w kilka minut i samodzielnie wykona\u0107 naprawd\u0119 fajne upi\u0119cia w\u0142os\u00f3w! Poni\u017cej nasze propozycje.<\/p>\n<ol>\n<li><strong>Warkoczyki bokserskie<\/strong><\/li>\n<\/ol>\n<p>Znudzi\u0142y Ci si\u0119 zwyk\u0142e fryzury? Warkocze bokserskie w wersji dwa, trzy lub nawet pi\u0119\u0107 to mega hit sezonu! Nie tylko z naturalnych w\u0142os\u00f3w, ale r\u00f3wnie\u017c z plenionymi syntetycznymi kolorowymi, kt\u00f3re nadaj\u0105 zdecydowanie charakter wakacyjny fryzurze. <strong>Kolczyki we w\u0142osach? Tak! Teraz jest to modne!<\/strong><\/p>\n<ol start=\"2\">\n<li><strong>Warkoczyki afryka\u0144skie z koralikami \u2013 absolutny hit lata!<\/strong><\/li>\n<\/ol>\n<p>To by\u0142o modne ju\u017c par\u0119 lat temu i znowu cieszy si\u0119 wielkim powodzeniem. Warkoczyki afryka\u0144skie z r\u00f3\u017cnego rodzaju zdobieniami, na przyk\u0142ad koralikami sprawi\u0105, \u017ce poczujesz si\u0119 o kilka lat m\u0142odziej. Udaj si\u0119 w tym celu to salonu, kt\u00f3ry specjalizuje si\u0119 w tym i ciesz si\u0119 now\u0105 fryzur\u0105 przez d\u0142u\u017cszy czas. Ozdobione kolorowymi koralikami zrobi\u0105 furor\u0119 w\u015br\u00f3d Twoich znajomych!<\/p>\n<ol start=\"3\">\n<li><strong>Chustka na g\u0142ow\u0119 \u2013 modnie i na luzie<\/strong><\/li>\n<\/ol>\n<blockquote class=\"instagram-media\" style=\"background: #FFF; border: 0; border-radius: 3px; box-shadow: 0 0 1px 0 rgba(0,0,0,0.5),0 1px 10px 0 rgba(0,0,0,0.15); margin: 1px; max-width: 540px; min-width: 326px; padding: 0; width: calc(100% - 2px);\" data-instgrm-permalink=\"https:\/\/www.instagram.com\/p\/CMeoqH9gcxE\/?utm_source=ig_embed&amp;utm_campaign=loading\" data-instgrm-version=\"13\">\n<div style=\"padding: 16px;\">\n<div style=\"display: flex; flex-direction: row; align-items: center;\">\n<div style=\"background-color: #f4f4f4; border-radius: 50%; flex-grow: 0; height: 40px; margin-right: 14px; width: 40px;\"><\/div>\n<div style=\"display: flex; flex-direction: column; flex-grow: 1; justify-content: center;\">\n<div style=\"background-color: #f4f4f4; border-radius: 4px; flex-grow: 0; height: 14px; margin-bottom: 6px; width: 100px;\"><\/div>\n<div style=\"background-color: #f4f4f4; border-radius: 4px; flex-grow: 0; height: 14px; width: 60px;\"><\/div>\n<\/div>\n<\/div>\n<div style=\"padding: 19% 0;\"><\/div>\n<div style=\"display: block; height: 50px; margin: 0 auto 12px; width: 50px;\"><\/div>\n<div style=\"padding-top: 8px;\">\n<div style=\"color: #3897f0; font-family: Arial,sans-serif; font-size: 14px; font-style: normal; font-weight: 550; line-height: 18px;\">Wy\u015bwietl ten post na Instagramie.<\/div>\n<\/div>\n<div style=\"padding: 12.5% 0;\"><\/div>\n<div style=\"display: flex; flex-direction: row; margin-bottom: 14px; align-items: center;\">\n<div>\n<div style=\"background-color: #f4f4f4; border-radius: 50%; height: 12.5px; width: 12.5px; transform: translateX(0px) translateY(7px);\"><\/div>\n<div style=\"background-color: #f4f4f4; height: 12.5px; transform: rotate(-45deg) translateX(3px) translateY(1px); width: 12.5px; flex-grow: 0; margin-right: 14px; margin-left: 2px;\"><\/div>\n<div style=\"background-color: #f4f4f4; border-radius: 50%; height: 12.5px; width: 12.5px; transform: translateX(9px) translateY(-18px);\"><\/div>\n<\/div>\n<div style=\"margin-left: 8px;\">\n<div style=\"background-color: #f4f4f4; border-radius: 50%; flex-grow: 0; height: 20px; width: 20px;\"><\/div>\n<div style=\"width: 0; height: 0; border-top: 2px solid transparent; border-left: 6px solid #f4f4f4; border-bottom: 2px solid transparent; transform: translateX(16px) translateY(-4px) rotate(30deg);\"><\/div>\n<\/div>\n<div style=\"margin-left: auto;\">\n<div style=\"width: 0px; border-top: 8px solid #F4F4F4; border-right: 8px solid transparent; transform: translateY(16px);\"><\/div>\n<div style=\"background-color: #f4f4f4; flex-grow: 0; height: 12px; width: 16px; transform: translateY(-4px);\"><\/div>\n<div style=\"width: 0; height: 0; border-top: 8px solid #F4F4F4; border-left: 8px solid transparent; transform: translateY(-4px) translateX(8px);\"><\/div>\n<\/div>\n<\/div>\n<div style=\"display: flex; flex-direction: column; flex-grow: 1; justify-content: center; margin-bottom: 24px;\">\n<div style=\"background-color: #f4f4f4; border-radius: 4px; flex-grow: 0; height: 14px; margin-bottom: 6px; width: 224px;\"><\/div>\n<div style=\"background-color: #f4f4f4; border-radius: 4px; flex-grow: 0; height: 14px; width: 144px;\"><\/div>\n<\/div>\n<p style=\"color: #c9c8cd; font-family: Arial,sans-serif; font-size: 14px; line-height: 17px; margin-bottom: 0; margin-top: 8px; overflow: hidden; padding: 8px 0 7px; text-align: center; text-overflow: ellipsis; white-space: nowrap;\"><a style=\"color: #c9c8cd; font-family: Arial,sans-serif; font-size: 14px; font-style: normal; font-weight: normal; line-height: 17px; text-decoration: none;\" href=\"https:\/\/www.instagram.com\/p\/CMeoqH9gcxE\/?utm_source=ig_embed&amp;utm_campaign=loading\" target=\"_blank\" rel=\"noopener\">Post udost\u0119pniony przez Ma\u0142gorzata Modrzyn\u0301ski (@mabellesoul_chustybizu)<\/a><\/p>\n<\/div>\n<\/blockquote>\n<p><script async=\"\" src=\"\/\/www.instagram.com\/embed.js\"><\/script><\/p>\n<p>To najprostsza i najszybsza <strong>letnia fryzura<\/strong>. Oboj\u0119tne, czy wolisz rozpuszczone czy zwi\u0105zane w\u0142osy! Po prostu przewi\u0105\u017c g\u0142ow\u0119 kolorow\u0105, wzorzyst\u0105 chustk\u0105! Zawi\u0105\u017c j\u0105 w modny spos\u00f3b: na supe\u0142 lub kokard\u0119. I gotowe!<\/p>\n<ol start=\"4\">\n<li><strong>Warkocze w romantycznym stylu + kwiaty<\/strong><\/li>\n<\/ol>\n<blockquote class=\"instagram-media\" style=\"background: #FFF; border: 0; border-radius: 3px; box-shadow: 0 0 1px 0 rgba(0,0,0,0.5),0 1px 10px 0 rgba(0,0,0,0.15); margin: 1px; max-width: 540px; min-width: 326px; padding: 0; width: calc(100% - 2px);\" data-instgrm-permalink=\"https:\/\/www.instagram.com\/p\/CQLMIF3r7wM\/?utm_source=ig_embed&amp;utm_campaign=loading\" data-instgrm-version=\"13\">\n<div style=\"padding: 16px;\">\n<div style=\"display: flex; flex-direction: row; align-items: center;\">\n<div style=\"background-color: #f4f4f4; border-radius: 50%; flex-grow: 0; height: 40px; margin-right: 14px; width: 40px;\"><\/div>\n<div style=\"display: flex; flex-direction: column; flex-grow: 1; justify-content: center;\">\n<div style=\"background-color: #f4f4f4; border-radius: 4px; flex-grow: 0; height: 14px; margin-bottom: 6px; width: 100px;\"><\/div>\n<div style=\"background-color: #f4f4f4; border-radius: 4px; flex-grow: 0; height: 14px; width: 60px;\"><\/div>\n<\/div>\n<\/div>\n<div style=\"padding: 19% 0;\"><\/div>\n<div style=\"display: block; height: 50px; margin: 0 auto 12px; width: 50px;\"><\/div>\n<div style=\"padding-top: 8px;\">\n<div style=\"color: #3897f0; font-family: Arial,sans-serif; font-size: 14px; font-style: normal; font-weight: 550; line-height: 18px;\">Wy\u015bwietl ten post na Instagramie.<\/div>\n<\/div>\n<div style=\"padding: 12.5% 0;\"><\/div>\n<div style=\"display: flex; flex-direction: row; margin-bottom: 14px; align-items: center;\">\n<div>\n<div style=\"background-color: #f4f4f4; border-radius: 50%; height: 12.5px; width: 12.5px; transform: translateX(0px) translateY(7px);\"><\/div>\n<div style=\"background-color: #f4f4f4; height: 12.5px; transform: rotate(-45deg) translateX(3px) translateY(1px); width: 12.5px; flex-grow: 0; margin-right: 14px; margin-left: 2px;\"><\/div>\n<div style=\"background-color: #f4f4f4; border-radius: 50%; height: 12.5px; width: 12.5px; transform: translateX(9px) translateY(-18px);\"><\/div>\n<\/div>\n<div style=\"margin-left: 8px;\">\n<div style=\"background-color: #f4f4f4; border-radius: 50%; flex-grow: 0; height: 20px; width: 20px;\"><\/div>\n<div style=\"width: 0; height: 0; border-top: 2px solid transparent; border-left: 6px solid #f4f4f4; border-bottom: 2px solid transparent; transform: translateX(16px) translateY(-4px) rotate(30deg);\"><\/div>\n<\/div>\n<div style=\"margin-left: auto;\">\n<div style=\"width: 0px; border-top: 8px solid #F4F4F4; border-right: 8px solid transparent; transform: translateY(16px);\"><\/div>\n<div style=\"background-color: #f4f4f4; flex-grow: 0; height: 12px; width: 16px; transform: translateY(-4px);\"><\/div>\n<div style=\"width: 0; height: 0; border-top: 8px solid #F4F4F4; border-left: 8px solid transparent; transform: translateY(-4px) translateX(8px);\"><\/div>\n<\/div>\n<\/div>\n<div style=\"display: flex; flex-direction: column; flex-grow: 1; justify-content: center; margin-bottom: 24px;\">\n<div style=\"background-color: #f4f4f4; border-radius: 4px; flex-grow: 0; height: 14px; margin-bottom: 6px; width: 224px;\"><\/div>\n<div style=\"background-color: #f4f4f4; border-radius: 4px; flex-grow: 0; height: 14px; width: 144px;\"><\/div>\n<\/div>\n<p style=\"color: #c9c8cd; font-family: Arial,sans-serif; font-size: 14px; line-height: 17px; margin-bottom: 0; margin-top: 8px; overflow: hidden; padding: 8px 0 7px; text-align: center; text-overflow: ellipsis; white-space: nowrap;\"><a style=\"color: #c9c8cd; font-family: Arial,sans-serif; font-size: 14px; font-style: normal; font-weight: normal; line-height: 17px; text-decoration: none;\" href=\"https:\/\/www.instagram.com\/p\/CQLMIF3r7wM\/?utm_source=ig_embed&amp;utm_campaign=loading\" target=\"_blank\" rel=\"noopener\">Post udost\u0119pniony przez Warkocze syntetyczne \ud83c\udf1f (@warkoczary)<\/a><\/p>\n<\/div>\n<\/blockquote>\n<p><script async=\"\" src=\"\/\/www.instagram.com\/embed.js\"><\/script><\/p>\n<p>Masz romantyczn\u0105 dusz\u0119?<strong> Fryzury na lato dla Ciebie, to przede wszystkim lu\u017ane, niedba\u0142e warkocze!<\/strong> Najlepiej grube, plecione w k\u0142osy (mo\u017cesz wcze\u015bniej natapirowa\u0107 w\u0142osy! J). Jak doda\u0107 tej fryzurze niepowtarzalnego, dziewcz\u0119cego uroku? Po prostu wepnij we w\u0142osy du\u017ce, kolorowe wiaty (lub za\u0142\u00f3\u017c modny kwiatowy wianek! \u2013 to \u015bwietna propozycja np. na letni festiwal).<\/p>\n<ol start=\"5\">\n<li><strong>Luzackie i niedba\u0142e upi\u0119cie<\/strong><\/li>\n<\/ol>\n<blockquote class=\"instagram-media\" style=\"background: #FFF; border: 0; border-radius: 3px; box-shadow: 0 0 1px 0 rgba(0,0,0,0.5),0 1px 10px 0 rgba(0,0,0,0.15); margin: 1px; max-width: 540px; min-width: 326px; padding: 0; width: calc(100% - 2px);\" data-instgrm-permalink=\"https:\/\/www.instagram.com\/p\/CQYA9CXhh05\/?utm_source=ig_embed&amp;utm_campaign=loading\" data-instgrm-version=\"13\">\n<div style=\"padding: 16px;\">\n<div style=\"display: flex; flex-direction: row; align-items: center;\">\n<div style=\"background-color: #f4f4f4; border-radius: 50%; flex-grow: 0; height: 40px; margin-right: 14px; width: 40px;\"><\/div>\n<div style=\"display: flex; flex-direction: column; flex-grow: 1; justify-content: center;\">\n<div style=\"background-color: #f4f4f4; border-radius: 4px; flex-grow: 0; height: 14px; margin-bottom: 6px; width: 100px;\"><\/div>\n<div style=\"background-color: #f4f4f4; border-radius: 4px; flex-grow: 0; height: 14px; width: 60px;\"><\/div>\n<\/div>\n<\/div>\n<div style=\"padding: 19% 0;\"><\/div>\n<div style=\"display: block; height: 50px; margin: 0 auto 12px; width: 50px;\"><\/div>\n<div style=\"padding-top: 8px;\">\n<div style=\"color: #3897f0; font-family: Arial,sans-serif; font-size: 14px; font-style: normal; font-weight: 550; line-height: 18px;\">Wy\u015bwietl ten post na Instagramie.<\/div>\n<\/div>\n<div style=\"padding: 12.5% 0;\"><\/div>\n<div style=\"display: flex; flex-direction: row; margin-bottom: 14px; align-items: center;\">\n<div>\n<div style=\"background-color: #f4f4f4; border-radius: 50%; height: 12.5px; width: 12.5px; transform: translateX(0px) translateY(7px);\"><\/div>\n<div style=\"background-color: #f4f4f4; height: 12.5px; transform: rotate(-45deg) translateX(3px) translateY(1px); width: 12.5px; flex-grow: 0; margin-right: 14px; margin-left: 2px;\"><\/div>\n<div style=\"background-color: #f4f4f4; border-radius: 50%; height: 12.5px; width: 12.5px; transform: translateX(9px) translateY(-18px);\"><\/div>\n<\/div>\n<div style=\"margin-left: 8px;\">\n<div style=\"background-color: #f4f4f4; border-radius: 50%; flex-grow: 0; height: 20px; width: 20px;\"><\/div>\n<div style=\"width: 0; height: 0; border-top: 2px solid transparent; border-left: 6px solid #f4f4f4; border-bottom: 2px solid transparent; transform: translateX(16px) translateY(-4px) rotate(30deg);\"><\/div>\n<\/div>\n<div style=\"margin-left: auto;\">\n<div style=\"width: 0px; border-top: 8px solid #F4F4F4; border-right: 8px solid transparent; transform: translateY(16px);\"><\/div>\n<div style=\"background-color: #f4f4f4; flex-grow: 0; height: 12px; width: 16px; transform: translateY(-4px);\"><\/div>\n<div style=\"width: 0; height: 0; border-top: 8px solid #F4F4F4; border-left: 8px solid transparent; transform: translateY(-4px) translateX(8px);\"><\/div>\n<\/div>\n<\/div>\n<div style=\"display: flex; flex-direction: column; flex-grow: 1; justify-content: center; margin-bottom: 24px;\">\n<div style=\"background-color: #f4f4f4; border-radius: 4px; flex-grow: 0; height: 14px; margin-bottom: 6px; width: 224px;\"><\/div>\n<div style=\"background-color: #f4f4f4; border-radius: 4px; flex-grow: 0; height: 14px; width: 144px;\"><\/div>\n<\/div>\n<p style=\"color: #c9c8cd; font-family: Arial,sans-serif; font-size: 14px; line-height: 17px; margin-bottom: 0; margin-top: 8px; overflow: hidden; padding: 8px 0 7px; text-align: center; text-overflow: ellipsis; white-space: nowrap;\"><a style=\"color: #c9c8cd; font-family: Arial,sans-serif; font-size: 14px; font-style: normal; font-weight: normal; line-height: 17px; text-decoration: none;\" href=\"https:\/\/www.instagram.com\/p\/CQYA9CXhh05\/?utm_source=ig_embed&amp;utm_campaign=loading\" target=\"_blank\" rel=\"noopener\">Post udost\u0119pniony przez Racoon Polska (@racoonpolska)<\/a><\/p>\n<\/div>\n<\/blockquote>\n<p><script async=\"\" src=\"\/\/www.instagram.com\/embed.js\"><\/script><\/p>\n<p>Nie masz czasu na robienie letniej fryzury? Po prostu zr\u00f3b lu\u017ano zwi\u0105zanego kucyka, a nast\u0119pnie niedbale podepnij pasma za pomoc\u0105 wsuwek! Do tej fryzury mo\u017cesz doda\u0107 w\u0142a\u015bciwie dowolne ozdoby (np. <span style=\"color: #ff9900;\"><strong><a style=\"color: #ff9900;\" href=\"https:\/\/pakuten.pl\/119-spinki\">spinki do w\u0142os\u00f3w z pere\u0142kami<\/a><\/strong><\/span>, wsuwki z muszelkami, drobne kwiaty). Plus jest taki, \u017ce w upi\u0119tych w\u0142osach nie b\u0119dzie Ci gor\u0105co! \ud83d\ude42<\/p>\n\n\n<div class=\"kk-star-ratings kksr-auto kksr-align-right kksr-valign-bottom\"\n    data-payload='{&quot;align&quot;:&quot;right&quot;,&quot;id&quot;:&quot;1827&quot;,&quot;slug&quot;:&quot;default&quot;,&quot;valign&quot;:&quot;bottom&quot;,&quot;ignore&quot;:&quot;&quot;,&quot;reference&quot;:&quot;auto&quot;,&quot;class&quot;:&quot;&quot;,&quot;count&quot;:&quot;1&quot;,&quot;legendonly&quot;:&quot;&quot;,&quot;readonly&quot;:&quot;&quot;,&quot;score&quot;:&quot;1&quot;,&quot;starsonly&quot;:&quot;&quot;,&quot;best&quot;:&quot;5&quot;,&quot;gap&quot;:&quot;5&quot;,&quot;greet&quot;:&quot;Rate this post&quot;,&quot;legend&quot;:&quot;1\\\/5 - (1 vote)&quot;,&quot;size&quot;:&quot;24&quot;,&quot;width&quot;:&quot;26.5&quot;,&quot;_legend&quot;:&quot;{score}\\\/{best} - ({count} {votes})&quot;,&quot;font_factor&quot;:&quot;1.25&quot;}'>\n            \n<div class=\"kksr-stars\">\n    \n<div class=\"kksr-stars-inactive\">\n            <div class=\"kksr-star\" data-star=\"1\" style=\"padding-right: 5px\">\n            \n\n<div class=\"kksr-icon\" style=\"width: 24px; height: 24px;\"><\/div>\n        <\/div>\n            <div class=\"kksr-star\" data-star=\"2\" style=\"padding-right: 5px\">\n            \n\n<div class=\"kksr-icon\" style=\"width: 24px; height: 24px;\"><\/div>\n        <\/div>\n            <div class=\"kksr-star\" data-star=\"3\" style=\"padding-right: 5px\">\n            \n\n<div class=\"kksr-icon\" style=\"width: 24px; height: 24px;\"><\/div>\n        <\/div>\n            <div class=\"kksr-star\" data-star=\"4\" style=\"padding-right: 5px\">\n            \n\n<div class=\"kksr-icon\" style=\"width: 24px; height: 24px;\"><\/div>\n        <\/div>\n            <div class=\"kksr-star\" data-star=\"5\" style=\"padding-right: 5px\">\n            \n\n<div class=\"kksr-icon\" style=\"width: 24px; height: 24px;\"><\/div>\n        <\/div>\n    <\/div>\n    \n<div class=\"kksr-stars-active\" style=\"width: 26.5px;\">\n            <div class=\"kksr-star\" style=\"padding-right: 5px\">\n            \n\n<div class=\"kksr-icon\" style=\"width: 24px; height: 24px;\"><\/div>\n        <\/div>\n            <div class=\"kksr-star\" style=\"padding-right: 5px\">\n            \n\n<div class=\"kksr-icon\" style=\"width: 24px; height: 24px;\"><\/div>\n        <\/div>\n            <div class=\"kksr-star\" style=\"padding-right: 5px\">\n            \n\n<div class=\"kksr-icon\" style=\"width: 24px; height: 24px;\"><\/div>\n        <\/div>\n            <div class=\"kksr-star\" style=\"padding-right: 5px\">\n            \n\n<div class=\"kksr-icon\" style=\"width: 24px; height: 24px;\"><\/div>\n        <\/div>\n            <div class=\"kksr-star\" style=\"padding-right: 5px\">\n            \n\n<div class=\"kksr-icon\" style=\"width: 24px; height: 24px;\"><\/div>\n        <\/div>\n    <\/div>\n<\/div>\n                \n\n<div class=\"kksr-legend\" style=\"font-size: 19.2px;\">\n            1\/5 - (1 vote)    <\/div>\n    <\/div>\n","protected":false},"excerpt":{"rendered":"<p>Upa\u0142 nie jest najwi\u0119kszym sprzymierze\u0144cem naszych w\u0142os\u00f3w; pozbawia je obj\u0119to\u015bci i sprawia, \u017ce wygl\u0105daj\u0105 na zniszczone. W\u0142a\u015bnie dlatego wiedza dotycz\u0105ca stylizacji w\u0142os\u00f3w w gor\u0105ce dni jest wr\u0119cz nie do ocenienia. Jakie s\u0105 najmodniejsze, a zarazem praktyczne fryzury na lato? W artykule przedstawiamy 5 sposob\u00f3w topowe letnie fryzury z wykorzystaniem najmodniejszych akcesori\u00f3w.<\/p>\n","protected":false},"author":3,"featured_media":1829,"comment_status":"open","ping_status":"open","sticky":false,"template":"","format":"standard","meta":[],"categories":[5],"tags":[],"yoast_head":"<!-- This site is optimized with the Yoast SEO plugin v18.4.1 - https:\/\/yoast.com\/wordpress\/plugins\/seo\/ -->\n<title>Letnie dodatki do w\u0142os\u00f3w \u2013 5 modnych fryzur na lato - Pakuten blog<\/title>\n<meta name=\"robots\" content=\"index, follow, max-snippet:-1, max-image-preview:large, max-video-preview:-1\" \/>\n<link rel=\"canonical\" href=\"https:\/\/pakuten.pl\/blog\/letnie-dodatki-do-wlosow-5-modnych-fryzur-na-lato\/\" \/>\n<meta property=\"og:locale\" content=\"pl_PL\" \/>\n<meta property=\"og:type\" content=\"article\" \/>\n<meta property=\"og:title\" content=\"Letnie dodatki do w\u0142os\u00f3w \u2013 5 modnych fryzur na lato - Pakuten blog\" \/>\n<meta property=\"og:description\" content=\"Upa\u0142 nie jest najwi\u0119kszym sprzymierze\u0144cem naszych w\u0142os\u00f3w; pozbawia je obj\u0119to\u015bci i sprawia, \u017ce wygl\u0105daj\u0105 na zniszczone. W\u0142a\u015bnie dlatego wiedza dotycz\u0105ca stylizacji w\u0142os\u00f3w w gor\u0105ce dni jest wr\u0119cz nie do ocenienia. Jakie s\u0105 najmodniejsze, a zarazem praktyczne fryzury na lato? W artykule przedstawiamy 5 sposob\u00f3w topowe letnie fryzury z wykorzystaniem najmodniejszych akcesori\u00f3w.\" \/>\n<meta property=\"og:url\" content=\"https:\/\/pakuten.pl\/blog\/letnie-dodatki-do-wlosow-5-modnych-fryzur-na-lato\/\" \/>\n<meta property=\"og:site_name\" content=\"Pakuten blog\" \/>\n<meta property=\"article:published_time\" content=\"2019-07-05T08:03:26+00:00\" \/>\n<meta property=\"article:modified_time\" content=\"2021-09-02T10:50:12+00:00\" \/>\n<meta property=\"og:image\" content=\"https:\/\/pakuten.pl\/blog\/wp-content\/uploads\/2019\/07\/Spinki.jpg\" \/>\n\t<meta property=\"og:image:width\" content=\"1280\" \/>\n\t<meta property=\"og:image:height\" content=\"853\" \/>\n\t<meta property=\"og:image:type\" content=\"image\/jpeg\" \/>\n<meta name=\"twitter:card\" content=\"summary_large_image\" \/>\n<meta name=\"twitter:label1\" content=\"Napisane przez\" \/>\n\t<meta name=\"twitter:data1\" content=\"Pakuten Girl\" \/>\n\t<meta name=\"twitter:label2\" content=\"Szacowany czas czytania\" \/>\n\t<meta name=\"twitter:data2\" content=\"3 minuty\" \/>\n<script type=\"application\/ld+json\" class=\"yoast-schema-graph\">{\"@context\":\"https:\/\/schema.org\",\"@graph\":[{\"@type\":\"Organization\",\"@id\":\"https:\/\/pakuten.pl\/blog\/#organization\",\"name\":\"Pakuten\",\"url\":\"https:\/\/pakuten.pl\/blog\/\",\"sameAs\":[],\"logo\":{\"@type\":\"ImageObject\",\"@id\":\"https:\/\/pakuten.pl\/blog\/#logo\",\"inLanguage\":\"pl-PL\",\"url\":\"http:\/\/pakuten.pl\/blog\/wp-content\/uploads\/2018\/01\/pakuten_logo.png\",\"contentUrl\":\"http:\/\/pakuten.pl\/blog\/wp-content\/uploads\/2018\/01\/pakuten_logo.png\",\"width\":300,\"height\":120,\"caption\":\"Pakuten\"},\"image\":{\"@id\":\"https:\/\/pakuten.pl\/blog\/#logo\"}},{\"@type\":\"WebSite\",\"@id\":\"https:\/\/pakuten.pl\/blog\/#website\",\"url\":\"https:\/\/pakuten.pl\/blog\/\",\"name\":\"Pakuten blog\",\"description\":\"Blog sklepu internetowego pakuten.pl\",\"publisher\":{\"@id\":\"https:\/\/pakuten.pl\/blog\/#organization\"},\"potentialAction\":[{\"@type\":\"SearchAction\",\"target\":{\"@type\":\"EntryPoint\",\"urlTemplate\":\"https:\/\/pakuten.pl\/blog\/?s={search_term_string}\"},\"query-input\":\"required name=search_term_string\"}],\"inLanguage\":\"pl-PL\"},{\"@type\":\"ImageObject\",\"@id\":\"https:\/\/pakuten.pl\/blog\/letnie-dodatki-do-wlosow-5-modnych-fryzur-na-lato\/#primaryimage\",\"inLanguage\":\"pl-PL\",\"url\":\"https:\/\/pakuten.pl\/blog\/wp-content\/uploads\/2019\/07\/Spinki.jpg\",\"contentUrl\":\"https:\/\/pakuten.pl\/blog\/wp-content\/uploads\/2019\/07\/Spinki.jpg\",\"width\":1280,\"height\":853,\"caption\":\"Letnie dodatki do w\u0142os\u00f3w \u2013 5 modnych fryzur na lato\"},{\"@type\":\"WebPage\",\"@id\":\"https:\/\/pakuten.pl\/blog\/letnie-dodatki-do-wlosow-5-modnych-fryzur-na-lato\/#webpage\",\"url\":\"https:\/\/pakuten.pl\/blog\/letnie-dodatki-do-wlosow-5-modnych-fryzur-na-lato\/\",\"name\":\"Letnie dodatki do w\u0142os\u00f3w \u2013 5 modnych fryzur na lato - Pakuten blog\",\"isPartOf\":{\"@id\":\"https:\/\/pakuten.pl\/blog\/#website\"},\"primaryImageOfPage\":{\"@id\":\"https:\/\/pakuten.pl\/blog\/letnie-dodatki-do-wlosow-5-modnych-fryzur-na-lato\/#primaryimage\"},\"datePublished\":\"2019-07-05T08:03:26+00:00\",\"dateModified\":\"2021-09-02T10:50:12+00:00\",\"breadcrumb\":{\"@id\":\"https:\/\/pakuten.pl\/blog\/letnie-dodatki-do-wlosow-5-modnych-fryzur-na-lato\/#breadcrumb\"},\"inLanguage\":\"pl-PL\",\"potentialAction\":[{\"@type\":\"ReadAction\",\"target\":[\"https:\/\/pakuten.pl\/blog\/letnie-dodatki-do-wlosow-5-modnych-fryzur-na-lato\/\"]}]},{\"@type\":\"BreadcrumbList\",\"@id\":\"https:\/\/pakuten.pl\/blog\/letnie-dodatki-do-wlosow-5-modnych-fryzur-na-lato\/#breadcrumb\",\"itemListElement\":[{\"@type\":\"ListItem\",\"position\":1,\"name\":\"Strona g\u0142\u00f3wna\",\"item\":\"https:\/\/pakuten.pl\/blog\/\"},{\"@type\":\"ListItem\",\"position\":2,\"name\":\"Letnie dodatki do w\u0142os\u00f3w \u2013 5 modnych fryzur na lato\"}]},{\"@type\":\"Article\",\"@id\":\"https:\/\/pakuten.pl\/blog\/letnie-dodatki-do-wlosow-5-modnych-fryzur-na-lato\/#article\",\"isPartOf\":{\"@id\":\"https:\/\/pakuten.pl\/blog\/letnie-dodatki-do-wlosow-5-modnych-fryzur-na-lato\/#webpage\"},\"author\":{\"@id\":\"https:\/\/pakuten.pl\/blog\/#\/schema\/person\/d7133af30211381a4e4536d088384556\"},\"headline\":\"Letnie dodatki do w\u0142os\u00f3w \u2013 5 modnych fryzur na lato\",\"datePublished\":\"2019-07-05T08:03:26+00:00\",\"dateModified\":\"2021-09-02T10:50:12+00:00\",\"mainEntityOfPage\":{\"@id\":\"https:\/\/pakuten.pl\/blog\/letnie-dodatki-do-wlosow-5-modnych-fryzur-na-lato\/#webpage\"},\"wordCount\":819,\"commentCount\":0,\"publisher\":{\"@id\":\"https:\/\/pakuten.pl\/blog\/#organization\"},\"image\":{\"@id\":\"https:\/\/pakuten.pl\/blog\/letnie-dodatki-do-wlosow-5-modnych-fryzur-na-lato\/#primaryimage\"},\"thumbnailUrl\":\"https:\/\/pakuten.pl\/blog\/wp-content\/uploads\/2019\/07\/Spinki.jpg\",\"articleSection\":[\"Inspirations\"],\"inLanguage\":\"pl-PL\",\"potentialAction\":[{\"@type\":\"CommentAction\",\"name\":\"Comment\",\"target\":[\"https:\/\/pakuten.pl\/blog\/letnie-dodatki-do-wlosow-5-modnych-fryzur-na-lato\/#respond\"]}]},{\"@type\":\"Person\",\"@id\":\"https:\/\/pakuten.pl\/blog\/#\/schema\/person\/d7133af30211381a4e4536d088384556\",\"name\":\"Pakuten Girl\",\"image\":{\"@type\":\"ImageObject\",\"@id\":\"https:\/\/pakuten.pl\/blog\/#personlogo\",\"inLanguage\":\"pl-PL\",\"url\":\"https:\/\/secure.gravatar.com\/avatar\/d3df41de2caf92e6cfded9430c2ff352?s=96&d=mm&r=g\",\"contentUrl\":\"https:\/\/secure.gravatar.com\/avatar\/d3df41de2caf92e6cfded9430c2ff352?s=96&d=mm&r=g\",\"caption\":\"Pakuten Girl\"},\"description\":\"Cze\u015b\u0107, nazywam si\u0119 Ola. Kocham Netflixa, sals\u0119, nowo\u015bci kosmetyczne i najnowsze trendy w modzie.\",\"url\":\"https:\/\/pakuten.pl\/blog\/author\/pakuten-girl\/\"}]}<\/script>\n<!-- \/ Yoast SEO plugin. -->","yoast_head_json":{"title":"Letnie dodatki do w\u0142os\u00f3w \u2013 5 modnych fryzur na lato - Pakuten blog","robots":{"index":"index","follow":"follow","max-snippet":"max-snippet:-1","max-image-preview":"max-image-preview:large","max-video-preview":"max-video-preview:-1"},"canonical":"https:\/\/pakuten.pl\/blog\/letnie-dodatki-do-wlosow-5-modnych-fryzur-na-lato\/","og_locale":"pl_PL","og_type":"article","og_title":"Letnie dodatki do w\u0142os\u00f3w \u2013 5 modnych fryzur na lato - Pakuten blog","og_description":"Upa\u0142 nie jest najwi\u0119kszym sprzymierze\u0144cem naszych w\u0142os\u00f3w; pozbawia je obj\u0119to\u015bci i sprawia, \u017ce wygl\u0105daj\u0105 na zniszczone. W\u0142a\u015bnie dlatego wiedza dotycz\u0105ca stylizacji w\u0142os\u00f3w w gor\u0105ce dni jest wr\u0119cz nie do ocenienia. Jakie s\u0105 najmodniejsze, a zarazem praktyczne fryzury na lato? W artykule przedstawiamy 5 sposob\u00f3w topowe letnie fryzury z wykorzystaniem najmodniejszych akcesori\u00f3w.","og_url":"https:\/\/pakuten.pl\/blog\/letnie-dodatki-do-wlosow-5-modnych-fryzur-na-lato\/","og_site_name":"Pakuten blog","article_published_time":"2019-07-05T08:03:26+00:00","article_modified_time":"2021-09-02T10:50:12+00:00","og_image":[{"width":1280,"height":853,"url":"https:\/\/pakuten.pl\/blog\/wp-content\/uploads\/2019\/07\/Spinki.jpg","type":"image\/jpeg"}],"twitter_card":"summary_large_image","twitter_misc":{"Napisane przez":"Pakuten Girl","Szacowany czas czytania":"3 minuty"},"schema":{"@context":"https:\/\/schema.org","@graph":[{"@type":"Organization","@id":"https:\/\/pakuten.pl\/blog\/#organization","name":"Pakuten","url":"https:\/\/pakuten.pl\/blog\/","sameAs":[],"logo":{"@type":"ImageObject","@id":"https:\/\/pakuten.pl\/blog\/#logo","inLanguage":"pl-PL","url":"http:\/\/pakuten.pl\/blog\/wp-content\/uploads\/2018\/01\/pakuten_logo.png","contentUrl":"http:\/\/pakuten.pl\/blog\/wp-content\/uploads\/2018\/01\/pakuten_logo.png","width":300,"height":120,"caption":"Pakuten"},"image":{"@id":"https:\/\/pakuten.pl\/blog\/#logo"}},{"@type":"WebSite","@id":"https:\/\/pakuten.pl\/blog\/#website","url":"https:\/\/pakuten.pl\/blog\/","name":"Pakuten blog","description":"Blog sklepu internetowego pakuten.pl","publisher":{"@id":"https:\/\/pakuten.pl\/blog\/#organization"},"potentialAction":[{"@type":"SearchAction","target":{"@type":"EntryPoint","urlTemplate":"https:\/\/pakuten.pl\/blog\/?s={search_term_string}"},"query-input":"required name=search_term_string"}],"inLanguage":"pl-PL"},{"@type":"ImageObject","@id":"https:\/\/pakuten.pl\/blog\/letnie-dodatki-do-wlosow-5-modnych-fryzur-na-lato\/#primaryimage","inLanguage":"pl-PL","url":"https:\/\/pakuten.pl\/blog\/wp-content\/uploads\/2019\/07\/Spinki.jpg","contentUrl":"https:\/\/pakuten.pl\/blog\/wp-content\/uploads\/2019\/07\/Spinki.jpg","width":1280,"height":853,"caption":"Letnie dodatki do w\u0142os\u00f3w \u2013 5 modnych fryzur na lato"},{"@type":"WebPage","@id":"https:\/\/pakuten.pl\/blog\/letnie-dodatki-do-wlosow-5-modnych-fryzur-na-lato\/#webpage","url":"https:\/\/pakuten.pl\/blog\/letnie-dodatki-do-wlosow-5-modnych-fryzur-na-lato\/","name":"Letnie dodatki do w\u0142os\u00f3w \u2013 5 modnych fryzur na lato - Pakuten blog","isPartOf":{"@id":"https:\/\/pakuten.pl\/blog\/#website"},"primaryImageOfPage":{"@id":"https:\/\/pakuten.pl\/blog\/letnie-dodatki-do-wlosow-5-modnych-fryzur-na-lato\/#primaryimage"},"datePublished":"2019-07-05T08:03:26+00:00","dateModified":"2021-09-02T10:50:12+00:00","breadcrumb":{"@id":"https:\/\/pakuten.pl\/blog\/letnie-dodatki-do-wlosow-5-modnych-fryzur-na-lato\/#breadcrumb"},"inLanguage":"pl-PL","potentialAction":[{"@type":"ReadAction","target":["https:\/\/pakuten.pl\/blog\/letnie-dodatki-do-wlosow-5-modnych-fryzur-na-lato\/"]}]},{"@type":"BreadcrumbList","@id":"https:\/\/pakuten.pl\/blog\/letnie-dodatki-do-wlosow-5-modnych-fryzur-na-lato\/#breadcrumb","itemListElement":[{"@type":"ListItem","position":1,"name":"Strona g\u0142\u00f3wna","item":"https:\/\/pakuten.pl\/blog\/"},{"@type":"ListItem","position":2,"name":"Letnie dodatki do w\u0142os\u00f3w \u2013 5 modnych fryzur na lato"}]},{"@type":"Article","@id":"https:\/\/pakuten.pl\/blog\/letnie-dodatki-do-wlosow-5-modnych-fryzur-na-lato\/#article","isPartOf":{"@id":"https:\/\/pakuten.pl\/blog\/letnie-dodatki-do-wlosow-5-modnych-fryzur-na-lato\/#webpage"},"author":{"@id":"https:\/\/pakuten.pl\/blog\/#\/schema\/person\/d7133af30211381a4e4536d088384556"},"headline":"Letnie dodatki do w\u0142os\u00f3w \u2013 5 modnych fryzur na lato","datePublished":"2019-07-05T08:03:26+00:00","dateModified":"2021-09-02T10:50:12+00:00","mainEntityOfPage":{"@id":"https:\/\/pakuten.pl\/blog\/letnie-dodatki-do-wlosow-5-modnych-fryzur-na-lato\/#webpage"},"wordCount":819,"commentCount":0,"publisher":{"@id":"https:\/\/pakuten.pl\/blog\/#organization"},"image":{"@id":"https:\/\/pakuten.pl\/blog\/letnie-dodatki-do-wlosow-5-modnych-fryzur-na-lato\/#primaryimage"},"thumbnailUrl":"https:\/\/pakuten.pl\/blog\/wp-content\/uploads\/2019\/07\/Spinki.jpg","articleSection":["Inspirations"],"inLanguage":"pl-PL","potentialAction":[{"@type":"CommentAction","name":"Comment","target":["https:\/\/pakuten.pl\/blog\/letnie-dodatki-do-wlosow-5-modnych-fryzur-na-lato\/#respond"]}]},{"@type":"Person","@id":"https:\/\/pakuten.pl\/blog\/#\/schema\/person\/d7133af30211381a4e4536d088384556","name":"Pakuten Girl","image":{"@type":"ImageObject","@id":"https:\/\/pakuten.pl\/blog\/#personlogo","inLanguage":"pl-PL","url":"https:\/\/secure.gravatar.com\/avatar\/d3df41de2caf92e6cfded9430c2ff352?s=96&d=mm&r=g","contentUrl":"https:\/\/secure.gravatar.com\/avatar\/d3df41de2caf92e6cfded9430c2ff352?s=96&d=mm&r=g","caption":"Pakuten Girl"},"description":"Cze\u015b\u0107, nazywam si\u0119 Ola. Kocham Netflixa, sals\u0119, nowo\u015bci kosmetyczne i najnowsze trendy w modzie.","url":"https:\/\/pakuten.pl\/blog\/author\/pakuten-girl\/"}]}},"_links":{"self":[{"href":"https:\/\/pakuten.pl\/blog\/wp-json\/wp\/v2\/posts\/1827"}],"collection":[{"href":"https:\/\/pakuten.pl\/blog\/wp-json\/wp\/v2\/posts"}],"about":[{"href":"https:\/\/pakuten.pl\/blog\/wp-json\/wp\/v2\/types\/post"}],"author":[{"embeddable":true,"href":"https:\/\/pakuten.pl\/blog\/wp-json\/wp\/v2\/users\/3"}],"replies":[{"embeddable":true,"href":"https:\/\/pakuten.pl\/blog\/wp-json\/wp\/v2\/comments?post=1827"}],"version-history":[{"count":8,"href":"https:\/\/pakuten.pl\/blog\/wp-json\/wp\/v2\/posts\/1827\/revisions"}],"predecessor-version":[{"id":5298,"href":"https:\/\/pakuten.pl\/blog\/wp-json\/wp\/v2\/posts\/1827\/revisions\/5298"}],"wp:featuredmedia":[{"embeddable":true,"href":"https:\/\/pakuten.pl\/blog\/wp-json\/wp\/v2\/media\/1829"}],"wp:attachment":[{"href":"https:\/\/pakuten.pl\/blog\/wp-json\/wp\/v2\/media?parent=1827"}],"wp:term":[{"taxonomy":"category","embeddable":true,"href":"https:\/\/pakuten.pl\/blog\/wp-json\/wp\/v2\/categories?post=1827"},{"taxonomy":"post_tag","embeddable":true,"href":"https:\/\/pakuten.pl\/blog\/wp-json\/wp\/v2\/tags?post=1827"}],"curies":[{"name":"wp","href":"https:\/\/api.w.org\/{rel}","templated":true}]}}