{"id":1971,"date":"2019-09-02T16:28:03","date_gmt":"2019-09-02T14:28:03","guid":{"rendered":"http:\/\/pakuten.pl\/blog\/?p=1971"},"modified":"2021-09-01T14:40:52","modified_gmt":"2021-09-01T12:40:52","slug":"makijaz-do-szkoly-czy-i-jak-sie-malowac","status":"publish","type":"post","link":"https:\/\/pakuten.pl\/blog\/makijaz-do-szkoly-czy-i-jak-sie-malowac\/","title":{"rendered":"Makija\u017c do szko\u0142y: czy (i jak) si\u0119 malowa\u0107?"},"content":{"rendered":"<p><strong>Malowa\u0107 si\u0119 do szko\u0142y czy nie? A je\u015bli tak, to jak? Od jakiego wieku mo\u017cna malowa\u0107 si\u0119 na co dzie\u0144 i jak dobra\u0107 kosmetyki, aby nie przesadzi\u0107 (i nie zaszkodzi\u0107 swojej cerze)? Te pytania zadaje sobie wiele nastolatek. Podpowiadamy, czy i jaki makija\u017c do szko\u0142y jest okej oraz jak dobra\u0107 make up do codziennych szkolnych stylizacji.<\/strong><\/p>\n<h2>Makija\u017c do szko\u0142y a regulamin &#8211; czego unika\u0107?<\/h2>\n<p>Kwestia wizerunku uczni\u00f3w r\u00f3\u017cni si\u0119 w zale\u017cno\u015bci od plac\u00f3wki. Niekt\u00f3re szko\u0142y zdecydowanie zabraniaj\u0105 u\u017cycia kosmetyk\u00f3w oraz ustalaj\u0105 okre\u015blony dress code i fryzury. <strong>W szko\u0142ach s\u0105 r\u00f3wnie\u017c zasady odno\u015bnie manicure. Paznokcie zazwyczaj musz\u0105 pozosta\u0107 naturalne.<\/strong> S\u0105 jednak miejsca, gdzie makija\u017c jest dozwolony, pod warunkiem, \u017ce b\u0119dzie on delikatny. Je\u015bli nie jeste\u015b pewna, jakie podej\u015bcie ma Twoja szko\u0142a, przeczytaj regulamin albo po prostu zapytaj swoj\u0105 wychowawczyni\u0119. Bardzo prawdopodobne jest r\u00f3wnie\u017c, \u017ce o tej zasadzie wspomni dyrektor na apelu rozpoczynaj\u0105cym rok szkolny.<\/p>\n<p>Z zasady regulamin zabrania noszenia makija\u017cu dla dobra uczni\u00f3w. Nie poleca si\u0119 makija\u017cu do szko\u0142y m\u0142odym osobom ze wzgl\u0119du na delikatn\u0105 cer\u0119 zdoln\u0105 do podra\u017cnie\u0144. Naturalno\u015b\u0107 pomaga r\u00f3wnie\u017c zaakceptowa\u0107 siebie. Wiele nauczycieli jest zdania, \u017ce do szko\u0142y chodzi si\u0119 uczy\u0107, a wizerunek jest pok\u0105tn\u0105 kwesti\u0105. Jak jednak wiadomo: makija\u017c to osobisty wyb\u00f3r. Je\u015bli wi\u0119c decydujesz si\u0119 na u\u017cycie makija\u017cu, przeczytaj jak zrobi\u0107 to z g\u0142ow\u0105.<\/p>\n<h2>Dopuszczalny makija\u017c do szko\u0142y<\/h2>\n<p>Jak wykona\u0107 makija\u017c, kt\u00f3ry nie rozz\u0142o\u015bci nauczycieli, ale ukryje niedoskona\u0142o\u015bci i sprawi, \u017ce b\u0119dziesz wygl\u0105da\u0107 pi\u0119knie? Przede wszystkim zadbaj o <span style=\"color: #ff9900;\"><strong><a style=\"color: #ff9900;\" href=\"https:\/\/pakuten.pl\/56-kosmetyki\">delikatne kosmetyki do makija\u017cu dla nastolatk\u00f3w<\/a><\/strong><\/span>. W drogeriach jest spora gama dost\u0119pnych produkt\u00f3w, kt\u00f3re s\u0105 dostosowane do m\u0142odej cery. Odpowiednia piel\u0119gnacja cia\u0142a zapobiegnie np. problemom z tr\u0105dzikiem. Przygotuj wi\u0119c cer\u0119 do zabieg\u00f3w kosmetycznych, myj\u0105c j\u0105 tonikiem i nak\u0142adaj\u0105c baz\u0119.<\/p>\n<p>Sk\u00f3r\u0119 trzeba oczyszcza\u0107 dwa razy dziennie: rano i wieczorem. Je\u015bli to zaniedbamy, nadmiar sebum doprowadzi do przet\u0142uszczania si\u0119 sk\u00f3ry, a nagromadzenie bakterii b\u0119dzie powodem pojawiania si\u0119 brzydkich niedoskona\u0142o\u015bci. Piel\u0119gnacja twarzy to r\u00f3wnie\u017c dok\u0142adne zmycie makija\u017cu. Samo myd\u0142o nie wystarczy, konieczny b\u0119dzie p\u0142yn do demakija\u017cu. Podra\u017cnion\u0105 kosmetykami sk\u00f3r\u0119 za\u0142agodzi krem nawil\u017caj\u0105cy, kt\u00f3ry mo\u017cesz na\u0142o\u017cy\u0107 na noc.<\/p>\n<h2>Kosmetyki do szko\u0142y &#8211; co wybra\u0107?<\/h2>\n<p>Jakich kosmetyk\u00f3w mo\u017cesz u\u017cy\u0107? <strong>Na pocz\u0105tek najwa\u017cniejsze: podk\u0142ad. Bardzo wa\u017cne jest dopasowanie do koloru swojej cery.<\/strong> Je\u015bli dobrze wybierzesz podk\u0142ad, nie b\u0119dzie wida\u0107, \u017ce masz go na sobie. Dobr\u0105 alternatyw\u0105 dla fluid\u00f3w s\u0105 kremy BB. Poza funkcj\u0105 kryj\u0105c\u0105 maj\u0105 wiele pozytywnych czynnik\u00f3w wp\u0142ywaj\u0105cych na sk\u00f3r\u0119. Mo\u017cna znale\u017a\u0107 sporo informacji o pozytywnych stronach tego produktu. Kremy BB poleca si\u0119 do cery tr\u0105dzikowej, zbyt suchej albo porowatej. Ma w\u0142a\u015bciwo\u015bci odka\u017caj\u0105ce i nawil\u017caj\u0105ce, a co najwa\u017cniejsze s\u0105 l\u017cejsze od ci\u0119\u017ckich fluid\u00f3w!<\/p>\n<p>Na podk\u0142ad na\u0142\u00f3\u017c puder, kt\u00f3ry utrzyma \u015bwie\u017cy wygl\u0105d przez ca\u0142y dzie\u0144 w szkole. Co jeszcze sprawdzi si\u0119, gdy wykonujesz makija\u017c do szko\u0142y? Nastolatki uwielbiaj\u0105 u\u017cywa\u0107 roz\u015bwietlacza. Sprawia on, \u017ce twarz wygl\u0105da na \u015bwie\u017c\u0105 i wypocz\u0119t\u0105. Roz\u015bwietlacz, w niewielkiej ilo\u015bci (!), mo\u017cesz na\u0142o\u017cy\u0107 na ko\u015bci policzkowe i w k\u0105cikach oczu. Pami\u0119taj jednak, \u017ce najwa\u017cniejszy jest umiar.<\/p>\n<p><span style=\"color: #ff9900;\"><strong><a style=\"color: #ff9900;\" href=\"https:\/\/pakuten.pl\/80-eyelinery-i-kredki-do-oczu\">Makija\u017c oczu<\/a><\/strong><\/span> najbardziej zwraca uwag\u0119. Je\u015bli naprawd\u0119 musisz podkre\u015bli\u0107 oczy, zr\u00f3b to delikatnie. Jasny cie\u0144 w be\u017cowym kolorze i<strong><span style=\"color: #ff9900;\"><a style=\"color: #ff9900;\" href=\"https:\/\/pakuten.pl\/79-tusze-do-rzes\"> tusz do rz\u0119s<\/a><\/span><\/strong> w zupe\u0142no\u015bci wystarcz\u0105. Piel\u0119gnacja oczu jest r\u00f3wnie wa\u017cna. Zmywaj tusz p\u0142ynem do demakija\u017cu oczu, \u017ceby unikn\u0105\u0107 podra\u017cnienia. Je\u015bli masz alergi\u0119 i po pomalowaniu oczy Ci\u0119 szczypi\u0105, poszukaj kosmetyk\u00f3w hipoalergicznych.<\/p>\n<p>Lekki make up nie wpakuje ci\u0119 w k\u0142opoty, o ile b\u0119dziesz go u\u017cywa\u0142a z umiarem. U\u017cywaj kosmetyk\u00f3w, \u017ceby maskowa\u0107 niedoskona\u0142o\u015bci i delikatnie podkre\u015bli\u0107 naturalne pi\u0119kno.<strong> <span style=\"color: #ff9900;\"><a style=\"color: #ff9900;\" href=\"https:\/\/pakuten.pl\/82-pomadki-i-blyszczyki\">Czerwone usta<\/a><\/span><\/strong> i ciemne cienie do powiek zostaw sobie na imprezy albo weekendowe spotkania ze znajomymi. Naturalny makija\u017c b\u0119dzie pasowa\u0142 do wszystkich stylizacji i fryzur, co zaoszcz\u0119dzi Ci czasu na g\u0142\u00f3wkowaniu nad wyborem stroju.<\/p>\n<p>Makija\u017c to nie wszystko! Szukasz pomys\u0142\u00f3w na stylizacje do szko\u0142y? Koniecznie zajrzyj do naszego <a href=\"https:\/\/pakuten.pl\/blog\/lookbook\/\" target=\"_blank\" rel=\"noopener\">LOOKBOOKA<\/a>!<\/p>\n\n\n<div class=\"kk-star-ratings kksr-auto kksr-align-right kksr-valign-bottom\"\n    data-payload='{&quot;align&quot;:&quot;right&quot;,&quot;id&quot;:&quot;1971&quot;,&quot;slug&quot;:&quot;default&quot;,&quot;valign&quot;:&quot;bottom&quot;,&quot;ignore&quot;:&quot;&quot;,&quot;reference&quot;:&quot;auto&quot;,&quot;class&quot;:&quot;&quot;,&quot;count&quot;:&quot;1&quot;,&quot;legendonly&quot;:&quot;&quot;,&quot;readonly&quot;:&quot;&quot;,&quot;score&quot;:&quot;5&quot;,&quot;starsonly&quot;:&quot;&quot;,&quot;best&quot;:&quot;5&quot;,&quot;gap&quot;:&quot;5&quot;,&quot;greet&quot;:&quot;Rate this post&quot;,&quot;legend&quot;:&quot;5\\\/5 - (1 vote)&quot;,&quot;size&quot;:&quot;24&quot;,&quot;width&quot;:&quot;142.5&quot;,&quot;_legend&quot;:&quot;{score}\\\/{best} - ({count} {votes})&quot;,&quot;font_factor&quot;:&quot;1.25&quot;}'>\n            \n<div class=\"kksr-stars\">\n    \n<div class=\"kksr-stars-inactive\">\n            <div class=\"kksr-star\" data-star=\"1\" style=\"padding-right: 5px\">\n            \n\n<div class=\"kksr-icon\" style=\"width: 24px; height: 24px;\"><\/div>\n        <\/div>\n            <div class=\"kksr-star\" data-star=\"2\" style=\"padding-right: 5px\">\n            \n\n<div class=\"kksr-icon\" style=\"width: 24px; height: 24px;\"><\/div>\n        <\/div>\n            <div class=\"kksr-star\" data-star=\"3\" style=\"padding-right: 5px\">\n            \n\n<div class=\"kksr-icon\" style=\"width: 24px; height: 24px;\"><\/div>\n        <\/div>\n            <div class=\"kksr-star\" data-star=\"4\" style=\"padding-right: 5px\">\n            \n\n<div class=\"kksr-icon\" style=\"width: 24px; height: 24px;\"><\/div>\n        <\/div>\n            <div class=\"kksr-star\" data-star=\"5\" style=\"padding-right: 5px\">\n            \n\n<div class=\"kksr-icon\" style=\"width: 24px; height: 24px;\"><\/div>\n        <\/div>\n    <\/div>\n    \n<div class=\"kksr-stars-active\" style=\"width: 142.5px;\">\n            <div class=\"kksr-star\" style=\"padding-right: 5px\">\n            \n\n<div class=\"kksr-icon\" style=\"width: 24px; height: 24px;\"><\/div>\n        <\/div>\n            <div class=\"kksr-star\" style=\"padding-right: 5px\">\n            \n\n<div class=\"kksr-icon\" style=\"width: 24px; height: 24px;\"><\/div>\n        <\/div>\n            <div class=\"kksr-star\" style=\"padding-right: 5px\">\n            \n\n<div class=\"kksr-icon\" style=\"width: 24px; height: 24px;\"><\/div>\n        <\/div>\n            <div class=\"kksr-star\" style=\"padding-right: 5px\">\n            \n\n<div class=\"kksr-icon\" style=\"width: 24px; height: 24px;\"><\/div>\n        <\/div>\n            <div class=\"kksr-star\" style=\"padding-right: 5px\">\n            \n\n<div class=\"kksr-icon\" style=\"width: 24px; height: 24px;\"><\/div>\n        <\/div>\n    <\/div>\n<\/div>\n                \n\n<div class=\"kksr-legend\" style=\"font-size: 19.2px;\">\n            5\/5 - (1 vote)    <\/div>\n    <\/div>\n","protected":false},"excerpt":{"rendered":"<p>Malowa\u0107 si\u0119 do szko\u0142y czy nie? A je\u015bli tak, to jak? Od jakiego wieku mo\u017cna malowa\u0107 si\u0119 na co dzie\u0144 i jak dobra\u0107 kosmetyki, aby nie przesadzi\u0107 (i nie zaszkodzi\u0107 swojej cerze)? Te pytania zadaje sobie wiele nastolatek. Podpowiadamy, czy i jaki makija\u017c do szko\u0142y jest okej oraz jak dobra\u0107 make up do codziennych szkolnych stylizacji.<\/p>\n","protected":false},"author":3,"featured_media":1973,"comment_status":"open","ping_status":"open","sticky":false,"template":"","format":"standard","meta":[],"categories":[4],"tags":[],"yoast_head":"<!-- This site is optimized with the Yoast SEO plugin v18.4.1 - https:\/\/yoast.com\/wordpress\/plugins\/seo\/ -->\n<title>Makija\u017c do szko\u0142y: czy (i jak) si\u0119 malowa\u0107? - Pakuten blog<\/title>\n<meta name=\"robots\" content=\"index, follow, max-snippet:-1, max-image-preview:large, max-video-preview:-1\" \/>\n<link rel=\"canonical\" href=\"https:\/\/pakuten.pl\/blog\/makijaz-do-szkoly-czy-i-jak-sie-malowac\/\" \/>\n<meta property=\"og:locale\" content=\"pl_PL\" \/>\n<meta property=\"og:type\" content=\"article\" \/>\n<meta property=\"og:title\" content=\"Makija\u017c do szko\u0142y: czy (i jak) si\u0119 malowa\u0107? - Pakuten blog\" \/>\n<meta property=\"og:description\" content=\"Malowa\u0107 si\u0119 do szko\u0142y czy nie? A je\u015bli tak, to jak? Od jakiego wieku mo\u017cna malowa\u0107 si\u0119 na co dzie\u0144 i jak dobra\u0107 kosmetyki, aby nie przesadzi\u0107 (i nie zaszkodzi\u0107 swojej cerze)? Te pytania zadaje sobie wiele nastolatek. Podpowiadamy, czy i jaki makija\u017c do szko\u0142y jest okej oraz jak dobra\u0107 make up do codziennych szkolnych stylizacji.\" \/>\n<meta property=\"og:url\" content=\"https:\/\/pakuten.pl\/blog\/makijaz-do-szkoly-czy-i-jak-sie-malowac\/\" \/>\n<meta property=\"og:site_name\" content=\"Pakuten blog\" \/>\n<meta property=\"article:published_time\" content=\"2019-09-02T14:28:03+00:00\" \/>\n<meta property=\"article:modified_time\" content=\"2021-09-01T12:40:52+00:00\" \/>\n<meta property=\"og:image\" content=\"https:\/\/pakuten.pl\/blog\/wp-content\/uploads\/2019\/09\/makija\u017c-do-szko\u0142y.jpeg\" \/>\n\t<meta property=\"og:image:width\" content=\"1280\" \/>\n\t<meta property=\"og:image:height\" content=\"853\" \/>\n\t<meta property=\"og:image:type\" content=\"image\/jpeg\" \/>\n<meta name=\"twitter:card\" content=\"summary_large_image\" \/>\n<meta name=\"twitter:label1\" content=\"Napisane przez\" \/>\n\t<meta name=\"twitter:data1\" content=\"Pakuten Girl\" \/>\n\t<meta name=\"twitter:label2\" content=\"Szacowany czas czytania\" \/>\n\t<meta name=\"twitter:data2\" content=\"3 minuty\" \/>\n<script type=\"application\/ld+json\" class=\"yoast-schema-graph\">{\"@context\":\"https:\/\/schema.org\",\"@graph\":[{\"@type\":\"Organization\",\"@id\":\"https:\/\/pakuten.pl\/blog\/#organization\",\"name\":\"Pakuten\",\"url\":\"https:\/\/pakuten.pl\/blog\/\",\"sameAs\":[],\"logo\":{\"@type\":\"ImageObject\",\"@id\":\"https:\/\/pakuten.pl\/blog\/#logo\",\"inLanguage\":\"pl-PL\",\"url\":\"http:\/\/pakuten.pl\/blog\/wp-content\/uploads\/2018\/01\/pakuten_logo.png\",\"contentUrl\":\"http:\/\/pakuten.pl\/blog\/wp-content\/uploads\/2018\/01\/pakuten_logo.png\",\"width\":300,\"height\":120,\"caption\":\"Pakuten\"},\"image\":{\"@id\":\"https:\/\/pakuten.pl\/blog\/#logo\"}},{\"@type\":\"WebSite\",\"@id\":\"https:\/\/pakuten.pl\/blog\/#website\",\"url\":\"https:\/\/pakuten.pl\/blog\/\",\"name\":\"Pakuten blog\",\"description\":\"Blog sklepu internetowego pakuten.pl\",\"publisher\":{\"@id\":\"https:\/\/pakuten.pl\/blog\/#organization\"},\"potentialAction\":[{\"@type\":\"SearchAction\",\"target\":{\"@type\":\"EntryPoint\",\"urlTemplate\":\"https:\/\/pakuten.pl\/blog\/?s={search_term_string}\"},\"query-input\":\"required name=search_term_string\"}],\"inLanguage\":\"pl-PL\"},{\"@type\":\"ImageObject\",\"@id\":\"https:\/\/pakuten.pl\/blog\/makijaz-do-szkoly-czy-i-jak-sie-malowac\/#primaryimage\",\"inLanguage\":\"pl-PL\",\"url\":\"https:\/\/pakuten.pl\/blog\/wp-content\/uploads\/2019\/09\/makija\u017c-do-szko\u0142y.jpeg\",\"contentUrl\":\"https:\/\/pakuten.pl\/blog\/wp-content\/uploads\/2019\/09\/makija\u017c-do-szko\u0142y.jpeg\",\"width\":1280,\"height\":853,\"caption\":\"Makija\u017c do szko\u0142y: czy (i jak) si\u0119 malowa\u0107?\"},{\"@type\":\"WebPage\",\"@id\":\"https:\/\/pakuten.pl\/blog\/makijaz-do-szkoly-czy-i-jak-sie-malowac\/#webpage\",\"url\":\"https:\/\/pakuten.pl\/blog\/makijaz-do-szkoly-czy-i-jak-sie-malowac\/\",\"name\":\"Makija\u017c do szko\u0142y: czy (i jak) si\u0119 malowa\u0107? - Pakuten blog\",\"isPartOf\":{\"@id\":\"https:\/\/pakuten.pl\/blog\/#website\"},\"primaryImageOfPage\":{\"@id\":\"https:\/\/pakuten.pl\/blog\/makijaz-do-szkoly-czy-i-jak-sie-malowac\/#primaryimage\"},\"datePublished\":\"2019-09-02T14:28:03+00:00\",\"dateModified\":\"2021-09-01T12:40:52+00:00\",\"breadcrumb\":{\"@id\":\"https:\/\/pakuten.pl\/blog\/makijaz-do-szkoly-czy-i-jak-sie-malowac\/#breadcrumb\"},\"inLanguage\":\"pl-PL\",\"potentialAction\":[{\"@type\":\"ReadAction\",\"target\":[\"https:\/\/pakuten.pl\/blog\/makijaz-do-szkoly-czy-i-jak-sie-malowac\/\"]}]},{\"@type\":\"BreadcrumbList\",\"@id\":\"https:\/\/pakuten.pl\/blog\/makijaz-do-szkoly-czy-i-jak-sie-malowac\/#breadcrumb\",\"itemListElement\":[{\"@type\":\"ListItem\",\"position\":1,\"name\":\"Strona g\u0142\u00f3wna\",\"item\":\"https:\/\/pakuten.pl\/blog\/\"},{\"@type\":\"ListItem\",\"position\":2,\"name\":\"Makija\u017c do szko\u0142y: czy (i jak) si\u0119 malowa\u0107?\"}]},{\"@type\":\"Article\",\"@id\":\"https:\/\/pakuten.pl\/blog\/makijaz-do-szkoly-czy-i-jak-sie-malowac\/#article\",\"isPartOf\":{\"@id\":\"https:\/\/pakuten.pl\/blog\/makijaz-do-szkoly-czy-i-jak-sie-malowac\/#webpage\"},\"author\":{\"@id\":\"https:\/\/pakuten.pl\/blog\/#\/schema\/person\/d7133af30211381a4e4536d088384556\"},\"headline\":\"Makija\u017c do szko\u0142y: czy (i jak) si\u0119 malowa\u0107?\",\"datePublished\":\"2019-09-02T14:28:03+00:00\",\"dateModified\":\"2021-09-01T12:40:52+00:00\",\"mainEntityOfPage\":{\"@id\":\"https:\/\/pakuten.pl\/blog\/makijaz-do-szkoly-czy-i-jak-sie-malowac\/#webpage\"},\"wordCount\":764,\"commentCount\":0,\"publisher\":{\"@id\":\"https:\/\/pakuten.pl\/blog\/#organization\"},\"image\":{\"@id\":\"https:\/\/pakuten.pl\/blog\/makijaz-do-szkoly-czy-i-jak-sie-malowac\/#primaryimage\"},\"thumbnailUrl\":\"https:\/\/pakuten.pl\/blog\/wp-content\/uploads\/2019\/09\/makija\u017c-do-szko\u0142y.jpeg\",\"articleSection\":[\"Tips&amp;Tricks\"],\"inLanguage\":\"pl-PL\",\"potentialAction\":[{\"@type\":\"CommentAction\",\"name\":\"Comment\",\"target\":[\"https:\/\/pakuten.pl\/blog\/makijaz-do-szkoly-czy-i-jak-sie-malowac\/#respond\"]}]},{\"@type\":\"Person\",\"@id\":\"https:\/\/pakuten.pl\/blog\/#\/schema\/person\/d7133af30211381a4e4536d088384556\",\"name\":\"Pakuten Girl\",\"image\":{\"@type\":\"ImageObject\",\"@id\":\"https:\/\/pakuten.pl\/blog\/#personlogo\",\"inLanguage\":\"pl-PL\",\"url\":\"https:\/\/secure.gravatar.com\/avatar\/d3df41de2caf92e6cfded9430c2ff352?s=96&d=mm&r=g\",\"contentUrl\":\"https:\/\/secure.gravatar.com\/avatar\/d3df41de2caf92e6cfded9430c2ff352?s=96&d=mm&r=g\",\"caption\":\"Pakuten Girl\"},\"description\":\"Cze\u015b\u0107, nazywam si\u0119 Ola. Kocham Netflixa, sals\u0119, nowo\u015bci kosmetyczne i najnowsze trendy w modzie.\",\"url\":\"https:\/\/pakuten.pl\/blog\/author\/pakuten-girl\/\"}]}<\/script>\n<!-- \/ Yoast SEO plugin. -->","yoast_head_json":{"title":"Makija\u017c do szko\u0142y: czy (i jak) si\u0119 malowa\u0107? - Pakuten blog","robots":{"index":"index","follow":"follow","max-snippet":"max-snippet:-1","max-image-preview":"max-image-preview:large","max-video-preview":"max-video-preview:-1"},"canonical":"https:\/\/pakuten.pl\/blog\/makijaz-do-szkoly-czy-i-jak-sie-malowac\/","og_locale":"pl_PL","og_type":"article","og_title":"Makija\u017c do szko\u0142y: czy (i jak) si\u0119 malowa\u0107? - Pakuten blog","og_description":"Malowa\u0107 si\u0119 do szko\u0142y czy nie? A je\u015bli tak, to jak? Od jakiego wieku mo\u017cna malowa\u0107 si\u0119 na co dzie\u0144 i jak dobra\u0107 kosmetyki, aby nie przesadzi\u0107 (i nie zaszkodzi\u0107 swojej cerze)? Te pytania zadaje sobie wiele nastolatek. Podpowiadamy, czy i jaki makija\u017c do szko\u0142y jest okej oraz jak dobra\u0107 make up do codziennych szkolnych stylizacji.","og_url":"https:\/\/pakuten.pl\/blog\/makijaz-do-szkoly-czy-i-jak-sie-malowac\/","og_site_name":"Pakuten blog","article_published_time":"2019-09-02T14:28:03+00:00","article_modified_time":"2021-09-01T12:40:52+00:00","og_image":[{"width":1280,"height":853,"url":"https:\/\/pakuten.pl\/blog\/wp-content\/uploads\/2019\/09\/makija\u017c-do-szko\u0142y.jpeg","type":"image\/jpeg"}],"twitter_card":"summary_large_image","twitter_misc":{"Napisane przez":"Pakuten Girl","Szacowany czas czytania":"3 minuty"},"schema":{"@context":"https:\/\/schema.org","@graph":[{"@type":"Organization","@id":"https:\/\/pakuten.pl\/blog\/#organization","name":"Pakuten","url":"https:\/\/pakuten.pl\/blog\/","sameAs":[],"logo":{"@type":"ImageObject","@id":"https:\/\/pakuten.pl\/blog\/#logo","inLanguage":"pl-PL","url":"http:\/\/pakuten.pl\/blog\/wp-content\/uploads\/2018\/01\/pakuten_logo.png","contentUrl":"http:\/\/pakuten.pl\/blog\/wp-content\/uploads\/2018\/01\/pakuten_logo.png","width":300,"height":120,"caption":"Pakuten"},"image":{"@id":"https:\/\/pakuten.pl\/blog\/#logo"}},{"@type":"WebSite","@id":"https:\/\/pakuten.pl\/blog\/#website","url":"https:\/\/pakuten.pl\/blog\/","name":"Pakuten blog","description":"Blog sklepu internetowego pakuten.pl","publisher":{"@id":"https:\/\/pakuten.pl\/blog\/#organization"},"potentialAction":[{"@type":"SearchAction","target":{"@type":"EntryPoint","urlTemplate":"https:\/\/pakuten.pl\/blog\/?s={search_term_string}"},"query-input":"required name=search_term_string"}],"inLanguage":"pl-PL"},{"@type":"ImageObject","@id":"https:\/\/pakuten.pl\/blog\/makijaz-do-szkoly-czy-i-jak-sie-malowac\/#primaryimage","inLanguage":"pl-PL","url":"https:\/\/pakuten.pl\/blog\/wp-content\/uploads\/2019\/09\/makija\u017c-do-szko\u0142y.jpeg","contentUrl":"https:\/\/pakuten.pl\/blog\/wp-content\/uploads\/2019\/09\/makija\u017c-do-szko\u0142y.jpeg","width":1280,"height":853,"caption":"Makija\u017c do szko\u0142y: czy (i jak) si\u0119 malowa\u0107?"},{"@type":"WebPage","@id":"https:\/\/pakuten.pl\/blog\/makijaz-do-szkoly-czy-i-jak-sie-malowac\/#webpage","url":"https:\/\/pakuten.pl\/blog\/makijaz-do-szkoly-czy-i-jak-sie-malowac\/","name":"Makija\u017c do szko\u0142y: czy (i jak) si\u0119 malowa\u0107? - Pakuten blog","isPartOf":{"@id":"https:\/\/pakuten.pl\/blog\/#website"},"primaryImageOfPage":{"@id":"https:\/\/pakuten.pl\/blog\/makijaz-do-szkoly-czy-i-jak-sie-malowac\/#primaryimage"},"datePublished":"2019-09-02T14:28:03+00:00","dateModified":"2021-09-01T12:40:52+00:00","breadcrumb":{"@id":"https:\/\/pakuten.pl\/blog\/makijaz-do-szkoly-czy-i-jak-sie-malowac\/#breadcrumb"},"inLanguage":"pl-PL","potentialAction":[{"@type":"ReadAction","target":["https:\/\/pakuten.pl\/blog\/makijaz-do-szkoly-czy-i-jak-sie-malowac\/"]}]},{"@type":"BreadcrumbList","@id":"https:\/\/pakuten.pl\/blog\/makijaz-do-szkoly-czy-i-jak-sie-malowac\/#breadcrumb","itemListElement":[{"@type":"ListItem","position":1,"name":"Strona g\u0142\u00f3wna","item":"https:\/\/pakuten.pl\/blog\/"},{"@type":"ListItem","position":2,"name":"Makija\u017c do szko\u0142y: czy (i jak) si\u0119 malowa\u0107?"}]},{"@type":"Article","@id":"https:\/\/pakuten.pl\/blog\/makijaz-do-szkoly-czy-i-jak-sie-malowac\/#article","isPartOf":{"@id":"https:\/\/pakuten.pl\/blog\/makijaz-do-szkoly-czy-i-jak-sie-malowac\/#webpage"},"author":{"@id":"https:\/\/pakuten.pl\/blog\/#\/schema\/person\/d7133af30211381a4e4536d088384556"},"headline":"Makija\u017c do szko\u0142y: czy (i jak) si\u0119 malowa\u0107?","datePublished":"2019-09-02T14:28:03+00:00","dateModified":"2021-09-01T12:40:52+00:00","mainEntityOfPage":{"@id":"https:\/\/pakuten.pl\/blog\/makijaz-do-szkoly-czy-i-jak-sie-malowac\/#webpage"},"wordCount":764,"commentCount":0,"publisher":{"@id":"https:\/\/pakuten.pl\/blog\/#organization"},"image":{"@id":"https:\/\/pakuten.pl\/blog\/makijaz-do-szkoly-czy-i-jak-sie-malowac\/#primaryimage"},"thumbnailUrl":"https:\/\/pakuten.pl\/blog\/wp-content\/uploads\/2019\/09\/makija\u017c-do-szko\u0142y.jpeg","articleSection":["Tips&amp;Tricks"],"inLanguage":"pl-PL","potentialAction":[{"@type":"CommentAction","name":"Comment","target":["https:\/\/pakuten.pl\/blog\/makijaz-do-szkoly-czy-i-jak-sie-malowac\/#respond"]}]},{"@type":"Person","@id":"https:\/\/pakuten.pl\/blog\/#\/schema\/person\/d7133af30211381a4e4536d088384556","name":"Pakuten Girl","image":{"@type":"ImageObject","@id":"https:\/\/pakuten.pl\/blog\/#personlogo","inLanguage":"pl-PL","url":"https:\/\/secure.gravatar.com\/avatar\/d3df41de2caf92e6cfded9430c2ff352?s=96&d=mm&r=g","contentUrl":"https:\/\/secure.gravatar.com\/avatar\/d3df41de2caf92e6cfded9430c2ff352?s=96&d=mm&r=g","caption":"Pakuten Girl"},"description":"Cze\u015b\u0107, nazywam si\u0119 Ola. Kocham Netflixa, sals\u0119, nowo\u015bci kosmetyczne i najnowsze trendy w modzie.","url":"https:\/\/pakuten.pl\/blog\/author\/pakuten-girl\/"}]}},"_links":{"self":[{"href":"https:\/\/pakuten.pl\/blog\/wp-json\/wp\/v2\/posts\/1971"}],"collection":[{"href":"https:\/\/pakuten.pl\/blog\/wp-json\/wp\/v2\/posts"}],"about":[{"href":"https:\/\/pakuten.pl\/blog\/wp-json\/wp\/v2\/types\/post"}],"author":[{"embeddable":true,"href":"https:\/\/pakuten.pl\/blog\/wp-json\/wp\/v2\/users\/3"}],"replies":[{"embeddable":true,"href":"https:\/\/pakuten.pl\/blog\/wp-json\/wp\/v2\/comments?post=1971"}],"version-history":[{"count":4,"href":"https:\/\/pakuten.pl\/blog\/wp-json\/wp\/v2\/posts\/1971\/revisions"}],"predecessor-version":[{"id":5282,"href":"https:\/\/pakuten.pl\/blog\/wp-json\/wp\/v2\/posts\/1971\/revisions\/5282"}],"wp:featuredmedia":[{"embeddable":true,"href":"https:\/\/pakuten.pl\/blog\/wp-json\/wp\/v2\/media\/1973"}],"wp:attachment":[{"href":"https:\/\/pakuten.pl\/blog\/wp-json\/wp\/v2\/media?parent=1971"}],"wp:term":[{"taxonomy":"category","embeddable":true,"href":"https:\/\/pakuten.pl\/blog\/wp-json\/wp\/v2\/categories?post=1971"},{"taxonomy":"post_tag","embeddable":true,"href":"https:\/\/pakuten.pl\/blog\/wp-json\/wp\/v2\/tags?post=1971"}],"curies":[{"name":"wp","href":"https:\/\/api.w.org\/{rel}","templated":true}]}}