{"id":2336,"date":"2019-12-23T10:32:20","date_gmt":"2019-12-23T09:32:20","guid":{"rendered":"http:\/\/pakuten.pl\/blog\/?p=2336"},"modified":"2021-09-01T14:29:01","modified_gmt":"2021-09-01T12:29:01","slug":"mala-czarna-pod-choinka-czyli-klasyczne-stylizacje-na-swieta-co-zalozyc-do-czarnej-sukienki","status":"publish","type":"post","link":"https:\/\/pakuten.pl\/blog\/mala-czarna-pod-choinka-czyli-klasyczne-stylizacje-na-swieta-co-zalozyc-do-czarnej-sukienki\/","title":{"rendered":"&#8222;Ma\u0142a czarna&#8221; pod choink\u0105, czyli klasyczne stylizacje na \u015bwi\u0119ta. Co za\u0142o\u017cy\u0107 do czarnej sukienki?"},"content":{"rendered":"<p><strong>\u015awi\u0119ta Bo\u017cego Narodzenia to uroczysty czas. Niezale\u017cnie od naszego gustu, stylu i rozmiaru sprawdzona klasyka zawsze b\u0119dzie wygl\u0105da\u0107 dobrze. Dlatego jedn\u0105 z najlepszych stylizacji na \u015bwi\u0119ta b\u0119dzie czarna sukienka. Jak nada\u0107 jej \u015bwi\u0105tecznego charakteru? Oto kilka pomys\u0142\u00f3w na klasyczne stylizacje z ma\u0142\u0105 czarn\u0105 w roli g\u0142\u00f3wnej.<\/strong><\/p>\n<h2>Ciemna noc: klasyczne stylizacje na Wigili\u0119<\/h2>\n<p>Czarna sukienka powinna znajdowa\u0107 si\u0119 w ka\u017cdej szafie. Jest niezwykle kobieca i elegancka, a stworzenie perfekcyjnej stylizacji nie wymaga wiele wysi\u0142ku. To, jaki kr\u00f3j wybierzemy na wiecz\u00f3r wigilijny lub bo\u017conarodzeniowe spotkanie, b\u0119dzie zale\u017ce\u0107 od tego, co chcemy podkre\u015bli\u0107. <strong>Warto jednak wzi\u0105\u0107 pod uwag\u0119 charakter okazji i nie ods\u0142ania\u0107 zbyt du\u017co cia\u0142a.<\/strong> Jak sprawi\u0107, by klasyczne stylizacje nabra\u0142y od\u015bwi\u0119tnego charakteru?<\/p>\n<div class=\"product-box-container\">\r\n<div class=\"one_third \" style=\"\">\r\n<div class=\"product-box\">\r\n<a href=\"https:\/\/pakuten.pl\/9758-29722-sukienka-z-podwojna-falbana-sabana-miodowy.html\" target=\"_blank\">\r\n <img src=\"https:\/\/media.pakuten.pl\/55570-large_default\/sukienka-z-podwojna-falbana-sabana.jpg\" alt=\"SUKIENKA Z PODW\u00d3JN\u0104 FALBAN\u0104 SABANA\"\/>\r\n<\/a>\r\n<p>\r\n<a href=\"https:\/\/pakuten.pl\/9758-29722-sukienka-z-podwojna-falbana-sabana-miodowy.html\" target=\"_blank\">\r\nSUKIENKA Z PODW\u00d3JN\u0104 FALBAN\u0104 SABANA\r\n<\/a><\/p>\r\n  <p>Cena: 58,09\u00a0z\u0142<\/p>\r\n<a href=\"https:\/\/pakuten.pl\/9758-29722-sukienka-z-podwojna-falbana-sabana-miodowy.html\" target=\"_blank\" class=\"button\">\r\nZobacz w sklepie\r\n<\/a>\r\n<\/div>\r\n<\/div>\r\n<div class=\"one_third \" style=\"\">\r\n<div class=\"product-box\">\r\n<a href=\"https:\/\/pakuten.pl\/8781-26876-sukienka-kopertowa-z-guzikami-skylor-malinowy.html\" target=\"_blank\">\r\n  <img src=\"https:\/\/media.pakuten.pl\/50317-large_default\/sukienka-kopertowa-z-guzikami-skylor.jpg\" alt=\"SUKIENKA KOPERTOWA Z GUZIKAMI SKYLOR\"\/>\r\n<\/a>\r\n<p>\r\n<a href=\"https:\/\/pakuten.pl\/8781-26876-sukienka-kopertowa-z-guzikami-skylor-malinowy.html\" target=\"_blank\">\r\nSUKIENKA KOPERTOWA Z GUZIKAMI SKYLOR\r\n<\/a><\/p>\r\n  <p>Cena: 69,99\u00a0z\u0142<\/p>\r\n<a href=\"https:\/\/pakuten.pl\/8781-26876-sukienka-kopertowa-z-guzikami-skylor-malinowy.html\" target=\"_blank\" class=\"button\">\r\nZobacz w sklepie\r\n<\/a>\r\n<\/div>\r\n<\/div>\r\n<div class=\"one_third last \" style=\"\">\r\n<div class=\"product-box\">\r\n<a href=\"\" target=\"_blank\">\r\n  <img src=\"\" alt=\"\"\/>\r\n<\/a>\r\n<p>\r\n<a href=\"\" target=\"_blank\">\r\n\r\n<\/a><\/p>\r\n  <p>Cena: <\/p>\r\n<a href=\"\" target=\"_blank\" class=\"button\">\r\nZobacz w sklepie\r\n<\/a>\r\n<\/div>\r\n<\/div><br class=\"clear\"\/>\r\n<\/div>\n<p>Je\u015bli zale\u017cy nam na pokazaniu zgrabnych n\u00f3g, mo\u017cemy na przyk\u0142ad dobra\u0107 <span style=\"color: #ff9900;\"><strong><a style=\"color: #ff9900;\" href=\"https:\/\/pakuten.pl\/41-rajstopy-damskie\">ciemne rajstopy<\/a><\/strong><\/span>. D\u0142ugo\u015b\u0107 sukienki zr\u00f3wnowa\u017cmy skromniejszym dekoltem i d\u0142u\u017cszymi r\u0119kawami. Z kolei g\u0142\u0119bsze wci\u0119cie u g\u00f3ry stonujmy klasycznym do\u0142em i eleganckim krojem. Je\u015bli \u015bwi\u0119ta sp\u0119dzamy w rodzinnym gronie, mo\u017cemy pozwoli\u0107 sobie na nieco luzu i wybra\u0107 np. <strong><span style=\"color: #ff9900;\"><a style=\"color: #ff9900;\" href=\"https:\/\/pakuten.pl\/66-sukienki-dresowe\">sukienk\u0119 sweterkow\u0105<\/a><\/span><\/strong>, kt\u00f3ra zyska szyku dzi\u0119ki czarnemu kolorowi. Jednak, je\u015bli wybieramy si\u0119 na bardziej oficjalne przyj\u0119cie, lepiej ubra\u0107 wizytow\u0105 kreacj\u0119. Mo\u017cemy r\u00f3wnie\u017c wykorzysta\u0107 tiulowe wstawki do zakrycia ramion czy dekoltu, nie rezygnuj\u0105c z ciekawego kroju.<\/p>\n<div class=\"product-box-container\">\r\n<div class=\"one_half \" style=\"\">\r\n<div class=\"product-box\">\r\n<div class=\"product-box-image\">\r\n<a href=\"https:\/\/pakuten.pl\/9493-29129-wygodny-sweter-z-golfem-serena-popielaty.html\" target=\"_blank\">\r\n<img src=\"https:\/\/media.pakuten.pl\/54400-large_default\/wygodny-sweter-z-golfem-serena.jpg\" alt=\"WYGODNY SWETER Z GOLFEM SERENA\"\/>\r\n<\/a>\r\n<\/div>\r\n<p>\r\n<a href=\"https:\/\/pakuten.pl\/9493-29129-wygodny-sweter-z-golfem-serena-popielaty.html\" target=\"_blank\">\r\nWYGODNY SWETER Z GOLFEM SERENA\r\n<\/a><\/p>\r\n  <p>Cena: 30,09\u00a0z\u0142<\/p>\r\n<a href=\"https:\/\/pakuten.pl\/9493-29129-wygodny-sweter-z-golfem-serena-popielaty.html\" target=\"_blank\" class=\"button\">\r\nZobacz w sklepie\r\n<\/a>\r\n<\/div>\r\n<\/div>\r\n<div class=\"one_half last \" style=\"\">\r\n<div class=\"product-box\">\r\n<div class=\"product-box-image\">\r\n<a href=\"https:\/\/pakuten.pl\/9756-29718-dopasowana-sukienka-z-tiulowymi-rekawami-ianne-czarny.html\" target=\"_blank\">\r\n<img src=\"https:\/\/media.pakuten.pl\/55556-large_default\/dopasowana-sukienka-z-tiulowymi-rekawami-ianne.jpg\"  alt=\"DOPASOWANA SUKIENKA Z TIULOWYMI R\u0118KAWAMI IANNE\"\/>\r\n<\/a>\r\n<\/div>\r\n<a href=\"https:\/\/pakuten.pl\/9756-29718-dopasowana-sukienka-z-tiulowymi-rekawami-ianne-czarny.html\" target=\"_blank\">\r\nDOPASOWANA SUKIENKA Z TIULOWYMI R\u0118KAWAMI IANNE\r\n<\/a>\r\n  <p>Cena: 58,09\u00a0z\u0142<\/p>\r\n<a href=\"https:\/\/pakuten.pl\/9756-29718-dopasowana-sukienka-z-tiulowymi-rekawami-ianne-czarny.html\" target=\"_blank\" class=\"button\">\r\nZobacz w sklepie\r\n<\/a>\r\n<\/div>\r\n<\/div><br class=\"clear\"\/>\r\n<\/div>\n<h2><strong>Klasyczne stylizacje w od\u015bwi\u0119tnym wydaniu<\/strong><\/h2>\n<p>Dopracowany makija\u017c i fryzura, <span style=\"color: #ff9900;\"><strong><a style=\"color: #ff9900;\" href=\"https:\/\/pakuten.pl\/117-marynarki-i-garnitury\">dopasowana marynarka<\/a><\/strong><\/span> i eleganckie szpilki do czarnej sukienki to przepis na idealn\u0105 stylizacj\u0119 w dobrym gu\u015bcie. Wystarczy przypomnie\u0107 sobie kultowe sceny z przer\u00f3\u017cnych film\u00f3w oraz ulubione stroje wielu gwiazd. Jednym z najbardziej ikonicznych po\u0142\u0105cze\u0144 jest ma\u0142a czarna i czerwona szminka. Kolor ten \u015bwietnie wpisze si\u0119 przy okazji w atmosfer\u0119 \u015bwi\u0105t.<\/p>\n<p>Kolejn\u0105 dobran\u0105 par\u0105 jest czarna sukienka i czerwone szpilki. Podobnie jak w przypadku make-upu, buty b\u0119d\u0105 jednocze\u015bnie dope\u0142nia\u0107 ca\u0142y str\u00f3j i pasowa\u0107 do nastroju. <strong>Mo\u017cemy te\u017c zdecydowa\u0107 si\u0119 na inny uniwersalny kolor obuwia, np. czer\u0144 lub be\u017c<\/strong>. Innym elementem ubioru, kojarz\u0105cym si\u0119 z Bo\u017cym Narodzeniem i okresem zimowym jest sweter. Co prawda gruby, kolorowy materia\u0142 niekoniecznie pasuje do wizytowej kreacji, ale mo\u017cna z powodzeniem zast\u0105pi\u0107 go lekk\u0105, swetrow\u0105 narzutk\u0105 z a\u017curowymi wyci\u0119ciami.<\/p>\n<div class=\"product-box-container\">\r\n<div class=\"one_third \" style=\"\">\r\n<div class=\"product-box\">\r\n<a href=\"\" target=\"_blank\">\r\n <img src=\"\" alt=\"\"\/>\r\n<\/a>\r\n<p>\r\n<a href=\"\" target=\"_blank\">\r\n\r\n<\/a><\/p>\r\n  <p>Cena: <\/p>\r\n<a href=\"\" target=\"_blank\" class=\"button\">\r\nZobacz w sklepie\r\n<\/a>\r\n<\/div>\r\n<\/div>\r\n<div class=\"one_third \" style=\"\">\r\n<div class=\"product-box\">\r\n<a href=\"\" target=\"_blank\">\r\n  <img src=\"\" alt=\"\"\/>\r\n<\/a>\r\n<p>\r\n<a href=\"\" target=\"_blank\">\r\n\r\n<\/a><\/p>\r\n  <p>Cena: <\/p>\r\n<a href=\"\" target=\"_blank\" class=\"button\">\r\nZobacz w sklepie\r\n<\/a>\r\n<\/div>\r\n<\/div>\r\n<div class=\"one_third last \" style=\"\">\r\n<div class=\"product-box\">\r\n<a href=\"\" target=\"_blank\">\r\n  <img src=\"\" alt=\"\"\/>\r\n<\/a>\r\n<p>\r\n<a href=\"\" target=\"_blank\">\r\n\r\n<\/a><\/p>\r\n  <p>Cena: <\/p>\r\n<a href=\"\" target=\"_blank\" class=\"button\">\r\nZobacz w sklepie\r\n<\/a>\r\n<\/div>\r\n<\/div><br class=\"clear\"\/>\r\n<\/div>\n<h2><strong>Gwiazda wieczorna<\/strong><\/h2>\n<p>Skoro wiemy ju\u017c, \u017ce idealnym wyborem b\u0119dzie czarna sukienka, <strong>jakie dodatki warto do niej skompletowa\u0107?<\/strong> Przede wszystkim przyjrzyjmy si\u0119 samej kreacji i zdecydujmy, czy w og\u00f3le potrzebuje ona czego\u015b jeszcze. Na przyk\u0142ad, je\u015bli na materiale pojawiaj\u0105 si\u0119 ozdobne wzory albo wykorzystane zosta\u0142y falbanki lub koronka, najlepszym wyborem mo\u017ce by\u0107 rezygnacja ze zb\u0119dnych gad\u017cet\u00f3w.<\/p>\n<div class=\"product-box-container\">\r\n<div class=\"one_half \" style=\"\">\r\n<div class=\"product-box\">\r\n<div class=\"product-box-image\">\r\n<a href=\"https:\/\/pakuten.pl\/9440-28892-sukienka-z-falbankami-nilva-bordowy.html\" target=\"_blank\">\r\n<img src=\"https:\/\/media.pakuten.pl\/54017-large_default\/sukienka-z-falbankami-nilva.jpg\" alt=\"SUKIENKA Z FALBANKAMI NILVA - bordowy\"\/>\r\n<\/a>\r\n<\/div>\r\n<p>\r\n<a href=\"https:\/\/pakuten.pl\/9440-28892-sukienka-z-falbankami-nilva-bordowy.html\" target=\"_blank\">\r\nSUKIENKA Z FALBANKAMI NILVA - bordowy\r\n<\/a><\/p>\r\n  <p>Cena: 62,99\u00a0z\u0142<\/p>\r\n<a href=\"https:\/\/pakuten.pl\/9440-28892-sukienka-z-falbankami-nilva-bordowy.html\" target=\"_blank\" class=\"button\">\r\nZobacz w sklepie\r\n<\/a>\r\n<\/div>\r\n<\/div>\r\n<div class=\"one_half last \" style=\"\">\r\n<div class=\"product-box\">\r\n<div class=\"product-box-image\">\r\n<a href=\"\" target=\"_blank\">\r\n<img src=\"\"  alt=\"\"\/>\r\n<\/a>\r\n<\/div>\r\n<a href=\"\" target=\"_blank\">\r\n\r\n<\/a>\r\n  <p>Cena: <\/p>\r\n<a href=\"\" target=\"_blank\" class=\"button\">\r\nZobacz w sklepie\r\n<\/a>\r\n<\/div>\r\n<\/div><br class=\"clear\"\/>\r\n<\/div>\n<p>Je\u015bli jednak nasza ma\u0142a czarna ma prosty kr\u00f3j, warto postawi\u0107 na klasyczne stylizacje z pi\u0119kn\u0105 bi\u017cuteri\u0105. Idealnym materia\u0142em, pasuj\u0105cym do \u015bwi\u0105t b\u0119dzie z\u0142oto. Jego ciep\u0142y kolor wspaniale podkre\u015bli wyj\u0105tkowo\u015b\u0107 uroczysto\u015bci. Mog\u0105 by\u0107 to wisz\u0105ce kolczyki, <span style=\"color: #ff9900;\"><strong><a style=\"color: #ff9900;\" href=\"https:\/\/pakuten.pl\/15-bizuteria\">drobna bransoletka<\/a><\/strong><\/span> lub pi\u0119kny \u0142a\u0144cuszek. Z kolei srebro na tle czerni b\u0119dzie sprawia\u0142o niesamowite wra\u017cenie rozgwie\u017cd\u017conego nieba. Czarna torebka z metalowym zapi\u0119ciem b\u0119dzie doskonale korespondowa\u0142a z ca\u0142o\u015bci\u0105.<\/p>\n<p>Warto jednak postawi\u0107 na minimalizm. <strong>W przypadku \u015bwi\u0105t Bo\u017cego Narodzenia b\u0142yszcze\u0107 od nadmiaru ozd\u00f3b powinna tylko choinka.<\/strong> Poza tym, musimy zostawi\u0107 sobie miejsce, na przymierzenie otrzymanych prezent\u00f3w \ud83d\ude09.<\/p>\n\n\n<div class=\"kk-star-ratings kksr-auto kksr-align-right kksr-valign-bottom\"\n    data-payload='{&quot;align&quot;:&quot;right&quot;,&quot;id&quot;:&quot;2336&quot;,&quot;slug&quot;:&quot;default&quot;,&quot;valign&quot;:&quot;bottom&quot;,&quot;ignore&quot;:&quot;&quot;,&quot;reference&quot;:&quot;auto&quot;,&quot;class&quot;:&quot;&quot;,&quot;count&quot;:&quot;1&quot;,&quot;legendonly&quot;:&quot;&quot;,&quot;readonly&quot;:&quot;&quot;,&quot;score&quot;:&quot;5&quot;,&quot;starsonly&quot;:&quot;&quot;,&quot;best&quot;:&quot;5&quot;,&quot;gap&quot;:&quot;5&quot;,&quot;greet&quot;:&quot;Rate this post&quot;,&quot;legend&quot;:&quot;5\\\/5 - (1 vote)&quot;,&quot;size&quot;:&quot;24&quot;,&quot;width&quot;:&quot;142.5&quot;,&quot;_legend&quot;:&quot;{score}\\\/{best} - ({count} {votes})&quot;,&quot;font_factor&quot;:&quot;1.25&quot;}'>\n            \n<div class=\"kksr-stars\">\n    \n<div class=\"kksr-stars-inactive\">\n            <div class=\"kksr-star\" data-star=\"1\" style=\"padding-right: 5px\">\n            \n\n<div class=\"kksr-icon\" style=\"width: 24px; height: 24px;\"><\/div>\n        <\/div>\n            <div class=\"kksr-star\" data-star=\"2\" style=\"padding-right: 5px\">\n            \n\n<div class=\"kksr-icon\" style=\"width: 24px; height: 24px;\"><\/div>\n        <\/div>\n            <div class=\"kksr-star\" data-star=\"3\" style=\"padding-right: 5px\">\n            \n\n<div class=\"kksr-icon\" style=\"width: 24px; height: 24px;\"><\/div>\n        <\/div>\n            <div class=\"kksr-star\" data-star=\"4\" style=\"padding-right: 5px\">\n            \n\n<div class=\"kksr-icon\" style=\"width: 24px; height: 24px;\"><\/div>\n        <\/div>\n            <div class=\"kksr-star\" data-star=\"5\" style=\"padding-right: 5px\">\n            \n\n<div class=\"kksr-icon\" style=\"width: 24px; height: 24px;\"><\/div>\n        <\/div>\n    <\/div>\n    \n<div class=\"kksr-stars-active\" style=\"width: 142.5px;\">\n            <div class=\"kksr-star\" style=\"padding-right: 5px\">\n            \n\n<div class=\"kksr-icon\" style=\"width: 24px; height: 24px;\"><\/div>\n        <\/div>\n            <div class=\"kksr-star\" style=\"padding-right: 5px\">\n            \n\n<div class=\"kksr-icon\" style=\"width: 24px; height: 24px;\"><\/div>\n        <\/div>\n            <div class=\"kksr-star\" style=\"padding-right: 5px\">\n            \n\n<div class=\"kksr-icon\" style=\"width: 24px; height: 24px;\"><\/div>\n        <\/div>\n            <div class=\"kksr-star\" style=\"padding-right: 5px\">\n            \n\n<div class=\"kksr-icon\" style=\"width: 24px; height: 24px;\"><\/div>\n        <\/div>\n            <div class=\"kksr-star\" style=\"padding-right: 5px\">\n            \n\n<div class=\"kksr-icon\" style=\"width: 24px; height: 24px;\"><\/div>\n        <\/div>\n    <\/div>\n<\/div>\n                \n\n<div class=\"kksr-legend\" style=\"font-size: 19.2px;\">\n            5\/5 - (1 vote)    <\/div>\n    <\/div>\n","protected":false},"excerpt":{"rendered":"<p>\u015awi\u0119ta Bo\u017cego Narodzenia to uroczysty czas. Niezale\u017cnie od naszego gustu, stylu i rozmiaru sprawdzona klasyka zawsze b\u0119dzie wygl\u0105da\u0107 dobrze. Dlatego jedn\u0105 z najlepszych stylizacji na \u015bwi\u0119ta b\u0119dzie czarna sukienka. Jak nada\u0107 jej \u015bwi\u0105tecznego charakteru? Oto kilka pomys\u0142\u00f3w na klasyczne stylizacje z ma\u0142\u0105 czarn\u0105 w roli g\u0142\u00f3wnej.<\/p>\n","protected":false},"author":3,"featured_media":2338,"comment_status":"open","ping_status":"open","sticky":false,"template":"","format":"standard","meta":[],"categories":[5],"tags":[],"yoast_head":"<!-- This site is optimized with the Yoast SEO plugin v18.4.1 - https:\/\/yoast.com\/wordpress\/plugins\/seo\/ -->\n<title>&quot;Ma\u0142a czarna&quot; pod choink\u0105, czyli klasyczne stylizacje na \u015bwi\u0119ta. Co za\u0142o\u017cy\u0107 do czarnej sukienki? - Pakuten blog<\/title>\n<meta name=\"robots\" content=\"index, follow, max-snippet:-1, max-image-preview:large, max-video-preview:-1\" \/>\n<link rel=\"canonical\" href=\"https:\/\/pakuten.pl\/blog\/mala-czarna-pod-choinka-czyli-klasyczne-stylizacje-na-swieta-co-zalozyc-do-czarnej-sukienki\/\" \/>\n<meta property=\"og:locale\" content=\"pl_PL\" \/>\n<meta property=\"og:type\" content=\"article\" \/>\n<meta property=\"og:title\" content=\"&quot;Ma\u0142a czarna&quot; pod choink\u0105, czyli klasyczne stylizacje na \u015bwi\u0119ta. Co za\u0142o\u017cy\u0107 do czarnej sukienki? - Pakuten blog\" \/>\n<meta property=\"og:description\" content=\"\u015awi\u0119ta Bo\u017cego Narodzenia to uroczysty czas. Niezale\u017cnie od naszego gustu, stylu i rozmiaru sprawdzona klasyka zawsze b\u0119dzie wygl\u0105da\u0107 dobrze. Dlatego jedn\u0105 z najlepszych stylizacji na \u015bwi\u0119ta b\u0119dzie czarna sukienka. Jak nada\u0107 jej \u015bwi\u0105tecznego charakteru? Oto kilka pomys\u0142\u00f3w na klasyczne stylizacje z ma\u0142\u0105 czarn\u0105 w roli g\u0142\u00f3wnej.\" \/>\n<meta property=\"og:url\" content=\"https:\/\/pakuten.pl\/blog\/mala-czarna-pod-choinka-czyli-klasyczne-stylizacje-na-swieta-co-zalozyc-do-czarnej-sukienki\/\" \/>\n<meta property=\"og:site_name\" content=\"Pakuten blog\" \/>\n<meta property=\"article:published_time\" content=\"2019-12-23T09:32:20+00:00\" \/>\n<meta property=\"article:modified_time\" content=\"2021-09-01T12:29:01+00:00\" \/>\n<meta property=\"og:image\" content=\"https:\/\/pakuten.pl\/blog\/wp-content\/uploads\/2019\/12\/sylwester.jpg\" \/>\n\t<meta property=\"og:image:width\" content=\"700\" \/>\n\t<meta property=\"og:image:height\" content=\"529\" \/>\n\t<meta property=\"og:image:type\" content=\"image\/jpeg\" \/>\n<meta name=\"twitter:card\" content=\"summary_large_image\" \/>\n<meta name=\"twitter:label1\" content=\"Napisane przez\" \/>\n\t<meta name=\"twitter:data1\" content=\"Pakuten Girl\" \/>\n\t<meta name=\"twitter:label2\" content=\"Szacowany czas czytania\" \/>\n\t<meta name=\"twitter:data2\" content=\"3 minuty\" \/>\n<script type=\"application\/ld+json\" class=\"yoast-schema-graph\">{\"@context\":\"https:\/\/schema.org\",\"@graph\":[{\"@type\":\"Organization\",\"@id\":\"https:\/\/pakuten.pl\/blog\/#organization\",\"name\":\"Pakuten\",\"url\":\"https:\/\/pakuten.pl\/blog\/\",\"sameAs\":[],\"logo\":{\"@type\":\"ImageObject\",\"@id\":\"https:\/\/pakuten.pl\/blog\/#logo\",\"inLanguage\":\"pl-PL\",\"url\":\"http:\/\/pakuten.pl\/blog\/wp-content\/uploads\/2018\/01\/pakuten_logo.png\",\"contentUrl\":\"http:\/\/pakuten.pl\/blog\/wp-content\/uploads\/2018\/01\/pakuten_logo.png\",\"width\":300,\"height\":120,\"caption\":\"Pakuten\"},\"image\":{\"@id\":\"https:\/\/pakuten.pl\/blog\/#logo\"}},{\"@type\":\"WebSite\",\"@id\":\"https:\/\/pakuten.pl\/blog\/#website\",\"url\":\"https:\/\/pakuten.pl\/blog\/\",\"name\":\"Pakuten blog\",\"description\":\"Blog sklepu internetowego pakuten.pl\",\"publisher\":{\"@id\":\"https:\/\/pakuten.pl\/blog\/#organization\"},\"potentialAction\":[{\"@type\":\"SearchAction\",\"target\":{\"@type\":\"EntryPoint\",\"urlTemplate\":\"https:\/\/pakuten.pl\/blog\/?s={search_term_string}\"},\"query-input\":\"required name=search_term_string\"}],\"inLanguage\":\"pl-PL\"},{\"@type\":\"ImageObject\",\"@id\":\"https:\/\/pakuten.pl\/blog\/mala-czarna-pod-choinka-czyli-klasyczne-stylizacje-na-swieta-co-zalozyc-do-czarnej-sukienki\/#primaryimage\",\"inLanguage\":\"pl-PL\",\"url\":\"https:\/\/pakuten.pl\/blog\/wp-content\/uploads\/2019\/12\/sylwester.jpg\",\"contentUrl\":\"https:\/\/pakuten.pl\/blog\/wp-content\/uploads\/2019\/12\/sylwester.jpg\",\"width\":700,\"height\":529,\"caption\":\"\\\"Ma\u0142a czarna\\\" pod choink\u0105, czyli klasyczne stylizacje na \u015bwi\u0119ta. Co za\u0142o\u017cy\u0107 do czarnej sukienki?\"},{\"@type\":\"WebPage\",\"@id\":\"https:\/\/pakuten.pl\/blog\/mala-czarna-pod-choinka-czyli-klasyczne-stylizacje-na-swieta-co-zalozyc-do-czarnej-sukienki\/#webpage\",\"url\":\"https:\/\/pakuten.pl\/blog\/mala-czarna-pod-choinka-czyli-klasyczne-stylizacje-na-swieta-co-zalozyc-do-czarnej-sukienki\/\",\"name\":\"\\\"Ma\u0142a czarna\\\" pod choink\u0105, czyli klasyczne stylizacje na \u015bwi\u0119ta. Co za\u0142o\u017cy\u0107 do czarnej sukienki? - Pakuten blog\",\"isPartOf\":{\"@id\":\"https:\/\/pakuten.pl\/blog\/#website\"},\"primaryImageOfPage\":{\"@id\":\"https:\/\/pakuten.pl\/blog\/mala-czarna-pod-choinka-czyli-klasyczne-stylizacje-na-swieta-co-zalozyc-do-czarnej-sukienki\/#primaryimage\"},\"datePublished\":\"2019-12-23T09:32:20+00:00\",\"dateModified\":\"2021-09-01T12:29:01+00:00\",\"breadcrumb\":{\"@id\":\"https:\/\/pakuten.pl\/blog\/mala-czarna-pod-choinka-czyli-klasyczne-stylizacje-na-swieta-co-zalozyc-do-czarnej-sukienki\/#breadcrumb\"},\"inLanguage\":\"pl-PL\",\"potentialAction\":[{\"@type\":\"ReadAction\",\"target\":[\"https:\/\/pakuten.pl\/blog\/mala-czarna-pod-choinka-czyli-klasyczne-stylizacje-na-swieta-co-zalozyc-do-czarnej-sukienki\/\"]}]},{\"@type\":\"BreadcrumbList\",\"@id\":\"https:\/\/pakuten.pl\/blog\/mala-czarna-pod-choinka-czyli-klasyczne-stylizacje-na-swieta-co-zalozyc-do-czarnej-sukienki\/#breadcrumb\",\"itemListElement\":[{\"@type\":\"ListItem\",\"position\":1,\"name\":\"Strona g\u0142\u00f3wna\",\"item\":\"https:\/\/pakuten.pl\/blog\/\"},{\"@type\":\"ListItem\",\"position\":2,\"name\":\"&#8222;Ma\u0142a czarna&#8221; pod choink\u0105, czyli klasyczne stylizacje na \u015bwi\u0119ta. Co za\u0142o\u017cy\u0107 do czarnej sukienki?\"}]},{\"@type\":\"Article\",\"@id\":\"https:\/\/pakuten.pl\/blog\/mala-czarna-pod-choinka-czyli-klasyczne-stylizacje-na-swieta-co-zalozyc-do-czarnej-sukienki\/#article\",\"isPartOf\":{\"@id\":\"https:\/\/pakuten.pl\/blog\/mala-czarna-pod-choinka-czyli-klasyczne-stylizacje-na-swieta-co-zalozyc-do-czarnej-sukienki\/#webpage\"},\"author\":{\"@id\":\"https:\/\/pakuten.pl\/blog\/#\/schema\/person\/d7133af30211381a4e4536d088384556\"},\"headline\":\"&#8222;Ma\u0142a czarna&#8221; pod choink\u0105, czyli klasyczne stylizacje na \u015bwi\u0119ta. Co za\u0142o\u017cy\u0107 do czarnej sukienki?\",\"datePublished\":\"2019-12-23T09:32:20+00:00\",\"dateModified\":\"2021-09-01T12:29:01+00:00\",\"mainEntityOfPage\":{\"@id\":\"https:\/\/pakuten.pl\/blog\/mala-czarna-pod-choinka-czyli-klasyczne-stylizacje-na-swieta-co-zalozyc-do-czarnej-sukienki\/#webpage\"},\"wordCount\":628,\"commentCount\":0,\"publisher\":{\"@id\":\"https:\/\/pakuten.pl\/blog\/#organization\"},\"image\":{\"@id\":\"https:\/\/pakuten.pl\/blog\/mala-czarna-pod-choinka-czyli-klasyczne-stylizacje-na-swieta-co-zalozyc-do-czarnej-sukienki\/#primaryimage\"},\"thumbnailUrl\":\"https:\/\/pakuten.pl\/blog\/wp-content\/uploads\/2019\/12\/sylwester.jpg\",\"articleSection\":[\"Inspirations\"],\"inLanguage\":\"pl-PL\",\"potentialAction\":[{\"@type\":\"CommentAction\",\"name\":\"Comment\",\"target\":[\"https:\/\/pakuten.pl\/blog\/mala-czarna-pod-choinka-czyli-klasyczne-stylizacje-na-swieta-co-zalozyc-do-czarnej-sukienki\/#respond\"]}]},{\"@type\":\"Person\",\"@id\":\"https:\/\/pakuten.pl\/blog\/#\/schema\/person\/d7133af30211381a4e4536d088384556\",\"name\":\"Pakuten Girl\",\"image\":{\"@type\":\"ImageObject\",\"@id\":\"https:\/\/pakuten.pl\/blog\/#personlogo\",\"inLanguage\":\"pl-PL\",\"url\":\"https:\/\/secure.gravatar.com\/avatar\/d3df41de2caf92e6cfded9430c2ff352?s=96&d=mm&r=g\",\"contentUrl\":\"https:\/\/secure.gravatar.com\/avatar\/d3df41de2caf92e6cfded9430c2ff352?s=96&d=mm&r=g\",\"caption\":\"Pakuten Girl\"},\"description\":\"Cze\u015b\u0107, nazywam si\u0119 Ola. Kocham Netflixa, sals\u0119, nowo\u015bci kosmetyczne i najnowsze trendy w modzie.\",\"url\":\"https:\/\/pakuten.pl\/blog\/author\/pakuten-girl\/\"}]}<\/script>\n<!-- \/ Yoast SEO plugin. -->","yoast_head_json":{"title":"\"Ma\u0142a czarna\" pod choink\u0105, czyli klasyczne stylizacje na \u015bwi\u0119ta. Co za\u0142o\u017cy\u0107 do czarnej sukienki? - Pakuten blog","robots":{"index":"index","follow":"follow","max-snippet":"max-snippet:-1","max-image-preview":"max-image-preview:large","max-video-preview":"max-video-preview:-1"},"canonical":"https:\/\/pakuten.pl\/blog\/mala-czarna-pod-choinka-czyli-klasyczne-stylizacje-na-swieta-co-zalozyc-do-czarnej-sukienki\/","og_locale":"pl_PL","og_type":"article","og_title":"\"Ma\u0142a czarna\" pod choink\u0105, czyli klasyczne stylizacje na \u015bwi\u0119ta. Co za\u0142o\u017cy\u0107 do czarnej sukienki? - Pakuten blog","og_description":"\u015awi\u0119ta Bo\u017cego Narodzenia to uroczysty czas. Niezale\u017cnie od naszego gustu, stylu i rozmiaru sprawdzona klasyka zawsze b\u0119dzie wygl\u0105da\u0107 dobrze. Dlatego jedn\u0105 z najlepszych stylizacji na \u015bwi\u0119ta b\u0119dzie czarna sukienka. Jak nada\u0107 jej \u015bwi\u0105tecznego charakteru? Oto kilka pomys\u0142\u00f3w na klasyczne stylizacje z ma\u0142\u0105 czarn\u0105 w roli g\u0142\u00f3wnej.","og_url":"https:\/\/pakuten.pl\/blog\/mala-czarna-pod-choinka-czyli-klasyczne-stylizacje-na-swieta-co-zalozyc-do-czarnej-sukienki\/","og_site_name":"Pakuten blog","article_published_time":"2019-12-23T09:32:20+00:00","article_modified_time":"2021-09-01T12:29:01+00:00","og_image":[{"width":700,"height":529,"url":"https:\/\/pakuten.pl\/blog\/wp-content\/uploads\/2019\/12\/sylwester.jpg","type":"image\/jpeg"}],"twitter_card":"summary_large_image","twitter_misc":{"Napisane przez":"Pakuten Girl","Szacowany czas czytania":"3 minuty"},"schema":{"@context":"https:\/\/schema.org","@graph":[{"@type":"Organization","@id":"https:\/\/pakuten.pl\/blog\/#organization","name":"Pakuten","url":"https:\/\/pakuten.pl\/blog\/","sameAs":[],"logo":{"@type":"ImageObject","@id":"https:\/\/pakuten.pl\/blog\/#logo","inLanguage":"pl-PL","url":"http:\/\/pakuten.pl\/blog\/wp-content\/uploads\/2018\/01\/pakuten_logo.png","contentUrl":"http:\/\/pakuten.pl\/blog\/wp-content\/uploads\/2018\/01\/pakuten_logo.png","width":300,"height":120,"caption":"Pakuten"},"image":{"@id":"https:\/\/pakuten.pl\/blog\/#logo"}},{"@type":"WebSite","@id":"https:\/\/pakuten.pl\/blog\/#website","url":"https:\/\/pakuten.pl\/blog\/","name":"Pakuten blog","description":"Blog sklepu internetowego pakuten.pl","publisher":{"@id":"https:\/\/pakuten.pl\/blog\/#organization"},"potentialAction":[{"@type":"SearchAction","target":{"@type":"EntryPoint","urlTemplate":"https:\/\/pakuten.pl\/blog\/?s={search_term_string}"},"query-input":"required name=search_term_string"}],"inLanguage":"pl-PL"},{"@type":"ImageObject","@id":"https:\/\/pakuten.pl\/blog\/mala-czarna-pod-choinka-czyli-klasyczne-stylizacje-na-swieta-co-zalozyc-do-czarnej-sukienki\/#primaryimage","inLanguage":"pl-PL","url":"https:\/\/pakuten.pl\/blog\/wp-content\/uploads\/2019\/12\/sylwester.jpg","contentUrl":"https:\/\/pakuten.pl\/blog\/wp-content\/uploads\/2019\/12\/sylwester.jpg","width":700,"height":529,"caption":"\"Ma\u0142a czarna\" pod choink\u0105, czyli klasyczne stylizacje na \u015bwi\u0119ta. Co za\u0142o\u017cy\u0107 do czarnej sukienki?"},{"@type":"WebPage","@id":"https:\/\/pakuten.pl\/blog\/mala-czarna-pod-choinka-czyli-klasyczne-stylizacje-na-swieta-co-zalozyc-do-czarnej-sukienki\/#webpage","url":"https:\/\/pakuten.pl\/blog\/mala-czarna-pod-choinka-czyli-klasyczne-stylizacje-na-swieta-co-zalozyc-do-czarnej-sukienki\/","name":"\"Ma\u0142a czarna\" pod choink\u0105, czyli klasyczne stylizacje na \u015bwi\u0119ta. Co za\u0142o\u017cy\u0107 do czarnej sukienki? - Pakuten blog","isPartOf":{"@id":"https:\/\/pakuten.pl\/blog\/#website"},"primaryImageOfPage":{"@id":"https:\/\/pakuten.pl\/blog\/mala-czarna-pod-choinka-czyli-klasyczne-stylizacje-na-swieta-co-zalozyc-do-czarnej-sukienki\/#primaryimage"},"datePublished":"2019-12-23T09:32:20+00:00","dateModified":"2021-09-01T12:29:01+00:00","breadcrumb":{"@id":"https:\/\/pakuten.pl\/blog\/mala-czarna-pod-choinka-czyli-klasyczne-stylizacje-na-swieta-co-zalozyc-do-czarnej-sukienki\/#breadcrumb"},"inLanguage":"pl-PL","potentialAction":[{"@type":"ReadAction","target":["https:\/\/pakuten.pl\/blog\/mala-czarna-pod-choinka-czyli-klasyczne-stylizacje-na-swieta-co-zalozyc-do-czarnej-sukienki\/"]}]},{"@type":"BreadcrumbList","@id":"https:\/\/pakuten.pl\/blog\/mala-czarna-pod-choinka-czyli-klasyczne-stylizacje-na-swieta-co-zalozyc-do-czarnej-sukienki\/#breadcrumb","itemListElement":[{"@type":"ListItem","position":1,"name":"Strona g\u0142\u00f3wna","item":"https:\/\/pakuten.pl\/blog\/"},{"@type":"ListItem","position":2,"name":"&#8222;Ma\u0142a czarna&#8221; pod choink\u0105, czyli klasyczne stylizacje na \u015bwi\u0119ta. Co za\u0142o\u017cy\u0107 do czarnej sukienki?"}]},{"@type":"Article","@id":"https:\/\/pakuten.pl\/blog\/mala-czarna-pod-choinka-czyli-klasyczne-stylizacje-na-swieta-co-zalozyc-do-czarnej-sukienki\/#article","isPartOf":{"@id":"https:\/\/pakuten.pl\/blog\/mala-czarna-pod-choinka-czyli-klasyczne-stylizacje-na-swieta-co-zalozyc-do-czarnej-sukienki\/#webpage"},"author":{"@id":"https:\/\/pakuten.pl\/blog\/#\/schema\/person\/d7133af30211381a4e4536d088384556"},"headline":"&#8222;Ma\u0142a czarna&#8221; pod choink\u0105, czyli klasyczne stylizacje na \u015bwi\u0119ta. Co za\u0142o\u017cy\u0107 do czarnej sukienki?","datePublished":"2019-12-23T09:32:20+00:00","dateModified":"2021-09-01T12:29:01+00:00","mainEntityOfPage":{"@id":"https:\/\/pakuten.pl\/blog\/mala-czarna-pod-choinka-czyli-klasyczne-stylizacje-na-swieta-co-zalozyc-do-czarnej-sukienki\/#webpage"},"wordCount":628,"commentCount":0,"publisher":{"@id":"https:\/\/pakuten.pl\/blog\/#organization"},"image":{"@id":"https:\/\/pakuten.pl\/blog\/mala-czarna-pod-choinka-czyli-klasyczne-stylizacje-na-swieta-co-zalozyc-do-czarnej-sukienki\/#primaryimage"},"thumbnailUrl":"https:\/\/pakuten.pl\/blog\/wp-content\/uploads\/2019\/12\/sylwester.jpg","articleSection":["Inspirations"],"inLanguage":"pl-PL","potentialAction":[{"@type":"CommentAction","name":"Comment","target":["https:\/\/pakuten.pl\/blog\/mala-czarna-pod-choinka-czyli-klasyczne-stylizacje-na-swieta-co-zalozyc-do-czarnej-sukienki\/#respond"]}]},{"@type":"Person","@id":"https:\/\/pakuten.pl\/blog\/#\/schema\/person\/d7133af30211381a4e4536d088384556","name":"Pakuten Girl","image":{"@type":"ImageObject","@id":"https:\/\/pakuten.pl\/blog\/#personlogo","inLanguage":"pl-PL","url":"https:\/\/secure.gravatar.com\/avatar\/d3df41de2caf92e6cfded9430c2ff352?s=96&d=mm&r=g","contentUrl":"https:\/\/secure.gravatar.com\/avatar\/d3df41de2caf92e6cfded9430c2ff352?s=96&d=mm&r=g","caption":"Pakuten Girl"},"description":"Cze\u015b\u0107, nazywam si\u0119 Ola. Kocham Netflixa, sals\u0119, nowo\u015bci kosmetyczne i najnowsze trendy w modzie.","url":"https:\/\/pakuten.pl\/blog\/author\/pakuten-girl\/"}]}},"_links":{"self":[{"href":"https:\/\/pakuten.pl\/blog\/wp-json\/wp\/v2\/posts\/2336"}],"collection":[{"href":"https:\/\/pakuten.pl\/blog\/wp-json\/wp\/v2\/posts"}],"about":[{"href":"https:\/\/pakuten.pl\/blog\/wp-json\/wp\/v2\/types\/post"}],"author":[{"embeddable":true,"href":"https:\/\/pakuten.pl\/blog\/wp-json\/wp\/v2\/users\/3"}],"replies":[{"embeddable":true,"href":"https:\/\/pakuten.pl\/blog\/wp-json\/wp\/v2\/comments?post=2336"}],"version-history":[{"count":4,"href":"https:\/\/pakuten.pl\/blog\/wp-json\/wp\/v2\/posts\/2336\/revisions"}],"predecessor-version":[{"id":5274,"href":"https:\/\/pakuten.pl\/blog\/wp-json\/wp\/v2\/posts\/2336\/revisions\/5274"}],"wp:featuredmedia":[{"embeddable":true,"href":"https:\/\/pakuten.pl\/blog\/wp-json\/wp\/v2\/media\/2338"}],"wp:attachment":[{"href":"https:\/\/pakuten.pl\/blog\/wp-json\/wp\/v2\/media?parent=2336"}],"wp:term":[{"taxonomy":"category","embeddable":true,"href":"https:\/\/pakuten.pl\/blog\/wp-json\/wp\/v2\/categories?post=2336"},{"taxonomy":"post_tag","embeddable":true,"href":"https:\/\/pakuten.pl\/blog\/wp-json\/wp\/v2\/tags?post=2336"}],"curies":[{"name":"wp","href":"https:\/\/api.w.org\/{rel}","templated":true}]}}