{"id":2951,"date":"2020-04-06T12:30:23","date_gmt":"2020-04-06T10:30:23","guid":{"rendered":"http:\/\/pakuten.pl\/blog\/?p=2951"},"modified":"2020-04-09T08:39:48","modified_gmt":"2020-04-09T06:39:48","slug":"jak-uszyc-maseczke-nasz-tutorial-plus-video","status":"publish","type":"post","link":"https:\/\/pakuten.pl\/blog\/jak-uszyc-maseczke-nasz-tutorial-plus-video\/","title":{"rendered":"Jak uszy\u0107 maseczk\u0119? Nasz tutorial plus video!"},"content":{"rendered":"<p><strong>Ze wzgl\u0119du na panuj\u0105c\u0105 pandemi\u0119 zalecane jest noszenie maseczek ochronnych. Zapotrzebowanie jest tak du\u017ce, \u017ce wielu z nas ma problem, aby dosta\u0107 je w pobliskiej aptece lub sklepie. Co, je\u015bli nie mo\u017cesz ich nigdzie kupi\u0107? Zr\u00f3b to sama! Przekazujemy Wam jak uszy\u0107 maseczk\u0119 samodzielnie w domu. To takie proste!<\/strong><\/p>\n<h2>Czy mo\u017cna chodzi\u0107 bez maseczki ochronnej?<\/h2>\n<p>Rozprzestrzeniaj\u0105ca si\u0119 <strong>epidemia koronawirusa<\/strong> spowodowa\u0142a, \u017ce <strong>maseczki ochronne<\/strong> sta\u0142y si\u0119 niestety towarem deficytowym. Chocia\u017c <strong>zalecane jest pozostanie w domu<\/strong>, s\u0105 sytuacje, gdy jednak musisz gdzie\u015b wyj\u015b\u0107, na przyk\u0142ad na spacer z psem, po najpotrzebniejsze zakupy, a mo\u017ce nawet i do pracy. <strong>\u015awiatowa Organizacja Zdrowia<\/strong> (WHO) wskazuje, aby nosi\u0107 je, <strong>gdy masz objawy<\/strong> infekcji dr\u00f3g oddechowych, jak r\u00f3wnie\u017c gdy jeste\u015b zdrowy i opiekujesz si\u0119 osob\u0105 zainfekowan\u0105. Dla w\u0142asnego i innych <strong>bezpiecze\u0144stwa<\/strong> wtedy, kiedy opuszczasz sw\u00f3j dom.<\/p>\n<h2>To wa\u017cne!<\/h2>\n<p>Bardzo istotne jest to, jak b\u0119dziesz je u\u017cywa\u0107. Nieumiej\u0119tne <strong>stosowanie maseczek<\/strong> mo\u017ce niestety przynie\u015b\u0107 wi\u0119cej szkody, ni\u017c po\u017cytku. B\u0119d\u0105 Ci\u0119 skutecznie chroni\u0107, gdy b\u0119dziesz pami\u0119ta\u0107 o kilku wa\u017cnych zasadach. Musi temu towarzyszy\u0107 koniecznie <strong>cz\u0119ste mycie r\u0105k<\/strong> z u\u017cyciem <strong>myd\u0142a<\/strong> lub<strong> \u015brodk\u00f3w dezynfekuj\u0105cych<\/strong> na bazie alkoholu. Unikaj dotykania maseczki. Zdejmuj\u0105c j\u0105, dotykaj tylko od ty\u0142u, unikaj\u0105c \u0142apania za zewn\u0119trzn\u0105 jej cz\u0119\u015b\u0107. Nie u\u017cywaj tak\u017ce jej zbyt d\u0142ugo. Je\u015bli czujesz, \u017ce jest zawilgotnia\u0142a, to wymie\u0144 na now\u0105. <strong>Unikaj zat\u0142oczonych miejsc.<\/strong> No\u015b mask\u0119 wsz\u0119dzie, gdzie jest to konieczne!<\/p>\n<h2>Z jakiego materia\u0142u uszy\u0107 maseczk\u0119?<\/h2>\n<p>Tkanina u\u017cyta to uszycia maseczki na twarz powinna przede wszystkim stanowi\u0107<strong> skuteczn\u0105 barier\u0119 przed drobnoustrojami<\/strong>. a jednocze\u015bnie zapewnia\u0107 swobodne <strong>oddychanie i wentylacj\u0119<\/strong>. Zupe\u0142nie inne normy powinny spe\u0142nia\u0107 maseczki ochronne dla personelu medycznego. Tak\u0105 zwyk\u0142\u0105 maseczk\u0119 do u\u017cytku codziennego mo\u017cesz wykona\u0107 z<strong> bawe\u0142ny lub fizeliny<\/strong>. To ju\u017c hamuje rozsiewanie zarazk\u00f3w. Maseczka na twarz wcale nie musi by\u0107 jednokolorowa. W internecie pojawia si\u0119 coraz wi\u0119cej<strong> wzorzystych maseczek<\/strong> lub wielokolorowych.<\/p>\n<p><img loading=\"lazy\" class=\"aligncenter size-full wp-image-2960\" src=\"https:\/\/pakuten.pl\/blog\/wp-content\/uploads\/2020\/04\/Jak-uszy\u0107-maseczk\u0119-2.jpg\" alt=\"\" width=\"1280\" height=\"853\" \/><\/p>\n<h2>Jak uszy\u0107 maseczk\u0119 na twarz w domu?<\/h2>\n<p>W obliczu bardzo s\u0142abej dost\u0119pno\u015bci maseczek w aptekach, sklepach medycznych, a nawet hurtowniach, nasuwa nam si\u0119 do g\u0142owy pytanie: <strong>&#8221; Jak uszy\u0107 maseczk\u0119 na twarz samodzielnie&#8221;<\/strong> ? Nie ka\u017cda z nas ma w domu <strong>maszyn\u0119 do szycia<\/strong>, ale nie martw si\u0119, maseczk\u0119 mo\u017cesz wykona\u0107 r\u00f3wnie\u017c za pomoc\u0105 zwyk\u0142ej<strong> ig\u0142y i nitki<\/strong> \ud83d\ude42 Potrzebujesz do tego <strong>kawa\u0142ek materia\u0142u<\/strong>, tak jak pisa\u0142am, z bawe\u0142ny, o wymiarach 20 cm na 20 cm oraz dwa kawa\u0142ki <strong>gumki<\/strong> (zwyk\u0142ej bieli\u017anianej). Musimy teraz dwukrotnie pomarszczy\u0107 materia\u0142, aby po za\u0142o\u017ceniu maski szczelnie os\u0142oni\u0142a ona nam twarz, od nosa a\u017c po brod\u0119. Po bokach doszyj gumki, kt\u00f3re b\u0119dziesz mog\u0142a zahaczy\u0107 o uszy. Wa\u017cne, aby nie by\u0142y one zbyt lu\u017ane, bo maseczka b\u0119dzie nam spada\u0142a z twarzy. <strong>Gotowe!<\/strong><\/p>\n<p>Aby zobrazowa\u0107 Wam szycie maseczek, poni\u017cej zamieszczamy filmik instrukta\u017cowy.<\/p>\n<p><iframe width=\"500\" height=\"281\" src=\"https:\/\/www.youtube.com\/embed\/08Noxum05bw?feature=oembed\" frameborder=\"0\" allow=\"accelerometer; autoplay; encrypted-media; gyroscope; picture-in-picture\" allowfullscreen><\/iframe><\/p>\n<p>&nbsp;<\/p>\n<p>&nbsp;<\/p>\n\n\n<div class=\"kk-star-ratings kksr-auto kksr-align-right kksr-valign-bottom\"\n    data-payload='{&quot;align&quot;:&quot;right&quot;,&quot;id&quot;:&quot;2951&quot;,&quot;slug&quot;:&quot;default&quot;,&quot;valign&quot;:&quot;bottom&quot;,&quot;ignore&quot;:&quot;&quot;,&quot;reference&quot;:&quot;auto&quot;,&quot;class&quot;:&quot;&quot;,&quot;count&quot;:&quot;1&quot;,&quot;legendonly&quot;:&quot;&quot;,&quot;readonly&quot;:&quot;&quot;,&quot;score&quot;:&quot;5&quot;,&quot;starsonly&quot;:&quot;&quot;,&quot;best&quot;:&quot;5&quot;,&quot;gap&quot;:&quot;5&quot;,&quot;greet&quot;:&quot;Rate this post&quot;,&quot;legend&quot;:&quot;5\\\/5 - (1 vote)&quot;,&quot;size&quot;:&quot;24&quot;,&quot;width&quot;:&quot;142.5&quot;,&quot;_legend&quot;:&quot;{score}\\\/{best} - ({count} {votes})&quot;,&quot;font_factor&quot;:&quot;1.25&quot;}'>\n            \n<div class=\"kksr-stars\">\n    \n<div class=\"kksr-stars-inactive\">\n            <div class=\"kksr-star\" data-star=\"1\" style=\"padding-right: 5px\">\n            \n\n<div class=\"kksr-icon\" style=\"width: 24px; height: 24px;\"><\/div>\n        <\/div>\n            <div class=\"kksr-star\" data-star=\"2\" style=\"padding-right: 5px\">\n            \n\n<div class=\"kksr-icon\" style=\"width: 24px; height: 24px;\"><\/div>\n        <\/div>\n            <div class=\"kksr-star\" data-star=\"3\" style=\"padding-right: 5px\">\n            \n\n<div class=\"kksr-icon\" style=\"width: 24px; height: 24px;\"><\/div>\n        <\/div>\n            <div class=\"kksr-star\" data-star=\"4\" style=\"padding-right: 5px\">\n            \n\n<div class=\"kksr-icon\" style=\"width: 24px; height: 24px;\"><\/div>\n        <\/div>\n            <div class=\"kksr-star\" data-star=\"5\" style=\"padding-right: 5px\">\n            \n\n<div class=\"kksr-icon\" style=\"width: 24px; height: 24px;\"><\/div>\n        <\/div>\n    <\/div>\n    \n<div class=\"kksr-stars-active\" style=\"width: 142.5px;\">\n            <div class=\"kksr-star\" style=\"padding-right: 5px\">\n            \n\n<div class=\"kksr-icon\" style=\"width: 24px; height: 24px;\"><\/div>\n        <\/div>\n            <div class=\"kksr-star\" style=\"padding-right: 5px\">\n            \n\n<div class=\"kksr-icon\" style=\"width: 24px; height: 24px;\"><\/div>\n        <\/div>\n            <div class=\"kksr-star\" style=\"padding-right: 5px\">\n            \n\n<div class=\"kksr-icon\" style=\"width: 24px; height: 24px;\"><\/div>\n        <\/div>\n            <div class=\"kksr-star\" style=\"padding-right: 5px\">\n            \n\n<div class=\"kksr-icon\" style=\"width: 24px; height: 24px;\"><\/div>\n        <\/div>\n            <div class=\"kksr-star\" style=\"padding-right: 5px\">\n            \n\n<div class=\"kksr-icon\" style=\"width: 24px; height: 24px;\"><\/div>\n        <\/div>\n    <\/div>\n<\/div>\n                \n\n<div class=\"kksr-legend\" style=\"font-size: 19.2px;\">\n            5\/5 - (1 vote)    <\/div>\n    <\/div>\n","protected":false},"excerpt":{"rendered":"<p>Ze wzgl\u0119du na panuj\u0105c\u0105 pandemi\u0119 zalecane jest noszenie maseczek ochronnych. Zapotrzebowanie jest tak du\u017ce, \u017ce wielu z nas ma problem, aby dosta\u0107 je w pobliskiej aptece lub sklepie. Co, je\u015bli nie mo\u017cesz ich nigdzie kupi\u0107? Zr\u00f3b to sama! Przekazujemy Wam jak uszy\u0107 maseczk\u0119 samodzielnie w domu. To takie proste!<\/p>\n","protected":false},"author":3,"featured_media":2959,"comment_status":"open","ping_status":"open","sticky":false,"template":"","format":"standard","meta":[],"categories":[4],"tags":[],"yoast_head":"<!-- This site is optimized with the Yoast SEO plugin v18.4.1 - https:\/\/yoast.com\/wordpress\/plugins\/seo\/ -->\n<title>Jak uszy\u0107 maseczk\u0119? Nasz tutorial plus video! - Pakuten blog<\/title>\n<meta name=\"description\" content=\"Ze wzgl\u0119du na panuj\u0105c\u0105 pandemi\u0119 zalecane jest noszenie maseczek ochronnych. Co, je\u015bli nie mo\u017cesz ich nigdzie kupi\u0107? Przekazujemy Wam jak uszy\u0107 maseczk\u0119 samodzielnie w domu.\" \/>\n<meta name=\"robots\" content=\"index, follow, max-snippet:-1, max-image-preview:large, max-video-preview:-1\" \/>\n<link rel=\"canonical\" href=\"https:\/\/pakuten.pl\/blog\/jak-uszyc-maseczke-nasz-tutorial-plus-video\/\" \/>\n<meta property=\"og:locale\" content=\"pl_PL\" \/>\n<meta property=\"og:type\" content=\"article\" \/>\n<meta property=\"og:title\" content=\"Jak uszy\u0107 maseczk\u0119? Nasz tutorial plus video! - Pakuten blog\" \/>\n<meta property=\"og:description\" content=\"Ze wzgl\u0119du na panuj\u0105c\u0105 pandemi\u0119 zalecane jest noszenie maseczek ochronnych. Co, je\u015bli nie mo\u017cesz ich nigdzie kupi\u0107? Przekazujemy Wam jak uszy\u0107 maseczk\u0119 samodzielnie w domu.\" \/>\n<meta property=\"og:url\" content=\"https:\/\/pakuten.pl\/blog\/jak-uszyc-maseczke-nasz-tutorial-plus-video\/\" \/>\n<meta property=\"og:site_name\" content=\"Pakuten blog\" \/>\n<meta property=\"article:published_time\" content=\"2020-04-06T10:30:23+00:00\" \/>\n<meta property=\"article:modified_time\" content=\"2020-04-09T06:39:48+00:00\" \/>\n<meta property=\"og:image\" content=\"https:\/\/pakuten.pl\/blog\/wp-content\/uploads\/2020\/04\/Jak-uszy\u0107-maseczk\u0119-1.jpg\" \/>\n\t<meta property=\"og:image:width\" content=\"1280\" \/>\n\t<meta property=\"og:image:height\" content=\"853\" \/>\n\t<meta property=\"og:image:type\" content=\"image\/jpeg\" \/>\n<meta name=\"twitter:card\" content=\"summary_large_image\" \/>\n<meta name=\"twitter:label1\" content=\"Napisane przez\" \/>\n\t<meta name=\"twitter:data1\" content=\"Pakuten Girl\" \/>\n\t<meta name=\"twitter:label2\" content=\"Szacowany czas czytania\" \/>\n\t<meta name=\"twitter:data2\" content=\"3 minuty\" \/>\n<script type=\"application\/ld+json\" class=\"yoast-schema-graph\">{\"@context\":\"https:\/\/schema.org\",\"@graph\":[{\"@type\":\"Organization\",\"@id\":\"https:\/\/pakuten.pl\/blog\/#organization\",\"name\":\"Pakuten\",\"url\":\"https:\/\/pakuten.pl\/blog\/\",\"sameAs\":[],\"logo\":{\"@type\":\"ImageObject\",\"@id\":\"https:\/\/pakuten.pl\/blog\/#logo\",\"inLanguage\":\"pl-PL\",\"url\":\"http:\/\/pakuten.pl\/blog\/wp-content\/uploads\/2018\/01\/pakuten_logo.png\",\"contentUrl\":\"http:\/\/pakuten.pl\/blog\/wp-content\/uploads\/2018\/01\/pakuten_logo.png\",\"width\":300,\"height\":120,\"caption\":\"Pakuten\"},\"image\":{\"@id\":\"https:\/\/pakuten.pl\/blog\/#logo\"}},{\"@type\":\"WebSite\",\"@id\":\"https:\/\/pakuten.pl\/blog\/#website\",\"url\":\"https:\/\/pakuten.pl\/blog\/\",\"name\":\"Pakuten blog\",\"description\":\"Blog sklepu internetowego pakuten.pl\",\"publisher\":{\"@id\":\"https:\/\/pakuten.pl\/blog\/#organization\"},\"potentialAction\":[{\"@type\":\"SearchAction\",\"target\":{\"@type\":\"EntryPoint\",\"urlTemplate\":\"https:\/\/pakuten.pl\/blog\/?s={search_term_string}\"},\"query-input\":\"required name=search_term_string\"}],\"inLanguage\":\"pl-PL\"},{\"@type\":\"ImageObject\",\"@id\":\"https:\/\/pakuten.pl\/blog\/jak-uszyc-maseczke-nasz-tutorial-plus-video\/#primaryimage\",\"inLanguage\":\"pl-PL\",\"url\":\"https:\/\/pakuten.pl\/blog\/wp-content\/uploads\/2020\/04\/Jak-uszy\u0107-maseczk\u0119-1.jpg\",\"contentUrl\":\"https:\/\/pakuten.pl\/blog\/wp-content\/uploads\/2020\/04\/Jak-uszy\u0107-maseczk\u0119-1.jpg\",\"width\":1280,\"height\":853},{\"@type\":\"WebPage\",\"@id\":\"https:\/\/pakuten.pl\/blog\/jak-uszyc-maseczke-nasz-tutorial-plus-video\/#webpage\",\"url\":\"https:\/\/pakuten.pl\/blog\/jak-uszyc-maseczke-nasz-tutorial-plus-video\/\",\"name\":\"Jak uszy\u0107 maseczk\u0119? Nasz tutorial plus video! - Pakuten blog\",\"isPartOf\":{\"@id\":\"https:\/\/pakuten.pl\/blog\/#website\"},\"primaryImageOfPage\":{\"@id\":\"https:\/\/pakuten.pl\/blog\/jak-uszyc-maseczke-nasz-tutorial-plus-video\/#primaryimage\"},\"datePublished\":\"2020-04-06T10:30:23+00:00\",\"dateModified\":\"2020-04-09T06:39:48+00:00\",\"description\":\"Ze wzgl\u0119du na panuj\u0105c\u0105 pandemi\u0119 zalecane jest noszenie maseczek ochronnych. Co, je\u015bli nie mo\u017cesz ich nigdzie kupi\u0107? Przekazujemy Wam jak uszy\u0107 maseczk\u0119 samodzielnie w domu.\",\"breadcrumb\":{\"@id\":\"https:\/\/pakuten.pl\/blog\/jak-uszyc-maseczke-nasz-tutorial-plus-video\/#breadcrumb\"},\"inLanguage\":\"pl-PL\",\"potentialAction\":[{\"@type\":\"ReadAction\",\"target\":[\"https:\/\/pakuten.pl\/blog\/jak-uszyc-maseczke-nasz-tutorial-plus-video\/\"]}]},{\"@type\":\"BreadcrumbList\",\"@id\":\"https:\/\/pakuten.pl\/blog\/jak-uszyc-maseczke-nasz-tutorial-plus-video\/#breadcrumb\",\"itemListElement\":[{\"@type\":\"ListItem\",\"position\":1,\"name\":\"Strona g\u0142\u00f3wna\",\"item\":\"https:\/\/pakuten.pl\/blog\/\"},{\"@type\":\"ListItem\",\"position\":2,\"name\":\"Jak uszy\u0107 maseczk\u0119? Nasz tutorial plus video!\"}]},{\"@type\":\"Article\",\"@id\":\"https:\/\/pakuten.pl\/blog\/jak-uszyc-maseczke-nasz-tutorial-plus-video\/#article\",\"isPartOf\":{\"@id\":\"https:\/\/pakuten.pl\/blog\/jak-uszyc-maseczke-nasz-tutorial-plus-video\/#webpage\"},\"author\":{\"@id\":\"https:\/\/pakuten.pl\/blog\/#\/schema\/person\/d7133af30211381a4e4536d088384556\"},\"headline\":\"Jak uszy\u0107 maseczk\u0119? Nasz tutorial plus video!\",\"datePublished\":\"2020-04-06T10:30:23+00:00\",\"dateModified\":\"2020-04-09T06:39:48+00:00\",\"mainEntityOfPage\":{\"@id\":\"https:\/\/pakuten.pl\/blog\/jak-uszyc-maseczke-nasz-tutorial-plus-video\/#webpage\"},\"wordCount\":521,\"commentCount\":0,\"publisher\":{\"@id\":\"https:\/\/pakuten.pl\/blog\/#organization\"},\"image\":{\"@id\":\"https:\/\/pakuten.pl\/blog\/jak-uszyc-maseczke-nasz-tutorial-plus-video\/#primaryimage\"},\"thumbnailUrl\":\"https:\/\/pakuten.pl\/blog\/wp-content\/uploads\/2020\/04\/Jak-uszy\u0107-maseczk\u0119-1.jpg\",\"articleSection\":[\"Tips&amp;Tricks\"],\"inLanguage\":\"pl-PL\",\"potentialAction\":[{\"@type\":\"CommentAction\",\"name\":\"Comment\",\"target\":[\"https:\/\/pakuten.pl\/blog\/jak-uszyc-maseczke-nasz-tutorial-plus-video\/#respond\"]}]},{\"@type\":\"Person\",\"@id\":\"https:\/\/pakuten.pl\/blog\/#\/schema\/person\/d7133af30211381a4e4536d088384556\",\"name\":\"Pakuten Girl\",\"image\":{\"@type\":\"ImageObject\",\"@id\":\"https:\/\/pakuten.pl\/blog\/#personlogo\",\"inLanguage\":\"pl-PL\",\"url\":\"https:\/\/secure.gravatar.com\/avatar\/d3df41de2caf92e6cfded9430c2ff352?s=96&d=mm&r=g\",\"contentUrl\":\"https:\/\/secure.gravatar.com\/avatar\/d3df41de2caf92e6cfded9430c2ff352?s=96&d=mm&r=g\",\"caption\":\"Pakuten Girl\"},\"description\":\"Cze\u015b\u0107, nazywam si\u0119 Ola. Kocham Netflixa, sals\u0119, nowo\u015bci kosmetyczne i najnowsze trendy w modzie.\",\"url\":\"https:\/\/pakuten.pl\/blog\/author\/pakuten-girl\/\"}]}<\/script>\n<!-- \/ Yoast SEO plugin. -->","yoast_head_json":{"title":"Jak uszy\u0107 maseczk\u0119? Nasz tutorial plus video! - Pakuten blog","description":"Ze wzgl\u0119du na panuj\u0105c\u0105 pandemi\u0119 zalecane jest noszenie maseczek ochronnych. Co, je\u015bli nie mo\u017cesz ich nigdzie kupi\u0107? Przekazujemy Wam jak uszy\u0107 maseczk\u0119 samodzielnie w domu.","robots":{"index":"index","follow":"follow","max-snippet":"max-snippet:-1","max-image-preview":"max-image-preview:large","max-video-preview":"max-video-preview:-1"},"canonical":"https:\/\/pakuten.pl\/blog\/jak-uszyc-maseczke-nasz-tutorial-plus-video\/","og_locale":"pl_PL","og_type":"article","og_title":"Jak uszy\u0107 maseczk\u0119? Nasz tutorial plus video! - Pakuten blog","og_description":"Ze wzgl\u0119du na panuj\u0105c\u0105 pandemi\u0119 zalecane jest noszenie maseczek ochronnych. Co, je\u015bli nie mo\u017cesz ich nigdzie kupi\u0107? Przekazujemy Wam jak uszy\u0107 maseczk\u0119 samodzielnie w domu.","og_url":"https:\/\/pakuten.pl\/blog\/jak-uszyc-maseczke-nasz-tutorial-plus-video\/","og_site_name":"Pakuten blog","article_published_time":"2020-04-06T10:30:23+00:00","article_modified_time":"2020-04-09T06:39:48+00:00","og_image":[{"width":1280,"height":853,"url":"https:\/\/pakuten.pl\/blog\/wp-content\/uploads\/2020\/04\/Jak-uszy\u0107-maseczk\u0119-1.jpg","type":"image\/jpeg"}],"twitter_card":"summary_large_image","twitter_misc":{"Napisane przez":"Pakuten Girl","Szacowany czas czytania":"3 minuty"},"schema":{"@context":"https:\/\/schema.org","@graph":[{"@type":"Organization","@id":"https:\/\/pakuten.pl\/blog\/#organization","name":"Pakuten","url":"https:\/\/pakuten.pl\/blog\/","sameAs":[],"logo":{"@type":"ImageObject","@id":"https:\/\/pakuten.pl\/blog\/#logo","inLanguage":"pl-PL","url":"http:\/\/pakuten.pl\/blog\/wp-content\/uploads\/2018\/01\/pakuten_logo.png","contentUrl":"http:\/\/pakuten.pl\/blog\/wp-content\/uploads\/2018\/01\/pakuten_logo.png","width":300,"height":120,"caption":"Pakuten"},"image":{"@id":"https:\/\/pakuten.pl\/blog\/#logo"}},{"@type":"WebSite","@id":"https:\/\/pakuten.pl\/blog\/#website","url":"https:\/\/pakuten.pl\/blog\/","name":"Pakuten blog","description":"Blog sklepu internetowego pakuten.pl","publisher":{"@id":"https:\/\/pakuten.pl\/blog\/#organization"},"potentialAction":[{"@type":"SearchAction","target":{"@type":"EntryPoint","urlTemplate":"https:\/\/pakuten.pl\/blog\/?s={search_term_string}"},"query-input":"required name=search_term_string"}],"inLanguage":"pl-PL"},{"@type":"ImageObject","@id":"https:\/\/pakuten.pl\/blog\/jak-uszyc-maseczke-nasz-tutorial-plus-video\/#primaryimage","inLanguage":"pl-PL","url":"https:\/\/pakuten.pl\/blog\/wp-content\/uploads\/2020\/04\/Jak-uszy\u0107-maseczk\u0119-1.jpg","contentUrl":"https:\/\/pakuten.pl\/blog\/wp-content\/uploads\/2020\/04\/Jak-uszy\u0107-maseczk\u0119-1.jpg","width":1280,"height":853},{"@type":"WebPage","@id":"https:\/\/pakuten.pl\/blog\/jak-uszyc-maseczke-nasz-tutorial-plus-video\/#webpage","url":"https:\/\/pakuten.pl\/blog\/jak-uszyc-maseczke-nasz-tutorial-plus-video\/","name":"Jak uszy\u0107 maseczk\u0119? Nasz tutorial plus video! - Pakuten blog","isPartOf":{"@id":"https:\/\/pakuten.pl\/blog\/#website"},"primaryImageOfPage":{"@id":"https:\/\/pakuten.pl\/blog\/jak-uszyc-maseczke-nasz-tutorial-plus-video\/#primaryimage"},"datePublished":"2020-04-06T10:30:23+00:00","dateModified":"2020-04-09T06:39:48+00:00","description":"Ze wzgl\u0119du na panuj\u0105c\u0105 pandemi\u0119 zalecane jest noszenie maseczek ochronnych. Co, je\u015bli nie mo\u017cesz ich nigdzie kupi\u0107? Przekazujemy Wam jak uszy\u0107 maseczk\u0119 samodzielnie w domu.","breadcrumb":{"@id":"https:\/\/pakuten.pl\/blog\/jak-uszyc-maseczke-nasz-tutorial-plus-video\/#breadcrumb"},"inLanguage":"pl-PL","potentialAction":[{"@type":"ReadAction","target":["https:\/\/pakuten.pl\/blog\/jak-uszyc-maseczke-nasz-tutorial-plus-video\/"]}]},{"@type":"BreadcrumbList","@id":"https:\/\/pakuten.pl\/blog\/jak-uszyc-maseczke-nasz-tutorial-plus-video\/#breadcrumb","itemListElement":[{"@type":"ListItem","position":1,"name":"Strona g\u0142\u00f3wna","item":"https:\/\/pakuten.pl\/blog\/"},{"@type":"ListItem","position":2,"name":"Jak uszy\u0107 maseczk\u0119? Nasz tutorial plus video!"}]},{"@type":"Article","@id":"https:\/\/pakuten.pl\/blog\/jak-uszyc-maseczke-nasz-tutorial-plus-video\/#article","isPartOf":{"@id":"https:\/\/pakuten.pl\/blog\/jak-uszyc-maseczke-nasz-tutorial-plus-video\/#webpage"},"author":{"@id":"https:\/\/pakuten.pl\/blog\/#\/schema\/person\/d7133af30211381a4e4536d088384556"},"headline":"Jak uszy\u0107 maseczk\u0119? Nasz tutorial plus video!","datePublished":"2020-04-06T10:30:23+00:00","dateModified":"2020-04-09T06:39:48+00:00","mainEntityOfPage":{"@id":"https:\/\/pakuten.pl\/blog\/jak-uszyc-maseczke-nasz-tutorial-plus-video\/#webpage"},"wordCount":521,"commentCount":0,"publisher":{"@id":"https:\/\/pakuten.pl\/blog\/#organization"},"image":{"@id":"https:\/\/pakuten.pl\/blog\/jak-uszyc-maseczke-nasz-tutorial-plus-video\/#primaryimage"},"thumbnailUrl":"https:\/\/pakuten.pl\/blog\/wp-content\/uploads\/2020\/04\/Jak-uszy\u0107-maseczk\u0119-1.jpg","articleSection":["Tips&amp;Tricks"],"inLanguage":"pl-PL","potentialAction":[{"@type":"CommentAction","name":"Comment","target":["https:\/\/pakuten.pl\/blog\/jak-uszyc-maseczke-nasz-tutorial-plus-video\/#respond"]}]},{"@type":"Person","@id":"https:\/\/pakuten.pl\/blog\/#\/schema\/person\/d7133af30211381a4e4536d088384556","name":"Pakuten Girl","image":{"@type":"ImageObject","@id":"https:\/\/pakuten.pl\/blog\/#personlogo","inLanguage":"pl-PL","url":"https:\/\/secure.gravatar.com\/avatar\/d3df41de2caf92e6cfded9430c2ff352?s=96&d=mm&r=g","contentUrl":"https:\/\/secure.gravatar.com\/avatar\/d3df41de2caf92e6cfded9430c2ff352?s=96&d=mm&r=g","caption":"Pakuten Girl"},"description":"Cze\u015b\u0107, nazywam si\u0119 Ola. Kocham Netflixa, sals\u0119, nowo\u015bci kosmetyczne i najnowsze trendy w modzie.","url":"https:\/\/pakuten.pl\/blog\/author\/pakuten-girl\/"}]}},"_links":{"self":[{"href":"https:\/\/pakuten.pl\/blog\/wp-json\/wp\/v2\/posts\/2951"}],"collection":[{"href":"https:\/\/pakuten.pl\/blog\/wp-json\/wp\/v2\/posts"}],"about":[{"href":"https:\/\/pakuten.pl\/blog\/wp-json\/wp\/v2\/types\/post"}],"author":[{"embeddable":true,"href":"https:\/\/pakuten.pl\/blog\/wp-json\/wp\/v2\/users\/3"}],"replies":[{"embeddable":true,"href":"https:\/\/pakuten.pl\/blog\/wp-json\/wp\/v2\/comments?post=2951"}],"version-history":[{"count":6,"href":"https:\/\/pakuten.pl\/blog\/wp-json\/wp\/v2\/posts\/2951\/revisions"}],"predecessor-version":[{"id":2962,"href":"https:\/\/pakuten.pl\/blog\/wp-json\/wp\/v2\/posts\/2951\/revisions\/2962"}],"wp:featuredmedia":[{"embeddable":true,"href":"https:\/\/pakuten.pl\/blog\/wp-json\/wp\/v2\/media\/2959"}],"wp:attachment":[{"href":"https:\/\/pakuten.pl\/blog\/wp-json\/wp\/v2\/media?parent=2951"}],"wp:term":[{"taxonomy":"category","embeddable":true,"href":"https:\/\/pakuten.pl\/blog\/wp-json\/wp\/v2\/categories?post=2951"},{"taxonomy":"post_tag","embeddable":true,"href":"https:\/\/pakuten.pl\/blog\/wp-json\/wp\/v2\/tags?post=2951"}],"curies":[{"name":"wp","href":"https:\/\/api.w.org\/{rel}","templated":true}]}}