{"id":3300,"date":"2020-06-26T10:19:34","date_gmt":"2020-06-26T08:19:34","guid":{"rendered":"http:\/\/pakuten.pl\/blog\/?p=3300"},"modified":"2021-09-08T09:10:47","modified_gmt":"2021-09-08T07:10:47","slug":"jak-spakowac-sie-na-wakacje-przygotuj-sie-z-nami-na-wyjazd","status":"publish","type":"post","link":"https:\/\/pakuten.pl\/blog\/jak-spakowac-sie-na-wakacje-przygotuj-sie-z-nami-na-wyjazd\/","title":{"rendered":"Jak spakowa\u0107 si\u0119 na wakacje? Przygotuj si\u0119 z nami na wyjazd."},"content":{"rendered":"<p><strong>Jak co roku, z niecierpliwo\u015bci\u0105 wyczekujesz okresu letniego. Z pewno\u015bci\u0105 masz ju\u017c plany na wyjazd (mo\u017ce nawet niejeden). Bez wzgl\u0119du na to, czy co roku zdarza Ci si\u0119 gdzie\u015b wyje\u017cd\u017ca\u0107, czy raczej odbywa si\u0119 to rzadko, na pewno za ka\u017cdym razem pojawia si\u0119 w Twoich my\u015blach pytanie &#8211; jak spakowa\u0107 si\u0119 na wakacje? Co ze sob\u0105 zabra\u0107? O czym pami\u0119ta\u0107? Mamy dla Ciebie gotow\u0105 list\u0119 rzeczy! Dzi\u0119ki niej niczego nie zapomnisz.<\/strong><\/p>\n<h2>Jak spakowa\u0107 si\u0119 na wakacje i o niczym nie zapomnie\u0107?<\/h2>\n<p>Na pocz\u0105tku wybierz odpowiedni\u0105 walizk\u0119, w kt\u00f3r\u0105 pomie\u015bcisz wszystko, a jednocze\u015bnie nie b\u0119dzie ona zbyt du\u017ca, \u017ceby niepotrzebnie nie zajmowa\u0142a zbyt du\u017co miejsca w baga\u017cniku samochodu lub na p\u00f3\u0142ce w poci\u0105gu (w ko\u0144cu ka\u017cdy z pasa\u017cer\u00f3w b\u0119dzie mia\u0142 ze sob\u0105 jaki\u015b pakunek). <strong>Najwygodniejsza b\u0119dzie taka na k\u00f3\u0142kach, ale wiadomo, \u017ce je\u015bli wybierasz si\u0119 na wypraw\u0119 w g\u00f3ry, lepiej postawi\u0107 na wytrzyma\u0142y plecak.<\/strong> Je\u015bli ju\u017c masz w co si\u0119 spakowa\u0107, przygotuj (najlepiej kilka dni przez wyjazdem) list\u0119 rzeczy do zabrania. Dzi\u0119ki niej b\u0119dziesz mog\u0142a po kolei odhacza\u0107 to, co ju\u017c wrzuci\u0142a\u015b do walizki. Ka\u017cdy z nas przed ka\u017cdym wypadem nawet na kr\u00f3tki termin ma dylemat jak spakowa\u0107 si\u0119 na wakacje, dlatego taka lista niech towarzyszy Ci za ka\u017cdym razem.<strong> Nie zabieraj tak\u017ce zbyt wielu rzeczy, poniewa\u017c pewnie i tak nie wszystkie je u\u017cyjesz na miejscu.<\/strong> Po co d\u017awiga\u0107 niepotrzebne kilogramy. Poni\u017cej przedstawiamy Ci list\u0119 rzeczy, o kt\u00f3ry\u015b nie powinna\u015b zapomnie\u0107 na wyjazd.<\/p>\n<p><iframe title=\"Jak spakowa\u0107 si\u0119 na #wakacje?\" width=\"500\" height=\"281\" src=\"https:\/\/www.youtube.com\/embed\/97Kb-hElRqw?feature=oembed\" frameborder=\"0\" allow=\"accelerometer; autoplay; clipboard-write; encrypted-media; gyroscope; picture-in-picture\" allowfullscreen><\/iframe><\/p>\n<h2>Co zabra\u0107 ze sob\u0105 nad morze?<\/h2>\n<p>Ka\u017cda z nas wybieraj\u0105c si\u0119 nad morze, marzy o tym, aby pogoda przez ca\u0142y wyjazd dopisa\u0142a i aby wr\u00f3ci\u0107 w pi\u0119kn\u0105 opalenizn\u0105, kt\u00f3ra b\u0119dzie wspania\u0142\u0105 pami\u0105tk\u0105 przez najbli\u017csze kilka miesi\u0119cy. Dlatego oczywi\u015bcie powinna\u015b pami\u0119ta\u0107 o przedmiotach na pla\u017c\u0119. W Twojej walizce nie mo\u017ce zabrakn\u0105\u0107 kostiumu k\u0105pielowego, klapk\u00f3w, <span style=\"color: #ff9900;\"><strong><a style=\"color: #ff9900;\" href=\"https:\/\/pakuten.pl\/135-kapelusze\">kapelusza na s\u0142o\u0144ce<\/a><\/strong><\/span>, kremu do opalania, r\u0119cznika pla\u017cowego, koca oraz <span style=\"color: #ff9900;\"><strong><a style=\"color: #ff9900;\" href=\"https:\/\/pakuten.pl\/58-okulary\">okular\u00f3w przeciws\u0142onecznych<\/a><\/strong><\/span>. <strong>Wybieraj\u0105c si\u0119 na leniuchowanie na cieplutkim piasku pami\u0119taj (ju\u017c na miejscu) o odpowiednim nawadnianiu organizmu, dlatego zawsze miej ze sob\u0105 butelk\u0119 wody (najlepiej niegazowanej).<\/strong> Jak wiadomo, pogoda potrafi p\u0142ata\u0107 figle, dlatego jad\u0105c nad morze, koniecznie zabierz te\u017c ze sob\u0105 cieplejsze ubrani<strong>a<\/strong> i buty oraz parasolk\u0119, na wypadek deszczu. Na pewno nie zaszkodzi, je\u015bli zabierzesz ze sob\u0105 <span style=\"color: #ff9900;\"><strong><a style=\"color: #ff9900;\" href=\"https:\/\/pakuten.pl\/28-swetry\">cieplejszy sweterek<\/a><\/strong><\/span> lub <strong><span style=\"color: #ff9900;\"><a style=\"color: #ff9900;\" href=\"https:\/\/pakuten.pl\/18-bluzy\" target=\"_blank\" rel=\"noopener\">bluz\u0119<\/a><\/span> <\/strong>oraz spodnie.<\/p>\n<div class=\"product-box-container\">\r\n<div class=\"one_third \" style=\"\">\r\n<div class=\"product-box\">\r\n<a href=\"https:\/\/pakuten.pl\/10243-31053-sukienka-w-paski-z-gipiura-ingva-wzor-1.html\" target=\"_blank\">\r\n <img src=\"https:\/\/media.pakuten.pl\/57956-large_default\/sukienka-w-paski-z-gipiura-ingva.jpg\" alt=\"SUKIENKA W PASKI Z GIPIUR\u0104 INGVA\"\/>\r\n<\/a>\r\n<p>\r\n<a href=\"https:\/\/pakuten.pl\/10243-31053-sukienka-w-paski-z-gipiura-ingva-wzor-1.html\" target=\"_blank\">\r\nSUKIENKA W PASKI Z GIPIUR\u0104 INGVA\r\n<\/a><\/p>\r\n  <p>Cena: 70,69\u00a0z\u0142<\/p>\r\n<a href=\"https:\/\/pakuten.pl\/10243-31053-sukienka-w-paski-z-gipiura-ingva-wzor-1.html\" target=\"_blank\" class=\"button\">\r\nZobacz w sklepie\r\n<\/a>\r\n<\/div>\r\n<\/div>\r\n<div class=\"one_third \" style=\"\">\r\n<div class=\"product-box\">\r\n<a href=\"https:\/\/pakuten.pl\/11902-35421-komplet-dresowy-z-szortami-ingard-brudny-roz.html\" target=\"_blank\">\r\n  <img src=\"https:\/\/media.pakuten.pl\/70604-large_default\/komplet-dresowy-z-szortami-ingard.jpg\" alt=\"KOMPLET DRESOWY Z SZORTAMI INGARD - brudny r\u00f3\u017c\"\/>\r\n<\/a>\r\n<p>\r\n<a href=\"https:\/\/pakuten.pl\/11902-35421-komplet-dresowy-z-szortami-ingard-brudny-roz.html\" target=\"_blank\">\r\nKOMPLET DRESOWY Z SZORTAMI INGARD - brudny r\u00f3\u017c\r\n<\/a><\/p>\r\n  <p>Cena: 69,99\u00a0z\u0142<\/p>\r\n<a href=\"https:\/\/pakuten.pl\/11902-35421-komplet-dresowy-z-szortami-ingard-brudny-roz.html\" target=\"_blank\" class=\"button\">\r\nZobacz w sklepie\r\n<\/a>\r\n<\/div>\r\n<\/div>\r\n<div class=\"one_third last \" style=\"\">\r\n<div class=\"product-box\">\r\n<a href=\"https:\/\/pakuten.pl\/11914-35458-asymetryczna-sukienka-na-ramiaczkach-rakel-pudrowy.html\" target=\"_blank\">\r\n  <img src=\"https:\/\/media.pakuten.pl\/70774-large_default\/asymetryczna-sukienka-na-ramiaczkach-rakel.jpg\" alt=\"ASYMETRYCZNA SUKIENKA NA RAMI\u0104CZKACH RAKEL\"\/>\r\n<\/a>\r\n<p>\r\n<a href=\"https:\/\/pakuten.pl\/11914-35458-asymetryczna-sukienka-na-ramiaczkach-rakel-pudrowy.html\" target=\"_blank\">\r\nASYMETRYCZNA SUKIENKA NA RAMI\u0104CZKACH RAKEL\r\n<\/a><\/p>\r\n  <p>Cena: 79,79\u00a0z\u0142<\/p>\r\n<a href=\"https:\/\/pakuten.pl\/11914-35458-asymetryczna-sukienka-na-ramiaczkach-rakel-pudrowy.html\" target=\"_blank\" class=\"button\">\r\nZobacz w sklepie\r\n<\/a>\r\n<\/div>\r\n<\/div><br class=\"clear\"\/>\r\n<\/div>\n<h2>Je\u015bli wybierasz si\u0119 w g\u00f3ry&#8230;<\/h2>\n<p>Tutaj ju\u017c zabierzesz ze sob\u0105 zupe\u0142nie inne przedmioty, ni\u017c nad morze&#8230; Chocia\u017c, je\u015bli planujesz tak\u017ce spacery po mie\u015bcie, lekkie obuwie, takie jak sanda\u0142y r\u00f3wnie\u017c Ci si\u0119 przydadz\u0105, aby zapewni\u0107 komfort swoim stopom. Je\u015bli jednak czeka Ci\u0119 trekking po g\u00f3rach czy biwakowanie pod go\u0142ym niebem, zabierz ze sob\u0105 odpowiednie do tego przedmioty. <strong>Namiot, \u015bpiw\u00f3r, karimata, mena\u017cka no i przede wszystkim specjalistyczne obuwie. Je\u015bli chodzi o ubi\u00f3r, najlepiej postawi\u0107 na str\u00f3j na cebulk\u0119.<\/strong> Je\u015bli za\u0142o\u017cysz na siebie wi\u0119cej warstw, na pewno znacznie \u0142atwiej b\u0119dzie Ci reagowa\u0107 na niespodziewane zmiany temperatury, nie dopuszczaj\u0105c do przegrzania lub wyzi\u0119bienia organizmu. Pakuj\u0105c si\u0119 na wyjazd, warto skorzysta\u0107 z torebek pr\u00f3\u017cniowych, kt\u00f3re pozwol\u0105 Ci zaoszcz\u0119dzi\u0107 miejsca w plecaku czy walizce. Tak samo z kosmetykami &#8211; nie musisz bra\u0107 ca\u0142ej <span style=\"color: #ff9900;\"><strong><a style=\"color: #ff9900;\" href=\"https:\/\/pakuten.pl\/56-kosmetyki\">du\u017cej butelki szamponu<\/a><\/strong><\/span>, bo i tak go nie zu\u017cyjesz przez ca\u0142y wyjazd. Lepiej przelej go w mniejsz\u0105 buteleczk\u0119, specjalnie do tego przeznaczon\u0105.<\/p>\n<div class=\"product-box-container\">\r\n<div class=\"one_third \" style=\"\">\r\n<div class=\"product-box\">\r\n<a href=\"https:\/\/pakuten.pl\/11881-35379-komplet-dresowy-rosane-brudny-roz.html\" target=\"_blank\">\r\n <img src=\"https:\/\/media.pakuten.pl\/70414-large_default\/komplet-dresowy-rosane.jpg\" alt=\"KOMPLET DRESOWY ROSANE - brudny r\u00f3\u017c\"\/>\r\n<\/a>\r\n<p>\r\n<a href=\"https:\/\/pakuten.pl\/11881-35379-komplet-dresowy-rosane-brudny-roz.html\" target=\"_blank\">\r\nKOMPLET DRESOWY ROSANE - brudny r\u00f3\u017c\r\n<\/a><\/p>\r\n  <p>Cena: 101,49\u00a0z\u0142<\/p>\r\n<a href=\"https:\/\/pakuten.pl\/11881-35379-komplet-dresowy-rosane-brudny-roz.html\" target=\"_blank\" class=\"button\">\r\nZobacz w sklepie\r\n<\/a>\r\n<\/div>\r\n<\/div>\r\n<div class=\"one_third \" style=\"\">\r\n<div class=\"product-box\">\r\n<a href=\"https:\/\/pakuten.pl\/11674-34982-komplet-dresowy-trojkolorowy-latesha-wzor-2.html\" target=\"_blank\">\r\n  <img src=\"https:\/\/media.pakuten.pl\/68848-large_default\/komplet-dresowy-trojkolorowy-latesha.jpg\" alt=\"KOMPLET DRESOWY TR\u00d3JKOLOROWY LATESHA\"\/>\r\n<\/a>\r\n<p>\r\n<a href=\"https:\/\/pakuten.pl\/11674-34982-komplet-dresowy-trojkolorowy-latesha-wzor-2.html\" target=\"_blank\">\r\nKOMPLET DRESOWY TR\u00d3JKOLOROWY LATESHA\r\n<\/a><\/p>\r\n  <p>Cena: 97,99\u00a0z\u0142<\/p>\r\n<a href=\"https:\/\/pakuten.pl\/11674-34982-komplet-dresowy-trojkolorowy-latesha-wzor-2.html\" target=\"_blank\" class=\"button\">\r\nZobacz w sklepie\r\n<\/a>\r\n<\/div>\r\n<\/div>\r\n<div class=\"one_third last \" style=\"\">\r\n<div class=\"product-box\">\r\n<a href=\"\" target=\"_blank\">\r\n  <img src=\"\" alt=\"\"\/>\r\n<\/a>\r\n<p>\r\n<a href=\"\" target=\"_blank\">\r\n\r\n<\/a><\/p>\r\n  <p>Cena: <\/p>\r\n<a href=\"\" target=\"_blank\" class=\"button\">\r\nZobacz w sklepie\r\n<\/a>\r\n<\/div>\r\n<\/div><br class=\"clear\"\/>\r\n<\/div>\n<h2>Jak spakowa\u0107 si\u0119 na wakacje i nie przed\u017awiga\u0107 si\u0119 &#8230;<\/h2>\n<p>B\u0105d\u017a minimalistk\u0105! Nie wybieraj gigantycznej torby czy walizki, kt\u00f3ra, wypchana mas\u0105 ciuch\u00f3w, b\u0119dzie dla Ciebie ci\u0119\u017carem podczas podr\u00f3\u017cy&#8230; Kup sobie mini kosmetyki, wybierz lekkie ubrania. Zwr\u00f3\u0107 te\u017c uwag\u0119 na to, czy si\u0119 nie gniot\u0105, poniewa\u017c potem b\u0119dziesz musia\u0142a traci\u0107 czas na prasowanie. <strong>Wybieraj\u0105c si\u0119 do hotelu nie musisz bra\u0107 ze sob\u0105 r\u0119cznika, poniewa\u017c jest to w us\u0142udze obiektu. Wybierz takie ubrania, kt\u00f3re \u0142atwo zestawi\u0107 z pozosta\u0142ymi, aby zabra\u0107 ich ostatecznie jak najmniej.<\/strong> Doskonale w tym przypadku sprawdzi si\u0119 odzie\u017c typu basic. Zwr\u00f3\u0107 te\u017c uwag\u0119 na ich sk\u0142ad- te wykonane z tkanin syntetycznych szybko schn\u0105, dlatego b\u0119dziesz mog\u0142a nawet je przepra\u0107 na wyje\u017adzie, aby za\u0142o\u017cy\u0107 na siebie ponownie. Roluj ubrania i wykorzystaj puste przestrzenie w walizce. Poza przedmiotami codziennego u\u017cytku spakuj te\u017c na wyjazd takie przedmioty jak plastry, niezb\u0119dne lekarstwa, aparat, no i \u0142adowark\u0119 do telefonu \ud83d\ude09<\/p>\n<div class=\"product-box-container\">\r\n<div class=\"one_third \" style=\"\">\r\n<div class=\"product-box\">\r\n<a href=\"https:\/\/pakuten.pl\/11916-35461-biala-sukienka-z-falbana-ivarna-bialy.html\" target=\"_blank\">\r\n <img src=\"https:\/\/media.pakuten.pl\/70786-large_default\/biala-sukienka-z-falbana-ivarna.jpg\" alt=\"BIA\u0141A SUKIENKA Z FALBAN\u0104 IVARNA\"\/>\r\n<\/a>\r\n<p>\r\n<a href=\"https:\/\/pakuten.pl\/11916-35461-biala-sukienka-z-falbana-ivarna-bialy.html\" target=\"_blank\">\r\nBIA\u0141A SUKIENKA Z FALBAN\u0104 IVARNA\r\n<\/a><\/p>\r\n  <p>Cena: 41,99\u00a0z\u0142<\/p>\r\n<a href=\"https:\/\/pakuten.pl\/11916-35461-biala-sukienka-z-falbana-ivarna-bialy.html\" target=\"_blank\" class=\"button\">\r\nZobacz w sklepie\r\n<\/a>\r\n<\/div>\r\n<\/div>\r\n<div class=\"one_third \" style=\"\">\r\n<div class=\"product-box\">\r\n<a href=\"https:\/\/pakuten.pl\/11863-35332-sukienka-w-paski-margie-wzor-1.html\" target=\"_blank\">\r\n  <img src=\"https:\/\/media.pakuten.pl\/70200-large_default\/sukienka-w-paski-margie.jpg\" alt=\"SUKIENKA W PASKI MARGIE\"\/>\r\n<\/a>\r\n<p>\r\n<a href=\"https:\/\/pakuten.pl\/11863-35332-sukienka-w-paski-margie-wzor-1.html\" target=\"_blank\">\r\nSUKIENKA W PASKI MARGIE\r\n<\/a><\/p>\r\n  <p>Cena: 43,39\u00a0z\u0142<\/p>\r\n<a href=\"https:\/\/pakuten.pl\/11863-35332-sukienka-w-paski-margie-wzor-1.html\" target=\"_blank\" class=\"button\">\r\nZobacz w sklepie\r\n<\/a>\r\n<\/div>\r\n<\/div>\r\n<div class=\"one_third last \" style=\"\">\r\n<div class=\"product-box\">\r\n<a href=\"https:\/\/pakuten.pl\/11915-35459-sukienka-z-falbana-przy-dekolcie-latisha-malinowy.html\" target=\"_blank\">\r\n  <img src=\"https:\/\/media.pakuten.pl\/70781-large_default\/sukienka-z-falbana-przy-dekolcie-latisha.jpg\" alt=\"SUKIENKA Z FALBAN\u0104 PRZY DEKOLCIE LATISHA - malinowy\"\/>\r\n<\/a>\r\n<p>\r\n<a href=\"https:\/\/pakuten.pl\/11915-35459-sukienka-z-falbana-przy-dekolcie-latisha-malinowy.html\" target=\"_blank\">\r\nSUKIENKA Z FALBAN\u0104 PRZY DEKOLCIE LATISHA - malinowy\r\n<\/a><\/p>\r\n  <p>Cena: 84,69\u00a0z\u0142<\/p>\r\n<a href=\"https:\/\/pakuten.pl\/11915-35459-sukienka-z-falbana-przy-dekolcie-latisha-malinowy.html\" target=\"_blank\" class=\"button\">\r\nZobacz w sklepie\r\n<\/a>\r\n<\/div>\r\n<\/div><br class=\"clear\"\/>\r\n<\/div>\n<p><strong>Bez wzgl\u0119du na to, gdzie si\u0119 wybierzesz w te wakacje, nad morze, jezioro czy w g\u00f3ry, pami\u0119taj o bezpiecze\u0144stwie swoim oraz os\u00f3b najbli\u017cszych.<\/strong> Wykorzystaj ten czas jak najlepiej i r\u00f3b du\u017co zdj\u0119\u0107, aby za jaki\u015b czas m\u00f3c przy kubku ulubionej herbaty wspomina\u0107 te pi\u0119kne chwile. Zaopatrz swoj\u0105 walizk\u0119 w najbardziej w modn\u0105 odzie\u017c, aby czu\u0107 si\u0119 wyj\u0105tkowo.<\/p>\n\n\n<div class=\"kk-star-ratings kksr-auto kksr-align-right kksr-valign-bottom\"\n    data-payload='{&quot;align&quot;:&quot;right&quot;,&quot;id&quot;:&quot;3300&quot;,&quot;slug&quot;:&quot;default&quot;,&quot;valign&quot;:&quot;bottom&quot;,&quot;ignore&quot;:&quot;&quot;,&quot;reference&quot;:&quot;auto&quot;,&quot;class&quot;:&quot;&quot;,&quot;count&quot;:&quot;0&quot;,&quot;legendonly&quot;:&quot;&quot;,&quot;readonly&quot;:&quot;&quot;,&quot;score&quot;:&quot;0&quot;,&quot;starsonly&quot;:&quot;&quot;,&quot;best&quot;:&quot;5&quot;,&quot;gap&quot;:&quot;5&quot;,&quot;greet&quot;:&quot;Rate this post&quot;,&quot;legend&quot;:&quot;0\\\/5 - (0 votes)&quot;,&quot;size&quot;:&quot;24&quot;,&quot;width&quot;:&quot;0&quot;,&quot;_legend&quot;:&quot;{score}\\\/{best} - ({count} {votes})&quot;,&quot;font_factor&quot;:&quot;1.25&quot;}'>\n            \n<div class=\"kksr-stars\">\n    \n<div class=\"kksr-stars-inactive\">\n            <div class=\"kksr-star\" data-star=\"1\" style=\"padding-right: 5px\">\n            \n\n<div class=\"kksr-icon\" style=\"width: 24px; height: 24px;\"><\/div>\n        <\/div>\n            <div class=\"kksr-star\" data-star=\"2\" style=\"padding-right: 5px\">\n            \n\n<div class=\"kksr-icon\" style=\"width: 24px; height: 24px;\"><\/div>\n        <\/div>\n            <div class=\"kksr-star\" data-star=\"3\" style=\"padding-right: 5px\">\n            \n\n<div class=\"kksr-icon\" style=\"width: 24px; height: 24px;\"><\/div>\n        <\/div>\n            <div class=\"kksr-star\" data-star=\"4\" style=\"padding-right: 5px\">\n            \n\n<div class=\"kksr-icon\" style=\"width: 24px; height: 24px;\"><\/div>\n        <\/div>\n            <div class=\"kksr-star\" data-star=\"5\" style=\"padding-right: 5px\">\n            \n\n<div class=\"kksr-icon\" style=\"width: 24px; height: 24px;\"><\/div>\n        <\/div>\n    <\/div>\n    \n<div class=\"kksr-stars-active\" style=\"width: 0px;\">\n            <div class=\"kksr-star\" style=\"padding-right: 5px\">\n            \n\n<div class=\"kksr-icon\" style=\"width: 24px; height: 24px;\"><\/div>\n        <\/div>\n            <div class=\"kksr-star\" style=\"padding-right: 5px\">\n            \n\n<div class=\"kksr-icon\" style=\"width: 24px; height: 24px;\"><\/div>\n        <\/div>\n            <div class=\"kksr-star\" style=\"padding-right: 5px\">\n            \n\n<div class=\"kksr-icon\" style=\"width: 24px; height: 24px;\"><\/div>\n        <\/div>\n            <div class=\"kksr-star\" style=\"padding-right: 5px\">\n            \n\n<div class=\"kksr-icon\" style=\"width: 24px; height: 24px;\"><\/div>\n        <\/div>\n            <div class=\"kksr-star\" style=\"padding-right: 5px\">\n            \n\n<div class=\"kksr-icon\" style=\"width: 24px; height: 24px;\"><\/div>\n        <\/div>\n    <\/div>\n<\/div>\n                \n\n<div class=\"kksr-legend\" style=\"font-size: 19.2px;\">\n            <span class=\"kksr-muted\">Rate this post<\/span>\n    <\/div>\n    <\/div>\n","protected":false},"excerpt":{"rendered":"<p>Jak co roku, z niecierpliwo\u015bci\u0105 wyczekujesz okresu letniego. Z pewno\u015bci\u0105 masz ju\u017c plany na wyjazd (mo\u017ce nawet niejeden). Bez wzgl\u0119du na to, czy co roku zdarza Ci si\u0119 gdzie\u015b wyje\u017cd\u017ca\u0107, czy raczej odbywa si\u0119 to rzadko, na pewno za ka\u017cdym razem pojawia si\u0119 w Twoich my\u015blach pytanie &#8211; jak spakowa\u0107 si\u0119 na wakacje? Co ze sob\u0105 zabra\u0107? O czym pami\u0119ta\u0107? Mamy dla Ciebie gotow\u0105 list\u0119 rzeczy! Dzi\u0119ki niej niczego nie zapomnisz.<\/p>\n","protected":false},"author":3,"featured_media":3311,"comment_status":"open","ping_status":"open","sticky":false,"template":"","format":"standard","meta":[],"categories":[4],"tags":[],"yoast_head":"<!-- This site is optimized with the Yoast SEO plugin v18.4.1 - https:\/\/yoast.com\/wordpress\/plugins\/seo\/ -->\n<title>Jak spakowa\u0107 si\u0119 na wakacje? Przygotuj si\u0119 z nami na wyjazd. - Pakuten blog<\/title>\n<meta name=\"description\" content=\"Z pewno\u015bci\u0105 masz ju\u017c plany na wyjazd. Jak spakowa\u0107 si\u0119 na wakacje? Mamy dla Ciebie gotow\u0105 list\u0119 rzeczy! Dzi\u0119ki niej niczego nie zapomnisz.\" \/>\n<meta name=\"robots\" content=\"index, follow, max-snippet:-1, max-image-preview:large, max-video-preview:-1\" \/>\n<link rel=\"canonical\" href=\"https:\/\/pakuten.pl\/blog\/jak-spakowac-sie-na-wakacje-przygotuj-sie-z-nami-na-wyjazd\/\" \/>\n<meta property=\"og:locale\" content=\"pl_PL\" \/>\n<meta property=\"og:type\" content=\"article\" \/>\n<meta property=\"og:title\" content=\"Jak spakowa\u0107 si\u0119 na wakacje? Przygotuj si\u0119 z nami na wyjazd. - Pakuten blog\" \/>\n<meta property=\"og:description\" content=\"Z pewno\u015bci\u0105 masz ju\u017c plany na wyjazd. Jak spakowa\u0107 si\u0119 na wakacje? Mamy dla Ciebie gotow\u0105 list\u0119 rzeczy! Dzi\u0119ki niej niczego nie zapomnisz.\" \/>\n<meta property=\"og:url\" content=\"https:\/\/pakuten.pl\/blog\/jak-spakowac-sie-na-wakacje-przygotuj-sie-z-nami-na-wyjazd\/\" \/>\n<meta property=\"og:site_name\" content=\"Pakuten blog\" \/>\n<meta property=\"article:published_time\" content=\"2020-06-26T08:19:34+00:00\" \/>\n<meta property=\"article:modified_time\" content=\"2021-09-08T07:10:47+00:00\" \/>\n<meta property=\"og:image\" content=\"https:\/\/pakuten.pl\/blog\/wp-content\/uploads\/2020\/06\/jak-spakowac\u0301-sie\u0328-na-wakacje.jpg\" \/>\n\t<meta property=\"og:image:width\" content=\"1280\" \/>\n\t<meta property=\"og:image:height\" content=\"853\" \/>\n\t<meta property=\"og:image:type\" content=\"image\/jpeg\" \/>\n<meta name=\"twitter:card\" content=\"summary_large_image\" \/>\n<meta name=\"twitter:label1\" content=\"Napisane przez\" \/>\n\t<meta name=\"twitter:data1\" content=\"Pakuten Girl\" \/>\n\t<meta name=\"twitter:label2\" content=\"Szacowany czas czytania\" \/>\n\t<meta name=\"twitter:data2\" content=\"4 minuty\" \/>\n<script type=\"application\/ld+json\" class=\"yoast-schema-graph\">{\"@context\":\"https:\/\/schema.org\",\"@graph\":[{\"@type\":\"Organization\",\"@id\":\"https:\/\/pakuten.pl\/blog\/#organization\",\"name\":\"Pakuten\",\"url\":\"https:\/\/pakuten.pl\/blog\/\",\"sameAs\":[],\"logo\":{\"@type\":\"ImageObject\",\"@id\":\"https:\/\/pakuten.pl\/blog\/#logo\",\"inLanguage\":\"pl-PL\",\"url\":\"http:\/\/pakuten.pl\/blog\/wp-content\/uploads\/2018\/01\/pakuten_logo.png\",\"contentUrl\":\"http:\/\/pakuten.pl\/blog\/wp-content\/uploads\/2018\/01\/pakuten_logo.png\",\"width\":300,\"height\":120,\"caption\":\"Pakuten\"},\"image\":{\"@id\":\"https:\/\/pakuten.pl\/blog\/#logo\"}},{\"@type\":\"WebSite\",\"@id\":\"https:\/\/pakuten.pl\/blog\/#website\",\"url\":\"https:\/\/pakuten.pl\/blog\/\",\"name\":\"Pakuten blog\",\"description\":\"Blog sklepu internetowego pakuten.pl\",\"publisher\":{\"@id\":\"https:\/\/pakuten.pl\/blog\/#organization\"},\"potentialAction\":[{\"@type\":\"SearchAction\",\"target\":{\"@type\":\"EntryPoint\",\"urlTemplate\":\"https:\/\/pakuten.pl\/blog\/?s={search_term_string}\"},\"query-input\":\"required name=search_term_string\"}],\"inLanguage\":\"pl-PL\"},{\"@type\":\"ImageObject\",\"@id\":\"https:\/\/pakuten.pl\/blog\/jak-spakowac-sie-na-wakacje-przygotuj-sie-z-nami-na-wyjazd\/#primaryimage\",\"inLanguage\":\"pl-PL\",\"url\":\"https:\/\/pakuten.pl\/blog\/wp-content\/uploads\/2020\/06\/jak-spakowac\u0301-sie\u0328-na-wakacje.jpg\",\"contentUrl\":\"https:\/\/pakuten.pl\/blog\/wp-content\/uploads\/2020\/06\/jak-spakowac\u0301-sie\u0328-na-wakacje.jpg\",\"width\":1280,\"height\":853},{\"@type\":\"WebPage\",\"@id\":\"https:\/\/pakuten.pl\/blog\/jak-spakowac-sie-na-wakacje-przygotuj-sie-z-nami-na-wyjazd\/#webpage\",\"url\":\"https:\/\/pakuten.pl\/blog\/jak-spakowac-sie-na-wakacje-przygotuj-sie-z-nami-na-wyjazd\/\",\"name\":\"Jak spakowa\u0107 si\u0119 na wakacje? Przygotuj si\u0119 z nami na wyjazd. - Pakuten blog\",\"isPartOf\":{\"@id\":\"https:\/\/pakuten.pl\/blog\/#website\"},\"primaryImageOfPage\":{\"@id\":\"https:\/\/pakuten.pl\/blog\/jak-spakowac-sie-na-wakacje-przygotuj-sie-z-nami-na-wyjazd\/#primaryimage\"},\"datePublished\":\"2020-06-26T08:19:34+00:00\",\"dateModified\":\"2021-09-08T07:10:47+00:00\",\"description\":\"Z pewno\u015bci\u0105 masz ju\u017c plany na wyjazd. Jak spakowa\u0107 si\u0119 na wakacje? Mamy dla Ciebie gotow\u0105 list\u0119 rzeczy! Dzi\u0119ki niej niczego nie zapomnisz.\",\"breadcrumb\":{\"@id\":\"https:\/\/pakuten.pl\/blog\/jak-spakowac-sie-na-wakacje-przygotuj-sie-z-nami-na-wyjazd\/#breadcrumb\"},\"inLanguage\":\"pl-PL\",\"potentialAction\":[{\"@type\":\"ReadAction\",\"target\":[\"https:\/\/pakuten.pl\/blog\/jak-spakowac-sie-na-wakacje-przygotuj-sie-z-nami-na-wyjazd\/\"]}]},{\"@type\":\"BreadcrumbList\",\"@id\":\"https:\/\/pakuten.pl\/blog\/jak-spakowac-sie-na-wakacje-przygotuj-sie-z-nami-na-wyjazd\/#breadcrumb\",\"itemListElement\":[{\"@type\":\"ListItem\",\"position\":1,\"name\":\"Strona g\u0142\u00f3wna\",\"item\":\"https:\/\/pakuten.pl\/blog\/\"},{\"@type\":\"ListItem\",\"position\":2,\"name\":\"Jak spakowa\u0107 si\u0119 na wakacje? Przygotuj si\u0119 z nami na wyjazd.\"}]},{\"@type\":\"Article\",\"@id\":\"https:\/\/pakuten.pl\/blog\/jak-spakowac-sie-na-wakacje-przygotuj-sie-z-nami-na-wyjazd\/#article\",\"isPartOf\":{\"@id\":\"https:\/\/pakuten.pl\/blog\/jak-spakowac-sie-na-wakacje-przygotuj-sie-z-nami-na-wyjazd\/#webpage\"},\"author\":{\"@id\":\"https:\/\/pakuten.pl\/blog\/#\/schema\/person\/d7133af30211381a4e4536d088384556\"},\"headline\":\"Jak spakowa\u0107 si\u0119 na wakacje? Przygotuj si\u0119 z nami na wyjazd.\",\"datePublished\":\"2020-06-26T08:19:34+00:00\",\"dateModified\":\"2021-09-08T07:10:47+00:00\",\"mainEntityOfPage\":{\"@id\":\"https:\/\/pakuten.pl\/blog\/jak-spakowac-sie-na-wakacje-przygotuj-sie-z-nami-na-wyjazd\/#webpage\"},\"wordCount\":888,\"commentCount\":0,\"publisher\":{\"@id\":\"https:\/\/pakuten.pl\/blog\/#organization\"},\"image\":{\"@id\":\"https:\/\/pakuten.pl\/blog\/jak-spakowac-sie-na-wakacje-przygotuj-sie-z-nami-na-wyjazd\/#primaryimage\"},\"thumbnailUrl\":\"https:\/\/pakuten.pl\/blog\/wp-content\/uploads\/2020\/06\/jak-spakowac\u0301-sie\u0328-na-wakacje.jpg\",\"articleSection\":[\"Tips&amp;Tricks\"],\"inLanguage\":\"pl-PL\",\"potentialAction\":[{\"@type\":\"CommentAction\",\"name\":\"Comment\",\"target\":[\"https:\/\/pakuten.pl\/blog\/jak-spakowac-sie-na-wakacje-przygotuj-sie-z-nami-na-wyjazd\/#respond\"]}]},{\"@type\":\"Person\",\"@id\":\"https:\/\/pakuten.pl\/blog\/#\/schema\/person\/d7133af30211381a4e4536d088384556\",\"name\":\"Pakuten Girl\",\"image\":{\"@type\":\"ImageObject\",\"@id\":\"https:\/\/pakuten.pl\/blog\/#personlogo\",\"inLanguage\":\"pl-PL\",\"url\":\"https:\/\/secure.gravatar.com\/avatar\/d3df41de2caf92e6cfded9430c2ff352?s=96&d=mm&r=g\",\"contentUrl\":\"https:\/\/secure.gravatar.com\/avatar\/d3df41de2caf92e6cfded9430c2ff352?s=96&d=mm&r=g\",\"caption\":\"Pakuten Girl\"},\"description\":\"Cze\u015b\u0107, nazywam si\u0119 Ola. Kocham Netflixa, sals\u0119, nowo\u015bci kosmetyczne i najnowsze trendy w modzie.\",\"url\":\"https:\/\/pakuten.pl\/blog\/author\/pakuten-girl\/\"}]}<\/script>\n<!-- \/ Yoast SEO plugin. -->","yoast_head_json":{"title":"Jak spakowa\u0107 si\u0119 na wakacje? Przygotuj si\u0119 z nami na wyjazd. - Pakuten blog","description":"Z pewno\u015bci\u0105 masz ju\u017c plany na wyjazd. Jak spakowa\u0107 si\u0119 na wakacje? Mamy dla Ciebie gotow\u0105 list\u0119 rzeczy! Dzi\u0119ki niej niczego nie zapomnisz.","robots":{"index":"index","follow":"follow","max-snippet":"max-snippet:-1","max-image-preview":"max-image-preview:large","max-video-preview":"max-video-preview:-1"},"canonical":"https:\/\/pakuten.pl\/blog\/jak-spakowac-sie-na-wakacje-przygotuj-sie-z-nami-na-wyjazd\/","og_locale":"pl_PL","og_type":"article","og_title":"Jak spakowa\u0107 si\u0119 na wakacje? Przygotuj si\u0119 z nami na wyjazd. - Pakuten blog","og_description":"Z pewno\u015bci\u0105 masz ju\u017c plany na wyjazd. Jak spakowa\u0107 si\u0119 na wakacje? Mamy dla Ciebie gotow\u0105 list\u0119 rzeczy! Dzi\u0119ki niej niczego nie zapomnisz.","og_url":"https:\/\/pakuten.pl\/blog\/jak-spakowac-sie-na-wakacje-przygotuj-sie-z-nami-na-wyjazd\/","og_site_name":"Pakuten blog","article_published_time":"2020-06-26T08:19:34+00:00","article_modified_time":"2021-09-08T07:10:47+00:00","og_image":[{"width":1280,"height":853,"url":"https:\/\/pakuten.pl\/blog\/wp-content\/uploads\/2020\/06\/jak-spakowac\u0301-sie\u0328-na-wakacje.jpg","type":"image\/jpeg"}],"twitter_card":"summary_large_image","twitter_misc":{"Napisane przez":"Pakuten Girl","Szacowany czas czytania":"4 minuty"},"schema":{"@context":"https:\/\/schema.org","@graph":[{"@type":"Organization","@id":"https:\/\/pakuten.pl\/blog\/#organization","name":"Pakuten","url":"https:\/\/pakuten.pl\/blog\/","sameAs":[],"logo":{"@type":"ImageObject","@id":"https:\/\/pakuten.pl\/blog\/#logo","inLanguage":"pl-PL","url":"http:\/\/pakuten.pl\/blog\/wp-content\/uploads\/2018\/01\/pakuten_logo.png","contentUrl":"http:\/\/pakuten.pl\/blog\/wp-content\/uploads\/2018\/01\/pakuten_logo.png","width":300,"height":120,"caption":"Pakuten"},"image":{"@id":"https:\/\/pakuten.pl\/blog\/#logo"}},{"@type":"WebSite","@id":"https:\/\/pakuten.pl\/blog\/#website","url":"https:\/\/pakuten.pl\/blog\/","name":"Pakuten blog","description":"Blog sklepu internetowego pakuten.pl","publisher":{"@id":"https:\/\/pakuten.pl\/blog\/#organization"},"potentialAction":[{"@type":"SearchAction","target":{"@type":"EntryPoint","urlTemplate":"https:\/\/pakuten.pl\/blog\/?s={search_term_string}"},"query-input":"required name=search_term_string"}],"inLanguage":"pl-PL"},{"@type":"ImageObject","@id":"https:\/\/pakuten.pl\/blog\/jak-spakowac-sie-na-wakacje-przygotuj-sie-z-nami-na-wyjazd\/#primaryimage","inLanguage":"pl-PL","url":"https:\/\/pakuten.pl\/blog\/wp-content\/uploads\/2020\/06\/jak-spakowac\u0301-sie\u0328-na-wakacje.jpg","contentUrl":"https:\/\/pakuten.pl\/blog\/wp-content\/uploads\/2020\/06\/jak-spakowac\u0301-sie\u0328-na-wakacje.jpg","width":1280,"height":853},{"@type":"WebPage","@id":"https:\/\/pakuten.pl\/blog\/jak-spakowac-sie-na-wakacje-przygotuj-sie-z-nami-na-wyjazd\/#webpage","url":"https:\/\/pakuten.pl\/blog\/jak-spakowac-sie-na-wakacje-przygotuj-sie-z-nami-na-wyjazd\/","name":"Jak spakowa\u0107 si\u0119 na wakacje? Przygotuj si\u0119 z nami na wyjazd. - Pakuten blog","isPartOf":{"@id":"https:\/\/pakuten.pl\/blog\/#website"},"primaryImageOfPage":{"@id":"https:\/\/pakuten.pl\/blog\/jak-spakowac-sie-na-wakacje-przygotuj-sie-z-nami-na-wyjazd\/#primaryimage"},"datePublished":"2020-06-26T08:19:34+00:00","dateModified":"2021-09-08T07:10:47+00:00","description":"Z pewno\u015bci\u0105 masz ju\u017c plany na wyjazd. Jak spakowa\u0107 si\u0119 na wakacje? Mamy dla Ciebie gotow\u0105 list\u0119 rzeczy! Dzi\u0119ki niej niczego nie zapomnisz.","breadcrumb":{"@id":"https:\/\/pakuten.pl\/blog\/jak-spakowac-sie-na-wakacje-przygotuj-sie-z-nami-na-wyjazd\/#breadcrumb"},"inLanguage":"pl-PL","potentialAction":[{"@type":"ReadAction","target":["https:\/\/pakuten.pl\/blog\/jak-spakowac-sie-na-wakacje-przygotuj-sie-z-nami-na-wyjazd\/"]}]},{"@type":"BreadcrumbList","@id":"https:\/\/pakuten.pl\/blog\/jak-spakowac-sie-na-wakacje-przygotuj-sie-z-nami-na-wyjazd\/#breadcrumb","itemListElement":[{"@type":"ListItem","position":1,"name":"Strona g\u0142\u00f3wna","item":"https:\/\/pakuten.pl\/blog\/"},{"@type":"ListItem","position":2,"name":"Jak spakowa\u0107 si\u0119 na wakacje? Przygotuj si\u0119 z nami na wyjazd."}]},{"@type":"Article","@id":"https:\/\/pakuten.pl\/blog\/jak-spakowac-sie-na-wakacje-przygotuj-sie-z-nami-na-wyjazd\/#article","isPartOf":{"@id":"https:\/\/pakuten.pl\/blog\/jak-spakowac-sie-na-wakacje-przygotuj-sie-z-nami-na-wyjazd\/#webpage"},"author":{"@id":"https:\/\/pakuten.pl\/blog\/#\/schema\/person\/d7133af30211381a4e4536d088384556"},"headline":"Jak spakowa\u0107 si\u0119 na wakacje? Przygotuj si\u0119 z nami na wyjazd.","datePublished":"2020-06-26T08:19:34+00:00","dateModified":"2021-09-08T07:10:47+00:00","mainEntityOfPage":{"@id":"https:\/\/pakuten.pl\/blog\/jak-spakowac-sie-na-wakacje-przygotuj-sie-z-nami-na-wyjazd\/#webpage"},"wordCount":888,"commentCount":0,"publisher":{"@id":"https:\/\/pakuten.pl\/blog\/#organization"},"image":{"@id":"https:\/\/pakuten.pl\/blog\/jak-spakowac-sie-na-wakacje-przygotuj-sie-z-nami-na-wyjazd\/#primaryimage"},"thumbnailUrl":"https:\/\/pakuten.pl\/blog\/wp-content\/uploads\/2020\/06\/jak-spakowac\u0301-sie\u0328-na-wakacje.jpg","articleSection":["Tips&amp;Tricks"],"inLanguage":"pl-PL","potentialAction":[{"@type":"CommentAction","name":"Comment","target":["https:\/\/pakuten.pl\/blog\/jak-spakowac-sie-na-wakacje-przygotuj-sie-z-nami-na-wyjazd\/#respond"]}]},{"@type":"Person","@id":"https:\/\/pakuten.pl\/blog\/#\/schema\/person\/d7133af30211381a4e4536d088384556","name":"Pakuten Girl","image":{"@type":"ImageObject","@id":"https:\/\/pakuten.pl\/blog\/#personlogo","inLanguage":"pl-PL","url":"https:\/\/secure.gravatar.com\/avatar\/d3df41de2caf92e6cfded9430c2ff352?s=96&d=mm&r=g","contentUrl":"https:\/\/secure.gravatar.com\/avatar\/d3df41de2caf92e6cfded9430c2ff352?s=96&d=mm&r=g","caption":"Pakuten Girl"},"description":"Cze\u015b\u0107, nazywam si\u0119 Ola. Kocham Netflixa, sals\u0119, nowo\u015bci kosmetyczne i najnowsze trendy w modzie.","url":"https:\/\/pakuten.pl\/blog\/author\/pakuten-girl\/"}]}},"_links":{"self":[{"href":"https:\/\/pakuten.pl\/blog\/wp-json\/wp\/v2\/posts\/3300"}],"collection":[{"href":"https:\/\/pakuten.pl\/blog\/wp-json\/wp\/v2\/posts"}],"about":[{"href":"https:\/\/pakuten.pl\/blog\/wp-json\/wp\/v2\/types\/post"}],"author":[{"embeddable":true,"href":"https:\/\/pakuten.pl\/blog\/wp-json\/wp\/v2\/users\/3"}],"replies":[{"embeddable":true,"href":"https:\/\/pakuten.pl\/blog\/wp-json\/wp\/v2\/comments?post=3300"}],"version-history":[{"count":11,"href":"https:\/\/pakuten.pl\/blog\/wp-json\/wp\/v2\/posts\/3300\/revisions"}],"predecessor-version":[{"id":5437,"href":"https:\/\/pakuten.pl\/blog\/wp-json\/wp\/v2\/posts\/3300\/revisions\/5437"}],"wp:featuredmedia":[{"embeddable":true,"href":"https:\/\/pakuten.pl\/blog\/wp-json\/wp\/v2\/media\/3311"}],"wp:attachment":[{"href":"https:\/\/pakuten.pl\/blog\/wp-json\/wp\/v2\/media?parent=3300"}],"wp:term":[{"taxonomy":"category","embeddable":true,"href":"https:\/\/pakuten.pl\/blog\/wp-json\/wp\/v2\/categories?post=3300"},{"taxonomy":"post_tag","embeddable":true,"href":"https:\/\/pakuten.pl\/blog\/wp-json\/wp\/v2\/tags?post=3300"}],"curies":[{"name":"wp","href":"https:\/\/api.w.org\/{rel}","templated":true}]}}