{"id":3313,"date":"2023-07-18T11:29:00","date_gmt":"2023-07-18T09:29:00","guid":{"rendered":"http:\/\/pakuten.pl\/blog\/?p=3313"},"modified":"2023-07-18T08:18:11","modified_gmt":"2023-07-18T06:18:11","slug":"modne-ozdoby-na-lato-2023-uzupelnij-nimi-stylizacje","status":"publish","type":"post","link":"https:\/\/pakuten.pl\/blog\/modne-ozdoby-na-lato-2023-uzupelnij-nimi-stylizacje\/","title":{"rendered":"Modne ozdoby na lato 2023 \u2013 uzupe\u0142nij nimi stylizacje."},"content":{"rendered":"<p><strong>Per\u0142y, pere\u0142ki, cyrkonie, kolory ziemi no i oczywi\u015bcie muszelki&#8230; Te motywy z pewno\u015bci\u0105 b\u0119d\u0105 si\u0119 przewija\u0107 w Twoich dodatkach w wakacje. Modne ozdoby na lato 2023 pozwol\u0105 Ci w kilka chwil urozmaici\u0107 stylizacje. Co i jak nosi\u0107, aby wygl\u0105da\u0107 stylowo? Znamy na to odpowied\u017a! Przekonaj si\u0119 sama!<\/strong><\/p>\n<h1>Modne ozdoby na lato 2023 &#8211; per\u0142y<\/h1>\n<p>Projektanci tworz\u0105cy modne ozdoby na lato 2023 odwo\u0142uj\u0105 si\u0119 z pewno\u015bci\u0105 do pe\u0142nej przepychu estetyki rokoka. W tym sezonie ten trend pojawi si\u0119 r\u00f3wnie\u017c na <span style=\"color: #ff9900;\"><strong>ozdobach dla kobiet<\/strong><\/span>, takich jak spinki do w\u0142os\u00f3w, opaski, bransoletki czy kolczyki i naszyjniki. Przedsmak tego mo\u017cna by\u0142o ju\u017c zauwa\u017cy\u0107 jaki\u015b czas temu na Instagramie. Mieni\u0105ce si\u0119 per\u0142y b\u0119d\u0105 na zmian\u0119 pojawia\u0107 si\u0119 na naszych w\u0142osach oraz ozdabia\u0107 kokieteryjnie nasz dekolt oraz uszy. Niekoniecznie musz\u0105 one by\u0107 o jasnej barwie. Pere\u0142ki wyst\u0119powa\u0107 b\u0119d\u0105 r\u00f3wnie\u017c w odcieniach szarym oraz pudrowym. Te <span style=\"color: #ff9900;\"><strong>intryguj\u0105ce dodatki<\/strong><\/span> kojarz\u0105 si\u0119 z luksusem. W ko\u0144cu prawdziwe per\u0142y nosz\u0105 \u015bwiatowej s\u0142awy gwiazdy. Wybieraj\u0105c te ozdoby, uwa\u017caj, aby nie przesadzi\u0107 z ich ilo\u015bci\u0105. One same w sobie s\u0105 bardzo efektowne, dlatego je\u015bli wybierzesz na w\u0142osy per\u0142owe spinki, nie zak\u0142adaj ju\u017c kolczyk\u00f3w z pere\u0142kami. Wsuwki takie nie tylko ozdobi\u0105 Twoj\u0105 g\u0142ow\u0119, ale r\u00f3wnie\u017c pomog\u0105 utrzyma\u0107 \u0142ad na g\u0142owie. Per\u0142owe opaski zachwyc\u0105 ka\u017cd\u0105 fank\u0119 romantycznych stylizacji. B\u0119dziesz w niej wygl\u0105da\u0107 uroczo.<\/p>\n<div class=\"product-box-container\">\r\n<div class=\"one_third \" style=\"\">\r\n<div class=\"product-box\">\r\n<a href=\"https:\/\/pakuten.pl\/32982-73305-czarny-puszysty-moherowy-sweter-anettia-czarny.html\" target=\"_blank\">\r\n <img src=\"https:\/\/media.pakuten.pl\/199014-large_default\/czarny-puszysty-moherowy-sweter-anettia.jpg\" alt=\"Czarny puszysty moherowy sweter Anettia\"\/>\r\n<\/a>\r\n<p>\r\n<a href=\"https:\/\/pakuten.pl\/32982-73305-czarny-puszysty-moherowy-sweter-anettia-czarny.html\" target=\"_blank\">\r\nCzarny puszysty moherowy sweter Anettia\r\n<\/a><\/p>\r\n  <p>Cena: 104,97\u00a0z\u0142<\/p>\r\n<a href=\"https:\/\/pakuten.pl\/32982-73305-czarny-puszysty-moherowy-sweter-anettia-czarny.html\" target=\"_blank\" class=\"button\">\r\nZobacz w sklepie\r\n<\/a>\r\n<\/div>\r\n<\/div>\r\n<div class=\"one_third \" style=\"\">\r\n<div class=\"product-box\">\r\n<a href=\"https:\/\/pakuten.pl\/32976-73300-bezowa-azurkowa-sukienka-z-rozcieciem-pemekka-bezowy.html\" target=\"_blank\">\r\n  <img src=\"https:\/\/media.pakuten.pl\/198994-large_default\/bezowa-azurkowa-sukienka-z-rozcieciem-pemekka.jpg\" alt=\"Be\u017cowa a\u017curkowa sukienka z rozci\u0119ciem Pemekka\"\/>\r\n<\/a>\r\n<p>\r\n<a href=\"https:\/\/pakuten.pl\/32976-73300-bezowa-azurkowa-sukienka-z-rozcieciem-pemekka-bezowy.html\" target=\"_blank\">\r\nBe\u017cowa a\u017curkowa sukienka z rozci\u0119ciem Pemekka\r\n<\/a><\/p>\r\n  <p>Cena: 104,97\u00a0z\u0142<\/p>\r\n<a href=\"https:\/\/pakuten.pl\/32976-73300-bezowa-azurkowa-sukienka-z-rozcieciem-pemekka-bezowy.html\" target=\"_blank\" class=\"button\">\r\nZobacz w sklepie\r\n<\/a>\r\n<\/div>\r\n<\/div>\r\n<div class=\"one_third last \" style=\"\">\r\n<div class=\"product-box\">\r\n<a href=\"https:\/\/pakuten.pl\/32981-73304-bezowy-azurkowy-komplet-topspodnie-mekkerta-bezowy.html\" target=\"_blank\">\r\n  <img src=\"https:\/\/media.pakuten.pl\/199011-large_default\/bezowy-azurkowy-komplet-topspodnie-mekkerta.jpg\" alt=\"Be\u017cowy a\u017curkowy komplet top+spodnie Mekkerta\"\/>\r\n<\/a>\r\n<p>\r\n<a href=\"https:\/\/pakuten.pl\/32981-73304-bezowy-azurkowy-komplet-topspodnie-mekkerta-bezowy.html\" target=\"_blank\">\r\nBe\u017cowy a\u017curkowy komplet top+spodnie Mekkerta\r\n<\/a><\/p>\r\n  <p>Cena: 94,49\u00a0z\u0142<\/p>\r\n<a href=\"https:\/\/pakuten.pl\/32981-73304-bezowy-azurkowy-komplet-topspodnie-mekkerta-bezowy.html\" target=\"_blank\" class=\"button\">\r\nZobacz w sklepie\r\n<\/a>\r\n<\/div>\r\n<\/div><br class=\"clear\"\/>\r\n<\/div>\n<h1>Kolory na Twoich w\u0142osach<\/h1>\n<p>Chocia\u017c kolorowe dodatki do w\u0142os\u00f3w mog\u0105 si\u0119 kojarzy\u0107 bardziej z dzieci\u0119cymi, w tym sezonie decydowanie b\u0119d\u0105 te\u017c kr\u00f3lowa\u0107 na g\u0142owach doros\u0142ych kobiet. <strong>Nie b\u00f3j si\u0119 wprowadzi\u0107 wielobarwnych element\u00f3w do swoich stylizacji.<\/strong> B\u0105d\u017a odwa\u017cna w swoim ubiorze i postaw na kolorowe modne ozdoby na lato 2023. Mog\u0105 by\u0107 to jakie\u015b wi\u0119ksze elementy, lub skromne dodatki, typu pastelowa gumka do w\u0142os\u00f3w lub jaka\u015b <span style=\"color: #ff9900;\"><strong>wzorzysta opaska<\/strong><\/span>. Przekonaj si\u0119 o tym, to nie kosztuje zbyt du\u017co i nie zajmuje te\u017c mn\u00f3stwo miejsca w Twojej szafce. Dlatego mo\u017cesz pozwoli\u0107 sobie \u015bmia\u0142o na tego typu dodatki, nie martwi\u0105c si\u0119 o swoje finanse. Mo\u017cesz eksperymentowa\u0107 ze swoimi w\u0142osami, wi\u0105za\u0107 je w kucyk, zrobi\u0107 koka lub nosi\u0107 je ca\u0142kowicie rozpuszczone. Kokardy to kolejny trend, kt\u00f3ry pokocha\u0142y dziewczyny! Pami\u0119taj o nich, wybieraj\u0105c dodatki do w\u0142os\u00f3w. Latem, pami\u0119taj r\u00f3wnie\u017c o tym, aby chroni\u0107 swoj\u0105 g\u0142ow\u0119 przed promieniami s\u0142onecznymi. <span style=\"color: #ff9900;\"><strong>Modny s\u0142omkowy kapelusz<\/strong><\/span> zestawiony ze zwiewn\u0105 sukienk\u0105 lub topem i szortami b\u0119dzie wygl\u0105da\u0142 niesamowicie!<\/p>\n<blockquote class=\"instagram-media\" style=\"background: #FFF; border: 0; border-radius: 3px; box-shadow: 0 0 1px 0 rgba(0,0,0,0.5),0 1px 10px 0 rgba(0,0,0,0.15); margin: 1px; max-width: 540px; min-width: 326px; padding: 0; width: calc(100% - 2px);\" data-instgrm-permalink=\"https:\/\/www.instagram.com\/p\/CuziO4nKkgy\/?utm_source=ig_embed&amp;utm_campaign=loading\" data-instgrm-version=\"14\">\n<div style=\"padding: 16px;\">\n<div style=\"display: flex; flex-direction: row; align-items: center;\">\n<div style=\"background-color: #f4f4f4; border-radius: 50%; flex-grow: 0; height: 40px; margin-right: 14px; width: 40px;\"><\/div>\n<div style=\"display: flex; flex-direction: column; flex-grow: 1; justify-content: center;\">\n<div style=\"background-color: #f4f4f4; border-radius: 4px; flex-grow: 0; height: 14px; margin-bottom: 6px; width: 100px;\"><\/div>\n<div style=\"background-color: #f4f4f4; border-radius: 4px; flex-grow: 0; height: 14px; width: 60px;\"><\/div>\n<\/div>\n<\/div>\n<div style=\"padding: 19% 0;\"><\/div>\n<div style=\"display: block; height: 50px; margin: 0 auto 12px; width: 50px;\"><\/div>\n<div style=\"padding-top: 8px;\">\n<div style=\"color: #3897f0; font-family: Arial,sans-serif; font-size: 14px; font-style: normal; font-weight: 550; line-height: 18px;\">Wy\u015bwietl ten post na Instagramie<\/div>\n<\/div>\n<div style=\"padding: 12.5% 0;\"><\/div>\n<div style=\"display: flex; flex-direction: row; margin-bottom: 14px; align-items: center;\">\n<div>\n<div style=\"background-color: #f4f4f4; border-radius: 50%; height: 12.5px; width: 12.5px; transform: translateX(0px) translateY(7px);\"><\/div>\n<div style=\"background-color: #f4f4f4; height: 12.5px; transform: rotate(-45deg) translateX(3px) translateY(1px); width: 12.5px; flex-grow: 0; margin-right: 14px; margin-left: 2px;\"><\/div>\n<div style=\"background-color: #f4f4f4; border-radius: 50%; height: 12.5px; width: 12.5px; transform: translateX(9px) translateY(-18px);\"><\/div>\n<\/div>\n<div style=\"margin-left: 8px;\">\n<div style=\"background-color: #f4f4f4; border-radius: 50%; flex-grow: 0; height: 20px; width: 20px;\"><\/div>\n<div style=\"width: 0; height: 0; border-top: 2px solid transparent; border-left: 6px solid #f4f4f4; border-bottom: 2px solid transparent; transform: translateX(16px) translateY(-4px) rotate(30deg);\"><\/div>\n<\/div>\n<div style=\"margin-left: auto;\">\n<div style=\"width: 0px; border-top: 8px solid #F4F4F4; border-right: 8px solid transparent; transform: translateY(16px);\"><\/div>\n<div style=\"background-color: #f4f4f4; flex-grow: 0; height: 12px; width: 16px; transform: translateY(-4px);\"><\/div>\n<div style=\"width: 0; height: 0; border-top: 8px solid #F4F4F4; border-left: 8px solid transparent; transform: translateY(-4px) translateX(8px);\"><\/div>\n<\/div>\n<\/div>\n<div style=\"display: flex; flex-direction: column; flex-grow: 1; justify-content: center; margin-bottom: 24px;\">\n<div style=\"background-color: #f4f4f4; border-radius: 4px; flex-grow: 0; height: 14px; margin-bottom: 6px; width: 224px;\"><\/div>\n<div style=\"background-color: #f4f4f4; border-radius: 4px; flex-grow: 0; height: 14px; width: 144px;\"><\/div>\n<\/div>\n<p style=\"color: #c9c8cd; font-family: Arial,sans-serif; font-size: 14px; line-height: 17px; margin-bottom: 0; margin-top: 8px; overflow: hidden; padding: 8px 0 7px; text-align: center; text-overflow: ellipsis; white-space: nowrap;\"><a style=\"color: #c9c8cd; font-family: Arial,sans-serif; font-size: 14px; font-style: normal; font-weight: normal; line-height: 17px; text-decoration: none;\" href=\"https:\/\/www.instagram.com\/p\/CuziO4nKkgy\/?utm_source=ig_embed&amp;utm_campaign=loading\" target=\"_blank\" rel=\"noopener\">Post udost\u0119pniony przez Pakuten.pl \u2022 Modna i tania odzie\u017c damska (@pakuten.official)<\/a><\/p>\n<\/div>\n<\/blockquote>\n<p><script async src=\"\/\/www.instagram.com\/embed.js\"><\/script><\/p>\n<h1>Modna bi\u017cuteria na lato<\/h1>\n<p>Chocia\u017c z jednej strony w tym sezonie b\u0119d\u0105 kr\u00f3lowa\u0142y dodatki pe\u0142ne przepychu, modne ozdoby na lato 2023 w postaci bi\u017cuterii powinny by\u0107 lekkie, nie przyt\u0142aczaj\u0105ce. Bia\u0142e, z\u0142ote albo te w klimacie morskim idealnie wpasuj\u0105 si\u0119 w letnie stylizacje. <strong>Zawsze te\u017c stosuj si\u0119 do zasady &#8211; nie przesadzaj z dodatkami. Je\u015bli za\u0142o\u017cysz dzisiaj mega ozdobne kolczyki, nie dobieraj do nich jeszcze du\u017cego naszyjnika i bransoletek.<\/strong> Nie obwieszaj si\u0119 bi\u017cuteri\u0105. Je\u015bli chodzi o naszyjnik, najlepiej, aby by\u0142 to jaki\u015b delikatny \u0142a\u0144cuszek, lub kilka z\u0142\u0105czonych w jeden komplet. Wisiorek w postaci k\u00f3\u0142ka, ksi\u0119\u017cyca czy gwiazdki b\u0119dzie mega hitem w to lato. Zakochasz si\u0119 tak\u017ce w dodatkach w kolorze nieba. W Twoich letnich styl\u00f3wkach nie mo\u017ce zabrakn\u0105\u0107 ozd\u00f3b z muszelkami, jak r\u00f3wnie\u017c wiklinianych dodatk\u00f3w. Mog\u0105 one by\u0107 w swoim naturalnym kolorze, albo barwione na przyk\u0142ad na kolor z\u0142ota. Latem pozw\u00f3l sobie r\u00f3wnie\u017c na ozdobienie swoich n\u00f3g. Wisiorek na uda lub na kostk\u0119 to absolutny hit!<\/p>\n<div class=\"product-box-container\">\r\n<div class=\"one_third \" style=\"\">\r\n<div class=\"product-box\">\r\n<a href=\"https:\/\/pakuten.pl\/32980-73303-bialy-azurkowy-komplet-topspodnie-mekkerta-bialy.html\" target=\"_blank\">\r\n <img src=\"https:\/\/media.pakuten.pl\/199007-large_default\/bialy-azurkowy-komplet-topspodnie-mekkerta.jpg\" alt=\"Bia\u0142y a\u017curkowy komplet top+spodnie Mekkerta\"\/>\r\n<\/a>\r\n<p>\r\n<a href=\"https:\/\/pakuten.pl\/32980-73303-bialy-azurkowy-komplet-topspodnie-mekkerta-bialy.html\" target=\"_blank\">\r\nBia\u0142y a\u017curkowy komplet top+spodnie Mekkerta\r\n<\/a><\/p>\r\n  <p>Cena: 104,97\u00a0z\u0142<\/p>\r\n<a href=\"https:\/\/pakuten.pl\/32980-73303-bialy-azurkowy-komplet-topspodnie-mekkerta-bialy.html\" target=\"_blank\" class=\"button\">\r\nZobacz w sklepie\r\n<\/a>\r\n<\/div>\r\n<\/div>\r\n<div class=\"one_third \" style=\"\">\r\n<div class=\"product-box\">\r\n<a href=\"https:\/\/pakuten.pl\/32974-73298-sukienka-na-ramiaczkach-ombre-z-rozporkiem-oleana-d83-d83.html\" target=\"_blank\">\r\n  <img src=\"https:\/\/media.pakuten.pl\/198986-large_default\/sukienka-na-ramiaczkach-ombre-z-rozporkiem-oleana-d83.jpg\" alt=\"Sukienka na rami\u0105czkach ombre z rozporkiem Oleana - D83\"\/>\r\n<\/a>\r\n<p>\r\n<a href=\"https:\/\/pakuten.pl\/32974-73298-sukienka-na-ramiaczkach-ombre-z-rozporkiem-oleana-d83-d83.html\" target=\"_blank\">\r\nSukienka na rami\u0105czkach ombre z rozporkiem Oleana - D83\r\n<\/a><\/p>\r\n  <p>Cena: 104,97\u00a0z\u0142<\/p>\r\n<a href=\"https:\/\/pakuten.pl\/32974-73298-sukienka-na-ramiaczkach-ombre-z-rozporkiem-oleana-d83-d83.html\" target=\"_blank\" class=\"button\">\r\nZobacz w sklepie\r\n<\/a>\r\n<\/div>\r\n<\/div>\r\n<div class=\"one_third last \" style=\"\">\r\n<div class=\"product-box\">\r\n<a href=\"https:\/\/pakuten.pl\/32973-73297-sukienka-w-kwiaty-z-rozcieciem-efredyka-d57-d57.html\" target=\"_blank\">\r\n  <img src=\"https:\/\/media.pakuten.pl\/198978-large_default\/sukienka-w-kwiaty-z-rozcieciem-efredyka-d57.jpg\" alt=\"Sukienka w kwiaty z rozci\u0119ciem Efredyka - D57\"\/>\r\n<\/a>\r\n<p>\r\n<a href=\"https:\/\/pakuten.pl\/32973-73297-sukienka-w-kwiaty-z-rozcieciem-efredyka-d57-d57.html\" target=\"_blank\">\r\nSukienka w kwiaty z rozci\u0119ciem Efredyka - D57\r\n<\/a><\/p>\r\n  <p>Cena: 59,99\u00a0z\u0142<\/p>\r\n<a href=\"https:\/\/pakuten.pl\/32973-73297-sukienka-w-kwiaty-z-rozcieciem-efredyka-d57-d57.html\" target=\"_blank\" class=\"button\">\r\nZobacz w sklepie\r\n<\/a>\r\n<\/div>\r\n<\/div><br class=\"clear\"\/>\r\n<\/div>\n<div><\/div>\n<h1>Kiedy s\u0142o\u0144ce mocniej za\u015bwieci<\/h1>\n<div><\/div>\n<div>Modne ozdoby na lato 2023 to nie tylko naszyjniki, pier\u015bcionki czy bransoletki. <strong>Je\u015bli pogoda dopisuje i s\u0142o\u0144ce do\u015b\u0107 mocno \u015bwieci, pami\u0119taj, \u017ceby mie\u0107 przy sobie okulary przeciws\u0142oneczne.<\/strong> Poza tym, \u017ce ochroni\u0105 Twoje oczy przed mocnym promieniowanie, to b\u0119d\u0105 niesamowit\u0105 ozdob\u0105 dla Twojej twarzy. W tym sezonie kr\u00f3luj\u0105 du\u017ce okulary tak zwane muchy, najlepiej kwadratowe, takie, jak nosi\u0142y kiedy\u015b celebrytki, chc\u0105c ukry\u0107 si\u0119 przed paparazzi. Je\u015bli chodzi o kolorystyk\u0119, najbardziej popularne s\u0105 czarne oraz odcienie br\u0105zu i be\u017cu. Miej ze zawsze w torebce&#8230; albo na nosie \ud83d\ude09<\/div>\n<div><\/div>\n<div><\/div>\n<blockquote class=\"instagram-media\" style=\"background: #FFF; border: 0; border-radius: 3px; box-shadow: 0 0 1px 0 rgba(0,0,0,0.5),0 1px 10px 0 rgba(0,0,0,0.15); margin: 1px; max-width: 540px; min-width: 326px; padding: 0; width: calc(100% - 2px);\" data-instgrm-permalink=\"https:\/\/www.instagram.com\/p\/CubeiiJKP2Q\/?utm_source=ig_embed&amp;utm_campaign=loading\" data-instgrm-version=\"14\">\n<div style=\"padding: 16px;\">\n<div style=\"display: flex; flex-direction: row; align-items: center;\">\n<div style=\"background-color: #f4f4f4; border-radius: 50%; flex-grow: 0; height: 40px; margin-right: 14px; width: 40px;\"><\/div>\n<div style=\"display: flex; flex-direction: column; flex-grow: 1; justify-content: center;\">\n<div style=\"background-color: #f4f4f4; border-radius: 4px; flex-grow: 0; height: 14px; margin-bottom: 6px; width: 100px;\"><\/div>\n<div style=\"background-color: #f4f4f4; border-radius: 4px; flex-grow: 0; height: 14px; width: 60px;\"><\/div>\n<\/div>\n<\/div>\n<div style=\"padding: 19% 0;\"><\/div>\n<div style=\"display: block; height: 50px; margin: 0 auto 12px; width: 50px;\"><\/div>\n<div style=\"padding-top: 8px;\">\n<div style=\"color: #3897f0; font-family: Arial,sans-serif; font-size: 14px; font-style: normal; font-weight: 550; line-height: 18px;\">Wy\u015bwietl ten post na Instagramie<\/div>\n<\/div>\n<div style=\"padding: 12.5% 0;\"><\/div>\n<div style=\"display: flex; flex-direction: row; margin-bottom: 14px; align-items: center;\">\n<div>\n<div style=\"background-color: #f4f4f4; border-radius: 50%; height: 12.5px; width: 12.5px; transform: translateX(0px) translateY(7px);\"><\/div>\n<div style=\"background-color: #f4f4f4; height: 12.5px; transform: rotate(-45deg) translateX(3px) translateY(1px); width: 12.5px; flex-grow: 0; margin-right: 14px; margin-left: 2px;\"><\/div>\n<div style=\"background-color: #f4f4f4; border-radius: 50%; height: 12.5px; width: 12.5px; transform: translateX(9px) translateY(-18px);\"><\/div>\n<\/div>\n<div style=\"margin-left: 8px;\">\n<div style=\"background-color: #f4f4f4; border-radius: 50%; flex-grow: 0; height: 20px; width: 20px;\"><\/div>\n<div style=\"width: 0; height: 0; border-top: 2px solid transparent; border-left: 6px solid #f4f4f4; border-bottom: 2px solid transparent; transform: translateX(16px) translateY(-4px) rotate(30deg);\"><\/div>\n<\/div>\n<div style=\"margin-left: auto;\">\n<div style=\"width: 0px; border-top: 8px solid #F4F4F4; border-right: 8px solid transparent; transform: translateY(16px);\"><\/div>\n<div style=\"background-color: #f4f4f4; flex-grow: 0; height: 12px; width: 16px; transform: translateY(-4px);\"><\/div>\n<div style=\"width: 0; height: 0; border-top: 8px solid #F4F4F4; border-left: 8px solid transparent; transform: translateY(-4px) translateX(8px);\"><\/div>\n<\/div>\n<\/div>\n<div style=\"display: flex; flex-direction: column; flex-grow: 1; justify-content: center; margin-bottom: 24px;\">\n<div style=\"background-color: #f4f4f4; border-radius: 4px; flex-grow: 0; height: 14px; margin-bottom: 6px; width: 224px;\"><\/div>\n<div style=\"background-color: #f4f4f4; border-radius: 4px; flex-grow: 0; height: 14px; width: 144px;\"><\/div>\n<\/div>\n<p style=\"color: #c9c8cd; font-family: Arial,sans-serif; font-size: 14px; line-height: 17px; margin-bottom: 0; margin-top: 8px; overflow: hidden; padding: 8px 0 7px; text-align: center; text-overflow: ellipsis; white-space: nowrap;\"><a style=\"color: #c9c8cd; font-family: Arial,sans-serif; font-size: 14px; font-style: normal; font-weight: normal; line-height: 17px; text-decoration: none;\" href=\"https:\/\/www.instagram.com\/p\/CubeiiJKP2Q\/?utm_source=ig_embed&amp;utm_campaign=loading\" target=\"_blank\" rel=\"noopener\">Post udost\u0119pniony przez Pakuten.pl \u2022 Modna i tania odzie\u017c damska (@pakuten.official)<\/a><\/p>\n<\/div>\n<\/blockquote>\n<p><script async src=\"\/\/www.instagram.com\/embed.js\"><\/script><\/p>\n<div><\/div>\n\n\n<div class=\"kk-star-ratings kksr-auto kksr-align-right kksr-valign-bottom\"\n    data-payload='{&quot;align&quot;:&quot;right&quot;,&quot;id&quot;:&quot;3313&quot;,&quot;slug&quot;:&quot;default&quot;,&quot;valign&quot;:&quot;bottom&quot;,&quot;ignore&quot;:&quot;&quot;,&quot;reference&quot;:&quot;auto&quot;,&quot;class&quot;:&quot;&quot;,&quot;count&quot;:&quot;0&quot;,&quot;legendonly&quot;:&quot;&quot;,&quot;readonly&quot;:&quot;&quot;,&quot;score&quot;:&quot;0&quot;,&quot;starsonly&quot;:&quot;&quot;,&quot;best&quot;:&quot;5&quot;,&quot;gap&quot;:&quot;5&quot;,&quot;greet&quot;:&quot;Rate this post&quot;,&quot;legend&quot;:&quot;0\\\/5 - (0 votes)&quot;,&quot;size&quot;:&quot;24&quot;,&quot;width&quot;:&quot;0&quot;,&quot;_legend&quot;:&quot;{score}\\\/{best} - ({count} {votes})&quot;,&quot;font_factor&quot;:&quot;1.25&quot;}'>\n            \n<div class=\"kksr-stars\">\n    \n<div class=\"kksr-stars-inactive\">\n            <div class=\"kksr-star\" data-star=\"1\" style=\"padding-right: 5px\">\n            \n\n<div class=\"kksr-icon\" style=\"width: 24px; height: 24px;\"><\/div>\n        <\/div>\n            <div class=\"kksr-star\" data-star=\"2\" style=\"padding-right: 5px\">\n            \n\n<div class=\"kksr-icon\" style=\"width: 24px; height: 24px;\"><\/div>\n        <\/div>\n            <div class=\"kksr-star\" data-star=\"3\" style=\"padding-right: 5px\">\n            \n\n<div class=\"kksr-icon\" style=\"width: 24px; height: 24px;\"><\/div>\n        <\/div>\n            <div class=\"kksr-star\" data-star=\"4\" style=\"padding-right: 5px\">\n            \n\n<div class=\"kksr-icon\" style=\"width: 24px; height: 24px;\"><\/div>\n        <\/div>\n            <div class=\"kksr-star\" data-star=\"5\" style=\"padding-right: 5px\">\n            \n\n<div class=\"kksr-icon\" style=\"width: 24px; height: 24px;\"><\/div>\n        <\/div>\n    <\/div>\n    \n<div class=\"kksr-stars-active\" style=\"width: 0px;\">\n            <div class=\"kksr-star\" style=\"padding-right: 5px\">\n            \n\n<div class=\"kksr-icon\" style=\"width: 24px; height: 24px;\"><\/div>\n        <\/div>\n            <div class=\"kksr-star\" style=\"padding-right: 5px\">\n            \n\n<div class=\"kksr-icon\" style=\"width: 24px; height: 24px;\"><\/div>\n        <\/div>\n            <div class=\"kksr-star\" style=\"padding-right: 5px\">\n            \n\n<div class=\"kksr-icon\" style=\"width: 24px; height: 24px;\"><\/div>\n        <\/div>\n            <div class=\"kksr-star\" style=\"padding-right: 5px\">\n            \n\n<div class=\"kksr-icon\" style=\"width: 24px; height: 24px;\"><\/div>\n        <\/div>\n            <div class=\"kksr-star\" style=\"padding-right: 5px\">\n            \n\n<div class=\"kksr-icon\" style=\"width: 24px; height: 24px;\"><\/div>\n        <\/div>\n    <\/div>\n<\/div>\n                \n\n<div class=\"kksr-legend\" style=\"font-size: 19.2px;\">\n            <span class=\"kksr-muted\">Rate this post<\/span>\n    <\/div>\n    <\/div>\n","protected":false},"excerpt":{"rendered":"<p>Per\u0142y, pere\u0142ki, cyrkonie, kolory ziemi no i oczywi\u015bcie muszelki&#8230; Te motywy z pewno\u015bci\u0105 b\u0119d\u0105 si\u0119 przewija\u0107 w Twoich dodatkach w wakacje. Modne ozdoby na lato 2023 pozwol\u0105 Ci w kilka chwil urozmaici\u0107 stylizacje. Co i jak nosi\u0107, aby wygl\u0105da\u0107 stylowo? Znamy na to odpowied\u017a! Przekonaj si\u0119 sama!<\/p>\n","protected":false},"author":3,"featured_media":7768,"comment_status":"open","ping_status":"open","sticky":false,"template":"","format":"standard","meta":[],"categories":[3],"tags":[],"yoast_head":"<!-- This site is optimized with the Yoast SEO plugin v18.4.1 - https:\/\/yoast.com\/wordpress\/plugins\/seo\/ -->\n<title>Modne ozdoby na lato 2023 \u2013 uzupe\u0142nij nimi stylizacje. - Pakuten blog %<\/title>\n<meta name=\"description\" content=\"Per\u0142y, pere\u0142ki, cyrkonie, kolory ziemi no i oczywi\u015bcie muszelki... Modne ozdoby na lato 2023 pozwol\u0105 Ci w kilka chwil urozmaici\u0107 stylizacje.\" \/>\n<meta name=\"robots\" content=\"index, follow, max-snippet:-1, max-image-preview:large, max-video-preview:-1\" \/>\n<link rel=\"canonical\" href=\"https:\/\/pakuten.pl\/blog\/modne-ozdoby-na-lato-2023-uzupelnij-nimi-stylizacje\/\" \/>\n<meta property=\"og:locale\" content=\"pl_PL\" \/>\n<meta property=\"og:type\" content=\"article\" \/>\n<meta property=\"og:title\" content=\"Modne ozdoby na lato 2023 \u2013 uzupe\u0142nij nimi stylizacje. - Pakuten blog %\" \/>\n<meta property=\"og:description\" content=\"Per\u0142y, pere\u0142ki, cyrkonie, kolory ziemi no i oczywi\u015bcie muszelki... Modne ozdoby na lato 2023 pozwol\u0105 Ci w kilka chwil urozmaici\u0107 stylizacje.\" \/>\n<meta property=\"og:url\" content=\"https:\/\/pakuten.pl\/blog\/modne-ozdoby-na-lato-2023-uzupelnij-nimi-stylizacje\/\" \/>\n<meta property=\"og:site_name\" content=\"Pakuten blog\" \/>\n<meta property=\"article:published_time\" content=\"2023-07-18T09:29:00+00:00\" \/>\n<meta property=\"article:modified_time\" content=\"2023-07-18T06:18:11+00:00\" \/>\n<meta property=\"og:image\" content=\"https:\/\/pakuten.pl\/blog\/wp-content\/uploads\/2020\/07\/Modne-ozdoby-na-lato-2023-\u2013-uzupelnij-nimi-stylizacje..jpeg\" \/>\n\t<meta property=\"og:image:width\" content=\"1200\" \/>\n\t<meta property=\"og:image:height\" content=\"675\" \/>\n\t<meta property=\"og:image:type\" content=\"image\/jpeg\" \/>\n<meta name=\"twitter:card\" content=\"summary_large_image\" \/>\n<meta name=\"twitter:label1\" content=\"Napisane przez\" \/>\n\t<meta name=\"twitter:data1\" content=\"Pakuten Girl\" \/>\n\t<meta name=\"twitter:label2\" content=\"Szacowany czas czytania\" \/>\n\t<meta name=\"twitter:data2\" content=\"4 minuty\" \/>\n<script type=\"application\/ld+json\" class=\"yoast-schema-graph\">{\"@context\":\"https:\/\/schema.org\",\"@graph\":[{\"@type\":\"Organization\",\"@id\":\"https:\/\/pakuten.pl\/blog\/#organization\",\"name\":\"Pakuten\",\"url\":\"https:\/\/pakuten.pl\/blog\/\",\"sameAs\":[],\"logo\":{\"@type\":\"ImageObject\",\"@id\":\"https:\/\/pakuten.pl\/blog\/#logo\",\"inLanguage\":\"pl-PL\",\"url\":\"http:\/\/pakuten.pl\/blog\/wp-content\/uploads\/2018\/01\/pakuten_logo.png\",\"contentUrl\":\"http:\/\/pakuten.pl\/blog\/wp-content\/uploads\/2018\/01\/pakuten_logo.png\",\"width\":300,\"height\":120,\"caption\":\"Pakuten\"},\"image\":{\"@id\":\"https:\/\/pakuten.pl\/blog\/#logo\"}},{\"@type\":\"WebSite\",\"@id\":\"https:\/\/pakuten.pl\/blog\/#website\",\"url\":\"https:\/\/pakuten.pl\/blog\/\",\"name\":\"Pakuten blog\",\"description\":\"Blog sklepu internetowego pakuten.pl\",\"publisher\":{\"@id\":\"https:\/\/pakuten.pl\/blog\/#organization\"},\"potentialAction\":[{\"@type\":\"SearchAction\",\"target\":{\"@type\":\"EntryPoint\",\"urlTemplate\":\"https:\/\/pakuten.pl\/blog\/?s={search_term_string}\"},\"query-input\":\"required name=search_term_string\"}],\"inLanguage\":\"pl-PL\"},{\"@type\":\"ImageObject\",\"@id\":\"https:\/\/pakuten.pl\/blog\/modne-ozdoby-na-lato-2023-uzupelnij-nimi-stylizacje\/#primaryimage\",\"inLanguage\":\"pl-PL\",\"url\":\"https:\/\/pakuten.pl\/blog\/wp-content\/uploads\/2020\/07\/Modne-ozdoby-na-lato-2023-\u2013-uzupelnij-nimi-stylizacje..jpeg\",\"contentUrl\":\"https:\/\/pakuten.pl\/blog\/wp-content\/uploads\/2020\/07\/Modne-ozdoby-na-lato-2023-\u2013-uzupelnij-nimi-stylizacje..jpeg\",\"width\":1200,\"height\":675},{\"@type\":\"WebPage\",\"@id\":\"https:\/\/pakuten.pl\/blog\/modne-ozdoby-na-lato-2023-uzupelnij-nimi-stylizacje\/#webpage\",\"url\":\"https:\/\/pakuten.pl\/blog\/modne-ozdoby-na-lato-2023-uzupelnij-nimi-stylizacje\/\",\"name\":\"Modne ozdoby na lato 2023 \u2013 uzupe\u0142nij nimi stylizacje. - Pakuten blog %\",\"isPartOf\":{\"@id\":\"https:\/\/pakuten.pl\/blog\/#website\"},\"primaryImageOfPage\":{\"@id\":\"https:\/\/pakuten.pl\/blog\/modne-ozdoby-na-lato-2023-uzupelnij-nimi-stylizacje\/#primaryimage\"},\"datePublished\":\"2023-07-18T09:29:00+00:00\",\"dateModified\":\"2023-07-18T06:18:11+00:00\",\"description\":\"Per\u0142y, pere\u0142ki, cyrkonie, kolory ziemi no i oczywi\u015bcie muszelki... Modne ozdoby na lato 2023 pozwol\u0105 Ci w kilka chwil urozmaici\u0107 stylizacje.\",\"breadcrumb\":{\"@id\":\"https:\/\/pakuten.pl\/blog\/modne-ozdoby-na-lato-2023-uzupelnij-nimi-stylizacje\/#breadcrumb\"},\"inLanguage\":\"pl-PL\",\"potentialAction\":[{\"@type\":\"ReadAction\",\"target\":[\"https:\/\/pakuten.pl\/blog\/modne-ozdoby-na-lato-2023-uzupelnij-nimi-stylizacje\/\"]}]},{\"@type\":\"BreadcrumbList\",\"@id\":\"https:\/\/pakuten.pl\/blog\/modne-ozdoby-na-lato-2023-uzupelnij-nimi-stylizacje\/#breadcrumb\",\"itemListElement\":[{\"@type\":\"ListItem\",\"position\":1,\"name\":\"Strona g\u0142\u00f3wna\",\"item\":\"https:\/\/pakuten.pl\/blog\/\"},{\"@type\":\"ListItem\",\"position\":2,\"name\":\"Modne ozdoby na lato 2023 \u2013 uzupe\u0142nij nimi stylizacje.\"}]},{\"@type\":\"Article\",\"@id\":\"https:\/\/pakuten.pl\/blog\/modne-ozdoby-na-lato-2023-uzupelnij-nimi-stylizacje\/#article\",\"isPartOf\":{\"@id\":\"https:\/\/pakuten.pl\/blog\/modne-ozdoby-na-lato-2023-uzupelnij-nimi-stylizacje\/#webpage\"},\"author\":{\"@id\":\"https:\/\/pakuten.pl\/blog\/#\/schema\/person\/d7133af30211381a4e4536d088384556\"},\"headline\":\"Modne ozdoby na lato 2023 \u2013 uzupe\u0142nij nimi stylizacje.\",\"datePublished\":\"2023-07-18T09:29:00+00:00\",\"dateModified\":\"2023-07-18T06:18:11+00:00\",\"mainEntityOfPage\":{\"@id\":\"https:\/\/pakuten.pl\/blog\/modne-ozdoby-na-lato-2023-uzupelnij-nimi-stylizacje\/#webpage\"},\"wordCount\":803,\"commentCount\":0,\"publisher\":{\"@id\":\"https:\/\/pakuten.pl\/blog\/#organization\"},\"image\":{\"@id\":\"https:\/\/pakuten.pl\/blog\/modne-ozdoby-na-lato-2023-uzupelnij-nimi-stylizacje\/#primaryimage\"},\"thumbnailUrl\":\"https:\/\/pakuten.pl\/blog\/wp-content\/uploads\/2020\/07\/Modne-ozdoby-na-lato-2023-\u2013-uzupelnij-nimi-stylizacje..jpeg\",\"articleSection\":[\"Top Trends\"],\"inLanguage\":\"pl-PL\",\"potentialAction\":[{\"@type\":\"CommentAction\",\"name\":\"Comment\",\"target\":[\"https:\/\/pakuten.pl\/blog\/modne-ozdoby-na-lato-2023-uzupelnij-nimi-stylizacje\/#respond\"]}]},{\"@type\":\"Person\",\"@id\":\"https:\/\/pakuten.pl\/blog\/#\/schema\/person\/d7133af30211381a4e4536d088384556\",\"name\":\"Pakuten Girl\",\"image\":{\"@type\":\"ImageObject\",\"@id\":\"https:\/\/pakuten.pl\/blog\/#personlogo\",\"inLanguage\":\"pl-PL\",\"url\":\"https:\/\/secure.gravatar.com\/avatar\/d3df41de2caf92e6cfded9430c2ff352?s=96&d=mm&r=g\",\"contentUrl\":\"https:\/\/secure.gravatar.com\/avatar\/d3df41de2caf92e6cfded9430c2ff352?s=96&d=mm&r=g\",\"caption\":\"Pakuten Girl\"},\"description\":\"Cze\u015b\u0107, nazywam si\u0119 Ola. Kocham Netflixa, sals\u0119, nowo\u015bci kosmetyczne i najnowsze trendy w modzie.\",\"url\":\"https:\/\/pakuten.pl\/blog\/author\/pakuten-girl\/\"}]}<\/script>\n<!-- \/ Yoast SEO plugin. -->","yoast_head_json":{"title":"Modne ozdoby na lato 2023 \u2013 uzupe\u0142nij nimi stylizacje. - Pakuten blog %","description":"Per\u0142y, pere\u0142ki, cyrkonie, kolory ziemi no i oczywi\u015bcie muszelki... Modne ozdoby na lato 2023 pozwol\u0105 Ci w kilka chwil urozmaici\u0107 stylizacje.","robots":{"index":"index","follow":"follow","max-snippet":"max-snippet:-1","max-image-preview":"max-image-preview:large","max-video-preview":"max-video-preview:-1"},"canonical":"https:\/\/pakuten.pl\/blog\/modne-ozdoby-na-lato-2023-uzupelnij-nimi-stylizacje\/","og_locale":"pl_PL","og_type":"article","og_title":"Modne ozdoby na lato 2023 \u2013 uzupe\u0142nij nimi stylizacje. - Pakuten blog %","og_description":"Per\u0142y, pere\u0142ki, cyrkonie, kolory ziemi no i oczywi\u015bcie muszelki... Modne ozdoby na lato 2023 pozwol\u0105 Ci w kilka chwil urozmaici\u0107 stylizacje.","og_url":"https:\/\/pakuten.pl\/blog\/modne-ozdoby-na-lato-2023-uzupelnij-nimi-stylizacje\/","og_site_name":"Pakuten blog","article_published_time":"2023-07-18T09:29:00+00:00","article_modified_time":"2023-07-18T06:18:11+00:00","og_image":[{"width":1200,"height":675,"url":"https:\/\/pakuten.pl\/blog\/wp-content\/uploads\/2020\/07\/Modne-ozdoby-na-lato-2023-\u2013-uzupelnij-nimi-stylizacje..jpeg","type":"image\/jpeg"}],"twitter_card":"summary_large_image","twitter_misc":{"Napisane przez":"Pakuten Girl","Szacowany czas czytania":"4 minuty"},"schema":{"@context":"https:\/\/schema.org","@graph":[{"@type":"Organization","@id":"https:\/\/pakuten.pl\/blog\/#organization","name":"Pakuten","url":"https:\/\/pakuten.pl\/blog\/","sameAs":[],"logo":{"@type":"ImageObject","@id":"https:\/\/pakuten.pl\/blog\/#logo","inLanguage":"pl-PL","url":"http:\/\/pakuten.pl\/blog\/wp-content\/uploads\/2018\/01\/pakuten_logo.png","contentUrl":"http:\/\/pakuten.pl\/blog\/wp-content\/uploads\/2018\/01\/pakuten_logo.png","width":300,"height":120,"caption":"Pakuten"},"image":{"@id":"https:\/\/pakuten.pl\/blog\/#logo"}},{"@type":"WebSite","@id":"https:\/\/pakuten.pl\/blog\/#website","url":"https:\/\/pakuten.pl\/blog\/","name":"Pakuten blog","description":"Blog sklepu internetowego pakuten.pl","publisher":{"@id":"https:\/\/pakuten.pl\/blog\/#organization"},"potentialAction":[{"@type":"SearchAction","target":{"@type":"EntryPoint","urlTemplate":"https:\/\/pakuten.pl\/blog\/?s={search_term_string}"},"query-input":"required name=search_term_string"}],"inLanguage":"pl-PL"},{"@type":"ImageObject","@id":"https:\/\/pakuten.pl\/blog\/modne-ozdoby-na-lato-2023-uzupelnij-nimi-stylizacje\/#primaryimage","inLanguage":"pl-PL","url":"https:\/\/pakuten.pl\/blog\/wp-content\/uploads\/2020\/07\/Modne-ozdoby-na-lato-2023-\u2013-uzupelnij-nimi-stylizacje..jpeg","contentUrl":"https:\/\/pakuten.pl\/blog\/wp-content\/uploads\/2020\/07\/Modne-ozdoby-na-lato-2023-\u2013-uzupelnij-nimi-stylizacje..jpeg","width":1200,"height":675},{"@type":"WebPage","@id":"https:\/\/pakuten.pl\/blog\/modne-ozdoby-na-lato-2023-uzupelnij-nimi-stylizacje\/#webpage","url":"https:\/\/pakuten.pl\/blog\/modne-ozdoby-na-lato-2023-uzupelnij-nimi-stylizacje\/","name":"Modne ozdoby na lato 2023 \u2013 uzupe\u0142nij nimi stylizacje. - Pakuten blog %","isPartOf":{"@id":"https:\/\/pakuten.pl\/blog\/#website"},"primaryImageOfPage":{"@id":"https:\/\/pakuten.pl\/blog\/modne-ozdoby-na-lato-2023-uzupelnij-nimi-stylizacje\/#primaryimage"},"datePublished":"2023-07-18T09:29:00+00:00","dateModified":"2023-07-18T06:18:11+00:00","description":"Per\u0142y, pere\u0142ki, cyrkonie, kolory ziemi no i oczywi\u015bcie muszelki... Modne ozdoby na lato 2023 pozwol\u0105 Ci w kilka chwil urozmaici\u0107 stylizacje.","breadcrumb":{"@id":"https:\/\/pakuten.pl\/blog\/modne-ozdoby-na-lato-2023-uzupelnij-nimi-stylizacje\/#breadcrumb"},"inLanguage":"pl-PL","potentialAction":[{"@type":"ReadAction","target":["https:\/\/pakuten.pl\/blog\/modne-ozdoby-na-lato-2023-uzupelnij-nimi-stylizacje\/"]}]},{"@type":"BreadcrumbList","@id":"https:\/\/pakuten.pl\/blog\/modne-ozdoby-na-lato-2023-uzupelnij-nimi-stylizacje\/#breadcrumb","itemListElement":[{"@type":"ListItem","position":1,"name":"Strona g\u0142\u00f3wna","item":"https:\/\/pakuten.pl\/blog\/"},{"@type":"ListItem","position":2,"name":"Modne ozdoby na lato 2023 \u2013 uzupe\u0142nij nimi stylizacje."}]},{"@type":"Article","@id":"https:\/\/pakuten.pl\/blog\/modne-ozdoby-na-lato-2023-uzupelnij-nimi-stylizacje\/#article","isPartOf":{"@id":"https:\/\/pakuten.pl\/blog\/modne-ozdoby-na-lato-2023-uzupelnij-nimi-stylizacje\/#webpage"},"author":{"@id":"https:\/\/pakuten.pl\/blog\/#\/schema\/person\/d7133af30211381a4e4536d088384556"},"headline":"Modne ozdoby na lato 2023 \u2013 uzupe\u0142nij nimi stylizacje.","datePublished":"2023-07-18T09:29:00+00:00","dateModified":"2023-07-18T06:18:11+00:00","mainEntityOfPage":{"@id":"https:\/\/pakuten.pl\/blog\/modne-ozdoby-na-lato-2023-uzupelnij-nimi-stylizacje\/#webpage"},"wordCount":803,"commentCount":0,"publisher":{"@id":"https:\/\/pakuten.pl\/blog\/#organization"},"image":{"@id":"https:\/\/pakuten.pl\/blog\/modne-ozdoby-na-lato-2023-uzupelnij-nimi-stylizacje\/#primaryimage"},"thumbnailUrl":"https:\/\/pakuten.pl\/blog\/wp-content\/uploads\/2020\/07\/Modne-ozdoby-na-lato-2023-\u2013-uzupelnij-nimi-stylizacje..jpeg","articleSection":["Top Trends"],"inLanguage":"pl-PL","potentialAction":[{"@type":"CommentAction","name":"Comment","target":["https:\/\/pakuten.pl\/blog\/modne-ozdoby-na-lato-2023-uzupelnij-nimi-stylizacje\/#respond"]}]},{"@type":"Person","@id":"https:\/\/pakuten.pl\/blog\/#\/schema\/person\/d7133af30211381a4e4536d088384556","name":"Pakuten Girl","image":{"@type":"ImageObject","@id":"https:\/\/pakuten.pl\/blog\/#personlogo","inLanguage":"pl-PL","url":"https:\/\/secure.gravatar.com\/avatar\/d3df41de2caf92e6cfded9430c2ff352?s=96&d=mm&r=g","contentUrl":"https:\/\/secure.gravatar.com\/avatar\/d3df41de2caf92e6cfded9430c2ff352?s=96&d=mm&r=g","caption":"Pakuten Girl"},"description":"Cze\u015b\u0107, nazywam si\u0119 Ola. Kocham Netflixa, sals\u0119, nowo\u015bci kosmetyczne i najnowsze trendy w modzie.","url":"https:\/\/pakuten.pl\/blog\/author\/pakuten-girl\/"}]}},"_links":{"self":[{"href":"https:\/\/pakuten.pl\/blog\/wp-json\/wp\/v2\/posts\/3313"}],"collection":[{"href":"https:\/\/pakuten.pl\/blog\/wp-json\/wp\/v2\/posts"}],"about":[{"href":"https:\/\/pakuten.pl\/blog\/wp-json\/wp\/v2\/types\/post"}],"author":[{"embeddable":true,"href":"https:\/\/pakuten.pl\/blog\/wp-json\/wp\/v2\/users\/3"}],"replies":[{"embeddable":true,"href":"https:\/\/pakuten.pl\/blog\/wp-json\/wp\/v2\/comments?post=3313"}],"version-history":[{"count":28,"href":"https:\/\/pakuten.pl\/blog\/wp-json\/wp\/v2\/posts\/3313\/revisions"}],"predecessor-version":[{"id":7774,"href":"https:\/\/pakuten.pl\/blog\/wp-json\/wp\/v2\/posts\/3313\/revisions\/7774"}],"wp:featuredmedia":[{"embeddable":true,"href":"https:\/\/pakuten.pl\/blog\/wp-json\/wp\/v2\/media\/7768"}],"wp:attachment":[{"href":"https:\/\/pakuten.pl\/blog\/wp-json\/wp\/v2\/media?parent=3313"}],"wp:term":[{"taxonomy":"category","embeddable":true,"href":"https:\/\/pakuten.pl\/blog\/wp-json\/wp\/v2\/categories?post=3313"},{"taxonomy":"post_tag","embeddable":true,"href":"https:\/\/pakuten.pl\/blog\/wp-json\/wp\/v2\/tags?post=3313"}],"curies":[{"name":"wp","href":"https:\/\/api.w.org\/{rel}","templated":true}]}}