{"id":3513,"date":"2020-08-12T07:17:50","date_gmt":"2020-08-12T05:17:50","guid":{"rendered":"http:\/\/pakuten.pl\/blog\/?p=3513"},"modified":"2021-09-02T13:55:54","modified_gmt":"2021-09-02T11:55:54","slug":"kosmetyki-na-lato-twoj-wakacyjny-must-have","status":"publish","type":"post","link":"https:\/\/pakuten.pl\/blog\/kosmetyki-na-lato-twoj-wakacyjny-must-have\/","title":{"rendered":"Kosmetyki na lato \u2013 Tw\u00f3j wakacyjny must have!"},"content":{"rendered":"<p><strong>Jak ka\u017cda z nas wie, lato to bardzo trudny okres dla naszej cery. Jest nara\u017cona przede wszystkim na szkodliwe promieniowanie UV, przesuszenie jak i nadmierne wydzielanie sebum. Dbaj o ni\u0105, aby wygl\u0105da\u0142a pi\u0119knie i by\u0142a zdrowa. Stosuj odpowiednie kosmetyki na lato, kt\u00f3re zapewni\u0105 piel\u0119gnacj\u0119. Sprawd\u017a, czego w wakacje nie powinno zabrakn\u0105\u0107 w Twojej kosmetyczce.<\/strong><\/p>\n<h2>Lekkie kremy na lato<\/h2>\n<p>Kiedy na zewn\u0105trz temperatura jest do\u015b\u0107 wysoka i s\u0142o\u0144ce mocno grzeje, wybieraj do piel\u0119gnacji cery lekkie kremy, kt\u00f3re nawil\u017c\u0105 i od\u017cywi\u0105 Twoj\u0105 sk\u00f3r\u0119. Na wakacje wybierz<span style=\"color: #ff9900;\"><strong><a style=\"color: #ff9900;\" href=\"https:\/\/pakuten.pl\/56-kosmetyki\"> krem z filtrem<\/a><\/strong><\/span>, kt\u00f3ry dodatkowo uchroni Ci\u0119 przed promieniowaniem UV i tym samym przed powstaniem przebarwie\u0144 na sk\u00f3rze, kt\u00f3rych niestety ci\u0119\u017cko si\u0119 pozby\u0107. Witamina E, cz\u0119sto zawarta w tego typu kosmetykach uchroni przed dzia\u0142aniem wolnych rodnik\u00f3w (odpowiedzialnych za fotostarzenie). Warto te\u017c postawi\u0107 na kremy zawieraj\u0105ce mas\u0142o shea oraz wyci\u0105g z awocado, kt\u00f3re s\u0142yn\u0105 z w\u0142a\u015bciwo\u015bci od\u017cywczych oraz koj\u0105cych. Krem na lato nie powinien by\u0107 zbyt t\u0142usty, za to powinien chroni\u0107 przed czynnikami zewn\u0119trznymi. <strong>Niezb\u0119dnym w piel\u0119gnacji twarzy b\u0119dzie r\u00f3wnie\u017c serum. Wzmacnia sk\u00f3r\u0119 i nadaje jej m\u0142odzie\u0144czego blasku.<\/strong> Pobudzi r\u00f3wnie\u017c kom\u00f3rki do regeneracji, a Twoja sk\u00f3ra bardzo tego potrzebuje, zw\u0142aszcza po kilkugodzinnym opalaniu. Latem Twoja cera mo\u017ce si\u0119 niestety \u015bwieci\u0107, dlatego przydadz\u0105 si\u0119 r\u00f3wnie\u017c bibu\u0142ki matuj\u0105ce. Zw\u0142aszcza na wakacjach nie zawsze masz mo\u017cliwo\u015b\u0107 poprawienie make- upu, a one na pewno uratuj\u0105 sytuacj\u0119.<\/p>\n<p>https:\/\/www.instagram.com\/p\/CCve1GloZfY\/<\/p>\n<h2>Zamiast mocnego makija\u017cu<\/h2>\n<p>Latem, zamiast ci\u0119\u017ckich podk\u0142ad\u00f3w, wybieraj l\u017cejsze <span style=\"color: #ff9900;\"><strong><a style=\"color: #ff9900;\" href=\"https:\/\/pakuten.pl\/84-akcesoria-do-makijazu-i-pielegnacji\">kremy BB lub CC<\/a><\/strong><\/span>. Te pierwsze, mog\u0105 podczas upa\u0142\u00f3w zwyczajnie si\u0119 wa\u017cy\u0107. Kremy BB\/ CC maj\u0105 lekk\u0105 formu\u0142\u0119, a jednocze\u015bnie doskonale koryguj\u0105 cer\u0119 i tuszuj\u0105 niedoskona\u0142o\u015bci. Maj\u0105 w sk\u0142adzie przeciwutleniacze, kt\u00f3re doskonale chroni\u0105 przed dzia\u0142aniem czynnik\u00f3w zewn\u0119trznych. Ich wielk\u0105 zalet\u0105 jest to, \u017ce potrafi\u0105 bardzo fajnie dostosowa\u0107 si\u0119 do odcienia sk\u00f3ry, znacznie \u0142atwiej, ni\u017c podk\u0142ad czy puder. Niekt\u00f3re z nich maj\u0105 dzia\u0142anie nawil\u017caj\u0105ce, zwr\u00f3\u0107 na to uwag\u0119 i wybierz w\u0142a\u015bnie taki \ud83d\ude42 <span style=\"color: #ff9900;\"><strong><a style=\"color: #ff9900;\" href=\"https:\/\/pakuten.pl\/84-akcesoria-do-makijazu-i-pielegnacji\">Makija\u017c ust latem<\/a><\/strong><\/span> r\u00f3wnie\u017c nie powinien by\u0107 zbyt mocny. Pami\u0119taj te\u017c o odpowiedniej piel\u0119gnacji, poniewa\u017c usta latem wysychaj\u0105 i nie wygl\u0105da to zbyt dobrze. Dlatego mocn\u0105 szmink\u0119 zast\u0105p <span style=\"color: #ff9900;\"><strong><a style=\"color: #ff9900;\" href=\"https:\/\/pakuten.pl\/82-pomadki-i-blyszczyki\">owocow\u0105 pomadk\u0105 do ust<\/a><\/strong><\/span>. Nawil\u017cone usta b\u0119d\u0105 wygl\u0105da\u0107 \u015blicznie, a zapach pomadki wprawki Ci\u0119 w wyj\u0105tkowy nastr\u00f3j. Delikatny i subtelny makija\u017c to jedno, ale bardzo wa\u017cny jest ca\u0142y look, dlatego zadbaj r\u00f3wnie\u017c o fajn\u0105, wakacyjn\u0105 stylizacj\u0119. Ubierz si\u0119 w jak\u0105\u015b jasn\u0105 sukienk\u0119, a kiedy zrobi Ci si\u0119 nieco ch\u0142odniej, narzu\u0107 na siebie <span style=\"color: #ff9900;\"><strong><a style=\"color: #ff9900;\" href=\"https:\/\/pakuten.pl\/47-kardigany\">cieplejszy\u00a0kardigan<\/a><\/strong><\/span>\u00a0lub sweterek.<\/p>\n<div class=\"product-box-container\">\r\n<div class=\"one_third \" style=\"\">\r\n<div class=\"product-box\">\r\n<a href=\"https:\/\/pakuten.pl\/12458-36485-sukienka-z-wiazanymi-ramiaczkami-nomi-d32c1.html\" target=\"_blank\">\r\n <img src=\"https:\/\/media.pakuten.pl\/74193-large_default\/sukienka-z-wiazanymi-ramiaczkami-nomi.jpg\" alt=\"SUKIENKA Z WI\u0104ZANYMI RAMI\u0104CZKAMI NOMI\"\/>\r\n<\/a>\r\n<p>\r\n<a href=\"https:\/\/pakuten.pl\/12458-36485-sukienka-z-wiazanymi-ramiaczkami-nomi-d32c1.html\" target=\"_blank\">\r\nSUKIENKA Z WI\u0104ZANYMI RAMI\u0104CZKAMI NOMI\r\n<\/a><\/p>\r\n  <p>Cena: 69,99\u00a0z\u0142<\/p>\r\n<a href=\"https:\/\/pakuten.pl\/12458-36485-sukienka-z-wiazanymi-ramiaczkami-nomi-d32c1.html\" target=\"_blank\" class=\"button\">\r\nZobacz w sklepie\r\n<\/a>\r\n<\/div>\r\n<\/div>\r\n<div class=\"one_third \" style=\"\">\r\n<div class=\"product-box\">\r\n<a href=\"https:\/\/pakuten.pl\/12447-36473-pudrowy-cieply-swetrowy-kardigan-ingelisse-pudrowy.html\" target=\"_blank\">\r\n  <img src=\"https:\/\/media.pakuten.pl\/74152-large_default\/pudrowy-cieply-swetrowy-kardigan-ingelisse.jpg\" alt=\"PUDROWY CIEP\u0141Y SWETROWY KARDIGAN INGELISSE\"\/>\r\n<\/a>\r\n<p>\r\n<a href=\"https:\/\/pakuten.pl\/12447-36473-pudrowy-cieply-swetrowy-kardigan-ingelisse-pudrowy.html\" target=\"_blank\">\r\nPUDROWY CIEP\u0141Y SWETROWY KARDIGAN INGELISSE\r\n<\/a><\/p>\r\n  <p>Cena: 88,19\u00a0z\u0142<\/p>\r\n<a href=\"https:\/\/pakuten.pl\/12447-36473-pudrowy-cieply-swetrowy-kardigan-ingelisse-pudrowy.html\" target=\"_blank\" class=\"button\">\r\nZobacz w sklepie\r\n<\/a>\r\n<\/div>\r\n<\/div>\r\n<div class=\"one_third last \" style=\"\">\r\n<div class=\"product-box\">\r\n<a href=\"https:\/\/pakuten.pl\/12397-36362-zwiewna-sukienka-oversize-nesaja-liliowy.html\" target=\"_blank\">\r\n  <img src=\"https:\/\/media.pakuten.pl\/73744-large_default\/zwiewna-sukienka-oversize-nesaja.jpg\" alt=\"ZWIEWNA SUKIENKA OVERSIZE NESAJA\"\/>\r\n<\/a>\r\n<p>\r\n<a href=\"https:\/\/pakuten.pl\/12397-36362-zwiewna-sukienka-oversize-nesaja-liliowy.html\" target=\"_blank\">\r\nZWIEWNA SUKIENKA OVERSIZE NESAJA\r\n<\/a><\/p>\r\n  <p>Cena: 102,62\u00a0z\u0142<\/p>\r\n<a href=\"https:\/\/pakuten.pl\/12397-36362-zwiewna-sukienka-oversize-nesaja-liliowy.html\" target=\"_blank\" class=\"button\">\r\nZobacz w sklepie\r\n<\/a>\r\n<\/div>\r\n<\/div><br class=\"clear\"\/>\r\n<\/div>\n<h2>Czysto i \u015bwie\u017co&#8230;<\/h2>\n<p>Odpowiednia higiena to podstawa. Zw\u0142aszcza latem, kiedy upa\u0142 doskwiera, a my pocimy si\u0119 bardziej.<strong> Nie ma nic przyjemniejszego, jak od\u015bwie\u017caj\u0105cy prysznic po upalnym dniu. Warto postawi\u0107 na zapachy cytrus\u00f3w z dodatkiem mi\u0119ty lub morskie, kt\u00f3re dodadz\u0105 energii i z\u0142agodz\u0105 efekt przegrzania.<\/strong> Po k\u0105pieli s\u0142onecznej u\u017cywaj nawil\u017caj\u0105cych \u017celi. Ukojenie dla naszej sk\u00f3ry przynios\u0105 kosmetyki z nut\u0105 migda\u0142\u00f3w, mlekiem i miodem, czy te\u017c z wyci\u0105giem oliwy z oliwek. Wakacje to czas beztroski, dlatego warto wybra\u0107 \u017cel relaksuj\u0105cy, kt\u00f3ry umili chwile sp\u0119dzone pod prysznicem. Olejki aromatyczne zawarte w tym kosmetyku pozwol\u0105 nam si\u0119 wyciszy\u0107 i zapomnie\u0107 o codziennych troskach, a w ko\u0144cu w\u0142a\u015bnie tego potrzebujemy na wyje\u017adzie. Nasza sk\u00f3ra potrzebuje r\u00f3wnie\u017c od czasu do czasu peelingu, kt\u00f3ry j\u0105 od\u015bwie\u017cy i oczy\u015bci z zanieczyszcze\u0144, przynosz\u0105c ulg\u0119 po ca\u0142odniowym upale. Pami\u0119taj r\u00f3wnie\u017c o odpowiednim antyperspirancie, kt\u00f3ry zapewni Ci ochron\u0119 przed poceniem si\u0119. Latem, je\u015bli chodzi o ubi\u00f3r, stawiaj na zwiewne sukienki, najlepiej na rami\u0105czkach albo<strong><a href=\"https:\/\/pakuten.pl\/88-sukienki-hiszpanki\"><span style=\"color: #ff9900;\"> sukienki hiszpanki<\/span><\/a><\/strong>, kt\u00f3re zapewni\u0105 komfort w ka\u017cdej sytuacji.<\/p>\n<div class=\"product-box-container\">\r\n<div class=\"one_third \" style=\"\">\r\n<div class=\"product-box\">\r\n<a href=\"https:\/\/pakuten.pl\/12342-36255-dluga-przekladana-sukienka-naheed-d32c1.html\" target=\"_blank\">\r\n <img src=\"https:\/\/media.pakuten.pl\/73440-large_default\/dluga-przekladana-sukienka-naheed.jpg\" alt=\"D\u0141UGA PRZEK\u0141ADANA SUKIENKA NAHEED\"\/>\r\n<\/a>\r\n<p>\r\n<a href=\"https:\/\/pakuten.pl\/12342-36255-dluga-przekladana-sukienka-naheed-d32c1.html\" target=\"_blank\">\r\nD\u0141UGA PRZEK\u0141ADANA SUKIENKA NAHEED\r\n<\/a><\/p>\r\n  <p>Cena: 54,99\u00a0z\u0142<\/p>\r\n<a href=\"https:\/\/pakuten.pl\/12342-36255-dluga-przekladana-sukienka-naheed-d32c1.html\" target=\"_blank\" class=\"button\">\r\nZobacz w sklepie\r\n<\/a>\r\n<\/div>\r\n<\/div>\r\n<div class=\"one_third \" style=\"\">\r\n<div class=\"product-box\">\r\n<a href=\"https:\/\/pakuten.pl\/12127-35940-sukienka-hiszpanka-z-falbankami-zuria-liliowy.html\" target=\"_blank\">\r\n  <img src=\"https:\/\/media.pakuten.pl\/72255-large_default\/sukienka-hiszpanka-z-falbankami-zuria.jpg\" alt=\"SUKIENKA HISZPANKA Z FALBANKAMI ZURIA\"\/>\r\n<\/a>\r\n<p>\r\n<a href=\"https:\/\/pakuten.pl\/12127-35940-sukienka-hiszpanka-z-falbankami-zuria-liliowy.html\" target=\"_blank\">\r\nSUKIENKA HISZPANKA Z FALBANKAMI ZURIA\r\n<\/a><\/p>\r\n  <p>Cena: 166,62\u00a0z\u0142<\/p>\r\n<a href=\"https:\/\/pakuten.pl\/12127-35940-sukienka-hiszpanka-z-falbankami-zuria-liliowy.html\" target=\"_blank\" class=\"button\">\r\nZobacz w sklepie\r\n<\/a>\r\n<\/div>\r\n<\/div>\r\n<div class=\"one_third last \" style=\"\">\r\n<div class=\"product-box\">\r\n<a href=\"https:\/\/pakuten.pl\/12371-36299-sukienka-z-falbana-przy-dekolcie-tamia-d22c1.html\" target=\"_blank\">\r\n  <img src=\"https:\/\/media.pakuten.pl\/73567-large_default\/sukienka-z-falbana-przy-dekolcie-tamia.jpg\" alt=\"SUKIENKA Z FALBAN\u0104 PRZY DEKOLCIE TAMIA\"\/>\r\n<\/a>\r\n<p>\r\n<a href=\"https:\/\/pakuten.pl\/12371-36299-sukienka-z-falbana-przy-dekolcie-tamia-d22c1.html\" target=\"_blank\">\r\nSUKIENKA Z FALBAN\u0104 PRZY DEKOLCIE TAMIA\r\n<\/a><\/p>\r\n  <p>Cena: 92,39\u00a0z\u0142<\/p>\r\n<a href=\"https:\/\/pakuten.pl\/12371-36299-sukienka-z-falbana-przy-dekolcie-tamia-d22c1.html\" target=\"_blank\" class=\"button\">\r\nZobacz w sklepie\r\n<\/a>\r\n<\/div>\r\n<\/div><br class=\"clear\"\/>\r\n<\/div>\n<h2>Kosmetyki na lato do w\u0142os\u00f3w i paznokci<\/h2>\n<p>Latem, tak\u00a0 jak pisa\u0142am powy\u017cej, warto si\u0119ga\u0107 po kosmetyki ograniczaj\u0105ce wydzielanie sebum. To samo dotyczy piel\u0119gnacji w\u0142os\u00f3w, dlatego wybieraj\u0105c szampon na lato, pami\u0119taj, aby mia\u0142 takie dzia\u0142anie. <strong>Nasze w\u0142osy podczas gor\u0105ca cz\u0119\u015bciej si\u0119 przet\u0142uszczaj\u0105, dlatego wa\u017cne, aby\u015b u\u017cywa\u0142a lekkiego szamponu.<\/strong> Nie stosuj te\u017c za du\u017co od\u017cywek czy maseczek na w\u0142osy, poniewa\u017c mog\u0105 one obci\u0105\u017ca\u0107 je. Czy koniecznie trzeba mie\u0107 kolorowe paznokcie na wakacje? Nie ka\u017cda z nas przecie\u017c za tym przepada, dlatego mo\u017cesz zrobi\u0107 sobie uniwersalny manicure lub zastosowa\u0107 jak\u0105\u015b od\u017cywk\u0119 do paznokci. Je\u015bli jednak kochasz kolory i nie wyobra\u017casz sobie innych na wakacje, zaszalej! \u015awie\u017ce, \u017cywe barwy wprawi\u0105 Ci\u0119 w wyj\u0105tkowy nastr\u00f3j! Dopasuj je przede wszystkim do swojej styl\u00f3wki \ud83d\ude42<\/p>\n<div class=\"product-box-container\">\r\n<div class=\"one_third \" style=\"\">\r\n<div class=\"product-box\">\r\n<a href=\"\" target=\"_blank\">\r\n <img src=\"\" alt=\"\"\/>\r\n<\/a>\r\n<p>\r\n<a href=\"\" target=\"_blank\">\r\n\r\n<\/a><\/p>\r\n  <p>Cena: <\/p>\r\n<a href=\"\" target=\"_blank\" class=\"button\">\r\nZobacz w sklepie\r\n<\/a>\r\n<\/div>\r\n<\/div>\r\n<div class=\"one_third \" style=\"\">\r\n<div class=\"product-box\">\r\n<a href=\"https:\/\/pakuten.pl\/12065-35746-sukienka-z-falbana-przy-dekolcie-ingemari-liliowy.html\" target=\"_blank\">\r\n  <img src=\"https:\/\/media.pakuten.pl\/71684-large_default\/sukienka-z-falbana-przy-dekolcie-ingemari.jpg\" alt=\"SUKIENKA Z FALBAN\u0104 PRZY DEKOLCIE INGEMARI - liliowy\"\/>\r\n<\/a>\r\n<p>\r\n<a href=\"https:\/\/pakuten.pl\/12065-35746-sukienka-z-falbana-przy-dekolcie-ingemari-liliowy.html\" target=\"_blank\">\r\nSUKIENKA Z FALBAN\u0104 PRZY DEKOLCIE INGEMARI - liliowy\r\n<\/a><\/p>\r\n  <p>Cena: 84,69\u00a0z\u0142<\/p>\r\n<a href=\"https:\/\/pakuten.pl\/12065-35746-sukienka-z-falbana-przy-dekolcie-ingemari-liliowy.html\" target=\"_blank\" class=\"button\">\r\nZobacz w sklepie\r\n<\/a>\r\n<\/div>\r\n<\/div>\r\n<div class=\"one_third last \" style=\"\">\r\n<div class=\"product-box\">\r\n<a href=\"https:\/\/pakuten.pl\/11925-35473-sukienka-na-ramiaczkach-ze-sznurkiem-maika-bialy.html\" target=\"_blank\">\r\n  <img src=\"https:\/\/media.pakuten.pl\/70844-large_default\/sukienka-na-ramiaczkach-ze-sznurkiem-maika.jpg\" alt=\"SUKIENKA NA RAMI\u0104CZKACH ZE SZNURKIEM MAIKA - bia\u0142y\"\/>\r\n<\/a>\r\n<p>\r\n<a href=\"https:\/\/pakuten.pl\/11925-35473-sukienka-na-ramiaczkach-ze-sznurkiem-maika-bialy.html\" target=\"_blank\">\r\nSUKIENKA NA RAMI\u0104CZKACH ZE SZNURKIEM MAIKA - bia\u0142y\r\n<\/a><\/p>\r\n  <p>Cena: 61,59\u00a0z\u0142<\/p>\r\n<a href=\"https:\/\/pakuten.pl\/11925-35473-sukienka-na-ramiaczkach-ze-sznurkiem-maika-bialy.html\" target=\"_blank\" class=\"button\">\r\nZobacz w sklepie\r\n<\/a>\r\n<\/div>\r\n<\/div><br class=\"clear\"\/>\r\n<\/div>\n\n\n<div class=\"kk-star-ratings kksr-auto kksr-align-right kksr-valign-bottom\"\n    data-payload='{&quot;align&quot;:&quot;right&quot;,&quot;id&quot;:&quot;3513&quot;,&quot;slug&quot;:&quot;default&quot;,&quot;valign&quot;:&quot;bottom&quot;,&quot;ignore&quot;:&quot;&quot;,&quot;reference&quot;:&quot;auto&quot;,&quot;class&quot;:&quot;&quot;,&quot;count&quot;:&quot;0&quot;,&quot;legendonly&quot;:&quot;&quot;,&quot;readonly&quot;:&quot;&quot;,&quot;score&quot;:&quot;0&quot;,&quot;starsonly&quot;:&quot;&quot;,&quot;best&quot;:&quot;5&quot;,&quot;gap&quot;:&quot;5&quot;,&quot;greet&quot;:&quot;Rate this post&quot;,&quot;legend&quot;:&quot;0\\\/5 - (0 votes)&quot;,&quot;size&quot;:&quot;24&quot;,&quot;width&quot;:&quot;0&quot;,&quot;_legend&quot;:&quot;{score}\\\/{best} - ({count} {votes})&quot;,&quot;font_factor&quot;:&quot;1.25&quot;}'>\n            \n<div class=\"kksr-stars\">\n    \n<div class=\"kksr-stars-inactive\">\n            <div class=\"kksr-star\" data-star=\"1\" style=\"padding-right: 5px\">\n            \n\n<div class=\"kksr-icon\" style=\"width: 24px; height: 24px;\"><\/div>\n        <\/div>\n            <div class=\"kksr-star\" data-star=\"2\" style=\"padding-right: 5px\">\n            \n\n<div class=\"kksr-icon\" style=\"width: 24px; height: 24px;\"><\/div>\n        <\/div>\n            <div class=\"kksr-star\" data-star=\"3\" style=\"padding-right: 5px\">\n            \n\n<div class=\"kksr-icon\" style=\"width: 24px; height: 24px;\"><\/div>\n        <\/div>\n            <div class=\"kksr-star\" data-star=\"4\" style=\"padding-right: 5px\">\n            \n\n<div class=\"kksr-icon\" style=\"width: 24px; height: 24px;\"><\/div>\n        <\/div>\n            <div class=\"kksr-star\" data-star=\"5\" style=\"padding-right: 5px\">\n            \n\n<div class=\"kksr-icon\" style=\"width: 24px; height: 24px;\"><\/div>\n        <\/div>\n    <\/div>\n    \n<div class=\"kksr-stars-active\" style=\"width: 0px;\">\n            <div class=\"kksr-star\" style=\"padding-right: 5px\">\n            \n\n<div class=\"kksr-icon\" style=\"width: 24px; height: 24px;\"><\/div>\n        <\/div>\n            <div class=\"kksr-star\" style=\"padding-right: 5px\">\n            \n\n<div class=\"kksr-icon\" style=\"width: 24px; height: 24px;\"><\/div>\n        <\/div>\n            <div class=\"kksr-star\" style=\"padding-right: 5px\">\n            \n\n<div class=\"kksr-icon\" style=\"width: 24px; height: 24px;\"><\/div>\n        <\/div>\n            <div class=\"kksr-star\" style=\"padding-right: 5px\">\n            \n\n<div class=\"kksr-icon\" style=\"width: 24px; height: 24px;\"><\/div>\n        <\/div>\n            <div class=\"kksr-star\" style=\"padding-right: 5px\">\n            \n\n<div class=\"kksr-icon\" style=\"width: 24px; height: 24px;\"><\/div>\n        <\/div>\n    <\/div>\n<\/div>\n                \n\n<div class=\"kksr-legend\" style=\"font-size: 19.2px;\">\n            <span class=\"kksr-muted\">Rate this post<\/span>\n    <\/div>\n    <\/div>\n","protected":false},"excerpt":{"rendered":"<p>Jak ka\u017cda z nas wie, lato to bardzo trudny okres dla naszej cery. Jest nara\u017cona przede wszystkim na szkodliwe promieniowanie UV, przesuszenie jak i nadmierne wydzielanie sebum. Dbaj o ni\u0105, aby wygl\u0105da\u0142a pi\u0119knie i by\u0142a zdrowa. Stosuj odpowiednie kosmetyki na lato, kt\u00f3re zapewni\u0105 piel\u0119gnacj\u0119. Sprawd\u017a, czego w wakacje nie powinno zabrakn\u0105\u0107 w Twojej kosmetyczce.<\/p>\n","protected":false},"author":3,"featured_media":3531,"comment_status":"open","ping_status":"open","sticky":false,"template":"","format":"standard","meta":[],"categories":[4],"tags":[],"yoast_head":"<!-- This site is optimized with the Yoast SEO plugin v18.4.1 - https:\/\/yoast.com\/wordpress\/plugins\/seo\/ -->\n<title>Kosmetyki na lato \u2013 Tw\u00f3j wakacyjny must have! - Pakuten blog<\/title>\n<meta name=\"description\" content=\"Stosuj odpowiednie kosmetyki na lato, kt\u00f3re zapewni\u0105 piel\u0119gnacj\u0119. Sprawd\u017a, czego w wakacje nie powinno zabrakn\u0105\u0107 w Twojej kosmetyczce.\" \/>\n<meta name=\"robots\" content=\"index, follow, max-snippet:-1, max-image-preview:large, max-video-preview:-1\" \/>\n<link rel=\"canonical\" href=\"https:\/\/pakuten.pl\/blog\/kosmetyki-na-lato-twoj-wakacyjny-must-have\/\" \/>\n<meta property=\"og:locale\" content=\"pl_PL\" \/>\n<meta property=\"og:type\" content=\"article\" \/>\n<meta property=\"og:title\" content=\"Kosmetyki na lato \u2013 Tw\u00f3j wakacyjny must have! - Pakuten blog\" \/>\n<meta property=\"og:description\" content=\"Stosuj odpowiednie kosmetyki na lato, kt\u00f3re zapewni\u0105 piel\u0119gnacj\u0119. Sprawd\u017a, czego w wakacje nie powinno zabrakn\u0105\u0107 w Twojej kosmetyczce.\" \/>\n<meta property=\"og:url\" content=\"https:\/\/pakuten.pl\/blog\/kosmetyki-na-lato-twoj-wakacyjny-must-have\/\" \/>\n<meta property=\"og:site_name\" content=\"Pakuten blog\" \/>\n<meta property=\"article:published_time\" content=\"2020-08-12T05:17:50+00:00\" \/>\n<meta property=\"article:modified_time\" content=\"2021-09-02T11:55:54+00:00\" \/>\n<meta property=\"og:image\" content=\"https:\/\/pakuten.pl\/blog\/wp-content\/uploads\/2020\/07\/kosmetyki-na-lato.jpg\" \/>\n\t<meta property=\"og:image:width\" content=\"1280\" \/>\n\t<meta property=\"og:image:height\" content=\"865\" \/>\n\t<meta property=\"og:image:type\" content=\"image\/jpeg\" \/>\n<meta name=\"twitter:card\" content=\"summary_large_image\" \/>\n<meta name=\"twitter:label1\" content=\"Napisane przez\" \/>\n\t<meta name=\"twitter:data1\" content=\"Pakuten Girl\" \/>\n\t<meta name=\"twitter:label2\" content=\"Szacowany czas czytania\" \/>\n\t<meta name=\"twitter:data2\" content=\"3 minuty\" \/>\n<script type=\"application\/ld+json\" class=\"yoast-schema-graph\">{\"@context\":\"https:\/\/schema.org\",\"@graph\":[{\"@type\":\"Organization\",\"@id\":\"https:\/\/pakuten.pl\/blog\/#organization\",\"name\":\"Pakuten\",\"url\":\"https:\/\/pakuten.pl\/blog\/\",\"sameAs\":[],\"logo\":{\"@type\":\"ImageObject\",\"@id\":\"https:\/\/pakuten.pl\/blog\/#logo\",\"inLanguage\":\"pl-PL\",\"url\":\"http:\/\/pakuten.pl\/blog\/wp-content\/uploads\/2018\/01\/pakuten_logo.png\",\"contentUrl\":\"http:\/\/pakuten.pl\/blog\/wp-content\/uploads\/2018\/01\/pakuten_logo.png\",\"width\":300,\"height\":120,\"caption\":\"Pakuten\"},\"image\":{\"@id\":\"https:\/\/pakuten.pl\/blog\/#logo\"}},{\"@type\":\"WebSite\",\"@id\":\"https:\/\/pakuten.pl\/blog\/#website\",\"url\":\"https:\/\/pakuten.pl\/blog\/\",\"name\":\"Pakuten blog\",\"description\":\"Blog sklepu internetowego pakuten.pl\",\"publisher\":{\"@id\":\"https:\/\/pakuten.pl\/blog\/#organization\"},\"potentialAction\":[{\"@type\":\"SearchAction\",\"target\":{\"@type\":\"EntryPoint\",\"urlTemplate\":\"https:\/\/pakuten.pl\/blog\/?s={search_term_string}\"},\"query-input\":\"required name=search_term_string\"}],\"inLanguage\":\"pl-PL\"},{\"@type\":\"ImageObject\",\"@id\":\"https:\/\/pakuten.pl\/blog\/kosmetyki-na-lato-twoj-wakacyjny-must-have\/#primaryimage\",\"inLanguage\":\"pl-PL\",\"url\":\"https:\/\/pakuten.pl\/blog\/wp-content\/uploads\/2020\/07\/kosmetyki-na-lato.jpg\",\"contentUrl\":\"https:\/\/pakuten.pl\/blog\/wp-content\/uploads\/2020\/07\/kosmetyki-na-lato.jpg\",\"width\":1280,\"height\":865},{\"@type\":\"WebPage\",\"@id\":\"https:\/\/pakuten.pl\/blog\/kosmetyki-na-lato-twoj-wakacyjny-must-have\/#webpage\",\"url\":\"https:\/\/pakuten.pl\/blog\/kosmetyki-na-lato-twoj-wakacyjny-must-have\/\",\"name\":\"Kosmetyki na lato \u2013 Tw\u00f3j wakacyjny must have! - Pakuten blog\",\"isPartOf\":{\"@id\":\"https:\/\/pakuten.pl\/blog\/#website\"},\"primaryImageOfPage\":{\"@id\":\"https:\/\/pakuten.pl\/blog\/kosmetyki-na-lato-twoj-wakacyjny-must-have\/#primaryimage\"},\"datePublished\":\"2020-08-12T05:17:50+00:00\",\"dateModified\":\"2021-09-02T11:55:54+00:00\",\"description\":\"Stosuj odpowiednie kosmetyki na lato, kt\u00f3re zapewni\u0105 piel\u0119gnacj\u0119. Sprawd\u017a, czego w wakacje nie powinno zabrakn\u0105\u0107 w Twojej kosmetyczce.\",\"breadcrumb\":{\"@id\":\"https:\/\/pakuten.pl\/blog\/kosmetyki-na-lato-twoj-wakacyjny-must-have\/#breadcrumb\"},\"inLanguage\":\"pl-PL\",\"potentialAction\":[{\"@type\":\"ReadAction\",\"target\":[\"https:\/\/pakuten.pl\/blog\/kosmetyki-na-lato-twoj-wakacyjny-must-have\/\"]}]},{\"@type\":\"BreadcrumbList\",\"@id\":\"https:\/\/pakuten.pl\/blog\/kosmetyki-na-lato-twoj-wakacyjny-must-have\/#breadcrumb\",\"itemListElement\":[{\"@type\":\"ListItem\",\"position\":1,\"name\":\"Strona g\u0142\u00f3wna\",\"item\":\"https:\/\/pakuten.pl\/blog\/\"},{\"@type\":\"ListItem\",\"position\":2,\"name\":\"Kosmetyki na lato \u2013 Tw\u00f3j wakacyjny must have!\"}]},{\"@type\":\"Article\",\"@id\":\"https:\/\/pakuten.pl\/blog\/kosmetyki-na-lato-twoj-wakacyjny-must-have\/#article\",\"isPartOf\":{\"@id\":\"https:\/\/pakuten.pl\/blog\/kosmetyki-na-lato-twoj-wakacyjny-must-have\/#webpage\"},\"author\":{\"@id\":\"https:\/\/pakuten.pl\/blog\/#\/schema\/person\/d7133af30211381a4e4536d088384556\"},\"headline\":\"Kosmetyki na lato \u2013 Tw\u00f3j wakacyjny must have!\",\"datePublished\":\"2020-08-12T05:17:50+00:00\",\"dateModified\":\"2021-09-02T11:55:54+00:00\",\"mainEntityOfPage\":{\"@id\":\"https:\/\/pakuten.pl\/blog\/kosmetyki-na-lato-twoj-wakacyjny-must-have\/#webpage\"},\"wordCount\":856,\"commentCount\":0,\"publisher\":{\"@id\":\"https:\/\/pakuten.pl\/blog\/#organization\"},\"image\":{\"@id\":\"https:\/\/pakuten.pl\/blog\/kosmetyki-na-lato-twoj-wakacyjny-must-have\/#primaryimage\"},\"thumbnailUrl\":\"https:\/\/pakuten.pl\/blog\/wp-content\/uploads\/2020\/07\/kosmetyki-na-lato.jpg\",\"articleSection\":[\"Tips&amp;Tricks\"],\"inLanguage\":\"pl-PL\",\"potentialAction\":[{\"@type\":\"CommentAction\",\"name\":\"Comment\",\"target\":[\"https:\/\/pakuten.pl\/blog\/kosmetyki-na-lato-twoj-wakacyjny-must-have\/#respond\"]}]},{\"@type\":\"Person\",\"@id\":\"https:\/\/pakuten.pl\/blog\/#\/schema\/person\/d7133af30211381a4e4536d088384556\",\"name\":\"Pakuten Girl\",\"image\":{\"@type\":\"ImageObject\",\"@id\":\"https:\/\/pakuten.pl\/blog\/#personlogo\",\"inLanguage\":\"pl-PL\",\"url\":\"https:\/\/secure.gravatar.com\/avatar\/d3df41de2caf92e6cfded9430c2ff352?s=96&d=mm&r=g\",\"contentUrl\":\"https:\/\/secure.gravatar.com\/avatar\/d3df41de2caf92e6cfded9430c2ff352?s=96&d=mm&r=g\",\"caption\":\"Pakuten Girl\"},\"description\":\"Cze\u015b\u0107, nazywam si\u0119 Ola. Kocham Netflixa, sals\u0119, nowo\u015bci kosmetyczne i najnowsze trendy w modzie.\",\"url\":\"https:\/\/pakuten.pl\/blog\/author\/pakuten-girl\/\"}]}<\/script>\n<!-- \/ Yoast SEO plugin. -->","yoast_head_json":{"title":"Kosmetyki na lato \u2013 Tw\u00f3j wakacyjny must have! - Pakuten blog","description":"Stosuj odpowiednie kosmetyki na lato, kt\u00f3re zapewni\u0105 piel\u0119gnacj\u0119. Sprawd\u017a, czego w wakacje nie powinno zabrakn\u0105\u0107 w Twojej kosmetyczce.","robots":{"index":"index","follow":"follow","max-snippet":"max-snippet:-1","max-image-preview":"max-image-preview:large","max-video-preview":"max-video-preview:-1"},"canonical":"https:\/\/pakuten.pl\/blog\/kosmetyki-na-lato-twoj-wakacyjny-must-have\/","og_locale":"pl_PL","og_type":"article","og_title":"Kosmetyki na lato \u2013 Tw\u00f3j wakacyjny must have! - Pakuten blog","og_description":"Stosuj odpowiednie kosmetyki na lato, kt\u00f3re zapewni\u0105 piel\u0119gnacj\u0119. Sprawd\u017a, czego w wakacje nie powinno zabrakn\u0105\u0107 w Twojej kosmetyczce.","og_url":"https:\/\/pakuten.pl\/blog\/kosmetyki-na-lato-twoj-wakacyjny-must-have\/","og_site_name":"Pakuten blog","article_published_time":"2020-08-12T05:17:50+00:00","article_modified_time":"2021-09-02T11:55:54+00:00","og_image":[{"width":1280,"height":865,"url":"https:\/\/pakuten.pl\/blog\/wp-content\/uploads\/2020\/07\/kosmetyki-na-lato.jpg","type":"image\/jpeg"}],"twitter_card":"summary_large_image","twitter_misc":{"Napisane przez":"Pakuten Girl","Szacowany czas czytania":"3 minuty"},"schema":{"@context":"https:\/\/schema.org","@graph":[{"@type":"Organization","@id":"https:\/\/pakuten.pl\/blog\/#organization","name":"Pakuten","url":"https:\/\/pakuten.pl\/blog\/","sameAs":[],"logo":{"@type":"ImageObject","@id":"https:\/\/pakuten.pl\/blog\/#logo","inLanguage":"pl-PL","url":"http:\/\/pakuten.pl\/blog\/wp-content\/uploads\/2018\/01\/pakuten_logo.png","contentUrl":"http:\/\/pakuten.pl\/blog\/wp-content\/uploads\/2018\/01\/pakuten_logo.png","width":300,"height":120,"caption":"Pakuten"},"image":{"@id":"https:\/\/pakuten.pl\/blog\/#logo"}},{"@type":"WebSite","@id":"https:\/\/pakuten.pl\/blog\/#website","url":"https:\/\/pakuten.pl\/blog\/","name":"Pakuten blog","description":"Blog sklepu internetowego pakuten.pl","publisher":{"@id":"https:\/\/pakuten.pl\/blog\/#organization"},"potentialAction":[{"@type":"SearchAction","target":{"@type":"EntryPoint","urlTemplate":"https:\/\/pakuten.pl\/blog\/?s={search_term_string}"},"query-input":"required name=search_term_string"}],"inLanguage":"pl-PL"},{"@type":"ImageObject","@id":"https:\/\/pakuten.pl\/blog\/kosmetyki-na-lato-twoj-wakacyjny-must-have\/#primaryimage","inLanguage":"pl-PL","url":"https:\/\/pakuten.pl\/blog\/wp-content\/uploads\/2020\/07\/kosmetyki-na-lato.jpg","contentUrl":"https:\/\/pakuten.pl\/blog\/wp-content\/uploads\/2020\/07\/kosmetyki-na-lato.jpg","width":1280,"height":865},{"@type":"WebPage","@id":"https:\/\/pakuten.pl\/blog\/kosmetyki-na-lato-twoj-wakacyjny-must-have\/#webpage","url":"https:\/\/pakuten.pl\/blog\/kosmetyki-na-lato-twoj-wakacyjny-must-have\/","name":"Kosmetyki na lato \u2013 Tw\u00f3j wakacyjny must have! - Pakuten blog","isPartOf":{"@id":"https:\/\/pakuten.pl\/blog\/#website"},"primaryImageOfPage":{"@id":"https:\/\/pakuten.pl\/blog\/kosmetyki-na-lato-twoj-wakacyjny-must-have\/#primaryimage"},"datePublished":"2020-08-12T05:17:50+00:00","dateModified":"2021-09-02T11:55:54+00:00","description":"Stosuj odpowiednie kosmetyki na lato, kt\u00f3re zapewni\u0105 piel\u0119gnacj\u0119. Sprawd\u017a, czego w wakacje nie powinno zabrakn\u0105\u0107 w Twojej kosmetyczce.","breadcrumb":{"@id":"https:\/\/pakuten.pl\/blog\/kosmetyki-na-lato-twoj-wakacyjny-must-have\/#breadcrumb"},"inLanguage":"pl-PL","potentialAction":[{"@type":"ReadAction","target":["https:\/\/pakuten.pl\/blog\/kosmetyki-na-lato-twoj-wakacyjny-must-have\/"]}]},{"@type":"BreadcrumbList","@id":"https:\/\/pakuten.pl\/blog\/kosmetyki-na-lato-twoj-wakacyjny-must-have\/#breadcrumb","itemListElement":[{"@type":"ListItem","position":1,"name":"Strona g\u0142\u00f3wna","item":"https:\/\/pakuten.pl\/blog\/"},{"@type":"ListItem","position":2,"name":"Kosmetyki na lato \u2013 Tw\u00f3j wakacyjny must have!"}]},{"@type":"Article","@id":"https:\/\/pakuten.pl\/blog\/kosmetyki-na-lato-twoj-wakacyjny-must-have\/#article","isPartOf":{"@id":"https:\/\/pakuten.pl\/blog\/kosmetyki-na-lato-twoj-wakacyjny-must-have\/#webpage"},"author":{"@id":"https:\/\/pakuten.pl\/blog\/#\/schema\/person\/d7133af30211381a4e4536d088384556"},"headline":"Kosmetyki na lato \u2013 Tw\u00f3j wakacyjny must have!","datePublished":"2020-08-12T05:17:50+00:00","dateModified":"2021-09-02T11:55:54+00:00","mainEntityOfPage":{"@id":"https:\/\/pakuten.pl\/blog\/kosmetyki-na-lato-twoj-wakacyjny-must-have\/#webpage"},"wordCount":856,"commentCount":0,"publisher":{"@id":"https:\/\/pakuten.pl\/blog\/#organization"},"image":{"@id":"https:\/\/pakuten.pl\/blog\/kosmetyki-na-lato-twoj-wakacyjny-must-have\/#primaryimage"},"thumbnailUrl":"https:\/\/pakuten.pl\/blog\/wp-content\/uploads\/2020\/07\/kosmetyki-na-lato.jpg","articleSection":["Tips&amp;Tricks"],"inLanguage":"pl-PL","potentialAction":[{"@type":"CommentAction","name":"Comment","target":["https:\/\/pakuten.pl\/blog\/kosmetyki-na-lato-twoj-wakacyjny-must-have\/#respond"]}]},{"@type":"Person","@id":"https:\/\/pakuten.pl\/blog\/#\/schema\/person\/d7133af30211381a4e4536d088384556","name":"Pakuten Girl","image":{"@type":"ImageObject","@id":"https:\/\/pakuten.pl\/blog\/#personlogo","inLanguage":"pl-PL","url":"https:\/\/secure.gravatar.com\/avatar\/d3df41de2caf92e6cfded9430c2ff352?s=96&d=mm&r=g","contentUrl":"https:\/\/secure.gravatar.com\/avatar\/d3df41de2caf92e6cfded9430c2ff352?s=96&d=mm&r=g","caption":"Pakuten Girl"},"description":"Cze\u015b\u0107, nazywam si\u0119 Ola. Kocham Netflixa, sals\u0119, nowo\u015bci kosmetyczne i najnowsze trendy w modzie.","url":"https:\/\/pakuten.pl\/blog\/author\/pakuten-girl\/"}]}},"_links":{"self":[{"href":"https:\/\/pakuten.pl\/blog\/wp-json\/wp\/v2\/posts\/3513"}],"collection":[{"href":"https:\/\/pakuten.pl\/blog\/wp-json\/wp\/v2\/posts"}],"about":[{"href":"https:\/\/pakuten.pl\/blog\/wp-json\/wp\/v2\/types\/post"}],"author":[{"embeddable":true,"href":"https:\/\/pakuten.pl\/blog\/wp-json\/wp\/v2\/users\/3"}],"replies":[{"embeddable":true,"href":"https:\/\/pakuten.pl\/blog\/wp-json\/wp\/v2\/comments?post=3513"}],"version-history":[{"count":19,"href":"https:\/\/pakuten.pl\/blog\/wp-json\/wp\/v2\/posts\/3513\/revisions"}],"predecessor-version":[{"id":5318,"href":"https:\/\/pakuten.pl\/blog\/wp-json\/wp\/v2\/posts\/3513\/revisions\/5318"}],"wp:featuredmedia":[{"embeddable":true,"href":"https:\/\/pakuten.pl\/blog\/wp-json\/wp\/v2\/media\/3531"}],"wp:attachment":[{"href":"https:\/\/pakuten.pl\/blog\/wp-json\/wp\/v2\/media?parent=3513"}],"wp:term":[{"taxonomy":"category","embeddable":true,"href":"https:\/\/pakuten.pl\/blog\/wp-json\/wp\/v2\/categories?post=3513"},{"taxonomy":"post_tag","embeddable":true,"href":"https:\/\/pakuten.pl\/blog\/wp-json\/wp\/v2\/tags?post=3513"}],"curies":[{"name":"wp","href":"https:\/\/api.w.org\/{rel}","templated":true}]}}