{"id":4145,"date":"2021-02-28T12:48:00","date_gmt":"2021-02-28T11:48:00","guid":{"rendered":"http:\/\/pakuten.pl\/blog\/?p=4145"},"modified":"2021-08-31T11:42:12","modified_gmt":"2021-08-31T09:42:12","slug":"wiosenne-porzadki-w-szafie-na-co-zwrocic-uwage","status":"publish","type":"post","link":"https:\/\/pakuten.pl\/blog\/wiosenne-porzadki-w-szafie-na-co-zwrocic-uwage\/","title":{"rendered":"Wiosenne porz\u0105dki w szafie &#8211; na co zwr\u00f3ci\u0107 uwag\u0119?"},"content":{"rendered":"\n<p><strong>Kiedy tylko zaczyna si\u0119 robi\u0107 nieco cieplej, wi\u0119kszo\u015b\u0107 z nas zabiera si\u0119 za wiosenne porz\u0105dki w szafie. Dzi\u0119ki nim od\u015bwie\u017cysz swoja garderob\u0119, pozb\u0119dziesz si\u0119 tego, co nie jest Ci ju\u017c potrzebne i zrobisz miejsce na nowe ubrania. Od czego zacz\u0105\u0107? Na co zwr\u00f3ci\u0107 uwag\u0119? Podpowiadamy!<\/strong><\/p>\n<p>\u00a0<\/p>\n<h2>1.Wyjmij z szafy wszystko to, co si\u0119 w niej znajduje<\/h2>\n<p><strong>Tak, po prostu wyjmij ca\u0142\u0105 zawarto\u015b\u0107 szafy na pod\u0142og\u0119. Przetrzyj p\u00f3\u0142ki i wn\u0119trza mebla.<\/strong> Dzi\u0119ki temu, \u017ce b\u0119dziesz mia\u0142a ogl\u0105d na wszystkie wyj\u0119te ubrania, znacznie \u0142atwiej b\u0119dzie Ci podj\u0105\u0107 decyzje co dalej z nimi zrobi\u0107 &#8211; u\u0142o\u017cy\u0107 je na p\u00f3\u0142ce czy pozby\u0107 si\u0119 ich. Zwr\u00f3\u0107 tez uwag\u0119 na to, czy nie s\u0105 za bardzo zniszczone. Je\u015bli nie nosisz ubrania tylko dlatego, \u017ce Ci si\u0119 znudzi\u0142o, to pomy\u015bl, czy masz mo\u017cliwo\u015b\u0107 przekazania komu\u015b potrzebuj\u0105cemu. Dokonaj selekcji. Przymierz ubrania, aby mie\u0107 pewno\u015b\u0107, czy na pewno chcesz je jeszcze mie\u0107. Pozb\u0105d\u017a si\u0119 ubra\u0144, kt\u00f3re s\u0105 na Ciebie za ma\u0142e lub za du\u017ce, nie u\u017cywasz od d\u0142u\u017cszego czasu, s\u0105 zniszczone. <strong>Nie r\u00f3b nic na si\u0142\u0119<\/strong>, zr\u00f3b to w taki dzie\u0144, kiedy b\u0119dziesz mia\u0142a na to ochot\u0119. Wiosenne porz\u0105dki w szafie to ma by\u0107 przyjemno\u015b\u0107 \ud83d\ude42 Znajd\u017a taki dzie\u0144, kiedy b\u0119dziesz mia\u0142a dobry nastr\u00f3j. Porz\u0105dki zr\u00f3b koniecznie w s\u0142oneczny dzie\u0144, kt\u00f3ry b\u0119dzie napawa\u0107 Ci\u0119 optymizmem. Z wielk\u0105 ch\u0119ci\u0105 podejdziesz na pewno do tego zadania.\u00a0<\/p>\n<p>\u00a0<\/p>\n<p>\u00a0<\/p>\n<p>https:\/\/www.instagram.com\/p\/CLY9YXdIqs0\/<\/p>\n<p>\u00a0<\/p>\n<div class=\"product-box-container\">\r\n<div class=\"one_third \" style=\"\">\r\n<div class=\"product-box\">\r\n<a href=\"https:\/\/pakuten.pl\/17234-54149-kolorowa-kamizelka-zapinana-na-zamek-arila-wzor-1-wzor-1.html\" target=\"_blank\">\r\n <img src=\"https:\/\/media.pakuten.pl\/120779-large_default\/kolorowa-kamizelka-zapinana-na-zamek-arila-wzor-1.jpg\" alt=\"KOLOROWA KAMIZELKA ZAPINANA NA ZAMEK ARILA - wz\u00f3r 1\"\/>\r\n<\/a>\r\n<p>\r\n<a href=\"https:\/\/pakuten.pl\/17234-54149-kolorowa-kamizelka-zapinana-na-zamek-arila-wzor-1-wzor-1.html\" target=\"_blank\">\r\nKOLOROWA KAMIZELKA ZAPINANA NA ZAMEK ARILA - wz\u00f3r 1\r\n<\/a><\/p>\r\n  <p>Cena: 49,99\u00a0z\u0142<\/p>\r\n<a href=\"https:\/\/pakuten.pl\/17234-54149-kolorowa-kamizelka-zapinana-na-zamek-arila-wzor-1-wzor-1.html\" target=\"_blank\" class=\"button\">\r\nZobacz w sklepie\r\n<\/a>\r\n<\/div>\r\n<\/div>\r\n<div class=\"one_third \" style=\"\">\r\n<div class=\"product-box\">\r\n<a href=\"https:\/\/pakuten.pl\/17215-54047-pudrowy-komplet-bluzka-i-spodniczka-aldoee--pudrowy.html\" target=\"_blank\">\r\n  <img src=\"https:\/\/media.pakuten.pl\/120562-large_default\/pudrowy-komplet-bluzka-i-spodniczka-aldoee-.jpg\" alt=\"PUDROWY KOMPLET BLUZKA I SP\u00d3DNICZKA ALDOEE\"\/>\r\n<\/a>\r\n<p>\r\n<a href=\"https:\/\/pakuten.pl\/17215-54047-pudrowy-komplet-bluzka-i-spodniczka-aldoee--pudrowy.html\" target=\"_blank\">\r\nPUDROWY KOMPLET BLUZKA I SP\u00d3DNICZKA ALDOEE\r\n<\/a><\/p>\r\n  <p>Cena: 86,09\u00a0z\u0142<\/p>\r\n<a href=\"https:\/\/pakuten.pl\/17215-54047-pudrowy-komplet-bluzka-i-spodniczka-aldoee--pudrowy.html\" target=\"_blank\" class=\"button\">\r\nZobacz w sklepie\r\n<\/a>\r\n<\/div>\r\n<\/div>\r\n<div class=\"one_third last \" style=\"\">\r\n<div class=\"product-box\">\r\n<a href=\"https:\/\/pakuten.pl\/17230-54171-kolorowa-puchowa-kamizelka-sebilla-wzor-1-wzor-1.html\" target=\"_blank\">\r\n  <img src=\"https:\/\/media.pakuten.pl\/120831-large_default\/kolorowa-puchowa-kamizelka-sebilla-wzor-1.jpg\" alt=\"KOLOROWA PUCHOWA KAMIZELKA SEBILLA - wz\u00f3r 1\"\/>\r\n<\/a>\r\n<p>\r\n<a href=\"https:\/\/pakuten.pl\/17230-54171-kolorowa-puchowa-kamizelka-sebilla-wzor-1-wzor-1.html\" target=\"_blank\">\r\nKOLOROWA PUCHOWA KAMIZELKA SEBILLA - wz\u00f3r 1\r\n<\/a><\/p>\r\n  <p>Cena: 49,99\u00a0z\u0142<\/p>\r\n<a href=\"https:\/\/pakuten.pl\/17230-54171-kolorowa-puchowa-kamizelka-sebilla-wzor-1-wzor-1.html\" target=\"_blank\" class=\"button\">\r\nZobacz w sklepie\r\n<\/a>\r\n<\/div>\r\n<\/div><br class=\"clear\"\/>\r\n<\/div>\n<p>\u00a0<\/p>\n<h2 class=\"p1\">2. Jak zrobi\u0107 wiosenne porz\u0105dki w szafie?<\/h2>\n<p>\u00a0<\/p>\n<p>Kiedy najcz\u0119\u015bciej robisz selekcj\u0119 ubra\u0144? Jest to z pewno\u015bci\u0105 takie symboliczne przej\u015bcie mi\u0119dzy sezonami. <strong>Najbardziej chyba wyczekiwanym s\u0105 porz\u0105dki w szafie. Po d\u0142ugiej zimie, ch\u0142odzie i kr\u00f3tkich dniach, z niecierpliwo\u015bci\u0105 wyczekujemy tych znacznie cieplejszych. Pierwszym z krok\u00f3w, kt\u00f3ry przygotowuje nas na nadej\u015bcie tego sezonu jest szykowanie stylizacji na wiosn\u0119.<\/strong> Z pewno\u015bci\u0105 poczujesz dzi\u0119ki temu powiew \u015bwie\u017co\u015bci w swoim domu. Jak do tego podej\u015b\u0107? Przede wszystkim wybierz taki dzie\u0144, kiedy masz naprawd\u0119 d\u0142u\u017csz\u0105 chwil\u0119 tylko dla siebie. M\u0119\u017ca wraz z dzie\u0107mi wy\u015blij na przyk\u0142ad do kina- dzi\u0119ki temu na pewno bardziej si\u0119 skupisz \ud83d\ude09 B\u0105d\u017a stanowcza. Nie zastanawiaj si\u0119 nad wszystkim za d\u0142ugo. Wpad\u0142a Ci w r\u0119k\u0119 <strong><span style=\"color: #ff9900;\"><a style=\"color: #ff9900;\" href=\"https:\/\/pakuten.pl\/17-bluzki\" target=\"_blank\" rel=\"noopener\">bluzka<\/a><\/span><\/strong>, kt\u00f3rej nie nosi\u0142a\u015b ponad rok? Ju\u017c raczej Ci si\u0119 nie przyda. Jeste\u015b prawdziwym &#8222;chomikiem odzie\u017cowym&#8221;, kt\u00f3ry g\u0142\u00f3wnie gromadzi, a nie chce niczego si\u0119 pozbywa\u0107? Mamy na to spos\u00f3b! Zapro\u015b do domu w dniu porz\u0105dk\u00f3w swoj\u0105 przyjaci\u00f3\u0142k\u0119, kt\u00f3ra na pewno pomo\u017ce Ci w podejmowaniu decyzji i podejdzie do sprawy znacznie ch\u0142odniej, ni\u017c Ty. <strong>To w\u0142a\u015bnie dzi\u0119ki niej pozb\u0119dziesz si\u0119 naprawd\u0119 niepotrzebnych ubra\u0144<\/strong>, a co za tym idzie b\u0119dzie Ci znacznie \u0142atwiej zachowa\u0107 porz\u0105dek w szafie no i przy okazji znajdzie si\u0119 miejsce na nowe \ud83d\ude09\u00a0<\/p>\n<h2>3. Zabezpiecz odzie\u017c zimow\u0105<\/h2>\n<p>\u00a0<\/p>\n<p><strong>Garderoba zimowa, taka jak kurtki puchowe czy ubrania ocieplane zajmuj\u0105 bardzo du\u017co miejsca Dlatego odpowiednio je zapakuj, \u017ceby nie zajmowa\u0142y za du\u017co przestrzeni<\/strong>. Schowaj je w jakie\u015b odr\u0119bne miejsce. Mo\u017ce masz jak\u0105 specjaln\u0105 szaf\u0119 na takie rzeczy? Spakuj te\u017c p\u0142aszcze, grube bluzy i <strong><span style=\"color: #ff9900;\"><a style=\"color: #ff9900;\" href=\"https:\/\/pakuten.pl\/28-swetry\">swetry<\/a><\/span><\/strong>. Sprawd\u017a najpierw czy nie s\u0105 uszkodzone. Sprawd\u017a czy zamki si\u0119 nie zacinaj\u0105. Zajrzyj te\u017c do kieszeni, czy przypadkiem nic tam nie zosta\u0142o&#8230; Zastosuj worki pr\u00f3\u017cniowe, kt\u00f3re s\u0105 idealne w\u0142a\u015bnie do<span style=\"color: #ff9900;\"><strong><a style=\"color: #ff9900;\" href=\"https:\/\/pakuten.pl\/48-kurtki-damskie\"> grubych kurtek<\/a><\/strong><\/span>. W ten spos\u00f3b zabezpieczysz te\u017c odzie\u017c przed molami.\u00a0<\/p>\n<p>\u00a0<\/p>\n<p>https:\/\/www.instagram.com\/p\/CLrzysTIJOU\/<\/p>\n<p>\u00a0<\/p>\n<div class=\"product-box-container\">\r\n<div class=\"one_third \" style=\"\">\r\n<div class=\"product-box\">\r\n<a href=\"https:\/\/pakuten.pl\/17222-54223-pikowana-kurtka-nudell-latte-latte.html\" target=\"_blank\">\r\n <img src=\"https:\/\/media.pakuten.pl\/120904-large_default\/pikowana-kurtka-nudell-latte.jpg\" alt=\"PIKOWANA KURTKA NUDELL - latte\"\/>\r\n<\/a>\r\n<p>\r\n<a href=\"https:\/\/pakuten.pl\/17222-54223-pikowana-kurtka-nudell-latte-latte.html\" target=\"_blank\">\r\nPIKOWANA KURTKA NUDELL - latte\r\n<\/a><\/p>\r\n  <p>Cena: 116,63\u00a0z\u0142<\/p>\r\n<a href=\"https:\/\/pakuten.pl\/17222-54223-pikowana-kurtka-nudell-latte-latte.html\" target=\"_blank\" class=\"button\">\r\nZobacz w sklepie\r\n<\/a>\r\n<\/div>\r\n<\/div>\r\n<div class=\"one_third \" style=\"\">\r\n<div class=\"product-box\">\r\n<a href=\"https:\/\/pakuten.pl\/17212-54043-komplet-bluzka-i-spodniczka-aldoee-ecru-ecru.html\" target=\"_blank\">\r\n  <img src=\"https:\/\/media.pakuten.pl\/120533-large_default\/komplet-bluzka-i-spodniczka-aldoee-ecru.jpg\" alt=\"KOMPLET BLUZKA I SP\u00d3DNICZKA ALDOEE - ecru\"\/>\r\n<\/a>\r\n<p>\r\n<a href=\"https:\/\/pakuten.pl\/17212-54043-komplet-bluzka-i-spodniczka-aldoee-ecru-ecru.html\" target=\"_blank\">\r\nKOMPLET BLUZKA I SP\u00d3DNICZKA ALDOEE - ecru\r\n<\/a><\/p>\r\n  <p>Cena: 86,09\u00a0z\u0142<\/p>\r\n<a href=\"https:\/\/pakuten.pl\/17212-54043-komplet-bluzka-i-spodniczka-aldoee-ecru-ecru.html\" target=\"_blank\" class=\"button\">\r\nZobacz w sklepie\r\n<\/a>\r\n<\/div>\r\n<\/div>\r\n<div class=\"one_third last \" style=\"\">\r\n<div class=\"product-box\">\r\n<a href=\"https:\/\/pakuten.pl\/17206-54045-liliowy-dwukolorowy-komplet-dresowy-lykka-liliowy.html\" target=\"_blank\">\r\n  <img src=\"https:\/\/media.pakuten.pl\/120550-large_default\/liliowy-dwukolorowy-komplet-dresowy-lykka.jpg\" alt=\"LILIOWY DWUKOLOROWY KOMPLET DRESOWY LYKKA\"\/>\r\n<\/a>\r\n<p>\r\n<a href=\"https:\/\/pakuten.pl\/17206-54045-liliowy-dwukolorowy-komplet-dresowy-lykka-liliowy.html\" target=\"_blank\">\r\nLILIOWY DWUKOLOROWY KOMPLET DRESOWY LYKKA\r\n<\/a><\/p>\r\n  <p>Cena: 153,99\u00a0z\u0142<\/p>\r\n<a href=\"https:\/\/pakuten.pl\/17206-54045-liliowy-dwukolorowy-komplet-dresowy-lykka-liliowy.html\" target=\"_blank\" class=\"button\">\r\nZobacz w sklepie\r\n<\/a>\r\n<\/div>\r\n<\/div><br class=\"clear\"\/>\r\n<\/div>\n<p>\u00a0<\/p>\n<p>\u00a0<\/p>\n<h2>4. U\u0142\u00f3\u017c z powrotem wszystko do szafy<\/h2>\n<p>\u00a0<\/p>\n<p>Po przejrzeniu wszystkich swoich ubra\u0144, przymierzeniu ich i wytarciu p\u00f3\u0142ek z kurzu, mo\u017cesz wszystko u\u0142o\u017cy\u0107 z powrotem do szafy.\u00a0 Wiosenne porz\u0105dki \u00a0sprawi\u0105, \u017ce od razu poczujesz si\u0119 lepiej. <strong>Dla utrzymania \u0142adu i sk\u0142adu zainwestuj w pude\u0142ka i organizery,<\/strong> kt\u00f3re przydadz\u0105 si\u0119 idealnie na niewielkie przedmioty. To doskona\u0142e rozwi\u0105zanie. Uk\u0142adaj ciuchy zgodnie z ich przeznaczeniem, albo wed\u0142ug kolor\u00f3w &#8211; to wa\u017cne, aby\u015b Ty doskonale mog\u0142a si\u0119 we wszystkim odnale\u017a\u0107. W\u0142\u00f3\u017c\u00a0do szafy zapachowe saszetki, kt\u00f3re sprawi\u0105, \u017ce mi\u0142o b\u0119dzie Ci zajrze\u0107 do w\u0142asnej szafy. \u0141ad w szafie pozwol\u0105 Ci zachowa\u0107 wszelkiego rodzaju pude\u0142ka, pojemniki i organizery. Ubrania na wieszakach wieszaj w jednym kierunku. Jak uk\u0142ada\u0107 ubrania? Mo\u017cesz je uk\u0142ada\u0107 kolorystycznie, albo zgodnie z ich przeznaczeniem. Je\u017celi posiadasz rzeczy, kt\u00f3re masz pewno\u015b\u0107, \u017ce b\u0119dziesz na pewno czasami je nosi\u0142a (na przyk\u0142ad jakie\u015b<span style=\"color: #ff9900;\">\u00a0<strong><a style=\"color: #ff9900;\" href=\"https:\/\/pakuten.pl\/69-sukienki-na-okazje\" target=\"_blank\" rel=\"noopener\">sukienki na okazje<\/a><\/strong> <span style=\"color: #000000;\">), to zabezpiecz je, schowaj je gdzie\u015b, \u017ceby nie le\u017ca\u0142y na wierzchu i niepotrzebnie zajmowa\u0142y Ci miejsce, na kt\u00f3rym mog\u0105 le\u017ce\u0107 rzeczy, kt\u00f3re aktualnie mo\u017cesz nosi\u0107.\u00a0<\/span><\/span><\/p>\n<p>\u00a0<\/p>\n<p>\u00a0<\/p>\n<p>https:\/\/www.instagram.com\/p\/CLrlsebIRO2\/<\/p>\n<p>\u00a0<\/p>\n<div class=\"product-box-container\">\r\n<div class=\"one_third \" style=\"\">\r\n<div class=\"product-box\">\r\n<a href=\"https:\/\/pakuten.pl\/17229-54189-kolorowa-puchowa-kamizelka-sebilla-wzor-2-wzor-2.html\" target=\"_blank\">\r\n <img src=\"https:\/\/media.pakuten.pl\/120862-large_default\/kolorowa-puchowa-kamizelka-sebilla-wzor-2.jpg\" alt=\"KOLOROWA PUCHOWA KAMIZELKA SEBILLA - wz\u00f3r 2\"\/>\r\n<\/a>\r\n<p>\r\n<a href=\"https:\/\/pakuten.pl\/17229-54189-kolorowa-puchowa-kamizelka-sebilla-wzor-2-wzor-2.html\" target=\"_blank\">\r\nKOLOROWA PUCHOWA KAMIZELKA SEBILLA - wz\u00f3r 2\r\n<\/a><\/p>\r\n  <p>Cena: 49,99\u00a0z\u0142<\/p>\r\n<a href=\"https:\/\/pakuten.pl\/17229-54189-kolorowa-puchowa-kamizelka-sebilla-wzor-2-wzor-2.html\" target=\"_blank\" class=\"button\">\r\nZobacz w sklepie\r\n<\/a>\r\n<\/div>\r\n<\/div>\r\n<div class=\"one_third \" style=\"\">\r\n<div class=\"product-box\">\r\n<a href=\"https:\/\/pakuten.pl\/17210-54050-bezowy-komplet-bluzka-i-spodniczka-aldoee--bezowy.html\" target=\"_blank\">\r\n  <img src=\"https:\/\/media.pakuten.pl\/120582-large_default\/bezowy-komplet-bluzka-i-spodniczka-aldoee-.jpg\" alt=\"BE\u017bOWY KOMPLET BLUZKA I SP\u00d3DNICZKA ALDOEE\"\/>\r\n<\/a>\r\n<p>\r\n<a href=\"https:\/\/pakuten.pl\/17210-54050-bezowy-komplet-bluzka-i-spodniczka-aldoee--bezowy.html\" target=\"_blank\">\r\nBE\u017bOWY KOMPLET BLUZKA I SP\u00d3DNICZKA ALDOEE\r\n<\/a><\/p>\r\n  <p>Cena: 86,09\u00a0z\u0142<\/p>\r\n<a href=\"https:\/\/pakuten.pl\/17210-54050-bezowy-komplet-bluzka-i-spodniczka-aldoee--bezowy.html\" target=\"_blank\" class=\"button\">\r\nZobacz w sklepie\r\n<\/a>\r\n<\/div>\r\n<\/div>\r\n<div class=\"one_third last \" style=\"\">\r\n<div class=\"product-box\">\r\n<a href=\"https:\/\/pakuten.pl\/17227-54201-kolorowa-puchowa-kamizelka-sebilla-wzor-4-wzor-4.html\" target=\"_blank\">\r\n  <img src=\"https:\/\/media.pakuten.pl\/120870-large_default\/kolorowa-puchowa-kamizelka-sebilla-wzor-4.jpg\" alt=\"KOLOROWA PUCHOWA KAMIZELKA SEBILLA - wz\u00f3r 4\"\/>\r\n<\/a>\r\n<p>\r\n<a href=\"https:\/\/pakuten.pl\/17227-54201-kolorowa-puchowa-kamizelka-sebilla-wzor-4-wzor-4.html\" target=\"_blank\">\r\nKOLOROWA PUCHOWA KAMIZELKA SEBILLA - wz\u00f3r 4\r\n<\/a><\/p>\r\n  <p>Cena: 49,99\u00a0z\u0142<\/p>\r\n<a href=\"https:\/\/pakuten.pl\/17227-54201-kolorowa-puchowa-kamizelka-sebilla-wzor-4-wzor-4.html\" target=\"_blank\" class=\"button\">\r\nZobacz w sklepie\r\n<\/a>\r\n<\/div>\r\n<\/div><br class=\"clear\"\/>\r\n<\/div>\n<p>\u00a0<\/p>\n<h2>5. A teraz&#8230; Czas na zakupy!<\/h2>\n<p>\u00a0<\/p>\n<p><strong>Porz\u0105dki w szafie powinny zako\u0144czy\u0107 si\u0119 oczywi\u015bcie&#8230; zakupami! Tak, w ko\u0144cu po to zrobi\u0142a\u015b miejsce na nowe.<\/strong>.. Dzi\u0119ki nim stworzysz nowe stylizacje wiosenne. Wyrzuci\u0142a\u015b swoje stare, zu\u017cyte\u00a0<span style=\"color: #000000;\">dresy <\/span>? Czas na nowe! <strong>Na pewno przydadz\u0105 Ci si\u0119 r\u00f3wnie\u017c ubrania na bardziej oficjalne spotkania<\/strong>, dlatego rozejrzyj si\u0119 za<span style=\"color: #ff9900;\"><strong><a style=\"color: #ff9900;\" href=\"https:\/\/pakuten.pl\/27-sukienki\"> now\u0105\u00a0sukienk\u0105 <\/a><\/strong><\/span>. Ubierz si\u0119 stylowo, a zarazem wygodnie. Pami\u0119taj o stroju do pracy, do szko\u0142y, na wyj\u015bcie ze znajomymi&#8230; Uzupe\u0142nij swoja garderob\u0119 tak, aby\u015b by\u0142a gotowa na ka\u017cd\u0105 okazj\u0119.\u00a0<\/p>\n<p>\u00a0<\/p>\n<p>\u00a0<\/p>\n<div class=\"product-box-container\">\r\n<div class=\"one_third \" style=\"\">\r\n<div class=\"product-box\">\r\n<a href=\"https:\/\/pakuten.pl\/17201-54135-bezowy-komplet-dresowy-z-wycieciem-na-plecach-lizzia-bezowy.html\" target=\"_blank\">\r\n <img src=\"https:\/\/media.pakuten.pl\/120748-large_default\/bezowy-komplet-dresowy-z-wycieciem-na-plecach-lizzia.jpg\" alt=\"BE\u017bOWY KOMPLET DRESOWY Z WYCI\u0118CIEM NA PLECACH LIZZIA\"\/>\r\n<\/a>\r\n<p>\r\n<a href=\"https:\/\/pakuten.pl\/17201-54135-bezowy-komplet-dresowy-z-wycieciem-na-plecach-lizzia-bezowy.html\" target=\"_blank\">\r\nBE\u017bOWY KOMPLET DRESOWY Z WYCI\u0118CIEM NA PLECACH LIZZIA\r\n<\/a><\/p>\r\n  <p>Cena: 153,99\u00a0z\u0142<\/p>\r\n<a href=\"https:\/\/pakuten.pl\/17201-54135-bezowy-komplet-dresowy-z-wycieciem-na-plecach-lizzia-bezowy.html\" target=\"_blank\" class=\"button\">\r\nZobacz w sklepie\r\n<\/a>\r\n<\/div>\r\n<\/div>\r\n<div class=\"one_third \" style=\"\">\r\n<div class=\"product-box\">\r\n<a href=\"https:\/\/pakuten.pl\/17186-54259-liliowy-wygodny-komplet-dresowy-logowany-malene-liliowy.html\" target=\"_blank\">\r\n  <img src=\"https:\/\/media.pakuten.pl\/121131-large_default\/liliowy-wygodny-komplet-dresowy-logowany-malene.jpg\" alt=\"LILIOWY WYGODNY KOMPLET DRESOWY LOGOWANY MALENE\"\/>\r\n<\/a>\r\n<p>\r\n<a href=\"https:\/\/pakuten.pl\/17186-54259-liliowy-wygodny-komplet-dresowy-logowany-malene-liliowy.html\" target=\"_blank\">\r\nLILIOWY WYGODNY KOMPLET DRESOWY LOGOWANY MALENE\r\n<\/a><\/p>\r\n  <p>Cena: 158,19\u00a0z\u0142<\/p>\r\n<a href=\"https:\/\/pakuten.pl\/17186-54259-liliowy-wygodny-komplet-dresowy-logowany-malene-liliowy.html\" target=\"_blank\" class=\"button\">\r\nZobacz w sklepie\r\n<\/a>\r\n<\/div>\r\n<\/div>\r\n<div class=\"one_third last \" style=\"\">\r\n<div class=\"product-box\">\r\n<a href=\"https:\/\/pakuten.pl\/17191-54252-wygodny-komplet-dresowy-logowany-malene-latte-latte.html\" target=\"_blank\">\r\n  <img src=\"https:\/\/media.pakuten.pl\/121106-large_default\/wygodny-komplet-dresowy-logowany-malene-latte.jpg\" alt=\"WYGODNY KOMPLET DRESOWY LOGOWANY MALENE - latte\"\/>\r\n<\/a>\r\n<p>\r\n<a href=\"https:\/\/pakuten.pl\/17191-54252-wygodny-komplet-dresowy-logowany-malene-latte-latte.html\" target=\"_blank\">\r\nWYGODNY KOMPLET DRESOWY LOGOWANY MALENE - latte\r\n<\/a><\/p>\r\n  <p>Cena: 129,99\u00a0z\u0142<\/p>\r\n<a href=\"https:\/\/pakuten.pl\/17191-54252-wygodny-komplet-dresowy-logowany-malene-latte-latte.html\" target=\"_blank\" class=\"button\">\r\nZobacz w sklepie\r\n<\/a>\r\n<\/div>\r\n<\/div><br class=\"clear\"\/>\r\n<\/div>\n<p>\u00a0<\/p>\n<h2>6. Trendy wiosna 2022\u00a0<\/h2>\n<p>Robi\u0105c porz\u0105dek w szafie we\u017a pod uwag\u0119 koniecznie trendy wiosny 2022. Co b\u0119dzie modne w tym roku? Twoje stylizacje na wiosn\u0119 powinny wpasowywa\u0107 si\u0119 w aktualne trendy. Jednak powinna\u015b r\u00f3wnie\u017c pami\u0119ta\u0107 o <span style=\"color: #ff9900;\"><a style=\"color: #ff9900;\" href=\"https:\/\/pakuten.pl\/112-basic\"><strong>ubraniach typu<\/strong> <strong>basic<\/strong>.<\/a><\/span> G\u0142adka prosta sukienka, zwyk\u0142y top w uniwersalnym kolorze, klasyczne bia\u0142e lub czarne bluzki &#8211; to podstawa w Twojej szafie. Z nimi stworzysz nie tylko stylizacje na wiosn\u0119, ale na ka\u017cd\u0105 por\u0119 roku. Sprawd\u017a koniecznie jakie s\u0105 trendy wiosna 2022 i uzupe\u0142nij swoja szaf\u0119 w brakuj\u0105ce ubrania.\u00a0<\/p>\n<p>\u00a0<\/p>\n<h2>7. Wiosenne porz\u0105dki w szafie &#8211; czy tylko raz wystarczy?\u00a0<\/h2>\n<p>Czy wystarczy, \u017ce porz\u0105dek w szafie zrobisz tylko raz, przed nadej\u015bciem tej pory roku? Niekoniecznie! <strong>Dobrze zrobi\u0107 tak\u0105 selekcj\u0119 przynajmniej dwa razy. Pierwszy raz pod koniec zimy, natomiast kolejny ju\u017c w trakcie trwania wiosny.<\/strong> To pomo\u017ce Ci unikn\u0105\u0107 chaosu w szafie. Nieuniknione jest, \u017ce po pierwszych wiosennych porz\u0105dkach w szafie, nagromadzi Ci si\u0119 ju\u017c przez kr\u00f3tki czas, wiele kolejnych ubra\u0144. (Mo\u017ce zaszalejesz na wyprzeda\u017cach? ). Dlatego zr\u00f3b po miesi\u0105cu kolejny przegl\u0105d szafy. Pami\u0119taj te\u017c o rozs\u0105dnych zakupach.\u00a0<\/p>\n<p>\u00a0<\/p>\n<p>\u00a0<\/p>\n\n\n<div class=\"kk-star-ratings kksr-auto kksr-align-right kksr-valign-bottom\"\n    data-payload='{&quot;align&quot;:&quot;right&quot;,&quot;id&quot;:&quot;4145&quot;,&quot;slug&quot;:&quot;default&quot;,&quot;valign&quot;:&quot;bottom&quot;,&quot;ignore&quot;:&quot;&quot;,&quot;reference&quot;:&quot;auto&quot;,&quot;class&quot;:&quot;&quot;,&quot;count&quot;:&quot;0&quot;,&quot;legendonly&quot;:&quot;&quot;,&quot;readonly&quot;:&quot;&quot;,&quot;score&quot;:&quot;0&quot;,&quot;starsonly&quot;:&quot;&quot;,&quot;best&quot;:&quot;5&quot;,&quot;gap&quot;:&quot;5&quot;,&quot;greet&quot;:&quot;Rate this post&quot;,&quot;legend&quot;:&quot;0\\\/5 - (0 votes)&quot;,&quot;size&quot;:&quot;24&quot;,&quot;width&quot;:&quot;0&quot;,&quot;_legend&quot;:&quot;{score}\\\/{best} - ({count} {votes})&quot;,&quot;font_factor&quot;:&quot;1.25&quot;}'>\n            \n<div class=\"kksr-stars\">\n    \n<div class=\"kksr-stars-inactive\">\n            <div class=\"kksr-star\" data-star=\"1\" style=\"padding-right: 5px\">\n            \n\n<div class=\"kksr-icon\" style=\"width: 24px; height: 24px;\"><\/div>\n        <\/div>\n            <div class=\"kksr-star\" data-star=\"2\" style=\"padding-right: 5px\">\n            \n\n<div class=\"kksr-icon\" style=\"width: 24px; height: 24px;\"><\/div>\n        <\/div>\n            <div class=\"kksr-star\" data-star=\"3\" style=\"padding-right: 5px\">\n            \n\n<div class=\"kksr-icon\" style=\"width: 24px; height: 24px;\"><\/div>\n        <\/div>\n            <div class=\"kksr-star\" data-star=\"4\" style=\"padding-right: 5px\">\n            \n\n<div class=\"kksr-icon\" style=\"width: 24px; height: 24px;\"><\/div>\n        <\/div>\n            <div class=\"kksr-star\" data-star=\"5\" style=\"padding-right: 5px\">\n            \n\n<div class=\"kksr-icon\" style=\"width: 24px; height: 24px;\"><\/div>\n        <\/div>\n    <\/div>\n    \n<div class=\"kksr-stars-active\" style=\"width: 0px;\">\n            <div class=\"kksr-star\" style=\"padding-right: 5px\">\n            \n\n<div class=\"kksr-icon\" style=\"width: 24px; height: 24px;\"><\/div>\n        <\/div>\n            <div class=\"kksr-star\" style=\"padding-right: 5px\">\n            \n\n<div class=\"kksr-icon\" style=\"width: 24px; height: 24px;\"><\/div>\n        <\/div>\n            <div class=\"kksr-star\" style=\"padding-right: 5px\">\n            \n\n<div class=\"kksr-icon\" style=\"width: 24px; height: 24px;\"><\/div>\n        <\/div>\n            <div class=\"kksr-star\" style=\"padding-right: 5px\">\n            \n\n<div class=\"kksr-icon\" style=\"width: 24px; height: 24px;\"><\/div>\n        <\/div>\n            <div class=\"kksr-star\" style=\"padding-right: 5px\">\n            \n\n<div class=\"kksr-icon\" style=\"width: 24px; height: 24px;\"><\/div>\n        <\/div>\n    <\/div>\n<\/div>\n                \n\n<div class=\"kksr-legend\" style=\"font-size: 19.2px;\">\n            <span class=\"kksr-muted\">Rate this post<\/span>\n    <\/div>\n    <\/div>\n","protected":false},"excerpt":{"rendered":"<p>Kiedy tylko zaczyna si\u0119 robi\u0107 nieco cieplej, wi\u0119kszo\u015b\u0107 z nas zabiera si\u0119 za wiosenne porz\u0105dki w szafie. Dzi\u0119ki nim od\u015bwie\u017cysz swoja garderob\u0119, pozb\u0119dziesz si\u0119 tego, co nie jest Ci ju\u017c potrzebne i zrobisz miejsce na nowe ubrania. Od czego zacz\u0105\u0107? Na co zwr\u00f3ci\u0107 uwag\u0119? Podpowiadamy!<\/p>\n","protected":false},"author":3,"featured_media":4155,"comment_status":"open","ping_status":"open","sticky":false,"template":"","format":"standard","meta":[],"categories":[4],"tags":[],"yoast_head":"<!-- This site is optimized with the Yoast SEO plugin v18.4.1 - https:\/\/yoast.com\/wordpress\/plugins\/seo\/ -->\n<title>Wiosenne porz\u0105dki w szafie - na co zwr\u00f3ci\u0107 uwag\u0119? - Pakuten blog<\/title>\n<meta name=\"description\" content=\"Kiedy tylko zaczyna si\u0119 robi\u0107 nieco cieplej, wi\u0119kszo\u015b\u0107 z nas zabiera si\u0119 za wiosenne porz\u0105dki w szafie. Od czego zacz\u0105\u0107? Na co zwr\u00f3ci\u0107 uwag\u0119? Podpowiadamy!\" \/>\n<meta name=\"robots\" content=\"index, follow, max-snippet:-1, max-image-preview:large, max-video-preview:-1\" \/>\n<link rel=\"canonical\" href=\"https:\/\/pakuten.pl\/blog\/wiosenne-porzadki-w-szafie-na-co-zwrocic-uwage\/\" \/>\n<meta property=\"og:locale\" content=\"pl_PL\" \/>\n<meta property=\"og:type\" content=\"article\" \/>\n<meta property=\"og:title\" content=\"Wiosenne porz\u0105dki w szafie - na co zwr\u00f3ci\u0107 uwag\u0119? - Pakuten blog\" \/>\n<meta property=\"og:description\" content=\"Kiedy tylko zaczyna si\u0119 robi\u0107 nieco cieplej, wi\u0119kszo\u015b\u0107 z nas zabiera si\u0119 za wiosenne porz\u0105dki w szafie. Od czego zacz\u0105\u0107? Na co zwr\u00f3ci\u0107 uwag\u0119? Podpowiadamy!\" \/>\n<meta property=\"og:url\" content=\"https:\/\/pakuten.pl\/blog\/wiosenne-porzadki-w-szafie-na-co-zwrocic-uwage\/\" \/>\n<meta property=\"og:site_name\" content=\"Pakuten blog\" \/>\n<meta property=\"article:published_time\" content=\"2021-02-28T11:48:00+00:00\" \/>\n<meta property=\"article:modified_time\" content=\"2021-08-31T09:42:12+00:00\" \/>\n<meta property=\"og:image\" content=\"https:\/\/pakuten.pl\/blog\/wp-content\/uploads\/2021\/02\/wiosenne-porza\u0328dki.jpg\" \/>\n\t<meta property=\"og:image:width\" content=\"1280\" \/>\n\t<meta property=\"og:image:height\" content=\"854\" \/>\n\t<meta property=\"og:image:type\" content=\"image\/jpeg\" \/>\n<meta name=\"twitter:card\" content=\"summary_large_image\" \/>\n<meta name=\"twitter:label1\" content=\"Napisane przez\" \/>\n\t<meta name=\"twitter:data1\" content=\"Pakuten Girl\" \/>\n\t<meta name=\"twitter:label2\" content=\"Szacowany czas czytania\" \/>\n\t<meta name=\"twitter:data2\" content=\"5 minut\" \/>\n<script type=\"application\/ld+json\" class=\"yoast-schema-graph\">{\"@context\":\"https:\/\/schema.org\",\"@graph\":[{\"@type\":\"Organization\",\"@id\":\"https:\/\/pakuten.pl\/blog\/#organization\",\"name\":\"Pakuten\",\"url\":\"https:\/\/pakuten.pl\/blog\/\",\"sameAs\":[],\"logo\":{\"@type\":\"ImageObject\",\"@id\":\"https:\/\/pakuten.pl\/blog\/#logo\",\"inLanguage\":\"pl-PL\",\"url\":\"http:\/\/pakuten.pl\/blog\/wp-content\/uploads\/2018\/01\/pakuten_logo.png\",\"contentUrl\":\"http:\/\/pakuten.pl\/blog\/wp-content\/uploads\/2018\/01\/pakuten_logo.png\",\"width\":300,\"height\":120,\"caption\":\"Pakuten\"},\"image\":{\"@id\":\"https:\/\/pakuten.pl\/blog\/#logo\"}},{\"@type\":\"WebSite\",\"@id\":\"https:\/\/pakuten.pl\/blog\/#website\",\"url\":\"https:\/\/pakuten.pl\/blog\/\",\"name\":\"Pakuten blog\",\"description\":\"Blog sklepu internetowego pakuten.pl\",\"publisher\":{\"@id\":\"https:\/\/pakuten.pl\/blog\/#organization\"},\"potentialAction\":[{\"@type\":\"SearchAction\",\"target\":{\"@type\":\"EntryPoint\",\"urlTemplate\":\"https:\/\/pakuten.pl\/blog\/?s={search_term_string}\"},\"query-input\":\"required name=search_term_string\"}],\"inLanguage\":\"pl-PL\"},{\"@type\":\"ImageObject\",\"@id\":\"https:\/\/pakuten.pl\/blog\/wiosenne-porzadki-w-szafie-na-co-zwrocic-uwage\/#primaryimage\",\"inLanguage\":\"pl-PL\",\"url\":\"https:\/\/pakuten.pl\/blog\/wp-content\/uploads\/2021\/02\/wiosenne-porza\u0328dki.jpg\",\"contentUrl\":\"https:\/\/pakuten.pl\/blog\/wp-content\/uploads\/2021\/02\/wiosenne-porza\u0328dki.jpg\",\"width\":1280,\"height\":854},{\"@type\":\"WebPage\",\"@id\":\"https:\/\/pakuten.pl\/blog\/wiosenne-porzadki-w-szafie-na-co-zwrocic-uwage\/#webpage\",\"url\":\"https:\/\/pakuten.pl\/blog\/wiosenne-porzadki-w-szafie-na-co-zwrocic-uwage\/\",\"name\":\"Wiosenne porz\u0105dki w szafie - na co zwr\u00f3ci\u0107 uwag\u0119? - Pakuten blog\",\"isPartOf\":{\"@id\":\"https:\/\/pakuten.pl\/blog\/#website\"},\"primaryImageOfPage\":{\"@id\":\"https:\/\/pakuten.pl\/blog\/wiosenne-porzadki-w-szafie-na-co-zwrocic-uwage\/#primaryimage\"},\"datePublished\":\"2021-02-28T11:48:00+00:00\",\"dateModified\":\"2021-08-31T09:42:12+00:00\",\"description\":\"Kiedy tylko zaczyna si\u0119 robi\u0107 nieco cieplej, wi\u0119kszo\u015b\u0107 z nas zabiera si\u0119 za wiosenne porz\u0105dki w szafie. Od czego zacz\u0105\u0107? Na co zwr\u00f3ci\u0107 uwag\u0119? Podpowiadamy!\",\"breadcrumb\":{\"@id\":\"https:\/\/pakuten.pl\/blog\/wiosenne-porzadki-w-szafie-na-co-zwrocic-uwage\/#breadcrumb\"},\"inLanguage\":\"pl-PL\",\"potentialAction\":[{\"@type\":\"ReadAction\",\"target\":[\"https:\/\/pakuten.pl\/blog\/wiosenne-porzadki-w-szafie-na-co-zwrocic-uwage\/\"]}]},{\"@type\":\"BreadcrumbList\",\"@id\":\"https:\/\/pakuten.pl\/blog\/wiosenne-porzadki-w-szafie-na-co-zwrocic-uwage\/#breadcrumb\",\"itemListElement\":[{\"@type\":\"ListItem\",\"position\":1,\"name\":\"Strona g\u0142\u00f3wna\",\"item\":\"https:\/\/pakuten.pl\/blog\/\"},{\"@type\":\"ListItem\",\"position\":2,\"name\":\"Wiosenne porz\u0105dki w szafie &#8211; na co zwr\u00f3ci\u0107 uwag\u0119?\"}]},{\"@type\":\"Article\",\"@id\":\"https:\/\/pakuten.pl\/blog\/wiosenne-porzadki-w-szafie-na-co-zwrocic-uwage\/#article\",\"isPartOf\":{\"@id\":\"https:\/\/pakuten.pl\/blog\/wiosenne-porzadki-w-szafie-na-co-zwrocic-uwage\/#webpage\"},\"author\":{\"@id\":\"https:\/\/pakuten.pl\/blog\/#\/schema\/person\/d7133af30211381a4e4536d088384556\"},\"headline\":\"Wiosenne porz\u0105dki w szafie &#8211; na co zwr\u00f3ci\u0107 uwag\u0119?\",\"datePublished\":\"2021-02-28T11:48:00+00:00\",\"dateModified\":\"2021-08-31T09:42:12+00:00\",\"mainEntityOfPage\":{\"@id\":\"https:\/\/pakuten.pl\/blog\/wiosenne-porzadki-w-szafie-na-co-zwrocic-uwage\/#webpage\"},\"wordCount\":1158,\"commentCount\":0,\"publisher\":{\"@id\":\"https:\/\/pakuten.pl\/blog\/#organization\"},\"image\":{\"@id\":\"https:\/\/pakuten.pl\/blog\/wiosenne-porzadki-w-szafie-na-co-zwrocic-uwage\/#primaryimage\"},\"thumbnailUrl\":\"https:\/\/pakuten.pl\/blog\/wp-content\/uploads\/2021\/02\/wiosenne-porza\u0328dki.jpg\",\"articleSection\":[\"Tips&amp;Tricks\"],\"inLanguage\":\"pl-PL\",\"potentialAction\":[{\"@type\":\"CommentAction\",\"name\":\"Comment\",\"target\":[\"https:\/\/pakuten.pl\/blog\/wiosenne-porzadki-w-szafie-na-co-zwrocic-uwage\/#respond\"]}]},{\"@type\":\"Person\",\"@id\":\"https:\/\/pakuten.pl\/blog\/#\/schema\/person\/d7133af30211381a4e4536d088384556\",\"name\":\"Pakuten Girl\",\"image\":{\"@type\":\"ImageObject\",\"@id\":\"https:\/\/pakuten.pl\/blog\/#personlogo\",\"inLanguage\":\"pl-PL\",\"url\":\"https:\/\/secure.gravatar.com\/avatar\/d3df41de2caf92e6cfded9430c2ff352?s=96&d=mm&r=g\",\"contentUrl\":\"https:\/\/secure.gravatar.com\/avatar\/d3df41de2caf92e6cfded9430c2ff352?s=96&d=mm&r=g\",\"caption\":\"Pakuten Girl\"},\"description\":\"Cze\u015b\u0107, nazywam si\u0119 Ola. Kocham Netflixa, sals\u0119, nowo\u015bci kosmetyczne i najnowsze trendy w modzie.\",\"url\":\"https:\/\/pakuten.pl\/blog\/author\/pakuten-girl\/\"}]}<\/script>\n<!-- \/ Yoast SEO plugin. -->","yoast_head_json":{"title":"Wiosenne porz\u0105dki w szafie - na co zwr\u00f3ci\u0107 uwag\u0119? - Pakuten blog","description":"Kiedy tylko zaczyna si\u0119 robi\u0107 nieco cieplej, wi\u0119kszo\u015b\u0107 z nas zabiera si\u0119 za wiosenne porz\u0105dki w szafie. Od czego zacz\u0105\u0107? Na co zwr\u00f3ci\u0107 uwag\u0119? Podpowiadamy!","robots":{"index":"index","follow":"follow","max-snippet":"max-snippet:-1","max-image-preview":"max-image-preview:large","max-video-preview":"max-video-preview:-1"},"canonical":"https:\/\/pakuten.pl\/blog\/wiosenne-porzadki-w-szafie-na-co-zwrocic-uwage\/","og_locale":"pl_PL","og_type":"article","og_title":"Wiosenne porz\u0105dki w szafie - na co zwr\u00f3ci\u0107 uwag\u0119? - Pakuten blog","og_description":"Kiedy tylko zaczyna si\u0119 robi\u0107 nieco cieplej, wi\u0119kszo\u015b\u0107 z nas zabiera si\u0119 za wiosenne porz\u0105dki w szafie. Od czego zacz\u0105\u0107? Na co zwr\u00f3ci\u0107 uwag\u0119? Podpowiadamy!","og_url":"https:\/\/pakuten.pl\/blog\/wiosenne-porzadki-w-szafie-na-co-zwrocic-uwage\/","og_site_name":"Pakuten blog","article_published_time":"2021-02-28T11:48:00+00:00","article_modified_time":"2021-08-31T09:42:12+00:00","og_image":[{"width":1280,"height":854,"url":"https:\/\/pakuten.pl\/blog\/wp-content\/uploads\/2021\/02\/wiosenne-porza\u0328dki.jpg","type":"image\/jpeg"}],"twitter_card":"summary_large_image","twitter_misc":{"Napisane przez":"Pakuten Girl","Szacowany czas czytania":"5 minut"},"schema":{"@context":"https:\/\/schema.org","@graph":[{"@type":"Organization","@id":"https:\/\/pakuten.pl\/blog\/#organization","name":"Pakuten","url":"https:\/\/pakuten.pl\/blog\/","sameAs":[],"logo":{"@type":"ImageObject","@id":"https:\/\/pakuten.pl\/blog\/#logo","inLanguage":"pl-PL","url":"http:\/\/pakuten.pl\/blog\/wp-content\/uploads\/2018\/01\/pakuten_logo.png","contentUrl":"http:\/\/pakuten.pl\/blog\/wp-content\/uploads\/2018\/01\/pakuten_logo.png","width":300,"height":120,"caption":"Pakuten"},"image":{"@id":"https:\/\/pakuten.pl\/blog\/#logo"}},{"@type":"WebSite","@id":"https:\/\/pakuten.pl\/blog\/#website","url":"https:\/\/pakuten.pl\/blog\/","name":"Pakuten blog","description":"Blog sklepu internetowego pakuten.pl","publisher":{"@id":"https:\/\/pakuten.pl\/blog\/#organization"},"potentialAction":[{"@type":"SearchAction","target":{"@type":"EntryPoint","urlTemplate":"https:\/\/pakuten.pl\/blog\/?s={search_term_string}"},"query-input":"required name=search_term_string"}],"inLanguage":"pl-PL"},{"@type":"ImageObject","@id":"https:\/\/pakuten.pl\/blog\/wiosenne-porzadki-w-szafie-na-co-zwrocic-uwage\/#primaryimage","inLanguage":"pl-PL","url":"https:\/\/pakuten.pl\/blog\/wp-content\/uploads\/2021\/02\/wiosenne-porza\u0328dki.jpg","contentUrl":"https:\/\/pakuten.pl\/blog\/wp-content\/uploads\/2021\/02\/wiosenne-porza\u0328dki.jpg","width":1280,"height":854},{"@type":"WebPage","@id":"https:\/\/pakuten.pl\/blog\/wiosenne-porzadki-w-szafie-na-co-zwrocic-uwage\/#webpage","url":"https:\/\/pakuten.pl\/blog\/wiosenne-porzadki-w-szafie-na-co-zwrocic-uwage\/","name":"Wiosenne porz\u0105dki w szafie - na co zwr\u00f3ci\u0107 uwag\u0119? - Pakuten blog","isPartOf":{"@id":"https:\/\/pakuten.pl\/blog\/#website"},"primaryImageOfPage":{"@id":"https:\/\/pakuten.pl\/blog\/wiosenne-porzadki-w-szafie-na-co-zwrocic-uwage\/#primaryimage"},"datePublished":"2021-02-28T11:48:00+00:00","dateModified":"2021-08-31T09:42:12+00:00","description":"Kiedy tylko zaczyna si\u0119 robi\u0107 nieco cieplej, wi\u0119kszo\u015b\u0107 z nas zabiera si\u0119 za wiosenne porz\u0105dki w szafie. Od czego zacz\u0105\u0107? Na co zwr\u00f3ci\u0107 uwag\u0119? Podpowiadamy!","breadcrumb":{"@id":"https:\/\/pakuten.pl\/blog\/wiosenne-porzadki-w-szafie-na-co-zwrocic-uwage\/#breadcrumb"},"inLanguage":"pl-PL","potentialAction":[{"@type":"ReadAction","target":["https:\/\/pakuten.pl\/blog\/wiosenne-porzadki-w-szafie-na-co-zwrocic-uwage\/"]}]},{"@type":"BreadcrumbList","@id":"https:\/\/pakuten.pl\/blog\/wiosenne-porzadki-w-szafie-na-co-zwrocic-uwage\/#breadcrumb","itemListElement":[{"@type":"ListItem","position":1,"name":"Strona g\u0142\u00f3wna","item":"https:\/\/pakuten.pl\/blog\/"},{"@type":"ListItem","position":2,"name":"Wiosenne porz\u0105dki w szafie &#8211; na co zwr\u00f3ci\u0107 uwag\u0119?"}]},{"@type":"Article","@id":"https:\/\/pakuten.pl\/blog\/wiosenne-porzadki-w-szafie-na-co-zwrocic-uwage\/#article","isPartOf":{"@id":"https:\/\/pakuten.pl\/blog\/wiosenne-porzadki-w-szafie-na-co-zwrocic-uwage\/#webpage"},"author":{"@id":"https:\/\/pakuten.pl\/blog\/#\/schema\/person\/d7133af30211381a4e4536d088384556"},"headline":"Wiosenne porz\u0105dki w szafie &#8211; na co zwr\u00f3ci\u0107 uwag\u0119?","datePublished":"2021-02-28T11:48:00+00:00","dateModified":"2021-08-31T09:42:12+00:00","mainEntityOfPage":{"@id":"https:\/\/pakuten.pl\/blog\/wiosenne-porzadki-w-szafie-na-co-zwrocic-uwage\/#webpage"},"wordCount":1158,"commentCount":0,"publisher":{"@id":"https:\/\/pakuten.pl\/blog\/#organization"},"image":{"@id":"https:\/\/pakuten.pl\/blog\/wiosenne-porzadki-w-szafie-na-co-zwrocic-uwage\/#primaryimage"},"thumbnailUrl":"https:\/\/pakuten.pl\/blog\/wp-content\/uploads\/2021\/02\/wiosenne-porza\u0328dki.jpg","articleSection":["Tips&amp;Tricks"],"inLanguage":"pl-PL","potentialAction":[{"@type":"CommentAction","name":"Comment","target":["https:\/\/pakuten.pl\/blog\/wiosenne-porzadki-w-szafie-na-co-zwrocic-uwage\/#respond"]}]},{"@type":"Person","@id":"https:\/\/pakuten.pl\/blog\/#\/schema\/person\/d7133af30211381a4e4536d088384556","name":"Pakuten Girl","image":{"@type":"ImageObject","@id":"https:\/\/pakuten.pl\/blog\/#personlogo","inLanguage":"pl-PL","url":"https:\/\/secure.gravatar.com\/avatar\/d3df41de2caf92e6cfded9430c2ff352?s=96&d=mm&r=g","contentUrl":"https:\/\/secure.gravatar.com\/avatar\/d3df41de2caf92e6cfded9430c2ff352?s=96&d=mm&r=g","caption":"Pakuten Girl"},"description":"Cze\u015b\u0107, nazywam si\u0119 Ola. Kocham Netflixa, sals\u0119, nowo\u015bci kosmetyczne i najnowsze trendy w modzie.","url":"https:\/\/pakuten.pl\/blog\/author\/pakuten-girl\/"}]}},"_links":{"self":[{"href":"https:\/\/pakuten.pl\/blog\/wp-json\/wp\/v2\/posts\/4145"}],"collection":[{"href":"https:\/\/pakuten.pl\/blog\/wp-json\/wp\/v2\/posts"}],"about":[{"href":"https:\/\/pakuten.pl\/blog\/wp-json\/wp\/v2\/types\/post"}],"author":[{"embeddable":true,"href":"https:\/\/pakuten.pl\/blog\/wp-json\/wp\/v2\/users\/3"}],"replies":[{"embeddable":true,"href":"https:\/\/pakuten.pl\/blog\/wp-json\/wp\/v2\/comments?post=4145"}],"version-history":[{"count":8,"href":"https:\/\/pakuten.pl\/blog\/wp-json\/wp\/v2\/posts\/4145\/revisions"}],"predecessor-version":[{"id":5255,"href":"https:\/\/pakuten.pl\/blog\/wp-json\/wp\/v2\/posts\/4145\/revisions\/5255"}],"wp:featuredmedia":[{"embeddable":true,"href":"https:\/\/pakuten.pl\/blog\/wp-json\/wp\/v2\/media\/4155"}],"wp:attachment":[{"href":"https:\/\/pakuten.pl\/blog\/wp-json\/wp\/v2\/media?parent=4145"}],"wp:term":[{"taxonomy":"category","embeddable":true,"href":"https:\/\/pakuten.pl\/blog\/wp-json\/wp\/v2\/categories?post=4145"},{"taxonomy":"post_tag","embeddable":true,"href":"https:\/\/pakuten.pl\/blog\/wp-json\/wp\/v2\/tags?post=4145"}],"curies":[{"name":"wp","href":"https:\/\/api.w.org\/{rel}","templated":true}]}}