{"id":4459,"date":"2023-07-04T15:24:00","date_gmt":"2023-07-04T13:24:00","guid":{"rendered":"http:\/\/pakuten.pl\/blog\/?p=4459"},"modified":"2023-07-04T10:00:46","modified_gmt":"2023-07-04T08:00:46","slug":"co-ubrac-do-pracy-w-gorace-dni-przygotuj-sie-na-upaly","status":"publish","type":"post","link":"https:\/\/pakuten.pl\/blog\/co-ubrac-do-pracy-w-gorace-dni-przygotuj-sie-na-upaly\/","title":{"rendered":"Co ubra\u0107 do pracy w gor\u0105ce dni? Przygotuj si\u0119 na upa\u0142y!"},"content":{"rendered":"\n<p><br \/><strong>Pomimo, \u017ce ka\u017cdy z nas po d\u0142ugiej zimie jest st\u0119skniony lata i ciep\u0142a, upalne\u00a0dni\u00a0mog\u0105 by\u0107 dla nas uci\u0105\u017cliwe&#8230; Zw\u0142aszcza wtedy, gdy zamiast wygrzewa\u0107\u00a0si\u0119\u00a0na\u00a0s\u0142onecznej pla\u017cy musimy sp\u0119dza\u0107 wi\u0119kszo\u015b\u0107 dnia pracuj\u0105c.\u00a0Co\u00a0ubra\u0107\u00a0do\u00a0pracy\u00a0w\u00a0gor\u0105ce\u00a0dni? Jakie letnie stylizacje\u00a0do\u00a0biura wybra\u0107? Podpowiadamy!<\/strong><\/p>\n<h2><span style=\"color: #ff9900;\">Letnie stylizacje do pracy<\/span><\/h2>\n<p>Jak ka\u017cdy z nas wie, moda biurowa rz\u0105dzi si\u0119 w\u0142asnymi prawami. Wi\u0119kszo\u015b\u0107 firm ma sw\u00f3j w\u0142asny dress code, kt\u00f3ry wymaga danego stylu w stylizacjach, dlatego tak bardzo wa\u017cne jest, aby rozwa\u017cnie dobiera\u0107 letnie stylizacje do biura. Nawet, je\u015bli w Twojej firmie nie obowi\u0105zuje dress code, <strong>Tw\u00f3j str\u00f3j na pewno powinien by\u0107 schludny i elegancki, a przede\u00a0 wszystkim nieco stonowany. Jak ka\u017cdy z nas wie, moda biurowa rz\u0105dzi si\u0119 w\u0142asnymi prawami.<\/strong> Wi\u0119kszo\u015b\u0107 firm ma sw\u00f3j w\u0142asny dress code, kt\u00f3ry wymaga danego stylu w stylizacjach, dlatego tak bardzo wa\u017cne jest, aby rozwa\u017cnie dobiera\u0107 letnie stylizacje do biura. Twoje stylizacje b\u0119d\u0105 odpowiednie do pracy. Co wi\u0119c ubra\u0107 do pracy w gor\u0105ce dni? Letnie stylizacje do biura powinny by\u0107 dobrze przemy\u015blane. Na pewno unikaj obcis\u0142ych ubra\u0144, jeansu. <strong>Do\u00a0letniej stylizacji\u00a0do\u00a0pracy\u00a0najlepsze s\u0105 delikatne ubrania z lnu, bawe\u0142ny czy wiskozy.<\/strong>\u00a0<span style=\"color: #ff9900;\"><strong><a style=\"color: #ff9900;\" href=\"https:\/\/pakuten.pl\/17-bluzki\">Przewiewna bluzka<\/a><\/strong><\/span>\u00a0zestawiona z chinosami z materia\u0142u b\u0119dzie z pewno\u015bci\u0105 doskona\u0142ym wyborem jako\u00a0letnia stylizacja\u00a0do\u00a0pracy.\u00a0Wybieraj\u00a0kolory stonowane<strong>,<\/strong> ale niekoniecznie ciemne i nudne. Je\u015bli musisz lub chcesz za\u0142o\u017cy\u0107 co\u015b ciemnego, czarnego, rozja\u015bnij ca\u0142o\u015b\u0107 odpowiednimi dodatkami, jasn\u0105 torebk\u0105 lub bi\u017cuteri\u0105. Dzi\u0119ki czemu Twoje letnie stylizacje b\u0119d\u0105 odpowiednie do pracy. Co wi\u0119c ubra\u0107 do pracy w gor\u0105ce dni? Letnie stylizacje do biura powinny by\u0107 dobrze przemy\u015blane.\u00a0<\/p>\n<div class=\"product-box-container\">\r\n<div class=\"one_third \" style=\"\">\r\n<div class=\"product-box\">\r\n<a href=\"https:\/\/pakuten.pl\/32906-73233-bezowa-muslinowa-sukienka-z-przekladanym-dekoltem-telioo-bezowy.html\" target=\"_blank\">\r\n <img src=\"https:\/\/media.pakuten.pl\/198746-large_default\/bezowa-muslinowa-sukienka-z-przekladanym-dekoltem-telioo.jpg\" alt=\"Be\u017cowa mu\u015blinowa sukienka z przek\u0142adanym dekoltem Telioo\"\/>\r\n<\/a>\r\n<p>\r\n<a href=\"https:\/\/pakuten.pl\/32906-73233-bezowa-muslinowa-sukienka-z-przekladanym-dekoltem-telioo-bezowy.html\" target=\"_blank\">\r\nBe\u017cowa mu\u015blinowa sukienka z przek\u0142adanym dekoltem Telioo\r\n<\/a><\/p>\r\n  <p>Cena: 107,09\u00a0z\u0142<\/p>\r\n<a href=\"https:\/\/pakuten.pl\/32906-73233-bezowa-muslinowa-sukienka-z-przekladanym-dekoltem-telioo-bezowy.html\" target=\"_blank\" class=\"button\">\r\nZobacz w sklepie\r\n<\/a>\r\n<\/div>\r\n<\/div>\r\n<div class=\"one_third \" style=\"\">\r\n<div class=\"product-box\">\r\n<a href=\"https:\/\/pakuten.pl\/32913-73229-bezowy-muslinowy-komplet-wiazany-top-i-spodnica-rokke-bezowy.html\" target=\"_blank\">\r\n  <img src=\"https:\/\/media.pakuten.pl\/198735-large_default\/bezowy-muslinowy-komplet-wiazany-top-i-spodnica-rokke.jpg\" alt=\"Be\u017cowy mu\u015blinowy komplet wi\u0105zany top i sp\u00f3dnica Rokke\"\/>\r\n<\/a>\r\n<p>\r\n<a href=\"https:\/\/pakuten.pl\/32913-73229-bezowy-muslinowy-komplet-wiazany-top-i-spodnica-rokke-bezowy.html\" target=\"_blank\">\r\nBe\u017cowy mu\u015blinowy komplet wi\u0105zany top i sp\u00f3dnica Rokke\r\n<\/a><\/p>\r\n  <p>Cena: 109,89\u00a0z\u0142<\/p>\r\n<a href=\"https:\/\/pakuten.pl\/32913-73229-bezowy-muslinowy-komplet-wiazany-top-i-spodnica-rokke-bezowy.html\" target=\"_blank\" class=\"button\">\r\nZobacz w sklepie\r\n<\/a>\r\n<\/div>\r\n<\/div>\r\n<div class=\"one_third last \" style=\"\">\r\n<div class=\"product-box\">\r\n<a href=\"https:\/\/pakuten.pl\/32932-73226-bezowy-muslinowy-komplet-bluzka-spodenki-izenna-bezowy.html\" target=\"_blank\">\r\n  <img src=\"https:\/\/media.pakuten.pl\/198726-large_default\/bezowy-muslinowy-komplet-bluzka-spodenki-izenna.jpg\" alt=\"Be\u017cowy mu\u015blinowy komplet bluzka + spodenki Izenna\"\/>\r\n<\/a>\r\n<p>\r\n<a href=\"https:\/\/pakuten.pl\/32932-73226-bezowy-muslinowy-komplet-bluzka-spodenki-izenna-bezowy.html\" target=\"_blank\">\r\nBe\u017cowy mu\u015blinowy komplet bluzka + spodenki Izenna\r\n<\/a><\/p>\r\n  <p>Cena: 99,99\u00a0z\u0142<\/p>\r\n<a href=\"https:\/\/pakuten.pl\/32932-73226-bezowy-muslinowy-komplet-bluzka-spodenki-izenna-bezowy.html\" target=\"_blank\" class=\"button\">\r\nZobacz w sklepie\r\n<\/a>\r\n<\/div>\r\n<\/div><br class=\"clear\"\/>\r\n<\/div>\n<h2><span style=\"color: #ff9900;\">Sukienki\u00a0do\u00a0pracy<\/span><\/h2>\n<p>Co ubra\u0107 do pracy w gor\u0105ce dni? Sukienka to doskona\u0142y pomys\u0142 na\u00a0stylizacje! <strong>Wakacyjna\u00a0stylizacja\u00a0do\u00a0pracy\u00a0powinna by\u0107 zarazem przewiewna, komfortowa, ale r\u00f3wnie\u017c elegancka.<\/strong> Wiadomo, \u017ce w pracy spotykamy si\u0119 z r\u00f3\u017cnymi sytuacjami, niekt\u00f3re z nich bywaj\u0105 stresuj\u0105ce, dlatego nasz ubi\u00f3r powinien zapobiega\u0107 poceniu si\u0119&#8230; <a href=\"https:\/\/pakuten.pl\/27-sukienki\"><span style=\"color: #ff9900;\"><strong>Kopertowe sukienki<\/strong><\/span><\/a> lub szmijzerki \u015bwietnie si\u0119 sprawdz\u0105 w roli letnich stylizacje. Czy wypada nosi\u0107 do pracy bia\u0142e sukienki? Jak najbardziej, tylko zwr\u00f3\u0107 uwag\u0119, czy nie prze\u015bwituj\u0105. Letnie stylizacje do biura nie powinny r\u00f3wnie\u017c ods\u0142ania\u0107 zbyt du\u017co cia\u0142a. <strong>Letnie stylizacje do pracy po prostu nie mog\u0119 by\u0107 zbyt odwa\u017cne<\/strong>.\u00a0<\/p>\n<div class=\"product-box-container\">\r\n<div class=\"one_third \" style=\"\">\r\n<div class=\"product-box\">\r\n<a href=\"https:\/\/pakuten.pl\/32942-73222-bezowy-muslinowy-komplet-bluzkaspodenki-temerkka-bezowy.html\" target=\"_blank\">\r\n <img src=\"https:\/\/media.pakuten.pl\/198706-large_default\/bezowy-muslinowy-komplet-bluzkaspodenki-temerkka.jpg\" alt=\"Be\u017cowy mu\u015blinowy komplet bluzka+spodenki Temerkka\"\/>\r\n<\/a>\r\n<p>\r\n<a href=\"https:\/\/pakuten.pl\/32942-73222-bezowy-muslinowy-komplet-bluzkaspodenki-temerkka-bezowy.html\" target=\"_blank\">\r\nBe\u017cowy mu\u015blinowy komplet bluzka+spodenki Temerkka\r\n<\/a><\/p>\r\n  <p>Cena: 147,99\u00a0z\u0142<\/p>\r\n<a href=\"https:\/\/pakuten.pl\/32942-73222-bezowy-muslinowy-komplet-bluzkaspodenki-temerkka-bezowy.html\" target=\"_blank\" class=\"button\">\r\nZobacz w sklepie\r\n<\/a>\r\n<\/div>\r\n<\/div>\r\n<div class=\"one_third \" style=\"\">\r\n<div class=\"product-box\">\r\n<a href=\"https:\/\/pakuten.pl\/32938-73212-bezowa-muslinowa-sukienka-z-przekladanym-dekoltem-i-rozporkiem-netaai-bezowy.html\" target=\"_blank\">\r\n  <img src=\"https:\/\/media.pakuten.pl\/198650-large_default\/bezowa-muslinowa-sukienka-z-przekladanym-dekoltem-i-rozporkiem-netaai.jpg\" alt=\"Be\u017cowa mu\u015blinowa sukienka z przek\u0142adanym dekoltem i rozporkiem Netaai\"\/>\r\n<\/a>\r\n<p>\r\n<a href=\"https:\/\/pakuten.pl\/32938-73212-bezowa-muslinowa-sukienka-z-przekladanym-dekoltem-i-rozporkiem-netaai-bezowy.html\" target=\"_blank\">\r\nBe\u017cowa mu\u015blinowa sukienka z przek\u0142adanym dekoltem i rozporkiem Netaai\r\n<\/a><\/p>\r\n  <p>Cena: 124,59\u00a0z\u0142<\/p>\r\n<a href=\"https:\/\/pakuten.pl\/32938-73212-bezowa-muslinowa-sukienka-z-przekladanym-dekoltem-i-rozporkiem-netaai-bezowy.html\" target=\"_blank\" class=\"button\">\r\nZobacz w sklepie\r\n<\/a>\r\n<\/div>\r\n<\/div>\r\n<div class=\"one_third last \" style=\"\">\r\n<div class=\"product-box\">\r\n<a href=\"https:\/\/pakuten.pl\/32030-71791-sukienka-midi-z-wycieciem-na-brzuchu-vaira-brudny-roz-brudny-roz.html\" target=\"_blank\">\r\n  <img src=\"https:\/\/media.pakuten.pl\/194919-large_default\/sukienka-midi-z-wycieciem-na-brzuchu-vaira-brudny-roz.jpg\" alt=\"Sukienka midi z wyci\u0119ciem na brzuchu Vaira - brudny r\u00f3\u017c\"\/>\r\n<\/a>\r\n<p>\r\n<a href=\"https:\/\/pakuten.pl\/32030-71791-sukienka-midi-z-wycieciem-na-brzuchu-vaira-brudny-roz-brudny-roz.html\" target=\"_blank\">\r\nSukienka midi z wyci\u0119ciem na brzuchu Vaira - brudny r\u00f3\u017c\r\n<\/a><\/p>\r\n  <p>Cena: 99,39\u00a0z\u0142<\/p>\r\n<a href=\"https:\/\/pakuten.pl\/32030-71791-sukienka-midi-z-wycieciem-na-brzuchu-vaira-brudny-roz-brudny-roz.html\" target=\"_blank\" class=\"button\">\r\nZobacz w sklepie\r\n<\/a>\r\n<\/div>\r\n<\/div><br class=\"clear\"\/>\r\n<\/div>\n<h2><span style=\"color: #ff9900;\">Jasne kolory<\/span><\/h2>\n<p>Co ubra\u0107 do pracy w gor\u0105ce dni? Wybieraj na pewno jasne kolory, kt\u00f3re nie b\u0119d\u0105 przyci\u0105ga\u0107 promieni s\u0142onecznych, wpadaj\u0105cych przez okno Twojego miejsca pracy. Czy mo\u017cna pozwoli\u0107 sobie na sukienk\u0119 w paski jako letnie stylizacje do pracy? Je\u015bli nie ma w sobie zbyt wakacyjnego klimatu, a do tego odpowiednio dobierzesz do niej dodatki, na pewno mo\u017cesz tak\u0105 za\u0142o\u017cy\u0107, tworz\u0105c perfekcyjne letnie stylizacje.\u00a0<\/p>\n<div class=\"product-box-container\">\r\n<div class=\"one_third \" style=\"\">\r\n<div class=\"product-box\">\r\n<a href=\"https:\/\/pakuten.pl\/32460-72486-sukienka-rozkloszowana-z-wycieciem-oletta-brudny-roz-brudny-roz.html\" target=\"_blank\">\r\n <img src=\"https:\/\/media.pakuten.pl\/196500-large_default\/sukienka-rozkloszowana-z-wycieciem-oletta-brudny-roz.jpg\" alt=\"Sukienka rozkloszowana z wyci\u0119ciem Oletta - brudny r\u00f3\u017c\"\/>\r\n<\/a>\r\n<p>\r\n<a href=\"https:\/\/pakuten.pl\/32460-72486-sukienka-rozkloszowana-z-wycieciem-oletta-brudny-roz-brudny-roz.html\" target=\"_blank\">\r\nSukienka rozkloszowana z wyci\u0119ciem Oletta - brudny r\u00f3\u017c\r\n<\/a><\/p>\r\n  <p>Cena: 146,99\u00a0z\u0142<\/p>\r\n<a href=\"https:\/\/pakuten.pl\/32460-72486-sukienka-rozkloszowana-z-wycieciem-oletta-brudny-roz-brudny-roz.html\" target=\"_blank\" class=\"button\">\r\nZobacz w sklepie\r\n<\/a>\r\n<\/div>\r\n<\/div>\r\n<div class=\"one_third \" style=\"\">\r\n<div class=\"product-box\">\r\n<a href=\"https:\/\/pakuten.pl\/32495-72576-blekitna-satynowa-dluga-sukienka-na-ramiaczkach-kennie-blekitny.html\" target=\"_blank\">\r\n  <img src=\"https:\/\/media.pakuten.pl\/196661-large_default\/blekitna-satynowa-dluga-sukienka-na-ramiaczkach-kennie.jpg\" alt=\"B\u0142\u0119kitna satynowa d\u0142uga sukienka na rami\u0105czkach Kennie\"\/>\r\n<\/a>\r\n<p>\r\n<a href=\"https:\/\/pakuten.pl\/32495-72576-blekitna-satynowa-dluga-sukienka-na-ramiaczkach-kennie-blekitny.html\" target=\"_blank\">\r\nB\u0142\u0119kitna satynowa d\u0142uga sukienka na rami\u0105czkach Kennie\r\n<\/a><\/p>\r\n  <p>Cena: 132,99\u00a0z\u0142<\/p>\r\n<a href=\"https:\/\/pakuten.pl\/32495-72576-blekitna-satynowa-dluga-sukienka-na-ramiaczkach-kennie-blekitny.html\" target=\"_blank\" class=\"button\">\r\nZobacz w sklepie\r\n<\/a>\r\n<\/div>\r\n<\/div>\r\n<div class=\"one_third last \" style=\"\">\r\n<div class=\"product-box\">\r\n<a href=\"https:\/\/pakuten.pl\/32080-71858-dluga-satynowa-sukienka-rozne-wiazania-cissa-brudny-roz-brudny-roz.html\" target=\"_blank\">\r\n  <img src=\"https:\/\/media.pakuten.pl\/194506-large_default\/dluga-satynowa-sukienka-rozne-wiazania-cissa-brudny-roz.jpg\" alt=\"D\u0142uga satynowa sukienka - r\u00f3\u017cne wi\u0105zania Cissa - brudny r\u00f3\u017c\"\/>\r\n<\/a>\r\n<p>\r\n<a href=\"https:\/\/pakuten.pl\/32080-71858-dluga-satynowa-sukienka-rozne-wiazania-cissa-brudny-roz-brudny-roz.html\" target=\"_blank\">\r\nD\u0142uga satynowa sukienka - r\u00f3\u017cne wi\u0105zania Cissa - brudny r\u00f3\u017c\r\n<\/a><\/p>\r\n  <p>Cena: 249,89\u00a0z\u0142<\/p>\r\n<a href=\"https:\/\/pakuten.pl\/32080-71858-dluga-satynowa-sukienka-rozne-wiazania-cissa-brudny-roz-brudny-roz.html\" target=\"_blank\" class=\"button\">\r\nZobacz w sklepie\r\n<\/a>\r\n<\/div>\r\n<\/div><br class=\"clear\"\/>\r\n<\/div>\n<h2><span style=\"color: #ff9900;\">Stylizacje letnie\u00a0do\u00a0pracy\u00a0&#8211; o czym warto wiedzie\u0107?<\/span><\/h2>\n<p>Letnie stylizacje\u00a0do\u00a0biura\u00a0to nie lada wyzwanie dla wielu z nas, dlatego je\u015bli nie masz pewno\u015bci, czy dane ubranie jest odpowiednie\u00a0do\u00a0pracy,\u00a0na\u00a0pewno powinna\u015b zasi\u0119gn\u0105\u0107 rady specjalisty. Z pewno\u015bci\u0105\u00a0w\u00a0Twoim mie\u015bcie znajdziesz stylistk\u0119 ubra\u0144, kt\u00f3ra pomo\u017ce Ci uporz\u0105dkowa\u0107 Twoj\u0105 szaf\u0119, zrobi\u0107 zakupy i Twoje\u00a0letnie stylizacje\u00a0do\u00a0pracy\u00a0b\u0119d\u0105 idealne. <strong>A je\u015bli nie sta\u0107 Ci\u0119\u00a0na\u00a0taki wydatek, to wystarczy, \u017ce zajrzysz\u00a0do\u00a0internetu, jest wiele stron, dzi\u0119ki kt\u00f3rym\u00a0<\/strong><span style=\"color: #ff9900;\"><strong><span style=\"color: #000000;\">odpowiednio\u00a0si\u0119\u00a0ubierzesz<\/span><\/strong>\u00a0<\/span>, wiele zdzia\u0142a\u00a0na\u00a0pewno\u00a0<span style=\"color: #000000;\">Instagram<\/span>\u00a0, kt\u00f3ry jest prawdziw\u0105 skarbnic\u0105 modnych porad.\u00a0Stylizacje letnie\u00a0do\u00a0pracy\u00a0warto przygotowywa\u0107 dzie\u0144 wcze\u015bniej, aby nie traci\u0107 czasu\u00a0na\u00a0przygotowania nad ranem niepotrzebne\u00a0si\u0119\u00a0denerwuj\u0105c.<\/p>\n<div class=\"product-box-container\">\r\n<div class=\"one_third \" style=\"\">\r\n<div class=\"product-box\">\r\n<a href=\"https:\/\/pakuten.pl\/32255-72116-bezowy-muslinowy-komplet-bluzka-i-spodenki-reziaa-bezowy.html\" target=\"_blank\">\r\n <img src=\"https:\/\/media.pakuten.pl\/195437-large_default\/bezowy-muslinowy-komplet-bluzka-i-spodenki-reziaa.jpg\" alt=\"Be\u017cowy mu\u015blinowy komplet bluzka i spodenki Reziaa\"\/>\r\n<\/a>\r\n<p>\r\n<a href=\"https:\/\/pakuten.pl\/32255-72116-bezowy-muslinowy-komplet-bluzka-i-spodenki-reziaa-bezowy.html\" target=\"_blank\">\r\nBe\u017cowy mu\u015blinowy komplet bluzka i spodenki Reziaa\r\n<\/a><\/p>\r\n  <p>Cena: 119,99\u00a0z\u0142<\/p>\r\n<a href=\"https:\/\/pakuten.pl\/32255-72116-bezowy-muslinowy-komplet-bluzka-i-spodenki-reziaa-bezowy.html\" target=\"_blank\" class=\"button\">\r\nZobacz w sklepie\r\n<\/a>\r\n<\/div>\r\n<\/div>\r\n<div class=\"one_third \" style=\"\">\r\n<div class=\"product-box\">\r\n<a href=\"https:\/\/pakuten.pl\/26187-68850-czarna-prazkowana-bluzka-na-ramiaczkach-z-ozdobna-koronka-debbraa-czarny.html\" target=\"_blank\">\r\n  <img src=\"https:\/\/media.pakuten.pl\/166106-large_default\/czarna-prazkowana-bluzka-na-ramiaczkach-z-ozdobna-koronka-debbraa.jpg\" alt=\"Czarna pr\u0105\u017ckowana bluzka na rami\u0105czkach z ozdobn\u0105 koronk\u0105 Debbraa\"\/>\r\n<\/a>\r\n<p>\r\n<a href=\"https:\/\/pakuten.pl\/26187-68850-czarna-prazkowana-bluzka-na-ramiaczkach-z-ozdobna-koronka-debbraa-czarny.html\" target=\"_blank\">\r\nCzarna pr\u0105\u017ckowana bluzka na rami\u0105czkach z ozdobn\u0105 koronk\u0105 Debbraa\r\n<\/a><\/p>\r\n  <p>Cena: 86,31\u00a0z\u0142<\/p>\r\n<a href=\"https:\/\/pakuten.pl\/26187-68850-czarna-prazkowana-bluzka-na-ramiaczkach-z-ozdobna-koronka-debbraa-czarny.html\" target=\"_blank\" class=\"button\">\r\nZobacz w sklepie\r\n<\/a>\r\n<\/div>\r\n<\/div>\r\n<div class=\"one_third last \" style=\"\">\r\n<div class=\"product-box\">\r\n<a href=\"https:\/\/pakuten.pl\/32952-73208-bluzka-na-ramiaczkach-z-koronka-ingnii-fuksja-fuksja.html\" target=\"_blank\">\r\n  <img src=\"https:\/\/media.pakuten.pl\/198613-large_default\/bluzka-na-ramiaczkach-z-koronka-ingnii-fuksja.jpg\" alt=\"Bluzka na rami\u0105czkach z koronk\u0105 Ingnii - fuksja\"\/>\r\n<\/a>\r\n<p>\r\n<a href=\"https:\/\/pakuten.pl\/32952-73208-bluzka-na-ramiaczkach-z-koronka-ingnii-fuksja-fuksja.html\" target=\"_blank\">\r\nBluzka na rami\u0105czkach z koronk\u0105 Ingnii - fuksja\r\n<\/a><\/p>\r\n  <p>Cena: 29,99\u00a0z\u0142<\/p>\r\n<a href=\"https:\/\/pakuten.pl\/32952-73208-bluzka-na-ramiaczkach-z-koronka-ingnii-fuksja-fuksja.html\" target=\"_blank\" class=\"button\">\r\nZobacz w sklepie\r\n<\/a>\r\n<\/div>\r\n<\/div><br class=\"clear\"\/>\r\n<\/div>\n<h2><span style=\"color: #ff9900;\">Stylizacje do\u00a0pracy\u00a0na lato\u00a0<\/span><\/h2>\n<p>Z jednej strony oczywi\u015bcie nale\u017cy bra\u0107 pod uwag\u0119 to,\u00a0co\u00a0jest obecnie modne tworz\u0105c\u00a0stylizacje\u00a0do\u00a0pracy\u00a0na\u00a0lato, z drugiej natomiast nale\u017cy pami\u0119ta\u0107 o klasyce, kt\u00f3ra jest niezb\u0119dna\u00a0w\u00a0Twojej szafie.\u00a0Biel i czer\u0144\u00a0powinna stanowi\u0107 podstaw\u0119\u00a0mody biurowej latem. Dlatego<span style=\"color: #ff9900;\"><strong><a style=\"color: #ff9900;\" href=\"https:\/\/pakuten.pl\/117-marynarki-i-garnitury\"> klasyczna bia\u0142a marynarka<\/a><\/strong><\/span>, czy czarne, proste spodnie, to\u00a0co\u015b\u00a0co\u00a0powinno by\u0107\u00a0na\u00a0wierzchu Twojej szafy.<\/p>\n<h2><span style=\"color: #ff9900;\">Jak si\u0119 ubra\u0107 do pracy zgodnie z dress code?<\/span><\/h2>\n<p>Przegl\u0105dasz najnowsze modowe trendy i masz obawy, \u017ce te ubrania nie nadadz\u0105 si\u0119 jako str\u00f3j do pracy? Podpowiadamy jak si\u0119 ubra\u0107 do biura, zw\u0142aszcza w upalne dni. <strong>Wystarczy, \u017ce wybierzesz je z g\u0142ow\u0105 i odpowiednio wystylizujesz. Jak dobrze pami\u0119tasz, kiedy jest \u015brodek lata i temperatury si\u0119gaj\u0105 zenitu, ubranie do pracy mo\u017ce nie by\u0107 zbyt komfortowe<\/strong>. Dzi\u0119ki naszym radom na pewno si\u0119 to zmieni, a Ty b\u0119dziesz wygl\u0105da\u0107 stosownie do sytuacji. Wiadomo, chcesz si\u0119 czu\u0107 elegancko, stylowo, ale przede wszystkim komfortowo. Bardzo istotn\u0105 kwesti\u0105 jest wyb\u00f3r odpowiedniego materia\u0142u. Musi by\u0107 lekki i przewiewny. Najlepsza tkanina na lato to oczywi\u015bcie len! Na szcz\u0119\u015bcie wyb\u00f3r z tej tkaniny jest ogromny &#8211; garnitury, koszule, spodnie czy kombinezony. Szczeg\u00f3lnie hot w tym sezonie s\u0105 <span style=\"color: #ff9900;\"><strong>lniane\u00a0sukienki.<\/strong><\/span><\/p>\n<p>Kolejn\u0105 (poza bawe\u0142n\u0105) bardzo fajn\u0105 tkanin\u0105 na lato jest przewiewna i oddychaj\u0105ca wiskoza. Wykonana jest ona z celulozy drzewnej. Jest niesamowicie wygodna i przy okazji \u015bwietnie wygl\u0105da.\u00a0<\/p>\n<p>Czy we\u0142na nadaje si\u0119 na lato? Zdziwisz si\u0119, ale tak! We\u0142na ma w\u0142a\u015bciwo\u015bci termoregulacyjne. Zim\u0105 ogrzewa nasze cia\u0142o, a latem je ch\u0142odzi. Idealnym wyborem b\u0119dzie tak zwana cool wool. Dzi\u0119ki niej unikniesz przegrzania organizmu!<\/p>\n<h2><span style=\"color: #ff9900;\">Wyb\u00f3r odpowiedniej bielizny na upalne dni<\/span><\/h2>\n<p>Nie tylko to, co wida\u0107 jest istotn\u0105 kwesti\u0105, je\u015bli chodzi o ubi\u00f3r do pracy. Pami\u0119taj r\u00f3wnie\u017c o odpowiedniej bieli\u017anie. Dzia\u0142a to w dwie strony &#8211; wa\u017cny jest jej fason i materia\u0142, ale te\u017c to, aby jej za bardzo nie pokazywa\u0107, gdy\u017c Twoja stylizacja mo\u017ce by\u0107 zbyt wyzywaj\u0105ca. Latem warto zrezygnowa\u0107 z czarnych ubra\u0144 na rzecz bia\u0142ych , dlatego pod <span style=\"color: #ff9900;\"><strong><a style=\"color: #ff9900;\" href=\"https:\/\/pakuten.pl\/59-koszule\">bia\u0142\u0105 koszul\u0119<\/a><\/strong><\/span> lepiej za\u0142\u00f3\u017c cielisty stanik. Bia\u0142a koszula to idealny spos\u00f3b na styl\u00f3wk\u0119 do pracy. Je\u015bli nie wiesz co za\u0142o\u017cy\u0107 na siebie w danym dniu &#8211; postaw na ni\u0105\u00a0 \ud83d\ude42\u00a0<\/p>\n<h2><span style=\"color: #ff9900;\">Miej w swojej garderobie kilka podstawowych ubra\u0144<\/span><\/h2>\n<p>Ubrania typu basic to najlepsze rozwi\u0105zanie. Uniwersalne, pasuj\u0105 wr\u0119cz do wszystkiego i na wszelkie okazje. Dob\u00f3r but\u00f3w czy torebki do nich to pestka dla ka\u017cdej pani. A propo but\u00f3w&#8230; <strong>Zadbaj lalem o swoje stopy, gdy\u017c to one w\u0142a\u015bnie bardzo si\u0119 m\u0119cz\u0105 podczas upa\u0142\u00f3w<\/strong>. Do pracy wybra\u0107 najlepiej mule lub sanda\u0142y na obcasie, kt\u00f3re zapewni\u0105 Ci elegancki wygl\u0105d, jak r\u00f3wnie\u017c przewiewno\u015b\u0107 Twoim stopom. Zadbaj oczywi\u015bcie o odpowiedni pedicure jak i o wygl\u0105d samych st\u00f3p!\u00a0<\/p>\n<p>\u00a0<\/p>\n\n\n<div class=\"kk-star-ratings kksr-auto kksr-align-right kksr-valign-bottom\"\n    data-payload='{&quot;align&quot;:&quot;right&quot;,&quot;id&quot;:&quot;4459&quot;,&quot;slug&quot;:&quot;default&quot;,&quot;valign&quot;:&quot;bottom&quot;,&quot;ignore&quot;:&quot;&quot;,&quot;reference&quot;:&quot;auto&quot;,&quot;class&quot;:&quot;&quot;,&quot;count&quot;:&quot;1&quot;,&quot;legendonly&quot;:&quot;&quot;,&quot;readonly&quot;:&quot;&quot;,&quot;score&quot;:&quot;1&quot;,&quot;starsonly&quot;:&quot;&quot;,&quot;best&quot;:&quot;5&quot;,&quot;gap&quot;:&quot;5&quot;,&quot;greet&quot;:&quot;Rate this post&quot;,&quot;legend&quot;:&quot;1\\\/5 - (1 vote)&quot;,&quot;size&quot;:&quot;24&quot;,&quot;width&quot;:&quot;26.5&quot;,&quot;_legend&quot;:&quot;{score}\\\/{best} - ({count} {votes})&quot;,&quot;font_factor&quot;:&quot;1.25&quot;}'>\n            \n<div class=\"kksr-stars\">\n    \n<div class=\"kksr-stars-inactive\">\n            <div class=\"kksr-star\" data-star=\"1\" style=\"padding-right: 5px\">\n            \n\n<div class=\"kksr-icon\" style=\"width: 24px; height: 24px;\"><\/div>\n        <\/div>\n            <div class=\"kksr-star\" data-star=\"2\" style=\"padding-right: 5px\">\n            \n\n<div class=\"kksr-icon\" style=\"width: 24px; height: 24px;\"><\/div>\n        <\/div>\n            <div class=\"kksr-star\" data-star=\"3\" style=\"padding-right: 5px\">\n            \n\n<div class=\"kksr-icon\" style=\"width: 24px; height: 24px;\"><\/div>\n        <\/div>\n            <div class=\"kksr-star\" data-star=\"4\" style=\"padding-right: 5px\">\n            \n\n<div class=\"kksr-icon\" style=\"width: 24px; height: 24px;\"><\/div>\n        <\/div>\n            <div class=\"kksr-star\" data-star=\"5\" style=\"padding-right: 5px\">\n            \n\n<div class=\"kksr-icon\" style=\"width: 24px; height: 24px;\"><\/div>\n        <\/div>\n    <\/div>\n    \n<div class=\"kksr-stars-active\" style=\"width: 26.5px;\">\n            <div class=\"kksr-star\" style=\"padding-right: 5px\">\n            \n\n<div class=\"kksr-icon\" style=\"width: 24px; height: 24px;\"><\/div>\n        <\/div>\n            <div class=\"kksr-star\" style=\"padding-right: 5px\">\n            \n\n<div class=\"kksr-icon\" style=\"width: 24px; height: 24px;\"><\/div>\n        <\/div>\n            <div class=\"kksr-star\" style=\"padding-right: 5px\">\n            \n\n<div class=\"kksr-icon\" style=\"width: 24px; height: 24px;\"><\/div>\n        <\/div>\n            <div class=\"kksr-star\" style=\"padding-right: 5px\">\n            \n\n<div class=\"kksr-icon\" style=\"width: 24px; height: 24px;\"><\/div>\n        <\/div>\n            <div class=\"kksr-star\" style=\"padding-right: 5px\">\n            \n\n<div class=\"kksr-icon\" style=\"width: 24px; height: 24px;\"><\/div>\n        <\/div>\n    <\/div>\n<\/div>\n                \n\n<div class=\"kksr-legend\" style=\"font-size: 19.2px;\">\n            1\/5 - (1 vote)    <\/div>\n    <\/div>\n","protected":false},"excerpt":{"rendered":"<p>Pomimo, \u017ce ka\u017cdy z nas po d\u0142ugiej zimie jest st\u0119skniony lata i ciep\u0142a, upalne dni mog\u0105 by\u0107 dla nas uci\u0105\u017cliwe&#8230; Zw\u0142aszcza wtedy, gdy zamiast wygrzewa\u0107 si\u0119 na s\u0142onecznej pla\u017cy musimy sp\u0119dza\u0107 wi\u0119kszo\u015b\u0107 dnia pracuj\u0105c. Co ubra\u0107 do pracy w gor\u0105ce dni? Jakie letnie stylizacje do biura wybra\u0107? Podpowiadamy!<\/p>\n","protected":false},"author":3,"featured_media":7745,"comment_status":"open","ping_status":"open","sticky":false,"template":"","format":"standard","meta":[],"categories":[4],"tags":[],"yoast_head":"<!-- This site is optimized with the Yoast SEO plugin v18.4.1 - https:\/\/yoast.com\/wordpress\/plugins\/seo\/ -->\n<title>Co ubra\u0107 do pracy w gor\u0105ce dni? Przygotuj si\u0119 na upa\u0142y! - Pakuten blog<\/title>\n<meta name=\"description\" content=\"Pomimo, \u017ce ka\u017cdy z nas po d\u0142ugiej zimie jest st\u0119skniony lata i ciep\u0142a, upalne\u00a0dni\u00a0mog\u0105 by\u0107 dla nas uci\u0105\u017cliwe... Zw\u0142aszcza wtedy, gdy zamiast wygrzewa\u0107\u00a0si\u0119\u00a0na\u00a0s\u0142onecznej pla\u017cy musimy sp\u0119dza\u0107 wi\u0119kszo\u015b\u0107 dnia pracuj\u0105c.\u00a0Co\u00a0ubra\u0107\u00a0do\u00a0pracy\u00a0w\u00a0gor\u0105ce\u00a0dni? Jakie letnie stylizacje\u00a0do\u00a0biura wybra\u0107? Podpowiadamy!\" \/>\n<meta name=\"robots\" content=\"index, follow, max-snippet:-1, max-image-preview:large, max-video-preview:-1\" \/>\n<link rel=\"canonical\" href=\"https:\/\/pakuten.pl\/blog\/co-ubrac-do-pracy-w-gorace-dni-przygotuj-sie-na-upaly\/\" \/>\n<meta property=\"og:locale\" content=\"pl_PL\" \/>\n<meta property=\"og:type\" content=\"article\" \/>\n<meta property=\"og:title\" content=\"Co ubra\u0107 do pracy w gor\u0105ce dni? Przygotuj si\u0119 na upa\u0142y! - Pakuten blog\" \/>\n<meta property=\"og:description\" content=\"Pomimo, \u017ce ka\u017cdy z nas po d\u0142ugiej zimie jest st\u0119skniony lata i ciep\u0142a, upalne\u00a0dni\u00a0mog\u0105 by\u0107 dla nas uci\u0105\u017cliwe... Zw\u0142aszcza wtedy, gdy zamiast wygrzewa\u0107\u00a0si\u0119\u00a0na\u00a0s\u0142onecznej pla\u017cy musimy sp\u0119dza\u0107 wi\u0119kszo\u015b\u0107 dnia pracuj\u0105c.\u00a0Co\u00a0ubra\u0107\u00a0do\u00a0pracy\u00a0w\u00a0gor\u0105ce\u00a0dni? Jakie letnie stylizacje\u00a0do\u00a0biura wybra\u0107? Podpowiadamy!\" \/>\n<meta property=\"og:url\" content=\"https:\/\/pakuten.pl\/blog\/co-ubrac-do-pracy-w-gorace-dni-przygotuj-sie-na-upaly\/\" \/>\n<meta property=\"og:site_name\" content=\"Pakuten blog\" \/>\n<meta property=\"article:published_time\" content=\"2023-07-04T13:24:00+00:00\" \/>\n<meta property=\"article:modified_time\" content=\"2023-07-04T08:00:46+00:00\" \/>\n<meta property=\"og:image\" content=\"https:\/\/pakuten.pl\/blog\/wp-content\/uploads\/2021\/07\/Co-ubrac\u0301-do-pracy-w-gora\u0328ce-dni-Przygotuj-sie\u0328-na-upaly.jpg\" \/>\n\t<meta property=\"og:image:width\" content=\"1280\" \/>\n\t<meta property=\"og:image:height\" content=\"853\" \/>\n\t<meta property=\"og:image:type\" content=\"image\/jpeg\" \/>\n<meta name=\"twitter:card\" content=\"summary_large_image\" \/>\n<meta name=\"twitter:label1\" content=\"Napisane przez\" \/>\n\t<meta name=\"twitter:data1\" content=\"Pakuten Girl\" \/>\n\t<meta name=\"twitter:label2\" content=\"Szacowany czas czytania\" \/>\n\t<meta name=\"twitter:data2\" content=\"6 minut\" \/>\n<script type=\"application\/ld+json\" class=\"yoast-schema-graph\">{\"@context\":\"https:\/\/schema.org\",\"@graph\":[{\"@type\":\"Organization\",\"@id\":\"https:\/\/pakuten.pl\/blog\/#organization\",\"name\":\"Pakuten\",\"url\":\"https:\/\/pakuten.pl\/blog\/\",\"sameAs\":[],\"logo\":{\"@type\":\"ImageObject\",\"@id\":\"https:\/\/pakuten.pl\/blog\/#logo\",\"inLanguage\":\"pl-PL\",\"url\":\"http:\/\/pakuten.pl\/blog\/wp-content\/uploads\/2018\/01\/pakuten_logo.png\",\"contentUrl\":\"http:\/\/pakuten.pl\/blog\/wp-content\/uploads\/2018\/01\/pakuten_logo.png\",\"width\":300,\"height\":120,\"caption\":\"Pakuten\"},\"image\":{\"@id\":\"https:\/\/pakuten.pl\/blog\/#logo\"}},{\"@type\":\"WebSite\",\"@id\":\"https:\/\/pakuten.pl\/blog\/#website\",\"url\":\"https:\/\/pakuten.pl\/blog\/\",\"name\":\"Pakuten blog\",\"description\":\"Blog sklepu internetowego pakuten.pl\",\"publisher\":{\"@id\":\"https:\/\/pakuten.pl\/blog\/#organization\"},\"potentialAction\":[{\"@type\":\"SearchAction\",\"target\":{\"@type\":\"EntryPoint\",\"urlTemplate\":\"https:\/\/pakuten.pl\/blog\/?s={search_term_string}\"},\"query-input\":\"required name=search_term_string\"}],\"inLanguage\":\"pl-PL\"},{\"@type\":\"ImageObject\",\"@id\":\"https:\/\/pakuten.pl\/blog\/co-ubrac-do-pracy-w-gorace-dni-przygotuj-sie-na-upaly\/#primaryimage\",\"inLanguage\":\"pl-PL\",\"url\":\"https:\/\/pakuten.pl\/blog\/wp-content\/uploads\/2021\/07\/Co-ubrac\u0301-do-pracy-w-gora\u0328ce-dni-Przygotuj-sie\u0328-na-upaly.jpg\",\"contentUrl\":\"https:\/\/pakuten.pl\/blog\/wp-content\/uploads\/2021\/07\/Co-ubrac\u0301-do-pracy-w-gora\u0328ce-dni-Przygotuj-sie\u0328-na-upaly.jpg\",\"width\":1280,\"height\":853},{\"@type\":\"WebPage\",\"@id\":\"https:\/\/pakuten.pl\/blog\/co-ubrac-do-pracy-w-gorace-dni-przygotuj-sie-na-upaly\/#webpage\",\"url\":\"https:\/\/pakuten.pl\/blog\/co-ubrac-do-pracy-w-gorace-dni-przygotuj-sie-na-upaly\/\",\"name\":\"Co ubra\u0107 do pracy w gor\u0105ce dni? Przygotuj si\u0119 na upa\u0142y! - Pakuten blog\",\"isPartOf\":{\"@id\":\"https:\/\/pakuten.pl\/blog\/#website\"},\"primaryImageOfPage\":{\"@id\":\"https:\/\/pakuten.pl\/blog\/co-ubrac-do-pracy-w-gorace-dni-przygotuj-sie-na-upaly\/#primaryimage\"},\"datePublished\":\"2023-07-04T13:24:00+00:00\",\"dateModified\":\"2023-07-04T08:00:46+00:00\",\"description\":\"Pomimo, \u017ce ka\u017cdy z nas po d\u0142ugiej zimie jest st\u0119skniony lata i ciep\u0142a, upalne\u00a0dni\u00a0mog\u0105 by\u0107 dla nas uci\u0105\u017cliwe... Zw\u0142aszcza wtedy, gdy zamiast wygrzewa\u0107\u00a0si\u0119\u00a0na\u00a0s\u0142onecznej pla\u017cy musimy sp\u0119dza\u0107 wi\u0119kszo\u015b\u0107 dnia pracuj\u0105c.\u00a0Co\u00a0ubra\u0107\u00a0do\u00a0pracy\u00a0w\u00a0gor\u0105ce\u00a0dni? Jakie letnie stylizacje\u00a0do\u00a0biura wybra\u0107? Podpowiadamy!\",\"breadcrumb\":{\"@id\":\"https:\/\/pakuten.pl\/blog\/co-ubrac-do-pracy-w-gorace-dni-przygotuj-sie-na-upaly\/#breadcrumb\"},\"inLanguage\":\"pl-PL\",\"potentialAction\":[{\"@type\":\"ReadAction\",\"target\":[\"https:\/\/pakuten.pl\/blog\/co-ubrac-do-pracy-w-gorace-dni-przygotuj-sie-na-upaly\/\"]}]},{\"@type\":\"BreadcrumbList\",\"@id\":\"https:\/\/pakuten.pl\/blog\/co-ubrac-do-pracy-w-gorace-dni-przygotuj-sie-na-upaly\/#breadcrumb\",\"itemListElement\":[{\"@type\":\"ListItem\",\"position\":1,\"name\":\"Strona g\u0142\u00f3wna\",\"item\":\"https:\/\/pakuten.pl\/blog\/\"},{\"@type\":\"ListItem\",\"position\":2,\"name\":\"Co ubra\u0107 do pracy w gor\u0105ce dni? Przygotuj si\u0119 na upa\u0142y!\"}]},{\"@type\":\"Article\",\"@id\":\"https:\/\/pakuten.pl\/blog\/co-ubrac-do-pracy-w-gorace-dni-przygotuj-sie-na-upaly\/#article\",\"isPartOf\":{\"@id\":\"https:\/\/pakuten.pl\/blog\/co-ubrac-do-pracy-w-gorace-dni-przygotuj-sie-na-upaly\/#webpage\"},\"author\":{\"@id\":\"https:\/\/pakuten.pl\/blog\/#\/schema\/person\/d7133af30211381a4e4536d088384556\"},\"headline\":\"Co ubra\u0107 do pracy w gor\u0105ce dni? Przygotuj si\u0119 na upa\u0142y!\",\"datePublished\":\"2023-07-04T13:24:00+00:00\",\"dateModified\":\"2023-07-04T08:00:46+00:00\",\"mainEntityOfPage\":{\"@id\":\"https:\/\/pakuten.pl\/blog\/co-ubrac-do-pracy-w-gorace-dni-przygotuj-sie-na-upaly\/#webpage\"},\"wordCount\":1182,\"commentCount\":0,\"publisher\":{\"@id\":\"https:\/\/pakuten.pl\/blog\/#organization\"},\"image\":{\"@id\":\"https:\/\/pakuten.pl\/blog\/co-ubrac-do-pracy-w-gorace-dni-przygotuj-sie-na-upaly\/#primaryimage\"},\"thumbnailUrl\":\"https:\/\/pakuten.pl\/blog\/wp-content\/uploads\/2021\/07\/Co-ubrac\u0301-do-pracy-w-gora\u0328ce-dni-Przygotuj-sie\u0328-na-upaly.jpg\",\"articleSection\":[\"Tips&amp;Tricks\"],\"inLanguage\":\"pl-PL\",\"potentialAction\":[{\"@type\":\"CommentAction\",\"name\":\"Comment\",\"target\":[\"https:\/\/pakuten.pl\/blog\/co-ubrac-do-pracy-w-gorace-dni-przygotuj-sie-na-upaly\/#respond\"]}]},{\"@type\":\"Person\",\"@id\":\"https:\/\/pakuten.pl\/blog\/#\/schema\/person\/d7133af30211381a4e4536d088384556\",\"name\":\"Pakuten Girl\",\"image\":{\"@type\":\"ImageObject\",\"@id\":\"https:\/\/pakuten.pl\/blog\/#personlogo\",\"inLanguage\":\"pl-PL\",\"url\":\"https:\/\/secure.gravatar.com\/avatar\/d3df41de2caf92e6cfded9430c2ff352?s=96&d=mm&r=g\",\"contentUrl\":\"https:\/\/secure.gravatar.com\/avatar\/d3df41de2caf92e6cfded9430c2ff352?s=96&d=mm&r=g\",\"caption\":\"Pakuten Girl\"},\"description\":\"Cze\u015b\u0107, nazywam si\u0119 Ola. Kocham Netflixa, sals\u0119, nowo\u015bci kosmetyczne i najnowsze trendy w modzie.\",\"url\":\"https:\/\/pakuten.pl\/blog\/author\/pakuten-girl\/\"}]}<\/script>\n<!-- \/ Yoast SEO plugin. -->","yoast_head_json":{"title":"Co ubra\u0107 do pracy w gor\u0105ce dni? Przygotuj si\u0119 na upa\u0142y! - Pakuten blog","description":"Pomimo, \u017ce ka\u017cdy z nas po d\u0142ugiej zimie jest st\u0119skniony lata i ciep\u0142a, upalne\u00a0dni\u00a0mog\u0105 by\u0107 dla nas uci\u0105\u017cliwe... Zw\u0142aszcza wtedy, gdy zamiast wygrzewa\u0107\u00a0si\u0119\u00a0na\u00a0s\u0142onecznej pla\u017cy musimy sp\u0119dza\u0107 wi\u0119kszo\u015b\u0107 dnia pracuj\u0105c.\u00a0Co\u00a0ubra\u0107\u00a0do\u00a0pracy\u00a0w\u00a0gor\u0105ce\u00a0dni? Jakie letnie stylizacje\u00a0do\u00a0biura wybra\u0107? Podpowiadamy!","robots":{"index":"index","follow":"follow","max-snippet":"max-snippet:-1","max-image-preview":"max-image-preview:large","max-video-preview":"max-video-preview:-1"},"canonical":"https:\/\/pakuten.pl\/blog\/co-ubrac-do-pracy-w-gorace-dni-przygotuj-sie-na-upaly\/","og_locale":"pl_PL","og_type":"article","og_title":"Co ubra\u0107 do pracy w gor\u0105ce dni? Przygotuj si\u0119 na upa\u0142y! - Pakuten blog","og_description":"Pomimo, \u017ce ka\u017cdy z nas po d\u0142ugiej zimie jest st\u0119skniony lata i ciep\u0142a, upalne\u00a0dni\u00a0mog\u0105 by\u0107 dla nas uci\u0105\u017cliwe... Zw\u0142aszcza wtedy, gdy zamiast wygrzewa\u0107\u00a0si\u0119\u00a0na\u00a0s\u0142onecznej pla\u017cy musimy sp\u0119dza\u0107 wi\u0119kszo\u015b\u0107 dnia pracuj\u0105c.\u00a0Co\u00a0ubra\u0107\u00a0do\u00a0pracy\u00a0w\u00a0gor\u0105ce\u00a0dni? Jakie letnie stylizacje\u00a0do\u00a0biura wybra\u0107? Podpowiadamy!","og_url":"https:\/\/pakuten.pl\/blog\/co-ubrac-do-pracy-w-gorace-dni-przygotuj-sie-na-upaly\/","og_site_name":"Pakuten blog","article_published_time":"2023-07-04T13:24:00+00:00","article_modified_time":"2023-07-04T08:00:46+00:00","og_image":[{"width":1280,"height":853,"url":"https:\/\/pakuten.pl\/blog\/wp-content\/uploads\/2021\/07\/Co-ubrac\u0301-do-pracy-w-gora\u0328ce-dni-Przygotuj-sie\u0328-na-upaly.jpg","type":"image\/jpeg"}],"twitter_card":"summary_large_image","twitter_misc":{"Napisane przez":"Pakuten Girl","Szacowany czas czytania":"6 minut"},"schema":{"@context":"https:\/\/schema.org","@graph":[{"@type":"Organization","@id":"https:\/\/pakuten.pl\/blog\/#organization","name":"Pakuten","url":"https:\/\/pakuten.pl\/blog\/","sameAs":[],"logo":{"@type":"ImageObject","@id":"https:\/\/pakuten.pl\/blog\/#logo","inLanguage":"pl-PL","url":"http:\/\/pakuten.pl\/blog\/wp-content\/uploads\/2018\/01\/pakuten_logo.png","contentUrl":"http:\/\/pakuten.pl\/blog\/wp-content\/uploads\/2018\/01\/pakuten_logo.png","width":300,"height":120,"caption":"Pakuten"},"image":{"@id":"https:\/\/pakuten.pl\/blog\/#logo"}},{"@type":"WebSite","@id":"https:\/\/pakuten.pl\/blog\/#website","url":"https:\/\/pakuten.pl\/blog\/","name":"Pakuten blog","description":"Blog sklepu internetowego pakuten.pl","publisher":{"@id":"https:\/\/pakuten.pl\/blog\/#organization"},"potentialAction":[{"@type":"SearchAction","target":{"@type":"EntryPoint","urlTemplate":"https:\/\/pakuten.pl\/blog\/?s={search_term_string}"},"query-input":"required name=search_term_string"}],"inLanguage":"pl-PL"},{"@type":"ImageObject","@id":"https:\/\/pakuten.pl\/blog\/co-ubrac-do-pracy-w-gorace-dni-przygotuj-sie-na-upaly\/#primaryimage","inLanguage":"pl-PL","url":"https:\/\/pakuten.pl\/blog\/wp-content\/uploads\/2021\/07\/Co-ubrac\u0301-do-pracy-w-gora\u0328ce-dni-Przygotuj-sie\u0328-na-upaly.jpg","contentUrl":"https:\/\/pakuten.pl\/blog\/wp-content\/uploads\/2021\/07\/Co-ubrac\u0301-do-pracy-w-gora\u0328ce-dni-Przygotuj-sie\u0328-na-upaly.jpg","width":1280,"height":853},{"@type":"WebPage","@id":"https:\/\/pakuten.pl\/blog\/co-ubrac-do-pracy-w-gorace-dni-przygotuj-sie-na-upaly\/#webpage","url":"https:\/\/pakuten.pl\/blog\/co-ubrac-do-pracy-w-gorace-dni-przygotuj-sie-na-upaly\/","name":"Co ubra\u0107 do pracy w gor\u0105ce dni? Przygotuj si\u0119 na upa\u0142y! - Pakuten blog","isPartOf":{"@id":"https:\/\/pakuten.pl\/blog\/#website"},"primaryImageOfPage":{"@id":"https:\/\/pakuten.pl\/blog\/co-ubrac-do-pracy-w-gorace-dni-przygotuj-sie-na-upaly\/#primaryimage"},"datePublished":"2023-07-04T13:24:00+00:00","dateModified":"2023-07-04T08:00:46+00:00","description":"Pomimo, \u017ce ka\u017cdy z nas po d\u0142ugiej zimie jest st\u0119skniony lata i ciep\u0142a, upalne\u00a0dni\u00a0mog\u0105 by\u0107 dla nas uci\u0105\u017cliwe... Zw\u0142aszcza wtedy, gdy zamiast wygrzewa\u0107\u00a0si\u0119\u00a0na\u00a0s\u0142onecznej pla\u017cy musimy sp\u0119dza\u0107 wi\u0119kszo\u015b\u0107 dnia pracuj\u0105c.\u00a0Co\u00a0ubra\u0107\u00a0do\u00a0pracy\u00a0w\u00a0gor\u0105ce\u00a0dni? Jakie letnie stylizacje\u00a0do\u00a0biura wybra\u0107? Podpowiadamy!","breadcrumb":{"@id":"https:\/\/pakuten.pl\/blog\/co-ubrac-do-pracy-w-gorace-dni-przygotuj-sie-na-upaly\/#breadcrumb"},"inLanguage":"pl-PL","potentialAction":[{"@type":"ReadAction","target":["https:\/\/pakuten.pl\/blog\/co-ubrac-do-pracy-w-gorace-dni-przygotuj-sie-na-upaly\/"]}]},{"@type":"BreadcrumbList","@id":"https:\/\/pakuten.pl\/blog\/co-ubrac-do-pracy-w-gorace-dni-przygotuj-sie-na-upaly\/#breadcrumb","itemListElement":[{"@type":"ListItem","position":1,"name":"Strona g\u0142\u00f3wna","item":"https:\/\/pakuten.pl\/blog\/"},{"@type":"ListItem","position":2,"name":"Co ubra\u0107 do pracy w gor\u0105ce dni? Przygotuj si\u0119 na upa\u0142y!"}]},{"@type":"Article","@id":"https:\/\/pakuten.pl\/blog\/co-ubrac-do-pracy-w-gorace-dni-przygotuj-sie-na-upaly\/#article","isPartOf":{"@id":"https:\/\/pakuten.pl\/blog\/co-ubrac-do-pracy-w-gorace-dni-przygotuj-sie-na-upaly\/#webpage"},"author":{"@id":"https:\/\/pakuten.pl\/blog\/#\/schema\/person\/d7133af30211381a4e4536d088384556"},"headline":"Co ubra\u0107 do pracy w gor\u0105ce dni? Przygotuj si\u0119 na upa\u0142y!","datePublished":"2023-07-04T13:24:00+00:00","dateModified":"2023-07-04T08:00:46+00:00","mainEntityOfPage":{"@id":"https:\/\/pakuten.pl\/blog\/co-ubrac-do-pracy-w-gorace-dni-przygotuj-sie-na-upaly\/#webpage"},"wordCount":1182,"commentCount":0,"publisher":{"@id":"https:\/\/pakuten.pl\/blog\/#organization"},"image":{"@id":"https:\/\/pakuten.pl\/blog\/co-ubrac-do-pracy-w-gorace-dni-przygotuj-sie-na-upaly\/#primaryimage"},"thumbnailUrl":"https:\/\/pakuten.pl\/blog\/wp-content\/uploads\/2021\/07\/Co-ubrac\u0301-do-pracy-w-gora\u0328ce-dni-Przygotuj-sie\u0328-na-upaly.jpg","articleSection":["Tips&amp;Tricks"],"inLanguage":"pl-PL","potentialAction":[{"@type":"CommentAction","name":"Comment","target":["https:\/\/pakuten.pl\/blog\/co-ubrac-do-pracy-w-gorace-dni-przygotuj-sie-na-upaly\/#respond"]}]},{"@type":"Person","@id":"https:\/\/pakuten.pl\/blog\/#\/schema\/person\/d7133af30211381a4e4536d088384556","name":"Pakuten Girl","image":{"@type":"ImageObject","@id":"https:\/\/pakuten.pl\/blog\/#personlogo","inLanguage":"pl-PL","url":"https:\/\/secure.gravatar.com\/avatar\/d3df41de2caf92e6cfded9430c2ff352?s=96&d=mm&r=g","contentUrl":"https:\/\/secure.gravatar.com\/avatar\/d3df41de2caf92e6cfded9430c2ff352?s=96&d=mm&r=g","caption":"Pakuten Girl"},"description":"Cze\u015b\u0107, nazywam si\u0119 Ola. Kocham Netflixa, sals\u0119, nowo\u015bci kosmetyczne i najnowsze trendy w modzie.","url":"https:\/\/pakuten.pl\/blog\/author\/pakuten-girl\/"}]}},"_links":{"self":[{"href":"https:\/\/pakuten.pl\/blog\/wp-json\/wp\/v2\/posts\/4459"}],"collection":[{"href":"https:\/\/pakuten.pl\/blog\/wp-json\/wp\/v2\/posts"}],"about":[{"href":"https:\/\/pakuten.pl\/blog\/wp-json\/wp\/v2\/types\/post"}],"author":[{"embeddable":true,"href":"https:\/\/pakuten.pl\/blog\/wp-json\/wp\/v2\/users\/3"}],"replies":[{"embeddable":true,"href":"https:\/\/pakuten.pl\/blog\/wp-json\/wp\/v2\/comments?post=4459"}],"version-history":[{"count":34,"href":"https:\/\/pakuten.pl\/blog\/wp-json\/wp\/v2\/posts\/4459\/revisions"}],"predecessor-version":[{"id":7753,"href":"https:\/\/pakuten.pl\/blog\/wp-json\/wp\/v2\/posts\/4459\/revisions\/7753"}],"wp:featuredmedia":[{"embeddable":true,"href":"https:\/\/pakuten.pl\/blog\/wp-json\/wp\/v2\/media\/7745"}],"wp:attachment":[{"href":"https:\/\/pakuten.pl\/blog\/wp-json\/wp\/v2\/media?parent=4459"}],"wp:term":[{"taxonomy":"category","embeddable":true,"href":"https:\/\/pakuten.pl\/blog\/wp-json\/wp\/v2\/categories?post=4459"},{"taxonomy":"post_tag","embeddable":true,"href":"https:\/\/pakuten.pl\/blog\/wp-json\/wp\/v2\/tags?post=4459"}],"curies":[{"name":"wp","href":"https:\/\/api.w.org\/{rel}","templated":true}]}}