{"id":451,"date":"2018-01-11T16:45:11","date_gmt":"2018-01-11T15:45:11","guid":{"rendered":"http:\/\/pakuten.pl\/blog\/?p=451"},"modified":"2021-09-02T13:48:26","modified_gmt":"2021-09-02T11:48:26","slug":"krata-grochy-paski-modne-wzory-wiosne-lato-2018-je-nosic","status":"publish","type":"post","link":"https:\/\/pakuten.pl\/blog\/krata-grochy-paski-modne-wzory-wiosne-lato-2018-je-nosic\/","title":{"rendered":"Krata, grochy, paski\u2026 modne wzory na wiosn\u0119 i lato 2022! Jak je nosi\u0107?"},"content":{"rendered":"<p><strong>&#8211; Kwiaty na wiosn\u0119? Odkrywcze \u2013 tak Miranda Priestley z filmu \u201eDiabe\u0142 ubiera si\u0119 u Prady\u201d bezlito\u015bnie skomentowa\u0142a ten powracaj\u0105cy co sezon dese\u0144. Wiosn\u0105 tego opr\u00f3cz kwiat\u00f3w pojawi\u0105 si\u0119 te\u017c grochy, krata, paski \u2013 zar\u00f3wno po\u0142\u0105czone razem, jak i osobno \u2013 wszystkie chwyty dozwolone. Jakie modne wzory b\u0119d\u0105 widoczne na polskich ulicach \u2013 i jak je nosi\u0107?<\/strong><\/p>\n<h2>Flower power<\/h2>\n<p>Znienawidzone przez Mirand\u0119 kwiatowe wzory w stylizacjach poka\u017c\u0105 swoje inne oblicze, udowadniaj\u0105c, \u017ce to dese\u0144 nie tylko dla romantyczek. Pojawi\u0105 si\u0119 kwiatowe total looki (mo\u017cesz wykorzysta\u0107 ten trend, np. zak\u0142adaj\u0105c<strong><span style=\"color: #ff9900;\"> <a style=\"color: #ff9900;\" href=\"https:\/\/pakuten.pl\/68-dlugie-sukienki\">sukienk\u0119 maxi<\/a><\/span><\/strong> w kwiatow\u0105 \u0142\u0105czk\u0119 jak z pokazu Giambattista Valli \u2013 do tego do\u0142\u00f3\u017c<span style=\"color: #ff9900;\"> <strong><a style=\"color: #ff9900;\" href=\"https:\/\/pakuten.pl\/36-torebki\">torebk\u0119 zdobion\u0105 aplikacjami w kwiaty<\/a><\/strong> <\/span>i wepnij kwiaty we w\u0142osy).<\/p>\n<blockquote class=\"instagram-media\" style=\"background: #FFF; border: 0; border-radius: 3px; box-shadow: 0 0 1px 0 rgba(0,0,0,0.5),0 1px 10px 0 rgba(0,0,0,0.15); margin: 1px; max-width: 658px; padding: 0; width: calc(100% - 2px);\" data-instgrm-captioned=\"\" data-instgrm-permalink=\"https:\/\/www.instagram.com\/p\/BaBiUCjAd48\/\" data-instgrm-version=\"8\">\n<div style=\"padding: 8px;\">\n<div style=\"background: #F8F8F8; line-height: 0; margin-top: 40px; padding: 31.98324022346369% 0; text-align: center; width: 100%;\">\n<div style=\"background: url(data:image\/png; base64,ivborw0kggoaaaansuheugaaacwaaaascamaaaapwqozaaaabgdbtueaalgpc\/xhbqaaaafzukdcak7ohokaaaamuexurczmzpf399fx1+bm5mzy9amaaadisurbvdjlvzxbesmgces5\/p8\/t9furvcrmu73jwlzosgsiizurcjo\/ad+eqjjb4hv8bft+idpqocx1wjosbfhh2xssxeiyn3uli\/6mnree07uiwjev8ueowds88ly97kqytlijkktuybbruayvh5wohixmpi5we58ek028czwyuqdlkpg1bkb4nnm+veanfhqn1k4+gpt6ugqcvu2h2ovuif\/gwufyy8owepdyzsa3avcqpvovvzzz2vtnn2wu8qzvjddeto90gsy9mvlqtgysy231mxry6i2ggqjrty0l8fxcxfcbbhwrsyyaaaaaelftksuqmcc); display: block; height: 44px; margin: 0 auto -44px; position: relative; top: -22px; width: 44px;\"><\/div>\n<\/div>\n<p style=\"margin: 8px 0 0 0; padding: 0 4px;\"><a style=\"color: #000; font-family: Arial,sans-serif; font-size: 14px; font-style: normal; font-weight: normal; line-height: 17px; text-decoration: none; word-wrap: break-word;\" href=\"https:\/\/www.instagram.com\/p\/BaBiUCjAd48\/\" target=\"_blank\" rel=\"noopener\">Giambattista Valli Paris Spring\/Summer \u00b418 Backstage Ph. @wwd<\/a><\/p>\n<p style=\"color: #c9c8cd; font-family: Arial,sans-serif; font-size: 14px; line-height: 17px; margin-bottom: 0; margin-top: 8px; overflow: hidden; padding: 8px 0 7px; text-align: center; text-overflow: ellipsis; white-space: nowrap;\">Post udost\u0119pniony przez <a style=\"color: #c9c8cd; font-family: Arial,sans-serif; font-size: 14px; font-style: normal; font-weight: normal; line-height: 17px;\" href=\"https:\/\/www.instagram.com\/giambattistavalliparis\/\" target=\"_blank\" rel=\"noopener\"> Giambattista Valli Official<\/a> (@giambattistavalliparis) <time style=\"font-family: Arial,sans-serif; font-size: 14px; line-height: 17px;\" datetime=\"2017-10-09T10:31:34+00:00\">Pa\u017a 9, 2017 o 3:31 PDT<\/time><\/p>\n<\/div>\n<\/blockquote>\n<p><script async=\"\" defer=\"\" src=\"\/\/platform.instagram.com\/en_US\/embeds.js\"><\/script><\/p>\n<p>Dese\u0144 w kwiaty b\u0119dzie te\u017c psychodeliczny, inspirowany szalonymi latami 60. i 70., jak u Miu Miu czy Marni \u2013 kwiaty b\u0119d\u0105 na jaskrawym tle, a wzory b\u0119d\u0105 u\u0142o\u017cone r\u00f3wno jak w kalejdoskopie. Postawi\u0107 mo\u017cesz te\u017c na kwiaty graficzne \u2013 mniej dos\u0142owne, a bardziej abstrakcyjne, np. bia\u0142o-czarne \u2013 <span style=\"color: #ff9900;\"><strong><a style=\"color: #ff9900;\" href=\"https:\/\/pakuten.pl\/59-koszule\">koszula lub tunika<\/a><\/strong><\/span> w takie wzory b\u0119dzie \u015bwietnie pasowa\u0107 do bia\u0142ych lub czarnych g\u0142adkich rurek.<\/p>\n<blockquote class=\"instagram-media\" style=\"background: #FFF; border: 0; border-radius: 3px; box-shadow: 0 0 1px 0 rgba(0,0,0,0.5),0 1px 10px 0 rgba(0,0,0,0.15); margin: 1px; max-width: 658px; padding: 0; width: calc(100% - 2px);\" data-instgrm-captioned=\"\" data-instgrm-permalink=\"https:\/\/www.instagram.com\/p\/BelZ00xF8hx\/\" data-instgrm-version=\"8\">\n<div style=\"padding: 8px;\">\n<div style=\"background: #F8F8F8; line-height: 0; margin-top: 40px; padding: 50.0% 0; text-align: center; width: 100%;\">\n<div style=\"background: url(data:image\/png; base64,ivborw0kggoaaaansuheugaaacwaaaascamaaaapwqozaaaabgdbtueaalgpc\/xhbqaaaafzukdcak7ohokaaaamuexurczmzpf399fx1+bm5mzy9amaaadisurbvdjlvzxbesmgces5\/p8\/t9furvcrmu73jwlzosgsiizurcjo\/ad+eqjjb4hv8bft+idpqocx1wjosbfhh2xssxeiyn3uli\/6mnree07uiwjev8ueowds88ly97kqytlijkktuybbruayvh5wohixmpi5we58ek028czwyuqdlkpg1bkb4nnm+veanfhqn1k4+gpt6ugqcvu2h2ovuif\/gwufyy8owepdyzsa3avcqpvovvzzz2vtnn2wu8qzvjddeto90gsy9mvlqtgysy231mxry6i2ggqjrty0l8fxcxfcbbhwrsyyaaaaaelftksuqmcc); display: block; height: 44px; margin: 0 auto -44px; position: relative; top: -22px; width: 44px;\"><\/div>\n<\/div>\n<p style=\"margin: 8px 0 0 0; padding: 0 4px;\"><a style=\"color: #000; font-family: Arial,sans-serif; font-size: 14px; font-style: normal; font-weight: normal; line-height: 17px; text-decoration: none; word-wrap: break-word;\" href=\"https:\/\/www.instagram.com\/p\/BelZ00xF8hx\/\" target=\"_blank\" rel=\"noopener\">Like our heroines, Miu Miu L\u2019Eau Ros\u00e9e sparkles with joyful energy! ? by @alasdairmclellan, featuring #StacyMartin &amp; @kangsjia Styling: @kegrand Art Direction: @gb65 #MiuMiuParfum #MiuMiuEauRosee<\/a><\/p>\n<p style=\"color: #c9c8cd; font-family: Arial,sans-serif; font-size: 14px; line-height: 17px; margin-bottom: 0; margin-top: 8px; overflow: hidden; padding: 8px 0 7px; text-align: center; text-overflow: ellipsis; white-space: nowrap;\">Post udost\u0119pniony przez <a style=\"color: #c9c8cd; font-family: Arial,sans-serif; font-size: 14px; font-style: normal; font-weight: normal; line-height: 17px;\" href=\"https:\/\/www.instagram.com\/miumiu\/\" target=\"_blank\" rel=\"noopener\"> Miu Miu<\/a> (@miumiu) <time style=\"font-family: Arial,sans-serif; font-size: 14px; line-height: 17px;\" datetime=\"2018-01-30T18:55:38+00:00\">Sty 30, 2018 o 10:55 PST<\/time><\/p>\n<\/div>\n<\/blockquote>\n<p><script async=\"\" defer=\"\" src=\"\/\/platform.instagram.com\/en_US\/embeds.js\"><\/script><\/p>\n<blockquote class=\"instagram-media\" style=\"background: #FFF; border: 0; border-radius: 3px; box-shadow: 0 0 1px 0 rgba(0,0,0,0.5),0 1px 10px 0 rgba(0,0,0,0.15); margin: 1px; max-width: 658px; padding: 0; width: calc(100% - 2px);\" data-instgrm-captioned=\"\" data-instgrm-permalink=\"https:\/\/www.instagram.com\/p\/Bc2373hnukY\/\" data-instgrm-version=\"8\">\n<div style=\"padding: 8px;\">\n<div style=\"background: #F8F8F8; line-height: 0; margin-top: 40px; padding: 62.5% 0; text-align: center; width: 100%;\">\n<div style=\"background: url(data:image\/png; base64,ivborw0kggoaaaansuheugaaacwaaaascamaaaapwqozaaaabgdbtueaalgpc\/xhbqaaaafzukdcak7ohokaaaamuexurczmzpf399fx1+bm5mzy9amaaadisurbvdjlvzxbesmgces5\/p8\/t9furvcrmu73jwlzosgsiizurcjo\/ad+eqjjb4hv8bft+idpqocx1wjosbfhh2xssxeiyn3uli\/6mnree07uiwjev8ueowds88ly97kqytlijkktuybbruayvh5wohixmpi5we58ek028czwyuqdlkpg1bkb4nnm+veanfhqn1k4+gpt6ugqcvu2h2ovuif\/gwufyy8owepdyzsa3avcqpvovvzzz2vtnn2wu8qzvjddeto90gsy9mvlqtgysy231mxry6i2ggqjrty0l8fxcxfcbbhwrsyyaaaaaelftksuqmcc); display: block; height: 44px; margin: 0 auto -44px; position: relative; top: -22px; width: 44px;\"><\/div>\n<\/div>\n<p style=\"margin: 8px 0 0 0; padding: 0 4px;\"><a style=\"color: #000; font-family: Arial,sans-serif; font-size: 14px; font-style: normal; font-weight: normal; line-height: 17px; text-decoration: none; word-wrap: break-word;\" href=\"https:\/\/www.instagram.com\/p\/Bc2373hnukY\/\" target=\"_blank\" rel=\"noopener\">Featured in \u201cRisa Wanders into Gucci\u2019s Fantasy Land\u201d in the November issue of @numerotokyo, model Risa Nakamura @risa_doll_ in a #GucciCruise18 floral jacquard dress with plush cuffs by #AlessandroMichele. #GucciEditorials<br \/>\nPhotographer: Mika Ninagawa @ninagawamika<\/a><\/p>\n<p style=\"color: #c9c8cd; font-family: Arial,sans-serif; font-size: 14px; line-height: 17px; margin-bottom: 0; margin-top: 8px; overflow: hidden; padding: 8px 0 7px; text-align: center; text-overflow: ellipsis; white-space: nowrap;\">Post udost\u0119pniony przez <a style=\"color: #c9c8cd; font-family: Arial,sans-serif; font-size: 14px; font-style: normal; font-weight: normal; line-height: 17px;\" href=\"https:\/\/www.instagram.com\/gucci\/\" target=\"_blank\" rel=\"noopener\"> Gucci<\/a> (@gucci) <time style=\"font-family: Arial,sans-serif; font-size: 14px; line-height: 17px;\" datetime=\"2017-12-18T20:43:02+00:00\">Gru 18, 2017 o 12:43 PST<\/time><\/p>\n<\/div>\n<\/blockquote>\n<p><script async=\"\" defer=\"\" src=\"\/\/platform.instagram.com\/en_US\/embeds.js\"><\/script><\/p>\n<h2>Koniec i kropka \u2013 dese\u0144 w grochy<\/h2>\n<p>Groszki to ultrakobiece, modne wzory, kt\u00f3re na sta\u0142e wpisa\u0142y si\u0119 w modow\u0105 klasyk\u0119 i co jaki\u015b czas wracaj\u0105 w r\u00f3\u017cnych interpretacjach. <strong>W tym sezonie najmodniejsze b\u0119d\u0105 kropeczki nieregularnie rozmieszczone, w r\u00f3\u017cnych kolorach i rozmiarach.<\/strong> Mog\u0105 one przypomina\u0107 te\u017c artystyczne \u201epacni\u0119cia\u201d p\u0119dzla na p\u0142\u00f3tnie.<\/p>\n<div class=\"product-box-container\">\r\n<div class=\"one_third \" style=\"\">\r\n<div class=\"product-box\">\r\n<a href=\"https:\/\/pakuten.pl\/18841-55937-malinowa-przekladana-sukienka-w-groszki-lonny-malinowy.html\" target=\"_blank\">\r\n <img src=\"https:\/\/media.pakuten.pl\/128325-large_default\/malinowa-przekladana-sukienka-w-groszki-lonny.jpg\" alt=\"Malinowa przek\u0142adana sukienka w groszki Lonny\"\/>\r\n<\/a>\r\n<p>\r\n<a href=\"https:\/\/pakuten.pl\/18841-55937-malinowa-przekladana-sukienka-w-groszki-lonny-malinowy.html\" target=\"_blank\">\r\nMalinowa przek\u0142adana sukienka w groszki Lonny\r\n<\/a><\/p>\r\n  <p>Cena: 39,99\u00a0z\u0142<\/p>\r\n<a href=\"https:\/\/pakuten.pl\/18841-55937-malinowa-przekladana-sukienka-w-groszki-lonny-malinowy.html\" target=\"_blank\" class=\"button\">\r\nZobacz w sklepie\r\n<\/a>\r\n<\/div>\r\n<\/div>\r\n<div class=\"one_third \" style=\"\">\r\n<div class=\"product-box\">\r\n<a href=\"https:\/\/pakuten.pl\/18849-55948-bala-sukienka-w-groszki-agia-bialy.html\" target=\"_blank\">\r\n  <img src=\"https:\/\/media.pakuten.pl\/128387-large_default\/bala-sukienka-w-groszki-agia.jpg\" alt=\"Ba\u0142a sukienka w groszki Agia\"\/>\r\n<\/a>\r\n<p>\r\n<a href=\"https:\/\/pakuten.pl\/18849-55948-bala-sukienka-w-groszki-agia-bialy.html\" target=\"_blank\">\r\nBa\u0142a sukienka w groszki Agia\r\n<\/a><\/p>\r\n  <p>Cena: 49,99\u00a0z\u0142<\/p>\r\n<a href=\"https:\/\/pakuten.pl\/18849-55948-bala-sukienka-w-groszki-agia-bialy.html\" target=\"_blank\" class=\"button\">\r\nZobacz w sklepie\r\n<\/a>\r\n<\/div>\r\n<\/div>\r\n<div class=\"one_third last \" style=\"\">\r\n<div class=\"product-box\">\r\n<a href=\"https:\/\/pakuten.pl\/18850-55950-blekitna-sukienka-w-groszki-agia-blekitny.html\" target=\"_blank\">\r\n  <img src=\"https:\/\/media.pakuten.pl\/128395-large_default\/blekitna-sukienka-w-groszki-agia.jpg\" alt=\"B\u0142\u0119kitna sukienka w groszki Agia\"\/>\r\n<\/a>\r\n<p>\r\n<a href=\"https:\/\/pakuten.pl\/18850-55950-blekitna-sukienka-w-groszki-agia-blekitny.html\" target=\"_blank\">\r\nB\u0142\u0119kitna sukienka w groszki Agia\r\n<\/a><\/p>\r\n  <p>Cena: 49,99\u00a0z\u0142<\/p>\r\n<a href=\"https:\/\/pakuten.pl\/18850-55950-blekitna-sukienka-w-groszki-agia-blekitny.html\" target=\"_blank\" class=\"button\">\r\nZobacz w sklepie\r\n<\/a>\r\n<\/div>\r\n<\/div><br class=\"clear\"\/>\r\n<\/div>\n<p>Dla mniej odwa\u017cnych pozostaj\u0105 zawsze klasyczne, grzeczne grochy lub ma\u0142e kropki typu \u201epolka dots\u201d, rozmieszczone na bia\u0142ym lub czarnym tle. <strong>Modne b\u0119dzie te\u017c po\u0142\u0105czenie kwiat\u00f3w z grochami na jednym materiale. Podobnie jak w przypadku kwiat\u00f3w \u2013 do takiej bluzki za\u0142\u00f3\u017c g\u0142adkie spodnie, np. ciemne jeansy lub o\u0142\u00f3wkow\u0105 sp\u00f3dnic\u0119, kt\u00f3ra r\u00f3wnie\u017c b\u0119dzie modna w tym sezonie.<\/strong><\/p>\n<h2>Krata \u2013 pomys\u0142 nie tylko na jesie\u0144<\/h2>\n<p>Co powiecie na dese\u0144 w kratk\u0119 na wiosn\u0119? Wydawa\u0107 by si\u0119 mog\u0142o, \u017ce to modny wz\u00f3r, ale zarezerwowany g\u0142\u00f3wnie na jesie\u0144 i zim\u0119, tymczasem nadruki w kratk\u0119 zobaczy\u0107 mo\u017cemy u Marca Jacobsa, Balenciagi, a nawet\u2026 Calvina Kleina, kojarzonego g\u0142\u00f3wnie ze spokojnym minimalizmem. <strong>Krata w wersji wiosennej nie przypomina w niczym szkockiej.<\/strong><\/p>\n<blockquote class=\"instagram-media\" style=\"background: #FFF; border: 0; border-radius: 3px; box-shadow: 0 0 1px 0 rgba(0,0,0,0.5),0 1px 10px 0 rgba(0,0,0,0.15); margin: 1px; max-width: 658px; padding: 0; width: calc(100% - 2px);\" data-instgrm-captioned=\"\" data-instgrm-permalink=\"https:\/\/www.instagram.com\/p\/BenPHJjFHgS\/\" data-instgrm-version=\"8\">\n<div style=\"padding: 8px;\">\n<div style=\"background: #F8F8F8; line-height: 0; margin-top: 40px; padding: 50% 0; text-align: center; width: 100%;\">\n<div style=\"background: url(data:image\/png; base64,ivborw0kggoaaaansuheugaaacwaaaascamaaaapwqozaaaabgdbtueaalgpc\/xhbqaaaafzukdcak7ohokaaaamuexurczmzpf399fx1+bm5mzy9amaaadisurbvdjlvzxbesmgces5\/p8\/t9furvcrmu73jwlzosgsiizurcjo\/ad+eqjjb4hv8bft+idpqocx1wjosbfhh2xssxeiyn3uli\/6mnree07uiwjev8ueowds88ly97kqytlijkktuybbruayvh5wohixmpi5we58ek028czwyuqdlkpg1bkb4nnm+veanfhqn1k4+gpt6ugqcvu2h2ovuif\/gwufyy8owepdyzsa3avcqpvovvzzz2vtnn2wu8qzvjddeto90gsy9mvlqtgysy231mxry6i2ggqjrty0l8fxcxfcbbhwrsyyaaaaaelftksuqmcc); display: block; height: 44px; margin: 0 auto -44px; position: relative; top: -22px; width: 44px;\"><\/div>\n<\/div>\n<p style=\"margin: 8px 0 0 0; padding: 0 4px;\"><a style=\"color: #000; font-family: Arial,sans-serif; font-size: 14px; font-style: normal; font-weight: normal; line-height: 17px; text-decoration: none; word-wrap: break-word;\" href=\"https:\/\/www.instagram.com\/p\/BenPHJjFHgS\/\" target=\"_blank\" rel=\"noopener\">Balenciaga Women Spring Summer 18. Photography by @bestimage_agency , styling by @lottavolkova. Collection available now online for pre-order, and in stores from February 28th.<\/a><\/p>\n<p style=\"color: #c9c8cd; font-family: Arial,sans-serif; font-size: 14px; line-height: 17px; margin-bottom: 0; margin-top: 8px; overflow: hidden; padding: 8px 0 7px; text-align: center; text-overflow: ellipsis; white-space: nowrap;\">Post udost\u0119pniony przez <a style=\"color: #c9c8cd; font-family: Arial,sans-serif; font-size: 14px; font-style: normal; font-weight: normal; line-height: 17px;\" href=\"https:\/\/www.instagram.com\/balenciaga\/\" target=\"_blank\" rel=\"noopener\"> Balenciaga<\/a> (@balenciaga) <time style=\"font-family: Arial,sans-serif; font-size: 14px; line-height: 17px;\" datetime=\"2018-01-31T12:00:30+00:00\">Sty 31, 2018 o 4:00 PST<\/time><\/p>\n<\/div>\n<\/blockquote>\n<p><script async=\"\" defer=\"\" src=\"\/\/platform.instagram.com\/en_US\/embeds.js\"><\/script><\/p>\n<p>Nie przyt\u0142acza sylwetki, jest lekka, cz\u0119sto wida\u0107 j\u0105 na zwiewnych, jasnych sukienkach i bluzkach. Ten dese\u0144, podobnie jak grochy, cz\u0119sto zdobi\u0105 r\u00f3wnie\u017c nadruki lub hafty z kwiatami. Nie b\u00f3j si\u0119 zaszale\u0107. Koszula lub sukienka w krat\u0119 vichy to uroczy element, w kt\u00f3ry warto zainwestowa\u0107.<\/p>\n<h2>Pasiaste szale\u0144stwo<\/h2>\n<p>Wz\u00f3r w paski zobaczysz w wielu kolekcjach \u2013 nie chodzi jednak (jak co sezon) o klasyczne marynarskie paski, kt\u00f3re zreszt\u0105 r\u00f3wnie\u017c b\u0119d\u0105 modne, a o pasy pionowe, cz\u0119sto w wyrazistych barwach i o r\u00f3\u017cnych szeroko\u015bciach. <strong>Ten dese\u0144 najlepiej wygl\u0105da na spodniach \u2013 w zale\u017cno\u015bci od grubo\u015bci pask\u00f3w i ich kolor\u00f3w, takie spodnie mog\u0105 wyszczupla\u0107 i wyd\u0142u\u017ca\u0107 (paski cienkie i w\u0105skie) lub optycznie \u201edodawa\u0107 cia\u0142a\u201d (grubsze i w kontrastuj\u0105cych kolorach).<\/strong><\/p>\n<div class=\"product-box-container\">\r\n<div class=\"one_third \" style=\"\">\r\n<div class=\"product-box\">\r\n<a href=\"https:\/\/pakuten.pl\/6821-22564-sukienka-w-pionowe-pasy-carina-wzor-1.html\" target=\"_blank\">\r\n <img src=\"https:\/\/media.pakuten.pl\/41760-large_default\/sukienka-w-pionowe-pasy-carina.jpg\" alt=\"SUKIENKA W PIONOWE PASY CARINA\"\/>\r\n<\/a>\r\n<p>\r\n<a href=\"https:\/\/pakuten.pl\/6821-22564-sukienka-w-pionowe-pasy-carina-wzor-1.html\" target=\"_blank\">\r\nSUKIENKA W PIONOWE PASY CARINA\r\n<\/a><\/p>\r\n  <p>Cena: 93,79\u00a0z\u0142<\/p>\r\n<a href=\"https:\/\/pakuten.pl\/6821-22564-sukienka-w-pionowe-pasy-carina-wzor-1.html\" target=\"_blank\" class=\"button\">\r\nZobacz w sklepie\r\n<\/a>\r\n<\/div>\r\n<\/div>\r\n<div class=\"one_third \" style=\"\">\r\n<div class=\"product-box\">\r\n<a href=\"https:\/\/pakuten.pl\/19826-57107-dopasowana-sukienka-w-paski-janey-wzor-1.html\" target=\"_blank\">\r\n  <img src=\"https:\/\/media.pakuten.pl\/133905-large_default\/dopasowana-sukienka-w-paski-janey.jpg\" alt=\"Dopasowana sukienka w paski Janey\"\/>\r\n<\/a>\r\n<p>\r\n<a href=\"https:\/\/pakuten.pl\/19826-57107-dopasowana-sukienka-w-paski-janey-wzor-1.html\" target=\"_blank\">\r\nDopasowana sukienka w paski Janey\r\n<\/a><\/p>\r\n  <p>Cena: 19,99\u00a0z\u0142<\/p>\r\n<a href=\"https:\/\/pakuten.pl\/19826-57107-dopasowana-sukienka-w-paski-janey-wzor-1.html\" target=\"_blank\" class=\"button\">\r\nZobacz w sklepie\r\n<\/a>\r\n<\/div>\r\n<\/div>\r\n<div class=\"one_third last \" style=\"\">\r\n<div class=\"product-box\">\r\n<a href=\"https:\/\/pakuten.pl\/18664-55710-przekladana-sukienka-w-paski-zira-wzor-1.html\" target=\"_blank\">\r\n  <img src=\"https:\/\/media.pakuten.pl\/127233-large_default\/przekladana-sukienka-w-paski-zira.jpg\" alt=\"Przek\u0142adana sukienka w paski Zira\"\/>\r\n<\/a>\r\n<p>\r\n<a href=\"https:\/\/pakuten.pl\/18664-55710-przekladana-sukienka-w-paski-zira-wzor-1.html\" target=\"_blank\">\r\nPrzek\u0142adana sukienka w paski Zira\r\n<\/a><\/p>\r\n  <p>Cena: 78,39\u00a0z\u0142<\/p>\r\n<a href=\"https:\/\/pakuten.pl\/18664-55710-przekladana-sukienka-w-paski-zira-wzor-1.html\" target=\"_blank\" class=\"button\">\r\nZobacz w sklepie\r\n<\/a>\r\n<\/div>\r\n<\/div><br class=\"clear\"\/>\r\n<\/div>\n<h2>Jak \u0142\u0105czy\u0107 ze sob\u0105 modne wzory?<\/h2>\n<p>Jak poszale\u0107 z deseniami? \u0141\u0105cz ze sob\u0105 desenie na postawie kolor\u00f3w, a nie deseni. Zast\u0105p g\u0142adk\u0105 bluzk\u0119, kt\u00f3r\u0105 zak\u0142adasz do wzorzystego do\u0142u bluzk\u0105 z prostym wzorem w tym samym kolorze \u2013 np. do<strong><span style=\"color: #ff9900;\"><a style=\"color: #ff9900;\" href=\"https:\/\/pakuten.pl\/26-spodnice\"> czarnej sp\u00f3dnicy w r\u00f3\u017cowe kwiaty<\/a><\/span><\/strong> za\u0142\u00f3\u017c koszul\u0119 w r\u00f3\u017cow\u0105 kratk\u0119. Nie zastanawiaj si\u0119, czy c\u0119tki b\u0119d\u0105 pasowa\u0107 do kwiat\u00f3w, ale czy ich kolory \u0142\u0105cz\u0105 si\u0119 ze sob\u0105 bez zgrzytu. <strong>W obu deseniach powinien pojawi\u0107 si\u0119 wsp\u00f3lny mianownik \u2013 ta sama barwa.<\/strong><\/p>\n<p>Je\u015bli kochasz panterk\u0119 \u2013 dobra wiadomo\u015b\u0107 dla Ciebie. Zwierz\u0119cy wz\u00f3r w tym sezonie r\u00f3wnie\u017c jest modny i w klasycznej wersji (czarno-br\u0105zowy) traktowany jako uniwersalny \u2013 mo\u017cesz go \u0142\u0105czy\u0107 ze wszystkim. Udanych zakup\u00f3w i powodzenia przy eksperymentach!<\/p>\n\n\n<div class=\"kk-star-ratings kksr-auto kksr-align-right kksr-valign-bottom\"\n    data-payload='{&quot;align&quot;:&quot;right&quot;,&quot;id&quot;:&quot;451&quot;,&quot;slug&quot;:&quot;default&quot;,&quot;valign&quot;:&quot;bottom&quot;,&quot;ignore&quot;:&quot;&quot;,&quot;reference&quot;:&quot;auto&quot;,&quot;class&quot;:&quot;&quot;,&quot;count&quot;:&quot;1&quot;,&quot;legendonly&quot;:&quot;&quot;,&quot;readonly&quot;:&quot;&quot;,&quot;score&quot;:&quot;5&quot;,&quot;starsonly&quot;:&quot;&quot;,&quot;best&quot;:&quot;5&quot;,&quot;gap&quot;:&quot;5&quot;,&quot;greet&quot;:&quot;Rate this post&quot;,&quot;legend&quot;:&quot;5\\\/5 - (1 vote)&quot;,&quot;size&quot;:&quot;24&quot;,&quot;width&quot;:&quot;142.5&quot;,&quot;_legend&quot;:&quot;{score}\\\/{best} - ({count} {votes})&quot;,&quot;font_factor&quot;:&quot;1.25&quot;}'>\n            \n<div class=\"kksr-stars\">\n    \n<div class=\"kksr-stars-inactive\">\n            <div class=\"kksr-star\" data-star=\"1\" style=\"padding-right: 5px\">\n            \n\n<div class=\"kksr-icon\" style=\"width: 24px; height: 24px;\"><\/div>\n        <\/div>\n            <div class=\"kksr-star\" data-star=\"2\" style=\"padding-right: 5px\">\n            \n\n<div class=\"kksr-icon\" style=\"width: 24px; height: 24px;\"><\/div>\n        <\/div>\n            <div class=\"kksr-star\" data-star=\"3\" style=\"padding-right: 5px\">\n            \n\n<div class=\"kksr-icon\" style=\"width: 24px; height: 24px;\"><\/div>\n        <\/div>\n            <div class=\"kksr-star\" data-star=\"4\" style=\"padding-right: 5px\">\n            \n\n<div class=\"kksr-icon\" style=\"width: 24px; height: 24px;\"><\/div>\n        <\/div>\n            <div class=\"kksr-star\" data-star=\"5\" style=\"padding-right: 5px\">\n            \n\n<div class=\"kksr-icon\" style=\"width: 24px; height: 24px;\"><\/div>\n        <\/div>\n    <\/div>\n    \n<div class=\"kksr-stars-active\" style=\"width: 142.5px;\">\n            <div class=\"kksr-star\" style=\"padding-right: 5px\">\n            \n\n<div class=\"kksr-icon\" style=\"width: 24px; height: 24px;\"><\/div>\n        <\/div>\n            <div class=\"kksr-star\" style=\"padding-right: 5px\">\n            \n\n<div class=\"kksr-icon\" style=\"width: 24px; height: 24px;\"><\/div>\n        <\/div>\n            <div class=\"kksr-star\" style=\"padding-right: 5px\">\n            \n\n<div class=\"kksr-icon\" style=\"width: 24px; height: 24px;\"><\/div>\n        <\/div>\n            <div class=\"kksr-star\" style=\"padding-right: 5px\">\n            \n\n<div class=\"kksr-icon\" style=\"width: 24px; height: 24px;\"><\/div>\n        <\/div>\n            <div class=\"kksr-star\" style=\"padding-right: 5px\">\n            \n\n<div class=\"kksr-icon\" style=\"width: 24px; height: 24px;\"><\/div>\n        <\/div>\n    <\/div>\n<\/div>\n                \n\n<div class=\"kksr-legend\" style=\"font-size: 19.2px;\">\n            5\/5 - (1 vote)    <\/div>\n    <\/div>\n","protected":false},"excerpt":{"rendered":"<p>&#8211; Kwiaty na wiosn\u0119? Odkrywcze \u2013 tak Miranda Priestley z filmu \u201eDiabe\u0142 ubiera si\u0119 u Prady\u201d bezlito\u015bnie skomentowa\u0142a ten powracaj\u0105cy co sezon dese\u0144. Wiosn\u0105 tego opr\u00f3cz kwiat\u00f3w pojawi\u0105 si\u0119 te\u017c grochy, krata, paski \u2013 zar\u00f3wno po\u0142\u0105czone razem, jak i osobno \u2013 wszystkie chwyty dozwolone. Jakie modne wzory b\u0119d\u0105 widoczne na polskich ulicach \u2013 i jak je nosi\u0107?<\/p>\n","protected":false},"author":2,"featured_media":453,"comment_status":"open","ping_status":"open","sticky":false,"template":"","format":"standard","meta":[],"categories":[4],"tags":[33,7,32],"yoast_head":"<!-- This site is optimized with the Yoast SEO plugin v18.4.1 - https:\/\/yoast.com\/wordpress\/plugins\/seo\/ -->\n<title>Krata, grochy, paski\u2026 modne wzory na wiosn\u0119 i lato 2022! Jak je nosi\u0107? - Pakuten blog<\/title>\n<meta name=\"robots\" content=\"index, follow, max-snippet:-1, max-image-preview:large, max-video-preview:-1\" \/>\n<link rel=\"canonical\" href=\"https:\/\/pakuten.pl\/blog\/krata-grochy-paski-modne-wzory-wiosne-lato-2018-je-nosic\/\" \/>\n<meta property=\"og:locale\" content=\"pl_PL\" \/>\n<meta property=\"og:type\" content=\"article\" \/>\n<meta property=\"og:title\" content=\"Krata, grochy, paski\u2026 modne wzory na wiosn\u0119 i lato 2022! Jak je nosi\u0107? - Pakuten blog\" \/>\n<meta property=\"og:description\" content=\"- Kwiaty na wiosn\u0119? Odkrywcze \u2013 tak Miranda Priestley z filmu \u201eDiabe\u0142 ubiera si\u0119 u Prady\u201d bezlito\u015bnie skomentowa\u0142a ten powracaj\u0105cy co sezon dese\u0144. Wiosn\u0105 tego opr\u00f3cz kwiat\u00f3w pojawi\u0105 si\u0119 te\u017c grochy, krata, paski \u2013 zar\u00f3wno po\u0142\u0105czone razem, jak i osobno \u2013 wszystkie chwyty dozwolone. Jakie modne wzory b\u0119d\u0105 widoczne na polskich ulicach \u2013 i jak je nosi\u0107?\" \/>\n<meta property=\"og:url\" content=\"https:\/\/pakuten.pl\/blog\/krata-grochy-paski-modne-wzory-wiosne-lato-2018-je-nosic\/\" \/>\n<meta property=\"og:site_name\" content=\"Pakuten blog\" \/>\n<meta property=\"article:published_time\" content=\"2018-01-11T15:45:11+00:00\" \/>\n<meta property=\"article:modified_time\" content=\"2021-09-02T11:48:26+00:00\" \/>\n<meta property=\"og:image\" content=\"https:\/\/pakuten.pl\/blog\/wp-content\/uploads\/2018\/02\/AdobeStock_173526204.jpeg\" \/>\n\t<meta property=\"og:image:width\" content=\"1280\" \/>\n\t<meta property=\"og:image:height\" content=\"853\" \/>\n\t<meta property=\"og:image:type\" content=\"image\/jpeg\" \/>\n<meta name=\"twitter:card\" content=\"summary_large_image\" \/>\n<meta name=\"twitter:label1\" content=\"Napisane przez\" \/>\n\t<meta name=\"twitter:data1\" content=\"Malwina\" \/>\n\t<meta name=\"twitter:label2\" content=\"Szacowany czas czytania\" \/>\n\t<meta name=\"twitter:data2\" content=\"4 minuty\" \/>\n<script type=\"application\/ld+json\" class=\"yoast-schema-graph\">{\"@context\":\"https:\/\/schema.org\",\"@graph\":[{\"@type\":\"Organization\",\"@id\":\"https:\/\/pakuten.pl\/blog\/#organization\",\"name\":\"Pakuten\",\"url\":\"https:\/\/pakuten.pl\/blog\/\",\"sameAs\":[],\"logo\":{\"@type\":\"ImageObject\",\"@id\":\"https:\/\/pakuten.pl\/blog\/#logo\",\"inLanguage\":\"pl-PL\",\"url\":\"http:\/\/pakuten.pl\/blog\/wp-content\/uploads\/2018\/01\/pakuten_logo.png\",\"contentUrl\":\"http:\/\/pakuten.pl\/blog\/wp-content\/uploads\/2018\/01\/pakuten_logo.png\",\"width\":300,\"height\":120,\"caption\":\"Pakuten\"},\"image\":{\"@id\":\"https:\/\/pakuten.pl\/blog\/#logo\"}},{\"@type\":\"WebSite\",\"@id\":\"https:\/\/pakuten.pl\/blog\/#website\",\"url\":\"https:\/\/pakuten.pl\/blog\/\",\"name\":\"Pakuten blog\",\"description\":\"Blog sklepu internetowego pakuten.pl\",\"publisher\":{\"@id\":\"https:\/\/pakuten.pl\/blog\/#organization\"},\"potentialAction\":[{\"@type\":\"SearchAction\",\"target\":{\"@type\":\"EntryPoint\",\"urlTemplate\":\"https:\/\/pakuten.pl\/blog\/?s={search_term_string}\"},\"query-input\":\"required name=search_term_string\"}],\"inLanguage\":\"pl-PL\"},{\"@type\":\"ImageObject\",\"@id\":\"https:\/\/pakuten.pl\/blog\/krata-grochy-paski-modne-wzory-wiosne-lato-2018-je-nosic\/#primaryimage\",\"inLanguage\":\"pl-PL\",\"url\":\"https:\/\/pakuten.pl\/blog\/wp-content\/uploads\/2018\/02\/AdobeStock_173526204.jpeg\",\"contentUrl\":\"https:\/\/pakuten.pl\/blog\/wp-content\/uploads\/2018\/02\/AdobeStock_173526204.jpeg\",\"width\":1280,\"height\":853,\"caption\":\"Krata, grochy, paski\u2026 modne wzory na wiosn\u0119 i lato 2018! Jak je nosi\u0107?\"},{\"@type\":\"WebPage\",\"@id\":\"https:\/\/pakuten.pl\/blog\/krata-grochy-paski-modne-wzory-wiosne-lato-2018-je-nosic\/#webpage\",\"url\":\"https:\/\/pakuten.pl\/blog\/krata-grochy-paski-modne-wzory-wiosne-lato-2018-je-nosic\/\",\"name\":\"Krata, grochy, paski\u2026 modne wzory na wiosn\u0119 i lato 2022! Jak je nosi\u0107? - Pakuten blog\",\"isPartOf\":{\"@id\":\"https:\/\/pakuten.pl\/blog\/#website\"},\"primaryImageOfPage\":{\"@id\":\"https:\/\/pakuten.pl\/blog\/krata-grochy-paski-modne-wzory-wiosne-lato-2018-je-nosic\/#primaryimage\"},\"datePublished\":\"2018-01-11T15:45:11+00:00\",\"dateModified\":\"2021-09-02T11:48:26+00:00\",\"breadcrumb\":{\"@id\":\"https:\/\/pakuten.pl\/blog\/krata-grochy-paski-modne-wzory-wiosne-lato-2018-je-nosic\/#breadcrumb\"},\"inLanguage\":\"pl-PL\",\"potentialAction\":[{\"@type\":\"ReadAction\",\"target\":[\"https:\/\/pakuten.pl\/blog\/krata-grochy-paski-modne-wzory-wiosne-lato-2018-je-nosic\/\"]}]},{\"@type\":\"BreadcrumbList\",\"@id\":\"https:\/\/pakuten.pl\/blog\/krata-grochy-paski-modne-wzory-wiosne-lato-2018-je-nosic\/#breadcrumb\",\"itemListElement\":[{\"@type\":\"ListItem\",\"position\":1,\"name\":\"Strona g\u0142\u00f3wna\",\"item\":\"https:\/\/pakuten.pl\/blog\/\"},{\"@type\":\"ListItem\",\"position\":2,\"name\":\"Krata, grochy, paski\u2026 modne wzory na wiosn\u0119 i lato 2022! Jak je nosi\u0107?\"}]},{\"@type\":\"Article\",\"@id\":\"https:\/\/pakuten.pl\/blog\/krata-grochy-paski-modne-wzory-wiosne-lato-2018-je-nosic\/#article\",\"isPartOf\":{\"@id\":\"https:\/\/pakuten.pl\/blog\/krata-grochy-paski-modne-wzory-wiosne-lato-2018-je-nosic\/#webpage\"},\"author\":{\"@id\":\"https:\/\/pakuten.pl\/blog\/#\/schema\/person\/8d03059f8e6f83bab2553d9ff4517702\"},\"headline\":\"Krata, grochy, paski\u2026 modne wzory na wiosn\u0119 i lato 2022! Jak je nosi\u0107?\",\"datePublished\":\"2018-01-11T15:45:11+00:00\",\"dateModified\":\"2021-09-02T11:48:26+00:00\",\"mainEntityOfPage\":{\"@id\":\"https:\/\/pakuten.pl\/blog\/krata-grochy-paski-modne-wzory-wiosne-lato-2018-je-nosic\/#webpage\"},\"wordCount\":815,\"commentCount\":0,\"publisher\":{\"@id\":\"https:\/\/pakuten.pl\/blog\/#organization\"},\"image\":{\"@id\":\"https:\/\/pakuten.pl\/blog\/krata-grochy-paski-modne-wzory-wiosne-lato-2018-je-nosic\/#primaryimage\"},\"thumbnailUrl\":\"https:\/\/pakuten.pl\/blog\/wp-content\/uploads\/2018\/02\/AdobeStock_173526204.jpeg\",\"keywords\":[\"dese\u0144\",\"kolory\",\"modne wzory\"],\"articleSection\":[\"Tips&amp;Tricks\"],\"inLanguage\":\"pl-PL\",\"potentialAction\":[{\"@type\":\"CommentAction\",\"name\":\"Comment\",\"target\":[\"https:\/\/pakuten.pl\/blog\/krata-grochy-paski-modne-wzory-wiosne-lato-2018-je-nosic\/#respond\"]}]},{\"@type\":\"Person\",\"@id\":\"https:\/\/pakuten.pl\/blog\/#\/schema\/person\/8d03059f8e6f83bab2553d9ff4517702\",\"name\":\"Malwina\",\"image\":{\"@type\":\"ImageObject\",\"@id\":\"https:\/\/pakuten.pl\/blog\/#personlogo\",\"inLanguage\":\"pl-PL\",\"url\":\"https:\/\/secure.gravatar.com\/avatar\/b46f1be65c5d79f6186fe8f30ac2bf6f?s=96&d=mm&r=g\",\"contentUrl\":\"https:\/\/secure.gravatar.com\/avatar\/b46f1be65c5d79f6186fe8f30ac2bf6f?s=96&d=mm&r=g\",\"caption\":\"Malwina\"},\"url\":\"https:\/\/pakuten.pl\/blog\/author\/semahead\/\"}]}<\/script>\n<!-- \/ Yoast SEO plugin. -->","yoast_head_json":{"title":"Krata, grochy, paski\u2026 modne wzory na wiosn\u0119 i lato 2022! Jak je nosi\u0107? - Pakuten blog","robots":{"index":"index","follow":"follow","max-snippet":"max-snippet:-1","max-image-preview":"max-image-preview:large","max-video-preview":"max-video-preview:-1"},"canonical":"https:\/\/pakuten.pl\/blog\/krata-grochy-paski-modne-wzory-wiosne-lato-2018-je-nosic\/","og_locale":"pl_PL","og_type":"article","og_title":"Krata, grochy, paski\u2026 modne wzory na wiosn\u0119 i lato 2022! Jak je nosi\u0107? - Pakuten blog","og_description":"- Kwiaty na wiosn\u0119? Odkrywcze \u2013 tak Miranda Priestley z filmu \u201eDiabe\u0142 ubiera si\u0119 u Prady\u201d bezlito\u015bnie skomentowa\u0142a ten powracaj\u0105cy co sezon dese\u0144. Wiosn\u0105 tego opr\u00f3cz kwiat\u00f3w pojawi\u0105 si\u0119 te\u017c grochy, krata, paski \u2013 zar\u00f3wno po\u0142\u0105czone razem, jak i osobno \u2013 wszystkie chwyty dozwolone. Jakie modne wzory b\u0119d\u0105 widoczne na polskich ulicach \u2013 i jak je nosi\u0107?","og_url":"https:\/\/pakuten.pl\/blog\/krata-grochy-paski-modne-wzory-wiosne-lato-2018-je-nosic\/","og_site_name":"Pakuten blog","article_published_time":"2018-01-11T15:45:11+00:00","article_modified_time":"2021-09-02T11:48:26+00:00","og_image":[{"width":1280,"height":853,"url":"https:\/\/pakuten.pl\/blog\/wp-content\/uploads\/2018\/02\/AdobeStock_173526204.jpeg","type":"image\/jpeg"}],"twitter_card":"summary_large_image","twitter_misc":{"Napisane przez":"Malwina","Szacowany czas czytania":"4 minuty"},"schema":{"@context":"https:\/\/schema.org","@graph":[{"@type":"Organization","@id":"https:\/\/pakuten.pl\/blog\/#organization","name":"Pakuten","url":"https:\/\/pakuten.pl\/blog\/","sameAs":[],"logo":{"@type":"ImageObject","@id":"https:\/\/pakuten.pl\/blog\/#logo","inLanguage":"pl-PL","url":"http:\/\/pakuten.pl\/blog\/wp-content\/uploads\/2018\/01\/pakuten_logo.png","contentUrl":"http:\/\/pakuten.pl\/blog\/wp-content\/uploads\/2018\/01\/pakuten_logo.png","width":300,"height":120,"caption":"Pakuten"},"image":{"@id":"https:\/\/pakuten.pl\/blog\/#logo"}},{"@type":"WebSite","@id":"https:\/\/pakuten.pl\/blog\/#website","url":"https:\/\/pakuten.pl\/blog\/","name":"Pakuten blog","description":"Blog sklepu internetowego pakuten.pl","publisher":{"@id":"https:\/\/pakuten.pl\/blog\/#organization"},"potentialAction":[{"@type":"SearchAction","target":{"@type":"EntryPoint","urlTemplate":"https:\/\/pakuten.pl\/blog\/?s={search_term_string}"},"query-input":"required name=search_term_string"}],"inLanguage":"pl-PL"},{"@type":"ImageObject","@id":"https:\/\/pakuten.pl\/blog\/krata-grochy-paski-modne-wzory-wiosne-lato-2018-je-nosic\/#primaryimage","inLanguage":"pl-PL","url":"https:\/\/pakuten.pl\/blog\/wp-content\/uploads\/2018\/02\/AdobeStock_173526204.jpeg","contentUrl":"https:\/\/pakuten.pl\/blog\/wp-content\/uploads\/2018\/02\/AdobeStock_173526204.jpeg","width":1280,"height":853,"caption":"Krata, grochy, paski\u2026 modne wzory na wiosn\u0119 i lato 2018! Jak je nosi\u0107?"},{"@type":"WebPage","@id":"https:\/\/pakuten.pl\/blog\/krata-grochy-paski-modne-wzory-wiosne-lato-2018-je-nosic\/#webpage","url":"https:\/\/pakuten.pl\/blog\/krata-grochy-paski-modne-wzory-wiosne-lato-2018-je-nosic\/","name":"Krata, grochy, paski\u2026 modne wzory na wiosn\u0119 i lato 2022! Jak je nosi\u0107? - Pakuten blog","isPartOf":{"@id":"https:\/\/pakuten.pl\/blog\/#website"},"primaryImageOfPage":{"@id":"https:\/\/pakuten.pl\/blog\/krata-grochy-paski-modne-wzory-wiosne-lato-2018-je-nosic\/#primaryimage"},"datePublished":"2018-01-11T15:45:11+00:00","dateModified":"2021-09-02T11:48:26+00:00","breadcrumb":{"@id":"https:\/\/pakuten.pl\/blog\/krata-grochy-paski-modne-wzory-wiosne-lato-2018-je-nosic\/#breadcrumb"},"inLanguage":"pl-PL","potentialAction":[{"@type":"ReadAction","target":["https:\/\/pakuten.pl\/blog\/krata-grochy-paski-modne-wzory-wiosne-lato-2018-je-nosic\/"]}]},{"@type":"BreadcrumbList","@id":"https:\/\/pakuten.pl\/blog\/krata-grochy-paski-modne-wzory-wiosne-lato-2018-je-nosic\/#breadcrumb","itemListElement":[{"@type":"ListItem","position":1,"name":"Strona g\u0142\u00f3wna","item":"https:\/\/pakuten.pl\/blog\/"},{"@type":"ListItem","position":2,"name":"Krata, grochy, paski\u2026 modne wzory na wiosn\u0119 i lato 2022! Jak je nosi\u0107?"}]},{"@type":"Article","@id":"https:\/\/pakuten.pl\/blog\/krata-grochy-paski-modne-wzory-wiosne-lato-2018-je-nosic\/#article","isPartOf":{"@id":"https:\/\/pakuten.pl\/blog\/krata-grochy-paski-modne-wzory-wiosne-lato-2018-je-nosic\/#webpage"},"author":{"@id":"https:\/\/pakuten.pl\/blog\/#\/schema\/person\/8d03059f8e6f83bab2553d9ff4517702"},"headline":"Krata, grochy, paski\u2026 modne wzory na wiosn\u0119 i lato 2022! Jak je nosi\u0107?","datePublished":"2018-01-11T15:45:11+00:00","dateModified":"2021-09-02T11:48:26+00:00","mainEntityOfPage":{"@id":"https:\/\/pakuten.pl\/blog\/krata-grochy-paski-modne-wzory-wiosne-lato-2018-je-nosic\/#webpage"},"wordCount":815,"commentCount":0,"publisher":{"@id":"https:\/\/pakuten.pl\/blog\/#organization"},"image":{"@id":"https:\/\/pakuten.pl\/blog\/krata-grochy-paski-modne-wzory-wiosne-lato-2018-je-nosic\/#primaryimage"},"thumbnailUrl":"https:\/\/pakuten.pl\/blog\/wp-content\/uploads\/2018\/02\/AdobeStock_173526204.jpeg","keywords":["dese\u0144","kolory","modne wzory"],"articleSection":["Tips&amp;Tricks"],"inLanguage":"pl-PL","potentialAction":[{"@type":"CommentAction","name":"Comment","target":["https:\/\/pakuten.pl\/blog\/krata-grochy-paski-modne-wzory-wiosne-lato-2018-je-nosic\/#respond"]}]},{"@type":"Person","@id":"https:\/\/pakuten.pl\/blog\/#\/schema\/person\/8d03059f8e6f83bab2553d9ff4517702","name":"Malwina","image":{"@type":"ImageObject","@id":"https:\/\/pakuten.pl\/blog\/#personlogo","inLanguage":"pl-PL","url":"https:\/\/secure.gravatar.com\/avatar\/b46f1be65c5d79f6186fe8f30ac2bf6f?s=96&d=mm&r=g","contentUrl":"https:\/\/secure.gravatar.com\/avatar\/b46f1be65c5d79f6186fe8f30ac2bf6f?s=96&d=mm&r=g","caption":"Malwina"},"url":"https:\/\/pakuten.pl\/blog\/author\/semahead\/"}]}},"_links":{"self":[{"href":"https:\/\/pakuten.pl\/blog\/wp-json\/wp\/v2\/posts\/451"}],"collection":[{"href":"https:\/\/pakuten.pl\/blog\/wp-json\/wp\/v2\/posts"}],"about":[{"href":"https:\/\/pakuten.pl\/blog\/wp-json\/wp\/v2\/types\/post"}],"author":[{"embeddable":true,"href":"https:\/\/pakuten.pl\/blog\/wp-json\/wp\/v2\/users\/2"}],"replies":[{"embeddable":true,"href":"https:\/\/pakuten.pl\/blog\/wp-json\/wp\/v2\/comments?post=451"}],"version-history":[{"count":10,"href":"https:\/\/pakuten.pl\/blog\/wp-json\/wp\/v2\/posts\/451\/revisions"}],"predecessor-version":[{"id":5315,"href":"https:\/\/pakuten.pl\/blog\/wp-json\/wp\/v2\/posts\/451\/revisions\/5315"}],"wp:featuredmedia":[{"embeddable":true,"href":"https:\/\/pakuten.pl\/blog\/wp-json\/wp\/v2\/media\/453"}],"wp:attachment":[{"href":"https:\/\/pakuten.pl\/blog\/wp-json\/wp\/v2\/media?parent=451"}],"wp:term":[{"taxonomy":"category","embeddable":true,"href":"https:\/\/pakuten.pl\/blog\/wp-json\/wp\/v2\/categories?post=451"},{"taxonomy":"post_tag","embeddable":true,"href":"https:\/\/pakuten.pl\/blog\/wp-json\/wp\/v2\/tags?post=451"}],"curies":[{"name":"wp","href":"https:\/\/api.w.org\/{rel}","templated":true}]}}