{"id":4521,"date":"2023-08-17T13:12:00","date_gmt":"2023-08-17T11:12:00","guid":{"rendered":"http:\/\/pakuten.pl\/blog\/?p=4521"},"modified":"2023-08-17T12:26:03","modified_gmt":"2023-08-17T10:26:03","slug":"co-zalozyc-do-szkoly-przygotuj-sie-na-wrzesien","status":"publish","type":"post","link":"https:\/\/pakuten.pl\/blog\/co-zalozyc-do-szkoly-przygotuj-sie-na-wrzesien\/","title":{"rendered":"Co za\u0142o\u017cy\u0107 do szko\u0142y? Przygotuj si\u0119 na wrzesie\u0144."},"content":{"rendered":"\n<p><strong>Ka\u017cda dziewczyna chce na lekcjach i w\u015br\u00f3d r\u00f3wie\u015bnik\u00f3w czu\u0107 si\u0119 swobodnie i stylowo. Teraz kiedy trendy wracaj\u0105 , zmieniaj\u0105 si\u0119 cie\u017cko jest nad\u0105\u017cy\u0107 , koniecznie musisz zaobserwowa\u0107 nowe trendy .Dlatego podpowiadamy co za\u0142o\u017cy\u0107 do szko\u0142y, by tak by\u0142o. Oto kilka stylizacji, kt\u00f3re u\u0142atwi\u0105 Ci poranne przygotowania.\u00a0<\/strong><\/p>\n<h2><span style=\"color: #ff9900;\">Na luzie<\/span><\/h2>\n<p>Na luzie nie zawsze oznacza rozci\u0105gni\u0119tych i za du\u017cych ubra\u0144. W odpowiednio dobranych <strong>dresach lub sukience sportowej<\/strong> mo\u017cna wygl\u0105da\u0107 stylowo! Dzi\u0119ki kompletom sportowym w kilka chwil b\u0119dziesz gotowa do szko\u0142y i na pewno si\u0119 nie sp\u00f3\u017anisz \ud83d\ude09<strong> G\u0142adko zaczesane w\u0142osy w kucyk<\/strong> b\u0119d\u0105 idealnym uzupe\u0142nieniem ca\u0142ej styl\u00f3wki. Jakie kolory? Do szko\u0142y <strong>wybieraj raczej kolory stonowane<\/strong>, nie neonowe, w kolorach ziemi lub szaro\u015bci. Genialnym rozwi\u0105zaniem b\u0119dzie <strong>rozpinana bluza<\/strong>, kt\u00f3r\u0105 rozepniesz, gdy poczujesz, \u017ce jest Ci w klasie gor\u0105co. Bardzo fajna propozycj\u0105 jest te\u017c <strong>sportowa sukienka<\/strong>. Idealna dla dziewczyny ceni\u0105cej sobie komfort, ale i lubi\u0105cej doda\u0107 do stylizacji <strong>nutk\u0119 elegancji<\/strong>.<\/p>\n<div class=\"product-box-container\">\r\n<div class=\"one_third \" style=\"\">\r\n<div class=\"product-box\">\r\n<a href=\"https:\/\/pakuten.pl\/30143-68483-komplet-dresowy-ze-stojka-leitta-latte-latte.html\" target=\"_blank\">\r\n <img src=\"https:\/\/media.pakuten.pl\/185628-large_default\/komplet-dresowy-ze-stojka-leitta-latte.jpg\" alt=\"Komplet dresowy ze st\u00f3jk\u0105 Leitta - latte\"\/>\r\n<\/a>\r\n<p>\r\n<a href=\"https:\/\/pakuten.pl\/30143-68483-komplet-dresowy-ze-stojka-leitta-latte-latte.html\" target=\"_blank\">\r\nKomplet dresowy ze st\u00f3jk\u0105 Leitta - latte\r\n<\/a><\/p>\r\n  <p>Cena: 69,99\u00a0z\u0142<\/p>\r\n<a href=\"https:\/\/pakuten.pl\/30143-68483-komplet-dresowy-ze-stojka-leitta-latte-latte.html\" target=\"_blank\" class=\"button\">\r\nZobacz w sklepie\r\n<\/a>\r\n<\/div>\r\n<\/div>\r\n<div class=\"one_third \" style=\"\">\r\n<div class=\"product-box\">\r\n<a href=\"https:\/\/pakuten.pl\/28031-66051-czarny-komplet-logowana-bluza-i-legginsy-chrissa-czarny.html\" target=\"_blank\">\r\n  <img src=\"https:\/\/media.pakuten.pl\/175188-large_default\/czarny-komplet-logowana-bluza-i-legginsy-chrissa.jpg\" alt=\"Czarny komplet logowana bluza i legginsy Chrissa\"\/>\r\n<\/a>\r\n<p>\r\n<a href=\"https:\/\/pakuten.pl\/28031-66051-czarny-komplet-logowana-bluza-i-legginsy-chrissa-czarny.html\" target=\"_blank\">\r\nCzarny komplet logowana bluza i legginsy Chrissa\r\n<\/a><\/p>\r\n  <p>Cena: 241,86\u00a0z\u0142<\/p>\r\n<a href=\"https:\/\/pakuten.pl\/28031-66051-czarny-komplet-logowana-bluza-i-legginsy-chrissa-czarny.html\" target=\"_blank\" class=\"button\">\r\nZobacz w sklepie\r\n<\/a>\r\n<\/div>\r\n<\/div>\r\n<div class=\"one_third last \" style=\"\">\r\n<div class=\"product-box\">\r\n<a href=\"https:\/\/pakuten.pl\/30334-68782-czekoladowy-dwukolorowy-komplet-dresowy-marlou-czekoladowy.html\" target=\"_blank\">\r\n  <img src=\"https:\/\/media.pakuten.pl\/186446-large_default\/czekoladowy-dwukolorowy-komplet-dresowy-marlou.jpg\" alt=\"Czekoladowy dwukolorowy komplet dresowy Marlou\"\/>\r\n<\/a>\r\n<p>\r\n<a href=\"https:\/\/pakuten.pl\/30334-68782-czekoladowy-dwukolorowy-komplet-dresowy-marlou-czekoladowy.html\" target=\"_blank\">\r\nCzekoladowy dwukolorowy komplet dresowy Marlou\r\n<\/a><\/p>\r\n  <p>Cena: 230,29\u00a0z\u0142<\/p>\r\n<a href=\"https:\/\/pakuten.pl\/30334-68782-czekoladowy-dwukolorowy-komplet-dresowy-marlou-czekoladowy.html\" target=\"_blank\" class=\"button\">\r\nZobacz w sklepie\r\n<\/a>\r\n<\/div>\r\n<\/div><br class=\"clear\"\/>\r\n<\/div>\n<h2><span style=\"color: #ff9900;\">Stylizacja nr 2 &#8211; sweterek i sp\u00f3dniczka\u00a0<\/span><\/h2>\n<p><strong>Oversizowy sweterek<\/strong> b\u0119dzie genialnie wygl\u0105da\u0142 w po\u0142\u0105czeniu z prost\u0105, <strong>g\u0142adk\u0105 bluzk\u0105 oraz kwiecist\u0105 sp\u00f3dniczk\u0105<\/strong>. Taka o rozkloszowanym kroju doda Ci dziewcz\u0119cego uroku. <strong>Bia\u0142e tenis\u00f3wki<\/strong> lub sportowe obuwie b\u0119d\u0105 idealne do tego stroju, ale r\u00f3wnie\u017c id\u0105c p\u00f3\u017aniej na spotkanie z klas\u0105 , do kawiarni, czy do kina, b\u0119dziesz mog\u0142a sobie pozwoli\u0107 na <strong>delikatn\u0105 szpilk\u0119<\/strong>. Taki look sprawi, \u017ce b\u0119dziesz wygl\u0105da\u0107 \u015bwie\u017co i modnie.\u00a0<\/p>\n<div class=\"product-box-container\">\r\n<div class=\"one_third \" style=\"\">\r\n<div class=\"product-box\">\r\n<a href=\"https:\/\/pakuten.pl\/33165-73559-spodnica-z-ozdobnymi-guzikami-i-rozcieciem-lerkoo-jeans-jeans.html\" target=\"_blank\">\r\n <img src=\"https:\/\/media.pakuten.pl\/199921-large_default\/spodnica-z-ozdobnymi-guzikami-i-rozcieciem-lerkoo-jeans.jpg\" alt=\"Sp\u00f3dnica z ozdobnymi guzikami i rozci\u0119ciem Lerkoo - jeans\"\/>\r\n<\/a>\r\n<p>\r\n<a href=\"https:\/\/pakuten.pl\/33165-73559-spodnica-z-ozdobnymi-guzikami-i-rozcieciem-lerkoo-jeans-jeans.html\" target=\"_blank\">\r\nSp\u00f3dnica z ozdobnymi guzikami i rozci\u0119ciem Lerkoo - jeans\r\n<\/a><\/p>\r\n  <p>Cena: 102,89\u00a0z\u0142<\/p>\r\n<a href=\"https:\/\/pakuten.pl\/33165-73559-spodnica-z-ozdobnymi-guzikami-i-rozcieciem-lerkoo-jeans-jeans.html\" target=\"_blank\" class=\"button\">\r\nZobacz w sklepie\r\n<\/a>\r\n<\/div>\r\n<\/div>\r\n<div class=\"one_third \" style=\"\">\r\n<div class=\"product-box\">\r\n<a href=\"https:\/\/pakuten.pl\/23519-70246-jasnobezowa-asymetryczna-spodniczka-niccole-odcienie-brazu.html\" target=\"_blank\">\r\n  <img src=\"https:\/\/media.pakuten.pl\/178636-large_default\/jasnobezowa-asymetryczna-spodniczka-niccole.jpg\" alt=\"Asymetryczna sp\u00f3dniczka Niccole - odcienie br\u0105zu\"\/>\r\n<\/a>\r\n<p>\r\n<a href=\"https:\/\/pakuten.pl\/23519-70246-jasnobezowa-asymetryczna-spodniczka-niccole-odcienie-brazu.html\" target=\"_blank\">\r\nAsymetryczna sp\u00f3dniczka Niccole - odcienie br\u0105zu\r\n<\/a><\/p>\r\n  <p>Cena: 81,19\u00a0z\u0142<\/p>\r\n<a href=\"https:\/\/pakuten.pl\/23519-70246-jasnobezowa-asymetryczna-spodniczka-niccole-odcienie-brazu.html\" target=\"_blank\" class=\"button\">\r\nZobacz w sklepie\r\n<\/a>\r\n<\/div>\r\n<\/div>\r\n<div class=\"one_third last \" style=\"\">\r\n<div class=\"product-box\">\r\n<a href=\"https:\/\/pakuten.pl\/33166-73566-ola-czarny.html\" target=\"_blank\">\r\n  <img src=\"https:\/\/media.pakuten.pl\/199931-large_default\/ola.jpg\" alt=\"Czarna jeansowa sp\u00f3dnica z ozdobnymi guzikami i rozci\u0119ciem Lerkoo\"\/>\r\n<\/a>\r\n<p>\r\n<a href=\"https:\/\/pakuten.pl\/33166-73566-ola-czarny.html\" target=\"_blank\">\r\nCzarna jeansowa sp\u00f3dnica z ozdobnymi guzikami i rozci\u0119ciem Lerkoo\r\n<\/a><\/p>\r\n  <p>Cena: 102,89\u00a0z\u0142<\/p>\r\n<a href=\"https:\/\/pakuten.pl\/33166-73566-ola-czarny.html\" target=\"_blank\" class=\"button\">\r\nZobacz w sklepie\r\n<\/a>\r\n<\/div>\r\n<\/div><br class=\"clear\"\/>\r\n<\/div>\n<h2><span style=\"color: #ff9900;\">Klasycznie, ale wygodnie<\/span><\/h2>\n<p><strong>Nie wyobra\u017casz sobie dnia bez spodni jeansowych?<\/strong> Na pewno nie tylko Ty ! Dziewczyny kochaj\u0105 ten rodzaj spodni i \u015bwietnie si\u0119 w nim czuj\u0105. Ostatnio wielkim powodzeniem ciesz\u0105 si\u0119 <strong>spodnie dzwony<\/strong>. Nawi\u0105zuj\u0105 wyra\u017anie do stylu <strong>hippie<\/strong>. Je\u015bli jednak wolisz dopasowane, wybierz <strong>rurki<\/strong> <strong>z elastycznego materia\u0142u<\/strong>, kt\u00f3re podkre\u015bl\u0105 atuty Twojej sylwetki. Na g\u00f3r\u0119 proponujemy <strong>t-shirt<\/strong>. G\u0142adki, bez \u017cadnych zdobie\u0144, albo z nadrukiem czy napisami. W ch\u0142odniejsze dni miej pod r\u0119k\u0105 wk\u0142adan\u0105 bluz\u0119 z kapturem, lub <strong>sweterek zapinany na guziki lub kardigan<\/strong>.\u00a0<\/p>\n<blockquote class=\"instagram-media\" style=\"background: #FFF; border: 0; border-radius: 3px; box-shadow: 0 0 1px 0 rgba(0,0,0,0.5),0 1px 10px 0 rgba(0,0,0,0.15); margin: 1px; max-width: 540px; min-width: 326px; padding: 0; width: calc(100% - 2px);\" data-instgrm-permalink=\"https:\/\/www.instagram.com\/reel\/Cvt-Ry5AhaA\/?utm_source=ig_embed&amp;utm_campaign=loading\" data-instgrm-version=\"14\">\n<div style=\"padding: 16px;\">\n<div style=\"display: flex; flex-direction: row; align-items: center;\">\n<div style=\"background-color: #f4f4f4; border-radius: 50%; flex-grow: 0; height: 40px; margin-right: 14px; width: 40px;\">\u00a0<\/div>\n<div style=\"display: flex; flex-direction: column; flex-grow: 1; justify-content: center;\">\n<div style=\"background-color: #f4f4f4; border-radius: 4px; flex-grow: 0; height: 14px; margin-bottom: 6px; width: 100px;\">\u00a0<\/div>\n<div style=\"background-color: #f4f4f4; border-radius: 4px; flex-grow: 0; height: 14px; width: 60px;\">\u00a0<\/div>\n<\/div>\n<\/div>\n<div style=\"padding: 19% 0;\">\u00a0<\/div>\n<div style=\"display: block; height: 50px; margin: 0 auto 12px; width: 50px;\">\u00a0<\/div>\n<div style=\"padding-top: 8px;\">\n<div style=\"color: #3897f0; font-family: Arial,sans-serif; font-size: 14px; font-style: normal; font-weight: 550; line-height: 18px;\">Wy\u015bwietl ten post na Instagramie<\/div>\n<\/div>\n<div style=\"padding: 12.5% 0;\">\u00a0<\/div>\n<div style=\"display: flex; flex-direction: row; margin-bottom: 14px; align-items: center;\">\n<div>\n<div style=\"background-color: #f4f4f4; border-radius: 50%; height: 12.5px; width: 12.5px; transform: translateX(0px) translateY(7px);\">\u00a0<\/div>\n<div style=\"background-color: #f4f4f4; height: 12.5px; transform: rotate(-45deg) translateX(3px) translateY(1px); width: 12.5px; flex-grow: 0; margin-right: 14px; margin-left: 2px;\">\u00a0<\/div>\n<div style=\"background-color: #f4f4f4; border-radius: 50%; height: 12.5px; width: 12.5px; transform: translateX(9px) translateY(-18px);\">\u00a0<\/div>\n<\/div>\n<div style=\"margin-left: 8px;\">\n<div style=\"background-color: #f4f4f4; border-radius: 50%; flex-grow: 0; height: 20px; width: 20px;\">\u00a0<\/div>\n<div style=\"width: 0; height: 0; border-top: 2px solid transparent; border-left: 6px solid #f4f4f4; border-bottom: 2px solid transparent; transform: translateX(16px) translateY(-4px) rotate(30deg);\">\u00a0<\/div>\n<\/div>\n<div style=\"margin-left: auto;\">\n<div style=\"width: 0px; border-top: 8px solid #F4F4F4; border-right: 8px solid transparent; transform: translateY(16px);\">\u00a0<\/div>\n<div style=\"background-color: #f4f4f4; flex-grow: 0; height: 12px; width: 16px; transform: translateY(-4px);\">\u00a0<\/div>\n<div style=\"width: 0; height: 0; border-top: 8px solid #F4F4F4; border-left: 8px solid transparent; transform: translateY(-4px) translateX(8px);\">\u00a0<\/div>\n<\/div>\n<\/div>\n<div style=\"display: flex; flex-direction: column; flex-grow: 1; justify-content: center; margin-bottom: 24px;\">\n<div style=\"background-color: #f4f4f4; border-radius: 4px; flex-grow: 0; height: 14px; margin-bottom: 6px; width: 224px;\">\u00a0<\/div>\n<div style=\"background-color: #f4f4f4; border-radius: 4px; flex-grow: 0; height: 14px; width: 144px;\">\u00a0<\/div>\n<\/div>\n<p style=\"color: #c9c8cd; font-family: Arial,sans-serif; font-size: 14px; line-height: 17px; margin-bottom: 0; margin-top: 8px; overflow: hidden; padding: 8px 0 7px; text-align: center; text-overflow: ellipsis; white-space: nowrap;\"><a style=\"color: #c9c8cd; font-family: Arial,sans-serif; font-size: 14px; font-style: normal; font-weight: normal; line-height: 17px; text-decoration: none;\" href=\"https:\/\/www.instagram.com\/reel\/Cvt-Ry5AhaA\/?utm_source=ig_embed&amp;utm_campaign=loading\" target=\"_blank\" rel=\"noopener\">Post udost\u0119pniony przez Pakuten.pl \u2022 Modna i tania odzie\u017c damska (@pakuten.official)<\/a><\/p>\n<\/div>\n<\/blockquote>\n<p><script async src=\"\/\/www.instagram.com\/embed.js\"><\/script><\/p>\n<p>Bez wzgl\u0119du na to na jaki styl Ty si\u0119 zdecydujesz, b\u0105d\u017a pewna siebie, nie martw si\u0119, je\u015bli nie sta\u0107 Ci\u0119 na firmowe ubrania, z metkami znanych marek. R\u00f3wnie fajnie i modnie mo\u017cna ubra\u0107 si\u0119, kupuj\u0105c w ta\u0144szych butikach. Sprawd\u017a\u00a0<span style=\"color: #ff9900;\"><a style=\"color: #ff9900;\" href=\"https:\/\/pakuten.pl\/55-wyprzedaz\" target=\"_blank\" rel=\"noopener\">wyprzeda\u017ce<\/a> <\/span>online i upoluj prawdziwe pere\u0142ki.<\/p>\n\n\n<div class=\"kk-star-ratings kksr-auto kksr-align-right kksr-valign-bottom\"\n    data-payload='{&quot;align&quot;:&quot;right&quot;,&quot;id&quot;:&quot;4521&quot;,&quot;slug&quot;:&quot;default&quot;,&quot;valign&quot;:&quot;bottom&quot;,&quot;ignore&quot;:&quot;&quot;,&quot;reference&quot;:&quot;auto&quot;,&quot;class&quot;:&quot;&quot;,&quot;count&quot;:&quot;1703&quot;,&quot;legendonly&quot;:&quot;&quot;,&quot;readonly&quot;:&quot;&quot;,&quot;score&quot;:&quot;1&quot;,&quot;starsonly&quot;:&quot;&quot;,&quot;best&quot;:&quot;5&quot;,&quot;gap&quot;:&quot;5&quot;,&quot;greet&quot;:&quot;Rate this post&quot;,&quot;legend&quot;:&quot;1\\\/5 - (1703 votes)&quot;,&quot;size&quot;:&quot;24&quot;,&quot;width&quot;:&quot;26.5&quot;,&quot;_legend&quot;:&quot;{score}\\\/{best} - ({count} {votes})&quot;,&quot;font_factor&quot;:&quot;1.25&quot;}'>\n            \n<div class=\"kksr-stars\">\n    \n<div class=\"kksr-stars-inactive\">\n            <div class=\"kksr-star\" data-star=\"1\" style=\"padding-right: 5px\">\n            \n\n<div class=\"kksr-icon\" style=\"width: 24px; height: 24px;\"><\/div>\n        <\/div>\n            <div class=\"kksr-star\" data-star=\"2\" style=\"padding-right: 5px\">\n            \n\n<div class=\"kksr-icon\" style=\"width: 24px; height: 24px;\"><\/div>\n        <\/div>\n            <div class=\"kksr-star\" data-star=\"3\" style=\"padding-right: 5px\">\n            \n\n<div class=\"kksr-icon\" style=\"width: 24px; height: 24px;\"><\/div>\n        <\/div>\n            <div class=\"kksr-star\" data-star=\"4\" style=\"padding-right: 5px\">\n            \n\n<div class=\"kksr-icon\" style=\"width: 24px; height: 24px;\"><\/div>\n        <\/div>\n            <div class=\"kksr-star\" data-star=\"5\" style=\"padding-right: 5px\">\n            \n\n<div class=\"kksr-icon\" style=\"width: 24px; height: 24px;\"><\/div>\n        <\/div>\n    <\/div>\n    \n<div class=\"kksr-stars-active\" style=\"width: 26.5px;\">\n            <div class=\"kksr-star\" style=\"padding-right: 5px\">\n            \n\n<div class=\"kksr-icon\" style=\"width: 24px; height: 24px;\"><\/div>\n        <\/div>\n            <div class=\"kksr-star\" style=\"padding-right: 5px\">\n            \n\n<div class=\"kksr-icon\" style=\"width: 24px; height: 24px;\"><\/div>\n        <\/div>\n            <div class=\"kksr-star\" style=\"padding-right: 5px\">\n            \n\n<div class=\"kksr-icon\" style=\"width: 24px; height: 24px;\"><\/div>\n        <\/div>\n            <div class=\"kksr-star\" style=\"padding-right: 5px\">\n            \n\n<div class=\"kksr-icon\" style=\"width: 24px; height: 24px;\"><\/div>\n        <\/div>\n            <div class=\"kksr-star\" style=\"padding-right: 5px\">\n            \n\n<div class=\"kksr-icon\" style=\"width: 24px; height: 24px;\"><\/div>\n        <\/div>\n    <\/div>\n<\/div>\n                \n\n<div class=\"kksr-legend\" style=\"font-size: 19.2px;\">\n            1\/5 - (1703 votes)    <\/div>\n    <\/div>\n","protected":false},"excerpt":{"rendered":"<p>Ka\u017cda dziewczyna chce na lekcjach i w\u015br\u00f3d r\u00f3wie\u015bnik\u00f3w czu\u0107 si\u0119 swobodnie i stylowo. Teraz kiedy trendy wracaj\u0105 , zmieniaj\u0105 si\u0119 cie\u017cko jest nad\u0105\u017cy\u0107 , koniecznie musisz zaobserwowa\u0107 nowe trendy .Dlatego podpowiadamy co za\u0142o\u017cy\u0107 do szko\u0142y, by tak by\u0142o. Oto kilka stylizacji, kt\u00f3re u\u0142atwi\u0105 Ci poranne przygotowania.\u00a0<\/p>\n","protected":false},"author":3,"featured_media":7808,"comment_status":"open","ping_status":"open","sticky":false,"template":"","format":"standard","meta":[],"categories":[4],"tags":[],"yoast_head":"<!-- This site is optimized with the Yoast SEO plugin v18.4.1 - https:\/\/yoast.com\/wordpress\/plugins\/seo\/ -->\n<title>Co za\u0142o\u017cy\u0107 do szko\u0142y? Przygotuj si\u0119 na wrzesie\u0144. - Pakuten blog<\/title>\n<meta name=\"description\" content=\"Ka\u017cda dziewczyna chce na lekcjach i w\u015br\u00f3d r\u00f3wie\u015bnik\u00f3w czu\u0107 si\u0119 swobodnie i stylowo. Teraz kiedy trendy wracaj\u0105 , zmieniaj\u0105 si\u0119 cie\u017cko jest nad\u0105\u017cy\u0107 , koniecznie musisz zaobserwowa\u0107 nowe trendy .Dlatego podpowiadamy co za\u0142o\u017cy\u0107 do szko\u0142y, by tak by\u0142o. Oto kilka stylizacji, kt\u00f3re u\u0142atwi\u0105 Ci poranne przygotowania.\u00a0\" \/>\n<meta name=\"robots\" content=\"index, follow, max-snippet:-1, max-image-preview:large, max-video-preview:-1\" \/>\n<link rel=\"canonical\" href=\"https:\/\/pakuten.pl\/blog\/co-zalozyc-do-szkoly-przygotuj-sie-na-wrzesien\/\" \/>\n<meta property=\"og:locale\" content=\"pl_PL\" \/>\n<meta property=\"og:type\" content=\"article\" \/>\n<meta property=\"og:title\" content=\"Co za\u0142o\u017cy\u0107 do szko\u0142y? Przygotuj si\u0119 na wrzesie\u0144. - Pakuten blog\" \/>\n<meta property=\"og:description\" content=\"Ka\u017cda dziewczyna chce na lekcjach i w\u015br\u00f3d r\u00f3wie\u015bnik\u00f3w czu\u0107 si\u0119 swobodnie i stylowo. Teraz kiedy trendy wracaj\u0105 , zmieniaj\u0105 si\u0119 cie\u017cko jest nad\u0105\u017cy\u0107 , koniecznie musisz zaobserwowa\u0107 nowe trendy .Dlatego podpowiadamy co za\u0142o\u017cy\u0107 do szko\u0142y, by tak by\u0142o. Oto kilka stylizacji, kt\u00f3re u\u0142atwi\u0105 Ci poranne przygotowania.\u00a0\" \/>\n<meta property=\"og:url\" content=\"https:\/\/pakuten.pl\/blog\/co-zalozyc-do-szkoly-przygotuj-sie-na-wrzesien\/\" \/>\n<meta property=\"og:site_name\" content=\"Pakuten blog\" \/>\n<meta property=\"article:published_time\" content=\"2023-08-17T11:12:00+00:00\" \/>\n<meta property=\"article:modified_time\" content=\"2023-08-17T10:26:03+00:00\" \/>\n<meta property=\"og:image\" content=\"https:\/\/pakuten.pl\/blog\/wp-content\/uploads\/2021\/08\/Co-zaloz\u0307yc\u0301-do-szkoly-Przygotuj-sie\u0328-na-wrzesien\u0301..jpg\" \/>\n\t<meta property=\"og:image:width\" content=\"1352\" \/>\n\t<meta property=\"og:image:height\" content=\"901\" \/>\n\t<meta property=\"og:image:type\" content=\"image\/jpeg\" \/>\n<meta name=\"twitter:card\" content=\"summary_large_image\" \/>\n<meta name=\"twitter:label1\" content=\"Napisane przez\" \/>\n\t<meta name=\"twitter:data1\" content=\"Pakuten Girl\" \/>\n\t<meta name=\"twitter:label2\" content=\"Szacowany czas czytania\" \/>\n\t<meta name=\"twitter:data2\" content=\"3 minuty\" \/>\n<script type=\"application\/ld+json\" class=\"yoast-schema-graph\">{\"@context\":\"https:\/\/schema.org\",\"@graph\":[{\"@type\":\"Organization\",\"@id\":\"https:\/\/pakuten.pl\/blog\/#organization\",\"name\":\"Pakuten\",\"url\":\"https:\/\/pakuten.pl\/blog\/\",\"sameAs\":[],\"logo\":{\"@type\":\"ImageObject\",\"@id\":\"https:\/\/pakuten.pl\/blog\/#logo\",\"inLanguage\":\"pl-PL\",\"url\":\"http:\/\/pakuten.pl\/blog\/wp-content\/uploads\/2018\/01\/pakuten_logo.png\",\"contentUrl\":\"http:\/\/pakuten.pl\/blog\/wp-content\/uploads\/2018\/01\/pakuten_logo.png\",\"width\":300,\"height\":120,\"caption\":\"Pakuten\"},\"image\":{\"@id\":\"https:\/\/pakuten.pl\/blog\/#logo\"}},{\"@type\":\"WebSite\",\"@id\":\"https:\/\/pakuten.pl\/blog\/#website\",\"url\":\"https:\/\/pakuten.pl\/blog\/\",\"name\":\"Pakuten blog\",\"description\":\"Blog sklepu internetowego pakuten.pl\",\"publisher\":{\"@id\":\"https:\/\/pakuten.pl\/blog\/#organization\"},\"potentialAction\":[{\"@type\":\"SearchAction\",\"target\":{\"@type\":\"EntryPoint\",\"urlTemplate\":\"https:\/\/pakuten.pl\/blog\/?s={search_term_string}\"},\"query-input\":\"required name=search_term_string\"}],\"inLanguage\":\"pl-PL\"},{\"@type\":\"ImageObject\",\"@id\":\"https:\/\/pakuten.pl\/blog\/co-zalozyc-do-szkoly-przygotuj-sie-na-wrzesien\/#primaryimage\",\"inLanguage\":\"pl-PL\",\"url\":\"https:\/\/pakuten.pl\/blog\/wp-content\/uploads\/2021\/08\/Co-zaloz\u0307yc\u0301-do-szkoly-Przygotuj-sie\u0328-na-wrzesien\u0301..jpg\",\"contentUrl\":\"https:\/\/pakuten.pl\/blog\/wp-content\/uploads\/2021\/08\/Co-zaloz\u0307yc\u0301-do-szkoly-Przygotuj-sie\u0328-na-wrzesien\u0301..jpg\",\"width\":1352,\"height\":901},{\"@type\":\"WebPage\",\"@id\":\"https:\/\/pakuten.pl\/blog\/co-zalozyc-do-szkoly-przygotuj-sie-na-wrzesien\/#webpage\",\"url\":\"https:\/\/pakuten.pl\/blog\/co-zalozyc-do-szkoly-przygotuj-sie-na-wrzesien\/\",\"name\":\"Co za\u0142o\u017cy\u0107 do szko\u0142y? Przygotuj si\u0119 na wrzesie\u0144. - Pakuten blog\",\"isPartOf\":{\"@id\":\"https:\/\/pakuten.pl\/blog\/#website\"},\"primaryImageOfPage\":{\"@id\":\"https:\/\/pakuten.pl\/blog\/co-zalozyc-do-szkoly-przygotuj-sie-na-wrzesien\/#primaryimage\"},\"datePublished\":\"2023-08-17T11:12:00+00:00\",\"dateModified\":\"2023-08-17T10:26:03+00:00\",\"description\":\"Ka\u017cda dziewczyna chce na lekcjach i w\u015br\u00f3d r\u00f3wie\u015bnik\u00f3w czu\u0107 si\u0119 swobodnie i stylowo. Teraz kiedy trendy wracaj\u0105 , zmieniaj\u0105 si\u0119 cie\u017cko jest nad\u0105\u017cy\u0107 , koniecznie musisz zaobserwowa\u0107 nowe trendy .Dlatego podpowiadamy co za\u0142o\u017cy\u0107 do szko\u0142y, by tak by\u0142o. Oto kilka stylizacji, kt\u00f3re u\u0142atwi\u0105 Ci poranne przygotowania.\u00a0\",\"breadcrumb\":{\"@id\":\"https:\/\/pakuten.pl\/blog\/co-zalozyc-do-szkoly-przygotuj-sie-na-wrzesien\/#breadcrumb\"},\"inLanguage\":\"pl-PL\",\"potentialAction\":[{\"@type\":\"ReadAction\",\"target\":[\"https:\/\/pakuten.pl\/blog\/co-zalozyc-do-szkoly-przygotuj-sie-na-wrzesien\/\"]}]},{\"@type\":\"BreadcrumbList\",\"@id\":\"https:\/\/pakuten.pl\/blog\/co-zalozyc-do-szkoly-przygotuj-sie-na-wrzesien\/#breadcrumb\",\"itemListElement\":[{\"@type\":\"ListItem\",\"position\":1,\"name\":\"Strona g\u0142\u00f3wna\",\"item\":\"https:\/\/pakuten.pl\/blog\/\"},{\"@type\":\"ListItem\",\"position\":2,\"name\":\"Co za\u0142o\u017cy\u0107 do szko\u0142y? Przygotuj si\u0119 na wrzesie\u0144.\"}]},{\"@type\":\"Article\",\"@id\":\"https:\/\/pakuten.pl\/blog\/co-zalozyc-do-szkoly-przygotuj-sie-na-wrzesien\/#article\",\"isPartOf\":{\"@id\":\"https:\/\/pakuten.pl\/blog\/co-zalozyc-do-szkoly-przygotuj-sie-na-wrzesien\/#webpage\"},\"author\":{\"@id\":\"https:\/\/pakuten.pl\/blog\/#\/schema\/person\/d7133af30211381a4e4536d088384556\"},\"headline\":\"Co za\u0142o\u017cy\u0107 do szko\u0142y? Przygotuj si\u0119 na wrzesie\u0144.\",\"datePublished\":\"2023-08-17T11:12:00+00:00\",\"dateModified\":\"2023-08-17T10:26:03+00:00\",\"mainEntityOfPage\":{\"@id\":\"https:\/\/pakuten.pl\/blog\/co-zalozyc-do-szkoly-przygotuj-sie-na-wrzesien\/#webpage\"},\"wordCount\":466,\"commentCount\":0,\"publisher\":{\"@id\":\"https:\/\/pakuten.pl\/blog\/#organization\"},\"image\":{\"@id\":\"https:\/\/pakuten.pl\/blog\/co-zalozyc-do-szkoly-przygotuj-sie-na-wrzesien\/#primaryimage\"},\"thumbnailUrl\":\"https:\/\/pakuten.pl\/blog\/wp-content\/uploads\/2021\/08\/Co-zaloz\u0307yc\u0301-do-szkoly-Przygotuj-sie\u0328-na-wrzesien\u0301..jpg\",\"articleSection\":[\"Tips&amp;Tricks\"],\"inLanguage\":\"pl-PL\",\"potentialAction\":[{\"@type\":\"CommentAction\",\"name\":\"Comment\",\"target\":[\"https:\/\/pakuten.pl\/blog\/co-zalozyc-do-szkoly-przygotuj-sie-na-wrzesien\/#respond\"]}]},{\"@type\":\"Person\",\"@id\":\"https:\/\/pakuten.pl\/blog\/#\/schema\/person\/d7133af30211381a4e4536d088384556\",\"name\":\"Pakuten Girl\",\"image\":{\"@type\":\"ImageObject\",\"@id\":\"https:\/\/pakuten.pl\/blog\/#personlogo\",\"inLanguage\":\"pl-PL\",\"url\":\"https:\/\/secure.gravatar.com\/avatar\/d3df41de2caf92e6cfded9430c2ff352?s=96&d=mm&r=g\",\"contentUrl\":\"https:\/\/secure.gravatar.com\/avatar\/d3df41de2caf92e6cfded9430c2ff352?s=96&d=mm&r=g\",\"caption\":\"Pakuten Girl\"},\"description\":\"Cze\u015b\u0107, nazywam si\u0119 Ola. Kocham Netflixa, sals\u0119, nowo\u015bci kosmetyczne i najnowsze trendy w modzie.\",\"url\":\"https:\/\/pakuten.pl\/blog\/author\/pakuten-girl\/\"}]}<\/script>\n<!-- \/ Yoast SEO plugin. -->","yoast_head_json":{"title":"Co za\u0142o\u017cy\u0107 do szko\u0142y? Przygotuj si\u0119 na wrzesie\u0144. - Pakuten blog","description":"Ka\u017cda dziewczyna chce na lekcjach i w\u015br\u00f3d r\u00f3wie\u015bnik\u00f3w czu\u0107 si\u0119 swobodnie i stylowo. Teraz kiedy trendy wracaj\u0105 , zmieniaj\u0105 si\u0119 cie\u017cko jest nad\u0105\u017cy\u0107 , koniecznie musisz zaobserwowa\u0107 nowe trendy .Dlatego podpowiadamy co za\u0142o\u017cy\u0107 do szko\u0142y, by tak by\u0142o. Oto kilka stylizacji, kt\u00f3re u\u0142atwi\u0105 Ci poranne przygotowania.\u00a0","robots":{"index":"index","follow":"follow","max-snippet":"max-snippet:-1","max-image-preview":"max-image-preview:large","max-video-preview":"max-video-preview:-1"},"canonical":"https:\/\/pakuten.pl\/blog\/co-zalozyc-do-szkoly-przygotuj-sie-na-wrzesien\/","og_locale":"pl_PL","og_type":"article","og_title":"Co za\u0142o\u017cy\u0107 do szko\u0142y? Przygotuj si\u0119 na wrzesie\u0144. - Pakuten blog","og_description":"Ka\u017cda dziewczyna chce na lekcjach i w\u015br\u00f3d r\u00f3wie\u015bnik\u00f3w czu\u0107 si\u0119 swobodnie i stylowo. Teraz kiedy trendy wracaj\u0105 , zmieniaj\u0105 si\u0119 cie\u017cko jest nad\u0105\u017cy\u0107 , koniecznie musisz zaobserwowa\u0107 nowe trendy .Dlatego podpowiadamy co za\u0142o\u017cy\u0107 do szko\u0142y, by tak by\u0142o. Oto kilka stylizacji, kt\u00f3re u\u0142atwi\u0105 Ci poranne przygotowania.\u00a0","og_url":"https:\/\/pakuten.pl\/blog\/co-zalozyc-do-szkoly-przygotuj-sie-na-wrzesien\/","og_site_name":"Pakuten blog","article_published_time":"2023-08-17T11:12:00+00:00","article_modified_time":"2023-08-17T10:26:03+00:00","og_image":[{"width":1352,"height":901,"url":"https:\/\/pakuten.pl\/blog\/wp-content\/uploads\/2021\/08\/Co-zaloz\u0307yc\u0301-do-szkoly-Przygotuj-sie\u0328-na-wrzesien\u0301..jpg","type":"image\/jpeg"}],"twitter_card":"summary_large_image","twitter_misc":{"Napisane przez":"Pakuten Girl","Szacowany czas czytania":"3 minuty"},"schema":{"@context":"https:\/\/schema.org","@graph":[{"@type":"Organization","@id":"https:\/\/pakuten.pl\/blog\/#organization","name":"Pakuten","url":"https:\/\/pakuten.pl\/blog\/","sameAs":[],"logo":{"@type":"ImageObject","@id":"https:\/\/pakuten.pl\/blog\/#logo","inLanguage":"pl-PL","url":"http:\/\/pakuten.pl\/blog\/wp-content\/uploads\/2018\/01\/pakuten_logo.png","contentUrl":"http:\/\/pakuten.pl\/blog\/wp-content\/uploads\/2018\/01\/pakuten_logo.png","width":300,"height":120,"caption":"Pakuten"},"image":{"@id":"https:\/\/pakuten.pl\/blog\/#logo"}},{"@type":"WebSite","@id":"https:\/\/pakuten.pl\/blog\/#website","url":"https:\/\/pakuten.pl\/blog\/","name":"Pakuten blog","description":"Blog sklepu internetowego pakuten.pl","publisher":{"@id":"https:\/\/pakuten.pl\/blog\/#organization"},"potentialAction":[{"@type":"SearchAction","target":{"@type":"EntryPoint","urlTemplate":"https:\/\/pakuten.pl\/blog\/?s={search_term_string}"},"query-input":"required name=search_term_string"}],"inLanguage":"pl-PL"},{"@type":"ImageObject","@id":"https:\/\/pakuten.pl\/blog\/co-zalozyc-do-szkoly-przygotuj-sie-na-wrzesien\/#primaryimage","inLanguage":"pl-PL","url":"https:\/\/pakuten.pl\/blog\/wp-content\/uploads\/2021\/08\/Co-zaloz\u0307yc\u0301-do-szkoly-Przygotuj-sie\u0328-na-wrzesien\u0301..jpg","contentUrl":"https:\/\/pakuten.pl\/blog\/wp-content\/uploads\/2021\/08\/Co-zaloz\u0307yc\u0301-do-szkoly-Przygotuj-sie\u0328-na-wrzesien\u0301..jpg","width":1352,"height":901},{"@type":"WebPage","@id":"https:\/\/pakuten.pl\/blog\/co-zalozyc-do-szkoly-przygotuj-sie-na-wrzesien\/#webpage","url":"https:\/\/pakuten.pl\/blog\/co-zalozyc-do-szkoly-przygotuj-sie-na-wrzesien\/","name":"Co za\u0142o\u017cy\u0107 do szko\u0142y? Przygotuj si\u0119 na wrzesie\u0144. - Pakuten blog","isPartOf":{"@id":"https:\/\/pakuten.pl\/blog\/#website"},"primaryImageOfPage":{"@id":"https:\/\/pakuten.pl\/blog\/co-zalozyc-do-szkoly-przygotuj-sie-na-wrzesien\/#primaryimage"},"datePublished":"2023-08-17T11:12:00+00:00","dateModified":"2023-08-17T10:26:03+00:00","description":"Ka\u017cda dziewczyna chce na lekcjach i w\u015br\u00f3d r\u00f3wie\u015bnik\u00f3w czu\u0107 si\u0119 swobodnie i stylowo. Teraz kiedy trendy wracaj\u0105 , zmieniaj\u0105 si\u0119 cie\u017cko jest nad\u0105\u017cy\u0107 , koniecznie musisz zaobserwowa\u0107 nowe trendy .Dlatego podpowiadamy co za\u0142o\u017cy\u0107 do szko\u0142y, by tak by\u0142o. Oto kilka stylizacji, kt\u00f3re u\u0142atwi\u0105 Ci poranne przygotowania.\u00a0","breadcrumb":{"@id":"https:\/\/pakuten.pl\/blog\/co-zalozyc-do-szkoly-przygotuj-sie-na-wrzesien\/#breadcrumb"},"inLanguage":"pl-PL","potentialAction":[{"@type":"ReadAction","target":["https:\/\/pakuten.pl\/blog\/co-zalozyc-do-szkoly-przygotuj-sie-na-wrzesien\/"]}]},{"@type":"BreadcrumbList","@id":"https:\/\/pakuten.pl\/blog\/co-zalozyc-do-szkoly-przygotuj-sie-na-wrzesien\/#breadcrumb","itemListElement":[{"@type":"ListItem","position":1,"name":"Strona g\u0142\u00f3wna","item":"https:\/\/pakuten.pl\/blog\/"},{"@type":"ListItem","position":2,"name":"Co za\u0142o\u017cy\u0107 do szko\u0142y? Przygotuj si\u0119 na wrzesie\u0144."}]},{"@type":"Article","@id":"https:\/\/pakuten.pl\/blog\/co-zalozyc-do-szkoly-przygotuj-sie-na-wrzesien\/#article","isPartOf":{"@id":"https:\/\/pakuten.pl\/blog\/co-zalozyc-do-szkoly-przygotuj-sie-na-wrzesien\/#webpage"},"author":{"@id":"https:\/\/pakuten.pl\/blog\/#\/schema\/person\/d7133af30211381a4e4536d088384556"},"headline":"Co za\u0142o\u017cy\u0107 do szko\u0142y? Przygotuj si\u0119 na wrzesie\u0144.","datePublished":"2023-08-17T11:12:00+00:00","dateModified":"2023-08-17T10:26:03+00:00","mainEntityOfPage":{"@id":"https:\/\/pakuten.pl\/blog\/co-zalozyc-do-szkoly-przygotuj-sie-na-wrzesien\/#webpage"},"wordCount":466,"commentCount":0,"publisher":{"@id":"https:\/\/pakuten.pl\/blog\/#organization"},"image":{"@id":"https:\/\/pakuten.pl\/blog\/co-zalozyc-do-szkoly-przygotuj-sie-na-wrzesien\/#primaryimage"},"thumbnailUrl":"https:\/\/pakuten.pl\/blog\/wp-content\/uploads\/2021\/08\/Co-zaloz\u0307yc\u0301-do-szkoly-Przygotuj-sie\u0328-na-wrzesien\u0301..jpg","articleSection":["Tips&amp;Tricks"],"inLanguage":"pl-PL","potentialAction":[{"@type":"CommentAction","name":"Comment","target":["https:\/\/pakuten.pl\/blog\/co-zalozyc-do-szkoly-przygotuj-sie-na-wrzesien\/#respond"]}]},{"@type":"Person","@id":"https:\/\/pakuten.pl\/blog\/#\/schema\/person\/d7133af30211381a4e4536d088384556","name":"Pakuten Girl","image":{"@type":"ImageObject","@id":"https:\/\/pakuten.pl\/blog\/#personlogo","inLanguage":"pl-PL","url":"https:\/\/secure.gravatar.com\/avatar\/d3df41de2caf92e6cfded9430c2ff352?s=96&d=mm&r=g","contentUrl":"https:\/\/secure.gravatar.com\/avatar\/d3df41de2caf92e6cfded9430c2ff352?s=96&d=mm&r=g","caption":"Pakuten Girl"},"description":"Cze\u015b\u0107, nazywam si\u0119 Ola. Kocham Netflixa, sals\u0119, nowo\u015bci kosmetyczne i najnowsze trendy w modzie.","url":"https:\/\/pakuten.pl\/blog\/author\/pakuten-girl\/"}]}},"_links":{"self":[{"href":"https:\/\/pakuten.pl\/blog\/wp-json\/wp\/v2\/posts\/4521"}],"collection":[{"href":"https:\/\/pakuten.pl\/blog\/wp-json\/wp\/v2\/posts"}],"about":[{"href":"https:\/\/pakuten.pl\/blog\/wp-json\/wp\/v2\/types\/post"}],"author":[{"embeddable":true,"href":"https:\/\/pakuten.pl\/blog\/wp-json\/wp\/v2\/users\/3"}],"replies":[{"embeddable":true,"href":"https:\/\/pakuten.pl\/blog\/wp-json\/wp\/v2\/comments?post=4521"}],"version-history":[{"count":9,"href":"https:\/\/pakuten.pl\/blog\/wp-json\/wp\/v2\/posts\/4521\/revisions"}],"predecessor-version":[{"id":7812,"href":"https:\/\/pakuten.pl\/blog\/wp-json\/wp\/v2\/posts\/4521\/revisions\/7812"}],"wp:featuredmedia":[{"embeddable":true,"href":"https:\/\/pakuten.pl\/blog\/wp-json\/wp\/v2\/media\/7808"}],"wp:attachment":[{"href":"https:\/\/pakuten.pl\/blog\/wp-json\/wp\/v2\/media?parent=4521"}],"wp:term":[{"taxonomy":"category","embeddable":true,"href":"https:\/\/pakuten.pl\/blog\/wp-json\/wp\/v2\/categories?post=4521"},{"taxonomy":"post_tag","embeddable":true,"href":"https:\/\/pakuten.pl\/blog\/wp-json\/wp\/v2\/tags?post=4521"}],"curies":[{"name":"wp","href":"https:\/\/api.w.org\/{rel}","templated":true}]}}