{"id":5001,"date":"2023-08-21T14:46:00","date_gmt":"2023-08-21T12:46:00","guid":{"rendered":"http:\/\/pakuten.pl\/blog\/?p=5001"},"modified":"2023-08-21T13:25:55","modified_gmt":"2023-08-21T11:25:55","slug":"jak-wrocic-do-pracy-po-urlopie-i-nie-zwariowac","status":"publish","type":"post","link":"https:\/\/pakuten.pl\/blog\/jak-wrocic-do-pracy-po-urlopie-i-nie-zwariowac\/","title":{"rendered":"Jak wr\u00f3ci\u0107 do pracy po urlopie i nie zwariowa\u0107?"},"content":{"rendered":"\n<p><strong>Ko\u0144c\u00f3wka sierpnia kojarzy si\u0119 tylko z jednym &#8211; ko\u0144cem beztroskich wakacji zar\u00f3wno dla uczni\u00f3w, jak i dla os\u00f3b aktywnych zawodowo. Czy powr\u00f3t do pracy po wolnym musi by\u0107 a\u017c taki straszny? Co zrobi\u0107, aby powr\u00f3t do naszego miejsca pracy nie by\u0142 dla nas szokiem? Radzimy jak wr\u00f3ci\u0107 do pracy po urlopie i nie zwariowa\u0107.\u00a0<\/strong><\/p>\n<h2>O nie, znowu do pracy!<\/h2>\n<p>Na Tw\u00f3j urlop czeka\u0142a\u015b tak d\u0142ugo czasu&#8230; Z niecierpliwo\u015bci\u0105 z ca\u0142\u0105 rodzin\u0105 odliczali\u015bcie do dni, kiedy b\u0119dziecie mogli d\u0142u\u017cej pospa\u0107, poby\u0107 ze sob\u0105, czy te\u017c gdzie\u015b wsp\u00f3lnie wyjecha\u0107&#8230; Przygotowali\u015bcie si\u0119 do tego wolnego na pewno na wiele sposob\u00f3w. Dopinanie ostatnich wa\u017cnych spraw przed urlopem, zakup nowych\u00a0ubra\u0144 . W ko\u0144cu na wakacjach jest znacznie wi\u0119cej czasu na wszystko, dlatego nasze stylizacje z pewno\u015bci\u0105 s\u0105 wtedy znacznie bardziej dopracowane. Na wakacjach chcemy te\u017c wygl\u0105da\u0107 po prostu fajnie, dlatego tak wa\u017cny jest dla nas odpowiedni dob\u00f3r ubra\u0144. Bardzo wa\u017cny jest te\u017c zakup wygodnych ciuch\u00f3w, takich jak na przyk\u0142ad <span style=\"color: #ff9900;\"><a style=\"color: #ff9900;\" href=\"https:\/\/pakuten.pl\/30-komplety-dresowe\" target=\"_blank\" rel=\"noopener\">dresy<\/a><\/span>. To w\u0142a\u015bnie w nich b\u0119dziesz mog\u0142a d\u0142ugo spacerowa\u0107, leniuchowa\u0107 w ten wolny czas i czu\u0107 si\u0119 po prostu komfortowo.\u00a0<\/p>\n<p>Wolny czas szybko z pewno\u015bci\u0105 min\u0105\u0142 i ka\u017cdy z Wam musi wraca\u0107 do swoich obowi\u0105zk\u00f3w. Jak wi\u0119c wr\u00f3ci\u0107 do pracy po urlopie i zachowa\u0107 spok\u00f3j emocjonalny? Z pewno\u015bci\u0105 Tw\u00f3j pierwszy dzie\u0144 b\u0119dzie trudny.. Mo\u017cesz czu\u0107 si\u0119 nieswojo, a pr\u00f3by skupienia si\u0119 na wykonaniu czegokolwiek mog\u0105 by\u0107 nie\u0142atwe. Niekt\u00f3rzy z nas mog\u0105 prze\u017cywa\u0107 co\u015b takiego, jak depresja pourlopowa.\u00a0<\/p>\n<div class=\"product-box-container\">\r\n<div class=\"one_third \" style=\"\">\r\n<div class=\"product-box\">\r\n<a href=\"https:\/\/pakuten.pl\/33351-74012-komplet-dresowy-z-haftowanym-napisem-lezoop-butelkowa-zielen-butelkowa-zielen.html\" target=\"_blank\">\r\n <img src=\"https:\/\/media.pakuten.pl\/200877-large_default\/komplet-dresowy-z-haftowanym-napisem-lezoop-butelkowa-zielen.jpg\" alt=\"Komplet dresowy z haftowanym napisem Lezoop - butelkowa ziele\u0144\"\/>\r\n<\/a>\r\n<p>\r\n<a href=\"https:\/\/pakuten.pl\/33351-74012-komplet-dresowy-z-haftowanym-napisem-lezoop-butelkowa-zielen-butelkowa-zielen.html\" target=\"_blank\">\r\nKomplet dresowy z haftowanym napisem Lezoop - butelkowa ziele\u0144\r\n<\/a><\/p>\r\n  <p>Cena: 89,99\u00a0z\u0142<\/p>\r\n<a href=\"https:\/\/pakuten.pl\/33351-74012-komplet-dresowy-z-haftowanym-napisem-lezoop-butelkowa-zielen-butelkowa-zielen.html\" target=\"_blank\" class=\"button\">\r\nZobacz w sklepie\r\n<\/a>\r\n<\/div>\r\n<\/div>\r\n<div class=\"one_third \" style=\"\">\r\n<div class=\"product-box\">\r\n<a href=\"https:\/\/pakuten.pl\/33342-73978-grafitowe-prazkowane-legginsy-aileen-grafitowy.html\" target=\"_blank\">\r\n  <img src=\"https:\/\/media.pakuten.pl\/200829-large_default\/grafitowe-prazkowane-legginsy-aileen.jpg\" alt=\"Grafitowe pr\u0105\u017ckowane legginsy Aileen\"\/>\r\n<\/a>\r\n<p>\r\n<a href=\"https:\/\/pakuten.pl\/33342-73978-grafitowe-prazkowane-legginsy-aileen-grafitowy.html\" target=\"_blank\">\r\nGrafitowe pr\u0105\u017ckowane legginsy Aileen\r\n<\/a><\/p>\r\n  <p>Cena: 32,89\u00a0z\u0142<\/p>\r\n<a href=\"https:\/\/pakuten.pl\/33342-73978-grafitowe-prazkowane-legginsy-aileen-grafitowy.html\" target=\"_blank\" class=\"button\">\r\nZobacz w sklepie\r\n<\/a>\r\n<\/div>\r\n<\/div>\r\n<div class=\"one_third last \" style=\"\">\r\n<div class=\"product-box\">\r\n<a href=\"https:\/\/pakuten.pl\/33340-73972-granatowe-spodnie-jeansowe-z-kieszeniami-isella-granatowy.html\" target=\"_blank\">\r\n  <img src=\"https:\/\/media.pakuten.pl\/200821-large_default\/granatowe-spodnie-jeansowe-z-kieszeniami-isella.jpg\" alt=\"Granatowe spodnie jeansowe z kieszeniami Isella\"\/>\r\n<\/a>\r\n<p>\r\n<a href=\"https:\/\/pakuten.pl\/33340-73972-granatowe-spodnie-jeansowe-z-kieszeniami-isella-granatowy.html\" target=\"_blank\">\r\nGranatowe spodnie jeansowe z kieszeniami Isella\r\n<\/a><\/p>\r\n  <p>Cena: 62,29\u00a0z\u0142<\/p>\r\n<a href=\"https:\/\/pakuten.pl\/33340-73972-granatowe-spodnie-jeansowe-z-kieszeniami-isella-granatowy.html\" target=\"_blank\" class=\"button\">\r\nZobacz w sklepie\r\n<\/a>\r\n<\/div>\r\n<\/div><br class=\"clear\"\/>\r\n<\/div>\n<h2>Czy przed\u0142u\u017ca\u0107 urlop?\u00a0<\/h2>\n<p>Pierwsza Twoja z my\u015bli na sam koniec urlopu mo\u017ce brzmie\u0107: &#8221; A mo\u017ce tak przed\u0142u\u017cy\u0107 urlop? &#8221; i tu od razu odradzamy. Oczywi\u015bcie, je\u015bli nasza droga powrotna z wakacji si\u0119 bardzo wyd\u0142u\u017cy i ma ona miejsce ostatniego dnia, mo\u017cemy by\u0107 zm\u0119czeni podr\u00f3\u017c\u0105, by\u0107 naprawd\u0119 nie w formie, dlatego tutaj mo\u017cna takie rozwi\u0105zanie rozwa\u017cy\u0107, aby przed\u0142u\u017cy\u0107 urlop o jeden dzie\u0144 na tak zwane doj\u015bcie do siebie. Specjali\u015bci radz\u0105 jednak, aby nie planowa\u0107 powrotu na ostatni dzie\u0144 wolnego. Warto wr\u00f3ci\u0107 do domu chocia\u017c jeden lub dwa dni wcze\u015bniej. Ten czas po\u015bwi\u0119\u0107 na tzw. p\u0142ynny powr\u00f3t do rzeczywisto\u015bci. Rozpakuj baga\u017ce, wstaw pranie ( bo na pewno du\u017co si\u0119 go uzbiera\u0142o) , przygotuj ubrania na powr\u00f3t do pracy, \u017ceby nie szykowa\u0107 odpowiedniej\u00a0 <span style=\"color: #ff9900;\"><a style=\"color: #ff9900;\" href=\"https:\/\/pakuten.pl\/blog\/stylizacje-do-pracy-i-szkoly-jak-wybrac-zestaw-ubran-do-biura-lub-na-uczelnie\/\" target=\"_blank\" rel=\"noopener\">stylizacji do pracy<\/a> <\/span>na ostatni\u0105 chwil\u0119, rano. To mo\u017ce generowa\u0107 niepotrzebny stres.\u00a0<\/p>\n<blockquote class=\"instagram-media\" style=\"background: #FFF; border: 0; border-radius: 3px; box-shadow: 0 0 1px 0 rgba(0,0,0,0.5),0 1px 10px 0 rgba(0,0,0,0.15); margin: 1px; max-width: 540px; min-width: 326px; padding: 0; width: calc(100% - 2px);\" data-instgrm-permalink=\"https:\/\/www.instagram.com\/p\/CwIaxy8s_FB\/?utm_source=ig_embed&amp;utm_campaign=loading\" data-instgrm-version=\"14\">\n<div style=\"padding: 16px;\">\n<div style=\"display: flex; flex-direction: row; align-items: center;\">\n<div style=\"background-color: #f4f4f4; border-radius: 50%; flex-grow: 0; height: 40px; margin-right: 14px; width: 40px;\">\u00a0<\/div>\n<div style=\"display: flex; flex-direction: column; flex-grow: 1; justify-content: center;\">\n<div style=\"background-color: #f4f4f4; border-radius: 4px; flex-grow: 0; height: 14px; margin-bottom: 6px; width: 100px;\">\u00a0<\/div>\n<div style=\"background-color: #f4f4f4; border-radius: 4px; flex-grow: 0; height: 14px; width: 60px;\">\u00a0<\/div>\n<\/div>\n<\/div>\n<div style=\"padding: 19% 0;\">\u00a0<\/div>\n<div style=\"display: block; height: 50px; margin: 0 auto 12px; width: 50px;\">\u00a0<\/div>\n<div style=\"padding-top: 8px;\">\n<div style=\"color: #3897f0; font-family: Arial,sans-serif; font-size: 14px; font-style: normal; font-weight: 550; line-height: 18px;\">Wy\u015bwietl ten post na Instagramie<\/div>\n<\/div>\n<div style=\"padding: 12.5% 0;\">\u00a0<\/div>\n<div style=\"display: flex; flex-direction: row; margin-bottom: 14px; align-items: center;\">\n<div>\n<div style=\"background-color: #f4f4f4; border-radius: 50%; height: 12.5px; width: 12.5px; transform: translateX(0px) translateY(7px);\">\u00a0<\/div>\n<div style=\"background-color: #f4f4f4; height: 12.5px; transform: rotate(-45deg) translateX(3px) translateY(1px); width: 12.5px; flex-grow: 0; margin-right: 14px; margin-left: 2px;\">\u00a0<\/div>\n<div style=\"background-color: #f4f4f4; border-radius: 50%; height: 12.5px; width: 12.5px; transform: translateX(9px) translateY(-18px);\">\u00a0<\/div>\n<\/div>\n<div style=\"margin-left: 8px;\">\n<div style=\"background-color: #f4f4f4; border-radius: 50%; flex-grow: 0; height: 20px; width: 20px;\">\u00a0<\/div>\n<div style=\"width: 0; height: 0; border-top: 2px solid transparent; border-left: 6px solid #f4f4f4; border-bottom: 2px solid transparent; transform: translateX(16px) translateY(-4px) rotate(30deg);\">\u00a0<\/div>\n<\/div>\n<div style=\"margin-left: auto;\">\n<div style=\"width: 0px; border-top: 8px solid #F4F4F4; border-right: 8px solid transparent; transform: translateY(16px);\">\u00a0<\/div>\n<div style=\"background-color: #f4f4f4; flex-grow: 0; height: 12px; width: 16px; transform: translateY(-4px);\">\u00a0<\/div>\n<div style=\"width: 0; height: 0; border-top: 8px solid #F4F4F4; border-left: 8px solid transparent; transform: translateY(-4px) translateX(8px);\">\u00a0<\/div>\n<\/div>\n<\/div>\n<div style=\"display: flex; flex-direction: column; flex-grow: 1; justify-content: center; margin-bottom: 24px;\">\n<div style=\"background-color: #f4f4f4; border-radius: 4px; flex-grow: 0; height: 14px; margin-bottom: 6px; width: 224px;\">\u00a0<\/div>\n<div style=\"background-color: #f4f4f4; border-radius: 4px; flex-grow: 0; height: 14px; width: 144px;\">\u00a0<\/div>\n<\/div>\n<p style=\"color: #c9c8cd; font-family: Arial,sans-serif; font-size: 14px; line-height: 17px; margin-bottom: 0; margin-top: 8px; overflow: hidden; padding: 8px 0 7px; text-align: center; text-overflow: ellipsis; white-space: nowrap;\"><a style=\"color: #c9c8cd; font-family: Arial,sans-serif; font-size: 14px; font-style: normal; font-weight: normal; line-height: 17px; text-decoration: none;\" href=\"https:\/\/www.instagram.com\/p\/CwIaxy8s_FB\/?utm_source=ig_embed&amp;utm_campaign=loading\" target=\"_blank\" rel=\"noopener\">Post udost\u0119pniony przez Pakuten.pl \u2022 Modna i tania odzie\u017c damska (@pakuten.official)<\/a><\/p>\n<\/div>\n<\/blockquote>\n<p><script async=\"\" src=\"\/\/www.instagram.com\/embed.js\"><\/script><\/p>\n<h2>Co nale\u017cy zrobi\u0107 przed urlopem?\u00a0<\/h2>\n<p>Aby mie\u0107 spokojn\u0105 g\u0142ow\u0119 na sam urlop i nie martwi\u0107 si\u0119 samym powrotem do pracy, powinna\u015b zadba\u0107 o to, aby dopi\u0105\u0107 wszystkie sprawy, kt\u00f3re Tobie podlegaj\u0105, a to z czym si\u0119 nie wyrobisz- przekaza\u0107 kolegom i kole\u017cankom z pracy. Po powrocie nie b\u0119dziesz musia\u0142a nadrabia\u0107 zaleg\u0142o\u015bci, tylko na \u015bwie\u017co zajmiesz si\u0119 czym\u015b nowym. Bardzo du\u017c\u0105 bol\u0105czk\u0105 wielu pracownik\u00f3w biurowych jest te\u017c mocno zapchana skrzynka mailowa. Je\u017celi masz obawy, \u017ce tak w\u0142a\u015bnie b\u0119dzie- ustaw na autoresponder, kt\u00f3ry automatycznie poinformuje odbior\u00f3w, \u017ce jeste\u015b na urlopie i odpowiesz w podanym w wiadomo\u015bci terminie.\u00a0<\/p>\n<p>Jak wr\u00f3ci\u0107 do pracy po urlopie i nie zagubi\u0107 si\u0119 w swoich obowi\u0105zkach? Przygotuj sobie list\u0119 zada\u0144 na tydzie\u0144, a przynajmniej na pierwszy dzie\u0144 po urlopie. Tylko oczywi\u015bcie nie przesadzaj z ich ilo\u015bci\u0105, \u017ceby samego si\u0119 do tego nie zrazi\u0107. Je\u015bli b\u0119dziesz mia\u0142a za du\u017co naraz na g\u0142owie, to nie b\u0119dziesz mog\u0142a skupi\u0107 si\u0119 na niczym.\u00a0<\/p>\n<div class=\"product-box-container\">\r\n<div class=\"one_third \" style=\"\">\r\n<div class=\"product-box\">\r\n<a href=\"https:\/\/pakuten.pl\/33331-73940-czarne-legginsy-jeansowe-z-guzikiem-i-kieszeniami-monta-czarny.html\" target=\"_blank\">\r\n <img src=\"https:\/\/media.pakuten.pl\/200775-large_default\/czarne-legginsy-jeansowe-z-guzikiem-i-kieszeniami-monta.jpg\" alt=\"Czarne legginsy jeansowe z guzikiem i kieszeniami Monta\"\/>\r\n<\/a>\r\n<p>\r\n<a href=\"https:\/\/pakuten.pl\/33331-73940-czarne-legginsy-jeansowe-z-guzikiem-i-kieszeniami-monta-czarny.html\" target=\"_blank\">\r\nCzarne legginsy jeansowe z guzikiem i kieszeniami Monta\r\n<\/a><\/p>\r\n  <p>Cena: 54,59\u00a0z\u0142<\/p>\r\n<a href=\"https:\/\/pakuten.pl\/33331-73940-czarne-legginsy-jeansowe-z-guzikiem-i-kieszeniami-monta-czarny.html\" target=\"_blank\" class=\"button\">\r\nZobacz w sklepie\r\n<\/a>\r\n<\/div>\r\n<\/div>\r\n<div class=\"one_third \" style=\"\">\r\n<div class=\"product-box\">\r\n<a href=\"https:\/\/pakuten.pl\/33321-73914-czarne-legginsy-z-eko-skory-z-lampasem-liolle-czarny.html\" target=\"_blank\">\r\n  <img src=\"https:\/\/media.pakuten.pl\/200735-large_default\/czarne-legginsy-z-eko-skory-z-lampasem-liolle.jpg\" alt=\"Czarne legginsy z eko sk\u00f3ry z lampasem Liolle\"\/>\r\n<\/a>\r\n<p>\r\n<a href=\"https:\/\/pakuten.pl\/33321-73914-czarne-legginsy-z-eko-skory-z-lampasem-liolle-czarny.html\" target=\"_blank\">\r\nCzarne legginsy z eko sk\u00f3ry z lampasem Liolle\r\n<\/a><\/p>\r\n  <p>Cena: 69,99\u00a0z\u0142<\/p>\r\n<a href=\"https:\/\/pakuten.pl\/33321-73914-czarne-legginsy-z-eko-skory-z-lampasem-liolle-czarny.html\" target=\"_blank\" class=\"button\">\r\nZobacz w sklepie\r\n<\/a>\r\n<\/div>\r\n<\/div>\r\n<div class=\"one_third last \" style=\"\">\r\n<div class=\"product-box\">\r\n<a href=\"https:\/\/pakuten.pl\/33315-73897-wzorzysty-dluzszy-sweter-pepitta-wzor-1-wzor-1.html\" target=\"_blank\">\r\n  <img src=\"https:\/\/media.pakuten.pl\/200710-large_default\/wzorzysty-dluzszy-sweter-pepitta-wzor-1.jpg\" alt=\"Wzorzysty d\u0142u\u017cszy sweter Pepitta - wz\u00f3r 1\"\/>\r\n<\/a>\r\n<p>\r\n<a href=\"https:\/\/pakuten.pl\/33315-73897-wzorzysty-dluzszy-sweter-pepitta-wzor-1-wzor-1.html\" target=\"_blank\">\r\nWzorzysty d\u0142u\u017cszy sweter Pepitta - wz\u00f3r 1\r\n<\/a><\/p>\r\n  <p>Cena: 39,99\u00a0z\u0142<\/p>\r\n<a href=\"https:\/\/pakuten.pl\/33315-73897-wzorzysty-dluzszy-sweter-pepitta-wzor-1-wzor-1.html\" target=\"_blank\" class=\"button\">\r\nZobacz w sklepie\r\n<\/a>\r\n<\/div>\r\n<\/div><br class=\"clear\"\/>\r\n<\/div>\n<h2>Na pocieszenie&#8230;<\/h2>\n<p>Doskona\u0142ym pomys\u0142em na powr\u00f3t po urlopie jest &#8230; zaplanowanie kolejnego! Tak, to brzmi do\u015b\u0107 zaskakuj\u0105co, ale czy nie kusz\u0105co? Oczywi\u015bcie nie musi to by\u0107 ju\u017c d\u0142ugi okres wolnego. Wystarczy, \u017ce b\u0119dzie na Ciebie czeka\u0142 wolny kt\u00f3ry\u015b z pi\u0105tk\u00f3w, kt\u00f3ry po\u0142\u0105czysz z weekendem &#8211; b\u0119dziesz mog\u0142a wtedy zn\u00f3w gdzie\u015b wyjecha\u0107 i odpr\u0119\u017cy\u0107 si\u0119 psychicznie. Taki plan na 100 % b\u0119dzie motywowa\u0142 Ci\u0119 do pracy i nastawi pozytywnie.\u00a0<\/p>\n<p>Aktywno\u015b\u0107 fizyczna po pracy b\u0119dzie \u015bwietnym pomys\u0142em na poprawienie sobie nastroju. Trening rowerowy, jogging, albo zwyk\u0142y d\u0142u\u017cszy spacer ju\u017c wystarcz\u0105. Mo\u017ce zapisz si\u0119 na jaki\u015b kurs ta\u0144ca? Je\u015bli nie nale\u017cysz do os\u00f3b aktywnych, mo\u017cesz pomy\u015ble\u0107 o kursie intelektualnym, na przyk\u0142ad kurs j\u0119zykowy albo daj\u0105cy nowe umi\u0119j\u0119tno\u015bci zawodowe? Po\u0142\u0105czysz na pewno przyjemne z po\u017cytecznym. Znajd\u017a nowe hobby!<\/p>\n<p>\u00a0<\/p>\n<p><br \/>Kup sobie po powrocie co\u015b nowego! Mo\u017ce nowe buty, now\u0105 <span style=\"color: #ff9900;\"><a style=\"color: #ff9900;\" href=\"https:\/\/pakuten.pl\/27-sukienki\" target=\"_blank\" rel=\"noopener\">sukienk\u0119<\/a><\/span>, a mo\u017ce ksi\u0105\u017ck\u0119, o kt\u00f3rej ju\u017c nie raz my\u015bla\u0142a\u015b? Zakupy zawsze poprawiaj\u0105 nastr\u00f3j \ud83d\ude42\u00a0<\/p>\n<blockquote class=\"instagram-media\" style=\"background: #FFF; border: 0; border-radius: 3px; box-shadow: 0 0 1px 0 rgba(0,0,0,0.5),0 1px 10px 0 rgba(0,0,0,0.15); margin: 1px; max-width: 540px; min-width: 326px; padding: 0; width: calc(100% - 2px);\" data-instgrm-permalink=\"https:\/\/www.instagram.com\/p\/Cvtt6ANKPmr\/?utm_source=ig_embed&amp;utm_campaign=loading\" data-instgrm-version=\"14\">\n<div style=\"padding: 16px;\">\n<div style=\"display: flex; flex-direction: row; align-items: center;\">\n<div style=\"background-color: #f4f4f4; border-radius: 50%; flex-grow: 0; height: 40px; margin-right: 14px; width: 40px;\">\u00a0<\/div>\n<div style=\"display: flex; flex-direction: column; flex-grow: 1; justify-content: center;\">\n<div style=\"background-color: #f4f4f4; border-radius: 4px; flex-grow: 0; height: 14px; margin-bottom: 6px; width: 100px;\">\u00a0<\/div>\n<div style=\"background-color: #f4f4f4; border-radius: 4px; flex-grow: 0; height: 14px; width: 60px;\">\u00a0<\/div>\n<\/div>\n<\/div>\n<div style=\"padding: 19% 0;\">\u00a0<\/div>\n<div style=\"display: block; height: 50px; margin: 0 auto 12px; width: 50px;\">\u00a0<\/div>\n<div style=\"padding-top: 8px;\">\n<div style=\"color: #3897f0; font-family: Arial,sans-serif; font-size: 14px; font-style: normal; font-weight: 550; line-height: 18px;\">Wy\u015bwietl ten post na Instagramie<\/div>\n<\/div>\n<div style=\"padding: 12.5% 0;\">\u00a0<\/div>\n<div style=\"display: flex; flex-direction: row; margin-bottom: 14px; align-items: center;\">\n<div>\n<div style=\"background-color: #f4f4f4; border-radius: 50%; height: 12.5px; width: 12.5px; transform: translateX(0px) translateY(7px);\">\u00a0<\/div>\n<div style=\"background-color: #f4f4f4; height: 12.5px; transform: rotate(-45deg) translateX(3px) translateY(1px); width: 12.5px; flex-grow: 0; margin-right: 14px; margin-left: 2px;\">\u00a0<\/div>\n<div style=\"background-color: #f4f4f4; border-radius: 50%; height: 12.5px; width: 12.5px; transform: translateX(9px) translateY(-18px);\">\u00a0<\/div>\n<\/div>\n<div style=\"margin-left: 8px;\">\n<div style=\"background-color: #f4f4f4; border-radius: 50%; flex-grow: 0; height: 20px; width: 20px;\">\u00a0<\/div>\n<div style=\"width: 0; height: 0; border-top: 2px solid transparent; border-left: 6px solid #f4f4f4; border-bottom: 2px solid transparent; transform: translateX(16px) translateY(-4px) rotate(30deg);\">\u00a0<\/div>\n<\/div>\n<div style=\"margin-left: auto;\">\n<div style=\"width: 0px; border-top: 8px solid #F4F4F4; border-right: 8px solid transparent; transform: translateY(16px);\">\u00a0<\/div>\n<div style=\"background-color: #f4f4f4; flex-grow: 0; height: 12px; width: 16px; transform: translateY(-4px);\">\u00a0<\/div>\n<div style=\"width: 0; height: 0; border-top: 8px solid #F4F4F4; border-left: 8px solid transparent; transform: translateY(-4px) translateX(8px);\">\u00a0<\/div>\n<\/div>\n<\/div>\n<div style=\"display: flex; flex-direction: column; flex-grow: 1; justify-content: center; margin-bottom: 24px;\">\n<div style=\"background-color: #f4f4f4; border-radius: 4px; flex-grow: 0; height: 14px; margin-bottom: 6px; width: 224px;\">\u00a0<\/div>\n<div style=\"background-color: #f4f4f4; border-radius: 4px; flex-grow: 0; height: 14px; width: 144px;\">\u00a0<\/div>\n<\/div>\n<p style=\"color: #c9c8cd; font-family: Arial,sans-serif; font-size: 14px; line-height: 17px; margin-bottom: 0; margin-top: 8px; overflow: hidden; padding: 8px 0 7px; text-align: center; text-overflow: ellipsis; white-space: nowrap;\"><a style=\"color: #c9c8cd; font-family: Arial,sans-serif; font-size: 14px; font-style: normal; font-weight: normal; line-height: 17px; text-decoration: none;\" href=\"https:\/\/www.instagram.com\/p\/Cvtt6ANKPmr\/?utm_source=ig_embed&amp;utm_campaign=loading\" target=\"_blank\" rel=\"noopener\">Post udost\u0119pniony przez Pakuten.pl \u2022 Modna i tania odzie\u017c damska (@pakuten.official)<\/a><\/p>\n<\/div>\n<\/blockquote>\n<p><script async=\"\" src=\"\/\/www.instagram.com\/embed.js\"><\/script><\/p>\n<h2>Nie zabieraj pracy na wakacje<\/h2>\n<p>Ostatni tydzie\u0144 przed urlopem to czysty wy\u015bcig z czasem.. Znasz to? Nadganianie zaleg\u0142o\u015bci, pr\u00f3ba nadrobienia do przodu tego, co si\u0119 da&#8230; Mimo wszystko czas nieub\u0142agalnie ucieka i nie zawsze to si\u0119 uda&#8230;\u00a0 Czasami mo\u017ce niestety to nie wypa\u015b\u0107 i wtedy&#8230; Nie panikuj, jest na to rada!\u00a0<\/p>\n<p>Na pewno nie zabieraj pracy na urlop. Nie odbieraj s\u0142u\u017cbowych telefon\u00f3w i zapomnij o spakowaniu firmowego laptopa, na kt\u00f3rym b\u0119d\u0105 si\u0119 codziennie pojawia\u0107 maile&#8230; Dlatego tak naprawd\u0119 zacznij ju\u017c planowa\u0107 wszystko nie tydzie\u0144 przed Twoim wolny, a miesi\u0105c przed! Zostawienie wszystkiego na ostatni\u0105 chwil\u0119 na pewno nie b\u0119dzie dobrym pomys\u0142em. Znajd\u017a zast\u0119pstwo. Z pewno\u015bci\u0105 w Twoim miejscu jest pracy kto\u015b, kto b\u0119dzie m\u00f3g\u0142 przej\u0105\u0107 na okres Twojego urlopu chocia\u017cby cz\u0119\u015b\u0107 Twoich obowi\u0105zk\u00f3w. Dobry plan dzia\u0142a\u0144 to podstawa! Aby unikn\u0105\u0107 wszelkiego typu pyta\u0144 od wsp\u00f3\u0142pracownik\u00f3w, zw\u0142aszcza tych, kt\u00f3rzy b\u0119d\u0105 Ci\u0119 zast\u0119powa\u0107, przygotuj im ca\u0142\u0105 list\u0119 niezb\u0119dnych informacji. Dane , wytyczne, has\u0142a, maile, telefony. Pomy\u015bl co powinna\u015b im przekaza\u0107. Zostaw na swoim biurku porz\u0105dek. Przygotuj swoje biurko, porz\u0105dkuj\u0105c je, aby zar\u00f3wno Twoim kolegom z pracy by\u0142o mi\u0142o ewentualnie skorzysta\u0107, jak r\u00f3wnie\u017c, \u017ceby Tw\u00f3j powr\u00f3t po urlopie by\u0142 dla Ciebie przyjemny.\u00a0<\/p>\n<h2>Jak wr\u00f3ci\u0107 do pracy i nie zwariowa\u0107?<\/h2>\n<p>Urlop to tak\u017ce czas dla Ciebie, podczas kt\u00f3rego mo\u017cesz wiele spraw przemy\u015ble\u0107. Mo\u017ce to dotyczy\u0107 r\u00f3wnie\u017c Twojej pracy. Mo\u017ce to nawet najlepszy czas na przemy\u015blenia na temat zmiany miejsca zatrudnienia? Na co dzie\u0144 zabiegana, zaganiana, porwana w wir pracy, nie masz czas zastanowi\u0107 si\u0119, czy zaw\u00f3d, kt\u00f3ry wykonujesz aktualnie, czy firma, w kt\u00f3rej pracujesz naprawd\u0119 Ci\u0119 zadowala&#8230; R\u00f3wnie\u017c je\u015bli odczuwasz ogromny stres pod sam koniec urlopu i nie jest to zwi\u0105zane z zako\u0144czeniem leniuchowania, a w\u0142a\u015bnie z\u0142ymi emocjami, kt\u00f3re wi\u0105\u017c\u0105 si\u0119 z samym powrotem do miejsca pracy, czas naprawd\u0119 si\u0119 nad tym zastanowi\u0107. Istnieje naprawd\u0119 wiele portali, na kt\u00f3rym mo\u017cesz zamie\u015bci\u0107 swoje CV i czeka\u0107 spokojnie na zainteresowanie i odzew Twoja osob\u0105.\u00a0<\/p>\n<p>\u00a0<\/p>\n<p>\u00a0<\/p>\n\n\n<div class=\"kk-star-ratings kksr-auto kksr-align-right kksr-valign-bottom\"\n    data-payload='{&quot;align&quot;:&quot;right&quot;,&quot;id&quot;:&quot;5001&quot;,&quot;slug&quot;:&quot;default&quot;,&quot;valign&quot;:&quot;bottom&quot;,&quot;ignore&quot;:&quot;&quot;,&quot;reference&quot;:&quot;auto&quot;,&quot;class&quot;:&quot;&quot;,&quot;count&quot;:&quot;1&quot;,&quot;legendonly&quot;:&quot;&quot;,&quot;readonly&quot;:&quot;&quot;,&quot;score&quot;:&quot;1&quot;,&quot;starsonly&quot;:&quot;&quot;,&quot;best&quot;:&quot;5&quot;,&quot;gap&quot;:&quot;5&quot;,&quot;greet&quot;:&quot;Rate this post&quot;,&quot;legend&quot;:&quot;1\\\/5 - (1 vote)&quot;,&quot;size&quot;:&quot;24&quot;,&quot;width&quot;:&quot;26.5&quot;,&quot;_legend&quot;:&quot;{score}\\\/{best} - ({count} {votes})&quot;,&quot;font_factor&quot;:&quot;1.25&quot;}'>\n            \n<div class=\"kksr-stars\">\n    \n<div class=\"kksr-stars-inactive\">\n            <div class=\"kksr-star\" data-star=\"1\" style=\"padding-right: 5px\">\n            \n\n<div class=\"kksr-icon\" style=\"width: 24px; height: 24px;\"><\/div>\n        <\/div>\n            <div class=\"kksr-star\" data-star=\"2\" style=\"padding-right: 5px\">\n            \n\n<div class=\"kksr-icon\" style=\"width: 24px; height: 24px;\"><\/div>\n        <\/div>\n            <div class=\"kksr-star\" data-star=\"3\" style=\"padding-right: 5px\">\n            \n\n<div class=\"kksr-icon\" style=\"width: 24px; height: 24px;\"><\/div>\n        <\/div>\n            <div class=\"kksr-star\" data-star=\"4\" style=\"padding-right: 5px\">\n            \n\n<div class=\"kksr-icon\" style=\"width: 24px; height: 24px;\"><\/div>\n        <\/div>\n            <div class=\"kksr-star\" data-star=\"5\" style=\"padding-right: 5px\">\n            \n\n<div class=\"kksr-icon\" style=\"width: 24px; height: 24px;\"><\/div>\n        <\/div>\n    <\/div>\n    \n<div class=\"kksr-stars-active\" style=\"width: 26.5px;\">\n            <div class=\"kksr-star\" style=\"padding-right: 5px\">\n            \n\n<div class=\"kksr-icon\" style=\"width: 24px; height: 24px;\"><\/div>\n        <\/div>\n            <div class=\"kksr-star\" style=\"padding-right: 5px\">\n            \n\n<div class=\"kksr-icon\" style=\"width: 24px; height: 24px;\"><\/div>\n        <\/div>\n            <div class=\"kksr-star\" style=\"padding-right: 5px\">\n            \n\n<div class=\"kksr-icon\" style=\"width: 24px; height: 24px;\"><\/div>\n        <\/div>\n            <div class=\"kksr-star\" style=\"padding-right: 5px\">\n            \n\n<div class=\"kksr-icon\" style=\"width: 24px; height: 24px;\"><\/div>\n        <\/div>\n            <div class=\"kksr-star\" style=\"padding-right: 5px\">\n            \n\n<div class=\"kksr-icon\" style=\"width: 24px; height: 24px;\"><\/div>\n        <\/div>\n    <\/div>\n<\/div>\n                \n\n<div class=\"kksr-legend\" style=\"font-size: 19.2px;\">\n            1\/5 - (1 vote)    <\/div>\n    <\/div>\n","protected":false},"excerpt":{"rendered":"<p>Ko\u0144c\u00f3wka sierpnia kojarzy si\u0119 tylko z jednym &#8211; ko\u0144cem beztroskich wakacji zar\u00f3wno dla uczni\u00f3w, jak i dla os\u00f3b aktywnych zawodowo. Czy powr\u00f3t do pracy po wolnym musi by\u0107 a\u017c taki straszny? Co zrobi\u0107, aby powr\u00f3t do naszego miejsca pracy nie by\u0142 dla nas szokiem? Radzimy jak wr\u00f3ci\u0107 do pracy po urlopie i nie zwariowa\u0107.\u00a0<\/p>\n","protected":false},"author":3,"featured_media":7818,"comment_status":"open","ping_status":"open","sticky":false,"template":"","format":"standard","meta":[],"categories":[5],"tags":[],"yoast_head":"<!-- This site is optimized with the Yoast SEO plugin v18.4.1 - https:\/\/yoast.com\/wordpress\/plugins\/seo\/ -->\n<title>Jak wr\u00f3ci\u0107 do pracy po urlopie i nie zwariowa\u0107? - Pakuten blog<\/title>\n<meta name=\"description\" content=\"Ko\u0144c\u00f3wka sierpnia kojarzy si\u0119 tylko z jednym - ko\u0144cem beztroskich wakacji zar\u00f3wno dla uczni\u00f3w, jak i dla os\u00f3b aktywnych zawodowo. Czy powr\u00f3t do pracy po wolnym musi by\u0107 a\u017c taki straszny? Co zrobi\u0107, aby powr\u00f3t do naszego miejsca pracy nie by\u0142 dla nas szokiem? Radzimy jak wr\u00f3ci\u0107 do pracy po urlopie i nie zwariowa\u0107.\u00a0\" \/>\n<meta name=\"robots\" content=\"index, follow, max-snippet:-1, max-image-preview:large, max-video-preview:-1\" \/>\n<link rel=\"canonical\" href=\"https:\/\/pakuten.pl\/blog\/jak-wrocic-do-pracy-po-urlopie-i-nie-zwariowac\/\" \/>\n<meta property=\"og:locale\" content=\"pl_PL\" \/>\n<meta property=\"og:type\" content=\"article\" \/>\n<meta property=\"og:title\" content=\"Jak wr\u00f3ci\u0107 do pracy po urlopie i nie zwariowa\u0107? - Pakuten blog\" \/>\n<meta property=\"og:description\" content=\"Ko\u0144c\u00f3wka sierpnia kojarzy si\u0119 tylko z jednym - ko\u0144cem beztroskich wakacji zar\u00f3wno dla uczni\u00f3w, jak i dla os\u00f3b aktywnych zawodowo. Czy powr\u00f3t do pracy po wolnym musi by\u0107 a\u017c taki straszny? Co zrobi\u0107, aby powr\u00f3t do naszego miejsca pracy nie by\u0142 dla nas szokiem? Radzimy jak wr\u00f3ci\u0107 do pracy po urlopie i nie zwariowa\u0107.\u00a0\" \/>\n<meta property=\"og:url\" content=\"https:\/\/pakuten.pl\/blog\/jak-wrocic-do-pracy-po-urlopie-i-nie-zwariowac\/\" \/>\n<meta property=\"og:site_name\" content=\"Pakuten blog\" \/>\n<meta property=\"article:published_time\" content=\"2023-08-21T12:46:00+00:00\" \/>\n<meta property=\"article:modified_time\" content=\"2023-08-21T11:25:55+00:00\" \/>\n<meta property=\"og:image\" content=\"https:\/\/pakuten.pl\/blog\/wp-content\/uploads\/2023\/08\/Jak-wro\u0301cic\u0301-do-pracy-po-urlopie-i-nie-zwariowac\u0301-1024x683.jpg\" \/>\n\t<meta property=\"og:image:width\" content=\"1024\" \/>\n\t<meta property=\"og:image:height\" content=\"683\" \/>\n\t<meta property=\"og:image:type\" content=\"image\/jpeg\" \/>\n<meta name=\"twitter:card\" content=\"summary_large_image\" \/>\n<meta name=\"twitter:label1\" content=\"Napisane przez\" \/>\n\t<meta name=\"twitter:data1\" content=\"Pakuten Girl\" \/>\n\t<meta name=\"twitter:label2\" content=\"Szacowany czas czytania\" \/>\n\t<meta name=\"twitter:data2\" content=\"7 minut\" \/>\n<script type=\"application\/ld+json\" class=\"yoast-schema-graph\">{\"@context\":\"https:\/\/schema.org\",\"@graph\":[{\"@type\":\"Organization\",\"@id\":\"https:\/\/pakuten.pl\/blog\/#organization\",\"name\":\"Pakuten\",\"url\":\"https:\/\/pakuten.pl\/blog\/\",\"sameAs\":[],\"logo\":{\"@type\":\"ImageObject\",\"@id\":\"https:\/\/pakuten.pl\/blog\/#logo\",\"inLanguage\":\"pl-PL\",\"url\":\"http:\/\/pakuten.pl\/blog\/wp-content\/uploads\/2018\/01\/pakuten_logo.png\",\"contentUrl\":\"http:\/\/pakuten.pl\/blog\/wp-content\/uploads\/2018\/01\/pakuten_logo.png\",\"width\":300,\"height\":120,\"caption\":\"Pakuten\"},\"image\":{\"@id\":\"https:\/\/pakuten.pl\/blog\/#logo\"}},{\"@type\":\"WebSite\",\"@id\":\"https:\/\/pakuten.pl\/blog\/#website\",\"url\":\"https:\/\/pakuten.pl\/blog\/\",\"name\":\"Pakuten blog\",\"description\":\"Blog sklepu internetowego pakuten.pl\",\"publisher\":{\"@id\":\"https:\/\/pakuten.pl\/blog\/#organization\"},\"potentialAction\":[{\"@type\":\"SearchAction\",\"target\":{\"@type\":\"EntryPoint\",\"urlTemplate\":\"https:\/\/pakuten.pl\/blog\/?s={search_term_string}\"},\"query-input\":\"required name=search_term_string\"}],\"inLanguage\":\"pl-PL\"},{\"@type\":\"ImageObject\",\"@id\":\"https:\/\/pakuten.pl\/blog\/jak-wrocic-do-pracy-po-urlopie-i-nie-zwariowac\/#primaryimage\",\"inLanguage\":\"pl-PL\",\"url\":\"https:\/\/pakuten.pl\/blog\/wp-content\/uploads\/2023\/08\/Jak-wro\u0301cic\u0301-do-pracy-po-urlopie-i-nie-zwariowac\u0301.jpg\",\"contentUrl\":\"https:\/\/pakuten.pl\/blog\/wp-content\/uploads\/2023\/08\/Jak-wro\u0301cic\u0301-do-pracy-po-urlopie-i-nie-zwariowac\u0301.jpg\",\"width\":4032,\"height\":2689},{\"@type\":\"WebPage\",\"@id\":\"https:\/\/pakuten.pl\/blog\/jak-wrocic-do-pracy-po-urlopie-i-nie-zwariowac\/#webpage\",\"url\":\"https:\/\/pakuten.pl\/blog\/jak-wrocic-do-pracy-po-urlopie-i-nie-zwariowac\/\",\"name\":\"Jak wr\u00f3ci\u0107 do pracy po urlopie i nie zwariowa\u0107? - Pakuten blog\",\"isPartOf\":{\"@id\":\"https:\/\/pakuten.pl\/blog\/#website\"},\"primaryImageOfPage\":{\"@id\":\"https:\/\/pakuten.pl\/blog\/jak-wrocic-do-pracy-po-urlopie-i-nie-zwariowac\/#primaryimage\"},\"datePublished\":\"2023-08-21T12:46:00+00:00\",\"dateModified\":\"2023-08-21T11:25:55+00:00\",\"description\":\"Ko\u0144c\u00f3wka sierpnia kojarzy si\u0119 tylko z jednym - ko\u0144cem beztroskich wakacji zar\u00f3wno dla uczni\u00f3w, jak i dla os\u00f3b aktywnych zawodowo. Czy powr\u00f3t do pracy po wolnym musi by\u0107 a\u017c taki straszny? Co zrobi\u0107, aby powr\u00f3t do naszego miejsca pracy nie by\u0142 dla nas szokiem? Radzimy jak wr\u00f3ci\u0107 do pracy po urlopie i nie zwariowa\u0107.\u00a0\",\"breadcrumb\":{\"@id\":\"https:\/\/pakuten.pl\/blog\/jak-wrocic-do-pracy-po-urlopie-i-nie-zwariowac\/#breadcrumb\"},\"inLanguage\":\"pl-PL\",\"potentialAction\":[{\"@type\":\"ReadAction\",\"target\":[\"https:\/\/pakuten.pl\/blog\/jak-wrocic-do-pracy-po-urlopie-i-nie-zwariowac\/\"]}]},{\"@type\":\"BreadcrumbList\",\"@id\":\"https:\/\/pakuten.pl\/blog\/jak-wrocic-do-pracy-po-urlopie-i-nie-zwariowac\/#breadcrumb\",\"itemListElement\":[{\"@type\":\"ListItem\",\"position\":1,\"name\":\"Strona g\u0142\u00f3wna\",\"item\":\"https:\/\/pakuten.pl\/blog\/\"},{\"@type\":\"ListItem\",\"position\":2,\"name\":\"Jak wr\u00f3ci\u0107 do pracy po urlopie i nie zwariowa\u0107?\"}]},{\"@type\":\"Article\",\"@id\":\"https:\/\/pakuten.pl\/blog\/jak-wrocic-do-pracy-po-urlopie-i-nie-zwariowac\/#article\",\"isPartOf\":{\"@id\":\"https:\/\/pakuten.pl\/blog\/jak-wrocic-do-pracy-po-urlopie-i-nie-zwariowac\/#webpage\"},\"author\":{\"@id\":\"https:\/\/pakuten.pl\/blog\/#\/schema\/person\/d7133af30211381a4e4536d088384556\"},\"headline\":\"Jak wr\u00f3ci\u0107 do pracy po urlopie i nie zwariowa\u0107?\",\"datePublished\":\"2023-08-21T12:46:00+00:00\",\"dateModified\":\"2023-08-21T11:25:55+00:00\",\"mainEntityOfPage\":{\"@id\":\"https:\/\/pakuten.pl\/blog\/jak-wrocic-do-pracy-po-urlopie-i-nie-zwariowac\/#webpage\"},\"wordCount\":1251,\"commentCount\":0,\"publisher\":{\"@id\":\"https:\/\/pakuten.pl\/blog\/#organization\"},\"image\":{\"@id\":\"https:\/\/pakuten.pl\/blog\/jak-wrocic-do-pracy-po-urlopie-i-nie-zwariowac\/#primaryimage\"},\"thumbnailUrl\":\"https:\/\/pakuten.pl\/blog\/wp-content\/uploads\/2023\/08\/Jak-wro\u0301cic\u0301-do-pracy-po-urlopie-i-nie-zwariowac\u0301.jpg\",\"articleSection\":[\"Inspirations\"],\"inLanguage\":\"pl-PL\",\"potentialAction\":[{\"@type\":\"CommentAction\",\"name\":\"Comment\",\"target\":[\"https:\/\/pakuten.pl\/blog\/jak-wrocic-do-pracy-po-urlopie-i-nie-zwariowac\/#respond\"]}]},{\"@type\":\"Person\",\"@id\":\"https:\/\/pakuten.pl\/blog\/#\/schema\/person\/d7133af30211381a4e4536d088384556\",\"name\":\"Pakuten Girl\",\"image\":{\"@type\":\"ImageObject\",\"@id\":\"https:\/\/pakuten.pl\/blog\/#personlogo\",\"inLanguage\":\"pl-PL\",\"url\":\"https:\/\/secure.gravatar.com\/avatar\/d3df41de2caf92e6cfded9430c2ff352?s=96&d=mm&r=g\",\"contentUrl\":\"https:\/\/secure.gravatar.com\/avatar\/d3df41de2caf92e6cfded9430c2ff352?s=96&d=mm&r=g\",\"caption\":\"Pakuten Girl\"},\"description\":\"Cze\u015b\u0107, nazywam si\u0119 Ola. Kocham Netflixa, sals\u0119, nowo\u015bci kosmetyczne i najnowsze trendy w modzie.\",\"url\":\"https:\/\/pakuten.pl\/blog\/author\/pakuten-girl\/\"}]}<\/script>\n<!-- \/ Yoast SEO plugin. -->","yoast_head_json":{"title":"Jak wr\u00f3ci\u0107 do pracy po urlopie i nie zwariowa\u0107? - Pakuten blog","description":"Ko\u0144c\u00f3wka sierpnia kojarzy si\u0119 tylko z jednym - ko\u0144cem beztroskich wakacji zar\u00f3wno dla uczni\u00f3w, jak i dla os\u00f3b aktywnych zawodowo. Czy powr\u00f3t do pracy po wolnym musi by\u0107 a\u017c taki straszny? Co zrobi\u0107, aby powr\u00f3t do naszego miejsca pracy nie by\u0142 dla nas szokiem? Radzimy jak wr\u00f3ci\u0107 do pracy po urlopie i nie zwariowa\u0107.\u00a0","robots":{"index":"index","follow":"follow","max-snippet":"max-snippet:-1","max-image-preview":"max-image-preview:large","max-video-preview":"max-video-preview:-1"},"canonical":"https:\/\/pakuten.pl\/blog\/jak-wrocic-do-pracy-po-urlopie-i-nie-zwariowac\/","og_locale":"pl_PL","og_type":"article","og_title":"Jak wr\u00f3ci\u0107 do pracy po urlopie i nie zwariowa\u0107? - Pakuten blog","og_description":"Ko\u0144c\u00f3wka sierpnia kojarzy si\u0119 tylko z jednym - ko\u0144cem beztroskich wakacji zar\u00f3wno dla uczni\u00f3w, jak i dla os\u00f3b aktywnych zawodowo. Czy powr\u00f3t do pracy po wolnym musi by\u0107 a\u017c taki straszny? Co zrobi\u0107, aby powr\u00f3t do naszego miejsca pracy nie by\u0142 dla nas szokiem? Radzimy jak wr\u00f3ci\u0107 do pracy po urlopie i nie zwariowa\u0107.\u00a0","og_url":"https:\/\/pakuten.pl\/blog\/jak-wrocic-do-pracy-po-urlopie-i-nie-zwariowac\/","og_site_name":"Pakuten blog","article_published_time":"2023-08-21T12:46:00+00:00","article_modified_time":"2023-08-21T11:25:55+00:00","og_image":[{"width":1024,"height":683,"url":"https:\/\/pakuten.pl\/blog\/wp-content\/uploads\/2023\/08\/Jak-wro\u0301cic\u0301-do-pracy-po-urlopie-i-nie-zwariowac\u0301-1024x683.jpg","type":"image\/jpeg"}],"twitter_card":"summary_large_image","twitter_misc":{"Napisane przez":"Pakuten Girl","Szacowany czas czytania":"7 minut"},"schema":{"@context":"https:\/\/schema.org","@graph":[{"@type":"Organization","@id":"https:\/\/pakuten.pl\/blog\/#organization","name":"Pakuten","url":"https:\/\/pakuten.pl\/blog\/","sameAs":[],"logo":{"@type":"ImageObject","@id":"https:\/\/pakuten.pl\/blog\/#logo","inLanguage":"pl-PL","url":"http:\/\/pakuten.pl\/blog\/wp-content\/uploads\/2018\/01\/pakuten_logo.png","contentUrl":"http:\/\/pakuten.pl\/blog\/wp-content\/uploads\/2018\/01\/pakuten_logo.png","width":300,"height":120,"caption":"Pakuten"},"image":{"@id":"https:\/\/pakuten.pl\/blog\/#logo"}},{"@type":"WebSite","@id":"https:\/\/pakuten.pl\/blog\/#website","url":"https:\/\/pakuten.pl\/blog\/","name":"Pakuten blog","description":"Blog sklepu internetowego pakuten.pl","publisher":{"@id":"https:\/\/pakuten.pl\/blog\/#organization"},"potentialAction":[{"@type":"SearchAction","target":{"@type":"EntryPoint","urlTemplate":"https:\/\/pakuten.pl\/blog\/?s={search_term_string}"},"query-input":"required name=search_term_string"}],"inLanguage":"pl-PL"},{"@type":"ImageObject","@id":"https:\/\/pakuten.pl\/blog\/jak-wrocic-do-pracy-po-urlopie-i-nie-zwariowac\/#primaryimage","inLanguage":"pl-PL","url":"https:\/\/pakuten.pl\/blog\/wp-content\/uploads\/2023\/08\/Jak-wro\u0301cic\u0301-do-pracy-po-urlopie-i-nie-zwariowac\u0301.jpg","contentUrl":"https:\/\/pakuten.pl\/blog\/wp-content\/uploads\/2023\/08\/Jak-wro\u0301cic\u0301-do-pracy-po-urlopie-i-nie-zwariowac\u0301.jpg","width":4032,"height":2689},{"@type":"WebPage","@id":"https:\/\/pakuten.pl\/blog\/jak-wrocic-do-pracy-po-urlopie-i-nie-zwariowac\/#webpage","url":"https:\/\/pakuten.pl\/blog\/jak-wrocic-do-pracy-po-urlopie-i-nie-zwariowac\/","name":"Jak wr\u00f3ci\u0107 do pracy po urlopie i nie zwariowa\u0107? - Pakuten blog","isPartOf":{"@id":"https:\/\/pakuten.pl\/blog\/#website"},"primaryImageOfPage":{"@id":"https:\/\/pakuten.pl\/blog\/jak-wrocic-do-pracy-po-urlopie-i-nie-zwariowac\/#primaryimage"},"datePublished":"2023-08-21T12:46:00+00:00","dateModified":"2023-08-21T11:25:55+00:00","description":"Ko\u0144c\u00f3wka sierpnia kojarzy si\u0119 tylko z jednym - ko\u0144cem beztroskich wakacji zar\u00f3wno dla uczni\u00f3w, jak i dla os\u00f3b aktywnych zawodowo. Czy powr\u00f3t do pracy po wolnym musi by\u0107 a\u017c taki straszny? Co zrobi\u0107, aby powr\u00f3t do naszego miejsca pracy nie by\u0142 dla nas szokiem? Radzimy jak wr\u00f3ci\u0107 do pracy po urlopie i nie zwariowa\u0107.\u00a0","breadcrumb":{"@id":"https:\/\/pakuten.pl\/blog\/jak-wrocic-do-pracy-po-urlopie-i-nie-zwariowac\/#breadcrumb"},"inLanguage":"pl-PL","potentialAction":[{"@type":"ReadAction","target":["https:\/\/pakuten.pl\/blog\/jak-wrocic-do-pracy-po-urlopie-i-nie-zwariowac\/"]}]},{"@type":"BreadcrumbList","@id":"https:\/\/pakuten.pl\/blog\/jak-wrocic-do-pracy-po-urlopie-i-nie-zwariowac\/#breadcrumb","itemListElement":[{"@type":"ListItem","position":1,"name":"Strona g\u0142\u00f3wna","item":"https:\/\/pakuten.pl\/blog\/"},{"@type":"ListItem","position":2,"name":"Jak wr\u00f3ci\u0107 do pracy po urlopie i nie zwariowa\u0107?"}]},{"@type":"Article","@id":"https:\/\/pakuten.pl\/blog\/jak-wrocic-do-pracy-po-urlopie-i-nie-zwariowac\/#article","isPartOf":{"@id":"https:\/\/pakuten.pl\/blog\/jak-wrocic-do-pracy-po-urlopie-i-nie-zwariowac\/#webpage"},"author":{"@id":"https:\/\/pakuten.pl\/blog\/#\/schema\/person\/d7133af30211381a4e4536d088384556"},"headline":"Jak wr\u00f3ci\u0107 do pracy po urlopie i nie zwariowa\u0107?","datePublished":"2023-08-21T12:46:00+00:00","dateModified":"2023-08-21T11:25:55+00:00","mainEntityOfPage":{"@id":"https:\/\/pakuten.pl\/blog\/jak-wrocic-do-pracy-po-urlopie-i-nie-zwariowac\/#webpage"},"wordCount":1251,"commentCount":0,"publisher":{"@id":"https:\/\/pakuten.pl\/blog\/#organization"},"image":{"@id":"https:\/\/pakuten.pl\/blog\/jak-wrocic-do-pracy-po-urlopie-i-nie-zwariowac\/#primaryimage"},"thumbnailUrl":"https:\/\/pakuten.pl\/blog\/wp-content\/uploads\/2023\/08\/Jak-wro\u0301cic\u0301-do-pracy-po-urlopie-i-nie-zwariowac\u0301.jpg","articleSection":["Inspirations"],"inLanguage":"pl-PL","potentialAction":[{"@type":"CommentAction","name":"Comment","target":["https:\/\/pakuten.pl\/blog\/jak-wrocic-do-pracy-po-urlopie-i-nie-zwariowac\/#respond"]}]},{"@type":"Person","@id":"https:\/\/pakuten.pl\/blog\/#\/schema\/person\/d7133af30211381a4e4536d088384556","name":"Pakuten Girl","image":{"@type":"ImageObject","@id":"https:\/\/pakuten.pl\/blog\/#personlogo","inLanguage":"pl-PL","url":"https:\/\/secure.gravatar.com\/avatar\/d3df41de2caf92e6cfded9430c2ff352?s=96&d=mm&r=g","contentUrl":"https:\/\/secure.gravatar.com\/avatar\/d3df41de2caf92e6cfded9430c2ff352?s=96&d=mm&r=g","caption":"Pakuten Girl"},"description":"Cze\u015b\u0107, nazywam si\u0119 Ola. Kocham Netflixa, sals\u0119, nowo\u015bci kosmetyczne i najnowsze trendy w modzie.","url":"https:\/\/pakuten.pl\/blog\/author\/pakuten-girl\/"}]}},"_links":{"self":[{"href":"https:\/\/pakuten.pl\/blog\/wp-json\/wp\/v2\/posts\/5001"}],"collection":[{"href":"https:\/\/pakuten.pl\/blog\/wp-json\/wp\/v2\/posts"}],"about":[{"href":"https:\/\/pakuten.pl\/blog\/wp-json\/wp\/v2\/types\/post"}],"author":[{"embeddable":true,"href":"https:\/\/pakuten.pl\/blog\/wp-json\/wp\/v2\/users\/3"}],"replies":[{"embeddable":true,"href":"https:\/\/pakuten.pl\/blog\/wp-json\/wp\/v2\/comments?post=5001"}],"version-history":[{"count":11,"href":"https:\/\/pakuten.pl\/blog\/wp-json\/wp\/v2\/posts\/5001\/revisions"}],"predecessor-version":[{"id":7821,"href":"https:\/\/pakuten.pl\/blog\/wp-json\/wp\/v2\/posts\/5001\/revisions\/7821"}],"wp:featuredmedia":[{"embeddable":true,"href":"https:\/\/pakuten.pl\/blog\/wp-json\/wp\/v2\/media\/7818"}],"wp:attachment":[{"href":"https:\/\/pakuten.pl\/blog\/wp-json\/wp\/v2\/media?parent=5001"}],"wp:term":[{"taxonomy":"category","embeddable":true,"href":"https:\/\/pakuten.pl\/blog\/wp-json\/wp\/v2\/categories?post=5001"},{"taxonomy":"post_tag","embeddable":true,"href":"https:\/\/pakuten.pl\/blog\/wp-json\/wp\/v2\/tags?post=5001"}],"curies":[{"name":"wp","href":"https:\/\/api.w.org\/{rel}","templated":true}]}}