{"id":5662,"date":"2023-09-18T14:42:00","date_gmt":"2023-09-18T12:42:00","guid":{"rendered":"https:\/\/pakuten.pl\/blog\/?p=5662"},"modified":"2023-09-18T10:55:22","modified_gmt":"2023-09-18T08:55:22","slug":"jesienne-trendy-w-modzie-dla-pan-30-40-oraz-50-plus-zmien-z-nami-swoja-garderobe","status":"publish","type":"post","link":"https:\/\/pakuten.pl\/blog\/jesienne-trendy-w-modzie-dla-pan-30-40-oraz-50-plus-zmien-z-nami-swoja-garderobe\/","title":{"rendered":"Jesienne trendy w modzie dla pa\u0144 30, 40 oraz 50 plus. Zmie\u0144 z nami swoj\u0105 garderob\u0119."},"content":{"rendered":"\n<p><strong>Moda rz\u0105dzi si\u0119 swoimi prawami i chocia\u017c zawsze jest tak, \u017ce panuje moda na konkretny model, albo kolor ubra\u0144, to zawsze te\u017c obowi\u0105zuje podzia\u0142 na wiek. Bo przecie\u017c co innego za\u0142o\u017cy dwudziestolatka, a co innego pani po pi\u0119\u0107dziesi\u0105tce. Postanowili\u015bmy poruszy\u0107 ten temat i przygotowa\u0107 dla Was kilka ciekawych propozycji. Poznaj jesienne trendy 2023 dla pani w ka\u017cdym wieku.\u00a0<\/strong><\/p>\n<h2><span style=\"color: #ff9900;\">Jak ubra\u0107 si\u0119 modnie po 30. ?<\/span><\/h2>\n<p>Kiedy wchodzisz w wiek zaczynaj\u0105cy si\u0119 od tr\u00f3jki, zaczynasz dok\u0142adniej przygl\u0105da\u0107 si\u0119 swojej szafie. Twoje <span style=\"color: #ff9900;\"><a style=\"color: #ff9900;\" href=\"https:\/\/pakuten.pl\/26-spodnice\">sp\u00f3dniczki<\/a><\/span> nie s\u0105 ju\u017c a\u017c tak kuse, a bluzki nieco bardziej oficjalne. Nie oznacza to oczywi\u015bcie, \u017ce musisz nagle z dnia na dzie\u0144 przewr\u00f3ci\u0107 do g\u00f3ry nogami ca\u0142\u0105 swoj\u0105 szaf\u0119, \u017ce ju\u017c nie wolno Ci nosi\u0107 szort\u00f3w, albo kr\u00f3tkich <span style=\"color: #ff9900;\"><a style=\"color: #ff9900;\" href=\"https:\/\/pakuten.pl\/27-sukienki\" target=\"_blank\" rel=\"noopener\">sukienek<\/a><\/span>. Nadal z pewno\u015bci\u0105 szukasz inspiracji w internecie, ale ju\u017c zwracasz znacznie wi\u0119cej uwagi na szczeg\u00f3\u0142y, jak i na kolor ubra\u0144. Powoli pewnie zaczynasz odk\u0142ada\u0107 gdzie\u015b na ty\u0142 p\u00f3\u0142ki neonowe ubrania, czy krzykliwe, cekinowe dodatki. Nie przejmuj si\u0119 jednak a\u017c tak bardzo zmianami. <strong>Nadal jeste\u015b m\u0142od\u0105 osob\u0105, kt\u00f3ra mo\u017ce \u015bmia\u0142o eksperymentowa\u0107 z mod\u0105.<\/strong> Dlatego \u015bmia\u0142o ogl\u0105daj pokazy mody, poszukuj\u0105c wci\u0105\u017c nowych rozwi\u0105za\u0144, podpatruj Influencerki, kt\u00f3re to co rusz pokazuj\u0105 nowe isnpiracje.<\/p>\n<p><strong>Si\u0119gaj po nowe wzory, nowe kolory.<\/strong> Bierz jednak zawsze pod uwag\u0119 dress code i dostosuj sw\u00f3j ubi\u00f3r do danej okazji. Pani w wieku 30 plus na pewno powinna ju\u017c doskonale wiedzie\u0107 jak si\u0119 ubra\u0107 na wesele, do pracy oraz na imprez\u0119 w klubie. B\u0105d\u017a \u015bwiadoma swojego cia\u0142a. Dobieraj ubrania tak, aby\u015b to Ty czu\u0142a si\u0119 w nich dobrze. Odzie\u017c dla pa\u0144 po trzydziestce powinna opiera\u0107 si\u0119 na basicowych modelach. Stw\u00f3rz <span style=\"color: #ff9900;\"><a style=\"color: #ff9900;\" href=\"https:\/\/pakuten.pl\/blog\/jak-utrzymac-porzadek-w-szafie-poznaj-porady-eksperta\/https:\/\/pakuten.pl\/blog\/jak-utrzymac-porzadek-w-szafie-poznaj-porady-eksperta\/\" target=\"_blank\" rel=\"noopener\">szaf\u0119 kapsu\u0142ow\u0105<\/a><\/span>. To znacznie u\u0142atwi Ci utrzyma\u0107 w niej porz\u0105dek. <strong>Czego nie mo\u017ce zabrakn\u0105\u0107 w szafie trzydziestolatki?<\/strong> Na pewno kilku par jeans\u00f3w, bia\u0142ej koszuli, koszulek na kr\u00f3tki r\u0119kaw (g\u0142adkich i z nadrukiem), <strong>sukienek<\/strong> odpowiednio dobranych do figury i\u00a0 okazji. Proste <strong>sweterki<\/strong> i p\u0142aszcz s\u0105 r\u00f3wnie\u017c obowi\u0105zkowe. Nie staraj si\u0119 na si\u0142\u0119 ubiera\u0107 zbyt powa\u017cnie i elegancko, gdy\u017c mo\u017cesz przez przypadek si\u0119 postarze\u0107 wygl\u0105dem i strojem.\u00a0<\/p>\n<div class=\"product-box-container\">\r\n<div class=\"one_third \" style=\"\">\r\n<div class=\"product-box\">\r\n<a href=\"https:\/\/pakuten.pl\/33846-75148-czarna-sukienka-z-tiulowymi-rekawami-w-serduszka-michala-czarny.html\" target=\"_blank\">\r\n <img src=\"https:\/\/media.pakuten.pl\/203139-large_default\/czarna-sukienka-z-tiulowymi-rekawami-w-serduszka-michala.jpg\" alt=\"Czarna sukienka z tiulowymi r\u0119kawami w serduszka Michala\"\/>\r\n<\/a>\r\n<p>\r\n<a href=\"https:\/\/pakuten.pl\/33846-75148-czarna-sukienka-z-tiulowymi-rekawami-w-serduszka-michala-czarny.html\" target=\"_blank\">\r\nCzarna sukienka z tiulowymi r\u0119kawami w serduszka Michala\r\n<\/a><\/p>\r\n  <p>Cena: 97,29\u00a0z\u0142<\/p>\r\n<a href=\"https:\/\/pakuten.pl\/33846-75148-czarna-sukienka-z-tiulowymi-rekawami-w-serduszka-michala-czarny.html\" target=\"_blank\" class=\"button\">\r\nZobacz w sklepie\r\n<\/a>\r\n<\/div>\r\n<\/div>\r\n<div class=\"one_third \" style=\"\">\r\n<div class=\"product-box\">\r\n<a href=\"https:\/\/pakuten.pl\/33827-75114-czarna-welurowa-sukienka-z-tiulem-alva-czarny.html\" target=\"_blank\">\r\n  <img src=\"https:\/\/media.pakuten.pl\/203042-large_default\/czarna-welurowa-sukienka-z-tiulem-alva.jpg\" alt=\"Czarna welurowa sukienka z tiulem Alva\"\/>\r\n<\/a>\r\n<p>\r\n<a href=\"https:\/\/pakuten.pl\/33827-75114-czarna-welurowa-sukienka-z-tiulem-alva-czarny.html\" target=\"_blank\">\r\nCzarna welurowa sukienka z tiulem Alva\r\n<\/a><\/p>\r\n  <p>Cena: 129,49\u00a0z\u0142<\/p>\r\n<a href=\"https:\/\/pakuten.pl\/33827-75114-czarna-welurowa-sukienka-z-tiulem-alva-czarny.html\" target=\"_blank\" class=\"button\">\r\nZobacz w sklepie\r\n<\/a>\r\n<\/div>\r\n<\/div>\r\n<div class=\"one_third last \" style=\"\">\r\n<div class=\"product-box\">\r\n<a href=\"https:\/\/pakuten.pl\/33816-75100-sukienka-z-tiulowymi-rekawami-liliana-butelkowa-zielen-butelkowa-zielen.html\" target=\"_blank\">\r\n  <img src=\"https:\/\/media.pakuten.pl\/202984-large_default\/sukienka-z-tiulowymi-rekawami-liliana-butelkowa-zielen.jpg\" alt=\"Sukienka z tiulowymi r\u0119kawami Liliana - butelkowa ziele\u0144\"\/>\r\n<\/a>\r\n<p>\r\n<a href=\"https:\/\/pakuten.pl\/33816-75100-sukienka-z-tiulowymi-rekawami-liliana-butelkowa-zielen-butelkowa-zielen.html\" target=\"_blank\">\r\nSukienka z tiulowymi r\u0119kawami Liliana - butelkowa ziele\u0144\r\n<\/a><\/p>\r\n  <p>Cena: 49,99\u00a0z\u0142<\/p>\r\n<a href=\"https:\/\/pakuten.pl\/33816-75100-sukienka-z-tiulowymi-rekawami-liliana-butelkowa-zielen-butelkowa-zielen.html\" target=\"_blank\" class=\"button\">\r\nZobacz w sklepie\r\n<\/a>\r\n<\/div>\r\n<\/div><br class=\"clear\"\/>\r\n<\/div>\n<h2><span style=\"color: #ff9900;\">Stylizacje do pracy dla Pani 30 plus<\/span><\/h2>\n<p><strong>Jak ubiera\u0107 si\u0119 do pracy w wieku 30 lat?<\/strong> Twoje biurowe stylizacje powinny opiera\u0107 si\u0119 o ustalony i okre\u015blony przez szefostwo dress code. Tw\u00f3j str\u00f3j do pracy to Twoja wizyt\u00f3wka, dzi\u0119ki kt\u00f3re b\u0119dziesz odpowiednio dobrze odbierana. Nie oznacza to oczywi\u015bcie, \u017ce musisz chodzi\u0107 jedynie w garniturze, ale warto po\u015bwi\u0119ci\u0107 chwil\u0119, aby odpowiednio wygl\u0105da\u0107 w miejscu pracy. Wiele zale\u017cy od zawodu, kt\u00f3ry wykonujesz. Je\u015bli masz w pracy kontakt z klientem taki bezpo\u015bredni, to oczywi\u015bcie wa\u017cny jest bardziej oficjalny ubi\u00f3r. <strong>Bia\u0142a koszula, <span style=\"color: #ff9900;\"><a style=\"color: #ff9900;\" href=\"https:\/\/pakuten.pl\/184-spodnice-olowkowe\">sp\u00f3dnica o\u0142\u00f3wkowa<\/a><\/span><\/strong> jest mile widziana.<\/p>\n<p>Je\u017celi natomiast pracujesz w biurze, gdzie nikt z zewn\u0105trz Was nie odwiedza , mo\u017cesz pozwoli\u0107 sobie na wi\u0119ksz\u0105 swobod\u0119 w doborze ubra\u0144. Przyk\u0142ad? Wyobra\u017a sobie, \u017ce w banku przyjmuje Ci\u0119 pani w <span style=\"color: #ff9900;\"><a style=\"color: #ff9900;\" href=\"https:\/\/pakuten.pl\/70-bluzy-z-kapturem\" target=\"_blank\" rel=\"noopener\">bluzie z kap<span style=\"color: #ff9900;\">ture<\/span>m<\/a><\/span>. Z pewno\u015bci\u0105 zacz\u0119\u0142aby\u015b si\u0119 zastanawia\u0107, czy na pewno dobrze trafi\u0142a\u015b. Odpowiedniej d\u0142ugo\u015bci sukienki mo\u017cesz nosi\u0107 do pracy zawsze. Jakie sukienki mo\u017ce nosi\u0107 trzydziestolatka? <span style=\"color: #ff9900;\"><a style=\"color: #ff9900;\" href=\"https:\/\/pakuten.pl\/194-sukienki-szmizjerki\">Sukienki szmizjerki<\/a><\/span>, rozkloszowane b\u0119d\u0105 na pewno dobrze odbierane. Nie powinny by\u0107 zbyt kr\u00f3tkie (bo i tak siadaj\u0105c czy unosz\u0105c r\u0119ce) sukienka zrobi si\u0119 jeszcze kr\u00f3tsza i niepotrzebnie b\u0119dzie kr\u0119powa\u0142a Twoje ruchy.\u00a0<\/p>\n<div class=\"product-box-container\">\r\n<div class=\"one_third \" style=\"\">\r\n<div class=\"product-box\">\r\n<a href=\"https:\/\/pakuten.pl\/33825-75108-czarna-dopasowana-sukienka-z-dekoltem-i-tiulowymi-rekawami-emanuela-czarny.html\" target=\"_blank\">\r\n <img src=\"https:\/\/media.pakuten.pl\/203034-large_default\/czarna-dopasowana-sukienka-z-dekoltem-i-tiulowymi-rekawami-emanuela.jpg\" alt=\"Czarna dopasowana sukienka z dekoltem i tiulowymi r\u0119kawami Emanuela\"\/>\r\n<\/a>\r\n<p>\r\n<a href=\"https:\/\/pakuten.pl\/33825-75108-czarna-dopasowana-sukienka-z-dekoltem-i-tiulowymi-rekawami-emanuela-czarny.html\" target=\"_blank\">\r\nCzarna dopasowana sukienka z dekoltem i tiulowymi r\u0119kawami Emanuela\r\n<\/a><\/p>\r\n  <p>Cena: 29,99\u00a0z\u0142<\/p>\r\n<a href=\"https:\/\/pakuten.pl\/33825-75108-czarna-dopasowana-sukienka-z-dekoltem-i-tiulowymi-rekawami-emanuela-czarny.html\" target=\"_blank\" class=\"button\">\r\nZobacz w sklepie\r\n<\/a>\r\n<\/div>\r\n<\/div>\r\n<div class=\"one_third \" style=\"\">\r\n<div class=\"product-box\">\r\n<a href=\"https:\/\/pakuten.pl\/33843-75139-trencz-zapinany-na-guziki-sokiaa-odcienie-brazu-odcienie-brazu.html\" target=\"_blank\">\r\n  <img src=\"https:\/\/media.pakuten.pl\/203123-large_default\/trencz-zapinany-na-guziki-sokiaa-odcienie-brazu.jpg\" alt=\"Trencz zapinany na guziki Sokiaa - odcienie br\u0105zu\"\/>\r\n<\/a>\r\n<p>\r\n<a href=\"https:\/\/pakuten.pl\/33843-75139-trencz-zapinany-na-guziki-sokiaa-odcienie-brazu-odcienie-brazu.html\" target=\"_blank\">\r\nTrencz zapinany na guziki Sokiaa - odcienie br\u0105zu\r\n<\/a><\/p>\r\n  <p>Cena: 169,99\u00a0z\u0142<\/p>\r\n<a href=\"https:\/\/pakuten.pl\/33843-75139-trencz-zapinany-na-guziki-sokiaa-odcienie-brazu-odcienie-brazu.html\" target=\"_blank\" class=\"button\">\r\nZobacz w sklepie\r\n<\/a>\r\n<\/div>\r\n<\/div>\r\n<div class=\"one_third last \" style=\"\">\r\n<div class=\"product-box\">\r\n<a href=\"https:\/\/pakuten.pl\/33842-75136-czarna-kurtka-z-eko-skory-z-kozuchem-anuella-czarny.html\" target=\"_blank\">\r\n  <img src=\"https:\/\/media.pakuten.pl\/203117-large_default\/czarna-kurtka-z-eko-skory-z-kozuchem-anuella.jpg\" alt=\"Czarna kurtka z eko sk\u00f3ry z ko\u017cuchem Anuella\"\/>\r\n<\/a>\r\n<p>\r\n<a href=\"https:\/\/pakuten.pl\/33842-75136-czarna-kurtka-z-eko-skory-z-kozuchem-anuella-czarny.html\" target=\"_blank\">\r\nCzarna kurtka z eko sk\u00f3ry z ko\u017cuchem Anuella\r\n<\/a><\/p>\r\n  <p>Cena: 139,99\u00a0z\u0142<\/p>\r\n<a href=\"https:\/\/pakuten.pl\/33842-75136-czarna-kurtka-z-eko-skory-z-kozuchem-anuella-czarny.html\" target=\"_blank\" class=\"button\">\r\nZobacz w sklepie\r\n<\/a>\r\n<\/div>\r\n<\/div><br class=\"clear\"\/>\r\n<\/div>\n<h2><span style=\"color: #ff9900;\">Ubrania dla Pa\u0144 po 40 stce<\/span><\/h2>\n<p><strong>Jak powinna wygl\u0105da\u0107 szafa czterdziestolatki?<\/strong> Moda dla dojrza\u0142ych pa\u0144 wcale nie musi by\u0107 nudna. Na szcz\u0119\u015bcie coraz wi\u0119cej pa\u0144 poszukuje w internecie inspiracji modowych i coraz wi\u0119cej uwagi przykuwa swoim strojom. Na szcz\u0119\u015bcie oferta w obecnych czasach dla pa\u0144 40 plus to nie tylko wygodne ubrania, ale tak\u017ce modne, kt\u00f3rych nie powstydzi si\u0119 \u017cadna pani. Jak wi\u0119c ubiera\u0107 si\u0119 w wieku czterdziestu lat? <strong>Pami\u0119taj o klasyce.<\/strong> Odpowiednie ubranie na pewno nastroi Ci\u0119 pozytywnie na ca\u0142y dzie\u0144. Nie lubisz szaro\u015bci w modzie?<\/p>\n<p><strong>Kolorowe, soczyste ubranie doda Ci energii na d\u0142ugi czas.<\/strong> Jesieni\u0105 mo\u017cesz \u015bmia\u0142o wybra\u0107 czerwony p\u0142aszcz, a kiedy pada deszcz, chwy\u0107 jak\u0105\u015b kolorow\u0105 parasolk\u0119. Taka styl\u00f3wka na pewno wyr\u00f3\u017cni Ci\u0119 spo\u015br\u00f3d t\u0142umu. Oczywi\u015bcie nie przesadzaj z kolorystyk\u0105 w tym przypadku i postaw na stonowane barwy w przypadku pozosta\u0142ych element\u00f3w outfitu. <strong>Wolisz ubiera\u0107 si\u0119 na luzie?<\/strong> Taka stylizacja jest r\u00f3wnie\u017c dla Ciebie! Je\u015bli jeste\u015b aktywn\u0105 osob\u0105, postaw na sportowe obuwie i wygodne <span style=\"color: #ff9900;\"><a style=\"color: #ff9900;\" href=\"https:\/\/pakuten.pl\/25-spodnie\">spodnie<\/a><\/span> i g\u00f3r\u0119. Torebk\u0119 zamie\u0144 na wygodny plecak, w kt\u00f3ry pomie\u015bcisz mn\u00f3stwo drobnych przedmiot\u00f3w no i oczywi\u015bcie te najpotrzebniejsze, czyli telefon kom\u00f3rkowy, szmink\u0119.<\/p>\n<div class=\"product-box-container\">\r\n<div class=\"one_third \" style=\"\">\r\n<div class=\"product-box\">\r\n<a href=\"https:\/\/pakuten.pl\/33837-75131-biala-koszula-z-kolnierzykiem-i-cyrkoniami-hacie-bialy.html\" target=\"_blank\">\r\n <img src=\"https:\/\/media.pakuten.pl\/203092-large_default\/biala-koszula-z-kolnierzykiem-i-cyrkoniami-hacie.jpg\" alt=\"Bia\u0142a koszula z ko\u0142nierzykiem i cyrkoniami Hacie\"\/>\r\n<\/a>\r\n<p>\r\n<a href=\"https:\/\/pakuten.pl\/33837-75131-biala-koszula-z-kolnierzykiem-i-cyrkoniami-hacie-bialy.html\" target=\"_blank\">\r\nBia\u0142a koszula z ko\u0142nierzykiem i cyrkoniami Hacie\r\n<\/a><\/p>\r\n  <p>Cena: 145,59\u00a0z\u0142<\/p>\r\n<a href=\"https:\/\/pakuten.pl\/33837-75131-biala-koszula-z-kolnierzykiem-i-cyrkoniami-hacie-bialy.html\" target=\"_blank\" class=\"button\">\r\nZobacz w sklepie\r\n<\/a>\r\n<\/div>\r\n<\/div>\r\n<div class=\"one_third \" style=\"\">\r\n<div class=\"product-box\">\r\n<a href=\"https:\/\/pakuten.pl\/33820-75091-sukienka-z-tiulowymi-rekawami-w-grochy-elmar-butelkowa-zielen-butelkowa-zielen.html\" target=\"_blank\">\r\n  <img src=\"https:\/\/media.pakuten.pl\/203004-large_default\/sukienka-z-tiulowymi-rekawami-w-grochy-elmar-butelkowa-zielen.jpg\" alt=\"Sukienka z tiulowymi r\u0119kawami w grochy Elmar - butelkowa ziele\u0144\"\/>\r\n<\/a>\r\n<p>\r\n<a href=\"https:\/\/pakuten.pl\/33820-75091-sukienka-z-tiulowymi-rekawami-w-grochy-elmar-butelkowa-zielen-butelkowa-zielen.html\" target=\"_blank\">\r\nSukienka z tiulowymi r\u0119kawami w grochy Elmar - butelkowa ziele\u0144\r\n<\/a><\/p>\r\n  <p>Cena: 39,99\u00a0z\u0142<\/p>\r\n<a href=\"https:\/\/pakuten.pl\/33820-75091-sukienka-z-tiulowymi-rekawami-w-grochy-elmar-butelkowa-zielen-butelkowa-zielen.html\" target=\"_blank\" class=\"button\">\r\nZobacz w sklepie\r\n<\/a>\r\n<\/div>\r\n<\/div>\r\n<div class=\"one_third last \" style=\"\">\r\n<div class=\"product-box\">\r\n<a href=\"https:\/\/pakuten.pl\/33795-75055-malinowa-sukienka-z-marszczeniem-na-dekolcie-celina-malinowy.html\" target=\"_blank\">\r\n  <img src=\"https:\/\/media.pakuten.pl\/202879-large_default\/malinowa-sukienka-z-marszczeniem-na-dekolcie-celina.jpg\" alt=\"Malinowa sukienka z marszczeniem na dekolcie Celina\"\/>\r\n<\/a>\r\n<p>\r\n<a href=\"https:\/\/pakuten.pl\/33795-75055-malinowa-sukienka-z-marszczeniem-na-dekolcie-celina-malinowy.html\" target=\"_blank\">\r\nMalinowa sukienka z marszczeniem na dekolcie Celina\r\n<\/a><\/p>\r\n  <p>Cena: 132,99\u00a0z\u0142<\/p>\r\n<a href=\"https:\/\/pakuten.pl\/33795-75055-malinowa-sukienka-z-marszczeniem-na-dekolcie-celina-malinowy.html\" target=\"_blank\" class=\"button\">\r\nZobacz w sklepie\r\n<\/a>\r\n<\/div>\r\n<\/div><br class=\"clear\"\/>\r\n<\/div>\n<h2><span style=\"color: #ff9900;\">Jesienne trendy w modzie dla Pa\u0144 50 plus<\/span><\/h2>\n<p><strong>Je\u017celi masz ju\u017c wi\u0119cej, ni\u017c pi\u0119\u0107dziesi\u0105t lat, nadal powinna\u015b dba\u0107 o sw\u00f3j dobry wizerunek za pomoc\u0105 odpowiednio dobranych stylizacji.<\/strong> Posi\u0142kuj si\u0119 poradami w internecie, ale je\u015bli ten wirtualny \u015bwiat jest Ci nieco obcy, nie potrafisz si\u0119 w nim do ko\u0144ca odnale\u017a\u0107, poszukaj inspiracji w gazetach dost\u0119pnych w ka\u017cdym kiosku, albo porad\u017a si\u0119 swojej c\u00f3rki \ud83d\ude42 <strong>W tym sezonie na topie, je\u015bli chodzi o mod\u0119 dla pa\u0144 50 plus , s\u0105 garnitury damskie<\/strong>, kt\u00f3re z powodzeniem przenosz\u0105 si\u0119 ze \u015bwiata biznesu do codzienno\u015bci. Oczywi\u015bcie nadal mo\u017cesz \u015bmia\u0142o si\u0119ga\u0107 po sp\u00f3dnice i swetry. Trencze i p\u0142aszcze nadal w modzie.<\/p>\n<p><strong>Ubieraj si\u0119 na cebulk\u0119<\/strong>, b\u0119dziesz wygl\u0105da\u0107 modnie\u00a0 i unikniesz przemarzni\u0119cia oraz przegrzania organizmu. Je\u017celi zaczynasz narzeka\u0107 na boczki i zb\u0119dne fa\u0142dki t\u0142uszczu, a nie czujesz si\u0119 na si\u0142ach, aby ucz\u0119szcza\u0107 na si\u0142owni\u0119, na ratunek przyjd\u0105 odpowiednio dobrane ubrani, kt\u00f3re maskuj\u0105 niedoskona\u0142o\u015bci figury. W\u015br\u00f3d jesiennych trend\u00f3w dla dojrza\u0142ych pa\u0144 znalaz\u0142y si\u0119 r\u00f3wnie\u017c <strong>at\u0142asowe sukienki<\/strong>. Jaka jest najbezpieczniejsza d\u0142ugo\u015b\u0107 sukienki dla pani po pi\u0119\u0107dziesi\u0105tce? Na pewno taka si\u0119gaj\u0105ca do po\u0142owy ud. Je\u017celi nale\u017cysz do pa\u0144 plus size, wybierz ubrania dla puszystych pa\u0144 po 50 tce. To odpowiednio dobrane fasony, kt\u00f3re dodadz\u0105 Ci pewno\u015bci siebie. Przyk\u0142ad ? Sukienka lub <span style=\"color: #ff9900;\"><a style=\"color: #ff9900;\" href=\"https:\/\/pakuten.pl\/17-bluzki\" target=\"_blank\" rel=\"noopener\">bluzka<\/a><\/span> z dekoltem w szpic, kt\u00f3ra optycznie wyszczupli Twoje cia\u0142o.\u00a0<\/p>\n<blockquote class=\"instagram-media\" style=\"background: #FFF; border: 0; border-radius: 3px; box-shadow: 0 0 1px 0 rgba(0,0,0,0.5),0 1px 10px 0 rgba(0,0,0,0.15); margin: 1px; max-width: 540px; min-width: 326px; padding: 0; width: calc(100% - 2px);\" data-instgrm-permalink=\"https:\/\/www.instagram.com\/p\/CxQS6sAsV0-\/?utm_source=ig_embed&amp;utm_campaign=loading\" data-instgrm-version=\"14\">\n<div style=\"padding: 16px;\">\n<div style=\"display: flex; flex-direction: row; align-items: center;\">\n<div style=\"background-color: #f4f4f4; border-radius: 50%; flex-grow: 0; height: 40px; margin-right: 14px; width: 40px;\">\u00a0<\/div>\n<div style=\"display: flex; flex-direction: column; flex-grow: 1; justify-content: center;\">\n<div style=\"background-color: #f4f4f4; border-radius: 4px; flex-grow: 0; height: 14px; margin-bottom: 6px; width: 100px;\">\u00a0<\/div>\n<div style=\"background-color: #f4f4f4; border-radius: 4px; flex-grow: 0; height: 14px; width: 60px;\">\u00a0<\/div>\n<\/div>\n<\/div>\n<div style=\"padding: 19% 0;\">\u00a0<\/div>\n<div style=\"display: block; height: 50px; margin: 0 auto 12px; width: 50px;\">\u00a0<\/div>\n<div style=\"padding-top: 8px;\">\n<div style=\"color: #3897f0; font-family: Arial,sans-serif; font-size: 14px; font-style: normal; font-weight: 550; line-height: 18px;\">Wy\u015bwietl ten post na Instagramie<\/div>\n<\/div>\n<div style=\"padding: 12.5% 0;\">\u00a0<\/div>\n<div style=\"display: flex; flex-direction: row; margin-bottom: 14px; align-items: center;\">\n<div>\n<div style=\"background-color: #f4f4f4; border-radius: 50%; height: 12.5px; width: 12.5px; transform: translateX(0px) translateY(7px);\">\u00a0<\/div>\n<div style=\"background-color: #f4f4f4; height: 12.5px; transform: rotate(-45deg) translateX(3px) translateY(1px); width: 12.5px; flex-grow: 0; margin-right: 14px; margin-left: 2px;\">\u00a0<\/div>\n<div style=\"background-color: #f4f4f4; border-radius: 50%; height: 12.5px; width: 12.5px; transform: translateX(9px) translateY(-18px);\">\u00a0<\/div>\n<\/div>\n<div style=\"margin-left: 8px;\">\n<div style=\"background-color: #f4f4f4; border-radius: 50%; flex-grow: 0; height: 20px; width: 20px;\">\u00a0<\/div>\n<div style=\"width: 0; height: 0; border-top: 2px solid transparent; border-left: 6px solid #f4f4f4; border-bottom: 2px solid transparent; transform: translateX(16px) translateY(-4px) rotate(30deg);\">\u00a0<\/div>\n<\/div>\n<div style=\"margin-left: auto;\">\n<div style=\"width: 0px; border-top: 8px solid #F4F4F4; border-right: 8px solid transparent; transform: translateY(16px);\">\u00a0<\/div>\n<div style=\"background-color: #f4f4f4; flex-grow: 0; height: 12px; width: 16px; transform: translateY(-4px);\">\u00a0<\/div>\n<div style=\"width: 0; height: 0; border-top: 8px solid #F4F4F4; border-left: 8px solid transparent; transform: translateY(-4px) translateX(8px);\">\u00a0<\/div>\n<\/div>\n<\/div>\n<div style=\"display: flex; flex-direction: column; flex-grow: 1; justify-content: center; margin-bottom: 24px;\">\n<div style=\"background-color: #f4f4f4; border-radius: 4px; flex-grow: 0; height: 14px; margin-bottom: 6px; width: 224px;\">\u00a0<\/div>\n<div style=\"background-color: #f4f4f4; border-radius: 4px; flex-grow: 0; height: 14px; width: 144px;\">\u00a0<\/div>\n<\/div>\n<p style=\"color: #c9c8cd; font-family: Arial,sans-serif; font-size: 14px; line-height: 17px; margin-bottom: 0; margin-top: 8px; overflow: hidden; padding: 8px 0 7px; text-align: center; text-overflow: ellipsis; white-space: nowrap;\"><a style=\"color: #c9c8cd; font-family: Arial,sans-serif; font-size: 14px; font-style: normal; font-weight: normal; line-height: 17px; text-decoration: none;\" href=\"https:\/\/www.instagram.com\/p\/CxQS6sAsV0-\/?utm_source=ig_embed&amp;utm_campaign=loading\" target=\"_blank\" rel=\"noopener\">Post udost\u0119pniony przez Pakuten.pl \u2022 Modna i tania odzie\u017c damska (@pakuten.official)<\/a><\/p>\n<\/div>\n<\/blockquote>\n<p><script async src=\"\/\/www.instagram.com\/embed.js\"><\/script><\/p>\n<h2><span style=\"color: #ff9900;\">Swetry dla elegantki po pi\u0119\u0107dziesi\u0105tce<\/span><\/h2>\n<p>Dobry wygl\u0105d i styl to nie jedyna rzecz, o kt\u00f3rej nale\u017cy pami\u0119ta\u0107 jesieni\u0105. W tym okresie ju\u017c niestety temperatury spadaj\u0105 w d\u00f3\u0142, a przy okazji szykujemy swoj\u0105 szaf\u0119 na zim\u0119. Dlatego przydadz\u0105 Ci si\u0119 na pewno <strong>przytulne swetry,<\/strong> kt\u00f3re b\u0119d\u0105 wygl\u0105da\u0142y modnie i otul\u0105 Ci\u0119 ciep\u0142em na ca\u0142y dzie\u0144. Mo\u017cesz wybra\u0107 klasyczny golf, <strong>rozpinany sweter<\/strong>, albo ten z modnym splotem warkocza. Serca ka\u017cdej eleganckiej pi\u0119\u0107dziesi\u0119ciolatki skradn\u0105 sweterki w stonowanych kolorach. Szary, be\u017cowy, bordowy, a mo\u017ce czarny? Na kt\u00f3ry Ty si\u0119 zdecydujesz?\u00a0<\/p>\n<p>\u00a0<\/p>\n\n\n<div class=\"kk-star-ratings kksr-auto kksr-align-right kksr-valign-bottom\"\n    data-payload='{&quot;align&quot;:&quot;right&quot;,&quot;id&quot;:&quot;5662&quot;,&quot;slug&quot;:&quot;default&quot;,&quot;valign&quot;:&quot;bottom&quot;,&quot;ignore&quot;:&quot;&quot;,&quot;reference&quot;:&quot;auto&quot;,&quot;class&quot;:&quot;&quot;,&quot;count&quot;:&quot;0&quot;,&quot;legendonly&quot;:&quot;&quot;,&quot;readonly&quot;:&quot;&quot;,&quot;score&quot;:&quot;0&quot;,&quot;starsonly&quot;:&quot;&quot;,&quot;best&quot;:&quot;5&quot;,&quot;gap&quot;:&quot;5&quot;,&quot;greet&quot;:&quot;Rate this post&quot;,&quot;legend&quot;:&quot;0\\\/5 - (0 votes)&quot;,&quot;size&quot;:&quot;24&quot;,&quot;width&quot;:&quot;0&quot;,&quot;_legend&quot;:&quot;{score}\\\/{best} - ({count} {votes})&quot;,&quot;font_factor&quot;:&quot;1.25&quot;}'>\n            \n<div class=\"kksr-stars\">\n    \n<div class=\"kksr-stars-inactive\">\n            <div class=\"kksr-star\" data-star=\"1\" style=\"padding-right: 5px\">\n            \n\n<div class=\"kksr-icon\" style=\"width: 24px; height: 24px;\"><\/div>\n        <\/div>\n            <div class=\"kksr-star\" data-star=\"2\" style=\"padding-right: 5px\">\n            \n\n<div class=\"kksr-icon\" style=\"width: 24px; height: 24px;\"><\/div>\n        <\/div>\n            <div class=\"kksr-star\" data-star=\"3\" style=\"padding-right: 5px\">\n            \n\n<div class=\"kksr-icon\" style=\"width: 24px; height: 24px;\"><\/div>\n        <\/div>\n            <div class=\"kksr-star\" data-star=\"4\" style=\"padding-right: 5px\">\n            \n\n<div class=\"kksr-icon\" style=\"width: 24px; height: 24px;\"><\/div>\n        <\/div>\n            <div class=\"kksr-star\" data-star=\"5\" style=\"padding-right: 5px\">\n            \n\n<div class=\"kksr-icon\" style=\"width: 24px; height: 24px;\"><\/div>\n        <\/div>\n    <\/div>\n    \n<div class=\"kksr-stars-active\" style=\"width: 0px;\">\n            <div class=\"kksr-star\" style=\"padding-right: 5px\">\n            \n\n<div class=\"kksr-icon\" style=\"width: 24px; height: 24px;\"><\/div>\n        <\/div>\n            <div class=\"kksr-star\" style=\"padding-right: 5px\">\n            \n\n<div class=\"kksr-icon\" style=\"width: 24px; height: 24px;\"><\/div>\n        <\/div>\n            <div class=\"kksr-star\" style=\"padding-right: 5px\">\n            \n\n<div class=\"kksr-icon\" style=\"width: 24px; height: 24px;\"><\/div>\n        <\/div>\n            <div class=\"kksr-star\" style=\"padding-right: 5px\">\n            \n\n<div class=\"kksr-icon\" style=\"width: 24px; height: 24px;\"><\/div>\n        <\/div>\n            <div class=\"kksr-star\" style=\"padding-right: 5px\">\n            \n\n<div class=\"kksr-icon\" style=\"width: 24px; height: 24px;\"><\/div>\n        <\/div>\n    <\/div>\n<\/div>\n                \n\n<div class=\"kksr-legend\" style=\"font-size: 19.2px;\">\n            <span class=\"kksr-muted\">Rate this post<\/span>\n    <\/div>\n    <\/div>\n","protected":false},"excerpt":{"rendered":"<p>Moda rz\u0105dzi si\u0119 swoimi prawami i chocia\u017c zawsze jest tak, \u017ce panuje moda na konkretny model, albo kolor ubra\u0144, to zawsze te\u017c obowi\u0105zuje podzia\u0142 na wiek. Bo przecie\u017c co innego za\u0142o\u017cy dwudziestolatka, a co innego pani po pi\u0119\u0107dziesi\u0105tce. Postanowili\u015bmy poruszy\u0107 ten temat i przygotowa\u0107 dla Was kilka ciekawych propozycji. Poznaj jesienne trendy 2023 dla pani w ka\u017cdym wieku.\u00a0<\/p>\n","protected":false},"author":3,"featured_media":7851,"comment_status":"open","ping_status":"open","sticky":false,"template":"","format":"standard","meta":[],"categories":[3],"tags":[],"yoast_head":"<!-- This site is optimized with the Yoast SEO plugin v18.4.1 - https:\/\/yoast.com\/wordpress\/plugins\/seo\/ -->\n<title>Jesienne trendy w modzie dla pa\u0144 30, 40 oraz 50 plus. Zmie\u0144 z nami swoj\u0105 garderob\u0119. - Pakuten blog<\/title>\n<meta name=\"description\" content=\"Moda rz\u0105dzi si\u0119 swoimi prawami i chocia\u017c zawsze jest tak, \u017ce panuje moda na konkretny model, albo kolor ubra\u0144, to zawsze te\u017c obowi\u0105zuje podzia\u0142 na wiek. Bo przecie\u017c co innego za\u0142o\u017cy dwudziestolatka, a co innego pani po pi\u0119\u0107dziesi\u0105tce. Postanowili\u015bmy poruszy\u0107 ten temat i przygotowa\u0107 dla Was kilka ciekawych propozycji. Poznaj jesienne trendy 2023 dla pani w ka\u017cdym wieku.\" \/>\n<meta name=\"robots\" content=\"index, follow, max-snippet:-1, max-image-preview:large, max-video-preview:-1\" \/>\n<link rel=\"canonical\" href=\"https:\/\/pakuten.pl\/blog\/jesienne-trendy-w-modzie-dla-pan-30-40-oraz-50-plus-zmien-z-nami-swoja-garderobe\/\" \/>\n<meta property=\"og:locale\" content=\"pl_PL\" \/>\n<meta property=\"og:type\" content=\"article\" \/>\n<meta property=\"og:title\" content=\"Jesienne trendy w modzie dla pa\u0144 30, 40 oraz 50 plus. Zmie\u0144 z nami swoj\u0105 garderob\u0119. - Pakuten blog\" \/>\n<meta property=\"og:description\" content=\"Moda rz\u0105dzi si\u0119 swoimi prawami i chocia\u017c zawsze jest tak, \u017ce panuje moda na konkretny model, albo kolor ubra\u0144, to zawsze te\u017c obowi\u0105zuje podzia\u0142 na wiek. Bo przecie\u017c co innego za\u0142o\u017cy dwudziestolatka, a co innego pani po pi\u0119\u0107dziesi\u0105tce. Postanowili\u015bmy poruszy\u0107 ten temat i przygotowa\u0107 dla Was kilka ciekawych propozycji. Poznaj jesienne trendy 2023 dla pani w ka\u017cdym wieku.\" \/>\n<meta property=\"og:url\" content=\"https:\/\/pakuten.pl\/blog\/jesienne-trendy-w-modzie-dla-pan-30-40-oraz-50-plus-zmien-z-nami-swoja-garderobe\/\" \/>\n<meta property=\"og:site_name\" content=\"Pakuten blog\" \/>\n<meta property=\"article:published_time\" content=\"2023-09-18T12:42:00+00:00\" \/>\n<meta property=\"article:modified_time\" content=\"2023-09-18T08:55:22+00:00\" \/>\n<meta property=\"og:image\" content=\"https:\/\/pakuten.pl\/blog\/wp-content\/uploads\/2021\/09\/Jesienne-trendy-w-modzie-dla-pan\u0301-30-40-oraz-50-plus.-Zmien\u0301-z-nami-swoja\u0328-garderobe\u0328..jpg\" \/>\n\t<meta property=\"og:image:width\" content=\"1200\" \/>\n\t<meta property=\"og:image:height\" content=\"800\" \/>\n\t<meta property=\"og:image:type\" content=\"image\/jpeg\" \/>\n<meta name=\"twitter:card\" content=\"summary_large_image\" \/>\n<meta name=\"twitter:label1\" content=\"Napisane przez\" \/>\n\t<meta name=\"twitter:data1\" content=\"Pakuten Girl\" \/>\n\t<meta name=\"twitter:label2\" content=\"Szacowany czas czytania\" \/>\n\t<meta name=\"twitter:data2\" content=\"7 minut\" \/>\n<script type=\"application\/ld+json\" class=\"yoast-schema-graph\">{\"@context\":\"https:\/\/schema.org\",\"@graph\":[{\"@type\":\"Organization\",\"@id\":\"https:\/\/pakuten.pl\/blog\/#organization\",\"name\":\"Pakuten\",\"url\":\"https:\/\/pakuten.pl\/blog\/\",\"sameAs\":[],\"logo\":{\"@type\":\"ImageObject\",\"@id\":\"https:\/\/pakuten.pl\/blog\/#logo\",\"inLanguage\":\"pl-PL\",\"url\":\"http:\/\/pakuten.pl\/blog\/wp-content\/uploads\/2018\/01\/pakuten_logo.png\",\"contentUrl\":\"http:\/\/pakuten.pl\/blog\/wp-content\/uploads\/2018\/01\/pakuten_logo.png\",\"width\":300,\"height\":120,\"caption\":\"Pakuten\"},\"image\":{\"@id\":\"https:\/\/pakuten.pl\/blog\/#logo\"}},{\"@type\":\"WebSite\",\"@id\":\"https:\/\/pakuten.pl\/blog\/#website\",\"url\":\"https:\/\/pakuten.pl\/blog\/\",\"name\":\"Pakuten blog\",\"description\":\"Blog sklepu internetowego pakuten.pl\",\"publisher\":{\"@id\":\"https:\/\/pakuten.pl\/blog\/#organization\"},\"potentialAction\":[{\"@type\":\"SearchAction\",\"target\":{\"@type\":\"EntryPoint\",\"urlTemplate\":\"https:\/\/pakuten.pl\/blog\/?s={search_term_string}\"},\"query-input\":\"required name=search_term_string\"}],\"inLanguage\":\"pl-PL\"},{\"@type\":\"ImageObject\",\"@id\":\"https:\/\/pakuten.pl\/blog\/jesienne-trendy-w-modzie-dla-pan-30-40-oraz-50-plus-zmien-z-nami-swoja-garderobe\/#primaryimage\",\"inLanguage\":\"pl-PL\",\"url\":\"https:\/\/pakuten.pl\/blog\/wp-content\/uploads\/2021\/09\/Jesienne-trendy-w-modzie-dla-pan\u0301-30-40-oraz-50-plus.-Zmien\u0301-z-nami-swoja\u0328-garderobe\u0328..jpg\",\"contentUrl\":\"https:\/\/pakuten.pl\/blog\/wp-content\/uploads\/2021\/09\/Jesienne-trendy-w-modzie-dla-pan\u0301-30-40-oraz-50-plus.-Zmien\u0301-z-nami-swoja\u0328-garderobe\u0328..jpg\",\"width\":1200,\"height\":800},{\"@type\":\"WebPage\",\"@id\":\"https:\/\/pakuten.pl\/blog\/jesienne-trendy-w-modzie-dla-pan-30-40-oraz-50-plus-zmien-z-nami-swoja-garderobe\/#webpage\",\"url\":\"https:\/\/pakuten.pl\/blog\/jesienne-trendy-w-modzie-dla-pan-30-40-oraz-50-plus-zmien-z-nami-swoja-garderobe\/\",\"name\":\"Jesienne trendy w modzie dla pa\u0144 30, 40 oraz 50 plus. Zmie\u0144 z nami swoj\u0105 garderob\u0119. - Pakuten blog\",\"isPartOf\":{\"@id\":\"https:\/\/pakuten.pl\/blog\/#website\"},\"primaryImageOfPage\":{\"@id\":\"https:\/\/pakuten.pl\/blog\/jesienne-trendy-w-modzie-dla-pan-30-40-oraz-50-plus-zmien-z-nami-swoja-garderobe\/#primaryimage\"},\"datePublished\":\"2023-09-18T12:42:00+00:00\",\"dateModified\":\"2023-09-18T08:55:22+00:00\",\"description\":\"Moda rz\u0105dzi si\u0119 swoimi prawami i chocia\u017c zawsze jest tak, \u017ce panuje moda na konkretny model, albo kolor ubra\u0144, to zawsze te\u017c obowi\u0105zuje podzia\u0142 na wiek. Bo przecie\u017c co innego za\u0142o\u017cy dwudziestolatka, a co innego pani po pi\u0119\u0107dziesi\u0105tce. Postanowili\u015bmy poruszy\u0107 ten temat i przygotowa\u0107 dla Was kilka ciekawych propozycji. Poznaj jesienne trendy 2023 dla pani w ka\u017cdym wieku.\",\"breadcrumb\":{\"@id\":\"https:\/\/pakuten.pl\/blog\/jesienne-trendy-w-modzie-dla-pan-30-40-oraz-50-plus-zmien-z-nami-swoja-garderobe\/#breadcrumb\"},\"inLanguage\":\"pl-PL\",\"potentialAction\":[{\"@type\":\"ReadAction\",\"target\":[\"https:\/\/pakuten.pl\/blog\/jesienne-trendy-w-modzie-dla-pan-30-40-oraz-50-plus-zmien-z-nami-swoja-garderobe\/\"]}]},{\"@type\":\"BreadcrumbList\",\"@id\":\"https:\/\/pakuten.pl\/blog\/jesienne-trendy-w-modzie-dla-pan-30-40-oraz-50-plus-zmien-z-nami-swoja-garderobe\/#breadcrumb\",\"itemListElement\":[{\"@type\":\"ListItem\",\"position\":1,\"name\":\"Strona g\u0142\u00f3wna\",\"item\":\"https:\/\/pakuten.pl\/blog\/\"},{\"@type\":\"ListItem\",\"position\":2,\"name\":\"Jesienne trendy w modzie dla pa\u0144 30, 40 oraz 50 plus. Zmie\u0144 z nami swoj\u0105 garderob\u0119.\"}]},{\"@type\":\"Article\",\"@id\":\"https:\/\/pakuten.pl\/blog\/jesienne-trendy-w-modzie-dla-pan-30-40-oraz-50-plus-zmien-z-nami-swoja-garderobe\/#article\",\"isPartOf\":{\"@id\":\"https:\/\/pakuten.pl\/blog\/jesienne-trendy-w-modzie-dla-pan-30-40-oraz-50-plus-zmien-z-nami-swoja-garderobe\/#webpage\"},\"author\":{\"@id\":\"https:\/\/pakuten.pl\/blog\/#\/schema\/person\/d7133af30211381a4e4536d088384556\"},\"headline\":\"Jesienne trendy w modzie dla pa\u0144 30, 40 oraz 50 plus. Zmie\u0144 z nami swoj\u0105 garderob\u0119.\",\"datePublished\":\"2023-09-18T12:42:00+00:00\",\"dateModified\":\"2023-09-18T08:55:22+00:00\",\"mainEntityOfPage\":{\"@id\":\"https:\/\/pakuten.pl\/blog\/jesienne-trendy-w-modzie-dla-pan-30-40-oraz-50-plus-zmien-z-nami-swoja-garderobe\/#webpage\"},\"wordCount\":1234,\"commentCount\":0,\"publisher\":{\"@id\":\"https:\/\/pakuten.pl\/blog\/#organization\"},\"image\":{\"@id\":\"https:\/\/pakuten.pl\/blog\/jesienne-trendy-w-modzie-dla-pan-30-40-oraz-50-plus-zmien-z-nami-swoja-garderobe\/#primaryimage\"},\"thumbnailUrl\":\"https:\/\/pakuten.pl\/blog\/wp-content\/uploads\/2021\/09\/Jesienne-trendy-w-modzie-dla-pan\u0301-30-40-oraz-50-plus.-Zmien\u0301-z-nami-swoja\u0328-garderobe\u0328..jpg\",\"articleSection\":[\"Top Trends\"],\"inLanguage\":\"pl-PL\",\"potentialAction\":[{\"@type\":\"CommentAction\",\"name\":\"Comment\",\"target\":[\"https:\/\/pakuten.pl\/blog\/jesienne-trendy-w-modzie-dla-pan-30-40-oraz-50-plus-zmien-z-nami-swoja-garderobe\/#respond\"]}]},{\"@type\":\"Person\",\"@id\":\"https:\/\/pakuten.pl\/blog\/#\/schema\/person\/d7133af30211381a4e4536d088384556\",\"name\":\"Pakuten Girl\",\"image\":{\"@type\":\"ImageObject\",\"@id\":\"https:\/\/pakuten.pl\/blog\/#personlogo\",\"inLanguage\":\"pl-PL\",\"url\":\"https:\/\/secure.gravatar.com\/avatar\/d3df41de2caf92e6cfded9430c2ff352?s=96&d=mm&r=g\",\"contentUrl\":\"https:\/\/secure.gravatar.com\/avatar\/d3df41de2caf92e6cfded9430c2ff352?s=96&d=mm&r=g\",\"caption\":\"Pakuten Girl\"},\"description\":\"Cze\u015b\u0107, nazywam si\u0119 Ola. Kocham Netflixa, sals\u0119, nowo\u015bci kosmetyczne i najnowsze trendy w modzie.\",\"url\":\"https:\/\/pakuten.pl\/blog\/author\/pakuten-girl\/\"}]}<\/script>\n<!-- \/ Yoast SEO plugin. -->","yoast_head_json":{"title":"Jesienne trendy w modzie dla pa\u0144 30, 40 oraz 50 plus. Zmie\u0144 z nami swoj\u0105 garderob\u0119. - Pakuten blog","description":"Moda rz\u0105dzi si\u0119 swoimi prawami i chocia\u017c zawsze jest tak, \u017ce panuje moda na konkretny model, albo kolor ubra\u0144, to zawsze te\u017c obowi\u0105zuje podzia\u0142 na wiek. Bo przecie\u017c co innego za\u0142o\u017cy dwudziestolatka, a co innego pani po pi\u0119\u0107dziesi\u0105tce. Postanowili\u015bmy poruszy\u0107 ten temat i przygotowa\u0107 dla Was kilka ciekawych propozycji. Poznaj jesienne trendy 2023 dla pani w ka\u017cdym wieku.","robots":{"index":"index","follow":"follow","max-snippet":"max-snippet:-1","max-image-preview":"max-image-preview:large","max-video-preview":"max-video-preview:-1"},"canonical":"https:\/\/pakuten.pl\/blog\/jesienne-trendy-w-modzie-dla-pan-30-40-oraz-50-plus-zmien-z-nami-swoja-garderobe\/","og_locale":"pl_PL","og_type":"article","og_title":"Jesienne trendy w modzie dla pa\u0144 30, 40 oraz 50 plus. Zmie\u0144 z nami swoj\u0105 garderob\u0119. - Pakuten blog","og_description":"Moda rz\u0105dzi si\u0119 swoimi prawami i chocia\u017c zawsze jest tak, \u017ce panuje moda na konkretny model, albo kolor ubra\u0144, to zawsze te\u017c obowi\u0105zuje podzia\u0142 na wiek. Bo przecie\u017c co innego za\u0142o\u017cy dwudziestolatka, a co innego pani po pi\u0119\u0107dziesi\u0105tce. Postanowili\u015bmy poruszy\u0107 ten temat i przygotowa\u0107 dla Was kilka ciekawych propozycji. Poznaj jesienne trendy 2023 dla pani w ka\u017cdym wieku.","og_url":"https:\/\/pakuten.pl\/blog\/jesienne-trendy-w-modzie-dla-pan-30-40-oraz-50-plus-zmien-z-nami-swoja-garderobe\/","og_site_name":"Pakuten blog","article_published_time":"2023-09-18T12:42:00+00:00","article_modified_time":"2023-09-18T08:55:22+00:00","og_image":[{"width":1200,"height":800,"url":"https:\/\/pakuten.pl\/blog\/wp-content\/uploads\/2021\/09\/Jesienne-trendy-w-modzie-dla-pan\u0301-30-40-oraz-50-plus.-Zmien\u0301-z-nami-swoja\u0328-garderobe\u0328..jpg","type":"image\/jpeg"}],"twitter_card":"summary_large_image","twitter_misc":{"Napisane przez":"Pakuten Girl","Szacowany czas czytania":"7 minut"},"schema":{"@context":"https:\/\/schema.org","@graph":[{"@type":"Organization","@id":"https:\/\/pakuten.pl\/blog\/#organization","name":"Pakuten","url":"https:\/\/pakuten.pl\/blog\/","sameAs":[],"logo":{"@type":"ImageObject","@id":"https:\/\/pakuten.pl\/blog\/#logo","inLanguage":"pl-PL","url":"http:\/\/pakuten.pl\/blog\/wp-content\/uploads\/2018\/01\/pakuten_logo.png","contentUrl":"http:\/\/pakuten.pl\/blog\/wp-content\/uploads\/2018\/01\/pakuten_logo.png","width":300,"height":120,"caption":"Pakuten"},"image":{"@id":"https:\/\/pakuten.pl\/blog\/#logo"}},{"@type":"WebSite","@id":"https:\/\/pakuten.pl\/blog\/#website","url":"https:\/\/pakuten.pl\/blog\/","name":"Pakuten blog","description":"Blog sklepu internetowego pakuten.pl","publisher":{"@id":"https:\/\/pakuten.pl\/blog\/#organization"},"potentialAction":[{"@type":"SearchAction","target":{"@type":"EntryPoint","urlTemplate":"https:\/\/pakuten.pl\/blog\/?s={search_term_string}"},"query-input":"required name=search_term_string"}],"inLanguage":"pl-PL"},{"@type":"ImageObject","@id":"https:\/\/pakuten.pl\/blog\/jesienne-trendy-w-modzie-dla-pan-30-40-oraz-50-plus-zmien-z-nami-swoja-garderobe\/#primaryimage","inLanguage":"pl-PL","url":"https:\/\/pakuten.pl\/blog\/wp-content\/uploads\/2021\/09\/Jesienne-trendy-w-modzie-dla-pan\u0301-30-40-oraz-50-plus.-Zmien\u0301-z-nami-swoja\u0328-garderobe\u0328..jpg","contentUrl":"https:\/\/pakuten.pl\/blog\/wp-content\/uploads\/2021\/09\/Jesienne-trendy-w-modzie-dla-pan\u0301-30-40-oraz-50-plus.-Zmien\u0301-z-nami-swoja\u0328-garderobe\u0328..jpg","width":1200,"height":800},{"@type":"WebPage","@id":"https:\/\/pakuten.pl\/blog\/jesienne-trendy-w-modzie-dla-pan-30-40-oraz-50-plus-zmien-z-nami-swoja-garderobe\/#webpage","url":"https:\/\/pakuten.pl\/blog\/jesienne-trendy-w-modzie-dla-pan-30-40-oraz-50-plus-zmien-z-nami-swoja-garderobe\/","name":"Jesienne trendy w modzie dla pa\u0144 30, 40 oraz 50 plus. Zmie\u0144 z nami swoj\u0105 garderob\u0119. - Pakuten blog","isPartOf":{"@id":"https:\/\/pakuten.pl\/blog\/#website"},"primaryImageOfPage":{"@id":"https:\/\/pakuten.pl\/blog\/jesienne-trendy-w-modzie-dla-pan-30-40-oraz-50-plus-zmien-z-nami-swoja-garderobe\/#primaryimage"},"datePublished":"2023-09-18T12:42:00+00:00","dateModified":"2023-09-18T08:55:22+00:00","description":"Moda rz\u0105dzi si\u0119 swoimi prawami i chocia\u017c zawsze jest tak, \u017ce panuje moda na konkretny model, albo kolor ubra\u0144, to zawsze te\u017c obowi\u0105zuje podzia\u0142 na wiek. Bo przecie\u017c co innego za\u0142o\u017cy dwudziestolatka, a co innego pani po pi\u0119\u0107dziesi\u0105tce. Postanowili\u015bmy poruszy\u0107 ten temat i przygotowa\u0107 dla Was kilka ciekawych propozycji. Poznaj jesienne trendy 2023 dla pani w ka\u017cdym wieku.","breadcrumb":{"@id":"https:\/\/pakuten.pl\/blog\/jesienne-trendy-w-modzie-dla-pan-30-40-oraz-50-plus-zmien-z-nami-swoja-garderobe\/#breadcrumb"},"inLanguage":"pl-PL","potentialAction":[{"@type":"ReadAction","target":["https:\/\/pakuten.pl\/blog\/jesienne-trendy-w-modzie-dla-pan-30-40-oraz-50-plus-zmien-z-nami-swoja-garderobe\/"]}]},{"@type":"BreadcrumbList","@id":"https:\/\/pakuten.pl\/blog\/jesienne-trendy-w-modzie-dla-pan-30-40-oraz-50-plus-zmien-z-nami-swoja-garderobe\/#breadcrumb","itemListElement":[{"@type":"ListItem","position":1,"name":"Strona g\u0142\u00f3wna","item":"https:\/\/pakuten.pl\/blog\/"},{"@type":"ListItem","position":2,"name":"Jesienne trendy w modzie dla pa\u0144 30, 40 oraz 50 plus. Zmie\u0144 z nami swoj\u0105 garderob\u0119."}]},{"@type":"Article","@id":"https:\/\/pakuten.pl\/blog\/jesienne-trendy-w-modzie-dla-pan-30-40-oraz-50-plus-zmien-z-nami-swoja-garderobe\/#article","isPartOf":{"@id":"https:\/\/pakuten.pl\/blog\/jesienne-trendy-w-modzie-dla-pan-30-40-oraz-50-plus-zmien-z-nami-swoja-garderobe\/#webpage"},"author":{"@id":"https:\/\/pakuten.pl\/blog\/#\/schema\/person\/d7133af30211381a4e4536d088384556"},"headline":"Jesienne trendy w modzie dla pa\u0144 30, 40 oraz 50 plus. Zmie\u0144 z nami swoj\u0105 garderob\u0119.","datePublished":"2023-09-18T12:42:00+00:00","dateModified":"2023-09-18T08:55:22+00:00","mainEntityOfPage":{"@id":"https:\/\/pakuten.pl\/blog\/jesienne-trendy-w-modzie-dla-pan-30-40-oraz-50-plus-zmien-z-nami-swoja-garderobe\/#webpage"},"wordCount":1234,"commentCount":0,"publisher":{"@id":"https:\/\/pakuten.pl\/blog\/#organization"},"image":{"@id":"https:\/\/pakuten.pl\/blog\/jesienne-trendy-w-modzie-dla-pan-30-40-oraz-50-plus-zmien-z-nami-swoja-garderobe\/#primaryimage"},"thumbnailUrl":"https:\/\/pakuten.pl\/blog\/wp-content\/uploads\/2021\/09\/Jesienne-trendy-w-modzie-dla-pan\u0301-30-40-oraz-50-plus.-Zmien\u0301-z-nami-swoja\u0328-garderobe\u0328..jpg","articleSection":["Top Trends"],"inLanguage":"pl-PL","potentialAction":[{"@type":"CommentAction","name":"Comment","target":["https:\/\/pakuten.pl\/blog\/jesienne-trendy-w-modzie-dla-pan-30-40-oraz-50-plus-zmien-z-nami-swoja-garderobe\/#respond"]}]},{"@type":"Person","@id":"https:\/\/pakuten.pl\/blog\/#\/schema\/person\/d7133af30211381a4e4536d088384556","name":"Pakuten Girl","image":{"@type":"ImageObject","@id":"https:\/\/pakuten.pl\/blog\/#personlogo","inLanguage":"pl-PL","url":"https:\/\/secure.gravatar.com\/avatar\/d3df41de2caf92e6cfded9430c2ff352?s=96&d=mm&r=g","contentUrl":"https:\/\/secure.gravatar.com\/avatar\/d3df41de2caf92e6cfded9430c2ff352?s=96&d=mm&r=g","caption":"Pakuten Girl"},"description":"Cze\u015b\u0107, nazywam si\u0119 Ola. Kocham Netflixa, sals\u0119, nowo\u015bci kosmetyczne i najnowsze trendy w modzie.","url":"https:\/\/pakuten.pl\/blog\/author\/pakuten-girl\/"}]}},"_links":{"self":[{"href":"https:\/\/pakuten.pl\/blog\/wp-json\/wp\/v2\/posts\/5662"}],"collection":[{"href":"https:\/\/pakuten.pl\/blog\/wp-json\/wp\/v2\/posts"}],"about":[{"href":"https:\/\/pakuten.pl\/blog\/wp-json\/wp\/v2\/types\/post"}],"author":[{"embeddable":true,"href":"https:\/\/pakuten.pl\/blog\/wp-json\/wp\/v2\/users\/3"}],"replies":[{"embeddable":true,"href":"https:\/\/pakuten.pl\/blog\/wp-json\/wp\/v2\/comments?post=5662"}],"version-history":[{"count":9,"href":"https:\/\/pakuten.pl\/blog\/wp-json\/wp\/v2\/posts\/5662\/revisions"}],"predecessor-version":[{"id":7849,"href":"https:\/\/pakuten.pl\/blog\/wp-json\/wp\/v2\/posts\/5662\/revisions\/7849"}],"wp:featuredmedia":[{"embeddable":true,"href":"https:\/\/pakuten.pl\/blog\/wp-json\/wp\/v2\/media\/7851"}],"wp:attachment":[{"href":"https:\/\/pakuten.pl\/blog\/wp-json\/wp\/v2\/media?parent=5662"}],"wp:term":[{"taxonomy":"category","embeddable":true,"href":"https:\/\/pakuten.pl\/blog\/wp-json\/wp\/v2\/categories?post=5662"},{"taxonomy":"post_tag","embeddable":true,"href":"https:\/\/pakuten.pl\/blog\/wp-json\/wp\/v2\/tags?post=5662"}],"curies":[{"name":"wp","href":"https:\/\/api.w.org\/{rel}","templated":true}]}}