{"id":5688,"date":"2021-09-27T14:05:38","date_gmt":"2021-09-27T12:05:38","guid":{"rendered":"https:\/\/pakuten.pl\/blog\/?p=5688"},"modified":"2021-10-28T17:57:36","modified_gmt":"2021-10-28T15:57:36","slug":"trendy-w-makijazu-2021-jaki-make-up-bedzie-modny","status":"publish","type":"post","link":"https:\/\/pakuten.pl\/blog\/trendy-w-makijazu-2021-jaki-make-up-bedzie-modny\/","title":{"rendered":"Trendy w makija\u017cu 2021. Jaki make up b\u0119dzie modny?"},"content":{"rendered":"\n<p><strong>W sezonie jesie\u0144 &#8211; zima 2021 \/ 2022 jednym z wa\u017cniejszych trend\u00f3w w makija\u017cu 2021 b\u0119d\u0105 policzki mu\u015bni\u0119te brzoskwiniowym albo pudrowym r\u00f3\u017cem. Dzi\u0119ki temu Twoja sk\u00f3ra b\u0119dzie wygl\u0105da\u0142a na wyj\u0105tkowo \u015bwie\u017c\u0105. Jakie dodatki z kolorowych kosmetyk\u00f3w najlepiej dobra\u0107? Do podkre\u015blonej r\u00f3\u017cem cery pasuj\u0105 starannie zaznaczone brwi oraz subtelny b\u0142yszczyk na ustach.\u00a0<\/strong><\/p>\n<p>\u00a0<\/p>\n<p>\u00a0<\/p>\n<h2><span style=\"color: #ff9900;\">Makija\u017c wok\u00f3\u0142 oka<\/span><\/h2>\n<p>\u00a0<\/p>\n<p><strong>Nasze oko to punkt, kt\u00f3rym przyci\u0105gamy spojrzenia innych.<\/strong> Dlatego szczeg\u00f3lnie zadbaj o jego makija\u017c. Zacznijmy od brwi. Jeszcze do niedawna im bardziej wyraziste i szerokie, tylko by\u0142y bardziej trendy. Dzisiaj powoli zaczyna to si\u0119 zmienia\u0107 i chocia\u017c nadal s\u0105 modne do\u015b\u0107 szerokie brwi, zaczynami i\u015b\u0107 w kierunku natury. <strong>Przerysowane brwi s\u0105 ju\u017c passe .<\/strong> W tym sezonie skupiamy si\u0119 g\u0142\u00f3wnie na ustach, rz\u0119sach oraz powiekach. Jak uzyska\u0107 efekt modnych brwi 2021? Uczesz je i u\u017cyj myde\u0142ka oraz \u017celu. Efekt b\u0119dzie osza\u0142amiaj\u0105cy! <strong>Jak malowa\u0107 brwi, aby wygl\u0105da\u0142y naturalnie?<\/strong> Przede wszystkim powiedzmy to g\u0142o\u015bno &#8211; brwi powinny podkre\u015bla\u0107 nasz\u0105 urod\u0119, ale jednocze\u015bnie powinny by\u0107 ozdob\u0105 naszej twarzy. To taka nasza ramka, kt\u00f3ra tworzy kszta\u0142t twarzy i odpowiada za ekspresj\u0119 jej. Malowanie brwi pomad\u0105. Ten kosmetyk nie tylko nada brwiom odpowiedniego kszta\u0142tu, ale te\u017c koloru. W przeciwie\u0144stwie do zwyk\u0142ego o\u0142\u00f3wka nadadz\u0105 znacznie bardziej naturalny kolor. Na pewno nak\u0142adaj\u0105 j\u0105 w minimalnych porcjach. Jak dobra\u0107 kolor pomady do koloru brwi? Je\u015bli jeste\u015b blondynk\u0105, powinna\u015b postawi\u0107 na pomad\u0119 o p\u00f3\u0142 tonu ciemniejsz\u0105 od koloru w\u0142os\u00f3w, brunetk\u0105 &#8211; o p\u00f3\u0142 tonu ja\u015bniejsz\u0105. Mo\u017cesz r\u00f3wnie\u017c u\u017cy\u0107 <span style=\"color: #ff9900;\"><a style=\"color: #ff9900;\" href=\"https:\/\/www.pierrerene.pl\/pl\/zestaw-paletek-cieni-do-powiek-ustka\" target=\"_blank\" rel=\"noopener\">cienia do powiek<\/a><\/span>. U\u017cyj odpowiedniego p\u0119dzelka. Naj\u0142atwiejszy sposobem na wykonanie makija\u017cu brwi to malowanie ich kredk\u0105.\u00a0 \u00a0<\/p>\n<p>\u00a0<\/p>\n<p>\u00a0<\/p>\n<blockquote class=\"instagram-media\" style=\"background: #FFF; border: 0; border-radius: 3px; box-shadow: 0 0 1px 0 rgba(0,0,0,0.5),0 1px 10px 0 rgba(0,0,0,0.15); margin: 1px; max-width: 540px; min-width: 326px; padding: 0; width: calc(100% - 2px);\" data-instgrm-permalink=\"https:\/\/www.instagram.com\/p\/CS6dk2co-FV\/?utm_source=ig_embed&amp;utm_campaign=loading\" data-instgrm-version=\"13\">\n<div style=\"padding: 16px;\">\n<div style=\"display: flex; flex-direction: row; align-items: center;\">\n<div style=\"background-color: #f4f4f4; border-radius: 50%; flex-grow: 0; height: 40px; margin-right: 14px; width: 40px;\">\u00a0<\/div>\n<div style=\"display: flex; flex-direction: column; flex-grow: 1; justify-content: center;\">\n<div style=\"background-color: #f4f4f4; border-radius: 4px; flex-grow: 0; height: 14px; margin-bottom: 6px; width: 100px;\">\u00a0<\/div>\n<div style=\"background-color: #f4f4f4; border-radius: 4px; flex-grow: 0; height: 14px; width: 60px;\">\u00a0<\/div>\n<\/div>\n<\/div>\n<div style=\"padding: 19% 0;\">\u00a0<\/div>\n<div style=\"display: block; height: 50px; margin: 0 auto 12px; width: 50px;\">\u00a0<\/div>\n<div style=\"padding-top: 8px;\">\n<div style=\"color: #3897f0; font-family: Arial,sans-serif; font-size: 14px; font-style: normal; font-weight: 550; line-height: 18px;\">Wy\u015bwietl ten post na Instagramie.<\/div>\n<\/div>\n<div style=\"padding: 12.5% 0;\">\u00a0<\/div>\n<div style=\"display: flex; flex-direction: row; margin-bottom: 14px; align-items: center;\">\n<div>\n<div style=\"background-color: #f4f4f4; border-radius: 50%; height: 12.5px; width: 12.5px; transform: translateX(0px) translateY(7px);\">\u00a0<\/div>\n<div style=\"background-color: #f4f4f4; height: 12.5px; transform: rotate(-45deg) translateX(3px) translateY(1px); width: 12.5px; flex-grow: 0; margin-right: 14px; margin-left: 2px;\">\u00a0<\/div>\n<div style=\"background-color: #f4f4f4; border-radius: 50%; height: 12.5px; width: 12.5px; transform: translateX(9px) translateY(-18px);\">\u00a0<\/div>\n<\/div>\n<div style=\"margin-left: 8px;\">\n<div style=\"background-color: #f4f4f4; border-radius: 50%; flex-grow: 0; height: 20px; width: 20px;\">\u00a0<\/div>\n<div style=\"width: 0; height: 0; border-top: 2px solid transparent; border-left: 6px solid #f4f4f4; border-bottom: 2px solid transparent; transform: translateX(16px) translateY(-4px) rotate(30deg);\">\u00a0<\/div>\n<\/div>\n<div style=\"margin-left: auto;\">\n<div style=\"width: 0px; border-top: 8px solid #F4F4F4; border-right: 8px solid transparent; transform: translateY(16px);\">\u00a0<\/div>\n<div style=\"background-color: #f4f4f4; flex-grow: 0; height: 12px; width: 16px; transform: translateY(-4px);\">\u00a0<\/div>\n<div style=\"width: 0; height: 0; border-top: 8px solid #F4F4F4; border-left: 8px solid transparent; transform: translateY(-4px) translateX(8px);\">\u00a0<\/div>\n<\/div>\n<\/div>\n<div style=\"display: flex; flex-direction: column; flex-grow: 1; justify-content: center; margin-bottom: 24px;\">\n<div style=\"background-color: #f4f4f4; border-radius: 4px; flex-grow: 0; height: 14px; margin-bottom: 6px; width: 224px;\">\u00a0<\/div>\n<div style=\"background-color: #f4f4f4; border-radius: 4px; flex-grow: 0; height: 14px; width: 144px;\">\u00a0<\/div>\n<\/div>\n<p style=\"color: #c9c8cd; font-family: Arial,sans-serif; font-size: 14px; line-height: 17px; margin-bottom: 0; margin-top: 8px; overflow: hidden; padding: 8px 0 7px; text-align: center; text-overflow: ellipsis; white-space: nowrap;\"><a style=\"color: #c9c8cd; font-family: Arial,sans-serif; font-size: 14px; font-style: normal; font-weight: normal; line-height: 17px; text-decoration: none;\" href=\"https:\/\/www.instagram.com\/p\/CS6dk2co-FV\/?utm_source=ig_embed&amp;utm_campaign=loading\" target=\"_blank\" rel=\"noopener\">Post udost\u0119pniony przez Pierre Rene (@pierrerene_professional)<\/a><\/p>\n<\/div>\n<\/blockquote>\n<p><script async=\"\" src=\"\/\/www.instagram.com\/embed.js\"><\/script><\/p>\n<p><strong>Jak dobra\u0107 brwi do kszta\u0142tu twarzy?<\/strong> Jak zapewne wiesz, kszta\u0142t brwi mo\u017ce w Twojej twarzy wiele zmieni\u0107 i to nie tylko na pozytywnie. Je\u017celi masz owaln\u0105 twarz, nie powinny one narusza\u0107 naturalnych proporcji. Maj\u0105 twarz okr\u0105g\u0142\u0105, powinna\u015b wizualnie rozci\u0105gn\u0105\u0107 j\u0105, za pomoc\u0105 odpowiedniego kszta\u0142tu brwi. W przypadku twarzy rombu nale\u017cy zmi\u0119kczy\u0107 jej kontury, dlatego postaw na klasyczny kszta\u0142t brwi z mi\u0119kkim zagi\u0119ciem. Maj\u0105c na my\u015bli makija\u017c wok\u00f3\u0142 oka, pami\u0119tajmy te\u017c o makija\u017cy samego oka, czyli powieki oraz rz\u0119sy. Klasyka wci\u0105\u017c jest w trendach, dlatego chc\u0105c podkre\u015bli\u0107 swoj\u0105 urod\u0119, postaw na kocie oko. Z pewno\u015bci\u0105 doda Twojemu spojrzeniu g\u0142\u0119bi. Co b\u0119dzie Ci potrzebne? Czarny <span style=\"color: #ff9900;\"><a style=\"color: #ff9900;\" href=\"https:\/\/www.pierrerene.pl\/pl\/kosmetyki-14\/oczy\/eyelinery\" target=\"_blank\" rel=\"noopener\">eyeliner<\/a><\/span>. W przypadku s\u0142ynnych os\u00f3b, kt\u00f3re uwielbiaj\u0105 ten trik, mo\u017cemy wymieni\u0107 mi\u0119dzy innymi Ariana Grande. Dla tych, co lubi\u0105 odwa\u017cny make up polecamy kolorowe powieki, kt\u00f3re s\u0105 niesamowicie modne w tym sezonie. R\u00f3wnie\u017c jesieni\u0105 i zim\u0105.\u00a0<\/p>\n<p>\u00a0<\/p>\n<p>\u00a0<\/p>\n<p>\u00a0<\/p>\n<p>\u00a0<\/p>\n<p>\u00a0<\/p>\n<blockquote class=\"instagram-media\" style=\"background: #FFF; border: 0; border-radius: 3px; box-shadow: 0 0 1px 0 rgba(0,0,0,0.5),0 1px 10px 0 rgba(0,0,0,0.15); margin: 1px; max-width: 540px; min-width: 326px; padding: 0; width: calc(100% - 2px);\" data-instgrm-permalink=\"https:\/\/www.instagram.com\/p\/CUCn67Poj06\/?utm_source=ig_embed&amp;utm_campaign=loading\" data-instgrm-version=\"13\">\n<div style=\"padding: 16px;\">\n<div style=\"display: flex; flex-direction: row; align-items: center;\">\n<div style=\"background-color: #f4f4f4; border-radius: 50%; flex-grow: 0; height: 40px; margin-right: 14px; width: 40px;\">\u00a0<\/div>\n<div style=\"display: flex; flex-direction: column; flex-grow: 1; justify-content: center;\">\n<div style=\"background-color: #f4f4f4; border-radius: 4px; flex-grow: 0; height: 14px; margin-bottom: 6px; width: 100px;\">\u00a0<\/div>\n<div style=\"background-color: #f4f4f4; border-radius: 4px; flex-grow: 0; height: 14px; width: 60px;\">\u00a0<\/div>\n<\/div>\n<\/div>\n<div style=\"padding: 19% 0;\">\u00a0<\/div>\n<div style=\"display: block; height: 50px; margin: 0 auto 12px; width: 50px;\">\u00a0<\/div>\n<div style=\"padding-top: 8px;\">\n<div style=\"color: #3897f0; font-family: Arial,sans-serif; font-size: 14px; font-style: normal; font-weight: 550; line-height: 18px;\">Wy\u015bwietl ten post na Instagramie.<\/div>\n<\/div>\n<div style=\"padding: 12.5% 0;\">\u00a0<\/div>\n<div style=\"display: flex; flex-direction: row; margin-bottom: 14px; align-items: center;\">\n<div>\n<div style=\"background-color: #f4f4f4; border-radius: 50%; height: 12.5px; width: 12.5px; transform: translateX(0px) translateY(7px);\">\u00a0<\/div>\n<div style=\"background-color: #f4f4f4; height: 12.5px; transform: rotate(-45deg) translateX(3px) translateY(1px); width: 12.5px; flex-grow: 0; margin-right: 14px; margin-left: 2px;\">\u00a0<\/div>\n<div style=\"background-color: #f4f4f4; border-radius: 50%; height: 12.5px; width: 12.5px; transform: translateX(9px) translateY(-18px);\">\u00a0<\/div>\n<\/div>\n<div style=\"margin-left: 8px;\">\n<div style=\"background-color: #f4f4f4; border-radius: 50%; flex-grow: 0; height: 20px; width: 20px;\">\u00a0<\/div>\n<div style=\"width: 0; height: 0; border-top: 2px solid transparent; border-left: 6px solid #f4f4f4; border-bottom: 2px solid transparent; transform: translateX(16px) translateY(-4px) rotate(30deg);\">\u00a0<\/div>\n<\/div>\n<div style=\"margin-left: auto;\">\n<div style=\"width: 0px; border-top: 8px solid #F4F4F4; border-right: 8px solid transparent; transform: translateY(16px);\">\u00a0<\/div>\n<div style=\"background-color: #f4f4f4; flex-grow: 0; height: 12px; width: 16px; transform: translateY(-4px);\">\u00a0<\/div>\n<div style=\"width: 0; height: 0; border-top: 8px solid #F4F4F4; border-left: 8px solid transparent; transform: translateY(-4px) translateX(8px);\">\u00a0<\/div>\n<\/div>\n<\/div>\n<div style=\"display: flex; flex-direction: column; flex-grow: 1; justify-content: center; margin-bottom: 24px;\">\n<div style=\"background-color: #f4f4f4; border-radius: 4px; flex-grow: 0; height: 14px; margin-bottom: 6px; width: 224px;\">\u00a0<\/div>\n<div style=\"background-color: #f4f4f4; border-radius: 4px; flex-grow: 0; height: 14px; width: 144px;\">\u00a0<\/div>\n<\/div>\n<p style=\"color: #c9c8cd; font-family: Arial,sans-serif; font-size: 14px; line-height: 17px; margin-bottom: 0; margin-top: 8px; overflow: hidden; padding: 8px 0 7px; text-align: center; text-overflow: ellipsis; white-space: nowrap;\"><a style=\"color: #c9c8cd; font-family: Arial,sans-serif; font-size: 14px; font-style: normal; font-weight: normal; line-height: 17px; text-decoration: none;\" href=\"https:\/\/www.instagram.com\/p\/CUCn67Poj06\/?utm_source=ig_embed&amp;utm_campaign=loading\" target=\"_blank\" rel=\"noopener\">Post udost\u0119pniony przez Pierre Rene (@pierrerene_professional)<\/a><\/p>\n<\/div>\n<\/blockquote>\n<p><script async=\"\" src=\"\/\/www.instagram.com\/embed.js\"><\/script><\/p>\n<p>\u00a0<\/p>\n<p>Ku\u015b spojrzeniem! Zaakcentuj swoje rz\u0119sy. W\u015br\u00f3d trend\u00f3w jesie\u0144 zima 2021\/2022 pojawi\u0105 si\u0119 mocno podkre\u015blone rz\u0119sy. Zaopatrz si\u0119 wi\u0119c koniecznie w <span style=\"color: #ff9900;\"><a style=\"color: #ff9900;\" href=\"https:\/\/www.pierrerene.pl\/pl\/catalogsearch\/result\/?q=tusz+\" target=\"_blank\" rel=\"noopener\">tusz do rz\u0119s<\/a><\/span>, kt\u00f3ry b\u0119dzie nie tylko pogrubia\u0142, ale te\u017c maksymalnie wyd\u0142u\u017ca\u0142 rz\u0119sy.\u00a0<\/p>\n<p>\u00a0<\/p>\n<div class=\"product-box-container\">\r\n<div class=\"one_third \" style=\"\">\r\n<div class=\"product-box\">\r\n<a href=\"https:\/\/pakuten.pl\/22125-59576-szary-rozpinany-sweterek-z-ozdobnymi-guzikami-cosima-szary.html\" target=\"_blank\">\r\n <img src=\"https:\/\/media.pakuten.pl\/144433-large_default\/szary-rozpinany-sweterek-z-ozdobnymi-guzikami-cosima.jpg\" alt=\"Szary rozpinany sweterek z ozdobnymi guzikami Cosima\"\/>\r\n<\/a>\r\n<p>\r\n<a href=\"https:\/\/pakuten.pl\/22125-59576-szary-rozpinany-sweterek-z-ozdobnymi-guzikami-cosima-szary.html\" target=\"_blank\">\r\nSzary rozpinany sweterek z ozdobnymi guzikami Cosima\r\n<\/a><\/p>\r\n  <p>Cena: 116,63\u00a0z\u0142<\/p>\r\n<a href=\"https:\/\/pakuten.pl\/22125-59576-szary-rozpinany-sweterek-z-ozdobnymi-guzikami-cosima-szary.html\" target=\"_blank\" class=\"button\">\r\nZobacz w sklepie\r\n<\/a>\r\n<\/div>\r\n<\/div>\r\n<div class=\"one_third \" style=\"\">\r\n<div class=\"product-box\">\r\n<a href=\"https:\/\/pakuten.pl\/22110-59558-bezowy-komplet-dresowy-z-nadrukiem-tolikaa-bezowy.html\" target=\"_blank\">\r\n  <img src=\"https:\/\/media.pakuten.pl\/144326-large_default\/bezowy-komplet-dresowy-z-nadrukiem-tolikaa.jpg\" alt=\"Be\u017cowy komplet dresowy z nadrukiem Tolikaa\"\/>\r\n<\/a>\r\n<p>\r\n<a href=\"https:\/\/pakuten.pl\/22110-59558-bezowy-komplet-dresowy-z-nadrukiem-tolikaa-bezowy.html\" target=\"_blank\">\r\nBe\u017cowy komplet dresowy z nadrukiem Tolikaa\r\n<\/a><\/p>\r\n  <p>Cena: 39,99\u00a0z\u0142<\/p>\r\n<a href=\"https:\/\/pakuten.pl\/22110-59558-bezowy-komplet-dresowy-z-nadrukiem-tolikaa-bezowy.html\" target=\"_blank\" class=\"button\">\r\nZobacz w sklepie\r\n<\/a>\r\n<\/div>\r\n<\/div>\r\n<div class=\"one_third last \" style=\"\">\r\n<div class=\"product-box\">\r\n<a href=\"https:\/\/pakuten.pl\/17051-54238-biala-prazkowana-bluzka-z-dekoltem-na-plecach-elnaz-bialy.html\" target=\"_blank\">\r\n  <img src=\"https:\/\/media.pakuten.pl\/121024-large_default\/biala-prazkowana-bluzka-z-dekoltem-na-plecach-elnaz.jpg\" alt=\"BIA\u0141A PR\u0104\u017bKOWANA BLUZKA Z DEKOLTEM NA PLECACH ELNAZ\"\/>\r\n<\/a>\r\n<p>\r\n<a href=\"https:\/\/pakuten.pl\/17051-54238-biala-prazkowana-bluzka-z-dekoltem-na-plecach-elnaz-bialy.html\" target=\"_blank\">\r\nBIA\u0141A PR\u0104\u017bKOWANA BLUZKA Z DEKOLTEM NA PLECACH ELNAZ\r\n<\/a><\/p>\r\n  <p>Cena: 53,89\u00a0z\u0142<\/p>\r\n<a href=\"https:\/\/pakuten.pl\/17051-54238-biala-prazkowana-bluzka-z-dekoltem-na-plecach-elnaz-bialy.html\" target=\"_blank\" class=\"button\">\r\nZobacz w sklepie\r\n<\/a>\r\n<\/div>\r\n<\/div><br class=\"clear\"\/>\r\n<\/div>\n<p>\u00a0<\/p>\n<h2><span style=\"color: #ff9900;\">Roz\u015bwietlona cera<\/span><\/h2>\n<p>\u00a0<\/p>\n<p>W tym sezonie nie mog\u0142o tego zabrakn\u0105\u0107!<strong> Twoja cera powinna wygl\u0105da\u0107 naturalnie i \u015bwie\u017co.<\/strong> Po\u0142\u0105cz efekt skin care oraz makija\u017cu. Oczyszczaj swoj\u0105 sk\u00f3r\u0119, u\u017cywaj odpowiednio dopasowanych do swojej cery kosmetyk\u00f3w piel\u0119gnacyjnych i tym samym ju\u017c Twoja cera nabierze blasku i b\u0119dzie wygl\u0105da\u0107 zdrowo i \u015bwie\u017co. Oczywi\u015bcie taki <strong>efekt glow powinna\u015b uzupe\u0142ni\u0107 odpowiednim makija\u017cem.<\/strong> Zaopatrz si\u0119 wi\u0119c w tym sezonie koniecznie w fajny roz\u015bwietlacz do twarzy. Kosmetyki w p\u0142ynie to nasz hit!\u00a0<\/p>\n<p>\u00a0<\/p>\n<p><img loading=\"lazy\" class=\"aligncenter size-full wp-image-5690\" src=\"https:\/\/pakuten.pl\/blog\/wp-content\/uploads\/2021\/09\/image1-1.jpeg\" alt=\"\" width=\"1280\" height=\"2276\" \/><\/p>\n<p>\u00a0<\/p>\n<p>\u00a0<\/p>\n<h2><span style=\"color: #ff9900;\">Makija\u017c ust 2021\u00a0<\/span><\/h2>\n<p>\u00a0<\/p>\n<p><strong>Makija\u017c ust 2021<\/strong> na pewno b\u0119dzie nosi\u0107 barwy tej pory roku, co jest oczywist\u0105 spraw\u0105, lecz z pewno\u015bci\u0105 nie utkniemy jedynie w klasyce. Czerwie\u0144 i pastele r\u00f3wnie\u017c b\u0119d\u0105 hot! Jednak dot\u0105d modne maty, b\u0119d\u0105 zast\u0105pione mocnym po\u0142yskiem. Dzi\u015b <strong>czerwona szminka<\/strong> jest przeznaczona nie tylko na wiecz\u00f3r, ale tak\u017ce na w ci\u0105gu dnia mo\u017cesz po ni\u0105 si\u0119gn\u0105\u0107 do styl\u00f3wki na luzie.\u00a0<\/p>\n<p>\u00a0<\/p>\n<div class=\"product-box-container\">\r\n<div class=\"one_third \" style=\"\">\r\n<div class=\"product-box\">\r\n<a href=\"https:\/\/pakuten.pl\/22104-59553-biala-logowana-koszulka-na-ramiaczkach-oliwiaa-bialy.html\" target=\"_blank\">\r\n <img src=\"https:\/\/media.pakuten.pl\/144288-large_default\/biala-logowana-koszulka-na-ramiaczkach-oliwiaa.jpg\" alt=\"Bia\u0142a logowana koszulka na rami\u0105czkach Oliwiaa\"\/>\r\n<\/a>\r\n<p>\r\n<a href=\"https:\/\/pakuten.pl\/22104-59553-biala-logowana-koszulka-na-ramiaczkach-oliwiaa-bialy.html\" target=\"_blank\">\r\nBia\u0142a logowana koszulka na rami\u0105czkach Oliwiaa\r\n<\/a><\/p>\r\n  <p>Cena: 46,63\u00a0z\u0142<\/p>\r\n<a href=\"https:\/\/pakuten.pl\/22104-59553-biala-logowana-koszulka-na-ramiaczkach-oliwiaa-bialy.html\" target=\"_blank\" class=\"button\">\r\nZobacz w sklepie\r\n<\/a>\r\n<\/div>\r\n<\/div>\r\n<div class=\"one_third \" style=\"\">\r\n<div class=\"product-box\">\r\n<a href=\"https:\/\/pakuten.pl\/22120-59569-rozowy-komplet-dresowy-z-nadrukiem-rewetaa-rozowy.html\" target=\"_blank\">\r\n  <img src=\"https:\/\/media.pakuten.pl\/144393-large_default\/rozowy-komplet-dresowy-z-nadrukiem-rewetaa.jpg\" alt=\"R\u00f3\u017cowy komplet dresowy z nadrukiem Rewetaa\"\/>\r\n<\/a>\r\n<p>\r\n<a href=\"https:\/\/pakuten.pl\/22120-59569-rozowy-komplet-dresowy-z-nadrukiem-rewetaa-rozowy.html\" target=\"_blank\">\r\nR\u00f3\u017cowy komplet dresowy z nadrukiem Rewetaa\r\n<\/a><\/p>\r\n  <p>Cena: 39,99\u00a0z\u0142<\/p>\r\n<a href=\"https:\/\/pakuten.pl\/22120-59569-rozowy-komplet-dresowy-z-nadrukiem-rewetaa-rozowy.html\" target=\"_blank\" class=\"button\">\r\nZobacz w sklepie\r\n<\/a>\r\n<\/div>\r\n<\/div>\r\n<div class=\"one_third last \" style=\"\">\r\n<div class=\"product-box\">\r\n<a href=\"https:\/\/pakuten.pl\/22126-59577-rozpinany-sweterek-z-ozdobnymi-guzikami-cosima-ecru-ecru.html\" target=\"_blank\">\r\n  <img src=\"https:\/\/media.pakuten.pl\/144440-large_default\/rozpinany-sweterek-z-ozdobnymi-guzikami-cosima-ecru.jpg\" alt=\"Rozpinany sweterek z ozdobnymi guzikami Cosima - ecru\"\/>\r\n<\/a>\r\n<p>\r\n<a href=\"https:\/\/pakuten.pl\/22126-59577-rozpinany-sweterek-z-ozdobnymi-guzikami-cosima-ecru-ecru.html\" target=\"_blank\">\r\nRozpinany sweterek z ozdobnymi guzikami Cosima - ecru\r\n<\/a><\/p>\r\n  <p>Cena: 69,99\u00a0z\u0142<\/p>\r\n<a href=\"https:\/\/pakuten.pl\/22126-59577-rozpinany-sweterek-z-ozdobnymi-guzikami-cosima-ecru-ecru.html\" target=\"_blank\" class=\"button\">\r\nZobacz w sklepie\r\n<\/a>\r\n<\/div>\r\n<\/div><br class=\"clear\"\/>\r\n<\/div>\n<p>\u00a0<\/p>\n<h2><span style=\"color: #ff9900;\">Swoj\u0105 urod\u0119 podkre\u015bl nie tylko makija\u017cem!<\/span><\/h2>\n<p>\u00a0<\/p>\n<p>Jak doskonale wiesz, <strong>nie tylko makija\u017c podkre\u015bli Twoj\u0105 urod\u0119<\/strong>. Odpowiednia fryzura r\u00f3wnie\u017c nada odpowiedni Twojej twarzy. Jakie fryzury polecamy do okr\u0105g\u0142ej twarzy? Polecamy asymetryczne grzywki zaczesane na bok. Unikaj natomiast kr\u00f3tkich grzywek, kt\u00f3re skracaj\u0105 twarz. Do kwadratowej twarzy polecamy fryzury o mi\u0119kkiej linii, kt\u00f3re nasuwaj\u0105 si\u0119 lekko na boki. Natomiast przy twarzy poci\u0105g\u0142ej warto wybra\u0107 fryzur\u0119 zas\u0142aniaj\u0105c\u0105 czo\u0142o. Pami\u0119taj te\u017c o odpowiednim kolorze w\u0142os\u00f3w. Pami\u0119taj te\u017c o odpowiedniej styl\u00f3wce. <strong>Nie zak\u0142adaj <span style=\"color: #ff9900;\"><a style=\"color: #ff9900;\" href=\"https:\/\/pakuten.pl\/86-ubrania\">ubra\u0144<\/a><\/span>, kt\u00f3rych kolor zupe\u0142nie nie pasuje do Twojej cery.<\/strong> Je\u015bli masz ca\u0142kowicie blad\u0105 cer\u0119, zapomnij o jasnych, jasnobe\u017cowych ubraniach. Je\u015bli jednak bardzo Ci zale\u017cy na takim ubraniu, na ratunek mo\u017ce przyj\u015b\u0107 odpowiedni makija\u017c. Poznaj triki kosmetyczne, o kt\u00f3rych nie mia\u0142a\u015b poj\u0119cia. Do codziennego make upu u\u017cy\u0107 lekkiego kremu BB lub CC. U\u017cyj koniecznie korektora pod oczy. Podkre\u015bl swoje brwi ,oczy oraz usta. Policzki mu\u015bnij r\u00f3\u017cem. Wygl\u0105daj \u015bwie\u017co i ol\u015bniewaj urod\u0105 w ka\u017cdej sytuacji. Nawet jesieni\u0105 si\u0119gaj po kolorowe ubrania, ale po takie, w kt\u00f3rych Ty dobrze wygl\u0105dasz i dobrze si\u0119 czujesz. Je\u015bli zostajesz dzisiaj w domu, za\u0142\u00f3\u017c ulubione wygodne <span style=\"color: #ff9900;\"><a style=\"color: #ff9900;\" href=\"https:\/\/pakuten.pl\/30-komplety-dresowe\" target=\"_blank\" rel=\"noopener\">d<span style=\"color: #ff9900;\">re<\/span>sy<\/a><\/span> i po\u015bwi\u0119\u0107 czas na swoje hobby.\u00a0 <img loading=\"lazy\" class=\"aligncenter size-full wp-image-5695\" src=\"https:\/\/pakuten.pl\/blog\/wp-content\/uploads\/2021\/09\/image2-1.jpeg\" alt=\"\" width=\"1280\" height=\"2276\" \/><\/p>\n<p>\u00a0<\/p>\n<p>\u00a0<\/p>\n<p>Powy\u017cszy wpis zosta\u0142 zamieszczony we wsp\u00f3\u0142pracy z firm\u0105 <span style=\"color: #ff9900;\"><a style=\"color: #ff9900;\" href=\"https:\/\/www.pierrerene.pl\/pl\/\" target=\"_blank\" rel=\"noopener\">Pierre Rene<\/a><\/span>, Ustka.\u00a0<\/p>\n<p>\u00a0<\/p>\n<p>\u00a0<\/p>\n\n\n<div class=\"kk-star-ratings kksr-auto kksr-align-right kksr-valign-bottom\"\n    data-payload='{&quot;align&quot;:&quot;right&quot;,&quot;id&quot;:&quot;5688&quot;,&quot;slug&quot;:&quot;default&quot;,&quot;valign&quot;:&quot;bottom&quot;,&quot;ignore&quot;:&quot;&quot;,&quot;reference&quot;:&quot;auto&quot;,&quot;class&quot;:&quot;&quot;,&quot;count&quot;:&quot;0&quot;,&quot;legendonly&quot;:&quot;&quot;,&quot;readonly&quot;:&quot;&quot;,&quot;score&quot;:&quot;0&quot;,&quot;starsonly&quot;:&quot;&quot;,&quot;best&quot;:&quot;5&quot;,&quot;gap&quot;:&quot;5&quot;,&quot;greet&quot;:&quot;Rate this post&quot;,&quot;legend&quot;:&quot;0\\\/5 - (0 votes)&quot;,&quot;size&quot;:&quot;24&quot;,&quot;width&quot;:&quot;0&quot;,&quot;_legend&quot;:&quot;{score}\\\/{best} - ({count} {votes})&quot;,&quot;font_factor&quot;:&quot;1.25&quot;}'>\n            \n<div class=\"kksr-stars\">\n    \n<div class=\"kksr-stars-inactive\">\n            <div class=\"kksr-star\" data-star=\"1\" style=\"padding-right: 5px\">\n            \n\n<div class=\"kksr-icon\" style=\"width: 24px; height: 24px;\"><\/div>\n        <\/div>\n            <div class=\"kksr-star\" data-star=\"2\" style=\"padding-right: 5px\">\n            \n\n<div class=\"kksr-icon\" style=\"width: 24px; height: 24px;\"><\/div>\n        <\/div>\n            <div class=\"kksr-star\" data-star=\"3\" style=\"padding-right: 5px\">\n            \n\n<div class=\"kksr-icon\" style=\"width: 24px; height: 24px;\"><\/div>\n        <\/div>\n            <div class=\"kksr-star\" data-star=\"4\" style=\"padding-right: 5px\">\n            \n\n<div class=\"kksr-icon\" style=\"width: 24px; height: 24px;\"><\/div>\n        <\/div>\n            <div class=\"kksr-star\" data-star=\"5\" style=\"padding-right: 5px\">\n            \n\n<div class=\"kksr-icon\" style=\"width: 24px; height: 24px;\"><\/div>\n        <\/div>\n    <\/div>\n    \n<div class=\"kksr-stars-active\" style=\"width: 0px;\">\n            <div class=\"kksr-star\" style=\"padding-right: 5px\">\n            \n\n<div class=\"kksr-icon\" style=\"width: 24px; height: 24px;\"><\/div>\n        <\/div>\n            <div class=\"kksr-star\" style=\"padding-right: 5px\">\n            \n\n<div class=\"kksr-icon\" style=\"width: 24px; height: 24px;\"><\/div>\n        <\/div>\n            <div class=\"kksr-star\" style=\"padding-right: 5px\">\n            \n\n<div class=\"kksr-icon\" style=\"width: 24px; height: 24px;\"><\/div>\n        <\/div>\n            <div class=\"kksr-star\" style=\"padding-right: 5px\">\n            \n\n<div class=\"kksr-icon\" style=\"width: 24px; height: 24px;\"><\/div>\n        <\/div>\n            <div class=\"kksr-star\" style=\"padding-right: 5px\">\n            \n\n<div class=\"kksr-icon\" style=\"width: 24px; height: 24px;\"><\/div>\n        <\/div>\n    <\/div>\n<\/div>\n                \n\n<div class=\"kksr-legend\" style=\"font-size: 19.2px;\">\n            <span class=\"kksr-muted\">Rate this post<\/span>\n    <\/div>\n    <\/div>\n","protected":false},"excerpt":{"rendered":"<p>W sezonie jesie\u0144 &#8211; zima 2021 \/ 2022 jednym z wa\u017cniejszych trend\u00f3w w makija\u017cu 2021 b\u0119d\u0105 policzki mu\u015bni\u0119te brzoskwiniowym albo pudrowym r\u00f3\u017cem. Dzi\u0119ki temu Twoja sk\u00f3ra b\u0119dzie wygl\u0105da\u0142a na wyj\u0105tkowo \u015bwie\u017c\u0105. Jakie dodatki z kolorowych kosmetyk\u00f3w najlepiej dobra\u0107? Do podkre\u015blonej [&hellip;]<\/p>\n","protected":false},"author":3,"featured_media":5692,"comment_status":"open","ping_status":"open","sticky":false,"template":"","format":"standard","meta":[],"categories":[3],"tags":[],"yoast_head":"<!-- This site is optimized with the Yoast SEO plugin v18.4.1 - https:\/\/yoast.com\/wordpress\/plugins\/seo\/ -->\n<title>Trendy w makija\u017cu 2021. Jaki make up b\u0119dzie modny? - Pakuten blog<\/title>\n<meta name=\"robots\" content=\"index, follow, max-snippet:-1, max-image-preview:large, max-video-preview:-1\" \/>\n<link rel=\"canonical\" href=\"https:\/\/pakuten.pl\/blog\/trendy-w-makijazu-2021-jaki-make-up-bedzie-modny\/\" \/>\n<meta property=\"og:locale\" content=\"pl_PL\" \/>\n<meta property=\"og:type\" content=\"article\" \/>\n<meta property=\"og:title\" content=\"Trendy w makija\u017cu 2021. Jaki make up b\u0119dzie modny? - Pakuten blog\" \/>\n<meta property=\"og:description\" content=\"W sezonie jesie\u0144 &#8211; zima 2021 \/ 2022 jednym z wa\u017cniejszych trend\u00f3w w makija\u017cu 2021 b\u0119d\u0105 policzki mu\u015bni\u0119te brzoskwiniowym albo pudrowym r\u00f3\u017cem. Dzi\u0119ki temu Twoja sk\u00f3ra b\u0119dzie wygl\u0105da\u0142a na wyj\u0105tkowo \u015bwie\u017c\u0105. Jakie dodatki z kolorowych kosmetyk\u00f3w najlepiej dobra\u0107? Do podkre\u015blonej [&hellip;]\" \/>\n<meta property=\"og:url\" content=\"https:\/\/pakuten.pl\/blog\/trendy-w-makijazu-2021-jaki-make-up-bedzie-modny\/\" \/>\n<meta property=\"og:site_name\" content=\"Pakuten blog\" \/>\n<meta property=\"article:published_time\" content=\"2021-09-27T12:05:38+00:00\" \/>\n<meta property=\"article:modified_time\" content=\"2021-10-28T15:57:36+00:00\" \/>\n<meta property=\"og:image\" content=\"https:\/\/pakuten.pl\/blog\/wp-content\/uploads\/2021\/09\/Trendy-w-makijaz\u0307u-2021.jpeg\" \/>\n\t<meta property=\"og:image:width\" content=\"1280\" \/>\n\t<meta property=\"og:image:height\" content=\"1280\" \/>\n\t<meta property=\"og:image:type\" content=\"image\/jpeg\" \/>\n<meta name=\"twitter:card\" content=\"summary_large_image\" \/>\n<meta name=\"twitter:label1\" content=\"Napisane przez\" \/>\n\t<meta name=\"twitter:data1\" content=\"Pakuten Girl\" \/>\n\t<meta name=\"twitter:label2\" content=\"Szacowany czas czytania\" \/>\n\t<meta name=\"twitter:data2\" content=\"4 minuty\" \/>\n<script type=\"application\/ld+json\" class=\"yoast-schema-graph\">{\"@context\":\"https:\/\/schema.org\",\"@graph\":[{\"@type\":\"Organization\",\"@id\":\"https:\/\/pakuten.pl\/blog\/#organization\",\"name\":\"Pakuten\",\"url\":\"https:\/\/pakuten.pl\/blog\/\",\"sameAs\":[],\"logo\":{\"@type\":\"ImageObject\",\"@id\":\"https:\/\/pakuten.pl\/blog\/#logo\",\"inLanguage\":\"pl-PL\",\"url\":\"http:\/\/pakuten.pl\/blog\/wp-content\/uploads\/2018\/01\/pakuten_logo.png\",\"contentUrl\":\"http:\/\/pakuten.pl\/blog\/wp-content\/uploads\/2018\/01\/pakuten_logo.png\",\"width\":300,\"height\":120,\"caption\":\"Pakuten\"},\"image\":{\"@id\":\"https:\/\/pakuten.pl\/blog\/#logo\"}},{\"@type\":\"WebSite\",\"@id\":\"https:\/\/pakuten.pl\/blog\/#website\",\"url\":\"https:\/\/pakuten.pl\/blog\/\",\"name\":\"Pakuten blog\",\"description\":\"Blog sklepu internetowego pakuten.pl\",\"publisher\":{\"@id\":\"https:\/\/pakuten.pl\/blog\/#organization\"},\"potentialAction\":[{\"@type\":\"SearchAction\",\"target\":{\"@type\":\"EntryPoint\",\"urlTemplate\":\"https:\/\/pakuten.pl\/blog\/?s={search_term_string}\"},\"query-input\":\"required name=search_term_string\"}],\"inLanguage\":\"pl-PL\"},{\"@type\":\"ImageObject\",\"@id\":\"https:\/\/pakuten.pl\/blog\/trendy-w-makijazu-2021-jaki-make-up-bedzie-modny\/#primaryimage\",\"inLanguage\":\"pl-PL\",\"url\":\"https:\/\/pakuten.pl\/blog\/wp-content\/uploads\/2021\/09\/Trendy-w-makijaz\u0307u-2021.jpeg\",\"contentUrl\":\"https:\/\/pakuten.pl\/blog\/wp-content\/uploads\/2021\/09\/Trendy-w-makijaz\u0307u-2021.jpeg\",\"width\":1280,\"height\":1280},{\"@type\":\"WebPage\",\"@id\":\"https:\/\/pakuten.pl\/blog\/trendy-w-makijazu-2021-jaki-make-up-bedzie-modny\/#webpage\",\"url\":\"https:\/\/pakuten.pl\/blog\/trendy-w-makijazu-2021-jaki-make-up-bedzie-modny\/\",\"name\":\"Trendy w makija\u017cu 2021. Jaki make up b\u0119dzie modny? - Pakuten blog\",\"isPartOf\":{\"@id\":\"https:\/\/pakuten.pl\/blog\/#website\"},\"primaryImageOfPage\":{\"@id\":\"https:\/\/pakuten.pl\/blog\/trendy-w-makijazu-2021-jaki-make-up-bedzie-modny\/#primaryimage\"},\"datePublished\":\"2021-09-27T12:05:38+00:00\",\"dateModified\":\"2021-10-28T15:57:36+00:00\",\"breadcrumb\":{\"@id\":\"https:\/\/pakuten.pl\/blog\/trendy-w-makijazu-2021-jaki-make-up-bedzie-modny\/#breadcrumb\"},\"inLanguage\":\"pl-PL\",\"potentialAction\":[{\"@type\":\"ReadAction\",\"target\":[\"https:\/\/pakuten.pl\/blog\/trendy-w-makijazu-2021-jaki-make-up-bedzie-modny\/\"]}]},{\"@type\":\"BreadcrumbList\",\"@id\":\"https:\/\/pakuten.pl\/blog\/trendy-w-makijazu-2021-jaki-make-up-bedzie-modny\/#breadcrumb\",\"itemListElement\":[{\"@type\":\"ListItem\",\"position\":1,\"name\":\"Strona g\u0142\u00f3wna\",\"item\":\"https:\/\/pakuten.pl\/blog\/\"},{\"@type\":\"ListItem\",\"position\":2,\"name\":\"Trendy w makija\u017cu 2021. Jaki make up b\u0119dzie modny?\"}]},{\"@type\":\"Article\",\"@id\":\"https:\/\/pakuten.pl\/blog\/trendy-w-makijazu-2021-jaki-make-up-bedzie-modny\/#article\",\"isPartOf\":{\"@id\":\"https:\/\/pakuten.pl\/blog\/trendy-w-makijazu-2021-jaki-make-up-bedzie-modny\/#webpage\"},\"author\":{\"@id\":\"https:\/\/pakuten.pl\/blog\/#\/schema\/person\/d7133af30211381a4e4536d088384556\"},\"headline\":\"Trendy w makija\u017cu 2021. Jaki make up b\u0119dzie modny?\",\"datePublished\":\"2021-09-27T12:05:38+00:00\",\"dateModified\":\"2021-10-28T15:57:36+00:00\",\"mainEntityOfPage\":{\"@id\":\"https:\/\/pakuten.pl\/blog\/trendy-w-makijazu-2021-jaki-make-up-bedzie-modny\/#webpage\"},\"wordCount\":978,\"commentCount\":0,\"publisher\":{\"@id\":\"https:\/\/pakuten.pl\/blog\/#organization\"},\"image\":{\"@id\":\"https:\/\/pakuten.pl\/blog\/trendy-w-makijazu-2021-jaki-make-up-bedzie-modny\/#primaryimage\"},\"thumbnailUrl\":\"https:\/\/pakuten.pl\/blog\/wp-content\/uploads\/2021\/09\/Trendy-w-makijaz\u0307u-2021.jpeg\",\"articleSection\":[\"Top Trends\"],\"inLanguage\":\"pl-PL\",\"potentialAction\":[{\"@type\":\"CommentAction\",\"name\":\"Comment\",\"target\":[\"https:\/\/pakuten.pl\/blog\/trendy-w-makijazu-2021-jaki-make-up-bedzie-modny\/#respond\"]}]},{\"@type\":\"Person\",\"@id\":\"https:\/\/pakuten.pl\/blog\/#\/schema\/person\/d7133af30211381a4e4536d088384556\",\"name\":\"Pakuten Girl\",\"image\":{\"@type\":\"ImageObject\",\"@id\":\"https:\/\/pakuten.pl\/blog\/#personlogo\",\"inLanguage\":\"pl-PL\",\"url\":\"https:\/\/secure.gravatar.com\/avatar\/d3df41de2caf92e6cfded9430c2ff352?s=96&d=mm&r=g\",\"contentUrl\":\"https:\/\/secure.gravatar.com\/avatar\/d3df41de2caf92e6cfded9430c2ff352?s=96&d=mm&r=g\",\"caption\":\"Pakuten Girl\"},\"description\":\"Cze\u015b\u0107, nazywam si\u0119 Ola. Kocham Netflixa, sals\u0119, nowo\u015bci kosmetyczne i najnowsze trendy w modzie.\",\"url\":\"https:\/\/pakuten.pl\/blog\/author\/pakuten-girl\/\"}]}<\/script>\n<!-- \/ Yoast SEO plugin. -->","yoast_head_json":{"title":"Trendy w makija\u017cu 2021. Jaki make up b\u0119dzie modny? - Pakuten blog","robots":{"index":"index","follow":"follow","max-snippet":"max-snippet:-1","max-image-preview":"max-image-preview:large","max-video-preview":"max-video-preview:-1"},"canonical":"https:\/\/pakuten.pl\/blog\/trendy-w-makijazu-2021-jaki-make-up-bedzie-modny\/","og_locale":"pl_PL","og_type":"article","og_title":"Trendy w makija\u017cu 2021. Jaki make up b\u0119dzie modny? - Pakuten blog","og_description":"W sezonie jesie\u0144 &#8211; zima 2021 \/ 2022 jednym z wa\u017cniejszych trend\u00f3w w makija\u017cu 2021 b\u0119d\u0105 policzki mu\u015bni\u0119te brzoskwiniowym albo pudrowym r\u00f3\u017cem. Dzi\u0119ki temu Twoja sk\u00f3ra b\u0119dzie wygl\u0105da\u0142a na wyj\u0105tkowo \u015bwie\u017c\u0105. Jakie dodatki z kolorowych kosmetyk\u00f3w najlepiej dobra\u0107? Do podkre\u015blonej [&hellip;]","og_url":"https:\/\/pakuten.pl\/blog\/trendy-w-makijazu-2021-jaki-make-up-bedzie-modny\/","og_site_name":"Pakuten blog","article_published_time":"2021-09-27T12:05:38+00:00","article_modified_time":"2021-10-28T15:57:36+00:00","og_image":[{"width":1280,"height":1280,"url":"https:\/\/pakuten.pl\/blog\/wp-content\/uploads\/2021\/09\/Trendy-w-makijaz\u0307u-2021.jpeg","type":"image\/jpeg"}],"twitter_card":"summary_large_image","twitter_misc":{"Napisane przez":"Pakuten Girl","Szacowany czas czytania":"4 minuty"},"schema":{"@context":"https:\/\/schema.org","@graph":[{"@type":"Organization","@id":"https:\/\/pakuten.pl\/blog\/#organization","name":"Pakuten","url":"https:\/\/pakuten.pl\/blog\/","sameAs":[],"logo":{"@type":"ImageObject","@id":"https:\/\/pakuten.pl\/blog\/#logo","inLanguage":"pl-PL","url":"http:\/\/pakuten.pl\/blog\/wp-content\/uploads\/2018\/01\/pakuten_logo.png","contentUrl":"http:\/\/pakuten.pl\/blog\/wp-content\/uploads\/2018\/01\/pakuten_logo.png","width":300,"height":120,"caption":"Pakuten"},"image":{"@id":"https:\/\/pakuten.pl\/blog\/#logo"}},{"@type":"WebSite","@id":"https:\/\/pakuten.pl\/blog\/#website","url":"https:\/\/pakuten.pl\/blog\/","name":"Pakuten blog","description":"Blog sklepu internetowego pakuten.pl","publisher":{"@id":"https:\/\/pakuten.pl\/blog\/#organization"},"potentialAction":[{"@type":"SearchAction","target":{"@type":"EntryPoint","urlTemplate":"https:\/\/pakuten.pl\/blog\/?s={search_term_string}"},"query-input":"required name=search_term_string"}],"inLanguage":"pl-PL"},{"@type":"ImageObject","@id":"https:\/\/pakuten.pl\/blog\/trendy-w-makijazu-2021-jaki-make-up-bedzie-modny\/#primaryimage","inLanguage":"pl-PL","url":"https:\/\/pakuten.pl\/blog\/wp-content\/uploads\/2021\/09\/Trendy-w-makijaz\u0307u-2021.jpeg","contentUrl":"https:\/\/pakuten.pl\/blog\/wp-content\/uploads\/2021\/09\/Trendy-w-makijaz\u0307u-2021.jpeg","width":1280,"height":1280},{"@type":"WebPage","@id":"https:\/\/pakuten.pl\/blog\/trendy-w-makijazu-2021-jaki-make-up-bedzie-modny\/#webpage","url":"https:\/\/pakuten.pl\/blog\/trendy-w-makijazu-2021-jaki-make-up-bedzie-modny\/","name":"Trendy w makija\u017cu 2021. Jaki make up b\u0119dzie modny? - Pakuten blog","isPartOf":{"@id":"https:\/\/pakuten.pl\/blog\/#website"},"primaryImageOfPage":{"@id":"https:\/\/pakuten.pl\/blog\/trendy-w-makijazu-2021-jaki-make-up-bedzie-modny\/#primaryimage"},"datePublished":"2021-09-27T12:05:38+00:00","dateModified":"2021-10-28T15:57:36+00:00","breadcrumb":{"@id":"https:\/\/pakuten.pl\/blog\/trendy-w-makijazu-2021-jaki-make-up-bedzie-modny\/#breadcrumb"},"inLanguage":"pl-PL","potentialAction":[{"@type":"ReadAction","target":["https:\/\/pakuten.pl\/blog\/trendy-w-makijazu-2021-jaki-make-up-bedzie-modny\/"]}]},{"@type":"BreadcrumbList","@id":"https:\/\/pakuten.pl\/blog\/trendy-w-makijazu-2021-jaki-make-up-bedzie-modny\/#breadcrumb","itemListElement":[{"@type":"ListItem","position":1,"name":"Strona g\u0142\u00f3wna","item":"https:\/\/pakuten.pl\/blog\/"},{"@type":"ListItem","position":2,"name":"Trendy w makija\u017cu 2021. Jaki make up b\u0119dzie modny?"}]},{"@type":"Article","@id":"https:\/\/pakuten.pl\/blog\/trendy-w-makijazu-2021-jaki-make-up-bedzie-modny\/#article","isPartOf":{"@id":"https:\/\/pakuten.pl\/blog\/trendy-w-makijazu-2021-jaki-make-up-bedzie-modny\/#webpage"},"author":{"@id":"https:\/\/pakuten.pl\/blog\/#\/schema\/person\/d7133af30211381a4e4536d088384556"},"headline":"Trendy w makija\u017cu 2021. Jaki make up b\u0119dzie modny?","datePublished":"2021-09-27T12:05:38+00:00","dateModified":"2021-10-28T15:57:36+00:00","mainEntityOfPage":{"@id":"https:\/\/pakuten.pl\/blog\/trendy-w-makijazu-2021-jaki-make-up-bedzie-modny\/#webpage"},"wordCount":978,"commentCount":0,"publisher":{"@id":"https:\/\/pakuten.pl\/blog\/#organization"},"image":{"@id":"https:\/\/pakuten.pl\/blog\/trendy-w-makijazu-2021-jaki-make-up-bedzie-modny\/#primaryimage"},"thumbnailUrl":"https:\/\/pakuten.pl\/blog\/wp-content\/uploads\/2021\/09\/Trendy-w-makijaz\u0307u-2021.jpeg","articleSection":["Top Trends"],"inLanguage":"pl-PL","potentialAction":[{"@type":"CommentAction","name":"Comment","target":["https:\/\/pakuten.pl\/blog\/trendy-w-makijazu-2021-jaki-make-up-bedzie-modny\/#respond"]}]},{"@type":"Person","@id":"https:\/\/pakuten.pl\/blog\/#\/schema\/person\/d7133af30211381a4e4536d088384556","name":"Pakuten Girl","image":{"@type":"ImageObject","@id":"https:\/\/pakuten.pl\/blog\/#personlogo","inLanguage":"pl-PL","url":"https:\/\/secure.gravatar.com\/avatar\/d3df41de2caf92e6cfded9430c2ff352?s=96&d=mm&r=g","contentUrl":"https:\/\/secure.gravatar.com\/avatar\/d3df41de2caf92e6cfded9430c2ff352?s=96&d=mm&r=g","caption":"Pakuten Girl"},"description":"Cze\u015b\u0107, nazywam si\u0119 Ola. Kocham Netflixa, sals\u0119, nowo\u015bci kosmetyczne i najnowsze trendy w modzie.","url":"https:\/\/pakuten.pl\/blog\/author\/pakuten-girl\/"}]}},"_links":{"self":[{"href":"https:\/\/pakuten.pl\/blog\/wp-json\/wp\/v2\/posts\/5688"}],"collection":[{"href":"https:\/\/pakuten.pl\/blog\/wp-json\/wp\/v2\/posts"}],"about":[{"href":"https:\/\/pakuten.pl\/blog\/wp-json\/wp\/v2\/types\/post"}],"author":[{"embeddable":true,"href":"https:\/\/pakuten.pl\/blog\/wp-json\/wp\/v2\/users\/3"}],"replies":[{"embeddable":true,"href":"https:\/\/pakuten.pl\/blog\/wp-json\/wp\/v2\/comments?post=5688"}],"version-history":[{"count":4,"href":"https:\/\/pakuten.pl\/blog\/wp-json\/wp\/v2\/posts\/5688\/revisions"}],"predecessor-version":[{"id":5748,"href":"https:\/\/pakuten.pl\/blog\/wp-json\/wp\/v2\/posts\/5688\/revisions\/5748"}],"wp:featuredmedia":[{"embeddable":true,"href":"https:\/\/pakuten.pl\/blog\/wp-json\/wp\/v2\/media\/5692"}],"wp:attachment":[{"href":"https:\/\/pakuten.pl\/blog\/wp-json\/wp\/v2\/media?parent=5688"}],"wp:term":[{"taxonomy":"category","embeddable":true,"href":"https:\/\/pakuten.pl\/blog\/wp-json\/wp\/v2\/categories?post=5688"},{"taxonomy":"post_tag","embeddable":true,"href":"https:\/\/pakuten.pl\/blog\/wp-json\/wp\/v2\/tags?post=5688"}],"curies":[{"name":"wp","href":"https:\/\/api.w.org\/{rel}","templated":true}]}}