{"id":578,"date":"2018-03-08T09:13:54","date_gmt":"2018-03-08T08:13:54","guid":{"rendered":"http:\/\/pakuten.pl\/blog\/?p=578"},"modified":"2021-08-13T08:55:57","modified_gmt":"2021-08-13T06:55:57","slug":"zobacz-najlepsze-stylizacje-z-paris-fashion-week-i-zainspiruj-sie-na-nowy-sezon","status":"publish","type":"post","link":"https:\/\/pakuten.pl\/blog\/zobacz-najlepsze-stylizacje-z-paris-fashion-week-i-zainspiruj-sie-na-nowy-sezon\/","title":{"rendered":"Zobacz najlepsze stylizacje z Paris Fashion Week i zainspiruj si\u0119 na nowy sezon!"},"content":{"rendered":"<p><strong>Paris Fashion Week to najwi\u0119ksze \u015bwi\u0119to mody. Pi\u0119kne ubrania pojawiaj\u0105 si\u0119 nie tylko na wybiegu, ale przede wszystkim na ulicach najbardziej romantycznego miasta Europy. Blogerki, redaktorki, influencerki i krytycy mody przechadzaj\u0105 si\u0119 ulicami Pary\u017ca w specjalnie przygotowanych zestawach, a my mo\u017cemy podziwia\u0107 ich kreatywno\u015b\u0107, pomys\u0142owo\u015b\u0107 i zmys\u0142 do \u0142\u0105czenia najwi\u0119kszych trend\u00f3w sezonu. Specjalnie dla Was wybra\u0142am najlepsze stylizacje z paryskiego tygodnia mody. Jak mo\u017cecie si\u0119 nimi zainspirowa\u0107 na co dzie\u0144?<\/strong><\/p>\n<h2>Polskie blogerki na Paris Fashion Week<\/h2>\n<p>Moda uliczna to \u017ar\u00f3d\u0142o inspiracji dla os\u00f3b pod\u0105\u017caj\u0105cych za trendami. Je\u015bli chcesz zawsze wygl\u0105da\u0107 na czasie i zaskoczy\u0107 przyjaci\u00f3\u0142ki kreatywn\u0105 stylizacj\u0105 podgl\u0105daj modelki i blogerki pojawiaj\u0105ce si\u0119 na takich wydarzeniach jak Paris Fashion Week. Mo\u017cesz na przyk\u0142ad zainspirowa\u0107 si\u0119 polskimi influencerkami, kt\u00f3re w tym roku stan\u0119\u0142y na wysoko\u015bci zadania! Zazwyczaj kolorowa Macademian Girl zaskoczy\u0142a nas pi\u0119kn\u0105 stylizacj\u0105 \u201ewhite total look\u201d, w kt\u00f3rej oczywi\u015bcie nie zabrak\u0142o fantazji, kt\u00f3ra jest cech\u0105 charakterystyczn\u0105 Tamary.<\/p>\n<blockquote class=\"instagram-media\" style=\"background: #FFF; border: 0; border-radius: 3px; box-shadow: 0 0 1px 0 rgba(0,0,0,0.5),0 1px 10px 0 rgba(0,0,0,0.15); margin: 1px; max-width: 658px; padding: 0; width: calc(100% - 2px);\" data-instgrm-captioned=\"\" data-instgrm-permalink=\"https:\/\/www.instagram.com\/p\/Bfv94A0Hm7N\/\" data-instgrm-version=\"8\">\n<div style=\"padding: 8px;\">\n<div style=\"background: #F8F8F8; line-height: 0; margin-top: 40px; padding: 50% 0; text-align: center; width: 100%;\">\n<div style=\"background: url(data:image\/png; base64,ivborw0kggoaaaansuheugaaacwaaaascamaaaapwqozaaaabgdbtueaalgpc\/xhbqaaaafzukdcak7ohokaaaamuexurczmzpf399fx1+bm5mzy9amaaadisurbvdjlvzxbesmgces5\/p8\/t9furvcrmu73jwlzosgsiizurcjo\/ad+eqjjb4hv8bft+idpqocx1wjosbfhh2xssxeiyn3uli\/6mnree07uiwjev8ueowds88ly97kqytlijkktuybbruayvh5wohixmpi5we58ek028czwyuqdlkpg1bkb4nnm+veanfhqn1k4+gpt6ugqcvu2h2ovuif\/gwufyy8owepdyzsa3avcqpvovvzzz2vtnn2wu8qzvjddeto90gsy9mvlqtgysy231mxry6i2ggqjrty0l8fxcxfcbbhwrsyyaaaaaelftksuqmcc); display: block; height: 44px; margin: 0 auto -44px; position: relative; top: -22px; width: 44px;\"><\/div>\n<\/div>\n<p style=\"margin: 8px 0 0 0; padding: 0 4px;\"><a style=\"color: #000; font-family: Arial,sans-serif; font-size: 14px; font-style: normal; font-weight: normal; line-height: 17px; text-decoration: none; word-wrap: break-word;\" href=\"https:\/\/www.instagram.com\/p\/Bfv94A0Hm7N\/\" target=\"_blank\" rel=\"noopener\">All white in Paris ? ?@thestylestalkercom #ParisFashionWeekDay1 #PFW #ParisFashionWeek #MacademianGirlxParis #ootd #streetstyle @parisfashionweek _____ \u203c \u015aled\u017acie moj\u0105 relacj\u0119 z tygodnia mody w Pary\u017cu na Instagram Stories ?\u2728 ___ \u203c? Jeste\u015bcie ciekawi, co dok\u0142adnie mia\u0142am na sobie pod za\u015b ca\u0142ego mediola\u0144skiego fashion weeku? W nowym po\u015bcie na blogu znajdziecie duuu\u017co zdj\u0119\u0107 ?<\/a><\/p>\n<p style=\"color: #c9c8cd; font-family: Arial,sans-serif; font-size: 14px; line-height: 17px; margin-bottom: 0; margin-top: 8px; overflow: hidden; padding: 8px 0 7px; text-align: center; text-overflow: ellipsis; white-space: nowrap;\">Post udost\u0119pniony przez <a style=\"color: #c9c8cd; font-family: Arial,sans-serif; font-size: 14px; font-style: normal; font-weight: normal; line-height: 17px;\" href=\"https:\/\/www.instagram.com\/macademiangirl\/\" target=\"_blank\" rel=\"noopener\"> Tamara Gonzalez Perea ?<\/a> (@macademiangirl) <time style=\"font-family: Arial,sans-serif; font-size: 14px; line-height: 17px;\" datetime=\"2018-02-28T17:54:27+00:00\">Lut 28, 2018 o 9:54 PST<\/time><\/p>\n<\/div>\n<\/blockquote>\n<p><script async=\"\" defer=\"\" src=\"\/\/www.instagram.com\/embed.js\"><\/script><\/p>\n<p>Bia\u0142y zestaw to idealna wersja na lato, doskonale pasuj\u0105 do niego z\u0142ote wyraziste dodatki. Jej kole\u017canka, Jessica Mercedes, wie \u017ce w tym roku warto postawi\u0107 na intensywny kolor, dlatego nie boi si\u0119 <a href=\"https:\/\/pakuten.pl\/21-kombinezony\" target=\"_blank\" rel=\"noopener\"><strong><span style=\"color: #ff9900;\">kombinezonu<\/span><\/strong><\/a> w kolorze intensywnej czerwieni.<\/p>\n<blockquote class=\"instagram-media\" style=\"background: #FFF; border: 0; border-radius: 3px; box-shadow: 0 0 1px 0 rgba(0,0,0,0.5),0 1px 10px 0 rgba(0,0,0,0.15); margin: 1px; max-width: 658px; padding: 0; width: calc(100% - 2px);\" data-instgrm-captioned=\"\" data-instgrm-permalink=\"https:\/\/www.instagram.com\/p\/Bf3VtjVB9ja\/\" data-instgrm-version=\"8\">\n<div style=\"padding: 8px;\">\n<div style=\"background: #F8F8F8; line-height: 0; margin-top: 40px; padding: 62.4537037037037% 0; text-align: center; width: 100%;\">\n<div style=\"background: url(data:image\/png; base64,ivborw0kggoaaaansuheugaaacwaaaascamaaaapwqozaaaabgdbtueaalgpc\/xhbqaaaafzukdcak7ohokaaaamuexurczmzpf399fx1+bm5mzy9amaaadisurbvdjlvzxbesmgces5\/p8\/t9furvcrmu73jwlzosgsiizurcjo\/ad+eqjjb4hv8bft+idpqocx1wjosbfhh2xssxeiyn3uli\/6mnree07uiwjev8ueowds88ly97kqytlijkktuybbruayvh5wohixmpi5we58ek028czwyuqdlkpg1bkb4nnm+veanfhqn1k4+gpt6ugqcvu2h2ovuif\/gwufyy8owepdyzsa3avcqpvovvzzz2vtnn2wu8qzvjddeto90gsy9mvlqtgysy231mxry6i2ggqjrty0l8fxcxfcbbhwrsyyaaaaaelftksuqmcc); display: block; height: 44px; margin: 0 auto -44px; position: relative; top: -22px; width: 44px;\"><\/div>\n<\/div>\n<p style=\"margin: 8px 0 0 0; padding: 0 4px;\"><a style=\"color: #000; font-family: Arial,sans-serif; font-size: 14px; font-style: normal; font-weight: normal; line-height: 17px; text-decoration: none; word-wrap: break-word;\" href=\"https:\/\/www.instagram.com\/p\/Bf3VtjVB9ja\/\" target=\"_blank\" rel=\"noopener\">Weekend in Paris sipping @martini ? #ParisFashionWeek<\/a><\/p>\n<p style=\"color: #c9c8cd; font-family: Arial,sans-serif; font-size: 14px; line-height: 17px; margin-bottom: 0; margin-top: 8px; overflow: hidden; padding: 8px 0 7px; text-align: center; text-overflow: ellipsis; white-space: nowrap;\">Post udost\u0119pniony przez <a style=\"color: #c9c8cd; font-family: Arial,sans-serif; font-size: 14px; font-style: normal; font-weight: normal; line-height: 17px;\" href=\"https:\/\/www.instagram.com\/jemerced\/\" target=\"_blank\" rel=\"noopener\"> Jessica Mercedes Kirschner<\/a> (@jemerced) <time style=\"font-family: Arial,sans-serif; font-size: 14px; line-height: 17px;\" datetime=\"2018-03-03T14:37:25+00:00\">Mar 3, 2018 o 6:37 PST<\/time><\/p>\n<\/div>\n<\/blockquote>\n<p><script async=\"\" defer=\"\" src=\"\/\/www.instagram.com\/embed.js\"><\/script><\/p>\n<p>Inne stylizacje z hashtagiem street fashion potwierdzaj\u0105, \u017ce kolor ma niezwyk\u0142\u0105 moc, zw\u0142aszcza w modzie! <strong><span style=\"color: #ff9900;\"><a style=\"color: #ff9900;\" href=\"https:\/\/pakuten.pl\/49-plaszcze\">P\u0142aszcz w kolorze fuksji<\/a><\/span><\/strong>, burgundowy garnitur, czy zestaw w kolorze intensywnego b\u0142\u0119kitu \u2014 wybierz odcie\u0144, w kt\u00f3rym czujesz si\u0119 najlepiej i poka\u017c, jak nosi\u0107 intensywny kolor!<\/p>\n<blockquote class=\"instagram-media\" style=\"background: #FFF; border: 0; border-radius: 3px; box-shadow: 0 0 1px 0 rgba(0,0,0,0.5),0 1px 10px 0 rgba(0,0,0,0.15); margin: 1px; max-width: 658px; padding: 0; width: calc(100% - 2px);\" data-instgrm-captioned=\"\" data-instgrm-permalink=\"https:\/\/www.instagram.com\/p\/Bf72-ysDwUl\/\" data-instgrm-version=\"8\">\n<div style=\"padding: 8px;\">\n<div style=\"background: #F8F8F8; line-height: 0; margin-top: 40px; padding: 62.5% 0; text-align: center; width: 100%;\">\n<div style=\"background: url(data:image\/png; base64,ivborw0kggoaaaansuheugaaacwaaaascamaaaapwqozaaaabgdbtueaalgpc\/xhbqaaaafzukdcak7ohokaaaamuexurczmzpf399fx1+bm5mzy9amaaadisurbvdjlvzxbesmgces5\/p8\/t9furvcrmu73jwlzosgsiizurcjo\/ad+eqjjb4hv8bft+idpqocx1wjosbfhh2xssxeiyn3uli\/6mnree07uiwjev8ueowds88ly97kqytlijkktuybbruayvh5wohixmpi5we58ek028czwyuqdlkpg1bkb4nnm+veanfhqn1k4+gpt6ugqcvu2h2ovuif\/gwufyy8owepdyzsa3avcqpvovvzzz2vtnn2wu8qzvjddeto90gsy9mvlqtgysy231mxry6i2ggqjrty0l8fxcxfcbbhwrsyyaaaaaelftksuqmcc); display: block; height: 44px; margin: 0 auto -44px; position: relative; top: -22px; width: 44px;\"><\/div>\n<\/div>\n<p style=\"margin: 8px 0 0 0; padding: 0 4px;\"><a style=\"color: #000; font-family: Arial,sans-serif; font-size: 14px; font-style: normal; font-weight: normal; line-height: 17px; text-decoration: none; word-wrap: break-word;\" href=\"https:\/\/www.instagram.com\/p\/Bf72-ysDwUl\/\" target=\"_blank\" rel=\"noopener\">I\u2019ve been getting this weird social anxiety lately. Maybe it\u2019s the breakout, maybe it\u2019s the lack of sleep, maybe it\u2019s the stress about things that don\u2019t really matter&#8230; but I\u2019ve been just playing music on my phone (even on my way to shows, inside the show until the show starts) and trying to do less. I feel SO much better. Monday, I GOT THIS.<\/a><\/p>\n<p style=\"color: #c9c8cd; font-family: Arial,sans-serif; font-size: 14px; line-height: 17px; margin-bottom: 0; margin-top: 8px; overflow: hidden; padding: 8px 0 7px; text-align: center; text-overflow: ellipsis; white-space: nowrap;\">Post udost\u0119pniony przez <a style=\"color: #c9c8cd; font-family: Arial,sans-serif; font-size: 14px; font-style: normal; font-weight: normal; line-height: 17px;\" href=\"https:\/\/www.instagram.com\/songofstyle\/\" target=\"_blank\" rel=\"noopener\"> Aimee Song<\/a> (@songofstyle) <time style=\"font-family: Arial,sans-serif; font-size: 14px; line-height: 17px;\" datetime=\"2018-03-05T08:45:05+00:00\">Mar 5, 2018 o 12:45 PST<\/time><\/p>\n<\/div>\n<\/blockquote>\n<p><script async=\"\" defer=\"\" src=\"\/\/www.instagram.com\/embed.js\"><\/script><\/p>\n<blockquote class=\"instagram-media\" style=\"background: #FFF; border: 0; border-radius: 3px; box-shadow: 0 0 1px 0 rgba(0,0,0,0.5),0 1px 10px 0 rgba(0,0,0,0.15); margin: 1px; max-width: 658px; padding: 0; width: calc(100% - 2px);\" data-instgrm-captioned=\"\" data-instgrm-permalink=\"https:\/\/www.instagram.com\/p\/Bf9DdACj3np\/\" data-instgrm-version=\"8\">\n<div style=\"padding: 8px;\">\n<div style=\"background: #F8F8F8; line-height: 0; margin-top: 40px; padding: 62.5% 0; text-align: center; width: 100%;\">\n<div style=\"background: url(data:image\/png; base64,ivborw0kggoaaaansuheugaaacwaaaascamaaaapwqozaaaabgdbtueaalgpc\/xhbqaaaafzukdcak7ohokaaaamuexurczmzpf399fx1+bm5mzy9amaaadisurbvdjlvzxbesmgces5\/p8\/t9furvcrmu73jwlzosgsiizurcjo\/ad+eqjjb4hv8bft+idpqocx1wjosbfhh2xssxeiyn3uli\/6mnree07uiwjev8ueowds88ly97kqytlijkktuybbruayvh5wohixmpi5we58ek028czwyuqdlkpg1bkb4nnm+veanfhqn1k4+gpt6ugqcvu2h2ovuif\/gwufyy8owepdyzsa3avcqpvovvzzz2vtnn2wu8qzvjddeto90gsy9mvlqtgysy231mxry6i2ggqjrty0l8fxcxfcbbhwrsyyaaaaaelftksuqmcc); display: block; height: 44px; margin: 0 auto -44px; position: relative; top: -22px; width: 44px;\"><\/div>\n<\/div>\n<p style=\"margin: 8px 0 0 0; padding: 0 4px;\"><a style=\"color: #000; font-family: Arial,sans-serif; font-size: 14px; font-style: normal; font-weight: normal; line-height: 17px; text-decoration: none; word-wrap: break-word;\" href=\"https:\/\/www.instagram.com\/p\/Bf9DdACj3np\/\" target=\"_blank\" rel=\"noopener\">Beating the Monday Blues ? http:\/\/liketk.it\/2uSgS #liketkit<\/a><\/p>\n<p style=\"color: #c9c8cd; font-family: Arial,sans-serif; font-size: 14px; line-height: 17px; margin-bottom: 0; margin-top: 8px; overflow: hidden; padding: 8px 0 7px; text-align: center; text-overflow: ellipsis; white-space: nowrap;\">Post udost\u0119pniony przez <a style=\"color: #c9c8cd; font-family: Arial,sans-serif; font-size: 14px; font-style: normal; font-weight: normal; line-height: 17px;\" href=\"https:\/\/www.instagram.com\/songofstyle\/\" target=\"_blank\" rel=\"noopener\"> Aimee Song<\/a> (@songofstyle) <time style=\"font-family: Arial,sans-serif; font-size: 14px; line-height: 17px;\" datetime=\"2018-03-05T19:53:19+00:00\">Mar 5, 2018 o 11:53 PST<\/time><\/p>\n<\/div>\n<\/blockquote>\n<p><script async=\"\" defer=\"\" src=\"\/\/www.instagram.com\/embed.js\"><\/script><\/p>\n<h2>Street fashion, czyli du\u017ca dawka inspiracji<\/h2>\n<p>Najlepsze stylizacje z tygodnia mody, to te, kt\u00f3re bez problemu mo\u017cemy odtworzy\u0107 i nosi\u0107 na co dzie\u0144. Moda uliczna to w du\u017cej mierze <a href=\"https:\/\/pakuten.pl\/126-komplety\" target=\"_blank\" rel=\"noopener\"><strong><span style=\"color: #ff9900;\">sportowe komfortowe zestawy<\/span><\/strong><\/a>, kt\u00f3re prze\u0142amujemy za pomoc\u0105 eleganckich, modnych dodatk\u00f3w. Puchowa kurtka mo\u017ce by\u0107 bardzo trendy, je\u015bli zestawisz j\u0105 z najmodniejszym fasonem okular\u00f3w i fantazyjnymi, wygodnymi butami.<\/p>\n<blockquote class=\"instagram-media\" style=\"background: #FFF; border: 0; border-radius: 3px; box-shadow: 0 0 1px 0 rgba(0,0,0,0.5),0 1px 10px 0 rgba(0,0,0,0.15); margin: 1px; max-width: 658px; padding: 0; width: calc(100% - 2px);\" data-instgrm-captioned=\"\" data-instgrm-permalink=\"https:\/\/www.instagram.com\/p\/Bf-ZQTFD3F_\/\" data-instgrm-version=\"8\">\n<div style=\"padding: 8px;\">\n<div style=\"background: #F8F8F8; line-height: 0; margin-top: 40px; padding: 62.5% 0; text-align: center; width: 100%;\">\n<div style=\"background: url(data:image\/png; base64,ivborw0kggoaaaansuheugaaacwaaaascamaaaapwqozaaaabgdbtueaalgpc\/xhbqaaaafzukdcak7ohokaaaamuexurczmzpf399fx1+bm5mzy9amaaadisurbvdjlvzxbesmgces5\/p8\/t9furvcrmu73jwlzosgsiizurcjo\/ad+eqjjb4hv8bft+idpqocx1wjosbfhh2xssxeiyn3uli\/6mnree07uiwjev8ueowds88ly97kqytlijkktuybbruayvh5wohixmpi5we58ek028czwyuqdlkpg1bkb4nnm+veanfhqn1k4+gpt6ugqcvu2h2ovuif\/gwufyy8owepdyzsa3avcqpvovvzzz2vtnn2wu8qzvjddeto90gsy9mvlqtgysy231mxry6i2ggqjrty0l8fxcxfcbbhwrsyyaaaaaelftksuqmcc); display: block; height: 44px; margin: 0 auto -44px; position: relative; top: -22px; width: 44px;\"><\/div>\n<\/div>\n<p style=\"margin: 8px 0 0 0; padding: 0 4px;\"><a style=\"color: #000; font-family: Arial,sans-serif; font-size: 14px; font-style: normal; font-weight: normal; line-height: 17px; text-decoration: none; word-wrap: break-word;\" href=\"https:\/\/www.instagram.com\/p\/Bf-ZQTFD3F_\/\" target=\"_blank\" rel=\"noopener\">#parisfashionweek<\/a><\/p>\n<p style=\"color: #c9c8cd; font-family: Arial,sans-serif; font-size: 14px; line-height: 17px; margin-bottom: 0; margin-top: 8px; overflow: hidden; padding: 8px 0 7px; text-align: center; text-overflow: ellipsis; white-space: nowrap;\">Post udost\u0119pniony przez <a style=\"color: #c9c8cd; font-family: Arial,sans-serif; font-size: 14px; font-style: normal; font-weight: normal; line-height: 17px;\" href=\"https:\/\/www.instagram.com\/lapetitefemmefatale\/\" target=\"_blank\" rel=\"noopener\"> La Petite Femme Fatale<\/a> (@lapetitefemmefatale) <time style=\"font-family: Arial,sans-serif; font-size: 14px; line-height: 17px;\" datetime=\"2018-03-06T08:23:03+00:00\">Mar 6, 2018 o 12:23 PST<\/time><\/p>\n<\/div>\n<\/blockquote>\n<p><script async=\"\" defer=\"\" src=\"\/\/www.instagram.com\/embed.js\"><\/script><\/p>\n<p>Mo\u017cesz te\u017c doda\u0107 do niej czapk\u0119 z daszkiem i fiku\u015bn\u0105 torebk\u0119 i stworzy\u0107 praktyczn\u0105, miejsk\u0105 stylizacj\u0119 na czasie.<strong> <span style=\"color: #ff9900;\"><a style=\"color: #ff9900;\" href=\"https:\/\/pakuten.pl\/30-komplety-dresowe\">Sportowe spodnie<\/a><\/span><\/strong> w zestawie z cytrynowym p\u0142aszczem r\u00f3wnie\u017c skrad\u0142y nasze serca, tym bardziej \u017ce ca\u0142a stylizacja jest bardzo prosta do odtworzenia i doskonale sprawdzi si\u0119 na pierwsze wiosenne dni.<\/p>\n<blockquote class=\"instagram-media\" style=\"background: #FFF; border: 0; border-radius: 3px; box-shadow: 0 0 1px 0 rgba(0,0,0,0.5),0 1px 10px 0 rgba(0,0,0,0.15); margin: 1px; max-width: 658px; padding: 0; width: calc(100% - 2px);\" data-instgrm-captioned=\"\" data-instgrm-permalink=\"https:\/\/www.instagram.com\/p\/Bf25_wyg-Ub\/\" data-instgrm-version=\"8\">\n<div style=\"padding: 8px;\">\n<div style=\"background: #F8F8F8; line-height: 0; margin-top: 40px; padding: 50.0% 0; text-align: center; width: 100%;\">\n<div style=\"background: url(data:image\/png; base64,ivborw0kggoaaaansuheugaaacwaaaascamaaaapwqozaaaabgdbtueaalgpc\/xhbqaaaafzukdcak7ohokaaaamuexurczmzpf399fx1+bm5mzy9amaaadisurbvdjlvzxbesmgces5\/p8\/t9furvcrmu73jwlzosgsiizurcjo\/ad+eqjjb4hv8bft+idpqocx1wjosbfhh2xssxeiyn3uli\/6mnree07uiwjev8ueowds88ly97kqytlijkktuybbruayvh5wohixmpi5we58ek028czwyuqdlkpg1bkb4nnm+veanfhqn1k4+gpt6ugqcvu2h2ovuif\/gwufyy8owepdyzsa3avcqpvovvzzz2vtnn2wu8qzvjddeto90gsy9mvlqtgysy231mxry6i2ggqjrty0l8fxcxfcbbhwrsyyaaaaaelftksuqmcc); display: block; height: 44px; margin: 0 auto -44px; position: relative; top: -22px; width: 44px;\"><\/div>\n<\/div>\n<p style=\"margin: 8px 0 0 0; padding: 0 4px;\"><a style=\"color: #000; font-family: Arial,sans-serif; font-size: 14px; font-style: normal; font-weight: normal; line-height: 17px; text-decoration: none; word-wrap: break-word;\" href=\"https:\/\/www.instagram.com\/p\/Bf25_wyg-Ub\/\" target=\"_blank\" rel=\"noopener\">In the middle of this #parisfashionweek ! The weather looks to be better ! Enjoy this day 5 ! #pfw #readytowear #official #color<\/a><\/p>\n<p style=\"color: #c9c8cd; font-family: Arial,sans-serif; font-size: 14px; line-height: 17px; margin-bottom: 0; margin-top: 8px; overflow: hidden; padding: 8px 0 7px; text-align: center; text-overflow: ellipsis; white-space: nowrap;\">Post udost\u0119pniony przez <a style=\"color: #c9c8cd; font-family: Arial,sans-serif; font-size: 14px; font-style: normal; font-weight: normal; line-height: 17px;\" href=\"https:\/\/www.instagram.com\/parisfashionweek\/\" target=\"_blank\" rel=\"noopener\"> Paris Fashion Week<\/a> (@parisfashionweek) <time style=\"font-family: Arial,sans-serif; font-size: 14px; line-height: 17px;\" datetime=\"2018-03-03T10:35:14+00:00\">Mar 3, 2018 o 2:35 PST<\/time><\/p>\n<\/div>\n<\/blockquote>\n<p><script async=\"\" defer=\"\" src=\"\/\/www.instagram.com\/embed.js\"><\/script><\/p>\n<blockquote class=\"instagram-media\" style=\"background: #FFF; border: 0; border-radius: 3px; box-shadow: 0 0 1px 0 rgba(0,0,0,0.5),0 1px 10px 0 rgba(0,0,0,0.15); margin: 1px; max-width: 658px; padding: 0; width: calc(100% - 2px);\" data-instgrm-captioned=\"\" data-instgrm-permalink=\"https:\/\/www.instagram.com\/p\/Bfv8cbYjT2F\/\" data-instgrm-version=\"8\">\n<div style=\"padding: 8px;\">\n<div style=\"background: #F8F8F8; line-height: 0; margin-top: 40px; padding: 50.0% 0; text-align: center; width: 100%;\">\n<div style=\"background: url(data:image\/png; base64,ivborw0kggoaaaansuheugaaacwaaaascamaaaapwqozaaaabgdbtueaalgpc\/xhbqaaaafzukdcak7ohokaaaamuexurczmzpf399fx1+bm5mzy9amaaadisurbvdjlvzxbesmgces5\/p8\/t9furvcrmu73jwlzosgsiizurcjo\/ad+eqjjb4hv8bft+idpqocx1wjosbfhh2xssxeiyn3uli\/6mnree07uiwjev8ueowds88ly97kqytlijkktuybbruayvh5wohixmpi5we58ek028czwyuqdlkpg1bkb4nnm+veanfhqn1k4+gpt6ugqcvu2h2ovuif\/gwufyy8owepdyzsa3avcqpvovvzzz2vtnn2wu8qzvjddeto90gsy9mvlqtgysy231mxry6i2ggqjrty0l8fxcxfcbbhwrsyyaaaaaelftksuqmcc); display: block; height: 44px; margin: 0 auto -44px; position: relative; top: -22px; width: 44px;\"><\/div>\n<\/div>\n<p style=\"margin: 8px 0 0 0; padding: 0 4px;\"><a style=\"color: #000; font-family: Arial,sans-serif; font-size: 14px; font-style: normal; font-weight: normal; line-height: 17px; text-decoration: none; word-wrap: break-word;\" href=\"https:\/\/www.instagram.com\/p\/Bfv8cbYjT2F\/\" target=\"_blank\" rel=\"noopener\">It might have been freezing today (-7 degrees! ) but my yellow coat definitely gave me some spring vibes ? wearing @jw_anderson coat via @carrecouture and @thevolon bag #pfw #jwanderson #carrecouture<\/a><\/p>\n<p style=\"color: #c9c8cd; font-family: Arial,sans-serif; font-size: 14px; line-height: 17px; margin-bottom: 0; margin-top: 8px; overflow: hidden; padding: 8px 0 7px; text-align: center; text-overflow: ellipsis; white-space: nowrap;\">Post udost\u0119pniony przez <a style=\"color: #c9c8cd; font-family: Arial,sans-serif; font-size: 14px; font-style: normal; font-weight: normal; line-height: 17px;\" href=\"https:\/\/www.instagram.com\/sofievalkiers\/\" target=\"_blank\" rel=\"noopener\"> Sofie Valkiers<\/a> (@sofievalkiers) <time style=\"font-family: Arial,sans-serif; font-size: 14px; line-height: 17px;\" datetime=\"2018-02-28T17:41:56+00:00\">Lut 28, 2018 o 9:41 PST<\/time><\/p>\n<\/div>\n<\/blockquote>\n<p><script async=\"\" defer=\"\" src=\"\/\/www.instagram.com\/embed.js\"><\/script><\/p>\n<p>O tym, jak wystylizowa\u0107 sportowe ubrania najlepiej wie jednak Julia Wieniawa, kt\u00f3ra sta\u0142a si\u0119 niespodziewan\u0105 gwiazd\u0105 paryskiego street fashion! Julia pokierowa\u0142a si\u0119 zasad\u0105, \u017ce wi\u0119cej, znaczy wi\u0119cej i na\u0142o\u017cy\u0142a na siebie dwie kurtki i zestawi\u0142a je z plisowan\u0105 sp\u00f3dnic\u0105, legginsami oraz gar\u015bci\u0105 dodatk\u00f3w. Ca\u0142o\u015b\u0107 prezentuje si\u0119 bardzo stylowo!<\/p>\n<blockquote class=\"instagram-media\" style=\"background: #FFF; border: 0; border-radius: 3px; box-shadow: 0 0 1px 0 rgba(0,0,0,0.5),0 1px 10px 0 rgba(0,0,0,0.15); margin: 1px; max-width: 658px; padding: 0; width: calc(100% - 2px);\" data-instgrm-captioned=\"\" data-instgrm-permalink=\"https:\/\/www.instagram.com\/p\/Bfth0NMnFv2\/\" data-instgrm-version=\"8\">\n<div style=\"padding: 8px;\">\n<div style=\"background: #F8F8F8; line-height: 0; margin-top: 40px; padding: 50% 0; text-align: center; width: 100%;\">\n<div style=\"background: url(data:image\/png; base64,ivborw0kggoaaaansuheugaaacwaaaascamaaaapwqozaaaabgdbtueaalgpc\/xhbqaaaafzukdcak7ohokaaaamuexurczmzpf399fx1+bm5mzy9amaaadisurbvdjlvzxbesmgces5\/p8\/t9furvcrmu73jwlzosgsiizurcjo\/ad+eqjjb4hv8bft+idpqocx1wjosbfhh2xssxeiyn3uli\/6mnree07uiwjev8ueowds88ly97kqytlijkktuybbruayvh5wohixmpi5we58ek028czwyuqdlkpg1bkb4nnm+veanfhqn1k4+gpt6ugqcvu2h2ovuif\/gwufyy8owepdyzsa3avcqpvovvzzz2vtnn2wu8qzvjddeto90gsy9mvlqtgysy231mxry6i2ggqjrty0l8fxcxfcbbhwrsyyaaaaaelftksuqmcc); display: block; height: 44px; margin: 0 auto -44px; position: relative; top: -22px; width: 44px;\"><\/div>\n<\/div>\n<p style=\"margin: 8px 0 0 0; padding: 0 4px;\"><a style=\"color: #000; font-family: Arial,sans-serif; font-size: 14px; font-style: normal; font-weight: normal; line-height: 17px; text-decoration: none; word-wrap: break-word;\" href=\"https:\/\/www.instagram.com\/p\/Bfth0NMnFv2\/\" target=\"_blank\" rel=\"noopener\">przed pokazem @koche_official #streetfashion @honor_polska ? #PFW #beyondbeauty #maxvision #honor9lite<\/a><\/p>\n<p style=\"color: #c9c8cd; font-family: Arial,sans-serif; font-size: 14px; line-height: 17px; margin-bottom: 0; margin-top: 8px; overflow: hidden; padding: 8px 0 7px; text-align: center; text-overflow: ellipsis; white-space: nowrap;\">Post udost\u0119pniony przez <a style=\"color: #c9c8cd; font-family: Arial,sans-serif; font-size: 14px; font-style: normal; font-weight: normal; line-height: 17px;\" href=\"https:\/\/www.instagram.com\/juliawieniawa\/\" target=\"_blank\" rel=\"noopener\"> Julia Wieniawa-Narkiewicz<\/a> (@juliawieniawa) <time style=\"font-family: Arial,sans-serif; font-size: 14px; line-height: 17px;\" datetime=\"2018-02-27T19:10:46+00:00\">Lut 27, 2018 o 11:10 PST<\/time><\/p>\n<\/div>\n<\/blockquote>\n<p><script async=\"\" defer=\"\" src=\"\/\/www.instagram.com\/embed.js\"><\/script><\/p>\n<h2>Zmys\u0142owa moda na ulicy<\/h2>\n<p>Moda uliczna potrafi jednak by\u0107 te\u017c bardzo sexy! Stylizacja Aimee Song to dow\u00f3d na to, \u017ce koronka plus czerwie\u0144 w odcieniu wina to zawsze strza\u0142 w dziesi\u0105tk\u0119!<\/p>\n<blockquote class=\"instagram-media\" style=\"background: #FFF; border: 0; border-radius: 3px; box-shadow: 0 0 1px 0 rgba(0,0,0,0.5),0 1px 10px 0 rgba(0,0,0,0.15); margin: 1px; max-width: 658px; padding: 0; width: calc(100% - 2px);\" data-instgrm-captioned=\"\" data-instgrm-permalink=\"https:\/\/www.instagram.com\/p\/Bf9aUaCjpbz\/\" data-instgrm-version=\"8\">\n<div style=\"padding: 8px;\">\n<div style=\"background: #F8F8F8; line-height: 0; margin-top: 40px; padding: 62.5% 0; text-align: center; width: 100%;\">\n<div style=\"background: url(data:image\/png; base64,ivborw0kggoaaaansuheugaaacwaaaascamaaaapwqozaaaabgdbtueaalgpc\/xhbqaaaafzukdcak7ohokaaaamuexurczmzpf399fx1+bm5mzy9amaaadisurbvdjlvzxbesmgces5\/p8\/t9furvcrmu73jwlzosgsiizurcjo\/ad+eqjjb4hv8bft+idpqocx1wjosbfhh2xssxeiyn3uli\/6mnree07uiwjev8ueowds88ly97kqytlijkktuybbruayvh5wohixmpi5we58ek028czwyuqdlkpg1bkb4nnm+veanfhqn1k4+gpt6ugqcvu2h2ovuif\/gwufyy8owepdyzsa3avcqpvovvzzz2vtnn2wu8qzvjddeto90gsy9mvlqtgysy231mxry6i2ggqjrty0l8fxcxfcbbhwrsyyaaaaaelftksuqmcc); display: block; height: 44px; margin: 0 auto -44px; position: relative; top: -22px; width: 44px;\"><\/div>\n<\/div>\n<p style=\"margin: 8px 0 0 0; padding: 0 4px;\"><a style=\"color: #000; font-family: Arial,sans-serif; font-size: 14px; font-style: normal; font-weight: normal; line-height: 17px; text-decoration: none; word-wrap: break-word;\" href=\"https:\/\/www.instagram.com\/p\/Bf9aUaCjpbz\/\" target=\"_blank\" rel=\"noopener\">Same blazer, different shoes. Do you prefer the dressed up or dressed down look? #pfw #eliesaab<\/a><\/p>\n<p style=\"color: #c9c8cd; font-family: Arial,sans-serif; font-size: 14px; line-height: 17px; margin-bottom: 0; margin-top: 8px; overflow: hidden; padding: 8px 0 7px; text-align: center; text-overflow: ellipsis; white-space: nowrap;\">Post udost\u0119pniony przez <a style=\"color: #c9c8cd; font-family: Arial,sans-serif; font-size: 14px; font-style: normal; font-weight: normal; line-height: 17px;\" href=\"https:\/\/www.instagram.com\/songofstyle\/\" target=\"_blank\" rel=\"noopener\"> Aimee Song<\/a> (@songofstyle) <time style=\"font-family: Arial,sans-serif; font-size: 14px; line-height: 17px;\" datetime=\"2018-03-05T23:13:07+00:00\">Mar 5, 2018 o 3:13 PST<\/time><\/p>\n<\/div>\n<\/blockquote>\n<p><script async=\"\" defer=\"\" src=\"\/\/www.instagram.com\/embed.js\"><\/script><br \/>\nTak samo, jak <strong><span style=\"color: #ff9900;\"><a style=\"color: #ff9900;\" href=\"https:\/\/pakuten.pl\/26-spodnice\">lateksowa sp\u00f3dnica<\/a><\/span><\/strong> w mocnym kolorze, kt\u00f3ra jest bardzo zmys\u0142owym, kobiecym elementem garderoby. Najlepiej, je\u015bli jej d\u0142ugo\u015b\u0107 jednak zakrywa troch\u0119 cia\u0142a, bo lateks plus mocny kolor ju\u017c sam w sobie potrafi skutecznie rozpali\u0107 zmys\u0142y!<\/p>\n<blockquote class=\"instagram-media\" style=\"background: #FFF; border: 0; border-radius: 3px; box-shadow: 0 0 1px 0 rgba(0,0,0,0.5),0 1px 10px 0 rgba(0,0,0,0.15); margin: 1px; max-width: 658px; padding: 0; width: calc(100% - 2px);\" data-instgrm-captioned=\"\" data-instgrm-permalink=\"https:\/\/www.instagram.com\/p\/Bf-rXgshurz\/\" data-instgrm-version=\"8\">\n<div style=\"padding: 8px;\">\n<div style=\"background: #F8F8F8; line-height: 0; margin-top: 40px; padding: 62.5% 0; text-align: center; width: 100%;\">\n<div style=\"background: url(data:image\/png; base64,ivborw0kggoaaaansuheugaaacwaaaascamaaaapwqozaaaabgdbtueaalgpc\/xhbqaaaafzukdcak7ohokaaaamuexurczmzpf399fx1+bm5mzy9amaaadisurbvdjlvzxbesmgces5\/p8\/t9furvcrmu73jwlzosgsiizurcjo\/ad+eqjjb4hv8bft+idpqocx1wjosbfhh2xssxeiyn3uli\/6mnree07uiwjev8ueowds88ly97kqytlijkktuybbruayvh5wohixmpi5we58ek028czwyuqdlkpg1bkb4nnm+veanfhqn1k4+gpt6ugqcvu2h2ovuif\/gwufyy8owepdyzsa3avcqpvovvzzz2vtnn2wu8qzvjddeto90gsy9mvlqtgysy231mxry6i2ggqjrty0l8fxcxfcbbhwrsyyaaaaaelftksuqmcc); display: block; height: 44px; margin: 0 auto -44px; position: relative; top: -22px; width: 44px;\"><\/div>\n<\/div>\n<p style=\"margin: 8px 0 0 0; padding: 0 4px;\"><a style=\"color: #000; font-family: Arial,sans-serif; font-size: 14px; font-style: normal; font-weight: normal; line-height: 17px; text-decoration: none; word-wrap: break-word;\" href=\"https:\/\/www.instagram.com\/p\/Bf-rXgshurz\/\" target=\"_blank\" rel=\"noopener\">Sofie @sofievalkiers attends @chanelofficial show . Mention is strictly requested by reposts. . #chanel #parisfashionweek #pfw2018#paris #photographerparis #streetstyleparis #photographerfrance #lovestoryparis #photographerinparis #fw1819 #parisfashion #fashionweek #pfw #topmodel #celebrities #ootdparis #fashionphotographer #fashionista #\u043f\u0430\u0440\u0438\u0436 #\u0444\u043e\u0442\u043e\u0433\u0440\u0430\u0444\u043f\u0430\u0440\u0438\u0436 #\u0444\u043e\u0442\u043e\u0433\u0440\u0430\u0444\u0444\u0440\u0430\u043d\u0446\u0438\u044f #\u0444\u043e\u0442\u043e\u0441\u0435\u0441\u0441\u0438\u044f\u043f\u0430\u0440\u0438\u0436 #\u043f\u0430\u0440\u0438\u0436\u043d\u0435\u0434\u0435\u043b\u044f\u043c\u043e\u0434\u044b #\u0444\u043e\u0442\u043e\u0433\u0440\u0430\u0444\u0432\u043f\u0430\u0440\u0438\u0436\u0435<\/a><\/p>\n<p style=\"color: #c9c8cd; font-family: Arial,sans-serif; font-size: 14px; line-height: 17px; margin-bottom: 0; margin-top: 8px; overflow: hidden; padding: 8px 0 7px; text-align: center; text-overflow: ellipsis; white-space: nowrap;\">Post udost\u0119pniony przez <a style=\"color: #c9c8cd; font-family: Arial,sans-serif; font-size: 14px; font-style: normal; font-weight: normal; line-height: 17px;\" href=\"https:\/\/www.instagram.com\/xeniaudalova_photo\/\" target=\"_blank\" rel=\"noopener\"> ?Photographer Paris Brussels<\/a> (@xeniaudalova_photo) <time style=\"font-family: Arial,sans-serif; font-size: 14px; line-height: 17px;\" datetime=\"2018-03-06T11:01:20+00:00\">Mar 6, 2018 o 3:01 PST<\/time><\/p>\n<\/div>\n<\/blockquote>\n<p><script async=\"\" defer=\"\" src=\"\/\/www.instagram.com\/embed.js\"><\/script><\/p>\n<p>Jak wida\u0107 Paris Fashion Week potrafi by\u0107 \u017ar\u00f3d\u0142em inspiracji dla ka\u017cdej z nas \u2014 wielbicielki sportowych, wygodnych stylizacji oraz fanek bardzo zmys\u0142owych i seksownych element\u00f3w garderoby.<br \/>\nA Ty, co za\u0142o\u017cy\u0142aby\u015b na paryski Fashion Week? Kt\u00f3ra stylizacja jest w Twoim stylu?<\/p>\n\n\n<div class=\"kk-star-ratings kksr-auto kksr-align-right kksr-valign-bottom\"\n    data-payload='{&quot;align&quot;:&quot;right&quot;,&quot;id&quot;:&quot;578&quot;,&quot;slug&quot;:&quot;default&quot;,&quot;valign&quot;:&quot;bottom&quot;,&quot;ignore&quot;:&quot;&quot;,&quot;reference&quot;:&quot;auto&quot;,&quot;class&quot;:&quot;&quot;,&quot;count&quot;:&quot;2&quot;,&quot;legendonly&quot;:&quot;&quot;,&quot;readonly&quot;:&quot;&quot;,&quot;score&quot;:&quot;5&quot;,&quot;starsonly&quot;:&quot;&quot;,&quot;best&quot;:&quot;5&quot;,&quot;gap&quot;:&quot;5&quot;,&quot;greet&quot;:&quot;Rate this post&quot;,&quot;legend&quot;:&quot;5\\\/5 - (2 votes)&quot;,&quot;size&quot;:&quot;24&quot;,&quot;width&quot;:&quot;142.5&quot;,&quot;_legend&quot;:&quot;{score}\\\/{best} - ({count} {votes})&quot;,&quot;font_factor&quot;:&quot;1.25&quot;}'>\n            \n<div class=\"kksr-stars\">\n    \n<div class=\"kksr-stars-inactive\">\n            <div class=\"kksr-star\" data-star=\"1\" style=\"padding-right: 5px\">\n            \n\n<div class=\"kksr-icon\" style=\"width: 24px; height: 24px;\"><\/div>\n        <\/div>\n            <div class=\"kksr-star\" data-star=\"2\" style=\"padding-right: 5px\">\n            \n\n<div class=\"kksr-icon\" style=\"width: 24px; height: 24px;\"><\/div>\n        <\/div>\n            <div class=\"kksr-star\" data-star=\"3\" style=\"padding-right: 5px\">\n            \n\n<div class=\"kksr-icon\" style=\"width: 24px; height: 24px;\"><\/div>\n        <\/div>\n            <div class=\"kksr-star\" data-star=\"4\" style=\"padding-right: 5px\">\n            \n\n<div class=\"kksr-icon\" style=\"width: 24px; height: 24px;\"><\/div>\n        <\/div>\n            <div class=\"kksr-star\" data-star=\"5\" style=\"padding-right: 5px\">\n            \n\n<div class=\"kksr-icon\" style=\"width: 24px; height: 24px;\"><\/div>\n        <\/div>\n    <\/div>\n    \n<div class=\"kksr-stars-active\" style=\"width: 142.5px;\">\n            <div class=\"kksr-star\" style=\"padding-right: 5px\">\n            \n\n<div class=\"kksr-icon\" style=\"width: 24px; height: 24px;\"><\/div>\n        <\/div>\n            <div class=\"kksr-star\" style=\"padding-right: 5px\">\n            \n\n<div class=\"kksr-icon\" style=\"width: 24px; height: 24px;\"><\/div>\n        <\/div>\n            <div class=\"kksr-star\" style=\"padding-right: 5px\">\n            \n\n<div class=\"kksr-icon\" style=\"width: 24px; height: 24px;\"><\/div>\n        <\/div>\n            <div class=\"kksr-star\" style=\"padding-right: 5px\">\n            \n\n<div class=\"kksr-icon\" style=\"width: 24px; height: 24px;\"><\/div>\n        <\/div>\n            <div class=\"kksr-star\" style=\"padding-right: 5px\">\n            \n\n<div class=\"kksr-icon\" style=\"width: 24px; height: 24px;\"><\/div>\n        <\/div>\n    <\/div>\n<\/div>\n                \n\n<div class=\"kksr-legend\" style=\"font-size: 19.2px;\">\n            5\/5 - (2 votes)    <\/div>\n    <\/div>\n","protected":false},"excerpt":{"rendered":"<p>Paris Fashion Week to najwi\u0119ksze \u015bwi\u0119to mody. Pi\u0119kne ubrania pojawiaj\u0105 si\u0119 nie tylko na wybiegu, ale przede wszystkim na ulicach najbardziej romantycznego miasta Europy. Blogerki, redaktorki, influencerki i krytycy mody przechadzaj\u0105 si\u0119 ulicami Pary\u017ca w specjalnie przygotowanych zestawach. Oto 10 najlepszych wg nas!<\/p>\n","protected":false},"author":3,"featured_media":581,"comment_status":"open","ping_status":"open","sticky":false,"template":"","format":"standard","meta":[],"categories":[3],"tags":[42,41,43],"yoast_head":"<!-- This site is optimized with the Yoast SEO plugin v18.4.1 - https:\/\/yoast.com\/wordpress\/plugins\/seo\/ -->\n<title>Zobacz najlepsze stylizacje z Paris Fashion Week i zainspiruj si\u0119 na nowy sezon! - Pakuten blog<\/title>\n<meta name=\"robots\" content=\"index, follow, max-snippet:-1, max-image-preview:large, max-video-preview:-1\" \/>\n<link rel=\"canonical\" href=\"https:\/\/pakuten.pl\/blog\/zobacz-najlepsze-stylizacje-z-paris-fashion-week-i-zainspiruj-sie-na-nowy-sezon\/\" \/>\n<meta property=\"og:locale\" content=\"pl_PL\" \/>\n<meta property=\"og:type\" content=\"article\" \/>\n<meta property=\"og:title\" content=\"Zobacz najlepsze stylizacje z Paris Fashion Week i zainspiruj si\u0119 na nowy sezon! - Pakuten blog\" \/>\n<meta property=\"og:description\" content=\"Paris Fashion Week to najwi\u0119ksze \u015bwi\u0119to mody. Pi\u0119kne ubrania pojawiaj\u0105 si\u0119 nie tylko na wybiegu, ale przede wszystkim na ulicach najbardziej romantycznego miasta Europy. Blogerki, redaktorki, influencerki i krytycy mody przechadzaj\u0105 si\u0119 ulicami Pary\u017ca w specjalnie przygotowanych zestawach. Oto 10 najlepszych wg nas!\" \/>\n<meta property=\"og:url\" content=\"https:\/\/pakuten.pl\/blog\/zobacz-najlepsze-stylizacje-z-paris-fashion-week-i-zainspiruj-sie-na-nowy-sezon\/\" \/>\n<meta property=\"og:site_name\" content=\"Pakuten blog\" \/>\n<meta property=\"article:published_time\" content=\"2018-03-08T08:13:54+00:00\" \/>\n<meta property=\"article:modified_time\" content=\"2021-08-13T06:55:57+00:00\" \/>\n<meta property=\"og:image\" content=\"https:\/\/pakuten.pl\/blog\/wp-content\/uploads\/2018\/03\/Zobacz_najlepsze_stylizacje_z_Paris_-Fashion-Week.jpeg\" \/>\n\t<meta property=\"og:image:width\" content=\"1280\" \/>\n\t<meta property=\"og:image:height\" content=\"853\" \/>\n\t<meta property=\"og:image:type\" content=\"image\/jpeg\" \/>\n<meta name=\"twitter:card\" content=\"summary_large_image\" \/>\n<meta name=\"twitter:label1\" content=\"Napisane przez\" \/>\n\t<meta name=\"twitter:data1\" content=\"Pakuten Girl\" \/>\n\t<meta name=\"twitter:label2\" content=\"Szacowany czas czytania\" \/>\n\t<meta name=\"twitter:data2\" content=\"4 minuty\" \/>\n<script type=\"application\/ld+json\" class=\"yoast-schema-graph\">{\"@context\":\"https:\/\/schema.org\",\"@graph\":[{\"@type\":\"Organization\",\"@id\":\"https:\/\/pakuten.pl\/blog\/#organization\",\"name\":\"Pakuten\",\"url\":\"https:\/\/pakuten.pl\/blog\/\",\"sameAs\":[],\"logo\":{\"@type\":\"ImageObject\",\"@id\":\"https:\/\/pakuten.pl\/blog\/#logo\",\"inLanguage\":\"pl-PL\",\"url\":\"http:\/\/pakuten.pl\/blog\/wp-content\/uploads\/2018\/01\/pakuten_logo.png\",\"contentUrl\":\"http:\/\/pakuten.pl\/blog\/wp-content\/uploads\/2018\/01\/pakuten_logo.png\",\"width\":300,\"height\":120,\"caption\":\"Pakuten\"},\"image\":{\"@id\":\"https:\/\/pakuten.pl\/blog\/#logo\"}},{\"@type\":\"WebSite\",\"@id\":\"https:\/\/pakuten.pl\/blog\/#website\",\"url\":\"https:\/\/pakuten.pl\/blog\/\",\"name\":\"Pakuten blog\",\"description\":\"Blog sklepu internetowego pakuten.pl\",\"publisher\":{\"@id\":\"https:\/\/pakuten.pl\/blog\/#organization\"},\"potentialAction\":[{\"@type\":\"SearchAction\",\"target\":{\"@type\":\"EntryPoint\",\"urlTemplate\":\"https:\/\/pakuten.pl\/blog\/?s={search_term_string}\"},\"query-input\":\"required name=search_term_string\"}],\"inLanguage\":\"pl-PL\"},{\"@type\":\"ImageObject\",\"@id\":\"https:\/\/pakuten.pl\/blog\/zobacz-najlepsze-stylizacje-z-paris-fashion-week-i-zainspiruj-sie-na-nowy-sezon\/#primaryimage\",\"inLanguage\":\"pl-PL\",\"url\":\"https:\/\/pakuten.pl\/blog\/wp-content\/uploads\/2018\/03\/Zobacz_najlepsze_stylizacje_z_Paris_-Fashion-Week.jpeg\",\"contentUrl\":\"https:\/\/pakuten.pl\/blog\/wp-content\/uploads\/2018\/03\/Zobacz_najlepsze_stylizacje_z_Paris_-Fashion-Week.jpeg\",\"width\":1280,\"height\":853},{\"@type\":\"WebPage\",\"@id\":\"https:\/\/pakuten.pl\/blog\/zobacz-najlepsze-stylizacje-z-paris-fashion-week-i-zainspiruj-sie-na-nowy-sezon\/#webpage\",\"url\":\"https:\/\/pakuten.pl\/blog\/zobacz-najlepsze-stylizacje-z-paris-fashion-week-i-zainspiruj-sie-na-nowy-sezon\/\",\"name\":\"Zobacz najlepsze stylizacje z Paris Fashion Week i zainspiruj si\u0119 na nowy sezon! - Pakuten blog\",\"isPartOf\":{\"@id\":\"https:\/\/pakuten.pl\/blog\/#website\"},\"primaryImageOfPage\":{\"@id\":\"https:\/\/pakuten.pl\/blog\/zobacz-najlepsze-stylizacje-z-paris-fashion-week-i-zainspiruj-sie-na-nowy-sezon\/#primaryimage\"},\"datePublished\":\"2018-03-08T08:13:54+00:00\",\"dateModified\":\"2021-08-13T06:55:57+00:00\",\"breadcrumb\":{\"@id\":\"https:\/\/pakuten.pl\/blog\/zobacz-najlepsze-stylizacje-z-paris-fashion-week-i-zainspiruj-sie-na-nowy-sezon\/#breadcrumb\"},\"inLanguage\":\"pl-PL\",\"potentialAction\":[{\"@type\":\"ReadAction\",\"target\":[\"https:\/\/pakuten.pl\/blog\/zobacz-najlepsze-stylizacje-z-paris-fashion-week-i-zainspiruj-sie-na-nowy-sezon\/\"]}]},{\"@type\":\"BreadcrumbList\",\"@id\":\"https:\/\/pakuten.pl\/blog\/zobacz-najlepsze-stylizacje-z-paris-fashion-week-i-zainspiruj-sie-na-nowy-sezon\/#breadcrumb\",\"itemListElement\":[{\"@type\":\"ListItem\",\"position\":1,\"name\":\"Strona g\u0142\u00f3wna\",\"item\":\"https:\/\/pakuten.pl\/blog\/\"},{\"@type\":\"ListItem\",\"position\":2,\"name\":\"Zobacz najlepsze stylizacje z Paris Fashion Week i zainspiruj si\u0119 na nowy sezon!\"}]},{\"@type\":\"Article\",\"@id\":\"https:\/\/pakuten.pl\/blog\/zobacz-najlepsze-stylizacje-z-paris-fashion-week-i-zainspiruj-sie-na-nowy-sezon\/#article\",\"isPartOf\":{\"@id\":\"https:\/\/pakuten.pl\/blog\/zobacz-najlepsze-stylizacje-z-paris-fashion-week-i-zainspiruj-sie-na-nowy-sezon\/#webpage\"},\"author\":{\"@id\":\"https:\/\/pakuten.pl\/blog\/#\/schema\/person\/d7133af30211381a4e4536d088384556\"},\"headline\":\"Zobacz najlepsze stylizacje z Paris Fashion Week i zainspiruj si\u0119 na nowy sezon!\",\"datePublished\":\"2018-03-08T08:13:54+00:00\",\"dateModified\":\"2021-08-13T06:55:57+00:00\",\"mainEntityOfPage\":{\"@id\":\"https:\/\/pakuten.pl\/blog\/zobacz-najlepsze-stylizacje-z-paris-fashion-week-i-zainspiruj-sie-na-nowy-sezon\/#webpage\"},\"wordCount\":932,\"commentCount\":0,\"publisher\":{\"@id\":\"https:\/\/pakuten.pl\/blog\/#organization\"},\"image\":{\"@id\":\"https:\/\/pakuten.pl\/blog\/zobacz-najlepsze-stylizacje-z-paris-fashion-week-i-zainspiruj-sie-na-nowy-sezon\/#primaryimage\"},\"thumbnailUrl\":\"https:\/\/pakuten.pl\/blog\/wp-content\/uploads\/2018\/03\/Zobacz_najlepsze_stylizacje_z_Paris_-Fashion-Week.jpeg\",\"keywords\":[\"Fashion Week\",\"hot trend\",\"stylizacje gwiazd\"],\"articleSection\":[\"Top Trends\"],\"inLanguage\":\"pl-PL\",\"potentialAction\":[{\"@type\":\"CommentAction\",\"name\":\"Comment\",\"target\":[\"https:\/\/pakuten.pl\/blog\/zobacz-najlepsze-stylizacje-z-paris-fashion-week-i-zainspiruj-sie-na-nowy-sezon\/#respond\"]}]},{\"@type\":\"Person\",\"@id\":\"https:\/\/pakuten.pl\/blog\/#\/schema\/person\/d7133af30211381a4e4536d088384556\",\"name\":\"Pakuten Girl\",\"image\":{\"@type\":\"ImageObject\",\"@id\":\"https:\/\/pakuten.pl\/blog\/#personlogo\",\"inLanguage\":\"pl-PL\",\"url\":\"https:\/\/secure.gravatar.com\/avatar\/d3df41de2caf92e6cfded9430c2ff352?s=96&d=mm&r=g\",\"contentUrl\":\"https:\/\/secure.gravatar.com\/avatar\/d3df41de2caf92e6cfded9430c2ff352?s=96&d=mm&r=g\",\"caption\":\"Pakuten Girl\"},\"description\":\"Cze\u015b\u0107, nazywam si\u0119 Ola. Kocham Netflixa, sals\u0119, nowo\u015bci kosmetyczne i najnowsze trendy w modzie.\",\"url\":\"https:\/\/pakuten.pl\/blog\/author\/pakuten-girl\/\"}]}<\/script>\n<!-- \/ Yoast SEO plugin. -->","yoast_head_json":{"title":"Zobacz najlepsze stylizacje z Paris Fashion Week i zainspiruj si\u0119 na nowy sezon! - Pakuten blog","robots":{"index":"index","follow":"follow","max-snippet":"max-snippet:-1","max-image-preview":"max-image-preview:large","max-video-preview":"max-video-preview:-1"},"canonical":"https:\/\/pakuten.pl\/blog\/zobacz-najlepsze-stylizacje-z-paris-fashion-week-i-zainspiruj-sie-na-nowy-sezon\/","og_locale":"pl_PL","og_type":"article","og_title":"Zobacz najlepsze stylizacje z Paris Fashion Week i zainspiruj si\u0119 na nowy sezon! - Pakuten blog","og_description":"Paris Fashion Week to najwi\u0119ksze \u015bwi\u0119to mody. Pi\u0119kne ubrania pojawiaj\u0105 si\u0119 nie tylko na wybiegu, ale przede wszystkim na ulicach najbardziej romantycznego miasta Europy. Blogerki, redaktorki, influencerki i krytycy mody przechadzaj\u0105 si\u0119 ulicami Pary\u017ca w specjalnie przygotowanych zestawach. Oto 10 najlepszych wg nas!","og_url":"https:\/\/pakuten.pl\/blog\/zobacz-najlepsze-stylizacje-z-paris-fashion-week-i-zainspiruj-sie-na-nowy-sezon\/","og_site_name":"Pakuten blog","article_published_time":"2018-03-08T08:13:54+00:00","article_modified_time":"2021-08-13T06:55:57+00:00","og_image":[{"width":1280,"height":853,"url":"https:\/\/pakuten.pl\/blog\/wp-content\/uploads\/2018\/03\/Zobacz_najlepsze_stylizacje_z_Paris_-Fashion-Week.jpeg","type":"image\/jpeg"}],"twitter_card":"summary_large_image","twitter_misc":{"Napisane przez":"Pakuten Girl","Szacowany czas czytania":"4 minuty"},"schema":{"@context":"https:\/\/schema.org","@graph":[{"@type":"Organization","@id":"https:\/\/pakuten.pl\/blog\/#organization","name":"Pakuten","url":"https:\/\/pakuten.pl\/blog\/","sameAs":[],"logo":{"@type":"ImageObject","@id":"https:\/\/pakuten.pl\/blog\/#logo","inLanguage":"pl-PL","url":"http:\/\/pakuten.pl\/blog\/wp-content\/uploads\/2018\/01\/pakuten_logo.png","contentUrl":"http:\/\/pakuten.pl\/blog\/wp-content\/uploads\/2018\/01\/pakuten_logo.png","width":300,"height":120,"caption":"Pakuten"},"image":{"@id":"https:\/\/pakuten.pl\/blog\/#logo"}},{"@type":"WebSite","@id":"https:\/\/pakuten.pl\/blog\/#website","url":"https:\/\/pakuten.pl\/blog\/","name":"Pakuten blog","description":"Blog sklepu internetowego pakuten.pl","publisher":{"@id":"https:\/\/pakuten.pl\/blog\/#organization"},"potentialAction":[{"@type":"SearchAction","target":{"@type":"EntryPoint","urlTemplate":"https:\/\/pakuten.pl\/blog\/?s={search_term_string}"},"query-input":"required name=search_term_string"}],"inLanguage":"pl-PL"},{"@type":"ImageObject","@id":"https:\/\/pakuten.pl\/blog\/zobacz-najlepsze-stylizacje-z-paris-fashion-week-i-zainspiruj-sie-na-nowy-sezon\/#primaryimage","inLanguage":"pl-PL","url":"https:\/\/pakuten.pl\/blog\/wp-content\/uploads\/2018\/03\/Zobacz_najlepsze_stylizacje_z_Paris_-Fashion-Week.jpeg","contentUrl":"https:\/\/pakuten.pl\/blog\/wp-content\/uploads\/2018\/03\/Zobacz_najlepsze_stylizacje_z_Paris_-Fashion-Week.jpeg","width":1280,"height":853},{"@type":"WebPage","@id":"https:\/\/pakuten.pl\/blog\/zobacz-najlepsze-stylizacje-z-paris-fashion-week-i-zainspiruj-sie-na-nowy-sezon\/#webpage","url":"https:\/\/pakuten.pl\/blog\/zobacz-najlepsze-stylizacje-z-paris-fashion-week-i-zainspiruj-sie-na-nowy-sezon\/","name":"Zobacz najlepsze stylizacje z Paris Fashion Week i zainspiruj si\u0119 na nowy sezon! - Pakuten blog","isPartOf":{"@id":"https:\/\/pakuten.pl\/blog\/#website"},"primaryImageOfPage":{"@id":"https:\/\/pakuten.pl\/blog\/zobacz-najlepsze-stylizacje-z-paris-fashion-week-i-zainspiruj-sie-na-nowy-sezon\/#primaryimage"},"datePublished":"2018-03-08T08:13:54+00:00","dateModified":"2021-08-13T06:55:57+00:00","breadcrumb":{"@id":"https:\/\/pakuten.pl\/blog\/zobacz-najlepsze-stylizacje-z-paris-fashion-week-i-zainspiruj-sie-na-nowy-sezon\/#breadcrumb"},"inLanguage":"pl-PL","potentialAction":[{"@type":"ReadAction","target":["https:\/\/pakuten.pl\/blog\/zobacz-najlepsze-stylizacje-z-paris-fashion-week-i-zainspiruj-sie-na-nowy-sezon\/"]}]},{"@type":"BreadcrumbList","@id":"https:\/\/pakuten.pl\/blog\/zobacz-najlepsze-stylizacje-z-paris-fashion-week-i-zainspiruj-sie-na-nowy-sezon\/#breadcrumb","itemListElement":[{"@type":"ListItem","position":1,"name":"Strona g\u0142\u00f3wna","item":"https:\/\/pakuten.pl\/blog\/"},{"@type":"ListItem","position":2,"name":"Zobacz najlepsze stylizacje z Paris Fashion Week i zainspiruj si\u0119 na nowy sezon!"}]},{"@type":"Article","@id":"https:\/\/pakuten.pl\/blog\/zobacz-najlepsze-stylizacje-z-paris-fashion-week-i-zainspiruj-sie-na-nowy-sezon\/#article","isPartOf":{"@id":"https:\/\/pakuten.pl\/blog\/zobacz-najlepsze-stylizacje-z-paris-fashion-week-i-zainspiruj-sie-na-nowy-sezon\/#webpage"},"author":{"@id":"https:\/\/pakuten.pl\/blog\/#\/schema\/person\/d7133af30211381a4e4536d088384556"},"headline":"Zobacz najlepsze stylizacje z Paris Fashion Week i zainspiruj si\u0119 na nowy sezon!","datePublished":"2018-03-08T08:13:54+00:00","dateModified":"2021-08-13T06:55:57+00:00","mainEntityOfPage":{"@id":"https:\/\/pakuten.pl\/blog\/zobacz-najlepsze-stylizacje-z-paris-fashion-week-i-zainspiruj-sie-na-nowy-sezon\/#webpage"},"wordCount":932,"commentCount":0,"publisher":{"@id":"https:\/\/pakuten.pl\/blog\/#organization"},"image":{"@id":"https:\/\/pakuten.pl\/blog\/zobacz-najlepsze-stylizacje-z-paris-fashion-week-i-zainspiruj-sie-na-nowy-sezon\/#primaryimage"},"thumbnailUrl":"https:\/\/pakuten.pl\/blog\/wp-content\/uploads\/2018\/03\/Zobacz_najlepsze_stylizacje_z_Paris_-Fashion-Week.jpeg","keywords":["Fashion Week","hot trend","stylizacje gwiazd"],"articleSection":["Top Trends"],"inLanguage":"pl-PL","potentialAction":[{"@type":"CommentAction","name":"Comment","target":["https:\/\/pakuten.pl\/blog\/zobacz-najlepsze-stylizacje-z-paris-fashion-week-i-zainspiruj-sie-na-nowy-sezon\/#respond"]}]},{"@type":"Person","@id":"https:\/\/pakuten.pl\/blog\/#\/schema\/person\/d7133af30211381a4e4536d088384556","name":"Pakuten Girl","image":{"@type":"ImageObject","@id":"https:\/\/pakuten.pl\/blog\/#personlogo","inLanguage":"pl-PL","url":"https:\/\/secure.gravatar.com\/avatar\/d3df41de2caf92e6cfded9430c2ff352?s=96&d=mm&r=g","contentUrl":"https:\/\/secure.gravatar.com\/avatar\/d3df41de2caf92e6cfded9430c2ff352?s=96&d=mm&r=g","caption":"Pakuten Girl"},"description":"Cze\u015b\u0107, nazywam si\u0119 Ola. Kocham Netflixa, sals\u0119, nowo\u015bci kosmetyczne i najnowsze trendy w modzie.","url":"https:\/\/pakuten.pl\/blog\/author\/pakuten-girl\/"}]}},"_links":{"self":[{"href":"https:\/\/pakuten.pl\/blog\/wp-json\/wp\/v2\/posts\/578"}],"collection":[{"href":"https:\/\/pakuten.pl\/blog\/wp-json\/wp\/v2\/posts"}],"about":[{"href":"https:\/\/pakuten.pl\/blog\/wp-json\/wp\/v2\/types\/post"}],"author":[{"embeddable":true,"href":"https:\/\/pakuten.pl\/blog\/wp-json\/wp\/v2\/users\/3"}],"replies":[{"embeddable":true,"href":"https:\/\/pakuten.pl\/blog\/wp-json\/wp\/v2\/comments?post=578"}],"version-history":[{"count":6,"href":"https:\/\/pakuten.pl\/blog\/wp-json\/wp\/v2\/posts\/578\/revisions"}],"predecessor-version":[{"id":4739,"href":"https:\/\/pakuten.pl\/blog\/wp-json\/wp\/v2\/posts\/578\/revisions\/4739"}],"wp:featuredmedia":[{"embeddable":true,"href":"https:\/\/pakuten.pl\/blog\/wp-json\/wp\/v2\/media\/581"}],"wp:attachment":[{"href":"https:\/\/pakuten.pl\/blog\/wp-json\/wp\/v2\/media?parent=578"}],"wp:term":[{"taxonomy":"category","embeddable":true,"href":"https:\/\/pakuten.pl\/blog\/wp-json\/wp\/v2\/categories?post=578"},{"taxonomy":"post_tag","embeddable":true,"href":"https:\/\/pakuten.pl\/blog\/wp-json\/wp\/v2\/tags?post=578"}],"curies":[{"name":"wp","href":"https:\/\/api.w.org\/{rel}","templated":true}]}}