{"id":6011,"date":"2023-04-06T08:00:00","date_gmt":"2023-04-06T06:00:00","guid":{"rendered":"https:\/\/pakuten.pl\/blog\/?p=6011"},"modified":"2023-04-06T07:34:55","modified_gmt":"2023-04-06T05:34:55","slug":"fryzury-komunijne-2022-poznaj-te-na-topie","status":"publish","type":"post","link":"https:\/\/pakuten.pl\/blog\/fryzury-komunijne-2022-poznaj-te-na-topie\/","title":{"rendered":"Fryzury komunijne 2023. Poznaj te na topie."},"content":{"rendered":"\n<p><strong>Pierwsza Komunia \u015awi\u0119ta to sakrament, kt\u00f3ry przyjmuje si\u0119 tylko raz w \u017cyciu, dlatego szczeg\u00f3lnie dla dziewczynek (jak i ich mam) tak niezwykle wa\u017cne jest odpowiednie uczesanie. Poza d\u0142ugimi przygotowaniami od strony duchowej, jak i ca\u0142ej otoczki ceremonii przyj\u0119cia po ko\u015bciele, niezwykle wa\u017cne jest to, jak nasze dziecko b\u0119dzie w tym dniu uczesane. Dlatego specjalnie dla Was przygotowa\u0142y\u015bmy fryzury komunijne 2023. W ko\u0144cu m\u0142oda dama b\u0119dzie chcia\u0142a poczu\u0107 si\u0119 jak prawdziwa ksi\u0119\u017cniczka,\u00a0 a Ty z dum\u0105 uchwycisz wszystko na zdj\u0119ciach. Przeczytaj artyku\u0142 i znajd\u017a inspiracje.\u00a0<\/strong><\/p>\n<p>\u00a0<\/p>\n<p>\u00a0<\/p>\n<h2><span style=\"color: #ff9900;\">Fryzury Komunijne 2023 &#8211; jak powinny wygl\u0105da\u0107?<\/span><\/h2>\n<p>\u00a0<\/p>\n<p><strong>Fryzury Komunijne 2023<\/strong> powinny by\u0107 przede wszystkim subtelne, delikatne, ale i naturalne. Robi\u0105c dziewczynce koka na Komuni\u0119 zapomnij o tonie lakieru do w\u0142os\u00f3w, kt\u00f3ry tylko da efekt fryzury seniorki, a nie m\u0142odej dziewczynki. Dziewczynka przyst\u0119puj\u0105ca do Komunii na pewno nie powinna mie\u0107 fryzury dojrza\u0142ej kobiety. Z powodzeniem natomiast mo\u017cesz u\u017cy\u0107 wszelkiego typu dodatk\u00f3w, kt\u00f3re podkre\u015bl\u0105 czysto\u015b\u0107 dzieci\u0119cego serca. Co mamy tutaj na my\u015bli? Na pewno bia\u0142e pere\u0142ki, jasne kwiatki (w postaci spinek lub wianka), wst\u0105\u017cki lub kokardki. Fryzury Komunijne 2023 wiele zale\u017c\u0105 od d\u0142ugo\u015bci oraz g\u0119sto\u015bci w\u0142os\u00f3w dziecka oraz od tego, czy mamy takie zdolno\u015bci (chyba, \u017ce zabierzesz c\u00f3rk\u0119 do fryzjera w tym dniu). Je\u015bli dziewczynka ma d\u0142ugie w\u0142osy, przepi\u0119knie b\u0119d\u0105 si\u0119 prezentowa\u0107 loki\/ fale. Mog\u0105 by\u0107 lu\u017ano puszczone lub pospinane za pomoc\u0105 odpowiednich dodatk\u00f3w. Diadem z koralik\u00f3w lub z kryszta\u0142kami pozwoli poczu\u0107 si\u0119 jej po kr\u00f3lewsku.\u00a0 Nie zapominamy te\u017c o kr\u00f3tkich w\u0142osach, kt\u00f3re r\u00f3wnie \u015blicznie mo\u017cna uczesa\u0107. Zaczesz je g\u0142adko do ty\u0142u i ozd\u00f3b z ty\u0142u lub z boku efektown\u0105, du\u017c\u0105 spink\u0105 lub kokard\u0105. Nadal modne s\u0105 warkocze &#8211; mo\u017cesz go zrobi\u0107 z ca\u0142o\u015bci w\u0142os\u00f3w, lub wykona\u0107 jeden pojedynczy z boku z cz\u0119\u015bci w\u0142os\u00f3w. Bardzo fajnie te\u017c wygl\u0105da siateczka z organzy, jednak nale\u017cy uwa\u017ca\u0107, by nie przesadzi\u0107 i stworzy\u0107 efektu welonu. Uczesanie komunijne na pewno te\u017c powinno wsp\u00f3\u0142gra\u0107 z dodatkami komunijnymi, czyli torebk\u0105, r\u0119kawiczkami czy nawet bi\u017cuteri\u0105. Do alby komunijnej wybieraj raczej skromne uczesania, aby ca\u0142o\u015b\u0107 nie da\u0142a efektu karykaturalnego. Fryzury Komunijne 2023 i moda, jaka jest z nimi zwi\u0105zana to jedno, natomiast podstaw\u0105 jest to, aby to Twoje dziecko chcia\u0142o j\u0105 nosi\u0107, dobrze si\u0119 czu\u0142o w takim uczesaniu, bo w ko\u0144cu to jego \u015awi\u0119to.\u00a0<\/p>\n<p>\u00a0<\/p>\n<p>\u00a0<\/p>\n<blockquote class=\"instagram-media\" style=\"background: #FFF; border: 0; border-radius: 3px; box-shadow: 0 0 1px 0 rgba(0,0,0,0.5),0 1px 10px 0 rgba(0,0,0,0.15); margin: 1px; max-width: 540px; min-width: 326px; padding: 0; width: calc(100% - 2px);\" data-instgrm-permalink=\"https:\/\/www.instagram.com\/p\/CqqnGbNt06G\/?utm_source=ig_embed&amp;utm_campaign=loading\" data-instgrm-version=\"14\">\n<div style=\"padding: 16px;\">\n<div style=\"display: flex; flex-direction: row; align-items: center;\">\n<div style=\"background-color: #f4f4f4; border-radius: 50%; flex-grow: 0; height: 40px; margin-right: 14px; width: 40px;\">\u00a0<\/div>\n<div style=\"display: flex; flex-direction: column; flex-grow: 1; justify-content: center;\">\n<div style=\"background-color: #f4f4f4; border-radius: 4px; flex-grow: 0; height: 14px; margin-bottom: 6px; width: 100px;\">\u00a0<\/div>\n<div style=\"background-color: #f4f4f4; border-radius: 4px; flex-grow: 0; height: 14px; width: 60px;\">\u00a0<\/div>\n<\/div>\n<\/div>\n<div style=\"padding: 19% 0;\">\u00a0<\/div>\n<div style=\"display: block; height: 50px; margin: 0 auto 12px; width: 50px;\">\u00a0<\/div>\n<div style=\"padding-top: 8px;\">\n<div style=\"color: #3897f0; font-family: Arial,sans-serif; font-size: 14px; font-style: normal; font-weight: 550; line-height: 18px;\">Wy\u015bwietl ten post na Instagramie<\/div>\n<\/div>\n<div style=\"padding: 12.5% 0;\">\u00a0<\/div>\n<div style=\"display: flex; flex-direction: row; margin-bottom: 14px; align-items: center;\">\n<div>\n<div style=\"background-color: #f4f4f4; border-radius: 50%; height: 12.5px; width: 12.5px; transform: translateX(0px) translateY(7px);\">\u00a0<\/div>\n<div style=\"background-color: #f4f4f4; height: 12.5px; transform: rotate(-45deg) translateX(3px) translateY(1px); width: 12.5px; flex-grow: 0; margin-right: 14px; margin-left: 2px;\">\u00a0<\/div>\n<div style=\"background-color: #f4f4f4; border-radius: 50%; height: 12.5px; width: 12.5px; transform: translateX(9px) translateY(-18px);\">\u00a0<\/div>\n<\/div>\n<div style=\"margin-left: 8px;\">\n<div style=\"background-color: #f4f4f4; border-radius: 50%; flex-grow: 0; height: 20px; width: 20px;\">\u00a0<\/div>\n<div style=\"width: 0; height: 0; border-top: 2px solid transparent; border-left: 6px solid #f4f4f4; border-bottom: 2px solid transparent; transform: translateX(16px) translateY(-4px) rotate(30deg);\">\u00a0<\/div>\n<\/div>\n<div style=\"margin-left: auto;\">\n<div style=\"width: 0px; border-top: 8px solid #F4F4F4; border-right: 8px solid transparent; transform: translateY(16px);\">\u00a0<\/div>\n<div style=\"background-color: #f4f4f4; flex-grow: 0; height: 12px; width: 16px; transform: translateY(-4px);\">\u00a0<\/div>\n<div style=\"width: 0; height: 0; border-top: 8px solid #F4F4F4; border-left: 8px solid transparent; transform: translateY(-4px) translateX(8px);\">\u00a0<\/div>\n<\/div>\n<\/div>\n<div style=\"display: flex; flex-direction: column; flex-grow: 1; justify-content: center; margin-bottom: 24px;\">\n<div style=\"background-color: #f4f4f4; border-radius: 4px; flex-grow: 0; height: 14px; margin-bottom: 6px; width: 224px;\">\u00a0<\/div>\n<div style=\"background-color: #f4f4f4; border-radius: 4px; flex-grow: 0; height: 14px; width: 144px;\">\u00a0<\/div>\n<\/div>\n<p style=\"color: #c9c8cd; font-family: Arial,sans-serif; font-size: 14px; line-height: 17px; margin-bottom: 0; margin-top: 8px; overflow: hidden; padding: 8px 0 7px; text-align: center; text-overflow: ellipsis; white-space: nowrap;\"><a style=\"color: #c9c8cd; font-family: Arial,sans-serif; font-size: 14px; font-style: normal; font-weight: normal; line-height: 17px; text-decoration: none;\" href=\"https:\/\/www.instagram.com\/p\/CqqnGbNt06G\/?utm_source=ig_embed&amp;utm_campaign=loading\" target=\"_blank\" rel=\"noopener\">Post udost\u0119pniony przez \u1d0b\u1d00\u0280\u1d0f\u029f\u026a\u0274\u1d00 \ua731\u1d22\u1d1c\u0299\u1d07\u0280\u1d1b \u029c\u1d00\u026a\u0280 | \ua730\u0280\u028f\u1d22\u1d0a\u1d07\u0280 | \u1d00\u026a\u0280 \u1d1b\u1d0f\u1d1c\u1d04\u029c | \u1d04\u1d0f\u029f\u1d0f\u0280\u026a\ua731\u1d1b (@pracowniafryzur.ks)<\/a><\/p>\n<\/div>\n<\/blockquote>\n<p><script async src=\"\/\/www.instagram.com\/embed.js\"><\/script><\/p>\n<p>\u00a0<\/p>\n<p>\u00a0<\/p>\n<p>\u00a0<\/p>\n<p>\u00a0<\/p>\n<p>\u00a0<\/p>\n<h2><span style=\"color: #ff9900;\">Oto najmodniejsze fryzury Komunijne 2023<\/span><\/h2>\n<p>\u00a0<\/p>\n<p>Ka\u017cda dziewczynka przygotowuj\u0105c si\u0119 do Komunii zastanawia si\u0119 wraz z mam\u0105 jakie uczesanie chcia\u0142aby mie\u0107 na swojej g\u0142owie. W ko\u0144cu chce wygl\u0105da\u0107 tego dnia po prostu pi\u0119knie. Na pewno nie mo\u017ce przyt\u0142acza\u0107 ani twarzy dziewczynki, ani jej charakteru. S\u0142uchaj przede wszystkim swojego dziecka. Nie r\u00f3b jej na si\u0142\u0119 warkocza, je\u015bli ona preferuje w\u0142osy rozpuszczone. Modne <strong>fryzury na komuni\u0119 2023<\/strong> to mi\u0119dzy innymi upi\u0119te w\u0142osy. Pomy\u015bl o koku, kucyku lub warkoczu. Ca\u0142o\u015b\u0107 ozd\u00f3b za pomoc\u0105 spinek lub wianka. Bardzo przyjemny efekt dadz\u0105 rozpuszczone lekko pofalowane w\u0142osy. Mo\u017cesz nakr\u0119ci\u0107 loki lok\u00f3wk\u0105 i pofalowa\u0107 je d\u0142o\u0144mi lub pokr\u0119ci\u0107 za pomoc\u0105 sznurka od szlafroka. Efekt jest mega zaskakuj\u0105cy i r\u00f3wnie trwa\u0142y. Bardzo \u0142adnie b\u0119dzie wygl\u0105da\u0142a delikatna spinka z tylu lub kokarda.\u00a0<\/p>\n<p>\u00a0<\/p>\n<p>\u00a0<\/p>\n<p>\u00a0<\/p>\n<blockquote class=\"instagram-media\" style=\"background: #FFF; border: 0; border-radius: 3px; box-shadow: 0 0 1px 0 rgba(0,0,0,0.5),0 1px 10px 0 rgba(0,0,0,0.15); margin: 1px; max-width: 540px; min-width: 326px; padding: 0; width: calc(100% - 2px);\" data-instgrm-permalink=\"https:\/\/www.instagram.com\/p\/CqqmG-dMzhU\/?utm_source=ig_embed&amp;utm_campaign=loading\" data-instgrm-version=\"14\">\n<div style=\"padding: 16px;\">\n<div style=\"display: flex; flex-direction: row; align-items: center;\">\n<div style=\"background-color: #f4f4f4; border-radius: 50%; flex-grow: 0; height: 40px; margin-right: 14px; width: 40px;\">\u00a0<\/div>\n<div style=\"display: flex; flex-direction: column; flex-grow: 1; justify-content: center;\">\n<div style=\"background-color: #f4f4f4; border-radius: 4px; flex-grow: 0; height: 14px; margin-bottom: 6px; width: 100px;\">\u00a0<\/div>\n<div style=\"background-color: #f4f4f4; border-radius: 4px; flex-grow: 0; height: 14px; width: 60px;\">\u00a0<\/div>\n<\/div>\n<\/div>\n<div style=\"padding: 19% 0;\">\u00a0<\/div>\n<div style=\"display: block; height: 50px; margin: 0 auto 12px; width: 50px;\">\u00a0<\/div>\n<div style=\"padding-top: 8px;\">\n<div style=\"color: #3897f0; font-family: Arial,sans-serif; font-size: 14px; font-style: normal; font-weight: 550; line-height: 18px;\">Wy\u015bwietl ten post na Instagramie<\/div>\n<\/div>\n<div style=\"padding: 12.5% 0;\">\u00a0<\/div>\n<div style=\"display: flex; flex-direction: row; margin-bottom: 14px; align-items: center;\">\n<div>\n<div style=\"background-color: #f4f4f4; border-radius: 50%; height: 12.5px; width: 12.5px; transform: translateX(0px) translateY(7px);\">\u00a0<\/div>\n<div style=\"background-color: #f4f4f4; height: 12.5px; transform: rotate(-45deg) translateX(3px) translateY(1px); width: 12.5px; flex-grow: 0; margin-right: 14px; margin-left: 2px;\">\u00a0<\/div>\n<div style=\"background-color: #f4f4f4; border-radius: 50%; height: 12.5px; width: 12.5px; transform: translateX(9px) translateY(-18px);\">\u00a0<\/div>\n<\/div>\n<div style=\"margin-left: 8px;\">\n<div style=\"background-color: #f4f4f4; border-radius: 50%; flex-grow: 0; height: 20px; width: 20px;\">\u00a0<\/div>\n<div style=\"width: 0; height: 0; border-top: 2px solid transparent; border-left: 6px solid #f4f4f4; border-bottom: 2px solid transparent; transform: translateX(16px) translateY(-4px) rotate(30deg);\">\u00a0<\/div>\n<\/div>\n<div style=\"margin-left: auto;\">\n<div style=\"width: 0px; border-top: 8px solid #F4F4F4; border-right: 8px solid transparent; transform: translateY(16px);\">\u00a0<\/div>\n<div style=\"background-color: #f4f4f4; flex-grow: 0; height: 12px; width: 16px; transform: translateY(-4px);\">\u00a0<\/div>\n<div style=\"width: 0; height: 0; border-top: 8px solid #F4F4F4; border-left: 8px solid transparent; transform: translateY(-4px) translateX(8px);\">\u00a0<\/div>\n<\/div>\n<\/div>\n<div style=\"display: flex; flex-direction: column; flex-grow: 1; justify-content: center; margin-bottom: 24px;\">\n<div style=\"background-color: #f4f4f4; border-radius: 4px; flex-grow: 0; height: 14px; margin-bottom: 6px; width: 224px;\">\u00a0<\/div>\n<div style=\"background-color: #f4f4f4; border-radius: 4px; flex-grow: 0; height: 14px; width: 144px;\">\u00a0<\/div>\n<\/div>\n<p style=\"color: #c9c8cd; font-family: Arial,sans-serif; font-size: 14px; line-height: 17px; margin-bottom: 0; margin-top: 8px; overflow: hidden; padding: 8px 0 7px; text-align: center; text-overflow: ellipsis; white-space: nowrap;\"><a style=\"color: #c9c8cd; font-family: Arial,sans-serif; font-size: 14px; font-style: normal; font-weight: normal; line-height: 17px; text-decoration: none;\" href=\"https:\/\/www.instagram.com\/p\/CqqmG-dMzhU\/?utm_source=ig_embed&amp;utm_campaign=loading\" target=\"_blank\" rel=\"noopener\">Post udost\u0119pniony przez Golden Hair By Katarzyna Jurczak \u2728 (@goldenhair_kj)<\/a><\/p>\n<\/div>\n<\/blockquote>\n<p><script async src=\"\/\/www.instagram.com\/embed.js\"><\/script><\/p>\n<p>\u00a0<\/p>\n<p>\u00a0<\/p>\n<p>\u00a0<\/p>\n<p>\u00a0<\/p>\n<h2><span style=\"color: #ff9900;\">Fryzury Komunijne dla dziewczynek 2023<\/span><\/h2>\n<p>\u00a0<\/p>\n<p>Na topie na pewno s\u0105 teraz <strong>fryzury komunijne z wiankiem<\/strong>. S\u0105 bardzo dziewcz\u0119ce i mega urocze. Kojarz\u0105 si\u0119 z czysto\u015bci\u0105 i delikatno\u015bci\u0105. Mo\u017cesz wybra\u0107 wianek ze sztucznych kwiat\u00f3w lub\u00a0 wianek z \u017cywych kwiat\u00f3w. Oto <strong>fryzury Komunijne 2023<\/strong> , kt\u00f3re wykonasz sama w domu. Wystarczy tylko kilka pomocnych akcesori\u00f3w i nieco czasu. Najwa\u017cniejsze, aby Twoje dziecko czu\u0142o si\u0119 swobodnie w tak wa\u017cnym dla niego dniu. Je\u015bli na co dzie\u0144 Twoje dziecko nosi w\u0142osy rozpuszczone, z pewno\u015bci\u0105 ch\u0119tnie i w tym dniu wybierze swobodn\u0105 fryzur\u0119. Wtedy mo\u017cesz tylko delikatnie pokr\u0119ci\u0107 konc\u00f3wki, aby doda\u0107 ca\u0142o\u015bci eleganckiego charakteru.\u00a0<\/p>\n<p>\u00a0<\/p>\n<blockquote class=\"instagram-media\" style=\"background: #FFF; border: 0; border-radius: 3px; box-shadow: 0 0 1px 0 rgba(0,0,0,0.5),0 1px 10px 0 rgba(0,0,0,0.15); margin: 1px; max-width: 540px; min-width: 326px; padding: 0; width: calc(100% - 2px);\" data-instgrm-permalink=\"https:\/\/www.instagram.com\/p\/Cdcz5mcMXRX\/?utm_source=ig_embed&amp;utm_campaign=loading\" data-instgrm-version=\"14\">\n<div style=\"padding: 16px;\">\n<div style=\"display: flex; flex-direction: row; align-items: center;\">\n<div style=\"background-color: #f4f4f4; border-radius: 50%; flex-grow: 0; height: 40px; margin-right: 14px; width: 40px;\">\u00a0<\/div>\n<div style=\"display: flex; flex-direction: column; flex-grow: 1; justify-content: center;\">\n<div style=\"background-color: #f4f4f4; border-radius: 4px; flex-grow: 0; height: 14px; margin-bottom: 6px; width: 100px;\">\u00a0<\/div>\n<div style=\"background-color: #f4f4f4; border-radius: 4px; flex-grow: 0; height: 14px; width: 60px;\">\u00a0<\/div>\n<\/div>\n<\/div>\n<div style=\"padding: 19% 0;\">\u00a0<\/div>\n<div style=\"display: block; height: 50px; margin: 0 auto 12px; width: 50px;\">\u00a0<\/div>\n<div style=\"padding-top: 8px;\">\n<div style=\"color: #3897f0; font-family: Arial,sans-serif; font-size: 14px; font-style: normal; font-weight: 550; line-height: 18px;\">Wy\u015bwietl ten post na Instagramie<\/div>\n<\/div>\n<div style=\"padding: 12.5% 0;\">\u00a0<\/div>\n<div style=\"display: flex; flex-direction: row; margin-bottom: 14px; align-items: center;\">\n<div>\n<div style=\"background-color: #f4f4f4; border-radius: 50%; height: 12.5px; width: 12.5px; transform: translateX(0px) translateY(7px);\">\u00a0<\/div>\n<div style=\"background-color: #f4f4f4; height: 12.5px; transform: rotate(-45deg) translateX(3px) translateY(1px); width: 12.5px; flex-grow: 0; margin-right: 14px; margin-left: 2px;\">\u00a0<\/div>\n<div style=\"background-color: #f4f4f4; border-radius: 50%; height: 12.5px; width: 12.5px; transform: translateX(9px) translateY(-18px);\">\u00a0<\/div>\n<\/div>\n<div style=\"margin-left: 8px;\">\n<div style=\"background-color: #f4f4f4; border-radius: 50%; flex-grow: 0; height: 20px; width: 20px;\">\u00a0<\/div>\n<div style=\"width: 0; height: 0; border-top: 2px solid transparent; border-left: 6px solid #f4f4f4; border-bottom: 2px solid transparent; transform: translateX(16px) translateY(-4px) rotate(30deg);\">\u00a0<\/div>\n<\/div>\n<div style=\"margin-left: auto;\">\n<div style=\"width: 0px; border-top: 8px solid #F4F4F4; border-right: 8px solid transparent; transform: translateY(16px);\">\u00a0<\/div>\n<div style=\"background-color: #f4f4f4; flex-grow: 0; height: 12px; width: 16px; transform: translateY(-4px);\">\u00a0<\/div>\n<div style=\"width: 0; height: 0; border-top: 8px solid #F4F4F4; border-left: 8px solid transparent; transform: translateY(-4px) translateX(8px);\">\u00a0<\/div>\n<\/div>\n<\/div>\n<div style=\"display: flex; flex-direction: column; flex-grow: 1; justify-content: center; margin-bottom: 24px;\">\n<div style=\"background-color: #f4f4f4; border-radius: 4px; flex-grow: 0; height: 14px; margin-bottom: 6px; width: 224px;\">\u00a0<\/div>\n<div style=\"background-color: #f4f4f4; border-radius: 4px; flex-grow: 0; height: 14px; width: 144px;\">\u00a0<\/div>\n<\/div>\n<p style=\"color: #c9c8cd; font-family: Arial,sans-serif; font-size: 14px; line-height: 17px; margin-bottom: 0; margin-top: 8px; overflow: hidden; padding: 8px 0 7px; text-align: center; text-overflow: ellipsis; white-space: nowrap;\"><a style=\"color: #c9c8cd; font-family: Arial,sans-serif; font-size: 14px; font-style: normal; font-weight: normal; line-height: 17px; text-decoration: none;\" href=\"https:\/\/www.instagram.com\/p\/Cdcz5mcMXRX\/?utm_source=ig_embed&amp;utm_campaign=loading\" target=\"_blank\" rel=\"noopener\">Post udost\u0119pniony przez Kwiaciarnia_Kwiatowe Historie (@kwiatowe_historie_)<\/a><\/p>\n<\/div>\n<\/blockquote>\n<p><script async src=\"\/\/www.instagram.com\/embed.js\"><\/script><\/p>\n<p>\u00a0<\/p>\n<p>\u00a0<\/p>\n<p>\u00a0<\/p>\n<p>\u00a0<\/p>\n<h2><span style=\"color: #ff9900;\">Fryzury komunijne 2023 dla mamy<\/span><\/h2>\n<p>\u00a0<\/p>\n<p>W trakcie ca\u0142ych tych przygotowa\u0144 mama nie powinna o sobie zapomina\u0107. <strong>Fryzury komunijne 2023<\/strong>\u00a0dla mamy nie odbiegaj\u0105 od fryzur dla dziecka. Co to oznacza? \u017be jako mama mo\u017cesz pozwoli\u0107 sobie na takie samo uczesanie jak Twoja c\u00f3rka (tak samo w przypadku stroju na przyj\u0119cie komunijne w domu czy restauracji). <strong>Jak wi\u0119c uczesa\u0107 si\u0119 na Komuni\u0119 dziecka<\/strong>? Na pewno fryzura nie powinna by\u0107 przekombinowana. Powinna by\u0107 skromna i subtelna. Nie mo\u017cesz przecie\u017c wygl\u0105da\u0107 jak na weselu. Je\u015bli pokr\u0119cisz sobie w\u0142osy, zrezygnuj z tony lakieru do w\u0142os\u00f3w oraz ozd\u00f3b czy brokatu. Je\u015bli nie chcesz mie\u0107 rozpuszczonych w\u0142os\u00f3w wybierz lekkie upi\u0119cie. Pami\u0119taj te\u017c o odpowiedniej <span style=\"color: #ff9900;\"><a style=\"color: #ff9900;\" href=\"https:\/\/pakuten.pl\/27-sukienki\" target=\"_blank\" rel=\"noopener\">sukience<\/a><\/span>. Powinna by\u0107 elegancka, szykowna, ale nie krzykliwa i zbyt odwa\u017cna. Sukienka na Komuni\u0119 dla mamy powinna by\u0107 na pewno w jasnym kolorze. Be\u017cowa, pudrowa , a mo\u017ce bia\u0142a w delikatne kwiaty? Poniewa\u017c dla Ciebie Komunia swojego dziecka to r\u00f3wnie\u017c wielkie prze\u017cycie &#8211; wybierz str\u00f3j, w kt\u00f3rym b\u0119dziesz si\u0119 czu\u0142a swobodnie.\u00a0<\/p>\n<p>\u00a0<\/p>\n<div class=\"product-box-container\">\r\n<div class=\"one_third \" style=\"\">\r\n<div class=\"product-box\">\r\n<a href=\"https:\/\/pakuten.pl\/31668-71219-sukienka-midi-w-kwiatki-z-przekladanym-dekoltem-i-rozcieciem-idelle-d22c1-d22c1.html\" target=\"_blank\">\r\n <img src=\"https:\/\/media.pakuten.pl\/198621-large_default\/sukienka-midi-w-kwiatki-z-przekladanym-dekoltem-i-rozcieciem-idelle-d22c1.jpg\" alt=\"Sukienka midi w kwiatki z przek\u0142adanym dekoltem i rozci\u0119ciem Idelle - D22C1\"\/>\r\n<\/a>\r\n<p>\r\n<a href=\"https:\/\/pakuten.pl\/31668-71219-sukienka-midi-w-kwiatki-z-przekladanym-dekoltem-i-rozcieciem-idelle-d22c1-d22c1.html\" target=\"_blank\">\r\nSukienka midi w kwiatki z przek\u0142adanym dekoltem i rozci\u0119ciem Idelle - D22C1\r\n<\/a><\/p>\r\n  <p>Cena: 41,99\u00a0z\u0142<\/p>\r\n<a href=\"https:\/\/pakuten.pl\/31668-71219-sukienka-midi-w-kwiatki-z-przekladanym-dekoltem-i-rozcieciem-idelle-d22c1-d22c1.html\" target=\"_blank\" class=\"button\">\r\nZobacz w sklepie\r\n<\/a>\r\n<\/div>\r\n<\/div>\r\n<div class=\"one_third \" style=\"\">\r\n<div class=\"product-box\">\r\n<a href=\"https:\/\/pakuten.pl\/31644-71151-kwiecista-sukienka-z-ozdobnym-wiazaniem-na-plecach-abbigayle-d32c1-d32c1.html\" target=\"_blank\">\r\n  <img src=\"https:\/\/media.pakuten.pl\/192598-large_default\/kwiecista-sukienka-z-ozdobnym-wiazaniem-na-plecach-abbigayle-d32c1.jpg\" alt=\"Kwiecista sukienka z ozdobnym wi\u0105zaniem na plecach Abbigayle - D32C1\"\/>\r\n<\/a>\r\n<p>\r\n<a href=\"https:\/\/pakuten.pl\/31644-71151-kwiecista-sukienka-z-ozdobnym-wiazaniem-na-plecach-abbigayle-d32c1-d32c1.html\" target=\"_blank\">\r\nKwiecista sukienka z ozdobnym wi\u0105zaniem na plecach Abbigayle - D32C1\r\n<\/a><\/p>\r\n  <p>Cena: 79,99\u00a0z\u0142<\/p>\r\n<a href=\"https:\/\/pakuten.pl\/31644-71151-kwiecista-sukienka-z-ozdobnym-wiazaniem-na-plecach-abbigayle-d32c1-d32c1.html\" target=\"_blank\" class=\"button\">\r\nZobacz w sklepie\r\n<\/a>\r\n<\/div>\r\n<\/div>\r\n<div class=\"one_third last \" style=\"\">\r\n<div class=\"product-box\">\r\n<a href=\"https:\/\/pakuten.pl\/31624-71101-biala-koszulowa-sukienka-z-wiazaniem-tariaa-bialy.html\" target=\"_blank\">\r\n  <img src=\"https:\/\/media.pakuten.pl\/192478-large_default\/biala-koszulowa-sukienka-z-wiazaniem-tariaa.jpg\" alt=\"Bia\u0142a koszulowa sukienka z wi\u0105zaniem Tariaa\"\/>\r\n<\/a>\r\n<p>\r\n<a href=\"https:\/\/pakuten.pl\/31624-71101-biala-koszulowa-sukienka-z-wiazaniem-tariaa-bialy.html\" target=\"_blank\">\r\nBia\u0142a koszulowa sukienka z wi\u0105zaniem Tariaa\r\n<\/a><\/p>\r\n  <p>Cena: 69,99\u00a0z\u0142<\/p>\r\n<a href=\"https:\/\/pakuten.pl\/31624-71101-biala-koszulowa-sukienka-z-wiazaniem-tariaa-bialy.html\" target=\"_blank\" class=\"button\">\r\nZobacz w sklepie\r\n<\/a>\r\n<\/div>\r\n<\/div><br class=\"clear\"\/>\r\n<\/div>\n\n\n<div class=\"kk-star-ratings kksr-auto kksr-align-right kksr-valign-bottom\"\n    data-payload='{&quot;align&quot;:&quot;right&quot;,&quot;id&quot;:&quot;6011&quot;,&quot;slug&quot;:&quot;default&quot;,&quot;valign&quot;:&quot;bottom&quot;,&quot;ignore&quot;:&quot;&quot;,&quot;reference&quot;:&quot;auto&quot;,&quot;class&quot;:&quot;&quot;,&quot;count&quot;:&quot;0&quot;,&quot;legendonly&quot;:&quot;&quot;,&quot;readonly&quot;:&quot;&quot;,&quot;score&quot;:&quot;0&quot;,&quot;starsonly&quot;:&quot;&quot;,&quot;best&quot;:&quot;5&quot;,&quot;gap&quot;:&quot;5&quot;,&quot;greet&quot;:&quot;Rate this post&quot;,&quot;legend&quot;:&quot;0\\\/5 - (0 votes)&quot;,&quot;size&quot;:&quot;24&quot;,&quot;width&quot;:&quot;0&quot;,&quot;_legend&quot;:&quot;{score}\\\/{best} - ({count} {votes})&quot;,&quot;font_factor&quot;:&quot;1.25&quot;}'>\n            \n<div class=\"kksr-stars\">\n    \n<div class=\"kksr-stars-inactive\">\n            <div class=\"kksr-star\" data-star=\"1\" style=\"padding-right: 5px\">\n            \n\n<div class=\"kksr-icon\" style=\"width: 24px; height: 24px;\"><\/div>\n        <\/div>\n            <div class=\"kksr-star\" data-star=\"2\" style=\"padding-right: 5px\">\n            \n\n<div class=\"kksr-icon\" style=\"width: 24px; height: 24px;\"><\/div>\n        <\/div>\n            <div class=\"kksr-star\" data-star=\"3\" style=\"padding-right: 5px\">\n            \n\n<div class=\"kksr-icon\" style=\"width: 24px; height: 24px;\"><\/div>\n        <\/div>\n            <div class=\"kksr-star\" data-star=\"4\" style=\"padding-right: 5px\">\n            \n\n<div class=\"kksr-icon\" style=\"width: 24px; height: 24px;\"><\/div>\n        <\/div>\n            <div class=\"kksr-star\" data-star=\"5\" style=\"padding-right: 5px\">\n            \n\n<div class=\"kksr-icon\" style=\"width: 24px; height: 24px;\"><\/div>\n        <\/div>\n    <\/div>\n    \n<div class=\"kksr-stars-active\" style=\"width: 0px;\">\n            <div class=\"kksr-star\" style=\"padding-right: 5px\">\n            \n\n<div class=\"kksr-icon\" style=\"width: 24px; height: 24px;\"><\/div>\n        <\/div>\n            <div class=\"kksr-star\" style=\"padding-right: 5px\">\n            \n\n<div class=\"kksr-icon\" style=\"width: 24px; height: 24px;\"><\/div>\n        <\/div>\n            <div class=\"kksr-star\" style=\"padding-right: 5px\">\n            \n\n<div class=\"kksr-icon\" style=\"width: 24px; height: 24px;\"><\/div>\n        <\/div>\n            <div class=\"kksr-star\" style=\"padding-right: 5px\">\n            \n\n<div class=\"kksr-icon\" style=\"width: 24px; height: 24px;\"><\/div>\n        <\/div>\n            <div class=\"kksr-star\" style=\"padding-right: 5px\">\n            \n\n<div class=\"kksr-icon\" style=\"width: 24px; height: 24px;\"><\/div>\n        <\/div>\n    <\/div>\n<\/div>\n                \n\n<div class=\"kksr-legend\" style=\"font-size: 19.2px;\">\n            <span class=\"kksr-muted\">Rate this post<\/span>\n    <\/div>\n    <\/div>\n","protected":false},"excerpt":{"rendered":"<p>Pierwsza Komunia \u015awi\u0119ta to sakrament, kt\u00f3ry przyjmuje si\u0119 tylko raz w \u017cyciu, dlatego szczeg\u00f3lnie dla dziewczynek (jak i ich mam) tak niezwykle wa\u017cne jest odpowiednie uczesanie. Poza d\u0142ugimi przygotowaniami od strony duchowej, jak i ca\u0142ej otoczki ceremonii przyj\u0119cia po ko\u015bciele, niezwykle wa\u017cne jest to, jak nasze dziecko b\u0119dzie w tym dniu uczesane. Dlatego specjalnie dla Was przygotowa\u0142y\u015bmy fryzury komunijne 2023. W ko\u0144cu m\u0142oda dama b\u0119dzie chcia\u0142a poczu\u0107 si\u0119 jak prawdziwa ksi\u0119\u017cniczka,\u00a0 a Ty z dum\u0105 uchwycisz wszystko na zdj\u0119ciach. Przeczytaj artyku\u0142 i znajd\u017a inspiracje.\u00a0<\/p>\n","protected":false},"author":3,"featured_media":6072,"comment_status":"open","ping_status":"open","sticky":false,"template":"","format":"standard","meta":[],"categories":[5],"tags":[],"yoast_head":"<!-- This site is optimized with the Yoast SEO plugin v18.4.1 - https:\/\/yoast.com\/wordpress\/plugins\/seo\/ -->\n<title>Fryzury komunijne 2023. Poznaj te na topie. - Pakuten blog<\/title>\n<meta name=\"description\" content=\"Pierwsza Komunia \u015awi\u0119ta to sakrament, kt\u00f3ry przyjmuje si\u0119 tylko raz w \u017cyciu, dlatego szczeg\u00f3lnie dla dziewczynek (jak i ich mam) tak niezwykle wa\u017cne jest odpowiednie uczesanie. Dlatego specjalnie dla Was przygotowa\u0142y\u015bmy fryzury komunijne 2023.\" \/>\n<meta name=\"robots\" content=\"index, follow, max-snippet:-1, max-image-preview:large, max-video-preview:-1\" \/>\n<link rel=\"canonical\" href=\"https:\/\/pakuten.pl\/blog\/fryzury-komunijne-2022-poznaj-te-na-topie\/\" \/>\n<meta property=\"og:locale\" content=\"pl_PL\" \/>\n<meta property=\"og:type\" content=\"article\" \/>\n<meta property=\"og:title\" content=\"Fryzury komunijne 2023. Poznaj te na topie. - Pakuten blog\" \/>\n<meta property=\"og:description\" content=\"Pierwsza Komunia \u015awi\u0119ta to sakrament, kt\u00f3ry przyjmuje si\u0119 tylko raz w \u017cyciu, dlatego szczeg\u00f3lnie dla dziewczynek (jak i ich mam) tak niezwykle wa\u017cne jest odpowiednie uczesanie. Dlatego specjalnie dla Was przygotowa\u0142y\u015bmy fryzury komunijne 2023.\" \/>\n<meta property=\"og:url\" content=\"https:\/\/pakuten.pl\/blog\/fryzury-komunijne-2022-poznaj-te-na-topie\/\" \/>\n<meta property=\"og:site_name\" content=\"Pakuten blog\" \/>\n<meta property=\"article:published_time\" content=\"2023-04-06T06:00:00+00:00\" \/>\n<meta property=\"article:modified_time\" content=\"2023-04-06T05:34:55+00:00\" \/>\n<meta property=\"og:image\" content=\"https:\/\/pakuten.pl\/blog\/wp-content\/uploads\/2022\/04\/Fryzury-komunijne-2022.jpg\" \/>\n\t<meta property=\"og:image:width\" content=\"1280\" \/>\n\t<meta property=\"og:image:height\" content=\"719\" \/>\n\t<meta property=\"og:image:type\" content=\"image\/jpeg\" \/>\n<meta name=\"twitter:card\" content=\"summary_large_image\" \/>\n<meta name=\"twitter:label1\" content=\"Napisane przez\" \/>\n\t<meta name=\"twitter:data1\" content=\"Pakuten Girl\" \/>\n\t<meta name=\"twitter:label2\" content=\"Szacowany czas czytania\" \/>\n\t<meta name=\"twitter:data2\" content=\"5 minut\" \/>\n<script type=\"application\/ld+json\" class=\"yoast-schema-graph\">{\"@context\":\"https:\/\/schema.org\",\"@graph\":[{\"@type\":\"Organization\",\"@id\":\"https:\/\/pakuten.pl\/blog\/#organization\",\"name\":\"Pakuten\",\"url\":\"https:\/\/pakuten.pl\/blog\/\",\"sameAs\":[],\"logo\":{\"@type\":\"ImageObject\",\"@id\":\"https:\/\/pakuten.pl\/blog\/#logo\",\"inLanguage\":\"pl-PL\",\"url\":\"http:\/\/pakuten.pl\/blog\/wp-content\/uploads\/2018\/01\/pakuten_logo.png\",\"contentUrl\":\"http:\/\/pakuten.pl\/blog\/wp-content\/uploads\/2018\/01\/pakuten_logo.png\",\"width\":300,\"height\":120,\"caption\":\"Pakuten\"},\"image\":{\"@id\":\"https:\/\/pakuten.pl\/blog\/#logo\"}},{\"@type\":\"WebSite\",\"@id\":\"https:\/\/pakuten.pl\/blog\/#website\",\"url\":\"https:\/\/pakuten.pl\/blog\/\",\"name\":\"Pakuten blog\",\"description\":\"Blog sklepu internetowego pakuten.pl\",\"publisher\":{\"@id\":\"https:\/\/pakuten.pl\/blog\/#organization\"},\"potentialAction\":[{\"@type\":\"SearchAction\",\"target\":{\"@type\":\"EntryPoint\",\"urlTemplate\":\"https:\/\/pakuten.pl\/blog\/?s={search_term_string}\"},\"query-input\":\"required name=search_term_string\"}],\"inLanguage\":\"pl-PL\"},{\"@type\":\"ImageObject\",\"@id\":\"https:\/\/pakuten.pl\/blog\/fryzury-komunijne-2022-poznaj-te-na-topie\/#primaryimage\",\"inLanguage\":\"pl-PL\",\"url\":\"https:\/\/pakuten.pl\/blog\/wp-content\/uploads\/2022\/04\/Fryzury-komunijne-2022.jpg\",\"contentUrl\":\"https:\/\/pakuten.pl\/blog\/wp-content\/uploads\/2022\/04\/Fryzury-komunijne-2022.jpg\",\"width\":1280,\"height\":719},{\"@type\":\"WebPage\",\"@id\":\"https:\/\/pakuten.pl\/blog\/fryzury-komunijne-2022-poznaj-te-na-topie\/#webpage\",\"url\":\"https:\/\/pakuten.pl\/blog\/fryzury-komunijne-2022-poznaj-te-na-topie\/\",\"name\":\"Fryzury komunijne 2023. Poznaj te na topie. - Pakuten blog\",\"isPartOf\":{\"@id\":\"https:\/\/pakuten.pl\/blog\/#website\"},\"primaryImageOfPage\":{\"@id\":\"https:\/\/pakuten.pl\/blog\/fryzury-komunijne-2022-poznaj-te-na-topie\/#primaryimage\"},\"datePublished\":\"2023-04-06T06:00:00+00:00\",\"dateModified\":\"2023-04-06T05:34:55+00:00\",\"description\":\"Pierwsza Komunia \u015awi\u0119ta to sakrament, kt\u00f3ry przyjmuje si\u0119 tylko raz w \u017cyciu, dlatego szczeg\u00f3lnie dla dziewczynek (jak i ich mam) tak niezwykle wa\u017cne jest odpowiednie uczesanie. Dlatego specjalnie dla Was przygotowa\u0142y\u015bmy fryzury komunijne 2023.\",\"breadcrumb\":{\"@id\":\"https:\/\/pakuten.pl\/blog\/fryzury-komunijne-2022-poznaj-te-na-topie\/#breadcrumb\"},\"inLanguage\":\"pl-PL\",\"potentialAction\":[{\"@type\":\"ReadAction\",\"target\":[\"https:\/\/pakuten.pl\/blog\/fryzury-komunijne-2022-poznaj-te-na-topie\/\"]}]},{\"@type\":\"BreadcrumbList\",\"@id\":\"https:\/\/pakuten.pl\/blog\/fryzury-komunijne-2022-poznaj-te-na-topie\/#breadcrumb\",\"itemListElement\":[{\"@type\":\"ListItem\",\"position\":1,\"name\":\"Strona g\u0142\u00f3wna\",\"item\":\"https:\/\/pakuten.pl\/blog\/\"},{\"@type\":\"ListItem\",\"position\":2,\"name\":\"Fryzury komunijne 2023. Poznaj te na topie.\"}]},{\"@type\":\"Article\",\"@id\":\"https:\/\/pakuten.pl\/blog\/fryzury-komunijne-2022-poznaj-te-na-topie\/#article\",\"isPartOf\":{\"@id\":\"https:\/\/pakuten.pl\/blog\/fryzury-komunijne-2022-poznaj-te-na-topie\/#webpage\"},\"author\":{\"@id\":\"https:\/\/pakuten.pl\/blog\/#\/schema\/person\/d7133af30211381a4e4536d088384556\"},\"headline\":\"Fryzury komunijne 2023. Poznaj te na topie.\",\"datePublished\":\"2023-04-06T06:00:00+00:00\",\"dateModified\":\"2023-04-06T05:34:55+00:00\",\"mainEntityOfPage\":{\"@id\":\"https:\/\/pakuten.pl\/blog\/fryzury-komunijne-2022-poznaj-te-na-topie\/#webpage\"},\"wordCount\":950,\"commentCount\":0,\"publisher\":{\"@id\":\"https:\/\/pakuten.pl\/blog\/#organization\"},\"image\":{\"@id\":\"https:\/\/pakuten.pl\/blog\/fryzury-komunijne-2022-poznaj-te-na-topie\/#primaryimage\"},\"thumbnailUrl\":\"https:\/\/pakuten.pl\/blog\/wp-content\/uploads\/2022\/04\/Fryzury-komunijne-2022.jpg\",\"articleSection\":[\"Inspirations\"],\"inLanguage\":\"pl-PL\",\"potentialAction\":[{\"@type\":\"CommentAction\",\"name\":\"Comment\",\"target\":[\"https:\/\/pakuten.pl\/blog\/fryzury-komunijne-2022-poznaj-te-na-topie\/#respond\"]}]},{\"@type\":\"Person\",\"@id\":\"https:\/\/pakuten.pl\/blog\/#\/schema\/person\/d7133af30211381a4e4536d088384556\",\"name\":\"Pakuten Girl\",\"image\":{\"@type\":\"ImageObject\",\"@id\":\"https:\/\/pakuten.pl\/blog\/#personlogo\",\"inLanguage\":\"pl-PL\",\"url\":\"https:\/\/secure.gravatar.com\/avatar\/d3df41de2caf92e6cfded9430c2ff352?s=96&d=mm&r=g\",\"contentUrl\":\"https:\/\/secure.gravatar.com\/avatar\/d3df41de2caf92e6cfded9430c2ff352?s=96&d=mm&r=g\",\"caption\":\"Pakuten Girl\"},\"description\":\"Cze\u015b\u0107, nazywam si\u0119 Ola. Kocham Netflixa, sals\u0119, nowo\u015bci kosmetyczne i najnowsze trendy w modzie.\",\"url\":\"https:\/\/pakuten.pl\/blog\/author\/pakuten-girl\/\"}]}<\/script>\n<!-- \/ Yoast SEO plugin. -->","yoast_head_json":{"title":"Fryzury komunijne 2023. Poznaj te na topie. - Pakuten blog","description":"Pierwsza Komunia \u015awi\u0119ta to sakrament, kt\u00f3ry przyjmuje si\u0119 tylko raz w \u017cyciu, dlatego szczeg\u00f3lnie dla dziewczynek (jak i ich mam) tak niezwykle wa\u017cne jest odpowiednie uczesanie. Dlatego specjalnie dla Was przygotowa\u0142y\u015bmy fryzury komunijne 2023.","robots":{"index":"index","follow":"follow","max-snippet":"max-snippet:-1","max-image-preview":"max-image-preview:large","max-video-preview":"max-video-preview:-1"},"canonical":"https:\/\/pakuten.pl\/blog\/fryzury-komunijne-2022-poznaj-te-na-topie\/","og_locale":"pl_PL","og_type":"article","og_title":"Fryzury komunijne 2023. Poznaj te na topie. - Pakuten blog","og_description":"Pierwsza Komunia \u015awi\u0119ta to sakrament, kt\u00f3ry przyjmuje si\u0119 tylko raz w \u017cyciu, dlatego szczeg\u00f3lnie dla dziewczynek (jak i ich mam) tak niezwykle wa\u017cne jest odpowiednie uczesanie. Dlatego specjalnie dla Was przygotowa\u0142y\u015bmy fryzury komunijne 2023.","og_url":"https:\/\/pakuten.pl\/blog\/fryzury-komunijne-2022-poznaj-te-na-topie\/","og_site_name":"Pakuten blog","article_published_time":"2023-04-06T06:00:00+00:00","article_modified_time":"2023-04-06T05:34:55+00:00","og_image":[{"width":1280,"height":719,"url":"https:\/\/pakuten.pl\/blog\/wp-content\/uploads\/2022\/04\/Fryzury-komunijne-2022.jpg","type":"image\/jpeg"}],"twitter_card":"summary_large_image","twitter_misc":{"Napisane przez":"Pakuten Girl","Szacowany czas czytania":"5 minut"},"schema":{"@context":"https:\/\/schema.org","@graph":[{"@type":"Organization","@id":"https:\/\/pakuten.pl\/blog\/#organization","name":"Pakuten","url":"https:\/\/pakuten.pl\/blog\/","sameAs":[],"logo":{"@type":"ImageObject","@id":"https:\/\/pakuten.pl\/blog\/#logo","inLanguage":"pl-PL","url":"http:\/\/pakuten.pl\/blog\/wp-content\/uploads\/2018\/01\/pakuten_logo.png","contentUrl":"http:\/\/pakuten.pl\/blog\/wp-content\/uploads\/2018\/01\/pakuten_logo.png","width":300,"height":120,"caption":"Pakuten"},"image":{"@id":"https:\/\/pakuten.pl\/blog\/#logo"}},{"@type":"WebSite","@id":"https:\/\/pakuten.pl\/blog\/#website","url":"https:\/\/pakuten.pl\/blog\/","name":"Pakuten blog","description":"Blog sklepu internetowego pakuten.pl","publisher":{"@id":"https:\/\/pakuten.pl\/blog\/#organization"},"potentialAction":[{"@type":"SearchAction","target":{"@type":"EntryPoint","urlTemplate":"https:\/\/pakuten.pl\/blog\/?s={search_term_string}"},"query-input":"required name=search_term_string"}],"inLanguage":"pl-PL"},{"@type":"ImageObject","@id":"https:\/\/pakuten.pl\/blog\/fryzury-komunijne-2022-poznaj-te-na-topie\/#primaryimage","inLanguage":"pl-PL","url":"https:\/\/pakuten.pl\/blog\/wp-content\/uploads\/2022\/04\/Fryzury-komunijne-2022.jpg","contentUrl":"https:\/\/pakuten.pl\/blog\/wp-content\/uploads\/2022\/04\/Fryzury-komunijne-2022.jpg","width":1280,"height":719},{"@type":"WebPage","@id":"https:\/\/pakuten.pl\/blog\/fryzury-komunijne-2022-poznaj-te-na-topie\/#webpage","url":"https:\/\/pakuten.pl\/blog\/fryzury-komunijne-2022-poznaj-te-na-topie\/","name":"Fryzury komunijne 2023. Poznaj te na topie. - Pakuten blog","isPartOf":{"@id":"https:\/\/pakuten.pl\/blog\/#website"},"primaryImageOfPage":{"@id":"https:\/\/pakuten.pl\/blog\/fryzury-komunijne-2022-poznaj-te-na-topie\/#primaryimage"},"datePublished":"2023-04-06T06:00:00+00:00","dateModified":"2023-04-06T05:34:55+00:00","description":"Pierwsza Komunia \u015awi\u0119ta to sakrament, kt\u00f3ry przyjmuje si\u0119 tylko raz w \u017cyciu, dlatego szczeg\u00f3lnie dla dziewczynek (jak i ich mam) tak niezwykle wa\u017cne jest odpowiednie uczesanie. Dlatego specjalnie dla Was przygotowa\u0142y\u015bmy fryzury komunijne 2023.","breadcrumb":{"@id":"https:\/\/pakuten.pl\/blog\/fryzury-komunijne-2022-poznaj-te-na-topie\/#breadcrumb"},"inLanguage":"pl-PL","potentialAction":[{"@type":"ReadAction","target":["https:\/\/pakuten.pl\/blog\/fryzury-komunijne-2022-poznaj-te-na-topie\/"]}]},{"@type":"BreadcrumbList","@id":"https:\/\/pakuten.pl\/blog\/fryzury-komunijne-2022-poznaj-te-na-topie\/#breadcrumb","itemListElement":[{"@type":"ListItem","position":1,"name":"Strona g\u0142\u00f3wna","item":"https:\/\/pakuten.pl\/blog\/"},{"@type":"ListItem","position":2,"name":"Fryzury komunijne 2023. Poznaj te na topie."}]},{"@type":"Article","@id":"https:\/\/pakuten.pl\/blog\/fryzury-komunijne-2022-poznaj-te-na-topie\/#article","isPartOf":{"@id":"https:\/\/pakuten.pl\/blog\/fryzury-komunijne-2022-poznaj-te-na-topie\/#webpage"},"author":{"@id":"https:\/\/pakuten.pl\/blog\/#\/schema\/person\/d7133af30211381a4e4536d088384556"},"headline":"Fryzury komunijne 2023. Poznaj te na topie.","datePublished":"2023-04-06T06:00:00+00:00","dateModified":"2023-04-06T05:34:55+00:00","mainEntityOfPage":{"@id":"https:\/\/pakuten.pl\/blog\/fryzury-komunijne-2022-poznaj-te-na-topie\/#webpage"},"wordCount":950,"commentCount":0,"publisher":{"@id":"https:\/\/pakuten.pl\/blog\/#organization"},"image":{"@id":"https:\/\/pakuten.pl\/blog\/fryzury-komunijne-2022-poznaj-te-na-topie\/#primaryimage"},"thumbnailUrl":"https:\/\/pakuten.pl\/blog\/wp-content\/uploads\/2022\/04\/Fryzury-komunijne-2022.jpg","articleSection":["Inspirations"],"inLanguage":"pl-PL","potentialAction":[{"@type":"CommentAction","name":"Comment","target":["https:\/\/pakuten.pl\/blog\/fryzury-komunijne-2022-poznaj-te-na-topie\/#respond"]}]},{"@type":"Person","@id":"https:\/\/pakuten.pl\/blog\/#\/schema\/person\/d7133af30211381a4e4536d088384556","name":"Pakuten Girl","image":{"@type":"ImageObject","@id":"https:\/\/pakuten.pl\/blog\/#personlogo","inLanguage":"pl-PL","url":"https:\/\/secure.gravatar.com\/avatar\/d3df41de2caf92e6cfded9430c2ff352?s=96&d=mm&r=g","contentUrl":"https:\/\/secure.gravatar.com\/avatar\/d3df41de2caf92e6cfded9430c2ff352?s=96&d=mm&r=g","caption":"Pakuten Girl"},"description":"Cze\u015b\u0107, nazywam si\u0119 Ola. Kocham Netflixa, sals\u0119, nowo\u015bci kosmetyczne i najnowsze trendy w modzie.","url":"https:\/\/pakuten.pl\/blog\/author\/pakuten-girl\/"}]}},"_links":{"self":[{"href":"https:\/\/pakuten.pl\/blog\/wp-json\/wp\/v2\/posts\/6011"}],"collection":[{"href":"https:\/\/pakuten.pl\/blog\/wp-json\/wp\/v2\/posts"}],"about":[{"href":"https:\/\/pakuten.pl\/blog\/wp-json\/wp\/v2\/types\/post"}],"author":[{"embeddable":true,"href":"https:\/\/pakuten.pl\/blog\/wp-json\/wp\/v2\/users\/3"}],"replies":[{"embeddable":true,"href":"https:\/\/pakuten.pl\/blog\/wp-json\/wp\/v2\/comments?post=6011"}],"version-history":[{"count":9,"href":"https:\/\/pakuten.pl\/blog\/wp-json\/wp\/v2\/posts\/6011\/revisions"}],"predecessor-version":[{"id":7596,"href":"https:\/\/pakuten.pl\/blog\/wp-json\/wp\/v2\/posts\/6011\/revisions\/7596"}],"wp:featuredmedia":[{"embeddable":true,"href":"https:\/\/pakuten.pl\/blog\/wp-json\/wp\/v2\/media\/6072"}],"wp:attachment":[{"href":"https:\/\/pakuten.pl\/blog\/wp-json\/wp\/v2\/media?parent=6011"}],"wp:term":[{"taxonomy":"category","embeddable":true,"href":"https:\/\/pakuten.pl\/blog\/wp-json\/wp\/v2\/categories?post=6011"},{"taxonomy":"post_tag","embeddable":true,"href":"https:\/\/pakuten.pl\/blog\/wp-json\/wp\/v2\/tags?post=6011"}],"curies":[{"name":"wp","href":"https:\/\/api.w.org\/{rel}","templated":true}]}}