{"id":6115,"date":"2023-05-22T13:26:00","date_gmt":"2023-05-22T11:26:00","guid":{"rendered":"https:\/\/pakuten.pl\/blog\/?p=6115"},"modified":"2023-05-22T10:15:00","modified_gmt":"2023-05-22T08:15:00","slug":"pielegnacja-twarzy-krok-po-kroku-porady-specjalistow","status":"publish","type":"post","link":"https:\/\/pakuten.pl\/blog\/pielegnacja-twarzy-krok-po-kroku-porady-specjalistow\/","title":{"rendered":"Codzienna piel\u0119gnacja twarzy, krok po kroku."},"content":{"rendered":"\n<p><strong>Czy wiesz jak powinna wygl\u0105da\u0107 twoja codzienna piel\u0119gnacja twarzy? Jeste\u015bmy tu w\u0142a\u015bnie po to aby Ci o tym opowiedzie\u0107 i doradzi\u0107 w sprawach piel\u0119gnacji twarzy na codzie\u0144. Kosmetyk\u00f3w do piel\u0119gnacji jest na ten moment bardzo du\u017co na rynku i mo\u017cna w nich wybiera\u0107, ale co w wyborze takich kosmetyk\u00f3w jest najwa\u017cniejsze ? Zapytajmy naszych ekspert\u00f3w.<\/strong>\u00a0<\/p>\n<h2><span style=\"color: #ff9900;\">Na co najbardziej zwraca\u0107 uwag\u0119 ?<\/span><\/h2>\n<p>W codziennej piel\u0119gnacji twarzy napewno najwa\u017cniejsze jest to aby wiedzie\u0107 jaki rodzaj sk\u00f3ry mamy. Aby dowiedzie\u0107 si\u0119 jaki rodzaj i typ sk\u00f3ry mamy najlepiej uda\u0107 si\u0119 do lekarza dermatologa. Na podstawie tego mo\u017cemy dobra\u0107 wtedy odpowiednie kosmetyki. Skuteczna piel\u0119gnacja sk\u00f3ry twarzy jest o wiele \u0142atwiejsza jak wiemy jak z ni\u0105 post\u0119powa\u0107.<span style=\"font-size: inherit;\">Prawid\u0142owa piel\u0119gnacja naszej twarzy pozwala nam utrzyma\u0107 zdrow\u0105 kondycj\u0119 i m\u0142odo\u015b\u0107. Troska o sk\u00f3r\u0119<\/span><span style=\"font-size: inherit;\"> twarzy obejmuje wiele poj\u0119\u0107. To nie tylko wieczorny demakija\u017c czy nak\u0142adanie kremu. Dobrze dobrane przez nas lub lekarza kosmetyki s\u0105 bardzo wa\u017cne i stanowi\u0105 podstaw\u0119 zdrowej piel\u0119gnacji ka\u017cdego dnia. Bardzo wa\u017cne jest, aby dobrze dopasowa\u0107 ich rodzaj do potrzeb , jakie s\u0105 zwi\u0105zane z jej rodzajem.<\/span><\/p>\n<blockquote class=\"instagram-media\" style=\"background: #FFF; border: 0; border-radius: 3px; box-shadow: 0 0 1px 0 rgba(0,0,0,0.5),0 1px 10px 0 rgba(0,0,0,0.15); margin: 1px; max-width: 540px; min-width: 326px; padding: 0; width: calc(100% - 2px);\" data-instgrm-permalink=\"https:\/\/www.instagram.com\/p\/CQypUZCtHjt\/?utm_source=ig_embed&amp;utm_campaign=loading\" data-instgrm-version=\"14\">\n<div style=\"padding: 16px;\">\n<div style=\"display: flex; flex-direction: row; align-items: center;\">\n<div style=\"background-color: #f4f4f4; border-radius: 50%; flex-grow: 0; height: 40px; margin-right: 14px; width: 40px;\">\u00a0<\/div>\n<div style=\"display: flex; flex-direction: column; flex-grow: 1; justify-content: center;\">\n<div style=\"background-color: #f4f4f4; border-radius: 4px; flex-grow: 0; height: 14px; margin-bottom: 6px; width: 100px;\">\u00a0<\/div>\n<div style=\"background-color: #f4f4f4; border-radius: 4px; flex-grow: 0; height: 14px; width: 60px;\">\u00a0<\/div>\n<\/div>\n<\/div>\n<div style=\"padding: 19% 0;\">\u00a0<\/div>\n<div style=\"display: block; height: 50px; margin: 0 auto 12px; width: 50px;\">\u00a0<\/div>\n<div style=\"padding-top: 8px;\">\n<div style=\"color: #3897f0; font-family: Arial,sans-serif; font-size: 14px; font-style: normal; font-weight: 550; line-height: 18px;\">Wy\u015bwietl ten post na Instagramie<\/div>\n<\/div>\n<div style=\"padding: 12.5% 0;\">\u00a0<\/div>\n<div style=\"display: flex; flex-direction: row; margin-bottom: 14px; align-items: center;\">\n<div>\n<div style=\"background-color: #f4f4f4; border-radius: 50%; height: 12.5px; width: 12.5px; transform: translateX(0px) translateY(7px);\">\u00a0<\/div>\n<div style=\"background-color: #f4f4f4; height: 12.5px; transform: rotate(-45deg) translateX(3px) translateY(1px); width: 12.5px; flex-grow: 0; margin-right: 14px; margin-left: 2px;\">\u00a0<\/div>\n<div style=\"background-color: #f4f4f4; border-radius: 50%; height: 12.5px; width: 12.5px; transform: translateX(9px) translateY(-18px);\">\u00a0<\/div>\n<\/div>\n<div style=\"margin-left: 8px;\">\n<div style=\"background-color: #f4f4f4; border-radius: 50%; flex-grow: 0; height: 20px; width: 20px;\">\u00a0<\/div>\n<div style=\"width: 0; height: 0; border-top: 2px solid transparent; border-left: 6px solid #f4f4f4; border-bottom: 2px solid transparent; transform: translateX(16px) translateY(-4px) rotate(30deg);\">\u00a0<\/div>\n<\/div>\n<div style=\"margin-left: auto;\">\n<div style=\"width: 0px; border-top: 8px solid #F4F4F4; border-right: 8px solid transparent; transform: translateY(16px);\">\u00a0<\/div>\n<div style=\"background-color: #f4f4f4; flex-grow: 0; height: 12px; width: 16px; transform: translateY(-4px);\">\u00a0<\/div>\n<div style=\"width: 0; height: 0; border-top: 8px solid #F4F4F4; border-left: 8px solid transparent; transform: translateY(-4px) translateX(8px);\">\u00a0<\/div>\n<\/div>\n<\/div>\n<div style=\"display: flex; flex-direction: column; flex-grow: 1; justify-content: center; margin-bottom: 24px;\">\n<div style=\"background-color: #f4f4f4; border-radius: 4px; flex-grow: 0; height: 14px; margin-bottom: 6px; width: 224px;\">\u00a0<\/div>\n<div style=\"background-color: #f4f4f4; border-radius: 4px; flex-grow: 0; height: 14px; width: 144px;\">\u00a0<\/div>\n<\/div>\n<p style=\"color: #c9c8cd; font-family: Arial,sans-serif; font-size: 14px; line-height: 17px; margin-bottom: 0; margin-top: 8px; overflow: hidden; padding: 8px 0 7px; text-align: center; text-overflow: ellipsis; white-space: nowrap;\"><a style=\"color: #c9c8cd; font-family: Arial,sans-serif; font-size: 14px; font-style: normal; font-weight: normal; line-height: 17px; text-decoration: none;\" href=\"https:\/\/www.instagram.com\/p\/CQypUZCtHjt\/?utm_source=ig_embed&amp;utm_campaign=loading\" target=\"_blank\" rel=\"noopener\">Post udost\u0119pniony przez Pielegnacja od A-Z (@pielegnacja_twarzyczki)<\/a><\/p>\n<\/div>\n<\/blockquote>\n<p><script async src=\"\/\/www.instagram.com\/embed.js\"><\/script><\/p>\n<p>\u00a0<\/p>\n<h2><span style=\"color: #ff9900;\">Od czego zacz\u0105\u0107 nasz\u0105 codzienn\u0105 piel\u0119gnacj\u0119 ?<\/span><\/h2>\n<p>Nasi specjali\u015bci opowiedz\u0105 jak krok po kroku zacz\u0105\u0107 nasz\u0105 piel\u0119gnacj\u0119. Swoja porann\u0105 jak i wieczorn\u0105 piel\u0119gnacj\u0119 zacznij od demakija\u017cu twarzy, bo jest to niezast\u0105piona i obowi\u0105zkowa czynno\u015b\u0107. T\u0105 czynno\u015b\u0107 powinna\u015b wykona\u0107 starannie i dok\u0142adanie tak jak wykonujesz sw\u00f3j codzienny makija\u017c, poniewa\u017c jest to bardzo wa\u017cne. Zaraz po demakija\u017cu twarzy powinna\u015b przej\u015b\u0107 do kolejnej czynno\u015bci jakim jest oczyszczanie sk\u00f3ry, w tym celu zaleca si\u0119 dog\u0142\u0119bniejsze oczyszczenie za pomoc\u0105 mocniejszej oczyszczaj\u0105cej emulsji.\u00a0 Wa\u017cn\u0105 zasad\u0105 <strong>piel\u0119gnacji sk\u00f3ry twarzy<\/strong>, o kt\u00f3rej zawsze trzeba pami\u0119ta\u0107, jest regularnie wykonywany peeling. Z\u0142uszczanie sk\u00f3ry, powinno by\u0107 systematyczne i wykonywane oko\u0142o 2 razy w tygodniu. To optymalna cz\u0119stotliwo\u015b\u0107, kt\u00f3ra usuwa z powierzchni sk\u00f3ry martwe kom\u00f3rki nask\u00f3rka, wyg\u0142adza powierzchni\u0119 twarzy oraz zmniejsza podatno\u015b\u0107 na pojawienie si\u0119 zask\u00f3rnik\u00f3w. Rodzaj peelingu jaki zastosujesz zale\u017cy od rodzaju twojej sk\u00f3ry. W parze z peelingiem idzie wykonywanie r\u00f3\u017cnego rodzaju maseczek do twarzy, jest ich wiele do wyboru w drogeriach lecz tez najlepiej kierowa\u0107 si\u0119 potrzebami twojej sk\u00f3ry . Jednym z najwa\u017cniejszych punkt\u00f3w naszej piel\u0119gnacji ju\u017c w fazie ko\u0144cowej jest dok\u0142adne nawil\u017cenie sk\u00f3ry, specjalnym kremem nawil\u017caj\u0105cym do twarzy. Pami\u0119taj \u017ce kompleksowa <strong>piel\u0119gnacja twarzy <\/strong>b\u0119dzie tylko wtedy kiedy dobierzesz najlepsze produkty i kosmetyki dla swojej cery.<\/p>\n<div class=\"product-box-container\">\r\n<div class=\"one_third \" style=\"\">\r\n<div class=\"product-box\">\r\n<a href=\"https:\/\/pakuten.pl\/32030-71791-sukienka-midi-z-wycieciem-na-brzuchu-vaira-brudny-roz-brudny-roz.html\" target=\"_blank\">\r\n <img src=\"https:\/\/media.pakuten.pl\/194919-large_default\/sukienka-midi-z-wycieciem-na-brzuchu-vaira-brudny-roz.jpg\" alt=\"Sukienka midi z wyci\u0119ciem na brzuchu Vaira - brudny r\u00f3\u017c\"\/>\r\n<\/a>\r\n<p>\r\n<a href=\"https:\/\/pakuten.pl\/32030-71791-sukienka-midi-z-wycieciem-na-brzuchu-vaira-brudny-roz-brudny-roz.html\" target=\"_blank\">\r\nSukienka midi z wyci\u0119ciem na brzuchu Vaira - brudny r\u00f3\u017c\r\n<\/a><\/p>\r\n  <p>Cena: 99,39\u00a0z\u0142<\/p>\r\n<a href=\"https:\/\/pakuten.pl\/32030-71791-sukienka-midi-z-wycieciem-na-brzuchu-vaira-brudny-roz-brudny-roz.html\" target=\"_blank\" class=\"button\">\r\nZobacz w sklepie\r\n<\/a>\r\n<\/div>\r\n<\/div>\r\n<div class=\"one_third \" style=\"\">\r\n<div class=\"product-box\">\r\n<a href=\"https:\/\/pakuten.pl\/31902-71600-blekitny-komplet-jak-sukienka-z-przewiazaniem-wettella-blekitny.html\" target=\"_blank\">\r\n  <img src=\"https:\/\/media.pakuten.pl\/193732-large_default\/blekitny-komplet-jak-sukienka-z-przewiazaniem-wettella.jpg\" alt=\"B\u0142\u0119kitny komplet jak sukienka z przewi\u0105zaniem Wettella\"\/>\r\n<\/a>\r\n<p>\r\n<a href=\"https:\/\/pakuten.pl\/31902-71600-blekitny-komplet-jak-sukienka-z-przewiazaniem-wettella-blekitny.html\" target=\"_blank\">\r\nB\u0142\u0119kitny komplet jak sukienka z przewi\u0105zaniem Wettella\r\n<\/a><\/p>\r\n  <p>Cena: 139,99\u00a0z\u0142<\/p>\r\n<a href=\"https:\/\/pakuten.pl\/31902-71600-blekitny-komplet-jak-sukienka-z-przewiazaniem-wettella-blekitny.html\" target=\"_blank\" class=\"button\">\r\nZobacz w sklepie\r\n<\/a>\r\n<\/div>\r\n<\/div>\r\n<div class=\"one_third last \" style=\"\">\r\n<div class=\"product-box\">\r\n<a href=\"https:\/\/pakuten.pl\/32420-72434-chabrowa-sukienka-midi-na-jedno-ramie-z-wycieciem-dita-chabrowy.html\" target=\"_blank\">\r\n  <img src=\"https:\/\/media.pakuten.pl\/196281-large_default\/chabrowa-sukienka-midi-na-jedno-ramie-z-wycieciem-dita.jpg\" alt=\"Chabrowa sukienka midi na jedno rami\u0119 z wyci\u0119ciem Dita\"\/>\r\n<\/a>\r\n<p>\r\n<a href=\"https:\/\/pakuten.pl\/32420-72434-chabrowa-sukienka-midi-na-jedno-ramie-z-wycieciem-dita-chabrowy.html\" target=\"_blank\">\r\nChabrowa sukienka midi na jedno rami\u0119 z wyci\u0119ciem Dita\r\n<\/a><\/p>\r\n  <p>Cena: 89,99\u00a0z\u0142<\/p>\r\n<a href=\"https:\/\/pakuten.pl\/32420-72434-chabrowa-sukienka-midi-na-jedno-ramie-z-wycieciem-dita-chabrowy.html\" target=\"_blank\" class=\"button\">\r\nZobacz w sklepie\r\n<\/a>\r\n<\/div>\r\n<\/div><br class=\"clear\"\/>\r\n<\/div>\n<h2><span style=\"color: #ff9900;\">Czy ubrania mo\u017cna dopasowa\u0107 do swojej twarzy i jej rodzaju ?<\/span><\/h2>\n<p>Czy wiesz \u017ce mo\u017cesz dopasowa\u0107 \u00a0kolory swoich <span style=\"color: #ff9900;\"><a style=\"color: #ff9900;\" href=\"https:\/\/pakuten.pl\/86-ubrania\" target=\"_blank\" rel=\"noopener\">ubra\u0144<\/a><\/span> do odcienia Twojej sk\u00f3ry? Sprawd\u017a, jak\u0105 masz karnacj\u0119 i zobacz, jakie barwy najlepiej do niej pasuj\u0105. Teraz tworzenie idealnej kolorystycznie stylizacji nie b\u0119dzie ju\u017c trudne! Je\u017celi \u0142atwo si\u0119 opalasz to zapewne masz ciep\u0142y odcie\u0144 sk\u00f3ry. W takim przypadku powinna\u015b szuka\u0107 ubra\u0144 w kolorach natury, takich jak czerwie\u0144, \u017c\u00f3\u0142ty, brzoskwinia czy koral. Te kolory napewno \u015bwietnie b\u0119d\u0105 komponowa\u0107 si\u0119 z odcieniem twojej pi\u0119knej karnacji. Je\u017celi chodzi o stonowane kolory to stawiaj na barwy kremowe, cappuccino oraz br\u0105zowe.<\/p>\n<div class=\"product-box-container\">\r\n<div class=\"one_third \" style=\"\">\r\n<div class=\"product-box\">\r\n<a href=\"https:\/\/pakuten.pl\/32422-72430-pistacjowa-koszulka-na-krotki-rekaw-z-ozdobnym-nadrukiem-belisimoo-pistacjowy.html\" target=\"_blank\">\r\n <img src=\"https:\/\/media.pakuten.pl\/196290-large_default\/pistacjowa-koszulka-na-krotki-rekaw-z-ozdobnym-nadrukiem-belisimoo.jpg\" alt=\"Pistacjowa koszulka na kr\u00f3tki r\u0119kaw z ozdobnym nadrukiem Belisimoo\"\/>\r\n<\/a>\r\n<p>\r\n<a href=\"https:\/\/pakuten.pl\/32422-72430-pistacjowa-koszulka-na-krotki-rekaw-z-ozdobnym-nadrukiem-belisimoo-pistacjowy.html\" target=\"_blank\">\r\nPistacjowa koszulka na kr\u00f3tki r\u0119kaw z ozdobnym nadrukiem Belisimoo\r\n<\/a><\/p>\r\n  <p>Cena: 19,99\u00a0z\u0142<\/p>\r\n<a href=\"https:\/\/pakuten.pl\/32422-72430-pistacjowa-koszulka-na-krotki-rekaw-z-ozdobnym-nadrukiem-belisimoo-pistacjowy.html\" target=\"_blank\" class=\"button\">\r\nZobacz w sklepie\r\n<\/a>\r\n<\/div>\r\n<\/div>\r\n<div class=\"one_third \" style=\"\">\r\n<div class=\"product-box\">\r\n<a href=\"https:\/\/pakuten.pl\/32413-72418-bezowa-prazkowana-bluzka-z-napami-i-kieszeniami-emerly-bezowy.html\" target=\"_blank\">\r\n  <img src=\"https:\/\/media.pakuten.pl\/196243-large_default\/bezowa-prazkowana-bluzka-z-napami-i-kieszeniami-emerly.jpg\" alt=\"Be\u017cowa pr\u0105\u017ckowana bluzka z napami i kieszeniami Emerly\"\/>\r\n<\/a>\r\n<p>\r\n<a href=\"https:\/\/pakuten.pl\/32413-72418-bezowa-prazkowana-bluzka-z-napami-i-kieszeniami-emerly-bezowy.html\" target=\"_blank\">\r\nBe\u017cowa pr\u0105\u017ckowana bluzka z napami i kieszeniami Emerly\r\n<\/a><\/p>\r\n  <p>Cena: 144,64\u00a0z\u0142<\/p>\r\n<a href=\"https:\/\/pakuten.pl\/32413-72418-bezowa-prazkowana-bluzka-z-napami-i-kieszeniami-emerly-bezowy.html\" target=\"_blank\" class=\"button\">\r\nZobacz w sklepie\r\n<\/a>\r\n<\/div>\r\n<\/div>\r\n<div class=\"one_third last \" style=\"\">\r\n<div class=\"product-box\">\r\n<a href=\"https:\/\/pakuten.pl\/32417-72427-bialy-top-na-ramiaczkach-werllo-bialy.html\" target=\"_blank\">\r\n  <img src=\"https:\/\/media.pakuten.pl\/196264-large_default\/bialy-top-na-ramiaczkach-werllo.jpg\" alt=\"Bia\u0142y top na rami\u0105czkach Werllo\"\/>\r\n<\/a>\r\n<p>\r\n<a href=\"https:\/\/pakuten.pl\/32417-72427-bialy-top-na-ramiaczkach-werllo-bialy.html\" target=\"_blank\">\r\nBia\u0142y top na rami\u0105czkach Werllo\r\n<\/a><\/p>\r\n  <p>Cena: 34,99\u00a0z\u0142<\/p>\r\n<a href=\"https:\/\/pakuten.pl\/32417-72427-bialy-top-na-ramiaczkach-werllo-bialy.html\" target=\"_blank\" class=\"button\">\r\nZobacz w sklepie\r\n<\/a>\r\n<\/div>\r\n<\/div><br class=\"clear\"\/>\r\n<\/div>\n<p>Je\u017celi jednak jeste\u015b posiadaczk\u0105 ch\u0142odnej karnacji, ci\u0119\u017cko jest Ci si\u0119 opali\u0107 i masz \u017cy\u0142y w kolorze niebieskim lub fioletowym to oznaka \u017ce twoja tonacja sk\u00f3ry jest ch\u0142odna. Twoimi kolorami b\u0119d\u0105 napewno odcienie szarego, fioletu, niebieskiego ko\u0144czywszy na lawendowym czy troszk\u0119 cieplejszych barwach jak \u017c\u00f3\u0142ty jasny czy pudrowy r\u00f3\u017c, te kolory to b\u0119dzie twoja baza na udane stylizacje.\u00a0 Je\u017celi lubisz dobrze wygl\u0105da\u0107 i zale\u017cy Ci na dobrej i modnej stylizacji to nie no\u015b nigdy bardzo nasyconych i jaskrawych kolor\u00f3w.<\/p>\n<div class=\"product-box-container\">\r\n<div class=\"one_third \" style=\"\">\r\n<div class=\"product-box\">\r\n<a href=\"https:\/\/pakuten.pl\/32408-72409-bluzka-top-prazkowany-z-marszczeniem-z-boku-owsie-fuksja-fuksja.html\" target=\"_blank\">\r\n <img src=\"https:\/\/media.pakuten.pl\/196218-large_default\/bluzka-top-prazkowany-z-marszczeniem-z-boku-owsie-fuksja.jpg\" alt=\"Bluzka top pr\u0105\u017ckowany z marszczeniem z boku Owsie - fuksja\"\/>\r\n<\/a>\r\n<p>\r\n<a href=\"https:\/\/pakuten.pl\/32408-72409-bluzka-top-prazkowany-z-marszczeniem-z-boku-owsie-fuksja-fuksja.html\" target=\"_blank\">\r\nBluzka top pr\u0105\u017ckowany z marszczeniem z boku Owsie - fuksja\r\n<\/a><\/p>\r\n  <p>Cena: 14,99\u00a0z\u0142<\/p>\r\n<a href=\"https:\/\/pakuten.pl\/32408-72409-bluzka-top-prazkowany-z-marszczeniem-z-boku-owsie-fuksja-fuksja.html\" target=\"_blank\" class=\"button\">\r\nZobacz w sklepie\r\n<\/a>\r\n<\/div>\r\n<\/div>\r\n<div class=\"one_third \" style=\"\">\r\n<div class=\"product-box\">\r\n<a href=\"https:\/\/pakuten.pl\/32406-72404-biala-prazkowana-bluzka-na-ramiaczkach-z-guzikami-sallien-bialy.html\" target=\"_blank\">\r\n  <img src=\"https:\/\/media.pakuten.pl\/196211-large_default\/biala-prazkowana-bluzka-na-ramiaczkach-z-guzikami-sallien.jpg\" alt=\"Bia\u0142a pr\u0105\u017ckowana bluzka na rami\u0105czkach z guzikami Sallien\"\/>\r\n<\/a>\r\n<p>\r\n<a href=\"https:\/\/pakuten.pl\/32406-72404-biala-prazkowana-bluzka-na-ramiaczkach-z-guzikami-sallien-bialy.html\" target=\"_blank\">\r\nBia\u0142a pr\u0105\u017ckowana bluzka na rami\u0105czkach z guzikami Sallien\r\n<\/a><\/p>\r\n  <p>Cena: 46,63\u00a0z\u0142<\/p>\r\n<a href=\"https:\/\/pakuten.pl\/32406-72404-biala-prazkowana-bluzka-na-ramiaczkach-z-guzikami-sallien-bialy.html\" target=\"_blank\" class=\"button\">\r\nZobacz w sklepie\r\n<\/a>\r\n<\/div>\r\n<\/div>\r\n<div class=\"one_third last \" style=\"\">\r\n<div class=\"product-box\">\r\n<a href=\"https:\/\/pakuten.pl\/32400-72384-azurowa-sukienka-z-koronka-hannien-ecru-ecru.html\" target=\"_blank\">\r\n  <img src=\"https:\/\/media.pakuten.pl\/196179-large_default\/azurowa-sukienka-z-koronka-hannien-ecru.jpg\" alt=\"A\u017curowa sukienka z koronk\u0105 Hannien - ecru\"\/>\r\n<\/a>\r\n<p>\r\n<a href=\"https:\/\/pakuten.pl\/32400-72384-azurowa-sukienka-z-koronka-hannien-ecru-ecru.html\" target=\"_blank\">\r\nA\u017curowa sukienka z koronk\u0105 Hannien - ecru\r\n<\/a><\/p>\r\n  <p>Cena: 89,99\u00a0z\u0142<\/p>\r\n<a href=\"https:\/\/pakuten.pl\/32400-72384-azurowa-sukienka-z-koronka-hannien-ecru-ecru.html\" target=\"_blank\" class=\"button\">\r\nZobacz w sklepie\r\n<\/a>\r\n<\/div>\r\n<\/div><br class=\"clear\"\/>\r\n<\/div>\n<h2><span style=\"color: #ff9900;\">Czy makija\u017c te\u017c zaliczany jest do piel\u0119gnacji sk\u00f3ry twarzy?<\/span><\/h2>\n<p>Czy wiesz \u017ce dobrze wykonany makija\u017c mo\u017ce czyni\u0107 cuda dla twojej cery ? Nasz\u0105 sk\u00f3r\u0119 mo\u017cemy wspiera\u0107 nie tylko z poziomu piel\u0119gnacji kosmetykami przy demakija\u017cu czy peelingu ale te\u017c w czasie gdy nak\u0142adamy makija\u017c. Najwa\u017cniejsze jest to jakie produkty u\u017cyjemy do swojego makija\u017cu, warto jest zwr\u00f3ci\u0107 uwag\u0119 na to jakie sk\u0142adniki s\u0105 w naszych produktach jakich u\u017cywamy do zrobienia naszego makija\u017cu. Warto jest te\u017c zobaczy\u0107 jakie s\u0105 <span style=\"color: #ffcc00;\"><span style=\"color: #ff9900;\"><a style=\"color: #ff9900;\" href=\"https:\/\/pakuten.pl\/blog\/trendy-w-makijazu-2021-jaki-make-up-bedzie-modny\/\" target=\"_blank\" rel=\"noopener\">trendy w makija\u017cu.\u00a0<\/a><\/span> <\/span>Czy produkty w makija\u017cu mog\u0105 piel\u0119gnowa\u0107? Oczywi\u015bcie \u017ce tak, w naszych kosmetykach jakimi s\u0105 podk\u0142ad, puder, bronzer czy roz\u015bwietlacz s\u0105 r\u00f3wnie\u017c warto\u015bci i witaminy, kt\u00f3re dzia\u0142aj\u0105 od\u017cywczo na twoja sk\u00f3r\u0119. S\u0105 kosmetyki, kt\u00f3re zakrywaj\u0105 twoje niedoskona\u0142o\u015bci, podkre\u015blaj\u0105 lub dodaj\u0105 koloru, ale dodatkowo twoj\u0105 sk\u00f3r\u0119 piel\u0119gnuj\u0105 i zabezpieczaj\u0105 przed czynnikami zewn\u0119trznymi. Tw\u00f3j makija\u017c powinien by\u0107 zawsze jak druga sk\u00f3ra, delikatny ale te\u017c \u0142adnie wygl\u0105daj\u0105cy. Pami\u0119taj tylko \u017ce ka\u017cdy codzienny makija\u017c trzeba za ka\u017cdym razem dobrze zmy\u0107 i zabezpieczy\u0107 sk\u00f3r\u0119.<\/p>\n<blockquote class=\"instagram-media\" style=\"background: #FFF; border: 0; border-radius: 3px; box-shadow: 0 0 1px 0 rgba(0,0,0,0.5),0 1px 10px 0 rgba(0,0,0,0.15); margin: 1px; max-width: 540px; min-width: 326px; padding: 0; width: calc(100% - 2px);\" data-instgrm-permalink=\"https:\/\/www.instagram.com\/reel\/Chwn7legLBW\/?utm_source=ig_embed&amp;utm_campaign=loading\" data-instgrm-version=\"14\">\n<div style=\"padding: 16px;\">\n<div style=\"display: flex; flex-direction: row; align-items: center;\">\n<div style=\"background-color: #f4f4f4; border-radius: 50%; flex-grow: 0; height: 40px; margin-right: 14px; width: 40px;\">\u00a0<\/div>\n<div style=\"display: flex; flex-direction: column; flex-grow: 1; justify-content: center;\">\n<div style=\"background-color: #f4f4f4; border-radius: 4px; flex-grow: 0; height: 14px; margin-bottom: 6px; width: 100px;\">\u00a0<\/div>\n<div style=\"background-color: #f4f4f4; border-radius: 4px; flex-grow: 0; height: 14px; width: 60px;\">\u00a0<\/div>\n<\/div>\n<\/div>\n<div style=\"padding: 19% 0;\">\u00a0<\/div>\n<div style=\"display: block; height: 50px; margin: 0 auto 12px; width: 50px;\">\u00a0<\/div>\n<div style=\"padding-top: 8px;\">\n<div style=\"color: #3897f0; font-family: Arial,sans-serif; font-size: 14px; font-style: normal; font-weight: 550; line-height: 18px;\">Wy\u015bwietl ten post na Instagramie<\/div>\n<\/div>\n<div style=\"padding: 12.5% 0;\">\u00a0<\/div>\n<div style=\"display: flex; flex-direction: row; margin-bottom: 14px; align-items: center;\">\n<div>\n<div style=\"background-color: #f4f4f4; border-radius: 50%; height: 12.5px; width: 12.5px; transform: translateX(0px) translateY(7px);\">\u00a0<\/div>\n<div style=\"background-color: #f4f4f4; height: 12.5px; transform: rotate(-45deg) translateX(3px) translateY(1px); width: 12.5px; flex-grow: 0; margin-right: 14px; margin-left: 2px;\">\u00a0<\/div>\n<div style=\"background-color: #f4f4f4; border-radius: 50%; height: 12.5px; width: 12.5px; transform: translateX(9px) translateY(-18px);\">\u00a0<\/div>\n<\/div>\n<div style=\"margin-left: 8px;\">\n<div style=\"background-color: #f4f4f4; border-radius: 50%; flex-grow: 0; height: 20px; width: 20px;\">\u00a0<\/div>\n<div style=\"width: 0; height: 0; border-top: 2px solid transparent; border-left: 6px solid #f4f4f4; border-bottom: 2px solid transparent; transform: translateX(16px) translateY(-4px) rotate(30deg);\">\u00a0<\/div>\n<\/div>\n<div style=\"margin-left: auto;\">\n<div style=\"width: 0px; border-top: 8px solid #F4F4F4; border-right: 8px solid transparent; transform: translateY(16px);\">\u00a0<\/div>\n<div style=\"background-color: #f4f4f4; flex-grow: 0; height: 12px; width: 16px; transform: translateY(-4px);\">\u00a0<\/div>\n<div style=\"width: 0; height: 0; border-top: 8px solid #F4F4F4; border-left: 8px solid transparent; transform: translateY(-4px) translateX(8px);\">\u00a0<\/div>\n<\/div>\n<\/div>\n<div style=\"display: flex; flex-direction: column; flex-grow: 1; justify-content: center; margin-bottom: 24px;\">\n<div style=\"background-color: #f4f4f4; border-radius: 4px; flex-grow: 0; height: 14px; margin-bottom: 6px; width: 224px;\">\u00a0<\/div>\n<div style=\"background-color: #f4f4f4; border-radius: 4px; flex-grow: 0; height: 14px; width: 144px;\">\u00a0<\/div>\n<\/div>\n<p style=\"color: #c9c8cd; font-family: Arial,sans-serif; font-size: 14px; line-height: 17px; margin-bottom: 0; margin-top: 8px; overflow: hidden; padding: 8px 0 7px; text-align: center; text-overflow: ellipsis; white-space: nowrap;\"><a style=\"color: #c9c8cd; font-family: Arial,sans-serif; font-size: 14px; font-style: normal; font-weight: normal; line-height: 17px; text-decoration: none;\" href=\"https:\/\/www.instagram.com\/reel\/Chwn7legLBW\/?utm_source=ig_embed&amp;utm_campaign=loading\" target=\"_blank\" rel=\"noopener\">Post udost\u0119pniony przez Pielegnacja od A-Z (@pielegnacja_twarzyczki)<\/a><\/p>\n<\/div>\n<\/blockquote>\n<p><script async src=\"\/\/www.instagram.com\/embed.js\"><\/script><\/p>\n<p>\u00a0<\/p>\n<h2><span style=\"color: #ff9900;\">Jak zadba\u0107 o sk\u00f3r\u0119 by spowolni\u0107 procesy starzenia si\u0119 ?<\/span><\/h2>\n<p>Je\u017celi chcesz dba\u0107 o swoja sk\u00f3r\u0119 tak \u017ceby procesy starzenia si\u0119 op\u00f3\u017ani\u0142y to koniecznie powinna\u015b pami\u0119ta\u0107 o zastosowaniu odpowiednich kosmetyk\u00f3w do piel\u0119gnacji swojej sk\u00f3ry. Nasz proces starzenia si\u0119 jest bardzo indywidualny ale staje si\u0119 aktywny ju\u017c w okolicy 25 roku \u017cycia, dlatego gdy osi\u0105gniemy ju\u017c ten wiek, powinni\u015bmy w\u0142\u0105czy\u0107 do piel\u0119gnacji kosmetyki o delikatnym dzia\u0142aniu przeciwzmarszczkowym. Wraz z biegiem up\u0142ywaj\u0105cych lat nale\u017cy natomiast dobiera\u0107 coraz silniejsze sk\u0142adniki o w\u0142a\u015bciwo\u015bciach uj\u0119drniaj\u0105cych sk\u00f3r\u0119. Koniecznie o tym pami\u0119taj a twoja sk\u00f3ra napewno Ci si\u0119 odwdzi\u0119czy w p\u00f3\u017aniejszych latach.<\/p>\n<div class=\"product-box-container\">\r\n<div class=\"one_third \" style=\"\">\r\n<div class=\"product-box\">\r\n<a href=\"https:\/\/pakuten.pl\/32394-72366-bezowy-prazkowany-crop-top-z-wycieciem-pod-biustem-adaira-bezowy.html\" target=\"_blank\">\r\n <img src=\"https:\/\/media.pakuten.pl\/196121-large_default\/bezowy-prazkowany-crop-top-z-wycieciem-pod-biustem-adaira.jpg\" alt=\"Be\u017cowy pr\u0105\u017ckowany crop top z wyci\u0119ciem pod biustem Adaira\"\/>\r\n<\/a>\r\n<p>\r\n<a href=\"https:\/\/pakuten.pl\/32394-72366-bezowy-prazkowany-crop-top-z-wycieciem-pod-biustem-adaira-bezowy.html\" target=\"_blank\">\r\nBe\u017cowy pr\u0105\u017ckowany crop top z wyci\u0119ciem pod biustem Adaira\r\n<\/a><\/p>\r\n  <p>Cena: 19,99\u00a0z\u0142<\/p>\r\n<a href=\"https:\/\/pakuten.pl\/32394-72366-bezowy-prazkowany-crop-top-z-wycieciem-pod-biustem-adaira-bezowy.html\" target=\"_blank\" class=\"button\">\r\nZobacz w sklepie\r\n<\/a>\r\n<\/div>\r\n<\/div>\r\n<div class=\"one_third \" style=\"\">\r\n<div class=\"product-box\">\r\n<a href=\"https:\/\/pakuten.pl\/32388-72380-biala-prazkowana-bluzka-crop-top-z-wycieciem-elcie-bialy.html\" target=\"_blank\">\r\n  <img src=\"https:\/\/media.pakuten.pl\/196095-large_default\/biala-prazkowana-bluzka-crop-top-z-wycieciem-elcie.jpg\" alt=\"Bia\u0142a pr\u0105\u017ckowana bluzka crop top z wyci\u0119ciem Elcie\"\/>\r\n<\/a>\r\n<p>\r\n<a href=\"https:\/\/pakuten.pl\/32388-72380-biala-prazkowana-bluzka-crop-top-z-wycieciem-elcie-bialy.html\" target=\"_blank\">\r\nBia\u0142a pr\u0105\u017ckowana bluzka crop top z wyci\u0119ciem Elcie\r\n<\/a><\/p>\r\n  <p>Cena: 19,99\u00a0z\u0142<\/p>\r\n<a href=\"https:\/\/pakuten.pl\/32388-72380-biala-prazkowana-bluzka-crop-top-z-wycieciem-elcie-bialy.html\" target=\"_blank\" class=\"button\">\r\nZobacz w sklepie\r\n<\/a>\r\n<\/div>\r\n<\/div>\r\n<div class=\"one_third last \" style=\"\">\r\n<div class=\"product-box\">\r\n<a href=\"https:\/\/pakuten.pl\/32381-80466-biala-dopasowana-sukienka-z-marszczeniami-po-bokach-i-ozdobnymi-perelkami-na-plecach-britlee-bialy.html\" target=\"_blank\">\r\n  <img src=\"https:\/\/media.pakuten.pl\/196058-large_default\/biala-dopasowana-sukienka-z-marszczeniami-po-bokach-i-ozdobnymi-perelkami-na-plecach-britlee.jpg\" alt=\"Bia\u0142a dopasowana sukienka z marszczeniami po bokach i ozdobnymi pere\u0142kami na plecach Britlee\"\/>\r\n<\/a>\r\n<p>\r\n<a href=\"https:\/\/pakuten.pl\/32381-80466-biala-dopasowana-sukienka-z-marszczeniami-po-bokach-i-ozdobnymi-perelkami-na-plecach-britlee-bialy.html\" target=\"_blank\">\r\nBia\u0142a dopasowana sukienka z marszczeniami po bokach i ozdobnymi pere\u0142kami na plecach Britlee\r\n<\/a><\/p>\r\n  <p>Cena: 39,99\u00a0z\u0142<\/p>\r\n<a href=\"https:\/\/pakuten.pl\/32381-80466-biala-dopasowana-sukienka-z-marszczeniami-po-bokach-i-ozdobnymi-perelkami-na-plecach-britlee-bialy.html\" target=\"_blank\" class=\"button\">\r\nZobacz w sklepie\r\n<\/a>\r\n<\/div>\r\n<\/div><br class=\"clear\"\/>\r\n<\/div>\n<h2><span style=\"color: #ff9900;\">Czy warto wykonywa\u0107 masa\u017c twarzy?<\/span><\/h2>\n<p>Masa\u017c twarzy wraca do jednych z najpopularniejszych technik modelowania twarzy, kt\u00f3ry jest te\u017c zaliczany w\u0142a\u015bnie do <strong>codziennej piel\u0119gnacji naszej twarzy.\u00a0<\/strong>Dlaczego warto jest wprowadzi\u0107 w swojej codziennej piel\u0119gnacji r\u00f3wnie\u017c masa\u017c twarzy ? Jakie plusy oraz w\u0142a\u015bciwo\u015bci on daje? Masa\u017c jest od wielu lat znany, dzi\u0119ki swoim licznym dobroczynnym w\u0142a\u015bciwo\u015bciom. Poza tym, \u017ce relaksuje i pozwala si\u0119 odpr\u0119\u017cy\u0107, dodatkowo wykazuje dzia\u0142anie spowalniaj\u0105ce proces starzenia si\u0119 sk\u00f3ry. Masa\u017c twarzy powoli wraca do \u0142ask. To dobrze, poniewa\u017c jest on przyjemnym i zdecydowanie wskazanym uzupe\u0142nieniem piel\u0119gnacji. Czym wykonywa\u0107 taki masa\u017c twarzy ? Obecnie jest wiele sposob\u00f3w na masa\u017c twarzy, mo\u017cna wykorzysta\u0107 do tego swoje d\u0142onie, specjalne kamienie gua sha, rollery czy r\u00f3\u017cnego rodzaju masa\u017cery. Techniki masa\u017cy oraz elementy, kt\u00f3re b\u0119d\u0105 Ci do niego potrzebne jest teraz naprawd\u0119 wiele. Wprowad\u017a taki masa\u017c do swojej codziennej piel\u0119gnacji a twoja sk\u00f3ra napewno Ci za to podzi\u0119kuje.<\/p>\n<p>\u00a0<\/p>\n<blockquote class=\"instagram-media\" style=\"background: #FFF; border: 0; border-radius: 3px; box-shadow: 0 0 1px 0 rgba(0,0,0,0.5),0 1px 10px 0 rgba(0,0,0,0.15); margin: 1px; max-width: 540px; min-width: 326px; padding: 0; width: calc(100% - 2px);\" data-instgrm-permalink=\"https:\/\/www.instagram.com\/p\/CmEdbb6IAvz\/?utm_source=ig_embed&amp;utm_campaign=loading\" data-instgrm-version=\"14\">\n<div style=\"padding: 16px;\">\n<div style=\"display: flex; flex-direction: row; align-items: center;\">\n<div style=\"background-color: #f4f4f4; border-radius: 50%; flex-grow: 0; height: 40px; margin-right: 14px; width: 40px;\">\u00a0<\/div>\n<div style=\"display: flex; flex-direction: column; flex-grow: 1; justify-content: center;\">\n<div style=\"background-color: #f4f4f4; border-radius: 4px; flex-grow: 0; height: 14px; margin-bottom: 6px; width: 100px;\">\u00a0<\/div>\n<div style=\"background-color: #f4f4f4; border-radius: 4px; flex-grow: 0; height: 14px; width: 60px;\">\u00a0<\/div>\n<\/div>\n<\/div>\n<div style=\"padding: 19% 0;\">\u00a0<\/div>\n<div style=\"display: block; height: 50px; margin: 0 auto 12px; width: 50px;\">\u00a0<\/div>\n<div style=\"padding-top: 8px;\">\n<div style=\"color: #3897f0; font-family: Arial,sans-serif; font-size: 14px; font-style: normal; font-weight: 550; line-height: 18px;\">Wy\u015bwietl ten post na Instagramie<\/div>\n<\/div>\n<div style=\"padding: 12.5% 0;\">\u00a0<\/div>\n<div style=\"display: flex; flex-direction: row; margin-bottom: 14px; align-items: center;\">\n<div>\n<div style=\"background-color: #f4f4f4; border-radius: 50%; height: 12.5px; width: 12.5px; transform: translateX(0px) translateY(7px);\">\u00a0<\/div>\n<div style=\"background-color: #f4f4f4; height: 12.5px; transform: rotate(-45deg) translateX(3px) translateY(1px); width: 12.5px; flex-grow: 0; margin-right: 14px; margin-left: 2px;\">\u00a0<\/div>\n<div style=\"background-color: #f4f4f4; border-radius: 50%; height: 12.5px; width: 12.5px; transform: translateX(9px) translateY(-18px);\">\u00a0<\/div>\n<\/div>\n<div style=\"margin-left: 8px;\">\n<div style=\"background-color: #f4f4f4; border-radius: 50%; flex-grow: 0; height: 20px; width: 20px;\">\u00a0<\/div>\n<div style=\"width: 0; height: 0; border-top: 2px solid transparent; border-left: 6px solid #f4f4f4; border-bottom: 2px solid transparent; transform: translateX(16px) translateY(-4px) rotate(30deg);\">\u00a0<\/div>\n<\/div>\n<div style=\"margin-left: auto;\">\n<div style=\"width: 0px; border-top: 8px solid #F4F4F4; border-right: 8px solid transparent; transform: translateY(16px);\">\u00a0<\/div>\n<div style=\"background-color: #f4f4f4; flex-grow: 0; height: 12px; width: 16px; transform: translateY(-4px);\">\u00a0<\/div>\n<div style=\"width: 0; height: 0; border-top: 8px solid #F4F4F4; border-left: 8px solid transparent; transform: translateY(-4px) translateX(8px);\">\u00a0<\/div>\n<\/div>\n<\/div>\n<div style=\"display: flex; flex-direction: column; flex-grow: 1; justify-content: center; margin-bottom: 24px;\">\n<div style=\"background-color: #f4f4f4; border-radius: 4px; flex-grow: 0; height: 14px; margin-bottom: 6px; width: 224px;\">\u00a0<\/div>\n<div style=\"background-color: #f4f4f4; border-radius: 4px; flex-grow: 0; height: 14px; width: 144px;\">\u00a0<\/div>\n<\/div>\n<p style=\"color: #c9c8cd; font-family: Arial,sans-serif; font-size: 14px; line-height: 17px; margin-bottom: 0; margin-top: 8px; overflow: hidden; padding: 8px 0 7px; text-align: center; text-overflow: ellipsis; white-space: nowrap;\"><a style=\"color: #c9c8cd; font-family: Arial,sans-serif; font-size: 14px; font-style: normal; font-weight: normal; line-height: 17px; text-decoration: none;\" href=\"https:\/\/www.instagram.com\/p\/CmEdbb6IAvz\/?utm_source=ig_embed&amp;utm_campaign=loading\" target=\"_blank\" rel=\"noopener\">Post udost\u0119pniony przez Piel\u0119gnacja Twarzy !\ud83d\udc9c (@pielegnacja_twarzy_)<\/a><\/p>\n<\/div>\n<\/blockquote>\n<p><script async src=\"\/\/www.instagram.com\/embed.js\"><\/script><\/p>\n\n\n<div class=\"kk-star-ratings kksr-auto kksr-align-right kksr-valign-bottom\"\n    data-payload='{&quot;align&quot;:&quot;right&quot;,&quot;id&quot;:&quot;6115&quot;,&quot;slug&quot;:&quot;default&quot;,&quot;valign&quot;:&quot;bottom&quot;,&quot;ignore&quot;:&quot;&quot;,&quot;reference&quot;:&quot;auto&quot;,&quot;class&quot;:&quot;&quot;,&quot;count&quot;:&quot;1&quot;,&quot;legendonly&quot;:&quot;&quot;,&quot;readonly&quot;:&quot;&quot;,&quot;score&quot;:&quot;1&quot;,&quot;starsonly&quot;:&quot;&quot;,&quot;best&quot;:&quot;5&quot;,&quot;gap&quot;:&quot;5&quot;,&quot;greet&quot;:&quot;Rate this post&quot;,&quot;legend&quot;:&quot;1\\\/5 - (1 vote)&quot;,&quot;size&quot;:&quot;24&quot;,&quot;width&quot;:&quot;26.5&quot;,&quot;_legend&quot;:&quot;{score}\\\/{best} - ({count} {votes})&quot;,&quot;font_factor&quot;:&quot;1.25&quot;}'>\n            \n<div class=\"kksr-stars\">\n    \n<div class=\"kksr-stars-inactive\">\n            <div class=\"kksr-star\" data-star=\"1\" style=\"padding-right: 5px\">\n            \n\n<div class=\"kksr-icon\" style=\"width: 24px; height: 24px;\"><\/div>\n        <\/div>\n            <div class=\"kksr-star\" data-star=\"2\" style=\"padding-right: 5px\">\n            \n\n<div class=\"kksr-icon\" style=\"width: 24px; height: 24px;\"><\/div>\n        <\/div>\n            <div class=\"kksr-star\" data-star=\"3\" style=\"padding-right: 5px\">\n            \n\n<div class=\"kksr-icon\" style=\"width: 24px; height: 24px;\"><\/div>\n        <\/div>\n            <div class=\"kksr-star\" data-star=\"4\" style=\"padding-right: 5px\">\n            \n\n<div class=\"kksr-icon\" style=\"width: 24px; height: 24px;\"><\/div>\n        <\/div>\n            <div class=\"kksr-star\" data-star=\"5\" style=\"padding-right: 5px\">\n            \n\n<div class=\"kksr-icon\" style=\"width: 24px; height: 24px;\"><\/div>\n        <\/div>\n    <\/div>\n    \n<div class=\"kksr-stars-active\" style=\"width: 26.5px;\">\n            <div class=\"kksr-star\" style=\"padding-right: 5px\">\n            \n\n<div class=\"kksr-icon\" style=\"width: 24px; height: 24px;\"><\/div>\n        <\/div>\n            <div class=\"kksr-star\" style=\"padding-right: 5px\">\n            \n\n<div class=\"kksr-icon\" style=\"width: 24px; height: 24px;\"><\/div>\n        <\/div>\n            <div class=\"kksr-star\" style=\"padding-right: 5px\">\n            \n\n<div class=\"kksr-icon\" style=\"width: 24px; height: 24px;\"><\/div>\n        <\/div>\n            <div class=\"kksr-star\" style=\"padding-right: 5px\">\n            \n\n<div class=\"kksr-icon\" style=\"width: 24px; height: 24px;\"><\/div>\n        <\/div>\n            <div class=\"kksr-star\" style=\"padding-right: 5px\">\n            \n\n<div class=\"kksr-icon\" style=\"width: 24px; height: 24px;\"><\/div>\n        <\/div>\n    <\/div>\n<\/div>\n                \n\n<div class=\"kksr-legend\" style=\"font-size: 19.2px;\">\n            1\/5 - (1 vote)    <\/div>\n    <\/div>\n","protected":false},"excerpt":{"rendered":"<p>Czy wiesz jak powinna wygl\u0105da\u0107 twoja codzienna piel\u0119gnacja twarzy? Jeste\u015bmy tu w\u0142a\u015bnie po to aby Ci o tym opowiedzie\u0107 i doradzi\u0107 w sprawach piel\u0119gnacji twarzy na codzie\u0144. Kosmetyk\u00f3w do piel\u0119gnacji jest na ten moment bardzo du\u017co na rynku i mo\u017cna w nich wybiera\u0107, ale co w wyborze takich kosmetyk\u00f3w jest najwa\u017cniejsze ? Zapytajmy naszych ekspert\u00f3w.\u00a0<\/p>\n","protected":false},"author":3,"featured_media":7679,"comment_status":"open","ping_status":"open","sticky":false,"template":"","format":"standard","meta":[],"categories":[4],"tags":[],"yoast_head":"<!-- This site is optimized with the Yoast SEO plugin v18.4.1 - https:\/\/yoast.com\/wordpress\/plugins\/seo\/ -->\n<title>Codzienna piel\u0119gnacja twarzy, krok po kroku. - Pakuten blog<\/title>\n<meta name=\"description\" content=\"Czy wiesz jak powinna wygl\u0105da\u0107 twoja codzienna piel\u0119gnacja twarzy? Jeste\u015bmy tu w\u0142a\u015bnie po to aby Ci o tym opowiedzie\u0107 i doradzi\u0107 w sprawach piel\u0119gnacji.\" \/>\n<meta name=\"robots\" content=\"index, follow, max-snippet:-1, max-image-preview:large, max-video-preview:-1\" \/>\n<link rel=\"canonical\" href=\"https:\/\/pakuten.pl\/blog\/pielegnacja-twarzy-krok-po-kroku-porady-specjalistow\/\" \/>\n<meta property=\"og:locale\" content=\"pl_PL\" \/>\n<meta property=\"og:type\" content=\"article\" \/>\n<meta property=\"og:title\" content=\"Codzienna piel\u0119gnacja twarzy, krok po kroku. - Pakuten blog\" \/>\n<meta property=\"og:description\" content=\"Czy wiesz jak powinna wygl\u0105da\u0107 twoja codzienna piel\u0119gnacja twarzy? Jeste\u015bmy tu w\u0142a\u015bnie po to aby Ci o tym opowiedzie\u0107 i doradzi\u0107 w sprawach piel\u0119gnacji.\" \/>\n<meta property=\"og:url\" content=\"https:\/\/pakuten.pl\/blog\/pielegnacja-twarzy-krok-po-kroku-porady-specjalistow\/\" \/>\n<meta property=\"og:site_name\" content=\"Pakuten blog\" \/>\n<meta property=\"article:published_time\" content=\"2023-05-22T11:26:00+00:00\" \/>\n<meta property=\"article:modified_time\" content=\"2023-05-22T08:15:00+00:00\" \/>\n<meta property=\"og:image\" content=\"https:\/\/pakuten.pl\/blog\/wp-content\/uploads\/2022\/05\/Codzienna-piele\u0328gnacja-twarzy-krok-po-kroku..jpg\" \/>\n\t<meta property=\"og:image:width\" content=\"885\" \/>\n\t<meta property=\"og:image:height\" content=\"398\" \/>\n\t<meta property=\"og:image:type\" content=\"image\/jpeg\" \/>\n<meta name=\"twitter:card\" content=\"summary_large_image\" \/>\n<meta name=\"twitter:label1\" content=\"Napisane przez\" \/>\n\t<meta name=\"twitter:data1\" content=\"Pakuten Girl\" \/>\n\t<meta name=\"twitter:label2\" content=\"Szacowany czas czytania\" \/>\n\t<meta name=\"twitter:data2\" content=\"6 minut\" \/>\n<script type=\"application\/ld+json\" class=\"yoast-schema-graph\">{\"@context\":\"https:\/\/schema.org\",\"@graph\":[{\"@type\":\"Organization\",\"@id\":\"https:\/\/pakuten.pl\/blog\/#organization\",\"name\":\"Pakuten\",\"url\":\"https:\/\/pakuten.pl\/blog\/\",\"sameAs\":[],\"logo\":{\"@type\":\"ImageObject\",\"@id\":\"https:\/\/pakuten.pl\/blog\/#logo\",\"inLanguage\":\"pl-PL\",\"url\":\"http:\/\/pakuten.pl\/blog\/wp-content\/uploads\/2018\/01\/pakuten_logo.png\",\"contentUrl\":\"http:\/\/pakuten.pl\/blog\/wp-content\/uploads\/2018\/01\/pakuten_logo.png\",\"width\":300,\"height\":120,\"caption\":\"Pakuten\"},\"image\":{\"@id\":\"https:\/\/pakuten.pl\/blog\/#logo\"}},{\"@type\":\"WebSite\",\"@id\":\"https:\/\/pakuten.pl\/blog\/#website\",\"url\":\"https:\/\/pakuten.pl\/blog\/\",\"name\":\"Pakuten blog\",\"description\":\"Blog sklepu internetowego pakuten.pl\",\"publisher\":{\"@id\":\"https:\/\/pakuten.pl\/blog\/#organization\"},\"potentialAction\":[{\"@type\":\"SearchAction\",\"target\":{\"@type\":\"EntryPoint\",\"urlTemplate\":\"https:\/\/pakuten.pl\/blog\/?s={search_term_string}\"},\"query-input\":\"required name=search_term_string\"}],\"inLanguage\":\"pl-PL\"},{\"@type\":\"ImageObject\",\"@id\":\"https:\/\/pakuten.pl\/blog\/pielegnacja-twarzy-krok-po-kroku-porady-specjalistow\/#primaryimage\",\"inLanguage\":\"pl-PL\",\"url\":\"https:\/\/pakuten.pl\/blog\/wp-content\/uploads\/2022\/05\/Codzienna-piele\u0328gnacja-twarzy-krok-po-kroku..jpg\",\"contentUrl\":\"https:\/\/pakuten.pl\/blog\/wp-content\/uploads\/2022\/05\/Codzienna-piele\u0328gnacja-twarzy-krok-po-kroku..jpg\",\"width\":885,\"height\":398},{\"@type\":\"WebPage\",\"@id\":\"https:\/\/pakuten.pl\/blog\/pielegnacja-twarzy-krok-po-kroku-porady-specjalistow\/#webpage\",\"url\":\"https:\/\/pakuten.pl\/blog\/pielegnacja-twarzy-krok-po-kroku-porady-specjalistow\/\",\"name\":\"Codzienna piel\u0119gnacja twarzy, krok po kroku. - Pakuten blog\",\"isPartOf\":{\"@id\":\"https:\/\/pakuten.pl\/blog\/#website\"},\"primaryImageOfPage\":{\"@id\":\"https:\/\/pakuten.pl\/blog\/pielegnacja-twarzy-krok-po-kroku-porady-specjalistow\/#primaryimage\"},\"datePublished\":\"2023-05-22T11:26:00+00:00\",\"dateModified\":\"2023-05-22T08:15:00+00:00\",\"description\":\"Czy wiesz jak powinna wygl\u0105da\u0107 twoja codzienna piel\u0119gnacja twarzy? Jeste\u015bmy tu w\u0142a\u015bnie po to aby Ci o tym opowiedzie\u0107 i doradzi\u0107 w sprawach piel\u0119gnacji.\",\"breadcrumb\":{\"@id\":\"https:\/\/pakuten.pl\/blog\/pielegnacja-twarzy-krok-po-kroku-porady-specjalistow\/#breadcrumb\"},\"inLanguage\":\"pl-PL\",\"potentialAction\":[{\"@type\":\"ReadAction\",\"target\":[\"https:\/\/pakuten.pl\/blog\/pielegnacja-twarzy-krok-po-kroku-porady-specjalistow\/\"]}]},{\"@type\":\"BreadcrumbList\",\"@id\":\"https:\/\/pakuten.pl\/blog\/pielegnacja-twarzy-krok-po-kroku-porady-specjalistow\/#breadcrumb\",\"itemListElement\":[{\"@type\":\"ListItem\",\"position\":1,\"name\":\"Strona g\u0142\u00f3wna\",\"item\":\"https:\/\/pakuten.pl\/blog\/\"},{\"@type\":\"ListItem\",\"position\":2,\"name\":\"Codzienna piel\u0119gnacja twarzy, krok po kroku.\"}]},{\"@type\":\"Article\",\"@id\":\"https:\/\/pakuten.pl\/blog\/pielegnacja-twarzy-krok-po-kroku-porady-specjalistow\/#article\",\"isPartOf\":{\"@id\":\"https:\/\/pakuten.pl\/blog\/pielegnacja-twarzy-krok-po-kroku-porady-specjalistow\/#webpage\"},\"author\":{\"@id\":\"https:\/\/pakuten.pl\/blog\/#\/schema\/person\/d7133af30211381a4e4536d088384556\"},\"headline\":\"Codzienna piel\u0119gnacja twarzy, krok po kroku.\",\"datePublished\":\"2023-05-22T11:26:00+00:00\",\"dateModified\":\"2023-05-22T08:15:00+00:00\",\"mainEntityOfPage\":{\"@id\":\"https:\/\/pakuten.pl\/blog\/pielegnacja-twarzy-krok-po-kroku-porady-specjalistow\/#webpage\"},\"wordCount\":1223,\"commentCount\":0,\"publisher\":{\"@id\":\"https:\/\/pakuten.pl\/blog\/#organization\"},\"image\":{\"@id\":\"https:\/\/pakuten.pl\/blog\/pielegnacja-twarzy-krok-po-kroku-porady-specjalistow\/#primaryimage\"},\"thumbnailUrl\":\"https:\/\/pakuten.pl\/blog\/wp-content\/uploads\/2022\/05\/Codzienna-piele\u0328gnacja-twarzy-krok-po-kroku..jpg\",\"articleSection\":[\"Tips&amp;Tricks\"],\"inLanguage\":\"pl-PL\",\"potentialAction\":[{\"@type\":\"CommentAction\",\"name\":\"Comment\",\"target\":[\"https:\/\/pakuten.pl\/blog\/pielegnacja-twarzy-krok-po-kroku-porady-specjalistow\/#respond\"]}]},{\"@type\":\"Person\",\"@id\":\"https:\/\/pakuten.pl\/blog\/#\/schema\/person\/d7133af30211381a4e4536d088384556\",\"name\":\"Pakuten Girl\",\"image\":{\"@type\":\"ImageObject\",\"@id\":\"https:\/\/pakuten.pl\/blog\/#personlogo\",\"inLanguage\":\"pl-PL\",\"url\":\"https:\/\/secure.gravatar.com\/avatar\/d3df41de2caf92e6cfded9430c2ff352?s=96&d=mm&r=g\",\"contentUrl\":\"https:\/\/secure.gravatar.com\/avatar\/d3df41de2caf92e6cfded9430c2ff352?s=96&d=mm&r=g\",\"caption\":\"Pakuten Girl\"},\"description\":\"Cze\u015b\u0107, nazywam si\u0119 Ola. Kocham Netflixa, sals\u0119, nowo\u015bci kosmetyczne i najnowsze trendy w modzie.\",\"url\":\"https:\/\/pakuten.pl\/blog\/author\/pakuten-girl\/\"}]}<\/script>\n<!-- \/ Yoast SEO plugin. -->","yoast_head_json":{"title":"Codzienna piel\u0119gnacja twarzy, krok po kroku. - Pakuten blog","description":"Czy wiesz jak powinna wygl\u0105da\u0107 twoja codzienna piel\u0119gnacja twarzy? Jeste\u015bmy tu w\u0142a\u015bnie po to aby Ci o tym opowiedzie\u0107 i doradzi\u0107 w sprawach piel\u0119gnacji.","robots":{"index":"index","follow":"follow","max-snippet":"max-snippet:-1","max-image-preview":"max-image-preview:large","max-video-preview":"max-video-preview:-1"},"canonical":"https:\/\/pakuten.pl\/blog\/pielegnacja-twarzy-krok-po-kroku-porady-specjalistow\/","og_locale":"pl_PL","og_type":"article","og_title":"Codzienna piel\u0119gnacja twarzy, krok po kroku. - Pakuten blog","og_description":"Czy wiesz jak powinna wygl\u0105da\u0107 twoja codzienna piel\u0119gnacja twarzy? Jeste\u015bmy tu w\u0142a\u015bnie po to aby Ci o tym opowiedzie\u0107 i doradzi\u0107 w sprawach piel\u0119gnacji.","og_url":"https:\/\/pakuten.pl\/blog\/pielegnacja-twarzy-krok-po-kroku-porady-specjalistow\/","og_site_name":"Pakuten blog","article_published_time":"2023-05-22T11:26:00+00:00","article_modified_time":"2023-05-22T08:15:00+00:00","og_image":[{"width":885,"height":398,"url":"https:\/\/pakuten.pl\/blog\/wp-content\/uploads\/2022\/05\/Codzienna-piele\u0328gnacja-twarzy-krok-po-kroku..jpg","type":"image\/jpeg"}],"twitter_card":"summary_large_image","twitter_misc":{"Napisane przez":"Pakuten Girl","Szacowany czas czytania":"6 minut"},"schema":{"@context":"https:\/\/schema.org","@graph":[{"@type":"Organization","@id":"https:\/\/pakuten.pl\/blog\/#organization","name":"Pakuten","url":"https:\/\/pakuten.pl\/blog\/","sameAs":[],"logo":{"@type":"ImageObject","@id":"https:\/\/pakuten.pl\/blog\/#logo","inLanguage":"pl-PL","url":"http:\/\/pakuten.pl\/blog\/wp-content\/uploads\/2018\/01\/pakuten_logo.png","contentUrl":"http:\/\/pakuten.pl\/blog\/wp-content\/uploads\/2018\/01\/pakuten_logo.png","width":300,"height":120,"caption":"Pakuten"},"image":{"@id":"https:\/\/pakuten.pl\/blog\/#logo"}},{"@type":"WebSite","@id":"https:\/\/pakuten.pl\/blog\/#website","url":"https:\/\/pakuten.pl\/blog\/","name":"Pakuten blog","description":"Blog sklepu internetowego pakuten.pl","publisher":{"@id":"https:\/\/pakuten.pl\/blog\/#organization"},"potentialAction":[{"@type":"SearchAction","target":{"@type":"EntryPoint","urlTemplate":"https:\/\/pakuten.pl\/blog\/?s={search_term_string}"},"query-input":"required name=search_term_string"}],"inLanguage":"pl-PL"},{"@type":"ImageObject","@id":"https:\/\/pakuten.pl\/blog\/pielegnacja-twarzy-krok-po-kroku-porady-specjalistow\/#primaryimage","inLanguage":"pl-PL","url":"https:\/\/pakuten.pl\/blog\/wp-content\/uploads\/2022\/05\/Codzienna-piele\u0328gnacja-twarzy-krok-po-kroku..jpg","contentUrl":"https:\/\/pakuten.pl\/blog\/wp-content\/uploads\/2022\/05\/Codzienna-piele\u0328gnacja-twarzy-krok-po-kroku..jpg","width":885,"height":398},{"@type":"WebPage","@id":"https:\/\/pakuten.pl\/blog\/pielegnacja-twarzy-krok-po-kroku-porady-specjalistow\/#webpage","url":"https:\/\/pakuten.pl\/blog\/pielegnacja-twarzy-krok-po-kroku-porady-specjalistow\/","name":"Codzienna piel\u0119gnacja twarzy, krok po kroku. - Pakuten blog","isPartOf":{"@id":"https:\/\/pakuten.pl\/blog\/#website"},"primaryImageOfPage":{"@id":"https:\/\/pakuten.pl\/blog\/pielegnacja-twarzy-krok-po-kroku-porady-specjalistow\/#primaryimage"},"datePublished":"2023-05-22T11:26:00+00:00","dateModified":"2023-05-22T08:15:00+00:00","description":"Czy wiesz jak powinna wygl\u0105da\u0107 twoja codzienna piel\u0119gnacja twarzy? Jeste\u015bmy tu w\u0142a\u015bnie po to aby Ci o tym opowiedzie\u0107 i doradzi\u0107 w sprawach piel\u0119gnacji.","breadcrumb":{"@id":"https:\/\/pakuten.pl\/blog\/pielegnacja-twarzy-krok-po-kroku-porady-specjalistow\/#breadcrumb"},"inLanguage":"pl-PL","potentialAction":[{"@type":"ReadAction","target":["https:\/\/pakuten.pl\/blog\/pielegnacja-twarzy-krok-po-kroku-porady-specjalistow\/"]}]},{"@type":"BreadcrumbList","@id":"https:\/\/pakuten.pl\/blog\/pielegnacja-twarzy-krok-po-kroku-porady-specjalistow\/#breadcrumb","itemListElement":[{"@type":"ListItem","position":1,"name":"Strona g\u0142\u00f3wna","item":"https:\/\/pakuten.pl\/blog\/"},{"@type":"ListItem","position":2,"name":"Codzienna piel\u0119gnacja twarzy, krok po kroku."}]},{"@type":"Article","@id":"https:\/\/pakuten.pl\/blog\/pielegnacja-twarzy-krok-po-kroku-porady-specjalistow\/#article","isPartOf":{"@id":"https:\/\/pakuten.pl\/blog\/pielegnacja-twarzy-krok-po-kroku-porady-specjalistow\/#webpage"},"author":{"@id":"https:\/\/pakuten.pl\/blog\/#\/schema\/person\/d7133af30211381a4e4536d088384556"},"headline":"Codzienna piel\u0119gnacja twarzy, krok po kroku.","datePublished":"2023-05-22T11:26:00+00:00","dateModified":"2023-05-22T08:15:00+00:00","mainEntityOfPage":{"@id":"https:\/\/pakuten.pl\/blog\/pielegnacja-twarzy-krok-po-kroku-porady-specjalistow\/#webpage"},"wordCount":1223,"commentCount":0,"publisher":{"@id":"https:\/\/pakuten.pl\/blog\/#organization"},"image":{"@id":"https:\/\/pakuten.pl\/blog\/pielegnacja-twarzy-krok-po-kroku-porady-specjalistow\/#primaryimage"},"thumbnailUrl":"https:\/\/pakuten.pl\/blog\/wp-content\/uploads\/2022\/05\/Codzienna-piele\u0328gnacja-twarzy-krok-po-kroku..jpg","articleSection":["Tips&amp;Tricks"],"inLanguage":"pl-PL","potentialAction":[{"@type":"CommentAction","name":"Comment","target":["https:\/\/pakuten.pl\/blog\/pielegnacja-twarzy-krok-po-kroku-porady-specjalistow\/#respond"]}]},{"@type":"Person","@id":"https:\/\/pakuten.pl\/blog\/#\/schema\/person\/d7133af30211381a4e4536d088384556","name":"Pakuten Girl","image":{"@type":"ImageObject","@id":"https:\/\/pakuten.pl\/blog\/#personlogo","inLanguage":"pl-PL","url":"https:\/\/secure.gravatar.com\/avatar\/d3df41de2caf92e6cfded9430c2ff352?s=96&d=mm&r=g","contentUrl":"https:\/\/secure.gravatar.com\/avatar\/d3df41de2caf92e6cfded9430c2ff352?s=96&d=mm&r=g","caption":"Pakuten Girl"},"description":"Cze\u015b\u0107, nazywam si\u0119 Ola. Kocham Netflixa, sals\u0119, nowo\u015bci kosmetyczne i najnowsze trendy w modzie.","url":"https:\/\/pakuten.pl\/blog\/author\/pakuten-girl\/"}]}},"_links":{"self":[{"href":"https:\/\/pakuten.pl\/blog\/wp-json\/wp\/v2\/posts\/6115"}],"collection":[{"href":"https:\/\/pakuten.pl\/blog\/wp-json\/wp\/v2\/posts"}],"about":[{"href":"https:\/\/pakuten.pl\/blog\/wp-json\/wp\/v2\/types\/post"}],"author":[{"embeddable":true,"href":"https:\/\/pakuten.pl\/blog\/wp-json\/wp\/v2\/users\/3"}],"replies":[{"embeddable":true,"href":"https:\/\/pakuten.pl\/blog\/wp-json\/wp\/v2\/comments?post=6115"}],"version-history":[{"count":27,"href":"https:\/\/pakuten.pl\/blog\/wp-json\/wp\/v2\/posts\/6115\/revisions"}],"predecessor-version":[{"id":7683,"href":"https:\/\/pakuten.pl\/blog\/wp-json\/wp\/v2\/posts\/6115\/revisions\/7683"}],"wp:featuredmedia":[{"embeddable":true,"href":"https:\/\/pakuten.pl\/blog\/wp-json\/wp\/v2\/media\/7679"}],"wp:attachment":[{"href":"https:\/\/pakuten.pl\/blog\/wp-json\/wp\/v2\/media?parent=6115"}],"wp:term":[{"taxonomy":"category","embeddable":true,"href":"https:\/\/pakuten.pl\/blog\/wp-json\/wp\/v2\/categories?post=6115"},{"taxonomy":"post_tag","embeddable":true,"href":"https:\/\/pakuten.pl\/blog\/wp-json\/wp\/v2\/tags?post=6115"}],"curies":[{"name":"wp","href":"https:\/\/api.w.org\/{rel}","templated":true}]}}