{"id":6120,"date":"2023-05-19T13:02:00","date_gmt":"2023-05-19T11:02:00","guid":{"rendered":"https:\/\/pakuten.pl\/blog\/?p=6120"},"modified":"2023-05-19T11:58:53","modified_gmt":"2023-05-19T09:58:53","slug":"modne-okulary-przeciwsloneczne-2023-jakie-modele-wybrac","status":"publish","type":"post","link":"https:\/\/pakuten.pl\/blog\/modne-okulary-przeciwsloneczne-2023-jakie-modele-wybrac\/","title":{"rendered":"Modne okulary przeciws\u0142oneczne 2023. Jakie modele wybra\u0107?"},"content":{"rendered":"\n<p><strong>Nosimy je latem i zim\u0105, cho\u0107 znacznie ch\u0119tniej i cz\u0119\u015bciej oczywi\u015bcie w upalne dni. Stanowi\u0105 nie tylko ochron\u0119 przed promieniowaniem UV dla naszych oczu , ale r\u00f3wnie\u017c mocny element naszej ca\u0142ej stylizacji. Niekt\u00f3rzy z nas nosz\u0105 je naprzemiennie z korekcyjnymi. O czym mowa? Oczywi\u015bcie o okularach przeciws\u0142onecznych 2023. Sprawd\u017a kt\u00f3re z nich warto mie\u0107.<\/strong>\u00a0\u00a0<\/p>\n<h2><span style=\"color: #ff9900;\">Modne okulary przeciws\u0142oneczne 2023.\u00a0<\/span><\/h2>\n<p>W tym roku najbardziej rozchwytywane s\u0105 te modele, kt\u00f3re s\u0105 mocno wyraziste. Nadaj\u0105 one z pewno\u015bci\u0105 ciekawy i wyj\u0105tkowy charakter ka\u017cdej stylizacji. Zaskakuj\u0105 na pewno nie tylko swoim fasonem, ale tak\u017ce kolorystyk\u0105. Dokonuj\u0105c wyboru zastan\u00f3w si\u0119, czy b\u0119dziesz je nosi\u0107 na co dzie\u0144, czy planujesz je zabra\u0107 tylko na wakacje. Wiadomo, na co dzie\u0144 ubierasz si\u0119 bardziej klasycznie i mniej odwa\u017cnie, Twoje <span style=\"color: #ff9900;\"><a style=\"color: #ff9900;\" href=\"https:\/\/pakuten.pl\/86-ubrania\" target=\"_blank\" rel=\"noopener\">ubrania<\/a><\/span> s\u0105 bardziej stonowane, dlatego i Twoje okulary nie powinny by\u0107 a\u017c tak krzykliwe. Chocia\u017c zapewne przyznasz szczerze, \u017ce w ostatnim czasie, kiedy zagl\u0105dasz i szukasz oferty okular\u00f3w przeciws\u0142onecznych masz wra\u017cenie, \u017ce przenios\u0142a\u015b si\u0119 w czasie&#8230; Ich design mo\u017ce zaskakiwa\u0107. Cz\u0119\u015b\u0107 z okular\u00f3w modnych w tym roku nawi\u0105zuje do lat siedemdziesi\u0105tych. Ten ciekawy styl retro charakteryzowa\u0142 si\u0119 du\u017cymi kolorowymi soczewkami oraz masywnymi oprawkami. <strong>Modne okulary przeciws\u0142oneczne 2023<\/strong>\u00a0wyr\u00f3\u017cniaj\u0105 si\u0119 nietypowymi, futurystycznymi kszta\u0142tami i wielko\u015bci\u0105, przez co rzucaj\u0105 si\u0119 z daleka i przykuwaj\u0105 uwag\u0119 ich w\u0142a\u015bciciela. Moda na okulary w tym roku nawi\u0105zuje r\u00f3wnie\u017c do lat dziewi\u0119\u0107dziesi\u0105tych. Wtedy w\u0142a\u015bnie by\u0142y modne w\u0105skie, prostok\u0105tne okulary. Dzi\u015b r\u00f3wnie\u017c w\u0142a\u015bnie warto po taki kszta\u0142t\u00a0 si\u0119gn\u0105\u0107.\u00a0<\/p>\n<div class=\"product-box-container\">\r\n<div class=\"one_third \" style=\"\">\r\n<div class=\"product-box\">\r\n<a href=\"https:\/\/pakuten.pl\/32030-71791-sukienka-midi-z-wycieciem-na-brzuchu-vaira-brudny-roz-brudny-roz.html\" target=\"_blank\">\r\n <img src=\"https:\/\/media.pakuten.pl\/194919-large_default\/sukienka-midi-z-wycieciem-na-brzuchu-vaira-brudny-roz.jpg\" alt=\"Sukienka midi z wyci\u0119ciem na brzuchu Vaira - brudny r\u00f3\u017c\"\/>\r\n<\/a>\r\n<p>\r\n<a href=\"https:\/\/pakuten.pl\/32030-71791-sukienka-midi-z-wycieciem-na-brzuchu-vaira-brudny-roz-brudny-roz.html\" target=\"_blank\">\r\nSukienka midi z wyci\u0119ciem na brzuchu Vaira - brudny r\u00f3\u017c\r\n<\/a><\/p>\r\n  <p>Cena: 99,39\u00a0z\u0142<\/p>\r\n<a href=\"https:\/\/pakuten.pl\/32030-71791-sukienka-midi-z-wycieciem-na-brzuchu-vaira-brudny-roz-brudny-roz.html\" target=\"_blank\" class=\"button\">\r\nZobacz w sklepie\r\n<\/a>\r\n<\/div>\r\n<\/div>\r\n<div class=\"one_third \" style=\"\">\r\n<div class=\"product-box\">\r\n<a href=\"https:\/\/pakuten.pl\/30369-68825-bialy-komplet-jak-sukienka-z-przewiazaniem-wettella-bialy.html\" target=\"_blank\">\r\n  <img src=\"https:\/\/media.pakuten.pl\/186612-large_default\/bialy-komplet-jak-sukienka-z-przewiazaniem-wettella.jpg\" alt=\"Bia\u0142y komplet jak sukienka z przewi\u0105zaniem Wettella\"\/>\r\n<\/a>\r\n<p>\r\n<a href=\"https:\/\/pakuten.pl\/30369-68825-bialy-komplet-jak-sukienka-z-przewiazaniem-wettella-bialy.html\" target=\"_blank\">\r\nBia\u0142y komplet jak sukienka z przewi\u0105zaniem Wettella\r\n<\/a><\/p>\r\n  <p>Cena: 139,99\u00a0z\u0142<\/p>\r\n<a href=\"https:\/\/pakuten.pl\/30369-68825-bialy-komplet-jak-sukienka-z-przewiazaniem-wettella-bialy.html\" target=\"_blank\" class=\"button\">\r\nZobacz w sklepie\r\n<\/a>\r\n<\/div>\r\n<\/div>\r\n<div class=\"one_third last \" style=\"\">\r\n<div class=\"product-box\">\r\n<a href=\"https:\/\/pakuten.pl\/31800-71446-wzorzysta-sukienka-midi-hiszpanka-z-rozporkiem-liisy-j7-j7.html\" target=\"_blank\">\r\n  <img src=\"https:\/\/media.pakuten.pl\/193312-large_default\/wzorzysta-sukienka-midi-hiszpanka-z-rozporkiem-liisy-j7.jpg\" alt=\"Wzorzysta sukienka midi hiszpanka z rozporkiem Liisy - J7\"\/>\r\n<\/a>\r\n<p>\r\n<a href=\"https:\/\/pakuten.pl\/31800-71446-wzorzysta-sukienka-midi-hiszpanka-z-rozporkiem-liisy-j7-j7.html\" target=\"_blank\">\r\nWzorzysta sukienka midi hiszpanka z rozporkiem Liisy - J7\r\n<\/a><\/p>\r\n  <p>Cena: 39,99\u00a0z\u0142<\/p>\r\n<a href=\"https:\/\/pakuten.pl\/31800-71446-wzorzysta-sukienka-midi-hiszpanka-z-rozporkiem-liisy-j7-j7.html\" target=\"_blank\" class=\"button\">\r\nZobacz w sklepie\r\n<\/a>\r\n<\/div>\r\n<\/div><br class=\"clear\"\/>\r\n<\/div>\n<p>\u00a0<\/p>\n<h2><span style=\"color: #ff9900;\">Czy klasyka nadal zostaje w modzie?\u00a0<\/span><\/h2>\n<p>Oczywi\u015bcie , \u017ce tak. Nadal mo\u017cesz si\u0119gn\u0105\u0107 \u015bmia\u0142o po klasyczne okulary przeciws\u0142oneczne. Dlatego miej w zasi\u0119gu r\u0119ki lekkie oprawki z delikatnymi szkie\u0142kami o subtelnym zabarwieniu. Obie wersje okular\u00f3w- klasyka oraz nowoczesno\u015b\u0107 doskonale mog\u0105 funkcjonowa\u0107 w jednym czasie, dlatego w domu mo\u017cesz mie\u0107 obie wersje &#8211; jedn\u0105 z nich na co dzie\u0144, do zwyk\u0142ych stylizacji, a drug\u0105 do bardziej odwa\u017cnych, wakacyjnych styl\u00f3wek. Do czego najlepiej zak\u0142ada\u0107 <strong>klasyczne okulary<\/strong>? Z pewno\u015bci\u0105 \u015bwietnie b\u0119d\u0105 wsp\u00f3\u0142gra\u0107 z klasycznymi ubraniami. Co powiesz na ma\u0142\u0105 czarn\u0105? Ona zrobi dobr\u0105 robot\u0119 w po\u0142\u0105czeniu z modnymi okularami przeciws\u0142onecznymi. Taka stylizacja z pewno\u015bci\u0105 doda\u0107 Ci charakteru, nieco pazura, ale podkre\u015bli te\u017c Tw\u00f3j styl. Uzupe\u0142nij ca\u0142o\u015b\u0107 o fajne dodatki, odpowiednie buty, kolczyki, torebk\u0119 i \u015bwiat jest Tw\u00f3j!\u00a0<\/p>\n<div class=\"product-box-container\">\r\n<div class=\"one_third \" style=\"\">\r\n<div class=\"product-box\">\r\n<a href=\"https:\/\/pakuten.pl\/26173-64249-dluga-kwiecista-sukienka-z-rozcieciem-i-ozdobnymi-wiazanymi-ramiaczkami-destiney-da1-da1.html\" target=\"_blank\">\r\n <img src=\"https:\/\/media.pakuten.pl\/166015-large_default\/dluga-kwiecista-sukienka-z-rozcieciem-i-ozdobnymi-wiazanymi-ramiaczkami-destiney-da1.jpg\" alt=\"D\u0142uga kwiecista sukienka z rozci\u0119ciem i ozdobnymi wi\u0105zanymi rami\u0105czkami Destiney -DA1\"\/>\r\n<\/a>\r\n<p>\r\n<a href=\"https:\/\/pakuten.pl\/26173-64249-dluga-kwiecista-sukienka-z-rozcieciem-i-ozdobnymi-wiazanymi-ramiaczkami-destiney-da1-da1.html\" target=\"_blank\">\r\nD\u0142uga kwiecista sukienka z rozci\u0119ciem i ozdobnymi wi\u0105zanymi rami\u0105czkami Destiney -DA1\r\n<\/a><\/p>\r\n  <p>Cena: 79,79\u00a0z\u0142<\/p>\r\n<a href=\"https:\/\/pakuten.pl\/26173-64249-dluga-kwiecista-sukienka-z-rozcieciem-i-ozdobnymi-wiazanymi-ramiaczkami-destiney-da1-da1.html\" target=\"_blank\" class=\"button\">\r\nZobacz w sklepie\r\n<\/a>\r\n<\/div>\r\n<\/div>\r\n<div class=\"one_third \" style=\"\">\r\n<div class=\"product-box\">\r\n<a href=\"https:\/\/pakuten.pl\/32416-72424-bezowy-top-na-ramiaczkach-werllo-bezowy.html\" target=\"_blank\">\r\n  <img src=\"https:\/\/media.pakuten.pl\/196259-large_default\/bezowy-top-na-ramiaczkach-werllo.jpg\" alt=\"Be\u017cowy top na rami\u0105czkach Werllo\"\/>\r\n<\/a>\r\n<p>\r\n<a href=\"https:\/\/pakuten.pl\/32416-72424-bezowy-top-na-ramiaczkach-werllo-bezowy.html\" target=\"_blank\">\r\nBe\u017cowy top na rami\u0105czkach Werllo\r\n<\/a><\/p>\r\n  <p>Cena: 34,99\u00a0z\u0142<\/p>\r\n<a href=\"https:\/\/pakuten.pl\/32416-72424-bezowy-top-na-ramiaczkach-werllo-bezowy.html\" target=\"_blank\" class=\"button\">\r\nZobacz w sklepie\r\n<\/a>\r\n<\/div>\r\n<\/div>\r\n<div class=\"one_third last \" style=\"\">\r\n<div class=\"product-box\">\r\n<a href=\"https:\/\/pakuten.pl\/32400-72384-azurowa-sukienka-z-koronka-hannien-ecru-ecru.html\" target=\"_blank\">\r\n  <img src=\"https:\/\/media.pakuten.pl\/196179-large_default\/azurowa-sukienka-z-koronka-hannien-ecru.jpg\" alt=\"A\u017curowa sukienka z koronk\u0105 Hannien - ecru\"\/>\r\n<\/a>\r\n<p>\r\n<a href=\"https:\/\/pakuten.pl\/32400-72384-azurowa-sukienka-z-koronka-hannien-ecru-ecru.html\" target=\"_blank\">\r\nA\u017curowa sukienka z koronk\u0105 Hannien - ecru\r\n<\/a><\/p>\r\n  <p>Cena: 89,99\u00a0z\u0142<\/p>\r\n<a href=\"https:\/\/pakuten.pl\/32400-72384-azurowa-sukienka-z-koronka-hannien-ecru-ecru.html\" target=\"_blank\" class=\"button\">\r\nZobacz w sklepie\r\n<\/a>\r\n<\/div>\r\n<\/div><br class=\"clear\"\/>\r\n<\/div>\n<p>\u00a0<\/p>\n<h2><span style=\"color: #ff9900;\">Jakie wybra\u0107 oprawki, plastikowe czy metalowe?\u00a0<\/span><\/h2>\n<p><strong>Modne okulary przeciws\u0142oneczne 2023<\/strong>\u00a0cechuj\u0105 plastikowe oprawki. Dzi\u0119ki temu ten dodatek nabiera lekko\u015bci. Oprawy okular\u00f3w z tworzywa sztucznego mog\u0105 nabra\u0107 te\u017c niemal\u017ce ka\u017cdy kszta\u0142t, dzi\u0119ki czemu projektanci mog\u0105 tworzy\u0107 dowolne fasony, a Ty mo\u017cesz dzi\u0119ki temu wyr\u00f3\u017cnia\u0107 si\u0119 na tle innych. Poza tym, nie ukrywajmy, zw\u0142aszcza latem lubimy zaszale\u0107 je\u015bli chodzi o kolory. Ju\u017c wiosn\u0105 zaczynamy kolorowo si\u0119 ubiera\u0107, si\u0119ga\u0107 po neony, pastele oraz <span style=\"color: #ff9900;\"><a style=\"color: #ff9900;\" href=\"https:\/\/pakuten.pl\/124-sukienki-wzorzyste\" target=\"_blank\" rel=\"noopener\">wzorzyste sukienki<\/a><\/span>, dlatego r\u00f3wnie ch\u0119tnie uzupe\u0142niamy nasz outfit o kolorowe <strong>okulary na s\u0142o\u0144ce<\/strong>. Tak naprawd\u0119 nie ma ogranicze\u0144 wiekowych , je\u015bli chodzi o okulary. To Ty powinna\u015b czu\u0107 si\u0119 w nich dobrze, dlatego dobierz okulary odpowiednio do swojego kszta\u0142tu twarzy oraz stroju. Jak dobra\u0107 okulary do swojego kszta\u0142tu twarzy? <span style=\"color: #ff9900;\"><a style=\"color: #ff9900;\" href=\"https:\/\/pakuten.pl\/blog\/okulary-przeciwsloneczne-jak-dobrac-je-do-ksztaltu-twarzy\/\" target=\"_blank\" rel=\"noopener\">Tutaj<\/a><\/span> znajdziesz odpowied\u017a. Modne <strong>okulary przeciws\u0142oneczne<\/strong> mog\u0105 wtapia\u0107 si\u0119 w ca\u0142o\u015b\u0107 stylizacji, albo z ni\u0105 kontrastowa\u0107. Mo\u017cesz postawi\u0107 na total kolor look wybieraj\u0105c chabrow\u0105 sukienk\u0119 i dobieraj\u0105c do niej chabrowe okulary. Je\u015bli jednak preferujesz klasyk\u0119, mo\u017cesz dopasowa\u0107 do niej delikatne, ciemne okularki. Ciekawym motywem s\u0105 te\u017c szk\u0142a okular\u00f3w mieni\u0105ce si\u0119 kolorami t\u0119czy lub na przyk\u0142ad brokatowe oprawki.\u00a0<\/p>\n<div class=\"product-box-container\">\r\n<div class=\"one_third \" style=\"\">\r\n<div class=\"product-box\">\r\n<a href=\"https:\/\/pakuten.pl\/32397-72372-prazkowana-bluzka-z-zamkiem-cotti-fuksja-fuksja.html\" target=\"_blank\">\r\n <img src=\"https:\/\/media.pakuten.pl\/196153-large_default\/prazkowana-bluzka-z-zamkiem-cotti-fuksja.jpg\" alt=\"Pr\u0105\u017ckowana bluzka z zamkiem Cotti - fuksja\"\/>\r\n<\/a>\r\n<p>\r\n<a href=\"https:\/\/pakuten.pl\/32397-72372-prazkowana-bluzka-z-zamkiem-cotti-fuksja-fuksja.html\" target=\"_blank\">\r\nPr\u0105\u017ckowana bluzka z zamkiem Cotti - fuksja\r\n<\/a><\/p>\r\n  <p>Cena: 114,31\u00a0z\u0142<\/p>\r\n<a href=\"https:\/\/pakuten.pl\/32397-72372-prazkowana-bluzka-z-zamkiem-cotti-fuksja-fuksja.html\" target=\"_blank\" class=\"button\">\r\nZobacz w sklepie\r\n<\/a>\r\n<\/div>\r\n<\/div>\r\n<div class=\"one_third \" style=\"\">\r\n<div class=\"product-box\">\r\n<a href=\"https:\/\/pakuten.pl\/32392-72360-biala-prazkowana-bluzka-z-ozdobna-tasma-hassam-bialy.html\" target=\"_blank\">\r\n  <img src=\"https:\/\/media.pakuten.pl\/196106-large_default\/biala-prazkowana-bluzka-z-ozdobna-tasma-hassam.jpg\" alt=\"Bia\u0142a pr\u0105\u017ckowana bluzka z ozdobn\u0105 ta\u015bm\u0105 Hassam\"\/>\r\n<\/a>\r\n<p>\r\n<a href=\"https:\/\/pakuten.pl\/32392-72360-biala-prazkowana-bluzka-z-ozdobna-tasma-hassam-bialy.html\" target=\"_blank\">\r\nBia\u0142a pr\u0105\u017ckowana bluzka z ozdobn\u0105 ta\u015bm\u0105 Hassam\r\n<\/a><\/p>\r\n  <p>Cena: 69,99\u00a0z\u0142<\/p>\r\n<a href=\"https:\/\/pakuten.pl\/32392-72360-biala-prazkowana-bluzka-z-ozdobna-tasma-hassam-bialy.html\" target=\"_blank\" class=\"button\">\r\nZobacz w sklepie\r\n<\/a>\r\n<\/div>\r\n<\/div>\r\n<div class=\"one_third last \" style=\"\">\r\n<div class=\"product-box\">\r\n<a href=\"https:\/\/pakuten.pl\/32381-80466-biala-dopasowana-sukienka-z-marszczeniami-po-bokach-i-ozdobnymi-perelkami-na-plecach-britlee-bialy.html\" target=\"_blank\">\r\n  <img src=\"https:\/\/media.pakuten.pl\/196058-large_default\/biala-dopasowana-sukienka-z-marszczeniami-po-bokach-i-ozdobnymi-perelkami-na-plecach-britlee.jpg\" alt=\"Bia\u0142a dopasowana sukienka z marszczeniami po bokach i ozdobnymi pere\u0142kami na plecach Britlee\"\/>\r\n<\/a>\r\n<p>\r\n<a href=\"https:\/\/pakuten.pl\/32381-80466-biala-dopasowana-sukienka-z-marszczeniami-po-bokach-i-ozdobnymi-perelkami-na-plecach-britlee-bialy.html\" target=\"_blank\">\r\nBia\u0142a dopasowana sukienka z marszczeniami po bokach i ozdobnymi pere\u0142kami na plecach Britlee\r\n<\/a><\/p>\r\n  <p>Cena: 39,99\u00a0z\u0142<\/p>\r\n<a href=\"https:\/\/pakuten.pl\/32381-80466-biala-dopasowana-sukienka-z-marszczeniami-po-bokach-i-ozdobnymi-perelkami-na-plecach-britlee-bialy.html\" target=\"_blank\" class=\"button\">\r\nZobacz w sklepie\r\n<\/a>\r\n<\/div>\r\n<\/div><br class=\"clear\"\/>\r\n<\/div>\n<p>\u00a0<\/p>\n<h2><span style=\"color: #ff9900;\">Jaki kszta\u0142t okular\u00f3w przeciws\u0142onecznych b\u0119dzie modny?<\/span><\/h2>\n<p><strong>Okulary typu gogle<\/strong>. Tak, to dla wielu z nas jest zaskakuj\u0105ce, ale naprawd\u0119 w tym sezonie wielkim hitem b\u0119d\u0105 takie w\u0142a\u015bnie okulary! Niekt\u00f3rzy z nas jednak z niecierpliwo\u015bci\u0105 oczekiwali na powr\u00f3t gogli. Czym one dok\u0142adnie si\u0119 charakteryzuj\u0105 ? S\u0105 bardzo du\u017ce\u00a0 i przypominaj\u0105 okulary narciarskie. Maj\u0105 bardzo du\u017ce soczewki, kt\u00f3re zas\u0142aniaj\u0105 spor\u0105 cz\u0119\u015b\u0107 twarzy. Maja bardzo futurystyczny wygl\u0105d, ale pasuj\u0105 zar\u00f3wno do looku casual, jak i eleganckiego ubioru. <strong>Kolejnym hitem roku 2023 s\u0105 prostok\u0105tne okulary<\/strong>. Niskie soczewki zamieszczone w plastikowej oprawce to ich cecha charakterystyczna. Niew\u0105tpliwie nawi\u0105zuj\u0105 do stylu retro. Pomimo bardzo ma\u0142ej soczewki r\u00f3wnie dobrze pe\u0142ni\u0105 funkcj\u0119 ochrony przeciws\u0142onecznej. Prostok\u0105tne okulary przeciws\u0142oneczne udowadniaj\u0105, \u017ce mog\u0105 by\u0107 one subtelnym dodatkiem do ca\u0142o\u015bci, a nie krzykliwym akcentem. Kolejnym nadal modnym fasonem s\u0105 okulary tak zwane awiatory. Te, w przeciwie\u0144stwie do wcze\u015bniej wspomnianych, maj\u0105 oprawki metalowe. Soczewki natomiast s\u0105 dos\u0142ownie rozmiaru XXL o p\u00f3\u0142przezroczystych szk\u0142ach. Z czym nosi\u0107 <strong>okulary awiatory<\/strong>? \u015awietnie wsp\u00f3\u0142graj\u0105 z sukienk\u0105 w kwiaty, ale r\u00f3wnie\u017c z zestawem na sportowo. Nie mogli\u015bmy w tym roku r\u00f3wnie\u017c zapomnie\u0107 o tak zwanym kocim oku. By\u0142y one modne w latach pi\u0119\u0107dziesi\u0105tych oraz sze\u015b\u0107dziesi\u0105tych, powr\u00f3ci\u0142y z wielkim powodzeniem w 2022 roku. Kobiety pokocha\u0142y ten kszta\u0142t okular\u00f3w. Jest niezwykle seksi, dodaje pazura ca\u0142ej stylizacji i niezwykle \u0142atwo dopasowa\u0107 je do kszta\u0142tu twarzy. Pasuj\u0105 niemal ka\u017cdemu. Takie okulary typu kocie oko dodadz\u0105 Ci pewno\u015bci siebie i sprawi\u0105, \u017ce Twoje spojrzenie b\u0119dzie nieco tajemnicze.\u00a0<\/p>\n<p>\u00a0<\/p>\n<p>\u00a0<\/p>\n<blockquote class=\"instagram-media\" style=\"background: #FFF; border: 0; border-radius: 3px; box-shadow: 0 0 1px 0 rgba(0,0,0,0.5),0 1px 10px 0 rgba(0,0,0,0.15); margin: 1px; max-width: 540px; min-width: 326px; padding: 0; width: calc(100% - 2px);\" data-instgrm-permalink=\"https:\/\/www.instagram.com\/p\/Cc2quvZo3cW\/?utm_source=ig_embed&amp;utm_campaign=loading\" data-instgrm-version=\"14\">\n<div style=\"padding: 16px;\">\n<div style=\"display: flex; flex-direction: row; align-items: center;\">\n<div style=\"background-color: #f4f4f4; border-radius: 50%; flex-grow: 0; height: 40px; margin-right: 14px; width: 40px;\">\u00a0<\/div>\n<div style=\"display: flex; flex-direction: column; flex-grow: 1; justify-content: center;\">\n<div style=\"background-color: #f4f4f4; border-radius: 4px; flex-grow: 0; height: 14px; margin-bottom: 6px; width: 100px;\">\u00a0<\/div>\n<div style=\"background-color: #f4f4f4; border-radius: 4px; flex-grow: 0; height: 14px; width: 60px;\">\u00a0<\/div>\n<\/div>\n<\/div>\n<div style=\"padding: 19% 0;\">\u00a0<\/div>\n<div style=\"display: block; height: 50px; margin: 0 auto 12px; width: 50px;\">\u00a0<\/div>\n<div style=\"padding-top: 8px;\">\n<div style=\"color: #3897f0; font-family: Arial,sans-serif; font-size: 14px; font-style: normal; font-weight: 550; line-height: 18px;\">Wy\u015bwietl ten post na Instagramie<\/div>\n<\/div>\n<div style=\"padding: 12.5% 0;\">\u00a0<\/div>\n<div style=\"display: flex; flex-direction: row; margin-bottom: 14px; align-items: center;\">\n<div>\n<div style=\"background-color: #f4f4f4; border-radius: 50%; height: 12.5px; width: 12.5px; transform: translateX(0px) translateY(7px);\">\u00a0<\/div>\n<div style=\"background-color: #f4f4f4; height: 12.5px; transform: rotate(-45deg) translateX(3px) translateY(1px); width: 12.5px; flex-grow: 0; margin-right: 14px; margin-left: 2px;\">\u00a0<\/div>\n<div style=\"background-color: #f4f4f4; border-radius: 50%; height: 12.5px; width: 12.5px; transform: translateX(9px) translateY(-18px);\">\u00a0<\/div>\n<\/div>\n<div style=\"margin-left: 8px;\">\n<div style=\"background-color: #f4f4f4; border-radius: 50%; flex-grow: 0; height: 20px; width: 20px;\">\u00a0<\/div>\n<div style=\"width: 0; height: 0; border-top: 2px solid transparent; border-left: 6px solid #f4f4f4; border-bottom: 2px solid transparent; transform: translateX(16px) translateY(-4px) rotate(30deg);\">\u00a0<\/div>\n<\/div>\n<div style=\"margin-left: auto;\">\n<div style=\"width: 0px; border-top: 8px solid #F4F4F4; border-right: 8px solid transparent; transform: translateY(16px);\">\u00a0<\/div>\n<div style=\"background-color: #f4f4f4; flex-grow: 0; height: 12px; width: 16px; transform: translateY(-4px);\">\u00a0<\/div>\n<div style=\"width: 0; height: 0; border-top: 8px solid #F4F4F4; border-left: 8px solid transparent; transform: translateY(-4px) translateX(8px);\">\u00a0<\/div>\n<\/div>\n<\/div>\n<div style=\"display: flex; flex-direction: column; flex-grow: 1; justify-content: center; margin-bottom: 24px;\">\n<div style=\"background-color: #f4f4f4; border-radius: 4px; flex-grow: 0; height: 14px; margin-bottom: 6px; width: 224px;\">\u00a0<\/div>\n<div style=\"background-color: #f4f4f4; border-radius: 4px; flex-grow: 0; height: 14px; width: 144px;\">\u00a0<\/div>\n<\/div>\n<p style=\"color: #c9c8cd; font-family: Arial,sans-serif; font-size: 14px; line-height: 17px; margin-bottom: 0; margin-top: 8px; overflow: hidden; padding: 8px 0 7px; text-align: center; text-overflow: ellipsis; white-space: nowrap;\"><a style=\"color: #c9c8cd; font-family: Arial,sans-serif; font-size: 14px; font-style: normal; font-weight: normal; line-height: 17px; text-decoration: none;\" href=\"https:\/\/www.instagram.com\/p\/Cc2quvZo3cW\/?utm_source=ig_embed&amp;utm_campaign=loading\" target=\"_blank\" rel=\"noopener\">Post udost\u0119pniony przez Pakuten.pl \u2022 Najmodniejsza odzie\u017c damska (@pakuten.official)<\/a><\/p>\n<\/div>\n<\/blockquote>\n<p><script async=\"\" src=\"\/\/www.instagram.com\/embed.js\"><\/script><\/p>\n<h2><span style=\"color: #ff9900;\">Z my\u015bl\u0105 o zapominalskich? Niekoniecznie \ud83d\ude09<\/span><\/h2>\n<p>Zdarzy\u0142o Ci si\u0119 nieraz zapomnie\u0107 o swoich okularach? Po\u0142o\u017cy\u0142a\u015b je w pracy na biurku i zosta\u0142y na drugi dzie\u0144? Z pomoc\u0105 przyjdzie Ci na pewno \u0142a\u0144cuszek! <strong>Okulary na \u0142a\u0144cuszku<\/strong> oczywi\u015bcie nie s\u0105 zarezerwowane tylko dla zapominalskich, ale na pewno im si\u0119 przydadz\u0105 \ud83d\ude42 Taki \u0142a\u0144cuszek przy okularach nie pozwoli, aby Twoje <strong>okulary przeciws\u0142oneczne<\/strong> gdzie\u015b pozosta\u0142y zapomniane. Poza tym wygl\u0105daj\u0105 naprawd\u0119 mega modnie. Taki \u0142a\u0144cuszek ozdobiony o turkusowe kamyczki b\u0119dzie wygl\u0105da\u0142 niezwykle uroczo , a Twoja stylizacja z pewno\u015bci\u0105 b\u0119dzie kojarzy\u0142a si\u0119 Tobie z wakacyjnym filtrem. Taki <strong>\u0142a\u0144cuszek do okular\u00f3w<\/strong> z powodzeniem mo\u017ce r\u00f3wnie\u017c zast\u0105pi\u0107 kolczyki. Kupuj\u0105c okulary przeciws\u0142oneczne nie zapomnij o odpowiednim do nich etui, kt\u00f3re ochroni je przez zarysowaniami, a tak\u017ce o chusteczkach do okular\u00f3w, kt\u00f3re sprawi\u0105, \u017ce soczewki b\u0119d\u0105 ca\u0142y czas w idealnym stanie, a Ty b\u0119dziesz mia\u0142a dobr\u0105 widoczno\u015b\u0107.\u00a0<\/p>\n<blockquote class=\"instagram-media\" style=\"background: #FFF; border: 0; border-radius: 3px; box-shadow: 0 0 1px 0 rgba(0,0,0,0.5),0 1px 10px 0 rgba(0,0,0,0.15); margin: 1px; max-width: 540px; min-width: 326px; padding: 0; width: calc(100% - 2px);\" data-instgrm-permalink=\"https:\/\/www.instagram.com\/p\/CsY-4bhop3M\/?utm_source=ig_embed&amp;utm_campaign=loading\" data-instgrm-version=\"14\">\n<div style=\"padding: 16px;\">\n<div style=\"display: flex; flex-direction: row; align-items: center;\">\n<div style=\"background-color: #f4f4f4; border-radius: 50%; flex-grow: 0; height: 40px; margin-right: 14px; width: 40px;\">\u00a0<\/div>\n<div style=\"display: flex; flex-direction: column; flex-grow: 1; justify-content: center;\">\n<div style=\"background-color: #f4f4f4; border-radius: 4px; flex-grow: 0; height: 14px; margin-bottom: 6px; width: 100px;\">\u00a0<\/div>\n<div style=\"background-color: #f4f4f4; border-radius: 4px; flex-grow: 0; height: 14px; width: 60px;\">\u00a0<\/div>\n<\/div>\n<\/div>\n<div style=\"padding: 19% 0;\">\u00a0<\/div>\n<div style=\"display: block; height: 50px; margin: 0 auto 12px; width: 50px;\">\u00a0<\/div>\n<div style=\"padding-top: 8px;\">\n<div style=\"color: #3897f0; font-family: Arial,sans-serif; font-size: 14px; font-style: normal; font-weight: 550; line-height: 18px;\">Wy\u015bwietl ten post na Instagramie<\/div>\n<\/div>\n<div style=\"padding: 12.5% 0;\">\u00a0<\/div>\n<div style=\"display: flex; flex-direction: row; margin-bottom: 14px; align-items: center;\">\n<div>\n<div style=\"background-color: #f4f4f4; border-radius: 50%; height: 12.5px; width: 12.5px; transform: translateX(0px) translateY(7px);\">\u00a0<\/div>\n<div style=\"background-color: #f4f4f4; height: 12.5px; transform: rotate(-45deg) translateX(3px) translateY(1px); width: 12.5px; flex-grow: 0; margin-right: 14px; margin-left: 2px;\">\u00a0<\/div>\n<div style=\"background-color: #f4f4f4; border-radius: 50%; height: 12.5px; width: 12.5px; transform: translateX(9px) translateY(-18px);\">\u00a0<\/div>\n<\/div>\n<div style=\"margin-left: 8px;\">\n<div style=\"background-color: #f4f4f4; border-radius: 50%; flex-grow: 0; height: 20px; width: 20px;\">\u00a0<\/div>\n<div style=\"width: 0; height: 0; border-top: 2px solid transparent; border-left: 6px solid #f4f4f4; border-bottom: 2px solid transparent; transform: translateX(16px) translateY(-4px) rotate(30deg);\">\u00a0<\/div>\n<\/div>\n<div style=\"margin-left: auto;\">\n<div style=\"width: 0px; border-top: 8px solid #F4F4F4; border-right: 8px solid transparent; transform: translateY(16px);\">\u00a0<\/div>\n<div style=\"background-color: #f4f4f4; flex-grow: 0; height: 12px; width: 16px; transform: translateY(-4px);\">\u00a0<\/div>\n<div style=\"width: 0; height: 0; border-top: 8px solid #F4F4F4; border-left: 8px solid transparent; transform: translateY(-4px) translateX(8px);\">\u00a0<\/div>\n<\/div>\n<\/div>\n<div style=\"display: flex; flex-direction: column; flex-grow: 1; justify-content: center; margin-bottom: 24px;\">\n<div style=\"background-color: #f4f4f4; border-radius: 4px; flex-grow: 0; height: 14px; margin-bottom: 6px; width: 224px;\">\u00a0<\/div>\n<div style=\"background-color: #f4f4f4; border-radius: 4px; flex-grow: 0; height: 14px; width: 144px;\">\u00a0<\/div>\n<\/div>\n<p style=\"color: #c9c8cd; font-family: Arial,sans-serif; font-size: 14px; line-height: 17px; margin-bottom: 0; margin-top: 8px; overflow: hidden; padding: 8px 0 7px; text-align: center; text-overflow: ellipsis; white-space: nowrap;\"><a style=\"color: #c9c8cd; font-family: Arial,sans-serif; font-size: 14px; font-style: normal; font-weight: normal; line-height: 17px; text-decoration: none;\" href=\"https:\/\/www.instagram.com\/p\/CsY-4bhop3M\/?utm_source=ig_embed&amp;utm_campaign=loading\" target=\"_blank\" rel=\"noopener\">Post udost\u0119pniony przez \ud835\udc00\ud835\udc20\ud835\udc1a\ud835\udc2d\ud835\udc1a \ud835\udc00. \ud83d\udd4a (@aagata_a)<\/a><\/p>\n<\/div>\n<\/blockquote>\n<p><script async src=\"\/\/www.instagram.com\/embed.js\"><\/script><\/p>\n\n\n<div class=\"kk-star-ratings kksr-auto kksr-align-right kksr-valign-bottom\"\n    data-payload='{&quot;align&quot;:&quot;right&quot;,&quot;id&quot;:&quot;6120&quot;,&quot;slug&quot;:&quot;default&quot;,&quot;valign&quot;:&quot;bottom&quot;,&quot;ignore&quot;:&quot;&quot;,&quot;reference&quot;:&quot;auto&quot;,&quot;class&quot;:&quot;&quot;,&quot;count&quot;:&quot;0&quot;,&quot;legendonly&quot;:&quot;&quot;,&quot;readonly&quot;:&quot;&quot;,&quot;score&quot;:&quot;0&quot;,&quot;starsonly&quot;:&quot;&quot;,&quot;best&quot;:&quot;5&quot;,&quot;gap&quot;:&quot;5&quot;,&quot;greet&quot;:&quot;Rate this post&quot;,&quot;legend&quot;:&quot;0\\\/5 - (0 votes)&quot;,&quot;size&quot;:&quot;24&quot;,&quot;width&quot;:&quot;0&quot;,&quot;_legend&quot;:&quot;{score}\\\/{best} - ({count} {votes})&quot;,&quot;font_factor&quot;:&quot;1.25&quot;}'>\n            \n<div class=\"kksr-stars\">\n    \n<div class=\"kksr-stars-inactive\">\n            <div class=\"kksr-star\" data-star=\"1\" style=\"padding-right: 5px\">\n            \n\n<div class=\"kksr-icon\" style=\"width: 24px; height: 24px;\"><\/div>\n        <\/div>\n            <div class=\"kksr-star\" data-star=\"2\" style=\"padding-right: 5px\">\n            \n\n<div class=\"kksr-icon\" style=\"width: 24px; height: 24px;\"><\/div>\n        <\/div>\n            <div class=\"kksr-star\" data-star=\"3\" style=\"padding-right: 5px\">\n            \n\n<div class=\"kksr-icon\" style=\"width: 24px; height: 24px;\"><\/div>\n        <\/div>\n            <div class=\"kksr-star\" data-star=\"4\" style=\"padding-right: 5px\">\n            \n\n<div class=\"kksr-icon\" style=\"width: 24px; height: 24px;\"><\/div>\n        <\/div>\n            <div class=\"kksr-star\" data-star=\"5\" style=\"padding-right: 5px\">\n            \n\n<div class=\"kksr-icon\" style=\"width: 24px; height: 24px;\"><\/div>\n        <\/div>\n    <\/div>\n    \n<div class=\"kksr-stars-active\" style=\"width: 0px;\">\n            <div class=\"kksr-star\" style=\"padding-right: 5px\">\n            \n\n<div class=\"kksr-icon\" style=\"width: 24px; height: 24px;\"><\/div>\n        <\/div>\n            <div class=\"kksr-star\" style=\"padding-right: 5px\">\n            \n\n<div class=\"kksr-icon\" style=\"width: 24px; height: 24px;\"><\/div>\n        <\/div>\n            <div class=\"kksr-star\" style=\"padding-right: 5px\">\n            \n\n<div class=\"kksr-icon\" style=\"width: 24px; height: 24px;\"><\/div>\n        <\/div>\n            <div class=\"kksr-star\" style=\"padding-right: 5px\">\n            \n\n<div class=\"kksr-icon\" style=\"width: 24px; height: 24px;\"><\/div>\n        <\/div>\n            <div class=\"kksr-star\" style=\"padding-right: 5px\">\n            \n\n<div class=\"kksr-icon\" style=\"width: 24px; height: 24px;\"><\/div>\n        <\/div>\n    <\/div>\n<\/div>\n                \n\n<div class=\"kksr-legend\" style=\"font-size: 19.2px;\">\n            <span class=\"kksr-muted\">Rate this post<\/span>\n    <\/div>\n    <\/div>\n","protected":false},"excerpt":{"rendered":"<p>Nosimy je latem i zim\u0105, cho\u0107 znacznie ch\u0119tniej i cz\u0119\u015bciej oczywi\u015bcie w upalne dni. Stanowi\u0105 nie tylko ochron\u0119 przed promieniowaniem UV dla naszych oczu , ale r\u00f3wnie\u017c mocny element naszej ca\u0142ej stylizacji. Niekt\u00f3rzy z nas nosz\u0105 je naprzemiennie z korekcyjnymi. O czym mowa? Oczywi\u015bcie o okularach przeciws\u0142onecznych 2022. Sprawd\u017a kt\u00f3re z nich warto mie\u0107.<\/p>\n","protected":false},"author":3,"featured_media":6124,"comment_status":"open","ping_status":"open","sticky":false,"template":"","format":"standard","meta":[],"categories":[3],"tags":[],"yoast_head":"<!-- This site is optimized with the Yoast SEO plugin v18.4.1 - https:\/\/yoast.com\/wordpress\/plugins\/seo\/ -->\n<title>Modne okulary przeciws\u0142oneczne 2023. Jakie modele wybra\u0107? - Pakuten blog<\/title>\n<meta name=\"description\" content=\"Nosimy je latem i zim\u0105, cho\u0107 znacznie ch\u0119tniej i cz\u0119\u015bciej oczywi\u015bcie w upalne dni. O czym mowa? Oczywi\u015bcie o okularach przeciws\u0142onecznych 2023. Sprawd\u017a kt\u00f3re z nich warto mie\u0107.\" \/>\n<meta name=\"robots\" content=\"index, follow, max-snippet:-1, max-image-preview:large, max-video-preview:-1\" \/>\n<link rel=\"canonical\" href=\"https:\/\/pakuten.pl\/blog\/modne-okulary-przeciwsloneczne-2023-jakie-modele-wybrac\/\" \/>\n<meta property=\"og:locale\" content=\"pl_PL\" \/>\n<meta property=\"og:type\" content=\"article\" \/>\n<meta property=\"og:title\" content=\"Modne okulary przeciws\u0142oneczne 2023. Jakie modele wybra\u0107? - Pakuten blog\" \/>\n<meta property=\"og:description\" content=\"Nosimy je latem i zim\u0105, cho\u0107 znacznie ch\u0119tniej i cz\u0119\u015bciej oczywi\u015bcie w upalne dni. O czym mowa? Oczywi\u015bcie o okularach przeciws\u0142onecznych 2023. Sprawd\u017a kt\u00f3re z nich warto mie\u0107.\" \/>\n<meta property=\"og:url\" content=\"https:\/\/pakuten.pl\/blog\/modne-okulary-przeciwsloneczne-2023-jakie-modele-wybrac\/\" \/>\n<meta property=\"og:site_name\" content=\"Pakuten blog\" \/>\n<meta property=\"article:published_time\" content=\"2023-05-19T11:02:00+00:00\" \/>\n<meta property=\"article:modified_time\" content=\"2023-05-19T09:58:53+00:00\" \/>\n<meta property=\"og:image\" content=\"https:\/\/pakuten.pl\/blog\/wp-content\/uploads\/2022\/05\/okulary-przeciwsloneczne.jpg\" \/>\n\t<meta property=\"og:image:width\" content=\"1280\" \/>\n\t<meta property=\"og:image:height\" content=\"854\" \/>\n\t<meta property=\"og:image:type\" content=\"image\/jpeg\" \/>\n<meta name=\"twitter:card\" content=\"summary_large_image\" \/>\n<meta name=\"twitter:label1\" content=\"Napisane przez\" \/>\n\t<meta name=\"twitter:data1\" content=\"Pakuten Girl\" \/>\n\t<meta name=\"twitter:label2\" content=\"Szacowany czas czytania\" \/>\n\t<meta name=\"twitter:data2\" content=\"6 minut\" \/>\n<script type=\"application\/ld+json\" class=\"yoast-schema-graph\">{\"@context\":\"https:\/\/schema.org\",\"@graph\":[{\"@type\":\"Organization\",\"@id\":\"https:\/\/pakuten.pl\/blog\/#organization\",\"name\":\"Pakuten\",\"url\":\"https:\/\/pakuten.pl\/blog\/\",\"sameAs\":[],\"logo\":{\"@type\":\"ImageObject\",\"@id\":\"https:\/\/pakuten.pl\/blog\/#logo\",\"inLanguage\":\"pl-PL\",\"url\":\"http:\/\/pakuten.pl\/blog\/wp-content\/uploads\/2018\/01\/pakuten_logo.png\",\"contentUrl\":\"http:\/\/pakuten.pl\/blog\/wp-content\/uploads\/2018\/01\/pakuten_logo.png\",\"width\":300,\"height\":120,\"caption\":\"Pakuten\"},\"image\":{\"@id\":\"https:\/\/pakuten.pl\/blog\/#logo\"}},{\"@type\":\"WebSite\",\"@id\":\"https:\/\/pakuten.pl\/blog\/#website\",\"url\":\"https:\/\/pakuten.pl\/blog\/\",\"name\":\"Pakuten blog\",\"description\":\"Blog sklepu internetowego pakuten.pl\",\"publisher\":{\"@id\":\"https:\/\/pakuten.pl\/blog\/#organization\"},\"potentialAction\":[{\"@type\":\"SearchAction\",\"target\":{\"@type\":\"EntryPoint\",\"urlTemplate\":\"https:\/\/pakuten.pl\/blog\/?s={search_term_string}\"},\"query-input\":\"required name=search_term_string\"}],\"inLanguage\":\"pl-PL\"},{\"@type\":\"ImageObject\",\"@id\":\"https:\/\/pakuten.pl\/blog\/modne-okulary-przeciwsloneczne-2023-jakie-modele-wybrac\/#primaryimage\",\"inLanguage\":\"pl-PL\",\"url\":\"https:\/\/pakuten.pl\/blog\/wp-content\/uploads\/2022\/05\/okulary-przeciwsloneczne.jpg\",\"contentUrl\":\"https:\/\/pakuten.pl\/blog\/wp-content\/uploads\/2022\/05\/okulary-przeciwsloneczne.jpg\",\"width\":1280,\"height\":854},{\"@type\":\"WebPage\",\"@id\":\"https:\/\/pakuten.pl\/blog\/modne-okulary-przeciwsloneczne-2023-jakie-modele-wybrac\/#webpage\",\"url\":\"https:\/\/pakuten.pl\/blog\/modne-okulary-przeciwsloneczne-2023-jakie-modele-wybrac\/\",\"name\":\"Modne okulary przeciws\u0142oneczne 2023. Jakie modele wybra\u0107? - Pakuten blog\",\"isPartOf\":{\"@id\":\"https:\/\/pakuten.pl\/blog\/#website\"},\"primaryImageOfPage\":{\"@id\":\"https:\/\/pakuten.pl\/blog\/modne-okulary-przeciwsloneczne-2023-jakie-modele-wybrac\/#primaryimage\"},\"datePublished\":\"2023-05-19T11:02:00+00:00\",\"dateModified\":\"2023-05-19T09:58:53+00:00\",\"description\":\"Nosimy je latem i zim\u0105, cho\u0107 znacznie ch\u0119tniej i cz\u0119\u015bciej oczywi\u015bcie w upalne dni. O czym mowa? Oczywi\u015bcie o okularach przeciws\u0142onecznych 2023. Sprawd\u017a kt\u00f3re z nich warto mie\u0107.\",\"breadcrumb\":{\"@id\":\"https:\/\/pakuten.pl\/blog\/modne-okulary-przeciwsloneczne-2023-jakie-modele-wybrac\/#breadcrumb\"},\"inLanguage\":\"pl-PL\",\"potentialAction\":[{\"@type\":\"ReadAction\",\"target\":[\"https:\/\/pakuten.pl\/blog\/modne-okulary-przeciwsloneczne-2023-jakie-modele-wybrac\/\"]}]},{\"@type\":\"BreadcrumbList\",\"@id\":\"https:\/\/pakuten.pl\/blog\/modne-okulary-przeciwsloneczne-2023-jakie-modele-wybrac\/#breadcrumb\",\"itemListElement\":[{\"@type\":\"ListItem\",\"position\":1,\"name\":\"Strona g\u0142\u00f3wna\",\"item\":\"https:\/\/pakuten.pl\/blog\/\"},{\"@type\":\"ListItem\",\"position\":2,\"name\":\"Modne okulary przeciws\u0142oneczne 2023. Jakie modele wybra\u0107?\"}]},{\"@type\":\"Article\",\"@id\":\"https:\/\/pakuten.pl\/blog\/modne-okulary-przeciwsloneczne-2023-jakie-modele-wybrac\/#article\",\"isPartOf\":{\"@id\":\"https:\/\/pakuten.pl\/blog\/modne-okulary-przeciwsloneczne-2023-jakie-modele-wybrac\/#webpage\"},\"author\":{\"@id\":\"https:\/\/pakuten.pl\/blog\/#\/schema\/person\/d7133af30211381a4e4536d088384556\"},\"headline\":\"Modne okulary przeciws\u0142oneczne 2023. Jakie modele wybra\u0107?\",\"datePublished\":\"2023-05-19T11:02:00+00:00\",\"dateModified\":\"2023-05-19T09:58:53+00:00\",\"mainEntityOfPage\":{\"@id\":\"https:\/\/pakuten.pl\/blog\/modne-okulary-przeciwsloneczne-2023-jakie-modele-wybrac\/#webpage\"},\"wordCount\":1153,\"commentCount\":0,\"publisher\":{\"@id\":\"https:\/\/pakuten.pl\/blog\/#organization\"},\"image\":{\"@id\":\"https:\/\/pakuten.pl\/blog\/modne-okulary-przeciwsloneczne-2023-jakie-modele-wybrac\/#primaryimage\"},\"thumbnailUrl\":\"https:\/\/pakuten.pl\/blog\/wp-content\/uploads\/2022\/05\/okulary-przeciwsloneczne.jpg\",\"articleSection\":[\"Top Trends\"],\"inLanguage\":\"pl-PL\",\"potentialAction\":[{\"@type\":\"CommentAction\",\"name\":\"Comment\",\"target\":[\"https:\/\/pakuten.pl\/blog\/modne-okulary-przeciwsloneczne-2023-jakie-modele-wybrac\/#respond\"]}]},{\"@type\":\"Person\",\"@id\":\"https:\/\/pakuten.pl\/blog\/#\/schema\/person\/d7133af30211381a4e4536d088384556\",\"name\":\"Pakuten Girl\",\"image\":{\"@type\":\"ImageObject\",\"@id\":\"https:\/\/pakuten.pl\/blog\/#personlogo\",\"inLanguage\":\"pl-PL\",\"url\":\"https:\/\/secure.gravatar.com\/avatar\/d3df41de2caf92e6cfded9430c2ff352?s=96&d=mm&r=g\",\"contentUrl\":\"https:\/\/secure.gravatar.com\/avatar\/d3df41de2caf92e6cfded9430c2ff352?s=96&d=mm&r=g\",\"caption\":\"Pakuten Girl\"},\"description\":\"Cze\u015b\u0107, nazywam si\u0119 Ola. Kocham Netflixa, sals\u0119, nowo\u015bci kosmetyczne i najnowsze trendy w modzie.\",\"url\":\"https:\/\/pakuten.pl\/blog\/author\/pakuten-girl\/\"}]}<\/script>\n<!-- \/ Yoast SEO plugin. -->","yoast_head_json":{"title":"Modne okulary przeciws\u0142oneczne 2023. Jakie modele wybra\u0107? - Pakuten blog","description":"Nosimy je latem i zim\u0105, cho\u0107 znacznie ch\u0119tniej i cz\u0119\u015bciej oczywi\u015bcie w upalne dni. O czym mowa? Oczywi\u015bcie o okularach przeciws\u0142onecznych 2023. Sprawd\u017a kt\u00f3re z nich warto mie\u0107.","robots":{"index":"index","follow":"follow","max-snippet":"max-snippet:-1","max-image-preview":"max-image-preview:large","max-video-preview":"max-video-preview:-1"},"canonical":"https:\/\/pakuten.pl\/blog\/modne-okulary-przeciwsloneczne-2023-jakie-modele-wybrac\/","og_locale":"pl_PL","og_type":"article","og_title":"Modne okulary przeciws\u0142oneczne 2023. Jakie modele wybra\u0107? - Pakuten blog","og_description":"Nosimy je latem i zim\u0105, cho\u0107 znacznie ch\u0119tniej i cz\u0119\u015bciej oczywi\u015bcie w upalne dni. O czym mowa? Oczywi\u015bcie o okularach przeciws\u0142onecznych 2023. Sprawd\u017a kt\u00f3re z nich warto mie\u0107.","og_url":"https:\/\/pakuten.pl\/blog\/modne-okulary-przeciwsloneczne-2023-jakie-modele-wybrac\/","og_site_name":"Pakuten blog","article_published_time":"2023-05-19T11:02:00+00:00","article_modified_time":"2023-05-19T09:58:53+00:00","og_image":[{"width":1280,"height":854,"url":"https:\/\/pakuten.pl\/blog\/wp-content\/uploads\/2022\/05\/okulary-przeciwsloneczne.jpg","type":"image\/jpeg"}],"twitter_card":"summary_large_image","twitter_misc":{"Napisane przez":"Pakuten Girl","Szacowany czas czytania":"6 minut"},"schema":{"@context":"https:\/\/schema.org","@graph":[{"@type":"Organization","@id":"https:\/\/pakuten.pl\/blog\/#organization","name":"Pakuten","url":"https:\/\/pakuten.pl\/blog\/","sameAs":[],"logo":{"@type":"ImageObject","@id":"https:\/\/pakuten.pl\/blog\/#logo","inLanguage":"pl-PL","url":"http:\/\/pakuten.pl\/blog\/wp-content\/uploads\/2018\/01\/pakuten_logo.png","contentUrl":"http:\/\/pakuten.pl\/blog\/wp-content\/uploads\/2018\/01\/pakuten_logo.png","width":300,"height":120,"caption":"Pakuten"},"image":{"@id":"https:\/\/pakuten.pl\/blog\/#logo"}},{"@type":"WebSite","@id":"https:\/\/pakuten.pl\/blog\/#website","url":"https:\/\/pakuten.pl\/blog\/","name":"Pakuten blog","description":"Blog sklepu internetowego pakuten.pl","publisher":{"@id":"https:\/\/pakuten.pl\/blog\/#organization"},"potentialAction":[{"@type":"SearchAction","target":{"@type":"EntryPoint","urlTemplate":"https:\/\/pakuten.pl\/blog\/?s={search_term_string}"},"query-input":"required name=search_term_string"}],"inLanguage":"pl-PL"},{"@type":"ImageObject","@id":"https:\/\/pakuten.pl\/blog\/modne-okulary-przeciwsloneczne-2023-jakie-modele-wybrac\/#primaryimage","inLanguage":"pl-PL","url":"https:\/\/pakuten.pl\/blog\/wp-content\/uploads\/2022\/05\/okulary-przeciwsloneczne.jpg","contentUrl":"https:\/\/pakuten.pl\/blog\/wp-content\/uploads\/2022\/05\/okulary-przeciwsloneczne.jpg","width":1280,"height":854},{"@type":"WebPage","@id":"https:\/\/pakuten.pl\/blog\/modne-okulary-przeciwsloneczne-2023-jakie-modele-wybrac\/#webpage","url":"https:\/\/pakuten.pl\/blog\/modne-okulary-przeciwsloneczne-2023-jakie-modele-wybrac\/","name":"Modne okulary przeciws\u0142oneczne 2023. Jakie modele wybra\u0107? - Pakuten blog","isPartOf":{"@id":"https:\/\/pakuten.pl\/blog\/#website"},"primaryImageOfPage":{"@id":"https:\/\/pakuten.pl\/blog\/modne-okulary-przeciwsloneczne-2023-jakie-modele-wybrac\/#primaryimage"},"datePublished":"2023-05-19T11:02:00+00:00","dateModified":"2023-05-19T09:58:53+00:00","description":"Nosimy je latem i zim\u0105, cho\u0107 znacznie ch\u0119tniej i cz\u0119\u015bciej oczywi\u015bcie w upalne dni. O czym mowa? Oczywi\u015bcie o okularach przeciws\u0142onecznych 2023. Sprawd\u017a kt\u00f3re z nich warto mie\u0107.","breadcrumb":{"@id":"https:\/\/pakuten.pl\/blog\/modne-okulary-przeciwsloneczne-2023-jakie-modele-wybrac\/#breadcrumb"},"inLanguage":"pl-PL","potentialAction":[{"@type":"ReadAction","target":["https:\/\/pakuten.pl\/blog\/modne-okulary-przeciwsloneczne-2023-jakie-modele-wybrac\/"]}]},{"@type":"BreadcrumbList","@id":"https:\/\/pakuten.pl\/blog\/modne-okulary-przeciwsloneczne-2023-jakie-modele-wybrac\/#breadcrumb","itemListElement":[{"@type":"ListItem","position":1,"name":"Strona g\u0142\u00f3wna","item":"https:\/\/pakuten.pl\/blog\/"},{"@type":"ListItem","position":2,"name":"Modne okulary przeciws\u0142oneczne 2023. Jakie modele wybra\u0107?"}]},{"@type":"Article","@id":"https:\/\/pakuten.pl\/blog\/modne-okulary-przeciwsloneczne-2023-jakie-modele-wybrac\/#article","isPartOf":{"@id":"https:\/\/pakuten.pl\/blog\/modne-okulary-przeciwsloneczne-2023-jakie-modele-wybrac\/#webpage"},"author":{"@id":"https:\/\/pakuten.pl\/blog\/#\/schema\/person\/d7133af30211381a4e4536d088384556"},"headline":"Modne okulary przeciws\u0142oneczne 2023. Jakie modele wybra\u0107?","datePublished":"2023-05-19T11:02:00+00:00","dateModified":"2023-05-19T09:58:53+00:00","mainEntityOfPage":{"@id":"https:\/\/pakuten.pl\/blog\/modne-okulary-przeciwsloneczne-2023-jakie-modele-wybrac\/#webpage"},"wordCount":1153,"commentCount":0,"publisher":{"@id":"https:\/\/pakuten.pl\/blog\/#organization"},"image":{"@id":"https:\/\/pakuten.pl\/blog\/modne-okulary-przeciwsloneczne-2023-jakie-modele-wybrac\/#primaryimage"},"thumbnailUrl":"https:\/\/pakuten.pl\/blog\/wp-content\/uploads\/2022\/05\/okulary-przeciwsloneczne.jpg","articleSection":["Top Trends"],"inLanguage":"pl-PL","potentialAction":[{"@type":"CommentAction","name":"Comment","target":["https:\/\/pakuten.pl\/blog\/modne-okulary-przeciwsloneczne-2023-jakie-modele-wybrac\/#respond"]}]},{"@type":"Person","@id":"https:\/\/pakuten.pl\/blog\/#\/schema\/person\/d7133af30211381a4e4536d088384556","name":"Pakuten Girl","image":{"@type":"ImageObject","@id":"https:\/\/pakuten.pl\/blog\/#personlogo","inLanguage":"pl-PL","url":"https:\/\/secure.gravatar.com\/avatar\/d3df41de2caf92e6cfded9430c2ff352?s=96&d=mm&r=g","contentUrl":"https:\/\/secure.gravatar.com\/avatar\/d3df41de2caf92e6cfded9430c2ff352?s=96&d=mm&r=g","caption":"Pakuten Girl"},"description":"Cze\u015b\u0107, nazywam si\u0119 Ola. Kocham Netflixa, sals\u0119, nowo\u015bci kosmetyczne i najnowsze trendy w modzie.","url":"https:\/\/pakuten.pl\/blog\/author\/pakuten-girl\/"}]}},"_links":{"self":[{"href":"https:\/\/pakuten.pl\/blog\/wp-json\/wp\/v2\/posts\/6120"}],"collection":[{"href":"https:\/\/pakuten.pl\/blog\/wp-json\/wp\/v2\/posts"}],"about":[{"href":"https:\/\/pakuten.pl\/blog\/wp-json\/wp\/v2\/types\/post"}],"author":[{"embeddable":true,"href":"https:\/\/pakuten.pl\/blog\/wp-json\/wp\/v2\/users\/3"}],"replies":[{"embeddable":true,"href":"https:\/\/pakuten.pl\/blog\/wp-json\/wp\/v2\/comments?post=6120"}],"version-history":[{"count":4,"href":"https:\/\/pakuten.pl\/blog\/wp-json\/wp\/v2\/posts\/6120\/revisions"}],"predecessor-version":[{"id":7675,"href":"https:\/\/pakuten.pl\/blog\/wp-json\/wp\/v2\/posts\/6120\/revisions\/7675"}],"wp:featuredmedia":[{"embeddable":true,"href":"https:\/\/pakuten.pl\/blog\/wp-json\/wp\/v2\/media\/6124"}],"wp:attachment":[{"href":"https:\/\/pakuten.pl\/blog\/wp-json\/wp\/v2\/media?parent=6120"}],"wp:term":[{"taxonomy":"category","embeddable":true,"href":"https:\/\/pakuten.pl\/blog\/wp-json\/wp\/v2\/categories?post=6120"},{"taxonomy":"post_tag","embeddable":true,"href":"https:\/\/pakuten.pl\/blog\/wp-json\/wp\/v2\/tags?post=6120"}],"curies":[{"name":"wp","href":"https:\/\/api.w.org\/{rel}","templated":true}]}}