{"id":622,"date":"2018-03-27T10:56:23","date_gmt":"2018-03-27T08:56:23","guid":{"rendered":"http:\/\/pakuten.pl\/blog\/?p=622"},"modified":"2021-09-15T09:50:55","modified_gmt":"2021-09-15T07:50:55","slug":"anja-rubik-styl-modelki-w-kilku-odslonach","status":"publish","type":"post","link":"https:\/\/pakuten.pl\/blog\/anja-rubik-styl-modelki-w-kilku-odslonach\/","title":{"rendered":"Anja Rubik &#8211; styl modelki w kilku ods\u0142onach"},"content":{"rendered":"<p><strong>Anja Rubik to bez w\u0105tpienia najbardziej znana polska modelka. Jest muz\u0105 wielu projektant\u00f3w, w tym mi\u0119dzy innymi Anthony\u2019ego Vaccarello, czy Karla Lagerfelda. By\u0142o jasne, \u017ce w\u0142a\u015bnie ona musia\u0142a pojawi\u0107 si\u0119 na ok\u0142adce pierwszego numeru polskiego Vogue\u2019a! Styl modelki inspiruje kobiety na ca\u0142ym \u015bwiecie. Dzisiaj rozk\u0142adamy go na czynniki pierwsze, \u017ceby\u015b i Ty mog\u0142a z niego czerpa\u0107 inspiracje.<\/strong><\/p>\n<h2>Styl vintage z rockowym pazurem<\/h2>\n<p>Pomimo androgynicznej, delikatnej urody, Anja Rubik s\u0142ynie z zami\u0142owania do czerni i rockowych klimat\u00f3w. <strong><a href=\"https:\/\/pakuten.pl\/48-kurtki-damskie\"><span style=\"color: #ff9900;\">Sk\u00f3rzane kurtki <\/span><\/a><\/strong>oraz spodnie s\u0105 podstawowym elementem jej garderoby. Styl lat 70. i 90. cz\u0119sto jest widoczny w jej stylizacjach, zw\u0142aszcza w casualowej ods\u0142onie. Jak ka\u017cda modelka, Anja lubi eksponowa\u0107 swoje d\u0142ugie i zgrabne nogi. Robi to, zak\u0142adaj\u0105c <span style=\"color: #ff9900;\"><strong><a style=\"color: #ff9900;\" href=\"https:\/\/pakuten.pl\/113-spodnie-jeansowe\">obcis\u0142e skinny jeans<\/a><\/strong><\/span>, a w lecie pozwala sobie na <strong><span style=\"color: #ff9900;\"><a style=\"color: #ff9900;\" href=\"https:\/\/pakuten.pl\/24-spodenki\" target=\"_blank\" rel=\"noopener\">szorty<\/a><\/span><\/strong>, w kt\u00f3rych wygl\u0105da osza\u0142amiaj\u0105co.<\/p>\n<blockquote class=\"instagram-media\" style=\"background: #FFF; border: 0; border-radius: 3px; box-shadow: 0 0 1px 0 rgba(0,0,0,0.5),0 1px 10px 0 rgba(0,0,0,0.15); margin: 1px; max-width: 658px; padding: 0; width: calc(100% - 2px);\" data-instgrm-captioned=\"\" data-instgrm-permalink=\"https:\/\/www.instagram.com\/p\/BZtT9T6gB2x\/\" data-instgrm-version=\"8\">\n<div style=\"padding: 8px;\">\n<div style=\"background: #F8F8F8; line-height: 0; margin-top: 40px; padding: 62.46987951807229% 0; text-align: center; width: 100%;\">\n<div style=\"background: url(data:image\/png; base64,ivborw0kggoaaaansuheugaaacwaaaascamaaaapwqozaaaabgdbtueaalgpc\/xhbqaaaafzukdcak7ohokaaaamuexurczmzpf399fx1+bm5mzy9amaaadisurbvdjlvzxbesmgces5\/p8\/t9furvcrmu73jwlzosgsiizurcjo\/ad+eqjjb4hv8bft+idpqocx1wjosbfhh2xssxeiyn3uli\/6mnree07uiwjev8ueowds88ly97kqytlijkktuybbruayvh5wohixmpi5we58ek028czwyuqdlkpg1bkb4nnm+veanfhqn1k4+gpt6ugqcvu2h2ovuif\/gwufyy8owepdyzsa3avcqpvovvzzz2vtnn2wu8qzvjddeto90gsy9mvlqtgysy231mxry6i2ggqjrty0l8fxcxfcbbhwrsyyaaaaaelftksuqmcc); display: block; height: 44px; margin: 0 auto -44px; position: relative; top: -22px; width: 44px;\"><\/div>\n<\/div>\n<p style=\"margin: 8px 0 0 0; padding: 0 4px;\"><a style=\"color: #000; font-family: Arial,sans-serif; font-size: 14px; font-style: normal; font-weight: normal; line-height: 17px; text-decoration: none; word-wrap: break-word;\" href=\"https:\/\/www.instagram.com\/p\/BZtT9T6gB2x\/\" target=\"_blank\" rel=\"noopener\">Pre-Versace show in Milan still in my old hair cut and color.<\/a><\/p>\n<p style=\"color: #c9c8cd; font-family: Arial,sans-serif; font-size: 14px; line-height: 17px; margin-bottom: 0; margin-top: 8px; overflow: hidden; padding: 8px 0 7px; text-align: center; text-overflow: ellipsis; white-space: nowrap;\">Post udost\u0119pniony przez <a style=\"color: #c9c8cd; font-family: Arial,sans-serif; font-size: 14px; font-style: normal; font-weight: normal; line-height: 17px;\" href=\"https:\/\/www.instagram.com\/anja_rubik\/\" target=\"_blank\" rel=\"noopener\"> Anja Rubik<\/a> (@anja_rubik) <time style=\"font-family: Arial,sans-serif; font-size: 14px; line-height: 17px;\" datetime=\"2017-10-01T14:01:19+00:00\">Pa\u017a 1, 2017 o 7:01 PDT<\/time><\/p>\n<\/div>\n<\/blockquote>\n<p><script async=\"\" defer=\"\" src=\"\/\/www.instagram.com\/embed.js\"><\/script><\/p>\n<blockquote class=\"instagram-media\" style=\"background: #FFF; border: 0; border-radius: 3px; box-shadow: 0 0 1px 0 rgba(0,0,0,0.5),0 1px 10px 0 rgba(0,0,0,0.15); margin: 1px; max-width: 658px; padding: 0; width: calc(100% - 2px);\" data-instgrm-captioned=\"\" data-instgrm-permalink=\"https:\/\/www.instagram.com\/p\/BUeKtLvAiLY\/\" data-instgrm-version=\"8\">\n<div style=\"padding: 8px;\">\n<div style=\"background: #F8F8F8; line-height: 0; margin-top: 40px; padding: 62.5% 0; text-align: center; width: 100%;\">\n<div style=\"background: url(data:image\/png; base64,ivborw0kggoaaaansuheugaaacwaaaascamaaaapwqozaaaabgdbtueaalgpc\/xhbqaaaafzukdcak7ohokaaaamuexurczmzpf399fx1+bm5mzy9amaaadisurbvdjlvzxbesmgces5\/p8\/t9furvcrmu73jwlzosgsiizurcjo\/ad+eqjjb4hv8bft+idpqocx1wjosbfhh2xssxeiyn3uli\/6mnree07uiwjev8ueowds88ly97kqytlijkktuybbruayvh5wohixmpi5we58ek028czwyuqdlkpg1bkb4nnm+veanfhqn1k4+gpt6ugqcvu2h2ovuif\/gwufyy8owepdyzsa3avcqpvovvzzz2vtnn2wu8qzvjddeto90gsy9mvlqtgysy231mxry6i2ggqjrty0l8fxcxfcbbhwrsyyaaaaaelftksuqmcc); display: block; height: 44px; margin: 0 auto -44px; position: relative; top: -22px; width: 44px;\"><\/div>\n<\/div>\n<p style=\"margin: 8px 0 0 0; padding: 0 4px;\"><a style=\"color: #000; font-family: Arial,sans-serif; font-size: 14px; font-style: normal; font-weight: normal; line-height: 17px; text-decoration: none; word-wrap: break-word;\" href=\"https:\/\/www.instagram.com\/p\/BUeKtLvAiLY\/\" target=\"_blank\" rel=\"noopener\">Attending the 70th Anniversary dinner in Cannes. Best night of the week! #festivaldecannes #Cannes17 #ysl<\/a><\/p>\n<p style=\"color: #c9c8cd; font-family: Arial,sans-serif; font-size: 14px; line-height: 17px; margin-bottom: 0; margin-top: 8px; overflow: hidden; padding: 8px 0 7px; text-align: center; text-overflow: ellipsis; white-space: nowrap;\">Post udost\u0119pniony przez <a style=\"color: #c9c8cd; font-family: Arial,sans-serif; font-size: 14px; font-style: normal; font-weight: normal; line-height: 17px;\" href=\"https:\/\/www.instagram.com\/anja_rubik\/\" target=\"_blank\" rel=\"noopener\"> Anja Rubik<\/a> (@anja_rubik) <time style=\"font-family: Arial,sans-serif; font-size: 14px; line-height: 17px;\" datetime=\"2017-05-24T10:14:54+00:00\">Maj 24, 2017 o 3:14 PDT<\/time><\/p>\n<\/div>\n<\/blockquote>\n<p><script async=\"\" defer=\"\" src=\"\/\/www.instagram.com\/embed.js\"><\/script><\/p>\n<p>Na wielkie wyj\u015bcia i specjalne okazje wybiera kreacje od swoich ulubionych projektant\u00f3w, Saint Laurent, Roberto Cavalli, czy Balmain, kt\u00f3rzy s\u0142yn\u0105 z kobiecych projekt\u00f3w z charakterem. Do seksownych kreacji modelka dodaje <span style=\"color: #ff9900;\"><strong><a style=\"color: #ff9900;\" href=\"https:\/\/pakuten.pl\/87-buty\">wysokie szpilki<\/a><\/strong><\/span>, mocno podkre\u015bla oczy i kiedy pojawia si\u0119 na czerwonym dywanie, wszyscy ogl\u0105daj\u0105 si\u0119 tylko za ni\u0105.<\/p>\n<div class=\"product-box-container\">\r\n<div class=\"product-box\">\r\n<div class=\"product-box-image\">\r\n<a href=\"\">\r\n<img src=\"\"  alt=\"\"\/>\r\n<\/a>\r\n<\/div>\r\n<p>\r\n<a href=\"\">\r\n\r\n<\/a><\/p>\r\n  <p>Cena: <\/p>\r\n<a href=\"\" class=\"button\">\r\nZobacz w sklepie\r\n<\/a>\r\n<\/div>\r\n<\/div>\n<h2>Anja Rubik kocha styl lat 90.<\/h2>\n<p>Jednak Anja potrafi z\u0142ama\u0107 niejedno serce r\u00f3wnie\u017c w codziennych stylizacjach. Jak przysta\u0142o na modelk\u0119 umiej\u0119tnie \u0142\u0105czy styl vintage ze wsp\u00f3\u0142czesnymi projektami. Cz\u0119sto inspiruje j\u0105 styl lat 70, w kt\u00f3rym dla siebie znalaz\u0142a d\u0142ugie <span style=\"color: #ff9900;\"><strong><a style=\"color: #ff9900;\" href=\"https:\/\/pakuten.pl\/67-sukienki-letnie\">zwiewne sukienki z przezroczystego materia\u0142u<\/a><\/strong><\/span> i\u00a0 zamszowe p\u0142aszcze, w kt\u00f3rych cz\u0119sto mo\u017cemy j\u0105 zobaczy\u0107 w wersji oficjalnej i casualowej. Styl lat 70. to przede wszystkim komfort i wygoda, dlatego Anja na co dzie\u0144 wybiera <strong><span style=\"color: #ff9900;\"><a style=\"color: #ff9900;\" href=\"https:\/\/pakuten.pl\/17-bluzki\">wygodne bluzki<\/a><\/span><\/strong> oraz kobiece T-shirty, kt\u00f3re w lecie nosi bez \u017cadnych dodatk\u00f3w, a w ch\u0142odniejsze miesi\u0105ce \u0142\u0105czy z ulubionym p\u0142aszczem, lub czarn\u0105 marynark\u0105.<\/p>\n<blockquote class=\"instagram-media\" style=\"background: #FFF; border: 0; border-radius: 3px; box-shadow: 0 0 1px 0 rgba(0,0,0,0.5),0 1px 10px 0 rgba(0,0,0,0.15); margin: 1px; max-width: 658px; padding: 0; width: calc(100% - 2px);\" data-instgrm-captioned=\"\" data-instgrm-permalink=\"https:\/\/www.instagram.com\/p\/7LE3PGFHMn\/\" data-instgrm-version=\"8\">\n<div style=\"padding: 8px;\">\n<div style=\"background: #F8F8F8; line-height: 0; margin-top: 40px; padding: 50.0% 0; text-align: center; width: 100%;\">\n<div style=\"background: url(data:image\/png; base64,ivborw0kggoaaaansuheugaaacwaaaascamaaaapwqozaaaabgdbtueaalgpc\/xhbqaaaafzukdcak7ohokaaaamuexurczmzpf399fx1+bm5mzy9amaaadisurbvdjlvzxbesmgces5\/p8\/t9furvcrmu73jwlzosgsiizurcjo\/ad+eqjjb4hv8bft+idpqocx1wjosbfhh2xssxeiyn3uli\/6mnree07uiwjev8ueowds88ly97kqytlijkktuybbruayvh5wohixmpi5we58ek028czwyuqdlkpg1bkb4nnm+veanfhqn1k4+gpt6ugqcvu2h2ovuif\/gwufyy8owepdyzsa3avcqpvovvzzz2vtnn2wu8qzvjddeto90gsy9mvlqtgysy231mxry6i2ggqjrty0l8fxcxfcbbhwrsyyaaaaaelftksuqmcc); display: block; height: 44px; margin: 0 auto -44px; position: relative; top: -22px; width: 44px;\"><\/div>\n<\/div>\n<p style=\"margin: 8px 0 0 0; padding: 0 4px;\"><a style=\"color: #000; font-family: Arial,sans-serif; font-size: 14px; font-style: normal; font-weight: normal; line-height: 17px; text-decoration: none; word-wrap: break-word;\" href=\"https:\/\/www.instagram.com\/p\/7LE3PGFHMn\/\" target=\"_blank\" rel=\"noopener\">Still now my best vintage find ..Victorian lace dress<\/a><\/p>\n<p style=\"color: #c9c8cd; font-family: Arial,sans-serif; font-size: 14px; line-height: 17px; margin-bottom: 0; margin-top: 8px; overflow: hidden; padding: 8px 0 7px; text-align: center; text-overflow: ellipsis; white-space: nowrap;\">Post udost\u0119pniony przez <a style=\"color: #c9c8cd; font-family: Arial,sans-serif; font-size: 14px; font-style: normal; font-weight: normal; line-height: 17px;\" href=\"https:\/\/www.instagram.com\/anja_rubik\/\" target=\"_blank\" rel=\"noopener\"> Anja Rubik<\/a> (@anja_rubik) <time style=\"font-family: Arial,sans-serif; font-size: 14px; line-height: 17px;\" datetime=\"2015-09-03T15:13:25+00:00\">Wrz 3, 2015 o 8:13 PDT<\/time><\/p>\n<\/div>\n<\/blockquote>\n<p><script async=\"\" defer=\"\" src=\"\/\/www.instagram.com\/embed.js\"><\/script><\/p>\n<blockquote class=\"instagram-media\" style=\"background: #FFF; border: 0; border-radius: 3px; box-shadow: 0 0 1px 0 rgba(0,0,0,0.5),0 1px 10px 0 rgba(0,0,0,0.15); margin: 1px; max-width: 658px; padding: 0; width: calc(100% - 2px);\" data-instgrm-captioned=\"\" data-instgrm-permalink=\"https:\/\/www.instagram.com\/p\/sxEH1HlHCF\/\" data-instgrm-version=\"8\">\n<div style=\"padding: 8px;\">\n<div style=\"background: #F8F8F8; line-height: 0; margin-top: 40px; padding: 50% 0; text-align: center; width: 100%;\">\n<div style=\"background: url(data:image\/png; base64,ivborw0kggoaaaansuheugaaacwaaaascamaaaapwqozaaaabgdbtueaalgpc\/xhbqaaaafzukdcak7ohokaaaamuexurczmzpf399fx1+bm5mzy9amaaadisurbvdjlvzxbesmgces5\/p8\/t9furvcrmu73jwlzosgsiizurcjo\/ad+eqjjb4hv8bft+idpqocx1wjosbfhh2xssxeiyn3uli\/6mnree07uiwjev8ueowds88ly97kqytlijkktuybbruayvh5wohixmpi5we58ek028czwyuqdlkpg1bkb4nnm+veanfhqn1k4+gpt6ugqcvu2h2ovuif\/gwufyy8owepdyzsa3avcqpvovvzzz2vtnn2wu8qzvjddeto90gsy9mvlqtgysy231mxry6i2ggqjrty0l8fxcxfcbbhwrsyyaaaaaelftksuqmcc); display: block; height: 44px; margin: 0 auto -44px; position: relative; top: -22px; width: 44px;\"><\/div>\n<\/div>\n<p style=\"margin: 8px 0 0 0; padding: 0 4px;\"><a style=\"color: #000; font-family: Arial,sans-serif; font-size: 14px; font-style: normal; font-weight: normal; line-height: 17px; text-decoration: none; word-wrap: break-word;\" href=\"https:\/\/www.instagram.com\/p\/sxEH1HlHCF\/\" target=\"_blank\" rel=\"noopener\">Bit lost in Brooklyn .. #blkdnm #balmain #church&#8217;s #brooklyn<\/a><\/p>\n<p style=\"color: #c9c8cd; font-family: Arial,sans-serif; font-size: 14px; line-height: 17px; margin-bottom: 0; margin-top: 8px; overflow: hidden; padding: 8px 0 7px; text-align: center; text-overflow: ellipsis; white-space: nowrap;\">Post udost\u0119pniony przez <a style=\"color: #c9c8cd; font-family: Arial,sans-serif; font-size: 14px; font-style: normal; font-weight: normal; line-height: 17px;\" href=\"https:\/\/www.instagram.com\/anja_rubik\/\" target=\"_blank\" rel=\"noopener\"> Anja Rubik<\/a> (@anja_rubik) <time style=\"font-family: Arial,sans-serif; font-size: 14px; line-height: 17px;\" datetime=\"2014-09-10T13:27:10+00:00\">Wrz 10, 2014 o 6:27 PDT<\/time><\/p>\n<\/div>\n<\/blockquote>\n<p><script async=\"\" defer=\"\" src=\"\/\/www.instagram.com\/embed.js\"><\/script><\/p>\n<blockquote class=\"instagram-media\" style=\"background: #FFF; border: 0; border-radius: 3px; box-shadow: 0 0 1px 0 rgba(0,0,0,0.5),0 1px 10px 0 rgba(0,0,0,0.15); margin: 1px; max-width: 658px; padding: 0; width: calc(100% - 2px);\" data-instgrm-captioned=\"\" data-instgrm-permalink=\"https:\/\/www.instagram.com\/p\/BRDgpwrglyd\/\" data-instgrm-version=\"8\">\n<div style=\"padding: 8px;\">\n<div style=\"background: #F8F8F8; line-height: 0; margin-top: 40px; padding: 54.96503496503497% 0; text-align: center; width: 100%;\">\n<div style=\"background: url(data:image\/png; base64,ivborw0kggoaaaansuheugaaacwaaaascamaaaapwqozaaaabgdbtueaalgpc\/xhbqaaaafzukdcak7ohokaaaamuexurczmzpf399fx1+bm5mzy9amaaadisurbvdjlvzxbesmgces5\/p8\/t9furvcrmu73jwlzosgsiizurcjo\/ad+eqjjb4hv8bft+idpqocx1wjosbfhh2xssxeiyn3uli\/6mnree07uiwjev8ueowds88ly97kqytlijkktuybbruayvh5wohixmpi5we58ek028czwyuqdlkpg1bkb4nnm+veanfhqn1k4+gpt6ugqcvu2h2ovuif\/gwufyy8owepdyzsa3avcqpvovvzzz2vtnn2wu8qzvjddeto90gsy9mvlqtgysy231mxry6i2ggqjrty0l8fxcxfcbbhwrsyyaaaaaelftksuqmcc); display: block; height: 44px; margin: 0 auto -44px; position: relative; top: -22px; width: 44px;\"><\/div>\n<\/div>\n<p style=\"margin: 8px 0 0 0; padding: 0 4px;\"><a style=\"color: #000; font-family: Arial,sans-serif; font-size: 14px; font-style: normal; font-weight: normal; line-height: 17px; text-decoration: none; word-wrap: break-word;\" href=\"https:\/\/www.instagram.com\/p\/BRDgpwrglyd\/\" target=\"_blank\" rel=\"noopener\">On my way to a show during fashion week Milano<\/a><\/p>\n<p style=\"color: #c9c8cd; font-family: Arial,sans-serif; font-size: 14px; line-height: 17px; margin-bottom: 0; margin-top: 8px; overflow: hidden; padding: 8px 0 7px; text-align: center; text-overflow: ellipsis; white-space: nowrap;\">Post udost\u0119pniony przez <a style=\"color: #c9c8cd; font-family: Arial,sans-serif; font-size: 14px; font-style: normal; font-weight: normal; line-height: 17px;\" href=\"https:\/\/www.instagram.com\/anja_rubik\/\" target=\"_blank\" rel=\"noopener\"> Anja Rubik<\/a> (@anja_rubik) <time style=\"font-family: Arial,sans-serif; font-size: 14px; line-height: 17px;\" datetime=\"2017-02-28T12:12:59+00:00\">Lut 28, 2017 o 4:12 PST<\/time><\/p>\n<\/div>\n<\/blockquote>\n<p><script async=\"\" defer=\"\" src=\"\/\/www.instagram.com\/embed.js\"><\/script><\/p>\n<blockquote class=\"instagram-media\" style=\"background: #FFF; border: 0; border-radius: 3px; box-shadow: 0 0 1px 0 rgba(0,0,0,0.5),0 1px 10px 0 rgba(0,0,0,0.15); margin: 1px; max-width: 658px; padding: 0; width: calc(100% - 2px);\" data-instgrm-captioned=\"\" data-instgrm-permalink=\"https:\/\/www.instagram.com\/p\/BMJ8Me2DQMB\/\" data-instgrm-version=\"8\">\n<div style=\"padding: 8px;\">\n<div style=\"background: #F8F8F8; line-height: 0; margin-top: 40px; padding: 50.0% 0; text-align: center; width: 100%;\">\n<div style=\"background: url(data:image\/png; base64,ivborw0kggoaaaansuheugaaacwaaaascamaaaapwqozaaaabgdbtueaalgpc\/xhbqaaaafzukdcak7ohokaaaamuexurczmzpf399fx1+bm5mzy9amaaadisurbvdjlvzxbesmgces5\/p8\/t9furvcrmu73jwlzosgsiizurcjo\/ad+eqjjb4hv8bft+idpqocx1wjosbfhh2xssxeiyn3uli\/6mnree07uiwjev8ueowds88ly97kqytlijkktuybbruayvh5wohixmpi5we58ek028czwyuqdlkpg1bkb4nnm+veanfhqn1k4+gpt6ugqcvu2h2ovuif\/gwufyy8owepdyzsa3avcqpvovvzzz2vtnn2wu8qzvjddeto90gsy9mvlqtgysy231mxry6i2ggqjrty0l8fxcxfcbbhwrsyyaaaaaelftksuqmcc); display: block; height: 44px; margin: 0 auto -44px; position: relative; top: -22px; width: 44px;\"><\/div>\n<\/div>\n<p style=\"margin: 8px 0 0 0; padding: 0 4px;\"><a style=\"color: #000; font-family: Arial,sans-serif; font-size: 14px; font-style: normal; font-weight: normal; line-height: 17px; text-decoration: none; word-wrap: break-word;\" href=\"https:\/\/www.instagram.com\/p\/BMJ8Me2DQMB\/\" target=\"_blank\" rel=\"noopener\">Stuck in Saturday traffic \ud83d\ude41 on my way to the Brooklyn Museum to meet Ai WeiWei and Tania Bruguera<\/a><\/p>\n<p style=\"color: #c9c8cd; font-family: Arial,sans-serif; font-size: 14px; line-height: 17px; margin-bottom: 0; margin-top: 8px; overflow: hidden; padding: 8px 0 7px; text-align: center; text-overflow: ellipsis; white-space: nowrap;\">Post udost\u0119pniony przez <a style=\"color: #c9c8cd; font-family: Arial,sans-serif; font-size: 14px; font-style: normal; font-weight: normal; line-height: 17px;\" href=\"https:\/\/www.instagram.com\/anja_rubik\/\" target=\"_blank\" rel=\"noopener\"> Anja Rubik<\/a> (@anja_rubik) <time style=\"font-family: Arial,sans-serif; font-size: 14px; line-height: 17px;\" datetime=\"2016-10-29T17:32:08+00:00\">Pa\u017a 29, 2016 o 10:32 PDT<\/time><\/p>\n<\/div>\n<\/blockquote>\n<p><script async=\"\" defer=\"\" src=\"\/\/www.instagram.com\/embed.js\"><\/script><\/p>\n<p>Zestawienie uniwersalnej bluzeczki z kurtk\u0105 bomberk\u0105, okularami lenonkami i kilkoma wisiorkami to styl lat 90. w pe\u0142nej krasie. Anja kocha styl vintage i nie boi si\u0119 trend\u00f3w z poprzednich dekad. <strong><span style=\"color: #ff9900;\"><a style=\"color: #ff9900;\" href=\"https:\/\/pakuten.pl\/27-sukienki\" target=\"_blank\" rel=\"noopener\">Sweterkow\u0105 sukienk\u0119<\/a><\/span><\/strong> z wygodnego materia\u0142u modelka po\u0142\u0105czy\u0142aby z p\u0142askimi sportowymi butami i charakterystycznymi okularami, jak na styl lat 90. przysta\u0142o. W ch\u0142odniejsze dni narzuci\u0142aby na ni\u0105 sk\u00f3rzan\u0105 kurtk\u0119 i by\u0142aby gotowa, aby podbija\u0107 \u015bwiat mody!<\/p>\n<div class=\"product-box-container\">\r\n<div class=\"product-box\">\r\n<div class=\"product-box-image\">\r\n<a href=\"\">\r\n<img src=\"\"  alt=\"\"\/>\r\n<\/a>\r\n<\/div>\r\n<p>\r\n<a href=\"\">\r\n\r\n<\/a><\/p>\r\n  <p>Cena: <\/p>\r\n<a href=\"\" class=\"button\">\r\nZobacz w sklepie\r\n<\/a>\r\n<\/div>\r\n<\/div>\n<h2>Wygoda przede wszystkim<\/h2>\n<p>Anja Rubik nade wszystko ceni sobie uniwersalny str\u00f3j, dlatego codzienny styl modelki to najcz\u0119\u015bciej paleta neutralnych odcieni jak be\u017c, szaro\u015b\u0107, biel oraz oczywi\u015bcie czer\u0144. <strong><span style=\"color: #ff9900;\"><a style=\"color: #ff9900;\" href=\"https:\/\/pakuten.pl\/29-tuniki\">D\u0142uga swetrowa tunika<\/a><\/span><\/strong> w po\u0142\u0105czeniu z obcis\u0142ymi spodniami lub legginsami to stylizacja, kt\u00f3ra z pewno\u015bci\u0105 przypad\u0142aby Anji do gustu. Modelka nosi <span style=\"color: #ff9900;\"><strong><a style=\"color: #ff9900;\" href=\"https:\/\/pakuten.pl\/28-swetry\" target=\"_blank\" rel=\"noopener\">d\u0142ugie swetry<\/a><\/strong><\/span> w charakterze sukienki, \u0142\u0105cz\u0105c je wtedy z wysokimi muszkieterkami.<\/p>\n<blockquote class=\"instagram-media\" style=\"background: #FFF; border: 0; border-radius: 3px; box-shadow: 0 0 1px 0 rgba(0,0,0,0.5),0 1px 10px 0 rgba(0,0,0,0.15); margin: 1px; max-width: 658px; padding: 0; width: calc(100% - 2px);\" data-instgrm-captioned=\"\" data-instgrm-permalink=\"https:\/\/www.instagram.com\/p\/0NJx2JFHGb\/\" data-instgrm-version=\"8\">\n<div style=\"padding: 8px;\">\n<div style=\"background: #F8F8F8; line-height: 0; margin-top: 40px; padding: 50% 0; text-align: center; width: 100%;\">\n<div style=\"background: url(data:image\/png; base64,ivborw0kggoaaaansuheugaaacwaaaascamaaaapwqozaaaabgdbtueaalgpc\/xhbqaaaafzukdcak7ohokaaaamuexurczmzpf399fx1+bm5mzy9amaaadisurbvdjlvzxbesmgces5\/p8\/t9furvcrmu73jwlzosgsiizurcjo\/ad+eqjjb4hv8bft+idpqocx1wjosbfhh2xssxeiyn3uli\/6mnree07uiwjev8ueowds88ly97kqytlijkktuybbruayvh5wohixmpi5we58ek028czwyuqdlkpg1bkb4nnm+veanfhqn1k4+gpt6ugqcvu2h2ovuif\/gwufyy8owepdyzsa3avcqpvovvzzz2vtnn2wu8qzvjddeto90gsy9mvlqtgysy231mxry6i2ggqjrty0l8fxcxfcbbhwrsyyaaaaaelftksuqmcc); display: block; height: 44px; margin: 0 auto -44px; position: relative; top: -22px; width: 44px;\"><\/div>\n<\/div>\n<p style=\"margin: 8px 0 0 0; padding: 0 4px;\"><a style=\"color: #000; font-family: Arial,sans-serif; font-size: 14px; font-style: normal; font-weight: normal; line-height: 17px; text-decoration: none; word-wrap: break-word;\" href=\"https:\/\/www.instagram.com\/p\/0NJx2JFHGb\/\" target=\"_blank\" rel=\"noopener\">#streetstyle<\/a><\/p>\n<p style=\"color: #c9c8cd; font-family: Arial,sans-serif; font-size: 14px; line-height: 17px; margin-bottom: 0; margin-top: 8px; overflow: hidden; padding: 8px 0 7px; text-align: center; text-overflow: ellipsis; white-space: nowrap;\">Post udost\u0119pniony przez <a style=\"color: #c9c8cd; font-family: Arial,sans-serif; font-size: 14px; font-style: normal; font-weight: normal; line-height: 17px;\" href=\"https:\/\/www.instagram.com\/anja_rubik\/\" target=\"_blank\" rel=\"noopener\"> Anja Rubik<\/a> (@anja_rubik) <time style=\"font-family: Arial,sans-serif; font-size: 14px; line-height: 17px;\" datetime=\"2015-03-14T10:55:05+00:00\">Mar 14, 2015 o 3:55 PDT<\/time><\/p>\n<\/div>\n<\/blockquote>\n<p><script async=\"\" defer=\"\" src=\"\/\/www.instagram.com\/embed.js\"><\/script><\/p>\n<blockquote class=\"instagram-media\" style=\"background: #FFF; border: 0; border-radius: 3px; box-shadow: 0 0 1px 0 rgba(0,0,0,0.5),0 1px 10px 0 rgba(0,0,0,0.15); margin: 1px; max-width: 658px; padding: 0; width: calc(100% - 2px);\" data-instgrm-captioned=\"\" data-instgrm-permalink=\"https:\/\/www.instagram.com\/p\/vwIocnlHER\/\" data-instgrm-version=\"8\">\n<div style=\"padding: 8px;\">\n<div style=\"background: #F8F8F8; line-height: 0; margin-top: 40px; padding: 50% 0; text-align: center; width: 100%;\">\n<div style=\"background: url(data:image\/png; base64,ivborw0kggoaaaansuheugaaacwaaaascamaaaapwqozaaaabgdbtueaalgpc\/xhbqaaaafzukdcak7ohokaaaamuexurczmzpf399fx1+bm5mzy9amaaadisurbvdjlvzxbesmgces5\/p8\/t9furvcrmu73jwlzosgsiizurcjo\/ad+eqjjb4hv8bft+idpqocx1wjosbfhh2xssxeiyn3uli\/6mnree07uiwjev8ueowds88ly97kqytlijkktuybbruayvh5wohixmpi5we58ek028czwyuqdlkpg1bkb4nnm+veanfhqn1k4+gpt6ugqcvu2h2ovuif\/gwufyy8owepdyzsa3avcqpvovvzzz2vtnn2wu8qzvjddeto90gsy9mvlqtgysy231mxry6i2ggqjrty0l8fxcxfcbbhwrsyyaaaaaelftksuqmcc); display: block; height: 44px; margin: 0 auto -44px; position: relative; top: -22px; width: 44px;\"><\/div>\n<\/div>\n<p style=\"margin: 8px 0 0 0; padding: 0 4px;\"><a style=\"color: #000; font-family: Arial,sans-serif; font-size: 14px; font-style: normal; font-weight: normal; line-height: 17px; text-decoration: none; word-wrap: break-word;\" href=\"https:\/\/www.instagram.com\/p\/vwIocnlHER\/\" target=\"_blank\" rel=\"noopener\">#streetstyle #gianvitorossi #gucci #anthonyvaccarello @anthony_vaccarello @magdabutrym #warsaw @gucci<\/a><\/p>\n<p style=\"color: #c9c8cd; font-family: Arial,sans-serif; font-size: 14px; line-height: 17px; margin-bottom: 0; margin-top: 8px; overflow: hidden; padding: 8px 0 7px; text-align: center; text-overflow: ellipsis; white-space: nowrap;\">Post udost\u0119pniony przez <a style=\"color: #c9c8cd; font-family: Arial,sans-serif; font-size: 14px; font-style: normal; font-weight: normal; line-height: 17px;\" href=\"https:\/\/www.instagram.com\/anja_rubik\/\" target=\"_blank\" rel=\"noopener\"> Anja Rubik<\/a> (@anja_rubik) <time style=\"font-family: Arial,sans-serif; font-size: 14px; line-height: 17px;\" datetime=\"2014-11-23T18:21:31+00:00\">Lis 23, 2014 o 10:21 PST<\/time><\/p>\n<\/div>\n<\/blockquote>\n<p><script async=\"\" defer=\"\" src=\"\/\/www.instagram.com\/embed.js\"><\/script><\/p>\n<p>Ta kreacja to seksowna, modna i przede wszystkim wygodna stylizacja na co dzie\u0144. R\u00f3wnie\u017c w eleganckiej wersji modelka stawia przede wszystkim na wygod\u0119, dlatego cz\u0119\u015bciej ni\u017c w obcis\u0142ych bluzeczkach zobaczymy ja w zwiewnej, eleganckiej bluzce, kt\u00f3r\u0105\u00a0 \u0142\u0105czy z \u00a0ulubion\u0105 marynark\u0105 lub z d\u0142ugim p\u0142aszczem. Taka stylizacja jest nie tylko komfortowa i uniwersalna, ale te\u017c bardzo kobieca, nawet je\u015bli po\u0142\u0105czysz j\u0105 z ulubionymi spodniami.<\/p>\n\n\n<div class=\"kk-star-ratings kksr-auto kksr-align-right kksr-valign-bottom\"\n    data-payload='{&quot;align&quot;:&quot;right&quot;,&quot;id&quot;:&quot;622&quot;,&quot;slug&quot;:&quot;default&quot;,&quot;valign&quot;:&quot;bottom&quot;,&quot;ignore&quot;:&quot;&quot;,&quot;reference&quot;:&quot;auto&quot;,&quot;class&quot;:&quot;&quot;,&quot;count&quot;:&quot;6&quot;,&quot;legendonly&quot;:&quot;&quot;,&quot;readonly&quot;:&quot;&quot;,&quot;score&quot;:&quot;3.7&quot;,&quot;starsonly&quot;:&quot;&quot;,&quot;best&quot;:&quot;5&quot;,&quot;gap&quot;:&quot;5&quot;,&quot;greet&quot;:&quot;Rate this post&quot;,&quot;legend&quot;:&quot;3.7\\\/5 - (6 votes)&quot;,&quot;size&quot;:&quot;24&quot;,&quot;width&quot;:&quot;104.8&quot;,&quot;_legend&quot;:&quot;{score}\\\/{best} - ({count} {votes})&quot;,&quot;font_factor&quot;:&quot;1.25&quot;}'>\n            \n<div class=\"kksr-stars\">\n    \n<div class=\"kksr-stars-inactive\">\n            <div class=\"kksr-star\" data-star=\"1\" style=\"padding-right: 5px\">\n            \n\n<div class=\"kksr-icon\" style=\"width: 24px; height: 24px;\"><\/div>\n        <\/div>\n            <div class=\"kksr-star\" data-star=\"2\" style=\"padding-right: 5px\">\n            \n\n<div class=\"kksr-icon\" style=\"width: 24px; height: 24px;\"><\/div>\n        <\/div>\n            <div class=\"kksr-star\" data-star=\"3\" style=\"padding-right: 5px\">\n            \n\n<div class=\"kksr-icon\" style=\"width: 24px; height: 24px;\"><\/div>\n        <\/div>\n            <div class=\"kksr-star\" data-star=\"4\" style=\"padding-right: 5px\">\n            \n\n<div class=\"kksr-icon\" style=\"width: 24px; height: 24px;\"><\/div>\n        <\/div>\n            <div class=\"kksr-star\" data-star=\"5\" style=\"padding-right: 5px\">\n            \n\n<div class=\"kksr-icon\" style=\"width: 24px; height: 24px;\"><\/div>\n        <\/div>\n    <\/div>\n    \n<div class=\"kksr-stars-active\" style=\"width: 104.8px;\">\n            <div class=\"kksr-star\" style=\"padding-right: 5px\">\n            \n\n<div class=\"kksr-icon\" style=\"width: 24px; height: 24px;\"><\/div>\n        <\/div>\n            <div class=\"kksr-star\" style=\"padding-right: 5px\">\n            \n\n<div class=\"kksr-icon\" style=\"width: 24px; height: 24px;\"><\/div>\n        <\/div>\n            <div class=\"kksr-star\" style=\"padding-right: 5px\">\n            \n\n<div class=\"kksr-icon\" style=\"width: 24px; height: 24px;\"><\/div>\n        <\/div>\n            <div class=\"kksr-star\" style=\"padding-right: 5px\">\n            \n\n<div class=\"kksr-icon\" style=\"width: 24px; height: 24px;\"><\/div>\n        <\/div>\n            <div class=\"kksr-star\" style=\"padding-right: 5px\">\n            \n\n<div class=\"kksr-icon\" style=\"width: 24px; height: 24px;\"><\/div>\n        <\/div>\n    <\/div>\n<\/div>\n                \n\n<div class=\"kksr-legend\" style=\"font-size: 19.2px;\">\n            3.7\/5 - (6 votes)    <\/div>\n    <\/div>\n","protected":false},"excerpt":{"rendered":"<p>Anja Rubik to bez w\u0105tpienia najbardziej znana polska modelka. Jest muz\u0105 wielu projektant\u00f3w, w tym mi\u0119dzy innymi Anthony\u2019ego Vaccarello, czy Karla Lagerfelda. By\u0142o jasne, \u017ce w\u0142a\u015bnie ona musia\u0142a pojawi\u0107 si\u0119 na ok\u0142adce pierwszego numeru polskiego Vogue\u2019a! Styl modelki inspiruje kobiety na ca\u0142ym \u015bwiecie. Dzisiaj rozk\u0142adamy go na czynniki pierwsze, \u017ceby\u015b i Ty mog\u0142a z niego czerpa\u0107 inspiracje.<\/p>\n","protected":false},"author":3,"featured_media":626,"comment_status":"open","ping_status":"open","sticky":false,"template":"","format":"standard","meta":[],"categories":[5],"tags":[43,29],"yoast_head":"<!-- This site is optimized with the Yoast SEO plugin v18.4.1 - https:\/\/yoast.com\/wordpress\/plugins\/seo\/ -->\n<title>Anja Rubik - styl modelki w kilku ods\u0142onach - Pakuten blog<\/title>\n<meta name=\"robots\" content=\"index, follow, max-snippet:-1, max-image-preview:large, max-video-preview:-1\" \/>\n<link rel=\"canonical\" href=\"https:\/\/pakuten.pl\/blog\/anja-rubik-styl-modelki-w-kilku-odslonach\/\" \/>\n<meta property=\"og:locale\" content=\"pl_PL\" \/>\n<meta property=\"og:type\" content=\"article\" \/>\n<meta property=\"og:title\" content=\"Anja Rubik - styl modelki w kilku ods\u0142onach - Pakuten blog\" \/>\n<meta property=\"og:description\" content=\"Anja Rubik to bez w\u0105tpienia najbardziej znana polska modelka. Jest muz\u0105 wielu projektant\u00f3w, w tym mi\u0119dzy innymi Anthony\u2019ego Vaccarello, czy Karla Lagerfelda. By\u0142o jasne, \u017ce w\u0142a\u015bnie ona musia\u0142a pojawi\u0107 si\u0119 na ok\u0142adce pierwszego numeru polskiego Vogue\u2019a! Styl modelki inspiruje kobiety na ca\u0142ym \u015bwiecie. Dzisiaj rozk\u0142adamy go na czynniki pierwsze, \u017ceby\u015b i Ty mog\u0142a z niego czerpa\u0107 inspiracje.\" \/>\n<meta property=\"og:url\" content=\"https:\/\/pakuten.pl\/blog\/anja-rubik-styl-modelki-w-kilku-odslonach\/\" \/>\n<meta property=\"og:site_name\" content=\"Pakuten blog\" \/>\n<meta property=\"article:published_time\" content=\"2018-03-27T08:56:23+00:00\" \/>\n<meta property=\"article:modified_time\" content=\"2021-09-15T07:50:55+00:00\" \/>\n<meta property=\"og:image\" content=\"https:\/\/pakuten.pl\/blog\/wp-content\/uploads\/2018\/03\/Anja-Rubik_styl-modelki-w-kilku-ods\u0142onach-e1521796674866.jpeg\" \/>\n\t<meta property=\"og:image:width\" content=\"1280\" \/>\n\t<meta property=\"og:image:height\" content=\"853\" \/>\n\t<meta property=\"og:image:type\" content=\"image\/jpeg\" \/>\n<meta name=\"twitter:card\" content=\"summary_large_image\" \/>\n<meta name=\"twitter:label1\" content=\"Napisane przez\" \/>\n\t<meta name=\"twitter:data1\" content=\"Pakuten Girl\" \/>\n\t<meta name=\"twitter:label2\" content=\"Szacowany czas czytania\" \/>\n\t<meta name=\"twitter:data2\" content=\"3 minuty\" \/>\n<script type=\"application\/ld+json\" class=\"yoast-schema-graph\">{\"@context\":\"https:\/\/schema.org\",\"@graph\":[{\"@type\":\"Organization\",\"@id\":\"https:\/\/pakuten.pl\/blog\/#organization\",\"name\":\"Pakuten\",\"url\":\"https:\/\/pakuten.pl\/blog\/\",\"sameAs\":[],\"logo\":{\"@type\":\"ImageObject\",\"@id\":\"https:\/\/pakuten.pl\/blog\/#logo\",\"inLanguage\":\"pl-PL\",\"url\":\"http:\/\/pakuten.pl\/blog\/wp-content\/uploads\/2018\/01\/pakuten_logo.png\",\"contentUrl\":\"http:\/\/pakuten.pl\/blog\/wp-content\/uploads\/2018\/01\/pakuten_logo.png\",\"width\":300,\"height\":120,\"caption\":\"Pakuten\"},\"image\":{\"@id\":\"https:\/\/pakuten.pl\/blog\/#logo\"}},{\"@type\":\"WebSite\",\"@id\":\"https:\/\/pakuten.pl\/blog\/#website\",\"url\":\"https:\/\/pakuten.pl\/blog\/\",\"name\":\"Pakuten blog\",\"description\":\"Blog sklepu internetowego pakuten.pl\",\"publisher\":{\"@id\":\"https:\/\/pakuten.pl\/blog\/#organization\"},\"potentialAction\":[{\"@type\":\"SearchAction\",\"target\":{\"@type\":\"EntryPoint\",\"urlTemplate\":\"https:\/\/pakuten.pl\/blog\/?s={search_term_string}\"},\"query-input\":\"required name=search_term_string\"}],\"inLanguage\":\"pl-PL\"},{\"@type\":\"ImageObject\",\"@id\":\"https:\/\/pakuten.pl\/blog\/anja-rubik-styl-modelki-w-kilku-odslonach\/#primaryimage\",\"inLanguage\":\"pl-PL\",\"url\":\"https:\/\/pakuten.pl\/blog\/wp-content\/uploads\/2018\/03\/Anja-Rubik_styl-modelki-w-kilku-ods\u0142onach-e1521796674866.jpeg\",\"contentUrl\":\"https:\/\/pakuten.pl\/blog\/wp-content\/uploads\/2018\/03\/Anja-Rubik_styl-modelki-w-kilku-ods\u0142onach-e1521796674866.jpeg\",\"width\":1280,\"height\":853,\"caption\":\"Anja Rubik_styl modelki w kilku ods\u0142onach\"},{\"@type\":\"WebPage\",\"@id\":\"https:\/\/pakuten.pl\/blog\/anja-rubik-styl-modelki-w-kilku-odslonach\/#webpage\",\"url\":\"https:\/\/pakuten.pl\/blog\/anja-rubik-styl-modelki-w-kilku-odslonach\/\",\"name\":\"Anja Rubik - styl modelki w kilku ods\u0142onach - Pakuten blog\",\"isPartOf\":{\"@id\":\"https:\/\/pakuten.pl\/blog\/#website\"},\"primaryImageOfPage\":{\"@id\":\"https:\/\/pakuten.pl\/blog\/anja-rubik-styl-modelki-w-kilku-odslonach\/#primaryimage\"},\"datePublished\":\"2018-03-27T08:56:23+00:00\",\"dateModified\":\"2021-09-15T07:50:55+00:00\",\"breadcrumb\":{\"@id\":\"https:\/\/pakuten.pl\/blog\/anja-rubik-styl-modelki-w-kilku-odslonach\/#breadcrumb\"},\"inLanguage\":\"pl-PL\",\"potentialAction\":[{\"@type\":\"ReadAction\",\"target\":[\"https:\/\/pakuten.pl\/blog\/anja-rubik-styl-modelki-w-kilku-odslonach\/\"]}]},{\"@type\":\"BreadcrumbList\",\"@id\":\"https:\/\/pakuten.pl\/blog\/anja-rubik-styl-modelki-w-kilku-odslonach\/#breadcrumb\",\"itemListElement\":[{\"@type\":\"ListItem\",\"position\":1,\"name\":\"Strona g\u0142\u00f3wna\",\"item\":\"https:\/\/pakuten.pl\/blog\/\"},{\"@type\":\"ListItem\",\"position\":2,\"name\":\"Anja Rubik &#8211; styl modelki w kilku ods\u0142onach\"}]},{\"@type\":\"Article\",\"@id\":\"https:\/\/pakuten.pl\/blog\/anja-rubik-styl-modelki-w-kilku-odslonach\/#article\",\"isPartOf\":{\"@id\":\"https:\/\/pakuten.pl\/blog\/anja-rubik-styl-modelki-w-kilku-odslonach\/#webpage\"},\"author\":{\"@id\":\"https:\/\/pakuten.pl\/blog\/#\/schema\/person\/d7133af30211381a4e4536d088384556\"},\"headline\":\"Anja Rubik &#8211; styl modelki w kilku ods\u0142onach\",\"datePublished\":\"2018-03-27T08:56:23+00:00\",\"dateModified\":\"2021-09-15T07:50:55+00:00\",\"mainEntityOfPage\":{\"@id\":\"https:\/\/pakuten.pl\/blog\/anja-rubik-styl-modelki-w-kilku-odslonach\/#webpage\"},\"wordCount\":728,\"commentCount\":0,\"publisher\":{\"@id\":\"https:\/\/pakuten.pl\/blog\/#organization\"},\"image\":{\"@id\":\"https:\/\/pakuten.pl\/blog\/anja-rubik-styl-modelki-w-kilku-odslonach\/#primaryimage\"},\"thumbnailUrl\":\"https:\/\/pakuten.pl\/blog\/wp-content\/uploads\/2018\/03\/Anja-Rubik_styl-modelki-w-kilku-ods\u0142onach-e1521796674866.jpeg\",\"keywords\":[\"stylizacje gwiazd\",\"Wear it like\"],\"articleSection\":[\"Inspirations\"],\"inLanguage\":\"pl-PL\",\"potentialAction\":[{\"@type\":\"CommentAction\",\"name\":\"Comment\",\"target\":[\"https:\/\/pakuten.pl\/blog\/anja-rubik-styl-modelki-w-kilku-odslonach\/#respond\"]}]},{\"@type\":\"Person\",\"@id\":\"https:\/\/pakuten.pl\/blog\/#\/schema\/person\/d7133af30211381a4e4536d088384556\",\"name\":\"Pakuten Girl\",\"image\":{\"@type\":\"ImageObject\",\"@id\":\"https:\/\/pakuten.pl\/blog\/#personlogo\",\"inLanguage\":\"pl-PL\",\"url\":\"https:\/\/secure.gravatar.com\/avatar\/d3df41de2caf92e6cfded9430c2ff352?s=96&d=mm&r=g\",\"contentUrl\":\"https:\/\/secure.gravatar.com\/avatar\/d3df41de2caf92e6cfded9430c2ff352?s=96&d=mm&r=g\",\"caption\":\"Pakuten Girl\"},\"description\":\"Cze\u015b\u0107, nazywam si\u0119 Ola. Kocham Netflixa, sals\u0119, nowo\u015bci kosmetyczne i najnowsze trendy w modzie.\",\"url\":\"https:\/\/pakuten.pl\/blog\/author\/pakuten-girl\/\"}]}<\/script>\n<!-- \/ Yoast SEO plugin. -->","yoast_head_json":{"title":"Anja Rubik - styl modelki w kilku ods\u0142onach - Pakuten blog","robots":{"index":"index","follow":"follow","max-snippet":"max-snippet:-1","max-image-preview":"max-image-preview:large","max-video-preview":"max-video-preview:-1"},"canonical":"https:\/\/pakuten.pl\/blog\/anja-rubik-styl-modelki-w-kilku-odslonach\/","og_locale":"pl_PL","og_type":"article","og_title":"Anja Rubik - styl modelki w kilku ods\u0142onach - Pakuten blog","og_description":"Anja Rubik to bez w\u0105tpienia najbardziej znana polska modelka. Jest muz\u0105 wielu projektant\u00f3w, w tym mi\u0119dzy innymi Anthony\u2019ego Vaccarello, czy Karla Lagerfelda. By\u0142o jasne, \u017ce w\u0142a\u015bnie ona musia\u0142a pojawi\u0107 si\u0119 na ok\u0142adce pierwszego numeru polskiego Vogue\u2019a! Styl modelki inspiruje kobiety na ca\u0142ym \u015bwiecie. Dzisiaj rozk\u0142adamy go na czynniki pierwsze, \u017ceby\u015b i Ty mog\u0142a z niego czerpa\u0107 inspiracje.","og_url":"https:\/\/pakuten.pl\/blog\/anja-rubik-styl-modelki-w-kilku-odslonach\/","og_site_name":"Pakuten blog","article_published_time":"2018-03-27T08:56:23+00:00","article_modified_time":"2021-09-15T07:50:55+00:00","og_image":[{"width":1280,"height":853,"url":"https:\/\/pakuten.pl\/blog\/wp-content\/uploads\/2018\/03\/Anja-Rubik_styl-modelki-w-kilku-ods\u0142onach-e1521796674866.jpeg","type":"image\/jpeg"}],"twitter_card":"summary_large_image","twitter_misc":{"Napisane przez":"Pakuten Girl","Szacowany czas czytania":"3 minuty"},"schema":{"@context":"https:\/\/schema.org","@graph":[{"@type":"Organization","@id":"https:\/\/pakuten.pl\/blog\/#organization","name":"Pakuten","url":"https:\/\/pakuten.pl\/blog\/","sameAs":[],"logo":{"@type":"ImageObject","@id":"https:\/\/pakuten.pl\/blog\/#logo","inLanguage":"pl-PL","url":"http:\/\/pakuten.pl\/blog\/wp-content\/uploads\/2018\/01\/pakuten_logo.png","contentUrl":"http:\/\/pakuten.pl\/blog\/wp-content\/uploads\/2018\/01\/pakuten_logo.png","width":300,"height":120,"caption":"Pakuten"},"image":{"@id":"https:\/\/pakuten.pl\/blog\/#logo"}},{"@type":"WebSite","@id":"https:\/\/pakuten.pl\/blog\/#website","url":"https:\/\/pakuten.pl\/blog\/","name":"Pakuten blog","description":"Blog sklepu internetowego pakuten.pl","publisher":{"@id":"https:\/\/pakuten.pl\/blog\/#organization"},"potentialAction":[{"@type":"SearchAction","target":{"@type":"EntryPoint","urlTemplate":"https:\/\/pakuten.pl\/blog\/?s={search_term_string}"},"query-input":"required name=search_term_string"}],"inLanguage":"pl-PL"},{"@type":"ImageObject","@id":"https:\/\/pakuten.pl\/blog\/anja-rubik-styl-modelki-w-kilku-odslonach\/#primaryimage","inLanguage":"pl-PL","url":"https:\/\/pakuten.pl\/blog\/wp-content\/uploads\/2018\/03\/Anja-Rubik_styl-modelki-w-kilku-ods\u0142onach-e1521796674866.jpeg","contentUrl":"https:\/\/pakuten.pl\/blog\/wp-content\/uploads\/2018\/03\/Anja-Rubik_styl-modelki-w-kilku-ods\u0142onach-e1521796674866.jpeg","width":1280,"height":853,"caption":"Anja Rubik_styl modelki w kilku ods\u0142onach"},{"@type":"WebPage","@id":"https:\/\/pakuten.pl\/blog\/anja-rubik-styl-modelki-w-kilku-odslonach\/#webpage","url":"https:\/\/pakuten.pl\/blog\/anja-rubik-styl-modelki-w-kilku-odslonach\/","name":"Anja Rubik - styl modelki w kilku ods\u0142onach - Pakuten blog","isPartOf":{"@id":"https:\/\/pakuten.pl\/blog\/#website"},"primaryImageOfPage":{"@id":"https:\/\/pakuten.pl\/blog\/anja-rubik-styl-modelki-w-kilku-odslonach\/#primaryimage"},"datePublished":"2018-03-27T08:56:23+00:00","dateModified":"2021-09-15T07:50:55+00:00","breadcrumb":{"@id":"https:\/\/pakuten.pl\/blog\/anja-rubik-styl-modelki-w-kilku-odslonach\/#breadcrumb"},"inLanguage":"pl-PL","potentialAction":[{"@type":"ReadAction","target":["https:\/\/pakuten.pl\/blog\/anja-rubik-styl-modelki-w-kilku-odslonach\/"]}]},{"@type":"BreadcrumbList","@id":"https:\/\/pakuten.pl\/blog\/anja-rubik-styl-modelki-w-kilku-odslonach\/#breadcrumb","itemListElement":[{"@type":"ListItem","position":1,"name":"Strona g\u0142\u00f3wna","item":"https:\/\/pakuten.pl\/blog\/"},{"@type":"ListItem","position":2,"name":"Anja Rubik &#8211; styl modelki w kilku ods\u0142onach"}]},{"@type":"Article","@id":"https:\/\/pakuten.pl\/blog\/anja-rubik-styl-modelki-w-kilku-odslonach\/#article","isPartOf":{"@id":"https:\/\/pakuten.pl\/blog\/anja-rubik-styl-modelki-w-kilku-odslonach\/#webpage"},"author":{"@id":"https:\/\/pakuten.pl\/blog\/#\/schema\/person\/d7133af30211381a4e4536d088384556"},"headline":"Anja Rubik &#8211; styl modelki w kilku ods\u0142onach","datePublished":"2018-03-27T08:56:23+00:00","dateModified":"2021-09-15T07:50:55+00:00","mainEntityOfPage":{"@id":"https:\/\/pakuten.pl\/blog\/anja-rubik-styl-modelki-w-kilku-odslonach\/#webpage"},"wordCount":728,"commentCount":0,"publisher":{"@id":"https:\/\/pakuten.pl\/blog\/#organization"},"image":{"@id":"https:\/\/pakuten.pl\/blog\/anja-rubik-styl-modelki-w-kilku-odslonach\/#primaryimage"},"thumbnailUrl":"https:\/\/pakuten.pl\/blog\/wp-content\/uploads\/2018\/03\/Anja-Rubik_styl-modelki-w-kilku-ods\u0142onach-e1521796674866.jpeg","keywords":["stylizacje gwiazd","Wear it like"],"articleSection":["Inspirations"],"inLanguage":"pl-PL","potentialAction":[{"@type":"CommentAction","name":"Comment","target":["https:\/\/pakuten.pl\/blog\/anja-rubik-styl-modelki-w-kilku-odslonach\/#respond"]}]},{"@type":"Person","@id":"https:\/\/pakuten.pl\/blog\/#\/schema\/person\/d7133af30211381a4e4536d088384556","name":"Pakuten Girl","image":{"@type":"ImageObject","@id":"https:\/\/pakuten.pl\/blog\/#personlogo","inLanguage":"pl-PL","url":"https:\/\/secure.gravatar.com\/avatar\/d3df41de2caf92e6cfded9430c2ff352?s=96&d=mm&r=g","contentUrl":"https:\/\/secure.gravatar.com\/avatar\/d3df41de2caf92e6cfded9430c2ff352?s=96&d=mm&r=g","caption":"Pakuten Girl"},"description":"Cze\u015b\u0107, nazywam si\u0119 Ola. Kocham Netflixa, sals\u0119, nowo\u015bci kosmetyczne i najnowsze trendy w modzie.","url":"https:\/\/pakuten.pl\/blog\/author\/pakuten-girl\/"}]}},"_links":{"self":[{"href":"https:\/\/pakuten.pl\/blog\/wp-json\/wp\/v2\/posts\/622"}],"collection":[{"href":"https:\/\/pakuten.pl\/blog\/wp-json\/wp\/v2\/posts"}],"about":[{"href":"https:\/\/pakuten.pl\/blog\/wp-json\/wp\/v2\/types\/post"}],"author":[{"embeddable":true,"href":"https:\/\/pakuten.pl\/blog\/wp-json\/wp\/v2\/users\/3"}],"replies":[{"embeddable":true,"href":"https:\/\/pakuten.pl\/blog\/wp-json\/wp\/v2\/comments?post=622"}],"version-history":[{"count":9,"href":"https:\/\/pakuten.pl\/blog\/wp-json\/wp\/v2\/posts\/622\/revisions"}],"predecessor-version":[{"id":5642,"href":"https:\/\/pakuten.pl\/blog\/wp-json\/wp\/v2\/posts\/622\/revisions\/5642"}],"wp:featuredmedia":[{"embeddable":true,"href":"https:\/\/pakuten.pl\/blog\/wp-json\/wp\/v2\/media\/626"}],"wp:attachment":[{"href":"https:\/\/pakuten.pl\/blog\/wp-json\/wp\/v2\/media?parent=622"}],"wp:term":[{"taxonomy":"category","embeddable":true,"href":"https:\/\/pakuten.pl\/blog\/wp-json\/wp\/v2\/categories?post=622"},{"taxonomy":"post_tag","embeddable":true,"href":"https:\/\/pakuten.pl\/blog\/wp-json\/wp\/v2\/tags?post=622"}],"curies":[{"name":"wp","href":"https:\/\/api.w.org\/{rel}","templated":true}]}}