{"id":6327,"date":"2023-06-13T11:49:00","date_gmt":"2023-06-13T09:49:00","guid":{"rendered":"https:\/\/pakuten.pl\/blog\/?p=6327"},"modified":"2023-06-13T09:35:50","modified_gmt":"2023-06-13T07:35:50","slug":"stylizacje-z-kapeluszem-na-lato-poznaj-nasze-zdanie","status":"publish","type":"post","link":"https:\/\/pakuten.pl\/blog\/stylizacje-z-kapeluszem-na-lato-poznaj-nasze-zdanie\/","title":{"rendered":"Stylizacje z kapeluszem na lato.. Poznaj najnowsze trendy."},"content":{"rendered":"\n<p><strong>Kapelusze to bardzo fajny dodatek do stylizacji, kiedy\u015b by\u0142y te\u017c one bardzo cz\u0119sto noszone zar\u00f3wno przez kobiety jak i przez m\u0119\u017cczyzn. Ten trend i modny dodatek\u00a0 zosta\u0142 z nami na zawsze od wiek\u00f3w. Stylizacje z kapeluszem na lato b\u0119d\u0105 fajnie si\u0119 wyr\u00f3\u017cnia\u0107 i dodawa\u0107 troszk\u0119 charakteru. Koniecznie zobacz z czym warto jest nosi\u0107 kapelusz i co fajnie wygl\u0105da, a gdzie i przy czym warto jest sobie go odpu\u015bci\u0107, \u017ceby nie zrobi\u0107 modowego b\u0142\u0119du.<\/strong><\/p>\n<h2><span style=\"color: #ff9900;\">Z czym nosi\u0107 kapelusz? A z czym lepiej go nie \u0142\u0105czy\u0107 ?<\/span><\/h2>\n<p>Kapelusze to idealny wyb\u00f3r na lato, poniewa\u017c latem wyb\u00f3r kapeluszy jest naprawd\u0119 bardzo du\u017cy i jest w czym wybiera\u0107. Zapewne jak kto\u015b bardzo lubi kapelusze i w lato nosi je bardzo cz\u0119sto to teraz w sklepach napewno znajd\u0105 si\u0119 takie kapelusze, kt\u00f3re za\u0142o\u017cysz i dopasujesz do wszystkiego na codzie\u0144.\u00a0 Kr\u00f3luj\u0105 oczywi\u015bcie kapelusze plecione i w jasnych kolorach. Damski kapelusz z du\u017cym rondem mo\u017cesz napewno dopasowa\u0107 do stylu boho, do ciuch\u00f3w z fr\u0119dzlami, sukienek rozkloszowanych i d\u0142ugich. S\u0105 te\u017c kapelusze z opadaj\u0105cym rondem bardziej z lat 90, kt\u00f3re dopasujesz do topu, jeansowych spodni czy szort\u00f3w. Przede wszystkim kapelusz nie nadaje si\u0119 do sportowych stylizacji, mo\u017cesz oczywi\u015bcie za\u0142o\u017cy\u0107 go do po\u0142\u0105czenia eleganckiej ze sportow\u0105 stylizacj\u0105 ale absolutnie do samego dresu z adidasami.<\/p>\n<div class=\"product-box-container\">\r\n<div class=\"one_third \" style=\"\">\r\n<div class=\"product-box\">\r\n<a href=\"https:\/\/pakuten.pl\/32576-72680-biala-muslinowa-sukienka-z-ozdobna-falbanka-przy-dekolcie-tebba-bialy.html\" target=\"_blank\">\r\n <img src=\"https:\/\/media.pakuten.pl\/196959-large_default\/biala-muslinowa-sukienka-z-ozdobna-falbanka-przy-dekolcie-tebba.jpg\" alt=\"Bia\u0142a mu\u015blinowa sukienka z ozdobn\u0105 falbank\u0105 przy dekolcie Tebba\"\/>\r\n<\/a>\r\n<p>\r\n<a href=\"https:\/\/pakuten.pl\/32576-72680-biala-muslinowa-sukienka-z-ozdobna-falbanka-przy-dekolcie-tebba-bialy.html\" target=\"_blank\">\r\nBia\u0142a mu\u015blinowa sukienka z ozdobn\u0105 falbank\u0105 przy dekolcie Tebba\r\n<\/a><\/p>\r\n  <p>Cena: 59,99\u00a0z\u0142<\/p>\r\n<a href=\"https:\/\/pakuten.pl\/32576-72680-biala-muslinowa-sukienka-z-ozdobna-falbanka-przy-dekolcie-tebba-bialy.html\" target=\"_blank\" class=\"button\">\r\nZobacz w sklepie\r\n<\/a>\r\n<\/div>\r\n<\/div>\r\n<div class=\"one_third \" style=\"\">\r\n<div class=\"product-box\">\r\n<a href=\"https:\/\/pakuten.pl\/32515-72596-liliowa-sukienka-z-dekoltem-i-wiazanymi-rekawami-odetta-liliowy.html\" target=\"_blank\">\r\n  <img src=\"https:\/\/media.pakuten.pl\/196726-large_default\/liliowa-sukienka-z-dekoltem-i-wiazanymi-rekawami-odetta.jpg\" alt=\"Liliowa sukienka z dekoltem i wi\u0105zanymi r\u0119kawami Odetta\"\/>\r\n<\/a>\r\n<p>\r\n<a href=\"https:\/\/pakuten.pl\/32515-72596-liliowa-sukienka-z-dekoltem-i-wiazanymi-rekawami-odetta-liliowy.html\" target=\"_blank\">\r\nLiliowa sukienka z dekoltem i wi\u0105zanymi r\u0119kawami Odetta\r\n<\/a><\/p>\r\n  <p>Cena: 63,69\u00a0z\u0142<\/p>\r\n<a href=\"https:\/\/pakuten.pl\/32515-72596-liliowa-sukienka-z-dekoltem-i-wiazanymi-rekawami-odetta-liliowy.html\" target=\"_blank\" class=\"button\">\r\nZobacz w sklepie\r\n<\/a>\r\n<\/div>\r\n<\/div>\r\n<div class=\"one_third last \" style=\"\">\r\n<div class=\"product-box\">\r\n<a href=\"https:\/\/pakuten.pl\/32400-72384-azurowa-sukienka-z-koronka-hannien-ecru-ecru.html\" target=\"_blank\">\r\n  <img src=\"https:\/\/media.pakuten.pl\/196179-large_default\/azurowa-sukienka-z-koronka-hannien-ecru.jpg\" alt=\"A\u017curowa sukienka z koronk\u0105 Hannien - ecru\"\/>\r\n<\/a>\r\n<p>\r\n<a href=\"https:\/\/pakuten.pl\/32400-72384-azurowa-sukienka-z-koronka-hannien-ecru-ecru.html\" target=\"_blank\">\r\nA\u017curowa sukienka z koronk\u0105 Hannien - ecru\r\n<\/a><\/p>\r\n  <p>Cena: 89,99\u00a0z\u0142<\/p>\r\n<a href=\"https:\/\/pakuten.pl\/32400-72384-azurowa-sukienka-z-koronka-hannien-ecru-ecru.html\" target=\"_blank\" class=\"button\">\r\nZobacz w sklepie\r\n<\/a>\r\n<\/div>\r\n<\/div><br class=\"clear\"\/>\r\n<\/div>\n<h2><span style=\"color: #ff9900;\">W jakich porach roku dobrze jest nosi\u0107 kapelusz ?<\/span><\/h2>\n<p>Nie ma okre\u015blonej pory roku na noszenie kapelusza, tak naprawd\u0119 kapelusz mo\u017cna nosi\u0107 ca\u0142y rok.\u00a0 <span style=\"color: #ff9900;\">Stylizacje z kapeluszem<\/span> s\u0105 bardzo r\u00f3\u017cne, mo\u017cesz ubra\u0107 si\u0119 praktycznie jak masz ochot\u0119. Fajnie jest ubra\u0107 <a href=\"https:\/\/pakuten.pl\/26227-64244-biala-sukienka-z-koronka-akkiaa-bialy.html\" target=\"_blank\" rel=\"noopener\"><span style=\"color: #ff9900;\">sukienk\u0119<\/span><\/a> boho , klapki i s\u0142omkowy kapelusz. Latem najcz\u0119\u015bciej nosimy kapelusze, poniewa\u017c fajnie one wygl\u0105daj\u0105 ale te\u017c chroni\u0105 nas przed s\u0142o\u0144cem. Jesie\u0144 to tez idealna pora do noszenia kapeluszy, tylko troszk\u0119 z grubszej tkaniny, ta pora roku nie jest jeszcze taka bardzo mro\u017ana wi\u0119c te\u017c mo\u017cna stworzy\u0107 fajna stylizacj\u0119 na kilka sposob\u00f3w. Im cieplejsze dni tym ja\u015bniejszy kolor kapelusza mo\u017cemy wybra\u0107, cho\u0107 gdy za\u0142o\u017cymy czarny i b\u0119dzie on pasowa\u0142 do stylizacji to te\u017c jest genialna opcja. Zim\u0105 tez oczywi\u015bcie mo\u017cemy sobie ubra\u0107 kapelusz, je\u017celi nie b\u0119d\u0105 Ci marzn\u0105\u0107 uszy. Fajnie b\u0119dzie wygl\u0105da\u0142 kapelusz z grubszej tkaniny, eleganckie botki lub kozaki i p\u0142aszcz zimowy. Do wiosennych stylizacji te\u017c pasuj\u0105 kapelusze, jak najbardziej wtedy pojawiaj\u0105 si\u0119 coraz bardziej kolorowe ubrania i cieplejsze dni.<\/p>\n<blockquote class=\"instagram-media\" style=\"background: #FFF; border: 0; border-radius: 3px; box-shadow: 0 0 1px 0 rgba(0,0,0,0.5),0 1px 10px 0 rgba(0,0,0,0.15); margin: 1px; max-width: 540px; min-width: 326px; padding: 0; width: calc(100% - 2px);\" data-instgrm-permalink=\"https:\/\/www.instagram.com\/p\/CtR1LJxq2rQ\/?utm_source=ig_embed&amp;utm_campaign=loading\" data-instgrm-version=\"14\">\n<div style=\"padding: 16px;\">\n<div style=\"display: flex; flex-direction: row; align-items: center;\">\n<div style=\"background-color: #f4f4f4; border-radius: 50%; flex-grow: 0; height: 40px; margin-right: 14px; width: 40px;\">\u00a0<\/div>\n<div style=\"display: flex; flex-direction: column; flex-grow: 1; justify-content: center;\">\n<div style=\"background-color: #f4f4f4; border-radius: 4px; flex-grow: 0; height: 14px; margin-bottom: 6px; width: 100px;\">\u00a0<\/div>\n<div style=\"background-color: #f4f4f4; border-radius: 4px; flex-grow: 0; height: 14px; width: 60px;\">\u00a0<\/div>\n<\/div>\n<\/div>\n<div style=\"padding: 19% 0;\">\u00a0<\/div>\n<div style=\"display: block; height: 50px; margin: 0 auto 12px; width: 50px;\">\u00a0<\/div>\n<div style=\"padding-top: 8px;\">\n<div style=\"color: #3897f0; font-family: Arial,sans-serif; font-size: 14px; font-style: normal; font-weight: 550; line-height: 18px;\">Wy\u015bwietl ten post na Instagramie<\/div>\n<\/div>\n<div style=\"padding: 12.5% 0;\">\u00a0<\/div>\n<div style=\"display: flex; flex-direction: row; margin-bottom: 14px; align-items: center;\">\n<div>\n<div style=\"background-color: #f4f4f4; border-radius: 50%; height: 12.5px; width: 12.5px; transform: translateX(0px) translateY(7px);\">\u00a0<\/div>\n<div style=\"background-color: #f4f4f4; height: 12.5px; transform: rotate(-45deg) translateX(3px) translateY(1px); width: 12.5px; flex-grow: 0; margin-right: 14px; margin-left: 2px;\">\u00a0<\/div>\n<div style=\"background-color: #f4f4f4; border-radius: 50%; height: 12.5px; width: 12.5px; transform: translateX(9px) translateY(-18px);\">\u00a0<\/div>\n<\/div>\n<div style=\"margin-left: 8px;\">\n<div style=\"background-color: #f4f4f4; border-radius: 50%; flex-grow: 0; height: 20px; width: 20px;\">\u00a0<\/div>\n<div style=\"width: 0; height: 0; border-top: 2px solid transparent; border-left: 6px solid #f4f4f4; border-bottom: 2px solid transparent; transform: translateX(16px) translateY(-4px) rotate(30deg);\">\u00a0<\/div>\n<\/div>\n<div style=\"margin-left: auto;\">\n<div style=\"width: 0px; border-top: 8px solid #F4F4F4; border-right: 8px solid transparent; transform: translateY(16px);\">\u00a0<\/div>\n<div style=\"background-color: #f4f4f4; flex-grow: 0; height: 12px; width: 16px; transform: translateY(-4px);\">\u00a0<\/div>\n<div style=\"width: 0; height: 0; border-top: 8px solid #F4F4F4; border-left: 8px solid transparent; transform: translateY(-4px) translateX(8px);\">\u00a0<\/div>\n<\/div>\n<\/div>\n<div style=\"display: flex; flex-direction: column; flex-grow: 1; justify-content: center; margin-bottom: 24px;\">\n<div style=\"background-color: #f4f4f4; border-radius: 4px; flex-grow: 0; height: 14px; margin-bottom: 6px; width: 224px;\">\u00a0<\/div>\n<div style=\"background-color: #f4f4f4; border-radius: 4px; flex-grow: 0; height: 14px; width: 144px;\">\u00a0<\/div>\n<\/div>\n<p style=\"color: #c9c8cd; font-family: Arial,sans-serif; font-size: 14px; line-height: 17px; margin-bottom: 0; margin-top: 8px; overflow: hidden; padding: 8px 0 7px; text-align: center; text-overflow: ellipsis; white-space: nowrap;\"><a style=\"color: #c9c8cd; font-family: Arial,sans-serif; font-size: 14px; font-style: normal; font-weight: normal; line-height: 17px; text-decoration: none;\" href=\"https:\/\/www.instagram.com\/p\/CtR1LJxq2rQ\/?utm_source=ig_embed&amp;utm_campaign=loading\" target=\"_blank\" rel=\"noopener\">Post udost\u0119pniony przez Aleksandra Kasza OLCYK | Kapelusze, moda i urodowe tematy. (@olcyk)<\/a><\/p>\n<\/div>\n<\/blockquote>\n<p><script async src=\"\/\/www.instagram.com\/embed.js\"><\/script><\/p>\n<h2><span style=\"color: #ff9900;\">Jak dobra\u0107 kapelusz ?<\/span><\/h2>\n<p>Nie tylko wz\u00f3r oraz rozmiar ma znaczenie, materia\u0142 i kolor r\u00f3wnie\u017c maj\u0105 znaczenie. Powinien on pasowa\u0107 do pozosta\u0142ych dodatk\u00f3w w twojej stylizacji, but\u00f3w, torebki czy paska. Oczywi\u015bcie nie musi mie\u0107 identycznego koloru ale powinien by\u0107 w podobnej tonacji. Jasne lub ciemne stylizacje mo\u017cna tez po\u0142\u0105czy\u0107 z kolorem uniwersalnym takim jak czarny kapelusz, kt\u00f3ry dopasuje si\u0119 do wielu r\u00f3\u017cnych stylizacji. Oczywi\u015bcie staraj si\u0119 dobiera\u0107 kapelusz, kt\u00f3ry b\u0119dzie pasowa\u0142 w 100% do twojej <span style=\"color: #ff9900;\"><a style=\"color: #ff9900;\" href=\"https:\/\/pakuten.pl\/86-ubrania\" target=\"_blank\" rel=\"noopener\">stylizacji<\/a><\/span>.<\/p>\n<blockquote class=\"instagram-media\" style=\"background: #FFF; border: 0; border-radius: 3px; box-shadow: 0 0 1px 0 rgba(0,0,0,0.5),0 1px 10px 0 rgba(0,0,0,0.15); margin: 1px; max-width: 540px; min-width: 326px; padding: 0; width: calc(100% - 2px);\" data-instgrm-permalink=\"https:\/\/www.instagram.com\/p\/Cs-57wKobKl\/?utm_source=ig_embed&amp;utm_campaign=loading\" data-instgrm-version=\"14\">\n<div style=\"padding: 16px;\">\n<div style=\"display: flex; flex-direction: row; align-items: center;\">\n<div style=\"background-color: #f4f4f4; border-radius: 50%; flex-grow: 0; height: 40px; margin-right: 14px; width: 40px;\">\u00a0<\/div>\n<div style=\"display: flex; flex-direction: column; flex-grow: 1; justify-content: center;\">\n<div style=\"background-color: #f4f4f4; border-radius: 4px; flex-grow: 0; height: 14px; margin-bottom: 6px; width: 100px;\">\u00a0<\/div>\n<div style=\"background-color: #f4f4f4; border-radius: 4px; flex-grow: 0; height: 14px; width: 60px;\">\u00a0<\/div>\n<\/div>\n<\/div>\n<div style=\"padding: 19% 0;\">\u00a0<\/div>\n<div style=\"display: block; height: 50px; margin: 0 auto 12px; width: 50px;\">\u00a0<\/div>\n<div style=\"padding-top: 8px;\">\n<div style=\"color: #3897f0; font-family: Arial,sans-serif; font-size: 14px; font-style: normal; font-weight: 550; line-height: 18px;\">Wy\u015bwietl ten post na Instagramie<\/div>\n<\/div>\n<div style=\"padding: 12.5% 0;\">\u00a0<\/div>\n<div style=\"display: flex; flex-direction: row; margin-bottom: 14px; align-items: center;\">\n<div>\n<div style=\"background-color: #f4f4f4; border-radius: 50%; height: 12.5px; width: 12.5px; transform: translateX(0px) translateY(7px);\">\u00a0<\/div>\n<div style=\"background-color: #f4f4f4; height: 12.5px; transform: rotate(-45deg) translateX(3px) translateY(1px); width: 12.5px; flex-grow: 0; margin-right: 14px; margin-left: 2px;\">\u00a0<\/div>\n<div style=\"background-color: #f4f4f4; border-radius: 50%; height: 12.5px; width: 12.5px; transform: translateX(9px) translateY(-18px);\">\u00a0<\/div>\n<\/div>\n<div style=\"margin-left: 8px;\">\n<div style=\"background-color: #f4f4f4; border-radius: 50%; flex-grow: 0; height: 20px; width: 20px;\">\u00a0<\/div>\n<div style=\"width: 0; height: 0; border-top: 2px solid transparent; border-left: 6px solid #f4f4f4; border-bottom: 2px solid transparent; transform: translateX(16px) translateY(-4px) rotate(30deg);\">\u00a0<\/div>\n<\/div>\n<div style=\"margin-left: auto;\">\n<div style=\"width: 0px; border-top: 8px solid #F4F4F4; border-right: 8px solid transparent; transform: translateY(16px);\">\u00a0<\/div>\n<div style=\"background-color: #f4f4f4; flex-grow: 0; height: 12px; width: 16px; transform: translateY(-4px);\">\u00a0<\/div>\n<div style=\"width: 0; height: 0; border-top: 8px solid #F4F4F4; border-left: 8px solid transparent; transform: translateY(-4px) translateX(8px);\">\u00a0<\/div>\n<\/div>\n<\/div>\n<div style=\"display: flex; flex-direction: column; flex-grow: 1; justify-content: center; margin-bottom: 24px;\">\n<div style=\"background-color: #f4f4f4; border-radius: 4px; flex-grow: 0; height: 14px; margin-bottom: 6px; width: 224px;\">\u00a0<\/div>\n<div style=\"background-color: #f4f4f4; border-radius: 4px; flex-grow: 0; height: 14px; width: 144px;\">\u00a0<\/div>\n<\/div>\n<p style=\"color: #c9c8cd; font-family: Arial,sans-serif; font-size: 14px; line-height: 17px; margin-bottom: 0; margin-top: 8px; overflow: hidden; padding: 8px 0 7px; text-align: center; text-overflow: ellipsis; white-space: nowrap;\"><a style=\"color: #c9c8cd; font-family: Arial,sans-serif; font-size: 14px; font-style: normal; font-weight: normal; line-height: 17px; text-decoration: none;\" href=\"https:\/\/www.instagram.com\/p\/Cs-57wKobKl\/?utm_source=ig_embed&amp;utm_campaign=loading\" target=\"_blank\" rel=\"noopener\">Post udost\u0119pniony przez \ud83d\udc78\ud83c\udffcPaulina (@stylova_dziewczyna)<\/a><\/p>\n<\/div>\n<\/blockquote>\n<p><script async src=\"\/\/www.instagram.com\/embed.js\"><\/script><\/p>\n<h2><span style=\"color: #ff9900;\">Do jakich stylizacji pasuj\u0105 kapelusze ?<\/span><\/h2>\n<p>Bardzo wa\u017cnym czynnikiem jest dobranie odpowiedniego kapelusza do ca\u0142o\u015bci twojej stylizacji. Nakrycie g\u0142owy b\u0119dzie pasowa\u0107 ka\u017cdemu, nale\u017cy tylko dobra\u0107 jego odpowiedni kszta\u0142t\/fason, a ten dodatek dope\u0142ni twoja ka\u017cd\u0105 stylizacj\u0119 w wyj\u0105tkowy spos\u00f3b. Warto jest zastanowi\u0107 si\u0119 przed kupnem kapelusza czy stworzysz z nim odpowiednia dla ciebie stylizacje. Je\u017celi ka\u017cdy kapelusz pasuje do twojej sylwetki, buzi, karnacji i wielu stylizacji to nie masz si\u0119 o co martwi\u0107, ale nie wszystkie kapelusze pasuj\u0105 do ka\u017cdego rodzaju urody. Dlatego warto jest przemy\u015ble\u0107 i dopasowa\u0107 <span style=\"color: #ff9900;\"><a style=\"color: #ff9900;\" href=\"https:\/\/pakuten.pl\/86-ubrania\" target=\"_blank\" rel=\"noopener\">ubrania<\/a><\/span> do ca\u0142ego pomys\u0142u.<\/p>\n<div class=\"product-box-container\">\r\n<div class=\"one_third \" style=\"\">\r\n<div class=\"product-box\">\r\n<a href=\"https:\/\/pakuten.pl\/32354-72334-biala-azurowa-sukienka-z-ozdobnym-dekoltem-polena-bialy.html\" target=\"_blank\">\r\n <img src=\"https:\/\/media.pakuten.pl\/195919-large_default\/biala-azurowa-sukienka-z-ozdobnym-dekoltem-polena.jpg\" alt=\"Bia\u0142a a\u017curowa sukienka z ozdobnym dekoltem Polena\"\/>\r\n<\/a>\r\n<p>\r\n<a href=\"https:\/\/pakuten.pl\/32354-72334-biala-azurowa-sukienka-z-ozdobnym-dekoltem-polena-bialy.html\" target=\"_blank\">\r\nBia\u0142a a\u017curowa sukienka z ozdobnym dekoltem Polena\r\n<\/a><\/p>\r\n  <p>Cena: 177,79\u00a0z\u0142<\/p>\r\n<a href=\"https:\/\/pakuten.pl\/32354-72334-biala-azurowa-sukienka-z-ozdobnym-dekoltem-polena-bialy.html\" target=\"_blank\" class=\"button\">\r\nZobacz w sklepie\r\n<\/a>\r\n<\/div>\r\n<\/div>\r\n<div class=\"one_third \" style=\"\">\r\n<div class=\"product-box\">\r\n<a href=\"https:\/\/pakuten.pl\/32349-72311-biala-azurowa-sukienka-z-ozdobnym-dekoltem-i-paskiem-inner--bialy.html\" target=\"_blank\">\r\n  <img src=\"https:\/\/media.pakuten.pl\/195891-large_default\/biala-azurowa-sukienka-z-ozdobnym-dekoltem-i-paskiem-inner-.jpg\" alt=\"Bia\u0142a a\u017curowa sukienka z ozdobnym dekoltem i paskiem Inner\"\/>\r\n<\/a>\r\n<p>\r\n<a href=\"https:\/\/pakuten.pl\/32349-72311-biala-azurowa-sukienka-z-ozdobnym-dekoltem-i-paskiem-inner--bialy.html\" target=\"_blank\">\r\nBia\u0142a a\u017curowa sukienka z ozdobnym dekoltem i paskiem Inner\r\n<\/a><\/p>\r\n  <p>Cena: 89,99\u00a0z\u0142<\/p>\r\n<a href=\"https:\/\/pakuten.pl\/32349-72311-biala-azurowa-sukienka-z-ozdobnym-dekoltem-i-paskiem-inner--bialy.html\" target=\"_blank\" class=\"button\">\r\nZobacz w sklepie\r\n<\/a>\r\n<\/div>\r\n<\/div>\r\n<div class=\"one_third last \" style=\"\">\r\n<div class=\"product-box\">\r\n<a href=\"https:\/\/pakuten.pl\/32348-72307-biala-azurowa-sukienka-z-paskiem-alsatia-bialy.html\" target=\"_blank\">\r\n  <img src=\"https:\/\/media.pakuten.pl\/195885-large_default\/biala-azurowa-sukienka-z-paskiem-alsatia.jpg\" alt=\"Bia\u0142a a\u017curowa sukienka z paskiem Alsatia\"\/>\r\n<\/a>\r\n<p>\r\n<a href=\"https:\/\/pakuten.pl\/32348-72307-biala-azurowa-sukienka-z-paskiem-alsatia-bialy.html\" target=\"_blank\">\r\nBia\u0142a a\u017curowa sukienka z paskiem Alsatia\r\n<\/a><\/p>\r\n  <p>Cena: 89,99\u00a0z\u0142<\/p>\r\n<a href=\"https:\/\/pakuten.pl\/32348-72307-biala-azurowa-sukienka-z-paskiem-alsatia-bialy.html\" target=\"_blank\" class=\"button\">\r\nZobacz w sklepie\r\n<\/a>\r\n<\/div>\r\n<\/div><br class=\"clear\"\/>\r\n<\/div>\n<h2><span style=\"color: #ff9900;\">Jak dobra\u0107 kapelusz do okazji ?<\/span><\/h2>\n<p style=\"font-weight: 400;\"><b>Kapelusz s\u0142omkowy<\/b> &#8211; idealnie pasuje do letnich stylizacji oraz do sanda\u0142\u00f3w lub innych letnich but\u00f3w. Mo\u017cna ozdobi\u0107 ten model kwiatami lub koralikami, a b\u0119dzie pasowa\u0142 do stylizacji boho.\u00a0<\/p>\n<p style=\"font-weight: 400;\"><b>Kaszkiet, melonik, beret<\/b> &#8211; decyduj\u0105c si\u0119 na ten rodzaj nakrycia g\u0142owy, nale\u017cy przemy\u015ble\u0107 ca\u0142okszta\u0142t stroju w miejskim stylu. Takie modele pasuj\u0105 zar\u00f3wno do balerin, mokasyn\u00f3w, jak i p\u00f3\u0142but\u00f3w. Szczeg\u00f3lnie wiosn\u0105 i jesieni\u0105 warto po\u0142\u0105czy\u0107 je z trenczem.\u00a0<\/p>\n<p style=\"font-weight: 400;\"><b>Kapelusz z du\u017cym rondem<\/b> &#8211; w tym przypadku warto poeksperymentowa\u0107 z mod\u0105, stawiaj\u0105c na awangard\u0119. Zim\u0105 mo\u017cna taki efekt osi\u0105gn\u0105\u0107 poprzez po\u0142\u0105czenie z kozakami lub futrem. Latem natomiast do tego nakrycia g\u0142owy najlepiej pasuj\u0105 szpilki lub sanda\u0142y na obcasie.\u00a0<\/p>\n<p style=\"font-weight: 400;\"><b>Kapelusz BB<\/b> &#8211; czyli model tradycyjny z faluj\u0105cym rondem, wykonany z filcu. Znakomicie komponuje si\u0119 z wieloma zestawami, np. jeansami i koszul\u0105 lub trenczem i sukienk\u0105. Nadaje stylizacjom szyku i elegancji, warto dopasowa\u0107 do niego cz\u00f3\u0142enka lub baleriny.\u00a0<\/p>\n<p style=\"font-weight: 400;\"><b>Kapelusz fedora<\/b> &#8211; doskonale wygl\u0105da z elementami militarnymi, najlepszym obuwiem do tego kapelusza s\u0105 trampki, oficerki lub tenis\u00f3wki.\u00a0<\/p>\n<p>\u00a0<\/p>\n\n\n<div class=\"kk-star-ratings kksr-auto kksr-align-right kksr-valign-bottom\"\n    data-payload='{&quot;align&quot;:&quot;right&quot;,&quot;id&quot;:&quot;6327&quot;,&quot;slug&quot;:&quot;default&quot;,&quot;valign&quot;:&quot;bottom&quot;,&quot;ignore&quot;:&quot;&quot;,&quot;reference&quot;:&quot;auto&quot;,&quot;class&quot;:&quot;&quot;,&quot;count&quot;:&quot;0&quot;,&quot;legendonly&quot;:&quot;&quot;,&quot;readonly&quot;:&quot;&quot;,&quot;score&quot;:&quot;0&quot;,&quot;starsonly&quot;:&quot;&quot;,&quot;best&quot;:&quot;5&quot;,&quot;gap&quot;:&quot;5&quot;,&quot;greet&quot;:&quot;Rate this post&quot;,&quot;legend&quot;:&quot;0\\\/5 - (0 votes)&quot;,&quot;size&quot;:&quot;24&quot;,&quot;width&quot;:&quot;0&quot;,&quot;_legend&quot;:&quot;{score}\\\/{best} - ({count} {votes})&quot;,&quot;font_factor&quot;:&quot;1.25&quot;}'>\n            \n<div class=\"kksr-stars\">\n    \n<div class=\"kksr-stars-inactive\">\n            <div class=\"kksr-star\" data-star=\"1\" style=\"padding-right: 5px\">\n            \n\n<div class=\"kksr-icon\" style=\"width: 24px; height: 24px;\"><\/div>\n        <\/div>\n            <div class=\"kksr-star\" data-star=\"2\" style=\"padding-right: 5px\">\n            \n\n<div class=\"kksr-icon\" style=\"width: 24px; height: 24px;\"><\/div>\n        <\/div>\n            <div class=\"kksr-star\" data-star=\"3\" style=\"padding-right: 5px\">\n            \n\n<div class=\"kksr-icon\" style=\"width: 24px; height: 24px;\"><\/div>\n        <\/div>\n            <div class=\"kksr-star\" data-star=\"4\" style=\"padding-right: 5px\">\n            \n\n<div class=\"kksr-icon\" style=\"width: 24px; height: 24px;\"><\/div>\n        <\/div>\n            <div class=\"kksr-star\" data-star=\"5\" style=\"padding-right: 5px\">\n            \n\n<div class=\"kksr-icon\" style=\"width: 24px; height: 24px;\"><\/div>\n        <\/div>\n    <\/div>\n    \n<div class=\"kksr-stars-active\" style=\"width: 0px;\">\n            <div class=\"kksr-star\" style=\"padding-right: 5px\">\n            \n\n<div class=\"kksr-icon\" style=\"width: 24px; height: 24px;\"><\/div>\n        <\/div>\n            <div class=\"kksr-star\" style=\"padding-right: 5px\">\n            \n\n<div class=\"kksr-icon\" style=\"width: 24px; height: 24px;\"><\/div>\n        <\/div>\n            <div class=\"kksr-star\" style=\"padding-right: 5px\">\n            \n\n<div class=\"kksr-icon\" style=\"width: 24px; height: 24px;\"><\/div>\n        <\/div>\n            <div class=\"kksr-star\" style=\"padding-right: 5px\">\n            \n\n<div class=\"kksr-icon\" style=\"width: 24px; height: 24px;\"><\/div>\n        <\/div>\n            <div class=\"kksr-star\" style=\"padding-right: 5px\">\n            \n\n<div class=\"kksr-icon\" style=\"width: 24px; height: 24px;\"><\/div>\n        <\/div>\n    <\/div>\n<\/div>\n                \n\n<div class=\"kksr-legend\" style=\"font-size: 19.2px;\">\n            <span class=\"kksr-muted\">Rate this post<\/span>\n    <\/div>\n    <\/div>\n","protected":false},"excerpt":{"rendered":"<p>Kapelusze to bardzo fajny dodatek do stylizacji, kiedy\u015b by\u0142y te\u017c one bardzo cz\u0119sto noszone zar\u00f3wno przez kobiety jak i przez m\u0119\u017cczyzn. Ten trend i modny dodatek\u00a0 zosta\u0142 z nami na zawsze od wiek\u00f3w. Stylizacje z kapeluszem na lato b\u0119d\u0105 fajnie si\u0119 wyr\u00f3\u017cnia\u0107 i dodawa\u0107 troszk\u0119 charakteru. Koniecznie zobacz z czym warto jest nosi\u0107 kapelusz i co fajnie wygl\u0105da, a gdzie i przy czym warto jest sobie go odpu\u015bci\u0107, \u017ceby nie zrobi\u0107 modowego b\u0142\u0119du.<\/p>\n","protected":false},"author":3,"featured_media":6329,"comment_status":"open","ping_status":"open","sticky":false,"template":"","format":"standard","meta":[],"categories":[3],"tags":[],"yoast_head":"<!-- This site is optimized with the Yoast SEO plugin v18.4.1 - https:\/\/yoast.com\/wordpress\/plugins\/seo\/ -->\n<title>Stylizacje z kapeluszem na lato.. Poznaj najnowsze trendy. - Pakuten blog<\/title>\n<meta name=\"description\" content=\"Stylizacje z kapeluszem na lato b\u0119d\u0105 fajnie si\u0119 wyr\u00f3\u017cnia\u0107 i dodawa\u0107 troszk\u0119 charakteru. Koniecznie zobacz z czym warto jest nosi\u0107 kapelusz\" \/>\n<meta name=\"robots\" content=\"index, follow, max-snippet:-1, max-image-preview:large, max-video-preview:-1\" \/>\n<link rel=\"canonical\" href=\"https:\/\/pakuten.pl\/blog\/stylizacje-z-kapeluszem-na-lato-poznaj-nasze-zdanie\/\" \/>\n<meta property=\"og:locale\" content=\"pl_PL\" \/>\n<meta property=\"og:type\" content=\"article\" \/>\n<meta property=\"og:title\" content=\"Stylizacje z kapeluszem na lato.. Poznaj najnowsze trendy. - Pakuten blog\" \/>\n<meta property=\"og:description\" content=\"Stylizacje z kapeluszem na lato b\u0119d\u0105 fajnie si\u0119 wyr\u00f3\u017cnia\u0107 i dodawa\u0107 troszk\u0119 charakteru. Koniecznie zobacz z czym warto jest nosi\u0107 kapelusz\" \/>\n<meta property=\"og:url\" content=\"https:\/\/pakuten.pl\/blog\/stylizacje-z-kapeluszem-na-lato-poznaj-nasze-zdanie\/\" \/>\n<meta property=\"og:site_name\" content=\"Pakuten blog\" \/>\n<meta property=\"article:published_time\" content=\"2023-06-13T09:49:00+00:00\" \/>\n<meta property=\"article:modified_time\" content=\"2023-06-13T07:35:50+00:00\" \/>\n<meta property=\"og:image\" content=\"https:\/\/pakuten.pl\/blog\/wp-content\/uploads\/2022\/05\/Stylizacje-z-kapeluszem-na-lato..-Poznaj-nasze-zdanie..jpg\" \/>\n\t<meta property=\"og:image:width\" content=\"1280\" \/>\n\t<meta property=\"og:image:height\" content=\"853\" \/>\n\t<meta property=\"og:image:type\" content=\"image\/jpeg\" \/>\n<meta name=\"twitter:card\" content=\"summary_large_image\" \/>\n<meta name=\"twitter:label1\" content=\"Napisane przez\" \/>\n\t<meta name=\"twitter:data1\" content=\"Pakuten Girl\" \/>\n\t<meta name=\"twitter:label2\" content=\"Szacowany czas czytania\" \/>\n\t<meta name=\"twitter:data2\" content=\"5 minut\" \/>\n<script type=\"application\/ld+json\" class=\"yoast-schema-graph\">{\"@context\":\"https:\/\/schema.org\",\"@graph\":[{\"@type\":\"Organization\",\"@id\":\"https:\/\/pakuten.pl\/blog\/#organization\",\"name\":\"Pakuten\",\"url\":\"https:\/\/pakuten.pl\/blog\/\",\"sameAs\":[],\"logo\":{\"@type\":\"ImageObject\",\"@id\":\"https:\/\/pakuten.pl\/blog\/#logo\",\"inLanguage\":\"pl-PL\",\"url\":\"http:\/\/pakuten.pl\/blog\/wp-content\/uploads\/2018\/01\/pakuten_logo.png\",\"contentUrl\":\"http:\/\/pakuten.pl\/blog\/wp-content\/uploads\/2018\/01\/pakuten_logo.png\",\"width\":300,\"height\":120,\"caption\":\"Pakuten\"},\"image\":{\"@id\":\"https:\/\/pakuten.pl\/blog\/#logo\"}},{\"@type\":\"WebSite\",\"@id\":\"https:\/\/pakuten.pl\/blog\/#website\",\"url\":\"https:\/\/pakuten.pl\/blog\/\",\"name\":\"Pakuten blog\",\"description\":\"Blog sklepu internetowego pakuten.pl\",\"publisher\":{\"@id\":\"https:\/\/pakuten.pl\/blog\/#organization\"},\"potentialAction\":[{\"@type\":\"SearchAction\",\"target\":{\"@type\":\"EntryPoint\",\"urlTemplate\":\"https:\/\/pakuten.pl\/blog\/?s={search_term_string}\"},\"query-input\":\"required name=search_term_string\"}],\"inLanguage\":\"pl-PL\"},{\"@type\":\"ImageObject\",\"@id\":\"https:\/\/pakuten.pl\/blog\/stylizacje-z-kapeluszem-na-lato-poznaj-nasze-zdanie\/#primaryimage\",\"inLanguage\":\"pl-PL\",\"url\":\"https:\/\/pakuten.pl\/blog\/wp-content\/uploads\/2022\/05\/Stylizacje-z-kapeluszem-na-lato..-Poznaj-nasze-zdanie..jpg\",\"contentUrl\":\"https:\/\/pakuten.pl\/blog\/wp-content\/uploads\/2022\/05\/Stylizacje-z-kapeluszem-na-lato..-Poznaj-nasze-zdanie..jpg\",\"width\":1280,\"height\":853},{\"@type\":\"WebPage\",\"@id\":\"https:\/\/pakuten.pl\/blog\/stylizacje-z-kapeluszem-na-lato-poznaj-nasze-zdanie\/#webpage\",\"url\":\"https:\/\/pakuten.pl\/blog\/stylizacje-z-kapeluszem-na-lato-poznaj-nasze-zdanie\/\",\"name\":\"Stylizacje z kapeluszem na lato.. Poznaj najnowsze trendy. - Pakuten blog\",\"isPartOf\":{\"@id\":\"https:\/\/pakuten.pl\/blog\/#website\"},\"primaryImageOfPage\":{\"@id\":\"https:\/\/pakuten.pl\/blog\/stylizacje-z-kapeluszem-na-lato-poznaj-nasze-zdanie\/#primaryimage\"},\"datePublished\":\"2023-06-13T09:49:00+00:00\",\"dateModified\":\"2023-06-13T07:35:50+00:00\",\"description\":\"Stylizacje z kapeluszem na lato b\u0119d\u0105 fajnie si\u0119 wyr\u00f3\u017cnia\u0107 i dodawa\u0107 troszk\u0119 charakteru. Koniecznie zobacz z czym warto jest nosi\u0107 kapelusz\",\"breadcrumb\":{\"@id\":\"https:\/\/pakuten.pl\/blog\/stylizacje-z-kapeluszem-na-lato-poznaj-nasze-zdanie\/#breadcrumb\"},\"inLanguage\":\"pl-PL\",\"potentialAction\":[{\"@type\":\"ReadAction\",\"target\":[\"https:\/\/pakuten.pl\/blog\/stylizacje-z-kapeluszem-na-lato-poznaj-nasze-zdanie\/\"]}]},{\"@type\":\"BreadcrumbList\",\"@id\":\"https:\/\/pakuten.pl\/blog\/stylizacje-z-kapeluszem-na-lato-poznaj-nasze-zdanie\/#breadcrumb\",\"itemListElement\":[{\"@type\":\"ListItem\",\"position\":1,\"name\":\"Strona g\u0142\u00f3wna\",\"item\":\"https:\/\/pakuten.pl\/blog\/\"},{\"@type\":\"ListItem\",\"position\":2,\"name\":\"Stylizacje z kapeluszem na lato.. Poznaj najnowsze trendy.\"}]},{\"@type\":\"Article\",\"@id\":\"https:\/\/pakuten.pl\/blog\/stylizacje-z-kapeluszem-na-lato-poznaj-nasze-zdanie\/#article\",\"isPartOf\":{\"@id\":\"https:\/\/pakuten.pl\/blog\/stylizacje-z-kapeluszem-na-lato-poznaj-nasze-zdanie\/#webpage\"},\"author\":{\"@id\":\"https:\/\/pakuten.pl\/blog\/#\/schema\/person\/d7133af30211381a4e4536d088384556\"},\"headline\":\"Stylizacje z kapeluszem na lato.. Poznaj najnowsze trendy.\",\"datePublished\":\"2023-06-13T09:49:00+00:00\",\"dateModified\":\"2023-06-13T07:35:50+00:00\",\"mainEntityOfPage\":{\"@id\":\"https:\/\/pakuten.pl\/blog\/stylizacje-z-kapeluszem-na-lato-poznaj-nasze-zdanie\/#webpage\"},\"wordCount\":871,\"commentCount\":0,\"publisher\":{\"@id\":\"https:\/\/pakuten.pl\/blog\/#organization\"},\"image\":{\"@id\":\"https:\/\/pakuten.pl\/blog\/stylizacje-z-kapeluszem-na-lato-poznaj-nasze-zdanie\/#primaryimage\"},\"thumbnailUrl\":\"https:\/\/pakuten.pl\/blog\/wp-content\/uploads\/2022\/05\/Stylizacje-z-kapeluszem-na-lato..-Poznaj-nasze-zdanie..jpg\",\"articleSection\":[\"Top Trends\"],\"inLanguage\":\"pl-PL\",\"potentialAction\":[{\"@type\":\"CommentAction\",\"name\":\"Comment\",\"target\":[\"https:\/\/pakuten.pl\/blog\/stylizacje-z-kapeluszem-na-lato-poznaj-nasze-zdanie\/#respond\"]}]},{\"@type\":\"Person\",\"@id\":\"https:\/\/pakuten.pl\/blog\/#\/schema\/person\/d7133af30211381a4e4536d088384556\",\"name\":\"Pakuten Girl\",\"image\":{\"@type\":\"ImageObject\",\"@id\":\"https:\/\/pakuten.pl\/blog\/#personlogo\",\"inLanguage\":\"pl-PL\",\"url\":\"https:\/\/secure.gravatar.com\/avatar\/d3df41de2caf92e6cfded9430c2ff352?s=96&d=mm&r=g\",\"contentUrl\":\"https:\/\/secure.gravatar.com\/avatar\/d3df41de2caf92e6cfded9430c2ff352?s=96&d=mm&r=g\",\"caption\":\"Pakuten Girl\"},\"description\":\"Cze\u015b\u0107, nazywam si\u0119 Ola. Kocham Netflixa, sals\u0119, nowo\u015bci kosmetyczne i najnowsze trendy w modzie.\",\"url\":\"https:\/\/pakuten.pl\/blog\/author\/pakuten-girl\/\"}]}<\/script>\n<!-- \/ Yoast SEO plugin. -->","yoast_head_json":{"title":"Stylizacje z kapeluszem na lato.. Poznaj najnowsze trendy. - Pakuten blog","description":"Stylizacje z kapeluszem na lato b\u0119d\u0105 fajnie si\u0119 wyr\u00f3\u017cnia\u0107 i dodawa\u0107 troszk\u0119 charakteru. Koniecznie zobacz z czym warto jest nosi\u0107 kapelusz","robots":{"index":"index","follow":"follow","max-snippet":"max-snippet:-1","max-image-preview":"max-image-preview:large","max-video-preview":"max-video-preview:-1"},"canonical":"https:\/\/pakuten.pl\/blog\/stylizacje-z-kapeluszem-na-lato-poznaj-nasze-zdanie\/","og_locale":"pl_PL","og_type":"article","og_title":"Stylizacje z kapeluszem na lato.. Poznaj najnowsze trendy. - Pakuten blog","og_description":"Stylizacje z kapeluszem na lato b\u0119d\u0105 fajnie si\u0119 wyr\u00f3\u017cnia\u0107 i dodawa\u0107 troszk\u0119 charakteru. Koniecznie zobacz z czym warto jest nosi\u0107 kapelusz","og_url":"https:\/\/pakuten.pl\/blog\/stylizacje-z-kapeluszem-na-lato-poznaj-nasze-zdanie\/","og_site_name":"Pakuten blog","article_published_time":"2023-06-13T09:49:00+00:00","article_modified_time":"2023-06-13T07:35:50+00:00","og_image":[{"width":1280,"height":853,"url":"https:\/\/pakuten.pl\/blog\/wp-content\/uploads\/2022\/05\/Stylizacje-z-kapeluszem-na-lato..-Poznaj-nasze-zdanie..jpg","type":"image\/jpeg"}],"twitter_card":"summary_large_image","twitter_misc":{"Napisane przez":"Pakuten Girl","Szacowany czas czytania":"5 minut"},"schema":{"@context":"https:\/\/schema.org","@graph":[{"@type":"Organization","@id":"https:\/\/pakuten.pl\/blog\/#organization","name":"Pakuten","url":"https:\/\/pakuten.pl\/blog\/","sameAs":[],"logo":{"@type":"ImageObject","@id":"https:\/\/pakuten.pl\/blog\/#logo","inLanguage":"pl-PL","url":"http:\/\/pakuten.pl\/blog\/wp-content\/uploads\/2018\/01\/pakuten_logo.png","contentUrl":"http:\/\/pakuten.pl\/blog\/wp-content\/uploads\/2018\/01\/pakuten_logo.png","width":300,"height":120,"caption":"Pakuten"},"image":{"@id":"https:\/\/pakuten.pl\/blog\/#logo"}},{"@type":"WebSite","@id":"https:\/\/pakuten.pl\/blog\/#website","url":"https:\/\/pakuten.pl\/blog\/","name":"Pakuten blog","description":"Blog sklepu internetowego pakuten.pl","publisher":{"@id":"https:\/\/pakuten.pl\/blog\/#organization"},"potentialAction":[{"@type":"SearchAction","target":{"@type":"EntryPoint","urlTemplate":"https:\/\/pakuten.pl\/blog\/?s={search_term_string}"},"query-input":"required name=search_term_string"}],"inLanguage":"pl-PL"},{"@type":"ImageObject","@id":"https:\/\/pakuten.pl\/blog\/stylizacje-z-kapeluszem-na-lato-poznaj-nasze-zdanie\/#primaryimage","inLanguage":"pl-PL","url":"https:\/\/pakuten.pl\/blog\/wp-content\/uploads\/2022\/05\/Stylizacje-z-kapeluszem-na-lato..-Poznaj-nasze-zdanie..jpg","contentUrl":"https:\/\/pakuten.pl\/blog\/wp-content\/uploads\/2022\/05\/Stylizacje-z-kapeluszem-na-lato..-Poznaj-nasze-zdanie..jpg","width":1280,"height":853},{"@type":"WebPage","@id":"https:\/\/pakuten.pl\/blog\/stylizacje-z-kapeluszem-na-lato-poznaj-nasze-zdanie\/#webpage","url":"https:\/\/pakuten.pl\/blog\/stylizacje-z-kapeluszem-na-lato-poznaj-nasze-zdanie\/","name":"Stylizacje z kapeluszem na lato.. Poznaj najnowsze trendy. - Pakuten blog","isPartOf":{"@id":"https:\/\/pakuten.pl\/blog\/#website"},"primaryImageOfPage":{"@id":"https:\/\/pakuten.pl\/blog\/stylizacje-z-kapeluszem-na-lato-poznaj-nasze-zdanie\/#primaryimage"},"datePublished":"2023-06-13T09:49:00+00:00","dateModified":"2023-06-13T07:35:50+00:00","description":"Stylizacje z kapeluszem na lato b\u0119d\u0105 fajnie si\u0119 wyr\u00f3\u017cnia\u0107 i dodawa\u0107 troszk\u0119 charakteru. Koniecznie zobacz z czym warto jest nosi\u0107 kapelusz","breadcrumb":{"@id":"https:\/\/pakuten.pl\/blog\/stylizacje-z-kapeluszem-na-lato-poznaj-nasze-zdanie\/#breadcrumb"},"inLanguage":"pl-PL","potentialAction":[{"@type":"ReadAction","target":["https:\/\/pakuten.pl\/blog\/stylizacje-z-kapeluszem-na-lato-poznaj-nasze-zdanie\/"]}]},{"@type":"BreadcrumbList","@id":"https:\/\/pakuten.pl\/blog\/stylizacje-z-kapeluszem-na-lato-poznaj-nasze-zdanie\/#breadcrumb","itemListElement":[{"@type":"ListItem","position":1,"name":"Strona g\u0142\u00f3wna","item":"https:\/\/pakuten.pl\/blog\/"},{"@type":"ListItem","position":2,"name":"Stylizacje z kapeluszem na lato.. Poznaj najnowsze trendy."}]},{"@type":"Article","@id":"https:\/\/pakuten.pl\/blog\/stylizacje-z-kapeluszem-na-lato-poznaj-nasze-zdanie\/#article","isPartOf":{"@id":"https:\/\/pakuten.pl\/blog\/stylizacje-z-kapeluszem-na-lato-poznaj-nasze-zdanie\/#webpage"},"author":{"@id":"https:\/\/pakuten.pl\/blog\/#\/schema\/person\/d7133af30211381a4e4536d088384556"},"headline":"Stylizacje z kapeluszem na lato.. Poznaj najnowsze trendy.","datePublished":"2023-06-13T09:49:00+00:00","dateModified":"2023-06-13T07:35:50+00:00","mainEntityOfPage":{"@id":"https:\/\/pakuten.pl\/blog\/stylizacje-z-kapeluszem-na-lato-poznaj-nasze-zdanie\/#webpage"},"wordCount":871,"commentCount":0,"publisher":{"@id":"https:\/\/pakuten.pl\/blog\/#organization"},"image":{"@id":"https:\/\/pakuten.pl\/blog\/stylizacje-z-kapeluszem-na-lato-poznaj-nasze-zdanie\/#primaryimage"},"thumbnailUrl":"https:\/\/pakuten.pl\/blog\/wp-content\/uploads\/2022\/05\/Stylizacje-z-kapeluszem-na-lato..-Poznaj-nasze-zdanie..jpg","articleSection":["Top Trends"],"inLanguage":"pl-PL","potentialAction":[{"@type":"CommentAction","name":"Comment","target":["https:\/\/pakuten.pl\/blog\/stylizacje-z-kapeluszem-na-lato-poznaj-nasze-zdanie\/#respond"]}]},{"@type":"Person","@id":"https:\/\/pakuten.pl\/blog\/#\/schema\/person\/d7133af30211381a4e4536d088384556","name":"Pakuten Girl","image":{"@type":"ImageObject","@id":"https:\/\/pakuten.pl\/blog\/#personlogo","inLanguage":"pl-PL","url":"https:\/\/secure.gravatar.com\/avatar\/d3df41de2caf92e6cfded9430c2ff352?s=96&d=mm&r=g","contentUrl":"https:\/\/secure.gravatar.com\/avatar\/d3df41de2caf92e6cfded9430c2ff352?s=96&d=mm&r=g","caption":"Pakuten Girl"},"description":"Cze\u015b\u0107, nazywam si\u0119 Ola. Kocham Netflixa, sals\u0119, nowo\u015bci kosmetyczne i najnowsze trendy w modzie.","url":"https:\/\/pakuten.pl\/blog\/author\/pakuten-girl\/"}]}},"_links":{"self":[{"href":"https:\/\/pakuten.pl\/blog\/wp-json\/wp\/v2\/posts\/6327"}],"collection":[{"href":"https:\/\/pakuten.pl\/blog\/wp-json\/wp\/v2\/posts"}],"about":[{"href":"https:\/\/pakuten.pl\/blog\/wp-json\/wp\/v2\/types\/post"}],"author":[{"embeddable":true,"href":"https:\/\/pakuten.pl\/blog\/wp-json\/wp\/v2\/users\/3"}],"replies":[{"embeddable":true,"href":"https:\/\/pakuten.pl\/blog\/wp-json\/wp\/v2\/comments?post=6327"}],"version-history":[{"count":11,"href":"https:\/\/pakuten.pl\/blog\/wp-json\/wp\/v2\/posts\/6327\/revisions"}],"predecessor-version":[{"id":7718,"href":"https:\/\/pakuten.pl\/blog\/wp-json\/wp\/v2\/posts\/6327\/revisions\/7718"}],"wp:featuredmedia":[{"embeddable":true,"href":"https:\/\/pakuten.pl\/blog\/wp-json\/wp\/v2\/media\/6329"}],"wp:attachment":[{"href":"https:\/\/pakuten.pl\/blog\/wp-json\/wp\/v2\/media?parent=6327"}],"wp:term":[{"taxonomy":"category","embeddable":true,"href":"https:\/\/pakuten.pl\/blog\/wp-json\/wp\/v2\/categories?post=6327"},{"taxonomy":"post_tag","embeddable":true,"href":"https:\/\/pakuten.pl\/blog\/wp-json\/wp\/v2\/tags?post=6327"}],"curies":[{"name":"wp","href":"https:\/\/api.w.org\/{rel}","templated":true}]}}