{"id":643,"date":"2018-04-02T12:21:44","date_gmt":"2018-04-02T10:21:44","guid":{"rendered":"http:\/\/pakuten.pl\/blog\/?p=643"},"modified":"2021-08-25T10:22:06","modified_gmt":"2021-08-25T08:22:06","slug":"perly-na-ubraniach-wyprobuj-najgoretszy-trend-sezonu","status":"publish","type":"post","link":"https:\/\/pakuten.pl\/blog\/perly-na-ubraniach-wyprobuj-najgoretszy-trend-sezonu\/","title":{"rendered":"Per\u0142y na ubraniach &#8211; wypr\u00f3buj najgor\u0119tszy trend sezonu!"},"content":{"rendered":"<p><strong>Je\u015bli do tej pory per\u0142y na ubraniach kojarzy\u0142y Ci si\u0119 wy\u0142\u0105cznie z eleganckim naszyjnikiem Lady Di czy Coco Chanel, najwy\u017cszy czas to zmieni\u0107. Ubrania z pere\u0142kami to najgor\u0119tszy trend tego sezonu i opr\u00f3cz czerwonego dywanu opanowuje r\u00f3wnie\u017c ulice. Zosta\u0144 po\u0142awiaczk\u0105 pere\u0142 w oceanie mody!<\/strong><\/p>\n<h2>Pere\u0142ki na ubraniach, butach i akcesoriach<\/h2>\n<p>Mod\u0119 na ubrania z pere\u0142kami zainicjowa\u0142y Gucci i Balmain, czyli dwie marki, kt\u00f3re niezmiennie od kilku lat wyznaczaj\u0105 nowe trendy na ca\u0142ym \u015bwiecie. Balmain pokaza\u0142, \u017ce per\u0142y mog\u0105 zdobi\u0107 ka\u017cdy element stroju. Gucci z kolei posz\u0142o o krok dalej i postawi\u0142o na pere\u0142ki naklejane na stylowe mokasyny. Nie trzeba by\u0142o d\u0142ugo czeka\u0107, \u017ceby ten elegancki i bardzo kobiecy dodatek znalaz\u0142 si\u0119 na ka\u017cdym elemencie kobiecej garderoby.<\/p>\n<p>Dzisiaj sukienka czy bluza z pere\u0142kami to najmodniejsza cz\u0119\u015b\u0107 stylizacji. Dzi\u0119ki pere\u0142kom ubrania\u00a0 w mgnieniu oka zmieniaj\u0105 swoje oblicze i zyskuj\u0105 drugie, bardzo stylowe \u017cycie! Pere\u0142ki pojawiaj\u0105 si\u0119 na <strong><span style=\"color: #ff9900;\"><a style=\"color: #ff9900;\" href=\"https:\/\/pakuten.pl\/27-sukienki\">sukienkach<\/a><\/span><\/strong>, bluzach, spodniach, sp\u00f3dnicach i na <span style=\"color: #ff9900;\"><strong><a style=\"color: #ff9900;\" href=\"https:\/\/pakuten.pl\/51-akcesoria\">akcesoriach<\/a> <\/strong><\/span>wszelkiego rodzaju. Sprawiaj\u0105, \u017ce stylizacja nabiera ciekawego charakteru i kobiecej elegancji, nawet w wydaniu casualowym. Per\u0142y na ubraniach to doskona\u0142y spos\u00f3b na skompletowanie wyj\u0105tkowego stroju bez potrzeby szukania eleganckiej bi\u017cuterii.<\/p>\n<div class=\"product-box-container\">\r\n<div class=\"one_third \" style=\"\">\r\n<div class=\"product-box\">\r\n<a href=\"https:\/\/pakuten.pl\/3586-12867-sp-rozkloszowana-koszula-z-perelkami-czarny.html\" target=\"_blank\">\r\n <img src=\"https:\/\/media.pakuten.pl\/20579-large_default\/sp-rozkloszowana-koszula-z-perelkami.jpg\" alt=\"SP ROZKLOSZOWANA KOSZULA Z PERE\u0141KAMI\"\/>\r\n<\/a>\r\n<p>\r\n<a href=\"https:\/\/pakuten.pl\/3586-12867-sp-rozkloszowana-koszula-z-perelkami-czarny.html\" target=\"_blank\">\r\nSP ROZKLOSZOWANA KOSZULA Z PERE\u0141KAMI\r\n<\/a><\/p>\r\n  <p>Cena: 14,99\u00a0z\u0142<\/p>\r\n<a href=\"https:\/\/pakuten.pl\/3586-12867-sp-rozkloszowana-koszula-z-perelkami-czarny.html\" target=\"_blank\" class=\"button\">\r\nZobacz w sklepie\r\n<\/a>\r\n<\/div>\r\n<\/div>\r\n<div class=\"one_third \" style=\"\">\r\n<div class=\"product-box\">\r\n<a href=\"https:\/\/pakuten.pl\/3807-13489-sp-rozkloszowana-sukienka-perelki-jeans.html\" target=\"_blank\">\r\n  <img src=\"https:\/\/media.pakuten.pl\/22032-large_default\/sp-rozkloszowana-sukienka-perelki.jpg\" alt=\"SP ROZKLOSZOWANA SUKIENKA PERE\u0141KI\"\/>\r\n<\/a>\r\n<p>\r\n<a href=\"https:\/\/pakuten.pl\/3807-13489-sp-rozkloszowana-sukienka-perelki-jeans.html\" target=\"_blank\">\r\nSP ROZKLOSZOWANA SUKIENKA PERE\u0141KI\r\n<\/a><\/p>\r\n  <p>Cena: 44,99\u00a0z\u0142<\/p>\r\n<a href=\"https:\/\/pakuten.pl\/3807-13489-sp-rozkloszowana-sukienka-perelki-jeans.html\" target=\"_blank\" class=\"button\">\r\nZobacz w sklepie\r\n<\/a>\r\n<\/div>\r\n<\/div>\r\n<div class=\"one_third last \" style=\"\">\r\n<div class=\"product-box\">\r\n<a href=\"https:\/\/pakuten.pl\/3584-12860-sp-dresy-z-perelkami-czarny.html\" target=\"_blank\">\r\n  <img src=\"https:\/\/media.pakuten.pl\/20568-large_default\/sp-dresy-z-perelkami.jpg\" alt=\"SP DRESY Z PERE\u0141KAMI\"\/>\r\n<\/a>\r\n<p>\r\n<a href=\"https:\/\/pakuten.pl\/3584-12860-sp-dresy-z-perelkami-czarny.html\" target=\"_blank\">\r\nSP DRESY Z PERE\u0141KAMI\r\n<\/a><\/p>\r\n  <p>Cena: 49,99\u00a0z\u0142<\/p>\r\n<a href=\"https:\/\/pakuten.pl\/3584-12860-sp-dresy-z-perelkami-czarny.html\" target=\"_blank\" class=\"button\">\r\nZobacz w sklepie\r\n<\/a>\r\n<\/div>\r\n<\/div><br class=\"clear\"\/>\r\n<\/div>\n<h2>Spodnie, kurtka i inne ubrania z pere\u0142kami<strong> \u2014<\/strong>\u00a0 jak nosz\u0105 je blogerki?<\/h2>\n<p>Ponadczasowy charakter pere\u0142 sprawi\u0142, \u017ce ubrania z pere\u0142kami mo\u017cna zobaczy\u0107 w garderobie niemal ka\u017cdej gwiazdy show biznesu! Per\u0142y na ubraniach z ch\u0119ci\u0105 nosz\u0105 te\u017c polskie i zagraniczne blogerki. Macademian Girl wie, \u017ce pere\u0142ki kochaj\u0105 r\u00f3\u017c w ka\u017cdym wydaniu. \u015awietnie komponuj\u0105 si\u0119 r\u00f3wnie\u017c z kurtk\u0105 z denimu, czy jeansowymi spodniami. Sukienka z per\u0142ami w kolorze jeansu to r\u00f3wnie\u017c doskona\u0142y spos\u00f3b na niezobowi\u0105zuj\u0105c\u0105 stylizacj\u0119 na co dzie\u0144.<\/p>\n<blockquote class=\"instagram-media\" style=\"background: #FFF; border: 0; border-radius: 3px; box-shadow: 0 0 1px 0 rgba(0,0,0,0.5),0 1px 10px 0 rgba(0,0,0,0.15); margin: 1px; max-width: 658px; padding: 0; width: calc(100% - 2px);\" data-instgrm-captioned=\"\" data-instgrm-permalink=\"https:\/\/www.instagram.com\/p\/BbsBuyoHF-t\/\" data-instgrm-version=\"8\">\n<div style=\"padding: 8px;\">\n<div style=\"background: #F8F8F8; line-height: 0; margin-top: 40px; padding: 62.5% 0; text-align: center; width: 100%;\">\n<div style=\"background: url(data:image\/png; base64,ivborw0kggoaaaansuheugaaacwaaaascamaaaapwqozaaaabgdbtueaalgpc\/xhbqaaaafzukdcak7ohokaaaamuexurczmzpf399fx1+bm5mzy9amaaadisurbvdjlvzxbesmgces5\/p8\/t9furvcrmu73jwlzosgsiizurcjo\/ad+eqjjb4hv8bft+idpqocx1wjosbfhh2xssxeiyn3uli\/6mnree07uiwjev8ueowds88ly97kqytlijkktuybbruayvh5wohixmpi5we58ek028czwyuqdlkpg1bkb4nnm+veanfhqn1k4+gpt6ugqcvu2h2ovuif\/gwufyy8owepdyzsa3avcqpvovvzzz2vtnn2wu8qzvjddeto90gsy9mvlqtgysy231mxry6i2ggqjrty0l8fxcxfcbbhwrsyyaaaaaelftksuqmcc); display: block; height: 44px; margin: 0 auto -44px; position: relative; top: -22px; width: 44px;\"><\/div>\n<\/div>\n<p style=\"margin: 8px 0 0 0; padding: 0 4px;\"><a style=\"color: #000; font-family: Arial,sans-serif; font-size: 14px; font-style: normal; font-weight: normal; line-height: 17px; text-decoration: none; word-wrap: break-word;\" href=\"https:\/\/www.instagram.com\/p\/BbsBuyoHF-t\/\" target=\"_blank\" rel=\"noopener\">Pink, pearls, waves &amp; flowers\u2728? #girlystyle #pastelpink #ootd _____ \u203c?Kochani, dzisiaj na blogu nowy post o najgorszych b\u0142\u0119dach w makija\u017cu ??Dajcie zna\u0107, jakie #MakeupFails powinnam dopisa\u0107 do swojej listy \u270c<\/a><\/p>\n<p style=\"color: #c9c8cd; font-family: Arial,sans-serif; font-size: 14px; line-height: 17px; margin-bottom: 0; margin-top: 8px; overflow: hidden; padding: 8px 0 7px; text-align: center; text-overflow: ellipsis; white-space: nowrap;\">Post udost\u0119pniony przez <a style=\"color: #c9c8cd; font-family: Arial,sans-serif; font-size: 14px; font-style: normal; font-weight: normal; line-height: 17px;\" href=\"https:\/\/www.instagram.com\/macademiangirl\/\" target=\"_blank\" rel=\"noopener\"> Tamara Gonzalez Perea ?<\/a> (@macademiangirl) <time style=\"font-family: Arial,sans-serif; font-size: 14px; line-height: 17px;\" datetime=\"2017-11-19T19:05:36+00:00\">Lis 19, 2017 o 11:05 PST<\/time><\/p>\n<\/div>\n<\/blockquote>\n<p><script async=\"\" defer=\"\" src=\"\/\/www.instagram.com\/embed.js\"><\/script><\/p>\n<h2>Z\u0142\u00f3w per\u0142y na ubraniach! Ubrania, kt\u00f3re tworz\u0105 Tw\u00f3j styl<\/h2>\n<p>Jak nosi\u0107 ubrania z pere\u0142kami, \u017ceby by\u0142o wygodnie i modnie jednocze\u015bnie? Postaw na jeden element garderoby, kt\u00f3ry b\u0119dzie gra\u0142 g\u0142\u00f3wn\u0105 rol\u0119 w Twojej stylizacji. Lubisz <strong><span style=\"color: #ff9900;\"><a style=\"color: #ff9900;\" href=\"https:\/\/pakuten.pl\/61-bluzki-bez-nadruku\">eleganckie bluzki <\/a><\/span><\/strong>z per\u0142owymi aplikacjami? A mo\u017ce wolisz postawi\u0107 na codzienny komfort w stylu glamour?<\/p>\n<p>W takim razie bluza z pere\u0142kami czy <span style=\"color: #ff9900;\"><strong><a style=\"color: #ff9900;\" href=\"https:\/\/pakuten.pl\/30-komplety-dresowe\">dresowy komplet<\/a><\/strong><\/span> b\u0119dzie dla Ciebie strza\u0142em w dziesi\u0105tk\u0119! Kr\u00f3j i materia\u0142 sprawi, \u017ce pokochasz t\u0119 stylizacj\u0119 za wygod\u0119 na co dzie\u0144, a ozdobne pere\u0142ki odmieni\u0105 sportowe oblicze dresu. W takim wydaniu mo\u017cesz pokaza\u0107 si\u0119 w nim nie tylko na si\u0142owni!<\/p>\n<blockquote class=\"instagram-media\" style=\"background: #FFF; border: 0; border-radius: 3px; box-shadow: 0 0 1px 0 rgba(0,0,0,0.5),0 1px 10px 0 rgba(0,0,0,0.15); margin: 1px; max-width: 658px; padding: 0; width: calc(100% - 2px);\" data-instgrm-captioned=\"\" data-instgrm-permalink=\"https:\/\/www.instagram.com\/p\/Be3Zi8shWpF\/\" data-instgrm-version=\"8\">\n<div style=\"padding: 8px;\">\n<div style=\"background: #F8F8F8; line-height: 0; margin-top: 40px; padding: 62.5% 0; text-align: center; width: 100%;\">\n<div style=\"background: url(data:image\/png; base64,ivborw0kggoaaaansuheugaaacwaaaascamaaaapwqozaaaabgdbtueaalgpc\/xhbqaaaafzukdcak7ohokaaaamuexurczmzpf399fx1+bm5mzy9amaaadisurbvdjlvzxbesmgces5\/p8\/t9furvcrmu73jwlzosgsiizurcjo\/ad+eqjjb4hv8bft+idpqocx1wjosbfhh2xssxeiyn3uli\/6mnree07uiwjev8ueowds88ly97kqytlijkktuybbruayvh5wohixmpi5we58ek028czwyuqdlkpg1bkb4nnm+veanfhqn1k4+gpt6ugqcvu2h2ovuif\/gwufyy8owepdyzsa3avcqpvovvzzz2vtnn2wu8qzvjddeto90gsy9mvlqtgysy231mxry6i2ggqjrty0l8fxcxfcbbhwrsyyaaaaaelftksuqmcc); display: block; height: 44px; margin: 0 auto -44px; position: relative; top: -22px; width: 44px;\"><\/div>\n<\/div>\n<p style=\"margin: 8px 0 0 0; padding: 0 4px;\"><a style=\"color: #000; font-family: Arial,sans-serif; font-size: 14px; font-style: normal; font-weight: normal; line-height: 17px; text-decoration: none; word-wrap: break-word;\" href=\"https:\/\/www.instagram.com\/p\/Be3Zi8shWpF\/\" target=\"_blank\" rel=\"noopener\">Because you deserve a Tuesday treat, tap the link in our bio for our edit of the best bags to buy right now. photo: @thestylestalkercom<\/a><\/p>\n<p style=\"color: #c9c8cd; font-family: Arial,sans-serif; font-size: 14px; line-height: 17px; margin-bottom: 0; margin-top: 8px; overflow: hidden; padding: 8px 0 7px; text-align: center; text-overflow: ellipsis; white-space: nowrap;\">Post udost\u0119pniony przez <a style=\"color: #c9c8cd; font-family: Arial,sans-serif; font-size: 14px; font-style: normal; font-weight: normal; line-height: 17px;\" href=\"https:\/\/www.instagram.com\/whowhatwear\/\" target=\"_blank\" rel=\"noopener\"> Who What Wear<\/a> (@whowhatwear) <time style=\"font-family: Arial,sans-serif; font-size: 14px; line-height: 17px;\" datetime=\"2018-02-06T18:39:31+00:00\">Lut 6, 2018 o 10:39 PST<\/time><\/p>\n<\/div>\n<\/blockquote>\n<p><script async=\"\" defer=\"\" src=\"\/\/www.instagram.com\/embed.js\"><\/script><\/p>\n<blockquote class=\"instagram-media\" style=\"background: #FFF; border: 0; border-radius: 3px; box-shadow: 0 0 1px 0 rgba(0,0,0,0.5),0 1px 10px 0 rgba(0,0,0,0.15); margin: 1px; max-width: 658px; padding: 0; width: calc(100% - 2px);\" data-instgrm-captioned=\"\" data-instgrm-permalink=\"https:\/\/www.instagram.com\/p\/BefgBPTjK4T\/\" data-instgrm-version=\"8\">\n<div style=\"padding: 8px;\">\n<div style=\"background: #F8F8F8; line-height: 0; margin-top: 40px; padding: 59.44444444444444% 0; text-align: center; width: 100%;\">\n<div style=\"background: url(data:image\/png; base64,ivborw0kggoaaaansuheugaaacwaaaascamaaaapwqozaaaabgdbtueaalgpc\/xhbqaaaafzukdcak7ohokaaaamuexurczmzpf399fx1+bm5mzy9amaaadisurbvdjlvzxbesmgces5\/p8\/t9furvcrmu73jwlzosgsiizurcjo\/ad+eqjjb4hv8bft+idpqocx1wjosbfhh2xssxeiyn3uli\/6mnree07uiwjev8ueowds88ly97kqytlijkktuybbruayvh5wohixmpi5we58ek028czwyuqdlkpg1bkb4nnm+veanfhqn1k4+gpt6ugqcvu2h2ovuif\/gwufyy8owepdyzsa3avcqpvovvzzz2vtnn2wu8qzvjddeto90gsy9mvlqtgysy231mxry6i2ggqjrty0l8fxcxfcbbhwrsyyaaaaaelftksuqmcc); display: block; height: 44px; margin: 0 auto -44px; position: relative; top: -22px; width: 44px;\"><\/div>\n<\/div>\n<p style=\"margin: 8px 0 0 0; padding: 0 4px;\"><a style=\"color: #000; font-family: Arial,sans-serif; font-size: 14px; font-style: normal; font-weight: normal; line-height: 17px; text-decoration: none; word-wrap: break-word;\" href=\"https:\/\/www.instagram.com\/p\/BefgBPTjK4T\/\" target=\"_blank\" rel=\"noopener\">Lovely via @_living_with_style_ ? @daiseyodonnell ?<\/a><\/p>\n<p style=\"color: #c9c8cd; font-family: Arial,sans-serif; font-size: 14px; line-height: 17px; margin-bottom: 0; margin-top: 8px; overflow: hidden; padding: 8px 0 7px; text-align: center; text-overflow: ellipsis; white-space: nowrap;\">Post udost\u0119pniony przez <a style=\"color: #c9c8cd; font-family: Arial,sans-serif; font-size: 14px; font-style: normal; font-weight: normal; line-height: 17px;\" href=\"https:\/\/www.instagram.com\/streetstyle_london\/\" target=\"_blank\" rel=\"noopener\"> Streetstyle_London<\/a> (@streetstyle_london) <time style=\"font-family: Arial,sans-serif; font-size: 14px; line-height: 17px;\" datetime=\"2018-01-28T11:54:19+00:00\">Sty 28, 2018 o 3:54 PST<\/time><\/p>\n<\/div>\n<\/blockquote>\n<p><script async=\"\" defer=\"\" src=\"\/\/www.instagram.com\/embed.js\"><\/script><\/p>\n<h2>Sukienka z per\u0142ami \u2014 kobieco, czyli z charakterem<\/h2>\n<p>Nie od dzi\u015b wiadomo, \u017ce per\u0142y, podobnie jak <span style=\"color: #ff9900;\"><strong><a style=\"color: #ff9900;\" href=\"https:\/\/pakuten.pl\/82-pomadki-i-blyszczyki\">szminka<\/a><\/strong><\/span>, czy pi\u0119kny zapach to jeden z atrybut\u00f3w kobiety. Warto ubra\u0107 je wtedy, kiedy szczeg\u00f3lnie zale\u017cy Ci na kobiecym, poci\u0105gaj\u0105cym wygl\u0105dzie. Romantyczna kolacja w ukochanym lub przyjemny wieczorny spacer we dwoje? <span style=\"color: #ff9900;\"><strong><a style=\"color: #ff9900;\" href=\"https:\/\/pakuten.pl\/27-sukienki\">Sukienka z per\u0142ami<\/a><\/strong><\/span> to zdecydowanie najlepszy wyb\u00f3r na tak\u0105 okazj\u0119. Nie zawsze efekt musi by\u0107 niewinny i subtelny.<\/p>\n<div class=\"product-box-container\">\r\n<div class=\"one_half \" style=\"\">\r\n<div class=\"product-box\">\r\n<div class=\"product-box-image\">\r\n<a href=\"\" target=\"_blank\">\r\n<img src=\"\" alt=\"\"\/>\r\n<\/a>\r\n<\/div>\r\n<p>\r\n<a href=\"\" target=\"_blank\">\r\n\r\n<\/a><\/p>\r\n  <p>Cena: <\/p>\r\n<a href=\"\" target=\"_blank\" class=\"button\">\r\nZobacz w sklepie\r\n<\/a>\r\n<\/div>\r\n<\/div>\r\n<div class=\"one_half last \" style=\"\">\r\n<div class=\"product-box\">\r\n<div class=\"product-box-image\">\r\n<a href=\"https:\/\/pakuten.pl\/3247-12337-sweterkowa-sukienka-z-perelkami-i-rozcieciem-miodowy.html\" target=\"_blank\">\r\n<img src=\"https:\/\/media.pakuten.pl\/18863-large_default\/sweterkowa-sukienka-z-perelkami-i-rozcieciem.jpg\"  alt=\"SP SWETERKOWA SUKIENKA Z  PERE\u0141KAMI I ROZCI\u0118CIEM\"\/>\r\n<\/a>\r\n<\/div>\r\n<a href=\"https:\/\/pakuten.pl\/3247-12337-sweterkowa-sukienka-z-perelkami-i-rozcieciem-miodowy.html\" target=\"_blank\">\r\nSP SWETERKOWA SUKIENKA Z  PERE\u0141KAMI I ROZCI\u0118CIEM\r\n<\/a>\r\n  <p>Cena: 29,99\u00a0z\u0142<\/p>\r\n<a href=\"https:\/\/pakuten.pl\/3247-12337-sweterkowa-sukienka-z-perelkami-i-rozcieciem-miodowy.html\" target=\"_blank\" class=\"button\">\r\nZobacz w sklepie\r\n<\/a>\r\n<\/div>\r\n<\/div><br class=\"clear\"\/>\r\n<\/div>\n<p>Je\u015bli wolisz bardziej konkretne stylizacje (jak u Maffashion), po\u0142\u0105cz pere\u0142ki z czarnym kolorem na sukience, kt\u00f3ry doda im charakteru. Mo\u017cesz te\u017c, tak jak Chiarra Ferragni, zdecydowa\u0107 si\u0119 na bardziej rockowe ozdobienie sukienki, na kt\u00f3rej naszyte s\u0105 i p\u0142askie \u0107wieki i ma\u0142e pere\u0142ki. Ubrania s\u0105 przecie\u017c po to, aby tworzy\u0107 z nich w\u0142asny, indywidualny styl!<\/p>\n<blockquote class=\"instagram-media\" style=\"background: #FFF; border: 0; border-radius: 3px; box-shadow: 0 0 1px 0 rgba(0,0,0,0.5),0 1px 10px 0 rgba(0,0,0,0.15); margin: 1px; max-width: 658px; padding: 0; width: calc(100% - 2px);\" data-instgrm-captioned=\"\" data-instgrm-permalink=\"https:\/\/www.instagram.com\/p\/BedFUY_haqg\/\" data-instgrm-version=\"8\">\n<div style=\"padding: 8px;\">\n<div style=\"background: #F8F8F8; line-height: 0; margin-top: 40px; padding: 50% 0; text-align: center; width: 100%;\">\n<div style=\"background: url(data:image\/png; base64,ivborw0kggoaaaansuheugaaacwaaaascamaaaapwqozaaaabgdbtueaalgpc\/xhbqaaaafzukdcak7ohokaaaamuexurczmzpf399fx1+bm5mzy9amaaadisurbvdjlvzxbesmgces5\/p8\/t9furvcrmu73jwlzosgsiizurcjo\/ad+eqjjb4hv8bft+idpqocx1wjosbfhh2xssxeiyn3uli\/6mnree07uiwjev8ueowds88ly97kqytlijkktuybbruayvh5wohixmpi5we58ek028czwyuqdlkpg1bkb4nnm+veanfhqn1k4+gpt6ugqcvu2h2ovuif\/gwufyy8owepdyzsa3avcqpvovvzzz2vtnn2wu8qzvjddeto90gsy9mvlqtgysy231mxry6i2ggqjrty0l8fxcxfcbbhwrsyyaaaaaelftksuqmcc); display: block; height: 44px; margin: 0 auto -44px; position: relative; top: -22px; width: 44px;\"><\/div>\n<\/div>\n<p style=\"margin: 8px 0 0 0; padding: 0 4px;\"><a style=\"color: #000; font-family: Arial,sans-serif; font-size: 14px; font-style: normal; font-weight: normal; line-height: 17px; text-decoration: none; word-wrap: break-word;\" href=\"https:\/\/www.instagram.com\/p\/BedFUY_haqg\/\" target=\"_blank\" rel=\"noopener\">@krzysztof_adamek ?<\/a><\/p>\n<p style=\"color: #c9c8cd; font-family: Arial,sans-serif; font-size: 14px; line-height: 17px; margin-bottom: 0; margin-top: 8px; overflow: hidden; padding: 8px 0 7px; text-align: center; text-overflow: ellipsis; white-space: nowrap;\">Post udost\u0119pniony przez <a style=\"color: #c9c8cd; font-family: Arial,sans-serif; font-size: 14px; font-style: normal; font-weight: normal; line-height: 17px;\" href=\"https:\/\/www.instagram.com\/maffashion_official\/\" target=\"_blank\" rel=\"noopener\"> Julia Kuczynska<\/a> (@maffashion_official) <time style=\"font-family: Arial,sans-serif; font-size: 14px; line-height: 17px;\" datetime=\"2018-01-27T13:22:31+00:00\">Sty 27, 2018 o 5:22 PST<\/time><\/p>\n<\/div>\n<\/blockquote>\n<p><script async=\"\" defer=\"\" src=\"\/\/www.instagram.com\/embed.js\"><\/script><\/p>\n<blockquote class=\"instagram-media\" style=\"background: #FFF; border: 0; border-radius: 3px; box-shadow: 0 0 1px 0 rgba(0,0,0,0.5),0 1px 10px 0 rgba(0,0,0,0.15); margin: 1px; max-width: 658px; padding: 0; width: calc(100% - 2px);\" data-instgrm-captioned=\"\" data-instgrm-permalink=\"https:\/\/www.instagram.com\/p\/BZyS8qJDISV\/\" data-instgrm-version=\"8\">\n<div style=\"padding: 8px;\">\n<div style=\"background: #F8F8F8; line-height: 0; margin-top: 40px; padding: 62.4537037037037% 0; text-align: center; width: 100%;\">\n<div style=\"background: url(data:image\/png; base64,ivborw0kggoaaaansuheugaaacwaaaascamaaaapwqozaaaabgdbtueaalgpc\/xhbqaaaafzukdcak7ohokaaaamuexurczmzpf399fx1+bm5mzy9amaaadisurbvdjlvzxbesmgces5\/p8\/t9furvcrmu73jwlzosgsiizurcjo\/ad+eqjjb4hv8bft+idpqocx1wjosbfhh2xssxeiyn3uli\/6mnree07uiwjev8ueowds88ly97kqytlijkktuybbruayvh5wohixmpi5we58ek028czwyuqdlkpg1bkb4nnm+veanfhqn1k4+gpt6ugqcvu2h2ovuif\/gwufyy8owepdyzsa3avcqpvovvzzz2vtnn2wu8qzvjddeto90gsy9mvlqtgysy231mxry6i2ggqjrty0l8fxcxfcbbhwrsyyaaaaaelftksuqmcc); display: block; height: 44px; margin: 0 auto -44px; position: relative; top: -22px; width: 44px;\"><\/div>\n<\/div>\n<p style=\"margin: 8px 0 0 0; padding: 0 4px;\"><a style=\"color: #000; font-family: Arial,sans-serif; font-size: 14px; font-style: normal; font-weight: normal; line-height: 17px; text-decoration: none; word-wrap: break-word;\" href=\"https:\/\/www.instagram.com\/p\/BZyS8qJDISV\/\" target=\"_blank\" rel=\"noopener\">Ready for Miu Miu in my suite at @leroyalmonceau @leadinghotelsoftheworld! Thank you for an amazing stay #lhwtraveler #leroyalmonceau #ad ?<\/a><\/p>\n<p style=\"color: #c9c8cd; font-family: Arial,sans-serif; font-size: 14px; line-height: 17px; margin-bottom: 0; margin-top: 8px; overflow: hidden; padding: 8px 0 7px; text-align: center; text-overflow: ellipsis; white-space: nowrap;\">Post udost\u0119pniony przez <a style=\"color: #c9c8cd; font-family: Arial,sans-serif; font-size: 14px; font-style: normal; font-weight: normal; line-height: 17px;\" href=\"https:\/\/www.instagram.com\/chiaraferragni\/\" target=\"_blank\" rel=\"noopener\"> Chiara Ferragni<\/a> (@chiaraferragni) <time style=\"font-family: Arial,sans-serif; font-size: 14px; line-height: 17px;\" datetime=\"2017-10-03T12:28:42+00:00\">Pa\u017a 3, 2017 o 5:28 PDT<\/time><\/p>\n<\/div>\n<\/blockquote>\n<p><script async=\"\" defer=\"\" src=\"\/\/www.instagram.com\/embed.js\"><\/script><\/p>\n\n\n<div class=\"kk-star-ratings kksr-auto kksr-align-right kksr-valign-bottom\"\n    data-payload='{&quot;align&quot;:&quot;right&quot;,&quot;id&quot;:&quot;643&quot;,&quot;slug&quot;:&quot;default&quot;,&quot;valign&quot;:&quot;bottom&quot;,&quot;ignore&quot;:&quot;&quot;,&quot;reference&quot;:&quot;auto&quot;,&quot;class&quot;:&quot;&quot;,&quot;count&quot;:&quot;1&quot;,&quot;legendonly&quot;:&quot;&quot;,&quot;readonly&quot;:&quot;&quot;,&quot;score&quot;:&quot;5&quot;,&quot;starsonly&quot;:&quot;&quot;,&quot;best&quot;:&quot;5&quot;,&quot;gap&quot;:&quot;5&quot;,&quot;greet&quot;:&quot;Rate this post&quot;,&quot;legend&quot;:&quot;5\\\/5 - (1 vote)&quot;,&quot;size&quot;:&quot;24&quot;,&quot;width&quot;:&quot;142.5&quot;,&quot;_legend&quot;:&quot;{score}\\\/{best} - ({count} {votes})&quot;,&quot;font_factor&quot;:&quot;1.25&quot;}'>\n            \n<div class=\"kksr-stars\">\n    \n<div class=\"kksr-stars-inactive\">\n            <div class=\"kksr-star\" data-star=\"1\" style=\"padding-right: 5px\">\n            \n\n<div class=\"kksr-icon\" style=\"width: 24px; height: 24px;\"><\/div>\n        <\/div>\n            <div class=\"kksr-star\" data-star=\"2\" style=\"padding-right: 5px\">\n            \n\n<div class=\"kksr-icon\" style=\"width: 24px; height: 24px;\"><\/div>\n        <\/div>\n            <div class=\"kksr-star\" data-star=\"3\" style=\"padding-right: 5px\">\n            \n\n<div class=\"kksr-icon\" style=\"width: 24px; height: 24px;\"><\/div>\n        <\/div>\n            <div class=\"kksr-star\" data-star=\"4\" style=\"padding-right: 5px\">\n            \n\n<div class=\"kksr-icon\" style=\"width: 24px; height: 24px;\"><\/div>\n        <\/div>\n            <div class=\"kksr-star\" data-star=\"5\" style=\"padding-right: 5px\">\n            \n\n<div class=\"kksr-icon\" style=\"width: 24px; height: 24px;\"><\/div>\n        <\/div>\n    <\/div>\n    \n<div class=\"kksr-stars-active\" style=\"width: 142.5px;\">\n            <div class=\"kksr-star\" style=\"padding-right: 5px\">\n            \n\n<div class=\"kksr-icon\" style=\"width: 24px; height: 24px;\"><\/div>\n        <\/div>\n            <div class=\"kksr-star\" style=\"padding-right: 5px\">\n            \n\n<div class=\"kksr-icon\" style=\"width: 24px; height: 24px;\"><\/div>\n        <\/div>\n            <div class=\"kksr-star\" style=\"padding-right: 5px\">\n            \n\n<div class=\"kksr-icon\" style=\"width: 24px; height: 24px;\"><\/div>\n        <\/div>\n            <div class=\"kksr-star\" style=\"padding-right: 5px\">\n            \n\n<div class=\"kksr-icon\" style=\"width: 24px; height: 24px;\"><\/div>\n        <\/div>\n            <div class=\"kksr-star\" style=\"padding-right: 5px\">\n            \n\n<div class=\"kksr-icon\" style=\"width: 24px; height: 24px;\"><\/div>\n        <\/div>\n    <\/div>\n<\/div>\n                \n\n<div class=\"kksr-legend\" style=\"font-size: 19.2px;\">\n            5\/5 - (1 vote)    <\/div>\n    <\/div>\n","protected":false},"excerpt":{"rendered":"<p>Je\u015bli do tej pory per\u0142y na ubraniach kojarzy\u0142y Ci si\u0119 wy\u0142\u0105cznie z eleganckim naszyjnikiem Lady Di czy Coco Chanel, najwy\u017cszy czas to zmieni\u0107. Pere\u0142ki na ubraniach to najgor\u0119tszy trend tego sezonu i opr\u00f3cz czerwonego dywanu opanowuje r\u00f3wnie\u017c ulice. Zosta\u0144 po\u0142awiaczk\u0105 pere\u0142 w oceanie mody!<\/p>\n","protected":false},"author":3,"featured_media":0,"comment_status":"open","ping_status":"open","sticky":false,"template":"","format":"standard","meta":[],"categories":[3],"tags":[41],"yoast_head":"<!-- This site is optimized with the Yoast SEO plugin v18.4.1 - https:\/\/yoast.com\/wordpress\/plugins\/seo\/ -->\n<title>Per\u0142y na ubraniach - wypr\u00f3buj najgor\u0119tszy trend sezonu! - Pakuten blog<\/title>\n<meta name=\"robots\" content=\"index, follow, max-snippet:-1, max-image-preview:large, max-video-preview:-1\" \/>\n<link rel=\"canonical\" href=\"https:\/\/pakuten.pl\/blog\/perly-na-ubraniach-wyprobuj-najgoretszy-trend-sezonu\/\" \/>\n<meta property=\"og:locale\" content=\"pl_PL\" \/>\n<meta property=\"og:type\" content=\"article\" \/>\n<meta property=\"og:title\" content=\"Per\u0142y na ubraniach - wypr\u00f3buj najgor\u0119tszy trend sezonu! - Pakuten blog\" \/>\n<meta property=\"og:description\" content=\"Je\u015bli do tej pory per\u0142y na ubraniach kojarzy\u0142y Ci si\u0119 wy\u0142\u0105cznie z eleganckim naszyjnikiem Lady Di czy Coco Chanel, najwy\u017cszy czas to zmieni\u0107. Pere\u0142ki na ubraniach to najgor\u0119tszy trend tego sezonu i opr\u00f3cz czerwonego dywanu opanowuje r\u00f3wnie\u017c ulice. Zosta\u0144 po\u0142awiaczk\u0105 pere\u0142 w oceanie mody!\" \/>\n<meta property=\"og:url\" content=\"https:\/\/pakuten.pl\/blog\/perly-na-ubraniach-wyprobuj-najgoretszy-trend-sezonu\/\" \/>\n<meta property=\"og:site_name\" content=\"Pakuten blog\" \/>\n<meta property=\"article:published_time\" content=\"2018-04-02T10:21:44+00:00\" \/>\n<meta property=\"article:modified_time\" content=\"2021-08-25T08:22:06+00:00\" \/>\n<meta property=\"og:image\" content=\"https:\/\/pakuten.pl\/blog\/wp-content\/uploads\/2018\/04\/Kobiety-kochaj\u0105-diamenty-i-per\u0142y-na-ubraniach.-Znowu-s\u0105-bardzo-modne.jpeg\" \/>\n\t<meta property=\"og:image:width\" content=\"1280\" \/>\n\t<meta property=\"og:image:height\" content=\"854\" \/>\n\t<meta property=\"og:image:type\" content=\"image\/jpeg\" \/>\n<meta name=\"twitter:card\" content=\"summary_large_image\" \/>\n<meta name=\"twitter:label1\" content=\"Napisane przez\" \/>\n\t<meta name=\"twitter:data1\" content=\"Pakuten Girl\" \/>\n\t<meta name=\"twitter:label2\" content=\"Szacowany czas czytania\" \/>\n\t<meta name=\"twitter:data2\" content=\"3 minuty\" \/>\n<script type=\"application\/ld+json\" class=\"yoast-schema-graph\">{\"@context\":\"https:\/\/schema.org\",\"@graph\":[{\"@type\":\"Organization\",\"@id\":\"https:\/\/pakuten.pl\/blog\/#organization\",\"name\":\"Pakuten\",\"url\":\"https:\/\/pakuten.pl\/blog\/\",\"sameAs\":[],\"logo\":{\"@type\":\"ImageObject\",\"@id\":\"https:\/\/pakuten.pl\/blog\/#logo\",\"inLanguage\":\"pl-PL\",\"url\":\"http:\/\/pakuten.pl\/blog\/wp-content\/uploads\/2018\/01\/pakuten_logo.png\",\"contentUrl\":\"http:\/\/pakuten.pl\/blog\/wp-content\/uploads\/2018\/01\/pakuten_logo.png\",\"width\":300,\"height\":120,\"caption\":\"Pakuten\"},\"image\":{\"@id\":\"https:\/\/pakuten.pl\/blog\/#logo\"}},{\"@type\":\"WebSite\",\"@id\":\"https:\/\/pakuten.pl\/blog\/#website\",\"url\":\"https:\/\/pakuten.pl\/blog\/\",\"name\":\"Pakuten blog\",\"description\":\"Blog sklepu internetowego pakuten.pl\",\"publisher\":{\"@id\":\"https:\/\/pakuten.pl\/blog\/#organization\"},\"potentialAction\":[{\"@type\":\"SearchAction\",\"target\":{\"@type\":\"EntryPoint\",\"urlTemplate\":\"https:\/\/pakuten.pl\/blog\/?s={search_term_string}\"},\"query-input\":\"required name=search_term_string\"}],\"inLanguage\":\"pl-PL\"},{\"@type\":\"WebPage\",\"@id\":\"https:\/\/pakuten.pl\/blog\/perly-na-ubraniach-wyprobuj-najgoretszy-trend-sezonu\/#webpage\",\"url\":\"https:\/\/pakuten.pl\/blog\/perly-na-ubraniach-wyprobuj-najgoretszy-trend-sezonu\/\",\"name\":\"Per\u0142y na ubraniach - wypr\u00f3buj najgor\u0119tszy trend sezonu! - Pakuten blog\",\"isPartOf\":{\"@id\":\"https:\/\/pakuten.pl\/blog\/#website\"},\"datePublished\":\"2018-04-02T10:21:44+00:00\",\"dateModified\":\"2021-08-25T08:22:06+00:00\",\"breadcrumb\":{\"@id\":\"https:\/\/pakuten.pl\/blog\/perly-na-ubraniach-wyprobuj-najgoretszy-trend-sezonu\/#breadcrumb\"},\"inLanguage\":\"pl-PL\",\"potentialAction\":[{\"@type\":\"ReadAction\",\"target\":[\"https:\/\/pakuten.pl\/blog\/perly-na-ubraniach-wyprobuj-najgoretszy-trend-sezonu\/\"]}]},{\"@type\":\"BreadcrumbList\",\"@id\":\"https:\/\/pakuten.pl\/blog\/perly-na-ubraniach-wyprobuj-najgoretszy-trend-sezonu\/#breadcrumb\",\"itemListElement\":[{\"@type\":\"ListItem\",\"position\":1,\"name\":\"Strona g\u0142\u00f3wna\",\"item\":\"https:\/\/pakuten.pl\/blog\/\"},{\"@type\":\"ListItem\",\"position\":2,\"name\":\"Per\u0142y na ubraniach &#8211; wypr\u00f3buj najgor\u0119tszy trend sezonu!\"}]},{\"@type\":\"Article\",\"@id\":\"https:\/\/pakuten.pl\/blog\/perly-na-ubraniach-wyprobuj-najgoretszy-trend-sezonu\/#article\",\"isPartOf\":{\"@id\":\"https:\/\/pakuten.pl\/blog\/perly-na-ubraniach-wyprobuj-najgoretszy-trend-sezonu\/#webpage\"},\"author\":{\"@id\":\"https:\/\/pakuten.pl\/blog\/#\/schema\/person\/d7133af30211381a4e4536d088384556\"},\"headline\":\"Per\u0142y na ubraniach &#8211; wypr\u00f3buj najgor\u0119tszy trend sezonu!\",\"datePublished\":\"2018-04-02T10:21:44+00:00\",\"dateModified\":\"2021-08-25T08:22:06+00:00\",\"mainEntityOfPage\":{\"@id\":\"https:\/\/pakuten.pl\/blog\/perly-na-ubraniach-wyprobuj-najgoretszy-trend-sezonu\/#webpage\"},\"wordCount\":723,\"commentCount\":0,\"publisher\":{\"@id\":\"https:\/\/pakuten.pl\/blog\/#organization\"},\"keywords\":[\"hot trend\"],\"articleSection\":[\"Top Trends\"],\"inLanguage\":\"pl-PL\",\"potentialAction\":[{\"@type\":\"CommentAction\",\"name\":\"Comment\",\"target\":[\"https:\/\/pakuten.pl\/blog\/perly-na-ubraniach-wyprobuj-najgoretszy-trend-sezonu\/#respond\"]}]},{\"@type\":\"Person\",\"@id\":\"https:\/\/pakuten.pl\/blog\/#\/schema\/person\/d7133af30211381a4e4536d088384556\",\"name\":\"Pakuten Girl\",\"image\":{\"@type\":\"ImageObject\",\"@id\":\"https:\/\/pakuten.pl\/blog\/#personlogo\",\"inLanguage\":\"pl-PL\",\"url\":\"https:\/\/secure.gravatar.com\/avatar\/d3df41de2caf92e6cfded9430c2ff352?s=96&d=mm&r=g\",\"contentUrl\":\"https:\/\/secure.gravatar.com\/avatar\/d3df41de2caf92e6cfded9430c2ff352?s=96&d=mm&r=g\",\"caption\":\"Pakuten Girl\"},\"description\":\"Cze\u015b\u0107, nazywam si\u0119 Ola. Kocham Netflixa, sals\u0119, nowo\u015bci kosmetyczne i najnowsze trendy w modzie.\",\"url\":\"https:\/\/pakuten.pl\/blog\/author\/pakuten-girl\/\"}]}<\/script>\n<!-- \/ Yoast SEO plugin. -->","yoast_head_json":{"title":"Per\u0142y na ubraniach - wypr\u00f3buj najgor\u0119tszy trend sezonu! - Pakuten blog","robots":{"index":"index","follow":"follow","max-snippet":"max-snippet:-1","max-image-preview":"max-image-preview:large","max-video-preview":"max-video-preview:-1"},"canonical":"https:\/\/pakuten.pl\/blog\/perly-na-ubraniach-wyprobuj-najgoretszy-trend-sezonu\/","og_locale":"pl_PL","og_type":"article","og_title":"Per\u0142y na ubraniach - wypr\u00f3buj najgor\u0119tszy trend sezonu! - Pakuten blog","og_description":"Je\u015bli do tej pory per\u0142y na ubraniach kojarzy\u0142y Ci si\u0119 wy\u0142\u0105cznie z eleganckim naszyjnikiem Lady Di czy Coco Chanel, najwy\u017cszy czas to zmieni\u0107. Pere\u0142ki na ubraniach to najgor\u0119tszy trend tego sezonu i opr\u00f3cz czerwonego dywanu opanowuje r\u00f3wnie\u017c ulice. Zosta\u0144 po\u0142awiaczk\u0105 pere\u0142 w oceanie mody!","og_url":"https:\/\/pakuten.pl\/blog\/perly-na-ubraniach-wyprobuj-najgoretszy-trend-sezonu\/","og_site_name":"Pakuten blog","article_published_time":"2018-04-02T10:21:44+00:00","article_modified_time":"2021-08-25T08:22:06+00:00","og_image":[{"width":1280,"height":854,"url":"https:\/\/pakuten.pl\/blog\/wp-content\/uploads\/2018\/04\/Kobiety-kochaj\u0105-diamenty-i-per\u0142y-na-ubraniach.-Znowu-s\u0105-bardzo-modne.jpeg","type":"image\/jpeg"}],"twitter_card":"summary_large_image","twitter_misc":{"Napisane przez":"Pakuten Girl","Szacowany czas czytania":"3 minuty"},"schema":{"@context":"https:\/\/schema.org","@graph":[{"@type":"Organization","@id":"https:\/\/pakuten.pl\/blog\/#organization","name":"Pakuten","url":"https:\/\/pakuten.pl\/blog\/","sameAs":[],"logo":{"@type":"ImageObject","@id":"https:\/\/pakuten.pl\/blog\/#logo","inLanguage":"pl-PL","url":"http:\/\/pakuten.pl\/blog\/wp-content\/uploads\/2018\/01\/pakuten_logo.png","contentUrl":"http:\/\/pakuten.pl\/blog\/wp-content\/uploads\/2018\/01\/pakuten_logo.png","width":300,"height":120,"caption":"Pakuten"},"image":{"@id":"https:\/\/pakuten.pl\/blog\/#logo"}},{"@type":"WebSite","@id":"https:\/\/pakuten.pl\/blog\/#website","url":"https:\/\/pakuten.pl\/blog\/","name":"Pakuten blog","description":"Blog sklepu internetowego pakuten.pl","publisher":{"@id":"https:\/\/pakuten.pl\/blog\/#organization"},"potentialAction":[{"@type":"SearchAction","target":{"@type":"EntryPoint","urlTemplate":"https:\/\/pakuten.pl\/blog\/?s={search_term_string}"},"query-input":"required name=search_term_string"}],"inLanguage":"pl-PL"},{"@type":"WebPage","@id":"https:\/\/pakuten.pl\/blog\/perly-na-ubraniach-wyprobuj-najgoretszy-trend-sezonu\/#webpage","url":"https:\/\/pakuten.pl\/blog\/perly-na-ubraniach-wyprobuj-najgoretszy-trend-sezonu\/","name":"Per\u0142y na ubraniach - wypr\u00f3buj najgor\u0119tszy trend sezonu! - Pakuten blog","isPartOf":{"@id":"https:\/\/pakuten.pl\/blog\/#website"},"datePublished":"2018-04-02T10:21:44+00:00","dateModified":"2021-08-25T08:22:06+00:00","breadcrumb":{"@id":"https:\/\/pakuten.pl\/blog\/perly-na-ubraniach-wyprobuj-najgoretszy-trend-sezonu\/#breadcrumb"},"inLanguage":"pl-PL","potentialAction":[{"@type":"ReadAction","target":["https:\/\/pakuten.pl\/blog\/perly-na-ubraniach-wyprobuj-najgoretszy-trend-sezonu\/"]}]},{"@type":"BreadcrumbList","@id":"https:\/\/pakuten.pl\/blog\/perly-na-ubraniach-wyprobuj-najgoretszy-trend-sezonu\/#breadcrumb","itemListElement":[{"@type":"ListItem","position":1,"name":"Strona g\u0142\u00f3wna","item":"https:\/\/pakuten.pl\/blog\/"},{"@type":"ListItem","position":2,"name":"Per\u0142y na ubraniach &#8211; wypr\u00f3buj najgor\u0119tszy trend sezonu!"}]},{"@type":"Article","@id":"https:\/\/pakuten.pl\/blog\/perly-na-ubraniach-wyprobuj-najgoretszy-trend-sezonu\/#article","isPartOf":{"@id":"https:\/\/pakuten.pl\/blog\/perly-na-ubraniach-wyprobuj-najgoretszy-trend-sezonu\/#webpage"},"author":{"@id":"https:\/\/pakuten.pl\/blog\/#\/schema\/person\/d7133af30211381a4e4536d088384556"},"headline":"Per\u0142y na ubraniach &#8211; wypr\u00f3buj najgor\u0119tszy trend sezonu!","datePublished":"2018-04-02T10:21:44+00:00","dateModified":"2021-08-25T08:22:06+00:00","mainEntityOfPage":{"@id":"https:\/\/pakuten.pl\/blog\/perly-na-ubraniach-wyprobuj-najgoretszy-trend-sezonu\/#webpage"},"wordCount":723,"commentCount":0,"publisher":{"@id":"https:\/\/pakuten.pl\/blog\/#organization"},"keywords":["hot trend"],"articleSection":["Top Trends"],"inLanguage":"pl-PL","potentialAction":[{"@type":"CommentAction","name":"Comment","target":["https:\/\/pakuten.pl\/blog\/perly-na-ubraniach-wyprobuj-najgoretszy-trend-sezonu\/#respond"]}]},{"@type":"Person","@id":"https:\/\/pakuten.pl\/blog\/#\/schema\/person\/d7133af30211381a4e4536d088384556","name":"Pakuten Girl","image":{"@type":"ImageObject","@id":"https:\/\/pakuten.pl\/blog\/#personlogo","inLanguage":"pl-PL","url":"https:\/\/secure.gravatar.com\/avatar\/d3df41de2caf92e6cfded9430c2ff352?s=96&d=mm&r=g","contentUrl":"https:\/\/secure.gravatar.com\/avatar\/d3df41de2caf92e6cfded9430c2ff352?s=96&d=mm&r=g","caption":"Pakuten Girl"},"description":"Cze\u015b\u0107, nazywam si\u0119 Ola. Kocham Netflixa, sals\u0119, nowo\u015bci kosmetyczne i najnowsze trendy w modzie.","url":"https:\/\/pakuten.pl\/blog\/author\/pakuten-girl\/"}]}},"_links":{"self":[{"href":"https:\/\/pakuten.pl\/blog\/wp-json\/wp\/v2\/posts\/643"}],"collection":[{"href":"https:\/\/pakuten.pl\/blog\/wp-json\/wp\/v2\/posts"}],"about":[{"href":"https:\/\/pakuten.pl\/blog\/wp-json\/wp\/v2\/types\/post"}],"author":[{"embeddable":true,"href":"https:\/\/pakuten.pl\/blog\/wp-json\/wp\/v2\/users\/3"}],"replies":[{"embeddable":true,"href":"https:\/\/pakuten.pl\/blog\/wp-json\/wp\/v2\/comments?post=643"}],"version-history":[{"count":11,"href":"https:\/\/pakuten.pl\/blog\/wp-json\/wp\/v2\/posts\/643\/revisions"}],"predecessor-version":[{"id":5117,"href":"https:\/\/pakuten.pl\/blog\/wp-json\/wp\/v2\/posts\/643\/revisions\/5117"}],"wp:attachment":[{"href":"https:\/\/pakuten.pl\/blog\/wp-json\/wp\/v2\/media?parent=643"}],"wp:term":[{"taxonomy":"category","embeddable":true,"href":"https:\/\/pakuten.pl\/blog\/wp-json\/wp\/v2\/categories?post=643"},{"taxonomy":"post_tag","embeddable":true,"href":"https:\/\/pakuten.pl\/blog\/wp-json\/wp\/v2\/tags?post=643"}],"curies":[{"name":"wp","href":"https:\/\/api.w.org\/{rel}","templated":true}]}}