{"id":6756,"date":"2022-08-08T10:16:00","date_gmt":"2022-08-08T08:16:00","guid":{"rendered":"https:\/\/pakuten.pl\/blog\/?p=6756"},"modified":"2022-07-18T12:36:00","modified_gmt":"2022-07-18T10:36:00","slug":"najmodniejsze-kolory-i-wzory-na-jesien-2022-trzeba-dobrze-sie-przygotowac","status":"publish","type":"post","link":"https:\/\/pakuten.pl\/blog\/najmodniejsze-kolory-i-wzory-na-jesien-2022-trzeba-dobrze-sie-przygotowac\/","title":{"rendered":"Najmodniejsze kolory i wzory na jesie\u0144 2022, trzeba dobrze si\u0119 przygotowa\u0107."},"content":{"rendered":"\n<p><strong>Mimo tego \u017ce mamy jeszcze sierpie\u0144, trzeba powoli przygotowywa\u0107 si\u0119 do jesieni. Dni s\u0105 coraz kr\u00f3tsze i ch\u0142odniejsze a w sklepach zaczynaja pojawia\u0107 si\u0119 jesienne pere\u0142ki kt\u00f3re koniecznie musisz mie\u0107. Chcieliby\u015bmy podpowiedzie\u0107 wam jakie kolory b\u0119d\u0105 kr\u00f3lowa\u0107 w tym sezonie, w co warto si\u0119 zaopatrzy\u0107 i czego nie mo\u017cna omin\u0105\u0107.<\/strong><\/p>\n<p>\u00a0<\/p>\n<p>\u00a0<\/p>\n<p>\u00a0<\/p>\n<h2><span style=\"color: #ff9900;\">Nie zabraknie zaskoczenia w tym sezonie.<\/span><\/h2>\n<p>\u00a0<\/p>\n<p>Jesie\u0144 to dla niekt\u00f3rych bardzo dobra pora roku a inni za\u015b strasznie jej nie lubi\u0105. Jesie\u0144 nie musi by\u0107 wcale taka straszna.Ta pora roku mo\u017ce mie\u0107 r\u00f3\u017cne ods\u0142ony, je\u017celi b\u0119dzie wietrzna, zimna i ponura mo\u017cna temu zaradzi\u0107 ubieraj\u0105c si\u0119 w ubrania w bardzo soczystych kolorach. Mo\u017ce by\u0107 te\u017c s\u0142onecznie, ciep\u0142o i przyjemnie, wtedy stylizacje nawet w klasyczne bieli czy be\u017cu b\u0119d\u0105 extra. Sezon jesienny 2022 zapowiada si\u0119 bardzo modnie i b\u0119dzie zaskakiwa\u0107 przepi\u0119knymi barwami, kolorami i wzorami. Poza stonowan\u0105 klasyk\u0105 w tym sezonie b\u0119dziecie mog\u0142y poszale\u0107 z bardzo barwnymi ciuchami.<\/p>\n<p>\u00a0<\/p>\n<p>\u00a0<\/p>\n<div class=\"product-box-container\">\r\n<div class=\"one_third \" style=\"\">\r\n<div class=\"product-box\">\r\n<a href=\"https:\/\/pakuten.pl\/27147-65156-miodowa-sukienka-z-przekladanym-dekoltem-letinna-miodowy.html\" target=\"_blank\">\r\n <img src=\"https:\/\/media.pakuten.pl\/171071-large_default\/miodowa-sukienka-z-przekladanym-dekoltem-letinna.jpg\" alt=\"Miodowa sukienka z przek\u0142adanym dekoltem Letinna\"\/>\r\n<\/a>\r\n<p>\r\n<a href=\"https:\/\/pakuten.pl\/27147-65156-miodowa-sukienka-z-przekladanym-dekoltem-letinna-miodowy.html\" target=\"_blank\">\r\nMiodowa sukienka z przek\u0142adanym dekoltem Letinna\r\n<\/a><\/p>\r\n  <p>Cena: 93,31\u00a0z\u0142<\/p>\r\n<a href=\"https:\/\/pakuten.pl\/27147-65156-miodowa-sukienka-z-przekladanym-dekoltem-letinna-miodowy.html\" target=\"_blank\" class=\"button\">\r\nZobacz w sklepie\r\n<\/a>\r\n<\/div>\r\n<\/div>\r\n<div class=\"one_third \" style=\"\">\r\n<div class=\"product-box\">\r\n<a href=\"https:\/\/pakuten.pl\/27090-65100-sukienka-z-falbankami-awertta-da4-da4.html\" target=\"_blank\">\r\n  <img src=\"https:\/\/media.pakuten.pl\/170786-large_default\/sukienka-z-falbankami-awertta-da4.jpg\" alt=\"Sukienka z falbankami Awertta -DA4\"\/>\r\n<\/a>\r\n<p>\r\n<a href=\"https:\/\/pakuten.pl\/27090-65100-sukienka-z-falbankami-awertta-da4-da4.html\" target=\"_blank\">\r\nSukienka z falbankami Awertta -DA4\r\n<\/a><\/p>\r\n  <p>Cena: 39,99\u00a0z\u0142<\/p>\r\n<a href=\"https:\/\/pakuten.pl\/27090-65100-sukienka-z-falbankami-awertta-da4-da4.html\" target=\"_blank\" class=\"button\">\r\nZobacz w sklepie\r\n<\/a>\r\n<\/div>\r\n<\/div>\r\n<div class=\"one_third last \" style=\"\">\r\n<div class=\"product-box\">\r\n<a href=\"https:\/\/pakuten.pl\/27070-65080-srebrna-bluzka-z-ozdobna-kieszenia-betiaa-srebrny.html\" target=\"_blank\">\r\n  <img src=\"https:\/\/media.pakuten.pl\/170693-large_default\/srebrna-bluzka-z-ozdobna-kieszenia-betiaa.jpg\" alt=\"Srebrna bluzka z ozdobn\u0105 kieszeni\u0105 Betiaa\"\/>\r\n<\/a>\r\n<p>\r\n<a href=\"https:\/\/pakuten.pl\/27070-65080-srebrna-bluzka-z-ozdobna-kieszenia-betiaa-srebrny.html\" target=\"_blank\">\r\nSrebrna bluzka z ozdobn\u0105 kieszeni\u0105 Betiaa\r\n<\/a><\/p>\r\n  <p>Cena: 93,31\u00a0z\u0142<\/p>\r\n<a href=\"https:\/\/pakuten.pl\/27070-65080-srebrna-bluzka-z-ozdobna-kieszenia-betiaa-srebrny.html\" target=\"_blank\" class=\"button\">\r\nZobacz w sklepie\r\n<\/a>\r\n<\/div>\r\n<\/div><br class=\"clear\"\/>\r\n<\/div>\n<p>\u00a0<\/p>\n<h2><span style=\"color: #ff9900;\">Jakie kolory b\u0119d\u0105 kr\u00f3lowa\u0107 w naszych szafach ?<\/span><\/h2>\n<p>\u00a0<\/p>\n<p>\u00a0<\/p>\n<p>W sezonie jesiennym 2022 b\u0119d\u0105 kr\u00f3lowa\u0107 kolory klasyczne jak ka\u017cdej jesieni, czyli r\u00f3\u017cne odcienie be\u017cu, br\u0105zy, kremy, kasztanowe kolory, miodowe, biele i jego pochodne oraz czernie tak jak praktycznie ka\u017cdej jesieni tak zwane klasyczne odcienie, kt\u00f3re zawsze si\u0119 sprawdz\u0105. A je\u017celi chodzi o nowe kolory jesieni to napewno nie mo\u017ce zabrakn\u0105\u0107 w twojej szafie mocnego pomara\u0144czu, neonowych odcieni, czerwieni i wiele innych ciep\u0142ych, mocno nasyconych i \u017cywych kolor\u00f3w. Wielobarwne stylizacje jesieni\u0105 to genialny pomys\u0142, kt\u00f3ry napewno \u015bwietnie si\u0119 sprawdzi. Je\u017celi zawsze stawia\u0142a\u015b jesieni\u0105 na klasyczne ciemne lub be\u017cowe <span style=\"color: #ff9900;\"><a style=\"color: #ff9900;\" href=\"https:\/\/pakuten.pl\/86-ubrania\" target=\"_blank\" rel=\"noopener\">ubrania<\/a><\/span> oczywi\u015bcie one te\u017c super si\u0119 sprawdz\u0105 ale zainwestuj w mod\u0119 i poszalej z kolorami w tym sezonie.<\/p>\n<p>\u00a0<\/p>\n<p>\u00a0<\/p>\n<div class=\"product-box-container\">\r\n<div class=\"one_third \" style=\"\">\r\n<div class=\"product-box\">\r\n<a href=\"https:\/\/pakuten.pl\/27047-65057--dluga-sukienka-z-kobiecym-dekoltem-selenna-fuksja-fuksja.html\" target=\"_blank\">\r\n <img src=\"https:\/\/media.pakuten.pl\/170578-large_default\/-dluga-sukienka-z-kobiecym-dekoltem-selenna-fuksja.jpg\" alt=\"D\u0142uga sukienka z kobiecym dekoltem Selenna - fuksja\"\/>\r\n<\/a>\r\n<p>\r\n<a href=\"https:\/\/pakuten.pl\/27047-65057--dluga-sukienka-z-kobiecym-dekoltem-selenna-fuksja-fuksja.html\" target=\"_blank\">\r\nD\u0142uga sukienka z kobiecym dekoltem Selenna - fuksja\r\n<\/a><\/p>\r\n  <p>Cena: 93,09\u00a0z\u0142<\/p>\r\n<a href=\"https:\/\/pakuten.pl\/27047-65057--dluga-sukienka-z-kobiecym-dekoltem-selenna-fuksja-fuksja.html\" target=\"_blank\" class=\"button\">\r\nZobacz w sklepie\r\n<\/a>\r\n<\/div>\r\n<\/div>\r\n<div class=\"one_third \" style=\"\">\r\n<div class=\"product-box\">\r\n<a href=\"https:\/\/pakuten.pl\/26991-65002-sukienka-w-kwiaty-arippa-wzor-5--wzor-5.html\" target=\"_blank\">\r\n  <img src=\"https:\/\/media.pakuten.pl\/170290-large_default\/sukienka-w-kwiaty-arippa-wzor-5-.jpg\" alt=\"Sukienka w kwiaty Arippa - wz\u00f3r 5\"\/>\r\n<\/a>\r\n<p>\r\n<a href=\"https:\/\/pakuten.pl\/26991-65002-sukienka-w-kwiaty-arippa-wzor-5--wzor-5.html\" target=\"_blank\">\r\nSukienka w kwiaty Arippa - wz\u00f3r 5\r\n<\/a><\/p>\r\n  <p>Cena: 128,30\u00a0z\u0142<\/p>\r\n<a href=\"https:\/\/pakuten.pl\/26991-65002-sukienka-w-kwiaty-arippa-wzor-5--wzor-5.html\" target=\"_blank\" class=\"button\">\r\nZobacz w sklepie\r\n<\/a>\r\n<\/div>\r\n<\/div>\r\n<div class=\"one_third last \" style=\"\">\r\n<div class=\"product-box\">\r\n<a href=\"https:\/\/pakuten.pl\/26979-64990-prazkowany-komplet-top-i-spodniczka-angus-odcienie-brazu--odcienie-brazu.html\" target=\"_blank\">\r\n  <img src=\"https:\/\/media.pakuten.pl\/170225-large_default\/prazkowany-komplet-top-i-spodniczka-angus-odcienie-brazu-.jpg\" alt=\"Pr\u0105\u017ckowany komplet top i sp\u00f3dniczka Angus - odcienie br\u0105zu\"\/>\r\n<\/a>\r\n<p>\r\n<a href=\"https:\/\/pakuten.pl\/26979-64990-prazkowany-komplet-top-i-spodniczka-angus-odcienie-brazu--odcienie-brazu.html\" target=\"_blank\">\r\nPr\u0105\u017ckowany komplet top i sp\u00f3dniczka Angus - odcienie br\u0105zu\r\n<\/a><\/p>\r\n  <p>Cena: 174,98\u00a0z\u0142<\/p>\r\n<a href=\"https:\/\/pakuten.pl\/26979-64990-prazkowany-komplet-top-i-spodniczka-angus-odcienie-brazu--odcienie-brazu.html\" target=\"_blank\" class=\"button\">\r\nZobacz w sklepie\r\n<\/a>\r\n<\/div>\r\n<\/div><br class=\"clear\"\/>\r\n<\/div>\n<p>\u00a0<\/p>\n<p>\u00a0<\/p>\n<p>\u00a0<\/p>\n<h2><span style=\"color: #ff9900;\">Przyszed\u0142 czas na mocny kolor! Jak go wpl\u0105ta\u0107 w stylizacj\u0119 ?<\/span><\/h2>\n<p>\u00a0<\/p>\n<p>Wasze stylizacje tej jesieni musz\u0105 by\u0107 totaln\u0105 petard\u0105 ! Zadbajcie o odpowiednie kolory na t\u0105 jesie\u0144 w swojej szafie. Jakie stylizacje b\u0119d\u0105 mia\u0142y najbardziej sens ? Postaw na sweter w miodowym kolorze, czarne spodnie, wygodne sneakersy z dodatkiem koloru \u017c\u00f3\u0142tego do tego kremowa ramoneska i stylizacja wychodzi genialna. A mo\u017ce br\u0105zowa sukienka, czerwone buty i p\u0142aszcz ?! Stw\u00f3rz stylizacje jakie najbardziej lubisz, powinna\u015b zaopatrzy\u0107 si\u0119 w swetry w przer\u00f3\u017cnych kolorach, jaki\u015b pi\u0119kny p\u0142aszcz lub ramonesk\u0119, botki, kozaczki, sneakersy, wygodne dresy te\u017c musza by\u0107 i torebki ma\u0142e oraz du\u017ce.<\/p>\n<p>\u00a0<\/p>\n<p>\u00a0<\/p>\n<div class=\"product-box-container\">\r\n<div class=\"one_third \" style=\"\">\r\n<div class=\"product-box\">\r\n<a href=\"https:\/\/pakuten.pl\/18972-56056-bezowy-logowany-komplet-dresowy-renay-bezowy.html\" target=\"_blank\">\r\n <img src=\"https:\/\/media.pakuten.pl\/128996-large_default\/bezowy-logowany-komplet-dresowy-renay.jpg\" alt=\"Be\u017cowy logowany komplet dresowy Renay\"\/>\r\n<\/a>\r\n<p>\r\n<a href=\"https:\/\/pakuten.pl\/18972-56056-bezowy-logowany-komplet-dresowy-renay-bezowy.html\" target=\"_blank\">\r\nBe\u017cowy logowany komplet dresowy Renay\r\n<\/a><\/p>\r\n  <p>Cena: 163,31\u00a0z\u0142<\/p>\r\n<a href=\"https:\/\/pakuten.pl\/18972-56056-bezowy-logowany-komplet-dresowy-renay-bezowy.html\" target=\"_blank\" class=\"button\">\r\nZobacz w sklepie\r\n<\/a>\r\n<\/div>\r\n<\/div>\r\n<div class=\"one_third \" style=\"\">\r\n<div class=\"product-box\">\r\n<a href=\"https:\/\/pakuten.pl\/26806-64818-dlugi-kardigan-bez-zapiecia-leteliaa-wzor-3-wzor-3.html\" target=\"_blank\">\r\n  <img src=\"https:\/\/media.pakuten.pl\/169322-large_default\/dlugi-kardigan-bez-zapiecia-leteliaa-wzor-3.jpg\" alt=\"D\u0142ugi kardigan bez zapi\u0119cia Leteliaa - wz\u00f3r 3\"\/>\r\n<\/a>\r\n<p>\r\n<a href=\"https:\/\/pakuten.pl\/26806-64818-dlugi-kardigan-bez-zapiecia-leteliaa-wzor-3-wzor-3.html\" target=\"_blank\">\r\nD\u0142ugi kardigan bez zapi\u0119cia Leteliaa - wz\u00f3r 3\r\n<\/a><\/p>\r\n  <p>Cena: 209,99\u00a0z\u0142<\/p>\r\n<a href=\"https:\/\/pakuten.pl\/26806-64818-dlugi-kardigan-bez-zapiecia-leteliaa-wzor-3-wzor-3.html\" target=\"_blank\" class=\"button\">\r\nZobacz w sklepie\r\n<\/a>\r\n<\/div>\r\n<\/div>\r\n<div class=\"one_third last \" style=\"\">\r\n<div class=\"product-box\">\r\n<a href=\"https:\/\/pakuten.pl\/25365-63343-karmelowy-sweterek-z-ozdobnymi-kokardkami-armandi-karmelowy.html\" target=\"_blank\">\r\n  <img src=\"https:\/\/media.pakuten.pl\/161854-large_default\/karmelowy-sweterek-z-ozdobnymi-kokardkami-armandi.jpg\" alt=\"Karmelowy sweterek z ozdobnymi kokardkami Armandi\"\/>\r\n<\/a>\r\n<p>\r\n<a href=\"https:\/\/pakuten.pl\/25365-63343-karmelowy-sweterek-z-ozdobnymi-kokardkami-armandi-karmelowy.html\" target=\"_blank\">\r\nKarmelowy sweterek z ozdobnymi kokardkami Armandi\r\n<\/a><\/p>\r\n  <p>Cena: 104,99\u00a0z\u0142<\/p>\r\n<a href=\"https:\/\/pakuten.pl\/25365-63343-karmelowy-sweterek-z-ozdobnymi-kokardkami-armandi-karmelowy.html\" target=\"_blank\" class=\"button\">\r\nZobacz w sklepie\r\n<\/a>\r\n<\/div>\r\n<\/div><br class=\"clear\"\/>\r\n<\/div>\n<p>\u00a0<\/p>\n<p>\u00a0<\/p>\n<p>\u00a0<\/p>\n<h2><span style=\"color: #ff9900;\">Stw\u00f3rz swoje najlepsze pere\u0142ki czyli bazy wi\u0119kszo\u015bci twoich stylizacji.<\/span><\/h2>\n<p>\u00a0<\/p>\n<p>Bardzo dobrze jest mie\u0107 w swojej szafie mn\u00f3stwo element\u00f3w, kt\u00f3re stwarzaj\u0105 nasze baz\u0119 stylizacji. Takie bazy mog\u0105 wygl\u0105da\u0107 u ka\u017cdej kobiety inaczej. Baz\u0105 mog\u0105 by\u0107 klasyczne podkoszulki w najbardziej klasycznych kolorach, bluzki i t-shirty, baz\u0105 twojej stylizacji mo\u017ce by\u0107 te\u017c biustonosz poniewa\u017c zak\u0142adasz go zapewno do wi\u0119kszo\u015bci stylizacji, s\u0105 to czasami spodnie, legginsy to wszystko to sprawa bardzo indywidualna i zale\u017cna od stylu jaki na codzie\u0144 najbardziej sobie cenimy. Idealnie dobrana baza to klucz do sukcesu naszej stylizacji na ka\u017cdy dzie\u0144.<\/p>\n<p>\u00a0<\/p>\n<p>\u00a0<\/p>\n<div class=\"product-box-container\">\r\n<div class=\"one_third \" style=\"\">\r\n<div class=\"product-box\">\r\n<a href=\"https:\/\/pakuten.pl\/27149-80976-bezowe-prazkowane-body-na-ramiaczka-zertioo-bezowy.html\" target=\"_blank\">\r\n <img src=\"https:\/\/media.pakuten.pl\/171087-large_default\/bezowe-prazkowane-body-na-ramiaczka-zertioo.jpg\" alt=\"Be\u017cowe pr\u0105\u017ckowane body na rami\u0105czka Zertioo\"\/>\r\n<\/a>\r\n<p>\r\n<a href=\"https:\/\/pakuten.pl\/27149-80976-bezowe-prazkowane-body-na-ramiaczka-zertioo-bezowy.html\" target=\"_blank\">\r\nBe\u017cowe pr\u0105\u017ckowane body na rami\u0105czka Zertioo\r\n<\/a><\/p>\r\n  <p>Cena: 102,64\u00a0z\u0142<\/p>\r\n<a href=\"https:\/\/pakuten.pl\/27149-80976-bezowe-prazkowane-body-na-ramiaczka-zertioo-bezowy.html\" target=\"_blank\" class=\"button\">\r\nZobacz w sklepie\r\n<\/a>\r\n<\/div>\r\n<\/div>\r\n<div class=\"one_third \" style=\"\">\r\n<div class=\"product-box\">\r\n<a href=\"https:\/\/pakuten.pl\/27072-65082-top-na-ramiaczka-natalee-konopny--konopny.html\" target=\"_blank\">\r\n  <img src=\"https:\/\/media.pakuten.pl\/170699-large_default\/top-na-ramiaczka-natalee-konopny-.jpg\" alt=\"Top na rami\u0105czka Natalee - konopny\"\/>\r\n<\/a>\r\n<p>\r\n<a href=\"https:\/\/pakuten.pl\/27072-65082-top-na-ramiaczka-natalee-konopny--konopny.html\" target=\"_blank\">\r\nTop na rami\u0105czka Natalee - konopny\r\n<\/a><\/p>\r\n  <p>Cena: 41,99\u00a0z\u0142<\/p>\r\n<a href=\"https:\/\/pakuten.pl\/27072-65082-top-na-ramiaczka-natalee-konopny--konopny.html\" target=\"_blank\" class=\"button\">\r\nZobacz w sklepie\r\n<\/a>\r\n<\/div>\r\n<\/div>\r\n<div class=\"one_third last \" style=\"\">\r\n<div class=\"product-box\">\r\n<a href=\"https:\/\/pakuten.pl\/27021-65031-prazkowana-bluzka-z-przekladanym-dekoltem-franchette-odcienie-brazu--odcienie-brazu.html\" target=\"_blank\">\r\n  <img src=\"https:\/\/media.pakuten.pl\/170507-large_default\/prazkowana-bluzka-z-przekladanym-dekoltem-franchette-odcienie-brazu-.jpg\" alt=\"Pr\u0105\u017ckowana bluzka z przek\u0142adanym dekoltem Franchette - odcienie br\u0105zu\"\/>\r\n<\/a>\r\n<p>\r\n<a href=\"https:\/\/pakuten.pl\/27021-65031-prazkowana-bluzka-z-przekladanym-dekoltem-franchette-odcienie-brazu--odcienie-brazu.html\" target=\"_blank\">\r\nPr\u0105\u017ckowana bluzka z przek\u0142adanym dekoltem Franchette - odcienie br\u0105zu\r\n<\/a><\/p>\r\n  <p>Cena: 46,63\u00a0z\u0142<\/p>\r\n<a href=\"https:\/\/pakuten.pl\/27021-65031-prazkowana-bluzka-z-przekladanym-dekoltem-franchette-odcienie-brazu--odcienie-brazu.html\" target=\"_blank\" class=\"button\">\r\nZobacz w sklepie\r\n<\/a>\r\n<\/div>\r\n<\/div><br class=\"clear\"\/>\r\n<\/div>\n<p>\u00a0<\/p>\n<p>\u00a0<\/p>\n<p>\u00a0<\/p>\n<h2><span style=\"color: #ff9900;\">Czy warto jest stawia\u0107 na klasyk\u0119 i ubrania z zesz\u0142ego roku ?<\/span><\/h2>\n<p>\u00a0<\/p>\n<p>\u00a0<\/p>\n<p>Nasza odpowied\u017a to oczywi\u015bcie Tak ! Klasyka zawsze obroni si\u0119 te\u017c na tle innych. Je\u017celi masz du\u017co ubra\u0144 ze zesz\u0142ego roku, kt\u00f3rych nie chcesz wyrzuca\u0107 tylko masz ochot\u0119 dalej z nich korzysta\u0107 to jak najbardziej zr\u00f3b to. Ubrania z zesz\u0142ego roku\/ sezonu to bardzo dobre rozwi\u0105zanie, poniewa\u017c nie tracimy wtedy zbyt du\u017co pieni\u0119dzy na nowe ubrania tylko wykorzystujemy to co mamy dodaj\u0105c ewentualnie nowe, dodaj\u0105ce \u015bwie\u017co\u015bci dodatki. Tw\u00f3j styl to tw\u00f3j wyb\u00f3r, zawsze stwarzaj stylizacje w kt\u00f3rych b\u0119dziesz czu\u0107 si\u0119 najlepiej.\u00a0<\/p>\n<p>\u00a0<\/p>\n<p>\u00a0<\/p>\n<p>\u00a0<\/p>\n<p>\u00a0<\/p>\n<blockquote class=\"instagram-media\" style=\"background: #FFF; border: 0; border-radius: 3px; box-shadow: 0 0 1px 0 rgba(0,0,0,0.5),0 1px 10px 0 rgba(0,0,0,0.15); margin: 1px; max-width: 540px; min-width: 326px; padding: 0; width: calc(100% - 2px);\" data-instgrm-permalink=\"https:\/\/www.instagram.com\/p\/CgJYwLOIkBr\/?utm_source=ig_embed&amp;utm_campaign=loading\" data-instgrm-version=\"14\">\n<div style=\"padding: 16px;\">\n<div style=\"display: flex; flex-direction: row; align-items: center;\">\n<div style=\"background-color: #f4f4f4; border-radius: 50%; flex-grow: 0; height: 40px; margin-right: 14px; width: 40px;\">\u00a0<\/div>\n<div style=\"display: flex; flex-direction: column; flex-grow: 1; justify-content: center;\">\n<div style=\"background-color: #f4f4f4; border-radius: 4px; flex-grow: 0; height: 14px; margin-bottom: 6px; width: 100px;\">\u00a0<\/div>\n<div style=\"background-color: #f4f4f4; border-radius: 4px; flex-grow: 0; height: 14px; width: 60px;\">\u00a0<\/div>\n<\/div>\n<\/div>\n<div style=\"padding: 19% 0;\">\u00a0<\/div>\n<div style=\"display: block; height: 50px; margin: 0 auto 12px; width: 50px;\">\u00a0<\/div>\n<div style=\"padding-top: 8px;\">\n<div style=\"color: #3897f0; font-family: Arial,sans-serif; font-size: 14px; font-style: normal; font-weight: 550; line-height: 18px;\">Wy\u015bwietl ten post na Instagramie<\/div>\n<\/div>\n<div style=\"padding: 12.5% 0;\">\u00a0<\/div>\n<div style=\"display: flex; flex-direction: row; margin-bottom: 14px; align-items: center;\">\n<div>\n<div style=\"background-color: #f4f4f4; border-radius: 50%; height: 12.5px; width: 12.5px; transform: translateX(0px) translateY(7px);\">\u00a0<\/div>\n<div style=\"background-color: #f4f4f4; height: 12.5px; transform: rotate(-45deg) translateX(3px) translateY(1px); width: 12.5px; flex-grow: 0; margin-right: 14px; margin-left: 2px;\">\u00a0<\/div>\n<div style=\"background-color: #f4f4f4; border-radius: 50%; height: 12.5px; width: 12.5px; transform: translateX(9px) translateY(-18px);\">\u00a0<\/div>\n<\/div>\n<div style=\"margin-left: 8px;\">\n<div style=\"background-color: #f4f4f4; border-radius: 50%; flex-grow: 0; height: 20px; width: 20px;\">\u00a0<\/div>\n<div style=\"width: 0; height: 0; border-top: 2px solid transparent; border-left: 6px solid #f4f4f4; border-bottom: 2px solid transparent; transform: translateX(16px) translateY(-4px) rotate(30deg);\">\u00a0<\/div>\n<\/div>\n<div style=\"margin-left: auto;\">\n<div style=\"width: 0px; border-top: 8px solid #F4F4F4; border-right: 8px solid transparent; transform: translateY(16px);\">\u00a0<\/div>\n<div style=\"background-color: #f4f4f4; flex-grow: 0; height: 12px; width: 16px; transform: translateY(-4px);\">\u00a0<\/div>\n<div style=\"width: 0; height: 0; border-top: 8px solid #F4F4F4; border-left: 8px solid transparent; transform: translateY(-4px) translateX(8px);\">\u00a0<\/div>\n<\/div>\n<\/div>\n<div style=\"display: flex; flex-direction: column; flex-grow: 1; justify-content: center; margin-bottom: 24px;\">\n<div style=\"background-color: #f4f4f4; border-radius: 4px; flex-grow: 0; height: 14px; margin-bottom: 6px; width: 224px;\">\u00a0<\/div>\n<div style=\"background-color: #f4f4f4; border-radius: 4px; flex-grow: 0; height: 14px; width: 144px;\">\u00a0<\/div>\n<\/div>\n<p style=\"color: #c9c8cd; font-family: Arial,sans-serif; font-size: 14px; line-height: 17px; margin-bottom: 0; margin-top: 8px; overflow: hidden; padding: 8px 0 7px; text-align: center; text-overflow: ellipsis; white-space: nowrap;\"><a style=\"color: #c9c8cd; font-family: Arial,sans-serif; font-size: 14px; font-style: normal; font-weight: normal; line-height: 17px; text-decoration: none;\" href=\"https:\/\/www.instagram.com\/p\/CgJYwLOIkBr\/?utm_source=ig_embed&amp;utm_campaign=loading\" target=\"_blank\" rel=\"noopener\">Post udost\u0119pniony przez Pakuten.pl \u2022 Najmodniejsza odzie\u017c damska (@pakuten.official)<\/a><\/p>\n<\/div>\n<\/blockquote>\n<p><script async src=\"\/\/www.instagram.com\/embed.js\"><\/script><\/p>\n\n\n<div class=\"kk-star-ratings kksr-auto kksr-align-right kksr-valign-bottom\"\n    data-payload='{&quot;align&quot;:&quot;right&quot;,&quot;id&quot;:&quot;6756&quot;,&quot;slug&quot;:&quot;default&quot;,&quot;valign&quot;:&quot;bottom&quot;,&quot;ignore&quot;:&quot;&quot;,&quot;reference&quot;:&quot;auto&quot;,&quot;class&quot;:&quot;&quot;,&quot;count&quot;:&quot;0&quot;,&quot;legendonly&quot;:&quot;&quot;,&quot;readonly&quot;:&quot;&quot;,&quot;score&quot;:&quot;0&quot;,&quot;starsonly&quot;:&quot;&quot;,&quot;best&quot;:&quot;5&quot;,&quot;gap&quot;:&quot;5&quot;,&quot;greet&quot;:&quot;Rate this post&quot;,&quot;legend&quot;:&quot;0\\\/5 - (0 votes)&quot;,&quot;size&quot;:&quot;24&quot;,&quot;width&quot;:&quot;0&quot;,&quot;_legend&quot;:&quot;{score}\\\/{best} - ({count} {votes})&quot;,&quot;font_factor&quot;:&quot;1.25&quot;}'>\n            \n<div class=\"kksr-stars\">\n    \n<div class=\"kksr-stars-inactive\">\n            <div class=\"kksr-star\" data-star=\"1\" style=\"padding-right: 5px\">\n            \n\n<div class=\"kksr-icon\" style=\"width: 24px; height: 24px;\"><\/div>\n        <\/div>\n            <div class=\"kksr-star\" data-star=\"2\" style=\"padding-right: 5px\">\n            \n\n<div class=\"kksr-icon\" style=\"width: 24px; height: 24px;\"><\/div>\n        <\/div>\n            <div class=\"kksr-star\" data-star=\"3\" style=\"padding-right: 5px\">\n            \n\n<div class=\"kksr-icon\" style=\"width: 24px; height: 24px;\"><\/div>\n        <\/div>\n            <div class=\"kksr-star\" data-star=\"4\" style=\"padding-right: 5px\">\n            \n\n<div class=\"kksr-icon\" style=\"width: 24px; height: 24px;\"><\/div>\n        <\/div>\n            <div class=\"kksr-star\" data-star=\"5\" style=\"padding-right: 5px\">\n            \n\n<div class=\"kksr-icon\" style=\"width: 24px; height: 24px;\"><\/div>\n        <\/div>\n    <\/div>\n    \n<div class=\"kksr-stars-active\" style=\"width: 0px;\">\n            <div class=\"kksr-star\" style=\"padding-right: 5px\">\n            \n\n<div class=\"kksr-icon\" style=\"width: 24px; height: 24px;\"><\/div>\n        <\/div>\n            <div class=\"kksr-star\" style=\"padding-right: 5px\">\n            \n\n<div class=\"kksr-icon\" style=\"width: 24px; height: 24px;\"><\/div>\n        <\/div>\n            <div class=\"kksr-star\" style=\"padding-right: 5px\">\n            \n\n<div class=\"kksr-icon\" style=\"width: 24px; height: 24px;\"><\/div>\n        <\/div>\n            <div class=\"kksr-star\" style=\"padding-right: 5px\">\n            \n\n<div class=\"kksr-icon\" style=\"width: 24px; height: 24px;\"><\/div>\n        <\/div>\n            <div class=\"kksr-star\" style=\"padding-right: 5px\">\n            \n\n<div class=\"kksr-icon\" style=\"width: 24px; height: 24px;\"><\/div>\n        <\/div>\n    <\/div>\n<\/div>\n                \n\n<div class=\"kksr-legend\" style=\"font-size: 19.2px;\">\n            <span class=\"kksr-muted\">Rate this post<\/span>\n    <\/div>\n    <\/div>\n","protected":false},"excerpt":{"rendered":"<p>Mimo tego \u017ce mamy jeszcze sierpie\u0144, trzeba powoli przygotowywa\u0107 si\u0119 do jesieni. Dni s\u0105 coraz kr\u00f3tsze i ch\u0142odniejsze a w sklepach zaczynaja pojawia\u0107 si\u0119 jesienne pere\u0142ki kt\u00f3re koniecznie musisz mie\u0107. Chcieliby\u015bmy podpowiedzie\u0107 wam jakie kolory b\u0119d\u0105 kr\u00f3lowa\u0107 w tym sezonie, w co warto si\u0119 zaopatrzy\u0107 i czego nie mo\u017cna omin\u0105\u0107.<\/p>\n","protected":false},"author":3,"featured_media":6759,"comment_status":"open","ping_status":"open","sticky":false,"template":"","format":"standard","meta":[],"categories":[4],"tags":[],"yoast_head":"<!-- This site is optimized with the Yoast SEO plugin v18.4.1 - https:\/\/yoast.com\/wordpress\/plugins\/seo\/ -->\n<title>Najmodniejsze kolory i wzory na jesie\u0144 2022, trzeba dobrze si\u0119 przygotowa\u0107. - Pakuten blog<\/title>\n<meta name=\"description\" content=\"Mimo tego \u017ce mamy jeszcze sierpie\u0144, trzeba powoli przygotowywa\u0107 si\u0119 do jesieni. Dni s\u0105 coraz kr\u00f3tsze i ch\u0142odniejsze\" \/>\n<meta name=\"robots\" content=\"index, follow, max-snippet:-1, max-image-preview:large, max-video-preview:-1\" \/>\n<link rel=\"canonical\" href=\"https:\/\/pakuten.pl\/blog\/najmodniejsze-kolory-i-wzory-na-jesien-2022-trzeba-dobrze-sie-przygotowac\/\" \/>\n<meta property=\"og:locale\" content=\"pl_PL\" \/>\n<meta property=\"og:type\" content=\"article\" \/>\n<meta property=\"og:title\" content=\"Najmodniejsze kolory i wzory na jesie\u0144 2022, trzeba dobrze si\u0119 przygotowa\u0107. - Pakuten blog\" \/>\n<meta property=\"og:description\" content=\"Mimo tego \u017ce mamy jeszcze sierpie\u0144, trzeba powoli przygotowywa\u0107 si\u0119 do jesieni. Dni s\u0105 coraz kr\u00f3tsze i ch\u0142odniejsze\" \/>\n<meta property=\"og:url\" content=\"https:\/\/pakuten.pl\/blog\/najmodniejsze-kolory-i-wzory-na-jesien-2022-trzeba-dobrze-sie-przygotowac\/\" \/>\n<meta property=\"og:site_name\" content=\"Pakuten blog\" \/>\n<meta property=\"article:published_time\" content=\"2022-08-08T08:16:00+00:00\" \/>\n<meta property=\"article:modified_time\" content=\"2022-07-18T10:36:00+00:00\" \/>\n<meta property=\"og:image\" content=\"https:\/\/pakuten.pl\/blog\/wp-content\/uploads\/2022\/08\/z26331092IHTrencz-stylizacje-jesienne.jpg\" \/>\n\t<meta property=\"og:image:width\" content=\"1024\" \/>\n\t<meta property=\"og:image:height\" content=\"768\" \/>\n\t<meta property=\"og:image:type\" content=\"image\/jpeg\" \/>\n<meta name=\"twitter:card\" content=\"summary_large_image\" \/>\n<meta name=\"twitter:label1\" content=\"Napisane przez\" \/>\n\t<meta name=\"twitter:data1\" content=\"Pakuten Girl\" \/>\n\t<meta name=\"twitter:label2\" content=\"Szacowany czas czytania\" \/>\n\t<meta name=\"twitter:data2\" content=\"4 minuty\" \/>\n<script type=\"application\/ld+json\" class=\"yoast-schema-graph\">{\"@context\":\"https:\/\/schema.org\",\"@graph\":[{\"@type\":\"Organization\",\"@id\":\"https:\/\/pakuten.pl\/blog\/#organization\",\"name\":\"Pakuten\",\"url\":\"https:\/\/pakuten.pl\/blog\/\",\"sameAs\":[],\"logo\":{\"@type\":\"ImageObject\",\"@id\":\"https:\/\/pakuten.pl\/blog\/#logo\",\"inLanguage\":\"pl-PL\",\"url\":\"http:\/\/pakuten.pl\/blog\/wp-content\/uploads\/2018\/01\/pakuten_logo.png\",\"contentUrl\":\"http:\/\/pakuten.pl\/blog\/wp-content\/uploads\/2018\/01\/pakuten_logo.png\",\"width\":300,\"height\":120,\"caption\":\"Pakuten\"},\"image\":{\"@id\":\"https:\/\/pakuten.pl\/blog\/#logo\"}},{\"@type\":\"WebSite\",\"@id\":\"https:\/\/pakuten.pl\/blog\/#website\",\"url\":\"https:\/\/pakuten.pl\/blog\/\",\"name\":\"Pakuten blog\",\"description\":\"Blog sklepu internetowego pakuten.pl\",\"publisher\":{\"@id\":\"https:\/\/pakuten.pl\/blog\/#organization\"},\"potentialAction\":[{\"@type\":\"SearchAction\",\"target\":{\"@type\":\"EntryPoint\",\"urlTemplate\":\"https:\/\/pakuten.pl\/blog\/?s={search_term_string}\"},\"query-input\":\"required name=search_term_string\"}],\"inLanguage\":\"pl-PL\"},{\"@type\":\"ImageObject\",\"@id\":\"https:\/\/pakuten.pl\/blog\/najmodniejsze-kolory-i-wzory-na-jesien-2022-trzeba-dobrze-sie-przygotowac\/#primaryimage\",\"inLanguage\":\"pl-PL\",\"url\":\"https:\/\/pakuten.pl\/blog\/wp-content\/uploads\/2022\/08\/z26331092IHTrencz-stylizacje-jesienne.jpg\",\"contentUrl\":\"https:\/\/pakuten.pl\/blog\/wp-content\/uploads\/2022\/08\/z26331092IHTrencz-stylizacje-jesienne.jpg\",\"width\":1024,\"height\":768},{\"@type\":\"WebPage\",\"@id\":\"https:\/\/pakuten.pl\/blog\/najmodniejsze-kolory-i-wzory-na-jesien-2022-trzeba-dobrze-sie-przygotowac\/#webpage\",\"url\":\"https:\/\/pakuten.pl\/blog\/najmodniejsze-kolory-i-wzory-na-jesien-2022-trzeba-dobrze-sie-przygotowac\/\",\"name\":\"Najmodniejsze kolory i wzory na jesie\u0144 2022, trzeba dobrze si\u0119 przygotowa\u0107. - Pakuten blog\",\"isPartOf\":{\"@id\":\"https:\/\/pakuten.pl\/blog\/#website\"},\"primaryImageOfPage\":{\"@id\":\"https:\/\/pakuten.pl\/blog\/najmodniejsze-kolory-i-wzory-na-jesien-2022-trzeba-dobrze-sie-przygotowac\/#primaryimage\"},\"datePublished\":\"2022-08-08T08:16:00+00:00\",\"dateModified\":\"2022-07-18T10:36:00+00:00\",\"description\":\"Mimo tego \u017ce mamy jeszcze sierpie\u0144, trzeba powoli przygotowywa\u0107 si\u0119 do jesieni. Dni s\u0105 coraz kr\u00f3tsze i ch\u0142odniejsze\",\"breadcrumb\":{\"@id\":\"https:\/\/pakuten.pl\/blog\/najmodniejsze-kolory-i-wzory-na-jesien-2022-trzeba-dobrze-sie-przygotowac\/#breadcrumb\"},\"inLanguage\":\"pl-PL\",\"potentialAction\":[{\"@type\":\"ReadAction\",\"target\":[\"https:\/\/pakuten.pl\/blog\/najmodniejsze-kolory-i-wzory-na-jesien-2022-trzeba-dobrze-sie-przygotowac\/\"]}]},{\"@type\":\"BreadcrumbList\",\"@id\":\"https:\/\/pakuten.pl\/blog\/najmodniejsze-kolory-i-wzory-na-jesien-2022-trzeba-dobrze-sie-przygotowac\/#breadcrumb\",\"itemListElement\":[{\"@type\":\"ListItem\",\"position\":1,\"name\":\"Strona g\u0142\u00f3wna\",\"item\":\"https:\/\/pakuten.pl\/blog\/\"},{\"@type\":\"ListItem\",\"position\":2,\"name\":\"Najmodniejsze kolory i wzory na jesie\u0144 2022, trzeba dobrze si\u0119 przygotowa\u0107.\"}]},{\"@type\":\"Article\",\"@id\":\"https:\/\/pakuten.pl\/blog\/najmodniejsze-kolory-i-wzory-na-jesien-2022-trzeba-dobrze-sie-przygotowac\/#article\",\"isPartOf\":{\"@id\":\"https:\/\/pakuten.pl\/blog\/najmodniejsze-kolory-i-wzory-na-jesien-2022-trzeba-dobrze-sie-przygotowac\/#webpage\"},\"author\":{\"@id\":\"https:\/\/pakuten.pl\/blog\/#\/schema\/person\/d7133af30211381a4e4536d088384556\"},\"headline\":\"Najmodniejsze kolory i wzory na jesie\u0144 2022, trzeba dobrze si\u0119 przygotowa\u0107.\",\"datePublished\":\"2022-08-08T08:16:00+00:00\",\"dateModified\":\"2022-07-18T10:36:00+00:00\",\"mainEntityOfPage\":{\"@id\":\"https:\/\/pakuten.pl\/blog\/najmodniejsze-kolory-i-wzory-na-jesien-2022-trzeba-dobrze-sie-przygotowac\/#webpage\"},\"wordCount\":697,\"commentCount\":0,\"publisher\":{\"@id\":\"https:\/\/pakuten.pl\/blog\/#organization\"},\"image\":{\"@id\":\"https:\/\/pakuten.pl\/blog\/najmodniejsze-kolory-i-wzory-na-jesien-2022-trzeba-dobrze-sie-przygotowac\/#primaryimage\"},\"thumbnailUrl\":\"https:\/\/pakuten.pl\/blog\/wp-content\/uploads\/2022\/08\/z26331092IHTrencz-stylizacje-jesienne.jpg\",\"articleSection\":[\"Tips&amp;Tricks\"],\"inLanguage\":\"pl-PL\",\"potentialAction\":[{\"@type\":\"CommentAction\",\"name\":\"Comment\",\"target\":[\"https:\/\/pakuten.pl\/blog\/najmodniejsze-kolory-i-wzory-na-jesien-2022-trzeba-dobrze-sie-przygotowac\/#respond\"]}]},{\"@type\":\"Person\",\"@id\":\"https:\/\/pakuten.pl\/blog\/#\/schema\/person\/d7133af30211381a4e4536d088384556\",\"name\":\"Pakuten Girl\",\"image\":{\"@type\":\"ImageObject\",\"@id\":\"https:\/\/pakuten.pl\/blog\/#personlogo\",\"inLanguage\":\"pl-PL\",\"url\":\"https:\/\/secure.gravatar.com\/avatar\/d3df41de2caf92e6cfded9430c2ff352?s=96&d=mm&r=g\",\"contentUrl\":\"https:\/\/secure.gravatar.com\/avatar\/d3df41de2caf92e6cfded9430c2ff352?s=96&d=mm&r=g\",\"caption\":\"Pakuten Girl\"},\"description\":\"Cze\u015b\u0107, nazywam si\u0119 Ola. Kocham Netflixa, sals\u0119, nowo\u015bci kosmetyczne i najnowsze trendy w modzie.\",\"url\":\"https:\/\/pakuten.pl\/blog\/author\/pakuten-girl\/\"}]}<\/script>\n<!-- \/ Yoast SEO plugin. -->","yoast_head_json":{"title":"Najmodniejsze kolory i wzory na jesie\u0144 2022, trzeba dobrze si\u0119 przygotowa\u0107. - Pakuten blog","description":"Mimo tego \u017ce mamy jeszcze sierpie\u0144, trzeba powoli przygotowywa\u0107 si\u0119 do jesieni. Dni s\u0105 coraz kr\u00f3tsze i ch\u0142odniejsze","robots":{"index":"index","follow":"follow","max-snippet":"max-snippet:-1","max-image-preview":"max-image-preview:large","max-video-preview":"max-video-preview:-1"},"canonical":"https:\/\/pakuten.pl\/blog\/najmodniejsze-kolory-i-wzory-na-jesien-2022-trzeba-dobrze-sie-przygotowac\/","og_locale":"pl_PL","og_type":"article","og_title":"Najmodniejsze kolory i wzory na jesie\u0144 2022, trzeba dobrze si\u0119 przygotowa\u0107. - Pakuten blog","og_description":"Mimo tego \u017ce mamy jeszcze sierpie\u0144, trzeba powoli przygotowywa\u0107 si\u0119 do jesieni. Dni s\u0105 coraz kr\u00f3tsze i ch\u0142odniejsze","og_url":"https:\/\/pakuten.pl\/blog\/najmodniejsze-kolory-i-wzory-na-jesien-2022-trzeba-dobrze-sie-przygotowac\/","og_site_name":"Pakuten blog","article_published_time":"2022-08-08T08:16:00+00:00","article_modified_time":"2022-07-18T10:36:00+00:00","og_image":[{"width":1024,"height":768,"url":"https:\/\/pakuten.pl\/blog\/wp-content\/uploads\/2022\/08\/z26331092IHTrencz-stylizacje-jesienne.jpg","type":"image\/jpeg"}],"twitter_card":"summary_large_image","twitter_misc":{"Napisane przez":"Pakuten Girl","Szacowany czas czytania":"4 minuty"},"schema":{"@context":"https:\/\/schema.org","@graph":[{"@type":"Organization","@id":"https:\/\/pakuten.pl\/blog\/#organization","name":"Pakuten","url":"https:\/\/pakuten.pl\/blog\/","sameAs":[],"logo":{"@type":"ImageObject","@id":"https:\/\/pakuten.pl\/blog\/#logo","inLanguage":"pl-PL","url":"http:\/\/pakuten.pl\/blog\/wp-content\/uploads\/2018\/01\/pakuten_logo.png","contentUrl":"http:\/\/pakuten.pl\/blog\/wp-content\/uploads\/2018\/01\/pakuten_logo.png","width":300,"height":120,"caption":"Pakuten"},"image":{"@id":"https:\/\/pakuten.pl\/blog\/#logo"}},{"@type":"WebSite","@id":"https:\/\/pakuten.pl\/blog\/#website","url":"https:\/\/pakuten.pl\/blog\/","name":"Pakuten blog","description":"Blog sklepu internetowego pakuten.pl","publisher":{"@id":"https:\/\/pakuten.pl\/blog\/#organization"},"potentialAction":[{"@type":"SearchAction","target":{"@type":"EntryPoint","urlTemplate":"https:\/\/pakuten.pl\/blog\/?s={search_term_string}"},"query-input":"required name=search_term_string"}],"inLanguage":"pl-PL"},{"@type":"ImageObject","@id":"https:\/\/pakuten.pl\/blog\/najmodniejsze-kolory-i-wzory-na-jesien-2022-trzeba-dobrze-sie-przygotowac\/#primaryimage","inLanguage":"pl-PL","url":"https:\/\/pakuten.pl\/blog\/wp-content\/uploads\/2022\/08\/z26331092IHTrencz-stylizacje-jesienne.jpg","contentUrl":"https:\/\/pakuten.pl\/blog\/wp-content\/uploads\/2022\/08\/z26331092IHTrencz-stylizacje-jesienne.jpg","width":1024,"height":768},{"@type":"WebPage","@id":"https:\/\/pakuten.pl\/blog\/najmodniejsze-kolory-i-wzory-na-jesien-2022-trzeba-dobrze-sie-przygotowac\/#webpage","url":"https:\/\/pakuten.pl\/blog\/najmodniejsze-kolory-i-wzory-na-jesien-2022-trzeba-dobrze-sie-przygotowac\/","name":"Najmodniejsze kolory i wzory na jesie\u0144 2022, trzeba dobrze si\u0119 przygotowa\u0107. - Pakuten blog","isPartOf":{"@id":"https:\/\/pakuten.pl\/blog\/#website"},"primaryImageOfPage":{"@id":"https:\/\/pakuten.pl\/blog\/najmodniejsze-kolory-i-wzory-na-jesien-2022-trzeba-dobrze-sie-przygotowac\/#primaryimage"},"datePublished":"2022-08-08T08:16:00+00:00","dateModified":"2022-07-18T10:36:00+00:00","description":"Mimo tego \u017ce mamy jeszcze sierpie\u0144, trzeba powoli przygotowywa\u0107 si\u0119 do jesieni. Dni s\u0105 coraz kr\u00f3tsze i ch\u0142odniejsze","breadcrumb":{"@id":"https:\/\/pakuten.pl\/blog\/najmodniejsze-kolory-i-wzory-na-jesien-2022-trzeba-dobrze-sie-przygotowac\/#breadcrumb"},"inLanguage":"pl-PL","potentialAction":[{"@type":"ReadAction","target":["https:\/\/pakuten.pl\/blog\/najmodniejsze-kolory-i-wzory-na-jesien-2022-trzeba-dobrze-sie-przygotowac\/"]}]},{"@type":"BreadcrumbList","@id":"https:\/\/pakuten.pl\/blog\/najmodniejsze-kolory-i-wzory-na-jesien-2022-trzeba-dobrze-sie-przygotowac\/#breadcrumb","itemListElement":[{"@type":"ListItem","position":1,"name":"Strona g\u0142\u00f3wna","item":"https:\/\/pakuten.pl\/blog\/"},{"@type":"ListItem","position":2,"name":"Najmodniejsze kolory i wzory na jesie\u0144 2022, trzeba dobrze si\u0119 przygotowa\u0107."}]},{"@type":"Article","@id":"https:\/\/pakuten.pl\/blog\/najmodniejsze-kolory-i-wzory-na-jesien-2022-trzeba-dobrze-sie-przygotowac\/#article","isPartOf":{"@id":"https:\/\/pakuten.pl\/blog\/najmodniejsze-kolory-i-wzory-na-jesien-2022-trzeba-dobrze-sie-przygotowac\/#webpage"},"author":{"@id":"https:\/\/pakuten.pl\/blog\/#\/schema\/person\/d7133af30211381a4e4536d088384556"},"headline":"Najmodniejsze kolory i wzory na jesie\u0144 2022, trzeba dobrze si\u0119 przygotowa\u0107.","datePublished":"2022-08-08T08:16:00+00:00","dateModified":"2022-07-18T10:36:00+00:00","mainEntityOfPage":{"@id":"https:\/\/pakuten.pl\/blog\/najmodniejsze-kolory-i-wzory-na-jesien-2022-trzeba-dobrze-sie-przygotowac\/#webpage"},"wordCount":697,"commentCount":0,"publisher":{"@id":"https:\/\/pakuten.pl\/blog\/#organization"},"image":{"@id":"https:\/\/pakuten.pl\/blog\/najmodniejsze-kolory-i-wzory-na-jesien-2022-trzeba-dobrze-sie-przygotowac\/#primaryimage"},"thumbnailUrl":"https:\/\/pakuten.pl\/blog\/wp-content\/uploads\/2022\/08\/z26331092IHTrencz-stylizacje-jesienne.jpg","articleSection":["Tips&amp;Tricks"],"inLanguage":"pl-PL","potentialAction":[{"@type":"CommentAction","name":"Comment","target":["https:\/\/pakuten.pl\/blog\/najmodniejsze-kolory-i-wzory-na-jesien-2022-trzeba-dobrze-sie-przygotowac\/#respond"]}]},{"@type":"Person","@id":"https:\/\/pakuten.pl\/blog\/#\/schema\/person\/d7133af30211381a4e4536d088384556","name":"Pakuten Girl","image":{"@type":"ImageObject","@id":"https:\/\/pakuten.pl\/blog\/#personlogo","inLanguage":"pl-PL","url":"https:\/\/secure.gravatar.com\/avatar\/d3df41de2caf92e6cfded9430c2ff352?s=96&d=mm&r=g","contentUrl":"https:\/\/secure.gravatar.com\/avatar\/d3df41de2caf92e6cfded9430c2ff352?s=96&d=mm&r=g","caption":"Pakuten Girl"},"description":"Cze\u015b\u0107, nazywam si\u0119 Ola. Kocham Netflixa, sals\u0119, nowo\u015bci kosmetyczne i najnowsze trendy w modzie.","url":"https:\/\/pakuten.pl\/blog\/author\/pakuten-girl\/"}]}},"_links":{"self":[{"href":"https:\/\/pakuten.pl\/blog\/wp-json\/wp\/v2\/posts\/6756"}],"collection":[{"href":"https:\/\/pakuten.pl\/blog\/wp-json\/wp\/v2\/posts"}],"about":[{"href":"https:\/\/pakuten.pl\/blog\/wp-json\/wp\/v2\/types\/post"}],"author":[{"embeddable":true,"href":"https:\/\/pakuten.pl\/blog\/wp-json\/wp\/v2\/users\/3"}],"replies":[{"embeddable":true,"href":"https:\/\/pakuten.pl\/blog\/wp-json\/wp\/v2\/comments?post=6756"}],"version-history":[{"count":16,"href":"https:\/\/pakuten.pl\/blog\/wp-json\/wp\/v2\/posts\/6756\/revisions"}],"predecessor-version":[{"id":6785,"href":"https:\/\/pakuten.pl\/blog\/wp-json\/wp\/v2\/posts\/6756\/revisions\/6785"}],"wp:featuredmedia":[{"embeddable":true,"href":"https:\/\/pakuten.pl\/blog\/wp-json\/wp\/v2\/media\/6759"}],"wp:attachment":[{"href":"https:\/\/pakuten.pl\/blog\/wp-json\/wp\/v2\/media?parent=6756"}],"wp:term":[{"taxonomy":"category","embeddable":true,"href":"https:\/\/pakuten.pl\/blog\/wp-json\/wp\/v2\/categories?post=6756"},{"taxonomy":"post_tag","embeddable":true,"href":"https:\/\/pakuten.pl\/blog\/wp-json\/wp\/v2\/tags?post=6756"}],"curies":[{"name":"wp","href":"https:\/\/api.w.org\/{rel}","templated":true}]}}