{"id":6885,"date":"2022-08-26T13:09:06","date_gmt":"2022-08-26T11:09:06","guid":{"rendered":"https:\/\/pakuten.pl\/blog\/?p=6885"},"modified":"2022-08-26T13:09:07","modified_gmt":"2022-08-26T11:09:07","slug":"jak-nosic-modne-paski-do-codziennych-i-niecodziennych-stylizacji","status":"publish","type":"post","link":"https:\/\/pakuten.pl\/blog\/jak-nosic-modne-paski-do-codziennych-i-niecodziennych-stylizacji\/","title":{"rendered":"Jak nosi\u0107 modne paski do codziennych i niecodziennych stylizacji ?"},"content":{"rendered":"\n<p><strong>Najmodniejszym dodatkiem od wielu lat i sezon\u00f3w, kt\u00f3ry nigdy nie wyjdzie z mody to oczywi\u015bcie nie zast\u0105piony pasek damski, kt\u00f3ry wykorzystujemy do wielu stylizacji i wygl\u0105da to zawsze dobrze. Paski damskie s\u0105 nie tylko modne i trendy ale tak\u017ce praktyczne i pe\u0142ne wdzi\u0119ku, wyb\u00f3r ich jest naprawd\u0119 ogromny, ka\u017cda kobieta znajdzie co\u015b dla siebie. Z paskiem mo\u017cesz zupe\u0142nie odmieni\u0107 swoj\u0105 stylizacj\u0119 i sprawdzi\u0107 \u017ce b\u0119dzie jeszcze bardziej top! Wysmuklisz tali\u0119, czy z szerokiego oversizowego swetra zrobisz sukienk\u0119.<\/strong><\/p>\n<p>\u00a0<\/p>\n<p>\u00a0<\/p>\n<p>\u00a0<\/p>\n<div class=\"product-box-container\">\r\n<div class=\"one_third \" style=\"\">\r\n<div class=\"product-box\">\r\n<a href=\"https:\/\/pakuten.pl\/27644-65666-czarny-elastyczny-pasek-z-ozdobnym-zlotym-lancuchem-lanikka--czarny.html\" target=\"_blank\">\r\n <img src=\"https:\/\/media.pakuten.pl\/173400-large_default\/czarny-elastyczny-pasek-z-ozdobnym-zlotym-lancuchem-lanikka-.jpg\" alt=\"Czarny elastyczny pasek z ozdobnym z\u0142otym \u0142a\u0144cuchem Lanikka\"\/>\r\n<\/a>\r\n<p>\r\n<a href=\"https:\/\/pakuten.pl\/27644-65666-czarny-elastyczny-pasek-z-ozdobnym-zlotym-lancuchem-lanikka--czarny.html\" target=\"_blank\">\r\nCzarny elastyczny pasek z ozdobnym z\u0142otym \u0142a\u0144cuchem Lanikka\r\n<\/a><\/p>\r\n  <p>Cena: 114,31\u00a0z\u0142<\/p>\r\n<a href=\"https:\/\/pakuten.pl\/27644-65666-czarny-elastyczny-pasek-z-ozdobnym-zlotym-lancuchem-lanikka--czarny.html\" target=\"_blank\" class=\"button\">\r\nZobacz w sklepie\r\n<\/a>\r\n<\/div>\r\n<\/div>\r\n<div class=\"one_third \" style=\"\">\r\n<div class=\"product-box\">\r\n<a href=\"https:\/\/pakuten.pl\/27643-65665-czarny-elastyczny-pasek-ze-zlota-klamra-i-cekinami-ariiaa-czarny.html\" target=\"_blank\">\r\n  <img src=\"https:\/\/media.pakuten.pl\/173392-large_default\/czarny-elastyczny-pasek-ze-zlota-klamra-i-cekinami-ariiaa.jpg\" alt=\"Czarny elastyczny pasek ze z\u0142ot\u0105 klamr\u0105 i cekinami Ariiaa\"\/>\r\n<\/a>\r\n<p>\r\n<a href=\"https:\/\/pakuten.pl\/27643-65665-czarny-elastyczny-pasek-ze-zlota-klamra-i-cekinami-ariiaa-czarny.html\" target=\"_blank\">\r\nCzarny elastyczny pasek ze z\u0142ot\u0105 klamr\u0105 i cekinami Ariiaa\r\n<\/a><\/p>\r\n  <p>Cena: 74,63\u00a0z\u0142<\/p>\r\n<a href=\"https:\/\/pakuten.pl\/27643-65665-czarny-elastyczny-pasek-ze-zlota-klamra-i-cekinami-ariiaa-czarny.html\" target=\"_blank\" class=\"button\">\r\nZobacz w sklepie\r\n<\/a>\r\n<\/div>\r\n<\/div>\r\n<div class=\"one_third last \" style=\"\">\r\n<div class=\"product-box\">\r\n<a href=\"https:\/\/pakuten.pl\/27642-65664-czarny-pasek-z-ekoskory-ze-zlota-klamra-zorikka-czarny.html\" target=\"_blank\">\r\n  <img src=\"https:\/\/media.pakuten.pl\/173384-large_default\/czarny-pasek-z-ekoskory-ze-zlota-klamra-zorikka.jpg\" alt=\"Czarny pasek z ekosk\u00f3ry ze z\u0142ot\u0105 klamr\u0105 Zorikka\"\/>\r\n<\/a>\r\n<p>\r\n<a href=\"https:\/\/pakuten.pl\/27642-65664-czarny-pasek-z-ekoskory-ze-zlota-klamra-zorikka-czarny.html\" target=\"_blank\">\r\nCzarny pasek z ekosk\u00f3ry ze z\u0142ot\u0105 klamr\u0105 Zorikka\r\n<\/a><\/p>\r\n  <p>Cena: 58,30\u00a0z\u0142<\/p>\r\n<a href=\"https:\/\/pakuten.pl\/27642-65664-czarny-pasek-z-ekoskory-ze-zlota-klamra-zorikka-czarny.html\" target=\"_blank\" class=\"button\">\r\nZobacz w sklepie\r\n<\/a>\r\n<\/div>\r\n<\/div><br class=\"clear\"\/>\r\n<\/div>\n<p>\u00a0<\/p>\n<p>\u00a0<\/p>\n<h2><span style=\"color: #ff9900;\">Modne klasyczne stylizacje z paskiem damskim.<\/span><\/h2>\n<p>\u00a0<\/p>\n<p>Modn\u0105 stylizacje mo\u017cemy uzyska\u0107 bardzo szybko, ale w brew pozorom dodatki graj\u0105 bardzo du\u017c\u0105 rol\u0119, czasami tylko pasek a w innej sytuacji to a\u017c pasek. Chcia\u0142aby\u015b stworzy\u0107 tak\u0105 modn\u0105 i klasyczna stylizacj\u0119 ? Nie ma najwi\u0119kszego problemu, proponujemy <span style=\"color: #ff9900;\"><a style=\"color: #ff9900;\" href=\"https:\/\/pakuten.pl\/26457-64456-bezowy-prazkowany-komplet-top-legginsy-typu-kolarki-arlinda-bezowy.html\" target=\"_blank\" rel=\"noopener\">Be\u017cowy pr\u0105\u017ckowany komplet top+ legginsy typu kolarki Arlinda <\/a><\/span>do tego marynarka i dope\u0142nieniem do tego dobra\u0107 jaki\u015b fajny i modny pasek z naszej nowej kolekcji z szerok\u0105 gum\u0105 i du\u017c\u0105 klamr\u0105.. Stylizacja gotowa ! Mo\u017cesz te\u017c pomy\u015ble\u0107 o zwiewnej sukience i pasku aby podkre\u015bli\u0107 swoj\u0105 tali\u0119.<\/p>\n<p>\u00a0<\/p>\n<p>\u00a0<\/p>\n<div class=\"product-box-container\">\r\n<div class=\"one_third \" style=\"\">\r\n<div class=\"product-box\">\r\n<a href=\"https:\/\/pakuten.pl\/27641-65663-zloty-pasek-na-podwojnej-zylce-z-ozdobna-cekinowa-klamra-wetiaa-zloty.html\" target=\"_blank\">\r\n <img src=\"https:\/\/media.pakuten.pl\/173380-large_default\/zloty-pasek-na-podwojnej-zylce-z-ozdobna-cekinowa-klamra-wetiaa.jpg\" alt=\"Z\u0142oty pasek na podw\u00f3jnej \u017cy\u0142ce z ozdobn\u0105 cekinow\u0105 klamr\u0105 Wetiaa\"\/>\r\n<\/a>\r\n<p>\r\n<a href=\"https:\/\/pakuten.pl\/27641-65663-zloty-pasek-na-podwojnej-zylce-z-ozdobna-cekinowa-klamra-wetiaa-zloty.html\" target=\"_blank\">\r\nZ\u0142oty pasek na podw\u00f3jnej \u017cy\u0142ce z ozdobn\u0105 cekinow\u0105 klamr\u0105 Wetiaa\r\n<\/a><\/p>\r\n  <p>Cena: 116,63\u00a0z\u0142<\/p>\r\n<a href=\"https:\/\/pakuten.pl\/27641-65663-zloty-pasek-na-podwojnej-zylce-z-ozdobna-cekinowa-klamra-wetiaa-zloty.html\" target=\"_blank\" class=\"button\">\r\nZobacz w sklepie\r\n<\/a>\r\n<\/div>\r\n<\/div>\r\n<div class=\"one_third \" style=\"\">\r\n<div class=\"product-box\">\r\n<a href=\"https:\/\/pakuten.pl\/27640-65662-czarny-elastyczny-pasek-z-duza-klamra-esmerallda-czarny.html\" target=\"_blank\">\r\n  <img src=\"https:\/\/media.pakuten.pl\/173373-large_default\/czarny-elastyczny-pasek-z-duza-klamra-esmerallda.jpg\" alt=\"Czarny elastyczny pasek z du\u017c\u0105 klamr\u0105 Esmerallda\"\/>\r\n<\/a>\r\n<p>\r\n<a href=\"https:\/\/pakuten.pl\/27640-65662-czarny-elastyczny-pasek-z-duza-klamra-esmerallda-czarny.html\" target=\"_blank\">\r\nCzarny elastyczny pasek z du\u017c\u0105 klamr\u0105 Esmerallda\r\n<\/a><\/p>\r\n  <p>Cena: 74,63\u00a0z\u0142<\/p>\r\n<a href=\"https:\/\/pakuten.pl\/27640-65662-czarny-elastyczny-pasek-z-duza-klamra-esmerallda-czarny.html\" target=\"_blank\" class=\"button\">\r\nZobacz w sklepie\r\n<\/a>\r\n<\/div>\r\n<\/div>\r\n<div class=\"one_third last \" style=\"\">\r\n<div class=\"product-box\">\r\n<a href=\"https:\/\/pakuten.pl\/27639-65661-czarny-elastyczny-pasek-z-ozdobna-zlota-klamra-perkia-czarny.html\" target=\"_blank\">\r\n  <img src=\"https:\/\/media.pakuten.pl\/173371-large_default\/czarny-elastyczny-pasek-z-ozdobna-zlota-klamra-perkia.jpg\" alt=\"Czarny elastyczny pasek z ozdobn\u0105 z\u0142ota klamr\u0105 Perkia\"\/>\r\n<\/a>\r\n<p>\r\n<a href=\"https:\/\/pakuten.pl\/27639-65661-czarny-elastyczny-pasek-z-ozdobna-zlota-klamra-perkia-czarny.html\" target=\"_blank\">\r\nCzarny elastyczny pasek z ozdobn\u0105 z\u0142ota klamr\u0105 Perkia\r\n<\/a><\/p>\r\n  <p>Cena: 86,31\u00a0z\u0142<\/p>\r\n<a href=\"https:\/\/pakuten.pl\/27639-65661-czarny-elastyczny-pasek-z-ozdobna-zlota-klamra-perkia-czarny.html\" target=\"_blank\" class=\"button\">\r\nZobacz w sklepie\r\n<\/a>\r\n<\/div>\r\n<\/div><br class=\"clear\"\/>\r\n<\/div>\n<p>\u00a0<\/p>\n<p>\u00a0<\/p>\n<p>\u00a0<\/p>\n<h2><span style=\"color: #ff9900;\">Pasek damski z sukienk\u0105.<\/span><\/h2>\n<p>\u00a0<\/p>\n<p>Jeste\u015b niezmiern\u0105 fank\u0105 sukienek, twoje stylizacje codzienne to w 90% sukienki i nie wyobra\u017casz sobie \u017cycia bez nich ? Bardzo dobrze ka\u017cda z nas ma sw\u00f3j styl i to nas wyr\u00f3\u017cnia, sukienki to bardzo dobry spos\u00f3b aby zawsze i w ka\u017cdej sytuacji wygl\u0105da\u0107 pi\u0119knie i elegancko. No dobrze a co z dodatkami ? Je\u017celi ubierasz sukienk\u0119 to nic do niej nie dodajesz ? Je\u017celi nie to koniecznie spr\u00f3buj, mo\u017ce to by\u0107 dopasowana sukienka z fajnym ozdobnym paskiem z pere\u0142ek i fajnej klamry . Je\u017celi za\u015b wybierzesz oversizow\u0105 sukienk\u0119 koniecznie podkre\u015bl w niej swoj\u0105 tali\u0119 szerokim paskiem elastycznym z du\u017c\u0105 ozdobn\u0105 klamr\u0105. A takie paski w\u0142a\u015bnie znajdziesz w naszych nowo\u015bciach na <span style=\"color: #ff9900;\"><a style=\"color: #ff9900;\" href=\"https:\/\/pakuten.pl\/\" target=\"_blank\" rel=\"noopener\">Pakuten.pl.<\/a><\/span><\/p>\n<p>\u00a0<\/p>\n<p>\u00a0<\/p>\n<div class=\"product-box-container\">\r\n<div class=\"one_third \" style=\"\">\r\n<div class=\"product-box\">\r\n<a href=\"https:\/\/pakuten.pl\/27638-65660-czarny-pasek-na-gumie-ze-zlotym-lancuchem-rowenna-czarny.html\" target=\"_blank\">\r\n <img src=\"https:\/\/media.pakuten.pl\/173365-large_default\/czarny-pasek-na-gumie-ze-zlotym-lancuchem-rowenna.jpg\" alt=\"Czarny pasek na gumie ze z\u0142otym \u0142a\u0144cuchem Rowenna\"\/>\r\n<\/a>\r\n<p>\r\n<a href=\"https:\/\/pakuten.pl\/27638-65660-czarny-pasek-na-gumie-ze-zlotym-lancuchem-rowenna-czarny.html\" target=\"_blank\">\r\nCzarny pasek na gumie ze z\u0142otym \u0142a\u0144cuchem Rowenna\r\n<\/a><\/p>\r\n  <p>Cena: 93,31\u00a0z\u0142<\/p>\r\n<a href=\"https:\/\/pakuten.pl\/27638-65660-czarny-pasek-na-gumie-ze-zlotym-lancuchem-rowenna-czarny.html\" target=\"_blank\" class=\"button\">\r\nZobacz w sklepie\r\n<\/a>\r\n<\/div>\r\n<\/div>\r\n<div class=\"one_third \" style=\"\">\r\n<div class=\"product-box\">\r\n<a href=\"https:\/\/pakuten.pl\/27637-65659-zloty-pasek-lancuszek-z-sercem-federykka-zloty.html\" target=\"_blank\">\r\n  <img src=\"https:\/\/media.pakuten.pl\/173357-large_default\/zloty-pasek-lancuszek-z-sercem-federykka.jpg\" alt=\"Z\u0142oty pasek \u0142a\u0144cuszek z sercem Federykka\"\/>\r\n<\/a>\r\n<p>\r\n<a href=\"https:\/\/pakuten.pl\/27637-65659-zloty-pasek-lancuszek-z-sercem-federykka-zloty.html\" target=\"_blank\">\r\nZ\u0142oty pasek \u0142a\u0144cuszek z sercem Federykka\r\n<\/a><\/p>\r\n  <p>Cena: 86,31\u00a0z\u0142<\/p>\r\n<a href=\"https:\/\/pakuten.pl\/27637-65659-zloty-pasek-lancuszek-z-sercem-federykka-zloty.html\" target=\"_blank\" class=\"button\">\r\nZobacz w sklepie\r\n<\/a>\r\n<\/div>\r\n<\/div>\r\n<div class=\"one_third last \" style=\"\">\r\n<div class=\"product-box\">\r\n<a href=\"https:\/\/pakuten.pl\/27636-65658-czarny-pasek-z-ozdobna-klamra-z-perelkami-rosibel-czarny.html\" target=\"_blank\">\r\n  <img src=\"https:\/\/media.pakuten.pl\/173351-large_default\/czarny-pasek-z-ozdobna-klamra-z-perelkami-rosibel.jpg\" alt=\"Czarny pasek z ozdobn\u0105 klamr\u0105 z pere\u0142kami Rosibel\"\/>\r\n<\/a>\r\n<p>\r\n<a href=\"https:\/\/pakuten.pl\/27636-65658-czarny-pasek-z-ozdobna-klamra-z-perelkami-rosibel-czarny.html\" target=\"_blank\">\r\nCzarny pasek z ozdobn\u0105 klamr\u0105 z pere\u0142kami Rosibel\r\n<\/a><\/p>\r\n  <p>Cena: 58,30\u00a0z\u0142<\/p>\r\n<a href=\"https:\/\/pakuten.pl\/27636-65658-czarny-pasek-z-ozdobna-klamra-z-perelkami-rosibel-czarny.html\" target=\"_blank\" class=\"button\">\r\nZobacz w sklepie\r\n<\/a>\r\n<\/div>\r\n<\/div><br class=\"clear\"\/>\r\n<\/div>\n<p>\u00a0<\/p>\n<p>\u00a0<\/p>\n<p>\u00a0<\/p>\n<h2><span style=\"color: #ff9900;\">A jak nosi\u0107 pasek do swetra czy ze swetrem ?<\/span><\/h2>\n<p>\u00a0<\/p>\n<p>\u00a0<\/p>\n<p>Doskona\u0142ym urozmaiceniem w naszej garderobie jest oczywi\u015bcie pasek damski przez ca\u0142y rok. Nie musisz z niego rezygnowa\u0107 poniewa\u017c mo\u017cna go dodawa\u0107 do ka\u017cdej stylizacji. Fajnym rozwi\u0105zaniem b\u0119dzie w\u0142a\u015bnie swetrowa sukienka z golfem czy st\u00f3jk\u0105 i stylowym paskiem, kt\u00f3ry idealnie podkre\u015bli twoj\u0105 tali\u0119 i super si\u0119 b\u0119dzie prezentowa\u0142. Sweter , sukienka swetrowa czy kardigan to idealny pomys\u0142 na stylizacj\u0119 z dodatkiem paska. Je\u017celi zastanawiasz si\u0119 czy to b\u0119dzie do siebie pasowa\u0107 to dopowied\u017a brzmi oczywi\u015bcie bez zastanowienia. Dzi\u0119ki takiemu dodatkowi jak pasek twoja stylizacja b\u0119dzie pe\u0142na stylu i elegancji.<\/p>\n<p>\u00a0<\/p>\n<p>\u00a0<\/p>\n<div class=\"product-box-container\">\r\n<div class=\"one_third \" style=\"\">\r\n<div class=\"product-box\">\r\n<a href=\"https:\/\/pakuten.pl\/27635-65657-zloty-pasek-z-podwojna-ozdobna-klamra-lucy--zloty.html\" target=\"_blank\">\r\n <img src=\"https:\/\/media.pakuten.pl\/173347-large_default\/zloty-pasek-z-podwojna-ozdobna-klamra-lucy-.jpg\" alt=\"Z\u0142oty pasek z podw\u00f3jn\u0105 ozdobna klamr\u0105 Lucy\"\/>\r\n<\/a>\r\n<p>\r\n<a href=\"https:\/\/pakuten.pl\/27635-65657-zloty-pasek-z-podwojna-ozdobna-klamra-lucy--zloty.html\" target=\"_blank\">\r\nZ\u0142oty pasek z podw\u00f3jn\u0105 ozdobna klamr\u0105 Lucy\r\n<\/a><\/p>\r\n  <p>Cena: 104,97\u00a0z\u0142<\/p>\r\n<a href=\"https:\/\/pakuten.pl\/27635-65657-zloty-pasek-z-podwojna-ozdobna-klamra-lucy--zloty.html\" target=\"_blank\" class=\"button\">\r\nZobacz w sklepie\r\n<\/a>\r\n<\/div>\r\n<\/div>\r\n<div class=\"one_third \" style=\"\">\r\n<div class=\"product-box\">\r\n<a href=\"https:\/\/pakuten.pl\/27634-65656-czarny-elastyczny-pasek-z-duza-klamra-helennka-czarny.html\" target=\"_blank\">\r\n  <img src=\"https:\/\/media.pakuten.pl\/173341-large_default\/czarny-elastyczny-pasek-z-duza-klamra-helennka.jpg\" alt=\"Czarny elastyczny pasek z du\u017c\u0105 klamr\u0105 Helennka\"\/>\r\n<\/a>\r\n<p>\r\n<a href=\"https:\/\/pakuten.pl\/27634-65656-czarny-elastyczny-pasek-z-duza-klamra-helennka-czarny.html\" target=\"_blank\">\r\nCzarny elastyczny pasek z du\u017c\u0105 klamr\u0105 Helennka\r\n<\/a><\/p>\r\n  <p>Cena: 104,97\u00a0z\u0142<\/p>\r\n<a href=\"https:\/\/pakuten.pl\/27634-65656-czarny-elastyczny-pasek-z-duza-klamra-helennka-czarny.html\" target=\"_blank\" class=\"button\">\r\nZobacz w sklepie\r\n<\/a>\r\n<\/div>\r\n<\/div>\r\n<div class=\"one_third last \" style=\"\">\r\n<div class=\"product-box\">\r\n<a href=\"https:\/\/pakuten.pl\/27633-65655-czarny-elastyczny-pasek-z-ozdobna-klamra-i-lancuszkiem-adelice-czarny.html\" target=\"_blank\">\r\n  <img src=\"https:\/\/media.pakuten.pl\/173336-large_default\/czarny-elastyczny-pasek-z-ozdobna-klamra-i-lancuszkiem-adelice.jpg\" alt=\"Czarny elastyczny pasek z ozdobn\u0105 klamr\u0105 i \u0142a\u0144cuszkiem Adelice\"\/>\r\n<\/a>\r\n<p>\r\n<a href=\"https:\/\/pakuten.pl\/27633-65655-czarny-elastyczny-pasek-z-ozdobna-klamra-i-lancuszkiem-adelice-czarny.html\" target=\"_blank\">\r\nCzarny elastyczny pasek z ozdobn\u0105 klamr\u0105 i \u0142a\u0144cuszkiem Adelice\r\n<\/a><\/p>\r\n  <p>Cena: 83,98\u00a0z\u0142<\/p>\r\n<a href=\"https:\/\/pakuten.pl\/27633-65655-czarny-elastyczny-pasek-z-ozdobna-klamra-i-lancuszkiem-adelice-czarny.html\" target=\"_blank\" class=\"button\">\r\nZobacz w sklepie\r\n<\/a>\r\n<\/div>\r\n<\/div><br class=\"clear\"\/>\r\n<\/div>\n<p>\u00a0<\/p>\n<p>\u00a0<\/p>\n<p>\u00a0<\/p>\n<h2><span style=\"color: #ff9900;\">Jaki pasek damski wybra\u0107 dla siebie?<\/span>\u00a0<\/h2>\n<p>\u00a0<\/p>\n<p>Paski raczej dobieramy wedle uznania taki jaki nam si\u0119 podoba i jaki pasuje do naszej danej stylizacji. <span style=\"color: #ff9900;\"><a style=\"color: #ff9900;\" href=\"https:\/\/pakuten.pl\/96-paski\" target=\"_blank\" rel=\"noopener\">Paski<\/a><\/span> wybieramy takie jakie nam si\u0119 podobaj\u0105 i dobieramy jedynie jego rozmiar je\u017celi s\u0105 podzielone na rozmiary. Teraz wyb\u00f3r pask\u00f3w damskich jest ogromny, poniewa\u017c te\u017c du\u017co ich dodajemy do swoich stylizacji, wedle gustu dobieramy pasek do swoich upodoba\u0144. Do sukienek super b\u0119dzie wygl\u0105da\u0142 ka\u017cdy pasek i ten na cienkim pasku, zdobny \u0142a\u0144cuszkowy, na grubej gumie z du\u017c\u0105 klamr\u0105 jaki tylko masz ochot\u0119. Do spodni dobierz taki pasek, kt\u00f3ry zmie\u015bci Ci si\u0119 w szlufki, do sp\u00f3dnicy te\u017c taki kt\u00f3ry zmie\u015bci ci si\u0119 w szlufki chyba \u017ce masz sp\u00f3dniczk\u0119 bez szlufek wtedy mo\u017cesz wybra\u0107 taki z pere\u0142ek i zdobnej klamry.\u00a0<\/p>\n<p>\u00a0<\/p>\n<p>\u00a0<\/p>\n<div class=\"product-box-container\">\r\n<div class=\"one_third \" style=\"\">\r\n<div class=\"product-box\">\r\n<a href=\"https:\/\/pakuten.pl\/27632-65654-zloty-pasek-na-zylce-z-klamra-w-ksztalcie-kokardki-lekkia-zloty.html\" target=\"_blank\">\r\n <img src=\"https:\/\/media.pakuten.pl\/173332-large_default\/zloty-pasek-na-zylce-z-klamra-w-ksztalcie-kokardki-lekkia.jpg\" alt=\"Z\u0142oty pasek na \u017cy\u0142ce z klamr\u0105 w kszta\u0142cie kokardki Lekkia\"\/>\r\n<\/a>\r\n<p>\r\n<a href=\"https:\/\/pakuten.pl\/27632-65654-zloty-pasek-na-zylce-z-klamra-w-ksztalcie-kokardki-lekkia-zloty.html\" target=\"_blank\">\r\nZ\u0142oty pasek na \u017cy\u0142ce z klamr\u0105 w kszta\u0142cie kokardki Lekkia\r\n<\/a><\/p>\r\n  <p>Cena: 46,63\u00a0z\u0142<\/p>\r\n<a href=\"https:\/\/pakuten.pl\/27632-65654-zloty-pasek-na-zylce-z-klamra-w-ksztalcie-kokardki-lekkia-zloty.html\" target=\"_blank\" class=\"button\">\r\nZobacz w sklepie\r\n<\/a>\r\n<\/div>\r\n<\/div>\r\n<div class=\"one_third \" style=\"\">\r\n<div class=\"product-box\">\r\n<a href=\"https:\/\/pakuten.pl\/27631-65653-czarny-elastyczny-pasek-ze-zlota-klamra-i-cekinami-wekiia-czarny.html\" target=\"_blank\">\r\n  <img src=\"https:\/\/media.pakuten.pl\/173323-large_default\/czarny-elastyczny-pasek-ze-zlota-klamra-i-cekinami-wekiia.jpg\" alt=\"Czarny elastyczny pasek ze z\u0142ot\u0105 klamr\u0105 i cekinami Wekiia\"\/>\r\n<\/a>\r\n<p>\r\n<a href=\"https:\/\/pakuten.pl\/27631-65653-czarny-elastyczny-pasek-ze-zlota-klamra-i-cekinami-wekiia-czarny.html\" target=\"_blank\">\r\nCzarny elastyczny pasek ze z\u0142ot\u0105 klamr\u0105 i cekinami Wekiia\r\n<\/a><\/p>\r\n  <p>Cena: 74,63\u00a0z\u0142<\/p>\r\n<a href=\"https:\/\/pakuten.pl\/27631-65653-czarny-elastyczny-pasek-ze-zlota-klamra-i-cekinami-wekiia-czarny.html\" target=\"_blank\" class=\"button\">\r\nZobacz w sklepie\r\n<\/a>\r\n<\/div>\r\n<\/div>\r\n<div class=\"one_third last \" style=\"\">\r\n<div class=\"product-box\">\r\n<a href=\"https:\/\/pakuten.pl\/27630-65652-elastyczny-pasek-z-perelek-z-ozdobnym-zapieciem-tekiaa-bialy.html\" target=\"_blank\">\r\n  <img src=\"https:\/\/media.pakuten.pl\/173319-large_default\/elastyczny-pasek-z-perelek-z-ozdobnym-zapieciem-tekiaa.jpg\" alt=\"Elastyczny pasek z pere\u0142ek z ozdobnym zapi\u0119ciem Tekiaa\"\/>\r\n<\/a>\r\n<p>\r\n<a href=\"https:\/\/pakuten.pl\/27630-65652-elastyczny-pasek-z-perelek-z-ozdobnym-zapieciem-tekiaa-bialy.html\" target=\"_blank\">\r\nElastyczny pasek z pere\u0142ek z ozdobnym zapi\u0119ciem Tekiaa\r\n<\/a><\/p>\r\n  <p>Cena: 46,63\u00a0z\u0142<\/p>\r\n<a href=\"https:\/\/pakuten.pl\/27630-65652-elastyczny-pasek-z-perelek-z-ozdobnym-zapieciem-tekiaa-bialy.html\" target=\"_blank\" class=\"button\">\r\nZobacz w sklepie\r\n<\/a>\r\n<\/div>\r\n<\/div><br class=\"clear\"\/>\r\n<\/div>\n<p>\u00a0<\/p>\n<p>\u00a0<\/p>\n<h2><span style=\"color: #ff9900;\">Pasek do p\u0142aszcza, kurtki ?<\/span>\u00a0<\/h2>\n<p>\u00a0<\/p>\n<p>Zbli\u017caj\u0105 si\u0119 coraz ch\u0142odniejsze dni czyli jesie\u0144 oraz zima, jak kobiety w tych porach roku zaopatruj\u0105 si\u0119 na paski damskie ? S\u0105 r\u00f3\u017cne pogl\u0105dy na to, my jednak uwa\u017camy \u017ce pasek damski dodany do p\u0142aszcza, futerka czy kurtki zimowej wygl\u0105da bardzo modnie i coraz cz\u0119\u015bciej wida\u0107 takie rozwi\u0105zania. \u015awietnie w ten spos\u00f3b te\u017c podkre\u015blisz swoj\u0105 tali\u0119. Naprawd\u0119 wiele swoich kurtek czy p\u0142aszczy mo\u017cna wykorzysta\u0107 w spos\u00f3b z paskiem. Wiadomo tu juz musimy dobra\u0107 odpowiedni kolor i rozmiar paska, ale spokojnie u nas ich nie brakuje, dopasuj sw\u00f3j <span style=\"color: #ff9900;\"><a style=\"color: #ff9900;\" href=\"https:\/\/pakuten.pl\/96-paski\" target=\"_blank\" rel=\"noopener\">pasek<\/a><\/span> do sytuacji oraz stylizacji.<\/p>\n<p>\u00a0<\/p>\n<p>\u00a0<\/p>\n<div class=\"product-box-container\">\r\n<div class=\"one_third \" style=\"\">\r\n<div class=\"product-box\">\r\n<a href=\"https:\/\/pakuten.pl\/27629-65651-zloty-pasek-z-lancuszkiem-i-cyrkoniami-rggia-zloty.html\" target=\"_blank\">\r\n <img src=\"https:\/\/media.pakuten.pl\/173314-large_default\/zloty-pasek-z-lancuszkiem-i-cyrkoniami-rggia.jpg\" alt=\"Z\u0142oty pasek z \u0142a\u0144cuszkiem i cyrkoniami Rggia\"\/>\r\n<\/a>\r\n<p>\r\n<a href=\"https:\/\/pakuten.pl\/27629-65651-zloty-pasek-z-lancuszkiem-i-cyrkoniami-rggia-zloty.html\" target=\"_blank\">\r\nZ\u0142oty pasek z \u0142a\u0144cuszkiem i cyrkoniami Rggia\r\n<\/a><\/p>\r\n  <p>Cena: 86,31\u00a0z\u0142<\/p>\r\n<a href=\"https:\/\/pakuten.pl\/27629-65651-zloty-pasek-z-lancuszkiem-i-cyrkoniami-rggia-zloty.html\" target=\"_blank\" class=\"button\">\r\nZobacz w sklepie\r\n<\/a>\r\n<\/div>\r\n<\/div>\r\n<div class=\"one_third \" style=\"\">\r\n<div class=\"product-box\">\r\n<a href=\"https:\/\/pakuten.pl\/27628-65650-czarny-elastyczny-pasek-ze-zlota-klamra-cc-jeniaa-czarny.html\" target=\"_blank\">\r\n  <img src=\"https:\/\/media.pakuten.pl\/173308-large_default\/czarny-elastyczny-pasek-ze-zlota-klamra-cc-jeniaa.jpg\" alt=\"Czarny elastyczny pasek ze z\u0142ot\u0105 klamr\u0105 CC Jeniaa\"\/>\r\n<\/a>\r\n<p>\r\n<a href=\"https:\/\/pakuten.pl\/27628-65650-czarny-elastyczny-pasek-ze-zlota-klamra-cc-jeniaa-czarny.html\" target=\"_blank\">\r\nCzarny elastyczny pasek ze z\u0142ot\u0105 klamr\u0105 CC Jeniaa\r\n<\/a><\/p>\r\n  <p>Cena: 74,63\u00a0z\u0142<\/p>\r\n<a href=\"https:\/\/pakuten.pl\/27628-65650-czarny-elastyczny-pasek-ze-zlota-klamra-cc-jeniaa-czarny.html\" target=\"_blank\" class=\"button\">\r\nZobacz w sklepie\r\n<\/a>\r\n<\/div>\r\n<\/div>\r\n<div class=\"one_third last \" style=\"\">\r\n<div class=\"product-box\">\r\n<a href=\"https:\/\/pakuten.pl\/27627-65648-zloty-pasek-na-zylce-ze-zlota-klamra-nertto-zloty.html\" target=\"_blank\">\r\n  <img src=\"https:\/\/media.pakuten.pl\/173304-large_default\/zloty-pasek-na-zylce-ze-zlota-klamra-nertto.jpg\" alt=\"Z\u0142oty pasek na \u017cy\u0142ce ze z\u0142ot\u0105 klamr\u0105 Nertto\"\/>\r\n<\/a>\r\n<p>\r\n<a href=\"https:\/\/pakuten.pl\/27627-65648-zloty-pasek-na-zylce-ze-zlota-klamra-nertto-zloty.html\" target=\"_blank\">\r\nZ\u0142oty pasek na \u017cy\u0142ce ze z\u0142ot\u0105 klamr\u0105 Nertto\r\n<\/a><\/p>\r\n  <p>Cena: 46,63\u00a0z\u0142<\/p>\r\n<a href=\"https:\/\/pakuten.pl\/27627-65648-zloty-pasek-na-zylce-ze-zlota-klamra-nertto-zloty.html\" target=\"_blank\" class=\"button\">\r\nZobacz w sklepie\r\n<\/a>\r\n<\/div>\r\n<\/div><br class=\"clear\"\/>\r\n<\/div>\n<p>\u00a0<\/p>\n<p>\u00a0<\/p>\n<p>\u00a0<\/p>\n\n\n<div class=\"kk-star-ratings kksr-auto kksr-align-right kksr-valign-bottom\"\n    data-payload='{&quot;align&quot;:&quot;right&quot;,&quot;id&quot;:&quot;6885&quot;,&quot;slug&quot;:&quot;default&quot;,&quot;valign&quot;:&quot;bottom&quot;,&quot;ignore&quot;:&quot;&quot;,&quot;reference&quot;:&quot;auto&quot;,&quot;class&quot;:&quot;&quot;,&quot;count&quot;:&quot;0&quot;,&quot;legendonly&quot;:&quot;&quot;,&quot;readonly&quot;:&quot;&quot;,&quot;score&quot;:&quot;0&quot;,&quot;starsonly&quot;:&quot;&quot;,&quot;best&quot;:&quot;5&quot;,&quot;gap&quot;:&quot;5&quot;,&quot;greet&quot;:&quot;Rate this post&quot;,&quot;legend&quot;:&quot;0\\\/5 - (0 votes)&quot;,&quot;size&quot;:&quot;24&quot;,&quot;width&quot;:&quot;0&quot;,&quot;_legend&quot;:&quot;{score}\\\/{best} - ({count} {votes})&quot;,&quot;font_factor&quot;:&quot;1.25&quot;}'>\n            \n<div class=\"kksr-stars\">\n    \n<div class=\"kksr-stars-inactive\">\n            <div class=\"kksr-star\" data-star=\"1\" style=\"padding-right: 5px\">\n            \n\n<div class=\"kksr-icon\" style=\"width: 24px; height: 24px;\"><\/div>\n        <\/div>\n            <div class=\"kksr-star\" data-star=\"2\" style=\"padding-right: 5px\">\n            \n\n<div class=\"kksr-icon\" style=\"width: 24px; height: 24px;\"><\/div>\n        <\/div>\n            <div class=\"kksr-star\" data-star=\"3\" style=\"padding-right: 5px\">\n            \n\n<div class=\"kksr-icon\" style=\"width: 24px; height: 24px;\"><\/div>\n        <\/div>\n            <div class=\"kksr-star\" data-star=\"4\" style=\"padding-right: 5px\">\n            \n\n<div class=\"kksr-icon\" style=\"width: 24px; height: 24px;\"><\/div>\n        <\/div>\n            <div class=\"kksr-star\" data-star=\"5\" style=\"padding-right: 5px\">\n            \n\n<div class=\"kksr-icon\" style=\"width: 24px; height: 24px;\"><\/div>\n        <\/div>\n    <\/div>\n    \n<div class=\"kksr-stars-active\" style=\"width: 0px;\">\n            <div class=\"kksr-star\" style=\"padding-right: 5px\">\n            \n\n<div class=\"kksr-icon\" style=\"width: 24px; height: 24px;\"><\/div>\n        <\/div>\n            <div class=\"kksr-star\" style=\"padding-right: 5px\">\n            \n\n<div class=\"kksr-icon\" style=\"width: 24px; height: 24px;\"><\/div>\n        <\/div>\n            <div class=\"kksr-star\" style=\"padding-right: 5px\">\n            \n\n<div class=\"kksr-icon\" style=\"width: 24px; height: 24px;\"><\/div>\n        <\/div>\n            <div class=\"kksr-star\" style=\"padding-right: 5px\">\n            \n\n<div class=\"kksr-icon\" style=\"width: 24px; height: 24px;\"><\/div>\n        <\/div>\n            <div class=\"kksr-star\" style=\"padding-right: 5px\">\n            \n\n<div class=\"kksr-icon\" style=\"width: 24px; height: 24px;\"><\/div>\n        <\/div>\n    <\/div>\n<\/div>\n                \n\n<div class=\"kksr-legend\" style=\"font-size: 19.2px;\">\n            <span class=\"kksr-muted\">Rate this post<\/span>\n    <\/div>\n    <\/div>\n","protected":false},"excerpt":{"rendered":"<p>Najmodniejszym dodatkiem od wielu lat i sezon\u00f3w, kt\u00f3ry nigdy nie wyjdzie z mody to oczywi\u015bcie nie zast\u0105piony pasek damski, kt\u00f3ry wykorzystujemy do wielu stylizacji i wygl\u0105da to zawsze dobrze. Paski damskie s\u0105 nie tylko modne i trendy ale tak\u017ce praktyczne i pe\u0142ne wdzi\u0119ku, wyb\u00f3r ich jest naprawd\u0119 ogromny, ka\u017cda kobieta znajdzie co\u015b dla siebie. Z paskiem mo\u017cesz zupe\u0142nie odmieni\u0107 swoj\u0105 stylizacj\u0119 i sprawdzi\u0107 \u017ce b\u0119dzie jeszcze bardziej top! Wysmuklisz tali\u0119, czy z szerokiego oversizowego swetra zrobisz sukienk\u0119.<\/p>\n","protected":false},"author":3,"featured_media":6887,"comment_status":"open","ping_status":"open","sticky":false,"template":"","format":"standard","meta":[],"categories":[3],"tags":[],"yoast_head":"<!-- This site is optimized with the Yoast SEO plugin v18.4.1 - https:\/\/yoast.com\/wordpress\/plugins\/seo\/ -->\n<title>Jak nosi\u0107 modne paski do codziennych i niecodziennych stylizacji ? - Pakuten blog<\/title>\n<meta name=\"description\" content=\"Najmodniejszym dodatkiem od wielu lat i sezon\u00f3w, kt\u00f3ry nigdy nie wyjdzie z mody to oczywi\u015bcie nie zast\u0105piony pasek damski\" \/>\n<meta name=\"robots\" content=\"index, follow, max-snippet:-1, max-image-preview:large, max-video-preview:-1\" \/>\n<link rel=\"canonical\" href=\"https:\/\/pakuten.pl\/blog\/jak-nosic-modne-paski-do-codziennych-i-niecodziennych-stylizacji\/\" \/>\n<meta property=\"og:locale\" content=\"pl_PL\" \/>\n<meta property=\"og:type\" content=\"article\" \/>\n<meta property=\"og:title\" content=\"Jak nosi\u0107 modne paski do codziennych i niecodziennych stylizacji ? - Pakuten blog\" \/>\n<meta property=\"og:description\" content=\"Najmodniejszym dodatkiem od wielu lat i sezon\u00f3w, kt\u00f3ry nigdy nie wyjdzie z mody to oczywi\u015bcie nie zast\u0105piony pasek damski\" \/>\n<meta property=\"og:url\" content=\"https:\/\/pakuten.pl\/blog\/jak-nosic-modne-paski-do-codziennych-i-niecodziennych-stylizacji\/\" \/>\n<meta property=\"og:site_name\" content=\"Pakuten blog\" \/>\n<meta property=\"article:published_time\" content=\"2022-08-26T11:09:06+00:00\" \/>\n<meta property=\"article:modified_time\" content=\"2022-08-26T11:09:07+00:00\" \/>\n<meta property=\"og:image\" content=\"https:\/\/pakuten.pl\/blog\/wp-content\/uploads\/2022\/08\/Jak-nosic\u0301-modne-paski-do-codziennych-i-niecodziennych-stylizacji-.jpg\" \/>\n\t<meta property=\"og:image:width\" content=\"1200\" \/>\n\t<meta property=\"og:image:height\" content=\"864\" \/>\n\t<meta property=\"og:image:type\" content=\"image\/jpeg\" \/>\n<meta name=\"twitter:card\" content=\"summary_large_image\" \/>\n<meta name=\"twitter:label1\" content=\"Napisane przez\" \/>\n\t<meta name=\"twitter:data1\" content=\"Pakuten Girl\" \/>\n\t<meta name=\"twitter:label2\" content=\"Szacowany czas czytania\" \/>\n\t<meta name=\"twitter:data2\" content=\"4 minuty\" \/>\n<script type=\"application\/ld+json\" class=\"yoast-schema-graph\">{\"@context\":\"https:\/\/schema.org\",\"@graph\":[{\"@type\":\"Organization\",\"@id\":\"https:\/\/pakuten.pl\/blog\/#organization\",\"name\":\"Pakuten\",\"url\":\"https:\/\/pakuten.pl\/blog\/\",\"sameAs\":[],\"logo\":{\"@type\":\"ImageObject\",\"@id\":\"https:\/\/pakuten.pl\/blog\/#logo\",\"inLanguage\":\"pl-PL\",\"url\":\"http:\/\/pakuten.pl\/blog\/wp-content\/uploads\/2018\/01\/pakuten_logo.png\",\"contentUrl\":\"http:\/\/pakuten.pl\/blog\/wp-content\/uploads\/2018\/01\/pakuten_logo.png\",\"width\":300,\"height\":120,\"caption\":\"Pakuten\"},\"image\":{\"@id\":\"https:\/\/pakuten.pl\/blog\/#logo\"}},{\"@type\":\"WebSite\",\"@id\":\"https:\/\/pakuten.pl\/blog\/#website\",\"url\":\"https:\/\/pakuten.pl\/blog\/\",\"name\":\"Pakuten blog\",\"description\":\"Blog sklepu internetowego pakuten.pl\",\"publisher\":{\"@id\":\"https:\/\/pakuten.pl\/blog\/#organization\"},\"potentialAction\":[{\"@type\":\"SearchAction\",\"target\":{\"@type\":\"EntryPoint\",\"urlTemplate\":\"https:\/\/pakuten.pl\/blog\/?s={search_term_string}\"},\"query-input\":\"required name=search_term_string\"}],\"inLanguage\":\"pl-PL\"},{\"@type\":\"ImageObject\",\"@id\":\"https:\/\/pakuten.pl\/blog\/jak-nosic-modne-paski-do-codziennych-i-niecodziennych-stylizacji\/#primaryimage\",\"inLanguage\":\"pl-PL\",\"url\":\"https:\/\/pakuten.pl\/blog\/wp-content\/uploads\/2022\/08\/Jak-nosic\u0301-modne-paski-do-codziennych-i-niecodziennych-stylizacji-.jpg\",\"contentUrl\":\"https:\/\/pakuten.pl\/blog\/wp-content\/uploads\/2022\/08\/Jak-nosic\u0301-modne-paski-do-codziennych-i-niecodziennych-stylizacji-.jpg\",\"width\":1200,\"height\":864},{\"@type\":\"WebPage\",\"@id\":\"https:\/\/pakuten.pl\/blog\/jak-nosic-modne-paski-do-codziennych-i-niecodziennych-stylizacji\/#webpage\",\"url\":\"https:\/\/pakuten.pl\/blog\/jak-nosic-modne-paski-do-codziennych-i-niecodziennych-stylizacji\/\",\"name\":\"Jak nosi\u0107 modne paski do codziennych i niecodziennych stylizacji ? - Pakuten blog\",\"isPartOf\":{\"@id\":\"https:\/\/pakuten.pl\/blog\/#website\"},\"primaryImageOfPage\":{\"@id\":\"https:\/\/pakuten.pl\/blog\/jak-nosic-modne-paski-do-codziennych-i-niecodziennych-stylizacji\/#primaryimage\"},\"datePublished\":\"2022-08-26T11:09:06+00:00\",\"dateModified\":\"2022-08-26T11:09:07+00:00\",\"description\":\"Najmodniejszym dodatkiem od wielu lat i sezon\u00f3w, kt\u00f3ry nigdy nie wyjdzie z mody to oczywi\u015bcie nie zast\u0105piony pasek damski\",\"breadcrumb\":{\"@id\":\"https:\/\/pakuten.pl\/blog\/jak-nosic-modne-paski-do-codziennych-i-niecodziennych-stylizacji\/#breadcrumb\"},\"inLanguage\":\"pl-PL\",\"potentialAction\":[{\"@type\":\"ReadAction\",\"target\":[\"https:\/\/pakuten.pl\/blog\/jak-nosic-modne-paski-do-codziennych-i-niecodziennych-stylizacji\/\"]}]},{\"@type\":\"BreadcrumbList\",\"@id\":\"https:\/\/pakuten.pl\/blog\/jak-nosic-modne-paski-do-codziennych-i-niecodziennych-stylizacji\/#breadcrumb\",\"itemListElement\":[{\"@type\":\"ListItem\",\"position\":1,\"name\":\"Strona g\u0142\u00f3wna\",\"item\":\"https:\/\/pakuten.pl\/blog\/\"},{\"@type\":\"ListItem\",\"position\":2,\"name\":\"Jak nosi\u0107 modne paski do codziennych i niecodziennych stylizacji ?\"}]},{\"@type\":\"Article\",\"@id\":\"https:\/\/pakuten.pl\/blog\/jak-nosic-modne-paski-do-codziennych-i-niecodziennych-stylizacji\/#article\",\"isPartOf\":{\"@id\":\"https:\/\/pakuten.pl\/blog\/jak-nosic-modne-paski-do-codziennych-i-niecodziennych-stylizacji\/#webpage\"},\"author\":{\"@id\":\"https:\/\/pakuten.pl\/blog\/#\/schema\/person\/d7133af30211381a4e4536d088384556\"},\"headline\":\"Jak nosi\u0107 modne paski do codziennych i niecodziennych stylizacji ?\",\"datePublished\":\"2022-08-26T11:09:06+00:00\",\"dateModified\":\"2022-08-26T11:09:07+00:00\",\"mainEntityOfPage\":{\"@id\":\"https:\/\/pakuten.pl\/blog\/jak-nosic-modne-paski-do-codziennych-i-niecodziennych-stylizacji\/#webpage\"},\"wordCount\":755,\"commentCount\":0,\"publisher\":{\"@id\":\"https:\/\/pakuten.pl\/blog\/#organization\"},\"image\":{\"@id\":\"https:\/\/pakuten.pl\/blog\/jak-nosic-modne-paski-do-codziennych-i-niecodziennych-stylizacji\/#primaryimage\"},\"thumbnailUrl\":\"https:\/\/pakuten.pl\/blog\/wp-content\/uploads\/2022\/08\/Jak-nosic\u0301-modne-paski-do-codziennych-i-niecodziennych-stylizacji-.jpg\",\"articleSection\":[\"Top Trends\"],\"inLanguage\":\"pl-PL\",\"potentialAction\":[{\"@type\":\"CommentAction\",\"name\":\"Comment\",\"target\":[\"https:\/\/pakuten.pl\/blog\/jak-nosic-modne-paski-do-codziennych-i-niecodziennych-stylizacji\/#respond\"]}]},{\"@type\":\"Person\",\"@id\":\"https:\/\/pakuten.pl\/blog\/#\/schema\/person\/d7133af30211381a4e4536d088384556\",\"name\":\"Pakuten Girl\",\"image\":{\"@type\":\"ImageObject\",\"@id\":\"https:\/\/pakuten.pl\/blog\/#personlogo\",\"inLanguage\":\"pl-PL\",\"url\":\"https:\/\/secure.gravatar.com\/avatar\/d3df41de2caf92e6cfded9430c2ff352?s=96&d=mm&r=g\",\"contentUrl\":\"https:\/\/secure.gravatar.com\/avatar\/d3df41de2caf92e6cfded9430c2ff352?s=96&d=mm&r=g\",\"caption\":\"Pakuten Girl\"},\"description\":\"Cze\u015b\u0107, nazywam si\u0119 Ola. Kocham Netflixa, sals\u0119, nowo\u015bci kosmetyczne i najnowsze trendy w modzie.\",\"url\":\"https:\/\/pakuten.pl\/blog\/author\/pakuten-girl\/\"}]}<\/script>\n<!-- \/ Yoast SEO plugin. -->","yoast_head_json":{"title":"Jak nosi\u0107 modne paski do codziennych i niecodziennych stylizacji ? - Pakuten blog","description":"Najmodniejszym dodatkiem od wielu lat i sezon\u00f3w, kt\u00f3ry nigdy nie wyjdzie z mody to oczywi\u015bcie nie zast\u0105piony pasek damski","robots":{"index":"index","follow":"follow","max-snippet":"max-snippet:-1","max-image-preview":"max-image-preview:large","max-video-preview":"max-video-preview:-1"},"canonical":"https:\/\/pakuten.pl\/blog\/jak-nosic-modne-paski-do-codziennych-i-niecodziennych-stylizacji\/","og_locale":"pl_PL","og_type":"article","og_title":"Jak nosi\u0107 modne paski do codziennych i niecodziennych stylizacji ? - Pakuten blog","og_description":"Najmodniejszym dodatkiem od wielu lat i sezon\u00f3w, kt\u00f3ry nigdy nie wyjdzie z mody to oczywi\u015bcie nie zast\u0105piony pasek damski","og_url":"https:\/\/pakuten.pl\/blog\/jak-nosic-modne-paski-do-codziennych-i-niecodziennych-stylizacji\/","og_site_name":"Pakuten blog","article_published_time":"2022-08-26T11:09:06+00:00","article_modified_time":"2022-08-26T11:09:07+00:00","og_image":[{"width":1200,"height":864,"url":"https:\/\/pakuten.pl\/blog\/wp-content\/uploads\/2022\/08\/Jak-nosic\u0301-modne-paski-do-codziennych-i-niecodziennych-stylizacji-.jpg","type":"image\/jpeg"}],"twitter_card":"summary_large_image","twitter_misc":{"Napisane przez":"Pakuten Girl","Szacowany czas czytania":"4 minuty"},"schema":{"@context":"https:\/\/schema.org","@graph":[{"@type":"Organization","@id":"https:\/\/pakuten.pl\/blog\/#organization","name":"Pakuten","url":"https:\/\/pakuten.pl\/blog\/","sameAs":[],"logo":{"@type":"ImageObject","@id":"https:\/\/pakuten.pl\/blog\/#logo","inLanguage":"pl-PL","url":"http:\/\/pakuten.pl\/blog\/wp-content\/uploads\/2018\/01\/pakuten_logo.png","contentUrl":"http:\/\/pakuten.pl\/blog\/wp-content\/uploads\/2018\/01\/pakuten_logo.png","width":300,"height":120,"caption":"Pakuten"},"image":{"@id":"https:\/\/pakuten.pl\/blog\/#logo"}},{"@type":"WebSite","@id":"https:\/\/pakuten.pl\/blog\/#website","url":"https:\/\/pakuten.pl\/blog\/","name":"Pakuten blog","description":"Blog sklepu internetowego pakuten.pl","publisher":{"@id":"https:\/\/pakuten.pl\/blog\/#organization"},"potentialAction":[{"@type":"SearchAction","target":{"@type":"EntryPoint","urlTemplate":"https:\/\/pakuten.pl\/blog\/?s={search_term_string}"},"query-input":"required name=search_term_string"}],"inLanguage":"pl-PL"},{"@type":"ImageObject","@id":"https:\/\/pakuten.pl\/blog\/jak-nosic-modne-paski-do-codziennych-i-niecodziennych-stylizacji\/#primaryimage","inLanguage":"pl-PL","url":"https:\/\/pakuten.pl\/blog\/wp-content\/uploads\/2022\/08\/Jak-nosic\u0301-modne-paski-do-codziennych-i-niecodziennych-stylizacji-.jpg","contentUrl":"https:\/\/pakuten.pl\/blog\/wp-content\/uploads\/2022\/08\/Jak-nosic\u0301-modne-paski-do-codziennych-i-niecodziennych-stylizacji-.jpg","width":1200,"height":864},{"@type":"WebPage","@id":"https:\/\/pakuten.pl\/blog\/jak-nosic-modne-paski-do-codziennych-i-niecodziennych-stylizacji\/#webpage","url":"https:\/\/pakuten.pl\/blog\/jak-nosic-modne-paski-do-codziennych-i-niecodziennych-stylizacji\/","name":"Jak nosi\u0107 modne paski do codziennych i niecodziennych stylizacji ? - Pakuten blog","isPartOf":{"@id":"https:\/\/pakuten.pl\/blog\/#website"},"primaryImageOfPage":{"@id":"https:\/\/pakuten.pl\/blog\/jak-nosic-modne-paski-do-codziennych-i-niecodziennych-stylizacji\/#primaryimage"},"datePublished":"2022-08-26T11:09:06+00:00","dateModified":"2022-08-26T11:09:07+00:00","description":"Najmodniejszym dodatkiem od wielu lat i sezon\u00f3w, kt\u00f3ry nigdy nie wyjdzie z mody to oczywi\u015bcie nie zast\u0105piony pasek damski","breadcrumb":{"@id":"https:\/\/pakuten.pl\/blog\/jak-nosic-modne-paski-do-codziennych-i-niecodziennych-stylizacji\/#breadcrumb"},"inLanguage":"pl-PL","potentialAction":[{"@type":"ReadAction","target":["https:\/\/pakuten.pl\/blog\/jak-nosic-modne-paski-do-codziennych-i-niecodziennych-stylizacji\/"]}]},{"@type":"BreadcrumbList","@id":"https:\/\/pakuten.pl\/blog\/jak-nosic-modne-paski-do-codziennych-i-niecodziennych-stylizacji\/#breadcrumb","itemListElement":[{"@type":"ListItem","position":1,"name":"Strona g\u0142\u00f3wna","item":"https:\/\/pakuten.pl\/blog\/"},{"@type":"ListItem","position":2,"name":"Jak nosi\u0107 modne paski do codziennych i niecodziennych stylizacji ?"}]},{"@type":"Article","@id":"https:\/\/pakuten.pl\/blog\/jak-nosic-modne-paski-do-codziennych-i-niecodziennych-stylizacji\/#article","isPartOf":{"@id":"https:\/\/pakuten.pl\/blog\/jak-nosic-modne-paski-do-codziennych-i-niecodziennych-stylizacji\/#webpage"},"author":{"@id":"https:\/\/pakuten.pl\/blog\/#\/schema\/person\/d7133af30211381a4e4536d088384556"},"headline":"Jak nosi\u0107 modne paski do codziennych i niecodziennych stylizacji ?","datePublished":"2022-08-26T11:09:06+00:00","dateModified":"2022-08-26T11:09:07+00:00","mainEntityOfPage":{"@id":"https:\/\/pakuten.pl\/blog\/jak-nosic-modne-paski-do-codziennych-i-niecodziennych-stylizacji\/#webpage"},"wordCount":755,"commentCount":0,"publisher":{"@id":"https:\/\/pakuten.pl\/blog\/#organization"},"image":{"@id":"https:\/\/pakuten.pl\/blog\/jak-nosic-modne-paski-do-codziennych-i-niecodziennych-stylizacji\/#primaryimage"},"thumbnailUrl":"https:\/\/pakuten.pl\/blog\/wp-content\/uploads\/2022\/08\/Jak-nosic\u0301-modne-paski-do-codziennych-i-niecodziennych-stylizacji-.jpg","articleSection":["Top Trends"],"inLanguage":"pl-PL","potentialAction":[{"@type":"CommentAction","name":"Comment","target":["https:\/\/pakuten.pl\/blog\/jak-nosic-modne-paski-do-codziennych-i-niecodziennych-stylizacji\/#respond"]}]},{"@type":"Person","@id":"https:\/\/pakuten.pl\/blog\/#\/schema\/person\/d7133af30211381a4e4536d088384556","name":"Pakuten Girl","image":{"@type":"ImageObject","@id":"https:\/\/pakuten.pl\/blog\/#personlogo","inLanguage":"pl-PL","url":"https:\/\/secure.gravatar.com\/avatar\/d3df41de2caf92e6cfded9430c2ff352?s=96&d=mm&r=g","contentUrl":"https:\/\/secure.gravatar.com\/avatar\/d3df41de2caf92e6cfded9430c2ff352?s=96&d=mm&r=g","caption":"Pakuten Girl"},"description":"Cze\u015b\u0107, nazywam si\u0119 Ola. Kocham Netflixa, sals\u0119, nowo\u015bci kosmetyczne i najnowsze trendy w modzie.","url":"https:\/\/pakuten.pl\/blog\/author\/pakuten-girl\/"}]}},"_links":{"self":[{"href":"https:\/\/pakuten.pl\/blog\/wp-json\/wp\/v2\/posts\/6885"}],"collection":[{"href":"https:\/\/pakuten.pl\/blog\/wp-json\/wp\/v2\/posts"}],"about":[{"href":"https:\/\/pakuten.pl\/blog\/wp-json\/wp\/v2\/types\/post"}],"author":[{"embeddable":true,"href":"https:\/\/pakuten.pl\/blog\/wp-json\/wp\/v2\/users\/3"}],"replies":[{"embeddable":true,"href":"https:\/\/pakuten.pl\/blog\/wp-json\/wp\/v2\/comments?post=6885"}],"version-history":[{"count":21,"href":"https:\/\/pakuten.pl\/blog\/wp-json\/wp\/v2\/posts\/6885\/revisions"}],"predecessor-version":[{"id":6921,"href":"https:\/\/pakuten.pl\/blog\/wp-json\/wp\/v2\/posts\/6885\/revisions\/6921"}],"wp:featuredmedia":[{"embeddable":true,"href":"https:\/\/pakuten.pl\/blog\/wp-json\/wp\/v2\/media\/6887"}],"wp:attachment":[{"href":"https:\/\/pakuten.pl\/blog\/wp-json\/wp\/v2\/media?parent=6885"}],"wp:term":[{"taxonomy":"category","embeddable":true,"href":"https:\/\/pakuten.pl\/blog\/wp-json\/wp\/v2\/categories?post=6885"},{"taxonomy":"post_tag","embeddable":true,"href":"https:\/\/pakuten.pl\/blog\/wp-json\/wp\/v2\/tags?post=6885"}],"curies":[{"name":"wp","href":"https:\/\/api.w.org\/{rel}","templated":true}]}}