{"id":7051,"date":"2022-09-20T13:54:19","date_gmt":"2022-09-20T11:54:19","guid":{"rendered":"https:\/\/pakuten.pl\/blog\/?p=7051"},"modified":"2022-09-20T13:54:20","modified_gmt":"2022-09-20T11:54:20","slug":"jak-ubrac-sie-w-chlodniejsze-dni-zeby-nie-zmarznac","status":"publish","type":"post","link":"https:\/\/pakuten.pl\/blog\/jak-ubrac-sie-w-chlodniejsze-dni-zeby-nie-zmarznac\/","title":{"rendered":"Jak ubra\u0107 si\u0119 w ch\u0142odniejsze dni, \u017ceby nie zmarzn\u0105\u0107"},"content":{"rendered":"\n<p><strong>Wielkimi krokami zbli\u017ca si\u0119 sezon jesienno &#8211; zimowy, dni s\u0105 coraz kr\u00f3tsze coraz cz\u0119\u015bciej temperatura jest ni\u017csza, cz\u0119sto wieje, pada i jest ponuro. Ale nie zawsze tak jest bo jesie\u0144 te\u017c cz\u0119sto jest z\u0142ocista i s\u0142oneczna. Jest nam coraz ch\u0142odniej i nasze ubrania i stylizacje s\u0105 coraz cieplejsze i grubsze. Dzisiaj podpowiemy wam jakie <span style=\"color: #ff9900;\"><a style=\"color: #ff9900;\" href=\"https:\/\/pakuten.pl\/86-ubrania\" target=\"_blank\" rel=\"noopener\">ubrania<\/a><\/span> wybra\u0107 aby uchroni\u0107 si\u0119 przed ch\u0142odem i nie zmarzn\u0105\u0107.<\/strong><\/p>\n<p>\u00a0<\/p>\n<p>\u00a0<\/p>\n<p>\u00a0<\/p>\n<div class=\"product-box-container\">\r\n<div class=\"one_third \" style=\"\">\r\n<div class=\"product-box\">\r\n<a href=\"https:\/\/pakuten.pl\/28169-66186-sweterkowa-sukienka-z-kapturem-erttakia-ecru-ecru.html\" target=\"_blank\">\r\n <img src=\"https:\/\/media.pakuten.pl\/175877-large_default\/sweterkowa-sukienka-z-kapturem-erttakia-ecru.jpg\" alt=\"Sweterkowa sukienka z kapturem Erttakia - ecru\"\/>\r\n<\/a>\r\n<p>\r\n<a href=\"https:\/\/pakuten.pl\/28169-66186-sweterkowa-sukienka-z-kapturem-erttakia-ecru-ecru.html\" target=\"_blank\">\r\nSweterkowa sukienka z kapturem Erttakia - ecru\r\n<\/a><\/p>\r\n  <p>Cena: 277,63\u00a0z\u0142<\/p>\r\n<a href=\"https:\/\/pakuten.pl\/28169-66186-sweterkowa-sukienka-z-kapturem-erttakia-ecru-ecru.html\" target=\"_blank\" class=\"button\">\r\nZobacz w sklepie\r\n<\/a>\r\n<\/div>\r\n<\/div>\r\n<div class=\"one_third \" style=\"\">\r\n<div class=\"product-box\">\r\n<a href=\"https:\/\/pakuten.pl\/28166-66184-sweterkowa-sukienka-z-ozdobnym-splotem-clotilda-odcienie-brazu--odcienie-brazu.html\" target=\"_blank\">\r\n  <img src=\"https:\/\/media.pakuten.pl\/175863-large_default\/sweterkowa-sukienka-z-ozdobnym-splotem-clotilda-odcienie-brazu-.jpg\" alt=\"Sweterkowa sukienka z ozdobnym splotem Clotilda - odcienie br\u0105zu\"\/>\r\n<\/a>\r\n<p>\r\n<a href=\"https:\/\/pakuten.pl\/28166-66184-sweterkowa-sukienka-z-ozdobnym-splotem-clotilda-odcienie-brazu--odcienie-brazu.html\" target=\"_blank\">\r\nSweterkowa sukienka z ozdobnym splotem Clotilda - odcienie br\u0105zu\r\n<\/a><\/p>\r\n  <p>Cena: 179,63\u00a0z\u0142<\/p>\r\n<a href=\"https:\/\/pakuten.pl\/28166-66184-sweterkowa-sukienka-z-ozdobnym-splotem-clotilda-odcienie-brazu--odcienie-brazu.html\" target=\"_blank\" class=\"button\">\r\nZobacz w sklepie\r\n<\/a>\r\n<\/div>\r\n<\/div>\r\n<div class=\"one_third last \" style=\"\">\r\n<div class=\"product-box\">\r\n<a href=\"https:\/\/pakuten.pl\/28163-66181-rozpinany-sweter-z-ozdobnym-zabotem-gemaii-ecru-ecru.html\" target=\"_blank\">\r\n  <img src=\"https:\/\/media.pakuten.pl\/175851-large_default\/rozpinany-sweter-z-ozdobnym-zabotem-gemaii-ecru.jpg\" alt=\"Rozpinany sweter z ozdobnym \u017cabotem Gemaii - ecru\"\/>\r\n<\/a>\r\n<p>\r\n<a href=\"https:\/\/pakuten.pl\/28163-66181-rozpinany-sweter-z-ozdobnym-zabotem-gemaii-ecru-ecru.html\" target=\"_blank\">\r\nRozpinany sweter z ozdobnym \u017cabotem Gemaii - ecru\r\n<\/a><\/p>\r\n  <p>Cena: 39,99\u00a0z\u0142<\/p>\r\n<a href=\"https:\/\/pakuten.pl\/28163-66181-rozpinany-sweter-z-ozdobnym-zabotem-gemaii-ecru-ecru.html\" target=\"_blank\" class=\"button\">\r\nZobacz w sklepie\r\n<\/a>\r\n<\/div>\r\n<\/div><br class=\"clear\"\/>\r\n<\/div>\n<p>\u00a0<\/p>\n<p>\u00a0<\/p>\n<p>\u00a0<\/p>\n<h2><span style=\"color: #ff9900;\">Co najlepiej uchroni nas przed zimnem i sprawi \u017ce b\u0119dzie nam ciep\u0142o ?<\/span><\/h2>\n<p>\u00a0<\/p>\n<p>Najlepiej w te ch\u0142odniejsze dni zaplanowa\u0107 sobie stylizacj\u0119 wcze\u015bniej. Najlepiej uchroni\u0105 nas przed zimnem te najcieplejsze rzeczy, jeste\u015b mi\u0142o\u015bniczk\u0105 ciep\u0142ych ubra\u0144 to dobrze bo wtedy nie b\u0119dzie ci tak zimno w ch\u0142odniejsze dni. Uchroni\u0107 nas mog\u0105 ciep\u0142e i grube <span style=\"color: #ff9900;\"><a style=\"color: #ff9900;\" href=\"https:\/\/pakuten.pl\/28-swetry\" target=\"_blank\" rel=\"noopener\">swetry<\/a><\/span>, ze st\u00f3jk\u0105, z golfem dobrze sprawdz\u0105 si\u0119 te z dodatkiem we\u0142ny czy akrylu. Pod taki sweter mo\u017cesz na\u0142o\u017cy\u0107 te\u017c dodatkowo bluzk\u0119 termoaktywn\u0105 kt\u00f3ra jeszcze lepiej b\u0119dzie ci\u0119 chroni\u0107 przed zimnem. Mo\u017cesz te\u017c zak\u0142ada\u0107 grube rajstopy pod spodnie czy do sukienki. U\u017cywaj te\u017c d\u0142ugie i grube kardigany czy narzutki swetrowe, kt\u00f3r\u0105 s\u0105 ciep\u0142e.<\/p>\n<p>\u00a0<\/p>\n<p>\u00a0<\/p>\n<div class=\"product-box-container\">\r\n<div class=\"one_third \" style=\"\">\r\n<div class=\"product-box\">\r\n<a href=\"https:\/\/pakuten.pl\/28159-66176-bezowy-komplet-sukienka-sweterek-kailin-bezowy.html\" target=\"_blank\">\r\n <img src=\"https:\/\/media.pakuten.pl\/175826-large_default\/bezowy-komplet-sukienka-sweterek-kailin.jpg\" alt=\"Be\u017cowy komplet sukienka + sweterek Kailin\"\/>\r\n<\/a>\r\n<p>\r\n<a href=\"https:\/\/pakuten.pl\/28159-66176-bezowy-komplet-sukienka-sweterek-kailin-bezowy.html\" target=\"_blank\">\r\nBe\u017cowy komplet sukienka + sweterek Kailin\r\n<\/a><\/p>\r\n  <p>Cena: 240,31\u00a0z\u0142<\/p>\r\n<a href=\"https:\/\/pakuten.pl\/28159-66176-bezowy-komplet-sukienka-sweterek-kailin-bezowy.html\" target=\"_blank\" class=\"button\">\r\nZobacz w sklepie\r\n<\/a>\r\n<\/div>\r\n<\/div>\r\n<div class=\"one_third \" style=\"\">\r\n<div class=\"product-box\">\r\n<a href=\"https:\/\/pakuten.pl\/28151-66169-pudrowy-rozpinany-sweterek-o-azurowym-splocie-serhilda-pudrowy.html\" target=\"_blank\">\r\n  <img src=\"https:\/\/media.pakuten.pl\/175792-large_default\/pudrowy-rozpinany-sweterek-o-azurowym-splocie-serhilda.jpg\" alt=\"Pudrowy rozpinany sweterek o a\u017curowym splocie Serhilda\"\/>\r\n<\/a>\r\n<p>\r\n<a href=\"https:\/\/pakuten.pl\/28151-66169-pudrowy-rozpinany-sweterek-o-azurowym-splocie-serhilda-pudrowy.html\" target=\"_blank\">\r\nPudrowy rozpinany sweterek o a\u017curowym splocie Serhilda\r\n<\/a><\/p>\r\n  <p>Cena: 125,99\u00a0z\u0142<\/p>\r\n<a href=\"https:\/\/pakuten.pl\/28151-66169-pudrowy-rozpinany-sweterek-o-azurowym-splocie-serhilda-pudrowy.html\" target=\"_blank\" class=\"button\">\r\nZobacz w sklepie\r\n<\/a>\r\n<\/div>\r\n<\/div>\r\n<div class=\"one_third last \" style=\"\">\r\n<div class=\"product-box\">\r\n<a href=\"https:\/\/pakuten.pl\/28154-66168-bezowy-rozpinany-sweter-z-ozdobnymi-falbankami-arillo-bezowy.html\" target=\"_blank\">\r\n  <img src=\"https:\/\/media.pakuten.pl\/175786-large_default\/bezowy-rozpinany-sweter-z-ozdobnymi-falbankami-arillo.jpg\" alt=\"Be\u017cowy rozpinany sweter z ozdobnymi falbankami Arillo\"\/>\r\n<\/a>\r\n<p>\r\n<a href=\"https:\/\/pakuten.pl\/28154-66168-bezowy-rozpinany-sweter-z-ozdobnymi-falbankami-arillo-bezowy.html\" target=\"_blank\">\r\nBe\u017cowy rozpinany sweter z ozdobnymi falbankami Arillo\r\n<\/a><\/p>\r\n  <p>Cena: 39,99\u00a0z\u0142<\/p>\r\n<a href=\"https:\/\/pakuten.pl\/28154-66168-bezowy-rozpinany-sweter-z-ozdobnymi-falbankami-arillo-bezowy.html\" target=\"_blank\" class=\"button\">\r\nZobacz w sklepie\r\n<\/a>\r\n<\/div>\r\n<\/div><br class=\"clear\"\/>\r\n<\/div>\n<p>\u00a0<\/p>\n<p>\u00a0<\/p>\n<p>\u00a0<\/p>\n<h2><span style=\"color: #ff9900;\">Jak ubiera\u0107 si\u0119 w ch\u0142odniejsze dni ?<\/span><\/h2>\n<p>\u00a0<\/p>\n<p>\u00a0<\/p>\n<p>Jesie\u0144 i zima mog\u0105 by\u0107 s\u0142oneczne ale niestety temperatura mo\u017ce by\u0107 niska wi\u0119c trzeba koniecznie zadba\u0107 o swoje <span style=\"color: #ff9900;\"><a style=\"color: #ff9900;\" href=\"https:\/\/pakuten.pl\/86-ubrania\" target=\"_blank\" rel=\"noopener\">ubrania<\/a><\/span> i wybra\u0107 te najlepsze i najcieplejsze. Napewno warto jest mie\u0107 w tym czasie w swojej szafie kilka wygodnych i ocieplanych komplet\u00f3w dresowych, kt\u00f3re nie do\u015b\u0107 \u017ce s\u0105 wygodne \u00a0to na maxa ciep\u0142e i stylowe, bo stworzysz z nimi w roli g\u0142\u00f3wnej naprawd\u0119 genialne stylizacje. Napewno zapas leggins\u00f3w i d\u0142ugich spodni to drugi element garderoby na ch\u0142odniejsze dni bo z nimi stworzysz wi\u0119kszo\u015b\u0107 udanych styl\u00f3wek. Zadbaj te\u017c o r\u00f3\u017cnego rodzaju grube swetry i bluzy. Mo\u017cesz te\u017c rozejrze\u0107 si\u0119 za bluzkami, kt\u00f3re s\u0105 termoaktywne lub chocia\u017c takie na d\u0142ugi r\u0119kaw i ciep\u0142e skarpetki \ud83d\ude42 Je\u017celi chodzi o styl bardziej domowy to napewno ciep\u0142y szlafrok, skarpetki , kapcie i ciep\u0142a herbata.<\/p>\n<p>\u00a0<\/p>\n<p>\u00a0<\/p>\n<p>\u00a0<\/p>\n<p>\u00a0<\/p>\n<p>\u00a0<\/p>\n<p>\u00a0<\/p>\n<blockquote class=\"instagram-media\" style=\"background: #FFF; border: 0; border-radius: 3px; box-shadow: 0 0 1px 0 rgba(0,0,0,0.5),0 1px 10px 0 rgba(0,0,0,0.15); margin: 1px; max-width: 540px; min-width: 326px; padding: 0; width: calc(100% - 2px);\" data-instgrm-permalink=\"https:\/\/www.instagram.com\/reel\/CiaFTG5oHPr\/?utm_source=ig_embed&amp;utm_campaign=loading\" data-instgrm-version=\"14\">\n<div style=\"padding: 16px;\">\n<div style=\"display: flex; flex-direction: row; align-items: center;\">\n<div style=\"background-color: #f4f4f4; border-radius: 50%; flex-grow: 0; height: 40px; margin-right: 14px; width: 40px;\">\u00a0<\/div>\n<div style=\"display: flex; flex-direction: column; flex-grow: 1; justify-content: center;\">\n<div style=\"background-color: #f4f4f4; border-radius: 4px; flex-grow: 0; height: 14px; margin-bottom: 6px; width: 100px;\">\u00a0<\/div>\n<div style=\"background-color: #f4f4f4; border-radius: 4px; flex-grow: 0; height: 14px; width: 60px;\">\u00a0<\/div>\n<\/div>\n<\/div>\n<div style=\"padding: 19% 0;\">\u00a0<\/div>\n<div style=\"display: block; height: 50px; margin: 0 auto 12px; width: 50px;\">\u00a0<\/div>\n<div style=\"padding-top: 8px;\">\n<div style=\"color: #3897f0; font-family: Arial,sans-serif; font-size: 14px; font-style: normal; font-weight: 550; line-height: 18px;\">Wy\u015bwietl ten post na Instagramie<\/div>\n<\/div>\n<div style=\"padding: 12.5% 0;\">\u00a0<\/div>\n<div style=\"display: flex; flex-direction: row; margin-bottom: 14px; align-items: center;\">\n<div>\n<div style=\"background-color: #f4f4f4; border-radius: 50%; height: 12.5px; width: 12.5px; transform: translateX(0px) translateY(7px);\">\u00a0<\/div>\n<div style=\"background-color: #f4f4f4; height: 12.5px; transform: rotate(-45deg) translateX(3px) translateY(1px); width: 12.5px; flex-grow: 0; margin-right: 14px; margin-left: 2px;\">\u00a0<\/div>\n<div style=\"background-color: #f4f4f4; border-radius: 50%; height: 12.5px; width: 12.5px; transform: translateX(9px) translateY(-18px);\">\u00a0<\/div>\n<\/div>\n<div style=\"margin-left: 8px;\">\n<div style=\"background-color: #f4f4f4; border-radius: 50%; flex-grow: 0; height: 20px; width: 20px;\">\u00a0<\/div>\n<div style=\"width: 0; height: 0; border-top: 2px solid transparent; border-left: 6px solid #f4f4f4; border-bottom: 2px solid transparent; transform: translateX(16px) translateY(-4px) rotate(30deg);\">\u00a0<\/div>\n<\/div>\n<div style=\"margin-left: auto;\">\n<div style=\"width: 0px; border-top: 8px solid #F4F4F4; border-right: 8px solid transparent; transform: translateY(16px);\">\u00a0<\/div>\n<div style=\"background-color: #f4f4f4; flex-grow: 0; height: 12px; width: 16px; transform: translateY(-4px);\">\u00a0<\/div>\n<div style=\"width: 0; height: 0; border-top: 8px solid #F4F4F4; border-left: 8px solid transparent; transform: translateY(-4px) translateX(8px);\">\u00a0<\/div>\n<\/div>\n<\/div>\n<div style=\"display: flex; flex-direction: column; flex-grow: 1; justify-content: center; margin-bottom: 24px;\">\n<div style=\"background-color: #f4f4f4; border-radius: 4px; flex-grow: 0; height: 14px; margin-bottom: 6px; width: 224px;\">\u00a0<\/div>\n<div style=\"background-color: #f4f4f4; border-radius: 4px; flex-grow: 0; height: 14px; width: 144px;\">\u00a0<\/div>\n<\/div>\n<p style=\"color: #c9c8cd; font-family: Arial,sans-serif; font-size: 14px; line-height: 17px; margin-bottom: 0; margin-top: 8px; overflow: hidden; padding: 8px 0 7px; text-align: center; text-overflow: ellipsis; white-space: nowrap;\"><a style=\"color: #c9c8cd; font-family: Arial,sans-serif; font-size: 14px; font-style: normal; font-weight: normal; line-height: 17px; text-decoration: none;\" href=\"https:\/\/www.instagram.com\/reel\/CiaFTG5oHPr\/?utm_source=ig_embed&amp;utm_campaign=loading\" target=\"_blank\" rel=\"noopener\">Post udost\u0119pniony przez Pakuten.pl \u2022 Najmodniejsza odzie\u017c damska (@pakuten.official)<\/a><\/p>\n<\/div>\n<\/blockquote>\n<p><script async=\"\" src=\"\/\/www.instagram.com\/embed.js\"><\/script><\/p>\n<p>\u00a0<\/p>\n<p>\u00a0<\/p>\n<h2><span style=\"color: #ff9900;\">Stylizacje do pracy w ciep\u0142e dni ? Jak si\u0119 wtedy ubra\u0107 ?<\/span><\/h2>\n<p>\u00a0<\/p>\n<p>\u00a0<\/p>\n<p>Je\u017celi jeste\u015b typem zapracowanej i modnie ubieraj\u0105cej si\u0119 kobiety ale w g\u0142\u0119bi jeste\u015b ma\u0142ym zmar\u017ani\u0119tym cz\u0142owiekiem to mamy na to spos\u00f3b. Wszystko zale\u017cy jaki masz rodzaj pracy i czy w twojej firmie wymagany jest dresscode. Je\u017celi pracujesz w biurze i lubisz ubiera\u0107 si\u0119 elegancko to postaw na grube rajstopy, modne spodnie w kant, bluzk\u0119 na kt\u00f3r\u0105 na\u0142o\u017cysz golf i marynark\u0119 a wtedy napewno b\u0119dzie Ci ciep\u0142o. Je\u017celi twoja praca ma inny charakter i \u015bmia\u0142o mo\u017cesz ubiera\u0107 si\u0119 jak tylko Ci si\u0119 podoba to proponujemy wygodny i ciep\u0142y <span style=\"color: #ff9900;\"><a style=\"color: #ff9900;\" href=\"https:\/\/pakuten.pl\/156-komplety-damskie-ze-spodniami\" target=\"_blank\" rel=\"noopener\">komplet dresowy<\/a><\/span> pod kt\u00f3ry tez mo\u017cesz na\u0142o\u017cy\u0107 rajstopy czy koszulk\u0119 termoaktywn\u0105. Fajnym rozwi\u0105zaniem te\u017c s\u0105 ulubione spodnie dresowe, bluzka i d\u0142ugi kardigan. To ty decydujesz jak chcesz si\u0119 ubra\u0107 do pracy, zawsze patrz na pogod\u0119 jaka Cie czeka przez ca\u0142y dzie\u0144 w pracy i dobrze si\u0119 do niej przygotuj.<\/p>\n<p>\u00a0<\/p>\n<p>\u00a0<\/p>\n<p>\u00a0<\/p>\n<p>\u00a0<\/p>\n<p>\u00a0<\/p>\n<blockquote class=\"instagram-media\" style=\"background: #FFF; border: 0; border-radius: 3px; box-shadow: 0 0 1px 0 rgba(0,0,0,0.5),0 1px 10px 0 rgba(0,0,0,0.15); margin: 1px; max-width: 540px; min-width: 326px; padding: 0; width: calc(100% - 2px);\" data-instgrm-permalink=\"https:\/\/www.instagram.com\/p\/CdYljMzsTNm\/?utm_source=ig_embed&amp;utm_campaign=loading\" data-instgrm-version=\"14\">\n<div style=\"padding: 16px;\">\n<div style=\"display: flex; flex-direction: row; align-items: center;\">\n<div style=\"background-color: #f4f4f4; border-radius: 50%; flex-grow: 0; height: 40px; margin-right: 14px; width: 40px;\">\u00a0<\/div>\n<div style=\"display: flex; flex-direction: column; flex-grow: 1; justify-content: center;\">\n<div style=\"background-color: #f4f4f4; border-radius: 4px; flex-grow: 0; height: 14px; margin-bottom: 6px; width: 100px;\">\u00a0<\/div>\n<div style=\"background-color: #f4f4f4; border-radius: 4px; flex-grow: 0; height: 14px; width: 60px;\">\u00a0<\/div>\n<\/div>\n<\/div>\n<div style=\"padding: 19% 0;\">\u00a0<\/div>\n<div style=\"display: block; height: 50px; margin: 0 auto 12px; width: 50px;\">\u00a0<\/div>\n<div style=\"padding-top: 8px;\">\n<div style=\"color: #3897f0; font-family: Arial,sans-serif; font-size: 14px; font-style: normal; font-weight: 550; line-height: 18px;\">Wy\u015bwietl ten post na Instagramie<\/div>\n<\/div>\n<div style=\"padding: 12.5% 0;\">\u00a0<\/div>\n<div style=\"display: flex; flex-direction: row; margin-bottom: 14px; align-items: center;\">\n<div>\n<div style=\"background-color: #f4f4f4; border-radius: 50%; height: 12.5px; width: 12.5px; transform: translateX(0px) translateY(7px);\">\u00a0<\/div>\n<div style=\"background-color: #f4f4f4; height: 12.5px; transform: rotate(-45deg) translateX(3px) translateY(1px); width: 12.5px; flex-grow: 0; margin-right: 14px; margin-left: 2px;\">\u00a0<\/div>\n<div style=\"background-color: #f4f4f4; border-radius: 50%; height: 12.5px; width: 12.5px; transform: translateX(9px) translateY(-18px);\">\u00a0<\/div>\n<\/div>\n<div style=\"margin-left: 8px;\">\n<div style=\"background-color: #f4f4f4; border-radius: 50%; flex-grow: 0; height: 20px; width: 20px;\">\u00a0<\/div>\n<div style=\"width: 0; height: 0; border-top: 2px solid transparent; border-left: 6px solid #f4f4f4; border-bottom: 2px solid transparent; transform: translateX(16px) translateY(-4px) rotate(30deg);\">\u00a0<\/div>\n<\/div>\n<div style=\"margin-left: auto;\">\n<div style=\"width: 0px; border-top: 8px solid #F4F4F4; border-right: 8px solid transparent; transform: translateY(16px);\">\u00a0<\/div>\n<div style=\"background-color: #f4f4f4; flex-grow: 0; height: 12px; width: 16px; transform: translateY(-4px);\">\u00a0<\/div>\n<div style=\"width: 0; height: 0; border-top: 8px solid #F4F4F4; border-left: 8px solid transparent; transform: translateY(-4px) translateX(8px);\">\u00a0<\/div>\n<\/div>\n<\/div>\n<div style=\"display: flex; flex-direction: column; flex-grow: 1; justify-content: center; margin-bottom: 24px;\">\n<div style=\"background-color: #f4f4f4; border-radius: 4px; flex-grow: 0; height: 14px; margin-bottom: 6px; width: 224px;\">\u00a0<\/div>\n<div style=\"background-color: #f4f4f4; border-radius: 4px; flex-grow: 0; height: 14px; width: 144px;\">\u00a0<\/div>\n<\/div>\n<p style=\"color: #c9c8cd; font-family: Arial,sans-serif; font-size: 14px; line-height: 17px; margin-bottom: 0; margin-top: 8px; overflow: hidden; padding: 8px 0 7px; text-align: center; text-overflow: ellipsis; white-space: nowrap;\"><a style=\"color: #c9c8cd; font-family: Arial,sans-serif; font-size: 14px; font-style: normal; font-weight: normal; line-height: 17px; text-decoration: none;\" href=\"https:\/\/www.instagram.com\/p\/CdYljMzsTNm\/?utm_source=ig_embed&amp;utm_campaign=loading\" target=\"_blank\" rel=\"noopener\">Post udost\u0119pniony przez Martyna FASHION LIFESTYL FIT MOM (@by_martinqa)<\/a><\/p>\n<\/div>\n<\/blockquote>\n<p><script async src=\"\/\/www.instagram.com\/embed.js\"><\/script><\/p>\n<p>\u00a0<\/p>\n<p>\u00a0<\/p>\n<p>\u00a0<\/p>\n<p>\u00a0<\/p>\n<h2><span style=\"color: #ff9900;\">Inspirujemy si\u0119 trendami i zagl\u0105damy do szafy na ch\u0142odniejsze dni.<\/span><\/h2>\n<p>\u00a0<\/p>\n<p>\u00a0<\/p>\n<p>Je\u017celi jeste\u015b kobiet\u0105, kt\u00f3ra \u015bledzi najnowsze trendy i lubi wzorowa\u0107 si\u0119 ubraniami podobnymi do tych z czerwonych dywan\u00f3w lub najpopularniejszych pokaz\u00f3w mody to super bo zawsze b\u0119dziesz mia\u0142a wiele ciekawych mo\u017cliwo\u015bci, \u017ceby odwzorowa\u0107 popularne stylizacje z najnowszych kolekcji w\u0142a\u015bnie z twojej szafy. Wygl\u0105da\u0107 modnie to nie znaczy \u017ceby co chwil\u0119 kupowa\u0107 nowe rzeczy, mo\u017cna wygl\u0105da\u0107 \u015bwietnie wykorzystuj\u0105c swoje ubrania z zesz\u0142ych sezon\u00f3w, tylko r\u00f3\u017cnie je \u0142\u0105czy\u0107 i tworzy\u0107 co rusz nowe i ciekawe styl\u00f3wki na ka\u017cdy dzie\u0144.<\/p>\n<p>\u00a0<\/p>\n<p>\u00a0<\/p>\n<div class=\"product-box-container\">\r\n<div class=\"one_third \" style=\"\">\r\n<div class=\"product-box\">\r\n<a href=\"https:\/\/pakuten.pl\/28226-66240-malinowa-maxi-sukienka-ze-stojka-i-rozcieciem-erittia-malinowy.html\" target=\"_blank\">\r\n <img src=\"https:\/\/media.pakuten.pl\/176152-large_default\/malinowa-maxi-sukienka-ze-stojka-i-rozcieciem-erittia.jpg\" alt=\"Malinowa maxi sukienka ze st\u00f3jk\u0105 i rozci\u0119ciem Erittia\"\/>\r\n<\/a>\r\n<p>\r\n<a href=\"https:\/\/pakuten.pl\/28226-66240-malinowa-maxi-sukienka-ze-stojka-i-rozcieciem-erittia-malinowy.html\" target=\"_blank\">\r\nMalinowa maxi sukienka ze st\u00f3jk\u0105 i rozci\u0119ciem Erittia\r\n<\/a><\/p>\r\n  <p>Cena: 71,39\u00a0z\u0142<\/p>\r\n<a href=\"https:\/\/pakuten.pl\/28226-66240-malinowa-maxi-sukienka-ze-stojka-i-rozcieciem-erittia-malinowy.html\" target=\"_blank\" class=\"button\">\r\nZobacz w sklepie\r\n<\/a>\r\n<\/div>\r\n<\/div>\r\n<div class=\"one_third \" style=\"\">\r\n<div class=\"product-box\">\r\n<a href=\"https:\/\/pakuten.pl\/28198-66220-sukienka-przekladana-z-falbanka-patty-brudny-roz-brudny-roz.html\" target=\"_blank\">\r\n  <img src=\"https:\/\/media.pakuten.pl\/176019-large_default\/sukienka-przekladana-z-falbanka-patty-brudny-roz.jpg\" alt=\"Sukienka przek\u0142adana z falbank\u0105 Patty - brudny r\u00f3\u017c\"\/>\r\n<\/a>\r\n<p>\r\n<a href=\"https:\/\/pakuten.pl\/28198-66220-sukienka-przekladana-z-falbanka-patty-brudny-roz-brudny-roz.html\" target=\"_blank\">\r\nSukienka przek\u0142adana z falbank\u0105 Patty - brudny r\u00f3\u017c\r\n<\/a><\/p>\r\n  <p>Cena: 93,31\u00a0z\u0142<\/p>\r\n<a href=\"https:\/\/pakuten.pl\/28198-66220-sukienka-przekladana-z-falbanka-patty-brudny-roz-brudny-roz.html\" target=\"_blank\" class=\"button\">\r\nZobacz w sklepie\r\n<\/a>\r\n<\/div>\r\n<\/div>\r\n<div class=\"one_third last \" style=\"\">\r\n<div class=\"product-box\">\r\n<a href=\"https:\/\/pakuten.pl\/28186-66205-sukienka-z-rozcieciem-darda-butelkowa-zielen-butelkowa-zielen.html\" target=\"_blank\">\r\n  <img src=\"https:\/\/media.pakuten.pl\/175971-large_default\/sukienka-z-rozcieciem-darda-butelkowa-zielen.jpg\" alt=\"Sukienka z rozci\u0119ciem Darda - butelkowa ziele\u0144\"\/>\r\n<\/a>\r\n<p>\r\n<a href=\"https:\/\/pakuten.pl\/28186-66205-sukienka-z-rozcieciem-darda-butelkowa-zielen-butelkowa-zielen.html\" target=\"_blank\">\r\nSukienka z rozci\u0119ciem Darda - butelkowa ziele\u0144\r\n<\/a><\/p>\r\n  <p>Cena: 106,99\u00a0z\u0142<\/p>\r\n<a href=\"https:\/\/pakuten.pl\/28186-66205-sukienka-z-rozcieciem-darda-butelkowa-zielen-butelkowa-zielen.html\" target=\"_blank\" class=\"button\">\r\nZobacz w sklepie\r\n<\/a>\r\n<\/div>\r\n<\/div><br class=\"clear\"\/>\r\n<\/div>\n\n\n<div class=\"kk-star-ratings kksr-auto kksr-align-right kksr-valign-bottom\"\n    data-payload='{&quot;align&quot;:&quot;right&quot;,&quot;id&quot;:&quot;7051&quot;,&quot;slug&quot;:&quot;default&quot;,&quot;valign&quot;:&quot;bottom&quot;,&quot;ignore&quot;:&quot;&quot;,&quot;reference&quot;:&quot;auto&quot;,&quot;class&quot;:&quot;&quot;,&quot;count&quot;:&quot;0&quot;,&quot;legendonly&quot;:&quot;&quot;,&quot;readonly&quot;:&quot;&quot;,&quot;score&quot;:&quot;0&quot;,&quot;starsonly&quot;:&quot;&quot;,&quot;best&quot;:&quot;5&quot;,&quot;gap&quot;:&quot;5&quot;,&quot;greet&quot;:&quot;Rate this post&quot;,&quot;legend&quot;:&quot;0\\\/5 - (0 votes)&quot;,&quot;size&quot;:&quot;24&quot;,&quot;width&quot;:&quot;0&quot;,&quot;_legend&quot;:&quot;{score}\\\/{best} - ({count} {votes})&quot;,&quot;font_factor&quot;:&quot;1.25&quot;}'>\n            \n<div class=\"kksr-stars\">\n    \n<div class=\"kksr-stars-inactive\">\n            <div class=\"kksr-star\" data-star=\"1\" style=\"padding-right: 5px\">\n            \n\n<div class=\"kksr-icon\" style=\"width: 24px; height: 24px;\"><\/div>\n        <\/div>\n            <div class=\"kksr-star\" data-star=\"2\" style=\"padding-right: 5px\">\n            \n\n<div class=\"kksr-icon\" style=\"width: 24px; height: 24px;\"><\/div>\n        <\/div>\n            <div class=\"kksr-star\" data-star=\"3\" style=\"padding-right: 5px\">\n            \n\n<div class=\"kksr-icon\" style=\"width: 24px; height: 24px;\"><\/div>\n        <\/div>\n            <div class=\"kksr-star\" data-star=\"4\" style=\"padding-right: 5px\">\n            \n\n<div class=\"kksr-icon\" style=\"width: 24px; height: 24px;\"><\/div>\n        <\/div>\n            <div class=\"kksr-star\" data-star=\"5\" style=\"padding-right: 5px\">\n            \n\n<div class=\"kksr-icon\" style=\"width: 24px; height: 24px;\"><\/div>\n        <\/div>\n    <\/div>\n    \n<div class=\"kksr-stars-active\" style=\"width: 0px;\">\n            <div class=\"kksr-star\" style=\"padding-right: 5px\">\n            \n\n<div class=\"kksr-icon\" style=\"width: 24px; height: 24px;\"><\/div>\n        <\/div>\n            <div class=\"kksr-star\" style=\"padding-right: 5px\">\n            \n\n<div class=\"kksr-icon\" style=\"width: 24px; height: 24px;\"><\/div>\n        <\/div>\n            <div class=\"kksr-star\" style=\"padding-right: 5px\">\n            \n\n<div class=\"kksr-icon\" style=\"width: 24px; height: 24px;\"><\/div>\n        <\/div>\n            <div class=\"kksr-star\" style=\"padding-right: 5px\">\n            \n\n<div class=\"kksr-icon\" style=\"width: 24px; height: 24px;\"><\/div>\n        <\/div>\n            <div class=\"kksr-star\" style=\"padding-right: 5px\">\n            \n\n<div class=\"kksr-icon\" style=\"width: 24px; height: 24px;\"><\/div>\n        <\/div>\n    <\/div>\n<\/div>\n                \n\n<div class=\"kksr-legend\" style=\"font-size: 19.2px;\">\n            <span class=\"kksr-muted\">Rate this post<\/span>\n    <\/div>\n    <\/div>\n","protected":false},"excerpt":{"rendered":"<p>Wielkimi krokami zbli\u017ca si\u0119 sezon jesienno &#8211; zimowy, dni s\u0105 coraz kr\u00f3tsze coraz cz\u0119\u015bciej temperatura jest ni\u017csza, cz\u0119sto wieje, pada i jest ponuro. Ale nie zawsze tak jest bo jesie\u0144 te\u017c cz\u0119sto jest z\u0142ocista i s\u0142oneczna. Jest nam coraz ch\u0142odniej i nasze ubrania i stylizacje s\u0105 coraz cieplejsze i grubsze. Dzisiaj podpowiemy wam jakie ubrania wybra\u0107 aby uchroni\u0107 si\u0119 przed ch\u0142odem i nie zmarzn\u0105\u0107.<\/p>\n","protected":false},"author":3,"featured_media":7053,"comment_status":"open","ping_status":"open","sticky":false,"template":"","format":"standard","meta":[],"categories":[5],"tags":[],"yoast_head":"<!-- This site is optimized with the Yoast SEO plugin v18.4.1 - https:\/\/yoast.com\/wordpress\/plugins\/seo\/ -->\n<title>Jak ubra\u0107 si\u0119 w ch\u0142odniejsze dni, \u017ceby nie zmarzn\u0105\u0107 - Pakuten blog<\/title>\n<meta name=\"description\" content=\"Wielkimi krokami zbli\u017ca si\u0119 sezon jesienno - zimowy, dni s\u0105 coraz kr\u00f3tsze coraz cz\u0119\u015bciej temperatura jest ni\u017csza, cz\u0119sto wieje, pada i jest ponuro.\" \/>\n<meta name=\"robots\" content=\"index, follow, max-snippet:-1, max-image-preview:large, max-video-preview:-1\" \/>\n<link rel=\"canonical\" href=\"https:\/\/pakuten.pl\/blog\/jak-ubrac-sie-w-chlodniejsze-dni-zeby-nie-zmarznac\/\" \/>\n<meta property=\"og:locale\" content=\"pl_PL\" \/>\n<meta property=\"og:type\" content=\"article\" \/>\n<meta property=\"og:title\" content=\"Jak ubra\u0107 si\u0119 w ch\u0142odniejsze dni, \u017ceby nie zmarzn\u0105\u0107 - Pakuten blog\" \/>\n<meta property=\"og:description\" content=\"Wielkimi krokami zbli\u017ca si\u0119 sezon jesienno - zimowy, dni s\u0105 coraz kr\u00f3tsze coraz cz\u0119\u015bciej temperatura jest ni\u017csza, cz\u0119sto wieje, pada i jest ponuro.\" \/>\n<meta property=\"og:url\" content=\"https:\/\/pakuten.pl\/blog\/jak-ubrac-sie-w-chlodniejsze-dni-zeby-nie-zmarznac\/\" \/>\n<meta property=\"og:site_name\" content=\"Pakuten blog\" \/>\n<meta property=\"article:published_time\" content=\"2022-09-20T11:54:19+00:00\" \/>\n<meta property=\"article:modified_time\" content=\"2022-09-20T11:54:20+00:00\" \/>\n<meta property=\"og:image\" content=\"https:\/\/pakuten.pl\/blog\/wp-content\/uploads\/2022\/09\/jak-ubrac\u0301-sie\u0328-w-chlodniejsze-dni-z\u0307eby-nie-zmarzna\u0328c\u0301.jpg\" \/>\n\t<meta property=\"og:image:width\" content=\"1280\" \/>\n\t<meta property=\"og:image:height\" content=\"853\" \/>\n\t<meta property=\"og:image:type\" content=\"image\/jpeg\" \/>\n<meta name=\"twitter:card\" content=\"summary_large_image\" \/>\n<meta name=\"twitter:label1\" content=\"Napisane przez\" \/>\n\t<meta name=\"twitter:data1\" content=\"Pakuten Girl\" \/>\n\t<meta name=\"twitter:label2\" content=\"Szacowany czas czytania\" \/>\n\t<meta name=\"twitter:data2\" content=\"4 minuty\" \/>\n<script type=\"application\/ld+json\" class=\"yoast-schema-graph\">{\"@context\":\"https:\/\/schema.org\",\"@graph\":[{\"@type\":\"Organization\",\"@id\":\"https:\/\/pakuten.pl\/blog\/#organization\",\"name\":\"Pakuten\",\"url\":\"https:\/\/pakuten.pl\/blog\/\",\"sameAs\":[],\"logo\":{\"@type\":\"ImageObject\",\"@id\":\"https:\/\/pakuten.pl\/blog\/#logo\",\"inLanguage\":\"pl-PL\",\"url\":\"http:\/\/pakuten.pl\/blog\/wp-content\/uploads\/2018\/01\/pakuten_logo.png\",\"contentUrl\":\"http:\/\/pakuten.pl\/blog\/wp-content\/uploads\/2018\/01\/pakuten_logo.png\",\"width\":300,\"height\":120,\"caption\":\"Pakuten\"},\"image\":{\"@id\":\"https:\/\/pakuten.pl\/blog\/#logo\"}},{\"@type\":\"WebSite\",\"@id\":\"https:\/\/pakuten.pl\/blog\/#website\",\"url\":\"https:\/\/pakuten.pl\/blog\/\",\"name\":\"Pakuten blog\",\"description\":\"Blog sklepu internetowego pakuten.pl\",\"publisher\":{\"@id\":\"https:\/\/pakuten.pl\/blog\/#organization\"},\"potentialAction\":[{\"@type\":\"SearchAction\",\"target\":{\"@type\":\"EntryPoint\",\"urlTemplate\":\"https:\/\/pakuten.pl\/blog\/?s={search_term_string}\"},\"query-input\":\"required name=search_term_string\"}],\"inLanguage\":\"pl-PL\"},{\"@type\":\"ImageObject\",\"@id\":\"https:\/\/pakuten.pl\/blog\/jak-ubrac-sie-w-chlodniejsze-dni-zeby-nie-zmarznac\/#primaryimage\",\"inLanguage\":\"pl-PL\",\"url\":\"https:\/\/pakuten.pl\/blog\/wp-content\/uploads\/2022\/09\/jak-ubrac\u0301-sie\u0328-w-chlodniejsze-dni-z\u0307eby-nie-zmarzna\u0328c\u0301.jpg\",\"contentUrl\":\"https:\/\/pakuten.pl\/blog\/wp-content\/uploads\/2022\/09\/jak-ubrac\u0301-sie\u0328-w-chlodniejsze-dni-z\u0307eby-nie-zmarzna\u0328c\u0301.jpg\",\"width\":1280,\"height\":853},{\"@type\":\"WebPage\",\"@id\":\"https:\/\/pakuten.pl\/blog\/jak-ubrac-sie-w-chlodniejsze-dni-zeby-nie-zmarznac\/#webpage\",\"url\":\"https:\/\/pakuten.pl\/blog\/jak-ubrac-sie-w-chlodniejsze-dni-zeby-nie-zmarznac\/\",\"name\":\"Jak ubra\u0107 si\u0119 w ch\u0142odniejsze dni, \u017ceby nie zmarzn\u0105\u0107 - Pakuten blog\",\"isPartOf\":{\"@id\":\"https:\/\/pakuten.pl\/blog\/#website\"},\"primaryImageOfPage\":{\"@id\":\"https:\/\/pakuten.pl\/blog\/jak-ubrac-sie-w-chlodniejsze-dni-zeby-nie-zmarznac\/#primaryimage\"},\"datePublished\":\"2022-09-20T11:54:19+00:00\",\"dateModified\":\"2022-09-20T11:54:20+00:00\",\"description\":\"Wielkimi krokami zbli\u017ca si\u0119 sezon jesienno - zimowy, dni s\u0105 coraz kr\u00f3tsze coraz cz\u0119\u015bciej temperatura jest ni\u017csza, cz\u0119sto wieje, pada i jest ponuro.\",\"breadcrumb\":{\"@id\":\"https:\/\/pakuten.pl\/blog\/jak-ubrac-sie-w-chlodniejsze-dni-zeby-nie-zmarznac\/#breadcrumb\"},\"inLanguage\":\"pl-PL\",\"potentialAction\":[{\"@type\":\"ReadAction\",\"target\":[\"https:\/\/pakuten.pl\/blog\/jak-ubrac-sie-w-chlodniejsze-dni-zeby-nie-zmarznac\/\"]}]},{\"@type\":\"BreadcrumbList\",\"@id\":\"https:\/\/pakuten.pl\/blog\/jak-ubrac-sie-w-chlodniejsze-dni-zeby-nie-zmarznac\/#breadcrumb\",\"itemListElement\":[{\"@type\":\"ListItem\",\"position\":1,\"name\":\"Strona g\u0142\u00f3wna\",\"item\":\"https:\/\/pakuten.pl\/blog\/\"},{\"@type\":\"ListItem\",\"position\":2,\"name\":\"Jak ubra\u0107 si\u0119 w ch\u0142odniejsze dni, \u017ceby nie zmarzn\u0105\u0107\"}]},{\"@type\":\"Article\",\"@id\":\"https:\/\/pakuten.pl\/blog\/jak-ubrac-sie-w-chlodniejsze-dni-zeby-nie-zmarznac\/#article\",\"isPartOf\":{\"@id\":\"https:\/\/pakuten.pl\/blog\/jak-ubrac-sie-w-chlodniejsze-dni-zeby-nie-zmarznac\/#webpage\"},\"author\":{\"@id\":\"https:\/\/pakuten.pl\/blog\/#\/schema\/person\/d7133af30211381a4e4536d088384556\"},\"headline\":\"Jak ubra\u0107 si\u0119 w ch\u0142odniejsze dni, \u017ceby nie zmarzn\u0105\u0107\",\"datePublished\":\"2022-09-20T11:54:19+00:00\",\"dateModified\":\"2022-09-20T11:54:20+00:00\",\"mainEntityOfPage\":{\"@id\":\"https:\/\/pakuten.pl\/blog\/jak-ubrac-sie-w-chlodniejsze-dni-zeby-nie-zmarznac\/#webpage\"},\"wordCount\":712,\"commentCount\":0,\"publisher\":{\"@id\":\"https:\/\/pakuten.pl\/blog\/#organization\"},\"image\":{\"@id\":\"https:\/\/pakuten.pl\/blog\/jak-ubrac-sie-w-chlodniejsze-dni-zeby-nie-zmarznac\/#primaryimage\"},\"thumbnailUrl\":\"https:\/\/pakuten.pl\/blog\/wp-content\/uploads\/2022\/09\/jak-ubrac\u0301-sie\u0328-w-chlodniejsze-dni-z\u0307eby-nie-zmarzna\u0328c\u0301.jpg\",\"articleSection\":[\"Inspirations\"],\"inLanguage\":\"pl-PL\",\"potentialAction\":[{\"@type\":\"CommentAction\",\"name\":\"Comment\",\"target\":[\"https:\/\/pakuten.pl\/blog\/jak-ubrac-sie-w-chlodniejsze-dni-zeby-nie-zmarznac\/#respond\"]}]},{\"@type\":\"Person\",\"@id\":\"https:\/\/pakuten.pl\/blog\/#\/schema\/person\/d7133af30211381a4e4536d088384556\",\"name\":\"Pakuten Girl\",\"image\":{\"@type\":\"ImageObject\",\"@id\":\"https:\/\/pakuten.pl\/blog\/#personlogo\",\"inLanguage\":\"pl-PL\",\"url\":\"https:\/\/secure.gravatar.com\/avatar\/d3df41de2caf92e6cfded9430c2ff352?s=96&d=mm&r=g\",\"contentUrl\":\"https:\/\/secure.gravatar.com\/avatar\/d3df41de2caf92e6cfded9430c2ff352?s=96&d=mm&r=g\",\"caption\":\"Pakuten Girl\"},\"description\":\"Cze\u015b\u0107, nazywam si\u0119 Ola. Kocham Netflixa, sals\u0119, nowo\u015bci kosmetyczne i najnowsze trendy w modzie.\",\"url\":\"https:\/\/pakuten.pl\/blog\/author\/pakuten-girl\/\"}]}<\/script>\n<!-- \/ Yoast SEO plugin. -->","yoast_head_json":{"title":"Jak ubra\u0107 si\u0119 w ch\u0142odniejsze dni, \u017ceby nie zmarzn\u0105\u0107 - Pakuten blog","description":"Wielkimi krokami zbli\u017ca si\u0119 sezon jesienno - zimowy, dni s\u0105 coraz kr\u00f3tsze coraz cz\u0119\u015bciej temperatura jest ni\u017csza, cz\u0119sto wieje, pada i jest ponuro.","robots":{"index":"index","follow":"follow","max-snippet":"max-snippet:-1","max-image-preview":"max-image-preview:large","max-video-preview":"max-video-preview:-1"},"canonical":"https:\/\/pakuten.pl\/blog\/jak-ubrac-sie-w-chlodniejsze-dni-zeby-nie-zmarznac\/","og_locale":"pl_PL","og_type":"article","og_title":"Jak ubra\u0107 si\u0119 w ch\u0142odniejsze dni, \u017ceby nie zmarzn\u0105\u0107 - Pakuten blog","og_description":"Wielkimi krokami zbli\u017ca si\u0119 sezon jesienno - zimowy, dni s\u0105 coraz kr\u00f3tsze coraz cz\u0119\u015bciej temperatura jest ni\u017csza, cz\u0119sto wieje, pada i jest ponuro.","og_url":"https:\/\/pakuten.pl\/blog\/jak-ubrac-sie-w-chlodniejsze-dni-zeby-nie-zmarznac\/","og_site_name":"Pakuten blog","article_published_time":"2022-09-20T11:54:19+00:00","article_modified_time":"2022-09-20T11:54:20+00:00","og_image":[{"width":1280,"height":853,"url":"https:\/\/pakuten.pl\/blog\/wp-content\/uploads\/2022\/09\/jak-ubrac\u0301-sie\u0328-w-chlodniejsze-dni-z\u0307eby-nie-zmarzna\u0328c\u0301.jpg","type":"image\/jpeg"}],"twitter_card":"summary_large_image","twitter_misc":{"Napisane przez":"Pakuten Girl","Szacowany czas czytania":"4 minuty"},"schema":{"@context":"https:\/\/schema.org","@graph":[{"@type":"Organization","@id":"https:\/\/pakuten.pl\/blog\/#organization","name":"Pakuten","url":"https:\/\/pakuten.pl\/blog\/","sameAs":[],"logo":{"@type":"ImageObject","@id":"https:\/\/pakuten.pl\/blog\/#logo","inLanguage":"pl-PL","url":"http:\/\/pakuten.pl\/blog\/wp-content\/uploads\/2018\/01\/pakuten_logo.png","contentUrl":"http:\/\/pakuten.pl\/blog\/wp-content\/uploads\/2018\/01\/pakuten_logo.png","width":300,"height":120,"caption":"Pakuten"},"image":{"@id":"https:\/\/pakuten.pl\/blog\/#logo"}},{"@type":"WebSite","@id":"https:\/\/pakuten.pl\/blog\/#website","url":"https:\/\/pakuten.pl\/blog\/","name":"Pakuten blog","description":"Blog sklepu internetowego pakuten.pl","publisher":{"@id":"https:\/\/pakuten.pl\/blog\/#organization"},"potentialAction":[{"@type":"SearchAction","target":{"@type":"EntryPoint","urlTemplate":"https:\/\/pakuten.pl\/blog\/?s={search_term_string}"},"query-input":"required name=search_term_string"}],"inLanguage":"pl-PL"},{"@type":"ImageObject","@id":"https:\/\/pakuten.pl\/blog\/jak-ubrac-sie-w-chlodniejsze-dni-zeby-nie-zmarznac\/#primaryimage","inLanguage":"pl-PL","url":"https:\/\/pakuten.pl\/blog\/wp-content\/uploads\/2022\/09\/jak-ubrac\u0301-sie\u0328-w-chlodniejsze-dni-z\u0307eby-nie-zmarzna\u0328c\u0301.jpg","contentUrl":"https:\/\/pakuten.pl\/blog\/wp-content\/uploads\/2022\/09\/jak-ubrac\u0301-sie\u0328-w-chlodniejsze-dni-z\u0307eby-nie-zmarzna\u0328c\u0301.jpg","width":1280,"height":853},{"@type":"WebPage","@id":"https:\/\/pakuten.pl\/blog\/jak-ubrac-sie-w-chlodniejsze-dni-zeby-nie-zmarznac\/#webpage","url":"https:\/\/pakuten.pl\/blog\/jak-ubrac-sie-w-chlodniejsze-dni-zeby-nie-zmarznac\/","name":"Jak ubra\u0107 si\u0119 w ch\u0142odniejsze dni, \u017ceby nie zmarzn\u0105\u0107 - Pakuten blog","isPartOf":{"@id":"https:\/\/pakuten.pl\/blog\/#website"},"primaryImageOfPage":{"@id":"https:\/\/pakuten.pl\/blog\/jak-ubrac-sie-w-chlodniejsze-dni-zeby-nie-zmarznac\/#primaryimage"},"datePublished":"2022-09-20T11:54:19+00:00","dateModified":"2022-09-20T11:54:20+00:00","description":"Wielkimi krokami zbli\u017ca si\u0119 sezon jesienno - zimowy, dni s\u0105 coraz kr\u00f3tsze coraz cz\u0119\u015bciej temperatura jest ni\u017csza, cz\u0119sto wieje, pada i jest ponuro.","breadcrumb":{"@id":"https:\/\/pakuten.pl\/blog\/jak-ubrac-sie-w-chlodniejsze-dni-zeby-nie-zmarznac\/#breadcrumb"},"inLanguage":"pl-PL","potentialAction":[{"@type":"ReadAction","target":["https:\/\/pakuten.pl\/blog\/jak-ubrac-sie-w-chlodniejsze-dni-zeby-nie-zmarznac\/"]}]},{"@type":"BreadcrumbList","@id":"https:\/\/pakuten.pl\/blog\/jak-ubrac-sie-w-chlodniejsze-dni-zeby-nie-zmarznac\/#breadcrumb","itemListElement":[{"@type":"ListItem","position":1,"name":"Strona g\u0142\u00f3wna","item":"https:\/\/pakuten.pl\/blog\/"},{"@type":"ListItem","position":2,"name":"Jak ubra\u0107 si\u0119 w ch\u0142odniejsze dni, \u017ceby nie zmarzn\u0105\u0107"}]},{"@type":"Article","@id":"https:\/\/pakuten.pl\/blog\/jak-ubrac-sie-w-chlodniejsze-dni-zeby-nie-zmarznac\/#article","isPartOf":{"@id":"https:\/\/pakuten.pl\/blog\/jak-ubrac-sie-w-chlodniejsze-dni-zeby-nie-zmarznac\/#webpage"},"author":{"@id":"https:\/\/pakuten.pl\/blog\/#\/schema\/person\/d7133af30211381a4e4536d088384556"},"headline":"Jak ubra\u0107 si\u0119 w ch\u0142odniejsze dni, \u017ceby nie zmarzn\u0105\u0107","datePublished":"2022-09-20T11:54:19+00:00","dateModified":"2022-09-20T11:54:20+00:00","mainEntityOfPage":{"@id":"https:\/\/pakuten.pl\/blog\/jak-ubrac-sie-w-chlodniejsze-dni-zeby-nie-zmarznac\/#webpage"},"wordCount":712,"commentCount":0,"publisher":{"@id":"https:\/\/pakuten.pl\/blog\/#organization"},"image":{"@id":"https:\/\/pakuten.pl\/blog\/jak-ubrac-sie-w-chlodniejsze-dni-zeby-nie-zmarznac\/#primaryimage"},"thumbnailUrl":"https:\/\/pakuten.pl\/blog\/wp-content\/uploads\/2022\/09\/jak-ubrac\u0301-sie\u0328-w-chlodniejsze-dni-z\u0307eby-nie-zmarzna\u0328c\u0301.jpg","articleSection":["Inspirations"],"inLanguage":"pl-PL","potentialAction":[{"@type":"CommentAction","name":"Comment","target":["https:\/\/pakuten.pl\/blog\/jak-ubrac-sie-w-chlodniejsze-dni-zeby-nie-zmarznac\/#respond"]}]},{"@type":"Person","@id":"https:\/\/pakuten.pl\/blog\/#\/schema\/person\/d7133af30211381a4e4536d088384556","name":"Pakuten Girl","image":{"@type":"ImageObject","@id":"https:\/\/pakuten.pl\/blog\/#personlogo","inLanguage":"pl-PL","url":"https:\/\/secure.gravatar.com\/avatar\/d3df41de2caf92e6cfded9430c2ff352?s=96&d=mm&r=g","contentUrl":"https:\/\/secure.gravatar.com\/avatar\/d3df41de2caf92e6cfded9430c2ff352?s=96&d=mm&r=g","caption":"Pakuten Girl"},"description":"Cze\u015b\u0107, nazywam si\u0119 Ola. Kocham Netflixa, sals\u0119, nowo\u015bci kosmetyczne i najnowsze trendy w modzie.","url":"https:\/\/pakuten.pl\/blog\/author\/pakuten-girl\/"}]}},"_links":{"self":[{"href":"https:\/\/pakuten.pl\/blog\/wp-json\/wp\/v2\/posts\/7051"}],"collection":[{"href":"https:\/\/pakuten.pl\/blog\/wp-json\/wp\/v2\/posts"}],"about":[{"href":"https:\/\/pakuten.pl\/blog\/wp-json\/wp\/v2\/types\/post"}],"author":[{"embeddable":true,"href":"https:\/\/pakuten.pl\/blog\/wp-json\/wp\/v2\/users\/3"}],"replies":[{"embeddable":true,"href":"https:\/\/pakuten.pl\/blog\/wp-json\/wp\/v2\/comments?post=7051"}],"version-history":[{"count":10,"href":"https:\/\/pakuten.pl\/blog\/wp-json\/wp\/v2\/posts\/7051\/revisions"}],"predecessor-version":[{"id":7067,"href":"https:\/\/pakuten.pl\/blog\/wp-json\/wp\/v2\/posts\/7051\/revisions\/7067"}],"wp:featuredmedia":[{"embeddable":true,"href":"https:\/\/pakuten.pl\/blog\/wp-json\/wp\/v2\/media\/7053"}],"wp:attachment":[{"href":"https:\/\/pakuten.pl\/blog\/wp-json\/wp\/v2\/media?parent=7051"}],"wp:term":[{"taxonomy":"category","embeddable":true,"href":"https:\/\/pakuten.pl\/blog\/wp-json\/wp\/v2\/categories?post=7051"},{"taxonomy":"post_tag","embeddable":true,"href":"https:\/\/pakuten.pl\/blog\/wp-json\/wp\/v2\/tags?post=7051"}],"curies":[{"name":"wp","href":"https:\/\/api.w.org\/{rel}","templated":true}]}}