{"id":7307,"date":"2022-11-17T09:38:00","date_gmt":"2022-11-17T08:38:00","guid":{"rendered":"https:\/\/pakuten.pl\/blog\/?p=7307"},"modified":"2022-11-15T09:40:35","modified_gmt":"2022-11-15T08:40:35","slug":"przeglad-swiatecznych-swetrow-i-dodatkow-idealnych-na-zime","status":"publish","type":"post","link":"https:\/\/pakuten.pl\/blog\/przeglad-swiatecznych-swetrow-i-dodatkow-idealnych-na-zime\/","title":{"rendered":"Przegl\u0105d \u015bwi\u0105tecznych swetr\u00f3w i dodatk\u00f3w idealnych na zim\u0119."},"content":{"rendered":"\n<p><strong>Ju\u017c powoli zbli\u017ca si\u0119 do nas zima, wieczory staja si\u0119 kr\u00f3tsze, poranki coraz ciemniejsze a za oknem coraz zimniej. Zdania o zimie s\u0105 podzielone jedni lubi\u0105 zim\u0119 i nie mog\u0105 si\u0119 jej doczeka\u0107 a inni bardzo nie lubi\u0105 zimna i \u015bniegu i najch\u0119tniej uciekliby do ciep\u0142ych kraj\u00f3w. Ale zawsze mo\u017cna sobie umili\u0107 zim\u0119 przyjemnymi atrakcjami czy ciep\u0142ymi ubraniami w przepi\u0119knych zimowych i \u015bwi\u0105tecznych wzorach i kolorach.<\/strong><\/p>\n<p>\u00a0<\/p>\n<p>\u00a0<\/p>\n<p>\u00a0<\/p>\n<h2><span style=\"color: #ff9900;\">Zima nam nie straszna..<\/span><\/h2>\n<p>\u00a0<\/p>\n<p>\u00a0<\/p>\n<p>Zim\u0119 mo\u017cna polubi\u0107 za jej \u015bliczne dodatki, ozdoby, ubrania i wiele innych, dzi\u015b przedstawimy wam nasz przegl\u0105d \u015bwi\u0105tecznych ubra\u0144 i dodatk\u00f3w, kt\u00f3re zaskakuj\u0105 i s\u0105 mega przyjemne. Je\u017celi szukasz \u015bwi\u0105tecznych swetr\u00f3w czy skarpetek to koniecznie zajrzyj do nas na stron\u0119 internetow\u0105 <span style=\"color: #ff9900;\"><a style=\"color: #ff9900;\" href=\"https:\/\/pakuten.pl\/\" target=\"_blank\" rel=\"noopener\">pakuten.pl<\/a><\/span> i sprawd\u017a jakie nowo\u015bci na ciebie czekaj\u0105. W naszej ofercie pojawi\u0142o si\u0119 wiele propozycji \u015bwi\u0105tecznych swetr\u00f3w, skarpetek czy komplet\u00f3w prezentowych, dla ka\u017cdego co\u015b fajnego.<\/p>\n<p>\u00a0<\/p>\n<p>\u00a0<\/p>\n<div class=\"product-box-container\">\r\n<div class=\"one_third \" style=\"\">\r\n<div class=\"product-box\">\r\n<a href=\"https:\/\/pakuten.pl\/29368-67424-malinowy-swiateczny-sweter-w-ozdobnym-worku-scout-malinowy.html\" target=\"_blank\">\r\n <img src=\"https:\/\/media.pakuten.pl\/181693-large_default\/malinowy-swiateczny-sweter-w-ozdobnym-worku-scout.jpg\" alt=\"Malinowy \u015bwi\u0105teczny sweter w ozdobnym worku Scout\"\/>\r\n<\/a>\r\n<p>\r\n<a href=\"https:\/\/pakuten.pl\/29368-67424-malinowy-swiateczny-sweter-w-ozdobnym-worku-scout-malinowy.html\" target=\"_blank\">\r\nMalinowy \u015bwi\u0105teczny sweter w ozdobnym worku Scout\r\n<\/a><\/p>\r\n  <p>Cena: 29,99\u00a0z\u0142<\/p>\r\n<a href=\"https:\/\/pakuten.pl\/29368-67424-malinowy-swiateczny-sweter-w-ozdobnym-worku-scout-malinowy.html\" target=\"_blank\" class=\"button\">\r\nZobacz w sklepie\r\n<\/a>\r\n<\/div>\r\n<\/div>\r\n<div class=\"one_third \" style=\"\">\r\n<div class=\"product-box\">\r\n<a href=\"https:\/\/pakuten.pl\/29367-67425-zestaw-swiatecznych-skarpet-w-ozdobnym-worku-jaida-wzor-1.html\" target=\"_blank\">\r\n  <img src=\"https:\/\/media.pakuten.pl\/181698-large_default\/zestaw-swiatecznych-skarpet-w-ozdobnym-worku-jaida.jpg\" alt=\"Zestaw \u015bwi\u0105tecznych skarpet w ozdobnym worku Jaida\"\/>\r\n<\/a>\r\n<p>\r\n<a href=\"https:\/\/pakuten.pl\/29367-67425-zestaw-swiatecznych-skarpet-w-ozdobnym-worku-jaida-wzor-1.html\" target=\"_blank\">\r\nZestaw \u015bwi\u0105tecznych skarpet w ozdobnym worku Jaida\r\n<\/a><\/p>\r\n  <p>Cena: 39,99\u00a0z\u0142<\/p>\r\n<a href=\"https:\/\/pakuten.pl\/29367-67425-zestaw-swiatecznych-skarpet-w-ozdobnym-worku-jaida-wzor-1.html\" target=\"_blank\" class=\"button\">\r\nZobacz w sklepie\r\n<\/a>\r\n<\/div>\r\n<\/div>\r\n<div class=\"one_third last \" style=\"\">\r\n<div class=\"product-box\">\r\n<a href=\"https:\/\/pakuten.pl\/29332-67377-grube-swiateczne-skarpety-lucianna-wzor-6-wzor-6.html\" target=\"_blank\">\r\n  <img src=\"https:\/\/media.pakuten.pl\/181504-large_default\/grube-swiateczne-skarpety-lucianna-wzor-6.jpg\" alt=\"Grube \u015bwi\u0105teczne skarpety Lucianna - wz\u00f3r 6\"\/>\r\n<\/a>\r\n<p>\r\n<a href=\"https:\/\/pakuten.pl\/29332-67377-grube-swiateczne-skarpety-lucianna-wzor-6-wzor-6.html\" target=\"_blank\">\r\nGrube \u015bwi\u0105teczne skarpety Lucianna - wz\u00f3r 6\r\n<\/a><\/p>\r\n  <p>Cena: 29,98\u00a0z\u0142<\/p>\r\n<a href=\"https:\/\/pakuten.pl\/29332-67377-grube-swiateczne-skarpety-lucianna-wzor-6-wzor-6.html\" target=\"_blank\" class=\"button\">\r\nZobacz w sklepie\r\n<\/a>\r\n<\/div>\r\n<\/div><br class=\"clear\"\/>\r\n<\/div>\n<p>\u00a0<\/p>\n<p>\u00a0<\/p>\n<p>\u00a0<\/p>\n<h2><span style=\"color: #ff9900;\">\u015awi\u0105teczne swetry tylko na \u015bwi\u0119ta ?<\/span><\/h2>\n<p>\u00a0<\/p>\n<p>\u00a0<\/p>\n<p><span style=\"color: #ff9900;\"><a style=\"color: #ff9900;\" href=\"https:\/\/pakuten.pl\/150-swetry-swiateczne\" target=\"_blank\" rel=\"noopener\">\u015awi\u0105teczne swetry<\/a><\/span> kojarz\u0105 nam si\u0119 w du\u017cej mierze tylko ze \u015bwi\u0119tami i \u015bwietnie do nich pasuj\u0105 ale mo\u017cna je r\u00f3wnie\u017c nosi\u0107 przez okres przed i po \u015bwi\u0105teczny, ich motywy nie zawsze akcentuj\u0105 same \u015bwi\u0119ta ale te\u017c zim\u0119. Takie swetry zazwyczaj s\u0105 ciep\u0142e, przyjemne dla sk\u00f3ry i mega modne. Warto jest mie\u0107 w swojej szafie kilka takich swetr\u00f3w dla siebie, ale te\u017c \u015bwietnie sprawdz\u0105 si\u0119 one jako prezent na \u015bwi\u0119ta czy miko\u0142ajki. taki prezent to zawsze udana opcja, kt\u00f3ra ucieszy.<\/p>\n<p>\u00a0<\/p>\n<p>\u00a0<\/p>\n<div class=\"product-box-container\">\r\n<div class=\"one_third \" style=\"\">\r\n<div class=\"product-box\">\r\n<a href=\"https:\/\/pakuten.pl\/23324-60971-sweterek-ze-swiatecznym-motywem-galen-wzor-1-wzor-1.html\" target=\"_blank\">\r\n <img src=\"https:\/\/media.pakuten.pl\/151832-large_default\/sweterek-ze-swiatecznym-motywem-galen-wzor-1.jpg\" alt=\"Sweterek ze \u015bwi\u0105tecznym motywem Galen - wz\u00f3r 1\"\/>\r\n<\/a>\r\n<p>\r\n<a href=\"https:\/\/pakuten.pl\/23324-60971-sweterek-ze-swiatecznym-motywem-galen-wzor-1-wzor-1.html\" target=\"_blank\">\r\nSweterek ze \u015bwi\u0105tecznym motywem Galen - wz\u00f3r 1\r\n<\/a><\/p>\r\n  <p>Cena: 29,99\u00a0z\u0142<\/p>\r\n<a href=\"https:\/\/pakuten.pl\/23324-60971-sweterek-ze-swiatecznym-motywem-galen-wzor-1-wzor-1.html\" target=\"_blank\" class=\"button\">\r\nZobacz w sklepie\r\n<\/a>\r\n<\/div>\r\n<\/div>\r\n<div class=\"one_third \" style=\"\">\r\n<div class=\"product-box\">\r\n<a href=\"https:\/\/pakuten.pl\/23327-60974-swiateczny-sweterek-domiaa-wzor-1-wzor-1.html\" target=\"_blank\">\r\n  <img src=\"https:\/\/media.pakuten.pl\/151852-large_default\/swiateczny-sweterek-domiaa-wzor-1.jpg\" alt=\"\u015awi\u0105teczny sweterek Domiaa - wz\u00f3r 1\"\/>\r\n<\/a>\r\n<p>\r\n<a href=\"https:\/\/pakuten.pl\/23327-60974-swiateczny-sweterek-domiaa-wzor-1-wzor-1.html\" target=\"_blank\">\r\n\u015awi\u0105teczny sweterek Domiaa - wz\u00f3r 1\r\n<\/a><\/p>\r\n  <p>Cena: 172,64\u00a0z\u0142<\/p>\r\n<a href=\"https:\/\/pakuten.pl\/23327-60974-swiateczny-sweterek-domiaa-wzor-1-wzor-1.html\" target=\"_blank\" class=\"button\">\r\nZobacz w sklepie\r\n<\/a>\r\n<\/div>\r\n<\/div>\r\n<div class=\"one_third last \" style=\"\">\r\n<div class=\"product-box\">\r\n<a href=\"https:\/\/pakuten.pl\/23320-60953-swiateczny-sweterek-z-reniferem-bamiaa-wzor-1-wzor-1.html\" target=\"_blank\">\r\n  <img src=\"https:\/\/media.pakuten.pl\/181193-large_default\/swiateczny-sweterek-z-reniferem-bamiaa-wzor-1.jpg\" alt=\"\u015awi\u0105teczny sweterek z reniferem Bamiaa - wz\u00f3r 1\"\/>\r\n<\/a>\r\n<p>\r\n<a href=\"https:\/\/pakuten.pl\/23320-60953-swiateczny-sweterek-z-reniferem-bamiaa-wzor-1-wzor-1.html\" target=\"_blank\">\r\n\u015awi\u0105teczny sweterek z reniferem Bamiaa - wz\u00f3r 1\r\n<\/a><\/p>\r\n  <p>Cena: 39,99\u00a0z\u0142<\/p>\r\n<a href=\"https:\/\/pakuten.pl\/23320-60953-swiateczny-sweterek-z-reniferem-bamiaa-wzor-1-wzor-1.html\" target=\"_blank\" class=\"button\">\r\nZobacz w sklepie\r\n<\/a>\r\n<\/div>\r\n<\/div><br class=\"clear\"\/>\r\n<\/div>\n<p>\u00a0<\/p>\n<p>\u00a0<\/p>\n<h2>\u00a0<\/h2>\n<h2><span style=\"color: #ff9900;\">Dodatki w formie, skarpet czy pi\u017cam te\u017c \u015bwietnie si\u0119 sprawdzaj\u0105.<\/span><\/h2>\n<p>\u00a0<\/p>\n<p>\u00a0<\/p>\n<p>W naszej ofercie juz mo\u017cna powiedzie\u0107 przed\u015bwi\u0105tecznej znajdziecie r\u00f3wnie\u017c du\u017cy wyb\u00f3r skarpet, pude\u0142ek \u015bwi\u0105tecznych idealnych pod choink\u0119 z zestawem 3 skarpet, swetra lub pi\u017camy i podkolan\u00f3wek. Dla ka\u017cdego co\u015b dobrego, mo\u017cesz taki zestaw lub same skarpetki czy podkolan\u00f3wki sprezentowa\u0107 samej sobie lub bliskiej dla Ciebie osobie na miko\u0142ajki lub pod choink\u0119. Mn\u00f3stwo wzor\u00f3w i kolor\u00f3w do wyboru da Ci pe\u0142ni\u0119 wyboru.<\/p>\n<p>\u00a0<\/p>\n<p>\u00a0<\/p>\n<div class=\"product-box-container\">\r\n<div class=\"one_third \" style=\"\">\r\n<div class=\"product-box\">\r\n<a href=\"https:\/\/pakuten.pl\/29368-67424-malinowy-swiateczny-sweter-w-ozdobnym-worku-scout-malinowy.html\" target=\"_blank\">\r\n <img src=\"https:\/\/media.pakuten.pl\/181693-large_default\/malinowy-swiateczny-sweter-w-ozdobnym-worku-scout.jpg\" alt=\"Malinowy \u015bwi\u0105teczny sweter w ozdobnym worku Scout\"\/>\r\n<\/a>\r\n<p>\r\n<a href=\"https:\/\/pakuten.pl\/29368-67424-malinowy-swiateczny-sweter-w-ozdobnym-worku-scout-malinowy.html\" target=\"_blank\">\r\nMalinowy \u015bwi\u0105teczny sweter w ozdobnym worku Scout\r\n<\/a><\/p>\r\n  <p>Cena: 29,99\u00a0z\u0142<\/p>\r\n<a href=\"https:\/\/pakuten.pl\/29368-67424-malinowy-swiateczny-sweter-w-ozdobnym-worku-scout-malinowy.html\" target=\"_blank\" class=\"button\">\r\nZobacz w sklepie\r\n<\/a>\r\n<\/div>\r\n<\/div>\r\n<div class=\"one_third \" style=\"\">\r\n<div class=\"product-box\">\r\n<a href=\"https:\/\/pakuten.pl\/29352-67408-malinowy-swiateczny-zestaw-prezentowy-pizama-zakolanowki-pudelko-joanaa-malinowy.html\" target=\"_blank\">\r\n  <img src=\"https:\/\/media.pakuten.pl\/181614-large_default\/malinowy-swiateczny-zestaw-prezentowy-pizama-zakolanowki-pudelko-joanaa.jpg\" alt=\"Malinowy \u015bwi\u0105teczny zestaw prezentowy pi\u017cama + zakolan\u00f3wki + pude\u0142ko Joanaa\"\/>\r\n<\/a>\r\n<p>\r\n<a href=\"https:\/\/pakuten.pl\/29352-67408-malinowy-swiateczny-zestaw-prezentowy-pizama-zakolanowki-pudelko-joanaa-malinowy.html\" target=\"_blank\">\r\nMalinowy \u015bwi\u0105teczny zestaw prezentowy pi\u017cama + zakolan\u00f3wki + pude\u0142ko Joanaa\r\n<\/a><\/p>\r\n  <p>Cena: 69,99\u00a0z\u0142<\/p>\r\n<a href=\"https:\/\/pakuten.pl\/29352-67408-malinowy-swiateczny-zestaw-prezentowy-pizama-zakolanowki-pudelko-joanaa-malinowy.html\" target=\"_blank\" class=\"button\">\r\nZobacz w sklepie\r\n<\/a>\r\n<\/div>\r\n<\/div>\r\n<div class=\"one_third last \" style=\"\">\r\n<div class=\"product-box\">\r\n<a href=\"https:\/\/pakuten.pl\/29351-67410-czarny-swiateczny-zestaw-prezentowy-pizama-zakolanowki-pudelko-joanaa-czarny.html\" target=\"_blank\">\r\n  <img src=\"https:\/\/media.pakuten.pl\/181602-large_default\/czarny-swiateczny-zestaw-prezentowy-pizama-zakolanowki-pudelko-joanaa.jpg\" alt=\"Czarny \u015bwi\u0105teczny zestaw prezentowy pi\u017cama + zakolan\u00f3wki + pude\u0142ko Joanaa\"\/>\r\n<\/a>\r\n<p>\r\n<a href=\"https:\/\/pakuten.pl\/29351-67410-czarny-swiateczny-zestaw-prezentowy-pizama-zakolanowki-pudelko-joanaa-czarny.html\" target=\"_blank\">\r\nCzarny \u015bwi\u0105teczny zestaw prezentowy pi\u017cama + zakolan\u00f3wki + pude\u0142ko Joanaa\r\n<\/a><\/p>\r\n  <p>Cena: 54,99\u00a0z\u0142<\/p>\r\n<a href=\"https:\/\/pakuten.pl\/29351-67410-czarny-swiateczny-zestaw-prezentowy-pizama-zakolanowki-pudelko-joanaa-czarny.html\" target=\"_blank\" class=\"button\">\r\nZobacz w sklepie\r\n<\/a>\r\n<\/div>\r\n<\/div><br class=\"clear\"\/>\r\n<\/div>\n<p>\u00a0<\/p>\n<p>\u00a0<\/p>\n<h2>\u00a0<\/h2>\n<h2><span style=\"color: #ff9900;\">A mo\u017ce \u015bwi\u0105teczna po\u015bciel, kt\u00f3r\u0105 za\u0142o\u017cysz w okresie \u015bwi\u0105tecznym ?<\/span><\/h2>\n<p>\u00a0<\/p>\n<p>\u00a0<\/p>\n<p>Jeste\u015b mi\u0142o\u015bniczka \u015bwi\u0105tecznych dodatk\u00f3w, ubra\u0144 i wszystkiego co tylko mo\u017cliwe i zwi\u0105zane jest ze \u015bwi\u0119tami ? W naszym sklepie znajdziesz mn\u00f3stwo takich dodatk\u00f3w do \u015bwi\u0105tecznej stylizacji jak i do spania. Zajrzyj na nasz\u0105 stron\u0119 i zobacz jakie komplety po\u015bcieli mamy w sprzeda\u017cy. Do szcz\u0119\u015bcia brakuje Ci tylko ubra\u0107 po\u015bciel w poszewki, kt\u00f3re wygl\u0105daj\u0105 \u015bwi\u0105tecznie to spraw sobie prezent i kup sobie super komplet po\u015bcieli.<\/p>\n<p>\u00a0<\/p>\n<p>\u00a0<\/p>\n<div class=\"product-box-container\">\r\n<div class=\"one_half \" style=\"\">\r\n<div class=\"product-box\">\r\n<div class=\"product-box-image\">\r\n<a href=\"https:\/\/pakuten.pl\/29306-67362-posciel-swiateczna-160x200-bawelna-satynowa-keroliaa-wzor-2-wzor-2.html\" target=\"_blank\">\r\n<img src=\"https:\/\/media.pakuten.pl\/181411-large_default\/posciel-swiateczna-160x200-bawelna-satynowa-keroliaa-wzor-2.jpg\" alt=\"Po\u015bciel \u015bwi\u0105teczna 160x200 bawe\u0142na satynowa Keroliaa - wz\u00f3r 2\"\/>\r\n<\/a>\r\n<\/div>\r\n<p>\r\n<a href=\"https:\/\/pakuten.pl\/29306-67362-posciel-swiateczna-160x200-bawelna-satynowa-keroliaa-wzor-2-wzor-2.html\" target=\"_blank\">\r\nPo\u015bciel \u015bwi\u0105teczna 160x200 bawe\u0142na satynowa Keroliaa - wz\u00f3r 2\r\n<\/a><\/p>\r\n  <p>Cena: 29,99\u00a0z\u0142<\/p>\r\n<a href=\"https:\/\/pakuten.pl\/29306-67362-posciel-swiateczna-160x200-bawelna-satynowa-keroliaa-wzor-2-wzor-2.html\" target=\"_blank\" class=\"button\">\r\nZobacz w sklepie\r\n<\/a>\r\n<\/div>\r\n<\/div>\r\n<div class=\"one_half last \" style=\"\">\r\n<div class=\"product-box\">\r\n<div class=\"product-box-image\">\r\n<a href=\"https:\/\/pakuten.pl\/29305-67361-posciel-swiateczna-160x200-bawelna-satynowa-keroliaa-wzor-1-wzor-1.html\" target=\"_blank\">\r\n<img src=\"https:\/\/media.pakuten.pl\/181406-large_default\/posciel-swiateczna-160x200-bawelna-satynowa-keroliaa-wzor-1.jpg\"  alt=\"Po\u015bciel \u015bwi\u0105teczna 160x200 bawe\u0142na satynowa Keroliaa - wz\u00f3r 1\"\/>\r\n<\/a>\r\n<\/div>\r\n<a href=\"https:\/\/pakuten.pl\/29305-67361-posciel-swiateczna-160x200-bawelna-satynowa-keroliaa-wzor-1-wzor-1.html\" target=\"_blank\">\r\nPo\u015bciel \u015bwi\u0105teczna 160x200 bawe\u0142na satynowa Keroliaa - wz\u00f3r 1\r\n<\/a>\r\n  <p>Cena: 29,99\u00a0z\u0142<\/p>\r\n<a href=\"https:\/\/pakuten.pl\/29305-67361-posciel-swiateczna-160x200-bawelna-satynowa-keroliaa-wzor-1-wzor-1.html\" target=\"_blank\" class=\"button\">\r\nZobacz w sklepie\r\n<\/a>\r\n<\/div>\r\n<\/div><br class=\"clear\"\/>\r\n<\/div>\n\n\n<div class=\"kk-star-ratings kksr-auto kksr-align-right kksr-valign-bottom\"\n    data-payload='{&quot;align&quot;:&quot;right&quot;,&quot;id&quot;:&quot;7307&quot;,&quot;slug&quot;:&quot;default&quot;,&quot;valign&quot;:&quot;bottom&quot;,&quot;ignore&quot;:&quot;&quot;,&quot;reference&quot;:&quot;auto&quot;,&quot;class&quot;:&quot;&quot;,&quot;count&quot;:&quot;2&quot;,&quot;legendonly&quot;:&quot;&quot;,&quot;readonly&quot;:&quot;&quot;,&quot;score&quot;:&quot;3&quot;,&quot;starsonly&quot;:&quot;&quot;,&quot;best&quot;:&quot;5&quot;,&quot;gap&quot;:&quot;5&quot;,&quot;greet&quot;:&quot;Rate this post&quot;,&quot;legend&quot;:&quot;3\\\/5 - (2 votes)&quot;,&quot;size&quot;:&quot;24&quot;,&quot;width&quot;:&quot;84.5&quot;,&quot;_legend&quot;:&quot;{score}\\\/{best} - ({count} {votes})&quot;,&quot;font_factor&quot;:&quot;1.25&quot;}'>\n            \n<div class=\"kksr-stars\">\n    \n<div class=\"kksr-stars-inactive\">\n            <div class=\"kksr-star\" data-star=\"1\" style=\"padding-right: 5px\">\n            \n\n<div class=\"kksr-icon\" style=\"width: 24px; height: 24px;\"><\/div>\n        <\/div>\n            <div class=\"kksr-star\" data-star=\"2\" style=\"padding-right: 5px\">\n            \n\n<div class=\"kksr-icon\" style=\"width: 24px; height: 24px;\"><\/div>\n        <\/div>\n            <div class=\"kksr-star\" data-star=\"3\" style=\"padding-right: 5px\">\n            \n\n<div class=\"kksr-icon\" style=\"width: 24px; height: 24px;\"><\/div>\n        <\/div>\n            <div class=\"kksr-star\" data-star=\"4\" style=\"padding-right: 5px\">\n            \n\n<div class=\"kksr-icon\" style=\"width: 24px; height: 24px;\"><\/div>\n        <\/div>\n            <div class=\"kksr-star\" data-star=\"5\" style=\"padding-right: 5px\">\n            \n\n<div class=\"kksr-icon\" style=\"width: 24px; height: 24px;\"><\/div>\n        <\/div>\n    <\/div>\n    \n<div class=\"kksr-stars-active\" style=\"width: 84.5px;\">\n            <div class=\"kksr-star\" style=\"padding-right: 5px\">\n            \n\n<div class=\"kksr-icon\" style=\"width: 24px; height: 24px;\"><\/div>\n        <\/div>\n            <div class=\"kksr-star\" style=\"padding-right: 5px\">\n            \n\n<div class=\"kksr-icon\" style=\"width: 24px; height: 24px;\"><\/div>\n        <\/div>\n            <div class=\"kksr-star\" style=\"padding-right: 5px\">\n            \n\n<div class=\"kksr-icon\" style=\"width: 24px; height: 24px;\"><\/div>\n        <\/div>\n            <div class=\"kksr-star\" style=\"padding-right: 5px\">\n            \n\n<div class=\"kksr-icon\" style=\"width: 24px; height: 24px;\"><\/div>\n        <\/div>\n            <div class=\"kksr-star\" style=\"padding-right: 5px\">\n            \n\n<div class=\"kksr-icon\" style=\"width: 24px; height: 24px;\"><\/div>\n        <\/div>\n    <\/div>\n<\/div>\n                \n\n<div class=\"kksr-legend\" style=\"font-size: 19.2px;\">\n            3\/5 - (2 votes)    <\/div>\n    <\/div>\n","protected":false},"excerpt":{"rendered":"<p>Ju\u017c powoli zbli\u017ca si\u0119 do nas zima, wieczory staja si\u0119 kr\u00f3tsze, poranki coraz ciemniejsze a za oknem coraz zimniej. Zdania o zimie s\u0105 podzielone jedni lubi\u0105 zim\u0119 i nie mog\u0105 si\u0119 jej doczeka\u0107 a inni bardzo nie lubi\u0105 zimna i \u015bniegu i najch\u0119tniej uciekliby do ciep\u0142ych kraj\u00f3w. Ale zawsze mo\u017cna sobie umili\u0107 zim\u0119 przyjemnymi atrakcjami czy ciep\u0142ymi ubraniami w przepi\u0119knych zimowych i \u015bwi\u0105tecznych wzorach i kolorach.<\/p>\n","protected":false},"author":3,"featured_media":7311,"comment_status":"open","ping_status":"open","sticky":false,"template":"","format":"standard","meta":[],"categories":[4],"tags":[],"yoast_head":"<!-- This site is optimized with the Yoast SEO plugin v18.4.1 - https:\/\/yoast.com\/wordpress\/plugins\/seo\/ -->\n<title>Przegl\u0105d \u015bwi\u0105tecznych swetr\u00f3w i dodatk\u00f3w idealnych na zim\u0119. - Pakuten blog<\/title>\n<meta name=\"description\" content=\"Ju\u017c powoli zbli\u017ca si\u0119 do nas zima, wieczory staja si\u0119 kr\u00f3tsze, poranki coraz ciemniejsze a za oknem coraz zimniej. Zdania o zimie s\u0105 podzielone jedni lubi\u0105 zim\u0119 i nie mog\u0105 si\u0119 jej doczeka\u0107 a inni bardzo nie lubi\u0105 zimna i \u015bniegu i najch\u0119tniej uciekliby do ciep\u0142ych kraj\u00f3w. Ale zawsze mo\u017cna sobie umili\u0107 zim\u0119 przyjemnymi atrakcjami czy ciep\u0142ymi ubraniami w przepi\u0119knych zimowych i \u015bwi\u0105tecznych wzorach i kolorach.\" \/>\n<meta name=\"robots\" content=\"index, follow, max-snippet:-1, max-image-preview:large, max-video-preview:-1\" \/>\n<link rel=\"canonical\" href=\"https:\/\/pakuten.pl\/blog\/przeglad-swiatecznych-swetrow-i-dodatkow-idealnych-na-zime\/\" \/>\n<meta property=\"og:locale\" content=\"pl_PL\" \/>\n<meta property=\"og:type\" content=\"article\" \/>\n<meta property=\"og:title\" content=\"Przegl\u0105d \u015bwi\u0105tecznych swetr\u00f3w i dodatk\u00f3w idealnych na zim\u0119. - Pakuten blog\" \/>\n<meta property=\"og:description\" content=\"Ju\u017c powoli zbli\u017ca si\u0119 do nas zima, wieczory staja si\u0119 kr\u00f3tsze, poranki coraz ciemniejsze a za oknem coraz zimniej. Zdania o zimie s\u0105 podzielone jedni lubi\u0105 zim\u0119 i nie mog\u0105 si\u0119 jej doczeka\u0107 a inni bardzo nie lubi\u0105 zimna i \u015bniegu i najch\u0119tniej uciekliby do ciep\u0142ych kraj\u00f3w. Ale zawsze mo\u017cna sobie umili\u0107 zim\u0119 przyjemnymi atrakcjami czy ciep\u0142ymi ubraniami w przepi\u0119knych zimowych i \u015bwi\u0105tecznych wzorach i kolorach.\" \/>\n<meta property=\"og:url\" content=\"https:\/\/pakuten.pl\/blog\/przeglad-swiatecznych-swetrow-i-dodatkow-idealnych-na-zime\/\" \/>\n<meta property=\"og:site_name\" content=\"Pakuten blog\" \/>\n<meta property=\"article:published_time\" content=\"2022-11-17T08:38:00+00:00\" \/>\n<meta property=\"article:modified_time\" content=\"2022-11-15T08:40:35+00:00\" \/>\n<meta property=\"og:image\" content=\"https:\/\/pakuten.pl\/blog\/wp-content\/uploads\/2022\/11\/Przegla\u0328d-s\u0301wia\u0328tecznych-swetro\u0301w-i-dodatko\u0301w-idealnych-na-zime\u0328..jpg\" \/>\n\t<meta property=\"og:image:width\" content=\"1280\" \/>\n\t<meta property=\"og:image:height\" content=\"853\" \/>\n\t<meta property=\"og:image:type\" content=\"image\/jpeg\" \/>\n<meta name=\"twitter:card\" content=\"summary_large_image\" \/>\n<meta name=\"twitter:label1\" content=\"Napisane przez\" \/>\n\t<meta name=\"twitter:data1\" content=\"Pakuten Girl\" \/>\n\t<meta name=\"twitter:label2\" content=\"Szacowany czas czytania\" \/>\n\t<meta name=\"twitter:data2\" content=\"3 minuty\" \/>\n<script type=\"application\/ld+json\" class=\"yoast-schema-graph\">{\"@context\":\"https:\/\/schema.org\",\"@graph\":[{\"@type\":\"Organization\",\"@id\":\"https:\/\/pakuten.pl\/blog\/#organization\",\"name\":\"Pakuten\",\"url\":\"https:\/\/pakuten.pl\/blog\/\",\"sameAs\":[],\"logo\":{\"@type\":\"ImageObject\",\"@id\":\"https:\/\/pakuten.pl\/blog\/#logo\",\"inLanguage\":\"pl-PL\",\"url\":\"http:\/\/pakuten.pl\/blog\/wp-content\/uploads\/2018\/01\/pakuten_logo.png\",\"contentUrl\":\"http:\/\/pakuten.pl\/blog\/wp-content\/uploads\/2018\/01\/pakuten_logo.png\",\"width\":300,\"height\":120,\"caption\":\"Pakuten\"},\"image\":{\"@id\":\"https:\/\/pakuten.pl\/blog\/#logo\"}},{\"@type\":\"WebSite\",\"@id\":\"https:\/\/pakuten.pl\/blog\/#website\",\"url\":\"https:\/\/pakuten.pl\/blog\/\",\"name\":\"Pakuten blog\",\"description\":\"Blog sklepu internetowego pakuten.pl\",\"publisher\":{\"@id\":\"https:\/\/pakuten.pl\/blog\/#organization\"},\"potentialAction\":[{\"@type\":\"SearchAction\",\"target\":{\"@type\":\"EntryPoint\",\"urlTemplate\":\"https:\/\/pakuten.pl\/blog\/?s={search_term_string}\"},\"query-input\":\"required name=search_term_string\"}],\"inLanguage\":\"pl-PL\"},{\"@type\":\"ImageObject\",\"@id\":\"https:\/\/pakuten.pl\/blog\/przeglad-swiatecznych-swetrow-i-dodatkow-idealnych-na-zime\/#primaryimage\",\"inLanguage\":\"pl-PL\",\"url\":\"https:\/\/pakuten.pl\/blog\/wp-content\/uploads\/2022\/11\/Przegla\u0328d-s\u0301wia\u0328tecznych-swetro\u0301w-i-dodatko\u0301w-idealnych-na-zime\u0328..jpg\",\"contentUrl\":\"https:\/\/pakuten.pl\/blog\/wp-content\/uploads\/2022\/11\/Przegla\u0328d-s\u0301wia\u0328tecznych-swetro\u0301w-i-dodatko\u0301w-idealnych-na-zime\u0328..jpg\",\"width\":1280,\"height\":853},{\"@type\":\"WebPage\",\"@id\":\"https:\/\/pakuten.pl\/blog\/przeglad-swiatecznych-swetrow-i-dodatkow-idealnych-na-zime\/#webpage\",\"url\":\"https:\/\/pakuten.pl\/blog\/przeglad-swiatecznych-swetrow-i-dodatkow-idealnych-na-zime\/\",\"name\":\"Przegl\u0105d \u015bwi\u0105tecznych swetr\u00f3w i dodatk\u00f3w idealnych na zim\u0119. - Pakuten blog\",\"isPartOf\":{\"@id\":\"https:\/\/pakuten.pl\/blog\/#website\"},\"primaryImageOfPage\":{\"@id\":\"https:\/\/pakuten.pl\/blog\/przeglad-swiatecznych-swetrow-i-dodatkow-idealnych-na-zime\/#primaryimage\"},\"datePublished\":\"2022-11-17T08:38:00+00:00\",\"dateModified\":\"2022-11-15T08:40:35+00:00\",\"description\":\"Ju\u017c powoli zbli\u017ca si\u0119 do nas zima, wieczory staja si\u0119 kr\u00f3tsze, poranki coraz ciemniejsze a za oknem coraz zimniej. Zdania o zimie s\u0105 podzielone jedni lubi\u0105 zim\u0119 i nie mog\u0105 si\u0119 jej doczeka\u0107 a inni bardzo nie lubi\u0105 zimna i \u015bniegu i najch\u0119tniej uciekliby do ciep\u0142ych kraj\u00f3w. Ale zawsze mo\u017cna sobie umili\u0107 zim\u0119 przyjemnymi atrakcjami czy ciep\u0142ymi ubraniami w przepi\u0119knych zimowych i \u015bwi\u0105tecznych wzorach i kolorach.\",\"breadcrumb\":{\"@id\":\"https:\/\/pakuten.pl\/blog\/przeglad-swiatecznych-swetrow-i-dodatkow-idealnych-na-zime\/#breadcrumb\"},\"inLanguage\":\"pl-PL\",\"potentialAction\":[{\"@type\":\"ReadAction\",\"target\":[\"https:\/\/pakuten.pl\/blog\/przeglad-swiatecznych-swetrow-i-dodatkow-idealnych-na-zime\/\"]}]},{\"@type\":\"BreadcrumbList\",\"@id\":\"https:\/\/pakuten.pl\/blog\/przeglad-swiatecznych-swetrow-i-dodatkow-idealnych-na-zime\/#breadcrumb\",\"itemListElement\":[{\"@type\":\"ListItem\",\"position\":1,\"name\":\"Strona g\u0142\u00f3wna\",\"item\":\"https:\/\/pakuten.pl\/blog\/\"},{\"@type\":\"ListItem\",\"position\":2,\"name\":\"Przegl\u0105d \u015bwi\u0105tecznych swetr\u00f3w i dodatk\u00f3w idealnych na zim\u0119.\"}]},{\"@type\":\"Article\",\"@id\":\"https:\/\/pakuten.pl\/blog\/przeglad-swiatecznych-swetrow-i-dodatkow-idealnych-na-zime\/#article\",\"isPartOf\":{\"@id\":\"https:\/\/pakuten.pl\/blog\/przeglad-swiatecznych-swetrow-i-dodatkow-idealnych-na-zime\/#webpage\"},\"author\":{\"@id\":\"https:\/\/pakuten.pl\/blog\/#\/schema\/person\/d7133af30211381a4e4536d088384556\"},\"headline\":\"Przegl\u0105d \u015bwi\u0105tecznych swetr\u00f3w i dodatk\u00f3w idealnych na zim\u0119.\",\"datePublished\":\"2022-11-17T08:38:00+00:00\",\"dateModified\":\"2022-11-15T08:40:35+00:00\",\"mainEntityOfPage\":{\"@id\":\"https:\/\/pakuten.pl\/blog\/przeglad-swiatecznych-swetrow-i-dodatkow-idealnych-na-zime\/#webpage\"},\"wordCount\":499,\"commentCount\":0,\"publisher\":{\"@id\":\"https:\/\/pakuten.pl\/blog\/#organization\"},\"image\":{\"@id\":\"https:\/\/pakuten.pl\/blog\/przeglad-swiatecznych-swetrow-i-dodatkow-idealnych-na-zime\/#primaryimage\"},\"thumbnailUrl\":\"https:\/\/pakuten.pl\/blog\/wp-content\/uploads\/2022\/11\/Przegla\u0328d-s\u0301wia\u0328tecznych-swetro\u0301w-i-dodatko\u0301w-idealnych-na-zime\u0328..jpg\",\"articleSection\":[\"Tips&amp;Tricks\"],\"inLanguage\":\"pl-PL\",\"potentialAction\":[{\"@type\":\"CommentAction\",\"name\":\"Comment\",\"target\":[\"https:\/\/pakuten.pl\/blog\/przeglad-swiatecznych-swetrow-i-dodatkow-idealnych-na-zime\/#respond\"]}]},{\"@type\":\"Person\",\"@id\":\"https:\/\/pakuten.pl\/blog\/#\/schema\/person\/d7133af30211381a4e4536d088384556\",\"name\":\"Pakuten Girl\",\"image\":{\"@type\":\"ImageObject\",\"@id\":\"https:\/\/pakuten.pl\/blog\/#personlogo\",\"inLanguage\":\"pl-PL\",\"url\":\"https:\/\/secure.gravatar.com\/avatar\/d3df41de2caf92e6cfded9430c2ff352?s=96&d=mm&r=g\",\"contentUrl\":\"https:\/\/secure.gravatar.com\/avatar\/d3df41de2caf92e6cfded9430c2ff352?s=96&d=mm&r=g\",\"caption\":\"Pakuten Girl\"},\"description\":\"Cze\u015b\u0107, nazywam si\u0119 Ola. Kocham Netflixa, sals\u0119, nowo\u015bci kosmetyczne i najnowsze trendy w modzie.\",\"url\":\"https:\/\/pakuten.pl\/blog\/author\/pakuten-girl\/\"}]}<\/script>\n<!-- \/ Yoast SEO plugin. -->","yoast_head_json":{"title":"Przegl\u0105d \u015bwi\u0105tecznych swetr\u00f3w i dodatk\u00f3w idealnych na zim\u0119. - Pakuten blog","description":"Ju\u017c powoli zbli\u017ca si\u0119 do nas zima, wieczory staja si\u0119 kr\u00f3tsze, poranki coraz ciemniejsze a za oknem coraz zimniej. Zdania o zimie s\u0105 podzielone jedni lubi\u0105 zim\u0119 i nie mog\u0105 si\u0119 jej doczeka\u0107 a inni bardzo nie lubi\u0105 zimna i \u015bniegu i najch\u0119tniej uciekliby do ciep\u0142ych kraj\u00f3w. Ale zawsze mo\u017cna sobie umili\u0107 zim\u0119 przyjemnymi atrakcjami czy ciep\u0142ymi ubraniami w przepi\u0119knych zimowych i \u015bwi\u0105tecznych wzorach i kolorach.","robots":{"index":"index","follow":"follow","max-snippet":"max-snippet:-1","max-image-preview":"max-image-preview:large","max-video-preview":"max-video-preview:-1"},"canonical":"https:\/\/pakuten.pl\/blog\/przeglad-swiatecznych-swetrow-i-dodatkow-idealnych-na-zime\/","og_locale":"pl_PL","og_type":"article","og_title":"Przegl\u0105d \u015bwi\u0105tecznych swetr\u00f3w i dodatk\u00f3w idealnych na zim\u0119. - Pakuten blog","og_description":"Ju\u017c powoli zbli\u017ca si\u0119 do nas zima, wieczory staja si\u0119 kr\u00f3tsze, poranki coraz ciemniejsze a za oknem coraz zimniej. Zdania o zimie s\u0105 podzielone jedni lubi\u0105 zim\u0119 i nie mog\u0105 si\u0119 jej doczeka\u0107 a inni bardzo nie lubi\u0105 zimna i \u015bniegu i najch\u0119tniej uciekliby do ciep\u0142ych kraj\u00f3w. Ale zawsze mo\u017cna sobie umili\u0107 zim\u0119 przyjemnymi atrakcjami czy ciep\u0142ymi ubraniami w przepi\u0119knych zimowych i \u015bwi\u0105tecznych wzorach i kolorach.","og_url":"https:\/\/pakuten.pl\/blog\/przeglad-swiatecznych-swetrow-i-dodatkow-idealnych-na-zime\/","og_site_name":"Pakuten blog","article_published_time":"2022-11-17T08:38:00+00:00","article_modified_time":"2022-11-15T08:40:35+00:00","og_image":[{"width":1280,"height":853,"url":"https:\/\/pakuten.pl\/blog\/wp-content\/uploads\/2022\/11\/Przegla\u0328d-s\u0301wia\u0328tecznych-swetro\u0301w-i-dodatko\u0301w-idealnych-na-zime\u0328..jpg","type":"image\/jpeg"}],"twitter_card":"summary_large_image","twitter_misc":{"Napisane przez":"Pakuten Girl","Szacowany czas czytania":"3 minuty"},"schema":{"@context":"https:\/\/schema.org","@graph":[{"@type":"Organization","@id":"https:\/\/pakuten.pl\/blog\/#organization","name":"Pakuten","url":"https:\/\/pakuten.pl\/blog\/","sameAs":[],"logo":{"@type":"ImageObject","@id":"https:\/\/pakuten.pl\/blog\/#logo","inLanguage":"pl-PL","url":"http:\/\/pakuten.pl\/blog\/wp-content\/uploads\/2018\/01\/pakuten_logo.png","contentUrl":"http:\/\/pakuten.pl\/blog\/wp-content\/uploads\/2018\/01\/pakuten_logo.png","width":300,"height":120,"caption":"Pakuten"},"image":{"@id":"https:\/\/pakuten.pl\/blog\/#logo"}},{"@type":"WebSite","@id":"https:\/\/pakuten.pl\/blog\/#website","url":"https:\/\/pakuten.pl\/blog\/","name":"Pakuten blog","description":"Blog sklepu internetowego pakuten.pl","publisher":{"@id":"https:\/\/pakuten.pl\/blog\/#organization"},"potentialAction":[{"@type":"SearchAction","target":{"@type":"EntryPoint","urlTemplate":"https:\/\/pakuten.pl\/blog\/?s={search_term_string}"},"query-input":"required name=search_term_string"}],"inLanguage":"pl-PL"},{"@type":"ImageObject","@id":"https:\/\/pakuten.pl\/blog\/przeglad-swiatecznych-swetrow-i-dodatkow-idealnych-na-zime\/#primaryimage","inLanguage":"pl-PL","url":"https:\/\/pakuten.pl\/blog\/wp-content\/uploads\/2022\/11\/Przegla\u0328d-s\u0301wia\u0328tecznych-swetro\u0301w-i-dodatko\u0301w-idealnych-na-zime\u0328..jpg","contentUrl":"https:\/\/pakuten.pl\/blog\/wp-content\/uploads\/2022\/11\/Przegla\u0328d-s\u0301wia\u0328tecznych-swetro\u0301w-i-dodatko\u0301w-idealnych-na-zime\u0328..jpg","width":1280,"height":853},{"@type":"WebPage","@id":"https:\/\/pakuten.pl\/blog\/przeglad-swiatecznych-swetrow-i-dodatkow-idealnych-na-zime\/#webpage","url":"https:\/\/pakuten.pl\/blog\/przeglad-swiatecznych-swetrow-i-dodatkow-idealnych-na-zime\/","name":"Przegl\u0105d \u015bwi\u0105tecznych swetr\u00f3w i dodatk\u00f3w idealnych na zim\u0119. - Pakuten blog","isPartOf":{"@id":"https:\/\/pakuten.pl\/blog\/#website"},"primaryImageOfPage":{"@id":"https:\/\/pakuten.pl\/blog\/przeglad-swiatecznych-swetrow-i-dodatkow-idealnych-na-zime\/#primaryimage"},"datePublished":"2022-11-17T08:38:00+00:00","dateModified":"2022-11-15T08:40:35+00:00","description":"Ju\u017c powoli zbli\u017ca si\u0119 do nas zima, wieczory staja si\u0119 kr\u00f3tsze, poranki coraz ciemniejsze a za oknem coraz zimniej. Zdania o zimie s\u0105 podzielone jedni lubi\u0105 zim\u0119 i nie mog\u0105 si\u0119 jej doczeka\u0107 a inni bardzo nie lubi\u0105 zimna i \u015bniegu i najch\u0119tniej uciekliby do ciep\u0142ych kraj\u00f3w. Ale zawsze mo\u017cna sobie umili\u0107 zim\u0119 przyjemnymi atrakcjami czy ciep\u0142ymi ubraniami w przepi\u0119knych zimowych i \u015bwi\u0105tecznych wzorach i kolorach.","breadcrumb":{"@id":"https:\/\/pakuten.pl\/blog\/przeglad-swiatecznych-swetrow-i-dodatkow-idealnych-na-zime\/#breadcrumb"},"inLanguage":"pl-PL","potentialAction":[{"@type":"ReadAction","target":["https:\/\/pakuten.pl\/blog\/przeglad-swiatecznych-swetrow-i-dodatkow-idealnych-na-zime\/"]}]},{"@type":"BreadcrumbList","@id":"https:\/\/pakuten.pl\/blog\/przeglad-swiatecznych-swetrow-i-dodatkow-idealnych-na-zime\/#breadcrumb","itemListElement":[{"@type":"ListItem","position":1,"name":"Strona g\u0142\u00f3wna","item":"https:\/\/pakuten.pl\/blog\/"},{"@type":"ListItem","position":2,"name":"Przegl\u0105d \u015bwi\u0105tecznych swetr\u00f3w i dodatk\u00f3w idealnych na zim\u0119."}]},{"@type":"Article","@id":"https:\/\/pakuten.pl\/blog\/przeglad-swiatecznych-swetrow-i-dodatkow-idealnych-na-zime\/#article","isPartOf":{"@id":"https:\/\/pakuten.pl\/blog\/przeglad-swiatecznych-swetrow-i-dodatkow-idealnych-na-zime\/#webpage"},"author":{"@id":"https:\/\/pakuten.pl\/blog\/#\/schema\/person\/d7133af30211381a4e4536d088384556"},"headline":"Przegl\u0105d \u015bwi\u0105tecznych swetr\u00f3w i dodatk\u00f3w idealnych na zim\u0119.","datePublished":"2022-11-17T08:38:00+00:00","dateModified":"2022-11-15T08:40:35+00:00","mainEntityOfPage":{"@id":"https:\/\/pakuten.pl\/blog\/przeglad-swiatecznych-swetrow-i-dodatkow-idealnych-na-zime\/#webpage"},"wordCount":499,"commentCount":0,"publisher":{"@id":"https:\/\/pakuten.pl\/blog\/#organization"},"image":{"@id":"https:\/\/pakuten.pl\/blog\/przeglad-swiatecznych-swetrow-i-dodatkow-idealnych-na-zime\/#primaryimage"},"thumbnailUrl":"https:\/\/pakuten.pl\/blog\/wp-content\/uploads\/2022\/11\/Przegla\u0328d-s\u0301wia\u0328tecznych-swetro\u0301w-i-dodatko\u0301w-idealnych-na-zime\u0328..jpg","articleSection":["Tips&amp;Tricks"],"inLanguage":"pl-PL","potentialAction":[{"@type":"CommentAction","name":"Comment","target":["https:\/\/pakuten.pl\/blog\/przeglad-swiatecznych-swetrow-i-dodatkow-idealnych-na-zime\/#respond"]}]},{"@type":"Person","@id":"https:\/\/pakuten.pl\/blog\/#\/schema\/person\/d7133af30211381a4e4536d088384556","name":"Pakuten Girl","image":{"@type":"ImageObject","@id":"https:\/\/pakuten.pl\/blog\/#personlogo","inLanguage":"pl-PL","url":"https:\/\/secure.gravatar.com\/avatar\/d3df41de2caf92e6cfded9430c2ff352?s=96&d=mm&r=g","contentUrl":"https:\/\/secure.gravatar.com\/avatar\/d3df41de2caf92e6cfded9430c2ff352?s=96&d=mm&r=g","caption":"Pakuten Girl"},"description":"Cze\u015b\u0107, nazywam si\u0119 Ola. Kocham Netflixa, sals\u0119, nowo\u015bci kosmetyczne i najnowsze trendy w modzie.","url":"https:\/\/pakuten.pl\/blog\/author\/pakuten-girl\/"}]}},"_links":{"self":[{"href":"https:\/\/pakuten.pl\/blog\/wp-json\/wp\/v2\/posts\/7307"}],"collection":[{"href":"https:\/\/pakuten.pl\/blog\/wp-json\/wp\/v2\/posts"}],"about":[{"href":"https:\/\/pakuten.pl\/blog\/wp-json\/wp\/v2\/types\/post"}],"author":[{"embeddable":true,"href":"https:\/\/pakuten.pl\/blog\/wp-json\/wp\/v2\/users\/3"}],"replies":[{"embeddable":true,"href":"https:\/\/pakuten.pl\/blog\/wp-json\/wp\/v2\/comments?post=7307"}],"version-history":[{"count":3,"href":"https:\/\/pakuten.pl\/blog\/wp-json\/wp\/v2\/posts\/7307\/revisions"}],"predecessor-version":[{"id":7313,"href":"https:\/\/pakuten.pl\/blog\/wp-json\/wp\/v2\/posts\/7307\/revisions\/7313"}],"wp:featuredmedia":[{"embeddable":true,"href":"https:\/\/pakuten.pl\/blog\/wp-json\/wp\/v2\/media\/7311"}],"wp:attachment":[{"href":"https:\/\/pakuten.pl\/blog\/wp-json\/wp\/v2\/media?parent=7307"}],"wp:term":[{"taxonomy":"category","embeddable":true,"href":"https:\/\/pakuten.pl\/blog\/wp-json\/wp\/v2\/categories?post=7307"},{"taxonomy":"post_tag","embeddable":true,"href":"https:\/\/pakuten.pl\/blog\/wp-json\/wp\/v2\/tags?post=7307"}],"curies":[{"name":"wp","href":"https:\/\/api.w.org\/{rel}","templated":true}]}}