{"id":735,"date":"2018-04-30T12:14:49","date_gmt":"2018-04-30T10:14:49","guid":{"rendered":"http:\/\/pakuten.pl\/blog\/?p=735"},"modified":"2021-08-24T12:42:01","modified_gmt":"2021-08-24T10:42:01","slug":"rozswietl-swoja-stylizacje-najmodniejszym-kolorem-tego-roku-jaki-kolor-pasuje-do-zoltego","status":"publish","type":"post","link":"https:\/\/pakuten.pl\/blog\/rozswietl-swoja-stylizacje-najmodniejszym-kolorem-tego-roku-jaki-kolor-pasuje-do-zoltego\/","title":{"rendered":"Roz\u015bwietl swoj\u0105 stylizacj\u0119 najmodniejszym kolorem tego roku! Jaki kolor pasuje do \u017c\u00f3\u0142tego?"},"content":{"rendered":"<p><strong>Wszechobecny r\u00f3\u017c ma powa\u017cn\u0105 konkurencj\u0119. \u017b\u00f3\u0142te dodatki, ale te\u017c odwa\u017cny \u017c\u00f3\u0142ty total look ca\u0142kowicie zdominowa\u0142y szafy wielbicielek mody. W sezonie wiosna-lato b\u0119d\u0105 kr\u00f3lowa\u0107 na ulicach, na Instagramie oraz w szafach stylowych dziewczyn. Zobacz wi\u0119c, jaki kolor pasuje do \u017c\u00f3\u0142tego i jak stworzy\u0107 super modn\u0105 stylizacj\u0119 pe\u0142n\u0105 s\u0142onecznej energii!<\/strong><\/p>\n<p>W tym sezonie \u017caden kolor nie liczy si\u0119 tak bardzo jak hipnotyzuj\u0105ca i magnetyczna \u017c\u00f3\u0142\u0107! Kr\u00f3luje nie tylko nad popularnym odcieniem r\u00f3\u017cu, ale te\u017c nad ch\u0119tnie noszon\u0105 w lecie biel\u0105, a tak\u017ce mocnym fioletem, kt\u00f3ry zosta\u0142 okrzykni\u0119ty kolorem roku 2018. \u017b\u00f3\u0142\u0107 nosimy na kurtkach, sukienkach, spodniach, <a href=\"https:\/\/pakuten.pl\/17-bluzki\" target=\"_blank\" rel=\"noopener\"><span style=\"color: #ff9900;\"><strong>bluzkach<\/strong><\/span><\/a> i na ka\u017cdym innym elemencie garderoby. Nie jeste\u015b pewna, jak wystylizowa\u0107 ten soczysty kolor? Zastanawiasz si\u0119, jakie dodatki do \u017c\u00f3\u0142tej sukienki pasuj\u0105 najlepiej? Zobacz, jak robi\u0105 to gwiazdy i blogerki i znajd\u017a sw\u00f3j ulubiony odcie\u0144 \u017c\u00f3\u0142ci, z kt\u00f3rym nie b\u0119dziesz chcia\u0142a si\u0119 rozsta\u0107!<\/p>\n<blockquote class=\"instagram-media\" style=\"background: #FFF; border: 0; border-radius: 3px; box-shadow: 0 0 1px 0 rgba(0,0,0,0.5),0 1px 10px 0 rgba(0,0,0,0.15); margin: 1px; max-width: 658px; padding: 0; width: calc(100% - 2px);\" data-instgrm-permalink=\"https:\/\/www.instagram.com\/p\/BgZMbhKHQhI\/\" data-instgrm-version=\"8\">\n<div style=\"padding: 8px;\">\n<div style=\"background: #F8F8F8; line-height: 0; margin-top: 40px; padding: 50% 0; text-align: center; width: 100%;\">\n<div style=\"background: url(data:image\/png; base64,ivborw0kggoaaaansuheugaaacwaaaascamaaaapwqozaaaabgdbtueaalgpc\/xhbqaaaafzukdcak7ohokaaaamuexurczmzpf399fx1+bm5mzy9amaaadisurbvdjlvzxbesmgces5\/p8\/t9furvcrmu73jwlzosgsiizurcjo\/ad+eqjjb4hv8bft+idpqocx1wjosbfhh2xssxeiyn3uli\/6mnree07uiwjev8ueowds88ly97kqytlijkktuybbruayvh5wohixmpi5we58ek028czwyuqdlkpg1bkb4nnm+veanfhqn1k4+gpt6ugqcvu2h2ovuif\/gwufyy8owepdyzsa3avcqpvovvzzz2vtnn2wu8qzvjddeto90gsy9mvlqtgysy231mxry6i2ggqjrty0l8fxcxfcbbhwrsyyaaaaaelftksuqmcc); display: block; height: 44px; margin: 0 auto -44px; position: relative; top: -22px; width: 44px;\"><\/div>\n<\/div>\n<p style=\"color: #c9c8cd; font-family: Arial,sans-serif; font-size: 14px; line-height: 17px; margin-bottom: 0; margin-top: 8px; overflow: hidden; padding: 8px 0 7px; text-align: center; text-overflow: ellipsis; white-space: nowrap;\"><a style=\"color: #c9c8cd; font-family: Arial,sans-serif; font-size: 14px; font-style: normal; font-weight: normal; line-height: 17px; text-decoration: none;\" href=\"https:\/\/www.instagram.com\/p\/BgZMbhKHQhI\/\" target=\"_blank\" rel=\"noopener\">Post udost\u0119pniony przez Clothes Circuit (@clothescircuit)<\/a> <time style=\"font-family: Arial,sans-serif; font-size: 14px; line-height: 17px;\" datetime=\"2018-03-16T18:10:29+00:00\">Mar 16, 2018 o 11:10 PDT<\/time><\/p>\n<\/div>\n<\/blockquote>\n<p><script async=\"\" defer=\"\" src=\"\/\/www.instagram.com\/embed.js\"><\/script><\/p>\n<blockquote class=\"instagram-media\" style=\"background: #FFF; border: 0; border-radius: 3px; box-shadow: 0 0 1px 0 rgba(0,0,0,0.5),0 1px 10px 0 rgba(0,0,0,0.15); margin: 1px; max-width: 658px; padding: 0; width: calc(100% - 2px);\" data-instgrm-permalink=\"https:\/\/www.instagram.com\/p\/Bgd_1qwA5u5\/\" data-instgrm-version=\"8\">\n<div style=\"padding: 8px;\">\n<div style=\"background: #F8F8F8; line-height: 0; margin-top: 40px; padding: 62.5% 0; text-align: center; width: 100%;\">\n<div style=\"background: url(data:image\/png; base64,ivborw0kggoaaaansuheugaaacwaaaascamaaaapwqozaaaabgdbtueaalgpc\/xhbqaaaafzukdcak7ohokaaaamuexurczmzpf399fx1+bm5mzy9amaaadisurbvdjlvzxbesmgces5\/p8\/t9furvcrmu73jwlzosgsiizurcjo\/ad+eqjjb4hv8bft+idpqocx1wjosbfhh2xssxeiyn3uli\/6mnree07uiwjev8ueowds88ly97kqytlijkktuybbruayvh5wohixmpi5we58ek028czwyuqdlkpg1bkb4nnm+veanfhqn1k4+gpt6ugqcvu2h2ovuif\/gwufyy8owepdyzsa3avcqpvovvzzz2vtnn2wu8qzvjddeto90gsy9mvlqtgysy231mxry6i2ggqjrty0l8fxcxfcbbhwrsyyaaaaaelftksuqmcc); display: block; height: 44px; margin: 0 auto -44px; position: relative; top: -22px; width: 44px;\"><\/div>\n<\/div>\n<p style=\"color: #c9c8cd; font-family: Arial,sans-serif; font-size: 14px; line-height: 17px; margin-bottom: 0; margin-top: 8px; overflow: hidden; padding: 8px 0 7px; text-align: center; text-overflow: ellipsis; white-space: nowrap;\"><a style=\"color: #c9c8cd; font-family: Arial,sans-serif; font-size: 14px; font-style: normal; font-weight: normal; line-height: 17px; text-decoration: none;\" href=\"https:\/\/www.instagram.com\/p\/Bgd_1qwA5u5\/\" target=\"_blank\" rel=\"noopener\">Post udost\u0119pniony przez Nathaniel Adeyemi (@adeyemistyle)<\/a> <time style=\"font-family: Arial,sans-serif; font-size: 14px; line-height: 17px;\" datetime=\"2018-03-18T14:56:40+00:00\">Mar 18, 2018 o 7:56 PDT<\/time><\/p>\n<\/div>\n<\/blockquote>\n<p><script async=\"\" defer=\"\" src=\"\/\/www.instagram.com\/embed.js\"><\/script><\/p>\n<blockquote class=\"instagram-media\" style=\"background: #FFF; border: 0; border-radius: 3px; box-shadow: 0 0 1px 0 rgba(0,0,0,0.5),0 1px 10px 0 rgba(0,0,0,0.15); margin: 1px; max-width: 658px; padding: 0; width: calc(100% - 2px);\" data-instgrm-permalink=\"https:\/\/www.instagram.com\/p\/Bfq7SqeFjnM\/\" data-instgrm-version=\"8\">\n<div style=\"padding: 8px;\">\n<div style=\"background: #F8F8F8; line-height: 0; margin-top: 40px; padding: 50.0% 0; text-align: center; width: 100%;\">\n<div style=\"background: url(data:image\/png; base64,ivborw0kggoaaaansuheugaaacwaaaascamaaaapwqozaaaabgdbtueaalgpc\/xhbqaaaafzukdcak7ohokaaaamuexurczmzpf399fx1+bm5mzy9amaaadisurbvdjlvzxbesmgces5\/p8\/t9furvcrmu73jwlzosgsiizurcjo\/ad+eqjjb4hv8bft+idpqocx1wjosbfhh2xssxeiyn3uli\/6mnree07uiwjev8ueowds88ly97kqytlijkktuybbruayvh5wohixmpi5we58ek028czwyuqdlkpg1bkb4nnm+veanfhqn1k4+gpt6ugqcvu2h2ovuif\/gwufyy8owepdyzsa3avcqpvovvzzz2vtnn2wu8qzvjddeto90gsy9mvlqtgysy231mxry6i2ggqjrty0l8fxcxfcbbhwrsyyaaaaaelftksuqmcc); display: block; height: 44px; margin: 0 auto -44px; position: relative; top: -22px; width: 44px;\"><\/div>\n<\/div>\n<p style=\"color: #c9c8cd; font-family: Arial,sans-serif; font-size: 14px; line-height: 17px; margin-bottom: 0; margin-top: 8px; overflow: hidden; padding: 8px 0 7px; text-align: center; text-overflow: ellipsis; white-space: nowrap;\"><a style=\"color: #c9c8cd; font-family: Arial,sans-serif; font-size: 14px; font-style: normal; font-weight: normal; line-height: 17px; text-decoration: none;\" href=\"https:\/\/www.instagram.com\/p\/Bfq7SqeFjnM\/\" target=\"_blank\" rel=\"noopener\">Post udost\u0119pniony przez Beyonc\u00e9 (@beyonce)<\/a> <time style=\"font-family: Arial,sans-serif; font-size: 14px; line-height: 17px;\" datetime=\"2018-02-26T18:55:40+00:00\">Lut 26, 2018 o 10:55 PST<\/time><\/p>\n<\/div>\n<\/blockquote>\n<p><script async=\"\" defer=\"\" src=\"\/\/www.instagram.com\/embed.js\"><\/script><\/p>\n<div class=\"product-box-container\">\r\n<div class=\"one_third \" style=\"\">\r\n<div class=\"product-box\">\r\n<div class=\"product-box-image\">\r\n<a href=\"\" target=\"_blank\">\r\n<img src=\"http:\/\/pakuten.pl\/blog\/wp-content\/uploads\/2018\/04\/prosta-\u017c\u00f3\u0142ta-sukienka-z-odkrytymi-ramionami-nowosc.jpg\" alt=\"\"\/>\r\n<\/a>\r\n<\/div>\r\n<p>\r\n<a href=\"\" target=\"_blank\">\r\n\r\n<\/a><\/p>\r\n  <p>Cena: <\/p>\r\n<a href=\"\" target=\"_blank\" class=\"button\">\r\nZobacz w sklepie\r\n<\/a>\r\n<\/div>\r\n<\/div>\r\n<div class=\"one_third \" style=\"\">\r\n<div class=\"product-box\">\r\n<div class=\"product-box-image\">\r\n<a href=\"\" target=\"_blank\">\r\n<img src=\"http:\/\/pakuten.pl\/blog\/wp-content\/uploads\/2018\/04\/modna-\u017c\u00f3\u0142ta-bluzka-oversize-nowosc.jpg\" alt=\"\"\/>\r\n<\/a>\r\n<\/div>\r\n<a href=\"\" target=\"_blank\">\r\n\r\n<\/a>\r\n  <p>Cena: <\/p>\r\n<a href=\"\" target=\"_blank\" class=\"button\">\r\nZobacz w sklepie\r\n<\/a>\r\n<\/div>\r\n<\/div>\r\n<div class=\"one_third last \" style=\"\">\r\n<div class=\"product-box\">\r\n<div class=\"product-box-image\">\r\n<a href=\"https:\/\/pakuten.pl\/221-822-rozkloszowana-nowoczesna-sukienka-bialy.html\" target=\"_blank\">\r\n<img src=\"http:\/\/pakuten.pl\/blog\/wp-content\/uploads\/2018\/04\/rozkloszowana-nowoczesna-\u017c\u00f3\u0142ta-sukienka.jpg\" alt=\"ROZKLOSZOWANA NOWOCZESNA SUKIENKA\"\/>\r\n<\/a>\r\n<\/div>\r\n<a href=\"https:\/\/pakuten.pl\/221-822-rozkloszowana-nowoczesna-sukienka-bialy.html\" target=\"_blank\">\r\nROZKLOSZOWANA NOWOCZESNA SUKIENKA\r\n<\/a>\r\n  <p>Cena: 34,29\u00a0z\u0142<\/p>\r\n<a href=\"https:\/\/pakuten.pl\/221-822-rozkloszowana-nowoczesna-sukienka-bialy.html\" target=\"_blank\" class=\"button\">\r\nZobacz w sklepie\r\n<\/a>\r\n<\/div>\r\n<\/div><br class=\"clear\"\/>\r\n<\/div>\n<h2>Jakie dodatki do \u017c\u00f3\u0142tej sukienki?<\/h2>\n<p>\u017b\u00f3\u0142\u0107 mo\u017ce mie\u0107 wiele twarzy, dlatego nie zniech\u0119caj si\u0119, je\u015bli do tej pory nie znalaz\u0142a\u015b idealnego odcienia dla siebie. W tym roku wyb\u00f3r nie ma ogranicze\u0144! Cytrynowy, limonkowy, musztardowy, kanarkowy, a mo\u017ce zgaszony, jesienny odcie\u0144, idealny dla ciep\u0142ego lub ciemnego typu urody? <a href=\"https:\/\/pakuten.pl\/65-sukienki-codzienne\" target=\"_blank\" rel=\"noopener\"><strong><span style=\"color: #ff9900;\">Sukienka<\/span><\/strong><\/a> w tym kolorze w parze z soczyst\u0105 czerwieni\u0105 potrafi zahipnotyzowa\u0107 ka\u017cd\u0105 spotkan\u0105 osob\u0119! Nie powinno wi\u0119c nikogo dziwi\u0107, \u017ce w\u0142a\u015bnie ten odcie\u0144 wybra\u0142a Rihanna, kt\u00f3ra zdecydowa\u0142a si\u0119 na odwa\u017cny total look w postaci \u017c\u00f3\u0142tej sukienki.<\/p>\n<blockquote class=\"instagram-media\" style=\"background: #FFF; border: 0; border-radius: 3px; box-shadow: 0 0 1px 0 rgba(0,0,0,0.5),0 1px 10px 0 rgba(0,0,0,0.15); margin: 1px; max-width: 658px; padding: 0; width: calc(100% - 2px);\" data-instgrm-permalink=\"https:\/\/www.instagram.com\/p\/BcKvQnqDvT4\/\" data-instgrm-version=\"8\">\n<div style=\"padding: 8px;\">\n<div style=\"background: #F8F8F8; line-height: 0; margin-top: 40px; padding: 33.33333333333333% 0; text-align: center; width: 100%;\">\n<div style=\"background: url(data:image\/png; base64,ivborw0kggoaaaansuheugaaacwaaaascamaaaapwqozaaaabgdbtueaalgpc\/xhbqaaaafzukdcak7ohokaaaamuexurczmzpf399fx1+bm5mzy9amaaadisurbvdjlvzxbesmgces5\/p8\/t9furvcrmu73jwlzosgsiizurcjo\/ad+eqjjb4hv8bft+idpqocx1wjosbfhh2xssxeiyn3uli\/6mnree07uiwjev8ueowds88ly97kqytlijkktuybbruayvh5wohixmpi5we58ek028czwyuqdlkpg1bkb4nnm+veanfhqn1k4+gpt6ugqcvu2h2ovuif\/gwufyy8owepdyzsa3avcqpvovvzzz2vtnn2wu8qzvjddeto90gsy9mvlqtgysy231mxry6i2ggqjrty0l8fxcxfcbbhwrsyyaaaaaelftksuqmcc); display: block; height: 44px; margin: 0 auto -44px; position: relative; top: -22px; width: 44px;\"><\/div>\n<\/div>\n<p style=\"color: #c9c8cd; font-family: Arial,sans-serif; font-size: 14px; line-height: 17px; margin-bottom: 0; margin-top: 8px; overflow: hidden; padding: 8px 0 7px; text-align: center; text-overflow: ellipsis; white-space: nowrap;\"><a style=\"color: #c9c8cd; font-family: Arial,sans-serif; font-size: 14px; font-style: normal; font-weight: normal; line-height: 17px; text-decoration: none;\" href=\"https:\/\/www.instagram.com\/p\/BcKvQnqDvT4\/\" target=\"_blank\" rel=\"noopener\">Post udost\u0119pniony przez badgalriri (@badgalriri)<\/a> <time style=\"font-family: Arial,sans-serif; font-size: 14px; line-height: 17px;\" datetime=\"2017-12-01T17:20:39+00:00\">Gru 1, 2017 o 9:20 PST<\/time><\/p>\n<\/div>\n<\/blockquote>\n<p><script async=\"\" defer=\"\" src=\"\/\/www.instagram.com\/embed.js\"><\/script><\/p>\n<p>Podobn\u0105 tonacj\u0119 wybra\u0142a tak\u017ce Jessica Mercedes, kt\u00f3ra w swojej stylizacji udowadnia, \u017ce \u017c\u00f3\u0142ty kombinezon potrafi by\u0107 klasyczny, elegancki i bardzo kobiecy. Stylowe okulary i wygodne buty to doskona\u0142e uzupe\u0142nienie tego zestawu.<\/p>\n<blockquote class=\"instagram-media\" style=\"background: #FFF; border: 0; border-radius: 3px; box-shadow: 0 0 1px 0 rgba(0,0,0,0.5),0 1px 10px 0 rgba(0,0,0,0.15); margin: 1px; max-width: 658px; padding: 0; width: calc(100% - 2px);\" data-instgrm-permalink=\"https:\/\/www.instagram.com\/p\/BZEZBzSBDUm\/\" data-instgrm-version=\"8\">\n<div style=\"padding: 8px;\">\n<div style=\"background: #F8F8F8; line-height: 0; margin-top: 40px; padding: 62.5% 0; text-align: center; width: 100%;\">\n<div style=\"background: url(data:image\/png; base64,ivborw0kggoaaaansuheugaaacwaaaascamaaaapwqozaaaabgdbtueaalgpc\/xhbqaaaafzukdcak7ohokaaaamuexurczmzpf399fx1+bm5mzy9amaaadisurbvdjlvzxbesmgces5\/p8\/t9furvcrmu73jwlzosgsiizurcjo\/ad+eqjjb4hv8bft+idpqocx1wjosbfhh2xssxeiyn3uli\/6mnree07uiwjev8ueowds88ly97kqytlijkktuybbruayvh5wohixmpi5we58ek028czwyuqdlkpg1bkb4nnm+veanfhqn1k4+gpt6ugqcvu2h2ovuif\/gwufyy8owepdyzsa3avcqpvovvzzz2vtnn2wu8qzvjddeto90gsy9mvlqtgysy231mxry6i2ggqjrty0l8fxcxfcbbhwrsyyaaaaaelftksuqmcc); display: block; height: 44px; margin: 0 auto -44px; position: relative; top: -22px; width: 44px;\"><\/div>\n<\/div>\n<p style=\"color: #c9c8cd; font-family: Arial,sans-serif; font-size: 14px; line-height: 17px; margin-bottom: 0; margin-top: 8px; overflow: hidden; padding: 8px 0 7px; text-align: center; text-overflow: ellipsis; white-space: nowrap;\"><a style=\"color: #c9c8cd; font-family: Arial,sans-serif; font-size: 14px; font-style: normal; font-weight: normal; line-height: 17px; text-decoration: none;\" href=\"https:\/\/www.instagram.com\/p\/BZEZBzSBDUm\/\" target=\"_blank\" rel=\"noopener\">Post udost\u0119pniony przez Jessica Mercedes Kirschner (@jemerced)<\/a> <time style=\"font-family: Arial,sans-serif; font-size: 14px; line-height: 17px;\" datetime=\"2017-09-15T16:36:46+00:00\">Wrz 15, 2017 o 9:36 PDT<\/time><\/p>\n<\/div>\n<\/blockquote>\n<p><script async=\"\" defer=\"\" src=\"\/\/www.instagram.com\/embed.js\"><\/script><\/p>\n<h2>Jaki kolor pasuje do \u017c\u00f3\u0142tego? Sprawd\u017a te po\u0142\u0105czenia!<\/h2>\n<p>Je\u015bli nie boisz si\u0119 kontrastowych zestawie\u0144 i lubisz przyci\u0105ga\u0107 uwag\u0119, postaw na po\u0142\u0105czenie \u017c\u00f3\u0142ci z b\u0142\u0119kitem lub z najmodniejszym kolorem roku, czyli z ultrafioletem. Je\u015bli wolisz delikatniejsze kolory, wybierz zgaszony, ja\u015bniejszy odcie\u0144 \u017c\u00f3\u0142tego i podobn\u0105 tonacj\u0119 innego, dowolnego koloru. Jaki kolor pasuje do \u017c\u00f3\u0142tego? Ka\u017cdy! Je\u015bli tylko dobierzesz go w dobrym odcieniu i odpowiedniej jasno\u015bci. Mo\u017cesz \u0142\u0105czy\u0107 te kolory w stylizacji, ale tak\u017ce i w akcesoriach, a nawet w makija\u017cu.<\/p>\n<blockquote class=\"instagram-media\" style=\"background: #FFF; border: 0; border-radius: 3px; box-shadow: 0 0 1px 0 rgba(0,0,0,0.5),0 1px 10px 0 rgba(0,0,0,0.15); margin: 1px; max-width: 658px; padding: 0; width: calc(100% - 2px);\" data-instgrm-permalink=\"https:\/\/www.instagram.com\/p\/Bc_YJLiBsx9\/\" data-instgrm-version=\"8\">\n<div style=\"padding: 8px;\">\n<div style=\"background: #F8F8F8; line-height: 0; margin-top: 40px; padding: 62.4537037037037% 0; text-align: center; width: 100%;\">\n<div style=\"background: url(data:image\/png; base64,ivborw0kggoaaaansuheugaaacwaaaascamaaaapwqozaaaabgdbtueaalgpc\/xhbqaaaafzukdcak7ohokaaaamuexurczmzpf399fx1+bm5mzy9amaaadisurbvdjlvzxbesmgces5\/p8\/t9furvcrmu73jwlzosgsiizurcjo\/ad+eqjjb4hv8bft+idpqocx1wjosbfhh2xssxeiyn3uli\/6mnree07uiwjev8ueowds88ly97kqytlijkktuybbruayvh5wohixmpi5we58ek028czwyuqdlkpg1bkb4nnm+veanfhqn1k4+gpt6ugqcvu2h2ovuif\/gwufyy8owepdyzsa3avcqpvovvzzz2vtnn2wu8qzvjddeto90gsy9mvlqtgysy231mxry6i2ggqjrty0l8fxcxfcbbhwrsyyaaaaaelftksuqmcc); display: block; height: 44px; margin: 0 auto -44px; position: relative; top: -22px; width: 44px;\"><\/div>\n<\/div>\n<p style=\"color: #c9c8cd; font-family: Arial,sans-serif; font-size: 14px; line-height: 17px; margin-bottom: 0; margin-top: 8px; overflow: hidden; padding: 8px 0 7px; text-align: center; text-overflow: ellipsis; white-space: nowrap;\"><a style=\"color: #c9c8cd; font-family: Arial,sans-serif; font-size: 14px; font-style: normal; font-weight: normal; line-height: 17px; text-decoration: none;\" href=\"https:\/\/www.instagram.com\/p\/Bc_YJLiBsx9\/\" target=\"_blank\" rel=\"noopener\">Post udost\u0119pniony przez Zendaya (@zendaya)<\/a> <time style=\"font-family: Arial,sans-serif; font-size: 14px; line-height: 17px;\" datetime=\"2017-12-22T03:58:24+00:00\">Gru 21, 2017 o 7:58 PST<\/time><\/p>\n<\/div>\n<\/blockquote>\n<p><script async=\"\" defer=\"\" src=\"\/\/www.instagram.com\/embed.js\"><\/script><\/p>\n<h2>Postaw na \u017c\u00f3\u0142te dodatki!<\/h2>\n<p>\u017b\u00f3\u0142te dodatki to doskona\u0142y spos\u00f3b na dodanie sporej dawki energii do Twojej garderoby. \u017b\u00f3\u0142ta torebka, buty, a mo\u017ce paznokcie lub okulary? Nie b\u00f3j si\u0119 szale\u0107 z <a href=\"https:\/\/pakuten.pl\/51-akcesoria\" target=\"_blank\" rel=\"noopener\"><strong><span style=\"color: #ff9900;\">akcesoriami<\/span><\/strong><\/a>, bo to one przecie\u017c buduj\u0105 Tw\u00f3j niepowtarzalny styl! W lecie mo\u017cesz odwa\u017cy\u0107 si\u0119 na wi\u0119cej i wygl\u0105da\u0107 jak modelka na wybiegu u w\u0142oskich projektant\u00f3w. Czasem nie potrzeba wiele. \u017b\u00f3\u0142te dodatki \u015bwietnie sprawdzaj\u0105 si\u0119 r\u00f3wnie\u017c do stonowanych kolor\u00f3w i w magiczny spos\u00f3b o\u017cywiaj\u0105 nawet mocno neutraln\u0105 stylizacj\u0119.<\/p>\n<blockquote class=\"instagram-media\" style=\"background: #FFF; border: 0; border-radius: 3px; box-shadow: 0 0 1px 0 rgba(0,0,0,0.5),0 1px 10px 0 rgba(0,0,0,0.15); margin: 1px; max-width: 658px; padding: 0; width: calc(100% - 2px);\" data-instgrm-permalink=\"https:\/\/www.instagram.com\/p\/Be0p1K8BzS_\/\" data-instgrm-version=\"8\">\n<div style=\"padding: 8px;\">\n<div style=\"background: #F8F8F8; line-height: 0; margin-top: 40px; padding: 62.5% 0; text-align: center; width: 100%;\">\n<div style=\"background: url(data:image\/png; base64,ivborw0kggoaaaansuheugaaacwaaaascamaaaapwqozaaaabgdbtueaalgpc\/xhbqaaaafzukdcak7ohokaaaamuexurczmzpf399fx1+bm5mzy9amaaadisurbvdjlvzxbesmgces5\/p8\/t9furvcrmu73jwlzosgsiizurcjo\/ad+eqjjb4hv8bft+idpqocx1wjosbfhh2xssxeiyn3uli\/6mnree07uiwjev8ueowds88ly97kqytlijkktuybbruayvh5wohixmpi5we58ek028czwyuqdlkpg1bkb4nnm+veanfhqn1k4+gpt6ugqcvu2h2ovuif\/gwufyy8owepdyzsa3avcqpvovvzzz2vtnn2wu8qzvjddeto90gsy9mvlqtgysy231mxry6i2ggqjrty0l8fxcxfcbbhwrsyyaaaaaelftksuqmcc); display: block; height: 44px; margin: 0 auto -44px; position: relative; top: -22px; width: 44px;\"><\/div>\n<\/div>\n<p style=\"color: #c9c8cd; font-family: Arial,sans-serif; font-size: 14px; line-height: 17px; margin-bottom: 0; margin-top: 8px; overflow: hidden; padding: 8px 0 7px; text-align: center; text-overflow: ellipsis; white-space: nowrap;\"><a style=\"color: #c9c8cd; font-family: Arial,sans-serif; font-size: 14px; font-style: normal; font-weight: normal; line-height: 17px; text-decoration: none;\" href=\"https:\/\/www.instagram.com\/p\/Be0p1K8BzS_\/\" target=\"_blank\" rel=\"noopener\">Post udost\u0119pniony przez Giovanna Battaglia Engelbert (@bat_gio)<\/a> <time style=\"font-family: Arial,sans-serif; font-size: 14px; line-height: 17px;\" datetime=\"2018-02-05T17:04:06+00:00\">Lut 5, 2018 o 9:04 PST<\/time><\/p>\n<\/div>\n<\/blockquote>\n<p><script async=\"\" defer=\"\" src=\"\/\/www.instagram.com\/embed.js\"><\/script><\/p>\n<blockquote class=\"instagram-media\" style=\"background: #FFF; border: 0; border-radius: 3px; box-shadow: 0 0 1px 0 rgba(0,0,0,0.5),0 1px 10px 0 rgba(0,0,0,0.15); margin: 1px; max-width: 658px; padding: 0; width: calc(100% - 2px);\" data-instgrm-permalink=\"https:\/\/www.instagram.com\/p\/BgG0zuMBs_N\/\" data-instgrm-version=\"8\">\n<div style=\"padding: 8px;\">\n<div style=\"background: #F8F8F8; line-height: 0; margin-top: 40px; padding: 62.5% 0; text-align: center; width: 100%;\">\n<div style=\"background: url(data:image\/png; base64,ivborw0kggoaaaansuheugaaacwaaaascamaaaapwqozaaaabgdbtueaalgpc\/xhbqaaaafzukdcak7ohokaaaamuexurczmzpf399fx1+bm5mzy9amaaadisurbvdjlvzxbesmgces5\/p8\/t9furvcrmu73jwlzosgsiizurcjo\/ad+eqjjb4hv8bft+idpqocx1wjosbfhh2xssxeiyn3uli\/6mnree07uiwjev8ueowds88ly97kqytlijkktuybbruayvh5wohixmpi5we58ek028czwyuqdlkpg1bkb4nnm+veanfhqn1k4+gpt6ugqcvu2h2ovuif\/gwufyy8owepdyzsa3avcqpvovvzzz2vtnn2wu8qzvjddeto90gsy9mvlqtgysy231mxry6i2ggqjrty0l8fxcxfcbbhwrsyyaaaaaelftksuqmcc); display: block; height: 44px; margin: 0 auto -44px; position: relative; top: -22px; width: 44px;\"><\/div>\n<\/div>\n<p style=\"color: #c9c8cd; font-family: Arial,sans-serif; font-size: 14px; line-height: 17px; margin-bottom: 0; margin-top: 8px; overflow: hidden; padding: 8px 0 7px; text-align: center; text-overflow: ellipsis; white-space: nowrap;\"><a style=\"color: #c9c8cd; font-family: Arial,sans-serif; font-size: 14px; font-style: normal; font-weight: normal; line-height: 17px; text-decoration: none;\" href=\"https:\/\/www.instagram.com\/p\/BgG0zuMBs_N\/\" target=\"_blank\" rel=\"noopener\">Post udost\u0119pniony przez Tamara Gonzalez Perea ? (@macademiangirl)<\/a> <time style=\"font-family: Arial,sans-serif; font-size: 14px; line-height: 17px;\" datetime=\"2018-03-09T14:57:45+00:00\">Mar 9, 2018 o 6:57 PST<\/time><\/p>\n<\/div>\n<\/blockquote>\n<p><script async=\"\" defer=\"\" src=\"\/\/www.instagram.com\/embed.js\"><\/script><\/p>\n<blockquote class=\"instagram-media\" style=\"background: #FFF; border: 0; border-radius: 3px; box-shadow: 0 0 1px 0 rgba(0,0,0,0.5),0 1px 10px 0 rgba(0,0,0,0.15); margin: 1px; max-width: 658px; padding: 0; width: calc(100% - 2px);\" data-instgrm-permalink=\"https:\/\/www.instagram.com\/p\/BeN7fEsng6O\/\" data-instgrm-version=\"8\">\n<div style=\"padding: 8px;\">\n<div style=\"background: #F8F8F8; line-height: 0; margin-top: 40px; padding: 62.5% 0; text-align: center; width: 100%;\">\n<div style=\"background: url(data:image\/png; base64,ivborw0kggoaaaansuheugaaacwaaaascamaaaapwqozaaaabgdbtueaalgpc\/xhbqaaaafzukdcak7ohokaaaamuexurczmzpf399fx1+bm5mzy9amaaadisurbvdjlvzxbesmgces5\/p8\/t9furvcrmu73jwlzosgsiizurcjo\/ad+eqjjb4hv8bft+idpqocx1wjosbfhh2xssxeiyn3uli\/6mnree07uiwjev8ueowds88ly97kqytlijkktuybbruayvh5wohixmpi5we58ek028czwyuqdlkpg1bkb4nnm+veanfhqn1k4+gpt6ugqcvu2h2ovuif\/gwufyy8owepdyzsa3avcqpvovvzzz2vtnn2wu8qzvjddeto90gsy9mvlqtgysy231mxry6i2ggqjrty0l8fxcxfcbbhwrsyyaaaaaelftksuqmcc); display: block; height: 44px; margin: 0 auto -44px; position: relative; top: -22px; width: 44px;\"><\/div>\n<\/div>\n<p style=\"color: #c9c8cd; font-family: Arial,sans-serif; font-size: 14px; line-height: 17px; margin-bottom: 0; margin-top: 8px; overflow: hidden; padding: 8px 0 7px; text-align: center; text-overflow: ellipsis; white-space: nowrap;\"><a style=\"color: #c9c8cd; font-family: Arial,sans-serif; font-size: 14px; font-style: normal; font-weight: normal; line-height: 17px; text-decoration: none;\" href=\"https:\/\/www.instagram.com\/p\/BeN7fEsng6O\/\" target=\"_blank\" rel=\"noopener\">Post udost\u0119pniony przez Tamara Gonzalez Perea ? (@macademiangirl)<\/a> <time style=\"font-family: Arial,sans-serif; font-size: 14px; line-height: 17px;\" datetime=\"2018-01-21T16:07:59+00:00\">Sty 21, 2018 o 8:07 PST<\/time><\/p>\n<\/div>\n<\/blockquote>\n<p><script async=\"\" defer=\"\" src=\"\/\/www.instagram.com\/embed.js\"><\/script><\/p>\n\n\n<div class=\"kk-star-ratings kksr-auto kksr-align-right kksr-valign-bottom\"\n    data-payload='{&quot;align&quot;:&quot;right&quot;,&quot;id&quot;:&quot;735&quot;,&quot;slug&quot;:&quot;default&quot;,&quot;valign&quot;:&quot;bottom&quot;,&quot;ignore&quot;:&quot;&quot;,&quot;reference&quot;:&quot;auto&quot;,&quot;class&quot;:&quot;&quot;,&quot;count&quot;:&quot;31&quot;,&quot;legendonly&quot;:&quot;&quot;,&quot;readonly&quot;:&quot;&quot;,&quot;score&quot;:&quot;1.9&quot;,&quot;starsonly&quot;:&quot;&quot;,&quot;best&quot;:&quot;5&quot;,&quot;gap&quot;:&quot;5&quot;,&quot;greet&quot;:&quot;Rate this post&quot;,&quot;legend&quot;:&quot;1.9\\\/5 - (31 votes)&quot;,&quot;size&quot;:&quot;24&quot;,&quot;width&quot;:&quot;52.6&quot;,&quot;_legend&quot;:&quot;{score}\\\/{best} - ({count} {votes})&quot;,&quot;font_factor&quot;:&quot;1.25&quot;}'>\n            \n<div class=\"kksr-stars\">\n    \n<div class=\"kksr-stars-inactive\">\n            <div class=\"kksr-star\" data-star=\"1\" style=\"padding-right: 5px\">\n            \n\n<div class=\"kksr-icon\" style=\"width: 24px; height: 24px;\"><\/div>\n        <\/div>\n            <div class=\"kksr-star\" data-star=\"2\" style=\"padding-right: 5px\">\n            \n\n<div class=\"kksr-icon\" style=\"width: 24px; height: 24px;\"><\/div>\n        <\/div>\n            <div class=\"kksr-star\" data-star=\"3\" style=\"padding-right: 5px\">\n            \n\n<div class=\"kksr-icon\" style=\"width: 24px; height: 24px;\"><\/div>\n        <\/div>\n            <div class=\"kksr-star\" data-star=\"4\" style=\"padding-right: 5px\">\n            \n\n<div class=\"kksr-icon\" style=\"width: 24px; height: 24px;\"><\/div>\n        <\/div>\n            <div class=\"kksr-star\" data-star=\"5\" style=\"padding-right: 5px\">\n            \n\n<div class=\"kksr-icon\" style=\"width: 24px; height: 24px;\"><\/div>\n        <\/div>\n    <\/div>\n    \n<div class=\"kksr-stars-active\" style=\"width: 52.6px;\">\n            <div class=\"kksr-star\" style=\"padding-right: 5px\">\n            \n\n<div class=\"kksr-icon\" style=\"width: 24px; height: 24px;\"><\/div>\n        <\/div>\n            <div class=\"kksr-star\" style=\"padding-right: 5px\">\n            \n\n<div class=\"kksr-icon\" style=\"width: 24px; height: 24px;\"><\/div>\n        <\/div>\n            <div class=\"kksr-star\" style=\"padding-right: 5px\">\n            \n\n<div class=\"kksr-icon\" style=\"width: 24px; height: 24px;\"><\/div>\n        <\/div>\n            <div class=\"kksr-star\" style=\"padding-right: 5px\">\n            \n\n<div class=\"kksr-icon\" style=\"width: 24px; height: 24px;\"><\/div>\n        <\/div>\n            <div class=\"kksr-star\" style=\"padding-right: 5px\">\n            \n\n<div class=\"kksr-icon\" style=\"width: 24px; height: 24px;\"><\/div>\n        <\/div>\n    <\/div>\n<\/div>\n                \n\n<div class=\"kksr-legend\" style=\"font-size: 19.2px;\">\n            1.9\/5 - (31 votes)    <\/div>\n    <\/div>\n","protected":false},"excerpt":{"rendered":"<p>Wszechobecny r\u00f3\u017c ma powa\u017cn\u0105 konkurencj\u0119. \u017b\u00f3\u0142te dodatki, ale te\u017c odwa\u017cny \u017c\u00f3\u0142ty total look ca\u0142kowicie zdominowa\u0142y szafy wielbicielek mody. W sezonie wiosna-lato b\u0119d\u0105 kr\u00f3lowa\u0107 na ulicach, na Instagramie oraz w szafach stylowych dziewczyn. Zobacz wi\u0119c, jaki kolor pasuje do \u017c\u00f3\u0142tego i jak stworzy\u0107 super modn\u0105 stylizacj\u0119 pe\u0142n\u0105 s\u0142onecznej energii!<\/p>\n","protected":false},"author":2,"featured_media":741,"comment_status":"open","ping_status":"open","sticky":false,"template":"","format":"standard","meta":[],"categories":[4],"tags":[64,7,69],"yoast_head":"<!-- This site is optimized with the Yoast SEO plugin v18.4.1 - https:\/\/yoast.com\/wordpress\/plugins\/seo\/ -->\n<title>Roz\u015bwietl swoj\u0105 stylizacj\u0119 najmodniejszym kolorem tego roku! Jaki kolor pasuje do \u017c\u00f3\u0142tego? - Pakuten blog<\/title>\n<meta name=\"robots\" content=\"index, follow, max-snippet:-1, max-image-preview:large, max-video-preview:-1\" \/>\n<link rel=\"canonical\" href=\"https:\/\/pakuten.pl\/blog\/rozswietl-swoja-stylizacje-najmodniejszym-kolorem-tego-roku-jaki-kolor-pasuje-do-zoltego\/\" \/>\n<meta property=\"og:locale\" content=\"pl_PL\" \/>\n<meta property=\"og:type\" content=\"article\" \/>\n<meta property=\"og:title\" content=\"Roz\u015bwietl swoj\u0105 stylizacj\u0119 najmodniejszym kolorem tego roku! Jaki kolor pasuje do \u017c\u00f3\u0142tego? - Pakuten blog\" \/>\n<meta property=\"og:description\" content=\"Wszechobecny r\u00f3\u017c ma powa\u017cn\u0105 konkurencj\u0119. \u017b\u00f3\u0142te dodatki, ale te\u017c odwa\u017cny \u017c\u00f3\u0142ty total look ca\u0142kowicie zdominowa\u0142y szafy wielbicielek mody. W sezonie wiosna-lato b\u0119d\u0105 kr\u00f3lowa\u0107 na ulicach, na Instagramie oraz w szafach stylowych dziewczyn. Zobacz wi\u0119c, jaki kolor pasuje do \u017c\u00f3\u0142tego i jak stworzy\u0107 super modn\u0105 stylizacj\u0119 pe\u0142n\u0105 s\u0142onecznej energii!\" \/>\n<meta property=\"og:url\" content=\"https:\/\/pakuten.pl\/blog\/rozswietl-swoja-stylizacje-najmodniejszym-kolorem-tego-roku-jaki-kolor-pasuje-do-zoltego\/\" \/>\n<meta property=\"og:site_name\" content=\"Pakuten blog\" \/>\n<meta property=\"article:published_time\" content=\"2018-04-30T10:14:49+00:00\" \/>\n<meta property=\"article:modified_time\" content=\"2021-08-24T10:42:01+00:00\" \/>\n<meta property=\"og:image\" content=\"https:\/\/pakuten.pl\/blog\/wp-content\/uploads\/2018\/04\/Roz\u015bwietl-swoj\u0105-stylizacj\u0119-najmodniejszym-kolorem-tego-roku-Jaki-kolor-pasuje-do-\u017c\u00f3\u0142tego.jpeg\" \/>\n\t<meta property=\"og:image:width\" content=\"1280\" \/>\n\t<meta property=\"og:image:height\" content=\"853\" \/>\n\t<meta property=\"og:image:type\" content=\"image\/jpeg\" \/>\n<meta name=\"twitter:card\" content=\"summary_large_image\" \/>\n<meta name=\"twitter:label1\" content=\"Napisane przez\" \/>\n\t<meta name=\"twitter:data1\" content=\"Malwina\" \/>\n\t<meta name=\"twitter:label2\" content=\"Szacowany czas czytania\" \/>\n\t<meta name=\"twitter:data2\" content=\"3 minuty\" \/>\n<script type=\"application\/ld+json\" class=\"yoast-schema-graph\">{\"@context\":\"https:\/\/schema.org\",\"@graph\":[{\"@type\":\"Organization\",\"@id\":\"https:\/\/pakuten.pl\/blog\/#organization\",\"name\":\"Pakuten\",\"url\":\"https:\/\/pakuten.pl\/blog\/\",\"sameAs\":[],\"logo\":{\"@type\":\"ImageObject\",\"@id\":\"https:\/\/pakuten.pl\/blog\/#logo\",\"inLanguage\":\"pl-PL\",\"url\":\"http:\/\/pakuten.pl\/blog\/wp-content\/uploads\/2018\/01\/pakuten_logo.png\",\"contentUrl\":\"http:\/\/pakuten.pl\/blog\/wp-content\/uploads\/2018\/01\/pakuten_logo.png\",\"width\":300,\"height\":120,\"caption\":\"Pakuten\"},\"image\":{\"@id\":\"https:\/\/pakuten.pl\/blog\/#logo\"}},{\"@type\":\"WebSite\",\"@id\":\"https:\/\/pakuten.pl\/blog\/#website\",\"url\":\"https:\/\/pakuten.pl\/blog\/\",\"name\":\"Pakuten blog\",\"description\":\"Blog sklepu internetowego pakuten.pl\",\"publisher\":{\"@id\":\"https:\/\/pakuten.pl\/blog\/#organization\"},\"potentialAction\":[{\"@type\":\"SearchAction\",\"target\":{\"@type\":\"EntryPoint\",\"urlTemplate\":\"https:\/\/pakuten.pl\/blog\/?s={search_term_string}\"},\"query-input\":\"required name=search_term_string\"}],\"inLanguage\":\"pl-PL\"},{\"@type\":\"ImageObject\",\"@id\":\"https:\/\/pakuten.pl\/blog\/rozswietl-swoja-stylizacje-najmodniejszym-kolorem-tego-roku-jaki-kolor-pasuje-do-zoltego\/#primaryimage\",\"inLanguage\":\"pl-PL\",\"url\":\"https:\/\/pakuten.pl\/blog\/wp-content\/uploads\/2018\/04\/Roz\u015bwietl-swoj\u0105-stylizacj\u0119-najmodniejszym-kolorem-tego-roku-Jaki-kolor-pasuje-do-\u017c\u00f3\u0142tego.jpeg\",\"contentUrl\":\"https:\/\/pakuten.pl\/blog\/wp-content\/uploads\/2018\/04\/Roz\u015bwietl-swoj\u0105-stylizacj\u0119-najmodniejszym-kolorem-tego-roku-Jaki-kolor-pasuje-do-\u017c\u00f3\u0142tego.jpeg\",\"width\":1280,\"height\":853,\"caption\":\"Roz\u015bwietl swoj\u0105 stylizacj\u0119 najmodniejszym kolorem tego roku! Jaki kolor pasuje do \u017c\u00f3\u0142tego?\"},{\"@type\":\"WebPage\",\"@id\":\"https:\/\/pakuten.pl\/blog\/rozswietl-swoja-stylizacje-najmodniejszym-kolorem-tego-roku-jaki-kolor-pasuje-do-zoltego\/#webpage\",\"url\":\"https:\/\/pakuten.pl\/blog\/rozswietl-swoja-stylizacje-najmodniejszym-kolorem-tego-roku-jaki-kolor-pasuje-do-zoltego\/\",\"name\":\"Roz\u015bwietl swoj\u0105 stylizacj\u0119 najmodniejszym kolorem tego roku! Jaki kolor pasuje do \u017c\u00f3\u0142tego? - Pakuten blog\",\"isPartOf\":{\"@id\":\"https:\/\/pakuten.pl\/blog\/#website\"},\"primaryImageOfPage\":{\"@id\":\"https:\/\/pakuten.pl\/blog\/rozswietl-swoja-stylizacje-najmodniejszym-kolorem-tego-roku-jaki-kolor-pasuje-do-zoltego\/#primaryimage\"},\"datePublished\":\"2018-04-30T10:14:49+00:00\",\"dateModified\":\"2021-08-24T10:42:01+00:00\",\"breadcrumb\":{\"@id\":\"https:\/\/pakuten.pl\/blog\/rozswietl-swoja-stylizacje-najmodniejszym-kolorem-tego-roku-jaki-kolor-pasuje-do-zoltego\/#breadcrumb\"},\"inLanguage\":\"pl-PL\",\"potentialAction\":[{\"@type\":\"ReadAction\",\"target\":[\"https:\/\/pakuten.pl\/blog\/rozswietl-swoja-stylizacje-najmodniejszym-kolorem-tego-roku-jaki-kolor-pasuje-do-zoltego\/\"]}]},{\"@type\":\"BreadcrumbList\",\"@id\":\"https:\/\/pakuten.pl\/blog\/rozswietl-swoja-stylizacje-najmodniejszym-kolorem-tego-roku-jaki-kolor-pasuje-do-zoltego\/#breadcrumb\",\"itemListElement\":[{\"@type\":\"ListItem\",\"position\":1,\"name\":\"Strona g\u0142\u00f3wna\",\"item\":\"https:\/\/pakuten.pl\/blog\/\"},{\"@type\":\"ListItem\",\"position\":2,\"name\":\"Roz\u015bwietl swoj\u0105 stylizacj\u0119 najmodniejszym kolorem tego roku! Jaki kolor pasuje do \u017c\u00f3\u0142tego?\"}]},{\"@type\":\"Article\",\"@id\":\"https:\/\/pakuten.pl\/blog\/rozswietl-swoja-stylizacje-najmodniejszym-kolorem-tego-roku-jaki-kolor-pasuje-do-zoltego\/#article\",\"isPartOf\":{\"@id\":\"https:\/\/pakuten.pl\/blog\/rozswietl-swoja-stylizacje-najmodniejszym-kolorem-tego-roku-jaki-kolor-pasuje-do-zoltego\/#webpage\"},\"author\":{\"@id\":\"https:\/\/pakuten.pl\/blog\/#\/schema\/person\/8d03059f8e6f83bab2553d9ff4517702\"},\"headline\":\"Roz\u015bwietl swoj\u0105 stylizacj\u0119 najmodniejszym kolorem tego roku! Jaki kolor pasuje do \u017c\u00f3\u0142tego?\",\"datePublished\":\"2018-04-30T10:14:49+00:00\",\"dateModified\":\"2021-08-24T10:42:01+00:00\",\"mainEntityOfPage\":{\"@id\":\"https:\/\/pakuten.pl\/blog\/rozswietl-swoja-stylizacje-najmodniejszym-kolorem-tego-roku-jaki-kolor-pasuje-do-zoltego\/#webpage\"},\"wordCount\":615,\"commentCount\":0,\"publisher\":{\"@id\":\"https:\/\/pakuten.pl\/blog\/#organization\"},\"image\":{\"@id\":\"https:\/\/pakuten.pl\/blog\/rozswietl-swoja-stylizacje-najmodniejszym-kolorem-tego-roku-jaki-kolor-pasuje-do-zoltego\/#primaryimage\"},\"thumbnailUrl\":\"https:\/\/pakuten.pl\/blog\/wp-content\/uploads\/2018\/04\/Roz\u015bwietl-swoj\u0105-stylizacj\u0119-najmodniejszym-kolorem-tego-roku-Jaki-kolor-pasuje-do-\u017c\u00f3\u0142tego.jpeg\",\"keywords\":[\"casual\",\"kolory\",\"porada stylistki\"],\"articleSection\":[\"Tips&amp;Tricks\"],\"inLanguage\":\"pl-PL\",\"potentialAction\":[{\"@type\":\"CommentAction\",\"name\":\"Comment\",\"target\":[\"https:\/\/pakuten.pl\/blog\/rozswietl-swoja-stylizacje-najmodniejszym-kolorem-tego-roku-jaki-kolor-pasuje-do-zoltego\/#respond\"]}]},{\"@type\":\"Person\",\"@id\":\"https:\/\/pakuten.pl\/blog\/#\/schema\/person\/8d03059f8e6f83bab2553d9ff4517702\",\"name\":\"Malwina\",\"image\":{\"@type\":\"ImageObject\",\"@id\":\"https:\/\/pakuten.pl\/blog\/#personlogo\",\"inLanguage\":\"pl-PL\",\"url\":\"https:\/\/secure.gravatar.com\/avatar\/b46f1be65c5d79f6186fe8f30ac2bf6f?s=96&d=mm&r=g\",\"contentUrl\":\"https:\/\/secure.gravatar.com\/avatar\/b46f1be65c5d79f6186fe8f30ac2bf6f?s=96&d=mm&r=g\",\"caption\":\"Malwina\"},\"url\":\"https:\/\/pakuten.pl\/blog\/author\/semahead\/\"}]}<\/script>\n<!-- \/ Yoast SEO plugin. -->","yoast_head_json":{"title":"Roz\u015bwietl swoj\u0105 stylizacj\u0119 najmodniejszym kolorem tego roku! Jaki kolor pasuje do \u017c\u00f3\u0142tego? - Pakuten blog","robots":{"index":"index","follow":"follow","max-snippet":"max-snippet:-1","max-image-preview":"max-image-preview:large","max-video-preview":"max-video-preview:-1"},"canonical":"https:\/\/pakuten.pl\/blog\/rozswietl-swoja-stylizacje-najmodniejszym-kolorem-tego-roku-jaki-kolor-pasuje-do-zoltego\/","og_locale":"pl_PL","og_type":"article","og_title":"Roz\u015bwietl swoj\u0105 stylizacj\u0119 najmodniejszym kolorem tego roku! Jaki kolor pasuje do \u017c\u00f3\u0142tego? - Pakuten blog","og_description":"Wszechobecny r\u00f3\u017c ma powa\u017cn\u0105 konkurencj\u0119. \u017b\u00f3\u0142te dodatki, ale te\u017c odwa\u017cny \u017c\u00f3\u0142ty total look ca\u0142kowicie zdominowa\u0142y szafy wielbicielek mody. W sezonie wiosna-lato b\u0119d\u0105 kr\u00f3lowa\u0107 na ulicach, na Instagramie oraz w szafach stylowych dziewczyn. Zobacz wi\u0119c, jaki kolor pasuje do \u017c\u00f3\u0142tego i jak stworzy\u0107 super modn\u0105 stylizacj\u0119 pe\u0142n\u0105 s\u0142onecznej energii!","og_url":"https:\/\/pakuten.pl\/blog\/rozswietl-swoja-stylizacje-najmodniejszym-kolorem-tego-roku-jaki-kolor-pasuje-do-zoltego\/","og_site_name":"Pakuten blog","article_published_time":"2018-04-30T10:14:49+00:00","article_modified_time":"2021-08-24T10:42:01+00:00","og_image":[{"width":1280,"height":853,"url":"https:\/\/pakuten.pl\/blog\/wp-content\/uploads\/2018\/04\/Roz\u015bwietl-swoj\u0105-stylizacj\u0119-najmodniejszym-kolorem-tego-roku-Jaki-kolor-pasuje-do-\u017c\u00f3\u0142tego.jpeg","type":"image\/jpeg"}],"twitter_card":"summary_large_image","twitter_misc":{"Napisane przez":"Malwina","Szacowany czas czytania":"3 minuty"},"schema":{"@context":"https:\/\/schema.org","@graph":[{"@type":"Organization","@id":"https:\/\/pakuten.pl\/blog\/#organization","name":"Pakuten","url":"https:\/\/pakuten.pl\/blog\/","sameAs":[],"logo":{"@type":"ImageObject","@id":"https:\/\/pakuten.pl\/blog\/#logo","inLanguage":"pl-PL","url":"http:\/\/pakuten.pl\/blog\/wp-content\/uploads\/2018\/01\/pakuten_logo.png","contentUrl":"http:\/\/pakuten.pl\/blog\/wp-content\/uploads\/2018\/01\/pakuten_logo.png","width":300,"height":120,"caption":"Pakuten"},"image":{"@id":"https:\/\/pakuten.pl\/blog\/#logo"}},{"@type":"WebSite","@id":"https:\/\/pakuten.pl\/blog\/#website","url":"https:\/\/pakuten.pl\/blog\/","name":"Pakuten blog","description":"Blog sklepu internetowego pakuten.pl","publisher":{"@id":"https:\/\/pakuten.pl\/blog\/#organization"},"potentialAction":[{"@type":"SearchAction","target":{"@type":"EntryPoint","urlTemplate":"https:\/\/pakuten.pl\/blog\/?s={search_term_string}"},"query-input":"required name=search_term_string"}],"inLanguage":"pl-PL"},{"@type":"ImageObject","@id":"https:\/\/pakuten.pl\/blog\/rozswietl-swoja-stylizacje-najmodniejszym-kolorem-tego-roku-jaki-kolor-pasuje-do-zoltego\/#primaryimage","inLanguage":"pl-PL","url":"https:\/\/pakuten.pl\/blog\/wp-content\/uploads\/2018\/04\/Roz\u015bwietl-swoj\u0105-stylizacj\u0119-najmodniejszym-kolorem-tego-roku-Jaki-kolor-pasuje-do-\u017c\u00f3\u0142tego.jpeg","contentUrl":"https:\/\/pakuten.pl\/blog\/wp-content\/uploads\/2018\/04\/Roz\u015bwietl-swoj\u0105-stylizacj\u0119-najmodniejszym-kolorem-tego-roku-Jaki-kolor-pasuje-do-\u017c\u00f3\u0142tego.jpeg","width":1280,"height":853,"caption":"Roz\u015bwietl swoj\u0105 stylizacj\u0119 najmodniejszym kolorem tego roku! Jaki kolor pasuje do \u017c\u00f3\u0142tego?"},{"@type":"WebPage","@id":"https:\/\/pakuten.pl\/blog\/rozswietl-swoja-stylizacje-najmodniejszym-kolorem-tego-roku-jaki-kolor-pasuje-do-zoltego\/#webpage","url":"https:\/\/pakuten.pl\/blog\/rozswietl-swoja-stylizacje-najmodniejszym-kolorem-tego-roku-jaki-kolor-pasuje-do-zoltego\/","name":"Roz\u015bwietl swoj\u0105 stylizacj\u0119 najmodniejszym kolorem tego roku! Jaki kolor pasuje do \u017c\u00f3\u0142tego? - Pakuten blog","isPartOf":{"@id":"https:\/\/pakuten.pl\/blog\/#website"},"primaryImageOfPage":{"@id":"https:\/\/pakuten.pl\/blog\/rozswietl-swoja-stylizacje-najmodniejszym-kolorem-tego-roku-jaki-kolor-pasuje-do-zoltego\/#primaryimage"},"datePublished":"2018-04-30T10:14:49+00:00","dateModified":"2021-08-24T10:42:01+00:00","breadcrumb":{"@id":"https:\/\/pakuten.pl\/blog\/rozswietl-swoja-stylizacje-najmodniejszym-kolorem-tego-roku-jaki-kolor-pasuje-do-zoltego\/#breadcrumb"},"inLanguage":"pl-PL","potentialAction":[{"@type":"ReadAction","target":["https:\/\/pakuten.pl\/blog\/rozswietl-swoja-stylizacje-najmodniejszym-kolorem-tego-roku-jaki-kolor-pasuje-do-zoltego\/"]}]},{"@type":"BreadcrumbList","@id":"https:\/\/pakuten.pl\/blog\/rozswietl-swoja-stylizacje-najmodniejszym-kolorem-tego-roku-jaki-kolor-pasuje-do-zoltego\/#breadcrumb","itemListElement":[{"@type":"ListItem","position":1,"name":"Strona g\u0142\u00f3wna","item":"https:\/\/pakuten.pl\/blog\/"},{"@type":"ListItem","position":2,"name":"Roz\u015bwietl swoj\u0105 stylizacj\u0119 najmodniejszym kolorem tego roku! Jaki kolor pasuje do \u017c\u00f3\u0142tego?"}]},{"@type":"Article","@id":"https:\/\/pakuten.pl\/blog\/rozswietl-swoja-stylizacje-najmodniejszym-kolorem-tego-roku-jaki-kolor-pasuje-do-zoltego\/#article","isPartOf":{"@id":"https:\/\/pakuten.pl\/blog\/rozswietl-swoja-stylizacje-najmodniejszym-kolorem-tego-roku-jaki-kolor-pasuje-do-zoltego\/#webpage"},"author":{"@id":"https:\/\/pakuten.pl\/blog\/#\/schema\/person\/8d03059f8e6f83bab2553d9ff4517702"},"headline":"Roz\u015bwietl swoj\u0105 stylizacj\u0119 najmodniejszym kolorem tego roku! Jaki kolor pasuje do \u017c\u00f3\u0142tego?","datePublished":"2018-04-30T10:14:49+00:00","dateModified":"2021-08-24T10:42:01+00:00","mainEntityOfPage":{"@id":"https:\/\/pakuten.pl\/blog\/rozswietl-swoja-stylizacje-najmodniejszym-kolorem-tego-roku-jaki-kolor-pasuje-do-zoltego\/#webpage"},"wordCount":615,"commentCount":0,"publisher":{"@id":"https:\/\/pakuten.pl\/blog\/#organization"},"image":{"@id":"https:\/\/pakuten.pl\/blog\/rozswietl-swoja-stylizacje-najmodniejszym-kolorem-tego-roku-jaki-kolor-pasuje-do-zoltego\/#primaryimage"},"thumbnailUrl":"https:\/\/pakuten.pl\/blog\/wp-content\/uploads\/2018\/04\/Roz\u015bwietl-swoj\u0105-stylizacj\u0119-najmodniejszym-kolorem-tego-roku-Jaki-kolor-pasuje-do-\u017c\u00f3\u0142tego.jpeg","keywords":["casual","kolory","porada stylistki"],"articleSection":["Tips&amp;Tricks"],"inLanguage":"pl-PL","potentialAction":[{"@type":"CommentAction","name":"Comment","target":["https:\/\/pakuten.pl\/blog\/rozswietl-swoja-stylizacje-najmodniejszym-kolorem-tego-roku-jaki-kolor-pasuje-do-zoltego\/#respond"]}]},{"@type":"Person","@id":"https:\/\/pakuten.pl\/blog\/#\/schema\/person\/8d03059f8e6f83bab2553d9ff4517702","name":"Malwina","image":{"@type":"ImageObject","@id":"https:\/\/pakuten.pl\/blog\/#personlogo","inLanguage":"pl-PL","url":"https:\/\/secure.gravatar.com\/avatar\/b46f1be65c5d79f6186fe8f30ac2bf6f?s=96&d=mm&r=g","contentUrl":"https:\/\/secure.gravatar.com\/avatar\/b46f1be65c5d79f6186fe8f30ac2bf6f?s=96&d=mm&r=g","caption":"Malwina"},"url":"https:\/\/pakuten.pl\/blog\/author\/semahead\/"}]}},"_links":{"self":[{"href":"https:\/\/pakuten.pl\/blog\/wp-json\/wp\/v2\/posts\/735"}],"collection":[{"href":"https:\/\/pakuten.pl\/blog\/wp-json\/wp\/v2\/posts"}],"about":[{"href":"https:\/\/pakuten.pl\/blog\/wp-json\/wp\/v2\/types\/post"}],"author":[{"embeddable":true,"href":"https:\/\/pakuten.pl\/blog\/wp-json\/wp\/v2\/users\/2"}],"replies":[{"embeddable":true,"href":"https:\/\/pakuten.pl\/blog\/wp-json\/wp\/v2\/comments?post=735"}],"version-history":[{"count":5,"href":"https:\/\/pakuten.pl\/blog\/wp-json\/wp\/v2\/posts\/735\/revisions"}],"predecessor-version":[{"id":5058,"href":"https:\/\/pakuten.pl\/blog\/wp-json\/wp\/v2\/posts\/735\/revisions\/5058"}],"wp:featuredmedia":[{"embeddable":true,"href":"https:\/\/pakuten.pl\/blog\/wp-json\/wp\/v2\/media\/741"}],"wp:attachment":[{"href":"https:\/\/pakuten.pl\/blog\/wp-json\/wp\/v2\/media?parent=735"}],"wp:term":[{"taxonomy":"category","embeddable":true,"href":"https:\/\/pakuten.pl\/blog\/wp-json\/wp\/v2\/categories?post=735"},{"taxonomy":"post_tag","embeddable":true,"href":"https:\/\/pakuten.pl\/blog\/wp-json\/wp\/v2\/tags?post=735"}],"curies":[{"name":"wp","href":"https:\/\/api.w.org\/{rel}","templated":true}]}}