{"id":746,"date":"2018-05-01T09:00:04","date_gmt":"2018-05-01T07:00:04","guid":{"rendered":"http:\/\/pakuten.pl\/blog\/?p=746"},"modified":"2021-08-23T15:09:59","modified_gmt":"2021-08-23T13:09:59","slug":"stylizacja-na-impreze-9-najlepszych-outfitow-boho-z-coachella-2018","status":"publish","type":"post","link":"https:\/\/pakuten.pl\/blog\/stylizacja-na-impreze-9-najlepszych-outfitow-boho-z-coachella-2018\/","title":{"rendered":"Stylizacja na imprez\u0119. 9 najlepszych outfit\u00f3w boho z Coachella 2022"},"content":{"rendered":"<p><strong>Festiwal Coachella to najwa\u017cniejsze muzyczne wydarzenie w ci\u0105gu ca\u0142ego roku. Dlaczego? To w\u0142a\u015bnie tu zbieraj\u0105 si\u0119 najwi\u0119ksze gwiazdy i influencerzy z ca\u0142ego \u015bwiata, \u017ceby celebrowa\u0107 kalifornijskie s\u0142o\u0144ce, muzyk\u0119, no i, oczywi\u015bcie, mod\u0119. Zobacz jakie trendy pojawi\u0142y si\u0119 podczas tegorocznej edycji Coachelli i stw\u00f3rz swoj\u0105 stylizacj\u0119 na polskie festiwale muzyczne!<\/strong><\/p>\n<p>W tym roku moda na Coachelli nie zawiod\u0142a. Nie zabrak\u0142o charakterystycznych dla tego wydarzenia element\u00f3w garderoby, ale pojawi\u0142o si\u0119 te\u017c sporo nowo\u015bci. Stylizacja na koncert pod go\u0142ym niebem lub imprez\u0119 plenerow\u0105 nie mo\u017ce si\u0119 bez nich oby\u0107.<\/p>\n<h2>Festiwal Coachella, czyli denim i boho w nowoczesnym wydaniu<\/h2>\n<p>To, z czego s\u0142ynie Coachella to oczywi\u015bcie styl boho. Bazuj\u0105cy na historii dzieci-kwiat\u00f3w z lat 70., ale ze sporym dodatkiem wsp\u00f3\u0142czesnych trend\u00f3w i dodatk\u00f3w. Jaka jest najbardziej trafiona stylizacja na imprez\u0119 w stylu Coachelli? Pierwsza to zestaw, w kt\u00f3rym nie mo\u017ce zabrakn\u0105\u0107 <span style=\"color: #ff9900;\"><strong><a style=\"color: #ff9900;\" href=\"https:\/\/pakuten.pl\/116-denim\">jeansowych element\u00f3w<\/a><\/strong><\/span>. Kurtka, jeansowy top, czy po prostu <span style=\"color: #ff9900;\"><strong><a style=\"color: #ff9900;\" href=\"https:\/\/pakuten.pl\/24-szorty\">szorty z denimu<\/a><\/strong><\/span> to najprostszy spos\u00f3b na to, aby Twoja stylizacja na koncert kojarzy\u0142a si\u0119 z klimatem s\u0142onecznej Kalifornii. Dodaj do tego fantazyjne akcesoria (w tym wypadku im wi\u0119cej, tym lepiej) i stylizacja na imprez\u0119 roku gotowa!<\/p>\n<blockquote class=\"instagram-media\" style=\"background: #FFF; border: 0; border-radius: 3px; box-shadow: 0 0 1px 0 rgba(0,0,0,0.5),0 1px 10px 0 rgba(0,0,0,0.15); margin: 1px; max-width: 658px; padding: 0; width: calc(100% - 2px);\" data-instgrm-permalink=\"https:\/\/www.instagram.com\/p\/Bh4cnfkA0Os\/\" data-instgrm-version=\"8\">\n<div style=\"padding: 8px;\">\n<div style=\"background: #F8F8F8; line-height: 0; margin-top: 40px; padding: 50% 0; text-align: center; width: 100%;\">\n<div style=\"background: url(data:image\/png; base64,ivborw0kggoaaaansuheugaaacwaaaascamaaaapwqozaaaabgdbtueaalgpc\/xhbqaaaafzukdcak7ohokaaaamuexurczmzpf399fx1+bm5mzy9amaaadisurbvdjlvzxbesmgces5\/p8\/t9furvcrmu73jwlzosgsiizurcjo\/ad+eqjjb4hv8bft+idpqocx1wjosbfhh2xssxeiyn3uli\/6mnree07uiwjev8ueowds88ly97kqytlijkktuybbruayvh5wohixmpi5we58ek028czwyuqdlkpg1bkb4nnm+veanfhqn1k4+gpt6ugqcvu2h2ovuif\/gwufyy8owepdyzsa3avcqpvovvzzz2vtnn2wu8qzvjddeto90gsy9mvlqtgysy231mxry6i2ggqjrty0l8fxcxfcbbhwrsyyaaaaaelftksuqmcc); display: block; height: 44px; margin: 0 auto -44px; position: relative; top: -22px; width: 44px;\"><\/div>\n<\/div>\n<p style=\"color: #c9c8cd; font-family: Arial,sans-serif; font-size: 14px; line-height: 17px; margin-bottom: 0; margin-top: 8px; overflow: hidden; padding: 8px 0 7px; text-align: center; text-overflow: ellipsis; white-space: nowrap;\"><a style=\"color: #c9c8cd; font-family: Arial,sans-serif; font-size: 14px; font-style: normal; font-weight: normal; line-height: 17px; text-decoration: none;\" href=\"https:\/\/www.instagram.com\/p\/Bh4cnfkA0Os\/\" target=\"_blank\" rel=\"noopener\">Post udost\u0119pniony przez DEBI FL\u00dcGGE (@debiflue)<\/a> <time style=\"font-family: Arial,sans-serif; font-size: 14px; line-height: 17px;\" datetime=\"2018-04-22T17:59:47+00:00\">Kwi 22, 2018 o 10:59 PDT<\/time><\/p>\n<\/div>\n<\/blockquote>\n<p><script async=\"\" defer=\"\" src=\"\/\/www.instagram.com\/embed.js\"><\/script><\/p>\n<blockquote class=\"instagram-media\" style=\"background: #FFF; border: 0; border-radius: 3px; box-shadow: 0 0 1px 0 rgba(0,0,0,0.5),0 1px 10px 0 rgba(0,0,0,0.15); margin: 1px; max-width: 658px; padding: 0; width: calc(100% - 2px);\" data-instgrm-permalink=\"https:\/\/www.instagram.com\/p\/Bhm-u-hjOV1\/\" data-instgrm-version=\"8\">\n<div style=\"padding: 8px;\">\n<div style=\"background: #F8F8F8; line-height: 0; margin-top: 40px; padding: 62.5% 0; text-align: center; width: 100%;\">\n<div style=\"background: url(data:image\/png; base64,ivborw0kggoaaaansuheugaaacwaaaascamaaaapwqozaaaabgdbtueaalgpc\/xhbqaaaafzukdcak7ohokaaaamuexurczmzpf399fx1+bm5mzy9amaaadisurbvdjlvzxbesmgces5\/p8\/t9furvcrmu73jwlzosgsiizurcjo\/ad+eqjjb4hv8bft+idpqocx1wjosbfhh2xssxeiyn3uli\/6mnree07uiwjev8ueowds88ly97kqytlijkktuybbruayvh5wohixmpi5we58ek028czwyuqdlkpg1bkb4nnm+veanfhqn1k4+gpt6ugqcvu2h2ovuif\/gwufyy8owepdyzsa3avcqpvovvzzz2vtnn2wu8qzvjddeto90gsy9mvlqtgysy231mxry6i2ggqjrty0l8fxcxfcbbhwrsyyaaaaaelftksuqmcc); display: block; height: 44px; margin: 0 auto -44px; position: relative; top: -22px; width: 44px;\"><\/div>\n<\/div>\n<p style=\"color: #c9c8cd; font-family: Arial,sans-serif; font-size: 14px; line-height: 17px; margin-bottom: 0; margin-top: 8px; overflow: hidden; padding: 8px 0 7px; text-align: center; text-overflow: ellipsis; white-space: nowrap;\"><a style=\"color: #c9c8cd; font-family: Arial,sans-serif; font-size: 14px; font-style: normal; font-weight: normal; line-height: 17px; text-decoration: none;\" href=\"https:\/\/www.instagram.com\/p\/Bhm-u-hjOV1\/\" target=\"_blank\" rel=\"noopener\">Post udost\u0119pniony przez F R A N C I S L O L A (@flamcis)<\/a> <time style=\"font-family: Arial,sans-serif; font-size: 14px; line-height: 17px;\" datetime=\"2018-04-15T23:11:34+00:00\">Kwi 15, 2018 o 4:11 PDT<\/time><\/p>\n<\/div>\n<\/blockquote>\n<p><script async=\"\" defer=\"\" src=\"\/\/www.instagram.com\/embed.js\"><\/script><\/p>\n<blockquote class=\"instagram-media\" style=\"background: #FFF; border: 0; border-radius: 3px; box-shadow: 0 0 1px 0 rgba(0,0,0,0.5),0 1px 10px 0 rgba(0,0,0,0.15); margin: 1px; max-width: 658px; padding: 0; width: calc(100% - 2px);\" data-instgrm-permalink=\"https:\/\/www.instagram.com\/p\/Bhj_Ajqh8G9\/\" data-instgrm-version=\"8\">\n<div style=\"padding: 8px;\">\n<div style=\"background: #F8F8F8; line-height: 0; margin-top: 40px; padding: 62.5% 0; text-align: center; width: 100%;\">\n<div style=\"background: url(data:image\/png; base64,ivborw0kggoaaaansuheugaaacwaaaascamaaaapwqozaaaabgdbtueaalgpc\/xhbqaaaafzukdcak7ohokaaaamuexurczmzpf399fx1+bm5mzy9amaaadisurbvdjlvzxbesmgces5\/p8\/t9furvcrmu73jwlzosgsiizurcjo\/ad+eqjjb4hv8bft+idpqocx1wjosbfhh2xssxeiyn3uli\/6mnree07uiwjev8ueowds88ly97kqytlijkktuybbruayvh5wohixmpi5we58ek028czwyuqdlkpg1bkb4nnm+veanfhqn1k4+gpt6ugqcvu2h2ovuif\/gwufyy8owepdyzsa3avcqpvovvzzz2vtnn2wu8qzvjddeto90gsy9mvlqtgysy231mxry6i2ggqjrty0l8fxcxfcbbhwrsyyaaaaaelftksuqmcc); display: block; height: 44px; margin: 0 auto -44px; position: relative; top: -22px; width: 44px;\"><\/div>\n<\/div>\n<p style=\"color: #c9c8cd; font-family: Arial,sans-serif; font-size: 14px; line-height: 17px; margin-bottom: 0; margin-top: 8px; overflow: hidden; padding: 8px 0 7px; text-align: center; text-overflow: ellipsis; white-space: nowrap;\"><a style=\"color: #c9c8cd; font-family: Arial,sans-serif; font-size: 14px; font-style: normal; font-weight: normal; line-height: 17px; text-decoration: none;\" href=\"https:\/\/www.instagram.com\/p\/Bhj_Ajqh8G9\/\" target=\"_blank\" rel=\"noopener\">Post udost\u0119pniony przez Alessandra Ambrosio (@alessandraambrosio)<\/a> <time style=\"font-family: Arial,sans-serif; font-size: 14px; line-height: 17px;\" datetime=\"2018-04-14T19:16:15+00:00\">Kwi 14, 2018 o 12:16 PDT<\/time><\/p>\n<\/div>\n<\/blockquote>\n<p><script async=\"\" defer=\"\" src=\"\/\/www.instagram.com\/embed.js\"><\/script><\/p>\n<div class=\"product-box-container\">\r\n<div class=\"one_third \" style=\"\">\r\n<div class=\"product-box\">\r\n<a href=\"https:\/\/pakuten.pl\/20288-57551-granatowa-logowana-koszulka-marvel-granatowy.html\" target=\"_blank\">\r\n <img src=\"https:\/\/media.pakuten.pl\/135479-large_default\/granatowa-logowana-koszulka-marvel.jpg\" alt=\"Granatowa logowana koszulka Marvel\"\/>\r\n<\/a>\r\n<p>\r\n<a href=\"https:\/\/pakuten.pl\/20288-57551-granatowa-logowana-koszulka-marvel-granatowy.html\" target=\"_blank\">\r\nGranatowa logowana koszulka Marvel\r\n<\/a><\/p>\r\n  <p>Cena: 34,99\u00a0z\u0142<\/p>\r\n<a href=\"https:\/\/pakuten.pl\/20288-57551-granatowa-logowana-koszulka-marvel-granatowy.html\" target=\"_blank\" class=\"button\">\r\nZobacz w sklepie\r\n<\/a>\r\n<\/div>\r\n<\/div>\r\n<div class=\"one_third \" style=\"\">\r\n<div class=\"product-box\">\r\n<a href=\"https:\/\/pakuten.pl\/16599-53141-t-shirt-koszulka-z-napisami-printem-mylia-wzor-1-wzor-1.html\" target=\"_blank\">\r\n  <img src=\"https:\/\/media.pakuten.pl\/117330-large_default\/t-shirt-koszulka-z-napisami-printem-mylia-wzor-1.jpg\" alt=\"T-SHIRT KOSZULKA Z NAPISAMI PRINTEM MYLIA - wz\u00f3r 1\"\/>\r\n<\/a>\r\n<p>\r\n<a href=\"https:\/\/pakuten.pl\/16599-53141-t-shirt-koszulka-z-napisami-printem-mylia-wzor-1-wzor-1.html\" target=\"_blank\">\r\nT-SHIRT KOSZULKA Z NAPISAMI PRINTEM MYLIA - wz\u00f3r 1\r\n<\/a><\/p>\r\n  <p>Cena: 14,99\u00a0z\u0142<\/p>\r\n<a href=\"https:\/\/pakuten.pl\/16599-53141-t-shirt-koszulka-z-napisami-printem-mylia-wzor-1-wzor-1.html\" target=\"_blank\" class=\"button\">\r\nZobacz w sklepie\r\n<\/a>\r\n<\/div>\r\n<\/div>\r\n<div class=\"one_third last \" style=\"\">\r\n<div class=\"product-box\">\r\n<a href=\"https:\/\/pakuten.pl\/20289-57550-koralowa-logowana-koszulka-marvel-koralowy.html\" target=\"_blank\">\r\n  <img src=\"https:\/\/media.pakuten.pl\/135473-large_default\/koralowa-logowana-koszulka-marvel.jpg\" alt=\"Koralowa logowana koszulka Marvel\"\/>\r\n<\/a>\r\n<p>\r\n<a href=\"https:\/\/pakuten.pl\/20289-57550-koralowa-logowana-koszulka-marvel-koralowy.html\" target=\"_blank\">\r\nKoralowa logowana koszulka Marvel\r\n<\/a><\/p>\r\n  <p>Cena: 34,99\u00a0z\u0142<\/p>\r\n<a href=\"https:\/\/pakuten.pl\/20289-57550-koralowa-logowana-koszulka-marvel-koralowy.html\" target=\"_blank\" class=\"button\">\r\nZobacz w sklepie\r\n<\/a>\r\n<\/div>\r\n<\/div><br class=\"clear\"\/>\r\n<\/div>\n<p>Jeansowe spodnie lub szorty mo\u017cesz po\u0142\u0105czy\u0107 z najgor\u0119tszym trendem tegorocznej Coachelli, czyli z <a href=\"https:\/\/pakuten.pl\/42-biustonosze\" target=\"_blank\" rel=\"noopener\"><strong><span style=\"color: #ff9900;\">bieli\u017anianym topem<\/span><\/strong><\/a>. Na festiwalach nie istniej\u0105 \u017cadne ograniczenia, wi\u0119c taki top z pewno\u015bci\u0105 b\u0119dzie strza\u0142em w dziesi\u0105tk\u0119! Po\u0142\u0105cz go z d\u0142ug\u0105 sp\u00f3dnic\u0105 w stylu boho &#8211; i powstaje udana stylizacja na koncert. Pami\u0119taj, \u017ce przeciwie\u0144stwa si\u0119 przyci\u0105gaj\u0105!<\/p>\n<blockquote class=\"instagram-media\" style=\"background: #FFF; border: 0; border-radius: 3px; box-shadow: 0 0 1px 0 rgba(0,0,0,0.5),0 1px 10px 0 rgba(0,0,0,0.15); margin: 1px; max-width: 658px; padding: 0; width: calc(100% - 2px);\" data-instgrm-permalink=\"https:\/\/www.instagram.com\/p\/Bh19S_IH1Jn\/\" data-instgrm-version=\"8\">\n<div style=\"padding: 8px;\">\n<div style=\"background: #F8F8F8; line-height: 0; margin-top: 40px; padding: 50% 0; text-align: center; width: 100%;\">\n<div style=\"background: url(data:image\/png; base64,ivborw0kggoaaaansuheugaaacwaaaascamaaaapwqozaaaabgdbtueaalgpc\/xhbqaaaafzukdcak7ohokaaaamuexurczmzpf399fx1+bm5mzy9amaaadisurbvdjlvzxbesmgces5\/p8\/t9furvcrmu73jwlzosgsiizurcjo\/ad+eqjjb4hv8bft+idpqocx1wjosbfhh2xssxeiyn3uli\/6mnree07uiwjev8ueowds88ly97kqytlijkktuybbruayvh5wohixmpi5we58ek028czwyuqdlkpg1bkb4nnm+veanfhqn1k4+gpt6ugqcvu2h2ovuif\/gwufyy8owepdyzsa3avcqpvovvzzz2vtnn2wu8qzvjddeto90gsy9mvlqtgysy231mxry6i2ggqjrty0l8fxcxfcbbhwrsyyaaaaaelftksuqmcc); display: block; height: 44px; margin: 0 auto -44px; position: relative; top: -22px; width: 44px;\"><\/div>\n<\/div>\n<p style=\"color: #c9c8cd; font-family: Arial,sans-serif; font-size: 14px; line-height: 17px; margin-bottom: 0; margin-top: 8px; overflow: hidden; padding: 8px 0 7px; text-align: center; text-overflow: ellipsis; white-space: nowrap;\"><a style=\"color: #c9c8cd; font-family: Arial,sans-serif; font-size: 14px; font-style: normal; font-weight: normal; line-height: 17px; text-decoration: none;\" href=\"https:\/\/www.instagram.com\/p\/Bh19S_IH1Jn\/\" target=\"_blank\" rel=\"noopener\">Post udost\u0119pniony przez FASHION BLOGGER (@junesixtyfive)<\/a> <time style=\"font-family: Arial,sans-serif; font-size: 14px; line-height: 17px;\" datetime=\"2018-04-21T18:47:37+00:00\">Kwi 21, 2018 o 11:47 PDT<\/time><\/p>\n<\/div>\n<\/blockquote>\n<p><script async=\"\" defer=\"\" src=\"\/\/www.instagram.com\/embed.js\"><\/script><\/p>\n<blockquote class=\"instagram-media\" style=\"background: #FFF; border: 0; border-radius: 3px; box-shadow: 0 0 1px 0 rgba(0,0,0,0.5),0 1px 10px 0 rgba(0,0,0,0.15); margin: 1px; max-width: 658px; padding: 0; width: calc(100% - 2px);\" data-instgrm-permalink=\"https:\/\/www.instagram.com\/p\/Bh_Gp2AnbOB\/\" data-instgrm-version=\"8\">\n<div style=\"padding: 8px;\">\n<div style=\"background: #F8F8F8; line-height: 0; margin-top: 40px; padding: 62.5% 0; text-align: center; width: 100%;\">\n<div style=\"background: url(data:image\/png; base64,ivborw0kggoaaaansuheugaaacwaaaascamaaaapwqozaaaabgdbtueaalgpc\/xhbqaaaafzukdcak7ohokaaaamuexurczmzpf399fx1+bm5mzy9amaaadisurbvdjlvzxbesmgces5\/p8\/t9furvcrmu73jwlzosgsiizurcjo\/ad+eqjjb4hv8bft+idpqocx1wjosbfhh2xssxeiyn3uli\/6mnree07uiwjev8ueowds88ly97kqytlijkktuybbruayvh5wohixmpi5we58ek028czwyuqdlkpg1bkb4nnm+veanfhqn1k4+gpt6ugqcvu2h2ovuif\/gwufyy8owepdyzsa3avcqpvovvzzz2vtnn2wu8qzvjddeto90gsy9mvlqtgysy231mxry6i2ggqjrty0l8fxcxfcbbhwrsyyaaaaaelftksuqmcc); display: block; height: 44px; margin: 0 auto -44px; position: relative; top: -22px; width: 44px;\"><\/div>\n<\/div>\n<p style=\"color: #c9c8cd; font-family: Arial,sans-serif; font-size: 14px; line-height: 17px; margin-bottom: 0; margin-top: 8px; overflow: hidden; padding: 8px 0 7px; text-align: center; text-overflow: ellipsis; white-space: nowrap;\"><a style=\"color: #c9c8cd; font-family: Arial,sans-serif; font-size: 14px; font-style: normal; font-weight: normal; line-height: 17px; text-decoration: none;\" href=\"https:\/\/www.instagram.com\/p\/Bh_Gp2AnbOB\/\" target=\"_blank\" rel=\"noopener\">Post udost\u0119pniony przez WDC_official (@wdc_s)<\/a> <time style=\"font-family: Arial,sans-serif; font-size: 14px; line-height: 17px;\" datetime=\"2018-04-25T08:02:33+00:00\">Kwi 25, 2018 o 1:02 PDT<\/time><\/p>\n<\/div>\n<\/blockquote>\n<p><script async=\"\" defer=\"\" src=\"\/\/www.instagram.com\/embed.js\"><\/script><\/p>\n<p>Je\u015bli festiwal Coachella nale\u017cy do Twoich ulubionych ze wzgl\u0119du na nie\u015bmiertelny boho klimat, zdecyduj si\u0119 na wsp\u00f3\u0142czesny hippisowski total look. Wystarczy zwiewna sukienka, koniecznie w kwiatowe printy lub etniczne wzory, lu\u017ano puszczone w\u0142osy, akcesoria z rzemykami i fr\u0119dzlami oraz <strong><span style=\"color: #ff9900;\"><a style=\"color: #ff9900;\" href=\"https:\/\/pakuten.pl\/58-okulary\">okulary<\/a><\/span><\/strong>, bez kt\u00f3rych \u017cadna stylizacja na koncert w \u015brodku lata nie jest kompletna.<\/p>\n<blockquote class=\"instagram-media\" style=\"background: #FFF; border: 0; border-radius: 3px; box-shadow: 0 0 1px 0 rgba(0,0,0,0.5),0 1px 10px 0 rgba(0,0,0,0.15); margin: 1px; max-width: 658px; padding: 0; width: calc(100% - 2px);\" data-instgrm-permalink=\"https:\/\/www.instagram.com\/p\/Bh-mepWnz-b\/\" data-instgrm-version=\"8\">\n<div style=\"padding: 8px;\">\n<div style=\"background: #F8F8F8; line-height: 0; margin-top: 40px; padding: 62.5% 0; text-align: center; width: 100%;\">\n<div style=\"background: url(data:image\/png; base64,ivborw0kggoaaaansuheugaaacwaaaascamaaaapwqozaaaabgdbtueaalgpc\/xhbqaaaafzukdcak7ohokaaaamuexurczmzpf399fx1+bm5mzy9amaaadisurbvdjlvzxbesmgces5\/p8\/t9furvcrmu73jwlzosgsiizurcjo\/ad+eqjjb4hv8bft+idpqocx1wjosbfhh2xssxeiyn3uli\/6mnree07uiwjev8ueowds88ly97kqytlijkktuybbruayvh5wohixmpi5we58ek028czwyuqdlkpg1bkb4nnm+veanfhqn1k4+gpt6ugqcvu2h2ovuif\/gwufyy8owepdyzsa3avcqpvovvzzz2vtnn2wu8qzvjddeto90gsy9mvlqtgysy231mxry6i2ggqjrty0l8fxcxfcbbhwrsyyaaaaaelftksuqmcc); display: block; height: 44px; margin: 0 auto -44px; position: relative; top: -22px; width: 44px;\"><\/div>\n<\/div>\n<p style=\"color: #c9c8cd; font-family: Arial,sans-serif; font-size: 14px; line-height: 17px; margin-bottom: 0; margin-top: 8px; overflow: hidden; padding: 8px 0 7px; text-align: center; text-overflow: ellipsis; white-space: nowrap;\"><a style=\"color: #c9c8cd; font-family: Arial,sans-serif; font-size: 14px; font-style: normal; font-weight: normal; line-height: 17px; text-decoration: none;\" href=\"https:\/\/www.instagram.com\/p\/Bh-mepWnz-b\/\" target=\"_blank\" rel=\"noopener\">Post udost\u0119pniony przez Nicole Jayne White (@njwhite)<\/a> <time style=\"font-family: Arial,sans-serif; font-size: 14px; line-height: 17px;\" datetime=\"2018-04-25T03:21:24+00:00\">Kwi 24, 2018 o 8:21 PDT<\/time><\/p>\n<\/div>\n<\/blockquote>\n<p><script async=\"\" defer=\"\" src=\"\/\/www.instagram.com\/embed.js\"><\/script><\/p>\n<h2>Trafiona stylizacja na imprez\u0119 \u2013 postaw na wygod\u0119 i baw si\u0119 do samego rana!<\/h2>\n<p>Mo\u017cesz te\u017c wybra\u0107 sukienk\u0119 w stylu Emily Ratajkowski, kt\u00f3ra wie, \u017ce czasem proste kroje i kolory sprawdzaj\u0105 si\u0119 najlepiej. Nie przepadasz za wzorzystymi ubraniami? Nic nie szkodzi! Jednokolorowa sukienka te\u017c mo\u017ce by\u0107 doskona\u0142\u0105 stylizacj\u0105 na festiwal muzyczny. Jest dziewcz\u0119co, niezobowi\u0105zuj\u0105co i wygodnie. Nie musisz martwi\u0107 si\u0119 o to, czy wszystkie elementy s\u0105 dobrze skomponowane. <a href=\"https:\/\/pakuten.pl\/67-sukienki-letnie\"><strong><span style=\"color: #ff9900;\">Letnia sukienka z falbanami<\/span><\/strong><\/a> to doskona\u0142a stylizacja na imprez\u0119, na kt\u00f3rej wygoda i dobra zabawa licz\u0105 si\u0119 najbardziej.<\/p>\n<blockquote class=\"instagram-media\" style=\"background: #FFF; border: 0; border-radius: 3px; box-shadow: 0 0 1px 0 rgba(0,0,0,0.5),0 1px 10px 0 rgba(0,0,0,0.15); margin: 1px; max-width: 658px; padding: 0; width: calc(100% - 2px);\" data-instgrm-permalink=\"https:\/\/www.instagram.com\/p\/BhmpAtHFhrb\/\" data-instgrm-version=\"8\">\n<div style=\"padding: 8px;\">\n<div style=\"background: #F8F8F8; line-height: 0; margin-top: 40px; padding: 62.5% 0; text-align: center; width: 100%;\">\n<div style=\"background: url(data:image\/png; base64,ivborw0kggoaaaansuheugaaacwaaaascamaaaapwqozaaaabgdbtueaalgpc\/xhbqaaaafzukdcak7ohokaaaamuexurczmzpf399fx1+bm5mzy9amaaadisurbvdjlvzxbesmgces5\/p8\/t9furvcrmu73jwlzosgsiizurcjo\/ad+eqjjb4hv8bft+idpqocx1wjosbfhh2xssxeiyn3uli\/6mnree07uiwjev8ueowds88ly97kqytlijkktuybbruayvh5wohixmpi5we58ek028czwyuqdlkpg1bkb4nnm+veanfhqn1k4+gpt6ugqcvu2h2ovuif\/gwufyy8owepdyzsa3avcqpvovvzzz2vtnn2wu8qzvjddeto90gsy9mvlqtgysy231mxry6i2ggqjrty0l8fxcxfcbbhwrsyyaaaaaelftksuqmcc); display: block; height: 44px; margin: 0 auto -44px; position: relative; top: -22px; width: 44px;\"><\/div>\n<\/div>\n<p style=\"color: #c9c8cd; font-family: Arial,sans-serif; font-size: 14px; line-height: 17px; margin-bottom: 0; margin-top: 8px; overflow: hidden; padding: 8px 0 7px; text-align: center; text-overflow: ellipsis; white-space: nowrap;\"><a style=\"color: #c9c8cd; font-family: Arial,sans-serif; font-size: 14px; font-style: normal; font-weight: normal; line-height: 17px; text-decoration: none;\" href=\"https:\/\/www.instagram.com\/p\/BhmpAtHFhrb\/\" target=\"_blank\" rel=\"noopener\">Post udost\u0119pniony przez Emily Ratajkowski (@emrata)<\/a> <time style=\"font-family: Arial,sans-serif; font-size: 14px; line-height: 17px;\" datetime=\"2018-04-15T20:01:45+00:00\">Kwi 15, 2018 o 1:01 PDT<\/time><\/p>\n<\/div>\n<\/blockquote>\n<p><script async=\"\" defer=\"\" src=\"\/\/www.instagram.com\/embed.js\"><\/script><\/p>\n<blockquote class=\"instagram-media\" style=\"background: #FFF; border: 0; border-radius: 3px; box-shadow: 0 0 1px 0 rgba(0,0,0,0.5),0 1px 10px 0 rgba(0,0,0,0.15); margin: 1px; max-width: 658px; padding: 0; width: calc(100% - 2px);\" data-instgrm-permalink=\"https:\/\/www.instagram.com\/p\/BhqLeaMHOxw\/\" data-instgrm-version=\"8\">\n<div style=\"padding: 8px;\">\n<div style=\"background: #F8F8F8; line-height: 0; margin-top: 40px; padding: 62.40740740740741% 0; text-align: center; width: 100%;\">\n<div style=\"background: url(data:image\/png; base64,ivborw0kggoaaaansuheugaaacwaaaascamaaaapwqozaaaabgdbtueaalgpc\/xhbqaaaafzukdcak7ohokaaaamuexurczmzpf399fx1+bm5mzy9amaaadisurbvdjlvzxbesmgces5\/p8\/t9furvcrmu73jwlzosgsiizurcjo\/ad+eqjjb4hv8bft+idpqocx1wjosbfhh2xssxeiyn3uli\/6mnree07uiwjev8ueowds88ly97kqytlijkktuybbruayvh5wohixmpi5we58ek028czwyuqdlkpg1bkb4nnm+veanfhqn1k4+gpt6ugqcvu2h2ovuif\/gwufyy8owepdyzsa3avcqpvovvzzz2vtnn2wu8qzvjddeto90gsy9mvlqtgysy231mxry6i2ggqjrty0l8fxcxfcbbhwrsyyaaaaaelftksuqmcc); display: block; height: 44px; margin: 0 auto -44px; position: relative; top: -22px; width: 44px;\"><\/div>\n<\/div>\n<p style=\"color: #c9c8cd; font-family: Arial,sans-serif; font-size: 14px; line-height: 17px; margin-bottom: 0; margin-top: 8px; overflow: hidden; padding: 8px 0 7px; text-align: center; text-overflow: ellipsis; white-space: nowrap;\"><a style=\"color: #c9c8cd; font-family: Arial,sans-serif; font-size: 14px; font-style: normal; font-weight: normal; line-height: 17px; text-decoration: none;\" href=\"https:\/\/www.instagram.com\/p\/BhqLeaMHOxw\/\" target=\"_blank\" rel=\"noopener\">Post udost\u0119pniony przez Ashley Lau (@ash_lsl)<\/a> <time style=\"font-family: Arial,sans-serif; font-size: 14px; line-height: 17px;\" datetime=\"2018-04-17T05:00:38+00:00\">Kwi 16, 2018 o 10:00 PDT<\/time><\/p>\n<\/div>\n<\/blockquote>\n<p><script async=\"\" defer=\"\" src=\"\/\/www.instagram.com\/embed.js\"><\/script><\/p>\n<blockquote class=\"instagram-media\" style=\"background: #FFF; border: 0; border-radius: 3px; box-shadow: 0 0 1px 0 rgba(0,0,0,0.5),0 1px 10px 0 rgba(0,0,0,0.15); margin: 1px; max-width: 658px; padding: 0; width: calc(100% - 2px);\" data-instgrm-permalink=\"https:\/\/www.instagram.com\/p\/BhoyqdqH5Vl\/\" data-instgrm-version=\"8\">\n<div style=\"padding: 8px;\">\n<div style=\"background: #F8F8F8; line-height: 0; margin-top: 40px; padding: 62.5% 0; text-align: center; width: 100%;\">\n<div style=\"background: url(data:image\/png; base64,ivborw0kggoaaaansuheugaaacwaaaascamaaaapwqozaaaabgdbtueaalgpc\/xhbqaaaafzukdcak7ohokaaaamuexurczmzpf399fx1+bm5mzy9amaaadisurbvdjlvzxbesmgces5\/p8\/t9furvcrmu73jwlzosgsiizurcjo\/ad+eqjjb4hv8bft+idpqocx1wjosbfhh2xssxeiyn3uli\/6mnree07uiwjev8ueowds88ly97kqytlijkktuybbruayvh5wohixmpi5we58ek028czwyuqdlkpg1bkb4nnm+veanfhqn1k4+gpt6ugqcvu2h2ovuif\/gwufyy8owepdyzsa3avcqpvovvzzz2vtnn2wu8qzvjddeto90gsy9mvlqtgysy231mxry6i2ggqjrty0l8fxcxfcbbhwrsyyaaaaaelftksuqmcc); display: block; height: 44px; margin: 0 auto -44px; position: relative; top: -22px; width: 44px;\"><\/div>\n<\/div>\n<p style=\"color: #c9c8cd; font-family: Arial,sans-serif; font-size: 14px; line-height: 17px; margin-bottom: 0; margin-top: 8px; overflow: hidden; padding: 8px 0 7px; text-align: center; text-overflow: ellipsis; white-space: nowrap;\"><a style=\"color: #c9c8cd; font-family: Arial,sans-serif; font-size: 14px; font-style: normal; font-weight: normal; line-height: 17px; text-decoration: none;\" href=\"https:\/\/www.instagram.com\/p\/BhoyqdqH5Vl\/\" target=\"_blank\" rel=\"noopener\">Post udost\u0119pniony przez Olivia Jeanette (@oliviajeanette_)<\/a> <time style=\"font-family: Arial,sans-serif; font-size: 14px; line-height: 17px;\" datetime=\"2018-04-16T16:04:35+00:00\">Kwi 16, 2018 o 9:04 PDT<\/time><\/p>\n<\/div>\n<\/blockquote>\n<p><script async=\"\" defer=\"\" src=\"\/\/www.instagram.com\/embed.js\"><\/script><\/p>\n<h2>Niegrzeczna stylizacja na koncert &#8211; poka\u017c troch\u0119 cia\u0142a!<\/h2>\n<p>Przezroczysto\u015bci, odkryte ramiona oraz odkryty brzuch to kwintesencja mody na takich wydarzeniach, jak festiwal Coachella. Chocia\u017c na polskich festiwalach pogoda nie zawsze dopisuje, m<strong>o\u017cesz zdecydowa\u0107 si\u0119 na <span style=\"color: #000000;\">transparentne body <\/span>lub bluzk\u0119, kt\u00f3ra pi\u0119knie akcentuje zgrabne ramiona.<\/strong> Oba elementy \u015bwietnie wygl\u0105daj\u0105 z jeansowymi spodniami lub <a href=\"https:\/\/pakuten.pl\/26-spodnice\" target=\"_blank\" rel=\"noopener\"><strong><span style=\"color: #ff9900;\">sp\u00f3dnicami mini<\/span><\/strong><\/a>. Nie przejmuj si\u0119, kiedy deszcz pokrzy\u017cuje Ci plany. Zawsze przecie\u017c mo\u017cesz za\u0142o\u017cy\u0107 do nich sk\u00f3rzan\u0105 kurtk\u0119 albo\u2026 peleryn\u0119 przeciwdeszczow\u0105 i stylowe kalosze \ud83d\ude09<\/p>\n<div class=\"product-box-container\">\r\n<div class=\"one_third \" style=\"\">\r\n<div class=\"product-box\">\r\n<a href=\"https:\/\/pakuten.pl\/16607-53156-biale-prazkowane-body-z-dekoltem-w-serce-klarissa-bialy.html\" target=\"_blank\">\r\n <img src=\"https:\/\/media.pakuten.pl\/117384-large_default\/biale-prazkowane-body-z-dekoltem-w-serce-klarissa.jpg\" alt=\"BIA\u0141E PR\u0104\u017bKOWANE BODY Z DEKOLTEM W SERCE KLARISSA\"\/>\r\n<\/a>\r\n<p>\r\n<a href=\"https:\/\/pakuten.pl\/16607-53156-biale-prazkowane-body-z-dekoltem-w-serce-klarissa-bialy.html\" target=\"_blank\">\r\nBIA\u0141E PR\u0104\u017bKOWANE BODY Z DEKOLTEM W SERCE KLARISSA\r\n<\/a><\/p>\r\n  <p>Cena: 34,99\u00a0z\u0142<\/p>\r\n<a href=\"https:\/\/pakuten.pl\/16607-53156-biale-prazkowane-body-z-dekoltem-w-serce-klarissa-bialy.html\" target=\"_blank\" class=\"button\">\r\nZobacz w sklepie\r\n<\/a>\r\n<\/div>\r\n<\/div>\r\n<div class=\"one_third \" style=\"\">\r\n<div class=\"product-box\">\r\n<a href=\"https:\/\/pakuten.pl\/16606-53155-prazkowane-body-z-dekoltem-w-serce-klarissa-brudny-roz-brudny-roz.html\" target=\"_blank\">\r\n  <img src=\"https:\/\/media.pakuten.pl\/129221-large_default\/prazkowane-body-z-dekoltem-w-serce-klarissa-brudny-roz.jpg\" alt=\"PR\u0104\u017bKOWANE BODY Z DEKOLTEM W SERCE KLARISSA - brudny r\u00f3\u017c\"\/>\r\n<\/a>\r\n<p>\r\n<a href=\"https:\/\/pakuten.pl\/16606-53155-prazkowane-body-z-dekoltem-w-serce-klarissa-brudny-roz-brudny-roz.html\" target=\"_blank\">\r\nPR\u0104\u017bKOWANE BODY Z DEKOLTEM W SERCE KLARISSA - brudny r\u00f3\u017c\r\n<\/a><\/p>\r\n  <p>Cena: 34,99\u00a0z\u0142<\/p>\r\n<a href=\"https:\/\/pakuten.pl\/16606-53155-prazkowane-body-z-dekoltem-w-serce-klarissa-brudny-roz-brudny-roz.html\" target=\"_blank\" class=\"button\">\r\nZobacz w sklepie\r\n<\/a>\r\n<\/div>\r\n<\/div>\r\n<div class=\"one_third last \" style=\"\">\r\n<div class=\"product-box\">\r\n<a href=\"https:\/\/pakuten.pl\/17959-55594-brzoskwiniowe-prazkowane-body-z-dekoltem-w-serce-klarissa-brzoskwiniowy.html\" target=\"_blank\">\r\n  <img src=\"https:\/\/media.pakuten.pl\/126655-large_default\/brzoskwiniowe-prazkowane-body-z-dekoltem-w-serce-klarissa.jpg\" alt=\"Brzoskwiniowe pr\u0105\u017ckowane body z dekoltem w serce Klarissa\"\/>\r\n<\/a>\r\n<p>\r\n<a href=\"https:\/\/pakuten.pl\/17959-55594-brzoskwiniowe-prazkowane-body-z-dekoltem-w-serce-klarissa-brzoskwiniowy.html\" target=\"_blank\">\r\nBrzoskwiniowe pr\u0105\u017ckowane body z dekoltem w serce Klarissa\r\n<\/a><\/p>\r\n  <p>Cena: 69,99\u00a0z\u0142<\/p>\r\n<a href=\"https:\/\/pakuten.pl\/17959-55594-brzoskwiniowe-prazkowane-body-z-dekoltem-w-serce-klarissa-brzoskwiniowy.html\" target=\"_blank\" class=\"button\">\r\nZobacz w sklepie\r\n<\/a>\r\n<\/div>\r\n<\/div><br class=\"clear\"\/>\r\n<\/div>\n<p>Koniecznie sprawd\u017a w internecie, kiedy dok\u0142adnie odbywaj\u0105 si\u0119 w tym roku koncerty takie, jak : <span style=\"color: #000000;\">Opener Festival, OFF Festival , Audioriver, Pol\u2019and\u2019Rock Festival (Przystanek Woodstock), Orange Warsaw Festival.<\/span><\/p>\n\n\n<div class=\"kk-star-ratings kksr-auto kksr-align-right kksr-valign-bottom\"\n    data-payload='{&quot;align&quot;:&quot;right&quot;,&quot;id&quot;:&quot;746&quot;,&quot;slug&quot;:&quot;default&quot;,&quot;valign&quot;:&quot;bottom&quot;,&quot;ignore&quot;:&quot;&quot;,&quot;reference&quot;:&quot;auto&quot;,&quot;class&quot;:&quot;&quot;,&quot;count&quot;:&quot;24&quot;,&quot;legendonly&quot;:&quot;&quot;,&quot;readonly&quot;:&quot;&quot;,&quot;score&quot;:&quot;2.8&quot;,&quot;starsonly&quot;:&quot;&quot;,&quot;best&quot;:&quot;5&quot;,&quot;gap&quot;:&quot;5&quot;,&quot;greet&quot;:&quot;Rate this post&quot;,&quot;legend&quot;:&quot;2.8\\\/5 - (24 votes)&quot;,&quot;size&quot;:&quot;24&quot;,&quot;width&quot;:&quot;78.7&quot;,&quot;_legend&quot;:&quot;{score}\\\/{best} - ({count} {votes})&quot;,&quot;font_factor&quot;:&quot;1.25&quot;}'>\n            \n<div class=\"kksr-stars\">\n    \n<div class=\"kksr-stars-inactive\">\n            <div class=\"kksr-star\" data-star=\"1\" style=\"padding-right: 5px\">\n            \n\n<div class=\"kksr-icon\" style=\"width: 24px; height: 24px;\"><\/div>\n        <\/div>\n            <div class=\"kksr-star\" data-star=\"2\" style=\"padding-right: 5px\">\n            \n\n<div class=\"kksr-icon\" style=\"width: 24px; height: 24px;\"><\/div>\n        <\/div>\n            <div class=\"kksr-star\" data-star=\"3\" style=\"padding-right: 5px\">\n            \n\n<div class=\"kksr-icon\" style=\"width: 24px; height: 24px;\"><\/div>\n        <\/div>\n            <div class=\"kksr-star\" data-star=\"4\" style=\"padding-right: 5px\">\n            \n\n<div class=\"kksr-icon\" style=\"width: 24px; height: 24px;\"><\/div>\n        <\/div>\n            <div class=\"kksr-star\" data-star=\"5\" style=\"padding-right: 5px\">\n            \n\n<div class=\"kksr-icon\" style=\"width: 24px; height: 24px;\"><\/div>\n        <\/div>\n    <\/div>\n    \n<div class=\"kksr-stars-active\" style=\"width: 78.7px;\">\n            <div class=\"kksr-star\" style=\"padding-right: 5px\">\n            \n\n<div class=\"kksr-icon\" style=\"width: 24px; height: 24px;\"><\/div>\n        <\/div>\n            <div class=\"kksr-star\" style=\"padding-right: 5px\">\n            \n\n<div class=\"kksr-icon\" style=\"width: 24px; height: 24px;\"><\/div>\n        <\/div>\n            <div class=\"kksr-star\" style=\"padding-right: 5px\">\n            \n\n<div class=\"kksr-icon\" style=\"width: 24px; height: 24px;\"><\/div>\n        <\/div>\n            <div class=\"kksr-star\" style=\"padding-right: 5px\">\n            \n\n<div class=\"kksr-icon\" style=\"width: 24px; height: 24px;\"><\/div>\n        <\/div>\n            <div class=\"kksr-star\" style=\"padding-right: 5px\">\n            \n\n<div class=\"kksr-icon\" style=\"width: 24px; height: 24px;\"><\/div>\n        <\/div>\n    <\/div>\n<\/div>\n                \n\n<div class=\"kksr-legend\" style=\"font-size: 19.2px;\">\n            2.8\/5 - (24 votes)    <\/div>\n    <\/div>\n","protected":false},"excerpt":{"rendered":"<p>Festiwal Coachella to najwa\u017cniejsze muzyczne wydarzenie w ci\u0105gu ca\u0142ego roku. Dlaczego? To w\u0142a\u015bnie tu zbieraj\u0105 si\u0119 najwi\u0119ksze gwiazdy i influencerzy z ca\u0142ego \u015bwiata, \u017ceby celebrowa\u0107 kalifornijskie s\u0142o\u0144ce, muzyk\u0119, no i, oczywi\u015bcie, mod\u0119. Zobacz jakie trendy pojawi\u0142y si\u0119 podczas tegorocznej edycji Coachelli i stw\u00f3rz swoj\u0105 stylizacj\u0119 na polskie festiwale muzyczne!<\/p>\n","protected":false},"author":3,"featured_media":751,"comment_status":"open","ping_status":"open","sticky":false,"template":"","format":"standard","meta":[],"categories":[3],"tags":[41,70,43],"yoast_head":"<!-- This site is optimized with the Yoast SEO plugin v18.4.1 - https:\/\/yoast.com\/wordpress\/plugins\/seo\/ -->\n<title>Stylizacja na imprez\u0119. 9 najlepszych outfit\u00f3w boho z Coachella 2022 - Pakuten blog<\/title>\n<meta name=\"robots\" content=\"index, follow, max-snippet:-1, max-image-preview:large, max-video-preview:-1\" \/>\n<link rel=\"canonical\" href=\"https:\/\/pakuten.pl\/blog\/stylizacja-na-impreze-9-najlepszych-outfitow-boho-z-coachella-2018\/\" \/>\n<meta property=\"og:locale\" content=\"pl_PL\" \/>\n<meta property=\"og:type\" content=\"article\" \/>\n<meta property=\"og:title\" content=\"Stylizacja na imprez\u0119. 9 najlepszych outfit\u00f3w boho z Coachella 2022 - Pakuten blog\" \/>\n<meta property=\"og:description\" content=\"Festiwal Coachella to najwa\u017cniejsze muzyczne wydarzenie w ci\u0105gu ca\u0142ego roku. Dlaczego? To w\u0142a\u015bnie tu zbieraj\u0105 si\u0119 najwi\u0119ksze gwiazdy i influencerzy z ca\u0142ego \u015bwiata, \u017ceby celebrowa\u0107 kalifornijskie s\u0142o\u0144ce, muzyk\u0119, no i, oczywi\u015bcie, mod\u0119. Zobacz jakie trendy pojawi\u0142y si\u0119 podczas tegorocznej edycji Coachelli i stw\u00f3rz swoj\u0105 stylizacj\u0119 na polskie festiwale muzyczne!\" \/>\n<meta property=\"og:url\" content=\"https:\/\/pakuten.pl\/blog\/stylizacja-na-impreze-9-najlepszych-outfitow-boho-z-coachella-2018\/\" \/>\n<meta property=\"og:site_name\" content=\"Pakuten blog\" \/>\n<meta property=\"article:published_time\" content=\"2018-05-01T07:00:04+00:00\" \/>\n<meta property=\"article:modified_time\" content=\"2021-08-23T13:09:59+00:00\" \/>\n<meta property=\"og:image\" content=\"https:\/\/pakuten.pl\/blog\/wp-content\/uploads\/2018\/04\/Stylizacja-na-imprez\u0119.-9-najlepszych-outfit\u00f3w-boho-z-Coachella-2018-min.jpeg\" \/>\n\t<meta property=\"og:image:width\" content=\"1280\" \/>\n\t<meta property=\"og:image:height\" content=\"854\" \/>\n\t<meta property=\"og:image:type\" content=\"image\/jpeg\" \/>\n<meta name=\"twitter:card\" content=\"summary_large_image\" \/>\n<meta name=\"twitter:label1\" content=\"Napisane przez\" \/>\n\t<meta name=\"twitter:data1\" content=\"Pakuten Girl\" \/>\n\t<meta name=\"twitter:label2\" content=\"Szacowany czas czytania\" \/>\n\t<meta name=\"twitter:data2\" content=\"3 minuty\" \/>\n<script type=\"application\/ld+json\" class=\"yoast-schema-graph\">{\"@context\":\"https:\/\/schema.org\",\"@graph\":[{\"@type\":\"Organization\",\"@id\":\"https:\/\/pakuten.pl\/blog\/#organization\",\"name\":\"Pakuten\",\"url\":\"https:\/\/pakuten.pl\/blog\/\",\"sameAs\":[],\"logo\":{\"@type\":\"ImageObject\",\"@id\":\"https:\/\/pakuten.pl\/blog\/#logo\",\"inLanguage\":\"pl-PL\",\"url\":\"http:\/\/pakuten.pl\/blog\/wp-content\/uploads\/2018\/01\/pakuten_logo.png\",\"contentUrl\":\"http:\/\/pakuten.pl\/blog\/wp-content\/uploads\/2018\/01\/pakuten_logo.png\",\"width\":300,\"height\":120,\"caption\":\"Pakuten\"},\"image\":{\"@id\":\"https:\/\/pakuten.pl\/blog\/#logo\"}},{\"@type\":\"WebSite\",\"@id\":\"https:\/\/pakuten.pl\/blog\/#website\",\"url\":\"https:\/\/pakuten.pl\/blog\/\",\"name\":\"Pakuten blog\",\"description\":\"Blog sklepu internetowego pakuten.pl\",\"publisher\":{\"@id\":\"https:\/\/pakuten.pl\/blog\/#organization\"},\"potentialAction\":[{\"@type\":\"SearchAction\",\"target\":{\"@type\":\"EntryPoint\",\"urlTemplate\":\"https:\/\/pakuten.pl\/blog\/?s={search_term_string}\"},\"query-input\":\"required name=search_term_string\"}],\"inLanguage\":\"pl-PL\"},{\"@type\":\"ImageObject\",\"@id\":\"https:\/\/pakuten.pl\/blog\/stylizacja-na-impreze-9-najlepszych-outfitow-boho-z-coachella-2018\/#primaryimage\",\"inLanguage\":\"pl-PL\",\"url\":\"https:\/\/pakuten.pl\/blog\/wp-content\/uploads\/2018\/04\/Stylizacja-na-imprez\u0119.-9-najlepszych-outfit\u00f3w-boho-z-Coachella-2018-min.jpeg\",\"contentUrl\":\"https:\/\/pakuten.pl\/blog\/wp-content\/uploads\/2018\/04\/Stylizacja-na-imprez\u0119.-9-najlepszych-outfit\u00f3w-boho-z-Coachella-2018-min.jpeg\",\"width\":1280,\"height\":854,\"caption\":\"Stylizacja na imprez\u0119. 9 najlepszych outfit\u00f3w boho z Coachella 2018-min\"},{\"@type\":\"WebPage\",\"@id\":\"https:\/\/pakuten.pl\/blog\/stylizacja-na-impreze-9-najlepszych-outfitow-boho-z-coachella-2018\/#webpage\",\"url\":\"https:\/\/pakuten.pl\/blog\/stylizacja-na-impreze-9-najlepszych-outfitow-boho-z-coachella-2018\/\",\"name\":\"Stylizacja na imprez\u0119. 9 najlepszych outfit\u00f3w boho z Coachella 2022 - Pakuten blog\",\"isPartOf\":{\"@id\":\"https:\/\/pakuten.pl\/blog\/#website\"},\"primaryImageOfPage\":{\"@id\":\"https:\/\/pakuten.pl\/blog\/stylizacja-na-impreze-9-najlepszych-outfitow-boho-z-coachella-2018\/#primaryimage\"},\"datePublished\":\"2018-05-01T07:00:04+00:00\",\"dateModified\":\"2021-08-23T13:09:59+00:00\",\"breadcrumb\":{\"@id\":\"https:\/\/pakuten.pl\/blog\/stylizacja-na-impreze-9-najlepszych-outfitow-boho-z-coachella-2018\/#breadcrumb\"},\"inLanguage\":\"pl-PL\",\"potentialAction\":[{\"@type\":\"ReadAction\",\"target\":[\"https:\/\/pakuten.pl\/blog\/stylizacja-na-impreze-9-najlepszych-outfitow-boho-z-coachella-2018\/\"]}]},{\"@type\":\"BreadcrumbList\",\"@id\":\"https:\/\/pakuten.pl\/blog\/stylizacja-na-impreze-9-najlepszych-outfitow-boho-z-coachella-2018\/#breadcrumb\",\"itemListElement\":[{\"@type\":\"ListItem\",\"position\":1,\"name\":\"Strona g\u0142\u00f3wna\",\"item\":\"https:\/\/pakuten.pl\/blog\/\"},{\"@type\":\"ListItem\",\"position\":2,\"name\":\"Stylizacja na imprez\u0119. 9 najlepszych outfit\u00f3w boho z Coachella 2022\"}]},{\"@type\":\"Article\",\"@id\":\"https:\/\/pakuten.pl\/blog\/stylizacja-na-impreze-9-najlepszych-outfitow-boho-z-coachella-2018\/#article\",\"isPartOf\":{\"@id\":\"https:\/\/pakuten.pl\/blog\/stylizacja-na-impreze-9-najlepszych-outfitow-boho-z-coachella-2018\/#webpage\"},\"author\":{\"@id\":\"https:\/\/pakuten.pl\/blog\/#\/schema\/person\/d7133af30211381a4e4536d088384556\"},\"headline\":\"Stylizacja na imprez\u0119. 9 najlepszych outfit\u00f3w boho z Coachella 2022\",\"datePublished\":\"2018-05-01T07:00:04+00:00\",\"dateModified\":\"2021-08-23T13:09:59+00:00\",\"mainEntityOfPage\":{\"@id\":\"https:\/\/pakuten.pl\/blog\/stylizacja-na-impreze-9-najlepszych-outfitow-boho-z-coachella-2018\/#webpage\"},\"wordCount\":686,\"commentCount\":0,\"publisher\":{\"@id\":\"https:\/\/pakuten.pl\/blog\/#organization\"},\"image\":{\"@id\":\"https:\/\/pakuten.pl\/blog\/stylizacja-na-impreze-9-najlepszych-outfitow-boho-z-coachella-2018\/#primaryimage\"},\"thumbnailUrl\":\"https:\/\/pakuten.pl\/blog\/wp-content\/uploads\/2018\/04\/Stylizacja-na-imprez\u0119.-9-najlepszych-outfit\u00f3w-boho-z-Coachella-2018-min.jpeg\",\"keywords\":[\"hot trend\",\"stylizacja na imprez\u0119\",\"stylizacje gwiazd\"],\"articleSection\":[\"Top Trends\"],\"inLanguage\":\"pl-PL\",\"potentialAction\":[{\"@type\":\"CommentAction\",\"name\":\"Comment\",\"target\":[\"https:\/\/pakuten.pl\/blog\/stylizacja-na-impreze-9-najlepszych-outfitow-boho-z-coachella-2018\/#respond\"]}]},{\"@type\":\"Person\",\"@id\":\"https:\/\/pakuten.pl\/blog\/#\/schema\/person\/d7133af30211381a4e4536d088384556\",\"name\":\"Pakuten Girl\",\"image\":{\"@type\":\"ImageObject\",\"@id\":\"https:\/\/pakuten.pl\/blog\/#personlogo\",\"inLanguage\":\"pl-PL\",\"url\":\"https:\/\/secure.gravatar.com\/avatar\/d3df41de2caf92e6cfded9430c2ff352?s=96&d=mm&r=g\",\"contentUrl\":\"https:\/\/secure.gravatar.com\/avatar\/d3df41de2caf92e6cfded9430c2ff352?s=96&d=mm&r=g\",\"caption\":\"Pakuten Girl\"},\"description\":\"Cze\u015b\u0107, nazywam si\u0119 Ola. Kocham Netflixa, sals\u0119, nowo\u015bci kosmetyczne i najnowsze trendy w modzie.\",\"url\":\"https:\/\/pakuten.pl\/blog\/author\/pakuten-girl\/\"}]}<\/script>\n<!-- \/ Yoast SEO plugin. -->","yoast_head_json":{"title":"Stylizacja na imprez\u0119. 9 najlepszych outfit\u00f3w boho z Coachella 2022 - Pakuten blog","robots":{"index":"index","follow":"follow","max-snippet":"max-snippet:-1","max-image-preview":"max-image-preview:large","max-video-preview":"max-video-preview:-1"},"canonical":"https:\/\/pakuten.pl\/blog\/stylizacja-na-impreze-9-najlepszych-outfitow-boho-z-coachella-2018\/","og_locale":"pl_PL","og_type":"article","og_title":"Stylizacja na imprez\u0119. 9 najlepszych outfit\u00f3w boho z Coachella 2022 - Pakuten blog","og_description":"Festiwal Coachella to najwa\u017cniejsze muzyczne wydarzenie w ci\u0105gu ca\u0142ego roku. Dlaczego? To w\u0142a\u015bnie tu zbieraj\u0105 si\u0119 najwi\u0119ksze gwiazdy i influencerzy z ca\u0142ego \u015bwiata, \u017ceby celebrowa\u0107 kalifornijskie s\u0142o\u0144ce, muzyk\u0119, no i, oczywi\u015bcie, mod\u0119. Zobacz jakie trendy pojawi\u0142y si\u0119 podczas tegorocznej edycji Coachelli i stw\u00f3rz swoj\u0105 stylizacj\u0119 na polskie festiwale muzyczne!","og_url":"https:\/\/pakuten.pl\/blog\/stylizacja-na-impreze-9-najlepszych-outfitow-boho-z-coachella-2018\/","og_site_name":"Pakuten blog","article_published_time":"2018-05-01T07:00:04+00:00","article_modified_time":"2021-08-23T13:09:59+00:00","og_image":[{"width":1280,"height":854,"url":"https:\/\/pakuten.pl\/blog\/wp-content\/uploads\/2018\/04\/Stylizacja-na-imprez\u0119.-9-najlepszych-outfit\u00f3w-boho-z-Coachella-2018-min.jpeg","type":"image\/jpeg"}],"twitter_card":"summary_large_image","twitter_misc":{"Napisane przez":"Pakuten Girl","Szacowany czas czytania":"3 minuty"},"schema":{"@context":"https:\/\/schema.org","@graph":[{"@type":"Organization","@id":"https:\/\/pakuten.pl\/blog\/#organization","name":"Pakuten","url":"https:\/\/pakuten.pl\/blog\/","sameAs":[],"logo":{"@type":"ImageObject","@id":"https:\/\/pakuten.pl\/blog\/#logo","inLanguage":"pl-PL","url":"http:\/\/pakuten.pl\/blog\/wp-content\/uploads\/2018\/01\/pakuten_logo.png","contentUrl":"http:\/\/pakuten.pl\/blog\/wp-content\/uploads\/2018\/01\/pakuten_logo.png","width":300,"height":120,"caption":"Pakuten"},"image":{"@id":"https:\/\/pakuten.pl\/blog\/#logo"}},{"@type":"WebSite","@id":"https:\/\/pakuten.pl\/blog\/#website","url":"https:\/\/pakuten.pl\/blog\/","name":"Pakuten blog","description":"Blog sklepu internetowego pakuten.pl","publisher":{"@id":"https:\/\/pakuten.pl\/blog\/#organization"},"potentialAction":[{"@type":"SearchAction","target":{"@type":"EntryPoint","urlTemplate":"https:\/\/pakuten.pl\/blog\/?s={search_term_string}"},"query-input":"required name=search_term_string"}],"inLanguage":"pl-PL"},{"@type":"ImageObject","@id":"https:\/\/pakuten.pl\/blog\/stylizacja-na-impreze-9-najlepszych-outfitow-boho-z-coachella-2018\/#primaryimage","inLanguage":"pl-PL","url":"https:\/\/pakuten.pl\/blog\/wp-content\/uploads\/2018\/04\/Stylizacja-na-imprez\u0119.-9-najlepszych-outfit\u00f3w-boho-z-Coachella-2018-min.jpeg","contentUrl":"https:\/\/pakuten.pl\/blog\/wp-content\/uploads\/2018\/04\/Stylizacja-na-imprez\u0119.-9-najlepszych-outfit\u00f3w-boho-z-Coachella-2018-min.jpeg","width":1280,"height":854,"caption":"Stylizacja na imprez\u0119. 9 najlepszych outfit\u00f3w boho z Coachella 2018-min"},{"@type":"WebPage","@id":"https:\/\/pakuten.pl\/blog\/stylizacja-na-impreze-9-najlepszych-outfitow-boho-z-coachella-2018\/#webpage","url":"https:\/\/pakuten.pl\/blog\/stylizacja-na-impreze-9-najlepszych-outfitow-boho-z-coachella-2018\/","name":"Stylizacja na imprez\u0119. 9 najlepszych outfit\u00f3w boho z Coachella 2022 - Pakuten blog","isPartOf":{"@id":"https:\/\/pakuten.pl\/blog\/#website"},"primaryImageOfPage":{"@id":"https:\/\/pakuten.pl\/blog\/stylizacja-na-impreze-9-najlepszych-outfitow-boho-z-coachella-2018\/#primaryimage"},"datePublished":"2018-05-01T07:00:04+00:00","dateModified":"2021-08-23T13:09:59+00:00","breadcrumb":{"@id":"https:\/\/pakuten.pl\/blog\/stylizacja-na-impreze-9-najlepszych-outfitow-boho-z-coachella-2018\/#breadcrumb"},"inLanguage":"pl-PL","potentialAction":[{"@type":"ReadAction","target":["https:\/\/pakuten.pl\/blog\/stylizacja-na-impreze-9-najlepszych-outfitow-boho-z-coachella-2018\/"]}]},{"@type":"BreadcrumbList","@id":"https:\/\/pakuten.pl\/blog\/stylizacja-na-impreze-9-najlepszych-outfitow-boho-z-coachella-2018\/#breadcrumb","itemListElement":[{"@type":"ListItem","position":1,"name":"Strona g\u0142\u00f3wna","item":"https:\/\/pakuten.pl\/blog\/"},{"@type":"ListItem","position":2,"name":"Stylizacja na imprez\u0119. 9 najlepszych outfit\u00f3w boho z Coachella 2022"}]},{"@type":"Article","@id":"https:\/\/pakuten.pl\/blog\/stylizacja-na-impreze-9-najlepszych-outfitow-boho-z-coachella-2018\/#article","isPartOf":{"@id":"https:\/\/pakuten.pl\/blog\/stylizacja-na-impreze-9-najlepszych-outfitow-boho-z-coachella-2018\/#webpage"},"author":{"@id":"https:\/\/pakuten.pl\/blog\/#\/schema\/person\/d7133af30211381a4e4536d088384556"},"headline":"Stylizacja na imprez\u0119. 9 najlepszych outfit\u00f3w boho z Coachella 2022","datePublished":"2018-05-01T07:00:04+00:00","dateModified":"2021-08-23T13:09:59+00:00","mainEntityOfPage":{"@id":"https:\/\/pakuten.pl\/blog\/stylizacja-na-impreze-9-najlepszych-outfitow-boho-z-coachella-2018\/#webpage"},"wordCount":686,"commentCount":0,"publisher":{"@id":"https:\/\/pakuten.pl\/blog\/#organization"},"image":{"@id":"https:\/\/pakuten.pl\/blog\/stylizacja-na-impreze-9-najlepszych-outfitow-boho-z-coachella-2018\/#primaryimage"},"thumbnailUrl":"https:\/\/pakuten.pl\/blog\/wp-content\/uploads\/2018\/04\/Stylizacja-na-imprez\u0119.-9-najlepszych-outfit\u00f3w-boho-z-Coachella-2018-min.jpeg","keywords":["hot trend","stylizacja na imprez\u0119","stylizacje gwiazd"],"articleSection":["Top Trends"],"inLanguage":"pl-PL","potentialAction":[{"@type":"CommentAction","name":"Comment","target":["https:\/\/pakuten.pl\/blog\/stylizacja-na-impreze-9-najlepszych-outfitow-boho-z-coachella-2018\/#respond"]}]},{"@type":"Person","@id":"https:\/\/pakuten.pl\/blog\/#\/schema\/person\/d7133af30211381a4e4536d088384556","name":"Pakuten Girl","image":{"@type":"ImageObject","@id":"https:\/\/pakuten.pl\/blog\/#personlogo","inLanguage":"pl-PL","url":"https:\/\/secure.gravatar.com\/avatar\/d3df41de2caf92e6cfded9430c2ff352?s=96&d=mm&r=g","contentUrl":"https:\/\/secure.gravatar.com\/avatar\/d3df41de2caf92e6cfded9430c2ff352?s=96&d=mm&r=g","caption":"Pakuten Girl"},"description":"Cze\u015b\u0107, nazywam si\u0119 Ola. Kocham Netflixa, sals\u0119, nowo\u015bci kosmetyczne i najnowsze trendy w modzie.","url":"https:\/\/pakuten.pl\/blog\/author\/pakuten-girl\/"}]}},"_links":{"self":[{"href":"https:\/\/pakuten.pl\/blog\/wp-json\/wp\/v2\/posts\/746"}],"collection":[{"href":"https:\/\/pakuten.pl\/blog\/wp-json\/wp\/v2\/posts"}],"about":[{"href":"https:\/\/pakuten.pl\/blog\/wp-json\/wp\/v2\/types\/post"}],"author":[{"embeddable":true,"href":"https:\/\/pakuten.pl\/blog\/wp-json\/wp\/v2\/users\/3"}],"replies":[{"embeddable":true,"href":"https:\/\/pakuten.pl\/blog\/wp-json\/wp\/v2\/comments?post=746"}],"version-history":[{"count":9,"href":"https:\/\/pakuten.pl\/blog\/wp-json\/wp\/v2\/posts\/746\/revisions"}],"predecessor-version":[{"id":5037,"href":"https:\/\/pakuten.pl\/blog\/wp-json\/wp\/v2\/posts\/746\/revisions\/5037"}],"wp:featuredmedia":[{"embeddable":true,"href":"https:\/\/pakuten.pl\/blog\/wp-json\/wp\/v2\/media\/751"}],"wp:attachment":[{"href":"https:\/\/pakuten.pl\/blog\/wp-json\/wp\/v2\/media?parent=746"}],"wp:term":[{"taxonomy":"category","embeddable":true,"href":"https:\/\/pakuten.pl\/blog\/wp-json\/wp\/v2\/categories?post=746"},{"taxonomy":"post_tag","embeddable":true,"href":"https:\/\/pakuten.pl\/blog\/wp-json\/wp\/v2\/tags?post=746"}],"curies":[{"name":"wp","href":"https:\/\/api.w.org\/{rel}","templated":true}]}}