{"id":7463,"date":"2023-02-03T08:40:00","date_gmt":"2023-02-03T07:40:00","guid":{"rendered":"https:\/\/pakuten.pl\/blog\/?p=7463"},"modified":"2023-02-01T09:42:27","modified_gmt":"2023-02-01T08:42:27","slug":"14-luty-swietego-walentego-2023-jak-sie-ubrac-w-ten-dzien","status":"publish","type":"post","link":"https:\/\/pakuten.pl\/blog\/14-luty-swietego-walentego-2023-jak-sie-ubrac-w-ten-dzien\/","title":{"rendered":"14 Luty, \u015awi\u0119tego Walentego 2023 jak si\u0119 ubra\u0107 w ten dzie\u0144 ?"},"content":{"rendered":"\n<p><strong>Walentynki to dzie\u0144 w kt\u00f3rym zakochani \u015bwi\u0119tuj\u0105 swoj\u0105 mi\u0142o\u015b\u0107, dla niekt\u00f3rych ten dzie\u0144 ma bardzo du\u017ce znaczenie i bardzo lubi\u0105 je \u015bwi\u0119towa\u0107 a dla innych mog\u0142oby nie istnie\u0107, poniewa\u017c nie maja drugiej po\u0142\u00f3wki albo po prostu to \u015bwi\u0119to ich totalnie nie obchodzi. Walentynki to coroczne \u015bwi\u0119to, kt\u00f3re przypada na 14 Lutego ka\u017cdego roku. Nazwa ta pochodzi od \u015awi\u0119tego Walentego. Warto w tym dniu pokaza\u0107 swojej drugiej po\u0142\u00f3wce jak bardzo nam na niej zale\u017cy i \u017ce bardzo ja kochamy. Zrobi\u0107 sobie ma\u0142y prezent i sp\u0119dzi\u0107 razem ten dzie\u0144 w przyjemny spos\u00f3b.<\/strong><\/p>\n<p>\u00a0<\/p>\n<p>\u00a0<\/p>\n<p>\u00a0<\/p>\n<h2><span style=\"color: #ff9900;\">Jak si\u0119 ubra\u0107 na walentynki ?<\/span><\/h2>\n<p>\u00a0<\/p>\n<p>\u00a0<\/p>\n<p>Je\u017celi chodzi o ubranie w dzie\u0144 walentynek to wszystko zale\u017cy od tego co b\u0119dziemy w ten dzie\u0144 robi\u0107 ? Je\u017celi jeste\u015b single\/singielk\u0105 i nie koniecznie obchodzi Cie to \u015bwi\u0119to i nie chcesz go obchodzi\u0107 bo jest to dla Ciebie zwyk\u0142y dzie\u0144, to ubierz si\u0119 tak jak lubisz i tak jak wymaga od Ciebie tego plan twojego dnia. Je\u017celi masz wolny dzie\u0144, mo\u017cesz postawi\u0107 na wygodny <span style=\"color: #ff9900;\">komplet dresowy<\/span> i sneakersy. A je\u017celi jeste\u015b szcz\u0119\u015bliwie zakochana i planujecie w ten dzie\u0144 ze swoja drug\u0105 po\u0142\u00f3wk\u0105 podarowa\u0107 sobie ma\u0142e upominki i wyj\u015b\u0107 na romantyczny spacer czy kolacje we dwoje to mamy dla Ciebie kilka propozycji na stylizacj\u0119 tego dnia. Wszystko tez zale\u017cy od tego jaka dopisze Wam pogoda w danym dniu, je\u017celi b\u0119dzie w miar\u0119 ciep\u0142o to mo\u017cesz postawi\u0107 na eleganck\u0105 sukienk\u0119, lub sp\u00f3dniczk\u0119 z koszul\u0105, a je\u017celi jest to mro\u017any dzie\u0144 do mo\u017cesz wykorzysta\u0107 spodnie i koszul\u0119 aby nie by\u0142o Ci zbyt zimno.<\/p>\n<p>\u00a0<\/p>\n<p>\u00a0<\/p>\n<p>\u00a0<\/p>\n<div class=\"product-box-container\">\r\n<div class=\"one_third \" style=\"\">\r\n<div class=\"product-box\">\r\n<a href=\"https:\/\/pakuten.pl\/30036-68206-wzorzysta-sukienka-z-przekladanym-dekoltem-lerotto-j3-j3.html\" target=\"_blank\">\r\n <img src=\"https:\/\/media.pakuten.pl\/185043-large_default\/wzorzysta-sukienka-z-przekladanym-dekoltem-lerotto-j3.jpg\" alt=\"Wzorzysta sukienka z przek\u0142adanym dekoltem Lerotto - J3\"\/>\r\n<\/a>\r\n<p>\r\n<a href=\"https:\/\/pakuten.pl\/30036-68206-wzorzysta-sukienka-z-przekladanym-dekoltem-lerotto-j3-j3.html\" target=\"_blank\">\r\nWzorzysta sukienka z przek\u0142adanym dekoltem Lerotto - J3\r\n<\/a><\/p>\r\n  <p>Cena: 49,99\u00a0z\u0142<\/p>\r\n<a href=\"https:\/\/pakuten.pl\/30036-68206-wzorzysta-sukienka-z-przekladanym-dekoltem-lerotto-j3-j3.html\" target=\"_blank\" class=\"button\">\r\nZobacz w sklepie\r\n<\/a>\r\n<\/div>\r\n<\/div>\r\n<div class=\"one_third \" style=\"\">\r\n<div class=\"product-box\">\r\n<a href=\"https:\/\/pakuten.pl\/30048-68232-wzorzysta-bluzka-z-przekladanym-dekoltem-eretta-j2-j2.html\" target=\"_blank\">\r\n  <img src=\"https:\/\/media.pakuten.pl\/185105-large_default\/wzorzysta-bluzka-z-przekladanym-dekoltem-eretta-j2.jpg\" alt=\"Wzorzysta bluzka z przek\u0142adanym dekoltem Eretta - J2\"\/>\r\n<\/a>\r\n<p>\r\n<a href=\"https:\/\/pakuten.pl\/30048-68232-wzorzysta-bluzka-z-przekladanym-dekoltem-eretta-j2-j2.html\" target=\"_blank\">\r\nWzorzysta bluzka z przek\u0142adanym dekoltem Eretta - J2\r\n<\/a><\/p>\r\n  <p>Cena: 39,99\u00a0z\u0142<\/p>\r\n<a href=\"https:\/\/pakuten.pl\/30048-68232-wzorzysta-bluzka-z-przekladanym-dekoltem-eretta-j2-j2.html\" target=\"_blank\" class=\"button\">\r\nZobacz w sklepie\r\n<\/a>\r\n<\/div>\r\n<\/div>\r\n<div class=\"one_third last \" style=\"\">\r\n<div class=\"product-box\">\r\n<a href=\"https:\/\/pakuten.pl\/30049-68234-wzorzysta-bluzka-z-przekladanym-dekoltem-eretta-j3-j3.html\" target=\"_blank\">\r\n  <img src=\"https:\/\/media.pakuten.pl\/185111-large_default\/wzorzysta-bluzka-z-przekladanym-dekoltem-eretta-j3.jpg\" alt=\"Wzorzysta bluzka z przek\u0142adanym dekoltem Eretta - J3\"\/>\r\n<\/a>\r\n<p>\r\n<a href=\"https:\/\/pakuten.pl\/30049-68234-wzorzysta-bluzka-z-przekladanym-dekoltem-eretta-j3-j3.html\" target=\"_blank\">\r\nWzorzysta bluzka z przek\u0142adanym dekoltem Eretta - J3\r\n<\/a><\/p>\r\n  <p>Cena: 39,99\u00a0z\u0142<\/p>\r\n<a href=\"https:\/\/pakuten.pl\/30049-68234-wzorzysta-bluzka-z-przekladanym-dekoltem-eretta-j3-j3.html\" target=\"_blank\" class=\"button\">\r\nZobacz w sklepie\r\n<\/a>\r\n<\/div>\r\n<\/div><br class=\"clear\"\/>\r\n<\/div>\n<p>\u00a0<\/p>\n<p>\u00a0<\/p>\n<p>\u00a0<\/p>\n<h2><span style=\"color: #ff9900;\">Na co zwr\u00f3ci\u0107 uwag\u0119 wybieraj\u0105c ubranie na ten dzie\u0144 ?<\/span><\/h2>\n<p>\u00a0<\/p>\n<p>\u00a0<\/p>\n<p>\u00a0<\/p>\n<p>W tym dniu dobrze by\u0142oby aby\u015b ubra\u0142a si\u0119 \u0142adnie, elegancko lub w miar\u0119 schludnie je\u017celi nie lubisz eleganckich ubra\u0144. Je\u017celi ze swoja drug\u0105 po\u0142\u00f3wk\u0105 planujecie wyj\u015b\u0107 na miasto na spacer, do kawiarni czy do restauracji to ubierz si\u0119 elegancko i kobieco tak aby tw\u00f3j parter by\u0142 w Ciebie wpatrzony i aby\u015b zrobi\u0142a na nim wra\u017cenie. Poczuj si\u0119 pi\u0119kna tego dnia i zadbaj o to aby\u015b wygl\u0105da\u0142a wyj\u0105tkowo. Fajnie b\u0119dzie wygl\u0105da\u0107 po\u0142\u0105czenie spodni z wysokim stanem w kolorze czarnym z bluzk\u0105 w ciekawym pincie , idealne po\u0142\u0105czenie. Mo\u017cesz postawi\u0107 te\u017c na <span style=\"color: #ff9900;\">wzorzyst\u0105 sukienka z przek\u0142adanym dekoltem Lerotto.<\/span><\/p>\n<p>\u00a0<\/p>\n<p>\u00a0<\/p>\n<p>\u00a0<\/p>\n<blockquote class=\"instagram-media\" style=\"background: #FFF; border: 0; border-radius: 3px; box-shadow: 0 0 1px 0 rgba(0,0,0,0.5),0 1px 10px 0 rgba(0,0,0,0.15); margin: 1px; max-width: 540px; min-width: 326px; padding: 0; width: calc(100% - 2px);\" data-instgrm-captioned=\"\" data-instgrm-permalink=\"https:\/\/www.instagram.com\/p\/CnWyRodoVxu\/?utm_source=ig_embed&amp;utm_campaign=loading\" data-instgrm-version=\"14\">\n<div style=\"padding: 16px;\">\n<div style=\"display: flex; flex-direction: row; align-items: center;\">\n<div style=\"background-color: #f4f4f4; border-radius: 50%; flex-grow: 0; height: 40px; margin-right: 14px; width: 40px;\">\u00a0<\/div>\n<div style=\"display: flex; flex-direction: column; flex-grow: 1; justify-content: center;\">\n<div style=\"background-color: #f4f4f4; border-radius: 4px; flex-grow: 0; height: 14px; margin-bottom: 6px; width: 100px;\">\u00a0<\/div>\n<div style=\"background-color: #f4f4f4; border-radius: 4px; flex-grow: 0; height: 14px; width: 60px;\">\u00a0<\/div>\n<\/div>\n<\/div>\n<div style=\"padding: 19% 0;\">\u00a0<\/div>\n<div style=\"display: block; height: 50px; margin: 0 auto 12px; width: 50px;\">\u00a0<\/div>\n<div style=\"padding-top: 8px;\">\n<div style=\"color: #3897f0; font-family: Arial,sans-serif; font-size: 14px; font-style: normal; font-weight: 550; line-height: 18px;\">Wy\u015bwietl ten post na Instagramie<\/div>\n<\/div>\n<div style=\"padding: 12.5% 0;\">\u00a0<\/div>\n<div style=\"display: flex; flex-direction: row; margin-bottom: 14px; align-items: center;\">\n<div>\n<div style=\"background-color: #f4f4f4; border-radius: 50%; height: 12.5px; width: 12.5px; transform: translateX(0px) translateY(7px);\">\u00a0<\/div>\n<div style=\"background-color: #f4f4f4; height: 12.5px; transform: rotate(-45deg) translateX(3px) translateY(1px); width: 12.5px; flex-grow: 0; margin-right: 14px; margin-left: 2px;\">\u00a0<\/div>\n<div style=\"background-color: #f4f4f4; border-radius: 50%; height: 12.5px; width: 12.5px; transform: translateX(9px) translateY(-18px);\">\u00a0<\/div>\n<\/div>\n<div style=\"margin-left: 8px;\">\n<div style=\"background-color: #f4f4f4; border-radius: 50%; flex-grow: 0; height: 20px; width: 20px;\">\u00a0<\/div>\n<div style=\"width: 0; height: 0; border-top: 2px solid transparent; border-left: 6px solid #f4f4f4; border-bottom: 2px solid transparent; transform: translateX(16px) translateY(-4px) rotate(30deg);\">\u00a0<\/div>\n<\/div>\n<div style=\"margin-left: auto;\">\n<div style=\"width: 0px; border-top: 8px solid #F4F4F4; border-right: 8px solid transparent; transform: translateY(16px);\">\u00a0<\/div>\n<div style=\"background-color: #f4f4f4; flex-grow: 0; height: 12px; width: 16px; transform: translateY(-4px);\">\u00a0<\/div>\n<div style=\"width: 0; height: 0; border-top: 8px solid #F4F4F4; border-left: 8px solid transparent; transform: translateY(-4px) translateX(8px);\">\u00a0<\/div>\n<\/div>\n<\/div>\n<div style=\"display: flex; flex-direction: column; flex-grow: 1; justify-content: center; margin-bottom: 24px;\">\n<div style=\"background-color: #f4f4f4; border-radius: 4px; flex-grow: 0; height: 14px; margin-bottom: 6px; width: 224px;\">\u00a0<\/div>\n<div style=\"background-color: #f4f4f4; border-radius: 4px; flex-grow: 0; height: 14px; width: 144px;\">\u00a0<\/div>\n<\/div>\n<p style=\"color: #c9c8cd; font-family: Arial,sans-serif; font-size: 14px; line-height: 17px; margin-bottom: 0; margin-top: 8px; overflow: hidden; padding: 8px 0 7px; text-align: center; text-overflow: ellipsis; white-space: nowrap;\"><a style=\"color: #c9c8cd; font-family: Arial,sans-serif; font-size: 14px; font-style: normal; font-weight: normal; line-height: 17px; text-decoration: none;\" href=\"https:\/\/www.instagram.com\/p\/CnWyRodoVxu\/?utm_source=ig_embed&amp;utm_campaign=loading\" target=\"_blank\" rel=\"noopener\">Post udost\u0119pniony przez Pakuten.pl \u2022 Modna i tania odzie\u017c damska (@pakuten.official)<\/a><\/p>\n<\/div>\n<\/blockquote>\n<p><script async src=\"\/\/www.instagram.com\/embed.js\"><\/script><\/p>\n<p>\u00a0<\/p>\n<h2><span style=\"color: #ff9900;\">Co zaplanowa\u0107 na ten dzie\u0144 ?<\/span><\/h2>\n<p>\u00a0<\/p>\n<p>Klika pomys\u0142\u00f3w na zorganizowanie tego dnia aby zaskoczy\u0107 swoj\u0105 druga po\u0142\u00f3wk\u0119 ? Je\u017celi to ty organizujesz ten dzie\u0144 to fajnie by by\u0142o je\u017celi zaskoczysz swoj\u0105 druga po\u0142\u00f3wk\u0119. Zaplanuj ten dzie\u0144 tak aby\u015bcie byli obydwoje zadowoleni. Je\u017celi masz do wykorzystania ca\u0142y dzie\u0144 lub mo\u017cesz zaplanowa\u0107 to na ca\u0142y weekend to mo\u017cesz zabra\u0107 swoj\u0105 mi\u0142o\u015b\u0107 na romantyczna kolacj\u0119 lub obiad, r\u00f3\u017cne firmy te\u017c oferuja \u015bniadania walentynkowe z dowozem. Fajnym pomys\u0142em r\u00f3wnie\u017c b\u0119dzie spacer nad morzem, w parku czy nad jeziorem. Je\u017celi masz do dyspozycji ca\u0142y weekend i masz na to pieni\u0105dze to mo\u017cesz pomy\u015ble\u0107 o wyje\u017adzie do spa, um\u00f3wi\u0107 was na masa\u017c, saun\u0119 i basen.<\/p>\n<p>\u00a0<\/p>\n<p>\u00a0<\/p>\n<p>\u00a0<\/p>\n<blockquote class=\"instagram-media\" style=\"background: #FFF; border: 0; border-radius: 3px; box-shadow: 0 0 1px 0 rgba(0,0,0,0.5),0 1px 10px 0 rgba(0,0,0,0.15); margin: 1px; max-width: 540px; min-width: 326px; padding: 0; width: calc(100% - 2px);\" data-instgrm-captioned=\"\" data-instgrm-permalink=\"https:\/\/www.instagram.com\/p\/CZuRLniMtX8\/?utm_source=ig_embed&amp;utm_campaign=loading\" data-instgrm-version=\"14\">\n<div style=\"padding: 16px;\">\n<div style=\"display: flex; flex-direction: row; align-items: center;\">\n<div style=\"background-color: #f4f4f4; border-radius: 50%; flex-grow: 0; height: 40px; margin-right: 14px; width: 40px;\">\u00a0<\/div>\n<div style=\"display: flex; flex-direction: column; flex-grow: 1; justify-content: center;\">\n<div style=\"background-color: #f4f4f4; border-radius: 4px; flex-grow: 0; height: 14px; margin-bottom: 6px; width: 100px;\">\u00a0<\/div>\n<div style=\"background-color: #f4f4f4; border-radius: 4px; flex-grow: 0; height: 14px; width: 60px;\">\u00a0<\/div>\n<\/div>\n<\/div>\n<div style=\"padding: 19% 0;\">\u00a0<\/div>\n<div style=\"display: block; height: 50px; margin: 0 auto 12px; width: 50px;\">\u00a0<\/div>\n<div style=\"padding-top: 8px;\">\n<div style=\"color: #3897f0; font-family: Arial,sans-serif; font-size: 14px; font-style: normal; font-weight: 550; line-height: 18px;\">Wy\u015bwietl ten post na Instagramie<\/div>\n<\/div>\n<div style=\"padding: 12.5% 0;\">\u00a0<\/div>\n<div style=\"display: flex; flex-direction: row; margin-bottom: 14px; align-items: center;\">\n<div>\n<div style=\"background-color: #f4f4f4; border-radius: 50%; height: 12.5px; width: 12.5px; transform: translateX(0px) translateY(7px);\">\u00a0<\/div>\n<div style=\"background-color: #f4f4f4; height: 12.5px; transform: rotate(-45deg) translateX(3px) translateY(1px); width: 12.5px; flex-grow: 0; margin-right: 14px; margin-left: 2px;\">\u00a0<\/div>\n<div style=\"background-color: #f4f4f4; border-radius: 50%; height: 12.5px; width: 12.5px; transform: translateX(9px) translateY(-18px);\">\u00a0<\/div>\n<\/div>\n<div style=\"margin-left: 8px;\">\n<div style=\"background-color: #f4f4f4; border-radius: 50%; flex-grow: 0; height: 20px; width: 20px;\">\u00a0<\/div>\n<div style=\"width: 0; height: 0; border-top: 2px solid transparent; border-left: 6px solid #f4f4f4; border-bottom: 2px solid transparent; transform: translateX(16px) translateY(-4px) rotate(30deg);\">\u00a0<\/div>\n<\/div>\n<div style=\"margin-left: auto;\">\n<div style=\"width: 0px; border-top: 8px solid #F4F4F4; border-right: 8px solid transparent; transform: translateY(16px);\">\u00a0<\/div>\n<div style=\"background-color: #f4f4f4; flex-grow: 0; height: 12px; width: 16px; transform: translateY(-4px);\">\u00a0<\/div>\n<div style=\"width: 0; height: 0; border-top: 8px solid #F4F4F4; border-left: 8px solid transparent; transform: translateY(-4px) translateX(8px);\">\u00a0<\/div>\n<\/div>\n<\/div>\n<div style=\"display: flex; flex-direction: column; flex-grow: 1; justify-content: center; margin-bottom: 24px;\">\n<div style=\"background-color: #f4f4f4; border-radius: 4px; flex-grow: 0; height: 14px; margin-bottom: 6px; width: 224px;\">\u00a0<\/div>\n<div style=\"background-color: #f4f4f4; border-radius: 4px; flex-grow: 0; height: 14px; width: 144px;\">\u00a0<\/div>\n<\/div>\n<p style=\"color: #c9c8cd; font-family: Arial,sans-serif; font-size: 14px; line-height: 17px; margin-bottom: 0; margin-top: 8px; overflow: hidden; padding: 8px 0 7px; text-align: center; text-overflow: ellipsis; white-space: nowrap;\"><a style=\"color: #c9c8cd; font-family: Arial,sans-serif; font-size: 14px; font-style: normal; font-weight: normal; line-height: 17px; text-decoration: none;\" href=\"https:\/\/www.instagram.com\/p\/CZuRLniMtX8\/?utm_source=ig_embed&amp;utm_campaign=loading\" target=\"_blank\" rel=\"noopener\">Post udost\u0119pniony przez Hotel Jawor*** (@hoteljawor)<\/a><\/p>\n<\/div>\n<\/blockquote>\n<p><script async src=\"\/\/www.instagram.com\/embed.js\"><\/script><\/p>\n\n\n<div class=\"kk-star-ratings kksr-auto kksr-align-right kksr-valign-bottom\"\n    data-payload='{&quot;align&quot;:&quot;right&quot;,&quot;id&quot;:&quot;7463&quot;,&quot;slug&quot;:&quot;default&quot;,&quot;valign&quot;:&quot;bottom&quot;,&quot;ignore&quot;:&quot;&quot;,&quot;reference&quot;:&quot;auto&quot;,&quot;class&quot;:&quot;&quot;,&quot;count&quot;:&quot;1&quot;,&quot;legendonly&quot;:&quot;&quot;,&quot;readonly&quot;:&quot;&quot;,&quot;score&quot;:&quot;1&quot;,&quot;starsonly&quot;:&quot;&quot;,&quot;best&quot;:&quot;5&quot;,&quot;gap&quot;:&quot;5&quot;,&quot;greet&quot;:&quot;Rate this post&quot;,&quot;legend&quot;:&quot;1\\\/5 - (1 vote)&quot;,&quot;size&quot;:&quot;24&quot;,&quot;width&quot;:&quot;26.5&quot;,&quot;_legend&quot;:&quot;{score}\\\/{best} - ({count} {votes})&quot;,&quot;font_factor&quot;:&quot;1.25&quot;}'>\n            \n<div class=\"kksr-stars\">\n    \n<div class=\"kksr-stars-inactive\">\n            <div class=\"kksr-star\" data-star=\"1\" style=\"padding-right: 5px\">\n            \n\n<div class=\"kksr-icon\" style=\"width: 24px; height: 24px;\"><\/div>\n        <\/div>\n            <div class=\"kksr-star\" data-star=\"2\" style=\"padding-right: 5px\">\n            \n\n<div class=\"kksr-icon\" style=\"width: 24px; height: 24px;\"><\/div>\n        <\/div>\n            <div class=\"kksr-star\" data-star=\"3\" style=\"padding-right: 5px\">\n            \n\n<div class=\"kksr-icon\" style=\"width: 24px; height: 24px;\"><\/div>\n        <\/div>\n            <div class=\"kksr-star\" data-star=\"4\" style=\"padding-right: 5px\">\n            \n\n<div class=\"kksr-icon\" style=\"width: 24px; height: 24px;\"><\/div>\n        <\/div>\n            <div class=\"kksr-star\" data-star=\"5\" style=\"padding-right: 5px\">\n            \n\n<div class=\"kksr-icon\" style=\"width: 24px; height: 24px;\"><\/div>\n        <\/div>\n    <\/div>\n    \n<div class=\"kksr-stars-active\" style=\"width: 26.5px;\">\n            <div class=\"kksr-star\" style=\"padding-right: 5px\">\n            \n\n<div class=\"kksr-icon\" style=\"width: 24px; height: 24px;\"><\/div>\n        <\/div>\n            <div class=\"kksr-star\" style=\"padding-right: 5px\">\n            \n\n<div class=\"kksr-icon\" style=\"width: 24px; height: 24px;\"><\/div>\n        <\/div>\n            <div class=\"kksr-star\" style=\"padding-right: 5px\">\n            \n\n<div class=\"kksr-icon\" style=\"width: 24px; height: 24px;\"><\/div>\n        <\/div>\n            <div class=\"kksr-star\" style=\"padding-right: 5px\">\n            \n\n<div class=\"kksr-icon\" style=\"width: 24px; height: 24px;\"><\/div>\n        <\/div>\n            <div class=\"kksr-star\" style=\"padding-right: 5px\">\n            \n\n<div class=\"kksr-icon\" style=\"width: 24px; height: 24px;\"><\/div>\n        <\/div>\n    <\/div>\n<\/div>\n                \n\n<div class=\"kksr-legend\" style=\"font-size: 19.2px;\">\n            1\/5 - (1 vote)    <\/div>\n    <\/div>\n","protected":false},"excerpt":{"rendered":"<p>Walentynki to dzie\u0144 w kt\u00f3rym zakochani \u015bwi\u0119tuj\u0105 swoj\u0105 mi\u0142o\u015b\u0107, dla niekt\u00f3rych ten dzie\u0144 ma bardzo du\u017ce znaczenie i bardzo lubi\u0105 je \u015bwi\u0119towa\u0107 a dla innych mog\u0142oby nie istnie\u0107, poniewa\u017c nie maja drugiej po\u0142\u00f3wki albo po prostu to \u015bwi\u0119to ich totalnie nie obchodzi. Walentynki to coroczne \u015bwi\u0119to, kt\u00f3re przypada na 14 Lutego ka\u017cdego roku. Nazwa ta pochodzi od \u015awi\u0119tego Walentego. Warto w tym dniu pokaza\u0107 swojej drugiej po\u0142\u00f3wce jak bardzo nam na niej zale\u017cy i \u017ce bardzo ja kochamy. Zrobi\u0107 sobie ma\u0142y prezent i sp\u0119dzi\u0107 razem ten dzie\u0144 w przyjemny spos\u00f3b.<\/p>\n","protected":false},"author":3,"featured_media":7465,"comment_status":"open","ping_status":"open","sticky":false,"template":"","format":"standard","meta":[],"categories":[3],"tags":[],"yoast_head":"<!-- This site is optimized with the Yoast SEO plugin v18.4.1 - https:\/\/yoast.com\/wordpress\/plugins\/seo\/ -->\n<title>14 Luty, \u015awi\u0119tego Walentego 2023 jak si\u0119 ubra\u0107 w ten dzie\u0144 ? - Pakuten blog<\/title>\n<meta name=\"description\" content=\"Walentynki to dzie\u0144 w kt\u00f3rym zakochani \u015bwi\u0119tuj\u0105 swoj\u0105 mi\u0142o\u015b\u0107, dla niekt\u00f3rych ten dzie\u0144 ma bardzo du\u017ce znaczenie i bardzo lubi\u0105 je \u015bwi\u0119towa\u0107 a dla innych mog\u0142oby nie istnie\u0107, poniewa\u017c nie maja drugiej po\u0142\u00f3wki albo po prostu to \u015bwi\u0119to ich totalnie nie obchodzi. Walentynki to coroczne \u015bwi\u0119to, kt\u00f3re przypada na 14 Lutego ka\u017cdego roku. Nazwa ta pochodzi od \u015awi\u0119tego Walentego. Warto w tym dniu pokaza\u0107 swojej drugiej po\u0142\u00f3wce jak bardzo nam na niej zale\u017cy i \u017ce bardzo ja kochamy. Zrobi\u0107 sobie ma\u0142y prezent i sp\u0119dzi\u0107 razem ten dzie\u0144 w przyjemny spos\u00f3b.\" \/>\n<meta name=\"robots\" content=\"index, follow, max-snippet:-1, max-image-preview:large, max-video-preview:-1\" \/>\n<link rel=\"canonical\" href=\"https:\/\/pakuten.pl\/blog\/14-luty-swietego-walentego-2023-jak-sie-ubrac-w-ten-dzien\/\" \/>\n<meta property=\"og:locale\" content=\"pl_PL\" \/>\n<meta property=\"og:type\" content=\"article\" \/>\n<meta property=\"og:title\" content=\"14 Luty, \u015awi\u0119tego Walentego 2023 jak si\u0119 ubra\u0107 w ten dzie\u0144 ? - Pakuten blog\" \/>\n<meta property=\"og:description\" content=\"Walentynki to dzie\u0144 w kt\u00f3rym zakochani \u015bwi\u0119tuj\u0105 swoj\u0105 mi\u0142o\u015b\u0107, dla niekt\u00f3rych ten dzie\u0144 ma bardzo du\u017ce znaczenie i bardzo lubi\u0105 je \u015bwi\u0119towa\u0107 a dla innych mog\u0142oby nie istnie\u0107, poniewa\u017c nie maja drugiej po\u0142\u00f3wki albo po prostu to \u015bwi\u0119to ich totalnie nie obchodzi. Walentynki to coroczne \u015bwi\u0119to, kt\u00f3re przypada na 14 Lutego ka\u017cdego roku. Nazwa ta pochodzi od \u015awi\u0119tego Walentego. Warto w tym dniu pokaza\u0107 swojej drugiej po\u0142\u00f3wce jak bardzo nam na niej zale\u017cy i \u017ce bardzo ja kochamy. Zrobi\u0107 sobie ma\u0142y prezent i sp\u0119dzi\u0107 razem ten dzie\u0144 w przyjemny spos\u00f3b.\" \/>\n<meta property=\"og:url\" content=\"https:\/\/pakuten.pl\/blog\/14-luty-swietego-walentego-2023-jak-sie-ubrac-w-ten-dzien\/\" \/>\n<meta property=\"og:site_name\" content=\"Pakuten blog\" \/>\n<meta property=\"article:published_time\" content=\"2023-02-03T07:40:00+00:00\" \/>\n<meta property=\"article:modified_time\" content=\"2023-02-01T08:42:27+00:00\" \/>\n<meta property=\"og:image\" content=\"https:\/\/pakuten.pl\/blog\/wp-content\/uploads\/2023\/02\/14-Luty-S\u0301wie\u0328tego-Walentego-2023-jak-sie\u0328-ubrac\u0301-w-ten-dzien\u0301-.jpg\" \/>\n\t<meta property=\"og:image:width\" content=\"1280\" \/>\n\t<meta property=\"og:image:height\" content=\"853\" \/>\n\t<meta property=\"og:image:type\" content=\"image\/jpeg\" \/>\n<meta name=\"twitter:card\" content=\"summary_large_image\" \/>\n<meta name=\"twitter:label1\" content=\"Napisane przez\" \/>\n\t<meta name=\"twitter:data1\" content=\"Pakuten Girl\" \/>\n\t<meta name=\"twitter:label2\" content=\"Szacowany czas czytania\" \/>\n\t<meta name=\"twitter:data2\" content=\"3 minuty\" \/>\n<script type=\"application\/ld+json\" class=\"yoast-schema-graph\">{\"@context\":\"https:\/\/schema.org\",\"@graph\":[{\"@type\":\"Organization\",\"@id\":\"https:\/\/pakuten.pl\/blog\/#organization\",\"name\":\"Pakuten\",\"url\":\"https:\/\/pakuten.pl\/blog\/\",\"sameAs\":[],\"logo\":{\"@type\":\"ImageObject\",\"@id\":\"https:\/\/pakuten.pl\/blog\/#logo\",\"inLanguage\":\"pl-PL\",\"url\":\"http:\/\/pakuten.pl\/blog\/wp-content\/uploads\/2018\/01\/pakuten_logo.png\",\"contentUrl\":\"http:\/\/pakuten.pl\/blog\/wp-content\/uploads\/2018\/01\/pakuten_logo.png\",\"width\":300,\"height\":120,\"caption\":\"Pakuten\"},\"image\":{\"@id\":\"https:\/\/pakuten.pl\/blog\/#logo\"}},{\"@type\":\"WebSite\",\"@id\":\"https:\/\/pakuten.pl\/blog\/#website\",\"url\":\"https:\/\/pakuten.pl\/blog\/\",\"name\":\"Pakuten blog\",\"description\":\"Blog sklepu internetowego pakuten.pl\",\"publisher\":{\"@id\":\"https:\/\/pakuten.pl\/blog\/#organization\"},\"potentialAction\":[{\"@type\":\"SearchAction\",\"target\":{\"@type\":\"EntryPoint\",\"urlTemplate\":\"https:\/\/pakuten.pl\/blog\/?s={search_term_string}\"},\"query-input\":\"required name=search_term_string\"}],\"inLanguage\":\"pl-PL\"},{\"@type\":\"ImageObject\",\"@id\":\"https:\/\/pakuten.pl\/blog\/14-luty-swietego-walentego-2023-jak-sie-ubrac-w-ten-dzien\/#primaryimage\",\"inLanguage\":\"pl-PL\",\"url\":\"https:\/\/pakuten.pl\/blog\/wp-content\/uploads\/2023\/02\/14-Luty-S\u0301wie\u0328tego-Walentego-2023-jak-sie\u0328-ubrac\u0301-w-ten-dzien\u0301-.jpg\",\"contentUrl\":\"https:\/\/pakuten.pl\/blog\/wp-content\/uploads\/2023\/02\/14-Luty-S\u0301wie\u0328tego-Walentego-2023-jak-sie\u0328-ubrac\u0301-w-ten-dzien\u0301-.jpg\",\"width\":1280,\"height\":853},{\"@type\":\"WebPage\",\"@id\":\"https:\/\/pakuten.pl\/blog\/14-luty-swietego-walentego-2023-jak-sie-ubrac-w-ten-dzien\/#webpage\",\"url\":\"https:\/\/pakuten.pl\/blog\/14-luty-swietego-walentego-2023-jak-sie-ubrac-w-ten-dzien\/\",\"name\":\"14 Luty, \u015awi\u0119tego Walentego 2023 jak si\u0119 ubra\u0107 w ten dzie\u0144 ? - Pakuten blog\",\"isPartOf\":{\"@id\":\"https:\/\/pakuten.pl\/blog\/#website\"},\"primaryImageOfPage\":{\"@id\":\"https:\/\/pakuten.pl\/blog\/14-luty-swietego-walentego-2023-jak-sie-ubrac-w-ten-dzien\/#primaryimage\"},\"datePublished\":\"2023-02-03T07:40:00+00:00\",\"dateModified\":\"2023-02-01T08:42:27+00:00\",\"description\":\"Walentynki to dzie\u0144 w kt\u00f3rym zakochani \u015bwi\u0119tuj\u0105 swoj\u0105 mi\u0142o\u015b\u0107, dla niekt\u00f3rych ten dzie\u0144 ma bardzo du\u017ce znaczenie i bardzo lubi\u0105 je \u015bwi\u0119towa\u0107 a dla innych mog\u0142oby nie istnie\u0107, poniewa\u017c nie maja drugiej po\u0142\u00f3wki albo po prostu to \u015bwi\u0119to ich totalnie nie obchodzi. Walentynki to coroczne \u015bwi\u0119to, kt\u00f3re przypada na 14 Lutego ka\u017cdego roku. Nazwa ta pochodzi od \u015awi\u0119tego Walentego. Warto w tym dniu pokaza\u0107 swojej drugiej po\u0142\u00f3wce jak bardzo nam na niej zale\u017cy i \u017ce bardzo ja kochamy. Zrobi\u0107 sobie ma\u0142y prezent i sp\u0119dzi\u0107 razem ten dzie\u0144 w przyjemny spos\u00f3b.\",\"breadcrumb\":{\"@id\":\"https:\/\/pakuten.pl\/blog\/14-luty-swietego-walentego-2023-jak-sie-ubrac-w-ten-dzien\/#breadcrumb\"},\"inLanguage\":\"pl-PL\",\"potentialAction\":[{\"@type\":\"ReadAction\",\"target\":[\"https:\/\/pakuten.pl\/blog\/14-luty-swietego-walentego-2023-jak-sie-ubrac-w-ten-dzien\/\"]}]},{\"@type\":\"BreadcrumbList\",\"@id\":\"https:\/\/pakuten.pl\/blog\/14-luty-swietego-walentego-2023-jak-sie-ubrac-w-ten-dzien\/#breadcrumb\",\"itemListElement\":[{\"@type\":\"ListItem\",\"position\":1,\"name\":\"Strona g\u0142\u00f3wna\",\"item\":\"https:\/\/pakuten.pl\/blog\/\"},{\"@type\":\"ListItem\",\"position\":2,\"name\":\"14 Luty, \u015awi\u0119tego Walentego 2023 jak si\u0119 ubra\u0107 w ten dzie\u0144 ?\"}]},{\"@type\":\"Article\",\"@id\":\"https:\/\/pakuten.pl\/blog\/14-luty-swietego-walentego-2023-jak-sie-ubrac-w-ten-dzien\/#article\",\"isPartOf\":{\"@id\":\"https:\/\/pakuten.pl\/blog\/14-luty-swietego-walentego-2023-jak-sie-ubrac-w-ten-dzien\/#webpage\"},\"author\":{\"@id\":\"https:\/\/pakuten.pl\/blog\/#\/schema\/person\/d7133af30211381a4e4536d088384556\"},\"headline\":\"14 Luty, \u015awi\u0119tego Walentego 2023 jak si\u0119 ubra\u0107 w ten dzie\u0144 ?\",\"datePublished\":\"2023-02-03T07:40:00+00:00\",\"dateModified\":\"2023-02-01T08:42:27+00:00\",\"mainEntityOfPage\":{\"@id\":\"https:\/\/pakuten.pl\/blog\/14-luty-swietego-walentego-2023-jak-sie-ubrac-w-ten-dzien\/#webpage\"},\"wordCount\":593,\"commentCount\":0,\"publisher\":{\"@id\":\"https:\/\/pakuten.pl\/blog\/#organization\"},\"image\":{\"@id\":\"https:\/\/pakuten.pl\/blog\/14-luty-swietego-walentego-2023-jak-sie-ubrac-w-ten-dzien\/#primaryimage\"},\"thumbnailUrl\":\"https:\/\/pakuten.pl\/blog\/wp-content\/uploads\/2023\/02\/14-Luty-S\u0301wie\u0328tego-Walentego-2023-jak-sie\u0328-ubrac\u0301-w-ten-dzien\u0301-.jpg\",\"articleSection\":[\"Top Trends\"],\"inLanguage\":\"pl-PL\",\"potentialAction\":[{\"@type\":\"CommentAction\",\"name\":\"Comment\",\"target\":[\"https:\/\/pakuten.pl\/blog\/14-luty-swietego-walentego-2023-jak-sie-ubrac-w-ten-dzien\/#respond\"]}]},{\"@type\":\"Person\",\"@id\":\"https:\/\/pakuten.pl\/blog\/#\/schema\/person\/d7133af30211381a4e4536d088384556\",\"name\":\"Pakuten Girl\",\"image\":{\"@type\":\"ImageObject\",\"@id\":\"https:\/\/pakuten.pl\/blog\/#personlogo\",\"inLanguage\":\"pl-PL\",\"url\":\"https:\/\/secure.gravatar.com\/avatar\/d3df41de2caf92e6cfded9430c2ff352?s=96&d=mm&r=g\",\"contentUrl\":\"https:\/\/secure.gravatar.com\/avatar\/d3df41de2caf92e6cfded9430c2ff352?s=96&d=mm&r=g\",\"caption\":\"Pakuten Girl\"},\"description\":\"Cze\u015b\u0107, nazywam si\u0119 Ola. Kocham Netflixa, sals\u0119, nowo\u015bci kosmetyczne i najnowsze trendy w modzie.\",\"url\":\"https:\/\/pakuten.pl\/blog\/author\/pakuten-girl\/\"}]}<\/script>\n<!-- \/ Yoast SEO plugin. -->","yoast_head_json":{"title":"14 Luty, \u015awi\u0119tego Walentego 2023 jak si\u0119 ubra\u0107 w ten dzie\u0144 ? - Pakuten blog","description":"Walentynki to dzie\u0144 w kt\u00f3rym zakochani \u015bwi\u0119tuj\u0105 swoj\u0105 mi\u0142o\u015b\u0107, dla niekt\u00f3rych ten dzie\u0144 ma bardzo du\u017ce znaczenie i bardzo lubi\u0105 je \u015bwi\u0119towa\u0107 a dla innych mog\u0142oby nie istnie\u0107, poniewa\u017c nie maja drugiej po\u0142\u00f3wki albo po prostu to \u015bwi\u0119to ich totalnie nie obchodzi. Walentynki to coroczne \u015bwi\u0119to, kt\u00f3re przypada na 14 Lutego ka\u017cdego roku. Nazwa ta pochodzi od \u015awi\u0119tego Walentego. Warto w tym dniu pokaza\u0107 swojej drugiej po\u0142\u00f3wce jak bardzo nam na niej zale\u017cy i \u017ce bardzo ja kochamy. Zrobi\u0107 sobie ma\u0142y prezent i sp\u0119dzi\u0107 razem ten dzie\u0144 w przyjemny spos\u00f3b.","robots":{"index":"index","follow":"follow","max-snippet":"max-snippet:-1","max-image-preview":"max-image-preview:large","max-video-preview":"max-video-preview:-1"},"canonical":"https:\/\/pakuten.pl\/blog\/14-luty-swietego-walentego-2023-jak-sie-ubrac-w-ten-dzien\/","og_locale":"pl_PL","og_type":"article","og_title":"14 Luty, \u015awi\u0119tego Walentego 2023 jak si\u0119 ubra\u0107 w ten dzie\u0144 ? - Pakuten blog","og_description":"Walentynki to dzie\u0144 w kt\u00f3rym zakochani \u015bwi\u0119tuj\u0105 swoj\u0105 mi\u0142o\u015b\u0107, dla niekt\u00f3rych ten dzie\u0144 ma bardzo du\u017ce znaczenie i bardzo lubi\u0105 je \u015bwi\u0119towa\u0107 a dla innych mog\u0142oby nie istnie\u0107, poniewa\u017c nie maja drugiej po\u0142\u00f3wki albo po prostu to \u015bwi\u0119to ich totalnie nie obchodzi. Walentynki to coroczne \u015bwi\u0119to, kt\u00f3re przypada na 14 Lutego ka\u017cdego roku. Nazwa ta pochodzi od \u015awi\u0119tego Walentego. Warto w tym dniu pokaza\u0107 swojej drugiej po\u0142\u00f3wce jak bardzo nam na niej zale\u017cy i \u017ce bardzo ja kochamy. Zrobi\u0107 sobie ma\u0142y prezent i sp\u0119dzi\u0107 razem ten dzie\u0144 w przyjemny spos\u00f3b.","og_url":"https:\/\/pakuten.pl\/blog\/14-luty-swietego-walentego-2023-jak-sie-ubrac-w-ten-dzien\/","og_site_name":"Pakuten blog","article_published_time":"2023-02-03T07:40:00+00:00","article_modified_time":"2023-02-01T08:42:27+00:00","og_image":[{"width":1280,"height":853,"url":"https:\/\/pakuten.pl\/blog\/wp-content\/uploads\/2023\/02\/14-Luty-S\u0301wie\u0328tego-Walentego-2023-jak-sie\u0328-ubrac\u0301-w-ten-dzien\u0301-.jpg","type":"image\/jpeg"}],"twitter_card":"summary_large_image","twitter_misc":{"Napisane przez":"Pakuten Girl","Szacowany czas czytania":"3 minuty"},"schema":{"@context":"https:\/\/schema.org","@graph":[{"@type":"Organization","@id":"https:\/\/pakuten.pl\/blog\/#organization","name":"Pakuten","url":"https:\/\/pakuten.pl\/blog\/","sameAs":[],"logo":{"@type":"ImageObject","@id":"https:\/\/pakuten.pl\/blog\/#logo","inLanguage":"pl-PL","url":"http:\/\/pakuten.pl\/blog\/wp-content\/uploads\/2018\/01\/pakuten_logo.png","contentUrl":"http:\/\/pakuten.pl\/blog\/wp-content\/uploads\/2018\/01\/pakuten_logo.png","width":300,"height":120,"caption":"Pakuten"},"image":{"@id":"https:\/\/pakuten.pl\/blog\/#logo"}},{"@type":"WebSite","@id":"https:\/\/pakuten.pl\/blog\/#website","url":"https:\/\/pakuten.pl\/blog\/","name":"Pakuten blog","description":"Blog sklepu internetowego pakuten.pl","publisher":{"@id":"https:\/\/pakuten.pl\/blog\/#organization"},"potentialAction":[{"@type":"SearchAction","target":{"@type":"EntryPoint","urlTemplate":"https:\/\/pakuten.pl\/blog\/?s={search_term_string}"},"query-input":"required name=search_term_string"}],"inLanguage":"pl-PL"},{"@type":"ImageObject","@id":"https:\/\/pakuten.pl\/blog\/14-luty-swietego-walentego-2023-jak-sie-ubrac-w-ten-dzien\/#primaryimage","inLanguage":"pl-PL","url":"https:\/\/pakuten.pl\/blog\/wp-content\/uploads\/2023\/02\/14-Luty-S\u0301wie\u0328tego-Walentego-2023-jak-sie\u0328-ubrac\u0301-w-ten-dzien\u0301-.jpg","contentUrl":"https:\/\/pakuten.pl\/blog\/wp-content\/uploads\/2023\/02\/14-Luty-S\u0301wie\u0328tego-Walentego-2023-jak-sie\u0328-ubrac\u0301-w-ten-dzien\u0301-.jpg","width":1280,"height":853},{"@type":"WebPage","@id":"https:\/\/pakuten.pl\/blog\/14-luty-swietego-walentego-2023-jak-sie-ubrac-w-ten-dzien\/#webpage","url":"https:\/\/pakuten.pl\/blog\/14-luty-swietego-walentego-2023-jak-sie-ubrac-w-ten-dzien\/","name":"14 Luty, \u015awi\u0119tego Walentego 2023 jak si\u0119 ubra\u0107 w ten dzie\u0144 ? - Pakuten blog","isPartOf":{"@id":"https:\/\/pakuten.pl\/blog\/#website"},"primaryImageOfPage":{"@id":"https:\/\/pakuten.pl\/blog\/14-luty-swietego-walentego-2023-jak-sie-ubrac-w-ten-dzien\/#primaryimage"},"datePublished":"2023-02-03T07:40:00+00:00","dateModified":"2023-02-01T08:42:27+00:00","description":"Walentynki to dzie\u0144 w kt\u00f3rym zakochani \u015bwi\u0119tuj\u0105 swoj\u0105 mi\u0142o\u015b\u0107, dla niekt\u00f3rych ten dzie\u0144 ma bardzo du\u017ce znaczenie i bardzo lubi\u0105 je \u015bwi\u0119towa\u0107 a dla innych mog\u0142oby nie istnie\u0107, poniewa\u017c nie maja drugiej po\u0142\u00f3wki albo po prostu to \u015bwi\u0119to ich totalnie nie obchodzi. Walentynki to coroczne \u015bwi\u0119to, kt\u00f3re przypada na 14 Lutego ka\u017cdego roku. Nazwa ta pochodzi od \u015awi\u0119tego Walentego. Warto w tym dniu pokaza\u0107 swojej drugiej po\u0142\u00f3wce jak bardzo nam na niej zale\u017cy i \u017ce bardzo ja kochamy. Zrobi\u0107 sobie ma\u0142y prezent i sp\u0119dzi\u0107 razem ten dzie\u0144 w przyjemny spos\u00f3b.","breadcrumb":{"@id":"https:\/\/pakuten.pl\/blog\/14-luty-swietego-walentego-2023-jak-sie-ubrac-w-ten-dzien\/#breadcrumb"},"inLanguage":"pl-PL","potentialAction":[{"@type":"ReadAction","target":["https:\/\/pakuten.pl\/blog\/14-luty-swietego-walentego-2023-jak-sie-ubrac-w-ten-dzien\/"]}]},{"@type":"BreadcrumbList","@id":"https:\/\/pakuten.pl\/blog\/14-luty-swietego-walentego-2023-jak-sie-ubrac-w-ten-dzien\/#breadcrumb","itemListElement":[{"@type":"ListItem","position":1,"name":"Strona g\u0142\u00f3wna","item":"https:\/\/pakuten.pl\/blog\/"},{"@type":"ListItem","position":2,"name":"14 Luty, \u015awi\u0119tego Walentego 2023 jak si\u0119 ubra\u0107 w ten dzie\u0144 ?"}]},{"@type":"Article","@id":"https:\/\/pakuten.pl\/blog\/14-luty-swietego-walentego-2023-jak-sie-ubrac-w-ten-dzien\/#article","isPartOf":{"@id":"https:\/\/pakuten.pl\/blog\/14-luty-swietego-walentego-2023-jak-sie-ubrac-w-ten-dzien\/#webpage"},"author":{"@id":"https:\/\/pakuten.pl\/blog\/#\/schema\/person\/d7133af30211381a4e4536d088384556"},"headline":"14 Luty, \u015awi\u0119tego Walentego 2023 jak si\u0119 ubra\u0107 w ten dzie\u0144 ?","datePublished":"2023-02-03T07:40:00+00:00","dateModified":"2023-02-01T08:42:27+00:00","mainEntityOfPage":{"@id":"https:\/\/pakuten.pl\/blog\/14-luty-swietego-walentego-2023-jak-sie-ubrac-w-ten-dzien\/#webpage"},"wordCount":593,"commentCount":0,"publisher":{"@id":"https:\/\/pakuten.pl\/blog\/#organization"},"image":{"@id":"https:\/\/pakuten.pl\/blog\/14-luty-swietego-walentego-2023-jak-sie-ubrac-w-ten-dzien\/#primaryimage"},"thumbnailUrl":"https:\/\/pakuten.pl\/blog\/wp-content\/uploads\/2023\/02\/14-Luty-S\u0301wie\u0328tego-Walentego-2023-jak-sie\u0328-ubrac\u0301-w-ten-dzien\u0301-.jpg","articleSection":["Top Trends"],"inLanguage":"pl-PL","potentialAction":[{"@type":"CommentAction","name":"Comment","target":["https:\/\/pakuten.pl\/blog\/14-luty-swietego-walentego-2023-jak-sie-ubrac-w-ten-dzien\/#respond"]}]},{"@type":"Person","@id":"https:\/\/pakuten.pl\/blog\/#\/schema\/person\/d7133af30211381a4e4536d088384556","name":"Pakuten Girl","image":{"@type":"ImageObject","@id":"https:\/\/pakuten.pl\/blog\/#personlogo","inLanguage":"pl-PL","url":"https:\/\/secure.gravatar.com\/avatar\/d3df41de2caf92e6cfded9430c2ff352?s=96&d=mm&r=g","contentUrl":"https:\/\/secure.gravatar.com\/avatar\/d3df41de2caf92e6cfded9430c2ff352?s=96&d=mm&r=g","caption":"Pakuten Girl"},"description":"Cze\u015b\u0107, nazywam si\u0119 Ola. Kocham Netflixa, sals\u0119, nowo\u015bci kosmetyczne i najnowsze trendy w modzie.","url":"https:\/\/pakuten.pl\/blog\/author\/pakuten-girl\/"}]}},"_links":{"self":[{"href":"https:\/\/pakuten.pl\/blog\/wp-json\/wp\/v2\/posts\/7463"}],"collection":[{"href":"https:\/\/pakuten.pl\/blog\/wp-json\/wp\/v2\/posts"}],"about":[{"href":"https:\/\/pakuten.pl\/blog\/wp-json\/wp\/v2\/types\/post"}],"author":[{"embeddable":true,"href":"https:\/\/pakuten.pl\/blog\/wp-json\/wp\/v2\/users\/3"}],"replies":[{"embeddable":true,"href":"https:\/\/pakuten.pl\/blog\/wp-json\/wp\/v2\/comments?post=7463"}],"version-history":[{"count":4,"href":"https:\/\/pakuten.pl\/blog\/wp-json\/wp\/v2\/posts\/7463\/revisions"}],"predecessor-version":[{"id":7470,"href":"https:\/\/pakuten.pl\/blog\/wp-json\/wp\/v2\/posts\/7463\/revisions\/7470"}],"wp:featuredmedia":[{"embeddable":true,"href":"https:\/\/pakuten.pl\/blog\/wp-json\/wp\/v2\/media\/7465"}],"wp:attachment":[{"href":"https:\/\/pakuten.pl\/blog\/wp-json\/wp\/v2\/media?parent=7463"}],"wp:term":[{"taxonomy":"category","embeddable":true,"href":"https:\/\/pakuten.pl\/blog\/wp-json\/wp\/v2\/categories?post=7463"},{"taxonomy":"post_tag","embeddable":true,"href":"https:\/\/pakuten.pl\/blog\/wp-json\/wp\/v2\/tags?post=7463"}],"curies":[{"name":"wp","href":"https:\/\/api.w.org\/{rel}","templated":true}]}}