{"id":7529,"date":"2023-03-15T09:52:09","date_gmt":"2023-03-15T08:52:09","guid":{"rendered":"https:\/\/pakuten.pl\/blog\/?p=7529"},"modified":"2023-03-15T09:52:09","modified_gmt":"2023-03-15T08:52:09","slug":"nowa-kolekcja-prosto-z-mediolanu-zobacz-co-ta-perelki","status":"publish","type":"post","link":"https:\/\/pakuten.pl\/blog\/nowa-kolekcja-prosto-z-mediolanu-zobacz-co-ta-perelki\/","title":{"rendered":"Nowa kolekcja prosto z Mediolanu ! Zobacz co ta pere\u0142ki"},"content":{"rendered":"\n<p><strong>Nasza kolekcja prosto z Mediolanu w\u0142a\u015bnie wystartowa\u0142a, koniecznie powinna\u015b zajrze\u0107 na nasz\u0105 stron\u0119 internetow\u0105 <span style=\"color: #ff9900;\"><a style=\"color: #ff9900;\" href=\"https:\/\/pakuten.pl\/\" target=\"_blank\" rel=\"noopener\">Pakuten.pl<\/a><\/span> i wybra\u0107 najlepsze opcje dla siebie. Opowiem Wam dzisiaj kilka ciekawostek na temat tej stolicy mody. Je\u017celi chcesz si\u0119 dowiedzie\u0107 wi\u0119cej na temat naszej nowej kolekcji i ciekawostek z ni\u0105 zwi\u0105zanych koniecznie przeczytaj ten wpis o ko\u0144ca.<\/strong><\/p>\n<p>\u00a0<\/p>\n<p>\u00a0<\/p>\n<p><img loading=\"lazy\" class=\"aligncenter size-full wp-image-7532\" src=\"https:\/\/pakuten.pl\/blog\/wp-content\/uploads\/2023\/03\/IMG_2492.jpg\" alt=\"\" width=\"1280\" height=\"853\" \/><\/p>\n<p>\u00a0<\/p>\n<p>\u00a0<\/p>\n<p>\u00a0<\/p>\n<h2><span style=\"color: #ff9900;\">Dlaczego wybra\u0142y\u015bmy w\u0142a\u015bnie Mediolan ?<\/span>\u00a0<\/h2>\n<p>\u00a0<\/p>\n<p>\u00a0<\/p>\n<p>Mediolan jest to miasto i gmina w p\u00f3\u0142nocnych W\u0142oszech, stolica prowincji Mediolan i regionu Lombardia. Mediolan jest uwa\u017cany za \u015bwiatow\u0105 stolic\u0119 mody, tak\u017ce nasz kierunek by\u0142 bardzo tematyczny pod wzgl\u0119dem \u015bwiata mody. To jedno z najbogatszych miast w Europie, swoje kolekcje prezentuj\u0105 tutaj najs\u0142ynniejsze marki na \u015bwiecie takie jak Armani, Fendi, Prada i wiele innych. W Mediolanie znajdziesz wiele ciekawych atrakcji, zabytk\u00f3w i przepi\u0119knych miejsc t\u0119tni\u0105cych \u017cyciem i przepe\u0142nionych super styl\u00f3wkami, kt\u00f3re zachwycaj\u0105. Nasze nowe modele, kt\u00f3re zosta\u0142y fotografowane w tej stolicy te\u017c robi\u0105 mega wra\u017cenie i wygl\u0105daj\u0105 bosko.<\/p>\n<p>\u00a0<\/p>\n<p>\u00a0<\/p>\n<p><img loading=\"lazy\" class=\"aligncenter size-full wp-image-7533\" src=\"https:\/\/pakuten.pl\/blog\/wp-content\/uploads\/2023\/03\/270A0195.jpg\" alt=\"\" width=\"6720\" height=\"4480\" \/><\/p>\n<p>\u00a0<\/p>\n<p>\u00a0<\/p>\n<p>\u00a0<\/p>\n<h2><span style=\"color: #ff9900;\">Co si\u0119 wyr\u00f3\u017cnia w nowej kolekcji wiosennej Pakuten ?<\/span><\/h2>\n<p>\u00a0<\/p>\n<p>\u00a0<\/p>\n<p>W naszej nowej kolekcji ka\u017cda kobieta znajdzie co\u015b dla siebie, doda\u0142y\u015bmy oko\u0142o 60 nowych modeli w r\u00f3\u017cnych wzorach i kolorach tak\u017ce to jest oko\u0142o 100 nowych produkt\u00f3w a w tym s\u0105 do wyboru modne kolory i przepi\u0119kne kolorowe wzory. Jest to kolekcja typowo wiosenna ale te\u017c i letnia. Kolory oraz wzory, kt\u00f3re mo\u017cna znale\u017a\u0107 w naszych nowo\u015bciach s\u0105 klasyczne na codzie\u0144 jak i na wa\u017cniejsze okazje, bardziej kolorowe i charakterystyczne, kt\u00f3re sprawi\u0105 \u017ce nie przejdziesz nie zauwa\u017cona, ale idzie wiosna za oknami coraz cieplej, coraz wi\u0119cej s\u0142o\u0144ca tak\u017ce to najwy\u017cszy czas aby zmieni\u0107 garderob\u0119 i zaopatrzy\u0107 si\u0119 w kilka nowych modeli na cieplejsze dni.\u00a0<\/p>\n<p>\u00a0<\/p>\n<p>\u00a0<\/p>\n<p><img loading=\"lazy\" class=\"aligncenter size-full wp-image-7537\" src=\"https:\/\/pakuten.pl\/blog\/wp-content\/uploads\/2023\/03\/photo-4.jpg\" alt=\"\" width=\"2688\" height=\"4032\" \/><\/p>\n<p>\u00a0<\/p>\n<p>\u00a0<\/p>\n<p>\u00a0<\/p>\n<h2><span style=\"color: #ff9900;\">Jakie modele znajdziemy w nowej kolekcji wiosennej z Mediolanu ?<\/span><\/h2>\n<p>\u00a0<\/p>\n<p>\u00a0<\/p>\n<p>W naszych <span style=\"color: #ff9900;\"><a style=\"color: #ff9900;\" href=\"https:\/\/pakuten.pl\/53-nowosci\" target=\"_blank\" rel=\"noopener\">nowo\u015bciach<\/a><\/span> z sesji prosto ze stolicy mody czyli Mediolanu znajdziecie wiele ciekawych i pe\u0142nych kolor\u00f3w modeli, kt\u00f3re napewno wpadn\u0105 wam w oko i sprawi\u0105 \u017ce do waszej szafy juz za moment wkroczy wiosna pe\u0142n\u0105 par\u0105. Dost\u0119pnych jest w naszych nowo\u015bciach pe\u0142no modeli takich jak d\u0142ugie garnitury w przepi\u0119knych kolorach, Garnitury ze spodenkami czy sp\u00f3dniczk\u0105. Kwiatowe jak i g\u0142adkie komplety, modny wyb\u00f3r sukienek jednokolorowych jak i wzorzystych, kt\u00f3re maja przer\u00f3\u017cne kroje, bardziej mini czy maxi, dopasowana czy rozkloszowana ? Wybierz taka jaka najbardziej lubisz i w kt\u00f3rej b\u0119dziesz czu\u0142a si\u0119 dobrze. W ofercie znajduje si\u0119 te\u017c kilka bluzek, i wiele innych. Ubrania w przepi\u0119knych kolorach i r\u00f3\u017cnego rodzaju wzorach, napewno upolujesz co\u015b pi\u0119knego !<\/p>\n<p>\u00a0<\/p>\n<p>\u00a0<\/p>\n<p><img loading=\"lazy\" class=\"aligncenter size-full wp-image-7542\" src=\"https:\/\/pakuten.pl\/blog\/wp-content\/uploads\/2023\/03\/photo-54.jpg\" alt=\"\" width=\"4032\" height=\"2688\" \/><\/p>\n<p>\u00a0<\/p>\n<p>\u00a0<\/p>\n<p>\u00a0<\/p>\n<h2><span style=\"color: #ff9900;\">Stylizacje z wykorzystaniem nowych produkt\u00f3w.<\/span><\/h2>\n<p>\u00a0<\/p>\n<p>\u00a0<\/p>\n<p>Zam\u00f3wi\u0142a\u015b ju\u017c co\u015b z nowej kolekcji ? Je\u017celi nie to nie ma na co czeka\u0107 bo towar wyprzedaje si\u0119 jak \u015bwie\u017ce bu\u0142eczki, wida\u0107 \u017ce nowa kolekcja wpad\u0142a wam w oko. Je\u017celi zastanawiasz si\u0119 nad tym co kupi\u0107 to pomy\u015bl co jest Ci najbardziej potrzebne, uwielbiasz sukienki i to w nich najcz\u0119\u015bciej chodzisz? Wolisz jednokolorowe czy mo\u017ce te kwiatowe czy wzorzyste ? Wybierz taka kt\u00f3ra najbardziej Ci si\u0119 podoba i nak\u0142adaj ja do pracy, na imprez\u0119, spacer czy spotkanie rodzinne. Dobierz do niej swoje ulubione dodatki tak \u017ceby wszystko pasowa\u0142o. A mo\u017ce lubisz elegancje w ka\u017cdym tego s\u0142owa znaczeniu ? Postaw na dwucz\u0119\u015bciowy garnitur z d\u0142ugimi spodniami oraz marynark\u0105, dobierz do tego swoje ulubione szpilki, torebk\u0119 i oczywi\u015bcie bi\u017cuteri\u0119 i jeste\u015b gotowa.<\/p>\n<p>\u00a0<\/p>\n<p>\u00a0<\/p>\n<p><img loading=\"lazy\" class=\"aligncenter size-full wp-image-7543\" src=\"https:\/\/pakuten.pl\/blog\/wp-content\/uploads\/2023\/03\/photo-3.jpg\" alt=\"\" width=\"4032\" height=\"2689\" \/><\/p>\n\n\n<div class=\"kk-star-ratings kksr-auto kksr-align-right kksr-valign-bottom\"\n    data-payload='{&quot;align&quot;:&quot;right&quot;,&quot;id&quot;:&quot;7529&quot;,&quot;slug&quot;:&quot;default&quot;,&quot;valign&quot;:&quot;bottom&quot;,&quot;ignore&quot;:&quot;&quot;,&quot;reference&quot;:&quot;auto&quot;,&quot;class&quot;:&quot;&quot;,&quot;count&quot;:&quot;0&quot;,&quot;legendonly&quot;:&quot;&quot;,&quot;readonly&quot;:&quot;&quot;,&quot;score&quot;:&quot;0&quot;,&quot;starsonly&quot;:&quot;&quot;,&quot;best&quot;:&quot;5&quot;,&quot;gap&quot;:&quot;5&quot;,&quot;greet&quot;:&quot;Rate this post&quot;,&quot;legend&quot;:&quot;0\\\/5 - (0 votes)&quot;,&quot;size&quot;:&quot;24&quot;,&quot;width&quot;:&quot;0&quot;,&quot;_legend&quot;:&quot;{score}\\\/{best} - ({count} {votes})&quot;,&quot;font_factor&quot;:&quot;1.25&quot;}'>\n            \n<div class=\"kksr-stars\">\n    \n<div class=\"kksr-stars-inactive\">\n            <div class=\"kksr-star\" data-star=\"1\" style=\"padding-right: 5px\">\n            \n\n<div class=\"kksr-icon\" style=\"width: 24px; height: 24px;\"><\/div>\n        <\/div>\n            <div class=\"kksr-star\" data-star=\"2\" style=\"padding-right: 5px\">\n            \n\n<div class=\"kksr-icon\" style=\"width: 24px; height: 24px;\"><\/div>\n        <\/div>\n            <div class=\"kksr-star\" data-star=\"3\" style=\"padding-right: 5px\">\n            \n\n<div class=\"kksr-icon\" style=\"width: 24px; height: 24px;\"><\/div>\n        <\/div>\n            <div class=\"kksr-star\" data-star=\"4\" style=\"padding-right: 5px\">\n            \n\n<div class=\"kksr-icon\" style=\"width: 24px; height: 24px;\"><\/div>\n        <\/div>\n            <div class=\"kksr-star\" data-star=\"5\" style=\"padding-right: 5px\">\n            \n\n<div class=\"kksr-icon\" style=\"width: 24px; height: 24px;\"><\/div>\n        <\/div>\n    <\/div>\n    \n<div class=\"kksr-stars-active\" style=\"width: 0px;\">\n            <div class=\"kksr-star\" style=\"padding-right: 5px\">\n            \n\n<div class=\"kksr-icon\" style=\"width: 24px; height: 24px;\"><\/div>\n        <\/div>\n            <div class=\"kksr-star\" style=\"padding-right: 5px\">\n            \n\n<div class=\"kksr-icon\" style=\"width: 24px; height: 24px;\"><\/div>\n        <\/div>\n            <div class=\"kksr-star\" style=\"padding-right: 5px\">\n            \n\n<div class=\"kksr-icon\" style=\"width: 24px; height: 24px;\"><\/div>\n        <\/div>\n            <div class=\"kksr-star\" style=\"padding-right: 5px\">\n            \n\n<div class=\"kksr-icon\" style=\"width: 24px; height: 24px;\"><\/div>\n        <\/div>\n            <div class=\"kksr-star\" style=\"padding-right: 5px\">\n            \n\n<div class=\"kksr-icon\" style=\"width: 24px; height: 24px;\"><\/div>\n        <\/div>\n    <\/div>\n<\/div>\n                \n\n<div class=\"kksr-legend\" style=\"font-size: 19.2px;\">\n            <span class=\"kksr-muted\">Rate this post<\/span>\n    <\/div>\n    <\/div>\n","protected":false},"excerpt":{"rendered":"<p>Nasza kolekcja prosto z Mediolanu w\u0142a\u015bnie wystartowa\u0142a, koniecznie powinna\u015b zajrze\u0107 na nasz\u0105 stron\u0119 internetow\u0105 <span style=\"color: #ff9900;\"><a style=\"color: #ff9900;\" href=\"https:\/\/pakuten.pl\/\" target=\"_blank\" rel=\"noopener\">Pakuten.pl<\/a><\/span> i wybra\u0107 najlepsze opcje dla siebie. Opowiem Wam dzisiaj kilka ciekawostek na temat tej stolicy mody. Je\u017celi chcesz si\u0119 dowiedzie\u0107 wi\u0119cej na temat naszej nowej kolekcji i ciekawostek z ni\u0105 zwi\u0105zanych koniecznie przeczytaj ten wpis o ko\u0144ca.<\/p>\n","protected":false},"author":3,"featured_media":7531,"comment_status":"open","ping_status":"open","sticky":false,"template":"","format":"standard","meta":[],"categories":[3],"tags":[],"yoast_head":"<!-- This site is optimized with the Yoast SEO plugin v18.4.1 - https:\/\/yoast.com\/wordpress\/plugins\/seo\/ -->\n<title>Nowa kolekcja prosto z Mediolanu ! Zobacz co ta pere\u0142ki - Pakuten blog<\/title>\n<meta name=\"description\" content=\"Nasza kolekcja prosto z Mediolanu w\u0142a\u015bnie wystartowa\u0142a, koniecznie powinna\u015b zajrze\u0107 na nasz\u0105 stron\u0119 internetow\u0105 Pakuten.pl i wybra\u0107 najlepsze opcje dla siebie. Opowiem Wam dzisiaj kilka ciekawostek na temat tej stolicy mody. Je\u017celi chcesz si\u0119 dowiedzie\u0107 wi\u0119cej na temat naszej nowej kolekcji i ciekawostek z ni\u0105 zwi\u0105zanych koniecznie przeczytaj ten wpis o ko\u0144ca.\" \/>\n<meta name=\"robots\" content=\"index, follow, max-snippet:-1, max-image-preview:large, max-video-preview:-1\" \/>\n<link rel=\"canonical\" href=\"https:\/\/pakuten.pl\/blog\/nowa-kolekcja-prosto-z-mediolanu-zobacz-co-ta-perelki\/\" \/>\n<meta property=\"og:locale\" content=\"pl_PL\" \/>\n<meta property=\"og:type\" content=\"article\" \/>\n<meta property=\"og:title\" content=\"Nowa kolekcja prosto z Mediolanu ! Zobacz co ta pere\u0142ki - Pakuten blog\" \/>\n<meta property=\"og:description\" content=\"Nasza kolekcja prosto z Mediolanu w\u0142a\u015bnie wystartowa\u0142a, koniecznie powinna\u015b zajrze\u0107 na nasz\u0105 stron\u0119 internetow\u0105 Pakuten.pl i wybra\u0107 najlepsze opcje dla siebie. Opowiem Wam dzisiaj kilka ciekawostek na temat tej stolicy mody. Je\u017celi chcesz si\u0119 dowiedzie\u0107 wi\u0119cej na temat naszej nowej kolekcji i ciekawostek z ni\u0105 zwi\u0105zanych koniecznie przeczytaj ten wpis o ko\u0144ca.\" \/>\n<meta property=\"og:url\" content=\"https:\/\/pakuten.pl\/blog\/nowa-kolekcja-prosto-z-mediolanu-zobacz-co-ta-perelki\/\" \/>\n<meta property=\"og:site_name\" content=\"Pakuten blog\" \/>\n<meta property=\"article:published_time\" content=\"2023-03-15T08:52:09+00:00\" \/>\n<meta property=\"og:image\" content=\"https:\/\/pakuten.pl\/blog\/wp-content\/uploads\/2023\/03\/Nowa-kolekcja-prosto-z-Mediolanu-Zobacz-co-ta-perelki.jpg\" \/>\n\t<meta property=\"og:image:width\" content=\"1280\" \/>\n\t<meta property=\"og:image:height\" content=\"853\" \/>\n\t<meta property=\"og:image:type\" content=\"image\/jpeg\" \/>\n<meta name=\"twitter:card\" content=\"summary_large_image\" \/>\n<meta name=\"twitter:label1\" content=\"Napisane przez\" \/>\n\t<meta name=\"twitter:data1\" content=\"Pakuten Girl\" \/>\n\t<meta name=\"twitter:label2\" content=\"Szacowany czas czytania\" \/>\n\t<meta name=\"twitter:data2\" content=\"5 minut\" \/>\n<script type=\"application\/ld+json\" class=\"yoast-schema-graph\">{\"@context\":\"https:\/\/schema.org\",\"@graph\":[{\"@type\":\"Organization\",\"@id\":\"https:\/\/pakuten.pl\/blog\/#organization\",\"name\":\"Pakuten\",\"url\":\"https:\/\/pakuten.pl\/blog\/\",\"sameAs\":[],\"logo\":{\"@type\":\"ImageObject\",\"@id\":\"https:\/\/pakuten.pl\/blog\/#logo\",\"inLanguage\":\"pl-PL\",\"url\":\"http:\/\/pakuten.pl\/blog\/wp-content\/uploads\/2018\/01\/pakuten_logo.png\",\"contentUrl\":\"http:\/\/pakuten.pl\/blog\/wp-content\/uploads\/2018\/01\/pakuten_logo.png\",\"width\":300,\"height\":120,\"caption\":\"Pakuten\"},\"image\":{\"@id\":\"https:\/\/pakuten.pl\/blog\/#logo\"}},{\"@type\":\"WebSite\",\"@id\":\"https:\/\/pakuten.pl\/blog\/#website\",\"url\":\"https:\/\/pakuten.pl\/blog\/\",\"name\":\"Pakuten blog\",\"description\":\"Blog sklepu internetowego pakuten.pl\",\"publisher\":{\"@id\":\"https:\/\/pakuten.pl\/blog\/#organization\"},\"potentialAction\":[{\"@type\":\"SearchAction\",\"target\":{\"@type\":\"EntryPoint\",\"urlTemplate\":\"https:\/\/pakuten.pl\/blog\/?s={search_term_string}\"},\"query-input\":\"required name=search_term_string\"}],\"inLanguage\":\"pl-PL\"},{\"@type\":\"ImageObject\",\"@id\":\"https:\/\/pakuten.pl\/blog\/nowa-kolekcja-prosto-z-mediolanu-zobacz-co-ta-perelki\/#primaryimage\",\"inLanguage\":\"pl-PL\",\"url\":\"https:\/\/pakuten.pl\/blog\/wp-content\/uploads\/2023\/03\/Nowa-kolekcja-prosto-z-Mediolanu-Zobacz-co-ta-perelki.jpg\",\"contentUrl\":\"https:\/\/pakuten.pl\/blog\/wp-content\/uploads\/2023\/03\/Nowa-kolekcja-prosto-z-Mediolanu-Zobacz-co-ta-perelki.jpg\",\"width\":1280,\"height\":853},{\"@type\":\"WebPage\",\"@id\":\"https:\/\/pakuten.pl\/blog\/nowa-kolekcja-prosto-z-mediolanu-zobacz-co-ta-perelki\/#webpage\",\"url\":\"https:\/\/pakuten.pl\/blog\/nowa-kolekcja-prosto-z-mediolanu-zobacz-co-ta-perelki\/\",\"name\":\"Nowa kolekcja prosto z Mediolanu ! Zobacz co ta pere\u0142ki - Pakuten blog\",\"isPartOf\":{\"@id\":\"https:\/\/pakuten.pl\/blog\/#website\"},\"primaryImageOfPage\":{\"@id\":\"https:\/\/pakuten.pl\/blog\/nowa-kolekcja-prosto-z-mediolanu-zobacz-co-ta-perelki\/#primaryimage\"},\"datePublished\":\"2023-03-15T08:52:09+00:00\",\"dateModified\":\"2023-03-15T08:52:09+00:00\",\"description\":\"Nasza kolekcja prosto z Mediolanu w\u0142a\u015bnie wystartowa\u0142a, koniecznie powinna\u015b zajrze\u0107 na nasz\u0105 stron\u0119 internetow\u0105 Pakuten.pl i wybra\u0107 najlepsze opcje dla siebie. Opowiem Wam dzisiaj kilka ciekawostek na temat tej stolicy mody. Je\u017celi chcesz si\u0119 dowiedzie\u0107 wi\u0119cej na temat naszej nowej kolekcji i ciekawostek z ni\u0105 zwi\u0105zanych koniecznie przeczytaj ten wpis o ko\u0144ca.\",\"breadcrumb\":{\"@id\":\"https:\/\/pakuten.pl\/blog\/nowa-kolekcja-prosto-z-mediolanu-zobacz-co-ta-perelki\/#breadcrumb\"},\"inLanguage\":\"pl-PL\",\"potentialAction\":[{\"@type\":\"ReadAction\",\"target\":[\"https:\/\/pakuten.pl\/blog\/nowa-kolekcja-prosto-z-mediolanu-zobacz-co-ta-perelki\/\"]}]},{\"@type\":\"BreadcrumbList\",\"@id\":\"https:\/\/pakuten.pl\/blog\/nowa-kolekcja-prosto-z-mediolanu-zobacz-co-ta-perelki\/#breadcrumb\",\"itemListElement\":[{\"@type\":\"ListItem\",\"position\":1,\"name\":\"Strona g\u0142\u00f3wna\",\"item\":\"https:\/\/pakuten.pl\/blog\/\"},{\"@type\":\"ListItem\",\"position\":2,\"name\":\"Nowa kolekcja prosto z Mediolanu ! Zobacz co ta pere\u0142ki\"}]},{\"@type\":\"Article\",\"@id\":\"https:\/\/pakuten.pl\/blog\/nowa-kolekcja-prosto-z-mediolanu-zobacz-co-ta-perelki\/#article\",\"isPartOf\":{\"@id\":\"https:\/\/pakuten.pl\/blog\/nowa-kolekcja-prosto-z-mediolanu-zobacz-co-ta-perelki\/#webpage\"},\"author\":{\"@id\":\"https:\/\/pakuten.pl\/blog\/#\/schema\/person\/d7133af30211381a4e4536d088384556\"},\"headline\":\"Nowa kolekcja prosto z Mediolanu ! Zobacz co ta pere\u0142ki\",\"datePublished\":\"2023-03-15T08:52:09+00:00\",\"dateModified\":\"2023-03-15T08:52:09+00:00\",\"mainEntityOfPage\":{\"@id\":\"https:\/\/pakuten.pl\/blog\/nowa-kolekcja-prosto-z-mediolanu-zobacz-co-ta-perelki\/#webpage\"},\"wordCount\":602,\"commentCount\":0,\"publisher\":{\"@id\":\"https:\/\/pakuten.pl\/blog\/#organization\"},\"image\":{\"@id\":\"https:\/\/pakuten.pl\/blog\/nowa-kolekcja-prosto-z-mediolanu-zobacz-co-ta-perelki\/#primaryimage\"},\"thumbnailUrl\":\"https:\/\/pakuten.pl\/blog\/wp-content\/uploads\/2023\/03\/Nowa-kolekcja-prosto-z-Mediolanu-Zobacz-co-ta-perelki.jpg\",\"articleSection\":[\"Top Trends\"],\"inLanguage\":\"pl-PL\",\"potentialAction\":[{\"@type\":\"CommentAction\",\"name\":\"Comment\",\"target\":[\"https:\/\/pakuten.pl\/blog\/nowa-kolekcja-prosto-z-mediolanu-zobacz-co-ta-perelki\/#respond\"]}]},{\"@type\":\"Person\",\"@id\":\"https:\/\/pakuten.pl\/blog\/#\/schema\/person\/d7133af30211381a4e4536d088384556\",\"name\":\"Pakuten Girl\",\"image\":{\"@type\":\"ImageObject\",\"@id\":\"https:\/\/pakuten.pl\/blog\/#personlogo\",\"inLanguage\":\"pl-PL\",\"url\":\"https:\/\/secure.gravatar.com\/avatar\/d3df41de2caf92e6cfded9430c2ff352?s=96&d=mm&r=g\",\"contentUrl\":\"https:\/\/secure.gravatar.com\/avatar\/d3df41de2caf92e6cfded9430c2ff352?s=96&d=mm&r=g\",\"caption\":\"Pakuten Girl\"},\"description\":\"Cze\u015b\u0107, nazywam si\u0119 Ola. Kocham Netflixa, sals\u0119, nowo\u015bci kosmetyczne i najnowsze trendy w modzie.\",\"url\":\"https:\/\/pakuten.pl\/blog\/author\/pakuten-girl\/\"}]}<\/script>\n<!-- \/ Yoast SEO plugin. -->","yoast_head_json":{"title":"Nowa kolekcja prosto z Mediolanu ! Zobacz co ta pere\u0142ki - Pakuten blog","description":"Nasza kolekcja prosto z Mediolanu w\u0142a\u015bnie wystartowa\u0142a, koniecznie powinna\u015b zajrze\u0107 na nasz\u0105 stron\u0119 internetow\u0105 Pakuten.pl i wybra\u0107 najlepsze opcje dla siebie. Opowiem Wam dzisiaj kilka ciekawostek na temat tej stolicy mody. Je\u017celi chcesz si\u0119 dowiedzie\u0107 wi\u0119cej na temat naszej nowej kolekcji i ciekawostek z ni\u0105 zwi\u0105zanych koniecznie przeczytaj ten wpis o ko\u0144ca.","robots":{"index":"index","follow":"follow","max-snippet":"max-snippet:-1","max-image-preview":"max-image-preview:large","max-video-preview":"max-video-preview:-1"},"canonical":"https:\/\/pakuten.pl\/blog\/nowa-kolekcja-prosto-z-mediolanu-zobacz-co-ta-perelki\/","og_locale":"pl_PL","og_type":"article","og_title":"Nowa kolekcja prosto z Mediolanu ! Zobacz co ta pere\u0142ki - Pakuten blog","og_description":"Nasza kolekcja prosto z Mediolanu w\u0142a\u015bnie wystartowa\u0142a, koniecznie powinna\u015b zajrze\u0107 na nasz\u0105 stron\u0119 internetow\u0105 Pakuten.pl i wybra\u0107 najlepsze opcje dla siebie. Opowiem Wam dzisiaj kilka ciekawostek na temat tej stolicy mody. Je\u017celi chcesz si\u0119 dowiedzie\u0107 wi\u0119cej na temat naszej nowej kolekcji i ciekawostek z ni\u0105 zwi\u0105zanych koniecznie przeczytaj ten wpis o ko\u0144ca.","og_url":"https:\/\/pakuten.pl\/blog\/nowa-kolekcja-prosto-z-mediolanu-zobacz-co-ta-perelki\/","og_site_name":"Pakuten blog","article_published_time":"2023-03-15T08:52:09+00:00","og_image":[{"width":1280,"height":853,"url":"https:\/\/pakuten.pl\/blog\/wp-content\/uploads\/2023\/03\/Nowa-kolekcja-prosto-z-Mediolanu-Zobacz-co-ta-perelki.jpg","type":"image\/jpeg"}],"twitter_card":"summary_large_image","twitter_misc":{"Napisane przez":"Pakuten Girl","Szacowany czas czytania":"5 minut"},"schema":{"@context":"https:\/\/schema.org","@graph":[{"@type":"Organization","@id":"https:\/\/pakuten.pl\/blog\/#organization","name":"Pakuten","url":"https:\/\/pakuten.pl\/blog\/","sameAs":[],"logo":{"@type":"ImageObject","@id":"https:\/\/pakuten.pl\/blog\/#logo","inLanguage":"pl-PL","url":"http:\/\/pakuten.pl\/blog\/wp-content\/uploads\/2018\/01\/pakuten_logo.png","contentUrl":"http:\/\/pakuten.pl\/blog\/wp-content\/uploads\/2018\/01\/pakuten_logo.png","width":300,"height":120,"caption":"Pakuten"},"image":{"@id":"https:\/\/pakuten.pl\/blog\/#logo"}},{"@type":"WebSite","@id":"https:\/\/pakuten.pl\/blog\/#website","url":"https:\/\/pakuten.pl\/blog\/","name":"Pakuten blog","description":"Blog sklepu internetowego pakuten.pl","publisher":{"@id":"https:\/\/pakuten.pl\/blog\/#organization"},"potentialAction":[{"@type":"SearchAction","target":{"@type":"EntryPoint","urlTemplate":"https:\/\/pakuten.pl\/blog\/?s={search_term_string}"},"query-input":"required name=search_term_string"}],"inLanguage":"pl-PL"},{"@type":"ImageObject","@id":"https:\/\/pakuten.pl\/blog\/nowa-kolekcja-prosto-z-mediolanu-zobacz-co-ta-perelki\/#primaryimage","inLanguage":"pl-PL","url":"https:\/\/pakuten.pl\/blog\/wp-content\/uploads\/2023\/03\/Nowa-kolekcja-prosto-z-Mediolanu-Zobacz-co-ta-perelki.jpg","contentUrl":"https:\/\/pakuten.pl\/blog\/wp-content\/uploads\/2023\/03\/Nowa-kolekcja-prosto-z-Mediolanu-Zobacz-co-ta-perelki.jpg","width":1280,"height":853},{"@type":"WebPage","@id":"https:\/\/pakuten.pl\/blog\/nowa-kolekcja-prosto-z-mediolanu-zobacz-co-ta-perelki\/#webpage","url":"https:\/\/pakuten.pl\/blog\/nowa-kolekcja-prosto-z-mediolanu-zobacz-co-ta-perelki\/","name":"Nowa kolekcja prosto z Mediolanu ! Zobacz co ta pere\u0142ki - Pakuten blog","isPartOf":{"@id":"https:\/\/pakuten.pl\/blog\/#website"},"primaryImageOfPage":{"@id":"https:\/\/pakuten.pl\/blog\/nowa-kolekcja-prosto-z-mediolanu-zobacz-co-ta-perelki\/#primaryimage"},"datePublished":"2023-03-15T08:52:09+00:00","dateModified":"2023-03-15T08:52:09+00:00","description":"Nasza kolekcja prosto z Mediolanu w\u0142a\u015bnie wystartowa\u0142a, koniecznie powinna\u015b zajrze\u0107 na nasz\u0105 stron\u0119 internetow\u0105 Pakuten.pl i wybra\u0107 najlepsze opcje dla siebie. Opowiem Wam dzisiaj kilka ciekawostek na temat tej stolicy mody. Je\u017celi chcesz si\u0119 dowiedzie\u0107 wi\u0119cej na temat naszej nowej kolekcji i ciekawostek z ni\u0105 zwi\u0105zanych koniecznie przeczytaj ten wpis o ko\u0144ca.","breadcrumb":{"@id":"https:\/\/pakuten.pl\/blog\/nowa-kolekcja-prosto-z-mediolanu-zobacz-co-ta-perelki\/#breadcrumb"},"inLanguage":"pl-PL","potentialAction":[{"@type":"ReadAction","target":["https:\/\/pakuten.pl\/blog\/nowa-kolekcja-prosto-z-mediolanu-zobacz-co-ta-perelki\/"]}]},{"@type":"BreadcrumbList","@id":"https:\/\/pakuten.pl\/blog\/nowa-kolekcja-prosto-z-mediolanu-zobacz-co-ta-perelki\/#breadcrumb","itemListElement":[{"@type":"ListItem","position":1,"name":"Strona g\u0142\u00f3wna","item":"https:\/\/pakuten.pl\/blog\/"},{"@type":"ListItem","position":2,"name":"Nowa kolekcja prosto z Mediolanu ! Zobacz co ta pere\u0142ki"}]},{"@type":"Article","@id":"https:\/\/pakuten.pl\/blog\/nowa-kolekcja-prosto-z-mediolanu-zobacz-co-ta-perelki\/#article","isPartOf":{"@id":"https:\/\/pakuten.pl\/blog\/nowa-kolekcja-prosto-z-mediolanu-zobacz-co-ta-perelki\/#webpage"},"author":{"@id":"https:\/\/pakuten.pl\/blog\/#\/schema\/person\/d7133af30211381a4e4536d088384556"},"headline":"Nowa kolekcja prosto z Mediolanu ! Zobacz co ta pere\u0142ki","datePublished":"2023-03-15T08:52:09+00:00","dateModified":"2023-03-15T08:52:09+00:00","mainEntityOfPage":{"@id":"https:\/\/pakuten.pl\/blog\/nowa-kolekcja-prosto-z-mediolanu-zobacz-co-ta-perelki\/#webpage"},"wordCount":602,"commentCount":0,"publisher":{"@id":"https:\/\/pakuten.pl\/blog\/#organization"},"image":{"@id":"https:\/\/pakuten.pl\/blog\/nowa-kolekcja-prosto-z-mediolanu-zobacz-co-ta-perelki\/#primaryimage"},"thumbnailUrl":"https:\/\/pakuten.pl\/blog\/wp-content\/uploads\/2023\/03\/Nowa-kolekcja-prosto-z-Mediolanu-Zobacz-co-ta-perelki.jpg","articleSection":["Top Trends"],"inLanguage":"pl-PL","potentialAction":[{"@type":"CommentAction","name":"Comment","target":["https:\/\/pakuten.pl\/blog\/nowa-kolekcja-prosto-z-mediolanu-zobacz-co-ta-perelki\/#respond"]}]},{"@type":"Person","@id":"https:\/\/pakuten.pl\/blog\/#\/schema\/person\/d7133af30211381a4e4536d088384556","name":"Pakuten Girl","image":{"@type":"ImageObject","@id":"https:\/\/pakuten.pl\/blog\/#personlogo","inLanguage":"pl-PL","url":"https:\/\/secure.gravatar.com\/avatar\/d3df41de2caf92e6cfded9430c2ff352?s=96&d=mm&r=g","contentUrl":"https:\/\/secure.gravatar.com\/avatar\/d3df41de2caf92e6cfded9430c2ff352?s=96&d=mm&r=g","caption":"Pakuten Girl"},"description":"Cze\u015b\u0107, nazywam si\u0119 Ola. Kocham Netflixa, sals\u0119, nowo\u015bci kosmetyczne i najnowsze trendy w modzie.","url":"https:\/\/pakuten.pl\/blog\/author\/pakuten-girl\/"}]}},"_links":{"self":[{"href":"https:\/\/pakuten.pl\/blog\/wp-json\/wp\/v2\/posts\/7529"}],"collection":[{"href":"https:\/\/pakuten.pl\/blog\/wp-json\/wp\/v2\/posts"}],"about":[{"href":"https:\/\/pakuten.pl\/blog\/wp-json\/wp\/v2\/types\/post"}],"author":[{"embeddable":true,"href":"https:\/\/pakuten.pl\/blog\/wp-json\/wp\/v2\/users\/3"}],"replies":[{"embeddable":true,"href":"https:\/\/pakuten.pl\/blog\/wp-json\/wp\/v2\/comments?post=7529"}],"version-history":[{"count":5,"href":"https:\/\/pakuten.pl\/blog\/wp-json\/wp\/v2\/posts\/7529\/revisions"}],"predecessor-version":[{"id":7544,"href":"https:\/\/pakuten.pl\/blog\/wp-json\/wp\/v2\/posts\/7529\/revisions\/7544"}],"wp:featuredmedia":[{"embeddable":true,"href":"https:\/\/pakuten.pl\/blog\/wp-json\/wp\/v2\/media\/7531"}],"wp:attachment":[{"href":"https:\/\/pakuten.pl\/blog\/wp-json\/wp\/v2\/media?parent=7529"}],"wp:term":[{"taxonomy":"category","embeddable":true,"href":"https:\/\/pakuten.pl\/blog\/wp-json\/wp\/v2\/categories?post=7529"},{"taxonomy":"post_tag","embeddable":true,"href":"https:\/\/pakuten.pl\/blog\/wp-json\/wp\/v2\/tags?post=7529"}],"curies":[{"name":"wp","href":"https:\/\/api.w.org\/{rel}","templated":true}]}}