{"id":754,"date":"2018-05-04T09:00:19","date_gmt":"2018-05-04T07:00:19","guid":{"rendered":"http:\/\/pakuten.pl\/blog\/?p=754"},"modified":"2021-09-01T14:09:11","modified_gmt":"2021-09-01T12:09:11","slug":"margaret-piosenkarka-czy-modowa-influencerka-stylizacje-margaret-pod-lupa","status":"publish","type":"post","link":"https:\/\/pakuten.pl\/blog\/margaret-piosenkarka-czy-modowa-influencerka-stylizacje-margaret-pod-lupa\/","title":{"rendered":"Margaret \u2013 piosenkarka czy modowa influencerka? Stylizacje Margaret pod lup\u0105"},"content":{"rendered":"<p>Jest kolorowym ptakiem polskiej muzyki \u2013 dos\u0142ownie i w przeno\u015bni, bo \u201enothing can cool her down\u201d \u2013 nic nie mo\u017ce jej zatrzyma\u0107. Margaret \u2013 piosenkarka, a mo\u017ce nawet bardziej modowa, inspiruj\u0105ca influencerka? Instagram Margaret jest pe\u0142en zdj\u0119\u0107, kt\u00f3rymi mo\u017cesz si\u0119 zainspirowa\u0107. Wybrali\u015bmy 8 najlepszych.<\/p>\n<p>Ma\u0142o kto na polskiej scenie muzycznej ma tak wyrazisty i ekstrawagancki wizerunek jak w\u0142a\u015bnie ona. Nie boi si\u0119 niczego \u2013 ani kolor\u00f3w, ani total lok\u00f3w, ani skomplikowanych fason\u00f3w czy przestrzennych form \u2013 kt\u00f3re cz\u0119sto wida\u0107 zw\u0142aszcza w jej kreacjach scenicznych. Oto stylizacje Margaret, kt\u00f3re podobaj\u0105 nam si\u0119 najbardziej.<\/p>\n<h2>Margaret ma zaci\u0119cie do stylizacji!<\/h2>\n<p>Gwiazda jest specjalistk\u0105 od total look\u00f3w \u2013 co zreszt\u0105 wida\u0107 te\u017c wyra\u017anie w naszym subiektywnym zestawieniu. Denim to co\u015b, co sprawdza si\u0119 nie tylko na ulicy. D\u017cins \u201elubi\u0105\u201d te\u017c scena i Instagram. Margaret po\u0142\u0105czy\u0142a tutaj modn\u0105 porwan\u0105 katan\u0119 i <span style=\"color: #ff9900;\"><strong><a style=\"color: #ff9900;\" href=\"https:\/\/pakuten.pl\/135-kapelusze\">s\u0142omkowy kapelusz z szerokim rondem<\/a><\/strong><\/span>. Uroku dodaje wi\u0105zanie pod szyj\u0105, a odrobiny ekstrawagancji \u2013 typowej dla Margaret \u2013 <span style=\"color: #000000;\">makija\u017c <\/span>z u\u017cyciem \u017c\u00f3\u0142tych cieni do powiek. To zreszt\u0105 nie jedyny denimowy outfit, jaki znajdziesz na jej Instagramie.<\/p>\n<blockquote class=\"instagram-media\" style=\"background: #FFF; border: 0; border-radius: 3px; box-shadow: 0 0 1px 0 rgba(0,0,0,0.5),0 1px 10px 0 rgba(0,0,0,0.15); margin: 1px; max-width: 658px; padding: 0; width: calc(100% - 2px);\" data-instgrm-permalink=\"https:\/\/www.instagram.com\/p\/Bh_u8wQlHVZ\/\" data-instgrm-version=\"8\">\n<div style=\"padding: 8px;\">\n<div style=\"background: #F8F8F8; line-height: 0; margin-top: 40px; padding: 62.5% 0; text-align: center; width: 100%;\">\n<div style=\"background: url(data:image\/png; base64,ivborw0kggoaaaansuheugaaacwaaaascamaaaapwqozaaaabgdbtueaalgpc\/xhbqaaaafzukdcak7ohokaaaamuexurczmzpf399fx1+bm5mzy9amaaadisurbvdjlvzxbesmgces5\/p8\/t9furvcrmu73jwlzosgsiizurcjo\/ad+eqjjb4hv8bft+idpqocx1wjosbfhh2xssxeiyn3uli\/6mnree07uiwjev8ueowds88ly97kqytlijkktuybbruayvh5wohixmpi5we58ek028czwyuqdlkpg1bkb4nnm+veanfhqn1k4+gpt6ugqcvu2h2ovuif\/gwufyy8owepdyzsa3avcqpvovvzzz2vtnn2wu8qzvjddeto90gsy9mvlqtgysy231mxry6i2ggqjrty0l8fxcxfcbbhwrsyyaaaaaelftksuqmcc); display: block; height: 44px; margin: 0 auto -44px; position: relative; top: -22px; width: 44px;\"><\/div>\n<\/div>\n<p style=\"color: #c9c8cd; font-family: Arial,sans-serif; font-size: 14px; line-height: 17px; margin-bottom: 0; margin-top: 8px; overflow: hidden; padding: 8px 0 7px; text-align: center; text-overflow: ellipsis; white-space: nowrap;\"><a style=\"color: #c9c8cd; font-family: Arial,sans-serif; font-size: 14px; font-style: normal; font-weight: normal; line-height: 17px; text-decoration: none;\" href=\"https:\/\/www.instagram.com\/p\/Bh_u8wQlHVZ\/\" target=\"_blank\" rel=\"noopener\">Post udost\u0119pniony przez Margaret (@margaret_official)<\/a> <time style=\"font-family: Arial,sans-serif; font-size: 14px; line-height: 17px;\" datetime=\"2018-04-25T13:54:39+00:00\">Kwi 25, 2018 o 6:54 PDT<\/time><\/p>\n<\/div>\n<\/blockquote>\n<p><script async=\"\" defer=\"\" src=\"\/\/www.instagram.com\/embed.js\"><\/script><\/p>\n<div class=\"product-box-container\">\r\n<div class=\"one_third \" style=\"\">\r\n<div class=\"product-box\">\r\n<a href=\"https:\/\/pakuten.pl\/3711-13214-sp-bluza-kaptur-kangurka-szary.html\" target=\"_blank\">\r\n <img src=\"https:\/\/media.pakuten.pl\/21408-large_default\/sp-bluza-kaptur-kangurka.jpg\" alt=\"SP BLUZA KAPTUR KANGURKA\"\/>\r\n<\/a>\r\n<p>\r\n<a href=\"https:\/\/pakuten.pl\/3711-13214-sp-bluza-kaptur-kangurka-szary.html\" target=\"_blank\">\r\nSP BLUZA KAPTUR KANGURKA\r\n<\/a><\/p>\r\n  <p>Cena: 24,99\u00a0z\u0142<\/p>\r\n<a href=\"https:\/\/pakuten.pl\/3711-13214-sp-bluza-kaptur-kangurka-szary.html\" target=\"_blank\" class=\"button\">\r\nZobacz w sklepie\r\n<\/a>\r\n<\/div>\r\n<\/div>\r\n<div class=\"one_third \" style=\"\">\r\n<div class=\"product-box\">\r\n<a href=\"\" target=\"_blank\">\r\n  <img src=\"\" alt=\"\"\/>\r\n<\/a>\r\n<p>\r\n<a href=\"\" target=\"_blank\">\r\n\r\n<\/a><\/p>\r\n  <p>Cena: <\/p>\r\n<a href=\"\" target=\"_blank\" class=\"button\">\r\nZobacz w sklepie\r\n<\/a>\r\n<\/div>\r\n<\/div>\r\n<div class=\"one_third last \" style=\"\">\r\n<div class=\"product-box\">\r\n<a href=\"\" target=\"_blank\">\r\n  <img src=\"\" alt=\"\"\/>\r\n<\/a>\r\n<p>\r\n<a href=\"\" target=\"_blank\">\r\n\r\n<\/a><\/p>\r\n  <p>Cena: <\/p>\r\n<a href=\"\" target=\"_blank\" class=\"button\">\r\nZobacz w sklepie\r\n<\/a>\r\n<\/div>\r\n<\/div><br class=\"clear\"\/>\r\n<\/div>\n<h2>Kobieta w czerwieni<\/h2>\n<p>Lady in red jest innym pomys\u0142em na total look w wykonaniu Margaret. Piosenkarka si\u0119gn\u0119\u0142a po stra\u017cacki odcie\u0144 czerwieni, kt\u00f3ry \u015bwietnie kontrastuje z jej karnacj\u0105 i kolorem w\u0142os\u00f3w. <strong><span style=\"color: #000000;\">Nie ma bardziej poci\u0105gaj\u0105cego koloru ni\u017c <a style=\"color: #000000;\" href=\"https:\/\/pakuten.pl\/blog\/pomadka-symbol-twojej-kobiecosci-jak-dobrac-kolor-szminki-do-urody\/\" target=\"_blank\" rel=\"noopener\">czerwie\u0144 \u2013 zaczynaj\u0105c od ust<\/a>, ko\u0144cz\u0105c na butach. Ten kolor pasuje ka\u017cdej z nas, nie tylko Margaret.<\/span><\/strong><\/p>\n<blockquote class=\"instagram-media\" style=\"background: #FFF; border: 0; border-radius: 3px; box-shadow: 0 0 1px 0 rgba(0,0,0,0.5),0 1px 10px 0 rgba(0,0,0,0.15); margin: 1px; max-width: 658px; padding: 0; width: calc(100% - 2px);\" data-instgrm-permalink=\"https:\/\/www.instagram.com\/p\/BXpi6iclqnZ\/\" data-instgrm-version=\"8\">\n<div style=\"padding: 8px;\">\n<div style=\"background: #F8F8F8; line-height: 0; margin-top: 40px; padding: 62.5% 0; text-align: center; width: 100%;\">\n<div style=\"background: url(data:image\/png; base64,ivborw0kggoaaaansuheugaaacwaaaascamaaaapwqozaaaabgdbtueaalgpc\/xhbqaaaafzukdcak7ohokaaaamuexurczmzpf399fx1+bm5mzy9amaaadisurbvdjlvzxbesmgces5\/p8\/t9furvcrmu73jwlzosgsiizurcjo\/ad+eqjjb4hv8bft+idpqocx1wjosbfhh2xssxeiyn3uli\/6mnree07uiwjev8ueowds88ly97kqytlijkktuybbruayvh5wohixmpi5we58ek028czwyuqdlkpg1bkb4nnm+veanfhqn1k4+gpt6ugqcvu2h2ovuif\/gwufyy8owepdyzsa3avcqpvovvzzz2vtnn2wu8qzvjddeto90gsy9mvlqtgysy231mxry6i2ggqjrty0l8fxcxfcbbhwrsyyaaaaaelftksuqmcc); display: block; height: 44px; margin: 0 auto -44px; position: relative; top: -22px; width: 44px;\"><\/div>\n<\/div>\n<p style=\"color: #c9c8cd; font-family: Arial,sans-serif; font-size: 14px; line-height: 17px; margin-bottom: 0; margin-top: 8px; overflow: hidden; padding: 8px 0 7px; text-align: center; text-overflow: ellipsis; white-space: nowrap;\"><a style=\"color: #c9c8cd; font-family: Arial,sans-serif; font-size: 14px; font-style: normal; font-weight: normal; line-height: 17px; text-decoration: none;\" href=\"https:\/\/www.instagram.com\/p\/BXpi6iclqnZ\/\" target=\"_blank\" rel=\"noopener\">Post udost\u0119pniony przez Margaret (@margaret_official)<\/a> <time style=\"font-family: Arial,sans-serif; font-size: 14px; line-height: 17px;\" datetime=\"2017-08-11T09:52:16+00:00\">Sie 11, 2017 o 2:52 PDT<\/time><\/p>\n<\/div>\n<\/blockquote>\n<p><script async=\"\" defer=\"\" src=\"\/\/www.instagram.com\/embed.js\"><\/script><\/p>\n<h2>\u015awie\u017cy powiew lat 70.<\/h2>\n<p>Na wyj\u015bcie w upalny letni dzie\u0144 nic nie sprawdza si\u0119 tak, jak biel. Sp\u00f3jrz tylko na total white w stylu lat 70. \u2013 z efektem WOW. <strong>Nasza gwiazda niecz\u0119sto nosi tak eleganckie stylizacje, Margaret jednak jest znana z \u0142amania schemat\u00f3w i wizualnych niespodzianek dla fan\u00f3w.<\/strong><br \/>\nStylizacje Margaret rzadko s\u0105 tak proste, a jednak czasami to w\u0142a\u015bnie w prostocie tkwi si\u0142a. Elegancj\u0119 podbija jeszcze bardziej kapelusz. Ca\u0142o\u015b\u0107 kojarzy nam si\u0119 troch\u0119 z wizerunkiem Lady Gagi podczas promocji p\u0142yty Joanne.<\/p>\n<blockquote class=\"instagram-media\" style=\"background: #FFF; border: 0; border-radius: 3px; box-shadow: 0 0 1px 0 rgba(0,0,0,0.5),0 1px 10px 0 rgba(0,0,0,0.15); margin: 1px; max-width: 658px; padding: 0; width: calc(100% - 2px);\" data-instgrm-permalink=\"https:\/\/www.instagram.com\/p\/BccEqjLFXcX\/\" data-instgrm-version=\"8\">\n<div style=\"padding: 8px;\">\n<div style=\"background: #F8F8F8; line-height: 0; margin-top: 40px; padding: 57.407407407407405% 0; text-align: center; width: 100%;\">\n<div style=\"background: url(data:image\/png; base64,ivborw0kggoaaaansuheugaaacwaaaascamaaaapwqozaaaabgdbtueaalgpc\/xhbqaaaafzukdcak7ohokaaaamuexurczmzpf399fx1+bm5mzy9amaaadisurbvdjlvzxbesmgces5\/p8\/t9furvcrmu73jwlzosgsiizurcjo\/ad+eqjjb4hv8bft+idpqocx1wjosbfhh2xssxeiyn3uli\/6mnree07uiwjev8ueowds88ly97kqytlijkktuybbruayvh5wohixmpi5we58ek028czwyuqdlkpg1bkb4nnm+veanfhqn1k4+gpt6ugqcvu2h2ovuif\/gwufyy8owepdyzsa3avcqpvovvzzz2vtnn2wu8qzvjddeto90gsy9mvlqtgysy231mxry6i2ggqjrty0l8fxcxfcbbhwrsyyaaaaaelftksuqmcc); display: block; height: 44px; margin: 0 auto -44px; position: relative; top: -22px; width: 44px;\"><\/div>\n<\/div>\n<p style=\"color: #c9c8cd; font-family: Arial,sans-serif; font-size: 14px; line-height: 17px; margin-bottom: 0; margin-top: 8px; overflow: hidden; padding: 8px 0 7px; text-align: center; text-overflow: ellipsis; white-space: nowrap;\"><a style=\"color: #c9c8cd; font-family: Arial,sans-serif; font-size: 14px; font-style: normal; font-weight: normal; line-height: 17px; text-decoration: none;\" href=\"https:\/\/www.instagram.com\/p\/BccEqjLFXcX\/\" target=\"_blank\" rel=\"noopener\">Post udost\u0119pniony przez Margaret (@margaret_official)<\/a> <time style=\"font-family: Arial,sans-serif; font-size: 14px; line-height: 17px;\" datetime=\"2017-12-08T10:54:47+00:00\">Gru 8, 2017 o 2:54 PST<\/time><\/p>\n<\/div>\n<\/blockquote>\n<p><script async=\"\" defer=\"\" src=\"\/\/www.instagram.com\/embed.js\"><\/script><\/p>\n<div class=\"product-box-container\">\r\n<div class=\"one_third \" style=\"\">\r\n<div class=\"product-box\">\r\n<a href=\"\" target=\"_blank\">\r\n <img src=\"\" alt=\"\"\/>\r\n<\/a>\r\n<p>\r\n<a href=\"\" target=\"_blank\">\r\n\r\n<\/a><\/p>\r\n  <p>Cena: <\/p>\r\n<a href=\"\" target=\"_blank\" class=\"button\">\r\nZobacz w sklepie\r\n<\/a>\r\n<\/div>\r\n<\/div>\r\n<div class=\"one_third \" style=\"\">\r\n<div class=\"product-box\">\r\n<a href=\"https:\/\/pakuten.pl\/3700-13183-sp-okulary-przeciwsloneczne-okragle-srebrny.html\" target=\"_blank\">\r\n  <img src=\"https:\/\/media.pakuten.pl\/21327-large_default\/sp-okulary-przeciwsloneczne-okragle.jpg\" alt=\"SP OKULARY PRZECIWS\u0141ONECZNE OKR\u0104G\u0141E\"\/>\r\n<\/a>\r\n<p>\r\n<a href=\"https:\/\/pakuten.pl\/3700-13183-sp-okulary-przeciwsloneczne-okragle-srebrny.html\" target=\"_blank\">\r\nSP OKULARY PRZECIWS\u0141ONECZNE OKR\u0104G\u0141E\r\n<\/a><\/p>\r\n  <p>Cena: 19,99\u00a0z\u0142<\/p>\r\n<a href=\"https:\/\/pakuten.pl\/3700-13183-sp-okulary-przeciwsloneczne-okragle-srebrny.html\" target=\"_blank\" class=\"button\">\r\nZobacz w sklepie\r\n<\/a>\r\n<\/div>\r\n<\/div>\r\n<div class=\"one_third last \" style=\"\">\r\n<div class=\"product-box\">\r\n<a href=\"\" target=\"_blank\">\r\n  <img src=\"\" alt=\"\"\/>\r\n<\/a>\r\n<p>\r\n<a href=\"\" target=\"_blank\">\r\n\r\n<\/a><\/p>\r\n  <p>Cena: <\/p>\r\n<a href=\"\" target=\"_blank\" class=\"button\">\r\nZobacz w sklepie\r\n<\/a>\r\n<\/div>\r\n<\/div><br class=\"clear\"\/>\r\n<\/div>\n<h2>Margaret \u2013 Instagram, scena i ulica w jednym wizerunku<\/h2>\n<p>Ekstrawagancja, a jednocze\u015bnie zami\u0142owanie do stylu vintage \u2013 to ca\u0142a Margaret. Piosenkarka uwielbia oryginalne okulary i inne dodatki, kt\u00f3re mo\u017cesz wyszpera\u0107 na pchlim targu lub w szafie swoich dziadk\u00f3w. \u0141\u0105czy je z kultowymi <a href=\"https:\/\/pakuten.pl\/60-bluzki-z-nadrukiem\" target=\"_blank\" rel=\"noopener\"><strong><span style=\"color: #ff9900;\">T-shirtami z nadrukami<\/span><\/strong><\/a> lub lu\u017anymi bluzami czy m\u0119skimi blazerami. Jej codzienny styl dzi\u0119ki takim zestawieniom pozostaje zaskakuj\u0105cy, eklektyczny, a tak\u017ce&#8230; sexy. Na uwag\u0119 zas\u0142uguje super modna krata ksi\u0119cia Walii (czarna drobna kratka na szarym tle).<br \/>\nMargaret lubi te\u017c <span style=\"color: #ff9900;\"><strong><a style=\"color: #ff9900;\" href=\"https:\/\/pakuten.pl\/28-swetry\">oversizowe swetry<\/a><\/strong><\/span> po\u0142\u0105czone z ultrakobiecymi sukienkami i butami \u2013 w gr\u0119 wchodz\u0105 tu tylko szpilki, ale te\u017c kozaki czy sneakersy. Nawet na wielkich imprezach!<\/p>\n<blockquote class=\"instagram-media\" style=\"background: #FFF; border: 0; border-radius: 3px; box-shadow: 0 0 1px 0 rgba(0,0,0,0.5),0 1px 10px 0 rgba(0,0,0,0.15); margin: 1px; max-width: 658px; padding: 0; width: calc(100% - 2px);\" data-instgrm-permalink=\"https:\/\/www.instagram.com\/p\/BhMNlm7FkiI\/\" data-instgrm-version=\"8\">\n<div style=\"padding: 8px;\">\n<div style=\"background: #F8F8F8; line-height: 0; margin-top: 40px; padding: 62.4537037037037% 0; text-align: center; width: 100%;\">\n<div style=\"background: url(data:image\/png; base64,ivborw0kggoaaaansuheugaaacwaaaascamaaaapwqozaaaabgdbtueaalgpc\/xhbqaaaafzukdcak7ohokaaaamuexurczmzpf399fx1+bm5mzy9amaaadisurbvdjlvzxbesmgces5\/p8\/t9furvcrmu73jwlzosgsiizurcjo\/ad+eqjjb4hv8bft+idpqocx1wjosbfhh2xssxeiyn3uli\/6mnree07uiwjev8ueowds88ly97kqytlijkktuybbruayvh5wohixmpi5we58ek028czwyuqdlkpg1bkb4nnm+veanfhqn1k4+gpt6ugqcvu2h2ovuif\/gwufyy8owepdyzsa3avcqpvovvzzz2vtnn2wu8qzvjddeto90gsy9mvlqtgysy231mxry6i2ggqjrty0l8fxcxfcbbhwrsyyaaaaaelftksuqmcc); display: block; height: 44px; margin: 0 auto -44px; position: relative; top: -22px; width: 44px;\"><\/div>\n<\/div>\n<p style=\"color: #c9c8cd; font-family: Arial,sans-serif; font-size: 14px; line-height: 17px; margin-bottom: 0; margin-top: 8px; overflow: hidden; padding: 8px 0 7px; text-align: center; text-overflow: ellipsis; white-space: nowrap;\"><a style=\"color: #c9c8cd; font-family: Arial,sans-serif; font-size: 14px; font-style: normal; font-weight: normal; line-height: 17px; text-decoration: none;\" href=\"https:\/\/www.instagram.com\/p\/BhMNlm7FkiI\/\" target=\"_blank\" rel=\"noopener\">Post udost\u0119pniony przez Margaret (@margaret_official)<\/a> <time style=\"font-family: Arial,sans-serif; font-size: 14px; line-height: 17px;\" datetime=\"2018-04-05T13:41:52+00:00\">Kwi 5, 2018 o 6:41 PDT<\/time><\/p>\n<\/div>\n<\/blockquote>\n<p><script async=\"\" defer=\"\" src=\"\/\/www.instagram.com\/embed.js\"><\/script><\/p>\n<blockquote class=\"instagram-media\" style=\"background: #FFF; border: 0; border-radius: 3px; box-shadow: 0 0 1px 0 rgba(0,0,0,0.5),0 1px 10px 0 rgba(0,0,0,0.15); margin: 1px; max-width: 658px; padding: 0; width: calc(100% - 2px);\" data-instgrm-permalink=\"https:\/\/www.instagram.com\/p\/BU1P4FZgDSW\/\" data-instgrm-version=\"8\">\n<div style=\"padding: 8px;\">\n<div style=\"background: #F8F8F8; line-height: 0; margin-top: 40px; padding: 50.0% 0; text-align: center; width: 100%;\">\n<div style=\"background: url(data:image\/png; base64,ivborw0kggoaaaansuheugaaacwaaaascamaaaapwqozaaaabgdbtueaalgpc\/xhbqaaaafzukdcak7ohokaaaamuexurczmzpf399fx1+bm5mzy9amaaadisurbvdjlvzxbesmgces5\/p8\/t9furvcrmu73jwlzosgsiizurcjo\/ad+eqjjb4hv8bft+idpqocx1wjosbfhh2xssxeiyn3uli\/6mnree07uiwjev8ueowds88ly97kqytlijkktuybbruayvh5wohixmpi5we58ek028czwyuqdlkpg1bkb4nnm+veanfhqn1k4+gpt6ugqcvu2h2ovuif\/gwufyy8owepdyzsa3avcqpvovvzzz2vtnn2wu8qzvjddeto90gsy9mvlqtgysy231mxry6i2ggqjrty0l8fxcxfcbbhwrsyyaaaaaelftksuqmcc); display: block; height: 44px; margin: 0 auto -44px; position: relative; top: -22px; width: 44px;\"><\/div>\n<\/div>\n<p style=\"color: #c9c8cd; font-family: Arial,sans-serif; font-size: 14px; line-height: 17px; margin-bottom: 0; margin-top: 8px; overflow: hidden; padding: 8px 0 7px; text-align: center; text-overflow: ellipsis; white-space: nowrap;\"><a style=\"color: #c9c8cd; font-family: Arial,sans-serif; font-size: 14px; font-style: normal; font-weight: normal; line-height: 17px; text-decoration: none;\" href=\"https:\/\/www.instagram.com\/p\/BU1P4FZgDSW\/\" target=\"_blank\" rel=\"noopener\">Post udost\u0119pniony przez Margaret (@margaret_official)<\/a> <time style=\"font-family: Arial,sans-serif; font-size: 14px; line-height: 17px;\" datetime=\"2017-06-02T09:22:36+00:00\">Cze 2, 2017 o 2:22 PDT<\/time><\/p>\n<\/div>\n<\/blockquote>\n<p><script async=\"\" defer=\"\" src=\"\/\/www.instagram.com\/embed.js\"><\/script><\/p>\n<blockquote class=\"instagram-media\" style=\"background: #FFF; border: 0; border-radius: 3px; box-shadow: 0 0 1px 0 rgba(0,0,0,0.5),0 1px 10px 0 rgba(0,0,0,0.15); margin: 1px; max-width: 658px; padding: 0; width: calc(100% - 2px);\" data-instgrm-permalink=\"https:\/\/www.instagram.com\/p\/BX3TcnUlFnS\/\" data-instgrm-version=\"8\">\n<div style=\"padding: 8px;\">\n<div style=\"background: #F8F8F8; line-height: 0; margin-top: 40px; padding: 50.0% 0; text-align: center; width: 100%;\">\n<div style=\"background: url(data:image\/png; base64,ivborw0kggoaaaansuheugaaacwaaaascamaaaapwqozaaaabgdbtueaalgpc\/xhbqaaaafzukdcak7ohokaaaamuexurczmzpf399fx1+bm5mzy9amaaadisurbvdjlvzxbesmgces5\/p8\/t9furvcrmu73jwlzosgsiizurcjo\/ad+eqjjb4hv8bft+idpqocx1wjosbfhh2xssxeiyn3uli\/6mnree07uiwjev8ueowds88ly97kqytlijkktuybbruayvh5wohixmpi5we58ek028czwyuqdlkpg1bkb4nnm+veanfhqn1k4+gpt6ugqcvu2h2ovuif\/gwufyy8owepdyzsa3avcqpvovvzzz2vtnn2wu8qzvjddeto90gsy9mvlqtgysy231mxry6i2ggqjrty0l8fxcxfcbbhwrsyyaaaaaelftksuqmcc); display: block; height: 44px; margin: 0 auto -44px; position: relative; top: -22px; width: 44px;\"><\/div>\n<\/div>\n<p style=\"color: #c9c8cd; font-family: Arial,sans-serif; font-size: 14px; line-height: 17px; margin-bottom: 0; margin-top: 8px; overflow: hidden; padding: 8px 0 7px; text-align: center; text-overflow: ellipsis; white-space: nowrap;\"><a style=\"color: #c9c8cd; font-family: Arial,sans-serif; font-size: 14px; font-style: normal; font-weight: normal; line-height: 17px; text-decoration: none;\" href=\"https:\/\/www.instagram.com\/p\/BX3TcnUlFnS\/\" target=\"_blank\" rel=\"noopener\">Post udost\u0119pniony przez Margaret (@margaret_official)<\/a> <time style=\"font-family: Arial,sans-serif; font-size: 14px; line-height: 17px;\" datetime=\"2017-08-16T18:06:28+00:00\">Sie 16, 2017 o 11:06 PDT<\/time><\/p>\n<\/div>\n<\/blockquote>\n<p><script async=\"\" defer=\"\" src=\"\/\/www.instagram.com\/embed.js\"><\/script><\/p>\n<blockquote class=\"instagram-media\" style=\"background: #FFF; border: 0; border-radius: 3px; box-shadow: 0 0 1px 0 rgba(0,0,0,0.5),0 1px 10px 0 rgba(0,0,0,0.15); margin: 1px; max-width: 658px; padding: 0; width: calc(100% - 2px);\" data-instgrm-permalink=\"https:\/\/www.instagram.com\/p\/BeYE6bXldnR\/\" data-instgrm-version=\"8\">\n<div style=\"padding: 8px;\">\n<div style=\"background: #F8F8F8; line-height: 0; margin-top: 40px; padding: 62.4537037037037% 0; text-align: center; width: 100%;\">\n<div style=\"background: url(data:image\/png; base64,ivborw0kggoaaaansuheugaaacwaaaascamaaaapwqozaaaabgdbtueaalgpc\/xhbqaaaafzukdcak7ohokaaaamuexurczmzpf399fx1+bm5mzy9amaaadisurbvdjlvzxbesmgces5\/p8\/t9furvcrmu73jwlzosgsiizurcjo\/ad+eqjjb4hv8bft+idpqocx1wjosbfhh2xssxeiyn3uli\/6mnree07uiwjev8ueowds88ly97kqytlijkktuybbruayvh5wohixmpi5we58ek028czwyuqdlkpg1bkb4nnm+veanfhqn1k4+gpt6ugqcvu2h2ovuif\/gwufyy8owepdyzsa3avcqpvovvzzz2vtnn2wu8qzvjddeto90gsy9mvlqtgysy231mxry6i2ggqjrty0l8fxcxfcbbhwrsyyaaaaaelftksuqmcc); display: block; height: 44px; margin: 0 auto -44px; position: relative; top: -22px; width: 44px;\"><\/div>\n<\/div>\n<p style=\"color: #c9c8cd; font-family: Arial,sans-serif; font-size: 14px; line-height: 17px; margin-bottom: 0; margin-top: 8px; overflow: hidden; padding: 8px 0 7px; text-align: center; text-overflow: ellipsis; white-space: nowrap;\"><a style=\"color: #c9c8cd; font-family: Arial,sans-serif; font-size: 14px; font-style: normal; font-weight: normal; line-height: 17px; text-decoration: none;\" href=\"https:\/\/www.instagram.com\/p\/BeYE6bXldnR\/\" target=\"_blank\" rel=\"noopener\">Post udost\u0119pniony przez Margaret (@margaret_official)<\/a> <time style=\"font-family: Arial,sans-serif; font-size: 14px; line-height: 17px;\" datetime=\"2018-01-25T14:42:46+00:00\">Sty 25, 2018 o 6:42 PST<\/time><\/p>\n<\/div>\n<\/blockquote>\n<p><script async=\"\" defer=\"\" src=\"\/\/www.instagram.com\/embed.js\"><\/script><\/p>\n<blockquote class=\"instagram-media\" style=\"background: #FFF; border: 0; border-radius: 3px; box-shadow: 0 0 1px 0 rgba(0,0,0,0.5),0 1px 10px 0 rgba(0,0,0,0.15); margin: 1px; max-width: 658px; padding: 0; width: calc(100% - 2px);\" data-instgrm-permalink=\"https:\/\/www.instagram.com\/p\/BgRFiwOFWBo\/\" data-instgrm-version=\"8\">\n<div style=\"padding: 8px;\">\n<div style=\"background: #F8F8F8; line-height: 0; margin-top: 40px; padding: 62.5% 0; text-align: center; width: 100%;\">\n<div style=\"background: url(data:image\/png; base64,ivborw0kggoaaaansuheugaaacwaaaascamaaaapwqozaaaabgdbtueaalgpc\/xhbqaaaafzukdcak7ohokaaaamuexurczmzpf399fx1+bm5mzy9amaaadisurbvdjlvzxbesmgces5\/p8\/t9furvcrmu73jwlzosgsiizurcjo\/ad+eqjjb4hv8bft+idpqocx1wjosbfhh2xssxeiyn3uli\/6mnree07uiwjev8ueowds88ly97kqytlijkktuybbruayvh5wohixmpi5we58ek028czwyuqdlkpg1bkb4nnm+veanfhqn1k4+gpt6ugqcvu2h2ovuif\/gwufyy8owepdyzsa3avcqpvovvzzz2vtnn2wu8qzvjddeto90gsy9mvlqtgysy231mxry6i2ggqjrty0l8fxcxfcbbhwrsyyaaaaaelftksuqmcc); display: block; height: 44px; margin: 0 auto -44px; position: relative; top: -22px; width: 44px;\"><\/div>\n<\/div>\n<p style=\"color: #c9c8cd; font-family: Arial,sans-serif; font-size: 14px; line-height: 17px; margin-bottom: 0; margin-top: 8px; overflow: hidden; padding: 8px 0 7px; text-align: center; text-overflow: ellipsis; white-space: nowrap;\"><a style=\"color: #c9c8cd; font-family: Arial,sans-serif; font-size: 14px; font-style: normal; font-weight: normal; line-height: 17px; text-decoration: none;\" href=\"https:\/\/www.instagram.com\/p\/BgRFiwOFWBo\/\" target=\"_blank\" rel=\"noopener\">Post udost\u0119pniony przez Margaret (@margaret_official)<\/a> <time style=\"font-family: Arial,sans-serif; font-size: 14px; line-height: 17px;\" datetime=\"2018-03-13T14:36:23+00:00\">Mar 13, 2018 o 7:36 PDT<\/time><\/p>\n<\/div>\n<\/blockquote>\n<p><script async=\"\" defer=\"\" src=\"\/\/www.instagram.com\/embed.js\"><\/script><\/p>\n<h2>Co na wyj\u015bcie? Margaret piosenkarka VS Margaret stylistka<\/h2>\n<p>Instagram gwiazdy p\u0119ka w szwach od zdj\u0119\u0107 z event\u00f3w. Zwykle s\u0105 to mocno awangardowe, przestrzenne kreacje \u2013 kiedy Margaret wyst\u0119puje na takich wydarzeniach, od razu wiadomo, \u017ce to ona. <strong>Po\u0142yskliwe materia\u0142y, mocne kolory, nylon, tafta, nadruki, sukienki i obszerne sp\u00f3dnice, dodatki z najnowszych kolekcji \u015bwiatowych projektant\u00f3w, a tak\u017ce sceniczne makija\u017ce.<\/strong> Margaret \u2013 piosenkarka pokazuje, \u017ce jest jednocze\u015bnie \u015bwietn\u0105, obeznan\u0105 z trendami stylistk\u0105.<\/p>\n<p>Kt\u00f3re stylizacje Margaret podobaj\u0105 Ci si\u0119 najbardziej? A mo\u017ce masz swoje typy? O kt\u00f3rej gwie\u017adzie musimy napisa\u0107? Koniecznie daj zna\u0107 w komentarzu!<\/p>\n\n\n<div class=\"kk-star-ratings kksr-auto kksr-align-right kksr-valign-bottom\"\n    data-payload='{&quot;align&quot;:&quot;right&quot;,&quot;id&quot;:&quot;754&quot;,&quot;slug&quot;:&quot;default&quot;,&quot;valign&quot;:&quot;bottom&quot;,&quot;ignore&quot;:&quot;&quot;,&quot;reference&quot;:&quot;auto&quot;,&quot;class&quot;:&quot;&quot;,&quot;count&quot;:&quot;2&quot;,&quot;legendonly&quot;:&quot;&quot;,&quot;readonly&quot;:&quot;&quot;,&quot;score&quot;:&quot;5&quot;,&quot;starsonly&quot;:&quot;&quot;,&quot;best&quot;:&quot;5&quot;,&quot;gap&quot;:&quot;5&quot;,&quot;greet&quot;:&quot;Rate this post&quot;,&quot;legend&quot;:&quot;5\\\/5 - (2 votes)&quot;,&quot;size&quot;:&quot;24&quot;,&quot;width&quot;:&quot;142.5&quot;,&quot;_legend&quot;:&quot;{score}\\\/{best} - ({count} {votes})&quot;,&quot;font_factor&quot;:&quot;1.25&quot;}'>\n            \n<div class=\"kksr-stars\">\n    \n<div class=\"kksr-stars-inactive\">\n            <div class=\"kksr-star\" data-star=\"1\" style=\"padding-right: 5px\">\n            \n\n<div class=\"kksr-icon\" style=\"width: 24px; height: 24px;\"><\/div>\n        <\/div>\n            <div class=\"kksr-star\" data-star=\"2\" style=\"padding-right: 5px\">\n            \n\n<div class=\"kksr-icon\" style=\"width: 24px; height: 24px;\"><\/div>\n        <\/div>\n            <div class=\"kksr-star\" data-star=\"3\" style=\"padding-right: 5px\">\n            \n\n<div class=\"kksr-icon\" style=\"width: 24px; height: 24px;\"><\/div>\n        <\/div>\n            <div class=\"kksr-star\" data-star=\"4\" style=\"padding-right: 5px\">\n            \n\n<div class=\"kksr-icon\" style=\"width: 24px; height: 24px;\"><\/div>\n        <\/div>\n            <div class=\"kksr-star\" data-star=\"5\" style=\"padding-right: 5px\">\n            \n\n<div class=\"kksr-icon\" style=\"width: 24px; height: 24px;\"><\/div>\n        <\/div>\n    <\/div>\n    \n<div class=\"kksr-stars-active\" style=\"width: 142.5px;\">\n            <div class=\"kksr-star\" style=\"padding-right: 5px\">\n            \n\n<div class=\"kksr-icon\" style=\"width: 24px; height: 24px;\"><\/div>\n        <\/div>\n            <div class=\"kksr-star\" style=\"padding-right: 5px\">\n            \n\n<div class=\"kksr-icon\" style=\"width: 24px; height: 24px;\"><\/div>\n        <\/div>\n            <div class=\"kksr-star\" style=\"padding-right: 5px\">\n            \n\n<div class=\"kksr-icon\" style=\"width: 24px; height: 24px;\"><\/div>\n        <\/div>\n            <div class=\"kksr-star\" style=\"padding-right: 5px\">\n            \n\n<div class=\"kksr-icon\" style=\"width: 24px; height: 24px;\"><\/div>\n        <\/div>\n            <div class=\"kksr-star\" style=\"padding-right: 5px\">\n            \n\n<div class=\"kksr-icon\" style=\"width: 24px; height: 24px;\"><\/div>\n        <\/div>\n    <\/div>\n<\/div>\n                \n\n<div class=\"kksr-legend\" style=\"font-size: 19.2px;\">\n            5\/5 - (2 votes)    <\/div>\n    <\/div>\n","protected":false},"excerpt":{"rendered":"<p>Jest kolorowym ptakiem polskiej muzyki \u2013 dos\u0142ownie i w przeno\u015bni, bo \u201enothing can cool her down\u201d \u2013 nic nie mo\u017ce jej zatrzyma\u0107. Margaret \u2013 piosenkarka, a mo\u017ce nawet bardziej modowa, inspiruj\u0105ca influencerka? Instagram Margaret jest pe\u0142en zdj\u0119\u0107, kt\u00f3rymi mo\u017cesz si\u0119 zainspirowa\u0107. Wybrali\u015bmy 8 najlepszych.<\/p>\n","protected":false},"author":3,"featured_media":752,"comment_status":"open","ping_status":"open","sticky":false,"template":"","format":"standard","meta":[],"categories":[5],"tags":[20,43,29],"yoast_head":"<!-- This site is optimized with the Yoast SEO plugin v18.4.1 - https:\/\/yoast.com\/wordpress\/plugins\/seo\/ -->\n<title>Margaret \u2013 piosenkarka czy modowa influencerka? Stylizacje Margaret pod lup\u0105 - Pakuten blog<\/title>\n<meta name=\"robots\" content=\"index, follow, max-snippet:-1, max-image-preview:large, max-video-preview:-1\" \/>\n<link rel=\"canonical\" href=\"https:\/\/pakuten.pl\/blog\/margaret-piosenkarka-czy-modowa-influencerka-stylizacje-margaret-pod-lupa\/\" \/>\n<meta property=\"og:locale\" content=\"pl_PL\" \/>\n<meta property=\"og:type\" content=\"article\" \/>\n<meta property=\"og:title\" content=\"Margaret \u2013 piosenkarka czy modowa influencerka? Stylizacje Margaret pod lup\u0105 - Pakuten blog\" \/>\n<meta property=\"og:description\" content=\"Jest kolorowym ptakiem polskiej muzyki \u2013 dos\u0142ownie i w przeno\u015bni, bo \u201enothing can cool her down\u201d \u2013 nic nie mo\u017ce jej zatrzyma\u0107. Margaret \u2013 piosenkarka, a mo\u017ce nawet bardziej modowa, inspiruj\u0105ca influencerka? Instagram Margaret jest pe\u0142en zdj\u0119\u0107, kt\u00f3rymi mo\u017cesz si\u0119 zainspirowa\u0107. Wybrali\u015bmy 8 najlepszych.\" \/>\n<meta property=\"og:url\" content=\"https:\/\/pakuten.pl\/blog\/margaret-piosenkarka-czy-modowa-influencerka-stylizacje-margaret-pod-lupa\/\" \/>\n<meta property=\"og:site_name\" content=\"Pakuten blog\" \/>\n<meta property=\"article:published_time\" content=\"2018-05-04T07:00:19+00:00\" \/>\n<meta property=\"article:modified_time\" content=\"2021-09-01T12:09:11+00:00\" \/>\n<meta property=\"og:image\" content=\"https:\/\/pakuten.pl\/blog\/wp-content\/uploads\/2018\/04\/Margaret-\u2013-piosenkarka-czy-modowa-influencerka-Stylizacje-Margaret-pod-lup\u0105-min.jpeg\" \/>\n\t<meta property=\"og:image:width\" content=\"1280\" \/>\n\t<meta property=\"og:image:height\" content=\"853\" \/>\n\t<meta property=\"og:image:type\" content=\"image\/jpeg\" \/>\n<meta name=\"twitter:card\" content=\"summary_large_image\" \/>\n<meta name=\"twitter:label1\" content=\"Napisane przez\" \/>\n\t<meta name=\"twitter:data1\" content=\"Pakuten Girl\" \/>\n\t<meta name=\"twitter:label2\" content=\"Szacowany czas czytania\" \/>\n\t<meta name=\"twitter:data2\" content=\"3 minuty\" \/>\n<script type=\"application\/ld+json\" class=\"yoast-schema-graph\">{\"@context\":\"https:\/\/schema.org\",\"@graph\":[{\"@type\":\"Organization\",\"@id\":\"https:\/\/pakuten.pl\/blog\/#organization\",\"name\":\"Pakuten\",\"url\":\"https:\/\/pakuten.pl\/blog\/\",\"sameAs\":[],\"logo\":{\"@type\":\"ImageObject\",\"@id\":\"https:\/\/pakuten.pl\/blog\/#logo\",\"inLanguage\":\"pl-PL\",\"url\":\"http:\/\/pakuten.pl\/blog\/wp-content\/uploads\/2018\/01\/pakuten_logo.png\",\"contentUrl\":\"http:\/\/pakuten.pl\/blog\/wp-content\/uploads\/2018\/01\/pakuten_logo.png\",\"width\":300,\"height\":120,\"caption\":\"Pakuten\"},\"image\":{\"@id\":\"https:\/\/pakuten.pl\/blog\/#logo\"}},{\"@type\":\"WebSite\",\"@id\":\"https:\/\/pakuten.pl\/blog\/#website\",\"url\":\"https:\/\/pakuten.pl\/blog\/\",\"name\":\"Pakuten blog\",\"description\":\"Blog sklepu internetowego pakuten.pl\",\"publisher\":{\"@id\":\"https:\/\/pakuten.pl\/blog\/#organization\"},\"potentialAction\":[{\"@type\":\"SearchAction\",\"target\":{\"@type\":\"EntryPoint\",\"urlTemplate\":\"https:\/\/pakuten.pl\/blog\/?s={search_term_string}\"},\"query-input\":\"required name=search_term_string\"}],\"inLanguage\":\"pl-PL\"},{\"@type\":\"ImageObject\",\"@id\":\"https:\/\/pakuten.pl\/blog\/margaret-piosenkarka-czy-modowa-influencerka-stylizacje-margaret-pod-lupa\/#primaryimage\",\"inLanguage\":\"pl-PL\",\"url\":\"https:\/\/pakuten.pl\/blog\/wp-content\/uploads\/2018\/04\/Margaret-\u2013-piosenkarka-czy-modowa-influencerka-Stylizacje-Margaret-pod-lup\u0105-min.jpeg\",\"contentUrl\":\"https:\/\/pakuten.pl\/blog\/wp-content\/uploads\/2018\/04\/Margaret-\u2013-piosenkarka-czy-modowa-influencerka-Stylizacje-Margaret-pod-lup\u0105-min.jpeg\",\"width\":1280,\"height\":853,\"caption\":\"Margaret piosenkarka czy modowa influencerka Stylizacje Margaret pod lup\u0105\"},{\"@type\":\"WebPage\",\"@id\":\"https:\/\/pakuten.pl\/blog\/margaret-piosenkarka-czy-modowa-influencerka-stylizacje-margaret-pod-lupa\/#webpage\",\"url\":\"https:\/\/pakuten.pl\/blog\/margaret-piosenkarka-czy-modowa-influencerka-stylizacje-margaret-pod-lupa\/\",\"name\":\"Margaret \u2013 piosenkarka czy modowa influencerka? Stylizacje Margaret pod lup\u0105 - Pakuten blog\",\"isPartOf\":{\"@id\":\"https:\/\/pakuten.pl\/blog\/#website\"},\"primaryImageOfPage\":{\"@id\":\"https:\/\/pakuten.pl\/blog\/margaret-piosenkarka-czy-modowa-influencerka-stylizacje-margaret-pod-lupa\/#primaryimage\"},\"datePublished\":\"2018-05-04T07:00:19+00:00\",\"dateModified\":\"2021-09-01T12:09:11+00:00\",\"breadcrumb\":{\"@id\":\"https:\/\/pakuten.pl\/blog\/margaret-piosenkarka-czy-modowa-influencerka-stylizacje-margaret-pod-lupa\/#breadcrumb\"},\"inLanguage\":\"pl-PL\",\"potentialAction\":[{\"@type\":\"ReadAction\",\"target\":[\"https:\/\/pakuten.pl\/blog\/margaret-piosenkarka-czy-modowa-influencerka-stylizacje-margaret-pod-lupa\/\"]}]},{\"@type\":\"BreadcrumbList\",\"@id\":\"https:\/\/pakuten.pl\/blog\/margaret-piosenkarka-czy-modowa-influencerka-stylizacje-margaret-pod-lupa\/#breadcrumb\",\"itemListElement\":[{\"@type\":\"ListItem\",\"position\":1,\"name\":\"Strona g\u0142\u00f3wna\",\"item\":\"https:\/\/pakuten.pl\/blog\/\"},{\"@type\":\"ListItem\",\"position\":2,\"name\":\"Margaret \u2013 piosenkarka czy modowa influencerka? Stylizacje Margaret pod lup\u0105\"}]},{\"@type\":\"Article\",\"@id\":\"https:\/\/pakuten.pl\/blog\/margaret-piosenkarka-czy-modowa-influencerka-stylizacje-margaret-pod-lupa\/#article\",\"isPartOf\":{\"@id\":\"https:\/\/pakuten.pl\/blog\/margaret-piosenkarka-czy-modowa-influencerka-stylizacje-margaret-pod-lupa\/#webpage\"},\"author\":{\"@id\":\"https:\/\/pakuten.pl\/blog\/#\/schema\/person\/d7133af30211381a4e4536d088384556\"},\"headline\":\"Margaret \u2013 piosenkarka czy modowa influencerka? Stylizacje Margaret pod lup\u0105\",\"datePublished\":\"2018-05-04T07:00:19+00:00\",\"dateModified\":\"2021-09-01T12:09:11+00:00\",\"mainEntityOfPage\":{\"@id\":\"https:\/\/pakuten.pl\/blog\/margaret-piosenkarka-czy-modowa-influencerka-stylizacje-margaret-pod-lupa\/#webpage\"},\"wordCount\":671,\"commentCount\":0,\"publisher\":{\"@id\":\"https:\/\/pakuten.pl\/blog\/#organization\"},\"image\":{\"@id\":\"https:\/\/pakuten.pl\/blog\/margaret-piosenkarka-czy-modowa-influencerka-stylizacje-margaret-pod-lupa\/#primaryimage\"},\"thumbnailUrl\":\"https:\/\/pakuten.pl\/blog\/wp-content\/uploads\/2018\/04\/Margaret-\u2013-piosenkarka-czy-modowa-influencerka-Stylizacje-Margaret-pod-lup\u0105-min.jpeg\",\"keywords\":[\"styl gwiazd\",\"stylizacje gwiazd\",\"Wear it like\"],\"articleSection\":[\"Inspirations\"],\"inLanguage\":\"pl-PL\",\"potentialAction\":[{\"@type\":\"CommentAction\",\"name\":\"Comment\",\"target\":[\"https:\/\/pakuten.pl\/blog\/margaret-piosenkarka-czy-modowa-influencerka-stylizacje-margaret-pod-lupa\/#respond\"]}]},{\"@type\":\"Person\",\"@id\":\"https:\/\/pakuten.pl\/blog\/#\/schema\/person\/d7133af30211381a4e4536d088384556\",\"name\":\"Pakuten Girl\",\"image\":{\"@type\":\"ImageObject\",\"@id\":\"https:\/\/pakuten.pl\/blog\/#personlogo\",\"inLanguage\":\"pl-PL\",\"url\":\"https:\/\/secure.gravatar.com\/avatar\/d3df41de2caf92e6cfded9430c2ff352?s=96&d=mm&r=g\",\"contentUrl\":\"https:\/\/secure.gravatar.com\/avatar\/d3df41de2caf92e6cfded9430c2ff352?s=96&d=mm&r=g\",\"caption\":\"Pakuten Girl\"},\"description\":\"Cze\u015b\u0107, nazywam si\u0119 Ola. Kocham Netflixa, sals\u0119, nowo\u015bci kosmetyczne i najnowsze trendy w modzie.\",\"url\":\"https:\/\/pakuten.pl\/blog\/author\/pakuten-girl\/\"}]}<\/script>\n<!-- \/ Yoast SEO plugin. -->","yoast_head_json":{"title":"Margaret \u2013 piosenkarka czy modowa influencerka? Stylizacje Margaret pod lup\u0105 - Pakuten blog","robots":{"index":"index","follow":"follow","max-snippet":"max-snippet:-1","max-image-preview":"max-image-preview:large","max-video-preview":"max-video-preview:-1"},"canonical":"https:\/\/pakuten.pl\/blog\/margaret-piosenkarka-czy-modowa-influencerka-stylizacje-margaret-pod-lupa\/","og_locale":"pl_PL","og_type":"article","og_title":"Margaret \u2013 piosenkarka czy modowa influencerka? Stylizacje Margaret pod lup\u0105 - Pakuten blog","og_description":"Jest kolorowym ptakiem polskiej muzyki \u2013 dos\u0142ownie i w przeno\u015bni, bo \u201enothing can cool her down\u201d \u2013 nic nie mo\u017ce jej zatrzyma\u0107. Margaret \u2013 piosenkarka, a mo\u017ce nawet bardziej modowa, inspiruj\u0105ca influencerka? Instagram Margaret jest pe\u0142en zdj\u0119\u0107, kt\u00f3rymi mo\u017cesz si\u0119 zainspirowa\u0107. Wybrali\u015bmy 8 najlepszych.","og_url":"https:\/\/pakuten.pl\/blog\/margaret-piosenkarka-czy-modowa-influencerka-stylizacje-margaret-pod-lupa\/","og_site_name":"Pakuten blog","article_published_time":"2018-05-04T07:00:19+00:00","article_modified_time":"2021-09-01T12:09:11+00:00","og_image":[{"width":1280,"height":853,"url":"https:\/\/pakuten.pl\/blog\/wp-content\/uploads\/2018\/04\/Margaret-\u2013-piosenkarka-czy-modowa-influencerka-Stylizacje-Margaret-pod-lup\u0105-min.jpeg","type":"image\/jpeg"}],"twitter_card":"summary_large_image","twitter_misc":{"Napisane przez":"Pakuten Girl","Szacowany czas czytania":"3 minuty"},"schema":{"@context":"https:\/\/schema.org","@graph":[{"@type":"Organization","@id":"https:\/\/pakuten.pl\/blog\/#organization","name":"Pakuten","url":"https:\/\/pakuten.pl\/blog\/","sameAs":[],"logo":{"@type":"ImageObject","@id":"https:\/\/pakuten.pl\/blog\/#logo","inLanguage":"pl-PL","url":"http:\/\/pakuten.pl\/blog\/wp-content\/uploads\/2018\/01\/pakuten_logo.png","contentUrl":"http:\/\/pakuten.pl\/blog\/wp-content\/uploads\/2018\/01\/pakuten_logo.png","width":300,"height":120,"caption":"Pakuten"},"image":{"@id":"https:\/\/pakuten.pl\/blog\/#logo"}},{"@type":"WebSite","@id":"https:\/\/pakuten.pl\/blog\/#website","url":"https:\/\/pakuten.pl\/blog\/","name":"Pakuten blog","description":"Blog sklepu internetowego pakuten.pl","publisher":{"@id":"https:\/\/pakuten.pl\/blog\/#organization"},"potentialAction":[{"@type":"SearchAction","target":{"@type":"EntryPoint","urlTemplate":"https:\/\/pakuten.pl\/blog\/?s={search_term_string}"},"query-input":"required name=search_term_string"}],"inLanguage":"pl-PL"},{"@type":"ImageObject","@id":"https:\/\/pakuten.pl\/blog\/margaret-piosenkarka-czy-modowa-influencerka-stylizacje-margaret-pod-lupa\/#primaryimage","inLanguage":"pl-PL","url":"https:\/\/pakuten.pl\/blog\/wp-content\/uploads\/2018\/04\/Margaret-\u2013-piosenkarka-czy-modowa-influencerka-Stylizacje-Margaret-pod-lup\u0105-min.jpeg","contentUrl":"https:\/\/pakuten.pl\/blog\/wp-content\/uploads\/2018\/04\/Margaret-\u2013-piosenkarka-czy-modowa-influencerka-Stylizacje-Margaret-pod-lup\u0105-min.jpeg","width":1280,"height":853,"caption":"Margaret piosenkarka czy modowa influencerka Stylizacje Margaret pod lup\u0105"},{"@type":"WebPage","@id":"https:\/\/pakuten.pl\/blog\/margaret-piosenkarka-czy-modowa-influencerka-stylizacje-margaret-pod-lupa\/#webpage","url":"https:\/\/pakuten.pl\/blog\/margaret-piosenkarka-czy-modowa-influencerka-stylizacje-margaret-pod-lupa\/","name":"Margaret \u2013 piosenkarka czy modowa influencerka? Stylizacje Margaret pod lup\u0105 - Pakuten blog","isPartOf":{"@id":"https:\/\/pakuten.pl\/blog\/#website"},"primaryImageOfPage":{"@id":"https:\/\/pakuten.pl\/blog\/margaret-piosenkarka-czy-modowa-influencerka-stylizacje-margaret-pod-lupa\/#primaryimage"},"datePublished":"2018-05-04T07:00:19+00:00","dateModified":"2021-09-01T12:09:11+00:00","breadcrumb":{"@id":"https:\/\/pakuten.pl\/blog\/margaret-piosenkarka-czy-modowa-influencerka-stylizacje-margaret-pod-lupa\/#breadcrumb"},"inLanguage":"pl-PL","potentialAction":[{"@type":"ReadAction","target":["https:\/\/pakuten.pl\/blog\/margaret-piosenkarka-czy-modowa-influencerka-stylizacje-margaret-pod-lupa\/"]}]},{"@type":"BreadcrumbList","@id":"https:\/\/pakuten.pl\/blog\/margaret-piosenkarka-czy-modowa-influencerka-stylizacje-margaret-pod-lupa\/#breadcrumb","itemListElement":[{"@type":"ListItem","position":1,"name":"Strona g\u0142\u00f3wna","item":"https:\/\/pakuten.pl\/blog\/"},{"@type":"ListItem","position":2,"name":"Margaret \u2013 piosenkarka czy modowa influencerka? Stylizacje Margaret pod lup\u0105"}]},{"@type":"Article","@id":"https:\/\/pakuten.pl\/blog\/margaret-piosenkarka-czy-modowa-influencerka-stylizacje-margaret-pod-lupa\/#article","isPartOf":{"@id":"https:\/\/pakuten.pl\/blog\/margaret-piosenkarka-czy-modowa-influencerka-stylizacje-margaret-pod-lupa\/#webpage"},"author":{"@id":"https:\/\/pakuten.pl\/blog\/#\/schema\/person\/d7133af30211381a4e4536d088384556"},"headline":"Margaret \u2013 piosenkarka czy modowa influencerka? Stylizacje Margaret pod lup\u0105","datePublished":"2018-05-04T07:00:19+00:00","dateModified":"2021-09-01T12:09:11+00:00","mainEntityOfPage":{"@id":"https:\/\/pakuten.pl\/blog\/margaret-piosenkarka-czy-modowa-influencerka-stylizacje-margaret-pod-lupa\/#webpage"},"wordCount":671,"commentCount":0,"publisher":{"@id":"https:\/\/pakuten.pl\/blog\/#organization"},"image":{"@id":"https:\/\/pakuten.pl\/blog\/margaret-piosenkarka-czy-modowa-influencerka-stylizacje-margaret-pod-lupa\/#primaryimage"},"thumbnailUrl":"https:\/\/pakuten.pl\/blog\/wp-content\/uploads\/2018\/04\/Margaret-\u2013-piosenkarka-czy-modowa-influencerka-Stylizacje-Margaret-pod-lup\u0105-min.jpeg","keywords":["styl gwiazd","stylizacje gwiazd","Wear it like"],"articleSection":["Inspirations"],"inLanguage":"pl-PL","potentialAction":[{"@type":"CommentAction","name":"Comment","target":["https:\/\/pakuten.pl\/blog\/margaret-piosenkarka-czy-modowa-influencerka-stylizacje-margaret-pod-lupa\/#respond"]}]},{"@type":"Person","@id":"https:\/\/pakuten.pl\/blog\/#\/schema\/person\/d7133af30211381a4e4536d088384556","name":"Pakuten Girl","image":{"@type":"ImageObject","@id":"https:\/\/pakuten.pl\/blog\/#personlogo","inLanguage":"pl-PL","url":"https:\/\/secure.gravatar.com\/avatar\/d3df41de2caf92e6cfded9430c2ff352?s=96&d=mm&r=g","contentUrl":"https:\/\/secure.gravatar.com\/avatar\/d3df41de2caf92e6cfded9430c2ff352?s=96&d=mm&r=g","caption":"Pakuten Girl"},"description":"Cze\u015b\u0107, nazywam si\u0119 Ola. Kocham Netflixa, sals\u0119, nowo\u015bci kosmetyczne i najnowsze trendy w modzie.","url":"https:\/\/pakuten.pl\/blog\/author\/pakuten-girl\/"}]}},"_links":{"self":[{"href":"https:\/\/pakuten.pl\/blog\/wp-json\/wp\/v2\/posts\/754"}],"collection":[{"href":"https:\/\/pakuten.pl\/blog\/wp-json\/wp\/v2\/posts"}],"about":[{"href":"https:\/\/pakuten.pl\/blog\/wp-json\/wp\/v2\/types\/post"}],"author":[{"embeddable":true,"href":"https:\/\/pakuten.pl\/blog\/wp-json\/wp\/v2\/users\/3"}],"replies":[{"embeddable":true,"href":"https:\/\/pakuten.pl\/blog\/wp-json\/wp\/v2\/comments?post=754"}],"version-history":[{"count":4,"href":"https:\/\/pakuten.pl\/blog\/wp-json\/wp\/v2\/posts\/754\/revisions"}],"predecessor-version":[{"id":5264,"href":"https:\/\/pakuten.pl\/blog\/wp-json\/wp\/v2\/posts\/754\/revisions\/5264"}],"wp:featuredmedia":[{"embeddable":true,"href":"https:\/\/pakuten.pl\/blog\/wp-json\/wp\/v2\/media\/752"}],"wp:attachment":[{"href":"https:\/\/pakuten.pl\/blog\/wp-json\/wp\/v2\/media?parent=754"}],"wp:term":[{"taxonomy":"category","embeddable":true,"href":"https:\/\/pakuten.pl\/blog\/wp-json\/wp\/v2\/categories?post=754"},{"taxonomy":"post_tag","embeddable":true,"href":"https:\/\/pakuten.pl\/blog\/wp-json\/wp\/v2\/tags?post=754"}],"curies":[{"name":"wp","href":"https:\/\/api.w.org\/{rel}","templated":true}]}}