{"id":7545,"date":"2023-03-17T09:54:00","date_gmt":"2023-03-17T08:54:00","guid":{"rendered":"https:\/\/pakuten.pl\/blog\/?p=7545"},"modified":"2023-03-15T10:34:31","modified_gmt":"2023-03-15T09:34:31","slug":"modne-garnitury-na-wiosne-i-lato-2023","status":"publish","type":"post","link":"https:\/\/pakuten.pl\/blog\/modne-garnitury-na-wiosne-i-lato-2023\/","title":{"rendered":"Modne garnitury na wiosn\u0119 i lato 2023"},"content":{"rendered":"\n<p><strong>Nie od dzi\u015b wiadomo \u017ce garnitury sta\u0142y si\u0119 bardzo popularn\u0105 forma na stylizacje nie tylko do biura czy na spotkanie biznesowe ale tak\u017ce na codzie\u0144, na spotkania ze znajomymi, wypady na miasto czy spacer z przyjaci\u00f3\u0142mi. Garnitury staja si\u0119 najpopularniejsz\u0105 i bardzo fajna opcja na wiele okazji jak i bez okazji. Pytanie tylko po jakie fasony garnitur\u00f3w b\u0119dziemy najcz\u0119\u015bciej si\u0119ga\u0107 i w jakich kolorach ? Zaraz postaramy si\u0119 podpowiedzie\u0107.<\/strong><\/p>\n<p>\u00a0<\/p>\n<p>\u00a0<\/p>\n<p><img loading=\"lazy\" class=\"aligncenter size-full wp-image-7533\" src=\"https:\/\/pakuten.pl\/blog\/wp-content\/uploads\/2023\/03\/270A0195.jpg\" alt=\"\" width=\"6720\" height=\"4480\" \/><\/p>\n<p>\u00a0<\/p>\n<p>\u00a0<\/p>\n<p>\u00a0<\/p>\n<h2><span style=\"color: #ff9900;\">Jakie fasony garnitur\u00f3w wybiera\u0107 do swojej sylwetki ?<\/span><\/h2>\n<p>\u00a0<\/p>\n<p>Jeden z najbardziej wiod\u0105cych trend\u00f3w w 2023 na sezon wiosenno &#8211; letni to w\u0142a\u015bnie garnitury damskie w ka\u017cdej formie. Napewno w tym sezonie postawimy na pi\u0119kne i mocne kolory czy fuksja,\u00a0 czerwie\u0144, liliowy, zielony ale nie mo\u017ce tez zabrakn\u0105\u0107 takiego w stonowanym i klasycznym odcieniu, kt\u00f3ry \u015bwietnie sprawdzi si\u0119 do pracy czy na spotkanie i wpasuje si\u0119 w nasz dress code. W naszym sklepie na <span style=\"color: #ff9900;\"><a style=\"color: #ff9900;\" href=\"https:\/\/pakuten.pl\/53-nowosci\" target=\"_blank\" rel=\"noopener\">Pakuten.pl<\/a><\/span> znajdziesz kila \u015bwietnych modeli specjalnie dla Ciebie.<\/p>\n<p>\u00a0<\/p>\n<p>\u00a0<\/p>\n<div class=\"product-box-container\">\r\n<div class=\"one_third \" style=\"\">\r\n<div class=\"product-box\">\r\n<a href=\"https:\/\/pakuten.pl\/31320-70522-czarny-garnitur-marynarka-i-spodnie-keikaa-czarny.html\" target=\"_blank\">\r\n <img src=\"https:\/\/media.pakuten.pl\/191059-large_default\/czarny-garnitur-marynarka-i-spodnie-keikaa.jpg\" alt=\"Czarny garnitur marynarka i spodnie Keikaa\"\/>\r\n<\/a>\r\n<p>\r\n<a href=\"https:\/\/pakuten.pl\/31320-70522-czarny-garnitur-marynarka-i-spodnie-keikaa-czarny.html\" target=\"_blank\">\r\nCzarny garnitur marynarka i spodnie Keikaa\r\n<\/a><\/p>\r\n  <p>Cena: 199,99\u00a0z\u0142<\/p>\r\n<a href=\"https:\/\/pakuten.pl\/31320-70522-czarny-garnitur-marynarka-i-spodnie-keikaa-czarny.html\" target=\"_blank\" class=\"button\">\r\nZobacz w sklepie\r\n<\/a>\r\n<\/div>\r\n<\/div>\r\n<div class=\"one_third \" style=\"\">\r\n<div class=\"product-box\">\r\n<a href=\"https:\/\/pakuten.pl\/30934-69853-rozowy-komplet-marynarka-spodnicospodenki-zekka-rozowy.html\" target=\"_blank\">\r\n  <img src=\"https:\/\/media.pakuten.pl\/189208-large_default\/rozowy-komplet-marynarka-spodnicospodenki-zekka.jpg\" alt=\"R\u00f3\u017cowy komplet marynarka +sp\u00f3dnicospodenki Zekka\"\/>\r\n<\/a>\r\n<p>\r\n<a href=\"https:\/\/pakuten.pl\/30934-69853-rozowy-komplet-marynarka-spodnicospodenki-zekka-rozowy.html\" target=\"_blank\">\r\nR\u00f3\u017cowy komplet marynarka +sp\u00f3dnicospodenki Zekka\r\n<\/a><\/p>\r\n  <p>Cena: 89,99\u00a0z\u0142<\/p>\r\n<a href=\"https:\/\/pakuten.pl\/30934-69853-rozowy-komplet-marynarka-spodnicospodenki-zekka-rozowy.html\" target=\"_blank\" class=\"button\">\r\nZobacz w sklepie\r\n<\/a>\r\n<\/div>\r\n<\/div>\r\n<div class=\"one_third last \" style=\"\">\r\n<div class=\"product-box\">\r\n<a href=\"https:\/\/pakuten.pl\/31264-70464-bezowy-komplet-marynarka-i-spodnico-spodenki-ironina-bezowy.html\" target=\"_blank\">\r\n  <img src=\"https:\/\/media.pakuten.pl\/190775-large_default\/bezowy-komplet-marynarka-i-spodnico-spodenki-ironina.jpg\" alt=\"Be\u017cowy komplet marynarka i sp\u00f3dnico-spodenki Ironina\"\/>\r\n<\/a>\r\n<p>\r\n<a href=\"https:\/\/pakuten.pl\/31264-70464-bezowy-komplet-marynarka-i-spodnico-spodenki-ironina-bezowy.html\" target=\"_blank\">\r\nBe\u017cowy komplet marynarka i sp\u00f3dnico-spodenki Ironina\r\n<\/a><\/p>\r\n  <p>Cena: 89,99\u00a0z\u0142<\/p>\r\n<a href=\"https:\/\/pakuten.pl\/31264-70464-bezowy-komplet-marynarka-i-spodnico-spodenki-ironina-bezowy.html\" target=\"_blank\" class=\"button\">\r\nZobacz w sklepie\r\n<\/a>\r\n<\/div>\r\n<\/div><br class=\"clear\"\/>\r\n<\/div>\n<p>\u00a0<\/p>\n<p>\u00a0<\/p>\n<p>\u00a0<\/p>\n<h2><span style=\"color: #ff9900;\">Jaki kr\u00f3j b\u0119dzie fajnie wygl\u0105da\u0142 ?<\/span><\/h2>\n<p>\u00a0<\/p>\n<p>\u00a0<\/p>\n<p>Kroj\u00f3w garnitur\u00f3w jest naprawd\u0119 bardzo wiele, i wszystkie wgl\u0105daj\u0105 bosko, mo\u017cna je nosi\u0107 bardziej elegancko z koszula i szpilkami lub bardziej sportowo z ulubionymi trampkami czy sneakersami i ulubiony crop topem. Fajnie b\u0119dzie wygl\u0105da\u0142 taki z dopasowanym spodniami i marynarka bez zapi\u0119cia, super prezentuj\u0105 si\u0119 te\u017c te z szerokimi nogawkami i zapinana dwurz\u0119dow\u0105 marynark\u0105. Ale latem gdy jest ciep\u0142o to super sprawdzi si\u0119 garnitur z marynark\u0105 kt\u00f3ra nie ma r\u0119kaw\u00f3w i spodenki czy sp\u00f3dnico- spodenki i do tego ulubiony t-shirt.\u00a0<\/p>\n<p>\u00a0<\/p>\n<p>\u00a0<\/p>\n<div class=\"product-box-container\">\r\n<div class=\"one_third \" style=\"\">\r\n<div class=\"product-box\">\r\n<a href=\"https:\/\/pakuten.pl\/30370-68826-komplet-jak-sukienka-z-przewiazaniem-wettella-brudny-roz-brudny-roz.html\" target=\"_blank\">\r\n <img src=\"https:\/\/media.pakuten.pl\/186615-large_default\/komplet-jak-sukienka-z-przewiazaniem-wettella-brudny-roz.jpg\" alt=\"Komplet jak sukienka z przewi\u0105zaniem Wettella - brudny r\u00f3\u017c\"\/>\r\n<\/a>\r\n<p>\r\n<a href=\"https:\/\/pakuten.pl\/30370-68826-komplet-jak-sukienka-z-przewiazaniem-wettella-brudny-roz-brudny-roz.html\" target=\"_blank\">\r\nKomplet jak sukienka z przewi\u0105zaniem Wettella - brudny r\u00f3\u017c\r\n<\/a><\/p>\r\n  <p>Cena: 139,99\u00a0z\u0142<\/p>\r\n<a href=\"https:\/\/pakuten.pl\/30370-68826-komplet-jak-sukienka-z-przewiazaniem-wettella-brudny-roz-brudny-roz.html\" target=\"_blank\" class=\"button\">\r\nZobacz w sklepie\r\n<\/a>\r\n<\/div>\r\n<\/div>\r\n<div class=\"one_third \" style=\"\">\r\n<div class=\"product-box\">\r\n<a href=\"https:\/\/pakuten.pl\/31322-70524-zielony-garnitur-marynarka-i-spodnie-keikaa-zielony.html\" target=\"_blank\">\r\n  <img src=\"https:\/\/media.pakuten.pl\/191067-large_default\/zielony-garnitur-marynarka-i-spodnie-keikaa.jpg\" alt=\"Zielony garnitur marynarka i spodnie Keikaa\"\/>\r\n<\/a>\r\n<p>\r\n<a href=\"https:\/\/pakuten.pl\/31322-70524-zielony-garnitur-marynarka-i-spodnie-keikaa-zielony.html\" target=\"_blank\">\r\nZielony garnitur marynarka i spodnie Keikaa\r\n<\/a><\/p>\r\n  <p>Cena: 199,99\u00a0z\u0142<\/p>\r\n<a href=\"https:\/\/pakuten.pl\/31322-70524-zielony-garnitur-marynarka-i-spodnie-keikaa-zielony.html\" target=\"_blank\" class=\"button\">\r\nZobacz w sklepie\r\n<\/a>\r\n<\/div>\r\n<\/div>\r\n<div class=\"one_third last \" style=\"\">\r\n<div class=\"product-box\">\r\n<a href=\"https:\/\/pakuten.pl\/31259-70469-czarny-komplet-marynarka-i-spodnico-spodenki-ironina-czarny.html\" target=\"_blank\">\r\n  <img src=\"https:\/\/media.pakuten.pl\/191095-large_default\/czarny-komplet-marynarka-i-spodnico-spodenki-ironina.jpg\" alt=\"Czarny komplet marynarka i sp\u00f3dnico-spodenki Ironina\"\/>\r\n<\/a>\r\n<p>\r\n<a href=\"https:\/\/pakuten.pl\/31259-70469-czarny-komplet-marynarka-i-spodnico-spodenki-ironina-czarny.html\" target=\"_blank\">\r\nCzarny komplet marynarka i sp\u00f3dnico-spodenki Ironina\r\n<\/a><\/p>\r\n  <p>Cena: 89,99\u00a0z\u0142<\/p>\r\n<a href=\"https:\/\/pakuten.pl\/31259-70469-czarny-komplet-marynarka-i-spodnico-spodenki-ironina-czarny.html\" target=\"_blank\" class=\"button\">\r\nZobacz w sklepie\r\n<\/a>\r\n<\/div>\r\n<\/div><br class=\"clear\"\/>\r\n<\/div>\n<p>\u00a0<\/p>\n<p>\u00a0<\/p>\n<p>\u00a0<\/p>\n<h2><span style=\"color: #ff9900;\">Czy na codzie\u0144 mo\u017cemy nosi\u0107 garnitur ?<\/span>\u00a0<\/h2>\n<p>\u00a0<\/p>\n<p>\u00a0<\/p>\n<p>Garnitury s\u0105 idealnym rozwi\u0105zaniem na ka\u017cd\u0105 okazj\u0119 jak i bez okazji na codzie\u0144. Owszem s\u0105 one eleganckie ale to dobrze ! Zawsze b\u0119dziesz wygl\u0105da\u0107 \u015bwietnie. Mo\u017cesz troszk\u0119 zmieni\u0107 jego styl i doda\u0107 do stylizacji wygodne ulubione sportowe buty, kr\u00f3tki crop top a stylizacja nabierze bardziej sportowego kontrastu. Tak\u017ce odpowiadaj\u0105c na pytanie czy garnitur mo\u017cna nosi\u0107 na codzie\u0144, to odpowied\u017a brzmi jak najbardziej tak !\u00a0<\/p>\n<p>\u00a0<\/p>\n<p>\u00a0<\/p>\n<p><img loading=\"lazy\" class=\"aligncenter size-full wp-image-7548\" src=\"https:\/\/pakuten.pl\/blog\/wp-content\/uploads\/2023\/03\/66.jpg\" alt=\"\" width=\"1280\" height=\"1707\" \/><\/p>\n\n\n<div class=\"kk-star-ratings kksr-auto kksr-align-right kksr-valign-bottom\"\n    data-payload='{&quot;align&quot;:&quot;right&quot;,&quot;id&quot;:&quot;7545&quot;,&quot;slug&quot;:&quot;default&quot;,&quot;valign&quot;:&quot;bottom&quot;,&quot;ignore&quot;:&quot;&quot;,&quot;reference&quot;:&quot;auto&quot;,&quot;class&quot;:&quot;&quot;,&quot;count&quot;:&quot;5&quot;,&quot;legendonly&quot;:&quot;&quot;,&quot;readonly&quot;:&quot;&quot;,&quot;score&quot;:&quot;1.6&quot;,&quot;starsonly&quot;:&quot;&quot;,&quot;best&quot;:&quot;5&quot;,&quot;gap&quot;:&quot;5&quot;,&quot;greet&quot;:&quot;Rate this post&quot;,&quot;legend&quot;:&quot;1.6\\\/5 - (5 votes)&quot;,&quot;size&quot;:&quot;24&quot;,&quot;width&quot;:&quot;43.9&quot;,&quot;_legend&quot;:&quot;{score}\\\/{best} - ({count} {votes})&quot;,&quot;font_factor&quot;:&quot;1.25&quot;}'>\n            \n<div class=\"kksr-stars\">\n    \n<div class=\"kksr-stars-inactive\">\n            <div class=\"kksr-star\" data-star=\"1\" style=\"padding-right: 5px\">\n            \n\n<div class=\"kksr-icon\" style=\"width: 24px; height: 24px;\"><\/div>\n        <\/div>\n            <div class=\"kksr-star\" data-star=\"2\" style=\"padding-right: 5px\">\n            \n\n<div class=\"kksr-icon\" style=\"width: 24px; height: 24px;\"><\/div>\n        <\/div>\n            <div class=\"kksr-star\" data-star=\"3\" style=\"padding-right: 5px\">\n            \n\n<div class=\"kksr-icon\" style=\"width: 24px; height: 24px;\"><\/div>\n        <\/div>\n            <div class=\"kksr-star\" data-star=\"4\" style=\"padding-right: 5px\">\n            \n\n<div class=\"kksr-icon\" style=\"width: 24px; height: 24px;\"><\/div>\n        <\/div>\n            <div class=\"kksr-star\" data-star=\"5\" style=\"padding-right: 5px\">\n            \n\n<div class=\"kksr-icon\" style=\"width: 24px; height: 24px;\"><\/div>\n        <\/div>\n    <\/div>\n    \n<div class=\"kksr-stars-active\" style=\"width: 43.9px;\">\n            <div class=\"kksr-star\" style=\"padding-right: 5px\">\n            \n\n<div class=\"kksr-icon\" style=\"width: 24px; height: 24px;\"><\/div>\n        <\/div>\n            <div class=\"kksr-star\" style=\"padding-right: 5px\">\n            \n\n<div class=\"kksr-icon\" style=\"width: 24px; height: 24px;\"><\/div>\n        <\/div>\n            <div class=\"kksr-star\" style=\"padding-right: 5px\">\n            \n\n<div class=\"kksr-icon\" style=\"width: 24px; height: 24px;\"><\/div>\n        <\/div>\n            <div class=\"kksr-star\" style=\"padding-right: 5px\">\n            \n\n<div class=\"kksr-icon\" style=\"width: 24px; height: 24px;\"><\/div>\n        <\/div>\n            <div class=\"kksr-star\" style=\"padding-right: 5px\">\n            \n\n<div class=\"kksr-icon\" style=\"width: 24px; height: 24px;\"><\/div>\n        <\/div>\n    <\/div>\n<\/div>\n                \n\n<div class=\"kksr-legend\" style=\"font-size: 19.2px;\">\n            1.6\/5 - (5 votes)    <\/div>\n    <\/div>\n","protected":false},"excerpt":{"rendered":"<p>Nie od dzi\u015b wiadomo \u017ce garnitury sta\u0142y si\u0119 bardzo popularn\u0105 forma na stylizacje nie tylko do biura czy na spotkanie biznesowe ale tak\u017ce na codzie\u0144, na spotkania ze znajomymi, wypady na miasto czy spacer z przyjaci\u00f3\u0142mi. Garnitury staja si\u0119 najpopularniejsz\u0105 i bardzo fajna opcja na wiele okazji jak i bez okazji. Pytanie tylko po jakie fasony garnitur\u00f3w b\u0119dziemy najcz\u0119\u015bciej si\u0119ga\u0107 i w jakich kolorach ? Zaraz postaramy si\u0119 podpowiedzie\u0107.<\/p>\n","protected":false},"author":3,"featured_media":7547,"comment_status":"open","ping_status":"open","sticky":false,"template":"","format":"standard","meta":[],"categories":[5],"tags":[],"yoast_head":"<!-- This site is optimized with the Yoast SEO plugin v18.4.1 - https:\/\/yoast.com\/wordpress\/plugins\/seo\/ -->\n<title>Modne garnitury na wiosn\u0119 i lato 2023 - Pakuten blog<\/title>\n<meta name=\"description\" content=\"Nie od dzi\u015b wiadomo \u017ce garnitury sta\u0142y si\u0119 bardzo popularn\u0105 forma na stylizacje nie tylko do biura czy na spotkanie biznesowe ale tak\u017ce na codzie\u0144, na spotkania ze znajomymi, wypady na miasto czy spacer z przyjaci\u00f3\u0142mi. Garnitury staja si\u0119 najpopularniejsz\u0105 i bardzo fajna opcja na wiele okazji jak i bez okazji. Pytanie tylko po jakie fasony garnitur\u00f3w b\u0119dziemy najcz\u0119\u015bciej si\u0119ga\u0107 i w jakich kolorach ? Zaraz postaramy si\u0119 podpowiedzie\u0107.\" \/>\n<meta name=\"robots\" content=\"index, follow, max-snippet:-1, max-image-preview:large, max-video-preview:-1\" \/>\n<link rel=\"canonical\" href=\"https:\/\/pakuten.pl\/blog\/modne-garnitury-na-wiosne-i-lato-2023\/\" \/>\n<meta property=\"og:locale\" content=\"pl_PL\" \/>\n<meta property=\"og:type\" content=\"article\" \/>\n<meta property=\"og:title\" content=\"Modne garnitury na wiosn\u0119 i lato 2023 - Pakuten blog\" \/>\n<meta property=\"og:description\" content=\"Nie od dzi\u015b wiadomo \u017ce garnitury sta\u0142y si\u0119 bardzo popularn\u0105 forma na stylizacje nie tylko do biura czy na spotkanie biznesowe ale tak\u017ce na codzie\u0144, na spotkania ze znajomymi, wypady na miasto czy spacer z przyjaci\u00f3\u0142mi. Garnitury staja si\u0119 najpopularniejsz\u0105 i bardzo fajna opcja na wiele okazji jak i bez okazji. Pytanie tylko po jakie fasony garnitur\u00f3w b\u0119dziemy najcz\u0119\u015bciej si\u0119ga\u0107 i w jakich kolorach ? Zaraz postaramy si\u0119 podpowiedzie\u0107.\" \/>\n<meta property=\"og:url\" content=\"https:\/\/pakuten.pl\/blog\/modne-garnitury-na-wiosne-i-lato-2023\/\" \/>\n<meta property=\"og:site_name\" content=\"Pakuten blog\" \/>\n<meta property=\"article:published_time\" content=\"2023-03-17T08:54:00+00:00\" \/>\n<meta property=\"article:modified_time\" content=\"2023-03-15T09:34:31+00:00\" \/>\n<meta property=\"og:image\" content=\"https:\/\/pakuten.pl\/blog\/wp-content\/uploads\/2023\/03\/Modne-garnitury-na-wiosne\u0328-i-lato-2023.jpg\" \/>\n\t<meta property=\"og:image:width\" content=\"1280\" \/>\n\t<meta property=\"og:image:height\" content=\"853\" \/>\n\t<meta property=\"og:image:type\" content=\"image\/jpeg\" \/>\n<meta name=\"twitter:card\" content=\"summary_large_image\" \/>\n<meta name=\"twitter:label1\" content=\"Napisane przez\" \/>\n\t<meta name=\"twitter:data1\" content=\"Pakuten Girl\" \/>\n\t<meta name=\"twitter:label2\" content=\"Szacowany czas czytania\" \/>\n\t<meta name=\"twitter:data2\" content=\"3 minuty\" \/>\n<script type=\"application\/ld+json\" class=\"yoast-schema-graph\">{\"@context\":\"https:\/\/schema.org\",\"@graph\":[{\"@type\":\"Organization\",\"@id\":\"https:\/\/pakuten.pl\/blog\/#organization\",\"name\":\"Pakuten\",\"url\":\"https:\/\/pakuten.pl\/blog\/\",\"sameAs\":[],\"logo\":{\"@type\":\"ImageObject\",\"@id\":\"https:\/\/pakuten.pl\/blog\/#logo\",\"inLanguage\":\"pl-PL\",\"url\":\"http:\/\/pakuten.pl\/blog\/wp-content\/uploads\/2018\/01\/pakuten_logo.png\",\"contentUrl\":\"http:\/\/pakuten.pl\/blog\/wp-content\/uploads\/2018\/01\/pakuten_logo.png\",\"width\":300,\"height\":120,\"caption\":\"Pakuten\"},\"image\":{\"@id\":\"https:\/\/pakuten.pl\/blog\/#logo\"}},{\"@type\":\"WebSite\",\"@id\":\"https:\/\/pakuten.pl\/blog\/#website\",\"url\":\"https:\/\/pakuten.pl\/blog\/\",\"name\":\"Pakuten blog\",\"description\":\"Blog sklepu internetowego pakuten.pl\",\"publisher\":{\"@id\":\"https:\/\/pakuten.pl\/blog\/#organization\"},\"potentialAction\":[{\"@type\":\"SearchAction\",\"target\":{\"@type\":\"EntryPoint\",\"urlTemplate\":\"https:\/\/pakuten.pl\/blog\/?s={search_term_string}\"},\"query-input\":\"required name=search_term_string\"}],\"inLanguage\":\"pl-PL\"},{\"@type\":\"ImageObject\",\"@id\":\"https:\/\/pakuten.pl\/blog\/modne-garnitury-na-wiosne-i-lato-2023\/#primaryimage\",\"inLanguage\":\"pl-PL\",\"url\":\"https:\/\/pakuten.pl\/blog\/wp-content\/uploads\/2023\/03\/Modne-garnitury-na-wiosne\u0328-i-lato-2023.jpg\",\"contentUrl\":\"https:\/\/pakuten.pl\/blog\/wp-content\/uploads\/2023\/03\/Modne-garnitury-na-wiosne\u0328-i-lato-2023.jpg\",\"width\":1280,\"height\":853},{\"@type\":\"WebPage\",\"@id\":\"https:\/\/pakuten.pl\/blog\/modne-garnitury-na-wiosne-i-lato-2023\/#webpage\",\"url\":\"https:\/\/pakuten.pl\/blog\/modne-garnitury-na-wiosne-i-lato-2023\/\",\"name\":\"Modne garnitury na wiosn\u0119 i lato 2023 - Pakuten blog\",\"isPartOf\":{\"@id\":\"https:\/\/pakuten.pl\/blog\/#website\"},\"primaryImageOfPage\":{\"@id\":\"https:\/\/pakuten.pl\/blog\/modne-garnitury-na-wiosne-i-lato-2023\/#primaryimage\"},\"datePublished\":\"2023-03-17T08:54:00+00:00\",\"dateModified\":\"2023-03-15T09:34:31+00:00\",\"description\":\"Nie od dzi\u015b wiadomo \u017ce garnitury sta\u0142y si\u0119 bardzo popularn\u0105 forma na stylizacje nie tylko do biura czy na spotkanie biznesowe ale tak\u017ce na codzie\u0144, na spotkania ze znajomymi, wypady na miasto czy spacer z przyjaci\u00f3\u0142mi. Garnitury staja si\u0119 najpopularniejsz\u0105 i bardzo fajna opcja na wiele okazji jak i bez okazji. Pytanie tylko po jakie fasony garnitur\u00f3w b\u0119dziemy najcz\u0119\u015bciej si\u0119ga\u0107 i w jakich kolorach ? Zaraz postaramy si\u0119 podpowiedzie\u0107.\",\"breadcrumb\":{\"@id\":\"https:\/\/pakuten.pl\/blog\/modne-garnitury-na-wiosne-i-lato-2023\/#breadcrumb\"},\"inLanguage\":\"pl-PL\",\"potentialAction\":[{\"@type\":\"ReadAction\",\"target\":[\"https:\/\/pakuten.pl\/blog\/modne-garnitury-na-wiosne-i-lato-2023\/\"]}]},{\"@type\":\"BreadcrumbList\",\"@id\":\"https:\/\/pakuten.pl\/blog\/modne-garnitury-na-wiosne-i-lato-2023\/#breadcrumb\",\"itemListElement\":[{\"@type\":\"ListItem\",\"position\":1,\"name\":\"Strona g\u0142\u00f3wna\",\"item\":\"https:\/\/pakuten.pl\/blog\/\"},{\"@type\":\"ListItem\",\"position\":2,\"name\":\"Modne garnitury na wiosn\u0119 i lato 2023\"}]},{\"@type\":\"Article\",\"@id\":\"https:\/\/pakuten.pl\/blog\/modne-garnitury-na-wiosne-i-lato-2023\/#article\",\"isPartOf\":{\"@id\":\"https:\/\/pakuten.pl\/blog\/modne-garnitury-na-wiosne-i-lato-2023\/#webpage\"},\"author\":{\"@id\":\"https:\/\/pakuten.pl\/blog\/#\/schema\/person\/d7133af30211381a4e4536d088384556\"},\"headline\":\"Modne garnitury na wiosn\u0119 i lato 2023\",\"datePublished\":\"2023-03-17T08:54:00+00:00\",\"dateModified\":\"2023-03-15T09:34:31+00:00\",\"mainEntityOfPage\":{\"@id\":\"https:\/\/pakuten.pl\/blog\/modne-garnitury-na-wiosne-i-lato-2023\/#webpage\"},\"wordCount\":371,\"commentCount\":0,\"publisher\":{\"@id\":\"https:\/\/pakuten.pl\/blog\/#organization\"},\"image\":{\"@id\":\"https:\/\/pakuten.pl\/blog\/modne-garnitury-na-wiosne-i-lato-2023\/#primaryimage\"},\"thumbnailUrl\":\"https:\/\/pakuten.pl\/blog\/wp-content\/uploads\/2023\/03\/Modne-garnitury-na-wiosne\u0328-i-lato-2023.jpg\",\"articleSection\":[\"Inspirations\"],\"inLanguage\":\"pl-PL\",\"potentialAction\":[{\"@type\":\"CommentAction\",\"name\":\"Comment\",\"target\":[\"https:\/\/pakuten.pl\/blog\/modne-garnitury-na-wiosne-i-lato-2023\/#respond\"]}]},{\"@type\":\"Person\",\"@id\":\"https:\/\/pakuten.pl\/blog\/#\/schema\/person\/d7133af30211381a4e4536d088384556\",\"name\":\"Pakuten Girl\",\"image\":{\"@type\":\"ImageObject\",\"@id\":\"https:\/\/pakuten.pl\/blog\/#personlogo\",\"inLanguage\":\"pl-PL\",\"url\":\"https:\/\/secure.gravatar.com\/avatar\/d3df41de2caf92e6cfded9430c2ff352?s=96&d=mm&r=g\",\"contentUrl\":\"https:\/\/secure.gravatar.com\/avatar\/d3df41de2caf92e6cfded9430c2ff352?s=96&d=mm&r=g\",\"caption\":\"Pakuten Girl\"},\"description\":\"Cze\u015b\u0107, nazywam si\u0119 Ola. Kocham Netflixa, sals\u0119, nowo\u015bci kosmetyczne i najnowsze trendy w modzie.\",\"url\":\"https:\/\/pakuten.pl\/blog\/author\/pakuten-girl\/\"}]}<\/script>\n<!-- \/ Yoast SEO plugin. -->","yoast_head_json":{"title":"Modne garnitury na wiosn\u0119 i lato 2023 - Pakuten blog","description":"Nie od dzi\u015b wiadomo \u017ce garnitury sta\u0142y si\u0119 bardzo popularn\u0105 forma na stylizacje nie tylko do biura czy na spotkanie biznesowe ale tak\u017ce na codzie\u0144, na spotkania ze znajomymi, wypady na miasto czy spacer z przyjaci\u00f3\u0142mi. Garnitury staja si\u0119 najpopularniejsz\u0105 i bardzo fajna opcja na wiele okazji jak i bez okazji. Pytanie tylko po jakie fasony garnitur\u00f3w b\u0119dziemy najcz\u0119\u015bciej si\u0119ga\u0107 i w jakich kolorach ? Zaraz postaramy si\u0119 podpowiedzie\u0107.","robots":{"index":"index","follow":"follow","max-snippet":"max-snippet:-1","max-image-preview":"max-image-preview:large","max-video-preview":"max-video-preview:-1"},"canonical":"https:\/\/pakuten.pl\/blog\/modne-garnitury-na-wiosne-i-lato-2023\/","og_locale":"pl_PL","og_type":"article","og_title":"Modne garnitury na wiosn\u0119 i lato 2023 - Pakuten blog","og_description":"Nie od dzi\u015b wiadomo \u017ce garnitury sta\u0142y si\u0119 bardzo popularn\u0105 forma na stylizacje nie tylko do biura czy na spotkanie biznesowe ale tak\u017ce na codzie\u0144, na spotkania ze znajomymi, wypady na miasto czy spacer z przyjaci\u00f3\u0142mi. Garnitury staja si\u0119 najpopularniejsz\u0105 i bardzo fajna opcja na wiele okazji jak i bez okazji. Pytanie tylko po jakie fasony garnitur\u00f3w b\u0119dziemy najcz\u0119\u015bciej si\u0119ga\u0107 i w jakich kolorach ? Zaraz postaramy si\u0119 podpowiedzie\u0107.","og_url":"https:\/\/pakuten.pl\/blog\/modne-garnitury-na-wiosne-i-lato-2023\/","og_site_name":"Pakuten blog","article_published_time":"2023-03-17T08:54:00+00:00","article_modified_time":"2023-03-15T09:34:31+00:00","og_image":[{"width":1280,"height":853,"url":"https:\/\/pakuten.pl\/blog\/wp-content\/uploads\/2023\/03\/Modne-garnitury-na-wiosne\u0328-i-lato-2023.jpg","type":"image\/jpeg"}],"twitter_card":"summary_large_image","twitter_misc":{"Napisane przez":"Pakuten Girl","Szacowany czas czytania":"3 minuty"},"schema":{"@context":"https:\/\/schema.org","@graph":[{"@type":"Organization","@id":"https:\/\/pakuten.pl\/blog\/#organization","name":"Pakuten","url":"https:\/\/pakuten.pl\/blog\/","sameAs":[],"logo":{"@type":"ImageObject","@id":"https:\/\/pakuten.pl\/blog\/#logo","inLanguage":"pl-PL","url":"http:\/\/pakuten.pl\/blog\/wp-content\/uploads\/2018\/01\/pakuten_logo.png","contentUrl":"http:\/\/pakuten.pl\/blog\/wp-content\/uploads\/2018\/01\/pakuten_logo.png","width":300,"height":120,"caption":"Pakuten"},"image":{"@id":"https:\/\/pakuten.pl\/blog\/#logo"}},{"@type":"WebSite","@id":"https:\/\/pakuten.pl\/blog\/#website","url":"https:\/\/pakuten.pl\/blog\/","name":"Pakuten blog","description":"Blog sklepu internetowego pakuten.pl","publisher":{"@id":"https:\/\/pakuten.pl\/blog\/#organization"},"potentialAction":[{"@type":"SearchAction","target":{"@type":"EntryPoint","urlTemplate":"https:\/\/pakuten.pl\/blog\/?s={search_term_string}"},"query-input":"required name=search_term_string"}],"inLanguage":"pl-PL"},{"@type":"ImageObject","@id":"https:\/\/pakuten.pl\/blog\/modne-garnitury-na-wiosne-i-lato-2023\/#primaryimage","inLanguage":"pl-PL","url":"https:\/\/pakuten.pl\/blog\/wp-content\/uploads\/2023\/03\/Modne-garnitury-na-wiosne\u0328-i-lato-2023.jpg","contentUrl":"https:\/\/pakuten.pl\/blog\/wp-content\/uploads\/2023\/03\/Modne-garnitury-na-wiosne\u0328-i-lato-2023.jpg","width":1280,"height":853},{"@type":"WebPage","@id":"https:\/\/pakuten.pl\/blog\/modne-garnitury-na-wiosne-i-lato-2023\/#webpage","url":"https:\/\/pakuten.pl\/blog\/modne-garnitury-na-wiosne-i-lato-2023\/","name":"Modne garnitury na wiosn\u0119 i lato 2023 - Pakuten blog","isPartOf":{"@id":"https:\/\/pakuten.pl\/blog\/#website"},"primaryImageOfPage":{"@id":"https:\/\/pakuten.pl\/blog\/modne-garnitury-na-wiosne-i-lato-2023\/#primaryimage"},"datePublished":"2023-03-17T08:54:00+00:00","dateModified":"2023-03-15T09:34:31+00:00","description":"Nie od dzi\u015b wiadomo \u017ce garnitury sta\u0142y si\u0119 bardzo popularn\u0105 forma na stylizacje nie tylko do biura czy na spotkanie biznesowe ale tak\u017ce na codzie\u0144, na spotkania ze znajomymi, wypady na miasto czy spacer z przyjaci\u00f3\u0142mi. Garnitury staja si\u0119 najpopularniejsz\u0105 i bardzo fajna opcja na wiele okazji jak i bez okazji. Pytanie tylko po jakie fasony garnitur\u00f3w b\u0119dziemy najcz\u0119\u015bciej si\u0119ga\u0107 i w jakich kolorach ? Zaraz postaramy si\u0119 podpowiedzie\u0107.","breadcrumb":{"@id":"https:\/\/pakuten.pl\/blog\/modne-garnitury-na-wiosne-i-lato-2023\/#breadcrumb"},"inLanguage":"pl-PL","potentialAction":[{"@type":"ReadAction","target":["https:\/\/pakuten.pl\/blog\/modne-garnitury-na-wiosne-i-lato-2023\/"]}]},{"@type":"BreadcrumbList","@id":"https:\/\/pakuten.pl\/blog\/modne-garnitury-na-wiosne-i-lato-2023\/#breadcrumb","itemListElement":[{"@type":"ListItem","position":1,"name":"Strona g\u0142\u00f3wna","item":"https:\/\/pakuten.pl\/blog\/"},{"@type":"ListItem","position":2,"name":"Modne garnitury na wiosn\u0119 i lato 2023"}]},{"@type":"Article","@id":"https:\/\/pakuten.pl\/blog\/modne-garnitury-na-wiosne-i-lato-2023\/#article","isPartOf":{"@id":"https:\/\/pakuten.pl\/blog\/modne-garnitury-na-wiosne-i-lato-2023\/#webpage"},"author":{"@id":"https:\/\/pakuten.pl\/blog\/#\/schema\/person\/d7133af30211381a4e4536d088384556"},"headline":"Modne garnitury na wiosn\u0119 i lato 2023","datePublished":"2023-03-17T08:54:00+00:00","dateModified":"2023-03-15T09:34:31+00:00","mainEntityOfPage":{"@id":"https:\/\/pakuten.pl\/blog\/modne-garnitury-na-wiosne-i-lato-2023\/#webpage"},"wordCount":371,"commentCount":0,"publisher":{"@id":"https:\/\/pakuten.pl\/blog\/#organization"},"image":{"@id":"https:\/\/pakuten.pl\/blog\/modne-garnitury-na-wiosne-i-lato-2023\/#primaryimage"},"thumbnailUrl":"https:\/\/pakuten.pl\/blog\/wp-content\/uploads\/2023\/03\/Modne-garnitury-na-wiosne\u0328-i-lato-2023.jpg","articleSection":["Inspirations"],"inLanguage":"pl-PL","potentialAction":[{"@type":"CommentAction","name":"Comment","target":["https:\/\/pakuten.pl\/blog\/modne-garnitury-na-wiosne-i-lato-2023\/#respond"]}]},{"@type":"Person","@id":"https:\/\/pakuten.pl\/blog\/#\/schema\/person\/d7133af30211381a4e4536d088384556","name":"Pakuten Girl","image":{"@type":"ImageObject","@id":"https:\/\/pakuten.pl\/blog\/#personlogo","inLanguage":"pl-PL","url":"https:\/\/secure.gravatar.com\/avatar\/d3df41de2caf92e6cfded9430c2ff352?s=96&d=mm&r=g","contentUrl":"https:\/\/secure.gravatar.com\/avatar\/d3df41de2caf92e6cfded9430c2ff352?s=96&d=mm&r=g","caption":"Pakuten Girl"},"description":"Cze\u015b\u0107, nazywam si\u0119 Ola. Kocham Netflixa, sals\u0119, nowo\u015bci kosmetyczne i najnowsze trendy w modzie.","url":"https:\/\/pakuten.pl\/blog\/author\/pakuten-girl\/"}]}},"_links":{"self":[{"href":"https:\/\/pakuten.pl\/blog\/wp-json\/wp\/v2\/posts\/7545"}],"collection":[{"href":"https:\/\/pakuten.pl\/blog\/wp-json\/wp\/v2\/posts"}],"about":[{"href":"https:\/\/pakuten.pl\/blog\/wp-json\/wp\/v2\/types\/post"}],"author":[{"embeddable":true,"href":"https:\/\/pakuten.pl\/blog\/wp-json\/wp\/v2\/users\/3"}],"replies":[{"embeddable":true,"href":"https:\/\/pakuten.pl\/blog\/wp-json\/wp\/v2\/comments?post=7545"}],"version-history":[{"count":2,"href":"https:\/\/pakuten.pl\/blog\/wp-json\/wp\/v2\/posts\/7545\/revisions"}],"predecessor-version":[{"id":7550,"href":"https:\/\/pakuten.pl\/blog\/wp-json\/wp\/v2\/posts\/7545\/revisions\/7550"}],"wp:featuredmedia":[{"embeddable":true,"href":"https:\/\/pakuten.pl\/blog\/wp-json\/wp\/v2\/media\/7547"}],"wp:attachment":[{"href":"https:\/\/pakuten.pl\/blog\/wp-json\/wp\/v2\/media?parent=7545"}],"wp:term":[{"taxonomy":"category","embeddable":true,"href":"https:\/\/pakuten.pl\/blog\/wp-json\/wp\/v2\/categories?post=7545"},{"taxonomy":"post_tag","embeddable":true,"href":"https:\/\/pakuten.pl\/blog\/wp-json\/wp\/v2\/tags?post=7545"}],"curies":[{"name":"wp","href":"https:\/\/api.w.org\/{rel}","templated":true}]}}