{"id":7657,"date":"2023-05-10T08:57:04","date_gmt":"2023-05-10T06:57:04","guid":{"rendered":"https:\/\/pakuten.pl\/blog\/?p=7657"},"modified":"2023-05-10T08:57:04","modified_gmt":"2023-05-10T06:57:04","slug":"kolekcja-lato-2023-hiszpania-mijas","status":"publish","type":"post","link":"https:\/\/pakuten.pl\/blog\/kolekcja-lato-2023-hiszpania-mijas\/","title":{"rendered":"Kolekcja Lato 2023    Hiszpania &#8211; Mijas"},"content":{"rendered":"\n<p><strong>Mamy maj, ten miesi\u0105c to pocz\u0105tek zaczynaj\u0105cej si\u0119 pi\u0119knej pogody, co prawda maj\u00f3wka ju\u017c za nami, ale by\u0142 to czas rozpoczynaj\u0105cego si\u0119 sezonu, wiele ludzi w\u0142a\u015bnie uwa\u017ca maj\u00f3wk\u0119 za owocne rozpocz\u0119cie sezonu letniego. Za oknem zaczyna pojawia\u0107 si\u0119 wi\u0119cej s\u0142o\u0144ca, temperatury powietrza s\u0105 coraz cieplejsze i przyjemniejsze, przyroda rodzi si\u0119 do \u017cycia i a\u017c chce si\u0119 \u017cy\u0107, jest to czas kiedy dostarczamy sobie wi\u0119cej Witaminy D3 i nasz nastr\u00f3j jest lepszy, wi\u0119cej si\u0119 u\u015bmiechamy i nabieramy si\u0142 na nadchodz\u0105ce lato, a wraz z popraw\u0105 pogody czas na zmian\u0119 garderoby. Schowaj swoje swetry i grube bluzy i wyci\u0105gnij letnie pere\u0142ki, oczywi\u015bcie nie oby\u0142o by si\u0119 bez zakup\u00f3w i nowych <span style=\"color: #ff9900;\"><a style=\"color: #ff9900;\" href=\"https:\/\/pakuten.pl\/86-ubrania\" target=\"_blank\" rel=\"noopener\">ubra\u0144<\/a><\/span> od Pakuten ! U nas ruszy\u0142a ju\u017c nowa kolekcja z Hiszpanii, kt\u00f3ra zaskakuje.<\/strong><\/p>\n<p><img loading=\"lazy\" class=\"aligncenter size-full wp-image-7662\" src=\"https:\/\/pakuten.pl\/blog\/wp-content\/uploads\/2023\/05\/2.png\" alt=\"\" width=\"960\" height=\"640\" \/><\/p>\n<h2><span style=\"color: #ff9900;\">Co znajdziemy w nowej kolekcji ?<\/span><\/h2>\n<p>W nowej kolekcji znajdziemy napewno wiele modnych print\u00f3w jak i g\u0142adkich kolor\u00f3w. W naszej kolekcji z Mijas napewno znajdziemy mn\u00f3stwo przepi\u0119knych <span style=\"color: #ff9900;\"><a style=\"color: #ff9900;\" href=\"https:\/\/pakuten.pl\/27-sukienki\" target=\"_blank\" rel=\"noopener\">sukienek<\/a><\/span>, tych d\u0142ugich jak i mini, rozkloszowanych jak i dopasowanych. Pojawi si\u0119 te\u017c du\u017co mu\u015blinowego materia\u0142u, kt\u00f3ry idealnie nadaje si\u0119 na cieplejsze dni. Znajdziesz te\u017c du\u017co komplet\u00f3w ze sp\u00f3dniczkami jak i spodenkami, du\u017co bluzek, top\u00f3w, hiszpanek, spodenek, sp\u00f3dniczek. Ka\u017cda z was znajdzie napewno co\u015b dla siebie.<\/p>\n<p><img loading=\"lazy\" class=\"aligncenter size-full wp-image-7663\" src=\"https:\/\/pakuten.pl\/blog\/wp-content\/uploads\/2023\/05\/22.png\" alt=\"\" width=\"960\" height=\"640\" \/><\/p>\n<h2><span style=\"color: #ff9900;\">Co warto kupi\u0107 z nowej kolekcji ?<\/span><\/h2>\n<p>Napewno b\u0119dzie ci\u0119\u017cko odpowiedzie\u0107 na to pytanie, ale je\u017celi zastanawiasz si\u0119 nad zakupami w naszym sklepie <span style=\"color: #ff9900;\"><a style=\"color: #ff9900;\" href=\"https:\/\/pakuten.pl\/\" target=\"_blank\" rel=\"noopener\">Pakuten.pl<\/a><\/span> to napewno pierwsze co powinna\u015b zrobi\u0107 to znale\u017a\u0107 chwil\u0119 i po\u015bwi\u0119ci\u0107 ja na porz\u0105dki w swojej szafie. Zajrzyj do swojej szafy i zr\u00f3b porz\u0105dek, zimowe rzeczy typu swetry, grube bluzy i wiele innych schowaj na wy\u017csze p\u00f3\u0142ki lub zapakuj i znie\u015b do piwnicy czy kantorka. Przejrzyj wszystkie swoje ubrania letnie i wiosenne, sprawd\u017a w jakim s\u0105 stanie i czy wszystkie b\u0119dziesz napewno nosi\u0107, je\u017celi nie to oddaj potrzebuj\u0105cym.<\/p>\n<p>A gdy ju\u017c b\u0119dziesz widzia\u0142a czego Ci brakuje i co by\u015b chcia\u0142a kupi\u0107 to proponujemy napewno sukienki mini w przepi\u0119knych wzorach te rozkloszowane lub dopasowane. Mo\u017cesz szykuje si\u0119 jaka\u015b okazja na kt\u00f3r\u0105 konieczny b\u0119dzie elegancki st\u00f3j to mo\u017ce sukienka maxi hiszpanka w twoim ulubionym kolorze ? \u015awietnie sprawdzi si\u0119 r\u00f3wnie\u017c komplet mu\u015blinowy ze sp\u00f3dniczk\u0105 lub spodenkami na wypad nad morze. Je\u017celi planujesz wyjazd na wakacje to przyda Ci si\u0119 r\u00f3wnie\u017c pareo, kt\u00f3re mamy te\u017c w swojej ofercie i napewno nie zajmie zbyt du\u017co miejsca w twojej walizce.<\/p>\n<p><img loading=\"lazy\" class=\"aligncenter size-full wp-image-7664\" src=\"https:\/\/pakuten.pl\/blog\/wp-content\/uploads\/2023\/05\/33.png\" alt=\"\" width=\"960\" height=\"383\" \/><\/p>\n<h2><span style=\"color: #ff9900;\">Pla\u017cowy styl zawsze super si\u0119 prezentuje !<\/span><\/h2>\n<p>Planujesz wakacje w ciep\u0142ych krajach i potrzebujesz wype\u0142ni\u0107 swoj\u0105 walizk\u0119 samymi pere\u0142kami ? \u017baden problem, napewno nie mo\u017ce w niej zabrakn\u0105\u0107 najpotrzebniejszych kosmetyk\u00f3w, bielizny, stroj\u00f3w k\u0105pielowych, naszego p<span style=\"color: #ff9900;\"><a style=\"color: #ff9900;\" href=\"https:\/\/pakuten.pl\/32092-71918-kwieciste-plazowe-pareo-weronii-d84-d84.html\" target=\"_blank\" rel=\"noopener\">areo pla\u017cowego<\/a><\/span>, kt\u00f3ry wyst\u0119puje w dw\u00f3ch wzorach i przepi\u0119knie podkre\u015bli twoje wdzi\u0119ki i kobieco\u015b\u0107. \u015awietnie sprawdz\u0105 si\u0119 r\u00f3wnie\u017c nasze mu\u015blinowe komplety czy sukienki, kt\u00f3re idealnie wpisuj\u0105 si\u0119 w klimat wakacyjny, nie mo\u017ce r\u00f3wnie\u017c zabrakn\u0105\u0107 naszych pi\u0119knych sukienek, tych wzorzystych jak i tych w jednym kolorze. Zabierz te\u017c kilka szort\u00f3w sp\u00f3dniczek i top\u00f3w oraz bluzek, kt\u00f3re te\u017c znajdziesz w naszych nowo\u015bciach z Mijas.<\/p>\n<p><img loading=\"lazy\" class=\"aligncenter size-full wp-image-7665\" src=\"https:\/\/pakuten.pl\/blog\/wp-content\/uploads\/2023\/05\/Bez-nazwy-1.jpg\" alt=\"\" width=\"1280\" height=\"853\" \/><\/p>\n<h2><span style=\"color: #ff9900;\">Pe\u0142nia \u015bwie\u017co\u015bci w naszych nowo\u015bciach<\/span>\u00a0<\/h2>\n<p>Nasza nowa kolekcja w\u0142a\u015bnie charakteryzuje si\u0119 pe\u0142ni\u0105 \u015bwie\u017co\u015bci, wzor\u00f3w i kobieco\u015bci na ka\u017cdym kroku. W wi\u0119kszo\u015bci w naszej kolekcji z Hiszpanii\u00a0 kr\u00f3luj\u0105 przepi\u0119kne wzory, kwiatowe , du\u017co \u015bwie\u017co\u015bci dodaje te\u017c mu\u015blin, znajdziesz te\u017c wiele g\u0142adkich materia\u0142\u00f3w w przepi\u0119knych kolorach, kt\u00f3re idealnie dopasuj\u0105 si\u0119 do letnich stylizacji na codzie\u0144 jak i na wa\u017cniejsze okazje. Nasze <span style=\"color: #ff9900;\"><a style=\"color: #ff9900;\" href=\"https:\/\/pakuten.pl\/86-ubrania\" target=\"_blank\" rel=\"noopener\">ubrania<\/a><\/span> skradn\u0105 twoje serce.<\/p>\n<p><img loading=\"lazy\" class=\"aligncenter size-full wp-image-7669\" src=\"https:\/\/pakuten.pl\/blog\/wp-content\/uploads\/2023\/05\/555.png\" alt=\"\" width=\"960\" height=\"480\" \/><\/p>\n\n\n<div class=\"kk-star-ratings kksr-auto kksr-align-right kksr-valign-bottom\"\n    data-payload='{&quot;align&quot;:&quot;right&quot;,&quot;id&quot;:&quot;7657&quot;,&quot;slug&quot;:&quot;default&quot;,&quot;valign&quot;:&quot;bottom&quot;,&quot;ignore&quot;:&quot;&quot;,&quot;reference&quot;:&quot;auto&quot;,&quot;class&quot;:&quot;&quot;,&quot;count&quot;:&quot;8&quot;,&quot;legendonly&quot;:&quot;&quot;,&quot;readonly&quot;:&quot;&quot;,&quot;score&quot;:&quot;3.1&quot;,&quot;starsonly&quot;:&quot;&quot;,&quot;best&quot;:&quot;5&quot;,&quot;gap&quot;:&quot;5&quot;,&quot;greet&quot;:&quot;Rate this post&quot;,&quot;legend&quot;:&quot;3.1\\\/5 - (8 votes)&quot;,&quot;size&quot;:&quot;24&quot;,&quot;width&quot;:&quot;87.4&quot;,&quot;_legend&quot;:&quot;{score}\\\/{best} - ({count} {votes})&quot;,&quot;font_factor&quot;:&quot;1.25&quot;}'>\n            \n<div class=\"kksr-stars\">\n    \n<div class=\"kksr-stars-inactive\">\n            <div class=\"kksr-star\" data-star=\"1\" style=\"padding-right: 5px\">\n            \n\n<div class=\"kksr-icon\" style=\"width: 24px; height: 24px;\"><\/div>\n        <\/div>\n            <div class=\"kksr-star\" data-star=\"2\" style=\"padding-right: 5px\">\n            \n\n<div class=\"kksr-icon\" style=\"width: 24px; height: 24px;\"><\/div>\n        <\/div>\n            <div class=\"kksr-star\" data-star=\"3\" style=\"padding-right: 5px\">\n            \n\n<div class=\"kksr-icon\" style=\"width: 24px; height: 24px;\"><\/div>\n        <\/div>\n            <div class=\"kksr-star\" data-star=\"4\" style=\"padding-right: 5px\">\n            \n\n<div class=\"kksr-icon\" style=\"width: 24px; height: 24px;\"><\/div>\n        <\/div>\n            <div class=\"kksr-star\" data-star=\"5\" style=\"padding-right: 5px\">\n            \n\n<div class=\"kksr-icon\" style=\"width: 24px; height: 24px;\"><\/div>\n        <\/div>\n    <\/div>\n    \n<div class=\"kksr-stars-active\" style=\"width: 87.4px;\">\n            <div class=\"kksr-star\" style=\"padding-right: 5px\">\n            \n\n<div class=\"kksr-icon\" style=\"width: 24px; height: 24px;\"><\/div>\n        <\/div>\n            <div class=\"kksr-star\" style=\"padding-right: 5px\">\n            \n\n<div class=\"kksr-icon\" style=\"width: 24px; height: 24px;\"><\/div>\n        <\/div>\n            <div class=\"kksr-star\" style=\"padding-right: 5px\">\n            \n\n<div class=\"kksr-icon\" style=\"width: 24px; height: 24px;\"><\/div>\n        <\/div>\n            <div class=\"kksr-star\" style=\"padding-right: 5px\">\n            \n\n<div class=\"kksr-icon\" style=\"width: 24px; height: 24px;\"><\/div>\n        <\/div>\n            <div class=\"kksr-star\" style=\"padding-right: 5px\">\n            \n\n<div class=\"kksr-icon\" style=\"width: 24px; height: 24px;\"><\/div>\n        <\/div>\n    <\/div>\n<\/div>\n                \n\n<div class=\"kksr-legend\" style=\"font-size: 19.2px;\">\n            3.1\/5 - (8 votes)    <\/div>\n    <\/div>\n","protected":false},"excerpt":{"rendered":"<p>Mamy maj, ten miesi\u0105c to pocz\u0105tek zaczynaj\u0105cej si\u0119 pi\u0119knej pogody, co prawda maj\u00f3wka ju\u017c za nami, ale by\u0142 to czas rozpoczynaj\u0105cego si\u0119 sezonu, wiele ludzi w\u0142a\u015bnie uwa\u017ca maj\u00f3wk\u0119 za owocne rozpocz\u0119cie sezonu letniego. Za oknem zaczyna pojawia\u0107 si\u0119 wi\u0119cej s\u0142o\u0144ca, temperatury powietrza s\u0105 coraz cieplejsze i przyjemniejsze, przyroda rodzi si\u0119 do \u017cycia i a\u017c chce si\u0119 \u017cy\u0107, jest to czas kiedy dostarczamy sobie wi\u0119cej Witaminy D3 i nasz nastr\u00f3j jest lepszy, wi\u0119cej si\u0119 u\u015bmiechamy i nabieramy si\u0142 na nadchodz\u0105ce lato, a wraz z popraw\u0105 pogody czas na zmian\u0119 garderoby. Schowaj swoje swetry i grube bluzy i wyci\u0105gnij letnie pere\u0142ki, oczywi\u015bcie nie oby\u0142o by si\u0119 bez zakup\u00f3w i nowych ubra\u0144 od Pakuten ! U nas ruszy\u0142a ju\u017c nowa kolekcja z Hiszpanii, kt\u00f3ra zaskakuje.<\/p>\n","protected":false},"author":3,"featured_media":7659,"comment_status":"open","ping_status":"open","sticky":false,"template":"","format":"standard","meta":[],"categories":[95],"tags":[],"yoast_head":"<!-- This site is optimized with the Yoast SEO plugin v18.4.1 - https:\/\/yoast.com\/wordpress\/plugins\/seo\/ -->\n<title>Kolekcja Lato 2023  Hiszpania - Mijas - Pakuten blog<\/title>\n<meta name=\"description\" content=\"Mamy maj, ten miesi\u0105c to pocz\u0105tek zaczynaj\u0105cej si\u0119 pi\u0119knej pogody, co prawda maj\u00f3wka ju\u017c za nami, ale by\u0142 to czas rozpoczynaj\u0105cego si\u0119 sezonu, wiele ludzi w\u0142a\u015bnie uwa\u017ca maj\u00f3wk\u0119 za owocne rozpocz\u0119cie sezonu letniego. Za oknem zaczyna pojawia\u0107 si\u0119 wi\u0119cej s\u0142o\u0144ca, temperatury powietrza s\u0105 coraz cieplejsze i przyjemniejsze, przyroda rodzi si\u0119 do \u017cycia i a\u017c chce si\u0119 \u017cy\u0107, jest to czas kiedy dostarczamy sobie wi\u0119cej Witaminy D3 i nasz nastr\u00f3j jest lepszy, wi\u0119cej si\u0119 u\u015bmiechamy i nabieramy si\u0142 na nadchodz\u0105ce lato, a wraz z popraw\u0105 pogody czas na zmian\u0119 garderoby. Schowaj swoje swetry i grube bluzy i wyci\u0105gnij letnie pere\u0142ki, oczywi\u015bcie nie oby\u0142o by si\u0119 bez zakup\u00f3w i nowych ubra\u0144 od Pakuten ! U nas ruszy\u0142a ju\u017c nowa kolekcja z Hiszpanii, kt\u00f3ra zaskakuje.\" \/>\n<meta name=\"robots\" content=\"index, follow, max-snippet:-1, max-image-preview:large, max-video-preview:-1\" \/>\n<link rel=\"canonical\" href=\"https:\/\/pakuten.pl\/blog\/kolekcja-lato-2023-hiszpania-mijas\/\" \/>\n<meta property=\"og:locale\" content=\"pl_PL\" \/>\n<meta property=\"og:type\" content=\"article\" \/>\n<meta property=\"og:title\" content=\"Kolekcja Lato 2023  Hiszpania - Mijas - Pakuten blog\" \/>\n<meta property=\"og:description\" content=\"Mamy maj, ten miesi\u0105c to pocz\u0105tek zaczynaj\u0105cej si\u0119 pi\u0119knej pogody, co prawda maj\u00f3wka ju\u017c za nami, ale by\u0142 to czas rozpoczynaj\u0105cego si\u0119 sezonu, wiele ludzi w\u0142a\u015bnie uwa\u017ca maj\u00f3wk\u0119 za owocne rozpocz\u0119cie sezonu letniego. Za oknem zaczyna pojawia\u0107 si\u0119 wi\u0119cej s\u0142o\u0144ca, temperatury powietrza s\u0105 coraz cieplejsze i przyjemniejsze, przyroda rodzi si\u0119 do \u017cycia i a\u017c chce si\u0119 \u017cy\u0107, jest to czas kiedy dostarczamy sobie wi\u0119cej Witaminy D3 i nasz nastr\u00f3j jest lepszy, wi\u0119cej si\u0119 u\u015bmiechamy i nabieramy si\u0142 na nadchodz\u0105ce lato, a wraz z popraw\u0105 pogody czas na zmian\u0119 garderoby. Schowaj swoje swetry i grube bluzy i wyci\u0105gnij letnie pere\u0142ki, oczywi\u015bcie nie oby\u0142o by si\u0119 bez zakup\u00f3w i nowych ubra\u0144 od Pakuten ! U nas ruszy\u0142a ju\u017c nowa kolekcja z Hiszpanii, kt\u00f3ra zaskakuje.\" \/>\n<meta property=\"og:url\" content=\"https:\/\/pakuten.pl\/blog\/kolekcja-lato-2023-hiszpania-mijas\/\" \/>\n<meta property=\"og:site_name\" content=\"Pakuten blog\" \/>\n<meta property=\"article:published_time\" content=\"2023-05-10T06:57:04+00:00\" \/>\n<meta property=\"og:image\" content=\"https:\/\/pakuten.pl\/blog\/wp-content\/uploads\/2023\/05\/Kolekcja-Lato-2023-Hiszpania-Mijas-.jpg\" \/>\n\t<meta property=\"og:image:width\" content=\"1280\" \/>\n\t<meta property=\"og:image:height\" content=\"853\" \/>\n\t<meta property=\"og:image:type\" content=\"image\/jpeg\" \/>\n<meta name=\"twitter:card\" content=\"summary_large_image\" \/>\n<meta name=\"twitter:label1\" content=\"Napisane przez\" \/>\n\t<meta name=\"twitter:data1\" content=\"Pakuten Girl\" \/>\n\t<meta name=\"twitter:label2\" content=\"Szacowany czas czytania\" \/>\n\t<meta name=\"twitter:data2\" content=\"5 minut\" \/>\n<script type=\"application\/ld+json\" class=\"yoast-schema-graph\">{\"@context\":\"https:\/\/schema.org\",\"@graph\":[{\"@type\":\"Organization\",\"@id\":\"https:\/\/pakuten.pl\/blog\/#organization\",\"name\":\"Pakuten\",\"url\":\"https:\/\/pakuten.pl\/blog\/\",\"sameAs\":[],\"logo\":{\"@type\":\"ImageObject\",\"@id\":\"https:\/\/pakuten.pl\/blog\/#logo\",\"inLanguage\":\"pl-PL\",\"url\":\"http:\/\/pakuten.pl\/blog\/wp-content\/uploads\/2018\/01\/pakuten_logo.png\",\"contentUrl\":\"http:\/\/pakuten.pl\/blog\/wp-content\/uploads\/2018\/01\/pakuten_logo.png\",\"width\":300,\"height\":120,\"caption\":\"Pakuten\"},\"image\":{\"@id\":\"https:\/\/pakuten.pl\/blog\/#logo\"}},{\"@type\":\"WebSite\",\"@id\":\"https:\/\/pakuten.pl\/blog\/#website\",\"url\":\"https:\/\/pakuten.pl\/blog\/\",\"name\":\"Pakuten blog\",\"description\":\"Blog sklepu internetowego pakuten.pl\",\"publisher\":{\"@id\":\"https:\/\/pakuten.pl\/blog\/#organization\"},\"potentialAction\":[{\"@type\":\"SearchAction\",\"target\":{\"@type\":\"EntryPoint\",\"urlTemplate\":\"https:\/\/pakuten.pl\/blog\/?s={search_term_string}\"},\"query-input\":\"required name=search_term_string\"}],\"inLanguage\":\"pl-PL\"},{\"@type\":\"ImageObject\",\"@id\":\"https:\/\/pakuten.pl\/blog\/kolekcja-lato-2023-hiszpania-mijas\/#primaryimage\",\"inLanguage\":\"pl-PL\",\"url\":\"https:\/\/pakuten.pl\/blog\/wp-content\/uploads\/2023\/05\/Kolekcja-Lato-2023-Hiszpania-Mijas-.jpg\",\"contentUrl\":\"https:\/\/pakuten.pl\/blog\/wp-content\/uploads\/2023\/05\/Kolekcja-Lato-2023-Hiszpania-Mijas-.jpg\",\"width\":1280,\"height\":853},{\"@type\":\"WebPage\",\"@id\":\"https:\/\/pakuten.pl\/blog\/kolekcja-lato-2023-hiszpania-mijas\/#webpage\",\"url\":\"https:\/\/pakuten.pl\/blog\/kolekcja-lato-2023-hiszpania-mijas\/\",\"name\":\"Kolekcja Lato 2023 Hiszpania - Mijas - Pakuten blog\",\"isPartOf\":{\"@id\":\"https:\/\/pakuten.pl\/blog\/#website\"},\"primaryImageOfPage\":{\"@id\":\"https:\/\/pakuten.pl\/blog\/kolekcja-lato-2023-hiszpania-mijas\/#primaryimage\"},\"datePublished\":\"2023-05-10T06:57:04+00:00\",\"dateModified\":\"2023-05-10T06:57:04+00:00\",\"description\":\"Mamy maj, ten miesi\u0105c to pocz\u0105tek zaczynaj\u0105cej si\u0119 pi\u0119knej pogody, co prawda maj\u00f3wka ju\u017c za nami, ale by\u0142 to czas rozpoczynaj\u0105cego si\u0119 sezonu, wiele ludzi w\u0142a\u015bnie uwa\u017ca maj\u00f3wk\u0119 za owocne rozpocz\u0119cie sezonu letniego. Za oknem zaczyna pojawia\u0107 si\u0119 wi\u0119cej s\u0142o\u0144ca, temperatury powietrza s\u0105 coraz cieplejsze i przyjemniejsze, przyroda rodzi si\u0119 do \u017cycia i a\u017c chce si\u0119 \u017cy\u0107, jest to czas kiedy dostarczamy sobie wi\u0119cej Witaminy D3 i nasz nastr\u00f3j jest lepszy, wi\u0119cej si\u0119 u\u015bmiechamy i nabieramy si\u0142 na nadchodz\u0105ce lato, a wraz z popraw\u0105 pogody czas na zmian\u0119 garderoby. Schowaj swoje swetry i grube bluzy i wyci\u0105gnij letnie pere\u0142ki, oczywi\u015bcie nie oby\u0142o by si\u0119 bez zakup\u00f3w i nowych ubra\u0144 od Pakuten ! U nas ruszy\u0142a ju\u017c nowa kolekcja z Hiszpanii, kt\u00f3ra zaskakuje.\",\"breadcrumb\":{\"@id\":\"https:\/\/pakuten.pl\/blog\/kolekcja-lato-2023-hiszpania-mijas\/#breadcrumb\"},\"inLanguage\":\"pl-PL\",\"potentialAction\":[{\"@type\":\"ReadAction\",\"target\":[\"https:\/\/pakuten.pl\/blog\/kolekcja-lato-2023-hiszpania-mijas\/\"]}]},{\"@type\":\"BreadcrumbList\",\"@id\":\"https:\/\/pakuten.pl\/blog\/kolekcja-lato-2023-hiszpania-mijas\/#breadcrumb\",\"itemListElement\":[{\"@type\":\"ListItem\",\"position\":1,\"name\":\"Strona g\u0142\u00f3wna\",\"item\":\"https:\/\/pakuten.pl\/blog\/\"},{\"@type\":\"ListItem\",\"position\":2,\"name\":\"Kolekcja Lato 2023 Hiszpania &#8211; Mijas\"}]},{\"@type\":\"Article\",\"@id\":\"https:\/\/pakuten.pl\/blog\/kolekcja-lato-2023-hiszpania-mijas\/#article\",\"isPartOf\":{\"@id\":\"https:\/\/pakuten.pl\/blog\/kolekcja-lato-2023-hiszpania-mijas\/#webpage\"},\"author\":{\"@id\":\"https:\/\/pakuten.pl\/blog\/#\/schema\/person\/d7133af30211381a4e4536d088384556\"},\"headline\":\"Kolekcja Lato 2023 Hiszpania &#8211; Mijas\",\"datePublished\":\"2023-05-10T06:57:04+00:00\",\"dateModified\":\"2023-05-10T06:57:04+00:00\",\"mainEntityOfPage\":{\"@id\":\"https:\/\/pakuten.pl\/blog\/kolekcja-lato-2023-hiszpania-mijas\/#webpage\"},\"wordCount\":655,\"commentCount\":0,\"publisher\":{\"@id\":\"https:\/\/pakuten.pl\/blog\/#organization\"},\"image\":{\"@id\":\"https:\/\/pakuten.pl\/blog\/kolekcja-lato-2023-hiszpania-mijas\/#primaryimage\"},\"thumbnailUrl\":\"https:\/\/pakuten.pl\/blog\/wp-content\/uploads\/2023\/05\/Kolekcja-Lato-2023-Hiszpania-Mijas-.jpg\",\"articleSection\":[\"Lookbook\"],\"inLanguage\":\"pl-PL\",\"potentialAction\":[{\"@type\":\"CommentAction\",\"name\":\"Comment\",\"target\":[\"https:\/\/pakuten.pl\/blog\/kolekcja-lato-2023-hiszpania-mijas\/#respond\"]}]},{\"@type\":\"Person\",\"@id\":\"https:\/\/pakuten.pl\/blog\/#\/schema\/person\/d7133af30211381a4e4536d088384556\",\"name\":\"Pakuten Girl\",\"image\":{\"@type\":\"ImageObject\",\"@id\":\"https:\/\/pakuten.pl\/blog\/#personlogo\",\"inLanguage\":\"pl-PL\",\"url\":\"https:\/\/secure.gravatar.com\/avatar\/d3df41de2caf92e6cfded9430c2ff352?s=96&d=mm&r=g\",\"contentUrl\":\"https:\/\/secure.gravatar.com\/avatar\/d3df41de2caf92e6cfded9430c2ff352?s=96&d=mm&r=g\",\"caption\":\"Pakuten Girl\"},\"description\":\"Cze\u015b\u0107, nazywam si\u0119 Ola. Kocham Netflixa, sals\u0119, nowo\u015bci kosmetyczne i najnowsze trendy w modzie.\",\"url\":\"https:\/\/pakuten.pl\/blog\/author\/pakuten-girl\/\"}]}<\/script>\n<!-- \/ Yoast SEO plugin. -->","yoast_head_json":{"title":"Kolekcja Lato 2023  Hiszpania - Mijas - Pakuten blog","description":"Mamy maj, ten miesi\u0105c to pocz\u0105tek zaczynaj\u0105cej si\u0119 pi\u0119knej pogody, co prawda maj\u00f3wka ju\u017c za nami, ale by\u0142 to czas rozpoczynaj\u0105cego si\u0119 sezonu, wiele ludzi w\u0142a\u015bnie uwa\u017ca maj\u00f3wk\u0119 za owocne rozpocz\u0119cie sezonu letniego. Za oknem zaczyna pojawia\u0107 si\u0119 wi\u0119cej s\u0142o\u0144ca, temperatury powietrza s\u0105 coraz cieplejsze i przyjemniejsze, przyroda rodzi si\u0119 do \u017cycia i a\u017c chce si\u0119 \u017cy\u0107, jest to czas kiedy dostarczamy sobie wi\u0119cej Witaminy D3 i nasz nastr\u00f3j jest lepszy, wi\u0119cej si\u0119 u\u015bmiechamy i nabieramy si\u0142 na nadchodz\u0105ce lato, a wraz z popraw\u0105 pogody czas na zmian\u0119 garderoby. Schowaj swoje swetry i grube bluzy i wyci\u0105gnij letnie pere\u0142ki, oczywi\u015bcie nie oby\u0142o by si\u0119 bez zakup\u00f3w i nowych ubra\u0144 od Pakuten ! U nas ruszy\u0142a ju\u017c nowa kolekcja z Hiszpanii, kt\u00f3ra zaskakuje.","robots":{"index":"index","follow":"follow","max-snippet":"max-snippet:-1","max-image-preview":"max-image-preview:large","max-video-preview":"max-video-preview:-1"},"canonical":"https:\/\/pakuten.pl\/blog\/kolekcja-lato-2023-hiszpania-mijas\/","og_locale":"pl_PL","og_type":"article","og_title":"Kolekcja Lato 2023  Hiszpania - Mijas - Pakuten blog","og_description":"Mamy maj, ten miesi\u0105c to pocz\u0105tek zaczynaj\u0105cej si\u0119 pi\u0119knej pogody, co prawda maj\u00f3wka ju\u017c za nami, ale by\u0142 to czas rozpoczynaj\u0105cego si\u0119 sezonu, wiele ludzi w\u0142a\u015bnie uwa\u017ca maj\u00f3wk\u0119 za owocne rozpocz\u0119cie sezonu letniego. Za oknem zaczyna pojawia\u0107 si\u0119 wi\u0119cej s\u0142o\u0144ca, temperatury powietrza s\u0105 coraz cieplejsze i przyjemniejsze, przyroda rodzi si\u0119 do \u017cycia i a\u017c chce si\u0119 \u017cy\u0107, jest to czas kiedy dostarczamy sobie wi\u0119cej Witaminy D3 i nasz nastr\u00f3j jest lepszy, wi\u0119cej si\u0119 u\u015bmiechamy i nabieramy si\u0142 na nadchodz\u0105ce lato, a wraz z popraw\u0105 pogody czas na zmian\u0119 garderoby. Schowaj swoje swetry i grube bluzy i wyci\u0105gnij letnie pere\u0142ki, oczywi\u015bcie nie oby\u0142o by si\u0119 bez zakup\u00f3w i nowych ubra\u0144 od Pakuten ! U nas ruszy\u0142a ju\u017c nowa kolekcja z Hiszpanii, kt\u00f3ra zaskakuje.","og_url":"https:\/\/pakuten.pl\/blog\/kolekcja-lato-2023-hiszpania-mijas\/","og_site_name":"Pakuten blog","article_published_time":"2023-05-10T06:57:04+00:00","og_image":[{"width":1280,"height":853,"url":"https:\/\/pakuten.pl\/blog\/wp-content\/uploads\/2023\/05\/Kolekcja-Lato-2023-Hiszpania-Mijas-.jpg","type":"image\/jpeg"}],"twitter_card":"summary_large_image","twitter_misc":{"Napisane przez":"Pakuten Girl","Szacowany czas czytania":"5 minut"},"schema":{"@context":"https:\/\/schema.org","@graph":[{"@type":"Organization","@id":"https:\/\/pakuten.pl\/blog\/#organization","name":"Pakuten","url":"https:\/\/pakuten.pl\/blog\/","sameAs":[],"logo":{"@type":"ImageObject","@id":"https:\/\/pakuten.pl\/blog\/#logo","inLanguage":"pl-PL","url":"http:\/\/pakuten.pl\/blog\/wp-content\/uploads\/2018\/01\/pakuten_logo.png","contentUrl":"http:\/\/pakuten.pl\/blog\/wp-content\/uploads\/2018\/01\/pakuten_logo.png","width":300,"height":120,"caption":"Pakuten"},"image":{"@id":"https:\/\/pakuten.pl\/blog\/#logo"}},{"@type":"WebSite","@id":"https:\/\/pakuten.pl\/blog\/#website","url":"https:\/\/pakuten.pl\/blog\/","name":"Pakuten blog","description":"Blog sklepu internetowego pakuten.pl","publisher":{"@id":"https:\/\/pakuten.pl\/blog\/#organization"},"potentialAction":[{"@type":"SearchAction","target":{"@type":"EntryPoint","urlTemplate":"https:\/\/pakuten.pl\/blog\/?s={search_term_string}"},"query-input":"required name=search_term_string"}],"inLanguage":"pl-PL"},{"@type":"ImageObject","@id":"https:\/\/pakuten.pl\/blog\/kolekcja-lato-2023-hiszpania-mijas\/#primaryimage","inLanguage":"pl-PL","url":"https:\/\/pakuten.pl\/blog\/wp-content\/uploads\/2023\/05\/Kolekcja-Lato-2023-Hiszpania-Mijas-.jpg","contentUrl":"https:\/\/pakuten.pl\/blog\/wp-content\/uploads\/2023\/05\/Kolekcja-Lato-2023-Hiszpania-Mijas-.jpg","width":1280,"height":853},{"@type":"WebPage","@id":"https:\/\/pakuten.pl\/blog\/kolekcja-lato-2023-hiszpania-mijas\/#webpage","url":"https:\/\/pakuten.pl\/blog\/kolekcja-lato-2023-hiszpania-mijas\/","name":"Kolekcja Lato 2023 Hiszpania - Mijas - Pakuten blog","isPartOf":{"@id":"https:\/\/pakuten.pl\/blog\/#website"},"primaryImageOfPage":{"@id":"https:\/\/pakuten.pl\/blog\/kolekcja-lato-2023-hiszpania-mijas\/#primaryimage"},"datePublished":"2023-05-10T06:57:04+00:00","dateModified":"2023-05-10T06:57:04+00:00","description":"Mamy maj, ten miesi\u0105c to pocz\u0105tek zaczynaj\u0105cej si\u0119 pi\u0119knej pogody, co prawda maj\u00f3wka ju\u017c za nami, ale by\u0142 to czas rozpoczynaj\u0105cego si\u0119 sezonu, wiele ludzi w\u0142a\u015bnie uwa\u017ca maj\u00f3wk\u0119 za owocne rozpocz\u0119cie sezonu letniego. Za oknem zaczyna pojawia\u0107 si\u0119 wi\u0119cej s\u0142o\u0144ca, temperatury powietrza s\u0105 coraz cieplejsze i przyjemniejsze, przyroda rodzi si\u0119 do \u017cycia i a\u017c chce si\u0119 \u017cy\u0107, jest to czas kiedy dostarczamy sobie wi\u0119cej Witaminy D3 i nasz nastr\u00f3j jest lepszy, wi\u0119cej si\u0119 u\u015bmiechamy i nabieramy si\u0142 na nadchodz\u0105ce lato, a wraz z popraw\u0105 pogody czas na zmian\u0119 garderoby. Schowaj swoje swetry i grube bluzy i wyci\u0105gnij letnie pere\u0142ki, oczywi\u015bcie nie oby\u0142o by si\u0119 bez zakup\u00f3w i nowych ubra\u0144 od Pakuten ! U nas ruszy\u0142a ju\u017c nowa kolekcja z Hiszpanii, kt\u00f3ra zaskakuje.","breadcrumb":{"@id":"https:\/\/pakuten.pl\/blog\/kolekcja-lato-2023-hiszpania-mijas\/#breadcrumb"},"inLanguage":"pl-PL","potentialAction":[{"@type":"ReadAction","target":["https:\/\/pakuten.pl\/blog\/kolekcja-lato-2023-hiszpania-mijas\/"]}]},{"@type":"BreadcrumbList","@id":"https:\/\/pakuten.pl\/blog\/kolekcja-lato-2023-hiszpania-mijas\/#breadcrumb","itemListElement":[{"@type":"ListItem","position":1,"name":"Strona g\u0142\u00f3wna","item":"https:\/\/pakuten.pl\/blog\/"},{"@type":"ListItem","position":2,"name":"Kolekcja Lato 2023 Hiszpania &#8211; Mijas"}]},{"@type":"Article","@id":"https:\/\/pakuten.pl\/blog\/kolekcja-lato-2023-hiszpania-mijas\/#article","isPartOf":{"@id":"https:\/\/pakuten.pl\/blog\/kolekcja-lato-2023-hiszpania-mijas\/#webpage"},"author":{"@id":"https:\/\/pakuten.pl\/blog\/#\/schema\/person\/d7133af30211381a4e4536d088384556"},"headline":"Kolekcja Lato 2023 Hiszpania &#8211; Mijas","datePublished":"2023-05-10T06:57:04+00:00","dateModified":"2023-05-10T06:57:04+00:00","mainEntityOfPage":{"@id":"https:\/\/pakuten.pl\/blog\/kolekcja-lato-2023-hiszpania-mijas\/#webpage"},"wordCount":655,"commentCount":0,"publisher":{"@id":"https:\/\/pakuten.pl\/blog\/#organization"},"image":{"@id":"https:\/\/pakuten.pl\/blog\/kolekcja-lato-2023-hiszpania-mijas\/#primaryimage"},"thumbnailUrl":"https:\/\/pakuten.pl\/blog\/wp-content\/uploads\/2023\/05\/Kolekcja-Lato-2023-Hiszpania-Mijas-.jpg","articleSection":["Lookbook"],"inLanguage":"pl-PL","potentialAction":[{"@type":"CommentAction","name":"Comment","target":["https:\/\/pakuten.pl\/blog\/kolekcja-lato-2023-hiszpania-mijas\/#respond"]}]},{"@type":"Person","@id":"https:\/\/pakuten.pl\/blog\/#\/schema\/person\/d7133af30211381a4e4536d088384556","name":"Pakuten Girl","image":{"@type":"ImageObject","@id":"https:\/\/pakuten.pl\/blog\/#personlogo","inLanguage":"pl-PL","url":"https:\/\/secure.gravatar.com\/avatar\/d3df41de2caf92e6cfded9430c2ff352?s=96&d=mm&r=g","contentUrl":"https:\/\/secure.gravatar.com\/avatar\/d3df41de2caf92e6cfded9430c2ff352?s=96&d=mm&r=g","caption":"Pakuten Girl"},"description":"Cze\u015b\u0107, nazywam si\u0119 Ola. Kocham Netflixa, sals\u0119, nowo\u015bci kosmetyczne i najnowsze trendy w modzie.","url":"https:\/\/pakuten.pl\/blog\/author\/pakuten-girl\/"}]}},"_links":{"self":[{"href":"https:\/\/pakuten.pl\/blog\/wp-json\/wp\/v2\/posts\/7657"}],"collection":[{"href":"https:\/\/pakuten.pl\/blog\/wp-json\/wp\/v2\/posts"}],"about":[{"href":"https:\/\/pakuten.pl\/blog\/wp-json\/wp\/v2\/types\/post"}],"author":[{"embeddable":true,"href":"https:\/\/pakuten.pl\/blog\/wp-json\/wp\/v2\/users\/3"}],"replies":[{"embeddable":true,"href":"https:\/\/pakuten.pl\/blog\/wp-json\/wp\/v2\/comments?post=7657"}],"version-history":[{"count":4,"href":"https:\/\/pakuten.pl\/blog\/wp-json\/wp\/v2\/posts\/7657\/revisions"}],"predecessor-version":[{"id":7670,"href":"https:\/\/pakuten.pl\/blog\/wp-json\/wp\/v2\/posts\/7657\/revisions\/7670"}],"wp:featuredmedia":[{"embeddable":true,"href":"https:\/\/pakuten.pl\/blog\/wp-json\/wp\/v2\/media\/7659"}],"wp:attachment":[{"href":"https:\/\/pakuten.pl\/blog\/wp-json\/wp\/v2\/media?parent=7657"}],"wp:term":[{"taxonomy":"category","embeddable":true,"href":"https:\/\/pakuten.pl\/blog\/wp-json\/wp\/v2\/categories?post=7657"},{"taxonomy":"post_tag","embeddable":true,"href":"https:\/\/pakuten.pl\/blog\/wp-json\/wp\/v2\/tags?post=7657"}],"curies":[{"name":"wp","href":"https:\/\/api.w.org\/{rel}","templated":true}]}}